{"id":1413,"date":"2024-03-23T13:50:20","date_gmt":"2024-03-23T12:50:20","guid":{"rendered":"https:\/\/www.presseinvestigation.com\/?p=1413"},"modified":"2024-03-23T13:55:39","modified_gmt":"2024-03-23T12:55:39","slug":"guinee-il-faut-reevaluer-les-retraites-gouvernementales-par-madiba-kaba","status":"publish","type":"post","link":"https:\/\/www.presseinvestigation.com\/index.php\/2024\/03\/23\/guinee-il-faut-reevaluer-les-retraites-gouvernementales-par-madiba-kaba\/","title":{"rendered":"Guin\u00e9e: il faut R\u00e9\u00e9valuer les Retraites Gouvernementales ( par Madiba KABA)"},"content":{"rendered":"\n<p>Depuis des d\u00e9cennies, les retraites gouvernementales isol\u00e9es ont \u00e9t\u00e9 une pratique courante en Guin\u00e9e, avec l&#8217;intention affich\u00e9e de favoriser des d\u00e9lib\u00e9rations approfondies loin des distractions de la capitale. Cependant, alors que le gouvernement actuel sous Bah Oury s&#8217;engage dans une telle retraite au camp militaire de Kalako \u00e0 Forecariah, il est imp\u00e9ratif de r\u00e9\u00e9valuer cette approche traditionnelle et d&#8217;en exiger davantage en termes de transparence et d&#8217;efficacit\u00e9.<\/p>\n\n\n\n<p>L&#8217;histoire nous enseigne que ces retraites ne sont pas nouvelles. Depuis le gouvernement de Mohamed B\u00e9avogui jusqu&#8217;\u00e0 celui de Lansana Kouyat\u00e9, plusieurs administrations ont opt\u00e9 pour cette m\u00e9thode de travail. Cependant, malgr\u00e9 cette tradition bien ancr\u00e9e, il est temps de remettre en question l&#8217;efficacit\u00e9 r\u00e9elle de ces s\u00e9ances.<\/p>\n\n\n\n<p>Les critiques soulignent \u00e0 juste titre le manque de r\u00e9sultats tangibles d\u00e9coulant de ces retraites gouvernementales. Les citoyens guin\u00e9ens s&#8217;interrogent l\u00e9gitimement sur la pertinence de ces s\u00e9ances isol\u00e9es par rapport aux d\u00e9fis concrets auxquels le pays est confront\u00e9. Avec une insistance croissante sur la responsabilit\u00e9 et la redevabilit\u00e9, il est essentiel que le gouvernement r\u00e9ponde \u00e0 ces pr\u00e9occupations l\u00e9gitimes.<\/p>\n\n\n\n<p>Premi\u00e8rement, la transparence doit \u00eatre au c\u0153ur de ces retraites. Les citoyens ont le droit de savoir ce qui se passe lors de ces d\u00e9lib\u00e9rations et quelles d\u00e9cisions sont prises en leur nom. Les gouvernements successifs doivent s&#8217;engager \u00e0 rendre compte de mani\u00e8re exhaustive des discussions et des r\u00e9sultats de ces sessions, \u00e9liminant ainsi tout soup\u00e7on de secret ou d&#8217;opacit\u00e9.<\/p>\n\n\n\n<p>Deuxi\u00e8mement, il est temps d&#8217;\u00e9valuer s\u00e9rieusement l&#8217;impact de ces retraites sur la gouvernance et le d\u00e9veloppement national. Les s\u00e9ances de travail isol\u00e9es peuvent-elles r\u00e9ellement r\u00e9soudre les probl\u00e8mes structurels auxquels la Guin\u00e9e est confront\u00e9e? Les d\u00e9cisions prises lors de ces retraites ont-elles un r\u00e9el impact sur la vie quotidienne des citoyens? Ces questions n\u00e9cessitent une \u00e9valuation rigoureuse et transparente.<\/p>\n\n\n\n<p>En fin de compte, la tenue de retraites gouvernementales ne devrait pas \u00eatre une tradition sans fondement. Au contraire, elle devrait \u00eatre justifi\u00e9e par des r\u00e9sultats concrets et d\u00e9montrer clairement comment ces s\u00e9ances contribuent \u00e0 l&#8217;avancement des int\u00e9r\u00eats du peuple guin\u00e9en. En r\u00e9\u00e9valuant ces pratiques et en les rendant plus transparentes et efficaces, le gouvernement peut renforcer sa l\u00e9gitimit\u00e9 et sa capacit\u00e9 \u00e0 r\u00e9pondre aux besoins de ses citoyens. C&#8217;est l\u00e0 le v\u00e9ritable d\u00e9fi et la v\u00e9ritable opportunit\u00e9 qui se pr\u00e9sentent \u00e0 Bah Oury et \u00e0 son gouvernement.<\/p>\n","protected":false},"excerpt":{"rendered":"<p>Depuis des d\u00e9cennies, les retraites gouvernementales isol\u00e9es ont \u00e9t\u00e9 une pratique courante en Guin\u00e9e, avec l&#8217;intention affich\u00e9e de favoriser des d\u00e9lib\u00e9rations approfondies loin des distractions de la capitale. Cependant, alors que le gouvernement actuel sous Bah Oury s&#8217;engage dans une telle retraite au camp militaire de Kalako \u00e0 Forecariah, il est imp\u00e9ratif de r\u00e9\u00e9valuer cette [&hellip;]<\/p>\n","protected":false},"author":2,"featured_media":1412,"comment_status":"open","ping_status":"open","sticky":false,"template":"","format":"standard","meta":{"jnews-multi-image_gallery":[],"jnews_single_post":[],"jnews_primary_category":[],"footnotes":""},"categories":[3],"tags":[],"class_list":["post-1413","post","type-post","status-publish","format-standard","has-post-thumbnail","hentry","category-politique"],"yoast_head":"<!-- This site is optimized with the Yoast SEO plugin v27.3 - https:\/\/yoast.com\/product\/yoast-seo-wordpress\/ -->\n<title>Guin\u00e9e: il faut R\u00e9\u00e9valuer les Retraites Gouvernementales ( par Madiba KABA) - Presseinvestigation<\/title>\n<meta name=\"robots\" content=\"index, follow, max-snippet:-1, max-image-preview:large, max-video-preview:-1\" \/>\n<link rel=\"canonical\" href=\"https:\/\/www.presseinvestigation.com\/index.php\/2024\/03\/23\/guinee-il-faut-reevaluer-les-retraites-gouvernementales-par-madiba-kaba\/\" \/>\n<meta property=\"og:locale\" content=\"fr_FR\" \/>\n<meta property=\"og:type\" content=\"article\" \/>\n<meta property=\"og:title\" content=\"Guin\u00e9e: il faut R\u00e9\u00e9valuer les Retraites Gouvernementales ( par Madiba KABA) - Presseinvestigation\" \/>\n<meta property=\"og:description\" content=\"Depuis des d\u00e9cennies, les retraites gouvernementales isol\u00e9es ont \u00e9t\u00e9 une pratique courante en Guin\u00e9e, avec l&#8217;intention affich\u00e9e de favoriser des d\u00e9lib\u00e9rations approfondies loin des distractions de la capitale. Cependant, alors que le gouvernement actuel sous Bah Oury s&#8217;engage dans une telle retraite au camp militaire de Kalako \u00e0 Forecariah, il est imp\u00e9ratif de r\u00e9\u00e9valuer cette [&hellip;]\" \/>\n<meta property=\"og:url\" content=\"https:\/\/www.presseinvestigation.com\/index.php\/2024\/03\/23\/guinee-il-faut-reevaluer-les-retraites-gouvernementales-par-madiba-kaba\/\" \/>\n<meta property=\"og:site_name\" content=\"Presseinvestigation\" \/>\n<meta property=\"article:published_time\" content=\"2024-03-23T12:50:20+00:00\" \/>\n<meta property=\"article:modified_time\" content=\"2024-03-23T12:55:39+00:00\" \/>\n<meta property=\"og:image\" content=\"https:\/\/www.presseinvestigation.com\/wp-content\/uploads\/2024\/03\/IMG-20240323-WA0001-1.jpg\" \/>\n\t<meta property=\"og:image:width\" content=\"1080\" \/>\n\t<meta property=\"og:image:height\" content=\"1080\" \/>\n\t<meta property=\"og:image:type\" content=\"image\/jpeg\" \/>\n<meta name=\"author\" content=\"Presseinvestigation.com\" \/>\n<meta name=\"twitter:card\" content=\"summary_large_image\" \/>\n<meta name=\"twitter:label1\" content=\"\u00c9crit par\" \/>\n\t<meta name=\"twitter:data1\" content=\"Presseinvestigation.com\" \/>\n\t<meta name=\"twitter:label2\" content=\"Dur\u00e9e de lecture estim\u00e9e\" \/>\n\t<meta name=\"twitter:data2\" content=\"2 minutes\" \/>\n<script type=\"application\/ld+json\" class=\"yoast-schema-graph\">{\"@context\":\"https:\\\/\\\/schema.org\",\"@graph\":[{\"@type\":\"Article\",\"@id\":\"https:\\\/\\\/www.presseinvestigation.com\\\/index.php\\\/2024\\\/03\\\/23\\\/guinee-il-faut-reevaluer-les-retraites-gouvernementales-par-madiba-kaba\\\/#article\",\"isPartOf\":{\"@id\":\"https:\\\/\\\/www.presseinvestigation.com\\\/index.php\\\/2024\\\/03\\\/23\\\/guinee-il-faut-reevaluer-les-retraites-gouvernementales-par-madiba-kaba\\\/\"},\"author\":{\"name\":\"Presseinvestigation.com\",\"@id\":\"https:\\\/\\\/www.presseinvestigation.com\\\/#\\\/schema\\\/person\\\/32d023733a4a9d7c3bd6883619b8f116\"},\"headline\":\"Guin\u00e9e: il faut R\u00e9\u00e9valuer les Retraites Gouvernementales ( par Madiba KABA)\",\"datePublished\":\"2024-03-23T12:50:20+00:00\",\"dateModified\":\"2024-03-23T12:55:39+00:00\",\"mainEntityOfPage\":{\"@id\":\"https:\\\/\\\/www.presseinvestigation.com\\\/index.php\\\/2024\\\/03\\\/23\\\/guinee-il-faut-reevaluer-les-retraites-gouvernementales-par-madiba-kaba\\\/\"},\"wordCount\":455,\"commentCount\":0,\"image\":{\"@id\":\"https:\\\/\\\/www.presseinvestigation.com\\\/index.php\\\/2024\\\/03\\\/23\\\/guinee-il-faut-reevaluer-les-retraites-gouvernementales-par-madiba-kaba\\\/#primaryimage\"},\"thumbnailUrl\":\"https:\\\/\\\/www.presseinvestigation.com\\\/wp-content\\\/uploads\\\/2024\\\/03\\\/IMG-20240323-WA0001-1.jpg\",\"articleSection\":[\"Politique\"],\"inLanguage\":\"fr-FR\",\"potentialAction\":[{\"@type\":\"CommentAction\",\"name\":\"Comment\",\"target\":[\"https:\\\/\\\/www.presseinvestigation.com\\\/index.php\\\/2024\\\/03\\\/23\\\/guinee-il-faut-reevaluer-les-retraites-gouvernementales-par-madiba-kaba\\\/#respond\"]}]},{\"@type\":\"WebPage\",\"@id\":\"https:\\\/\\\/www.presseinvestigation.com\\\/index.php\\\/2024\\\/03\\\/23\\\/guinee-il-faut-reevaluer-les-retraites-gouvernementales-par-madiba-kaba\\\/\",\"url\":\"https:\\\/\\\/www.presseinvestigation.com\\\/index.php\\\/2024\\\/03\\\/23\\\/guinee-il-faut-reevaluer-les-retraites-gouvernementales-par-madiba-kaba\\\/\",\"name\":\"Guin\u00e9e: il faut R\u00e9\u00e9valuer les Retraites Gouvernementales ( par Madiba KABA) - Presseinvestigation\",\"isPartOf\":{\"@id\":\"https:\\\/\\\/www.presseinvestigation.com\\\/#website\"},\"primaryImageOfPage\":{\"@id\":\"https:\\\/\\\/www.presseinvestigation.com\\\/index.php\\\/2024\\\/03\\\/23\\\/guinee-il-faut-reevaluer-les-retraites-gouvernementales-par-madiba-kaba\\\/#primaryimage\"},\"image\":{\"@id\":\"https:\\\/\\\/www.presseinvestigation.com\\\/index.php\\\/2024\\\/03\\\/23\\\/guinee-il-faut-reevaluer-les-retraites-gouvernementales-par-madiba-kaba\\\/#primaryimage\"},\"thumbnailUrl\":\"https:\\\/\\\/www.presseinvestigation.com\\\/wp-content\\\/uploads\\\/2024\\\/03\\\/IMG-20240323-WA0001-1.jpg\",\"datePublished\":\"2024-03-23T12:50:20+00:00\",\"dateModified\":\"2024-03-23T12:55:39+00:00\",\"author\":{\"@id\":\"https:\\\/\\\/www.presseinvestigation.com\\\/#\\\/schema\\\/person\\\/32d023733a4a9d7c3bd6883619b8f116\"},\"breadcrumb\":{\"@id\":\"https:\\\/\\\/www.presseinvestigation.com\\\/index.php\\\/2024\\\/03\\\/23\\\/guinee-il-faut-reevaluer-les-retraites-gouvernementales-par-madiba-kaba\\\/#breadcrumb\"},\"inLanguage\":\"fr-FR\",\"potentialAction\":[{\"@type\":\"ReadAction\",\"target\":[\"https:\\\/\\\/www.presseinvestigation.com\\\/index.php\\\/2024\\\/03\\\/23\\\/guinee-il-faut-reevaluer-les-retraites-gouvernementales-par-madiba-kaba\\\/\"]}]},{\"@type\":\"ImageObject\",\"inLanguage\":\"fr-FR\",\"@id\":\"https:\\\/\\\/www.presseinvestigation.com\\\/index.php\\\/2024\\\/03\\\/23\\\/guinee-il-faut-reevaluer-les-retraites-gouvernementales-par-madiba-kaba\\\/#primaryimage\",\"url\":\"https:\\\/\\\/www.presseinvestigation.com\\\/wp-content\\\/uploads\\\/2024\\\/03\\\/IMG-20240323-WA0001-1.jpg\",\"contentUrl\":\"https:\\\/\\\/www.presseinvestigation.com\\\/wp-content\\\/uploads\\\/2024\\\/03\\\/IMG-20240323-WA0001-1.jpg\",\"width\":1080,\"height\":1080},{\"@type\":\"BreadcrumbList\",\"@id\":\"https:\\\/\\\/www.presseinvestigation.com\\\/index.php\\\/2024\\\/03\\\/23\\\/guinee-il-faut-reevaluer-les-retraites-gouvernementales-par-madiba-kaba\\\/#breadcrumb\",\"itemListElement\":[{\"@type\":\"ListItem\",\"position\":1,\"name\":\"Accueil\",\"item\":\"https:\\\/\\\/www.presseinvestigation.com\\\/\"},{\"@type\":\"ListItem\",\"position\":2,\"name\":\"Guin\u00e9e: il faut R\u00e9\u00e9valuer les Retraites Gouvernementales ( par Madiba KABA)\"}]},{\"@type\":\"WebSite\",\"@id\":\"https:\\\/\\\/www.presseinvestigation.com\\\/#website\",\"url\":\"https:\\\/\\\/www.presseinvestigation.com\\\/\",\"name\":\"Presseinvestigation\",\"description\":\"Informer dans l&#039;impartialit\u00e9\",\"potentialAction\":[{\"@type\":\"SearchAction\",\"target\":{\"@type\":\"EntryPoint\",\"urlTemplate\":\"https:\\\/\\\/www.presseinvestigation.com\\\/?s={search_term_string}\"},\"query-input\":{\"@type\":\"PropertyValueSpecification\",\"valueRequired\":true,\"valueName\":\"search_term_string\"}}],\"inLanguage\":\"fr-FR\"},{\"@type\":\"Person\",\"@id\":\"https:\\\/\\\/www.presseinvestigation.com\\\/#\\\/schema\\\/person\\\/32d023733a4a9d7c3bd6883619b8f116\",\"name\":\"Presseinvestigation.com\",\"image\":{\"@type\":\"ImageObject\",\"inLanguage\":\"fr-FR\",\"@id\":\"https:\\\/\\\/secure.gravatar.com\\\/avatar\\\/26f9c9e95424b0bde739ba0af37ee39a9e4a9e809967422c5b8e8573a34fbbe0?s=96&d=mm&r=g\",\"url\":\"https:\\\/\\\/secure.gravatar.com\\\/avatar\\\/26f9c9e95424b0bde739ba0af37ee39a9e4a9e809967422c5b8e8573a34fbbe0?s=96&d=mm&r=g\",\"contentUrl\":\"https:\\\/\\\/secure.gravatar.com\\\/avatar\\\/26f9c9e95424b0bde739ba0af37ee39a9e4a9e809967422c5b8e8573a34fbbe0?s=96&d=mm&r=g\",\"caption\":\"Presseinvestigation.com\"},\"url\":\"https:\\\/\\\/www.presseinvestigation.com\\\/index.php\\\/author\\\/toumany\\\/\"}]}<\/script>\n<!-- \/ Yoast SEO plugin. -->","yoast_head_json":{"title":"Guin\u00e9e: il faut R\u00e9\u00e9valuer les Retraites Gouvernementales ( par Madiba KABA) - Presseinvestigation","robots":{"index":"index","follow":"follow","max-snippet":"max-snippet:-1","max-image-preview":"max-image-preview:large","max-video-preview":"max-video-preview:-1"},"canonical":"https:\/\/www.presseinvestigation.com\/index.php\/2024\/03\/23\/guinee-il-faut-reevaluer-les-retraites-gouvernementales-par-madiba-kaba\/","og_locale":"fr_FR","og_type":"article","og_title":"Guin\u00e9e: il faut R\u00e9\u00e9valuer les Retraites Gouvernementales ( par Madiba KABA) - Presseinvestigation","og_description":"Depuis des d\u00e9cennies, les retraites gouvernementales isol\u00e9es ont \u00e9t\u00e9 une pratique courante en Guin\u00e9e, avec l&#8217;intention affich\u00e9e de favoriser des d\u00e9lib\u00e9rations approfondies loin des distractions de la capitale. Cependant, alors que le gouvernement actuel sous Bah Oury s&#8217;engage dans une telle retraite au camp militaire de Kalako \u00e0 Forecariah, il est imp\u00e9ratif de r\u00e9\u00e9valuer cette [&hellip;]","og_url":"https:\/\/www.presseinvestigation.com\/index.php\/2024\/03\/23\/guinee-il-faut-reevaluer-les-retraites-gouvernementales-par-madiba-kaba\/","og_site_name":"Presseinvestigation","article_published_time":"2024-03-23T12:50:20+00:00","article_modified_time":"2024-03-23T12:55:39+00:00","og_image":[{"width":1080,"height":1080,"url":"https:\/\/www.presseinvestigation.com\/wp-content\/uploads\/2024\/03\/IMG-20240323-WA0001-1.jpg","type":"image\/jpeg"}],"author":"Presseinvestigation.com","twitter_card":"summary_large_image","twitter_misc":{"\u00c9crit par":"Presseinvestigation.com","Dur\u00e9e de lecture estim\u00e9e":"2 minutes"},"schema":{"@context":"https:\/\/schema.org","@graph":[{"@type":"Article","@id":"https:\/\/www.presseinvestigation.com\/index.php\/2024\/03\/23\/guinee-il-faut-reevaluer-les-retraites-gouvernementales-par-madiba-kaba\/#article","isPartOf":{"@id":"https:\/\/www.presseinvestigation.com\/index.php\/2024\/03\/23\/guinee-il-faut-reevaluer-les-retraites-gouvernementales-par-madiba-kaba\/"},"author":{"name":"Presseinvestigation.com","@id":"https:\/\/www.presseinvestigation.com\/#\/schema\/person\/32d023733a4a9d7c3bd6883619b8f116"},"headline":"Guin\u00e9e: il faut R\u00e9\u00e9valuer les Retraites Gouvernementales ( par Madiba KABA)","datePublished":"2024-03-23T12:50:20+00:00","dateModified":"2024-03-23T12:55:39+00:00","mainEntityOfPage":{"@id":"https:\/\/www.presseinvestigation.com\/index.php\/2024\/03\/23\/guinee-il-faut-reevaluer-les-retraites-gouvernementales-par-madiba-kaba\/"},"wordCount":455,"commentCount":0,"image":{"@id":"https:\/\/www.presseinvestigation.com\/index.php\/2024\/03\/23\/guinee-il-faut-reevaluer-les-retraites-gouvernementales-par-madiba-kaba\/#primaryimage"},"thumbnailUrl":"https:\/\/www.presseinvestigation.com\/wp-content\/uploads\/2024\/03\/IMG-20240323-WA0001-1.jpg","articleSection":["Politique"],"inLanguage":"fr-FR","potentialAction":[{"@type":"CommentAction","name":"Comment","target":["https:\/\/www.presseinvestigation.com\/index.php\/2024\/03\/23\/guinee-il-faut-reevaluer-les-retraites-gouvernementales-par-madiba-kaba\/#respond"]}]},{"@type":"WebPage","@id":"https:\/\/www.presseinvestigation.com\/index.php\/2024\/03\/23\/guinee-il-faut-reevaluer-les-retraites-gouvernementales-par-madiba-kaba\/","url":"https:\/\/www.presseinvestigation.com\/index.php\/2024\/03\/23\/guinee-il-faut-reevaluer-les-retraites-gouvernementales-par-madiba-kaba\/","name":"Guin\u00e9e: il faut R\u00e9\u00e9valuer les Retraites Gouvernementales ( par Madiba KABA) - Presseinvestigation","isPartOf":{"@id":"https:\/\/www.presseinvestigation.com\/#website"},"primaryImageOfPage":{"@id":"https:\/\/www.presseinvestigation.com\/index.php\/2024\/03\/23\/guinee-il-faut-reevaluer-les-retraites-gouvernementales-par-madiba-kaba\/#primaryimage"},"image":{"@id":"https:\/\/www.presseinvestigation.com\/index.php\/2024\/03\/23\/guinee-il-faut-reevaluer-les-retraites-gouvernementales-par-madiba-kaba\/#primaryimage"},"thumbnailUrl":"https:\/\/www.presseinvestigation.com\/wp-content\/uploads\/2024\/03\/IMG-20240323-WA0001-1.jpg","datePublished":"2024-03-23T12:50:20+00:00","dateModified":"2024-03-23T12:55:39+00:00","author":{"@id":"https:\/\/www.presseinvestigation.com\/#\/schema\/person\/32d023733a4a9d7c3bd6883619b8f116"},"breadcrumb":{"@id":"https:\/\/www.presseinvestigation.com\/index.php\/2024\/03\/23\/guinee-il-faut-reevaluer-les-retraites-gouvernementales-par-madiba-kaba\/#breadcrumb"},"inLanguage":"fr-FR","potentialAction":[{"@type":"ReadAction","target":["https:\/\/www.presseinvestigation.com\/index.php\/2024\/03\/23\/guinee-il-faut-reevaluer-les-retraites-gouvernementales-par-madiba-kaba\/"]}]},{"@type":"ImageObject","inLanguage":"fr-FR","@id":"https:\/\/www.presseinvestigation.com\/index.php\/2024\/03\/23\/guinee-il-faut-reevaluer-les-retraites-gouvernementales-par-madiba-kaba\/#primaryimage","url":"https:\/\/www.presseinvestigation.com\/wp-content\/uploads\/2024\/03\/IMG-20240323-WA0001-1.jpg","contentUrl":"https:\/\/www.presseinvestigation.com\/wp-content\/uploads\/2024\/03\/IMG-20240323-WA0001-1.jpg","width":1080,"height":1080},{"@type":"BreadcrumbList","@id":"https:\/\/www.presseinvestigation.com\/index.php\/2024\/03\/23\/guinee-il-faut-reevaluer-les-retraites-gouvernementales-par-madiba-kaba\/#breadcrumb","itemListElement":[{"@type":"ListItem","position":1,"name":"Accueil","item":"https:\/\/www.presseinvestigation.com\/"},{"@type":"ListItem","position":2,"name":"Guin\u00e9e: il faut R\u00e9\u00e9valuer les Retraites Gouvernementales ( par Madiba KABA)"}]},{"@type":"WebSite","@id":"https:\/\/www.presseinvestigation.com\/#website","url":"https:\/\/www.presseinvestigation.com\/","name":"Presseinvestigation","description":"Informer dans l&#039;impartialit\u00e9","potentialAction":[{"@type":"SearchAction","target":{"@type":"EntryPoint","urlTemplate":"https:\/\/www.presseinvestigation.com\/?s={search_term_string}"},"query-input":{"@type":"PropertyValueSpecification","valueRequired":true,"valueName":"search_term_string"}}],"inLanguage":"fr-FR"},{"@type":"Person","@id":"https:\/\/www.presseinvestigation.com\/#\/schema\/person\/32d023733a4a9d7c3bd6883619b8f116","name":"Presseinvestigation.com","image":{"@type":"ImageObject","inLanguage":"fr-FR","@id":"https:\/\/secure.gravatar.com\/avatar\/26f9c9e95424b0bde739ba0af37ee39a9e4a9e809967422c5b8e8573a34fbbe0?s=96&d=mm&r=g","url":"https:\/\/secure.gravatar.com\/avatar\/26f9c9e95424b0bde739ba0af37ee39a9e4a9e809967422c5b8e8573a34fbbe0?s=96&d=mm&r=g","contentUrl":"https:\/\/secure.gravatar.com\/avatar\/26f9c9e95424b0bde739ba0af37ee39a9e4a9e809967422c5b8e8573a34fbbe0?s=96&d=mm&r=g","caption":"Presseinvestigation.com"},"url":"https:\/\/www.presseinvestigation.com\/index.php\/author\/toumany\/"}]}},"_links":{"self":[{"href":"https:\/\/www.presseinvestigation.com\/index.php\/wp-json\/wp\/v2\/posts\/1413","targetHints":{"allow":["GET"]}}],"collection":[{"href":"https:\/\/www.presseinvestigation.com\/index.php\/wp-json\/wp\/v2\/posts"}],"about":[{"href":"https:\/\/www.presseinvestigation.com\/index.php\/wp-json\/wp\/v2\/types\/post"}],"author":[{"embeddable":true,"href":"https:\/\/www.presseinvestigation.com\/index.php\/wp-json\/wp\/v2\/users\/2"}],"replies":[{"embeddable":true,"href":"https:\/\/www.presseinvestigation.com\/index.php\/wp-json\/wp\/v2\/comments?post=1413"}],"version-history":[{"count":1,"href":"https:\/\/www.presseinvestigation.com\/index.php\/wp-json\/wp\/v2\/posts\/1413\/revisions"}],"predecessor-version":[{"id":1414,"href":"https:\/\/www.presseinvestigation.com\/index.php\/wp-json\/wp\/v2\/posts\/1413\/revisions\/1414"}],"wp:featuredmedia":[{"embeddable":true,"href":"https:\/\/www.presseinvestigation.com\/index.php\/wp-json\/wp\/v2\/media\/1412"}],"wp:attachment":[{"href":"https:\/\/www.presseinvestigation.com\/index.php\/wp-json\/wp\/v2\/media?parent=1413"}],"wp:term":[{"taxonomy":"category","embeddable":true,"href":"https:\/\/www.presseinvestigation.com\/index.php\/wp-json\/wp\/v2\/categories?post=1413"},{"taxonomy":"post_tag","embeddable":true,"href":"https:\/\/www.presseinvestigation.com\/index.php\/wp-json\/wp\/v2\/tags?post=1413"}],"curies":[{"name":"wp","href":"https:\/\/api.w.org\/{rel}","templated":true}]}}