{"id":1416,"date":"2024-03-23T16:38:02","date_gmt":"2024-03-23T15:38:02","guid":{"rendered":"https:\/\/www.presseinvestigation.com\/?p=1416"},"modified":"2024-03-23T16:45:48","modified_gmt":"2024-03-23T15:45:48","slug":"ministere-delenvironnement-pourquoi-karim-samoura-na-pas-ete-nomme-a-la-tete-de-ce-departement","status":"publish","type":"post","link":"https:\/\/www.presseinvestigation.com\/index.php\/2024\/03\/23\/ministere-delenvironnement-pourquoi-karim-samoura-na-pas-ete-nomme-a-la-tete-de-ce-departement\/","title":{"rendered":"Minist\u00e8re del\u2019Environnement\u00a0:  Pourquoi Karim SAMOURA n\u2019a pas \u00e9t\u00e9 nomm\u00e9 \u00e0 la t\u00eate de ce D\u00e9partement\u00a0?"},"content":{"rendered":"\n<p>Apr\u00e8s la dissolution du Gouvernement de l\u2019ex premier Ministre Dr Bernard GOUMOU, les Secr\u00e9taires G\u00e9n\u00e9raux des diff\u00e9rents Minist\u00e8res ont \u00e9t\u00e9 mandat\u00e9s a g\u00e9r\u00e9 les affaires courantes. A la formation du nouveau Gouvernement mise en place avec comme chef d\u2019\u00e9quipe Amadou Oury BAH,certains Secr\u00e9taires G\u00e9n\u00e9raux devaient faire leur entr\u00e9e dans ce nouveau Gouvernement. Parmi lesquels Karim SAMOURA Secr\u00e9taire G\u00e9n\u00e9ral du Minist\u00e8re de l\u2019Environnement et du D\u00e9veloppement Durable.Si la chance a souri aux  autres. Mais Karim SAMOURA, lui, a \u00e9t\u00e9 recal\u00e9. Les raisons&nbsp;?<\/p>\n\n\n\n<p>Un dossier judiciaire p\u00e8se sur la t\u00eate de l\u2019homme (Karim SAMOURA). Il est cit\u00e9 dans un scandale de trafic de 510 conteneurs de bois de v\u00e8ne frauduleusement export\u00e9 de la Guin\u00e9e en Chine. L\u2019ex Ministre de la justice Alphonse Charles WRITH avait publi\u00e9 dans une note en date du 27 d\u00e9cembre 2023, des injonctions aux fins de poursuite contre lui, ainsi que d\u2019autres cadres relevant du Minist\u00e8re de l\u2019Environnement et du D\u00e9veloppement Durable. <\/p>\n\n\n\n<p>A la suite de cette ordonnance de Charles WRITH, l\u2019hypoth\u00e9tique placement de Karim SAMAOURA sous contr\u00f4le judiciaire par la Cour de R\u00e9pression des Infractions Economiques et Financi\u00e8res(CRIEF) avait fuit\u00e9. Mais depuis lors l\u2019affaire traine.<\/p>\n\n\n\n<p>Mais le secr\u00e9tariat permanent de la CITES (Convention sur le Commerce International Des Esp\u00e8ces sauvages de la faune et flore menac\u00e9es d\u2019Extinction) surveille strictement l\u2019\u00e9volution de ce dossier au niveau des autorit\u00e9s Administratives guin\u00e9ennes. Il vient d\u2019adresser une lettre au Pr\u00e9sident de la Transition pour lui faire part de la pr\u00e9occupation de la CITES par rapport \u00e0 la continuation des poursuites judiciaires engag\u00e9es dans ce dossier.<\/p>\n\n\n\n<p>Pour rappel, c\u2019est au mois d\u2019Ao\u00fbt 2023, la Chine a saisi la CITES de l\u2019arriv\u00e9e d\u2019une importante quantit\u00e9 de bois de v\u00e8ne sur son territoire, en provenance de la R\u00e9publique de Guin\u00e9e, sans aucun document de la CITES. Apr\u00e8s avoir fait tous les constats sur cette situation, le Secr\u00e9tariat permanent de la CITES a demand\u00e9 \u00e0 l\u2019Etat Guin\u00e9en d\u2019engager des poursuites judiciaires contre tous ceux qui sont impliqu\u00e9s dans cette magouille.<\/p>\n\n\n\n<p>Affaire \u00e0 Suivre&nbsp;!<\/p>\n\n\n\n<p>Toumany CAMARA pour presseinvestigation.com<\/p>\n","protected":false},"excerpt":{"rendered":"<p>Apr\u00e8s la dissolution du Gouvernement de l\u2019ex premier Ministre Dr Bernard GOUMOU, les Secr\u00e9taires G\u00e9n\u00e9raux des diff\u00e9rents Minist\u00e8res ont \u00e9t\u00e9 mandat\u00e9s a g\u00e9r\u00e9 les affaires courantes. A la formation du nouveau Gouvernement mise en place avec comme chef d\u2019\u00e9quipe Amadou Oury BAH,certains Secr\u00e9taires G\u00e9n\u00e9raux devaient faire leur entr\u00e9e dans ce nouveau Gouvernement. Parmi lesquels Karim [&hellip;]<\/p>\n","protected":false},"author":2,"featured_media":1415,"comment_status":"open","ping_status":"open","sticky":false,"template":"","format":"standard","meta":{"jnews-multi-image_gallery":[],"jnews_single_post":[],"jnews_primary_category":[],"footnotes":""},"categories":[67],"tags":[],"class_list":["post-1416","post","type-post","status-publish","format-standard","has-post-thumbnail","hentry","category-investigation"],"yoast_head":"<!-- This site is optimized with the Yoast SEO plugin v27.3 - https:\/\/yoast.com\/product\/yoast-seo-wordpress\/ -->\n<title>Minist\u00e8re del\u2019Environnement\u00a0: Pourquoi Karim SAMOURA n\u2019a pas \u00e9t\u00e9 nomm\u00e9 \u00e0 la t\u00eate de ce D\u00e9partement\u00a0? - Presseinvestigation<\/title>\n<meta name=\"robots\" content=\"index, follow, max-snippet:-1, max-image-preview:large, max-video-preview:-1\" \/>\n<link rel=\"canonical\" href=\"https:\/\/www.presseinvestigation.com\/index.php\/2024\/03\/23\/ministere-delenvironnement-pourquoi-karim-samoura-na-pas-ete-nomme-a-la-tete-de-ce-departement\/\" \/>\n<meta property=\"og:locale\" content=\"fr_FR\" \/>\n<meta property=\"og:type\" content=\"article\" \/>\n<meta property=\"og:title\" content=\"Minist\u00e8re del\u2019Environnement\u00a0: Pourquoi Karim SAMOURA n\u2019a pas \u00e9t\u00e9 nomm\u00e9 \u00e0 la t\u00eate de ce D\u00e9partement\u00a0? - Presseinvestigation\" \/>\n<meta property=\"og:description\" content=\"Apr\u00e8s la dissolution du Gouvernement de l\u2019ex premier Ministre Dr Bernard GOUMOU, les Secr\u00e9taires G\u00e9n\u00e9raux des diff\u00e9rents Minist\u00e8res ont \u00e9t\u00e9 mandat\u00e9s a g\u00e9r\u00e9 les affaires courantes. A la formation du nouveau Gouvernement mise en place avec comme chef d\u2019\u00e9quipe Amadou Oury BAH,certains Secr\u00e9taires G\u00e9n\u00e9raux devaient faire leur entr\u00e9e dans ce nouveau Gouvernement. Parmi lesquels Karim [&hellip;]\" \/>\n<meta property=\"og:url\" content=\"https:\/\/www.presseinvestigation.com\/index.php\/2024\/03\/23\/ministere-delenvironnement-pourquoi-karim-samoura-na-pas-ete-nomme-a-la-tete-de-ce-departement\/\" \/>\n<meta property=\"og:site_name\" content=\"Presseinvestigation\" \/>\n<meta property=\"article:published_time\" content=\"2024-03-23T15:38:02+00:00\" \/>\n<meta property=\"article:modified_time\" content=\"2024-03-23T15:45:48+00:00\" \/>\n<meta property=\"og:image\" content=\"https:\/\/www.presseinvestigation.com\/wp-content\/uploads\/2024\/03\/FB_IMG_1698512817141-1.jpg\" \/>\n\t<meta property=\"og:image:width\" content=\"954\" \/>\n\t<meta property=\"og:image:height\" content=\"876\" \/>\n\t<meta property=\"og:image:type\" content=\"image\/jpeg\" \/>\n<meta name=\"author\" content=\"Presseinvestigation.com\" \/>\n<meta name=\"twitter:card\" content=\"summary_large_image\" \/>\n<meta name=\"twitter:label1\" content=\"\u00c9crit par\" \/>\n\t<meta name=\"twitter:data1\" content=\"Presseinvestigation.com\" \/>\n\t<meta name=\"twitter:label2\" content=\"Dur\u00e9e de lecture estim\u00e9e\" \/>\n\t<meta name=\"twitter:data2\" content=\"2 minutes\" \/>\n<script type=\"application\/ld+json\" class=\"yoast-schema-graph\">{\"@context\":\"https:\\\/\\\/schema.org\",\"@graph\":[{\"@type\":\"Article\",\"@id\":\"https:\\\/\\\/www.presseinvestigation.com\\\/index.php\\\/2024\\\/03\\\/23\\\/ministere-delenvironnement-pourquoi-karim-samoura-na-pas-ete-nomme-a-la-tete-de-ce-departement\\\/#article\",\"isPartOf\":{\"@id\":\"https:\\\/\\\/www.presseinvestigation.com\\\/index.php\\\/2024\\\/03\\\/23\\\/ministere-delenvironnement-pourquoi-karim-samoura-na-pas-ete-nomme-a-la-tete-de-ce-departement\\\/\"},\"author\":{\"name\":\"Presseinvestigation.com\",\"@id\":\"https:\\\/\\\/www.presseinvestigation.com\\\/#\\\/schema\\\/person\\\/32d023733a4a9d7c3bd6883619b8f116\"},\"headline\":\"Minist\u00e8re del\u2019Environnement\u00a0: Pourquoi Karim SAMOURA n\u2019a pas \u00e9t\u00e9 nomm\u00e9 \u00e0 la t\u00eate de ce D\u00e9partement\u00a0?\",\"datePublished\":\"2024-03-23T15:38:02+00:00\",\"dateModified\":\"2024-03-23T15:45:48+00:00\",\"mainEntityOfPage\":{\"@id\":\"https:\\\/\\\/www.presseinvestigation.com\\\/index.php\\\/2024\\\/03\\\/23\\\/ministere-delenvironnement-pourquoi-karim-samoura-na-pas-ete-nomme-a-la-tete-de-ce-departement\\\/\"},\"wordCount\":413,\"commentCount\":0,\"image\":{\"@id\":\"https:\\\/\\\/www.presseinvestigation.com\\\/index.php\\\/2024\\\/03\\\/23\\\/ministere-delenvironnement-pourquoi-karim-samoura-na-pas-ete-nomme-a-la-tete-de-ce-departement\\\/#primaryimage\"},\"thumbnailUrl\":\"https:\\\/\\\/www.presseinvestigation.com\\\/wp-content\\\/uploads\\\/2024\\\/03\\\/FB_IMG_1698512817141-1.jpg\",\"articleSection\":[\"Investigation\"],\"inLanguage\":\"fr-FR\",\"potentialAction\":[{\"@type\":\"CommentAction\",\"name\":\"Comment\",\"target\":[\"https:\\\/\\\/www.presseinvestigation.com\\\/index.php\\\/2024\\\/03\\\/23\\\/ministere-delenvironnement-pourquoi-karim-samoura-na-pas-ete-nomme-a-la-tete-de-ce-departement\\\/#respond\"]}]},{\"@type\":\"WebPage\",\"@id\":\"https:\\\/\\\/www.presseinvestigation.com\\\/index.php\\\/2024\\\/03\\\/23\\\/ministere-delenvironnement-pourquoi-karim-samoura-na-pas-ete-nomme-a-la-tete-de-ce-departement\\\/\",\"url\":\"https:\\\/\\\/www.presseinvestigation.com\\\/index.php\\\/2024\\\/03\\\/23\\\/ministere-delenvironnement-pourquoi-karim-samoura-na-pas-ete-nomme-a-la-tete-de-ce-departement\\\/\",\"name\":\"Minist\u00e8re del\u2019Environnement\u00a0: Pourquoi Karim SAMOURA n\u2019a pas \u00e9t\u00e9 nomm\u00e9 \u00e0 la t\u00eate de ce D\u00e9partement\u00a0? - Presseinvestigation\",\"isPartOf\":{\"@id\":\"https:\\\/\\\/www.presseinvestigation.com\\\/#website\"},\"primaryImageOfPage\":{\"@id\":\"https:\\\/\\\/www.presseinvestigation.com\\\/index.php\\\/2024\\\/03\\\/23\\\/ministere-delenvironnement-pourquoi-karim-samoura-na-pas-ete-nomme-a-la-tete-de-ce-departement\\\/#primaryimage\"},\"image\":{\"@id\":\"https:\\\/\\\/www.presseinvestigation.com\\\/index.php\\\/2024\\\/03\\\/23\\\/ministere-delenvironnement-pourquoi-karim-samoura-na-pas-ete-nomme-a-la-tete-de-ce-departement\\\/#primaryimage\"},\"thumbnailUrl\":\"https:\\\/\\\/www.presseinvestigation.com\\\/wp-content\\\/uploads\\\/2024\\\/03\\\/FB_IMG_1698512817141-1.jpg\",\"datePublished\":\"2024-03-23T15:38:02+00:00\",\"dateModified\":\"2024-03-23T15:45:48+00:00\",\"author\":{\"@id\":\"https:\\\/\\\/www.presseinvestigation.com\\\/#\\\/schema\\\/person\\\/32d023733a4a9d7c3bd6883619b8f116\"},\"breadcrumb\":{\"@id\":\"https:\\\/\\\/www.presseinvestigation.com\\\/index.php\\\/2024\\\/03\\\/23\\\/ministere-delenvironnement-pourquoi-karim-samoura-na-pas-ete-nomme-a-la-tete-de-ce-departement\\\/#breadcrumb\"},\"inLanguage\":\"fr-FR\",\"potentialAction\":[{\"@type\":\"ReadAction\",\"target\":[\"https:\\\/\\\/www.presseinvestigation.com\\\/index.php\\\/2024\\\/03\\\/23\\\/ministere-delenvironnement-pourquoi-karim-samoura-na-pas-ete-nomme-a-la-tete-de-ce-departement\\\/\"]}]},{\"@type\":\"ImageObject\",\"inLanguage\":\"fr-FR\",\"@id\":\"https:\\\/\\\/www.presseinvestigation.com\\\/index.php\\\/2024\\\/03\\\/23\\\/ministere-delenvironnement-pourquoi-karim-samoura-na-pas-ete-nomme-a-la-tete-de-ce-departement\\\/#primaryimage\",\"url\":\"https:\\\/\\\/www.presseinvestigation.com\\\/wp-content\\\/uploads\\\/2024\\\/03\\\/FB_IMG_1698512817141-1.jpg\",\"contentUrl\":\"https:\\\/\\\/www.presseinvestigation.com\\\/wp-content\\\/uploads\\\/2024\\\/03\\\/FB_IMG_1698512817141-1.jpg\",\"width\":954,\"height\":876},{\"@type\":\"BreadcrumbList\",\"@id\":\"https:\\\/\\\/www.presseinvestigation.com\\\/index.php\\\/2024\\\/03\\\/23\\\/ministere-delenvironnement-pourquoi-karim-samoura-na-pas-ete-nomme-a-la-tete-de-ce-departement\\\/#breadcrumb\",\"itemListElement\":[{\"@type\":\"ListItem\",\"position\":1,\"name\":\"Accueil\",\"item\":\"https:\\\/\\\/www.presseinvestigation.com\\\/\"},{\"@type\":\"ListItem\",\"position\":2,\"name\":\"Minist\u00e8re del\u2019Environnement\u00a0: Pourquoi Karim SAMOURA n\u2019a pas \u00e9t\u00e9 nomm\u00e9 \u00e0 la t\u00eate de ce D\u00e9partement\u00a0?\"}]},{\"@type\":\"WebSite\",\"@id\":\"https:\\\/\\\/www.presseinvestigation.com\\\/#website\",\"url\":\"https:\\\/\\\/www.presseinvestigation.com\\\/\",\"name\":\"Presseinvestigation\",\"description\":\"Informer dans l&#039;impartialit\u00e9\",\"potentialAction\":[{\"@type\":\"SearchAction\",\"target\":{\"@type\":\"EntryPoint\",\"urlTemplate\":\"https:\\\/\\\/www.presseinvestigation.com\\\/?s={search_term_string}\"},\"query-input\":{\"@type\":\"PropertyValueSpecification\",\"valueRequired\":true,\"valueName\":\"search_term_string\"}}],\"inLanguage\":\"fr-FR\"},{\"@type\":\"Person\",\"@id\":\"https:\\\/\\\/www.presseinvestigation.com\\\/#\\\/schema\\\/person\\\/32d023733a4a9d7c3bd6883619b8f116\",\"name\":\"Presseinvestigation.com\",\"image\":{\"@type\":\"ImageObject\",\"inLanguage\":\"fr-FR\",\"@id\":\"https:\\\/\\\/secure.gravatar.com\\\/avatar\\\/26f9c9e95424b0bde739ba0af37ee39a9e4a9e809967422c5b8e8573a34fbbe0?s=96&d=mm&r=g\",\"url\":\"https:\\\/\\\/secure.gravatar.com\\\/avatar\\\/26f9c9e95424b0bde739ba0af37ee39a9e4a9e809967422c5b8e8573a34fbbe0?s=96&d=mm&r=g\",\"contentUrl\":\"https:\\\/\\\/secure.gravatar.com\\\/avatar\\\/26f9c9e95424b0bde739ba0af37ee39a9e4a9e809967422c5b8e8573a34fbbe0?s=96&d=mm&r=g\",\"caption\":\"Presseinvestigation.com\"},\"url\":\"https:\\\/\\\/www.presseinvestigation.com\\\/index.php\\\/author\\\/toumany\\\/\"}]}<\/script>\n<!-- \/ Yoast SEO plugin. -->","yoast_head_json":{"title":"Minist\u00e8re del\u2019Environnement\u00a0: Pourquoi Karim SAMOURA n\u2019a pas \u00e9t\u00e9 nomm\u00e9 \u00e0 la t\u00eate de ce D\u00e9partement\u00a0? - Presseinvestigation","robots":{"index":"index","follow":"follow","max-snippet":"max-snippet:-1","max-image-preview":"max-image-preview:large","max-video-preview":"max-video-preview:-1"},"canonical":"https:\/\/www.presseinvestigation.com\/index.php\/2024\/03\/23\/ministere-delenvironnement-pourquoi-karim-samoura-na-pas-ete-nomme-a-la-tete-de-ce-departement\/","og_locale":"fr_FR","og_type":"article","og_title":"Minist\u00e8re del\u2019Environnement\u00a0: Pourquoi Karim SAMOURA n\u2019a pas \u00e9t\u00e9 nomm\u00e9 \u00e0 la t\u00eate de ce D\u00e9partement\u00a0? - Presseinvestigation","og_description":"Apr\u00e8s la dissolution du Gouvernement de l\u2019ex premier Ministre Dr Bernard GOUMOU, les Secr\u00e9taires G\u00e9n\u00e9raux des diff\u00e9rents Minist\u00e8res ont \u00e9t\u00e9 mandat\u00e9s a g\u00e9r\u00e9 les affaires courantes. A la formation du nouveau Gouvernement mise en place avec comme chef d\u2019\u00e9quipe Amadou Oury BAH,certains Secr\u00e9taires G\u00e9n\u00e9raux devaient faire leur entr\u00e9e dans ce nouveau Gouvernement. Parmi lesquels Karim [&hellip;]","og_url":"https:\/\/www.presseinvestigation.com\/index.php\/2024\/03\/23\/ministere-delenvironnement-pourquoi-karim-samoura-na-pas-ete-nomme-a-la-tete-de-ce-departement\/","og_site_name":"Presseinvestigation","article_published_time":"2024-03-23T15:38:02+00:00","article_modified_time":"2024-03-23T15:45:48+00:00","og_image":[{"width":954,"height":876,"url":"https:\/\/www.presseinvestigation.com\/wp-content\/uploads\/2024\/03\/FB_IMG_1698512817141-1.jpg","type":"image\/jpeg"}],"author":"Presseinvestigation.com","twitter_card":"summary_large_image","twitter_misc":{"\u00c9crit par":"Presseinvestigation.com","Dur\u00e9e de lecture estim\u00e9e":"2 minutes"},"schema":{"@context":"https:\/\/schema.org","@graph":[{"@type":"Article","@id":"https:\/\/www.presseinvestigation.com\/index.php\/2024\/03\/23\/ministere-delenvironnement-pourquoi-karim-samoura-na-pas-ete-nomme-a-la-tete-de-ce-departement\/#article","isPartOf":{"@id":"https:\/\/www.presseinvestigation.com\/index.php\/2024\/03\/23\/ministere-delenvironnement-pourquoi-karim-samoura-na-pas-ete-nomme-a-la-tete-de-ce-departement\/"},"author":{"name":"Presseinvestigation.com","@id":"https:\/\/www.presseinvestigation.com\/#\/schema\/person\/32d023733a4a9d7c3bd6883619b8f116"},"headline":"Minist\u00e8re del\u2019Environnement\u00a0: Pourquoi Karim SAMOURA n\u2019a pas \u00e9t\u00e9 nomm\u00e9 \u00e0 la t\u00eate de ce D\u00e9partement\u00a0?","datePublished":"2024-03-23T15:38:02+00:00","dateModified":"2024-03-23T15:45:48+00:00","mainEntityOfPage":{"@id":"https:\/\/www.presseinvestigation.com\/index.php\/2024\/03\/23\/ministere-delenvironnement-pourquoi-karim-samoura-na-pas-ete-nomme-a-la-tete-de-ce-departement\/"},"wordCount":413,"commentCount":0,"image":{"@id":"https:\/\/www.presseinvestigation.com\/index.php\/2024\/03\/23\/ministere-delenvironnement-pourquoi-karim-samoura-na-pas-ete-nomme-a-la-tete-de-ce-departement\/#primaryimage"},"thumbnailUrl":"https:\/\/www.presseinvestigation.com\/wp-content\/uploads\/2024\/03\/FB_IMG_1698512817141-1.jpg","articleSection":["Investigation"],"inLanguage":"fr-FR","potentialAction":[{"@type":"CommentAction","name":"Comment","target":["https:\/\/www.presseinvestigation.com\/index.php\/2024\/03\/23\/ministere-delenvironnement-pourquoi-karim-samoura-na-pas-ete-nomme-a-la-tete-de-ce-departement\/#respond"]}]},{"@type":"WebPage","@id":"https:\/\/www.presseinvestigation.com\/index.php\/2024\/03\/23\/ministere-delenvironnement-pourquoi-karim-samoura-na-pas-ete-nomme-a-la-tete-de-ce-departement\/","url":"https:\/\/www.presseinvestigation.com\/index.php\/2024\/03\/23\/ministere-delenvironnement-pourquoi-karim-samoura-na-pas-ete-nomme-a-la-tete-de-ce-departement\/","name":"Minist\u00e8re del\u2019Environnement\u00a0: Pourquoi Karim SAMOURA n\u2019a pas \u00e9t\u00e9 nomm\u00e9 \u00e0 la t\u00eate de ce D\u00e9partement\u00a0? - Presseinvestigation","isPartOf":{"@id":"https:\/\/www.presseinvestigation.com\/#website"},"primaryImageOfPage":{"@id":"https:\/\/www.presseinvestigation.com\/index.php\/2024\/03\/23\/ministere-delenvironnement-pourquoi-karim-samoura-na-pas-ete-nomme-a-la-tete-de-ce-departement\/#primaryimage"},"image":{"@id":"https:\/\/www.presseinvestigation.com\/index.php\/2024\/03\/23\/ministere-delenvironnement-pourquoi-karim-samoura-na-pas-ete-nomme-a-la-tete-de-ce-departement\/#primaryimage"},"thumbnailUrl":"https:\/\/www.presseinvestigation.com\/wp-content\/uploads\/2024\/03\/FB_IMG_1698512817141-1.jpg","datePublished":"2024-03-23T15:38:02+00:00","dateModified":"2024-03-23T15:45:48+00:00","author":{"@id":"https:\/\/www.presseinvestigation.com\/#\/schema\/person\/32d023733a4a9d7c3bd6883619b8f116"},"breadcrumb":{"@id":"https:\/\/www.presseinvestigation.com\/index.php\/2024\/03\/23\/ministere-delenvironnement-pourquoi-karim-samoura-na-pas-ete-nomme-a-la-tete-de-ce-departement\/#breadcrumb"},"inLanguage":"fr-FR","potentialAction":[{"@type":"ReadAction","target":["https:\/\/www.presseinvestigation.com\/index.php\/2024\/03\/23\/ministere-delenvironnement-pourquoi-karim-samoura-na-pas-ete-nomme-a-la-tete-de-ce-departement\/"]}]},{"@type":"ImageObject","inLanguage":"fr-FR","@id":"https:\/\/www.presseinvestigation.com\/index.php\/2024\/03\/23\/ministere-delenvironnement-pourquoi-karim-samoura-na-pas-ete-nomme-a-la-tete-de-ce-departement\/#primaryimage","url":"https:\/\/www.presseinvestigation.com\/wp-content\/uploads\/2024\/03\/FB_IMG_1698512817141-1.jpg","contentUrl":"https:\/\/www.presseinvestigation.com\/wp-content\/uploads\/2024\/03\/FB_IMG_1698512817141-1.jpg","width":954,"height":876},{"@type":"BreadcrumbList","@id":"https:\/\/www.presseinvestigation.com\/index.php\/2024\/03\/23\/ministere-delenvironnement-pourquoi-karim-samoura-na-pas-ete-nomme-a-la-tete-de-ce-departement\/#breadcrumb","itemListElement":[{"@type":"ListItem","position":1,"name":"Accueil","item":"https:\/\/www.presseinvestigation.com\/"},{"@type":"ListItem","position":2,"name":"Minist\u00e8re del\u2019Environnement\u00a0: Pourquoi Karim SAMOURA n\u2019a pas \u00e9t\u00e9 nomm\u00e9 \u00e0 la t\u00eate de ce D\u00e9partement\u00a0?"}]},{"@type":"WebSite","@id":"https:\/\/www.presseinvestigation.com\/#website","url":"https:\/\/www.presseinvestigation.com\/","name":"Presseinvestigation","description":"Informer dans l&#039;impartialit\u00e9","potentialAction":[{"@type":"SearchAction","target":{"@type":"EntryPoint","urlTemplate":"https:\/\/www.presseinvestigation.com\/?s={search_term_string}"},"query-input":{"@type":"PropertyValueSpecification","valueRequired":true,"valueName":"search_term_string"}}],"inLanguage":"fr-FR"},{"@type":"Person","@id":"https:\/\/www.presseinvestigation.com\/#\/schema\/person\/32d023733a4a9d7c3bd6883619b8f116","name":"Presseinvestigation.com","image":{"@type":"ImageObject","inLanguage":"fr-FR","@id":"https:\/\/secure.gravatar.com\/avatar\/26f9c9e95424b0bde739ba0af37ee39a9e4a9e809967422c5b8e8573a34fbbe0?s=96&d=mm&r=g","url":"https:\/\/secure.gravatar.com\/avatar\/26f9c9e95424b0bde739ba0af37ee39a9e4a9e809967422c5b8e8573a34fbbe0?s=96&d=mm&r=g","contentUrl":"https:\/\/secure.gravatar.com\/avatar\/26f9c9e95424b0bde739ba0af37ee39a9e4a9e809967422c5b8e8573a34fbbe0?s=96&d=mm&r=g","caption":"Presseinvestigation.com"},"url":"https:\/\/www.presseinvestigation.com\/index.php\/author\/toumany\/"}]}},"_links":{"self":[{"href":"https:\/\/www.presseinvestigation.com\/index.php\/wp-json\/wp\/v2\/posts\/1416","targetHints":{"allow":["GET"]}}],"collection":[{"href":"https:\/\/www.presseinvestigation.com\/index.php\/wp-json\/wp\/v2\/posts"}],"about":[{"href":"https:\/\/www.presseinvestigation.com\/index.php\/wp-json\/wp\/v2\/types\/post"}],"author":[{"embeddable":true,"href":"https:\/\/www.presseinvestigation.com\/index.php\/wp-json\/wp\/v2\/users\/2"}],"replies":[{"embeddable":true,"href":"https:\/\/www.presseinvestigation.com\/index.php\/wp-json\/wp\/v2\/comments?post=1416"}],"version-history":[{"count":2,"href":"https:\/\/www.presseinvestigation.com\/index.php\/wp-json\/wp\/v2\/posts\/1416\/revisions"}],"predecessor-version":[{"id":1418,"href":"https:\/\/www.presseinvestigation.com\/index.php\/wp-json\/wp\/v2\/posts\/1416\/revisions\/1418"}],"wp:featuredmedia":[{"embeddable":true,"href":"https:\/\/www.presseinvestigation.com\/index.php\/wp-json\/wp\/v2\/media\/1415"}],"wp:attachment":[{"href":"https:\/\/www.presseinvestigation.com\/index.php\/wp-json\/wp\/v2\/media?parent=1416"}],"wp:term":[{"taxonomy":"category","embeddable":true,"href":"https:\/\/www.presseinvestigation.com\/index.php\/wp-json\/wp\/v2\/categories?post=1416"},{"taxonomy":"post_tag","embeddable":true,"href":"https:\/\/www.presseinvestigation.com\/index.php\/wp-json\/wp\/v2\/tags?post=1416"}],"curies":[{"name":"wp","href":"https:\/\/api.w.org\/{rel}","templated":true}]}}