{"id":1560,"date":"2024-05-13T16:50:56","date_gmt":"2024-05-13T14:50:56","guid":{"rendered":"https:\/\/www.presseinvestigation.com\/?p=1560"},"modified":"2024-05-13T17:03:34","modified_gmt":"2024-05-13T15:03:34","slug":"affaire-hongxing-a-mandiana-le-bachir-diallo-est-il-accuse-a-tort-dans-ce-dossier","status":"publish","type":"post","link":"https:\/\/www.presseinvestigation.com\/index.php\/2024\/05\/13\/affaire-hongxing-a-mandiana-le-bachir-diallo-est-il-accuse-a-tort-dans-ce-dossier\/","title":{"rendered":"Affaire HONGXING \u00e0 Mandiana: Le SG du Minist\u00e8re des Mines Bachir  CAMARA est-il accus\u00e9 \u00e0 tort dans ce dossier?"},"content":{"rendered":"<p>Dans le pr\u00e9c\u00e9dent article sur le litige autour d&#8217;un permis semi-industriel de l&#8217;exploitation de l&#8217;or, se trouvant dans le district de konkoe dans la pr\u00e9fecture de Mandiana, le S\u00e9cr\u00e9taire G\u00e9n\u00e9ral du Minist\u00e8re des Mines et de G\u00e9ologie,Bachir CAMARA a \u00e9t\u00e9 accus\u00e9 de prendre position au profit d&#8217;une des parties.<\/p>\n<p>Ce permis qui est occup\u00e9 aujourd&#8217;hui par un groupe assimul\u00e9 \u00e0 HONGXING oppose l&#8217;ex mandataire de HONGXING et NEW JAPAN MINING COMPANY qui reclame la parternit\u00e9 du titre minier en question.<\/p>\n<p>Et Bachir CAMARA,S\u00e9cr\u00e9taire G\u00e9n\u00e9ral du Minist\u00e8re des Mines et de la Geologie a \u00e9t\u00e9 cit\u00e9 comme celui qui soutien lex mandataire de HONGXING dans ce probl\u00e8me.<\/p>\n<p>Mais apr\u00e8s le premier article que nous avons publi\u00e9 sur ce dossier,une source bien inform\u00e9e nous a contact\u00e9 un journaliste de presseinvestigation.com pour lui faire part du r\u00f4le que Bachir CAMARA \u00e0 jouer dans cette situation.<\/p>\n<p>Selon cette source,Bachir CAMARA est rest\u00e9 dans l&#8217;esprit de la loi,notamment les dispositions du code minier guin\u00e9en en vigueur. <em>&lt;&lt;Il n&#8217;a soutenu aucune des partie dans ce dossie<\/em>r&gt;&gt; a-t-elle indiqu\u00e9.<\/p>\n<p>Il faut rappeler que la permutation qui a eu lieu recemment entre certains S\u00e9cr\u00e9taire G\u00e9n\u00e9ralux de differents D\u00e9partments minist\u00e9riels,Bachir CAMARA qui \u00e9tait jusqu&#8217;\u00e0 ce d\u00e9but du mois de mai 2024,vient d&#8217;\u00eatre envoy\u00e9 au Minist\u00e8re de l&#8217;\u00e9nergie et de l&#8217;Hydrolique comme S\u00e9cr\u00e9taireG\u00e9n\u00e9ral.<\/p>\n<p>De notre c\u00f4t\u00e9,les enqu\u00eates de presseinvestigation.com continuent sur le permis semi-industriel de l&#8217;or de la soci\u00e9t\u00e9 HONGXING \u00e0 Mandiana.<\/p>\n<p>Affaire \u00e0 suivre!<\/p>\n<p><strong>Toumany Camara pour Presseinvestigation\u00a0<\/strong><\/p>\n","protected":false},"excerpt":{"rendered":"<p>Dans le pr\u00e9c\u00e9dent article sur le litige autour d&#8217;un permis semi-industriel de l&#8217;exploitation de l&#8217;or, se trouvant dans le district de konkoe dans la pr\u00e9fecture de Mandiana, le S\u00e9cr\u00e9taire G\u00e9n\u00e9ral du Minist\u00e8re des Mines et de G\u00e9ologie,Bachir CAMARA a \u00e9t\u00e9 accus\u00e9 de prendre position au profit d&#8217;une des parties. Ce permis qui est occup\u00e9 aujourd&#8217;hui [&hellip;]<\/p>\n","protected":false},"author":2,"featured_media":1561,"comment_status":"open","ping_status":"open","sticky":false,"template":"","format":"standard","meta":{"jnews-multi-image_gallery":[],"jnews_single_post":{"source_name":"","source_url":"","via_name":"","via_url":"","override_template":"0","override":[{"template":"1","single_blog_custom":"","parallax":"1","fullscreen":"1","layout":"right-sidebar","sidebar":"default-sidebar","second_sidebar":"default-sidebar","sticky_sidebar":"1","share_position":"bottom","share_float_style":"share-monocrhome","show_share_counter":"1","show_view_counter":"1","show_featured":"1","show_post_meta":"1","show_post_author":"1","show_post_author_image":"1","show_post_date":"1","post_date_format":"default","post_date_format_custom":"Y\/m\/d","show_post_category":"1","show_post_reading_time":"0","post_reading_time_wpm":"300","show_zoom_button":"0","zoom_button_out_step":"2","zoom_button_in_step":"3","show_post_tag":"1","show_prev_next_post":"1","show_popup_post":"1","number_popup_post":"1","show_author_box":"0","show_post_related":"0","show_inline_post_related":"0"}],"override_image_size":"0","image_override":[{"single_post_thumbnail_size":"crop-500","single_post_gallery_size":"crop-500"}],"trending_post":"0","trending_post_position":"meta","trending_post_label":"Trending","sponsored_post":"0","sponsored_post_label":"Sponsored by","sponsored_post_name":"","sponsored_post_url":"","sponsored_post_logo_enable":"0","sponsored_post_logo":"","sponsored_post_desc":"","disable_ad":"0"},"jnews_primary_category":{"id":"","hide":""},"footnotes":""},"categories":[63],"tags":[],"class_list":["post-1560","post","type-post","status-publish","format-standard","has-post-thumbnail","hentry","category-mines"],"yoast_head":"<!-- This site is optimized with the Yoast SEO plugin v27.3 - https:\/\/yoast.com\/product\/yoast-seo-wordpress\/ -->\n<title>Affaire HONGXING \u00e0 Mandiana: Le SG du Minist\u00e8re des Mines Bachir CAMARA est-il accus\u00e9 \u00e0 tort dans ce dossier? - Presseinvestigation<\/title>\n<meta name=\"robots\" content=\"index, follow, max-snippet:-1, max-image-preview:large, max-video-preview:-1\" \/>\n<link rel=\"canonical\" href=\"https:\/\/www.presseinvestigation.com\/index.php\/2024\/05\/13\/affaire-hongxing-a-mandiana-le-bachir-diallo-est-il-accuse-a-tort-dans-ce-dossier\/\" \/>\n<meta property=\"og:locale\" content=\"fr_FR\" \/>\n<meta property=\"og:type\" content=\"article\" \/>\n<meta property=\"og:title\" content=\"Affaire HONGXING \u00e0 Mandiana: Le SG du Minist\u00e8re des Mines Bachir CAMARA est-il accus\u00e9 \u00e0 tort dans ce dossier? - Presseinvestigation\" \/>\n<meta property=\"og:description\" content=\"Dans le pr\u00e9c\u00e9dent article sur le litige autour d&#8217;un permis semi-industriel de l&#8217;exploitation de l&#8217;or, se trouvant dans le district de konkoe dans la pr\u00e9fecture de Mandiana, le S\u00e9cr\u00e9taire G\u00e9n\u00e9ral du Minist\u00e8re des Mines et de G\u00e9ologie,Bachir CAMARA a \u00e9t\u00e9 accus\u00e9 de prendre position au profit d&#8217;une des parties. Ce permis qui est occup\u00e9 aujourd&#8217;hui [&hellip;]\" \/>\n<meta property=\"og:url\" content=\"https:\/\/www.presseinvestigation.com\/index.php\/2024\/05\/13\/affaire-hongxing-a-mandiana-le-bachir-diallo-est-il-accuse-a-tort-dans-ce-dossier\/\" \/>\n<meta property=\"og:site_name\" content=\"Presseinvestigation\" \/>\n<meta property=\"article:published_time\" content=\"2024-05-13T14:50:56+00:00\" \/>\n<meta property=\"article:modified_time\" content=\"2024-05-13T15:03:34+00:00\" \/>\n<meta property=\"og:image\" content=\"https:\/\/www.presseinvestigation.com\/wp-content\/uploads\/2024\/05\/IMG-20240510-WA0005.jpg\" \/>\n\t<meta property=\"og:image:width\" content=\"1024\" \/>\n\t<meta property=\"og:image:height\" content=\"768\" \/>\n\t<meta property=\"og:image:type\" content=\"image\/jpeg\" \/>\n<meta name=\"author\" content=\"Presseinvestigation.com\" \/>\n<meta name=\"twitter:card\" content=\"summary_large_image\" \/>\n<meta name=\"twitter:label1\" content=\"\u00c9crit par\" \/>\n\t<meta name=\"twitter:data1\" content=\"Presseinvestigation.com\" \/>\n\t<meta name=\"twitter:label2\" content=\"Dur\u00e9e de lecture estim\u00e9e\" \/>\n\t<meta name=\"twitter:data2\" content=\"2 minutes\" \/>\n<script type=\"application\/ld+json\" class=\"yoast-schema-graph\">{\"@context\":\"https:\\\/\\\/schema.org\",\"@graph\":[{\"@type\":\"Article\",\"@id\":\"https:\\\/\\\/www.presseinvestigation.com\\\/index.php\\\/2024\\\/05\\\/13\\\/affaire-hongxing-a-mandiana-le-bachir-diallo-est-il-accuse-a-tort-dans-ce-dossier\\\/#article\",\"isPartOf\":{\"@id\":\"https:\\\/\\\/www.presseinvestigation.com\\\/index.php\\\/2024\\\/05\\\/13\\\/affaire-hongxing-a-mandiana-le-bachir-diallo-est-il-accuse-a-tort-dans-ce-dossier\\\/\"},\"author\":{\"name\":\"Presseinvestigation.com\",\"@id\":\"https:\\\/\\\/www.presseinvestigation.com\\\/#\\\/schema\\\/person\\\/32d023733a4a9d7c3bd6883619b8f116\"},\"headline\":\"Affaire HONGXING \u00e0 Mandiana: Le SG du Minist\u00e8re des Mines Bachir CAMARA est-il accus\u00e9 \u00e0 tort dans ce dossier?\",\"datePublished\":\"2024-05-13T14:50:56+00:00\",\"dateModified\":\"2024-05-13T15:03:34+00:00\",\"mainEntityOfPage\":{\"@id\":\"https:\\\/\\\/www.presseinvestigation.com\\\/index.php\\\/2024\\\/05\\\/13\\\/affaire-hongxing-a-mandiana-le-bachir-diallo-est-il-accuse-a-tort-dans-ce-dossier\\\/\"},\"wordCount\":312,\"commentCount\":0,\"image\":{\"@id\":\"https:\\\/\\\/www.presseinvestigation.com\\\/index.php\\\/2024\\\/05\\\/13\\\/affaire-hongxing-a-mandiana-le-bachir-diallo-est-il-accuse-a-tort-dans-ce-dossier\\\/#primaryimage\"},\"thumbnailUrl\":\"https:\\\/\\\/www.presseinvestigation.com\\\/wp-content\\\/uploads\\\/2024\\\/05\\\/IMG-20240510-WA0005.jpg\",\"articleSection\":[\"Mines\"],\"inLanguage\":\"fr-FR\",\"potentialAction\":[{\"@type\":\"CommentAction\",\"name\":\"Comment\",\"target\":[\"https:\\\/\\\/www.presseinvestigation.com\\\/index.php\\\/2024\\\/05\\\/13\\\/affaire-hongxing-a-mandiana-le-bachir-diallo-est-il-accuse-a-tort-dans-ce-dossier\\\/#respond\"]}]},{\"@type\":\"WebPage\",\"@id\":\"https:\\\/\\\/www.presseinvestigation.com\\\/index.php\\\/2024\\\/05\\\/13\\\/affaire-hongxing-a-mandiana-le-bachir-diallo-est-il-accuse-a-tort-dans-ce-dossier\\\/\",\"url\":\"https:\\\/\\\/www.presseinvestigation.com\\\/index.php\\\/2024\\\/05\\\/13\\\/affaire-hongxing-a-mandiana-le-bachir-diallo-est-il-accuse-a-tort-dans-ce-dossier\\\/\",\"name\":\"Affaire HONGXING \u00e0 Mandiana: Le SG du Minist\u00e8re des Mines Bachir CAMARA est-il accus\u00e9 \u00e0 tort dans ce dossier? - Presseinvestigation\",\"isPartOf\":{\"@id\":\"https:\\\/\\\/www.presseinvestigation.com\\\/#website\"},\"primaryImageOfPage\":{\"@id\":\"https:\\\/\\\/www.presseinvestigation.com\\\/index.php\\\/2024\\\/05\\\/13\\\/affaire-hongxing-a-mandiana-le-bachir-diallo-est-il-accuse-a-tort-dans-ce-dossier\\\/#primaryimage\"},\"image\":{\"@id\":\"https:\\\/\\\/www.presseinvestigation.com\\\/index.php\\\/2024\\\/05\\\/13\\\/affaire-hongxing-a-mandiana-le-bachir-diallo-est-il-accuse-a-tort-dans-ce-dossier\\\/#primaryimage\"},\"thumbnailUrl\":\"https:\\\/\\\/www.presseinvestigation.com\\\/wp-content\\\/uploads\\\/2024\\\/05\\\/IMG-20240510-WA0005.jpg\",\"datePublished\":\"2024-05-13T14:50:56+00:00\",\"dateModified\":\"2024-05-13T15:03:34+00:00\",\"author\":{\"@id\":\"https:\\\/\\\/www.presseinvestigation.com\\\/#\\\/schema\\\/person\\\/32d023733a4a9d7c3bd6883619b8f116\"},\"breadcrumb\":{\"@id\":\"https:\\\/\\\/www.presseinvestigation.com\\\/index.php\\\/2024\\\/05\\\/13\\\/affaire-hongxing-a-mandiana-le-bachir-diallo-est-il-accuse-a-tort-dans-ce-dossier\\\/#breadcrumb\"},\"inLanguage\":\"fr-FR\",\"potentialAction\":[{\"@type\":\"ReadAction\",\"target\":[\"https:\\\/\\\/www.presseinvestigation.com\\\/index.php\\\/2024\\\/05\\\/13\\\/affaire-hongxing-a-mandiana-le-bachir-diallo-est-il-accuse-a-tort-dans-ce-dossier\\\/\"]}]},{\"@type\":\"ImageObject\",\"inLanguage\":\"fr-FR\",\"@id\":\"https:\\\/\\\/www.presseinvestigation.com\\\/index.php\\\/2024\\\/05\\\/13\\\/affaire-hongxing-a-mandiana-le-bachir-diallo-est-il-accuse-a-tort-dans-ce-dossier\\\/#primaryimage\",\"url\":\"https:\\\/\\\/www.presseinvestigation.com\\\/wp-content\\\/uploads\\\/2024\\\/05\\\/IMG-20240510-WA0005.jpg\",\"contentUrl\":\"https:\\\/\\\/www.presseinvestigation.com\\\/wp-content\\\/uploads\\\/2024\\\/05\\\/IMG-20240510-WA0005.jpg\",\"width\":1024,\"height\":768},{\"@type\":\"BreadcrumbList\",\"@id\":\"https:\\\/\\\/www.presseinvestigation.com\\\/index.php\\\/2024\\\/05\\\/13\\\/affaire-hongxing-a-mandiana-le-bachir-diallo-est-il-accuse-a-tort-dans-ce-dossier\\\/#breadcrumb\",\"itemListElement\":[{\"@type\":\"ListItem\",\"position\":1,\"name\":\"Accueil\",\"item\":\"https:\\\/\\\/www.presseinvestigation.com\\\/\"},{\"@type\":\"ListItem\",\"position\":2,\"name\":\"Affaire HONGXING \u00e0 Mandiana: Le SG du Minist\u00e8re des Mines Bachir CAMARA est-il accus\u00e9 \u00e0 tort dans ce dossier?\"}]},{\"@type\":\"WebSite\",\"@id\":\"https:\\\/\\\/www.presseinvestigation.com\\\/#website\",\"url\":\"https:\\\/\\\/www.presseinvestigation.com\\\/\",\"name\":\"Presseinvestigation\",\"description\":\"Informer dans l&#039;impartialit\u00e9\",\"potentialAction\":[{\"@type\":\"SearchAction\",\"target\":{\"@type\":\"EntryPoint\",\"urlTemplate\":\"https:\\\/\\\/www.presseinvestigation.com\\\/?s={search_term_string}\"},\"query-input\":{\"@type\":\"PropertyValueSpecification\",\"valueRequired\":true,\"valueName\":\"search_term_string\"}}],\"inLanguage\":\"fr-FR\"},{\"@type\":\"Person\",\"@id\":\"https:\\\/\\\/www.presseinvestigation.com\\\/#\\\/schema\\\/person\\\/32d023733a4a9d7c3bd6883619b8f116\",\"name\":\"Presseinvestigation.com\",\"image\":{\"@type\":\"ImageObject\",\"inLanguage\":\"fr-FR\",\"@id\":\"https:\\\/\\\/secure.gravatar.com\\\/avatar\\\/26f9c9e95424b0bde739ba0af37ee39a9e4a9e809967422c5b8e8573a34fbbe0?s=96&d=mm&r=g\",\"url\":\"https:\\\/\\\/secure.gravatar.com\\\/avatar\\\/26f9c9e95424b0bde739ba0af37ee39a9e4a9e809967422c5b8e8573a34fbbe0?s=96&d=mm&r=g\",\"contentUrl\":\"https:\\\/\\\/secure.gravatar.com\\\/avatar\\\/26f9c9e95424b0bde739ba0af37ee39a9e4a9e809967422c5b8e8573a34fbbe0?s=96&d=mm&r=g\",\"caption\":\"Presseinvestigation.com\"},\"url\":\"https:\\\/\\\/www.presseinvestigation.com\\\/index.php\\\/author\\\/toumany\\\/\"}]}<\/script>\n<!-- \/ Yoast SEO plugin. -->","yoast_head_json":{"title":"Affaire HONGXING \u00e0 Mandiana: Le SG du Minist\u00e8re des Mines Bachir CAMARA est-il accus\u00e9 \u00e0 tort dans ce dossier? - Presseinvestigation","robots":{"index":"index","follow":"follow","max-snippet":"max-snippet:-1","max-image-preview":"max-image-preview:large","max-video-preview":"max-video-preview:-1"},"canonical":"https:\/\/www.presseinvestigation.com\/index.php\/2024\/05\/13\/affaire-hongxing-a-mandiana-le-bachir-diallo-est-il-accuse-a-tort-dans-ce-dossier\/","og_locale":"fr_FR","og_type":"article","og_title":"Affaire HONGXING \u00e0 Mandiana: Le SG du Minist\u00e8re des Mines Bachir CAMARA est-il accus\u00e9 \u00e0 tort dans ce dossier? - Presseinvestigation","og_description":"Dans le pr\u00e9c\u00e9dent article sur le litige autour d&#8217;un permis semi-industriel de l&#8217;exploitation de l&#8217;or, se trouvant dans le district de konkoe dans la pr\u00e9fecture de Mandiana, le S\u00e9cr\u00e9taire G\u00e9n\u00e9ral du Minist\u00e8re des Mines et de G\u00e9ologie,Bachir CAMARA a \u00e9t\u00e9 accus\u00e9 de prendre position au profit d&#8217;une des parties. Ce permis qui est occup\u00e9 aujourd&#8217;hui [&hellip;]","og_url":"https:\/\/www.presseinvestigation.com\/index.php\/2024\/05\/13\/affaire-hongxing-a-mandiana-le-bachir-diallo-est-il-accuse-a-tort-dans-ce-dossier\/","og_site_name":"Presseinvestigation","article_published_time":"2024-05-13T14:50:56+00:00","article_modified_time":"2024-05-13T15:03:34+00:00","og_image":[{"width":1024,"height":768,"url":"https:\/\/www.presseinvestigation.com\/wp-content\/uploads\/2024\/05\/IMG-20240510-WA0005.jpg","type":"image\/jpeg"}],"author":"Presseinvestigation.com","twitter_card":"summary_large_image","twitter_misc":{"\u00c9crit par":"Presseinvestigation.com","Dur\u00e9e de lecture estim\u00e9e":"2 minutes"},"schema":{"@context":"https:\/\/schema.org","@graph":[{"@type":"Article","@id":"https:\/\/www.presseinvestigation.com\/index.php\/2024\/05\/13\/affaire-hongxing-a-mandiana-le-bachir-diallo-est-il-accuse-a-tort-dans-ce-dossier\/#article","isPartOf":{"@id":"https:\/\/www.presseinvestigation.com\/index.php\/2024\/05\/13\/affaire-hongxing-a-mandiana-le-bachir-diallo-est-il-accuse-a-tort-dans-ce-dossier\/"},"author":{"name":"Presseinvestigation.com","@id":"https:\/\/www.presseinvestigation.com\/#\/schema\/person\/32d023733a4a9d7c3bd6883619b8f116"},"headline":"Affaire HONGXING \u00e0 Mandiana: Le SG du Minist\u00e8re des Mines Bachir CAMARA est-il accus\u00e9 \u00e0 tort dans ce dossier?","datePublished":"2024-05-13T14:50:56+00:00","dateModified":"2024-05-13T15:03:34+00:00","mainEntityOfPage":{"@id":"https:\/\/www.presseinvestigation.com\/index.php\/2024\/05\/13\/affaire-hongxing-a-mandiana-le-bachir-diallo-est-il-accuse-a-tort-dans-ce-dossier\/"},"wordCount":312,"commentCount":0,"image":{"@id":"https:\/\/www.presseinvestigation.com\/index.php\/2024\/05\/13\/affaire-hongxing-a-mandiana-le-bachir-diallo-est-il-accuse-a-tort-dans-ce-dossier\/#primaryimage"},"thumbnailUrl":"https:\/\/www.presseinvestigation.com\/wp-content\/uploads\/2024\/05\/IMG-20240510-WA0005.jpg","articleSection":["Mines"],"inLanguage":"fr-FR","potentialAction":[{"@type":"CommentAction","name":"Comment","target":["https:\/\/www.presseinvestigation.com\/index.php\/2024\/05\/13\/affaire-hongxing-a-mandiana-le-bachir-diallo-est-il-accuse-a-tort-dans-ce-dossier\/#respond"]}]},{"@type":"WebPage","@id":"https:\/\/www.presseinvestigation.com\/index.php\/2024\/05\/13\/affaire-hongxing-a-mandiana-le-bachir-diallo-est-il-accuse-a-tort-dans-ce-dossier\/","url":"https:\/\/www.presseinvestigation.com\/index.php\/2024\/05\/13\/affaire-hongxing-a-mandiana-le-bachir-diallo-est-il-accuse-a-tort-dans-ce-dossier\/","name":"Affaire HONGXING \u00e0 Mandiana: Le SG du Minist\u00e8re des Mines Bachir CAMARA est-il accus\u00e9 \u00e0 tort dans ce dossier? - Presseinvestigation","isPartOf":{"@id":"https:\/\/www.presseinvestigation.com\/#website"},"primaryImageOfPage":{"@id":"https:\/\/www.presseinvestigation.com\/index.php\/2024\/05\/13\/affaire-hongxing-a-mandiana-le-bachir-diallo-est-il-accuse-a-tort-dans-ce-dossier\/#primaryimage"},"image":{"@id":"https:\/\/www.presseinvestigation.com\/index.php\/2024\/05\/13\/affaire-hongxing-a-mandiana-le-bachir-diallo-est-il-accuse-a-tort-dans-ce-dossier\/#primaryimage"},"thumbnailUrl":"https:\/\/www.presseinvestigation.com\/wp-content\/uploads\/2024\/05\/IMG-20240510-WA0005.jpg","datePublished":"2024-05-13T14:50:56+00:00","dateModified":"2024-05-13T15:03:34+00:00","author":{"@id":"https:\/\/www.presseinvestigation.com\/#\/schema\/person\/32d023733a4a9d7c3bd6883619b8f116"},"breadcrumb":{"@id":"https:\/\/www.presseinvestigation.com\/index.php\/2024\/05\/13\/affaire-hongxing-a-mandiana-le-bachir-diallo-est-il-accuse-a-tort-dans-ce-dossier\/#breadcrumb"},"inLanguage":"fr-FR","potentialAction":[{"@type":"ReadAction","target":["https:\/\/www.presseinvestigation.com\/index.php\/2024\/05\/13\/affaire-hongxing-a-mandiana-le-bachir-diallo-est-il-accuse-a-tort-dans-ce-dossier\/"]}]},{"@type":"ImageObject","inLanguage":"fr-FR","@id":"https:\/\/www.presseinvestigation.com\/index.php\/2024\/05\/13\/affaire-hongxing-a-mandiana-le-bachir-diallo-est-il-accuse-a-tort-dans-ce-dossier\/#primaryimage","url":"https:\/\/www.presseinvestigation.com\/wp-content\/uploads\/2024\/05\/IMG-20240510-WA0005.jpg","contentUrl":"https:\/\/www.presseinvestigation.com\/wp-content\/uploads\/2024\/05\/IMG-20240510-WA0005.jpg","width":1024,"height":768},{"@type":"BreadcrumbList","@id":"https:\/\/www.presseinvestigation.com\/index.php\/2024\/05\/13\/affaire-hongxing-a-mandiana-le-bachir-diallo-est-il-accuse-a-tort-dans-ce-dossier\/#breadcrumb","itemListElement":[{"@type":"ListItem","position":1,"name":"Accueil","item":"https:\/\/www.presseinvestigation.com\/"},{"@type":"ListItem","position":2,"name":"Affaire HONGXING \u00e0 Mandiana: Le SG du Minist\u00e8re des Mines Bachir CAMARA est-il accus\u00e9 \u00e0 tort dans ce dossier?"}]},{"@type":"WebSite","@id":"https:\/\/www.presseinvestigation.com\/#website","url":"https:\/\/www.presseinvestigation.com\/","name":"Presseinvestigation","description":"Informer dans l&#039;impartialit\u00e9","potentialAction":[{"@type":"SearchAction","target":{"@type":"EntryPoint","urlTemplate":"https:\/\/www.presseinvestigation.com\/?s={search_term_string}"},"query-input":{"@type":"PropertyValueSpecification","valueRequired":true,"valueName":"search_term_string"}}],"inLanguage":"fr-FR"},{"@type":"Person","@id":"https:\/\/www.presseinvestigation.com\/#\/schema\/person\/32d023733a4a9d7c3bd6883619b8f116","name":"Presseinvestigation.com","image":{"@type":"ImageObject","inLanguage":"fr-FR","@id":"https:\/\/secure.gravatar.com\/avatar\/26f9c9e95424b0bde739ba0af37ee39a9e4a9e809967422c5b8e8573a34fbbe0?s=96&d=mm&r=g","url":"https:\/\/secure.gravatar.com\/avatar\/26f9c9e95424b0bde739ba0af37ee39a9e4a9e809967422c5b8e8573a34fbbe0?s=96&d=mm&r=g","contentUrl":"https:\/\/secure.gravatar.com\/avatar\/26f9c9e95424b0bde739ba0af37ee39a9e4a9e809967422c5b8e8573a34fbbe0?s=96&d=mm&r=g","caption":"Presseinvestigation.com"},"url":"https:\/\/www.presseinvestigation.com\/index.php\/author\/toumany\/"}]}},"_links":{"self":[{"href":"https:\/\/www.presseinvestigation.com\/index.php\/wp-json\/wp\/v2\/posts\/1560","targetHints":{"allow":["GET"]}}],"collection":[{"href":"https:\/\/www.presseinvestigation.com\/index.php\/wp-json\/wp\/v2\/posts"}],"about":[{"href":"https:\/\/www.presseinvestigation.com\/index.php\/wp-json\/wp\/v2\/types\/post"}],"author":[{"embeddable":true,"href":"https:\/\/www.presseinvestigation.com\/index.php\/wp-json\/wp\/v2\/users\/2"}],"replies":[{"embeddable":true,"href":"https:\/\/www.presseinvestigation.com\/index.php\/wp-json\/wp\/v2\/comments?post=1560"}],"version-history":[{"count":5,"href":"https:\/\/www.presseinvestigation.com\/index.php\/wp-json\/wp\/v2\/posts\/1560\/revisions"}],"predecessor-version":[{"id":1566,"href":"https:\/\/www.presseinvestigation.com\/index.php\/wp-json\/wp\/v2\/posts\/1560\/revisions\/1566"}],"wp:featuredmedia":[{"embeddable":true,"href":"https:\/\/www.presseinvestigation.com\/index.php\/wp-json\/wp\/v2\/media\/1561"}],"wp:attachment":[{"href":"https:\/\/www.presseinvestigation.com\/index.php\/wp-json\/wp\/v2\/media?parent=1560"}],"wp:term":[{"taxonomy":"category","embeddable":true,"href":"https:\/\/www.presseinvestigation.com\/index.php\/wp-json\/wp\/v2\/categories?post=1560"},{"taxonomy":"post_tag","embeddable":true,"href":"https:\/\/www.presseinvestigation.com\/index.php\/wp-json\/wp\/v2\/tags?post=1560"}],"curies":[{"name":"wp","href":"https:\/\/api.w.org\/{rel}","templated":true}]}}