{"id":1581,"date":"2024-05-15T00:14:42","date_gmt":"2024-05-14T22:14:42","guid":{"rendered":"https:\/\/www.presseinvestigation.com\/?p=1581"},"modified":"2024-05-15T00:14:42","modified_gmt":"2024-05-14T22:14:42","slug":"dr-ibrahima-diallo-le-guide-juridique-de-lanaim-et-une-icone-du-social-dans-la-gouvernance","status":"publish","type":"post","link":"https:\/\/www.presseinvestigation.com\/index.php\/2024\/05\/15\/dr-ibrahima-diallo-le-guide-juridique-de-lanaim-et-une-icone-du-social-dans-la-gouvernance\/","title":{"rendered":"Dr Ibrahima DIALLO\u00a0: le Guide juridique de l\u2019ANAIM et une ic\u00f4ne du social dans la gouvernance\u00a0!"},"content":{"rendered":"<p>C\u2019est un grand Monsieur qui a fait des \u00e9tudes de droit en France et qui dirige aujourd\u2019hui la Direction des Affaires juridiques de l\u2019Agence Nationale d\u2019Am\u00e9nagement des Infrastructures Mini\u00e8res(ANAIM).Il s\u2019agit de Monsieur Ibrahima DIALLO titulaire d\u2019un Doctorat en droit qu&#8217;il a obtenu \u00e0 paris. Et cela fait quelques 10 ans, il g\u00e8re \u00e0 l\u2019ANAIM avec des r\u00e9sultats \u00e9logieux de toutes les t\u00e2ches qui lui sont confi\u00e9es. Un journaliste de presseinvestigation.com constate qu\u2019il est l\u2019un des\u00a0 cadres de l&#8217;ANAIM,anciens dans le service \u00e0 la Direction G\u00e9n\u00e9rale de cette soci\u00e9t\u00e9 publique anonyme.Et Dr Ibrahima DIALLO,parmi les anciens de l&#8217;ANAIM, reste le plus fr\u00e9quent\u00e9 et le plus populaire qui sait faire le m\u00e9nage entre le travail et le social. Voici son quotidien au bureau:<\/p>\n<p>A l\u2019ANAIM son bureau ne d\u00e9sempli jamais. Soit en s\u00e9ance de travail avec ses collaborateurs de service, o\u00f9 avec les partenaires. Soit se sont les visiteurs. Mais chaque jour que DIEU fait, il n\u2019y a pas 10 minutes qui passent sans que Dr Ibrahima DIALLO ne re\u00e7oive les gens venus le voir \u00e0 son bureau.<\/p>\n<p>Et m\u00eame s\u2019il est fatigu\u00e9, il se met une contrainte pour \u00e9couter ses h\u00f4tes et s\u2019il en est la solution \u00e0 leurs besoins, il se met \u00e0 disposition et tout se r\u00e8gle vite fait. Aucun travail, aucun probl\u00e8me personnel ne quittent son bureau sans satisfaction, en tous cas s\u2019il en a la possibilit\u00e9.<\/p>\n<p>Sa collaboration qu\u2019elle soit dans un \u00e9lan professionnel ou personnel, tout est fond\u00e9 dans la sinc\u00e9rit\u00e9, dans la franchise. Et souvent il utilise l\u2019humour pour donner de la bonne humeur dans \u00e0 toute personne que le c\u00f4toie. Un aspect qui le rend un chef tr\u00e8s fr\u00e9quentable.<\/p>\n<p>Dr Ibrahima DIALLO est ce mod\u00e8le d\u2019intellectuel que le Guin\u00e9en pl\u00e9biscite pour administrer dans les postes de grande responsabilit\u00e9 des appareils de l\u2019Etat.<\/p>\n<p>Alors comme notre pays est \u00e0 une phase de transition qualifi\u00e9e de refondation de l\u2019Etat et que le Pr\u00e9sident G\u00e9n\u00e9ral Mamadi DOUMBOUYA a dit que le social est plac\u00e9 au premier plan de la gouvernance de son r\u00e9gime. Voil\u00e0 donc Dr Ibrahima DIALLO Directeur juridique de l\u2019ANAIM, un cadre qui peut aider le chef de l\u2019Etat \u00e0 joindre l\u2019acte \u00e0 la parole dans ce sens.<\/p>\n<p><strong>Toumany CAMARA pour Presseinvestigation.com<\/strong><\/p>\n<p><strong>T\u00e9l : 623-63-33-54<\/strong><\/p>\n","protected":false},"excerpt":{"rendered":"<p>C\u2019est un grand Monsieur qui a fait des \u00e9tudes de droit en France et qui dirige aujourd\u2019hui la Direction des Affaires juridiques de l\u2019Agence Nationale d\u2019Am\u00e9nagement des Infrastructures Mini\u00e8res(ANAIM).Il s\u2019agit de Monsieur Ibrahima DIALLO titulaire d\u2019un Doctorat en droit qu&#8217;il a obtenu \u00e0 paris. Et cela fait quelques 10 ans, il g\u00e8re \u00e0 l\u2019ANAIM avec [&hellip;]<\/p>\n","protected":false},"author":2,"featured_media":1580,"comment_status":"open","ping_status":"open","sticky":false,"template":"","format":"standard","meta":{"jnews-multi-image_gallery":[],"jnews_single_post":{"source_name":"","source_url":"","via_name":"","via_url":"","override_template":"0","override":[{"template":"1","single_blog_custom":"","parallax":"1","fullscreen":"1","layout":"right-sidebar","sidebar":"default-sidebar","second_sidebar":"default-sidebar","sticky_sidebar":"1","share_position":"bottom","share_float_style":"share-monocrhome","show_share_counter":"1","show_view_counter":"1","show_featured":"1","show_post_meta":"1","show_post_author":"1","show_post_author_image":"1","show_post_date":"1","post_date_format":"default","post_date_format_custom":"Y\/m\/d","show_post_category":"1","show_post_reading_time":"0","post_reading_time_wpm":"300","show_zoom_button":"0","zoom_button_out_step":"2","zoom_button_in_step":"3","show_post_tag":"1","show_prev_next_post":"1","show_popup_post":"1","number_popup_post":"1","show_author_box":"0","show_post_related":"0","show_inline_post_related":"0"}],"override_image_size":"0","image_override":[{"single_post_thumbnail_size":"crop-500","single_post_gallery_size":"crop-500"}],"trending_post":"0","trending_post_position":"meta","trending_post_label":"Trending","sponsored_post":"0","sponsored_post_label":"Sponsored by","sponsored_post_name":"","sponsored_post_url":"","sponsored_post_logo_enable":"0","sponsored_post_logo":"","sponsored_post_desc":"","disable_ad":"0"},"jnews_primary_category":{"id":"","hide":""},"footnotes":""},"categories":[48],"tags":[],"class_list":["post-1581","post","type-post","status-publish","format-standard","has-post-thumbnail","hentry","category-opinion"],"yoast_head":"<!-- This site is optimized with the Yoast SEO plugin v27.3 - https:\/\/yoast.com\/product\/yoast-seo-wordpress\/ -->\n<title>Dr Ibrahima DIALLO\u00a0: le Guide juridique de l\u2019ANAIM et une ic\u00f4ne du social dans la gouvernance\u00a0! - Presseinvestigation<\/title>\n<meta name=\"robots\" content=\"index, follow, max-snippet:-1, max-image-preview:large, max-video-preview:-1\" \/>\n<link rel=\"canonical\" href=\"https:\/\/www.presseinvestigation.com\/index.php\/2024\/05\/15\/dr-ibrahima-diallo-le-guide-juridique-de-lanaim-et-une-icone-du-social-dans-la-gouvernance\/\" \/>\n<meta property=\"og:locale\" content=\"fr_FR\" \/>\n<meta property=\"og:type\" content=\"article\" \/>\n<meta property=\"og:title\" content=\"Dr Ibrahima DIALLO\u00a0: le Guide juridique de l\u2019ANAIM et une ic\u00f4ne du social dans la gouvernance\u00a0! - Presseinvestigation\" \/>\n<meta property=\"og:description\" content=\"C\u2019est un grand Monsieur qui a fait des \u00e9tudes de droit en France et qui dirige aujourd\u2019hui la Direction des Affaires juridiques de l\u2019Agence Nationale d\u2019Am\u00e9nagement des Infrastructures Mini\u00e8res(ANAIM).Il s\u2019agit de Monsieur Ibrahima DIALLO titulaire d\u2019un Doctorat en droit qu&#8217;il a obtenu \u00e0 paris. Et cela fait quelques 10 ans, il g\u00e8re \u00e0 l\u2019ANAIM avec [&hellip;]\" \/>\n<meta property=\"og:url\" content=\"https:\/\/www.presseinvestigation.com\/index.php\/2024\/05\/15\/dr-ibrahima-diallo-le-guide-juridique-de-lanaim-et-une-icone-du-social-dans-la-gouvernance\/\" \/>\n<meta property=\"og:site_name\" content=\"Presseinvestigation\" \/>\n<meta property=\"article:published_time\" content=\"2024-05-14T22:14:42+00:00\" \/>\n<meta property=\"og:image\" content=\"https:\/\/www.presseinvestigation.com\/wp-content\/uploads\/2024\/05\/IMG-20240330-WA0002.jpg\" \/>\n\t<meta property=\"og:image:width\" content=\"1079\" \/>\n\t<meta property=\"og:image:height\" content=\"1079\" \/>\n\t<meta property=\"og:image:type\" content=\"image\/jpeg\" \/>\n<meta name=\"author\" content=\"Presseinvestigation.com\" \/>\n<meta name=\"twitter:card\" content=\"summary_large_image\" \/>\n<meta name=\"twitter:label1\" content=\"\u00c9crit par\" \/>\n\t<meta name=\"twitter:data1\" content=\"Presseinvestigation.com\" \/>\n\t<meta name=\"twitter:label2\" content=\"Dur\u00e9e de lecture estim\u00e9e\" \/>\n\t<meta name=\"twitter:data2\" content=\"2 minutes\" \/>\n<script type=\"application\/ld+json\" class=\"yoast-schema-graph\">{\"@context\":\"https:\\\/\\\/schema.org\",\"@graph\":[{\"@type\":\"Article\",\"@id\":\"https:\\\/\\\/www.presseinvestigation.com\\\/index.php\\\/2024\\\/05\\\/15\\\/dr-ibrahima-diallo-le-guide-juridique-de-lanaim-et-une-icone-du-social-dans-la-gouvernance\\\/#article\",\"isPartOf\":{\"@id\":\"https:\\\/\\\/www.presseinvestigation.com\\\/index.php\\\/2024\\\/05\\\/15\\\/dr-ibrahima-diallo-le-guide-juridique-de-lanaim-et-une-icone-du-social-dans-la-gouvernance\\\/\"},\"author\":{\"name\":\"Presseinvestigation.com\",\"@id\":\"https:\\\/\\\/www.presseinvestigation.com\\\/#\\\/schema\\\/person\\\/32d023733a4a9d7c3bd6883619b8f116\"},\"headline\":\"Dr Ibrahima DIALLO\u00a0: le Guide juridique de l\u2019ANAIM et une ic\u00f4ne du social dans la gouvernance\u00a0!\",\"datePublished\":\"2024-05-14T22:14:42+00:00\",\"mainEntityOfPage\":{\"@id\":\"https:\\\/\\\/www.presseinvestigation.com\\\/index.php\\\/2024\\\/05\\\/15\\\/dr-ibrahima-diallo-le-guide-juridique-de-lanaim-et-une-icone-du-social-dans-la-gouvernance\\\/\"},\"wordCount\":440,\"commentCount\":0,\"image\":{\"@id\":\"https:\\\/\\\/www.presseinvestigation.com\\\/index.php\\\/2024\\\/05\\\/15\\\/dr-ibrahima-diallo-le-guide-juridique-de-lanaim-et-une-icone-du-social-dans-la-gouvernance\\\/#primaryimage\"},\"thumbnailUrl\":\"https:\\\/\\\/www.presseinvestigation.com\\\/wp-content\\\/uploads\\\/2024\\\/05\\\/IMG-20240330-WA0002.jpg\",\"articleSection\":[\"Opinion\"],\"inLanguage\":\"fr-FR\",\"potentialAction\":[{\"@type\":\"CommentAction\",\"name\":\"Comment\",\"target\":[\"https:\\\/\\\/www.presseinvestigation.com\\\/index.php\\\/2024\\\/05\\\/15\\\/dr-ibrahima-diallo-le-guide-juridique-de-lanaim-et-une-icone-du-social-dans-la-gouvernance\\\/#respond\"]}]},{\"@type\":\"WebPage\",\"@id\":\"https:\\\/\\\/www.presseinvestigation.com\\\/index.php\\\/2024\\\/05\\\/15\\\/dr-ibrahima-diallo-le-guide-juridique-de-lanaim-et-une-icone-du-social-dans-la-gouvernance\\\/\",\"url\":\"https:\\\/\\\/www.presseinvestigation.com\\\/index.php\\\/2024\\\/05\\\/15\\\/dr-ibrahima-diallo-le-guide-juridique-de-lanaim-et-une-icone-du-social-dans-la-gouvernance\\\/\",\"name\":\"Dr Ibrahima DIALLO\u00a0: le Guide juridique de l\u2019ANAIM et une ic\u00f4ne du social dans la gouvernance\u00a0! - Presseinvestigation\",\"isPartOf\":{\"@id\":\"https:\\\/\\\/www.presseinvestigation.com\\\/#website\"},\"primaryImageOfPage\":{\"@id\":\"https:\\\/\\\/www.presseinvestigation.com\\\/index.php\\\/2024\\\/05\\\/15\\\/dr-ibrahima-diallo-le-guide-juridique-de-lanaim-et-une-icone-du-social-dans-la-gouvernance\\\/#primaryimage\"},\"image\":{\"@id\":\"https:\\\/\\\/www.presseinvestigation.com\\\/index.php\\\/2024\\\/05\\\/15\\\/dr-ibrahima-diallo-le-guide-juridique-de-lanaim-et-une-icone-du-social-dans-la-gouvernance\\\/#primaryimage\"},\"thumbnailUrl\":\"https:\\\/\\\/www.presseinvestigation.com\\\/wp-content\\\/uploads\\\/2024\\\/05\\\/IMG-20240330-WA0002.jpg\",\"datePublished\":\"2024-05-14T22:14:42+00:00\",\"author\":{\"@id\":\"https:\\\/\\\/www.presseinvestigation.com\\\/#\\\/schema\\\/person\\\/32d023733a4a9d7c3bd6883619b8f116\"},\"breadcrumb\":{\"@id\":\"https:\\\/\\\/www.presseinvestigation.com\\\/index.php\\\/2024\\\/05\\\/15\\\/dr-ibrahima-diallo-le-guide-juridique-de-lanaim-et-une-icone-du-social-dans-la-gouvernance\\\/#breadcrumb\"},\"inLanguage\":\"fr-FR\",\"potentialAction\":[{\"@type\":\"ReadAction\",\"target\":[\"https:\\\/\\\/www.presseinvestigation.com\\\/index.php\\\/2024\\\/05\\\/15\\\/dr-ibrahima-diallo-le-guide-juridique-de-lanaim-et-une-icone-du-social-dans-la-gouvernance\\\/\"]}]},{\"@type\":\"ImageObject\",\"inLanguage\":\"fr-FR\",\"@id\":\"https:\\\/\\\/www.presseinvestigation.com\\\/index.php\\\/2024\\\/05\\\/15\\\/dr-ibrahima-diallo-le-guide-juridique-de-lanaim-et-une-icone-du-social-dans-la-gouvernance\\\/#primaryimage\",\"url\":\"https:\\\/\\\/www.presseinvestigation.com\\\/wp-content\\\/uploads\\\/2024\\\/05\\\/IMG-20240330-WA0002.jpg\",\"contentUrl\":\"https:\\\/\\\/www.presseinvestigation.com\\\/wp-content\\\/uploads\\\/2024\\\/05\\\/IMG-20240330-WA0002.jpg\",\"width\":1079,\"height\":1079},{\"@type\":\"BreadcrumbList\",\"@id\":\"https:\\\/\\\/www.presseinvestigation.com\\\/index.php\\\/2024\\\/05\\\/15\\\/dr-ibrahima-diallo-le-guide-juridique-de-lanaim-et-une-icone-du-social-dans-la-gouvernance\\\/#breadcrumb\",\"itemListElement\":[{\"@type\":\"ListItem\",\"position\":1,\"name\":\"Accueil\",\"item\":\"https:\\\/\\\/www.presseinvestigation.com\\\/\"},{\"@type\":\"ListItem\",\"position\":2,\"name\":\"Dr Ibrahima DIALLO\u00a0: le Guide juridique de l\u2019ANAIM et une ic\u00f4ne du social dans la gouvernance\u00a0!\"}]},{\"@type\":\"WebSite\",\"@id\":\"https:\\\/\\\/www.presseinvestigation.com\\\/#website\",\"url\":\"https:\\\/\\\/www.presseinvestigation.com\\\/\",\"name\":\"Presseinvestigation\",\"description\":\"Informer dans l&#039;impartialit\u00e9\",\"potentialAction\":[{\"@type\":\"SearchAction\",\"target\":{\"@type\":\"EntryPoint\",\"urlTemplate\":\"https:\\\/\\\/www.presseinvestigation.com\\\/?s={search_term_string}\"},\"query-input\":{\"@type\":\"PropertyValueSpecification\",\"valueRequired\":true,\"valueName\":\"search_term_string\"}}],\"inLanguage\":\"fr-FR\"},{\"@type\":\"Person\",\"@id\":\"https:\\\/\\\/www.presseinvestigation.com\\\/#\\\/schema\\\/person\\\/32d023733a4a9d7c3bd6883619b8f116\",\"name\":\"Presseinvestigation.com\",\"image\":{\"@type\":\"ImageObject\",\"inLanguage\":\"fr-FR\",\"@id\":\"https:\\\/\\\/secure.gravatar.com\\\/avatar\\\/26f9c9e95424b0bde739ba0af37ee39a9e4a9e809967422c5b8e8573a34fbbe0?s=96&d=mm&r=g\",\"url\":\"https:\\\/\\\/secure.gravatar.com\\\/avatar\\\/26f9c9e95424b0bde739ba0af37ee39a9e4a9e809967422c5b8e8573a34fbbe0?s=96&d=mm&r=g\",\"contentUrl\":\"https:\\\/\\\/secure.gravatar.com\\\/avatar\\\/26f9c9e95424b0bde739ba0af37ee39a9e4a9e809967422c5b8e8573a34fbbe0?s=96&d=mm&r=g\",\"caption\":\"Presseinvestigation.com\"},\"url\":\"https:\\\/\\\/www.presseinvestigation.com\\\/index.php\\\/author\\\/toumany\\\/\"}]}<\/script>\n<!-- \/ Yoast SEO plugin. -->","yoast_head_json":{"title":"Dr Ibrahima DIALLO\u00a0: le Guide juridique de l\u2019ANAIM et une ic\u00f4ne du social dans la gouvernance\u00a0! - Presseinvestigation","robots":{"index":"index","follow":"follow","max-snippet":"max-snippet:-1","max-image-preview":"max-image-preview:large","max-video-preview":"max-video-preview:-1"},"canonical":"https:\/\/www.presseinvestigation.com\/index.php\/2024\/05\/15\/dr-ibrahima-diallo-le-guide-juridique-de-lanaim-et-une-icone-du-social-dans-la-gouvernance\/","og_locale":"fr_FR","og_type":"article","og_title":"Dr Ibrahima DIALLO\u00a0: le Guide juridique de l\u2019ANAIM et une ic\u00f4ne du social dans la gouvernance\u00a0! - Presseinvestigation","og_description":"C\u2019est un grand Monsieur qui a fait des \u00e9tudes de droit en France et qui dirige aujourd\u2019hui la Direction des Affaires juridiques de l\u2019Agence Nationale d\u2019Am\u00e9nagement des Infrastructures Mini\u00e8res(ANAIM).Il s\u2019agit de Monsieur Ibrahima DIALLO titulaire d\u2019un Doctorat en droit qu&#8217;il a obtenu \u00e0 paris. Et cela fait quelques 10 ans, il g\u00e8re \u00e0 l\u2019ANAIM avec [&hellip;]","og_url":"https:\/\/www.presseinvestigation.com\/index.php\/2024\/05\/15\/dr-ibrahima-diallo-le-guide-juridique-de-lanaim-et-une-icone-du-social-dans-la-gouvernance\/","og_site_name":"Presseinvestigation","article_published_time":"2024-05-14T22:14:42+00:00","og_image":[{"width":1079,"height":1079,"url":"https:\/\/www.presseinvestigation.com\/wp-content\/uploads\/2024\/05\/IMG-20240330-WA0002.jpg","type":"image\/jpeg"}],"author":"Presseinvestigation.com","twitter_card":"summary_large_image","twitter_misc":{"\u00c9crit par":"Presseinvestigation.com","Dur\u00e9e de lecture estim\u00e9e":"2 minutes"},"schema":{"@context":"https:\/\/schema.org","@graph":[{"@type":"Article","@id":"https:\/\/www.presseinvestigation.com\/index.php\/2024\/05\/15\/dr-ibrahima-diallo-le-guide-juridique-de-lanaim-et-une-icone-du-social-dans-la-gouvernance\/#article","isPartOf":{"@id":"https:\/\/www.presseinvestigation.com\/index.php\/2024\/05\/15\/dr-ibrahima-diallo-le-guide-juridique-de-lanaim-et-une-icone-du-social-dans-la-gouvernance\/"},"author":{"name":"Presseinvestigation.com","@id":"https:\/\/www.presseinvestigation.com\/#\/schema\/person\/32d023733a4a9d7c3bd6883619b8f116"},"headline":"Dr Ibrahima DIALLO\u00a0: le Guide juridique de l\u2019ANAIM et une ic\u00f4ne du social dans la gouvernance\u00a0!","datePublished":"2024-05-14T22:14:42+00:00","mainEntityOfPage":{"@id":"https:\/\/www.presseinvestigation.com\/index.php\/2024\/05\/15\/dr-ibrahima-diallo-le-guide-juridique-de-lanaim-et-une-icone-du-social-dans-la-gouvernance\/"},"wordCount":440,"commentCount":0,"image":{"@id":"https:\/\/www.presseinvestigation.com\/index.php\/2024\/05\/15\/dr-ibrahima-diallo-le-guide-juridique-de-lanaim-et-une-icone-du-social-dans-la-gouvernance\/#primaryimage"},"thumbnailUrl":"https:\/\/www.presseinvestigation.com\/wp-content\/uploads\/2024\/05\/IMG-20240330-WA0002.jpg","articleSection":["Opinion"],"inLanguage":"fr-FR","potentialAction":[{"@type":"CommentAction","name":"Comment","target":["https:\/\/www.presseinvestigation.com\/index.php\/2024\/05\/15\/dr-ibrahima-diallo-le-guide-juridique-de-lanaim-et-une-icone-du-social-dans-la-gouvernance\/#respond"]}]},{"@type":"WebPage","@id":"https:\/\/www.presseinvestigation.com\/index.php\/2024\/05\/15\/dr-ibrahima-diallo-le-guide-juridique-de-lanaim-et-une-icone-du-social-dans-la-gouvernance\/","url":"https:\/\/www.presseinvestigation.com\/index.php\/2024\/05\/15\/dr-ibrahima-diallo-le-guide-juridique-de-lanaim-et-une-icone-du-social-dans-la-gouvernance\/","name":"Dr Ibrahima DIALLO\u00a0: le Guide juridique de l\u2019ANAIM et une ic\u00f4ne du social dans la gouvernance\u00a0! - Presseinvestigation","isPartOf":{"@id":"https:\/\/www.presseinvestigation.com\/#website"},"primaryImageOfPage":{"@id":"https:\/\/www.presseinvestigation.com\/index.php\/2024\/05\/15\/dr-ibrahima-diallo-le-guide-juridique-de-lanaim-et-une-icone-du-social-dans-la-gouvernance\/#primaryimage"},"image":{"@id":"https:\/\/www.presseinvestigation.com\/index.php\/2024\/05\/15\/dr-ibrahima-diallo-le-guide-juridique-de-lanaim-et-une-icone-du-social-dans-la-gouvernance\/#primaryimage"},"thumbnailUrl":"https:\/\/www.presseinvestigation.com\/wp-content\/uploads\/2024\/05\/IMG-20240330-WA0002.jpg","datePublished":"2024-05-14T22:14:42+00:00","author":{"@id":"https:\/\/www.presseinvestigation.com\/#\/schema\/person\/32d023733a4a9d7c3bd6883619b8f116"},"breadcrumb":{"@id":"https:\/\/www.presseinvestigation.com\/index.php\/2024\/05\/15\/dr-ibrahima-diallo-le-guide-juridique-de-lanaim-et-une-icone-du-social-dans-la-gouvernance\/#breadcrumb"},"inLanguage":"fr-FR","potentialAction":[{"@type":"ReadAction","target":["https:\/\/www.presseinvestigation.com\/index.php\/2024\/05\/15\/dr-ibrahima-diallo-le-guide-juridique-de-lanaim-et-une-icone-du-social-dans-la-gouvernance\/"]}]},{"@type":"ImageObject","inLanguage":"fr-FR","@id":"https:\/\/www.presseinvestigation.com\/index.php\/2024\/05\/15\/dr-ibrahima-diallo-le-guide-juridique-de-lanaim-et-une-icone-du-social-dans-la-gouvernance\/#primaryimage","url":"https:\/\/www.presseinvestigation.com\/wp-content\/uploads\/2024\/05\/IMG-20240330-WA0002.jpg","contentUrl":"https:\/\/www.presseinvestigation.com\/wp-content\/uploads\/2024\/05\/IMG-20240330-WA0002.jpg","width":1079,"height":1079},{"@type":"BreadcrumbList","@id":"https:\/\/www.presseinvestigation.com\/index.php\/2024\/05\/15\/dr-ibrahima-diallo-le-guide-juridique-de-lanaim-et-une-icone-du-social-dans-la-gouvernance\/#breadcrumb","itemListElement":[{"@type":"ListItem","position":1,"name":"Accueil","item":"https:\/\/www.presseinvestigation.com\/"},{"@type":"ListItem","position":2,"name":"Dr Ibrahima DIALLO\u00a0: le Guide juridique de l\u2019ANAIM et une ic\u00f4ne du social dans la gouvernance\u00a0!"}]},{"@type":"WebSite","@id":"https:\/\/www.presseinvestigation.com\/#website","url":"https:\/\/www.presseinvestigation.com\/","name":"Presseinvestigation","description":"Informer dans l&#039;impartialit\u00e9","potentialAction":[{"@type":"SearchAction","target":{"@type":"EntryPoint","urlTemplate":"https:\/\/www.presseinvestigation.com\/?s={search_term_string}"},"query-input":{"@type":"PropertyValueSpecification","valueRequired":true,"valueName":"search_term_string"}}],"inLanguage":"fr-FR"},{"@type":"Person","@id":"https:\/\/www.presseinvestigation.com\/#\/schema\/person\/32d023733a4a9d7c3bd6883619b8f116","name":"Presseinvestigation.com","image":{"@type":"ImageObject","inLanguage":"fr-FR","@id":"https:\/\/secure.gravatar.com\/avatar\/26f9c9e95424b0bde739ba0af37ee39a9e4a9e809967422c5b8e8573a34fbbe0?s=96&d=mm&r=g","url":"https:\/\/secure.gravatar.com\/avatar\/26f9c9e95424b0bde739ba0af37ee39a9e4a9e809967422c5b8e8573a34fbbe0?s=96&d=mm&r=g","contentUrl":"https:\/\/secure.gravatar.com\/avatar\/26f9c9e95424b0bde739ba0af37ee39a9e4a9e809967422c5b8e8573a34fbbe0?s=96&d=mm&r=g","caption":"Presseinvestigation.com"},"url":"https:\/\/www.presseinvestigation.com\/index.php\/author\/toumany\/"}]}},"_links":{"self":[{"href":"https:\/\/www.presseinvestigation.com\/index.php\/wp-json\/wp\/v2\/posts\/1581","targetHints":{"allow":["GET"]}}],"collection":[{"href":"https:\/\/www.presseinvestigation.com\/index.php\/wp-json\/wp\/v2\/posts"}],"about":[{"href":"https:\/\/www.presseinvestigation.com\/index.php\/wp-json\/wp\/v2\/types\/post"}],"author":[{"embeddable":true,"href":"https:\/\/www.presseinvestigation.com\/index.php\/wp-json\/wp\/v2\/users\/2"}],"replies":[{"embeddable":true,"href":"https:\/\/www.presseinvestigation.com\/index.php\/wp-json\/wp\/v2\/comments?post=1581"}],"version-history":[{"count":1,"href":"https:\/\/www.presseinvestigation.com\/index.php\/wp-json\/wp\/v2\/posts\/1581\/revisions"}],"predecessor-version":[{"id":1582,"href":"https:\/\/www.presseinvestigation.com\/index.php\/wp-json\/wp\/v2\/posts\/1581\/revisions\/1582"}],"wp:featuredmedia":[{"embeddable":true,"href":"https:\/\/www.presseinvestigation.com\/index.php\/wp-json\/wp\/v2\/media\/1580"}],"wp:attachment":[{"href":"https:\/\/www.presseinvestigation.com\/index.php\/wp-json\/wp\/v2\/media?parent=1581"}],"wp:term":[{"taxonomy":"category","embeddable":true,"href":"https:\/\/www.presseinvestigation.com\/index.php\/wp-json\/wp\/v2\/categories?post=1581"},{"taxonomy":"post_tag","embeddable":true,"href":"https:\/\/www.presseinvestigation.com\/index.php\/wp-json\/wp\/v2\/tags?post=1581"}],"curies":[{"name":"wp","href":"https:\/\/api.w.org\/{rel}","templated":true}]}}