{"id":1589,"date":"2024-06-07T12:02:26","date_gmt":"2024-06-07T10:02:26","guid":{"rendered":"https:\/\/www.presseinvestigation.com\/index.php\/2024\/06\/07\/projet-minier-est-il-normal-de-valider-une-etude-de-faisabilite-sans-en-etablir-au-prealable-son-identite-et-sa-legalite-2\/"},"modified":"2024-06-07T12:02:26","modified_gmt":"2024-06-07T10:02:26","slug":"projet-minier-est-il-normal-de-valider-une-etude-de-faisabilite-sans-en-etablir-au-prealable-son-identite-et-sa-legalite-2","status":"publish","type":"post","link":"https:\/\/www.presseinvestigation.com\/index.php\/2024\/06\/07\/projet-minier-est-il-normal-de-valider-une-etude-de-faisabilite-sans-en-etablir-au-prealable-son-identite-et-sa-legalite-2\/","title":{"rendered":"Projet minier: est-il normal de valider une \u00e9tude de faisabilit\u00e9 sans en \u00e9tablir au pr\u00e9alable son identit\u00e9 et sa l\u00e9galit\u00e9 ?"},"content":{"rendered":"<p class=\"yiv0859631927MsoNormal\"><b>Dans la journ\u00e9e\u00a0du 30 mai 2024, avec toute attente qu\u2019a dur\u00e9 le dossier HonGXing pendant devant les juridictions du pays et alors que le vrai propri\u00e9taire avait adress\u00e9 un courrier d\u2019appropriation pour la nouvelle soci\u00e9t\u00e9 devant prendre les ar\u00e8nes s\u2019est vu bern\u00e9\u00a0par un certain groupe de cadres malins et malsains du tr\u00e8s fameux D\u00e9partement des Mines et de la G\u00e9ologie.<\/b><\/p>\n<p class=\"yiv0859631927MsoNormal\">\u00a0<\/p>\n<p class=\"yiv0859631927MsoNormal\">Alors, le principe de la continuit\u00e9 de l\u2019administration serait-il foul\u00e9 au sol dans certaines structures en Guin\u00e9e\u00a0? C\u2019est justement ce que nous sommes en train de vivre au pays du G\u00e9n\u00e9ral Mamadi Doumbouya, \u00e0 son insu bien s\u00fbr.<\/p>\n<p>Pour r\u00e9pondre \u00e0 cette question, partons d\u2019abord \u00e0 la direction des projets miniers pour voir si r\u00e9ellement cette direction a toutes les informations sur le projet HongXing, notamment selon l\u2019\u00e9volution de la situation. Nous le faisons parce que de nombreux m\u00e9dias (des coupures de presse en font foi), d\u00e9noncent et mettent \u00e0 nu la fa\u00e7on dont les occupants ill\u00e9gaux du site op\u00e8rent sur le dos de l\u2019Etat guin\u00e9en en mettant surtout en exergue la d\u00e9gradation pouss\u00e9e de l\u2019environnement. C\u2019est pour tout juste rappel\u00e9 les points essentiels concernant\u00a0l\u2019octroi des titres et permis miniers. Un point qui concerne l\u2019\u00e9tude d\u2019impact environnemental et social.<\/p>\n<p>Comme dit plus haut, la direction du projet minier est l\u2019une des directions du d\u00e9partement des Mines et de la G\u00e9ologie charg\u00e9 de l\u2019incubation des projets miniers jusqu\u2019\u00e0 maturit\u00e9 en Guin\u00e9e.\u00a0 Alors, comment peuvent-ils valider une \u00e9tude de faisabilit\u00e9 sans savoir au pr\u00e9alable qui sont les v\u00e9ritables\u00a0<b>propri\u00e9taires\u00a0l\u00e9gaux<\/b>\u00a0ou sans \u00e9valuer au pr\u00e9alable les conditions dans lesquelles l\u2019environnement est conserv\u00e9?\u00a0 C\u2019est un secret polichinelle de dire aujourd\u2019hui qu\u2019avec la COMPLICIT\u00c9 de certains responsables, une exploitation ill\u00e9gale de ce projet s\u2019est poursuivie, causant beaucoup de pr\u00e9judice \u00e0 l\u2019Etat, \u00e0 la communaut\u00e9 locale et \u00e0 la soci\u00e9t\u00e9 NJMC qui a rachet\u00e9 le projet.<\/p>\n","protected":false},"excerpt":{"rendered":"<p>Dans la journ\u00e9e\u00a0du 30 mai 2024, avec toute attente qu\u2019a dur\u00e9 le dossier HonGXing pendant devant les juridictions du pays et alors que le vrai propri\u00e9taire avait adress\u00e9 un courrier d\u2019appropriation pour la nouvelle soci\u00e9t\u00e9 devant prendre les ar\u00e8nes s\u2019est vu bern\u00e9\u00a0par un certain groupe de cadres malins et malsains du tr\u00e8s fameux D\u00e9partement des [&hellip;]<\/p>\n","protected":false},"author":1,"featured_media":1588,"comment_status":"open","ping_status":"open","sticky":false,"template":"","format":"standard","meta":{"jnews-multi-image_gallery":[],"jnews_single_post":[],"jnews_primary_category":[],"footnotes":""},"categories":[80],"tags":[],"class_list":["post-1589","post","type-post","status-publish","format-standard","has-post-thumbnail","hentry","category-actualite"],"yoast_head":"<!-- This site is optimized with the Yoast SEO plugin v27.3 - https:\/\/yoast.com\/product\/yoast-seo-wordpress\/ -->\n<title>Projet minier: est-il normal de valider une \u00e9tude de faisabilit\u00e9 sans en \u00e9tablir au pr\u00e9alable son identit\u00e9 et sa l\u00e9galit\u00e9 ? - Presseinvestigation<\/title>\n<meta name=\"robots\" content=\"index, follow, max-snippet:-1, max-image-preview:large, max-video-preview:-1\" \/>\n<link rel=\"canonical\" href=\"https:\/\/www.presseinvestigation.com\/index.php\/2024\/06\/07\/projet-minier-est-il-normal-de-valider-une-etude-de-faisabilite-sans-en-etablir-au-prealable-son-identite-et-sa-legalite-2\/\" \/>\n<meta property=\"og:locale\" content=\"fr_FR\" \/>\n<meta property=\"og:type\" content=\"article\" \/>\n<meta property=\"og:title\" content=\"Projet minier: est-il normal de valider une \u00e9tude de faisabilit\u00e9 sans en \u00e9tablir au pr\u00e9alable son identit\u00e9 et sa l\u00e9galit\u00e9 ? - Presseinvestigation\" \/>\n<meta property=\"og:description\" content=\"Dans la journ\u00e9e\u00a0du 30 mai 2024, avec toute attente qu\u2019a dur\u00e9 le dossier HonGXing pendant devant les juridictions du pays et alors que le vrai propri\u00e9taire avait adress\u00e9 un courrier d\u2019appropriation pour la nouvelle soci\u00e9t\u00e9 devant prendre les ar\u00e8nes s\u2019est vu bern\u00e9\u00a0par un certain groupe de cadres malins et malsains du tr\u00e8s fameux D\u00e9partement des [&hellip;]\" \/>\n<meta property=\"og:url\" content=\"https:\/\/www.presseinvestigation.com\/index.php\/2024\/06\/07\/projet-minier-est-il-normal-de-valider-une-etude-de-faisabilite-sans-en-etablir-au-prealable-son-identite-et-sa-legalite-2\/\" \/>\n<meta property=\"og:site_name\" content=\"Presseinvestigation\" \/>\n<meta property=\"article:published_time\" content=\"2024-06-07T10:02:26+00:00\" \/>\n<meta property=\"og:image\" content=\"https:\/\/www.presseinvestigation.com\/wp-content\/uploads\/2024\/06\/Screenshot_20240507_072033_Gallery-1-266x300-1.jpg\" \/>\n\t<meta property=\"og:image:width\" content=\"266\" \/>\n\t<meta property=\"og:image:height\" content=\"300\" \/>\n\t<meta property=\"og:image:type\" content=\"image\/jpeg\" \/>\n<meta name=\"author\" content=\"Presseinvestigation.com\" \/>\n<meta name=\"twitter:card\" content=\"summary_large_image\" \/>\n<meta name=\"twitter:label1\" content=\"\u00c9crit par\" \/>\n\t<meta name=\"twitter:data1\" content=\"Presseinvestigation.com\" \/>\n\t<meta name=\"twitter:label2\" content=\"Dur\u00e9e de lecture estim\u00e9e\" \/>\n\t<meta name=\"twitter:data2\" content=\"2 minutes\" \/>\n<script type=\"application\/ld+json\" class=\"yoast-schema-graph\">{\"@context\":\"https:\\\/\\\/schema.org\",\"@graph\":[{\"@type\":\"Article\",\"@id\":\"https:\\\/\\\/www.presseinvestigation.com\\\/index.php\\\/2024\\\/06\\\/07\\\/projet-minier-est-il-normal-de-valider-une-etude-de-faisabilite-sans-en-etablir-au-prealable-son-identite-et-sa-legalite-2\\\/#article\",\"isPartOf\":{\"@id\":\"https:\\\/\\\/www.presseinvestigation.com\\\/index.php\\\/2024\\\/06\\\/07\\\/projet-minier-est-il-normal-de-valider-une-etude-de-faisabilite-sans-en-etablir-au-prealable-son-identite-et-sa-legalite-2\\\/\"},\"author\":{\"name\":\"Presseinvestigation.com\",\"@id\":\"https:\\\/\\\/www.presseinvestigation.com\\\/#\\\/schema\\\/person\\\/a1029d031d336f4e888009a1d2c4740a\"},\"headline\":\"Projet minier: est-il normal de valider une \u00e9tude de faisabilit\u00e9 sans en \u00e9tablir au pr\u00e9alable son identit\u00e9 et sa l\u00e9galit\u00e9 ?\",\"datePublished\":\"2024-06-07T10:02:26+00:00\",\"mainEntityOfPage\":{\"@id\":\"https:\\\/\\\/www.presseinvestigation.com\\\/index.php\\\/2024\\\/06\\\/07\\\/projet-minier-est-il-normal-de-valider-une-etude-de-faisabilite-sans-en-etablir-au-prealable-son-identite-et-sa-legalite-2\\\/\"},\"wordCount\":370,\"commentCount\":0,\"image\":{\"@id\":\"https:\\\/\\\/www.presseinvestigation.com\\\/index.php\\\/2024\\\/06\\\/07\\\/projet-minier-est-il-normal-de-valider-une-etude-de-faisabilite-sans-en-etablir-au-prealable-son-identite-et-sa-legalite-2\\\/#primaryimage\"},\"thumbnailUrl\":\"https:\\\/\\\/www.presseinvestigation.com\\\/wp-content\\\/uploads\\\/2024\\\/06\\\/Screenshot_20240507_072033_Gallery-1-266x300-1.jpg\",\"articleSection\":[\"Actualit\u00e9\"],\"inLanguage\":\"fr-FR\",\"potentialAction\":[{\"@type\":\"CommentAction\",\"name\":\"Comment\",\"target\":[\"https:\\\/\\\/www.presseinvestigation.com\\\/index.php\\\/2024\\\/06\\\/07\\\/projet-minier-est-il-normal-de-valider-une-etude-de-faisabilite-sans-en-etablir-au-prealable-son-identite-et-sa-legalite-2\\\/#respond\"]}]},{\"@type\":\"WebPage\",\"@id\":\"https:\\\/\\\/www.presseinvestigation.com\\\/index.php\\\/2024\\\/06\\\/07\\\/projet-minier-est-il-normal-de-valider-une-etude-de-faisabilite-sans-en-etablir-au-prealable-son-identite-et-sa-legalite-2\\\/\",\"url\":\"https:\\\/\\\/www.presseinvestigation.com\\\/index.php\\\/2024\\\/06\\\/07\\\/projet-minier-est-il-normal-de-valider-une-etude-de-faisabilite-sans-en-etablir-au-prealable-son-identite-et-sa-legalite-2\\\/\",\"name\":\"Projet minier: est-il normal de valider une \u00e9tude de faisabilit\u00e9 sans en \u00e9tablir au pr\u00e9alable son identit\u00e9 et sa l\u00e9galit\u00e9 ? - Presseinvestigation\",\"isPartOf\":{\"@id\":\"https:\\\/\\\/www.presseinvestigation.com\\\/#website\"},\"primaryImageOfPage\":{\"@id\":\"https:\\\/\\\/www.presseinvestigation.com\\\/index.php\\\/2024\\\/06\\\/07\\\/projet-minier-est-il-normal-de-valider-une-etude-de-faisabilite-sans-en-etablir-au-prealable-son-identite-et-sa-legalite-2\\\/#primaryimage\"},\"image\":{\"@id\":\"https:\\\/\\\/www.presseinvestigation.com\\\/index.php\\\/2024\\\/06\\\/07\\\/projet-minier-est-il-normal-de-valider-une-etude-de-faisabilite-sans-en-etablir-au-prealable-son-identite-et-sa-legalite-2\\\/#primaryimage\"},\"thumbnailUrl\":\"https:\\\/\\\/www.presseinvestigation.com\\\/wp-content\\\/uploads\\\/2024\\\/06\\\/Screenshot_20240507_072033_Gallery-1-266x300-1.jpg\",\"datePublished\":\"2024-06-07T10:02:26+00:00\",\"author\":{\"@id\":\"https:\\\/\\\/www.presseinvestigation.com\\\/#\\\/schema\\\/person\\\/a1029d031d336f4e888009a1d2c4740a\"},\"breadcrumb\":{\"@id\":\"https:\\\/\\\/www.presseinvestigation.com\\\/index.php\\\/2024\\\/06\\\/07\\\/projet-minier-est-il-normal-de-valider-une-etude-de-faisabilite-sans-en-etablir-au-prealable-son-identite-et-sa-legalite-2\\\/#breadcrumb\"},\"inLanguage\":\"fr-FR\",\"potentialAction\":[{\"@type\":\"ReadAction\",\"target\":[\"https:\\\/\\\/www.presseinvestigation.com\\\/index.php\\\/2024\\\/06\\\/07\\\/projet-minier-est-il-normal-de-valider-une-etude-de-faisabilite-sans-en-etablir-au-prealable-son-identite-et-sa-legalite-2\\\/\"]}]},{\"@type\":\"ImageObject\",\"inLanguage\":\"fr-FR\",\"@id\":\"https:\\\/\\\/www.presseinvestigation.com\\\/index.php\\\/2024\\\/06\\\/07\\\/projet-minier-est-il-normal-de-valider-une-etude-de-faisabilite-sans-en-etablir-au-prealable-son-identite-et-sa-legalite-2\\\/#primaryimage\",\"url\":\"https:\\\/\\\/www.presseinvestigation.com\\\/wp-content\\\/uploads\\\/2024\\\/06\\\/Screenshot_20240507_072033_Gallery-1-266x300-1.jpg\",\"contentUrl\":\"https:\\\/\\\/www.presseinvestigation.com\\\/wp-content\\\/uploads\\\/2024\\\/06\\\/Screenshot_20240507_072033_Gallery-1-266x300-1.jpg\",\"width\":266,\"height\":300},{\"@type\":\"BreadcrumbList\",\"@id\":\"https:\\\/\\\/www.presseinvestigation.com\\\/index.php\\\/2024\\\/06\\\/07\\\/projet-minier-est-il-normal-de-valider-une-etude-de-faisabilite-sans-en-etablir-au-prealable-son-identite-et-sa-legalite-2\\\/#breadcrumb\",\"itemListElement\":[{\"@type\":\"ListItem\",\"position\":1,\"name\":\"Accueil\",\"item\":\"https:\\\/\\\/www.presseinvestigation.com\\\/\"},{\"@type\":\"ListItem\",\"position\":2,\"name\":\"Projet minier: est-il normal de valider une \u00e9tude de faisabilit\u00e9 sans en \u00e9tablir au pr\u00e9alable son identit\u00e9 et sa l\u00e9galit\u00e9 ?\"}]},{\"@type\":\"WebSite\",\"@id\":\"https:\\\/\\\/www.presseinvestigation.com\\\/#website\",\"url\":\"https:\\\/\\\/www.presseinvestigation.com\\\/\",\"name\":\"Presseinvestigation\",\"description\":\"Informer dans l&#039;impartialit\u00e9\",\"potentialAction\":[{\"@type\":\"SearchAction\",\"target\":{\"@type\":\"EntryPoint\",\"urlTemplate\":\"https:\\\/\\\/www.presseinvestigation.com\\\/?s={search_term_string}\"},\"query-input\":{\"@type\":\"PropertyValueSpecification\",\"valueRequired\":true,\"valueName\":\"search_term_string\"}}],\"inLanguage\":\"fr-FR\"},{\"@type\":\"Person\",\"@id\":\"https:\\\/\\\/www.presseinvestigation.com\\\/#\\\/schema\\\/person\\\/a1029d031d336f4e888009a1d2c4740a\",\"name\":\"Presseinvestigation.com\",\"image\":{\"@type\":\"ImageObject\",\"inLanguage\":\"fr-FR\",\"@id\":\"https:\\\/\\\/secure.gravatar.com\\\/avatar\\\/c0faa0f472c43eff99fecb0bd2a1c6782e80a162c9fcb7ed2d48bb42ea619f30?s=96&d=mm&r=g\",\"url\":\"https:\\\/\\\/secure.gravatar.com\\\/avatar\\\/c0faa0f472c43eff99fecb0bd2a1c6782e80a162c9fcb7ed2d48bb42ea619f30?s=96&d=mm&r=g\",\"contentUrl\":\"https:\\\/\\\/secure.gravatar.com\\\/avatar\\\/c0faa0f472c43eff99fecb0bd2a1c6782e80a162c9fcb7ed2d48bb42ea619f30?s=96&d=mm&r=g\",\"caption\":\"Presseinvestigation.com\"},\"sameAs\":[\"https:\\\/\\\/www.presseinvestigation.com\"],\"url\":\"https:\\\/\\\/www.presseinvestigation.com\\\/index.php\\\/author\\\/medbi2011\\\/\"}]}<\/script>\n<!-- \/ Yoast SEO plugin. -->","yoast_head_json":{"title":"Projet minier: est-il normal de valider une \u00e9tude de faisabilit\u00e9 sans en \u00e9tablir au pr\u00e9alable son identit\u00e9 et sa l\u00e9galit\u00e9 ? - Presseinvestigation","robots":{"index":"index","follow":"follow","max-snippet":"max-snippet:-1","max-image-preview":"max-image-preview:large","max-video-preview":"max-video-preview:-1"},"canonical":"https:\/\/www.presseinvestigation.com\/index.php\/2024\/06\/07\/projet-minier-est-il-normal-de-valider-une-etude-de-faisabilite-sans-en-etablir-au-prealable-son-identite-et-sa-legalite-2\/","og_locale":"fr_FR","og_type":"article","og_title":"Projet minier: est-il normal de valider une \u00e9tude de faisabilit\u00e9 sans en \u00e9tablir au pr\u00e9alable son identit\u00e9 et sa l\u00e9galit\u00e9 ? - Presseinvestigation","og_description":"Dans la journ\u00e9e\u00a0du 30 mai 2024, avec toute attente qu\u2019a dur\u00e9 le dossier HonGXing pendant devant les juridictions du pays et alors que le vrai propri\u00e9taire avait adress\u00e9 un courrier d\u2019appropriation pour la nouvelle soci\u00e9t\u00e9 devant prendre les ar\u00e8nes s\u2019est vu bern\u00e9\u00a0par un certain groupe de cadres malins et malsains du tr\u00e8s fameux D\u00e9partement des [&hellip;]","og_url":"https:\/\/www.presseinvestigation.com\/index.php\/2024\/06\/07\/projet-minier-est-il-normal-de-valider-une-etude-de-faisabilite-sans-en-etablir-au-prealable-son-identite-et-sa-legalite-2\/","og_site_name":"Presseinvestigation","article_published_time":"2024-06-07T10:02:26+00:00","og_image":[{"width":266,"height":300,"url":"https:\/\/www.presseinvestigation.com\/wp-content\/uploads\/2024\/06\/Screenshot_20240507_072033_Gallery-1-266x300-1.jpg","type":"image\/jpeg"}],"author":"Presseinvestigation.com","twitter_card":"summary_large_image","twitter_misc":{"\u00c9crit par":"Presseinvestigation.com","Dur\u00e9e de lecture estim\u00e9e":"2 minutes"},"schema":{"@context":"https:\/\/schema.org","@graph":[{"@type":"Article","@id":"https:\/\/www.presseinvestigation.com\/index.php\/2024\/06\/07\/projet-minier-est-il-normal-de-valider-une-etude-de-faisabilite-sans-en-etablir-au-prealable-son-identite-et-sa-legalite-2\/#article","isPartOf":{"@id":"https:\/\/www.presseinvestigation.com\/index.php\/2024\/06\/07\/projet-minier-est-il-normal-de-valider-une-etude-de-faisabilite-sans-en-etablir-au-prealable-son-identite-et-sa-legalite-2\/"},"author":{"name":"Presseinvestigation.com","@id":"https:\/\/www.presseinvestigation.com\/#\/schema\/person\/a1029d031d336f4e888009a1d2c4740a"},"headline":"Projet minier: est-il normal de valider une \u00e9tude de faisabilit\u00e9 sans en \u00e9tablir au pr\u00e9alable son identit\u00e9 et sa l\u00e9galit\u00e9 ?","datePublished":"2024-06-07T10:02:26+00:00","mainEntityOfPage":{"@id":"https:\/\/www.presseinvestigation.com\/index.php\/2024\/06\/07\/projet-minier-est-il-normal-de-valider-une-etude-de-faisabilite-sans-en-etablir-au-prealable-son-identite-et-sa-legalite-2\/"},"wordCount":370,"commentCount":0,"image":{"@id":"https:\/\/www.presseinvestigation.com\/index.php\/2024\/06\/07\/projet-minier-est-il-normal-de-valider-une-etude-de-faisabilite-sans-en-etablir-au-prealable-son-identite-et-sa-legalite-2\/#primaryimage"},"thumbnailUrl":"https:\/\/www.presseinvestigation.com\/wp-content\/uploads\/2024\/06\/Screenshot_20240507_072033_Gallery-1-266x300-1.jpg","articleSection":["Actualit\u00e9"],"inLanguage":"fr-FR","potentialAction":[{"@type":"CommentAction","name":"Comment","target":["https:\/\/www.presseinvestigation.com\/index.php\/2024\/06\/07\/projet-minier-est-il-normal-de-valider-une-etude-de-faisabilite-sans-en-etablir-au-prealable-son-identite-et-sa-legalite-2\/#respond"]}]},{"@type":"WebPage","@id":"https:\/\/www.presseinvestigation.com\/index.php\/2024\/06\/07\/projet-minier-est-il-normal-de-valider-une-etude-de-faisabilite-sans-en-etablir-au-prealable-son-identite-et-sa-legalite-2\/","url":"https:\/\/www.presseinvestigation.com\/index.php\/2024\/06\/07\/projet-minier-est-il-normal-de-valider-une-etude-de-faisabilite-sans-en-etablir-au-prealable-son-identite-et-sa-legalite-2\/","name":"Projet minier: est-il normal de valider une \u00e9tude de faisabilit\u00e9 sans en \u00e9tablir au pr\u00e9alable son identit\u00e9 et sa l\u00e9galit\u00e9 ? - Presseinvestigation","isPartOf":{"@id":"https:\/\/www.presseinvestigation.com\/#website"},"primaryImageOfPage":{"@id":"https:\/\/www.presseinvestigation.com\/index.php\/2024\/06\/07\/projet-minier-est-il-normal-de-valider-une-etude-de-faisabilite-sans-en-etablir-au-prealable-son-identite-et-sa-legalite-2\/#primaryimage"},"image":{"@id":"https:\/\/www.presseinvestigation.com\/index.php\/2024\/06\/07\/projet-minier-est-il-normal-de-valider-une-etude-de-faisabilite-sans-en-etablir-au-prealable-son-identite-et-sa-legalite-2\/#primaryimage"},"thumbnailUrl":"https:\/\/www.presseinvestigation.com\/wp-content\/uploads\/2024\/06\/Screenshot_20240507_072033_Gallery-1-266x300-1.jpg","datePublished":"2024-06-07T10:02:26+00:00","author":{"@id":"https:\/\/www.presseinvestigation.com\/#\/schema\/person\/a1029d031d336f4e888009a1d2c4740a"},"breadcrumb":{"@id":"https:\/\/www.presseinvestigation.com\/index.php\/2024\/06\/07\/projet-minier-est-il-normal-de-valider-une-etude-de-faisabilite-sans-en-etablir-au-prealable-son-identite-et-sa-legalite-2\/#breadcrumb"},"inLanguage":"fr-FR","potentialAction":[{"@type":"ReadAction","target":["https:\/\/www.presseinvestigation.com\/index.php\/2024\/06\/07\/projet-minier-est-il-normal-de-valider-une-etude-de-faisabilite-sans-en-etablir-au-prealable-son-identite-et-sa-legalite-2\/"]}]},{"@type":"ImageObject","inLanguage":"fr-FR","@id":"https:\/\/www.presseinvestigation.com\/index.php\/2024\/06\/07\/projet-minier-est-il-normal-de-valider-une-etude-de-faisabilite-sans-en-etablir-au-prealable-son-identite-et-sa-legalite-2\/#primaryimage","url":"https:\/\/www.presseinvestigation.com\/wp-content\/uploads\/2024\/06\/Screenshot_20240507_072033_Gallery-1-266x300-1.jpg","contentUrl":"https:\/\/www.presseinvestigation.com\/wp-content\/uploads\/2024\/06\/Screenshot_20240507_072033_Gallery-1-266x300-1.jpg","width":266,"height":300},{"@type":"BreadcrumbList","@id":"https:\/\/www.presseinvestigation.com\/index.php\/2024\/06\/07\/projet-minier-est-il-normal-de-valider-une-etude-de-faisabilite-sans-en-etablir-au-prealable-son-identite-et-sa-legalite-2\/#breadcrumb","itemListElement":[{"@type":"ListItem","position":1,"name":"Accueil","item":"https:\/\/www.presseinvestigation.com\/"},{"@type":"ListItem","position":2,"name":"Projet minier: est-il normal de valider une \u00e9tude de faisabilit\u00e9 sans en \u00e9tablir au pr\u00e9alable son identit\u00e9 et sa l\u00e9galit\u00e9 ?"}]},{"@type":"WebSite","@id":"https:\/\/www.presseinvestigation.com\/#website","url":"https:\/\/www.presseinvestigation.com\/","name":"Presseinvestigation","description":"Informer dans l&#039;impartialit\u00e9","potentialAction":[{"@type":"SearchAction","target":{"@type":"EntryPoint","urlTemplate":"https:\/\/www.presseinvestigation.com\/?s={search_term_string}"},"query-input":{"@type":"PropertyValueSpecification","valueRequired":true,"valueName":"search_term_string"}}],"inLanguage":"fr-FR"},{"@type":"Person","@id":"https:\/\/www.presseinvestigation.com\/#\/schema\/person\/a1029d031d336f4e888009a1d2c4740a","name":"Presseinvestigation.com","image":{"@type":"ImageObject","inLanguage":"fr-FR","@id":"https:\/\/secure.gravatar.com\/avatar\/c0faa0f472c43eff99fecb0bd2a1c6782e80a162c9fcb7ed2d48bb42ea619f30?s=96&d=mm&r=g","url":"https:\/\/secure.gravatar.com\/avatar\/c0faa0f472c43eff99fecb0bd2a1c6782e80a162c9fcb7ed2d48bb42ea619f30?s=96&d=mm&r=g","contentUrl":"https:\/\/secure.gravatar.com\/avatar\/c0faa0f472c43eff99fecb0bd2a1c6782e80a162c9fcb7ed2d48bb42ea619f30?s=96&d=mm&r=g","caption":"Presseinvestigation.com"},"sameAs":["https:\/\/www.presseinvestigation.com"],"url":"https:\/\/www.presseinvestigation.com\/index.php\/author\/medbi2011\/"}]}},"_links":{"self":[{"href":"https:\/\/www.presseinvestigation.com\/index.php\/wp-json\/wp\/v2\/posts\/1589","targetHints":{"allow":["GET"]}}],"collection":[{"href":"https:\/\/www.presseinvestigation.com\/index.php\/wp-json\/wp\/v2\/posts"}],"about":[{"href":"https:\/\/www.presseinvestigation.com\/index.php\/wp-json\/wp\/v2\/types\/post"}],"author":[{"embeddable":true,"href":"https:\/\/www.presseinvestigation.com\/index.php\/wp-json\/wp\/v2\/users\/1"}],"replies":[{"embeddable":true,"href":"https:\/\/www.presseinvestigation.com\/index.php\/wp-json\/wp\/v2\/comments?post=1589"}],"version-history":[{"count":1,"href":"https:\/\/www.presseinvestigation.com\/index.php\/wp-json\/wp\/v2\/posts\/1589\/revisions"}],"predecessor-version":[{"id":1590,"href":"https:\/\/www.presseinvestigation.com\/index.php\/wp-json\/wp\/v2\/posts\/1589\/revisions\/1590"}],"wp:featuredmedia":[{"embeddable":true,"href":"https:\/\/www.presseinvestigation.com\/index.php\/wp-json\/wp\/v2\/media\/1588"}],"wp:attachment":[{"href":"https:\/\/www.presseinvestigation.com\/index.php\/wp-json\/wp\/v2\/media?parent=1589"}],"wp:term":[{"taxonomy":"category","embeddable":true,"href":"https:\/\/www.presseinvestigation.com\/index.php\/wp-json\/wp\/v2\/categories?post=1589"},{"taxonomy":"post_tag","embeddable":true,"href":"https:\/\/www.presseinvestigation.com\/index.php\/wp-json\/wp\/v2\/tags?post=1589"}],"curies":[{"name":"wp","href":"https:\/\/api.w.org\/{rel}","templated":true}]}}