{"id":1610,"date":"2024-07-09T10:57:28","date_gmt":"2024-07-09T08:57:28","guid":{"rendered":"https:\/\/www.presseinvestigation.com\/?p=1610"},"modified":"2024-07-09T11:06:10","modified_gmt":"2024-07-09T09:06:10","slug":"de-la-democratie-a-la-transition-indefinie-le-paradoxe-dousmane-gaoualtribune","status":"publish","type":"post","link":"https:\/\/www.presseinvestigation.com\/index.php\/2024\/07\/09\/de-la-democratie-a-la-transition-indefinie-le-paradoxe-dousmane-gaoualtribune\/","title":{"rendered":"De la D\u00e9mocratie \u00e0 la Transition Ind\u00e9finie : Le Paradoxe d&#8217;Ousmane Gaoual(Tribune)"},"content":{"rendered":"<div id=\"m#msg-f:1804043881356588029\" class=\"mail-message expanded\">\n<div class=\"mail-message-content collapsible zoom-normal mail-show-images \">\n<div class=\"clear\">\n<div dir=\"auto\">\n<p dir=\"ltr\">Ousmane Gaoual, jadis fervent d\u00e9fenseur de la d\u00e9mocratie et de l&#8217;\u00c9tat de droit, se retrouve d\u00e9sormais au sommet de l&#8217;\u00c9tat en tant que ministre des Transports et porte-parole du gouvernement. Ce parcours, teint\u00e9 de succ\u00e8s politiques et d&#8217;engagements fervents, suscite aujourd&#8217;hui la perplexit\u00e9 et la r\u00e9flexion parmi ceux qui se souviennent de ses d\u00e9clarations d&#8217;antan, empreintes de rigueur et d&#8217;id\u00e9al d\u00e9mocratique.<\/p>\n<p dir=\"ltr\">Autrefois, Gaoual \u00e9tait connu pour ses discours vibrants et ses prises de position audacieuses en faveur de la d\u00e9mocratie, des droits de l&#8217;homme, et du respect intransigeant des institutions r\u00e9publicaines. Ses interventions publiques, souvent passionn\u00e9es, n&#8217;avaient de cesse de rappeler l&#8217;importance d&#8217;un \u00c9tat de droit fort, o\u00f9 chaque citoyen, du plus humble au plus puissant, est soumis aux m\u00eames lois et b\u00e9n\u00e9ficie des m\u00eames protections.<\/p>\n<p dir=\"ltr\">Cependant, le temps a pass\u00e9, les circonstances ont chang\u00e9, et avec elles, les postures de Gaoual. Mont\u00e9 en grade et prenant part aux plus hautes sph\u00e8res du gouvernement, il semble avoir adopt\u00e9 une perspective diff\u00e9rente, pragmatique diraient certains, opportuniste murmureront d&#8217;autres. Les id\u00e9aux d&#8217;hier sont confront\u00e9s aux r\u00e9alit\u00e9s d&#8217;aujourd&#8217;hui, et ce qui \u00e9tait jadis intransigeance et puret\u00e9 de principes para\u00eet aujourd&#8217;hui fl\u00e9chir sous le poids des n\u00e9cessit\u00e9s politiques.<\/p>\n<p dir=\"ltr\">Il est particuli\u00e8rement frappant de voir Gaoual, autrefois chantre de la stabilit\u00e9 d\u00e9mocratique et de la limitation stricte des mandats, devenir un pilier soutenant l&#8217;id\u00e9e d&#8217;une transition ind\u00e9finie. Cette transition, aux contours flous et \u00e0 la dur\u00e9e incertaine, est justifi\u00e9e par lui comme une n\u00e9cessit\u00e9 temporaire, un mal n\u00e9cessaire pour atteindre un plus grand bien. Il plaide pour la patience, pour la compr\u00e9hension, et pour une acceptation des circonstances exceptionnelles qui, selon lui, justifient des mesures exceptionnelles.<\/p>\n<p dir=\"ltr\">Pour les observateurs attentifs, cette m\u00e9tamorphose suscite bien des interrogations. Est-ce la sagesse acquise par l&#8217;exp\u00e9rience qui guide d\u00e9sormais Gaoual, ou bien s&#8217;agit-il d&#8217;un renoncement aux id\u00e9aux de jeunesse, sacrifi\u00e9s sur l&#8217;autel du r\u00e9alisme politique? Peut-\u00eatre est-il, comme tant d&#8217;autres avant lui, pris dans les rouages complexes et parfois impitoyables du pouvoir, o\u00f9 les compromis deviennent in\u00e9vitables et o\u00f9 les principes sont souvent les premi\u00e8res victimes des n\u00e9cessit\u00e9s pragmatiques.<\/p>\n<p dir=\"ltr\">Quoi qu&#8217;il en soit, le parcours d&#8217;Ousmane Gaoual demeure un cas d&#8217;\u00e9tude fascinant sur l&#8217;\u00e9volution des convictions politiques face aux responsabilit\u00e9s du pouvoir. Son ascension et son changement de position illustrent la complexit\u00e9 des dynamiques politiques o\u00f9 les id\u00e9aux peuvent \u00eatre modifi\u00e9s par la r\u00e9alit\u00e9 des fonctions. Certains peuvent voir en lui un renoncement honteux \u00e0 ses valeurs initiales, une trahison indigne de la confiance qu&#8217;il avait suscit\u00e9e. D&#8217;autres pourraient y voir une d\u00e9viation path\u00e9tique, un homme qui, sous le poids des responsabilit\u00e9s, a abandonn\u00e9 ses principes pour le confort du pouvoir.<\/p>\n<p dir=\"ltr\">L&#8217;histoire jugera si son soutien \u00e0 une transition ind\u00e9finie sera consid\u00e9r\u00e9 comme quelque chose de regrettable, une trahison de ses engagements premiers ou une manifestation de pragmatisme politique face aux d\u00e9fis du moment.<\/p>\n<div class=\"signature-text\"><\/div>\n<p>&nbsp;<\/p>\n<div class=\"signature-text\">\n<p dir=\"ltr\">Madiba kaba<\/p>\n<\/div>\n<\/div>\n<\/div>\n<\/div>\n<div class=\"mail-message-footer spacer collapsible\"><\/div>\n<\/div>\n","protected":false},"excerpt":{"rendered":"<p>Ousmane Gaoual, jadis fervent d\u00e9fenseur de la d\u00e9mocratie et de l&#8217;\u00c9tat de droit, se retrouve d\u00e9sormais au sommet de l&#8217;\u00c9tat en tant que ministre des Transports et porte-parole du gouvernement. Ce parcours, teint\u00e9 de succ\u00e8s politiques et d&#8217;engagements fervents, suscite aujourd&#8217;hui la perplexit\u00e9 et la r\u00e9flexion parmi ceux qui se souviennent de ses d\u00e9clarations d&#8217;antan, [&hellip;]<\/p>\n","protected":false},"author":2,"featured_media":1613,"comment_status":"open","ping_status":"open","sticky":false,"template":"","format":"standard","meta":{"jnews-multi-image_gallery":[],"jnews_single_post":{"source_name":"","source_url":"","via_name":"","via_url":"","override_template":"0","override":[{"template":"1","single_blog_custom":"","parallax":"1","fullscreen":"1","layout":"right-sidebar","sidebar":"default-sidebar","second_sidebar":"default-sidebar","sticky_sidebar":"1","share_position":"bottom","share_float_style":"share-monocrhome","show_share_counter":"1","show_view_counter":"1","show_featured":"1","show_post_meta":"1","show_post_author":"1","show_post_author_image":"1","show_post_date":"1","post_date_format":"default","post_date_format_custom":"Y\/m\/d","show_post_category":"1","show_post_reading_time":"0","post_reading_time_wpm":"300","show_zoom_button":"0","zoom_button_out_step":"2","zoom_button_in_step":"3","show_post_tag":"1","show_prev_next_post":"1","show_popup_post":"1","number_popup_post":"1","show_author_box":"0","show_post_related":"0","show_inline_post_related":"0"}],"override_image_size":"0","image_override":[{"single_post_thumbnail_size":"crop-500","single_post_gallery_size":"crop-500"}],"trending_post":"0","trending_post_position":"meta","trending_post_label":"Trending","sponsored_post":"0","sponsored_post_label":"Sponsored by","sponsored_post_name":"","sponsored_post_url":"","sponsored_post_logo_enable":"0","sponsored_post_logo":"","sponsored_post_desc":"","disable_ad":"0"},"jnews_primary_category":{"id":"","hide":""},"footnotes":""},"categories":[48],"tags":[],"class_list":["post-1610","post","type-post","status-publish","format-standard","has-post-thumbnail","hentry","category-opinion"],"yoast_head":"<!-- This site is optimized with the Yoast SEO plugin v27.3 - https:\/\/yoast.com\/product\/yoast-seo-wordpress\/ -->\n<title>De la D\u00e9mocratie \u00e0 la Transition Ind\u00e9finie : Le Paradoxe d&#039;Ousmane Gaoual(Tribune) - Presseinvestigation<\/title>\n<meta name=\"robots\" content=\"index, follow, max-snippet:-1, max-image-preview:large, max-video-preview:-1\" \/>\n<link rel=\"canonical\" href=\"https:\/\/www.presseinvestigation.com\/index.php\/2024\/07\/09\/de-la-democratie-a-la-transition-indefinie-le-paradoxe-dousmane-gaoualtribune\/\" \/>\n<meta property=\"og:locale\" content=\"fr_FR\" \/>\n<meta property=\"og:type\" content=\"article\" \/>\n<meta property=\"og:title\" content=\"De la D\u00e9mocratie \u00e0 la Transition Ind\u00e9finie : Le Paradoxe d&#039;Ousmane Gaoual(Tribune) - Presseinvestigation\" \/>\n<meta property=\"og:description\" content=\"Ousmane Gaoual, jadis fervent d\u00e9fenseur de la d\u00e9mocratie et de l&#8217;\u00c9tat de droit, se retrouve d\u00e9sormais au sommet de l&#8217;\u00c9tat en tant que ministre des Transports et porte-parole du gouvernement. Ce parcours, teint\u00e9 de succ\u00e8s politiques et d&#8217;engagements fervents, suscite aujourd&#8217;hui la perplexit\u00e9 et la r\u00e9flexion parmi ceux qui se souviennent de ses d\u00e9clarations d&#8217;antan, [&hellip;]\" \/>\n<meta property=\"og:url\" content=\"https:\/\/www.presseinvestigation.com\/index.php\/2024\/07\/09\/de-la-democratie-a-la-transition-indefinie-le-paradoxe-dousmane-gaoualtribune\/\" \/>\n<meta property=\"og:site_name\" content=\"Presseinvestigation\" \/>\n<meta property=\"article:published_time\" content=\"2024-07-09T08:57:28+00:00\" \/>\n<meta property=\"article:modified_time\" content=\"2024-07-09T09:06:10+00:00\" \/>\n<meta property=\"og:image\" content=\"https:\/\/www.presseinvestigation.com\/wp-content\/uploads\/2024\/07\/IMG-20240708-WA00022.jpg\" \/>\n\t<meta property=\"og:image:width\" content=\"622\" \/>\n\t<meta property=\"og:image:height\" content=\"468\" \/>\n\t<meta property=\"og:image:type\" content=\"image\/jpeg\" \/>\n<meta name=\"author\" content=\"Presseinvestigation.com\" \/>\n<meta name=\"twitter:card\" content=\"summary_large_image\" \/>\n<meta name=\"twitter:label1\" content=\"\u00c9crit par\" \/>\n\t<meta name=\"twitter:data1\" content=\"Presseinvestigation.com\" \/>\n\t<meta name=\"twitter:label2\" content=\"Dur\u00e9e de lecture estim\u00e9e\" \/>\n\t<meta name=\"twitter:data2\" content=\"3 minutes\" \/>\n<script type=\"application\/ld+json\" class=\"yoast-schema-graph\">{\"@context\":\"https:\\\/\\\/schema.org\",\"@graph\":[{\"@type\":\"Article\",\"@id\":\"https:\\\/\\\/www.presseinvestigation.com\\\/index.php\\\/2024\\\/07\\\/09\\\/de-la-democratie-a-la-transition-indefinie-le-paradoxe-dousmane-gaoualtribune\\\/#article\",\"isPartOf\":{\"@id\":\"https:\\\/\\\/www.presseinvestigation.com\\\/index.php\\\/2024\\\/07\\\/09\\\/de-la-democratie-a-la-transition-indefinie-le-paradoxe-dousmane-gaoualtribune\\\/\"},\"author\":{\"name\":\"Presseinvestigation.com\",\"@id\":\"https:\\\/\\\/www.presseinvestigation.com\\\/#\\\/schema\\\/person\\\/32d023733a4a9d7c3bd6883619b8f116\"},\"headline\":\"De la D\u00e9mocratie \u00e0 la Transition Ind\u00e9finie : Le Paradoxe d&#8217;Ousmane Gaoual(Tribune)\",\"datePublished\":\"2024-07-09T08:57:28+00:00\",\"dateModified\":\"2024-07-09T09:06:10+00:00\",\"mainEntityOfPage\":{\"@id\":\"https:\\\/\\\/www.presseinvestigation.com\\\/index.php\\\/2024\\\/07\\\/09\\\/de-la-democratie-a-la-transition-indefinie-le-paradoxe-dousmane-gaoualtribune\\\/\"},\"wordCount\":564,\"commentCount\":0,\"image\":{\"@id\":\"https:\\\/\\\/www.presseinvestigation.com\\\/index.php\\\/2024\\\/07\\\/09\\\/de-la-democratie-a-la-transition-indefinie-le-paradoxe-dousmane-gaoualtribune\\\/#primaryimage\"},\"thumbnailUrl\":\"https:\\\/\\\/www.presseinvestigation.com\\\/wp-content\\\/uploads\\\/2024\\\/07\\\/IMG-20240708-WA00022.jpg\",\"articleSection\":[\"Opinion\"],\"inLanguage\":\"fr-FR\",\"potentialAction\":[{\"@type\":\"CommentAction\",\"name\":\"Comment\",\"target\":[\"https:\\\/\\\/www.presseinvestigation.com\\\/index.php\\\/2024\\\/07\\\/09\\\/de-la-democratie-a-la-transition-indefinie-le-paradoxe-dousmane-gaoualtribune\\\/#respond\"]}]},{\"@type\":\"WebPage\",\"@id\":\"https:\\\/\\\/www.presseinvestigation.com\\\/index.php\\\/2024\\\/07\\\/09\\\/de-la-democratie-a-la-transition-indefinie-le-paradoxe-dousmane-gaoualtribune\\\/\",\"url\":\"https:\\\/\\\/www.presseinvestigation.com\\\/index.php\\\/2024\\\/07\\\/09\\\/de-la-democratie-a-la-transition-indefinie-le-paradoxe-dousmane-gaoualtribune\\\/\",\"name\":\"De la D\u00e9mocratie \u00e0 la Transition Ind\u00e9finie : Le Paradoxe d'Ousmane Gaoual(Tribune) - Presseinvestigation\",\"isPartOf\":{\"@id\":\"https:\\\/\\\/www.presseinvestigation.com\\\/#website\"},\"primaryImageOfPage\":{\"@id\":\"https:\\\/\\\/www.presseinvestigation.com\\\/index.php\\\/2024\\\/07\\\/09\\\/de-la-democratie-a-la-transition-indefinie-le-paradoxe-dousmane-gaoualtribune\\\/#primaryimage\"},\"image\":{\"@id\":\"https:\\\/\\\/www.presseinvestigation.com\\\/index.php\\\/2024\\\/07\\\/09\\\/de-la-democratie-a-la-transition-indefinie-le-paradoxe-dousmane-gaoualtribune\\\/#primaryimage\"},\"thumbnailUrl\":\"https:\\\/\\\/www.presseinvestigation.com\\\/wp-content\\\/uploads\\\/2024\\\/07\\\/IMG-20240708-WA00022.jpg\",\"datePublished\":\"2024-07-09T08:57:28+00:00\",\"dateModified\":\"2024-07-09T09:06:10+00:00\",\"author\":{\"@id\":\"https:\\\/\\\/www.presseinvestigation.com\\\/#\\\/schema\\\/person\\\/32d023733a4a9d7c3bd6883619b8f116\"},\"breadcrumb\":{\"@id\":\"https:\\\/\\\/www.presseinvestigation.com\\\/index.php\\\/2024\\\/07\\\/09\\\/de-la-democratie-a-la-transition-indefinie-le-paradoxe-dousmane-gaoualtribune\\\/#breadcrumb\"},\"inLanguage\":\"fr-FR\",\"potentialAction\":[{\"@type\":\"ReadAction\",\"target\":[\"https:\\\/\\\/www.presseinvestigation.com\\\/index.php\\\/2024\\\/07\\\/09\\\/de-la-democratie-a-la-transition-indefinie-le-paradoxe-dousmane-gaoualtribune\\\/\"]}]},{\"@type\":\"ImageObject\",\"inLanguage\":\"fr-FR\",\"@id\":\"https:\\\/\\\/www.presseinvestigation.com\\\/index.php\\\/2024\\\/07\\\/09\\\/de-la-democratie-a-la-transition-indefinie-le-paradoxe-dousmane-gaoualtribune\\\/#primaryimage\",\"url\":\"https:\\\/\\\/www.presseinvestigation.com\\\/wp-content\\\/uploads\\\/2024\\\/07\\\/IMG-20240708-WA00022.jpg\",\"contentUrl\":\"https:\\\/\\\/www.presseinvestigation.com\\\/wp-content\\\/uploads\\\/2024\\\/07\\\/IMG-20240708-WA00022.jpg\",\"width\":622,\"height\":468},{\"@type\":\"BreadcrumbList\",\"@id\":\"https:\\\/\\\/www.presseinvestigation.com\\\/index.php\\\/2024\\\/07\\\/09\\\/de-la-democratie-a-la-transition-indefinie-le-paradoxe-dousmane-gaoualtribune\\\/#breadcrumb\",\"itemListElement\":[{\"@type\":\"ListItem\",\"position\":1,\"name\":\"Accueil\",\"item\":\"https:\\\/\\\/www.presseinvestigation.com\\\/\"},{\"@type\":\"ListItem\",\"position\":2,\"name\":\"De la D\u00e9mocratie \u00e0 la Transition Ind\u00e9finie : Le Paradoxe d&#8217;Ousmane Gaoual(Tribune)\"}]},{\"@type\":\"WebSite\",\"@id\":\"https:\\\/\\\/www.presseinvestigation.com\\\/#website\",\"url\":\"https:\\\/\\\/www.presseinvestigation.com\\\/\",\"name\":\"Presseinvestigation\",\"description\":\"Informer dans l&#039;impartialit\u00e9\",\"potentialAction\":[{\"@type\":\"SearchAction\",\"target\":{\"@type\":\"EntryPoint\",\"urlTemplate\":\"https:\\\/\\\/www.presseinvestigation.com\\\/?s={search_term_string}\"},\"query-input\":{\"@type\":\"PropertyValueSpecification\",\"valueRequired\":true,\"valueName\":\"search_term_string\"}}],\"inLanguage\":\"fr-FR\"},{\"@type\":\"Person\",\"@id\":\"https:\\\/\\\/www.presseinvestigation.com\\\/#\\\/schema\\\/person\\\/32d023733a4a9d7c3bd6883619b8f116\",\"name\":\"Presseinvestigation.com\",\"image\":{\"@type\":\"ImageObject\",\"inLanguage\":\"fr-FR\",\"@id\":\"https:\\\/\\\/secure.gravatar.com\\\/avatar\\\/26f9c9e95424b0bde739ba0af37ee39a9e4a9e809967422c5b8e8573a34fbbe0?s=96&d=mm&r=g\",\"url\":\"https:\\\/\\\/secure.gravatar.com\\\/avatar\\\/26f9c9e95424b0bde739ba0af37ee39a9e4a9e809967422c5b8e8573a34fbbe0?s=96&d=mm&r=g\",\"contentUrl\":\"https:\\\/\\\/secure.gravatar.com\\\/avatar\\\/26f9c9e95424b0bde739ba0af37ee39a9e4a9e809967422c5b8e8573a34fbbe0?s=96&d=mm&r=g\",\"caption\":\"Presseinvestigation.com\"},\"url\":\"https:\\\/\\\/www.presseinvestigation.com\\\/index.php\\\/author\\\/toumany\\\/\"}]}<\/script>\n<!-- \/ Yoast SEO plugin. -->","yoast_head_json":{"title":"De la D\u00e9mocratie \u00e0 la Transition Ind\u00e9finie : Le Paradoxe d'Ousmane Gaoual(Tribune) - Presseinvestigation","robots":{"index":"index","follow":"follow","max-snippet":"max-snippet:-1","max-image-preview":"max-image-preview:large","max-video-preview":"max-video-preview:-1"},"canonical":"https:\/\/www.presseinvestigation.com\/index.php\/2024\/07\/09\/de-la-democratie-a-la-transition-indefinie-le-paradoxe-dousmane-gaoualtribune\/","og_locale":"fr_FR","og_type":"article","og_title":"De la D\u00e9mocratie \u00e0 la Transition Ind\u00e9finie : Le Paradoxe d'Ousmane Gaoual(Tribune) - Presseinvestigation","og_description":"Ousmane Gaoual, jadis fervent d\u00e9fenseur de la d\u00e9mocratie et de l&#8217;\u00c9tat de droit, se retrouve d\u00e9sormais au sommet de l&#8217;\u00c9tat en tant que ministre des Transports et porte-parole du gouvernement. Ce parcours, teint\u00e9 de succ\u00e8s politiques et d&#8217;engagements fervents, suscite aujourd&#8217;hui la perplexit\u00e9 et la r\u00e9flexion parmi ceux qui se souviennent de ses d\u00e9clarations d&#8217;antan, [&hellip;]","og_url":"https:\/\/www.presseinvestigation.com\/index.php\/2024\/07\/09\/de-la-democratie-a-la-transition-indefinie-le-paradoxe-dousmane-gaoualtribune\/","og_site_name":"Presseinvestigation","article_published_time":"2024-07-09T08:57:28+00:00","article_modified_time":"2024-07-09T09:06:10+00:00","og_image":[{"width":622,"height":468,"url":"https:\/\/www.presseinvestigation.com\/wp-content\/uploads\/2024\/07\/IMG-20240708-WA00022.jpg","type":"image\/jpeg"}],"author":"Presseinvestigation.com","twitter_card":"summary_large_image","twitter_misc":{"\u00c9crit par":"Presseinvestigation.com","Dur\u00e9e de lecture estim\u00e9e":"3 minutes"},"schema":{"@context":"https:\/\/schema.org","@graph":[{"@type":"Article","@id":"https:\/\/www.presseinvestigation.com\/index.php\/2024\/07\/09\/de-la-democratie-a-la-transition-indefinie-le-paradoxe-dousmane-gaoualtribune\/#article","isPartOf":{"@id":"https:\/\/www.presseinvestigation.com\/index.php\/2024\/07\/09\/de-la-democratie-a-la-transition-indefinie-le-paradoxe-dousmane-gaoualtribune\/"},"author":{"name":"Presseinvestigation.com","@id":"https:\/\/www.presseinvestigation.com\/#\/schema\/person\/32d023733a4a9d7c3bd6883619b8f116"},"headline":"De la D\u00e9mocratie \u00e0 la Transition Ind\u00e9finie : Le Paradoxe d&#8217;Ousmane Gaoual(Tribune)","datePublished":"2024-07-09T08:57:28+00:00","dateModified":"2024-07-09T09:06:10+00:00","mainEntityOfPage":{"@id":"https:\/\/www.presseinvestigation.com\/index.php\/2024\/07\/09\/de-la-democratie-a-la-transition-indefinie-le-paradoxe-dousmane-gaoualtribune\/"},"wordCount":564,"commentCount":0,"image":{"@id":"https:\/\/www.presseinvestigation.com\/index.php\/2024\/07\/09\/de-la-democratie-a-la-transition-indefinie-le-paradoxe-dousmane-gaoualtribune\/#primaryimage"},"thumbnailUrl":"https:\/\/www.presseinvestigation.com\/wp-content\/uploads\/2024\/07\/IMG-20240708-WA00022.jpg","articleSection":["Opinion"],"inLanguage":"fr-FR","potentialAction":[{"@type":"CommentAction","name":"Comment","target":["https:\/\/www.presseinvestigation.com\/index.php\/2024\/07\/09\/de-la-democratie-a-la-transition-indefinie-le-paradoxe-dousmane-gaoualtribune\/#respond"]}]},{"@type":"WebPage","@id":"https:\/\/www.presseinvestigation.com\/index.php\/2024\/07\/09\/de-la-democratie-a-la-transition-indefinie-le-paradoxe-dousmane-gaoualtribune\/","url":"https:\/\/www.presseinvestigation.com\/index.php\/2024\/07\/09\/de-la-democratie-a-la-transition-indefinie-le-paradoxe-dousmane-gaoualtribune\/","name":"De la D\u00e9mocratie \u00e0 la Transition Ind\u00e9finie : Le Paradoxe d'Ousmane Gaoual(Tribune) - Presseinvestigation","isPartOf":{"@id":"https:\/\/www.presseinvestigation.com\/#website"},"primaryImageOfPage":{"@id":"https:\/\/www.presseinvestigation.com\/index.php\/2024\/07\/09\/de-la-democratie-a-la-transition-indefinie-le-paradoxe-dousmane-gaoualtribune\/#primaryimage"},"image":{"@id":"https:\/\/www.presseinvestigation.com\/index.php\/2024\/07\/09\/de-la-democratie-a-la-transition-indefinie-le-paradoxe-dousmane-gaoualtribune\/#primaryimage"},"thumbnailUrl":"https:\/\/www.presseinvestigation.com\/wp-content\/uploads\/2024\/07\/IMG-20240708-WA00022.jpg","datePublished":"2024-07-09T08:57:28+00:00","dateModified":"2024-07-09T09:06:10+00:00","author":{"@id":"https:\/\/www.presseinvestigation.com\/#\/schema\/person\/32d023733a4a9d7c3bd6883619b8f116"},"breadcrumb":{"@id":"https:\/\/www.presseinvestigation.com\/index.php\/2024\/07\/09\/de-la-democratie-a-la-transition-indefinie-le-paradoxe-dousmane-gaoualtribune\/#breadcrumb"},"inLanguage":"fr-FR","potentialAction":[{"@type":"ReadAction","target":["https:\/\/www.presseinvestigation.com\/index.php\/2024\/07\/09\/de-la-democratie-a-la-transition-indefinie-le-paradoxe-dousmane-gaoualtribune\/"]}]},{"@type":"ImageObject","inLanguage":"fr-FR","@id":"https:\/\/www.presseinvestigation.com\/index.php\/2024\/07\/09\/de-la-democratie-a-la-transition-indefinie-le-paradoxe-dousmane-gaoualtribune\/#primaryimage","url":"https:\/\/www.presseinvestigation.com\/wp-content\/uploads\/2024\/07\/IMG-20240708-WA00022.jpg","contentUrl":"https:\/\/www.presseinvestigation.com\/wp-content\/uploads\/2024\/07\/IMG-20240708-WA00022.jpg","width":622,"height":468},{"@type":"BreadcrumbList","@id":"https:\/\/www.presseinvestigation.com\/index.php\/2024\/07\/09\/de-la-democratie-a-la-transition-indefinie-le-paradoxe-dousmane-gaoualtribune\/#breadcrumb","itemListElement":[{"@type":"ListItem","position":1,"name":"Accueil","item":"https:\/\/www.presseinvestigation.com\/"},{"@type":"ListItem","position":2,"name":"De la D\u00e9mocratie \u00e0 la Transition Ind\u00e9finie : Le Paradoxe d&#8217;Ousmane Gaoual(Tribune)"}]},{"@type":"WebSite","@id":"https:\/\/www.presseinvestigation.com\/#website","url":"https:\/\/www.presseinvestigation.com\/","name":"Presseinvestigation","description":"Informer dans l&#039;impartialit\u00e9","potentialAction":[{"@type":"SearchAction","target":{"@type":"EntryPoint","urlTemplate":"https:\/\/www.presseinvestigation.com\/?s={search_term_string}"},"query-input":{"@type":"PropertyValueSpecification","valueRequired":true,"valueName":"search_term_string"}}],"inLanguage":"fr-FR"},{"@type":"Person","@id":"https:\/\/www.presseinvestigation.com\/#\/schema\/person\/32d023733a4a9d7c3bd6883619b8f116","name":"Presseinvestigation.com","image":{"@type":"ImageObject","inLanguage":"fr-FR","@id":"https:\/\/secure.gravatar.com\/avatar\/26f9c9e95424b0bde739ba0af37ee39a9e4a9e809967422c5b8e8573a34fbbe0?s=96&d=mm&r=g","url":"https:\/\/secure.gravatar.com\/avatar\/26f9c9e95424b0bde739ba0af37ee39a9e4a9e809967422c5b8e8573a34fbbe0?s=96&d=mm&r=g","contentUrl":"https:\/\/secure.gravatar.com\/avatar\/26f9c9e95424b0bde739ba0af37ee39a9e4a9e809967422c5b8e8573a34fbbe0?s=96&d=mm&r=g","caption":"Presseinvestigation.com"},"url":"https:\/\/www.presseinvestigation.com\/index.php\/author\/toumany\/"}]}},"_links":{"self":[{"href":"https:\/\/www.presseinvestigation.com\/index.php\/wp-json\/wp\/v2\/posts\/1610","targetHints":{"allow":["GET"]}}],"collection":[{"href":"https:\/\/www.presseinvestigation.com\/index.php\/wp-json\/wp\/v2\/posts"}],"about":[{"href":"https:\/\/www.presseinvestigation.com\/index.php\/wp-json\/wp\/v2\/types\/post"}],"author":[{"embeddable":true,"href":"https:\/\/www.presseinvestigation.com\/index.php\/wp-json\/wp\/v2\/users\/2"}],"replies":[{"embeddable":true,"href":"https:\/\/www.presseinvestigation.com\/index.php\/wp-json\/wp\/v2\/comments?post=1610"}],"version-history":[{"count":1,"href":"https:\/\/www.presseinvestigation.com\/index.php\/wp-json\/wp\/v2\/posts\/1610\/revisions"}],"predecessor-version":[{"id":1611,"href":"https:\/\/www.presseinvestigation.com\/index.php\/wp-json\/wp\/v2\/posts\/1610\/revisions\/1611"}],"wp:featuredmedia":[{"embeddable":true,"href":"https:\/\/www.presseinvestigation.com\/index.php\/wp-json\/wp\/v2\/media\/1613"}],"wp:attachment":[{"href":"https:\/\/www.presseinvestigation.com\/index.php\/wp-json\/wp\/v2\/media?parent=1610"}],"wp:term":[{"taxonomy":"category","embeddable":true,"href":"https:\/\/www.presseinvestigation.com\/index.php\/wp-json\/wp\/v2\/categories?post=1610"},{"taxonomy":"post_tag","embeddable":true,"href":"https:\/\/www.presseinvestigation.com\/index.php\/wp-json\/wp\/v2\/tags?post=1610"}],"curies":[{"name":"wp","href":"https:\/\/api.w.org\/{rel}","templated":true}]}}