{"id":1658,"date":"2024-08-24T12:49:51","date_gmt":"2024-08-24T10:49:51","guid":{"rendered":"https:\/\/www.presseinvestigation.com\/index.php\/2024\/08\/24\/pourquoi-celebrer-les-18-ans-de-carriere-de-petit-kandia\/"},"modified":"2024-08-24T12:49:51","modified_gmt":"2024-08-24T10:49:51","slug":"pourquoi-celebrer-les-18-ans-de-carriere-de-petit-kandia","status":"publish","type":"post","link":"https:\/\/www.presseinvestigation.com\/index.php\/2024\/08\/24\/pourquoi-celebrer-les-18-ans-de-carriere-de-petit-kandia\/","title":{"rendered":"Pourquoi c\u00e9l\u00e9brer les 18 ans de carri\u00e8re de Petit Kandia ?"},"content":{"rendered":"<ol>\n<li dir=\"auto\">L\u2019enfant de Kampony, Petit Kandia, n\u2019est pas simplement un musicien ; il est l\u2019\u00e9manation d\u2019un h\u00e9ritage culturel profond\u00e9ment enracin\u00e9 dans la tradition mandingue. Depuis le 26 ao\u00fbt 2006, date m\u00e9morable de la sortie de son premier album, cet artiste prodige a su, avec une rare finesse, captiver l\u2019attention des m\u00e9lomanes. Son ascension fulgurante, marqu\u00e9e par le succ\u00e8s retentissant de sa chanson embl\u00e9matique *Nkanou*\u2014une sonorit\u00e9 Djakanke devenue virale\u2014l\u2019a propuls\u00e9 sur le devant de la sc\u00e8ne musicale, o\u00f9 il n\u2019a cess\u00e9 de rayonner.\n<p>C\u00e9l\u00e9brer les 18 ans de carri\u00e8re de Petit Kandia, c\u2019est avant tout rendre hommage \u00e0 une voix qui, tout en demeurant profond\u00e9ment ancr\u00e9e dans ses racines, a su se r\u00e9inventer et \u00e9voluer au fil des ans. Ses compositions, sublim\u00e9es par sa marque de musique *Saoura*, ne se contentent pas de divertir ; elles \u00e9duquent, inspirent et transcendent les g\u00e9n\u00e9rations. En fusionnant les sonorit\u00e9s mandingues avec des influences contemporaines telles que le pop, le jazz ou encore la soul, Petit Kandia a forg\u00e9 une identit\u00e9 musicale singuli\u00e8re, o\u00f9 l\u2019authenticit\u00e9 se m\u00eale harmonieusement \u00e0 la modernit\u00e9.<br \/><a href=\"https:\/\/www.presseinvestigation.com\/wp-content\/uploads\/2024\/08\/IMG-20240823-WA0003.jpg\"><img decoding=\"async\" class=\"attachment-full size-full\" src=\"https:\/\/www.presseinvestigation.com\/wp-content\/uploads\/2024\/08\/IMG-20240823-WA0003.jpg\" alt=\"\" \/><\/a><\/p>\n<p>Mais au-del\u00e0 de la musique, Petit Kandia est un v\u00e9ritable ambassadeur de la culture guin\u00e9enne. Son parcours incarne la r\u00e9silience, la pers\u00e9v\u00e9rance, et la cr\u00e9ativit\u00e9, offrant aux jeunes artistes une figure tut\u00e9laire digne d\u2019admiration. \u00c0 travers ses \u0153uvres, il porte haut les couleurs de la Guin\u00e9e, faisant r\u00e9sonner la richesse culturelle de son pays bien au-del\u00e0 de ses fronti\u00e8res.<\/p>\n<p>En c\u00e9l\u00e9brant cet anniversaire, nous ne saluons pas seulement un artiste, mais un b\u00e2tisseur de ponts entre le pass\u00e9 et le pr\u00e9sent, entre la tradition et l\u2019innovation. Les 18 ans de carri\u00e8re de Petit Kandia ne sont pas seulement un jalon dans une vie artistique ; ils marquent le d\u00e9but d\u2019une nouvelle \u00e8re, celle d\u2019un artiste qui continuera sans nul doute \u00e0 illuminer la sc\u00e8ne musicale et \u00e0 faire vibrer les c\u0153urs des m\u00e9lomanes.<\/p>\n<\/li>\n<\/ol>\n<div dir=\"auto\">\u00a0<\/div>\n<div dir=\"auto\">Madiba kaba\u00a0<\/div>\n<div id=\"m_45340896113759501composer_signature\" dir=\"auto\">\n<div dir=\"auto\">Envoy\u00e9 depuis mon appareil Galaxy<\/div>\n<\/div>\n","protected":false},"excerpt":{"rendered":"<p>L\u2019enfant de Kampony, Petit Kandia, n\u2019est pas simplement un musicien ; il est l\u2019\u00e9manation d\u2019un h\u00e9ritage culturel profond\u00e9ment enracin\u00e9 dans la tradition mandingue. Depuis le 26 ao\u00fbt 2006, date m\u00e9morable de la sortie de son premier album, cet artiste prodige a su, avec une rare finesse, captiver l\u2019attention des m\u00e9lomanes. Son ascension fulgurante, marqu\u00e9e par [&hellip;]<\/p>\n","protected":false},"author":1,"featured_media":1657,"comment_status":"open","ping_status":"open","sticky":false,"template":"","format":"standard","meta":{"jnews-multi-image_gallery":[],"jnews_single_post":[],"jnews_primary_category":[],"footnotes":""},"categories":[43],"tags":[],"class_list":["post-1658","post","type-post","status-publish","format-standard","has-post-thumbnail","hentry","category-culture"],"yoast_head":"<!-- This site is optimized with the Yoast SEO plugin v27.3 - https:\/\/yoast.com\/product\/yoast-seo-wordpress\/ -->\n<title>Pourquoi c\u00e9l\u00e9brer les 18 ans de carri\u00e8re de Petit Kandia ? - Presseinvestigation<\/title>\n<meta name=\"robots\" content=\"index, follow, max-snippet:-1, max-image-preview:large, max-video-preview:-1\" \/>\n<link rel=\"canonical\" href=\"https:\/\/www.presseinvestigation.com\/index.php\/2024\/08\/24\/pourquoi-celebrer-les-18-ans-de-carriere-de-petit-kandia\/\" \/>\n<meta property=\"og:locale\" content=\"fr_FR\" \/>\n<meta property=\"og:type\" content=\"article\" \/>\n<meta property=\"og:title\" content=\"Pourquoi c\u00e9l\u00e9brer les 18 ans de carri\u00e8re de Petit Kandia ? - Presseinvestigation\" \/>\n<meta property=\"og:description\" content=\"L\u2019enfant de Kampony, Petit Kandia, n\u2019est pas simplement un musicien ; il est l\u2019\u00e9manation d\u2019un h\u00e9ritage culturel profond\u00e9ment enracin\u00e9 dans la tradition mandingue. Depuis le 26 ao\u00fbt 2006, date m\u00e9morable de la sortie de son premier album, cet artiste prodige a su, avec une rare finesse, captiver l\u2019attention des m\u00e9lomanes. Son ascension fulgurante, marqu\u00e9e par [&hellip;]\" \/>\n<meta property=\"og:url\" content=\"https:\/\/www.presseinvestigation.com\/index.php\/2024\/08\/24\/pourquoi-celebrer-les-18-ans-de-carriere-de-petit-kandia\/\" \/>\n<meta property=\"og:site_name\" content=\"Presseinvestigation\" \/>\n<meta property=\"article:published_time\" content=\"2024-08-24T10:49:51+00:00\" \/>\n<meta property=\"og:image\" content=\"https:\/\/www.presseinvestigation.com\/wp-content\/uploads\/2024\/08\/IMG-20240823-WA0004.jpg\" \/>\n\t<meta property=\"og:image:width\" content=\"1280\" \/>\n\t<meta property=\"og:image:height\" content=\"854\" \/>\n\t<meta property=\"og:image:type\" content=\"image\/jpeg\" \/>\n<meta name=\"author\" content=\"Presseinvestigation.com\" \/>\n<meta name=\"twitter:card\" content=\"summary_large_image\" \/>\n<meta name=\"twitter:label1\" content=\"\u00c9crit par\" \/>\n\t<meta name=\"twitter:data1\" content=\"Presseinvestigation.com\" \/>\n\t<meta name=\"twitter:label2\" content=\"Dur\u00e9e de lecture estim\u00e9e\" \/>\n\t<meta name=\"twitter:data2\" content=\"2 minutes\" \/>\n<script type=\"application\/ld+json\" class=\"yoast-schema-graph\">{\"@context\":\"https:\\\/\\\/schema.org\",\"@graph\":[{\"@type\":\"Article\",\"@id\":\"https:\\\/\\\/www.presseinvestigation.com\\\/index.php\\\/2024\\\/08\\\/24\\\/pourquoi-celebrer-les-18-ans-de-carriere-de-petit-kandia\\\/#article\",\"isPartOf\":{\"@id\":\"https:\\\/\\\/www.presseinvestigation.com\\\/index.php\\\/2024\\\/08\\\/24\\\/pourquoi-celebrer-les-18-ans-de-carriere-de-petit-kandia\\\/\"},\"author\":{\"name\":\"Presseinvestigation.com\",\"@id\":\"https:\\\/\\\/www.presseinvestigation.com\\\/#\\\/schema\\\/person\\\/a1029d031d336f4e888009a1d2c4740a\"},\"headline\":\"Pourquoi c\u00e9l\u00e9brer les 18 ans de carri\u00e8re de Petit Kandia ?\",\"datePublished\":\"2024-08-24T10:49:51+00:00\",\"mainEntityOfPage\":{\"@id\":\"https:\\\/\\\/www.presseinvestigation.com\\\/index.php\\\/2024\\\/08\\\/24\\\/pourquoi-celebrer-les-18-ans-de-carriere-de-petit-kandia\\\/\"},\"wordCount\":370,\"commentCount\":0,\"image\":{\"@id\":\"https:\\\/\\\/www.presseinvestigation.com\\\/index.php\\\/2024\\\/08\\\/24\\\/pourquoi-celebrer-les-18-ans-de-carriere-de-petit-kandia\\\/#primaryimage\"},\"thumbnailUrl\":\"https:\\\/\\\/www.presseinvestigation.com\\\/wp-content\\\/uploads\\\/2024\\\/08\\\/IMG-20240823-WA0004.jpg\",\"articleSection\":[\"Culture\"],\"inLanguage\":\"fr-FR\",\"potentialAction\":[{\"@type\":\"CommentAction\",\"name\":\"Comment\",\"target\":[\"https:\\\/\\\/www.presseinvestigation.com\\\/index.php\\\/2024\\\/08\\\/24\\\/pourquoi-celebrer-les-18-ans-de-carriere-de-petit-kandia\\\/#respond\"]}]},{\"@type\":\"WebPage\",\"@id\":\"https:\\\/\\\/www.presseinvestigation.com\\\/index.php\\\/2024\\\/08\\\/24\\\/pourquoi-celebrer-les-18-ans-de-carriere-de-petit-kandia\\\/\",\"url\":\"https:\\\/\\\/www.presseinvestigation.com\\\/index.php\\\/2024\\\/08\\\/24\\\/pourquoi-celebrer-les-18-ans-de-carriere-de-petit-kandia\\\/\",\"name\":\"Pourquoi c\u00e9l\u00e9brer les 18 ans de carri\u00e8re de Petit Kandia ? - Presseinvestigation\",\"isPartOf\":{\"@id\":\"https:\\\/\\\/www.presseinvestigation.com\\\/#website\"},\"primaryImageOfPage\":{\"@id\":\"https:\\\/\\\/www.presseinvestigation.com\\\/index.php\\\/2024\\\/08\\\/24\\\/pourquoi-celebrer-les-18-ans-de-carriere-de-petit-kandia\\\/#primaryimage\"},\"image\":{\"@id\":\"https:\\\/\\\/www.presseinvestigation.com\\\/index.php\\\/2024\\\/08\\\/24\\\/pourquoi-celebrer-les-18-ans-de-carriere-de-petit-kandia\\\/#primaryimage\"},\"thumbnailUrl\":\"https:\\\/\\\/www.presseinvestigation.com\\\/wp-content\\\/uploads\\\/2024\\\/08\\\/IMG-20240823-WA0004.jpg\",\"datePublished\":\"2024-08-24T10:49:51+00:00\",\"author\":{\"@id\":\"https:\\\/\\\/www.presseinvestigation.com\\\/#\\\/schema\\\/person\\\/a1029d031d336f4e888009a1d2c4740a\"},\"breadcrumb\":{\"@id\":\"https:\\\/\\\/www.presseinvestigation.com\\\/index.php\\\/2024\\\/08\\\/24\\\/pourquoi-celebrer-les-18-ans-de-carriere-de-petit-kandia\\\/#breadcrumb\"},\"inLanguage\":\"fr-FR\",\"potentialAction\":[{\"@type\":\"ReadAction\",\"target\":[\"https:\\\/\\\/www.presseinvestigation.com\\\/index.php\\\/2024\\\/08\\\/24\\\/pourquoi-celebrer-les-18-ans-de-carriere-de-petit-kandia\\\/\"]}]},{\"@type\":\"ImageObject\",\"inLanguage\":\"fr-FR\",\"@id\":\"https:\\\/\\\/www.presseinvestigation.com\\\/index.php\\\/2024\\\/08\\\/24\\\/pourquoi-celebrer-les-18-ans-de-carriere-de-petit-kandia\\\/#primaryimage\",\"url\":\"https:\\\/\\\/www.presseinvestigation.com\\\/wp-content\\\/uploads\\\/2024\\\/08\\\/IMG-20240823-WA0004.jpg\",\"contentUrl\":\"https:\\\/\\\/www.presseinvestigation.com\\\/wp-content\\\/uploads\\\/2024\\\/08\\\/IMG-20240823-WA0004.jpg\",\"width\":1280,\"height\":854},{\"@type\":\"BreadcrumbList\",\"@id\":\"https:\\\/\\\/www.presseinvestigation.com\\\/index.php\\\/2024\\\/08\\\/24\\\/pourquoi-celebrer-les-18-ans-de-carriere-de-petit-kandia\\\/#breadcrumb\",\"itemListElement\":[{\"@type\":\"ListItem\",\"position\":1,\"name\":\"Accueil\",\"item\":\"https:\\\/\\\/www.presseinvestigation.com\\\/\"},{\"@type\":\"ListItem\",\"position\":2,\"name\":\"Pourquoi c\u00e9l\u00e9brer les 18 ans de carri\u00e8re de Petit Kandia ?\"}]},{\"@type\":\"WebSite\",\"@id\":\"https:\\\/\\\/www.presseinvestigation.com\\\/#website\",\"url\":\"https:\\\/\\\/www.presseinvestigation.com\\\/\",\"name\":\"Presseinvestigation\",\"description\":\"Informer dans l&#039;impartialit\u00e9\",\"potentialAction\":[{\"@type\":\"SearchAction\",\"target\":{\"@type\":\"EntryPoint\",\"urlTemplate\":\"https:\\\/\\\/www.presseinvestigation.com\\\/?s={search_term_string}\"},\"query-input\":{\"@type\":\"PropertyValueSpecification\",\"valueRequired\":true,\"valueName\":\"search_term_string\"}}],\"inLanguage\":\"fr-FR\"},{\"@type\":\"Person\",\"@id\":\"https:\\\/\\\/www.presseinvestigation.com\\\/#\\\/schema\\\/person\\\/a1029d031d336f4e888009a1d2c4740a\",\"name\":\"Presseinvestigation.com\",\"image\":{\"@type\":\"ImageObject\",\"inLanguage\":\"fr-FR\",\"@id\":\"https:\\\/\\\/secure.gravatar.com\\\/avatar\\\/c0faa0f472c43eff99fecb0bd2a1c6782e80a162c9fcb7ed2d48bb42ea619f30?s=96&d=mm&r=g\",\"url\":\"https:\\\/\\\/secure.gravatar.com\\\/avatar\\\/c0faa0f472c43eff99fecb0bd2a1c6782e80a162c9fcb7ed2d48bb42ea619f30?s=96&d=mm&r=g\",\"contentUrl\":\"https:\\\/\\\/secure.gravatar.com\\\/avatar\\\/c0faa0f472c43eff99fecb0bd2a1c6782e80a162c9fcb7ed2d48bb42ea619f30?s=96&d=mm&r=g\",\"caption\":\"Presseinvestigation.com\"},\"sameAs\":[\"https:\\\/\\\/www.presseinvestigation.com\"],\"url\":\"https:\\\/\\\/www.presseinvestigation.com\\\/index.php\\\/author\\\/medbi2011\\\/\"}]}<\/script>\n<!-- \/ Yoast SEO plugin. -->","yoast_head_json":{"title":"Pourquoi c\u00e9l\u00e9brer les 18 ans de carri\u00e8re de Petit Kandia ? - Presseinvestigation","robots":{"index":"index","follow":"follow","max-snippet":"max-snippet:-1","max-image-preview":"max-image-preview:large","max-video-preview":"max-video-preview:-1"},"canonical":"https:\/\/www.presseinvestigation.com\/index.php\/2024\/08\/24\/pourquoi-celebrer-les-18-ans-de-carriere-de-petit-kandia\/","og_locale":"fr_FR","og_type":"article","og_title":"Pourquoi c\u00e9l\u00e9brer les 18 ans de carri\u00e8re de Petit Kandia ? - Presseinvestigation","og_description":"L\u2019enfant de Kampony, Petit Kandia, n\u2019est pas simplement un musicien ; il est l\u2019\u00e9manation d\u2019un h\u00e9ritage culturel profond\u00e9ment enracin\u00e9 dans la tradition mandingue. Depuis le 26 ao\u00fbt 2006, date m\u00e9morable de la sortie de son premier album, cet artiste prodige a su, avec une rare finesse, captiver l\u2019attention des m\u00e9lomanes. Son ascension fulgurante, marqu\u00e9e par [&hellip;]","og_url":"https:\/\/www.presseinvestigation.com\/index.php\/2024\/08\/24\/pourquoi-celebrer-les-18-ans-de-carriere-de-petit-kandia\/","og_site_name":"Presseinvestigation","article_published_time":"2024-08-24T10:49:51+00:00","og_image":[{"width":1280,"height":854,"url":"https:\/\/www.presseinvestigation.com\/wp-content\/uploads\/2024\/08\/IMG-20240823-WA0004.jpg","type":"image\/jpeg"}],"author":"Presseinvestigation.com","twitter_card":"summary_large_image","twitter_misc":{"\u00c9crit par":"Presseinvestigation.com","Dur\u00e9e de lecture estim\u00e9e":"2 minutes"},"schema":{"@context":"https:\/\/schema.org","@graph":[{"@type":"Article","@id":"https:\/\/www.presseinvestigation.com\/index.php\/2024\/08\/24\/pourquoi-celebrer-les-18-ans-de-carriere-de-petit-kandia\/#article","isPartOf":{"@id":"https:\/\/www.presseinvestigation.com\/index.php\/2024\/08\/24\/pourquoi-celebrer-les-18-ans-de-carriere-de-petit-kandia\/"},"author":{"name":"Presseinvestigation.com","@id":"https:\/\/www.presseinvestigation.com\/#\/schema\/person\/a1029d031d336f4e888009a1d2c4740a"},"headline":"Pourquoi c\u00e9l\u00e9brer les 18 ans de carri\u00e8re de Petit Kandia ?","datePublished":"2024-08-24T10:49:51+00:00","mainEntityOfPage":{"@id":"https:\/\/www.presseinvestigation.com\/index.php\/2024\/08\/24\/pourquoi-celebrer-les-18-ans-de-carriere-de-petit-kandia\/"},"wordCount":370,"commentCount":0,"image":{"@id":"https:\/\/www.presseinvestigation.com\/index.php\/2024\/08\/24\/pourquoi-celebrer-les-18-ans-de-carriere-de-petit-kandia\/#primaryimage"},"thumbnailUrl":"https:\/\/www.presseinvestigation.com\/wp-content\/uploads\/2024\/08\/IMG-20240823-WA0004.jpg","articleSection":["Culture"],"inLanguage":"fr-FR","potentialAction":[{"@type":"CommentAction","name":"Comment","target":["https:\/\/www.presseinvestigation.com\/index.php\/2024\/08\/24\/pourquoi-celebrer-les-18-ans-de-carriere-de-petit-kandia\/#respond"]}]},{"@type":"WebPage","@id":"https:\/\/www.presseinvestigation.com\/index.php\/2024\/08\/24\/pourquoi-celebrer-les-18-ans-de-carriere-de-petit-kandia\/","url":"https:\/\/www.presseinvestigation.com\/index.php\/2024\/08\/24\/pourquoi-celebrer-les-18-ans-de-carriere-de-petit-kandia\/","name":"Pourquoi c\u00e9l\u00e9brer les 18 ans de carri\u00e8re de Petit Kandia ? - Presseinvestigation","isPartOf":{"@id":"https:\/\/www.presseinvestigation.com\/#website"},"primaryImageOfPage":{"@id":"https:\/\/www.presseinvestigation.com\/index.php\/2024\/08\/24\/pourquoi-celebrer-les-18-ans-de-carriere-de-petit-kandia\/#primaryimage"},"image":{"@id":"https:\/\/www.presseinvestigation.com\/index.php\/2024\/08\/24\/pourquoi-celebrer-les-18-ans-de-carriere-de-petit-kandia\/#primaryimage"},"thumbnailUrl":"https:\/\/www.presseinvestigation.com\/wp-content\/uploads\/2024\/08\/IMG-20240823-WA0004.jpg","datePublished":"2024-08-24T10:49:51+00:00","author":{"@id":"https:\/\/www.presseinvestigation.com\/#\/schema\/person\/a1029d031d336f4e888009a1d2c4740a"},"breadcrumb":{"@id":"https:\/\/www.presseinvestigation.com\/index.php\/2024\/08\/24\/pourquoi-celebrer-les-18-ans-de-carriere-de-petit-kandia\/#breadcrumb"},"inLanguage":"fr-FR","potentialAction":[{"@type":"ReadAction","target":["https:\/\/www.presseinvestigation.com\/index.php\/2024\/08\/24\/pourquoi-celebrer-les-18-ans-de-carriere-de-petit-kandia\/"]}]},{"@type":"ImageObject","inLanguage":"fr-FR","@id":"https:\/\/www.presseinvestigation.com\/index.php\/2024\/08\/24\/pourquoi-celebrer-les-18-ans-de-carriere-de-petit-kandia\/#primaryimage","url":"https:\/\/www.presseinvestigation.com\/wp-content\/uploads\/2024\/08\/IMG-20240823-WA0004.jpg","contentUrl":"https:\/\/www.presseinvestigation.com\/wp-content\/uploads\/2024\/08\/IMG-20240823-WA0004.jpg","width":1280,"height":854},{"@type":"BreadcrumbList","@id":"https:\/\/www.presseinvestigation.com\/index.php\/2024\/08\/24\/pourquoi-celebrer-les-18-ans-de-carriere-de-petit-kandia\/#breadcrumb","itemListElement":[{"@type":"ListItem","position":1,"name":"Accueil","item":"https:\/\/www.presseinvestigation.com\/"},{"@type":"ListItem","position":2,"name":"Pourquoi c\u00e9l\u00e9brer les 18 ans de carri\u00e8re de Petit Kandia ?"}]},{"@type":"WebSite","@id":"https:\/\/www.presseinvestigation.com\/#website","url":"https:\/\/www.presseinvestigation.com\/","name":"Presseinvestigation","description":"Informer dans l&#039;impartialit\u00e9","potentialAction":[{"@type":"SearchAction","target":{"@type":"EntryPoint","urlTemplate":"https:\/\/www.presseinvestigation.com\/?s={search_term_string}"},"query-input":{"@type":"PropertyValueSpecification","valueRequired":true,"valueName":"search_term_string"}}],"inLanguage":"fr-FR"},{"@type":"Person","@id":"https:\/\/www.presseinvestigation.com\/#\/schema\/person\/a1029d031d336f4e888009a1d2c4740a","name":"Presseinvestigation.com","image":{"@type":"ImageObject","inLanguage":"fr-FR","@id":"https:\/\/secure.gravatar.com\/avatar\/c0faa0f472c43eff99fecb0bd2a1c6782e80a162c9fcb7ed2d48bb42ea619f30?s=96&d=mm&r=g","url":"https:\/\/secure.gravatar.com\/avatar\/c0faa0f472c43eff99fecb0bd2a1c6782e80a162c9fcb7ed2d48bb42ea619f30?s=96&d=mm&r=g","contentUrl":"https:\/\/secure.gravatar.com\/avatar\/c0faa0f472c43eff99fecb0bd2a1c6782e80a162c9fcb7ed2d48bb42ea619f30?s=96&d=mm&r=g","caption":"Presseinvestigation.com"},"sameAs":["https:\/\/www.presseinvestigation.com"],"url":"https:\/\/www.presseinvestigation.com\/index.php\/author\/medbi2011\/"}]}},"_links":{"self":[{"href":"https:\/\/www.presseinvestigation.com\/index.php\/wp-json\/wp\/v2\/posts\/1658","targetHints":{"allow":["GET"]}}],"collection":[{"href":"https:\/\/www.presseinvestigation.com\/index.php\/wp-json\/wp\/v2\/posts"}],"about":[{"href":"https:\/\/www.presseinvestigation.com\/index.php\/wp-json\/wp\/v2\/types\/post"}],"author":[{"embeddable":true,"href":"https:\/\/www.presseinvestigation.com\/index.php\/wp-json\/wp\/v2\/users\/1"}],"replies":[{"embeddable":true,"href":"https:\/\/www.presseinvestigation.com\/index.php\/wp-json\/wp\/v2\/comments?post=1658"}],"version-history":[{"count":1,"href":"https:\/\/www.presseinvestigation.com\/index.php\/wp-json\/wp\/v2\/posts\/1658\/revisions"}],"predecessor-version":[{"id":1659,"href":"https:\/\/www.presseinvestigation.com\/index.php\/wp-json\/wp\/v2\/posts\/1658\/revisions\/1659"}],"wp:featuredmedia":[{"embeddable":true,"href":"https:\/\/www.presseinvestigation.com\/index.php\/wp-json\/wp\/v2\/media\/1657"}],"wp:attachment":[{"href":"https:\/\/www.presseinvestigation.com\/index.php\/wp-json\/wp\/v2\/media?parent=1658"}],"wp:term":[{"taxonomy":"category","embeddable":true,"href":"https:\/\/www.presseinvestigation.com\/index.php\/wp-json\/wp\/v2\/categories?post=1658"},{"taxonomy":"post_tag","embeddable":true,"href":"https:\/\/www.presseinvestigation.com\/index.php\/wp-json\/wp\/v2\/tags?post=1658"}],"curies":[{"name":"wp","href":"https:\/\/api.w.org\/{rel}","templated":true}]}}