{"id":1691,"date":"2024-09-10T03:59:58","date_gmt":"2024-09-10T01:59:58","guid":{"rendered":"https:\/\/www.presseinvestigation.com\/index.php\/2024\/09\/10\/kerouane-le-partage-dune-compensation-payee-par-rio-tinto-se-termine-au-tribunal\/"},"modified":"2024-09-10T04:05:39","modified_gmt":"2024-09-10T02:05:39","slug":"kerouane-le-partage-dune-compensation-payee-par-rio-tinto-se-termine-au-tribunal","status":"publish","type":"post","link":"https:\/\/www.presseinvestigation.com\/index.php\/2024\/09\/10\/kerouane-le-partage-dune-compensation-payee-par-rio-tinto-se-termine-au-tribunal\/","title":{"rendered":"K\u00e9rouan\u00e9\u00a0: le partage d\u2019une compensation pay\u00e9e par Rio-Tinto se termine au Tribunal"},"content":{"rendered":"<p><strong>Selon une source s\u00fbre, le proc\u00e8s sur cette compensation pay\u00e9e par Rio-Tinto,s\u2019ouvre ce mardi\u00a0 10 septembre 2024 \u00e0 la justice de K\u00e9rouan\u00e9. L\u2019affaire oppose les membres de la collectivit\u00e9 de souloukoud\u00e9nka, un district relevant de la pr\u00e9fecture en question.<\/strong><\/p>\n<p>Ce sont principalement le doyen du village, le pr\u00e9sident du District qui sont poursuivis par certaines familles qui se sentent l\u00e9ser dans la r\u00e9partition de l&#8217;argent que Rio-tinto a vers\u00e9 pour la compensation des dommaines communautaires impact\u00e9s par le projet d&#8217;exploitation de simandou.<\/p>\n<p>La partie plaignante accuse les autorit\u00e9s locales de les avoir allou\u00e9s des montants insignifiants.<\/p>\n<p>En attendant la d\u00e9cision de justice sur ce dossier, nombreux observateurs estiment que\u00a0 \u00a0la d\u00e9marche utilis\u00e9e par Rio-Tinto\u00a0 pour\u00a0 s&#8217;acquitter des\u00a0 compensations, serait \u00e0 l&#8217;origine de ce probl\u00e8me.<\/p>\n<p><a href=\"https:\/\/www.presseinvestigation.com\/wp-content\/uploads\/2024\/09\/download-1.jpg\"><img decoding=\"async\" class=\"attachment-full size-full\" src=\"https:\/\/www.presseinvestigation.com\/wp-content\/uploads\/2024\/09\/download-1.jpg\" alt=\"\" \/><\/a><\/p>\n<p>\u00c0 en croire certaines sources officielles, la soci\u00e9t\u00e9 aurait exclu dans le processus\u00a0 les responsables des d\u00e9l\u00e9gations sp\u00e9ciales qui font office des \u00e9lus locaux en cette p\u00e9riode de transition. Rio-Tinto\u00a0 aurait directement g\u00e9r\u00e9 les indemnit\u00e9s individuelles avec les personnes concern\u00e9es et les compensations collectives avec les bureaux des districts touch\u00e9s. Les conseillers communaux n&#8217;ont \u00e9t\u00e9 associ\u00e9s ni de pr\u00e8s ni de loin.Ne se reste qu\u2019en guise de t\u00e9moin. Mais en vain ! M\u00eame une simple lettre d\u2019information sur la situation, la soci\u00e9t\u00e9 ne les aurait pas adress\u00e9s.<\/p>\n<p>Par ailleurs, cette affaire\u00a0 relance la question de signature s du R\u00e9renfenciel National des Compensations qui va permettre de recadrer en Guin\u00e9e,cette \u00e9tape des investissements miniers.<\/p>\n<p>Bien que dans le code minier\u00a0 en vigueur dans le pays, stipule en son article 106, le paiement des indemnit\u00e9s par les soci\u00e9t\u00e9s mini\u00e8res pour pr\u00e9judice et dommage \u00e0 l\u2019Etat ou \u00e0 toute personne touch\u00e9e par leurs projets.<\/p>\n<p>Mais le texte r\u00e9glementaire qui d\u00e9finit cette phase ,souffre encore de l\u2019applicabilit\u00e9, faute du d\u00e9cret pr\u00e9sidentiel<\/p>\n<p>A suivre !<\/p>\n<p><strong>Toumany CAMARA pour Presseinvestigation.com<\/strong><\/p>\n<p><strong>T\u00e9l 623-63-33-54<\/strong><\/p>\n","protected":false},"excerpt":{"rendered":"<p>Selon une source s\u00fbre, le proc\u00e8s sur cette compensation pay\u00e9e par Rio-Tinto,s\u2019ouvre ce mardi\u00a0 10 septembre 2024 \u00e0 la justice de K\u00e9rouan\u00e9. L\u2019affaire oppose les membres de la collectivit\u00e9 de souloukoud\u00e9nka, un district relevant de la pr\u00e9fecture en question. Ce sont principalement le doyen du village, le pr\u00e9sident du District qui sont poursuivis par certaines [&hellip;]<\/p>\n","protected":false},"author":1,"featured_media":1689,"comment_status":"open","ping_status":"open","sticky":false,"template":"","format":"standard","meta":{"jnews-multi-image_gallery":[],"jnews_single_post":{"source_name":"","source_url":"","via_name":"","via_url":"","override_template":"0","override":[{"template":"1","single_blog_custom":"","parallax":"1","fullscreen":"1","layout":"right-sidebar","sidebar":"default-sidebar","second_sidebar":"default-sidebar","sticky_sidebar":"1","share_position":"bottom","share_float_style":"share-monocrhome","show_share_counter":"1","show_view_counter":"1","show_featured":"1","show_post_meta":"1","show_post_author":"1","show_post_author_image":"1","show_post_date":"1","post_date_format":"default","post_date_format_custom":"Y\/m\/d","show_post_category":"1","show_post_reading_time":"0","post_reading_time_wpm":"300","show_zoom_button":"0","zoom_button_out_step":"2","zoom_button_in_step":"3","show_post_tag":"1","show_prev_next_post":"1","show_popup_post":"1","number_popup_post":"1","show_author_box":"0","show_post_related":"0","show_inline_post_related":"0"}],"override_image_size":"0","image_override":[{"single_post_thumbnail_size":"crop-500","single_post_gallery_size":"crop-500"}],"trending_post":"0","trending_post_position":"meta","trending_post_label":"Trending","sponsored_post":"0","sponsored_post_label":"Sponsored by","sponsored_post_name":"","sponsored_post_url":"","sponsored_post_logo_enable":"0","sponsored_post_logo":"","sponsored_post_desc":"","disable_ad":"0"},"jnews_primary_category":{"id":"","hide":""},"footnotes":""},"categories":[63],"tags":[],"class_list":["post-1691","post","type-post","status-publish","format-standard","has-post-thumbnail","hentry","category-mines"],"yoast_head":"<!-- This site is optimized with the Yoast SEO plugin v27.3 - https:\/\/yoast.com\/product\/yoast-seo-wordpress\/ -->\n<title>K\u00e9rouan\u00e9\u00a0: le partage d\u2019une compensation pay\u00e9e par Rio-Tinto se termine au Tribunal - Presseinvestigation<\/title>\n<meta name=\"robots\" content=\"index, follow, max-snippet:-1, max-image-preview:large, max-video-preview:-1\" \/>\n<link rel=\"canonical\" href=\"https:\/\/www.presseinvestigation.com\/index.php\/2024\/09\/10\/kerouane-le-partage-dune-compensation-payee-par-rio-tinto-se-termine-au-tribunal\/\" \/>\n<meta property=\"og:locale\" content=\"fr_FR\" \/>\n<meta property=\"og:type\" content=\"article\" \/>\n<meta property=\"og:title\" content=\"K\u00e9rouan\u00e9\u00a0: le partage d\u2019une compensation pay\u00e9e par Rio-Tinto se termine au Tribunal - Presseinvestigation\" \/>\n<meta property=\"og:description\" content=\"Selon une source s\u00fbre, le proc\u00e8s sur cette compensation pay\u00e9e par Rio-Tinto,s\u2019ouvre ce mardi\u00a0 10 septembre 2024 \u00e0 la justice de K\u00e9rouan\u00e9. L\u2019affaire oppose les membres de la collectivit\u00e9 de souloukoud\u00e9nka, un district relevant de la pr\u00e9fecture en question. Ce sont principalement le doyen du village, le pr\u00e9sident du District qui sont poursuivis par certaines [&hellip;]\" \/>\n<meta property=\"og:url\" content=\"https:\/\/www.presseinvestigation.com\/index.php\/2024\/09\/10\/kerouane-le-partage-dune-compensation-payee-par-rio-tinto-se-termine-au-tribunal\/\" \/>\n<meta property=\"og:site_name\" content=\"Presseinvestigation\" \/>\n<meta property=\"article:published_time\" content=\"2024-09-10T01:59:58+00:00\" \/>\n<meta property=\"article:modified_time\" content=\"2024-09-10T02:05:39+00:00\" \/>\n<meta property=\"og:image\" content=\"https:\/\/www.presseinvestigation.com\/wp-content\/uploads\/2024\/09\/download.jpg\" \/>\n\t<meta property=\"og:image:width\" content=\"299\" \/>\n\t<meta property=\"og:image:height\" content=\"168\" \/>\n\t<meta property=\"og:image:type\" content=\"image\/jpeg\" \/>\n<meta name=\"author\" content=\"Presseinvestigation.com\" \/>\n<meta name=\"twitter:card\" content=\"summary_large_image\" \/>\n<meta name=\"twitter:label1\" content=\"\u00c9crit par\" \/>\n\t<meta name=\"twitter:data1\" content=\"Presseinvestigation.com\" \/>\n\t<meta name=\"twitter:label2\" content=\"Dur\u00e9e de lecture estim\u00e9e\" \/>\n\t<meta name=\"twitter:data2\" content=\"2 minutes\" \/>\n<script type=\"application\/ld+json\" class=\"yoast-schema-graph\">{\"@context\":\"https:\\\/\\\/schema.org\",\"@graph\":[{\"@type\":\"Article\",\"@id\":\"https:\\\/\\\/www.presseinvestigation.com\\\/index.php\\\/2024\\\/09\\\/10\\\/kerouane-le-partage-dune-compensation-payee-par-rio-tinto-se-termine-au-tribunal\\\/#article\",\"isPartOf\":{\"@id\":\"https:\\\/\\\/www.presseinvestigation.com\\\/index.php\\\/2024\\\/09\\\/10\\\/kerouane-le-partage-dune-compensation-payee-par-rio-tinto-se-termine-au-tribunal\\\/\"},\"author\":{\"name\":\"Presseinvestigation.com\",\"@id\":\"https:\\\/\\\/www.presseinvestigation.com\\\/#\\\/schema\\\/person\\\/a1029d031d336f4e888009a1d2c4740a\"},\"headline\":\"K\u00e9rouan\u00e9\u00a0: le partage d\u2019une compensation pay\u00e9e par Rio-Tinto se termine au Tribunal\",\"datePublished\":\"2024-09-10T01:59:58+00:00\",\"dateModified\":\"2024-09-10T02:05:39+00:00\",\"mainEntityOfPage\":{\"@id\":\"https:\\\/\\\/www.presseinvestigation.com\\\/index.php\\\/2024\\\/09\\\/10\\\/kerouane-le-partage-dune-compensation-payee-par-rio-tinto-se-termine-au-tribunal\\\/\"},\"wordCount\":366,\"commentCount\":0,\"image\":{\"@id\":\"https:\\\/\\\/www.presseinvestigation.com\\\/index.php\\\/2024\\\/09\\\/10\\\/kerouane-le-partage-dune-compensation-payee-par-rio-tinto-se-termine-au-tribunal\\\/#primaryimage\"},\"thumbnailUrl\":\"https:\\\/\\\/www.presseinvestigation.com\\\/wp-content\\\/uploads\\\/2024\\\/09\\\/download.jpg\",\"articleSection\":[\"Mines\"],\"inLanguage\":\"fr-FR\",\"potentialAction\":[{\"@type\":\"CommentAction\",\"name\":\"Comment\",\"target\":[\"https:\\\/\\\/www.presseinvestigation.com\\\/index.php\\\/2024\\\/09\\\/10\\\/kerouane-le-partage-dune-compensation-payee-par-rio-tinto-se-termine-au-tribunal\\\/#respond\"]}]},{\"@type\":\"WebPage\",\"@id\":\"https:\\\/\\\/www.presseinvestigation.com\\\/index.php\\\/2024\\\/09\\\/10\\\/kerouane-le-partage-dune-compensation-payee-par-rio-tinto-se-termine-au-tribunal\\\/\",\"url\":\"https:\\\/\\\/www.presseinvestigation.com\\\/index.php\\\/2024\\\/09\\\/10\\\/kerouane-le-partage-dune-compensation-payee-par-rio-tinto-se-termine-au-tribunal\\\/\",\"name\":\"K\u00e9rouan\u00e9\u00a0: le partage d\u2019une compensation pay\u00e9e par Rio-Tinto se termine au Tribunal - Presseinvestigation\",\"isPartOf\":{\"@id\":\"https:\\\/\\\/www.presseinvestigation.com\\\/#website\"},\"primaryImageOfPage\":{\"@id\":\"https:\\\/\\\/www.presseinvestigation.com\\\/index.php\\\/2024\\\/09\\\/10\\\/kerouane-le-partage-dune-compensation-payee-par-rio-tinto-se-termine-au-tribunal\\\/#primaryimage\"},\"image\":{\"@id\":\"https:\\\/\\\/www.presseinvestigation.com\\\/index.php\\\/2024\\\/09\\\/10\\\/kerouane-le-partage-dune-compensation-payee-par-rio-tinto-se-termine-au-tribunal\\\/#primaryimage\"},\"thumbnailUrl\":\"https:\\\/\\\/www.presseinvestigation.com\\\/wp-content\\\/uploads\\\/2024\\\/09\\\/download.jpg\",\"datePublished\":\"2024-09-10T01:59:58+00:00\",\"dateModified\":\"2024-09-10T02:05:39+00:00\",\"author\":{\"@id\":\"https:\\\/\\\/www.presseinvestigation.com\\\/#\\\/schema\\\/person\\\/a1029d031d336f4e888009a1d2c4740a\"},\"breadcrumb\":{\"@id\":\"https:\\\/\\\/www.presseinvestigation.com\\\/index.php\\\/2024\\\/09\\\/10\\\/kerouane-le-partage-dune-compensation-payee-par-rio-tinto-se-termine-au-tribunal\\\/#breadcrumb\"},\"inLanguage\":\"fr-FR\",\"potentialAction\":[{\"@type\":\"ReadAction\",\"target\":[\"https:\\\/\\\/www.presseinvestigation.com\\\/index.php\\\/2024\\\/09\\\/10\\\/kerouane-le-partage-dune-compensation-payee-par-rio-tinto-se-termine-au-tribunal\\\/\"]}]},{\"@type\":\"ImageObject\",\"inLanguage\":\"fr-FR\",\"@id\":\"https:\\\/\\\/www.presseinvestigation.com\\\/index.php\\\/2024\\\/09\\\/10\\\/kerouane-le-partage-dune-compensation-payee-par-rio-tinto-se-termine-au-tribunal\\\/#primaryimage\",\"url\":\"https:\\\/\\\/www.presseinvestigation.com\\\/wp-content\\\/uploads\\\/2024\\\/09\\\/download.jpg\",\"contentUrl\":\"https:\\\/\\\/www.presseinvestigation.com\\\/wp-content\\\/uploads\\\/2024\\\/09\\\/download.jpg\",\"width\":299,\"height\":168},{\"@type\":\"BreadcrumbList\",\"@id\":\"https:\\\/\\\/www.presseinvestigation.com\\\/index.php\\\/2024\\\/09\\\/10\\\/kerouane-le-partage-dune-compensation-payee-par-rio-tinto-se-termine-au-tribunal\\\/#breadcrumb\",\"itemListElement\":[{\"@type\":\"ListItem\",\"position\":1,\"name\":\"Accueil\",\"item\":\"https:\\\/\\\/www.presseinvestigation.com\\\/\"},{\"@type\":\"ListItem\",\"position\":2,\"name\":\"K\u00e9rouan\u00e9\u00a0: le partage d\u2019une compensation pay\u00e9e par Rio-Tinto se termine au Tribunal\"}]},{\"@type\":\"WebSite\",\"@id\":\"https:\\\/\\\/www.presseinvestigation.com\\\/#website\",\"url\":\"https:\\\/\\\/www.presseinvestigation.com\\\/\",\"name\":\"Presseinvestigation\",\"description\":\"Informer dans l&#039;impartialit\u00e9\",\"potentialAction\":[{\"@type\":\"SearchAction\",\"target\":{\"@type\":\"EntryPoint\",\"urlTemplate\":\"https:\\\/\\\/www.presseinvestigation.com\\\/?s={search_term_string}\"},\"query-input\":{\"@type\":\"PropertyValueSpecification\",\"valueRequired\":true,\"valueName\":\"search_term_string\"}}],\"inLanguage\":\"fr-FR\"},{\"@type\":\"Person\",\"@id\":\"https:\\\/\\\/www.presseinvestigation.com\\\/#\\\/schema\\\/person\\\/a1029d031d336f4e888009a1d2c4740a\",\"name\":\"Presseinvestigation.com\",\"image\":{\"@type\":\"ImageObject\",\"inLanguage\":\"fr-FR\",\"@id\":\"https:\\\/\\\/secure.gravatar.com\\\/avatar\\\/c0faa0f472c43eff99fecb0bd2a1c6782e80a162c9fcb7ed2d48bb42ea619f30?s=96&d=mm&r=g\",\"url\":\"https:\\\/\\\/secure.gravatar.com\\\/avatar\\\/c0faa0f472c43eff99fecb0bd2a1c6782e80a162c9fcb7ed2d48bb42ea619f30?s=96&d=mm&r=g\",\"contentUrl\":\"https:\\\/\\\/secure.gravatar.com\\\/avatar\\\/c0faa0f472c43eff99fecb0bd2a1c6782e80a162c9fcb7ed2d48bb42ea619f30?s=96&d=mm&r=g\",\"caption\":\"Presseinvestigation.com\"},\"sameAs\":[\"https:\\\/\\\/www.presseinvestigation.com\"],\"url\":\"https:\\\/\\\/www.presseinvestigation.com\\\/index.php\\\/author\\\/medbi2011\\\/\"}]}<\/script>\n<!-- \/ Yoast SEO plugin. -->","yoast_head_json":{"title":"K\u00e9rouan\u00e9\u00a0: le partage d\u2019une compensation pay\u00e9e par Rio-Tinto se termine au Tribunal - Presseinvestigation","robots":{"index":"index","follow":"follow","max-snippet":"max-snippet:-1","max-image-preview":"max-image-preview:large","max-video-preview":"max-video-preview:-1"},"canonical":"https:\/\/www.presseinvestigation.com\/index.php\/2024\/09\/10\/kerouane-le-partage-dune-compensation-payee-par-rio-tinto-se-termine-au-tribunal\/","og_locale":"fr_FR","og_type":"article","og_title":"K\u00e9rouan\u00e9\u00a0: le partage d\u2019une compensation pay\u00e9e par Rio-Tinto se termine au Tribunal - Presseinvestigation","og_description":"Selon une source s\u00fbre, le proc\u00e8s sur cette compensation pay\u00e9e par Rio-Tinto,s\u2019ouvre ce mardi\u00a0 10 septembre 2024 \u00e0 la justice de K\u00e9rouan\u00e9. L\u2019affaire oppose les membres de la collectivit\u00e9 de souloukoud\u00e9nka, un district relevant de la pr\u00e9fecture en question. Ce sont principalement le doyen du village, le pr\u00e9sident du District qui sont poursuivis par certaines [&hellip;]","og_url":"https:\/\/www.presseinvestigation.com\/index.php\/2024\/09\/10\/kerouane-le-partage-dune-compensation-payee-par-rio-tinto-se-termine-au-tribunal\/","og_site_name":"Presseinvestigation","article_published_time":"2024-09-10T01:59:58+00:00","article_modified_time":"2024-09-10T02:05:39+00:00","og_image":[{"width":299,"height":168,"url":"https:\/\/www.presseinvestigation.com\/wp-content\/uploads\/2024\/09\/download.jpg","type":"image\/jpeg"}],"author":"Presseinvestigation.com","twitter_card":"summary_large_image","twitter_misc":{"\u00c9crit par":"Presseinvestigation.com","Dur\u00e9e de lecture estim\u00e9e":"2 minutes"},"schema":{"@context":"https:\/\/schema.org","@graph":[{"@type":"Article","@id":"https:\/\/www.presseinvestigation.com\/index.php\/2024\/09\/10\/kerouane-le-partage-dune-compensation-payee-par-rio-tinto-se-termine-au-tribunal\/#article","isPartOf":{"@id":"https:\/\/www.presseinvestigation.com\/index.php\/2024\/09\/10\/kerouane-le-partage-dune-compensation-payee-par-rio-tinto-se-termine-au-tribunal\/"},"author":{"name":"Presseinvestigation.com","@id":"https:\/\/www.presseinvestigation.com\/#\/schema\/person\/a1029d031d336f4e888009a1d2c4740a"},"headline":"K\u00e9rouan\u00e9\u00a0: le partage d\u2019une compensation pay\u00e9e par Rio-Tinto se termine au Tribunal","datePublished":"2024-09-10T01:59:58+00:00","dateModified":"2024-09-10T02:05:39+00:00","mainEntityOfPage":{"@id":"https:\/\/www.presseinvestigation.com\/index.php\/2024\/09\/10\/kerouane-le-partage-dune-compensation-payee-par-rio-tinto-se-termine-au-tribunal\/"},"wordCount":366,"commentCount":0,"image":{"@id":"https:\/\/www.presseinvestigation.com\/index.php\/2024\/09\/10\/kerouane-le-partage-dune-compensation-payee-par-rio-tinto-se-termine-au-tribunal\/#primaryimage"},"thumbnailUrl":"https:\/\/www.presseinvestigation.com\/wp-content\/uploads\/2024\/09\/download.jpg","articleSection":["Mines"],"inLanguage":"fr-FR","potentialAction":[{"@type":"CommentAction","name":"Comment","target":["https:\/\/www.presseinvestigation.com\/index.php\/2024\/09\/10\/kerouane-le-partage-dune-compensation-payee-par-rio-tinto-se-termine-au-tribunal\/#respond"]}]},{"@type":"WebPage","@id":"https:\/\/www.presseinvestigation.com\/index.php\/2024\/09\/10\/kerouane-le-partage-dune-compensation-payee-par-rio-tinto-se-termine-au-tribunal\/","url":"https:\/\/www.presseinvestigation.com\/index.php\/2024\/09\/10\/kerouane-le-partage-dune-compensation-payee-par-rio-tinto-se-termine-au-tribunal\/","name":"K\u00e9rouan\u00e9\u00a0: le partage d\u2019une compensation pay\u00e9e par Rio-Tinto se termine au Tribunal - Presseinvestigation","isPartOf":{"@id":"https:\/\/www.presseinvestigation.com\/#website"},"primaryImageOfPage":{"@id":"https:\/\/www.presseinvestigation.com\/index.php\/2024\/09\/10\/kerouane-le-partage-dune-compensation-payee-par-rio-tinto-se-termine-au-tribunal\/#primaryimage"},"image":{"@id":"https:\/\/www.presseinvestigation.com\/index.php\/2024\/09\/10\/kerouane-le-partage-dune-compensation-payee-par-rio-tinto-se-termine-au-tribunal\/#primaryimage"},"thumbnailUrl":"https:\/\/www.presseinvestigation.com\/wp-content\/uploads\/2024\/09\/download.jpg","datePublished":"2024-09-10T01:59:58+00:00","dateModified":"2024-09-10T02:05:39+00:00","author":{"@id":"https:\/\/www.presseinvestigation.com\/#\/schema\/person\/a1029d031d336f4e888009a1d2c4740a"},"breadcrumb":{"@id":"https:\/\/www.presseinvestigation.com\/index.php\/2024\/09\/10\/kerouane-le-partage-dune-compensation-payee-par-rio-tinto-se-termine-au-tribunal\/#breadcrumb"},"inLanguage":"fr-FR","potentialAction":[{"@type":"ReadAction","target":["https:\/\/www.presseinvestigation.com\/index.php\/2024\/09\/10\/kerouane-le-partage-dune-compensation-payee-par-rio-tinto-se-termine-au-tribunal\/"]}]},{"@type":"ImageObject","inLanguage":"fr-FR","@id":"https:\/\/www.presseinvestigation.com\/index.php\/2024\/09\/10\/kerouane-le-partage-dune-compensation-payee-par-rio-tinto-se-termine-au-tribunal\/#primaryimage","url":"https:\/\/www.presseinvestigation.com\/wp-content\/uploads\/2024\/09\/download.jpg","contentUrl":"https:\/\/www.presseinvestigation.com\/wp-content\/uploads\/2024\/09\/download.jpg","width":299,"height":168},{"@type":"BreadcrumbList","@id":"https:\/\/www.presseinvestigation.com\/index.php\/2024\/09\/10\/kerouane-le-partage-dune-compensation-payee-par-rio-tinto-se-termine-au-tribunal\/#breadcrumb","itemListElement":[{"@type":"ListItem","position":1,"name":"Accueil","item":"https:\/\/www.presseinvestigation.com\/"},{"@type":"ListItem","position":2,"name":"K\u00e9rouan\u00e9\u00a0: le partage d\u2019une compensation pay\u00e9e par Rio-Tinto se termine au Tribunal"}]},{"@type":"WebSite","@id":"https:\/\/www.presseinvestigation.com\/#website","url":"https:\/\/www.presseinvestigation.com\/","name":"Presseinvestigation","description":"Informer dans l&#039;impartialit\u00e9","potentialAction":[{"@type":"SearchAction","target":{"@type":"EntryPoint","urlTemplate":"https:\/\/www.presseinvestigation.com\/?s={search_term_string}"},"query-input":{"@type":"PropertyValueSpecification","valueRequired":true,"valueName":"search_term_string"}}],"inLanguage":"fr-FR"},{"@type":"Person","@id":"https:\/\/www.presseinvestigation.com\/#\/schema\/person\/a1029d031d336f4e888009a1d2c4740a","name":"Presseinvestigation.com","image":{"@type":"ImageObject","inLanguage":"fr-FR","@id":"https:\/\/secure.gravatar.com\/avatar\/c0faa0f472c43eff99fecb0bd2a1c6782e80a162c9fcb7ed2d48bb42ea619f30?s=96&d=mm&r=g","url":"https:\/\/secure.gravatar.com\/avatar\/c0faa0f472c43eff99fecb0bd2a1c6782e80a162c9fcb7ed2d48bb42ea619f30?s=96&d=mm&r=g","contentUrl":"https:\/\/secure.gravatar.com\/avatar\/c0faa0f472c43eff99fecb0bd2a1c6782e80a162c9fcb7ed2d48bb42ea619f30?s=96&d=mm&r=g","caption":"Presseinvestigation.com"},"sameAs":["https:\/\/www.presseinvestigation.com"],"url":"https:\/\/www.presseinvestigation.com\/index.php\/author\/medbi2011\/"}]}},"_links":{"self":[{"href":"https:\/\/www.presseinvestigation.com\/index.php\/wp-json\/wp\/v2\/posts\/1691","targetHints":{"allow":["GET"]}}],"collection":[{"href":"https:\/\/www.presseinvestigation.com\/index.php\/wp-json\/wp\/v2\/posts"}],"about":[{"href":"https:\/\/www.presseinvestigation.com\/index.php\/wp-json\/wp\/v2\/types\/post"}],"author":[{"embeddable":true,"href":"https:\/\/www.presseinvestigation.com\/index.php\/wp-json\/wp\/v2\/users\/1"}],"replies":[{"embeddable":true,"href":"https:\/\/www.presseinvestigation.com\/index.php\/wp-json\/wp\/v2\/comments?post=1691"}],"version-history":[{"count":2,"href":"https:\/\/www.presseinvestigation.com\/index.php\/wp-json\/wp\/v2\/posts\/1691\/revisions"}],"predecessor-version":[{"id":1694,"href":"https:\/\/www.presseinvestigation.com\/index.php\/wp-json\/wp\/v2\/posts\/1691\/revisions\/1694"}],"wp:featuredmedia":[{"embeddable":true,"href":"https:\/\/www.presseinvestigation.com\/index.php\/wp-json\/wp\/v2\/media\/1689"}],"wp:attachment":[{"href":"https:\/\/www.presseinvestigation.com\/index.php\/wp-json\/wp\/v2\/media?parent=1691"}],"wp:term":[{"taxonomy":"category","embeddable":true,"href":"https:\/\/www.presseinvestigation.com\/index.php\/wp-json\/wp\/v2\/categories?post=1691"},{"taxonomy":"post_tag","embeddable":true,"href":"https:\/\/www.presseinvestigation.com\/index.php\/wp-json\/wp\/v2\/tags?post=1691"}],"curies":[{"name":"wp","href":"https:\/\/api.w.org\/{rel}","templated":true}]}}