{"id":1714,"date":"2024-09-20T04:04:44","date_gmt":"2024-09-20T02:04:44","guid":{"rendered":"https:\/\/www.presseinvestigation.com\/index.php\/2024\/09\/20\/abidjan-cote-divoire-atelier-de-renforcement-de-capacites-des-medias-dans-la-lutte-contre-la-malnutrition-en-afrique\/"},"modified":"2024-09-20T04:04:44","modified_gmt":"2024-09-20T02:04:44","slug":"abidjan-cote-divoire-atelier-de-renforcement-de-capacites-des-medias-dans-la-lutte-contre-la-malnutrition-en-afrique","status":"publish","type":"post","link":"https:\/\/www.presseinvestigation.com\/index.php\/2024\/09\/20\/abidjan-cote-divoire-atelier-de-renforcement-de-capacites-des-medias-dans-la-lutte-contre-la-malnutrition-en-afrique\/","title":{"rendered":"Abidjan\/C\u00f4te d\u2019Ivoire: Atelier de renforcement de capacit\u00e9s des m\u00e9dias dans la lutte contre la malnutrition en Afrique"},"content":{"rendered":"<p>Des journalistes et communicateurs de 17 pays africains se sont r\u00e9unis ce mardi 17 septembre 2024 \u00e0 Abidjan (C\u00f4te d\u2019Ivoire), avec des experts en nutritions. Objectif renforcer les capacit\u00e9s des hommes de m\u00e9dias dans la lutte contre la malnutrition en Afrique.<\/p>\n<p>\u00a0<\/p>\n<p>Cette\u00a0 activ\u00e9e a \u00e9t\u00e9 organis\u00e9e par le l\u2019Initiative des Journalistes et communicateurs pour la Nutrition (IJ-CAN) en collaboration avec des partenaires techniques et financiers engag\u00e9s dans la lutte contre la malnutrition, notamment le service de secours catholique relief services(CRS), la coordination r\u00e9gionale de la soci\u00e9t\u00e9 civile du Mouvement SUN (Scaling Up Nutrition) pour l\u2019Afrique de l\u2019Ouest et Centrale.<\/p>\n<p>\u00a0<\/p>\n<p>La c\u00e9r\u00e9monie d\u2019ouverture de cet \u00e9v\u00e9nement, a enregistr\u00e9 la pr\u00e9sence de quelques repr\u00e9sentants des autorit\u00e9s ivoiriennes, \u00e0 l\u2019occurrence, Madame la conseill\u00e8re en nutrition, alimentation et d\u00e9veloppement de la petite enfance \u00e0 la pr\u00e9sidence de la R\u00e9publique de C\u00f4te d\u2019Ivoire, accompagn\u00e9e de Monsieur le Conseiller du Ministre de la Communication, de l\u2019\u00e9conomie num\u00e9rique et porte-parole du Gouvernement.<\/p>\n<p>Dans son discours, le Coordinateur R\u00e9gional de l\u2019IJ-CAN, Issa OUTTARA est revenu sur les motifs de cet atelier.<\/p>\n<p><a href=\"https:\/\/www.presseinvestigation.com\/wp-content\/uploads\/2024\/09\/20240917_110620-scaled.jpg\"><img decoding=\"async\" class=\"attachment-full size-full\" src=\"https:\/\/www.presseinvestigation.com\/wp-content\/uploads\/2024\/09\/20240917_110620-scaled.jpg\" alt=\"\" \/><\/a><\/p>\n<p>\u00ab <em>Conscients du fait que l\u2019union fait la force, les journalistes et communicateurs africains qui ont pour domaine de pr\u00e9dilection la nutrition, ont d\u00e9cid\u00e9 d\u00e9sormais de f\u00e9d\u00e9rer leur \u00e9nergie en portant sur les fonts baptismaux l\u2019initiative des journalistes africains pour la nutrition (IJ-CAN).La structure s\u2019est fix\u00e9e pour objectif, entre autres de :<\/em><\/p>\n<p><em>-contribuer \u00e0 la large diffusion de l\u2019information, \u00e0 une communication efficace dans le domaine de la nutrition dans une dimension multisectorielle ;<\/em><\/p>\n<p><em>-influencer les d\u00e9cideurs politiques et \u00e9conomiques afin d\u2019am\u00e9liorer l\u2019environnement politique de la nutrition avec une allocation cons\u00e9quente de ressources financi\u00e8res ;<\/em><\/p>\n<p><em>-assurer le suivi le des engagements nationaux en lien avec la nutrition aupr\u00e8s de chaque partie prenante ;<\/em><\/p>\n<p><em>-faciliter la communication, la capitalisation et la mutualisation des exp\u00e9riences en mati\u00e8re de promotion de la nutrition et de la s\u00e9curit\u00e9 alimentaire ;<\/em><\/p>\n<p><em>Loin d\u2019\u00eatre une structure de trop, l\u2019IJ-CAN entend se positionner comme une structure de projets structurants et innovants en vue d\u2019impacter nos communaut\u00e9s \u00bb<\/em> a-t-il mentionn\u00e9.<\/p>\n<p>\u00a0<\/p>\n<p>Prenant la parole, le repr\u00e9sentant du Directeur pays de Catholique relief services(CRS), Kassoum COULIBALY a mis un accent sur ce que\u00a0 les journalistes doivent faire dans la chaine de lutte contre la malnutrition.<\/p>\n<p><a href=\"https:\/\/www.presseinvestigation.com\/wp-content\/uploads\/2024\/09\/20240917_095206-scaled.jpg\"><img decoding=\"async\" class=\"attachment-full size-full\" src=\"https:\/\/www.presseinvestigation.com\/wp-content\/uploads\/2024\/09\/20240917_095206-scaled.jpg\" alt=\"\" \/><\/a><\/p>\n<p>\u00ab <em>Chers journalistes et communicateurs, vous avez un r\u00f4le essentiel \u00e0 jouer dans cette lutte car, vous \u00eates les gardiens de l\u2019information. Vous avez en effet la capacit\u00e9 de : <\/em><\/p>\n<p><em>-d\u00e9mythifier les id\u00e9es re\u00e7ues sur les aliments fortifi\u00e9s et de promouvoir des messages clairs et pr\u00e9cis<\/em><\/p>\n<p><em>-Mettre en lumi\u00e8re les avantages des aliments enrichis, les initiatives r\u00e9ussies et les bonnes pratiques en mati\u00e8re de pr\u00e9vention et de traitement.<\/em><\/p>\n<p><em>-Interpeler les d\u00e9cideurs politiques et les inciter \u00e0 prendre des mesures concr\u00e8tes pour lutter contre ce fl\u00e9au.<\/em><\/p>\n<p><em>-Mobiliser les communaut\u00e9s et les encourager \u00e0 adopter des comportements plus sains.<\/em><\/p>\n<p><em>Cet atelier est l\u2019occasion pour vous d\u2019acqu\u00e9rir de nouvelles connaissances, de d\u00e9velopper de nouvelles comp\u00e9tences et de cr\u00e9er un r\u00e9seau de professionnels engag\u00e9s dans la lutte contre les carences en micronutriments \u00bb<\/em> a-t-il d\u00e9clar\u00e9.<\/p>\n<p>\u00a0<\/p>\n<p>Pour sa part, la coordinatrice du Mouvement SUN et du Bureau R\u00e9gional du Mouvement SUN de Dakar pour l\u2019Afrique Francophone, Judith KABORE a r\u00e9it\u00e9r\u00e9 l\u2019engagement du Mouvement SUN d\u2019accompagner les m\u00e9dias dans la lutte contre la malnutrition<\/p>\n<p><a href=\"https:\/\/www.presseinvestigation.com\/wp-content\/uploads\/2024\/09\/20240917_100321-scaled.jpg\"><img decoding=\"async\" class=\"attachment-full size-full\" src=\"https:\/\/www.presseinvestigation.com\/wp-content\/uploads\/2024\/09\/20240917_100321-scaled.jpg\" alt=\"\" \/><\/a><\/p>\n<p>\u00ab <em>En tant que Mouvement SUN, nous nous engageons \u00e0 soutenir les efforts de toutes les parties prenantes, y compris les medias, et avec une approche tant au niveau pays qu\u2019au niveau r\u00e9gional, afin de garantir que la lutte collective contre la malnutrition soit fond\u00e9e sur la collaboration, l\u2019innovation et l\u2019inclusion. Au cours des prochains jours, j\u2019encourage chacun d\u2019entre vous \u00e0 participer activement, \u00e0 \u00e9changer des id\u00e9es et \u00e0 former des partenaires qui nous aideront \u00e0 atteindre notre objectif commun : une Afrique en meilleure sant\u00e9 et mieux nourrie \u00bb <\/em>a-t-elle soulign\u00e9.<\/p>\n<p>\u00a0<\/p>\n<p>Dr Patricia N\u2019GORAN, conseill\u00e8re en nutrition, alimentation et d\u00e9veloppement de la petite enfance \u00e0 la pr\u00e9sidence de la R\u00e9publique de C\u00f4te d\u2019Ivoire a invit\u00e9 les journalistes de mettre \u00e0 contribution le pouvoir de leur m\u00e9tier pour aider toutes organisations impliqu\u00e9es dans la lutte contre la malnutrition d\u2019atteindre les objectifs.<\/p>\n<p><a href=\"https:\/\/www.presseinvestigation.com\/wp-content\/uploads\/2024\/09\/20240917_105936-scaled.jpg\"><img decoding=\"async\" class=\"attachment-full size-full\" src=\"https:\/\/www.presseinvestigation.com\/wp-content\/uploads\/2024\/09\/20240917_105936-scaled.jpg\" alt=\"\" \/><\/a><\/p>\n<p>\u00ab <em>Je vous encourage \u00e0 utiliser votre position privil\u00e9gi\u00e9e pour cr\u00e9er une dynamique de changement. Vos reportages, articles, \u00e9missions de radio et publication en ligne peuvent avoir un impact direct sur les d\u00e9cisions politique et \u00e9conomique. Je nourri l\u2019espoir que les \u00e9changes qui auront lieu durant ces trois jours contribuerons \u00e0 l\u2019\u00e9laboration d\u2019une feuille de route r\u00e9gionale pour une meilleure implication des journalistes dans la lutte contre la malnutrition<\/em> \u00bb a-t-elle indiqu\u00e9.<\/p>\n<p>\u00a0<\/p>\n<p>Cet atelier qui s\u2019est d\u00e9roul\u00e9 pendant 3 jours a permis aux journalistes et communicateurs pour la nutrition d\u2019\u00eatre outill\u00e9s de l\u2019approche multisectorielle de lutte contre la malnutrition ainsi que les strat\u00e9gies de lutte contre les carences en micronutriments afin d\u2019atteindre les objectifs escompt\u00e9s.<\/p>\n<p><strong>Toumany CAMARA depuis Abidjan pour presseinvestigation.com<\/strong><\/p>\n<p><strong>Marie SIDIBE journaliste (RTG)<\/strong><\/p>\n<p><strong>Tel +224-623-63-33-54<\/strong><\/p>\n","protected":false},"excerpt":{"rendered":"<p>Des journalistes et communicateurs de 17 pays africains se sont r\u00e9unis ce mardi 17 septembre 2024 \u00e0 Abidjan (C\u00f4te d\u2019Ivoire), avec des experts en nutritions. Objectif renforcer les capacit\u00e9s des hommes de m\u00e9dias dans la lutte contre la malnutrition en Afrique. \u00a0 Cette\u00a0 activ\u00e9e a \u00e9t\u00e9 organis\u00e9e par le l\u2019Initiative des Journalistes et communicateurs pour [&hellip;]<\/p>\n","protected":false},"author":1,"featured_media":1713,"comment_status":"open","ping_status":"open","sticky":false,"template":"","format":"standard","meta":{"jnews-multi-image_gallery":[],"jnews_single_post":[],"jnews_primary_category":[],"footnotes":""},"categories":[4],"tags":[],"class_list":["post-1714","post","type-post","status-publish","format-standard","has-post-thumbnail","hentry","category-afrique"],"yoast_head":"<!-- This site is optimized with the Yoast SEO plugin v27.3 - https:\/\/yoast.com\/product\/yoast-seo-wordpress\/ -->\n<title>Abidjan\/C\u00f4te d\u2019Ivoire: Atelier de renforcement de capacit\u00e9s des m\u00e9dias dans la lutte contre la malnutrition en Afrique - Presseinvestigation<\/title>\n<meta name=\"robots\" content=\"index, follow, max-snippet:-1, max-image-preview:large, max-video-preview:-1\" \/>\n<link rel=\"canonical\" href=\"https:\/\/www.presseinvestigation.com\/index.php\/2024\/09\/20\/abidjan-cote-divoire-atelier-de-renforcement-de-capacites-des-medias-dans-la-lutte-contre-la-malnutrition-en-afrique\/\" \/>\n<meta property=\"og:locale\" content=\"fr_FR\" \/>\n<meta property=\"og:type\" content=\"article\" \/>\n<meta property=\"og:title\" content=\"Abidjan\/C\u00f4te d\u2019Ivoire: Atelier de renforcement de capacit\u00e9s des m\u00e9dias dans la lutte contre la malnutrition en Afrique - Presseinvestigation\" \/>\n<meta property=\"og:description\" content=\"Des journalistes et communicateurs de 17 pays africains se sont r\u00e9unis ce mardi 17 septembre 2024 \u00e0 Abidjan (C\u00f4te d\u2019Ivoire), avec des experts en nutritions. Objectif renforcer les capacit\u00e9s des hommes de m\u00e9dias dans la lutte contre la malnutrition en Afrique. \u00a0 Cette\u00a0 activ\u00e9e a \u00e9t\u00e9 organis\u00e9e par le l\u2019Initiative des Journalistes et communicateurs pour [&hellip;]\" \/>\n<meta property=\"og:url\" content=\"https:\/\/www.presseinvestigation.com\/index.php\/2024\/09\/20\/abidjan-cote-divoire-atelier-de-renforcement-de-capacites-des-medias-dans-la-lutte-contre-la-malnutrition-en-afrique\/\" \/>\n<meta property=\"og:site_name\" content=\"Presseinvestigation\" \/>\n<meta property=\"article:published_time\" content=\"2024-09-20T02:04:44+00:00\" \/>\n<meta property=\"og:image\" content=\"https:\/\/www.presseinvestigation.com\/wp-content\/uploads\/2024\/09\/20240917_104304.jpg\" \/>\n\t<meta property=\"og:image:width\" content=\"2372\" \/>\n\t<meta property=\"og:image:height\" content=\"970\" \/>\n\t<meta property=\"og:image:type\" content=\"image\/jpeg\" \/>\n<meta name=\"author\" content=\"Presseinvestigation.com\" \/>\n<meta name=\"twitter:card\" content=\"summary_large_image\" \/>\n<meta name=\"twitter:label1\" content=\"\u00c9crit par\" \/>\n\t<meta name=\"twitter:data1\" content=\"Presseinvestigation.com\" \/>\n\t<meta name=\"twitter:label2\" content=\"Dur\u00e9e de lecture estim\u00e9e\" \/>\n\t<meta name=\"twitter:data2\" content=\"4 minutes\" \/>\n<script type=\"application\/ld+json\" class=\"yoast-schema-graph\">{\"@context\":\"https:\\\/\\\/schema.org\",\"@graph\":[{\"@type\":\"Article\",\"@id\":\"https:\\\/\\\/www.presseinvestigation.com\\\/index.php\\\/2024\\\/09\\\/20\\\/abidjan-cote-divoire-atelier-de-renforcement-de-capacites-des-medias-dans-la-lutte-contre-la-malnutrition-en-afrique\\\/#article\",\"isPartOf\":{\"@id\":\"https:\\\/\\\/www.presseinvestigation.com\\\/index.php\\\/2024\\\/09\\\/20\\\/abidjan-cote-divoire-atelier-de-renforcement-de-capacites-des-medias-dans-la-lutte-contre-la-malnutrition-en-afrique\\\/\"},\"author\":{\"name\":\"Presseinvestigation.com\",\"@id\":\"https:\\\/\\\/www.presseinvestigation.com\\\/#\\\/schema\\\/person\\\/a1029d031d336f4e888009a1d2c4740a\"},\"headline\":\"Abidjan\\\/C\u00f4te d\u2019Ivoire: Atelier de renforcement de capacit\u00e9s des m\u00e9dias dans la lutte contre la malnutrition en Afrique\",\"datePublished\":\"2024-09-20T02:04:44+00:00\",\"mainEntityOfPage\":{\"@id\":\"https:\\\/\\\/www.presseinvestigation.com\\\/index.php\\\/2024\\\/09\\\/20\\\/abidjan-cote-divoire-atelier-de-renforcement-de-capacites-des-medias-dans-la-lutte-contre-la-malnutrition-en-afrique\\\/\"},\"wordCount\":919,\"commentCount\":0,\"image\":{\"@id\":\"https:\\\/\\\/www.presseinvestigation.com\\\/index.php\\\/2024\\\/09\\\/20\\\/abidjan-cote-divoire-atelier-de-renforcement-de-capacites-des-medias-dans-la-lutte-contre-la-malnutrition-en-afrique\\\/#primaryimage\"},\"thumbnailUrl\":\"https:\\\/\\\/www.presseinvestigation.com\\\/wp-content\\\/uploads\\\/2024\\\/09\\\/20240917_104304.jpg\",\"articleSection\":[\"Afrique\"],\"inLanguage\":\"fr-FR\",\"potentialAction\":[{\"@type\":\"CommentAction\",\"name\":\"Comment\",\"target\":[\"https:\\\/\\\/www.presseinvestigation.com\\\/index.php\\\/2024\\\/09\\\/20\\\/abidjan-cote-divoire-atelier-de-renforcement-de-capacites-des-medias-dans-la-lutte-contre-la-malnutrition-en-afrique\\\/#respond\"]}]},{\"@type\":\"WebPage\",\"@id\":\"https:\\\/\\\/www.presseinvestigation.com\\\/index.php\\\/2024\\\/09\\\/20\\\/abidjan-cote-divoire-atelier-de-renforcement-de-capacites-des-medias-dans-la-lutte-contre-la-malnutrition-en-afrique\\\/\",\"url\":\"https:\\\/\\\/www.presseinvestigation.com\\\/index.php\\\/2024\\\/09\\\/20\\\/abidjan-cote-divoire-atelier-de-renforcement-de-capacites-des-medias-dans-la-lutte-contre-la-malnutrition-en-afrique\\\/\",\"name\":\"Abidjan\\\/C\u00f4te d\u2019Ivoire: Atelier de renforcement de capacit\u00e9s des m\u00e9dias dans la lutte contre la malnutrition en Afrique - Presseinvestigation\",\"isPartOf\":{\"@id\":\"https:\\\/\\\/www.presseinvestigation.com\\\/#website\"},\"primaryImageOfPage\":{\"@id\":\"https:\\\/\\\/www.presseinvestigation.com\\\/index.php\\\/2024\\\/09\\\/20\\\/abidjan-cote-divoire-atelier-de-renforcement-de-capacites-des-medias-dans-la-lutte-contre-la-malnutrition-en-afrique\\\/#primaryimage\"},\"image\":{\"@id\":\"https:\\\/\\\/www.presseinvestigation.com\\\/index.php\\\/2024\\\/09\\\/20\\\/abidjan-cote-divoire-atelier-de-renforcement-de-capacites-des-medias-dans-la-lutte-contre-la-malnutrition-en-afrique\\\/#primaryimage\"},\"thumbnailUrl\":\"https:\\\/\\\/www.presseinvestigation.com\\\/wp-content\\\/uploads\\\/2024\\\/09\\\/20240917_104304.jpg\",\"datePublished\":\"2024-09-20T02:04:44+00:00\",\"author\":{\"@id\":\"https:\\\/\\\/www.presseinvestigation.com\\\/#\\\/schema\\\/person\\\/a1029d031d336f4e888009a1d2c4740a\"},\"breadcrumb\":{\"@id\":\"https:\\\/\\\/www.presseinvestigation.com\\\/index.php\\\/2024\\\/09\\\/20\\\/abidjan-cote-divoire-atelier-de-renforcement-de-capacites-des-medias-dans-la-lutte-contre-la-malnutrition-en-afrique\\\/#breadcrumb\"},\"inLanguage\":\"fr-FR\",\"potentialAction\":[{\"@type\":\"ReadAction\",\"target\":[\"https:\\\/\\\/www.presseinvestigation.com\\\/index.php\\\/2024\\\/09\\\/20\\\/abidjan-cote-divoire-atelier-de-renforcement-de-capacites-des-medias-dans-la-lutte-contre-la-malnutrition-en-afrique\\\/\"]}]},{\"@type\":\"ImageObject\",\"inLanguage\":\"fr-FR\",\"@id\":\"https:\\\/\\\/www.presseinvestigation.com\\\/index.php\\\/2024\\\/09\\\/20\\\/abidjan-cote-divoire-atelier-de-renforcement-de-capacites-des-medias-dans-la-lutte-contre-la-malnutrition-en-afrique\\\/#primaryimage\",\"url\":\"https:\\\/\\\/www.presseinvestigation.com\\\/wp-content\\\/uploads\\\/2024\\\/09\\\/20240917_104304.jpg\",\"contentUrl\":\"https:\\\/\\\/www.presseinvestigation.com\\\/wp-content\\\/uploads\\\/2024\\\/09\\\/20240917_104304.jpg\",\"width\":2372,\"height\":970},{\"@type\":\"BreadcrumbList\",\"@id\":\"https:\\\/\\\/www.presseinvestigation.com\\\/index.php\\\/2024\\\/09\\\/20\\\/abidjan-cote-divoire-atelier-de-renforcement-de-capacites-des-medias-dans-la-lutte-contre-la-malnutrition-en-afrique\\\/#breadcrumb\",\"itemListElement\":[{\"@type\":\"ListItem\",\"position\":1,\"name\":\"Accueil\",\"item\":\"https:\\\/\\\/www.presseinvestigation.com\\\/\"},{\"@type\":\"ListItem\",\"position\":2,\"name\":\"Abidjan\\\/C\u00f4te d\u2019Ivoire: Atelier de renforcement de capacit\u00e9s des m\u00e9dias dans la lutte contre la malnutrition en Afrique\"}]},{\"@type\":\"WebSite\",\"@id\":\"https:\\\/\\\/www.presseinvestigation.com\\\/#website\",\"url\":\"https:\\\/\\\/www.presseinvestigation.com\\\/\",\"name\":\"Presseinvestigation\",\"description\":\"Informer dans l&#039;impartialit\u00e9\",\"potentialAction\":[{\"@type\":\"SearchAction\",\"target\":{\"@type\":\"EntryPoint\",\"urlTemplate\":\"https:\\\/\\\/www.presseinvestigation.com\\\/?s={search_term_string}\"},\"query-input\":{\"@type\":\"PropertyValueSpecification\",\"valueRequired\":true,\"valueName\":\"search_term_string\"}}],\"inLanguage\":\"fr-FR\"},{\"@type\":\"Person\",\"@id\":\"https:\\\/\\\/www.presseinvestigation.com\\\/#\\\/schema\\\/person\\\/a1029d031d336f4e888009a1d2c4740a\",\"name\":\"Presseinvestigation.com\",\"image\":{\"@type\":\"ImageObject\",\"inLanguage\":\"fr-FR\",\"@id\":\"https:\\\/\\\/secure.gravatar.com\\\/avatar\\\/c0faa0f472c43eff99fecb0bd2a1c6782e80a162c9fcb7ed2d48bb42ea619f30?s=96&d=mm&r=g\",\"url\":\"https:\\\/\\\/secure.gravatar.com\\\/avatar\\\/c0faa0f472c43eff99fecb0bd2a1c6782e80a162c9fcb7ed2d48bb42ea619f30?s=96&d=mm&r=g\",\"contentUrl\":\"https:\\\/\\\/secure.gravatar.com\\\/avatar\\\/c0faa0f472c43eff99fecb0bd2a1c6782e80a162c9fcb7ed2d48bb42ea619f30?s=96&d=mm&r=g\",\"caption\":\"Presseinvestigation.com\"},\"sameAs\":[\"https:\\\/\\\/www.presseinvestigation.com\"],\"url\":\"https:\\\/\\\/www.presseinvestigation.com\\\/index.php\\\/author\\\/medbi2011\\\/\"}]}<\/script>\n<!-- \/ Yoast SEO plugin. -->","yoast_head_json":{"title":"Abidjan\/C\u00f4te d\u2019Ivoire: Atelier de renforcement de capacit\u00e9s des m\u00e9dias dans la lutte contre la malnutrition en Afrique - Presseinvestigation","robots":{"index":"index","follow":"follow","max-snippet":"max-snippet:-1","max-image-preview":"max-image-preview:large","max-video-preview":"max-video-preview:-1"},"canonical":"https:\/\/www.presseinvestigation.com\/index.php\/2024\/09\/20\/abidjan-cote-divoire-atelier-de-renforcement-de-capacites-des-medias-dans-la-lutte-contre-la-malnutrition-en-afrique\/","og_locale":"fr_FR","og_type":"article","og_title":"Abidjan\/C\u00f4te d\u2019Ivoire: Atelier de renforcement de capacit\u00e9s des m\u00e9dias dans la lutte contre la malnutrition en Afrique - Presseinvestigation","og_description":"Des journalistes et communicateurs de 17 pays africains se sont r\u00e9unis ce mardi 17 septembre 2024 \u00e0 Abidjan (C\u00f4te d\u2019Ivoire), avec des experts en nutritions. Objectif renforcer les capacit\u00e9s des hommes de m\u00e9dias dans la lutte contre la malnutrition en Afrique. \u00a0 Cette\u00a0 activ\u00e9e a \u00e9t\u00e9 organis\u00e9e par le l\u2019Initiative des Journalistes et communicateurs pour [&hellip;]","og_url":"https:\/\/www.presseinvestigation.com\/index.php\/2024\/09\/20\/abidjan-cote-divoire-atelier-de-renforcement-de-capacites-des-medias-dans-la-lutte-contre-la-malnutrition-en-afrique\/","og_site_name":"Presseinvestigation","article_published_time":"2024-09-20T02:04:44+00:00","og_image":[{"width":2372,"height":970,"url":"https:\/\/www.presseinvestigation.com\/wp-content\/uploads\/2024\/09\/20240917_104304.jpg","type":"image\/jpeg"}],"author":"Presseinvestigation.com","twitter_card":"summary_large_image","twitter_misc":{"\u00c9crit par":"Presseinvestigation.com","Dur\u00e9e de lecture estim\u00e9e":"4 minutes"},"schema":{"@context":"https:\/\/schema.org","@graph":[{"@type":"Article","@id":"https:\/\/www.presseinvestigation.com\/index.php\/2024\/09\/20\/abidjan-cote-divoire-atelier-de-renforcement-de-capacites-des-medias-dans-la-lutte-contre-la-malnutrition-en-afrique\/#article","isPartOf":{"@id":"https:\/\/www.presseinvestigation.com\/index.php\/2024\/09\/20\/abidjan-cote-divoire-atelier-de-renforcement-de-capacites-des-medias-dans-la-lutte-contre-la-malnutrition-en-afrique\/"},"author":{"name":"Presseinvestigation.com","@id":"https:\/\/www.presseinvestigation.com\/#\/schema\/person\/a1029d031d336f4e888009a1d2c4740a"},"headline":"Abidjan\/C\u00f4te d\u2019Ivoire: Atelier de renforcement de capacit\u00e9s des m\u00e9dias dans la lutte contre la malnutrition en Afrique","datePublished":"2024-09-20T02:04:44+00:00","mainEntityOfPage":{"@id":"https:\/\/www.presseinvestigation.com\/index.php\/2024\/09\/20\/abidjan-cote-divoire-atelier-de-renforcement-de-capacites-des-medias-dans-la-lutte-contre-la-malnutrition-en-afrique\/"},"wordCount":919,"commentCount":0,"image":{"@id":"https:\/\/www.presseinvestigation.com\/index.php\/2024\/09\/20\/abidjan-cote-divoire-atelier-de-renforcement-de-capacites-des-medias-dans-la-lutte-contre-la-malnutrition-en-afrique\/#primaryimage"},"thumbnailUrl":"https:\/\/www.presseinvestigation.com\/wp-content\/uploads\/2024\/09\/20240917_104304.jpg","articleSection":["Afrique"],"inLanguage":"fr-FR","potentialAction":[{"@type":"CommentAction","name":"Comment","target":["https:\/\/www.presseinvestigation.com\/index.php\/2024\/09\/20\/abidjan-cote-divoire-atelier-de-renforcement-de-capacites-des-medias-dans-la-lutte-contre-la-malnutrition-en-afrique\/#respond"]}]},{"@type":"WebPage","@id":"https:\/\/www.presseinvestigation.com\/index.php\/2024\/09\/20\/abidjan-cote-divoire-atelier-de-renforcement-de-capacites-des-medias-dans-la-lutte-contre-la-malnutrition-en-afrique\/","url":"https:\/\/www.presseinvestigation.com\/index.php\/2024\/09\/20\/abidjan-cote-divoire-atelier-de-renforcement-de-capacites-des-medias-dans-la-lutte-contre-la-malnutrition-en-afrique\/","name":"Abidjan\/C\u00f4te d\u2019Ivoire: Atelier de renforcement de capacit\u00e9s des m\u00e9dias dans la lutte contre la malnutrition en Afrique - Presseinvestigation","isPartOf":{"@id":"https:\/\/www.presseinvestigation.com\/#website"},"primaryImageOfPage":{"@id":"https:\/\/www.presseinvestigation.com\/index.php\/2024\/09\/20\/abidjan-cote-divoire-atelier-de-renforcement-de-capacites-des-medias-dans-la-lutte-contre-la-malnutrition-en-afrique\/#primaryimage"},"image":{"@id":"https:\/\/www.presseinvestigation.com\/index.php\/2024\/09\/20\/abidjan-cote-divoire-atelier-de-renforcement-de-capacites-des-medias-dans-la-lutte-contre-la-malnutrition-en-afrique\/#primaryimage"},"thumbnailUrl":"https:\/\/www.presseinvestigation.com\/wp-content\/uploads\/2024\/09\/20240917_104304.jpg","datePublished":"2024-09-20T02:04:44+00:00","author":{"@id":"https:\/\/www.presseinvestigation.com\/#\/schema\/person\/a1029d031d336f4e888009a1d2c4740a"},"breadcrumb":{"@id":"https:\/\/www.presseinvestigation.com\/index.php\/2024\/09\/20\/abidjan-cote-divoire-atelier-de-renforcement-de-capacites-des-medias-dans-la-lutte-contre-la-malnutrition-en-afrique\/#breadcrumb"},"inLanguage":"fr-FR","potentialAction":[{"@type":"ReadAction","target":["https:\/\/www.presseinvestigation.com\/index.php\/2024\/09\/20\/abidjan-cote-divoire-atelier-de-renforcement-de-capacites-des-medias-dans-la-lutte-contre-la-malnutrition-en-afrique\/"]}]},{"@type":"ImageObject","inLanguage":"fr-FR","@id":"https:\/\/www.presseinvestigation.com\/index.php\/2024\/09\/20\/abidjan-cote-divoire-atelier-de-renforcement-de-capacites-des-medias-dans-la-lutte-contre-la-malnutrition-en-afrique\/#primaryimage","url":"https:\/\/www.presseinvestigation.com\/wp-content\/uploads\/2024\/09\/20240917_104304.jpg","contentUrl":"https:\/\/www.presseinvestigation.com\/wp-content\/uploads\/2024\/09\/20240917_104304.jpg","width":2372,"height":970},{"@type":"BreadcrumbList","@id":"https:\/\/www.presseinvestigation.com\/index.php\/2024\/09\/20\/abidjan-cote-divoire-atelier-de-renforcement-de-capacites-des-medias-dans-la-lutte-contre-la-malnutrition-en-afrique\/#breadcrumb","itemListElement":[{"@type":"ListItem","position":1,"name":"Accueil","item":"https:\/\/www.presseinvestigation.com\/"},{"@type":"ListItem","position":2,"name":"Abidjan\/C\u00f4te d\u2019Ivoire: Atelier de renforcement de capacit\u00e9s des m\u00e9dias dans la lutte contre la malnutrition en Afrique"}]},{"@type":"WebSite","@id":"https:\/\/www.presseinvestigation.com\/#website","url":"https:\/\/www.presseinvestigation.com\/","name":"Presseinvestigation","description":"Informer dans l&#039;impartialit\u00e9","potentialAction":[{"@type":"SearchAction","target":{"@type":"EntryPoint","urlTemplate":"https:\/\/www.presseinvestigation.com\/?s={search_term_string}"},"query-input":{"@type":"PropertyValueSpecification","valueRequired":true,"valueName":"search_term_string"}}],"inLanguage":"fr-FR"},{"@type":"Person","@id":"https:\/\/www.presseinvestigation.com\/#\/schema\/person\/a1029d031d336f4e888009a1d2c4740a","name":"Presseinvestigation.com","image":{"@type":"ImageObject","inLanguage":"fr-FR","@id":"https:\/\/secure.gravatar.com\/avatar\/c0faa0f472c43eff99fecb0bd2a1c6782e80a162c9fcb7ed2d48bb42ea619f30?s=96&d=mm&r=g","url":"https:\/\/secure.gravatar.com\/avatar\/c0faa0f472c43eff99fecb0bd2a1c6782e80a162c9fcb7ed2d48bb42ea619f30?s=96&d=mm&r=g","contentUrl":"https:\/\/secure.gravatar.com\/avatar\/c0faa0f472c43eff99fecb0bd2a1c6782e80a162c9fcb7ed2d48bb42ea619f30?s=96&d=mm&r=g","caption":"Presseinvestigation.com"},"sameAs":["https:\/\/www.presseinvestigation.com"],"url":"https:\/\/www.presseinvestigation.com\/index.php\/author\/medbi2011\/"}]}},"_links":{"self":[{"href":"https:\/\/www.presseinvestigation.com\/index.php\/wp-json\/wp\/v2\/posts\/1714","targetHints":{"allow":["GET"]}}],"collection":[{"href":"https:\/\/www.presseinvestigation.com\/index.php\/wp-json\/wp\/v2\/posts"}],"about":[{"href":"https:\/\/www.presseinvestigation.com\/index.php\/wp-json\/wp\/v2\/types\/post"}],"author":[{"embeddable":true,"href":"https:\/\/www.presseinvestigation.com\/index.php\/wp-json\/wp\/v2\/users\/1"}],"replies":[{"embeddable":true,"href":"https:\/\/www.presseinvestigation.com\/index.php\/wp-json\/wp\/v2\/comments?post=1714"}],"version-history":[{"count":1,"href":"https:\/\/www.presseinvestigation.com\/index.php\/wp-json\/wp\/v2\/posts\/1714\/revisions"}],"predecessor-version":[{"id":1715,"href":"https:\/\/www.presseinvestigation.com\/index.php\/wp-json\/wp\/v2\/posts\/1714\/revisions\/1715"}],"wp:featuredmedia":[{"embeddable":true,"href":"https:\/\/www.presseinvestigation.com\/index.php\/wp-json\/wp\/v2\/media\/1713"}],"wp:attachment":[{"href":"https:\/\/www.presseinvestigation.com\/index.php\/wp-json\/wp\/v2\/media?parent=1714"}],"wp:term":[{"taxonomy":"category","embeddable":true,"href":"https:\/\/www.presseinvestigation.com\/index.php\/wp-json\/wp\/v2\/categories?post=1714"},{"taxonomy":"post_tag","embeddable":true,"href":"https:\/\/www.presseinvestigation.com\/index.php\/wp-json\/wp\/v2\/tags?post=1714"}],"curies":[{"name":"wp","href":"https:\/\/api.w.org\/{rel}","templated":true}]}}