{"id":1732,"date":"2024-10-06T16:45:14","date_gmt":"2024-10-06T14:45:14","guid":{"rendered":"https:\/\/www.presseinvestigation.com\/index.php\/2024\/10\/06\/anaim-le-dg-damalaye-conde-parle-de-lavancee-des-chantiers-dinfrastructures-sociales\/"},"modified":"2024-10-06T16:45:14","modified_gmt":"2024-10-06T14:45:14","slug":"anaim-le-dg-damalaye-conde-parle-de-lavancee-des-chantiers-dinfrastructures-sociales","status":"publish","type":"post","link":"https:\/\/www.presseinvestigation.com\/index.php\/2024\/10\/06\/anaim-le-dg-damalaye-conde-parle-de-lavancee-des-chantiers-dinfrastructures-sociales\/","title":{"rendered":"ANAIM\u00a0: le DG Damalaye CONDE parle de l\u2019avanc\u00e9e des chantiers d\u2019infrastructures sociales"},"content":{"rendered":"<p><strong>A l\u2019occasion de la c\u00e9l\u00e9bration du 66\u00e8me anniversaire de l\u2019ind\u00e9pendance de la R\u00e9publique de Guin\u00e9e, c\u00e9l\u00e9br\u00e9 le 02 octobre 2024, l\u2019Agence Nationale d\u2019Am\u00e9nagement des Infrastructures Mini\u00e8res(ANAIM) a publi\u00e9 sur sa page Facebook, l\u2019intervention de son Directeur G\u00e9n\u00e9ral, ax\u00e9e sur les infrastructures sociales dont l\u2019ANAIM a la charge de r\u00e9aliser, notamment\u00a0: les chantiers des logements sociaux de Kolaboui, l\u2019h\u00f4pital communautaire de kamsar et le centre de Dialyse de l\u2019h\u00f4pital ANAIM-Kamsar.<\/strong><\/p>\n<p>Selon le DG de l\u2019ANAIM, les logements sociaux initi\u00e9s sous le CNRD, en construction \u00e0 Kolaboui, est en cours normal et dans un bref d\u00e9lai, la premi\u00e8re phase du projet va \u00eatre achev\u00e9e. Il a \u00e9galement soulign\u00e9 que l\u2019h\u00f4pital communautaire de kamsar et le Centre de Dialyse de l\u2019h\u00f4pital ANAIM-Kamsar seront livr\u00e9s au premier trimestre 2025.<\/p>\n<p>\u00ab\u00a0<em>En termes d\u2019infrastructures au niveau social, c\u2019est sous l\u2019\u00e8re du CNRD que le projet de construction de logement \u00e0 Kolaboui a \u00e9t\u00e9 initi\u00e9. Il s\u2019agit d\u2019un projet de construction de plus de 300 logements. Et ce projet avance tr\u00e8s bien. Nous esp\u00e9rons que d\u2019ici quelques mois, la premi\u00e8re phase de ce projet sera compl\u00e9t\u00e9e. En plus du projet de construction de Kolaboui, il y a \u00e9galement le projet de l\u2019h\u00f4pital communautaire de Kamsar qui avance tr\u00e8s bien. Ce projet pourra \u00eatre compl\u00e9t\u00e9 pendant le premier trimestre de 2025. Il y a \u00e9galement le projet du centre de dialyse qui \u00e9volue tr\u00e8s bien. Ce projet sera \u00e9galement livr\u00e9 pour le premier trimestre 2025\u00a0<\/em>\u00bb a exprim\u00e9 Damalaye CONDE.<\/p>\n<p><strong>Toumany CAMARA pour presseinvestigation.com<\/strong><\/p>\n<p><strong>T\u00e9l\u00a0: 623-63-33-54<\/strong><\/p>\n","protected":false},"excerpt":{"rendered":"<p>A l\u2019occasion de la c\u00e9l\u00e9bration du 66\u00e8me anniversaire de l\u2019ind\u00e9pendance de la R\u00e9publique de Guin\u00e9e, c\u00e9l\u00e9br\u00e9 le 02 octobre 2024, l\u2019Agence Nationale d\u2019Am\u00e9nagement des Infrastructures Mini\u00e8res(ANAIM) a publi\u00e9 sur sa page Facebook, l\u2019intervention de son Directeur G\u00e9n\u00e9ral, ax\u00e9e sur les infrastructures sociales dont l\u2019ANAIM a la charge de r\u00e9aliser, notamment\u00a0: les chantiers des logements sociaux [&hellip;]<\/p>\n","protected":false},"author":1,"featured_media":1731,"comment_status":"open","ping_status":"open","sticky":false,"template":"","format":"standard","meta":{"jnews-multi-image_gallery":[],"jnews_single_post":[],"jnews_primary_category":[],"footnotes":""},"categories":[63],"tags":[],"class_list":["post-1732","post","type-post","status-publish","format-standard","has-post-thumbnail","hentry","category-mines"],"yoast_head":"<!-- This site is optimized with the Yoast SEO plugin v27.3 - https:\/\/yoast.com\/product\/yoast-seo-wordpress\/ -->\n<title>ANAIM\u00a0: le DG Damalaye CONDE parle de l\u2019avanc\u00e9e des chantiers d\u2019infrastructures sociales - Presseinvestigation<\/title>\n<meta name=\"robots\" content=\"index, follow, max-snippet:-1, max-image-preview:large, max-video-preview:-1\" \/>\n<link rel=\"canonical\" href=\"https:\/\/www.presseinvestigation.com\/index.php\/2024\/10\/06\/anaim-le-dg-damalaye-conde-parle-de-lavancee-des-chantiers-dinfrastructures-sociales\/\" \/>\n<meta property=\"og:locale\" content=\"fr_FR\" \/>\n<meta property=\"og:type\" content=\"article\" \/>\n<meta property=\"og:title\" content=\"ANAIM\u00a0: le DG Damalaye CONDE parle de l\u2019avanc\u00e9e des chantiers d\u2019infrastructures sociales - Presseinvestigation\" \/>\n<meta property=\"og:description\" content=\"A l\u2019occasion de la c\u00e9l\u00e9bration du 66\u00e8me anniversaire de l\u2019ind\u00e9pendance de la R\u00e9publique de Guin\u00e9e, c\u00e9l\u00e9br\u00e9 le 02 octobre 2024, l\u2019Agence Nationale d\u2019Am\u00e9nagement des Infrastructures Mini\u00e8res(ANAIM) a publi\u00e9 sur sa page Facebook, l\u2019intervention de son Directeur G\u00e9n\u00e9ral, ax\u00e9e sur les infrastructures sociales dont l\u2019ANAIM a la charge de r\u00e9aliser, notamment\u00a0: les chantiers des logements sociaux [&hellip;]\" \/>\n<meta property=\"og:url\" content=\"https:\/\/www.presseinvestigation.com\/index.php\/2024\/10\/06\/anaim-le-dg-damalaye-conde-parle-de-lavancee-des-chantiers-dinfrastructures-sociales\/\" \/>\n<meta property=\"og:site_name\" content=\"Presseinvestigation\" \/>\n<meta property=\"article:published_time\" content=\"2024-10-06T14:45:14+00:00\" \/>\n<meta property=\"og:image\" content=\"https:\/\/www.presseinvestigation.com\/wp-content\/uploads\/2024\/10\/20240511_120739-709x375-1.jpg\" \/>\n\t<meta property=\"og:image:width\" content=\"709\" \/>\n\t<meta property=\"og:image:height\" content=\"375\" \/>\n\t<meta property=\"og:image:type\" content=\"image\/jpeg\" \/>\n<meta name=\"author\" content=\"Presseinvestigation.com\" \/>\n<meta name=\"twitter:card\" content=\"summary_large_image\" \/>\n<meta name=\"twitter:label1\" content=\"\u00c9crit par\" \/>\n\t<meta name=\"twitter:data1\" content=\"Presseinvestigation.com\" \/>\n\t<meta name=\"twitter:label2\" content=\"Dur\u00e9e de lecture estim\u00e9e\" \/>\n\t<meta name=\"twitter:data2\" content=\"1 minute\" \/>\n<script type=\"application\/ld+json\" class=\"yoast-schema-graph\">{\"@context\":\"https:\\\/\\\/schema.org\",\"@graph\":[{\"@type\":\"Article\",\"@id\":\"https:\\\/\\\/www.presseinvestigation.com\\\/index.php\\\/2024\\\/10\\\/06\\\/anaim-le-dg-damalaye-conde-parle-de-lavancee-des-chantiers-dinfrastructures-sociales\\\/#article\",\"isPartOf\":{\"@id\":\"https:\\\/\\\/www.presseinvestigation.com\\\/index.php\\\/2024\\\/10\\\/06\\\/anaim-le-dg-damalaye-conde-parle-de-lavancee-des-chantiers-dinfrastructures-sociales\\\/\"},\"author\":{\"name\":\"Presseinvestigation.com\",\"@id\":\"https:\\\/\\\/www.presseinvestigation.com\\\/#\\\/schema\\\/person\\\/a1029d031d336f4e888009a1d2c4740a\"},\"headline\":\"ANAIM\u00a0: le DG Damalaye CONDE parle de l\u2019avanc\u00e9e des chantiers d\u2019infrastructures sociales\",\"datePublished\":\"2024-10-06T14:45:14+00:00\",\"mainEntityOfPage\":{\"@id\":\"https:\\\/\\\/www.presseinvestigation.com\\\/index.php\\\/2024\\\/10\\\/06\\\/anaim-le-dg-damalaye-conde-parle-de-lavancee-des-chantiers-dinfrastructures-sociales\\\/\"},\"wordCount\":308,\"commentCount\":0,\"image\":{\"@id\":\"https:\\\/\\\/www.presseinvestigation.com\\\/index.php\\\/2024\\\/10\\\/06\\\/anaim-le-dg-damalaye-conde-parle-de-lavancee-des-chantiers-dinfrastructures-sociales\\\/#primaryimage\"},\"thumbnailUrl\":\"https:\\\/\\\/www.presseinvestigation.com\\\/wp-content\\\/uploads\\\/2024\\\/10\\\/20240511_120739-709x375-1.jpg\",\"articleSection\":[\"Mines\"],\"inLanguage\":\"fr-FR\",\"potentialAction\":[{\"@type\":\"CommentAction\",\"name\":\"Comment\",\"target\":[\"https:\\\/\\\/www.presseinvestigation.com\\\/index.php\\\/2024\\\/10\\\/06\\\/anaim-le-dg-damalaye-conde-parle-de-lavancee-des-chantiers-dinfrastructures-sociales\\\/#respond\"]}]},{\"@type\":\"WebPage\",\"@id\":\"https:\\\/\\\/www.presseinvestigation.com\\\/index.php\\\/2024\\\/10\\\/06\\\/anaim-le-dg-damalaye-conde-parle-de-lavancee-des-chantiers-dinfrastructures-sociales\\\/\",\"url\":\"https:\\\/\\\/www.presseinvestigation.com\\\/index.php\\\/2024\\\/10\\\/06\\\/anaim-le-dg-damalaye-conde-parle-de-lavancee-des-chantiers-dinfrastructures-sociales\\\/\",\"name\":\"ANAIM\u00a0: le DG Damalaye CONDE parle de l\u2019avanc\u00e9e des chantiers d\u2019infrastructures sociales - Presseinvestigation\",\"isPartOf\":{\"@id\":\"https:\\\/\\\/www.presseinvestigation.com\\\/#website\"},\"primaryImageOfPage\":{\"@id\":\"https:\\\/\\\/www.presseinvestigation.com\\\/index.php\\\/2024\\\/10\\\/06\\\/anaim-le-dg-damalaye-conde-parle-de-lavancee-des-chantiers-dinfrastructures-sociales\\\/#primaryimage\"},\"image\":{\"@id\":\"https:\\\/\\\/www.presseinvestigation.com\\\/index.php\\\/2024\\\/10\\\/06\\\/anaim-le-dg-damalaye-conde-parle-de-lavancee-des-chantiers-dinfrastructures-sociales\\\/#primaryimage\"},\"thumbnailUrl\":\"https:\\\/\\\/www.presseinvestigation.com\\\/wp-content\\\/uploads\\\/2024\\\/10\\\/20240511_120739-709x375-1.jpg\",\"datePublished\":\"2024-10-06T14:45:14+00:00\",\"author\":{\"@id\":\"https:\\\/\\\/www.presseinvestigation.com\\\/#\\\/schema\\\/person\\\/a1029d031d336f4e888009a1d2c4740a\"},\"breadcrumb\":{\"@id\":\"https:\\\/\\\/www.presseinvestigation.com\\\/index.php\\\/2024\\\/10\\\/06\\\/anaim-le-dg-damalaye-conde-parle-de-lavancee-des-chantiers-dinfrastructures-sociales\\\/#breadcrumb\"},\"inLanguage\":\"fr-FR\",\"potentialAction\":[{\"@type\":\"ReadAction\",\"target\":[\"https:\\\/\\\/www.presseinvestigation.com\\\/index.php\\\/2024\\\/10\\\/06\\\/anaim-le-dg-damalaye-conde-parle-de-lavancee-des-chantiers-dinfrastructures-sociales\\\/\"]}]},{\"@type\":\"ImageObject\",\"inLanguage\":\"fr-FR\",\"@id\":\"https:\\\/\\\/www.presseinvestigation.com\\\/index.php\\\/2024\\\/10\\\/06\\\/anaim-le-dg-damalaye-conde-parle-de-lavancee-des-chantiers-dinfrastructures-sociales\\\/#primaryimage\",\"url\":\"https:\\\/\\\/www.presseinvestigation.com\\\/wp-content\\\/uploads\\\/2024\\\/10\\\/20240511_120739-709x375-1.jpg\",\"contentUrl\":\"https:\\\/\\\/www.presseinvestigation.com\\\/wp-content\\\/uploads\\\/2024\\\/10\\\/20240511_120739-709x375-1.jpg\",\"width\":709,\"height\":375},{\"@type\":\"BreadcrumbList\",\"@id\":\"https:\\\/\\\/www.presseinvestigation.com\\\/index.php\\\/2024\\\/10\\\/06\\\/anaim-le-dg-damalaye-conde-parle-de-lavancee-des-chantiers-dinfrastructures-sociales\\\/#breadcrumb\",\"itemListElement\":[{\"@type\":\"ListItem\",\"position\":1,\"name\":\"Accueil\",\"item\":\"https:\\\/\\\/www.presseinvestigation.com\\\/\"},{\"@type\":\"ListItem\",\"position\":2,\"name\":\"ANAIM\u00a0: le DG Damalaye CONDE parle de l\u2019avanc\u00e9e des chantiers d\u2019infrastructures sociales\"}]},{\"@type\":\"WebSite\",\"@id\":\"https:\\\/\\\/www.presseinvestigation.com\\\/#website\",\"url\":\"https:\\\/\\\/www.presseinvestigation.com\\\/\",\"name\":\"Presseinvestigation\",\"description\":\"Informer dans l&#039;impartialit\u00e9\",\"potentialAction\":[{\"@type\":\"SearchAction\",\"target\":{\"@type\":\"EntryPoint\",\"urlTemplate\":\"https:\\\/\\\/www.presseinvestigation.com\\\/?s={search_term_string}\"},\"query-input\":{\"@type\":\"PropertyValueSpecification\",\"valueRequired\":true,\"valueName\":\"search_term_string\"}}],\"inLanguage\":\"fr-FR\"},{\"@type\":\"Person\",\"@id\":\"https:\\\/\\\/www.presseinvestigation.com\\\/#\\\/schema\\\/person\\\/a1029d031d336f4e888009a1d2c4740a\",\"name\":\"Presseinvestigation.com\",\"image\":{\"@type\":\"ImageObject\",\"inLanguage\":\"fr-FR\",\"@id\":\"https:\\\/\\\/secure.gravatar.com\\\/avatar\\\/c0faa0f472c43eff99fecb0bd2a1c6782e80a162c9fcb7ed2d48bb42ea619f30?s=96&d=mm&r=g\",\"url\":\"https:\\\/\\\/secure.gravatar.com\\\/avatar\\\/c0faa0f472c43eff99fecb0bd2a1c6782e80a162c9fcb7ed2d48bb42ea619f30?s=96&d=mm&r=g\",\"contentUrl\":\"https:\\\/\\\/secure.gravatar.com\\\/avatar\\\/c0faa0f472c43eff99fecb0bd2a1c6782e80a162c9fcb7ed2d48bb42ea619f30?s=96&d=mm&r=g\",\"caption\":\"Presseinvestigation.com\"},\"sameAs\":[\"https:\\\/\\\/www.presseinvestigation.com\"],\"url\":\"https:\\\/\\\/www.presseinvestigation.com\\\/index.php\\\/author\\\/medbi2011\\\/\"}]}<\/script>\n<!-- \/ Yoast SEO plugin. -->","yoast_head_json":{"title":"ANAIM\u00a0: le DG Damalaye CONDE parle de l\u2019avanc\u00e9e des chantiers d\u2019infrastructures sociales - Presseinvestigation","robots":{"index":"index","follow":"follow","max-snippet":"max-snippet:-1","max-image-preview":"max-image-preview:large","max-video-preview":"max-video-preview:-1"},"canonical":"https:\/\/www.presseinvestigation.com\/index.php\/2024\/10\/06\/anaim-le-dg-damalaye-conde-parle-de-lavancee-des-chantiers-dinfrastructures-sociales\/","og_locale":"fr_FR","og_type":"article","og_title":"ANAIM\u00a0: le DG Damalaye CONDE parle de l\u2019avanc\u00e9e des chantiers d\u2019infrastructures sociales - Presseinvestigation","og_description":"A l\u2019occasion de la c\u00e9l\u00e9bration du 66\u00e8me anniversaire de l\u2019ind\u00e9pendance de la R\u00e9publique de Guin\u00e9e, c\u00e9l\u00e9br\u00e9 le 02 octobre 2024, l\u2019Agence Nationale d\u2019Am\u00e9nagement des Infrastructures Mini\u00e8res(ANAIM) a publi\u00e9 sur sa page Facebook, l\u2019intervention de son Directeur G\u00e9n\u00e9ral, ax\u00e9e sur les infrastructures sociales dont l\u2019ANAIM a la charge de r\u00e9aliser, notamment\u00a0: les chantiers des logements sociaux [&hellip;]","og_url":"https:\/\/www.presseinvestigation.com\/index.php\/2024\/10\/06\/anaim-le-dg-damalaye-conde-parle-de-lavancee-des-chantiers-dinfrastructures-sociales\/","og_site_name":"Presseinvestigation","article_published_time":"2024-10-06T14:45:14+00:00","og_image":[{"width":709,"height":375,"url":"https:\/\/www.presseinvestigation.com\/wp-content\/uploads\/2024\/10\/20240511_120739-709x375-1.jpg","type":"image\/jpeg"}],"author":"Presseinvestigation.com","twitter_card":"summary_large_image","twitter_misc":{"\u00c9crit par":"Presseinvestigation.com","Dur\u00e9e de lecture estim\u00e9e":"1 minute"},"schema":{"@context":"https:\/\/schema.org","@graph":[{"@type":"Article","@id":"https:\/\/www.presseinvestigation.com\/index.php\/2024\/10\/06\/anaim-le-dg-damalaye-conde-parle-de-lavancee-des-chantiers-dinfrastructures-sociales\/#article","isPartOf":{"@id":"https:\/\/www.presseinvestigation.com\/index.php\/2024\/10\/06\/anaim-le-dg-damalaye-conde-parle-de-lavancee-des-chantiers-dinfrastructures-sociales\/"},"author":{"name":"Presseinvestigation.com","@id":"https:\/\/www.presseinvestigation.com\/#\/schema\/person\/a1029d031d336f4e888009a1d2c4740a"},"headline":"ANAIM\u00a0: le DG Damalaye CONDE parle de l\u2019avanc\u00e9e des chantiers d\u2019infrastructures sociales","datePublished":"2024-10-06T14:45:14+00:00","mainEntityOfPage":{"@id":"https:\/\/www.presseinvestigation.com\/index.php\/2024\/10\/06\/anaim-le-dg-damalaye-conde-parle-de-lavancee-des-chantiers-dinfrastructures-sociales\/"},"wordCount":308,"commentCount":0,"image":{"@id":"https:\/\/www.presseinvestigation.com\/index.php\/2024\/10\/06\/anaim-le-dg-damalaye-conde-parle-de-lavancee-des-chantiers-dinfrastructures-sociales\/#primaryimage"},"thumbnailUrl":"https:\/\/www.presseinvestigation.com\/wp-content\/uploads\/2024\/10\/20240511_120739-709x375-1.jpg","articleSection":["Mines"],"inLanguage":"fr-FR","potentialAction":[{"@type":"CommentAction","name":"Comment","target":["https:\/\/www.presseinvestigation.com\/index.php\/2024\/10\/06\/anaim-le-dg-damalaye-conde-parle-de-lavancee-des-chantiers-dinfrastructures-sociales\/#respond"]}]},{"@type":"WebPage","@id":"https:\/\/www.presseinvestigation.com\/index.php\/2024\/10\/06\/anaim-le-dg-damalaye-conde-parle-de-lavancee-des-chantiers-dinfrastructures-sociales\/","url":"https:\/\/www.presseinvestigation.com\/index.php\/2024\/10\/06\/anaim-le-dg-damalaye-conde-parle-de-lavancee-des-chantiers-dinfrastructures-sociales\/","name":"ANAIM\u00a0: le DG Damalaye CONDE parle de l\u2019avanc\u00e9e des chantiers d\u2019infrastructures sociales - Presseinvestigation","isPartOf":{"@id":"https:\/\/www.presseinvestigation.com\/#website"},"primaryImageOfPage":{"@id":"https:\/\/www.presseinvestigation.com\/index.php\/2024\/10\/06\/anaim-le-dg-damalaye-conde-parle-de-lavancee-des-chantiers-dinfrastructures-sociales\/#primaryimage"},"image":{"@id":"https:\/\/www.presseinvestigation.com\/index.php\/2024\/10\/06\/anaim-le-dg-damalaye-conde-parle-de-lavancee-des-chantiers-dinfrastructures-sociales\/#primaryimage"},"thumbnailUrl":"https:\/\/www.presseinvestigation.com\/wp-content\/uploads\/2024\/10\/20240511_120739-709x375-1.jpg","datePublished":"2024-10-06T14:45:14+00:00","author":{"@id":"https:\/\/www.presseinvestigation.com\/#\/schema\/person\/a1029d031d336f4e888009a1d2c4740a"},"breadcrumb":{"@id":"https:\/\/www.presseinvestigation.com\/index.php\/2024\/10\/06\/anaim-le-dg-damalaye-conde-parle-de-lavancee-des-chantiers-dinfrastructures-sociales\/#breadcrumb"},"inLanguage":"fr-FR","potentialAction":[{"@type":"ReadAction","target":["https:\/\/www.presseinvestigation.com\/index.php\/2024\/10\/06\/anaim-le-dg-damalaye-conde-parle-de-lavancee-des-chantiers-dinfrastructures-sociales\/"]}]},{"@type":"ImageObject","inLanguage":"fr-FR","@id":"https:\/\/www.presseinvestigation.com\/index.php\/2024\/10\/06\/anaim-le-dg-damalaye-conde-parle-de-lavancee-des-chantiers-dinfrastructures-sociales\/#primaryimage","url":"https:\/\/www.presseinvestigation.com\/wp-content\/uploads\/2024\/10\/20240511_120739-709x375-1.jpg","contentUrl":"https:\/\/www.presseinvestigation.com\/wp-content\/uploads\/2024\/10\/20240511_120739-709x375-1.jpg","width":709,"height":375},{"@type":"BreadcrumbList","@id":"https:\/\/www.presseinvestigation.com\/index.php\/2024\/10\/06\/anaim-le-dg-damalaye-conde-parle-de-lavancee-des-chantiers-dinfrastructures-sociales\/#breadcrumb","itemListElement":[{"@type":"ListItem","position":1,"name":"Accueil","item":"https:\/\/www.presseinvestigation.com\/"},{"@type":"ListItem","position":2,"name":"ANAIM\u00a0: le DG Damalaye CONDE parle de l\u2019avanc\u00e9e des chantiers d\u2019infrastructures sociales"}]},{"@type":"WebSite","@id":"https:\/\/www.presseinvestigation.com\/#website","url":"https:\/\/www.presseinvestigation.com\/","name":"Presseinvestigation","description":"Informer dans l&#039;impartialit\u00e9","potentialAction":[{"@type":"SearchAction","target":{"@type":"EntryPoint","urlTemplate":"https:\/\/www.presseinvestigation.com\/?s={search_term_string}"},"query-input":{"@type":"PropertyValueSpecification","valueRequired":true,"valueName":"search_term_string"}}],"inLanguage":"fr-FR"},{"@type":"Person","@id":"https:\/\/www.presseinvestigation.com\/#\/schema\/person\/a1029d031d336f4e888009a1d2c4740a","name":"Presseinvestigation.com","image":{"@type":"ImageObject","inLanguage":"fr-FR","@id":"https:\/\/secure.gravatar.com\/avatar\/c0faa0f472c43eff99fecb0bd2a1c6782e80a162c9fcb7ed2d48bb42ea619f30?s=96&d=mm&r=g","url":"https:\/\/secure.gravatar.com\/avatar\/c0faa0f472c43eff99fecb0bd2a1c6782e80a162c9fcb7ed2d48bb42ea619f30?s=96&d=mm&r=g","contentUrl":"https:\/\/secure.gravatar.com\/avatar\/c0faa0f472c43eff99fecb0bd2a1c6782e80a162c9fcb7ed2d48bb42ea619f30?s=96&d=mm&r=g","caption":"Presseinvestigation.com"},"sameAs":["https:\/\/www.presseinvestigation.com"],"url":"https:\/\/www.presseinvestigation.com\/index.php\/author\/medbi2011\/"}]}},"_links":{"self":[{"href":"https:\/\/www.presseinvestigation.com\/index.php\/wp-json\/wp\/v2\/posts\/1732","targetHints":{"allow":["GET"]}}],"collection":[{"href":"https:\/\/www.presseinvestigation.com\/index.php\/wp-json\/wp\/v2\/posts"}],"about":[{"href":"https:\/\/www.presseinvestigation.com\/index.php\/wp-json\/wp\/v2\/types\/post"}],"author":[{"embeddable":true,"href":"https:\/\/www.presseinvestigation.com\/index.php\/wp-json\/wp\/v2\/users\/1"}],"replies":[{"embeddable":true,"href":"https:\/\/www.presseinvestigation.com\/index.php\/wp-json\/wp\/v2\/comments?post=1732"}],"version-history":[{"count":1,"href":"https:\/\/www.presseinvestigation.com\/index.php\/wp-json\/wp\/v2\/posts\/1732\/revisions"}],"predecessor-version":[{"id":1733,"href":"https:\/\/www.presseinvestigation.com\/index.php\/wp-json\/wp\/v2\/posts\/1732\/revisions\/1733"}],"wp:featuredmedia":[{"embeddable":true,"href":"https:\/\/www.presseinvestigation.com\/index.php\/wp-json\/wp\/v2\/media\/1731"}],"wp:attachment":[{"href":"https:\/\/www.presseinvestigation.com\/index.php\/wp-json\/wp\/v2\/media?parent=1732"}],"wp:term":[{"taxonomy":"category","embeddable":true,"href":"https:\/\/www.presseinvestigation.com\/index.php\/wp-json\/wp\/v2\/categories?post=1732"},{"taxonomy":"post_tag","embeddable":true,"href":"https:\/\/www.presseinvestigation.com\/index.php\/wp-json\/wp\/v2\/tags?post=1732"}],"curies":[{"name":"wp","href":"https:\/\/api.w.org\/{rel}","templated":true}]}}