{"id":1848,"date":"2024-11-20T12:01:18","date_gmt":"2024-11-20T11:01:18","guid":{"rendered":"https:\/\/www.presseinvestigation.com\/index.php\/2024\/11\/20\/palais-du-peuple-avec-ces-vehicules-militaires-la-foire-pourra-t-elle-se-tenir-en-decembre-prochain\/"},"modified":"2024-11-20T12:01:18","modified_gmt":"2024-11-20T11:01:18","slug":"palais-du-peuple-avec-ces-vehicules-militaires-la-foire-pourra-t-elle-se-tenir-en-decembre-prochain","status":"publish","type":"post","link":"https:\/\/www.presseinvestigation.com\/index.php\/2024\/11\/20\/palais-du-peuple-avec-ces-vehicules-militaires-la-foire-pourra-t-elle-se-tenir-en-decembre-prochain\/","title":{"rendered":"Palais du peuple\u00a0: avec ces v\u00e9hicules Militaires, la foire pourra-t-elle se tenir en d\u00e9cembre prochain\u00a0?\u00a0"},"content":{"rendered":"<p>Le palais du peuple de Conakry est situ\u00e9 dans la commune de Kaloum, le centre-ville de la capitale guin\u00e9enne. Comme son nom l\u2019indique, le palais du peuple, est un endroit ou se tient les grands \u00e9v\u00e8nements du peuple. Souvent sur son esplanade, les artistes musiciens font des concerts ou la d\u00e9dicace de l\u2019Album.<\/p>\n<p>Et il y a tr\u00e8s longtemps, \u00e0 la fin de chaque ann\u00e9e, se tient la foire internationale de Conakry \u00e0 l\u2019esplanade du palais du peuple. Une grande rencontre festive et d\u2019\u00e9changes commerciaux. Mais aujourd\u2019hui, on constate \u00e0 cet endroit le stationnement des v\u00e9hicules militaires occupant toute la partie o\u00f9 se d\u00e9roule d\u2019habitude la foire.<\/p>\n<p>Face \u00e0 cette situation de nombreux observateurs se posent la question de savoir si la foire pourra-t-elle se tenir en d\u00e9cembre 2024 notamment \u00e0 l\u2019esplanade du palais du peuple\u00a0?<\/p>\n<p>En attendant la r\u00e9ponse \u00e0 cette interrogation, il est important de retenir la pr\u00e9cision suivante\u00a0: la foire est le seul plus grand moment de r\u00e9jouissance pour la plupart des habitants du grand Conakry. C\u2019est l\u2019une des rares occasions pour les familles de faire une promenade ensemble ou d\u2019offrir des spectacles aux petits enfants.<\/p>\n<p>Le palais du peuple est choisi pour cette organisation \u00e0 cause de sa situation g\u00e9ographe qui offre une garantie de s\u00e9curit\u00e9. Parce qu\u2019\u00e9tant situ\u00e9 au centre-ville de la capitale. Et aussi par l\u2019espace propice qu\u2019offre son esplanade pour ce genre de regroupement de masse.<\/p>\n<p>Reste \u00e0 savoir si les nouvelles autorit\u00e9s du pays vont-elles comprendre tout cela et accepter de d\u00e9placer ces v\u00e9hicules militaires, les envoy\u00e9s dans les casernes pour permettre au peuple de bien c\u00e9l\u00e9brer les festivit\u00e9s de fin d\u2019ann\u00e9e\u00a0?<\/p>\n<p>Attendons de voir\u00a0!<\/p>\n<p><strong>Toumany CAMARA pour presseinvestigation.com<\/strong><\/p>\n<p><strong>T\u00e9l\u00a0: 623-63-33-54<\/strong><\/p>\n","protected":false},"excerpt":{"rendered":"<p>Le palais du peuple de Conakry est situ\u00e9 dans la commune de Kaloum, le centre-ville de la capitale guin\u00e9enne. Comme son nom l\u2019indique, le palais du peuple, est un endroit ou se tient les grands \u00e9v\u00e8nements du peuple. Souvent sur son esplanade, les artistes musiciens font des concerts ou la d\u00e9dicace de l\u2019Album. Et il [&hellip;]<\/p>\n","protected":false},"author":1,"featured_media":1847,"comment_status":"open","ping_status":"open","sticky":false,"template":"","format":"standard","meta":{"jnews-multi-image_gallery":[],"jnews_single_post":[],"jnews_primary_category":[],"footnotes":""},"categories":[86],"tags":[],"class_list":["post-1848","post","type-post","status-publish","format-standard","has-post-thumbnail","hentry","category-analyse"],"yoast_head":"<!-- This site is optimized with the Yoast SEO plugin v27.3 - https:\/\/yoast.com\/product\/yoast-seo-wordpress\/ -->\n<title>Palais du peuple\u00a0: avec ces v\u00e9hicules Militaires, la foire pourra-t-elle se tenir en d\u00e9cembre prochain\u00a0?\u00a0 - Presseinvestigation<\/title>\n<meta name=\"robots\" content=\"index, follow, max-snippet:-1, max-image-preview:large, max-video-preview:-1\" \/>\n<link rel=\"canonical\" href=\"https:\/\/www.presseinvestigation.com\/index.php\/2024\/11\/20\/palais-du-peuple-avec-ces-vehicules-militaires-la-foire-pourra-t-elle-se-tenir-en-decembre-prochain\/\" \/>\n<meta property=\"og:locale\" content=\"fr_FR\" \/>\n<meta property=\"og:type\" content=\"article\" \/>\n<meta property=\"og:title\" content=\"Palais du peuple\u00a0: avec ces v\u00e9hicules Militaires, la foire pourra-t-elle se tenir en d\u00e9cembre prochain\u00a0?\u00a0 - Presseinvestigation\" \/>\n<meta property=\"og:description\" content=\"Le palais du peuple de Conakry est situ\u00e9 dans la commune de Kaloum, le centre-ville de la capitale guin\u00e9enne. Comme son nom l\u2019indique, le palais du peuple, est un endroit ou se tient les grands \u00e9v\u00e8nements du peuple. Souvent sur son esplanade, les artistes musiciens font des concerts ou la d\u00e9dicace de l\u2019Album. Et il [&hellip;]\" \/>\n<meta property=\"og:url\" content=\"https:\/\/www.presseinvestigation.com\/index.php\/2024\/11\/20\/palais-du-peuple-avec-ces-vehicules-militaires-la-foire-pourra-t-elle-se-tenir-en-decembre-prochain\/\" \/>\n<meta property=\"og:site_name\" content=\"Presseinvestigation\" \/>\n<meta property=\"article:published_time\" content=\"2024-11-20T11:01:18+00:00\" \/>\n<meta property=\"og:image\" content=\"https:\/\/www.presseinvestigation.com\/wp-content\/uploads\/2024\/11\/Screenshot_20241009_213641_Facebook2.jpg\" \/>\n\t<meta property=\"og:image:width\" content=\"1080\" \/>\n\t<meta property=\"og:image:height\" content=\"905\" \/>\n\t<meta property=\"og:image:type\" content=\"image\/jpeg\" \/>\n<meta name=\"author\" content=\"Presseinvestigation.com\" \/>\n<meta name=\"twitter:card\" content=\"summary_large_image\" \/>\n<meta name=\"twitter:label1\" content=\"\u00c9crit par\" \/>\n\t<meta name=\"twitter:data1\" content=\"Presseinvestigation.com\" \/>\n\t<meta name=\"twitter:label2\" content=\"Dur\u00e9e de lecture estim\u00e9e\" \/>\n\t<meta name=\"twitter:data2\" content=\"2 minutes\" \/>\n<script type=\"application\/ld+json\" class=\"yoast-schema-graph\">{\"@context\":\"https:\\\/\\\/schema.org\",\"@graph\":[{\"@type\":\"Article\",\"@id\":\"https:\\\/\\\/www.presseinvestigation.com\\\/index.php\\\/2024\\\/11\\\/20\\\/palais-du-peuple-avec-ces-vehicules-militaires-la-foire-pourra-t-elle-se-tenir-en-decembre-prochain\\\/#article\",\"isPartOf\":{\"@id\":\"https:\\\/\\\/www.presseinvestigation.com\\\/index.php\\\/2024\\\/11\\\/20\\\/palais-du-peuple-avec-ces-vehicules-militaires-la-foire-pourra-t-elle-se-tenir-en-decembre-prochain\\\/\"},\"author\":{\"name\":\"Presseinvestigation.com\",\"@id\":\"https:\\\/\\\/www.presseinvestigation.com\\\/#\\\/schema\\\/person\\\/a1029d031d336f4e888009a1d2c4740a\"},\"headline\":\"Palais du peuple\u00a0: avec ces v\u00e9hicules Militaires, la foire pourra-t-elle se tenir en d\u00e9cembre prochain\u00a0?\u00a0\",\"datePublished\":\"2024-11-20T11:01:18+00:00\",\"mainEntityOfPage\":{\"@id\":\"https:\\\/\\\/www.presseinvestigation.com\\\/index.php\\\/2024\\\/11\\\/20\\\/palais-du-peuple-avec-ces-vehicules-militaires-la-foire-pourra-t-elle-se-tenir-en-decembre-prochain\\\/\"},\"wordCount\":326,\"commentCount\":0,\"image\":{\"@id\":\"https:\\\/\\\/www.presseinvestigation.com\\\/index.php\\\/2024\\\/11\\\/20\\\/palais-du-peuple-avec-ces-vehicules-militaires-la-foire-pourra-t-elle-se-tenir-en-decembre-prochain\\\/#primaryimage\"},\"thumbnailUrl\":\"https:\\\/\\\/www.presseinvestigation.com\\\/wp-content\\\/uploads\\\/2024\\\/11\\\/Screenshot_20241009_213641_Facebook2.jpg\",\"articleSection\":[\"Analyse\"],\"inLanguage\":\"fr-FR\",\"potentialAction\":[{\"@type\":\"CommentAction\",\"name\":\"Comment\",\"target\":[\"https:\\\/\\\/www.presseinvestigation.com\\\/index.php\\\/2024\\\/11\\\/20\\\/palais-du-peuple-avec-ces-vehicules-militaires-la-foire-pourra-t-elle-se-tenir-en-decembre-prochain\\\/#respond\"]}]},{\"@type\":\"WebPage\",\"@id\":\"https:\\\/\\\/www.presseinvestigation.com\\\/index.php\\\/2024\\\/11\\\/20\\\/palais-du-peuple-avec-ces-vehicules-militaires-la-foire-pourra-t-elle-se-tenir-en-decembre-prochain\\\/\",\"url\":\"https:\\\/\\\/www.presseinvestigation.com\\\/index.php\\\/2024\\\/11\\\/20\\\/palais-du-peuple-avec-ces-vehicules-militaires-la-foire-pourra-t-elle-se-tenir-en-decembre-prochain\\\/\",\"name\":\"Palais du peuple\u00a0: avec ces v\u00e9hicules Militaires, la foire pourra-t-elle se tenir en d\u00e9cembre prochain\u00a0?\u00a0 - Presseinvestigation\",\"isPartOf\":{\"@id\":\"https:\\\/\\\/www.presseinvestigation.com\\\/#website\"},\"primaryImageOfPage\":{\"@id\":\"https:\\\/\\\/www.presseinvestigation.com\\\/index.php\\\/2024\\\/11\\\/20\\\/palais-du-peuple-avec-ces-vehicules-militaires-la-foire-pourra-t-elle-se-tenir-en-decembre-prochain\\\/#primaryimage\"},\"image\":{\"@id\":\"https:\\\/\\\/www.presseinvestigation.com\\\/index.php\\\/2024\\\/11\\\/20\\\/palais-du-peuple-avec-ces-vehicules-militaires-la-foire-pourra-t-elle-se-tenir-en-decembre-prochain\\\/#primaryimage\"},\"thumbnailUrl\":\"https:\\\/\\\/www.presseinvestigation.com\\\/wp-content\\\/uploads\\\/2024\\\/11\\\/Screenshot_20241009_213641_Facebook2.jpg\",\"datePublished\":\"2024-11-20T11:01:18+00:00\",\"author\":{\"@id\":\"https:\\\/\\\/www.presseinvestigation.com\\\/#\\\/schema\\\/person\\\/a1029d031d336f4e888009a1d2c4740a\"},\"breadcrumb\":{\"@id\":\"https:\\\/\\\/www.presseinvestigation.com\\\/index.php\\\/2024\\\/11\\\/20\\\/palais-du-peuple-avec-ces-vehicules-militaires-la-foire-pourra-t-elle-se-tenir-en-decembre-prochain\\\/#breadcrumb\"},\"inLanguage\":\"fr-FR\",\"potentialAction\":[{\"@type\":\"ReadAction\",\"target\":[\"https:\\\/\\\/www.presseinvestigation.com\\\/index.php\\\/2024\\\/11\\\/20\\\/palais-du-peuple-avec-ces-vehicules-militaires-la-foire-pourra-t-elle-se-tenir-en-decembre-prochain\\\/\"]}]},{\"@type\":\"ImageObject\",\"inLanguage\":\"fr-FR\",\"@id\":\"https:\\\/\\\/www.presseinvestigation.com\\\/index.php\\\/2024\\\/11\\\/20\\\/palais-du-peuple-avec-ces-vehicules-militaires-la-foire-pourra-t-elle-se-tenir-en-decembre-prochain\\\/#primaryimage\",\"url\":\"https:\\\/\\\/www.presseinvestigation.com\\\/wp-content\\\/uploads\\\/2024\\\/11\\\/Screenshot_20241009_213641_Facebook2.jpg\",\"contentUrl\":\"https:\\\/\\\/www.presseinvestigation.com\\\/wp-content\\\/uploads\\\/2024\\\/11\\\/Screenshot_20241009_213641_Facebook2.jpg\",\"width\":1080,\"height\":905},{\"@type\":\"BreadcrumbList\",\"@id\":\"https:\\\/\\\/www.presseinvestigation.com\\\/index.php\\\/2024\\\/11\\\/20\\\/palais-du-peuple-avec-ces-vehicules-militaires-la-foire-pourra-t-elle-se-tenir-en-decembre-prochain\\\/#breadcrumb\",\"itemListElement\":[{\"@type\":\"ListItem\",\"position\":1,\"name\":\"Accueil\",\"item\":\"https:\\\/\\\/www.presseinvestigation.com\\\/\"},{\"@type\":\"ListItem\",\"position\":2,\"name\":\"Palais du peuple\u00a0: avec ces v\u00e9hicules Militaires, la foire pourra-t-elle se tenir en d\u00e9cembre prochain\u00a0?\u00a0\"}]},{\"@type\":\"WebSite\",\"@id\":\"https:\\\/\\\/www.presseinvestigation.com\\\/#website\",\"url\":\"https:\\\/\\\/www.presseinvestigation.com\\\/\",\"name\":\"Presseinvestigation\",\"description\":\"Informer dans l&#039;impartialit\u00e9\",\"potentialAction\":[{\"@type\":\"SearchAction\",\"target\":{\"@type\":\"EntryPoint\",\"urlTemplate\":\"https:\\\/\\\/www.presseinvestigation.com\\\/?s={search_term_string}\"},\"query-input\":{\"@type\":\"PropertyValueSpecification\",\"valueRequired\":true,\"valueName\":\"search_term_string\"}}],\"inLanguage\":\"fr-FR\"},{\"@type\":\"Person\",\"@id\":\"https:\\\/\\\/www.presseinvestigation.com\\\/#\\\/schema\\\/person\\\/a1029d031d336f4e888009a1d2c4740a\",\"name\":\"Presseinvestigation.com\",\"image\":{\"@type\":\"ImageObject\",\"inLanguage\":\"fr-FR\",\"@id\":\"https:\\\/\\\/secure.gravatar.com\\\/avatar\\\/c0faa0f472c43eff99fecb0bd2a1c6782e80a162c9fcb7ed2d48bb42ea619f30?s=96&d=mm&r=g\",\"url\":\"https:\\\/\\\/secure.gravatar.com\\\/avatar\\\/c0faa0f472c43eff99fecb0bd2a1c6782e80a162c9fcb7ed2d48bb42ea619f30?s=96&d=mm&r=g\",\"contentUrl\":\"https:\\\/\\\/secure.gravatar.com\\\/avatar\\\/c0faa0f472c43eff99fecb0bd2a1c6782e80a162c9fcb7ed2d48bb42ea619f30?s=96&d=mm&r=g\",\"caption\":\"Presseinvestigation.com\"},\"sameAs\":[\"https:\\\/\\\/www.presseinvestigation.com\"],\"url\":\"https:\\\/\\\/www.presseinvestigation.com\\\/index.php\\\/author\\\/medbi2011\\\/\"}]}<\/script>\n<!-- \/ Yoast SEO plugin. -->","yoast_head_json":{"title":"Palais du peuple\u00a0: avec ces v\u00e9hicules Militaires, la foire pourra-t-elle se tenir en d\u00e9cembre prochain\u00a0?\u00a0 - Presseinvestigation","robots":{"index":"index","follow":"follow","max-snippet":"max-snippet:-1","max-image-preview":"max-image-preview:large","max-video-preview":"max-video-preview:-1"},"canonical":"https:\/\/www.presseinvestigation.com\/index.php\/2024\/11\/20\/palais-du-peuple-avec-ces-vehicules-militaires-la-foire-pourra-t-elle-se-tenir-en-decembre-prochain\/","og_locale":"fr_FR","og_type":"article","og_title":"Palais du peuple\u00a0: avec ces v\u00e9hicules Militaires, la foire pourra-t-elle se tenir en d\u00e9cembre prochain\u00a0?\u00a0 - Presseinvestigation","og_description":"Le palais du peuple de Conakry est situ\u00e9 dans la commune de Kaloum, le centre-ville de la capitale guin\u00e9enne. Comme son nom l\u2019indique, le palais du peuple, est un endroit ou se tient les grands \u00e9v\u00e8nements du peuple. Souvent sur son esplanade, les artistes musiciens font des concerts ou la d\u00e9dicace de l\u2019Album. Et il [&hellip;]","og_url":"https:\/\/www.presseinvestigation.com\/index.php\/2024\/11\/20\/palais-du-peuple-avec-ces-vehicules-militaires-la-foire-pourra-t-elle-se-tenir-en-decembre-prochain\/","og_site_name":"Presseinvestigation","article_published_time":"2024-11-20T11:01:18+00:00","og_image":[{"width":1080,"height":905,"url":"https:\/\/www.presseinvestigation.com\/wp-content\/uploads\/2024\/11\/Screenshot_20241009_213641_Facebook2.jpg","type":"image\/jpeg"}],"author":"Presseinvestigation.com","twitter_card":"summary_large_image","twitter_misc":{"\u00c9crit par":"Presseinvestigation.com","Dur\u00e9e de lecture estim\u00e9e":"2 minutes"},"schema":{"@context":"https:\/\/schema.org","@graph":[{"@type":"Article","@id":"https:\/\/www.presseinvestigation.com\/index.php\/2024\/11\/20\/palais-du-peuple-avec-ces-vehicules-militaires-la-foire-pourra-t-elle-se-tenir-en-decembre-prochain\/#article","isPartOf":{"@id":"https:\/\/www.presseinvestigation.com\/index.php\/2024\/11\/20\/palais-du-peuple-avec-ces-vehicules-militaires-la-foire-pourra-t-elle-se-tenir-en-decembre-prochain\/"},"author":{"name":"Presseinvestigation.com","@id":"https:\/\/www.presseinvestigation.com\/#\/schema\/person\/a1029d031d336f4e888009a1d2c4740a"},"headline":"Palais du peuple\u00a0: avec ces v\u00e9hicules Militaires, la foire pourra-t-elle se tenir en d\u00e9cembre prochain\u00a0?\u00a0","datePublished":"2024-11-20T11:01:18+00:00","mainEntityOfPage":{"@id":"https:\/\/www.presseinvestigation.com\/index.php\/2024\/11\/20\/palais-du-peuple-avec-ces-vehicules-militaires-la-foire-pourra-t-elle-se-tenir-en-decembre-prochain\/"},"wordCount":326,"commentCount":0,"image":{"@id":"https:\/\/www.presseinvestigation.com\/index.php\/2024\/11\/20\/palais-du-peuple-avec-ces-vehicules-militaires-la-foire-pourra-t-elle-se-tenir-en-decembre-prochain\/#primaryimage"},"thumbnailUrl":"https:\/\/www.presseinvestigation.com\/wp-content\/uploads\/2024\/11\/Screenshot_20241009_213641_Facebook2.jpg","articleSection":["Analyse"],"inLanguage":"fr-FR","potentialAction":[{"@type":"CommentAction","name":"Comment","target":["https:\/\/www.presseinvestigation.com\/index.php\/2024\/11\/20\/palais-du-peuple-avec-ces-vehicules-militaires-la-foire-pourra-t-elle-se-tenir-en-decembre-prochain\/#respond"]}]},{"@type":"WebPage","@id":"https:\/\/www.presseinvestigation.com\/index.php\/2024\/11\/20\/palais-du-peuple-avec-ces-vehicules-militaires-la-foire-pourra-t-elle-se-tenir-en-decembre-prochain\/","url":"https:\/\/www.presseinvestigation.com\/index.php\/2024\/11\/20\/palais-du-peuple-avec-ces-vehicules-militaires-la-foire-pourra-t-elle-se-tenir-en-decembre-prochain\/","name":"Palais du peuple\u00a0: avec ces v\u00e9hicules Militaires, la foire pourra-t-elle se tenir en d\u00e9cembre prochain\u00a0?\u00a0 - Presseinvestigation","isPartOf":{"@id":"https:\/\/www.presseinvestigation.com\/#website"},"primaryImageOfPage":{"@id":"https:\/\/www.presseinvestigation.com\/index.php\/2024\/11\/20\/palais-du-peuple-avec-ces-vehicules-militaires-la-foire-pourra-t-elle-se-tenir-en-decembre-prochain\/#primaryimage"},"image":{"@id":"https:\/\/www.presseinvestigation.com\/index.php\/2024\/11\/20\/palais-du-peuple-avec-ces-vehicules-militaires-la-foire-pourra-t-elle-se-tenir-en-decembre-prochain\/#primaryimage"},"thumbnailUrl":"https:\/\/www.presseinvestigation.com\/wp-content\/uploads\/2024\/11\/Screenshot_20241009_213641_Facebook2.jpg","datePublished":"2024-11-20T11:01:18+00:00","author":{"@id":"https:\/\/www.presseinvestigation.com\/#\/schema\/person\/a1029d031d336f4e888009a1d2c4740a"},"breadcrumb":{"@id":"https:\/\/www.presseinvestigation.com\/index.php\/2024\/11\/20\/palais-du-peuple-avec-ces-vehicules-militaires-la-foire-pourra-t-elle-se-tenir-en-decembre-prochain\/#breadcrumb"},"inLanguage":"fr-FR","potentialAction":[{"@type":"ReadAction","target":["https:\/\/www.presseinvestigation.com\/index.php\/2024\/11\/20\/palais-du-peuple-avec-ces-vehicules-militaires-la-foire-pourra-t-elle-se-tenir-en-decembre-prochain\/"]}]},{"@type":"ImageObject","inLanguage":"fr-FR","@id":"https:\/\/www.presseinvestigation.com\/index.php\/2024\/11\/20\/palais-du-peuple-avec-ces-vehicules-militaires-la-foire-pourra-t-elle-se-tenir-en-decembre-prochain\/#primaryimage","url":"https:\/\/www.presseinvestigation.com\/wp-content\/uploads\/2024\/11\/Screenshot_20241009_213641_Facebook2.jpg","contentUrl":"https:\/\/www.presseinvestigation.com\/wp-content\/uploads\/2024\/11\/Screenshot_20241009_213641_Facebook2.jpg","width":1080,"height":905},{"@type":"BreadcrumbList","@id":"https:\/\/www.presseinvestigation.com\/index.php\/2024\/11\/20\/palais-du-peuple-avec-ces-vehicules-militaires-la-foire-pourra-t-elle-se-tenir-en-decembre-prochain\/#breadcrumb","itemListElement":[{"@type":"ListItem","position":1,"name":"Accueil","item":"https:\/\/www.presseinvestigation.com\/"},{"@type":"ListItem","position":2,"name":"Palais du peuple\u00a0: avec ces v\u00e9hicules Militaires, la foire pourra-t-elle se tenir en d\u00e9cembre prochain\u00a0?\u00a0"}]},{"@type":"WebSite","@id":"https:\/\/www.presseinvestigation.com\/#website","url":"https:\/\/www.presseinvestigation.com\/","name":"Presseinvestigation","description":"Informer dans l&#039;impartialit\u00e9","potentialAction":[{"@type":"SearchAction","target":{"@type":"EntryPoint","urlTemplate":"https:\/\/www.presseinvestigation.com\/?s={search_term_string}"},"query-input":{"@type":"PropertyValueSpecification","valueRequired":true,"valueName":"search_term_string"}}],"inLanguage":"fr-FR"},{"@type":"Person","@id":"https:\/\/www.presseinvestigation.com\/#\/schema\/person\/a1029d031d336f4e888009a1d2c4740a","name":"Presseinvestigation.com","image":{"@type":"ImageObject","inLanguage":"fr-FR","@id":"https:\/\/secure.gravatar.com\/avatar\/c0faa0f472c43eff99fecb0bd2a1c6782e80a162c9fcb7ed2d48bb42ea619f30?s=96&d=mm&r=g","url":"https:\/\/secure.gravatar.com\/avatar\/c0faa0f472c43eff99fecb0bd2a1c6782e80a162c9fcb7ed2d48bb42ea619f30?s=96&d=mm&r=g","contentUrl":"https:\/\/secure.gravatar.com\/avatar\/c0faa0f472c43eff99fecb0bd2a1c6782e80a162c9fcb7ed2d48bb42ea619f30?s=96&d=mm&r=g","caption":"Presseinvestigation.com"},"sameAs":["https:\/\/www.presseinvestigation.com"],"url":"https:\/\/www.presseinvestigation.com\/index.php\/author\/medbi2011\/"}]}},"_links":{"self":[{"href":"https:\/\/www.presseinvestigation.com\/index.php\/wp-json\/wp\/v2\/posts\/1848","targetHints":{"allow":["GET"]}}],"collection":[{"href":"https:\/\/www.presseinvestigation.com\/index.php\/wp-json\/wp\/v2\/posts"}],"about":[{"href":"https:\/\/www.presseinvestigation.com\/index.php\/wp-json\/wp\/v2\/types\/post"}],"author":[{"embeddable":true,"href":"https:\/\/www.presseinvestigation.com\/index.php\/wp-json\/wp\/v2\/users\/1"}],"replies":[{"embeddable":true,"href":"https:\/\/www.presseinvestigation.com\/index.php\/wp-json\/wp\/v2\/comments?post=1848"}],"version-history":[{"count":1,"href":"https:\/\/www.presseinvestigation.com\/index.php\/wp-json\/wp\/v2\/posts\/1848\/revisions"}],"predecessor-version":[{"id":1849,"href":"https:\/\/www.presseinvestigation.com\/index.php\/wp-json\/wp\/v2\/posts\/1848\/revisions\/1849"}],"wp:featuredmedia":[{"embeddable":true,"href":"https:\/\/www.presseinvestigation.com\/index.php\/wp-json\/wp\/v2\/media\/1847"}],"wp:attachment":[{"href":"https:\/\/www.presseinvestigation.com\/index.php\/wp-json\/wp\/v2\/media?parent=1848"}],"wp:term":[{"taxonomy":"category","embeddable":true,"href":"https:\/\/www.presseinvestigation.com\/index.php\/wp-json\/wp\/v2\/categories?post=1848"},{"taxonomy":"post_tag","embeddable":true,"href":"https:\/\/www.presseinvestigation.com\/index.php\/wp-json\/wp\/v2\/tags?post=1848"}],"curies":[{"name":"wp","href":"https:\/\/api.w.org\/{rel}","templated":true}]}}