{"id":1887,"date":"2024-12-15T22:44:43","date_gmt":"2024-12-15T21:44:43","guid":{"rendered":"https:\/\/www.presseinvestigation.com\/index.php\/2024\/12\/15\/ex-dg-de-lanaim-distingue-prix-artisan-des-cites-minieres-il-dedie-lhonneur-au-chef-de-letat-general-mamadi-doumbouya\/"},"modified":"2024-12-15T22:44:43","modified_gmt":"2024-12-15T21:44:43","slug":"ex-dg-de-lanaim-distingue-prix-artisan-des-cites-minieres-il-dedie-lhonneur-au-chef-de-letat-general-mamadi-doumbouya","status":"publish","type":"post","link":"https:\/\/www.presseinvestigation.com\/index.php\/2024\/12\/15\/ex-dg-de-lanaim-distingue-prix-artisan-des-cites-minieres-il-dedie-lhonneur-au-chef-de-letat-general-mamadi-doumbouya\/","title":{"rendered":"Ex DG de l\u2019ANAIM\u00a0distingu\u00e9 prix Artisan des Cit\u00e9s Mini\u00e8res\u00a0: il d\u00e9die l\u2019honneur au Chef de l\u2019Etat G\u00e9n\u00e9ral Mamadi DOUMBOUYA"},"content":{"rendered":"<p><strong>Ce samedi 14 d\u00e9cembre, la structure Nord-Ouest Communication a organis\u00e9 la deuxi\u00e8me \u00e9dition de \u2018\u2019Mining and Green Awards Guin\u00e9e(MIGA) 2024\u2019\u2019 dans un complexe h\u00f4telier \u00e0 Conakry. C\u2019est un \u00e9v\u00e9nement de distinction des investisseurs et des cadres de l\u2019administration publique qui font des r\u00e9alisations remarquables, au cours de l\u2019ann\u00e9e, dans le secteur minier du pays. Cette ann\u00e9e, le Prix \u2018\u2019Artisan de la Reconstruction des Cit\u00e9s Mini\u00e8res\u2019\u2019 est attribu\u00e9 \u00e0 l\u2019ex Directeur G\u00e9n\u00e9ral de l\u2019Agence Nationale d\u2019Am\u00e9nagement des Infrastructures Mini\u00e8res(ANAIM), Mohamed BANGOURA. Il a aussit\u00f4t d\u00e9di\u00e9 cet honneur au Chef de l\u2019Etat.<\/strong><\/p>\n<p><a href=\"https:\/\/www.presseinvestigation.com\/wp-content\/uploads\/2024\/12\/20241214_214321-scaled.jpg\"><img decoding=\"async\" class=\"attachment-full size-full\" src=\"https:\/\/www.presseinvestigation.com\/wp-content\/uploads\/2024\/12\/20241214_214321-scaled.jpg\" alt=\"\" \/><\/a><\/p>\n<p>Cette Distinction de Monsieur Mohamed BANGOURA fait suite au projet de construction \u00e0 Kolaboui, de plus de 300 logements sociaux de Cit\u00e9 Ouvri\u00e8re, pour les travailleurs dans les Mines. Une initiative qu\u2019il a engag\u00e9e avant son d\u00e9part \u00e0 la t\u00eate de l\u2019ANAIM en mars 2024. En guise de r\u00e9compense pour cet acquis, les organisateurs de cette c\u00e9r\u00e9monie de remise des prix lui ont d\u00e9cern\u00e9 le satisfecit du \u2018\u2019Prix Artisan de la Reconstruction des Cit\u00e9s Mini\u00e8res\u2019\u2019. Satisfait de cet honneur \u00e0 son endroit, le b\u00e9n\u00e9ficiaire a livr\u00e9 ses sentiments \u00e0 la presse.<a href=\"https:\/\/www.presseinvestigation.com\/wp-content\/uploads\/2024\/12\/20241214_214212-scaled.jpg\"><img decoding=\"async\" class=\"attachment-full size-full\" src=\"https:\/\/www.presseinvestigation.com\/wp-content\/uploads\/2024\/12\/20241214_214212-scaled.jpg\" alt=\"\" \/><\/a><\/p>\n<p>\u00ab\u00a0<em>Je dis merci au comit\u00e9 d\u2019organisation MIGA2024. Avec cette reconnaissance,\u00a0 je suis tr\u00e8s \u00e9mu qu\u2019on ne soit pas en fonction et qu\u2019on soit reconnu. Que nos travaux soient reconnus par une commission d\u2019organisation de ce genre, on ne peut que remercier le bon DIEU. Mais ce prix n\u2019est pas destin\u00e9 \u00e0 moi. Ce prix est destin\u00e9 \u00e0 Monsieur le Pr\u00e9sident de la R\u00e9publique, le G\u00e9n\u00e9ral des Corps d\u2019Arm\u00e9e Mamadi DOUMBOUYA qui m\u2019a port\u00e9 \u00e0 la t\u00eate de cette Agence pendant 2 ans deux mois. Cela m\u2019a permis de suivre les attributions de l\u2019ANAIM. Encore une fois, merci \u00e0 monsieur le Pr\u00e9sident de la R\u00e9publique qui a bien voulu mettre l\u2019ANAIM dans son contexte, red\u00e9finir les attributions de l\u2019ANAIM dans son r\u00f4le originel qui consiste \u00e0 faire la conception, l\u2019\u00e9tude et r\u00e9alisation des infrastructures, tout en faisant de l\u2019ANAIM un acteur de gestion des infrastructures mini\u00e8re en R\u00e9publique de Guin\u00e9e. Je suis tr\u00e8s honor\u00e9. Avant de terminer, c\u2019est de dire merci aussi \u00e0 l\u2019\u00e9quipe actuelle dirigeante de l\u2019ANAIM qui a eu le courage, qui a eu tout ce qu\u2019il faut pour pouvoir suivre l\u2019initiative et accompagner les entreprises locales, qui \u00e9voluent dans le corridor Nord-Ouest, notamment \u00e0 Kolaboui\u00a0\u00bb<\/em> a exprim\u00e9 l\u2019ex DG de l\u2019ANAIM Mohamed BANGOURA\u00a0.<\/p>\n<p><strong>Toumany CAMARA pour Presseinvestigation.com<\/strong><\/p>\n<p>\u00a0<\/p>\n","protected":false},"excerpt":{"rendered":"<p>Ce samedi 14 d\u00e9cembre, la structure Nord-Ouest Communication a organis\u00e9 la deuxi\u00e8me \u00e9dition de \u2018\u2019Mining and Green Awards Guin\u00e9e(MIGA) 2024\u2019\u2019 dans un complexe h\u00f4telier \u00e0 Conakry. C\u2019est un \u00e9v\u00e9nement de distinction des investisseurs et des cadres de l\u2019administration publique qui font des r\u00e9alisations remarquables, au cours de l\u2019ann\u00e9e, dans le secteur minier du pays. Cette [&hellip;]<\/p>\n","protected":false},"author":1,"featured_media":1885,"comment_status":"open","ping_status":"open","sticky":false,"template":"","format":"standard","meta":{"jnews-multi-image_gallery":[],"jnews_single_post":[],"jnews_primary_category":[],"footnotes":""},"categories":[63],"tags":[],"class_list":["post-1887","post","type-post","status-publish","format-standard","has-post-thumbnail","hentry","category-mines"],"yoast_head":"<!-- This site is optimized with the Yoast SEO plugin v27.3 - https:\/\/yoast.com\/product\/yoast-seo-wordpress\/ -->\n<title>Ex DG de l\u2019ANAIM\u00a0distingu\u00e9 prix Artisan des Cit\u00e9s Mini\u00e8res\u00a0: il d\u00e9die l\u2019honneur au Chef de l\u2019Etat G\u00e9n\u00e9ral Mamadi DOUMBOUYA - Presseinvestigation<\/title>\n<meta name=\"robots\" content=\"index, follow, max-snippet:-1, max-image-preview:large, max-video-preview:-1\" \/>\n<link rel=\"canonical\" href=\"https:\/\/www.presseinvestigation.com\/index.php\/2024\/12\/15\/ex-dg-de-lanaim-distingue-prix-artisan-des-cites-minieres-il-dedie-lhonneur-au-chef-de-letat-general-mamadi-doumbouya\/\" \/>\n<meta property=\"og:locale\" content=\"fr_FR\" \/>\n<meta property=\"og:type\" content=\"article\" \/>\n<meta property=\"og:title\" content=\"Ex DG de l\u2019ANAIM\u00a0distingu\u00e9 prix Artisan des Cit\u00e9s Mini\u00e8res\u00a0: il d\u00e9die l\u2019honneur au Chef de l\u2019Etat G\u00e9n\u00e9ral Mamadi DOUMBOUYA - Presseinvestigation\" \/>\n<meta property=\"og:description\" content=\"Ce samedi 14 d\u00e9cembre, la structure Nord-Ouest Communication a organis\u00e9 la deuxi\u00e8me \u00e9dition de \u2018\u2019Mining and Green Awards Guin\u00e9e(MIGA) 2024\u2019\u2019 dans un complexe h\u00f4telier \u00e0 Conakry. C\u2019est un \u00e9v\u00e9nement de distinction des investisseurs et des cadres de l\u2019administration publique qui font des r\u00e9alisations remarquables, au cours de l\u2019ann\u00e9e, dans le secteur minier du pays. Cette [&hellip;]\" \/>\n<meta property=\"og:url\" content=\"https:\/\/www.presseinvestigation.com\/index.php\/2024\/12\/15\/ex-dg-de-lanaim-distingue-prix-artisan-des-cites-minieres-il-dedie-lhonneur-au-chef-de-letat-general-mamadi-doumbouya\/\" \/>\n<meta property=\"og:site_name\" content=\"Presseinvestigation\" \/>\n<meta property=\"article:published_time\" content=\"2024-12-15T21:44:43+00:00\" \/>\n<meta property=\"og:image\" content=\"https:\/\/www.presseinvestigation.com\/wp-content\/uploads\/2024\/12\/20241214_2220232-scaled.jpg\" \/>\n\t<meta property=\"og:image:width\" content=\"2560\" \/>\n\t<meta property=\"og:image:height\" content=\"2289\" \/>\n\t<meta property=\"og:image:type\" content=\"image\/jpeg\" \/>\n<meta name=\"author\" content=\"Presseinvestigation.com\" \/>\n<meta name=\"twitter:card\" content=\"summary_large_image\" \/>\n<meta name=\"twitter:label1\" content=\"\u00c9crit par\" \/>\n\t<meta name=\"twitter:data1\" content=\"Presseinvestigation.com\" \/>\n\t<meta name=\"twitter:label2\" content=\"Dur\u00e9e de lecture estim\u00e9e\" \/>\n\t<meta name=\"twitter:data2\" content=\"2 minutes\" \/>\n<script type=\"application\/ld+json\" class=\"yoast-schema-graph\">{\"@context\":\"https:\\\/\\\/schema.org\",\"@graph\":[{\"@type\":\"Article\",\"@id\":\"https:\\\/\\\/www.presseinvestigation.com\\\/index.php\\\/2024\\\/12\\\/15\\\/ex-dg-de-lanaim-distingue-prix-artisan-des-cites-minieres-il-dedie-lhonneur-au-chef-de-letat-general-mamadi-doumbouya\\\/#article\",\"isPartOf\":{\"@id\":\"https:\\\/\\\/www.presseinvestigation.com\\\/index.php\\\/2024\\\/12\\\/15\\\/ex-dg-de-lanaim-distingue-prix-artisan-des-cites-minieres-il-dedie-lhonneur-au-chef-de-letat-general-mamadi-doumbouya\\\/\"},\"author\":{\"name\":\"Presseinvestigation.com\",\"@id\":\"https:\\\/\\\/www.presseinvestigation.com\\\/#\\\/schema\\\/person\\\/a1029d031d336f4e888009a1d2c4740a\"},\"headline\":\"Ex DG de l\u2019ANAIM\u00a0distingu\u00e9 prix Artisan des Cit\u00e9s Mini\u00e8res\u00a0: il d\u00e9die l\u2019honneur au Chef de l\u2019Etat G\u00e9n\u00e9ral Mamadi DOUMBOUYA\",\"datePublished\":\"2024-12-15T21:44:43+00:00\",\"mainEntityOfPage\":{\"@id\":\"https:\\\/\\\/www.presseinvestigation.com\\\/index.php\\\/2024\\\/12\\\/15\\\/ex-dg-de-lanaim-distingue-prix-artisan-des-cites-minieres-il-dedie-lhonneur-au-chef-de-letat-general-mamadi-doumbouya\\\/\"},\"wordCount\":476,\"commentCount\":0,\"image\":{\"@id\":\"https:\\\/\\\/www.presseinvestigation.com\\\/index.php\\\/2024\\\/12\\\/15\\\/ex-dg-de-lanaim-distingue-prix-artisan-des-cites-minieres-il-dedie-lhonneur-au-chef-de-letat-general-mamadi-doumbouya\\\/#primaryimage\"},\"thumbnailUrl\":\"https:\\\/\\\/www.presseinvestigation.com\\\/wp-content\\\/uploads\\\/2024\\\/12\\\/20241214_2220232-scaled.jpg\",\"articleSection\":[\"Mines\"],\"inLanguage\":\"fr-FR\",\"potentialAction\":[{\"@type\":\"CommentAction\",\"name\":\"Comment\",\"target\":[\"https:\\\/\\\/www.presseinvestigation.com\\\/index.php\\\/2024\\\/12\\\/15\\\/ex-dg-de-lanaim-distingue-prix-artisan-des-cites-minieres-il-dedie-lhonneur-au-chef-de-letat-general-mamadi-doumbouya\\\/#respond\"]}]},{\"@type\":\"WebPage\",\"@id\":\"https:\\\/\\\/www.presseinvestigation.com\\\/index.php\\\/2024\\\/12\\\/15\\\/ex-dg-de-lanaim-distingue-prix-artisan-des-cites-minieres-il-dedie-lhonneur-au-chef-de-letat-general-mamadi-doumbouya\\\/\",\"url\":\"https:\\\/\\\/www.presseinvestigation.com\\\/index.php\\\/2024\\\/12\\\/15\\\/ex-dg-de-lanaim-distingue-prix-artisan-des-cites-minieres-il-dedie-lhonneur-au-chef-de-letat-general-mamadi-doumbouya\\\/\",\"name\":\"Ex DG de l\u2019ANAIM\u00a0distingu\u00e9 prix Artisan des Cit\u00e9s Mini\u00e8res\u00a0: il d\u00e9die l\u2019honneur au Chef de l\u2019Etat G\u00e9n\u00e9ral Mamadi DOUMBOUYA - Presseinvestigation\",\"isPartOf\":{\"@id\":\"https:\\\/\\\/www.presseinvestigation.com\\\/#website\"},\"primaryImageOfPage\":{\"@id\":\"https:\\\/\\\/www.presseinvestigation.com\\\/index.php\\\/2024\\\/12\\\/15\\\/ex-dg-de-lanaim-distingue-prix-artisan-des-cites-minieres-il-dedie-lhonneur-au-chef-de-letat-general-mamadi-doumbouya\\\/#primaryimage\"},\"image\":{\"@id\":\"https:\\\/\\\/www.presseinvestigation.com\\\/index.php\\\/2024\\\/12\\\/15\\\/ex-dg-de-lanaim-distingue-prix-artisan-des-cites-minieres-il-dedie-lhonneur-au-chef-de-letat-general-mamadi-doumbouya\\\/#primaryimage\"},\"thumbnailUrl\":\"https:\\\/\\\/www.presseinvestigation.com\\\/wp-content\\\/uploads\\\/2024\\\/12\\\/20241214_2220232-scaled.jpg\",\"datePublished\":\"2024-12-15T21:44:43+00:00\",\"author\":{\"@id\":\"https:\\\/\\\/www.presseinvestigation.com\\\/#\\\/schema\\\/person\\\/a1029d031d336f4e888009a1d2c4740a\"},\"breadcrumb\":{\"@id\":\"https:\\\/\\\/www.presseinvestigation.com\\\/index.php\\\/2024\\\/12\\\/15\\\/ex-dg-de-lanaim-distingue-prix-artisan-des-cites-minieres-il-dedie-lhonneur-au-chef-de-letat-general-mamadi-doumbouya\\\/#breadcrumb\"},\"inLanguage\":\"fr-FR\",\"potentialAction\":[{\"@type\":\"ReadAction\",\"target\":[\"https:\\\/\\\/www.presseinvestigation.com\\\/index.php\\\/2024\\\/12\\\/15\\\/ex-dg-de-lanaim-distingue-prix-artisan-des-cites-minieres-il-dedie-lhonneur-au-chef-de-letat-general-mamadi-doumbouya\\\/\"]}]},{\"@type\":\"ImageObject\",\"inLanguage\":\"fr-FR\",\"@id\":\"https:\\\/\\\/www.presseinvestigation.com\\\/index.php\\\/2024\\\/12\\\/15\\\/ex-dg-de-lanaim-distingue-prix-artisan-des-cites-minieres-il-dedie-lhonneur-au-chef-de-letat-general-mamadi-doumbouya\\\/#primaryimage\",\"url\":\"https:\\\/\\\/www.presseinvestigation.com\\\/wp-content\\\/uploads\\\/2024\\\/12\\\/20241214_2220232-scaled.jpg\",\"contentUrl\":\"https:\\\/\\\/www.presseinvestigation.com\\\/wp-content\\\/uploads\\\/2024\\\/12\\\/20241214_2220232-scaled.jpg\",\"width\":2560,\"height\":2289},{\"@type\":\"BreadcrumbList\",\"@id\":\"https:\\\/\\\/www.presseinvestigation.com\\\/index.php\\\/2024\\\/12\\\/15\\\/ex-dg-de-lanaim-distingue-prix-artisan-des-cites-minieres-il-dedie-lhonneur-au-chef-de-letat-general-mamadi-doumbouya\\\/#breadcrumb\",\"itemListElement\":[{\"@type\":\"ListItem\",\"position\":1,\"name\":\"Accueil\",\"item\":\"https:\\\/\\\/www.presseinvestigation.com\\\/\"},{\"@type\":\"ListItem\",\"position\":2,\"name\":\"Ex DG de l\u2019ANAIM\u00a0distingu\u00e9 prix Artisan des Cit\u00e9s Mini\u00e8res\u00a0: il d\u00e9die l\u2019honneur au Chef de l\u2019Etat G\u00e9n\u00e9ral Mamadi DOUMBOUYA\"}]},{\"@type\":\"WebSite\",\"@id\":\"https:\\\/\\\/www.presseinvestigation.com\\\/#website\",\"url\":\"https:\\\/\\\/www.presseinvestigation.com\\\/\",\"name\":\"Presseinvestigation\",\"description\":\"Informer dans l&#039;impartialit\u00e9\",\"potentialAction\":[{\"@type\":\"SearchAction\",\"target\":{\"@type\":\"EntryPoint\",\"urlTemplate\":\"https:\\\/\\\/www.presseinvestigation.com\\\/?s={search_term_string}\"},\"query-input\":{\"@type\":\"PropertyValueSpecification\",\"valueRequired\":true,\"valueName\":\"search_term_string\"}}],\"inLanguage\":\"fr-FR\"},{\"@type\":\"Person\",\"@id\":\"https:\\\/\\\/www.presseinvestigation.com\\\/#\\\/schema\\\/person\\\/a1029d031d336f4e888009a1d2c4740a\",\"name\":\"Presseinvestigation.com\",\"image\":{\"@type\":\"ImageObject\",\"inLanguage\":\"fr-FR\",\"@id\":\"https:\\\/\\\/secure.gravatar.com\\\/avatar\\\/c0faa0f472c43eff99fecb0bd2a1c6782e80a162c9fcb7ed2d48bb42ea619f30?s=96&d=mm&r=g\",\"url\":\"https:\\\/\\\/secure.gravatar.com\\\/avatar\\\/c0faa0f472c43eff99fecb0bd2a1c6782e80a162c9fcb7ed2d48bb42ea619f30?s=96&d=mm&r=g\",\"contentUrl\":\"https:\\\/\\\/secure.gravatar.com\\\/avatar\\\/c0faa0f472c43eff99fecb0bd2a1c6782e80a162c9fcb7ed2d48bb42ea619f30?s=96&d=mm&r=g\",\"caption\":\"Presseinvestigation.com\"},\"sameAs\":[\"https:\\\/\\\/www.presseinvestigation.com\"],\"url\":\"https:\\\/\\\/www.presseinvestigation.com\\\/index.php\\\/author\\\/medbi2011\\\/\"}]}<\/script>\n<!-- \/ Yoast SEO plugin. -->","yoast_head_json":{"title":"Ex DG de l\u2019ANAIM\u00a0distingu\u00e9 prix Artisan des Cit\u00e9s Mini\u00e8res\u00a0: il d\u00e9die l\u2019honneur au Chef de l\u2019Etat G\u00e9n\u00e9ral Mamadi DOUMBOUYA - Presseinvestigation","robots":{"index":"index","follow":"follow","max-snippet":"max-snippet:-1","max-image-preview":"max-image-preview:large","max-video-preview":"max-video-preview:-1"},"canonical":"https:\/\/www.presseinvestigation.com\/index.php\/2024\/12\/15\/ex-dg-de-lanaim-distingue-prix-artisan-des-cites-minieres-il-dedie-lhonneur-au-chef-de-letat-general-mamadi-doumbouya\/","og_locale":"fr_FR","og_type":"article","og_title":"Ex DG de l\u2019ANAIM\u00a0distingu\u00e9 prix Artisan des Cit\u00e9s Mini\u00e8res\u00a0: il d\u00e9die l\u2019honneur au Chef de l\u2019Etat G\u00e9n\u00e9ral Mamadi DOUMBOUYA - Presseinvestigation","og_description":"Ce samedi 14 d\u00e9cembre, la structure Nord-Ouest Communication a organis\u00e9 la deuxi\u00e8me \u00e9dition de \u2018\u2019Mining and Green Awards Guin\u00e9e(MIGA) 2024\u2019\u2019 dans un complexe h\u00f4telier \u00e0 Conakry. C\u2019est un \u00e9v\u00e9nement de distinction des investisseurs et des cadres de l\u2019administration publique qui font des r\u00e9alisations remarquables, au cours de l\u2019ann\u00e9e, dans le secteur minier du pays. Cette [&hellip;]","og_url":"https:\/\/www.presseinvestigation.com\/index.php\/2024\/12\/15\/ex-dg-de-lanaim-distingue-prix-artisan-des-cites-minieres-il-dedie-lhonneur-au-chef-de-letat-general-mamadi-doumbouya\/","og_site_name":"Presseinvestigation","article_published_time":"2024-12-15T21:44:43+00:00","og_image":[{"width":2560,"height":2289,"url":"https:\/\/www.presseinvestigation.com\/wp-content\/uploads\/2024\/12\/20241214_2220232-scaled.jpg","type":"image\/jpeg"}],"author":"Presseinvestigation.com","twitter_card":"summary_large_image","twitter_misc":{"\u00c9crit par":"Presseinvestigation.com","Dur\u00e9e de lecture estim\u00e9e":"2 minutes"},"schema":{"@context":"https:\/\/schema.org","@graph":[{"@type":"Article","@id":"https:\/\/www.presseinvestigation.com\/index.php\/2024\/12\/15\/ex-dg-de-lanaim-distingue-prix-artisan-des-cites-minieres-il-dedie-lhonneur-au-chef-de-letat-general-mamadi-doumbouya\/#article","isPartOf":{"@id":"https:\/\/www.presseinvestigation.com\/index.php\/2024\/12\/15\/ex-dg-de-lanaim-distingue-prix-artisan-des-cites-minieres-il-dedie-lhonneur-au-chef-de-letat-general-mamadi-doumbouya\/"},"author":{"name":"Presseinvestigation.com","@id":"https:\/\/www.presseinvestigation.com\/#\/schema\/person\/a1029d031d336f4e888009a1d2c4740a"},"headline":"Ex DG de l\u2019ANAIM\u00a0distingu\u00e9 prix Artisan des Cit\u00e9s Mini\u00e8res\u00a0: il d\u00e9die l\u2019honneur au Chef de l\u2019Etat G\u00e9n\u00e9ral Mamadi DOUMBOUYA","datePublished":"2024-12-15T21:44:43+00:00","mainEntityOfPage":{"@id":"https:\/\/www.presseinvestigation.com\/index.php\/2024\/12\/15\/ex-dg-de-lanaim-distingue-prix-artisan-des-cites-minieres-il-dedie-lhonneur-au-chef-de-letat-general-mamadi-doumbouya\/"},"wordCount":476,"commentCount":0,"image":{"@id":"https:\/\/www.presseinvestigation.com\/index.php\/2024\/12\/15\/ex-dg-de-lanaim-distingue-prix-artisan-des-cites-minieres-il-dedie-lhonneur-au-chef-de-letat-general-mamadi-doumbouya\/#primaryimage"},"thumbnailUrl":"https:\/\/www.presseinvestigation.com\/wp-content\/uploads\/2024\/12\/20241214_2220232-scaled.jpg","articleSection":["Mines"],"inLanguage":"fr-FR","potentialAction":[{"@type":"CommentAction","name":"Comment","target":["https:\/\/www.presseinvestigation.com\/index.php\/2024\/12\/15\/ex-dg-de-lanaim-distingue-prix-artisan-des-cites-minieres-il-dedie-lhonneur-au-chef-de-letat-general-mamadi-doumbouya\/#respond"]}]},{"@type":"WebPage","@id":"https:\/\/www.presseinvestigation.com\/index.php\/2024\/12\/15\/ex-dg-de-lanaim-distingue-prix-artisan-des-cites-minieres-il-dedie-lhonneur-au-chef-de-letat-general-mamadi-doumbouya\/","url":"https:\/\/www.presseinvestigation.com\/index.php\/2024\/12\/15\/ex-dg-de-lanaim-distingue-prix-artisan-des-cites-minieres-il-dedie-lhonneur-au-chef-de-letat-general-mamadi-doumbouya\/","name":"Ex DG de l\u2019ANAIM\u00a0distingu\u00e9 prix Artisan des Cit\u00e9s Mini\u00e8res\u00a0: il d\u00e9die l\u2019honneur au Chef de l\u2019Etat G\u00e9n\u00e9ral Mamadi DOUMBOUYA - Presseinvestigation","isPartOf":{"@id":"https:\/\/www.presseinvestigation.com\/#website"},"primaryImageOfPage":{"@id":"https:\/\/www.presseinvestigation.com\/index.php\/2024\/12\/15\/ex-dg-de-lanaim-distingue-prix-artisan-des-cites-minieres-il-dedie-lhonneur-au-chef-de-letat-general-mamadi-doumbouya\/#primaryimage"},"image":{"@id":"https:\/\/www.presseinvestigation.com\/index.php\/2024\/12\/15\/ex-dg-de-lanaim-distingue-prix-artisan-des-cites-minieres-il-dedie-lhonneur-au-chef-de-letat-general-mamadi-doumbouya\/#primaryimage"},"thumbnailUrl":"https:\/\/www.presseinvestigation.com\/wp-content\/uploads\/2024\/12\/20241214_2220232-scaled.jpg","datePublished":"2024-12-15T21:44:43+00:00","author":{"@id":"https:\/\/www.presseinvestigation.com\/#\/schema\/person\/a1029d031d336f4e888009a1d2c4740a"},"breadcrumb":{"@id":"https:\/\/www.presseinvestigation.com\/index.php\/2024\/12\/15\/ex-dg-de-lanaim-distingue-prix-artisan-des-cites-minieres-il-dedie-lhonneur-au-chef-de-letat-general-mamadi-doumbouya\/#breadcrumb"},"inLanguage":"fr-FR","potentialAction":[{"@type":"ReadAction","target":["https:\/\/www.presseinvestigation.com\/index.php\/2024\/12\/15\/ex-dg-de-lanaim-distingue-prix-artisan-des-cites-minieres-il-dedie-lhonneur-au-chef-de-letat-general-mamadi-doumbouya\/"]}]},{"@type":"ImageObject","inLanguage":"fr-FR","@id":"https:\/\/www.presseinvestigation.com\/index.php\/2024\/12\/15\/ex-dg-de-lanaim-distingue-prix-artisan-des-cites-minieres-il-dedie-lhonneur-au-chef-de-letat-general-mamadi-doumbouya\/#primaryimage","url":"https:\/\/www.presseinvestigation.com\/wp-content\/uploads\/2024\/12\/20241214_2220232-scaled.jpg","contentUrl":"https:\/\/www.presseinvestigation.com\/wp-content\/uploads\/2024\/12\/20241214_2220232-scaled.jpg","width":2560,"height":2289},{"@type":"BreadcrumbList","@id":"https:\/\/www.presseinvestigation.com\/index.php\/2024\/12\/15\/ex-dg-de-lanaim-distingue-prix-artisan-des-cites-minieres-il-dedie-lhonneur-au-chef-de-letat-general-mamadi-doumbouya\/#breadcrumb","itemListElement":[{"@type":"ListItem","position":1,"name":"Accueil","item":"https:\/\/www.presseinvestigation.com\/"},{"@type":"ListItem","position":2,"name":"Ex DG de l\u2019ANAIM\u00a0distingu\u00e9 prix Artisan des Cit\u00e9s Mini\u00e8res\u00a0: il d\u00e9die l\u2019honneur au Chef de l\u2019Etat G\u00e9n\u00e9ral Mamadi DOUMBOUYA"}]},{"@type":"WebSite","@id":"https:\/\/www.presseinvestigation.com\/#website","url":"https:\/\/www.presseinvestigation.com\/","name":"Presseinvestigation","description":"Informer dans l&#039;impartialit\u00e9","potentialAction":[{"@type":"SearchAction","target":{"@type":"EntryPoint","urlTemplate":"https:\/\/www.presseinvestigation.com\/?s={search_term_string}"},"query-input":{"@type":"PropertyValueSpecification","valueRequired":true,"valueName":"search_term_string"}}],"inLanguage":"fr-FR"},{"@type":"Person","@id":"https:\/\/www.presseinvestigation.com\/#\/schema\/person\/a1029d031d336f4e888009a1d2c4740a","name":"Presseinvestigation.com","image":{"@type":"ImageObject","inLanguage":"fr-FR","@id":"https:\/\/secure.gravatar.com\/avatar\/c0faa0f472c43eff99fecb0bd2a1c6782e80a162c9fcb7ed2d48bb42ea619f30?s=96&d=mm&r=g","url":"https:\/\/secure.gravatar.com\/avatar\/c0faa0f472c43eff99fecb0bd2a1c6782e80a162c9fcb7ed2d48bb42ea619f30?s=96&d=mm&r=g","contentUrl":"https:\/\/secure.gravatar.com\/avatar\/c0faa0f472c43eff99fecb0bd2a1c6782e80a162c9fcb7ed2d48bb42ea619f30?s=96&d=mm&r=g","caption":"Presseinvestigation.com"},"sameAs":["https:\/\/www.presseinvestigation.com"],"url":"https:\/\/www.presseinvestigation.com\/index.php\/author\/medbi2011\/"}]}},"_links":{"self":[{"href":"https:\/\/www.presseinvestigation.com\/index.php\/wp-json\/wp\/v2\/posts\/1887","targetHints":{"allow":["GET"]}}],"collection":[{"href":"https:\/\/www.presseinvestigation.com\/index.php\/wp-json\/wp\/v2\/posts"}],"about":[{"href":"https:\/\/www.presseinvestigation.com\/index.php\/wp-json\/wp\/v2\/types\/post"}],"author":[{"embeddable":true,"href":"https:\/\/www.presseinvestigation.com\/index.php\/wp-json\/wp\/v2\/users\/1"}],"replies":[{"embeddable":true,"href":"https:\/\/www.presseinvestigation.com\/index.php\/wp-json\/wp\/v2\/comments?post=1887"}],"version-history":[{"count":1,"href":"https:\/\/www.presseinvestigation.com\/index.php\/wp-json\/wp\/v2\/posts\/1887\/revisions"}],"predecessor-version":[{"id":1888,"href":"https:\/\/www.presseinvestigation.com\/index.php\/wp-json\/wp\/v2\/posts\/1887\/revisions\/1888"}],"wp:featuredmedia":[{"embeddable":true,"href":"https:\/\/www.presseinvestigation.com\/index.php\/wp-json\/wp\/v2\/media\/1885"}],"wp:attachment":[{"href":"https:\/\/www.presseinvestigation.com\/index.php\/wp-json\/wp\/v2\/media?parent=1887"}],"wp:term":[{"taxonomy":"category","embeddable":true,"href":"https:\/\/www.presseinvestigation.com\/index.php\/wp-json\/wp\/v2\/categories?post=1887"},{"taxonomy":"post_tag","embeddable":true,"href":"https:\/\/www.presseinvestigation.com\/index.php\/wp-json\/wp\/v2\/tags?post=1887"}],"curies":[{"name":"wp","href":"https:\/\/api.w.org\/{rel}","templated":true}]}}