{"id":1907,"date":"2024-12-20T13:19:34","date_gmt":"2024-12-20T12:19:34","guid":{"rendered":"https:\/\/www.presseinvestigation.com\/index.php\/2024\/12\/20\/yamoussa-camara-coordinateur-du-mjpc-a-coyah-cest-par-rapport-a-laccompagnement-du-president-de-la-republique-general-mamadi-doumbouya\/"},"modified":"2024-12-20T13:19:34","modified_gmt":"2024-12-20T12:19:34","slug":"yamoussa-camara-coordinateur-du-mjpc-a-coyah-cest-par-rapport-a-laccompagnement-du-president-de-la-republique-general-mamadi-doumbouya","status":"publish","type":"post","link":"https:\/\/www.presseinvestigation.com\/index.php\/2024\/12\/20\/yamoussa-camara-coordinateur-du-mjpc-a-coyah-cest-par-rapport-a-laccompagnement-du-president-de-la-republique-general-mamadi-doumbouya\/","title":{"rendered":"Yamoussa CAMARA Coordinateur du MJPC \u00e0 Coyah\u00a0:\u00a0\u00ab\u00a0c\u2019est par rapport \u00e0 l\u2019accompagnement du Pr\u00e9sident de la R\u00e9publique G\u00e9n\u00e9ral Mamadi DOUMBOUYA\u00a0\u00bb"},"content":{"rendered":"<p><strong>\u00c0 coyah, le Mouvement des Jeunes Pour la Prosp\u00e9rit\u00e9 de Coyah(MJPC) s\u2019engage \u00e0 Soutenir le Chef de l\u2019Etat G\u00e9n\u00e9ral Mamadi DOUMBOUYA. Il entend manifester cela \u00e0 travers les actions citoyennes. Pour ce faire, ils ont proc\u00e9d\u00e9 au lancement de leurs activit\u00e9s avec l\u2019assainissement des locaux de l\u2019administration pr\u00e9fectorale de Coyah, les week-ends.<\/strong><\/p>\n<p><a href=\"https:\/\/www.presseinvestigation.com\/wp-content\/uploads\/2024\/12\/IMG-20241217-WA0006.jpg\"><img decoding=\"async\" class=\"attachment-full size-full\" src=\"https:\/\/www.presseinvestigation.com\/wp-content\/uploads\/2024\/12\/IMG-20241217-WA0006.jpg\" alt=\"\" \/><\/a><\/p>\n<p>Lors de leur premi\u00e8re journ\u00e9e de nettoyage, tenue le samedi 07 d\u00e9cembre 2024, le Coordinateur du MJPC, Yamoussa CAMARA a r\u00e9it\u00e9r\u00e9 que cette initiative s\u2019inscrit dans le cadre de l\u2019accompagnement du Pr\u00e9sident de la Transition, G\u00e9n\u00e9ral Mamadi DOUMBOUYA ,dans le but de l\u2019encourager sur la lanc\u00e9e des jalons de d\u00e9veloppement qu\u2019il est en train de poser dans le pays.<\/p>\n<p>\u00ab\u00a0<em>Cette journ\u00e9e d\u2019assainissement c\u2019est par rapport \u00e0 l\u2019accompagnement de Monsieur le Pr\u00e9sident de la R\u00e9publique, G\u00e9n\u00e9ral Mamadi DOUMBOUYA. C\u2019est par rapport \u00e0 tout ce qu\u2019il a commenc\u00e9 depuis qu\u2019il est arriv\u00e9 le 05 septembre 2021.Et nous aussi, en tant que jeunes de Coyah, patriotes, nous avons initi\u00e9 de mettre en place cette coalition pour l\u2019accompagner dans tout ce qu\u2019il fait<\/em>\u00a0\u00bb a-t-il exprim\u00e9.<\/p>\n<p><a href=\"https:\/\/www.presseinvestigation.com\/wp-content\/uploads\/2024\/12\/IMG-20241217-WA0005.jpg\"><img decoding=\"async\" class=\"attachment-full size-full\" src=\"https:\/\/www.presseinvestigation.com\/wp-content\/uploads\/2024\/12\/IMG-20241217-WA0005.jpg\" alt=\"\" \/><\/a><\/p>\n<p>Le MJPC \u00e9volue dans le volontariat et dispose de nombreuses activit\u00e9s citoyennes pour soutenir les actions du Chef de L\u2019Etat. Pas que l\u2019assainissement, le Mouvement compte aussi trouver la solution, pour mettre fin aux inondations dans certains endroit de Coyah, pendant l\u2019hivernage, et faire des reboisements, entre autres.<\/p>\n<p>\u00ab <em>C\u2019est un Mouvement qui \u00e9volue dans le volontariat. Il y a beaucoup d\u2019activit\u00e9s. Mais pour le moment, nous nous attelons dans les actions citoyennes. Nous sommes \u00e0 nos d\u00e9buts. Dans les jours \u00e0 venir nous aurons beaucoup plus d\u2019activit\u00e9 dans notre portefeuille entre autres le reboisement. Et aussi nous le savons bien, chaque fois une partie de coyah est inond\u00e9e \u00e0 chaque saison pluvieuse. Notre coalition va s\u2019atteler \u00e0 tout cela \u00bb<\/em> a ajout\u00e9 Yamoussa CAMARA.<\/p>\n<p><a href=\"https:\/\/www.presseinvestigation.com\/wp-content\/uploads\/2024\/12\/IMG-20241208-WA0005.jpg\"><img decoding=\"async\" class=\"attachment-full size-full\" src=\"https:\/\/www.presseinvestigation.com\/wp-content\/uploads\/2024\/12\/IMG-20241208-WA0005.jpg\" alt=\"\" \/><\/a><a href=\"https:\/\/www.presseinvestigation.com\/wp-content\/uploads\/2024\/12\/IMG-20241208-WA0000.jpg\"><img decoding=\"async\" class=\"attachment-full size-full\" src=\"https:\/\/www.presseinvestigation.com\/wp-content\/uploads\/2024\/12\/IMG-20241208-WA0000.jpg\" alt=\"\" \/><\/a><\/p>\n<p>Selon le coordinateur du MJPC, son organisation se pr\u00e9pare \u00e0 offrir, aussi, des formations pour renforcer la capacit\u00e9 des jeunes de coyah, dans diff\u00e9rents domaines professionnelles.<\/p>\n<p><strong>Toumany CAMARA pour Presseinvestigation.com<\/strong><\/p>\n","protected":false},"excerpt":{"rendered":"<p>\u00c0 coyah, le Mouvement des Jeunes Pour la Prosp\u00e9rit\u00e9 de Coyah(MJPC) s\u2019engage \u00e0 Soutenir le Chef de l\u2019Etat G\u00e9n\u00e9ral Mamadi DOUMBOUYA. Il entend manifester cela \u00e0 travers les actions citoyennes. Pour ce faire, ils ont proc\u00e9d\u00e9 au lancement de leurs activit\u00e9s avec l\u2019assainissement des locaux de l\u2019administration pr\u00e9fectorale de Coyah, les week-ends. Lors de leur [&hellip;]<\/p>\n","protected":false},"author":1,"featured_media":1906,"comment_status":"open","ping_status":"open","sticky":false,"template":"","format":"standard","meta":{"jnews-multi-image_gallery":[],"jnews_single_post":[],"jnews_primary_category":[],"footnotes":""},"categories":[64],"tags":[],"class_list":["post-1907","post","type-post","status-publish","format-standard","has-post-thumbnail","hentry","category-societe"],"yoast_head":"<!-- This site is optimized with the Yoast SEO plugin v27.3 - https:\/\/yoast.com\/product\/yoast-seo-wordpress\/ -->\n<title>Yamoussa CAMARA Coordinateur du MJPC \u00e0 Coyah\u00a0:\u00a0\u00ab\u00a0c\u2019est par rapport \u00e0 l\u2019accompagnement du Pr\u00e9sident de la R\u00e9publique G\u00e9n\u00e9ral Mamadi DOUMBOUYA\u00a0\u00bb - Presseinvestigation<\/title>\n<meta name=\"robots\" content=\"index, follow, max-snippet:-1, max-image-preview:large, max-video-preview:-1\" \/>\n<link rel=\"canonical\" href=\"https:\/\/www.presseinvestigation.com\/index.php\/2024\/12\/20\/yamoussa-camara-coordinateur-du-mjpc-a-coyah-cest-par-rapport-a-laccompagnement-du-president-de-la-republique-general-mamadi-doumbouya\/\" \/>\n<meta property=\"og:locale\" content=\"fr_FR\" \/>\n<meta property=\"og:type\" content=\"article\" \/>\n<meta property=\"og:title\" content=\"Yamoussa CAMARA Coordinateur du MJPC \u00e0 Coyah\u00a0:\u00a0\u00ab\u00a0c\u2019est par rapport \u00e0 l\u2019accompagnement du Pr\u00e9sident de la R\u00e9publique G\u00e9n\u00e9ral Mamadi DOUMBOUYA\u00a0\u00bb - Presseinvestigation\" \/>\n<meta property=\"og:description\" content=\"\u00c0 coyah, le Mouvement des Jeunes Pour la Prosp\u00e9rit\u00e9 de Coyah(MJPC) s\u2019engage \u00e0 Soutenir le Chef de l\u2019Etat G\u00e9n\u00e9ral Mamadi DOUMBOUYA. Il entend manifester cela \u00e0 travers les actions citoyennes. Pour ce faire, ils ont proc\u00e9d\u00e9 au lancement de leurs activit\u00e9s avec l\u2019assainissement des locaux de l\u2019administration pr\u00e9fectorale de Coyah, les week-ends. Lors de leur [&hellip;]\" \/>\n<meta property=\"og:url\" content=\"https:\/\/www.presseinvestigation.com\/index.php\/2024\/12\/20\/yamoussa-camara-coordinateur-du-mjpc-a-coyah-cest-par-rapport-a-laccompagnement-du-president-de-la-republique-general-mamadi-doumbouya\/\" \/>\n<meta property=\"og:site_name\" content=\"Presseinvestigation\" \/>\n<meta property=\"article:published_time\" content=\"2024-12-20T12:19:34+00:00\" \/>\n<meta property=\"og:image\" content=\"https:\/\/www.presseinvestigation.com\/wp-content\/uploads\/2024\/12\/IMG-20241208-WA0000.jpg\" \/>\n\t<meta property=\"og:image:width\" content=\"275\" \/>\n\t<meta property=\"og:image:height\" content=\"286\" \/>\n\t<meta property=\"og:image:type\" content=\"image\/jpeg\" \/>\n<meta name=\"author\" content=\"Presseinvestigation.com\" \/>\n<meta name=\"twitter:card\" content=\"summary_large_image\" \/>\n<meta name=\"twitter:label1\" content=\"\u00c9crit par\" \/>\n\t<meta name=\"twitter:data1\" content=\"Presseinvestigation.com\" \/>\n\t<meta name=\"twitter:label2\" content=\"Dur\u00e9e de lecture estim\u00e9e\" \/>\n\t<meta name=\"twitter:data2\" content=\"2 minutes\" \/>\n<script type=\"application\/ld+json\" class=\"yoast-schema-graph\">{\"@context\":\"https:\\\/\\\/schema.org\",\"@graph\":[{\"@type\":\"Article\",\"@id\":\"https:\\\/\\\/www.presseinvestigation.com\\\/index.php\\\/2024\\\/12\\\/20\\\/yamoussa-camara-coordinateur-du-mjpc-a-coyah-cest-par-rapport-a-laccompagnement-du-president-de-la-republique-general-mamadi-doumbouya\\\/#article\",\"isPartOf\":{\"@id\":\"https:\\\/\\\/www.presseinvestigation.com\\\/index.php\\\/2024\\\/12\\\/20\\\/yamoussa-camara-coordinateur-du-mjpc-a-coyah-cest-par-rapport-a-laccompagnement-du-president-de-la-republique-general-mamadi-doumbouya\\\/\"},\"author\":{\"name\":\"Presseinvestigation.com\",\"@id\":\"https:\\\/\\\/www.presseinvestigation.com\\\/#\\\/schema\\\/person\\\/a1029d031d336f4e888009a1d2c4740a\"},\"headline\":\"Yamoussa CAMARA Coordinateur du MJPC \u00e0 Coyah\u00a0:\u00a0\u00ab\u00a0c\u2019est par rapport \u00e0 l\u2019accompagnement du Pr\u00e9sident de la R\u00e9publique G\u00e9n\u00e9ral Mamadi DOUMBOUYA\u00a0\u00bb\",\"datePublished\":\"2024-12-20T12:19:34+00:00\",\"mainEntityOfPage\":{\"@id\":\"https:\\\/\\\/www.presseinvestigation.com\\\/index.php\\\/2024\\\/12\\\/20\\\/yamoussa-camara-coordinateur-du-mjpc-a-coyah-cest-par-rapport-a-laccompagnement-du-president-de-la-republique-general-mamadi-doumbouya\\\/\"},\"wordCount\":389,\"commentCount\":0,\"image\":{\"@id\":\"https:\\\/\\\/www.presseinvestigation.com\\\/index.php\\\/2024\\\/12\\\/20\\\/yamoussa-camara-coordinateur-du-mjpc-a-coyah-cest-par-rapport-a-laccompagnement-du-president-de-la-republique-general-mamadi-doumbouya\\\/#primaryimage\"},\"thumbnailUrl\":\"https:\\\/\\\/www.presseinvestigation.com\\\/wp-content\\\/uploads\\\/2024\\\/12\\\/IMG-20241208-WA0000.jpg\",\"articleSection\":[\"Soci\u00e9t\u00e9\"],\"inLanguage\":\"fr-FR\",\"potentialAction\":[{\"@type\":\"CommentAction\",\"name\":\"Comment\",\"target\":[\"https:\\\/\\\/www.presseinvestigation.com\\\/index.php\\\/2024\\\/12\\\/20\\\/yamoussa-camara-coordinateur-du-mjpc-a-coyah-cest-par-rapport-a-laccompagnement-du-president-de-la-republique-general-mamadi-doumbouya\\\/#respond\"]}]},{\"@type\":\"WebPage\",\"@id\":\"https:\\\/\\\/www.presseinvestigation.com\\\/index.php\\\/2024\\\/12\\\/20\\\/yamoussa-camara-coordinateur-du-mjpc-a-coyah-cest-par-rapport-a-laccompagnement-du-president-de-la-republique-general-mamadi-doumbouya\\\/\",\"url\":\"https:\\\/\\\/www.presseinvestigation.com\\\/index.php\\\/2024\\\/12\\\/20\\\/yamoussa-camara-coordinateur-du-mjpc-a-coyah-cest-par-rapport-a-laccompagnement-du-president-de-la-republique-general-mamadi-doumbouya\\\/\",\"name\":\"Yamoussa CAMARA Coordinateur du MJPC \u00e0 Coyah\u00a0:\u00a0\u00ab\u00a0c\u2019est par rapport \u00e0 l\u2019accompagnement du Pr\u00e9sident de la R\u00e9publique G\u00e9n\u00e9ral Mamadi DOUMBOUYA\u00a0\u00bb - Presseinvestigation\",\"isPartOf\":{\"@id\":\"https:\\\/\\\/www.presseinvestigation.com\\\/#website\"},\"primaryImageOfPage\":{\"@id\":\"https:\\\/\\\/www.presseinvestigation.com\\\/index.php\\\/2024\\\/12\\\/20\\\/yamoussa-camara-coordinateur-du-mjpc-a-coyah-cest-par-rapport-a-laccompagnement-du-president-de-la-republique-general-mamadi-doumbouya\\\/#primaryimage\"},\"image\":{\"@id\":\"https:\\\/\\\/www.presseinvestigation.com\\\/index.php\\\/2024\\\/12\\\/20\\\/yamoussa-camara-coordinateur-du-mjpc-a-coyah-cest-par-rapport-a-laccompagnement-du-president-de-la-republique-general-mamadi-doumbouya\\\/#primaryimage\"},\"thumbnailUrl\":\"https:\\\/\\\/www.presseinvestigation.com\\\/wp-content\\\/uploads\\\/2024\\\/12\\\/IMG-20241208-WA0000.jpg\",\"datePublished\":\"2024-12-20T12:19:34+00:00\",\"author\":{\"@id\":\"https:\\\/\\\/www.presseinvestigation.com\\\/#\\\/schema\\\/person\\\/a1029d031d336f4e888009a1d2c4740a\"},\"breadcrumb\":{\"@id\":\"https:\\\/\\\/www.presseinvestigation.com\\\/index.php\\\/2024\\\/12\\\/20\\\/yamoussa-camara-coordinateur-du-mjpc-a-coyah-cest-par-rapport-a-laccompagnement-du-president-de-la-republique-general-mamadi-doumbouya\\\/#breadcrumb\"},\"inLanguage\":\"fr-FR\",\"potentialAction\":[{\"@type\":\"ReadAction\",\"target\":[\"https:\\\/\\\/www.presseinvestigation.com\\\/index.php\\\/2024\\\/12\\\/20\\\/yamoussa-camara-coordinateur-du-mjpc-a-coyah-cest-par-rapport-a-laccompagnement-du-president-de-la-republique-general-mamadi-doumbouya\\\/\"]}]},{\"@type\":\"ImageObject\",\"inLanguage\":\"fr-FR\",\"@id\":\"https:\\\/\\\/www.presseinvestigation.com\\\/index.php\\\/2024\\\/12\\\/20\\\/yamoussa-camara-coordinateur-du-mjpc-a-coyah-cest-par-rapport-a-laccompagnement-du-president-de-la-republique-general-mamadi-doumbouya\\\/#primaryimage\",\"url\":\"https:\\\/\\\/www.presseinvestigation.com\\\/wp-content\\\/uploads\\\/2024\\\/12\\\/IMG-20241208-WA0000.jpg\",\"contentUrl\":\"https:\\\/\\\/www.presseinvestigation.com\\\/wp-content\\\/uploads\\\/2024\\\/12\\\/IMG-20241208-WA0000.jpg\",\"width\":275,\"height\":286},{\"@type\":\"BreadcrumbList\",\"@id\":\"https:\\\/\\\/www.presseinvestigation.com\\\/index.php\\\/2024\\\/12\\\/20\\\/yamoussa-camara-coordinateur-du-mjpc-a-coyah-cest-par-rapport-a-laccompagnement-du-president-de-la-republique-general-mamadi-doumbouya\\\/#breadcrumb\",\"itemListElement\":[{\"@type\":\"ListItem\",\"position\":1,\"name\":\"Accueil\",\"item\":\"https:\\\/\\\/www.presseinvestigation.com\\\/\"},{\"@type\":\"ListItem\",\"position\":2,\"name\":\"Yamoussa CAMARA Coordinateur du MJPC \u00e0 Coyah\u00a0:\u00a0\u00ab\u00a0c\u2019est par rapport \u00e0 l\u2019accompagnement du Pr\u00e9sident de la R\u00e9publique G\u00e9n\u00e9ral Mamadi DOUMBOUYA\u00a0\u00bb\"}]},{\"@type\":\"WebSite\",\"@id\":\"https:\\\/\\\/www.presseinvestigation.com\\\/#website\",\"url\":\"https:\\\/\\\/www.presseinvestigation.com\\\/\",\"name\":\"Presseinvestigation\",\"description\":\"Informer dans l&#039;impartialit\u00e9\",\"potentialAction\":[{\"@type\":\"SearchAction\",\"target\":{\"@type\":\"EntryPoint\",\"urlTemplate\":\"https:\\\/\\\/www.presseinvestigation.com\\\/?s={search_term_string}\"},\"query-input\":{\"@type\":\"PropertyValueSpecification\",\"valueRequired\":true,\"valueName\":\"search_term_string\"}}],\"inLanguage\":\"fr-FR\"},{\"@type\":\"Person\",\"@id\":\"https:\\\/\\\/www.presseinvestigation.com\\\/#\\\/schema\\\/person\\\/a1029d031d336f4e888009a1d2c4740a\",\"name\":\"Presseinvestigation.com\",\"image\":{\"@type\":\"ImageObject\",\"inLanguage\":\"fr-FR\",\"@id\":\"https:\\\/\\\/secure.gravatar.com\\\/avatar\\\/c0faa0f472c43eff99fecb0bd2a1c6782e80a162c9fcb7ed2d48bb42ea619f30?s=96&d=mm&r=g\",\"url\":\"https:\\\/\\\/secure.gravatar.com\\\/avatar\\\/c0faa0f472c43eff99fecb0bd2a1c6782e80a162c9fcb7ed2d48bb42ea619f30?s=96&d=mm&r=g\",\"contentUrl\":\"https:\\\/\\\/secure.gravatar.com\\\/avatar\\\/c0faa0f472c43eff99fecb0bd2a1c6782e80a162c9fcb7ed2d48bb42ea619f30?s=96&d=mm&r=g\",\"caption\":\"Presseinvestigation.com\"},\"sameAs\":[\"https:\\\/\\\/www.presseinvestigation.com\"],\"url\":\"https:\\\/\\\/www.presseinvestigation.com\\\/index.php\\\/author\\\/medbi2011\\\/\"}]}<\/script>\n<!-- \/ Yoast SEO plugin. -->","yoast_head_json":{"title":"Yamoussa CAMARA Coordinateur du MJPC \u00e0 Coyah\u00a0:\u00a0\u00ab\u00a0c\u2019est par rapport \u00e0 l\u2019accompagnement du Pr\u00e9sident de la R\u00e9publique G\u00e9n\u00e9ral Mamadi DOUMBOUYA\u00a0\u00bb - Presseinvestigation","robots":{"index":"index","follow":"follow","max-snippet":"max-snippet:-1","max-image-preview":"max-image-preview:large","max-video-preview":"max-video-preview:-1"},"canonical":"https:\/\/www.presseinvestigation.com\/index.php\/2024\/12\/20\/yamoussa-camara-coordinateur-du-mjpc-a-coyah-cest-par-rapport-a-laccompagnement-du-president-de-la-republique-general-mamadi-doumbouya\/","og_locale":"fr_FR","og_type":"article","og_title":"Yamoussa CAMARA Coordinateur du MJPC \u00e0 Coyah\u00a0:\u00a0\u00ab\u00a0c\u2019est par rapport \u00e0 l\u2019accompagnement du Pr\u00e9sident de la R\u00e9publique G\u00e9n\u00e9ral Mamadi DOUMBOUYA\u00a0\u00bb - Presseinvestigation","og_description":"\u00c0 coyah, le Mouvement des Jeunes Pour la Prosp\u00e9rit\u00e9 de Coyah(MJPC) s\u2019engage \u00e0 Soutenir le Chef de l\u2019Etat G\u00e9n\u00e9ral Mamadi DOUMBOUYA. Il entend manifester cela \u00e0 travers les actions citoyennes. Pour ce faire, ils ont proc\u00e9d\u00e9 au lancement de leurs activit\u00e9s avec l\u2019assainissement des locaux de l\u2019administration pr\u00e9fectorale de Coyah, les week-ends. Lors de leur [&hellip;]","og_url":"https:\/\/www.presseinvestigation.com\/index.php\/2024\/12\/20\/yamoussa-camara-coordinateur-du-mjpc-a-coyah-cest-par-rapport-a-laccompagnement-du-president-de-la-republique-general-mamadi-doumbouya\/","og_site_name":"Presseinvestigation","article_published_time":"2024-12-20T12:19:34+00:00","og_image":[{"width":275,"height":286,"url":"https:\/\/www.presseinvestigation.com\/wp-content\/uploads\/2024\/12\/IMG-20241208-WA0000.jpg","type":"image\/jpeg"}],"author":"Presseinvestigation.com","twitter_card":"summary_large_image","twitter_misc":{"\u00c9crit par":"Presseinvestigation.com","Dur\u00e9e de lecture estim\u00e9e":"2 minutes"},"schema":{"@context":"https:\/\/schema.org","@graph":[{"@type":"Article","@id":"https:\/\/www.presseinvestigation.com\/index.php\/2024\/12\/20\/yamoussa-camara-coordinateur-du-mjpc-a-coyah-cest-par-rapport-a-laccompagnement-du-president-de-la-republique-general-mamadi-doumbouya\/#article","isPartOf":{"@id":"https:\/\/www.presseinvestigation.com\/index.php\/2024\/12\/20\/yamoussa-camara-coordinateur-du-mjpc-a-coyah-cest-par-rapport-a-laccompagnement-du-president-de-la-republique-general-mamadi-doumbouya\/"},"author":{"name":"Presseinvestigation.com","@id":"https:\/\/www.presseinvestigation.com\/#\/schema\/person\/a1029d031d336f4e888009a1d2c4740a"},"headline":"Yamoussa CAMARA Coordinateur du MJPC \u00e0 Coyah\u00a0:\u00a0\u00ab\u00a0c\u2019est par rapport \u00e0 l\u2019accompagnement du Pr\u00e9sident de la R\u00e9publique G\u00e9n\u00e9ral Mamadi DOUMBOUYA\u00a0\u00bb","datePublished":"2024-12-20T12:19:34+00:00","mainEntityOfPage":{"@id":"https:\/\/www.presseinvestigation.com\/index.php\/2024\/12\/20\/yamoussa-camara-coordinateur-du-mjpc-a-coyah-cest-par-rapport-a-laccompagnement-du-president-de-la-republique-general-mamadi-doumbouya\/"},"wordCount":389,"commentCount":0,"image":{"@id":"https:\/\/www.presseinvestigation.com\/index.php\/2024\/12\/20\/yamoussa-camara-coordinateur-du-mjpc-a-coyah-cest-par-rapport-a-laccompagnement-du-president-de-la-republique-general-mamadi-doumbouya\/#primaryimage"},"thumbnailUrl":"https:\/\/www.presseinvestigation.com\/wp-content\/uploads\/2024\/12\/IMG-20241208-WA0000.jpg","articleSection":["Soci\u00e9t\u00e9"],"inLanguage":"fr-FR","potentialAction":[{"@type":"CommentAction","name":"Comment","target":["https:\/\/www.presseinvestigation.com\/index.php\/2024\/12\/20\/yamoussa-camara-coordinateur-du-mjpc-a-coyah-cest-par-rapport-a-laccompagnement-du-president-de-la-republique-general-mamadi-doumbouya\/#respond"]}]},{"@type":"WebPage","@id":"https:\/\/www.presseinvestigation.com\/index.php\/2024\/12\/20\/yamoussa-camara-coordinateur-du-mjpc-a-coyah-cest-par-rapport-a-laccompagnement-du-president-de-la-republique-general-mamadi-doumbouya\/","url":"https:\/\/www.presseinvestigation.com\/index.php\/2024\/12\/20\/yamoussa-camara-coordinateur-du-mjpc-a-coyah-cest-par-rapport-a-laccompagnement-du-president-de-la-republique-general-mamadi-doumbouya\/","name":"Yamoussa CAMARA Coordinateur du MJPC \u00e0 Coyah\u00a0:\u00a0\u00ab\u00a0c\u2019est par rapport \u00e0 l\u2019accompagnement du Pr\u00e9sident de la R\u00e9publique G\u00e9n\u00e9ral Mamadi DOUMBOUYA\u00a0\u00bb - Presseinvestigation","isPartOf":{"@id":"https:\/\/www.presseinvestigation.com\/#website"},"primaryImageOfPage":{"@id":"https:\/\/www.presseinvestigation.com\/index.php\/2024\/12\/20\/yamoussa-camara-coordinateur-du-mjpc-a-coyah-cest-par-rapport-a-laccompagnement-du-president-de-la-republique-general-mamadi-doumbouya\/#primaryimage"},"image":{"@id":"https:\/\/www.presseinvestigation.com\/index.php\/2024\/12\/20\/yamoussa-camara-coordinateur-du-mjpc-a-coyah-cest-par-rapport-a-laccompagnement-du-president-de-la-republique-general-mamadi-doumbouya\/#primaryimage"},"thumbnailUrl":"https:\/\/www.presseinvestigation.com\/wp-content\/uploads\/2024\/12\/IMG-20241208-WA0000.jpg","datePublished":"2024-12-20T12:19:34+00:00","author":{"@id":"https:\/\/www.presseinvestigation.com\/#\/schema\/person\/a1029d031d336f4e888009a1d2c4740a"},"breadcrumb":{"@id":"https:\/\/www.presseinvestigation.com\/index.php\/2024\/12\/20\/yamoussa-camara-coordinateur-du-mjpc-a-coyah-cest-par-rapport-a-laccompagnement-du-president-de-la-republique-general-mamadi-doumbouya\/#breadcrumb"},"inLanguage":"fr-FR","potentialAction":[{"@type":"ReadAction","target":["https:\/\/www.presseinvestigation.com\/index.php\/2024\/12\/20\/yamoussa-camara-coordinateur-du-mjpc-a-coyah-cest-par-rapport-a-laccompagnement-du-president-de-la-republique-general-mamadi-doumbouya\/"]}]},{"@type":"ImageObject","inLanguage":"fr-FR","@id":"https:\/\/www.presseinvestigation.com\/index.php\/2024\/12\/20\/yamoussa-camara-coordinateur-du-mjpc-a-coyah-cest-par-rapport-a-laccompagnement-du-president-de-la-republique-general-mamadi-doumbouya\/#primaryimage","url":"https:\/\/www.presseinvestigation.com\/wp-content\/uploads\/2024\/12\/IMG-20241208-WA0000.jpg","contentUrl":"https:\/\/www.presseinvestigation.com\/wp-content\/uploads\/2024\/12\/IMG-20241208-WA0000.jpg","width":275,"height":286},{"@type":"BreadcrumbList","@id":"https:\/\/www.presseinvestigation.com\/index.php\/2024\/12\/20\/yamoussa-camara-coordinateur-du-mjpc-a-coyah-cest-par-rapport-a-laccompagnement-du-president-de-la-republique-general-mamadi-doumbouya\/#breadcrumb","itemListElement":[{"@type":"ListItem","position":1,"name":"Accueil","item":"https:\/\/www.presseinvestigation.com\/"},{"@type":"ListItem","position":2,"name":"Yamoussa CAMARA Coordinateur du MJPC \u00e0 Coyah\u00a0:\u00a0\u00ab\u00a0c\u2019est par rapport \u00e0 l\u2019accompagnement du Pr\u00e9sident de la R\u00e9publique G\u00e9n\u00e9ral Mamadi DOUMBOUYA\u00a0\u00bb"}]},{"@type":"WebSite","@id":"https:\/\/www.presseinvestigation.com\/#website","url":"https:\/\/www.presseinvestigation.com\/","name":"Presseinvestigation","description":"Informer dans l&#039;impartialit\u00e9","potentialAction":[{"@type":"SearchAction","target":{"@type":"EntryPoint","urlTemplate":"https:\/\/www.presseinvestigation.com\/?s={search_term_string}"},"query-input":{"@type":"PropertyValueSpecification","valueRequired":true,"valueName":"search_term_string"}}],"inLanguage":"fr-FR"},{"@type":"Person","@id":"https:\/\/www.presseinvestigation.com\/#\/schema\/person\/a1029d031d336f4e888009a1d2c4740a","name":"Presseinvestigation.com","image":{"@type":"ImageObject","inLanguage":"fr-FR","@id":"https:\/\/secure.gravatar.com\/avatar\/c0faa0f472c43eff99fecb0bd2a1c6782e80a162c9fcb7ed2d48bb42ea619f30?s=96&d=mm&r=g","url":"https:\/\/secure.gravatar.com\/avatar\/c0faa0f472c43eff99fecb0bd2a1c6782e80a162c9fcb7ed2d48bb42ea619f30?s=96&d=mm&r=g","contentUrl":"https:\/\/secure.gravatar.com\/avatar\/c0faa0f472c43eff99fecb0bd2a1c6782e80a162c9fcb7ed2d48bb42ea619f30?s=96&d=mm&r=g","caption":"Presseinvestigation.com"},"sameAs":["https:\/\/www.presseinvestigation.com"],"url":"https:\/\/www.presseinvestigation.com\/index.php\/author\/medbi2011\/"}]}},"_links":{"self":[{"href":"https:\/\/www.presseinvestigation.com\/index.php\/wp-json\/wp\/v2\/posts\/1907","targetHints":{"allow":["GET"]}}],"collection":[{"href":"https:\/\/www.presseinvestigation.com\/index.php\/wp-json\/wp\/v2\/posts"}],"about":[{"href":"https:\/\/www.presseinvestigation.com\/index.php\/wp-json\/wp\/v2\/types\/post"}],"author":[{"embeddable":true,"href":"https:\/\/www.presseinvestigation.com\/index.php\/wp-json\/wp\/v2\/users\/1"}],"replies":[{"embeddable":true,"href":"https:\/\/www.presseinvestigation.com\/index.php\/wp-json\/wp\/v2\/comments?post=1907"}],"version-history":[{"count":1,"href":"https:\/\/www.presseinvestigation.com\/index.php\/wp-json\/wp\/v2\/posts\/1907\/revisions"}],"predecessor-version":[{"id":1908,"href":"https:\/\/www.presseinvestigation.com\/index.php\/wp-json\/wp\/v2\/posts\/1907\/revisions\/1908"}],"wp:featuredmedia":[{"embeddable":true,"href":"https:\/\/www.presseinvestigation.com\/index.php\/wp-json\/wp\/v2\/media\/1906"}],"wp:attachment":[{"href":"https:\/\/www.presseinvestigation.com\/index.php\/wp-json\/wp\/v2\/media?parent=1907"}],"wp:term":[{"taxonomy":"category","embeddable":true,"href":"https:\/\/www.presseinvestigation.com\/index.php\/wp-json\/wp\/v2\/categories?post=1907"},{"taxonomy":"post_tag","embeddable":true,"href":"https:\/\/www.presseinvestigation.com\/index.php\/wp-json\/wp\/v2\/tags?post=1907"}],"curies":[{"name":"wp","href":"https:\/\/api.w.org\/{rel}","templated":true}]}}