{"id":2068,"date":"2025-02-04T17:40:11","date_gmt":"2025-02-04T16:40:11","guid":{"rendered":"https:\/\/www.presseinvestigation.com\/index.php\/2025\/02\/04\/eradication-de-lexcision-une-ex-ministre-sengage-dans-la-lutte-a-travers-un-livre\/"},"modified":"2025-02-04T17:40:11","modified_gmt":"2025-02-04T16:40:11","slug":"eradication-de-lexcision-une-ex-ministre-sengage-dans-la-lutte-a-travers-un-livre","status":"publish","type":"post","link":"https:\/\/www.presseinvestigation.com\/index.php\/2025\/02\/04\/eradication-de-lexcision-une-ex-ministre-sengage-dans-la-lutte-a-travers-un-livre\/","title":{"rendered":"\u00c9radication de l\u2019Excision\u00a0: Une ex Ministre s\u2019engage dans la lutte \u00e0 travers un livre\u00a0!"},"content":{"rendered":"<p><strong>Il s\u2019agit de l\u2019ex Ministre de la Citoyennet\u00e9 et de l\u2019Unit\u00e9 Nationale en Charg\u00e9 des Droit de l\u2019Homme en R\u00e9publique de Guin\u00e9e, Dr Zalikatou DIALLO. Le mercredi 28 janvier 2025, \u00e0 la bio\u00e9thique am\u00e9ricaine de l\u2019Universit\u00e9 G\u00e9n\u00e9ral Lansana CONTE de Sonfonia, elle a pr\u00e9sent\u00e9 son \u0153uvre litt\u00e9raire sur la mutilation g\u00e9nitale f\u00e9minine. Le livre est intitul\u00e9 \u2018\u2019ce jour o\u00f9 nous f\u00fbmes excis\u00e9es : Stoppons les mutilations g\u00e9nitales f\u00e9minines\u2019\u2019.<\/strong><\/p>\n<p>\u00ab\u00a0<em>Dans cet ouvrage vous d\u00e9couvrirez\u00a0: premi\u00e8rement, notre malheureuse exp\u00e9rience. Mes 7 Co-excis\u00e9es et moi-m\u00eame, avec le r\u00e9cit de tout le processus semblable \u00e0 un v\u00e9ritable feuilleton de nos moments de d\u00e9tresse\u00a0;<\/em><\/p>\n<p><em> Deuxi\u00e8mement, l\u2019\u00e9tape de la maison familiale. Tout ce qui se d\u00e9roule pendant les 15 jours o\u00f9 nous f\u00fbmes pratiquement s\u00e9questr\u00e9es \u00e0 domicile pour le temps de la cicatrisation, tout ce qui s\u2019est produit en ce moment vous aurez l\u2019occasion de le d\u00e9couvrir dans l\u2019ouvrage\u00a0;<\/em><\/p>\n<p><em>Troisi\u00e8mement, les risques que nous avons courus, toutes les victimes, \u00e0 court, \u00e0 moyens et \u00e0 long termes avec mes propres d\u00e9boires en la mati\u00e8re, lors de mes diff\u00e9rents accouchements naturels\u00a0\u00bb<\/em> a d\u00e9clare l\u2019auteure au cours de cette c\u00e9r\u00e9monie de pr\u00e9sentation de son livre.<\/p>\n<p><a href=\"https:\/\/www.presseinvestigation.com\/wp-content\/uploads\/2025\/02\/IMG-20250129-WA0004.jpg\"><img decoding=\"async\" class=\"attachment-full size-full\" src=\"https:\/\/www.presseinvestigation.com\/wp-content\/uploads\/2025\/02\/IMG-20250129-WA0004.jpg\" alt=\"\" \/><\/a><\/p>\n<p>Selon Dr Zalikatou DIALLO, la quatri\u00e8me partie offre le droit \u00e0 la grande mobilisation et aux mesures juridiques en Guin\u00e9e dans l\u2019objectif d\u2019inverser la tendance et \u00e9radiquer ce fl\u00e9au. Quant \u00e0 la cinqui\u00e8me partie, il indique les pays africains concern\u00e9s, certains pays d\u2019Asie, du Moyen Orient et les immigr\u00e9es adepte de ce fl\u00e9au dans les pays occidentaux. En fin la sixi\u00e8me partie du livre, propose des recommandations en termes de poursuites de la synergie d\u2019action en vue de l\u2019aboutissement \u00e0 des r\u00e9sultats probants.<\/p>\n<p>\u00a0<\/p>\n<p>Attirant les attentions sur la dangerosit\u00e9 de l\u2019excision chez la couche f\u00e9minine, elle a ajout\u00e9\u00a0:\u00a0\u00ab\u00a0<em>Il ne faut pas se leurrer. Nous, nous pensions que c\u2019\u00e9tait \u00e0 court termes, mais les s\u00e9quelles nous suivent toute la vie\u00a0\u00bb.<\/em><\/p>\n<p><a href=\"https:\/\/www.presseinvestigation.com\/wp-content\/uploads\/2025\/02\/IMG-20250129-WA0003.jpg\"><img decoding=\"async\" class=\"attachment-full size-full\" src=\"https:\/\/www.presseinvestigation.com\/wp-content\/uploads\/2025\/02\/IMG-20250129-WA0003.jpg\" alt=\"\" \/><\/a><\/p>\n<p>Plusieurs invit\u00e9s, d\u2019ex ministres et les repr\u00e9sentants de certaines institutions en Guin\u00e9e, ont pris part \u00e0 cet \u00e9v\u00e9nement. Pr\u00e9sent sur les lieux, le repr\u00e9sentant de l\u2019UNFPA et celle du Syst\u00e8me des Nations unies, ont encourag\u00e9 le travail de l\u2019auteure.<\/p>\n<p>\u00ab\u00a0<em>Nous sommes l\u00e0 pour soutenir vos efforts, les efforts des personnes comme Dr Zalikatou DIALLO pour lutter contre ce ph\u00e9nom\u00e8ne qui est la mutilation g\u00e9nitale f\u00e9minine. Le 06 f\u00e9vrier prochain c\u2019est la journ\u00e9e internationale de la mutilation g\u00e9nitale f\u00e9minine avec pour th\u00e8me tol\u00e9rance z\u00e9ro excision. Le secr\u00e9taire G\u00e9n\u00e9ral des Nations Unies demande \u00e0 tout le monde de s\u2019engager dans cette lutte\u00a0\u00bb<\/em> a exprim\u00e9 la repr\u00e9sentante des Nations Unies.<\/p>\n<p>\u00a0<\/p>\n<p>Dr Zalikatou DIALLO a \u00e9galement \u00e9t\u00e9 d\u00e9put\u00e9 \u00e0 l\u2019Assembl\u00e9e Nationale et vice-pr\u00e9sidente de la f\u00e9d\u00e9ration guin\u00e9enne du Football. Cet ouvrage qu\u2019elle a \u00e9crit sur la mutilation g\u00e9nitale f\u00e9minine doit inspirer l\u2019\u00e9lite guin\u00e9enne \u00e0 s\u2019impliquer davantage dans les sensibilisations, afin que cette pratique n\u00e9faste soit abonn\u00e9e dans la soci\u00e9t\u00e9.<\/p>\n<p><strong>Toumany CAMARA<\/strong><\/p>\n<p><strong> pour Presseinvestigation.com<\/strong><\/p>\n<p>\u00a0<\/p>\n","protected":false},"excerpt":{"rendered":"<p>Il s\u2019agit de l\u2019ex Ministre de la Citoyennet\u00e9 et de l\u2019Unit\u00e9 Nationale en Charg\u00e9 des Droit de l\u2019Homme en R\u00e9publique de Guin\u00e9e, Dr Zalikatou DIALLO. Le mercredi 28 janvier 2025, \u00e0 la bio\u00e9thique am\u00e9ricaine de l\u2019Universit\u00e9 G\u00e9n\u00e9ral Lansana CONTE de Sonfonia, elle a pr\u00e9sent\u00e9 son \u0153uvre litt\u00e9raire sur la mutilation g\u00e9nitale f\u00e9minine. Le livre est [&hellip;]<\/p>\n","protected":false},"author":2,"featured_media":2065,"comment_status":"open","ping_status":"open","sticky":false,"template":"","format":"standard","meta":{"jnews-multi-image_gallery":[],"jnews_single_post":[],"jnews_primary_category":[],"footnotes":""},"categories":[83],"tags":[],"class_list":["post-2068","post","type-post","status-publish","format-standard","has-post-thumbnail","hentry","category-litterature"],"yoast_head":"<!-- This site is optimized with the Yoast SEO plugin v27.3 - https:\/\/yoast.com\/product\/yoast-seo-wordpress\/ -->\n<title>\u00c9radication de l\u2019Excision\u00a0: Une ex Ministre s\u2019engage dans la lutte \u00e0 travers un livre\u00a0! - Presseinvestigation<\/title>\n<meta name=\"robots\" content=\"index, follow, max-snippet:-1, max-image-preview:large, max-video-preview:-1\" \/>\n<link rel=\"canonical\" href=\"https:\/\/www.presseinvestigation.com\/index.php\/2025\/02\/04\/eradication-de-lexcision-une-ex-ministre-sengage-dans-la-lutte-a-travers-un-livre\/\" \/>\n<meta property=\"og:locale\" content=\"fr_FR\" \/>\n<meta property=\"og:type\" content=\"article\" \/>\n<meta property=\"og:title\" content=\"\u00c9radication de l\u2019Excision\u00a0: Une ex Ministre s\u2019engage dans la lutte \u00e0 travers un livre\u00a0! - Presseinvestigation\" \/>\n<meta property=\"og:description\" content=\"Il s\u2019agit de l\u2019ex Ministre de la Citoyennet\u00e9 et de l\u2019Unit\u00e9 Nationale en Charg\u00e9 des Droit de l\u2019Homme en R\u00e9publique de Guin\u00e9e, Dr Zalikatou DIALLO. Le mercredi 28 janvier 2025, \u00e0 la bio\u00e9thique am\u00e9ricaine de l\u2019Universit\u00e9 G\u00e9n\u00e9ral Lansana CONTE de Sonfonia, elle a pr\u00e9sent\u00e9 son \u0153uvre litt\u00e9raire sur la mutilation g\u00e9nitale f\u00e9minine. Le livre est [&hellip;]\" \/>\n<meta property=\"og:url\" content=\"https:\/\/www.presseinvestigation.com\/index.php\/2025\/02\/04\/eradication-de-lexcision-une-ex-ministre-sengage-dans-la-lutte-a-travers-un-livre\/\" \/>\n<meta property=\"og:site_name\" content=\"Presseinvestigation\" \/>\n<meta property=\"article:published_time\" content=\"2025-02-04T16:40:11+00:00\" \/>\n<meta property=\"og:image\" content=\"https:\/\/www.presseinvestigation.com\/wp-content\/uploads\/2025\/02\/IMG-20250129-WA0008.jpg\" \/>\n\t<meta property=\"og:image:width\" content=\"1280\" \/>\n\t<meta property=\"og:image:height\" content=\"960\" \/>\n\t<meta property=\"og:image:type\" content=\"image\/jpeg\" \/>\n<meta name=\"author\" content=\"Presseinvestigation.com\" \/>\n<meta name=\"twitter:card\" content=\"summary_large_image\" \/>\n<meta name=\"twitter:label1\" content=\"\u00c9crit par\" \/>\n\t<meta name=\"twitter:data1\" content=\"Presseinvestigation.com\" \/>\n\t<meta name=\"twitter:label2\" content=\"Dur\u00e9e de lecture estim\u00e9e\" \/>\n\t<meta name=\"twitter:data2\" content=\"3 minutes\" \/>\n<script type=\"application\/ld+json\" class=\"yoast-schema-graph\">{\"@context\":\"https:\\\/\\\/schema.org\",\"@graph\":[{\"@type\":\"Article\",\"@id\":\"https:\\\/\\\/www.presseinvestigation.com\\\/index.php\\\/2025\\\/02\\\/04\\\/eradication-de-lexcision-une-ex-ministre-sengage-dans-la-lutte-a-travers-un-livre\\\/#article\",\"isPartOf\":{\"@id\":\"https:\\\/\\\/www.presseinvestigation.com\\\/index.php\\\/2025\\\/02\\\/04\\\/eradication-de-lexcision-une-ex-ministre-sengage-dans-la-lutte-a-travers-un-livre\\\/\"},\"author\":{\"name\":\"Presseinvestigation.com\",\"@id\":\"https:\\\/\\\/www.presseinvestigation.com\\\/#\\\/schema\\\/person\\\/32d023733a4a9d7c3bd6883619b8f116\"},\"headline\":\"\u00c9radication de l\u2019Excision\u00a0: Une ex Ministre s\u2019engage dans la lutte \u00e0 travers un livre\u00a0!\",\"datePublished\":\"2025-02-04T16:40:11+00:00\",\"mainEntityOfPage\":{\"@id\":\"https:\\\/\\\/www.presseinvestigation.com\\\/index.php\\\/2025\\\/02\\\/04\\\/eradication-de-lexcision-une-ex-ministre-sengage-dans-la-lutte-a-travers-un-livre\\\/\"},\"wordCount\":569,\"commentCount\":0,\"image\":{\"@id\":\"https:\\\/\\\/www.presseinvestigation.com\\\/index.php\\\/2025\\\/02\\\/04\\\/eradication-de-lexcision-une-ex-ministre-sengage-dans-la-lutte-a-travers-un-livre\\\/#primaryimage\"},\"thumbnailUrl\":\"https:\\\/\\\/www.presseinvestigation.com\\\/wp-content\\\/uploads\\\/2025\\\/02\\\/IMG-20250129-WA0008.jpg\",\"articleSection\":[\"Litt\u00e9rature\"],\"inLanguage\":\"fr-FR\",\"potentialAction\":[{\"@type\":\"CommentAction\",\"name\":\"Comment\",\"target\":[\"https:\\\/\\\/www.presseinvestigation.com\\\/index.php\\\/2025\\\/02\\\/04\\\/eradication-de-lexcision-une-ex-ministre-sengage-dans-la-lutte-a-travers-un-livre\\\/#respond\"]}]},{\"@type\":\"WebPage\",\"@id\":\"https:\\\/\\\/www.presseinvestigation.com\\\/index.php\\\/2025\\\/02\\\/04\\\/eradication-de-lexcision-une-ex-ministre-sengage-dans-la-lutte-a-travers-un-livre\\\/\",\"url\":\"https:\\\/\\\/www.presseinvestigation.com\\\/index.php\\\/2025\\\/02\\\/04\\\/eradication-de-lexcision-une-ex-ministre-sengage-dans-la-lutte-a-travers-un-livre\\\/\",\"name\":\"\u00c9radication de l\u2019Excision\u00a0: Une ex Ministre s\u2019engage dans la lutte \u00e0 travers un livre\u00a0! - Presseinvestigation\",\"isPartOf\":{\"@id\":\"https:\\\/\\\/www.presseinvestigation.com\\\/#website\"},\"primaryImageOfPage\":{\"@id\":\"https:\\\/\\\/www.presseinvestigation.com\\\/index.php\\\/2025\\\/02\\\/04\\\/eradication-de-lexcision-une-ex-ministre-sengage-dans-la-lutte-a-travers-un-livre\\\/#primaryimage\"},\"image\":{\"@id\":\"https:\\\/\\\/www.presseinvestigation.com\\\/index.php\\\/2025\\\/02\\\/04\\\/eradication-de-lexcision-une-ex-ministre-sengage-dans-la-lutte-a-travers-un-livre\\\/#primaryimage\"},\"thumbnailUrl\":\"https:\\\/\\\/www.presseinvestigation.com\\\/wp-content\\\/uploads\\\/2025\\\/02\\\/IMG-20250129-WA0008.jpg\",\"datePublished\":\"2025-02-04T16:40:11+00:00\",\"author\":{\"@id\":\"https:\\\/\\\/www.presseinvestigation.com\\\/#\\\/schema\\\/person\\\/32d023733a4a9d7c3bd6883619b8f116\"},\"breadcrumb\":{\"@id\":\"https:\\\/\\\/www.presseinvestigation.com\\\/index.php\\\/2025\\\/02\\\/04\\\/eradication-de-lexcision-une-ex-ministre-sengage-dans-la-lutte-a-travers-un-livre\\\/#breadcrumb\"},\"inLanguage\":\"fr-FR\",\"potentialAction\":[{\"@type\":\"ReadAction\",\"target\":[\"https:\\\/\\\/www.presseinvestigation.com\\\/index.php\\\/2025\\\/02\\\/04\\\/eradication-de-lexcision-une-ex-ministre-sengage-dans-la-lutte-a-travers-un-livre\\\/\"]}]},{\"@type\":\"ImageObject\",\"inLanguage\":\"fr-FR\",\"@id\":\"https:\\\/\\\/www.presseinvestigation.com\\\/index.php\\\/2025\\\/02\\\/04\\\/eradication-de-lexcision-une-ex-ministre-sengage-dans-la-lutte-a-travers-un-livre\\\/#primaryimage\",\"url\":\"https:\\\/\\\/www.presseinvestigation.com\\\/wp-content\\\/uploads\\\/2025\\\/02\\\/IMG-20250129-WA0008.jpg\",\"contentUrl\":\"https:\\\/\\\/www.presseinvestigation.com\\\/wp-content\\\/uploads\\\/2025\\\/02\\\/IMG-20250129-WA0008.jpg\",\"width\":1280,\"height\":960},{\"@type\":\"BreadcrumbList\",\"@id\":\"https:\\\/\\\/www.presseinvestigation.com\\\/index.php\\\/2025\\\/02\\\/04\\\/eradication-de-lexcision-une-ex-ministre-sengage-dans-la-lutte-a-travers-un-livre\\\/#breadcrumb\",\"itemListElement\":[{\"@type\":\"ListItem\",\"position\":1,\"name\":\"Accueil\",\"item\":\"https:\\\/\\\/www.presseinvestigation.com\\\/\"},{\"@type\":\"ListItem\",\"position\":2,\"name\":\"\u00c9radication de l\u2019Excision\u00a0: Une ex Ministre s\u2019engage dans la lutte \u00e0 travers un livre\u00a0!\"}]},{\"@type\":\"WebSite\",\"@id\":\"https:\\\/\\\/www.presseinvestigation.com\\\/#website\",\"url\":\"https:\\\/\\\/www.presseinvestigation.com\\\/\",\"name\":\"Presseinvestigation\",\"description\":\"Informer dans l&#039;impartialit\u00e9\",\"potentialAction\":[{\"@type\":\"SearchAction\",\"target\":{\"@type\":\"EntryPoint\",\"urlTemplate\":\"https:\\\/\\\/www.presseinvestigation.com\\\/?s={search_term_string}\"},\"query-input\":{\"@type\":\"PropertyValueSpecification\",\"valueRequired\":true,\"valueName\":\"search_term_string\"}}],\"inLanguage\":\"fr-FR\"},{\"@type\":\"Person\",\"@id\":\"https:\\\/\\\/www.presseinvestigation.com\\\/#\\\/schema\\\/person\\\/32d023733a4a9d7c3bd6883619b8f116\",\"name\":\"Presseinvestigation.com\",\"image\":{\"@type\":\"ImageObject\",\"inLanguage\":\"fr-FR\",\"@id\":\"https:\\\/\\\/secure.gravatar.com\\\/avatar\\\/26f9c9e95424b0bde739ba0af37ee39a9e4a9e809967422c5b8e8573a34fbbe0?s=96&d=mm&r=g\",\"url\":\"https:\\\/\\\/secure.gravatar.com\\\/avatar\\\/26f9c9e95424b0bde739ba0af37ee39a9e4a9e809967422c5b8e8573a34fbbe0?s=96&d=mm&r=g\",\"contentUrl\":\"https:\\\/\\\/secure.gravatar.com\\\/avatar\\\/26f9c9e95424b0bde739ba0af37ee39a9e4a9e809967422c5b8e8573a34fbbe0?s=96&d=mm&r=g\",\"caption\":\"Presseinvestigation.com\"},\"url\":\"https:\\\/\\\/www.presseinvestigation.com\\\/index.php\\\/author\\\/toumany\\\/\"}]}<\/script>\n<!-- \/ Yoast SEO plugin. -->","yoast_head_json":{"title":"\u00c9radication de l\u2019Excision\u00a0: Une ex Ministre s\u2019engage dans la lutte \u00e0 travers un livre\u00a0! - Presseinvestigation","robots":{"index":"index","follow":"follow","max-snippet":"max-snippet:-1","max-image-preview":"max-image-preview:large","max-video-preview":"max-video-preview:-1"},"canonical":"https:\/\/www.presseinvestigation.com\/index.php\/2025\/02\/04\/eradication-de-lexcision-une-ex-ministre-sengage-dans-la-lutte-a-travers-un-livre\/","og_locale":"fr_FR","og_type":"article","og_title":"\u00c9radication de l\u2019Excision\u00a0: Une ex Ministre s\u2019engage dans la lutte \u00e0 travers un livre\u00a0! - Presseinvestigation","og_description":"Il s\u2019agit de l\u2019ex Ministre de la Citoyennet\u00e9 et de l\u2019Unit\u00e9 Nationale en Charg\u00e9 des Droit de l\u2019Homme en R\u00e9publique de Guin\u00e9e, Dr Zalikatou DIALLO. Le mercredi 28 janvier 2025, \u00e0 la bio\u00e9thique am\u00e9ricaine de l\u2019Universit\u00e9 G\u00e9n\u00e9ral Lansana CONTE de Sonfonia, elle a pr\u00e9sent\u00e9 son \u0153uvre litt\u00e9raire sur la mutilation g\u00e9nitale f\u00e9minine. Le livre est [&hellip;]","og_url":"https:\/\/www.presseinvestigation.com\/index.php\/2025\/02\/04\/eradication-de-lexcision-une-ex-ministre-sengage-dans-la-lutte-a-travers-un-livre\/","og_site_name":"Presseinvestigation","article_published_time":"2025-02-04T16:40:11+00:00","og_image":[{"width":1280,"height":960,"url":"https:\/\/www.presseinvestigation.com\/wp-content\/uploads\/2025\/02\/IMG-20250129-WA0008.jpg","type":"image\/jpeg"}],"author":"Presseinvestigation.com","twitter_card":"summary_large_image","twitter_misc":{"\u00c9crit par":"Presseinvestigation.com","Dur\u00e9e de lecture estim\u00e9e":"3 minutes"},"schema":{"@context":"https:\/\/schema.org","@graph":[{"@type":"Article","@id":"https:\/\/www.presseinvestigation.com\/index.php\/2025\/02\/04\/eradication-de-lexcision-une-ex-ministre-sengage-dans-la-lutte-a-travers-un-livre\/#article","isPartOf":{"@id":"https:\/\/www.presseinvestigation.com\/index.php\/2025\/02\/04\/eradication-de-lexcision-une-ex-ministre-sengage-dans-la-lutte-a-travers-un-livre\/"},"author":{"name":"Presseinvestigation.com","@id":"https:\/\/www.presseinvestigation.com\/#\/schema\/person\/32d023733a4a9d7c3bd6883619b8f116"},"headline":"\u00c9radication de l\u2019Excision\u00a0: Une ex Ministre s\u2019engage dans la lutte \u00e0 travers un livre\u00a0!","datePublished":"2025-02-04T16:40:11+00:00","mainEntityOfPage":{"@id":"https:\/\/www.presseinvestigation.com\/index.php\/2025\/02\/04\/eradication-de-lexcision-une-ex-ministre-sengage-dans-la-lutte-a-travers-un-livre\/"},"wordCount":569,"commentCount":0,"image":{"@id":"https:\/\/www.presseinvestigation.com\/index.php\/2025\/02\/04\/eradication-de-lexcision-une-ex-ministre-sengage-dans-la-lutte-a-travers-un-livre\/#primaryimage"},"thumbnailUrl":"https:\/\/www.presseinvestigation.com\/wp-content\/uploads\/2025\/02\/IMG-20250129-WA0008.jpg","articleSection":["Litt\u00e9rature"],"inLanguage":"fr-FR","potentialAction":[{"@type":"CommentAction","name":"Comment","target":["https:\/\/www.presseinvestigation.com\/index.php\/2025\/02\/04\/eradication-de-lexcision-une-ex-ministre-sengage-dans-la-lutte-a-travers-un-livre\/#respond"]}]},{"@type":"WebPage","@id":"https:\/\/www.presseinvestigation.com\/index.php\/2025\/02\/04\/eradication-de-lexcision-une-ex-ministre-sengage-dans-la-lutte-a-travers-un-livre\/","url":"https:\/\/www.presseinvestigation.com\/index.php\/2025\/02\/04\/eradication-de-lexcision-une-ex-ministre-sengage-dans-la-lutte-a-travers-un-livre\/","name":"\u00c9radication de l\u2019Excision\u00a0: Une ex Ministre s\u2019engage dans la lutte \u00e0 travers un livre\u00a0! - Presseinvestigation","isPartOf":{"@id":"https:\/\/www.presseinvestigation.com\/#website"},"primaryImageOfPage":{"@id":"https:\/\/www.presseinvestigation.com\/index.php\/2025\/02\/04\/eradication-de-lexcision-une-ex-ministre-sengage-dans-la-lutte-a-travers-un-livre\/#primaryimage"},"image":{"@id":"https:\/\/www.presseinvestigation.com\/index.php\/2025\/02\/04\/eradication-de-lexcision-une-ex-ministre-sengage-dans-la-lutte-a-travers-un-livre\/#primaryimage"},"thumbnailUrl":"https:\/\/www.presseinvestigation.com\/wp-content\/uploads\/2025\/02\/IMG-20250129-WA0008.jpg","datePublished":"2025-02-04T16:40:11+00:00","author":{"@id":"https:\/\/www.presseinvestigation.com\/#\/schema\/person\/32d023733a4a9d7c3bd6883619b8f116"},"breadcrumb":{"@id":"https:\/\/www.presseinvestigation.com\/index.php\/2025\/02\/04\/eradication-de-lexcision-une-ex-ministre-sengage-dans-la-lutte-a-travers-un-livre\/#breadcrumb"},"inLanguage":"fr-FR","potentialAction":[{"@type":"ReadAction","target":["https:\/\/www.presseinvestigation.com\/index.php\/2025\/02\/04\/eradication-de-lexcision-une-ex-ministre-sengage-dans-la-lutte-a-travers-un-livre\/"]}]},{"@type":"ImageObject","inLanguage":"fr-FR","@id":"https:\/\/www.presseinvestigation.com\/index.php\/2025\/02\/04\/eradication-de-lexcision-une-ex-ministre-sengage-dans-la-lutte-a-travers-un-livre\/#primaryimage","url":"https:\/\/www.presseinvestigation.com\/wp-content\/uploads\/2025\/02\/IMG-20250129-WA0008.jpg","contentUrl":"https:\/\/www.presseinvestigation.com\/wp-content\/uploads\/2025\/02\/IMG-20250129-WA0008.jpg","width":1280,"height":960},{"@type":"BreadcrumbList","@id":"https:\/\/www.presseinvestigation.com\/index.php\/2025\/02\/04\/eradication-de-lexcision-une-ex-ministre-sengage-dans-la-lutte-a-travers-un-livre\/#breadcrumb","itemListElement":[{"@type":"ListItem","position":1,"name":"Accueil","item":"https:\/\/www.presseinvestigation.com\/"},{"@type":"ListItem","position":2,"name":"\u00c9radication de l\u2019Excision\u00a0: Une ex Ministre s\u2019engage dans la lutte \u00e0 travers un livre\u00a0!"}]},{"@type":"WebSite","@id":"https:\/\/www.presseinvestigation.com\/#website","url":"https:\/\/www.presseinvestigation.com\/","name":"Presseinvestigation","description":"Informer dans l&#039;impartialit\u00e9","potentialAction":[{"@type":"SearchAction","target":{"@type":"EntryPoint","urlTemplate":"https:\/\/www.presseinvestigation.com\/?s={search_term_string}"},"query-input":{"@type":"PropertyValueSpecification","valueRequired":true,"valueName":"search_term_string"}}],"inLanguage":"fr-FR"},{"@type":"Person","@id":"https:\/\/www.presseinvestigation.com\/#\/schema\/person\/32d023733a4a9d7c3bd6883619b8f116","name":"Presseinvestigation.com","image":{"@type":"ImageObject","inLanguage":"fr-FR","@id":"https:\/\/secure.gravatar.com\/avatar\/26f9c9e95424b0bde739ba0af37ee39a9e4a9e809967422c5b8e8573a34fbbe0?s=96&d=mm&r=g","url":"https:\/\/secure.gravatar.com\/avatar\/26f9c9e95424b0bde739ba0af37ee39a9e4a9e809967422c5b8e8573a34fbbe0?s=96&d=mm&r=g","contentUrl":"https:\/\/secure.gravatar.com\/avatar\/26f9c9e95424b0bde739ba0af37ee39a9e4a9e809967422c5b8e8573a34fbbe0?s=96&d=mm&r=g","caption":"Presseinvestigation.com"},"url":"https:\/\/www.presseinvestigation.com\/index.php\/author\/toumany\/"}]}},"_links":{"self":[{"href":"https:\/\/www.presseinvestigation.com\/index.php\/wp-json\/wp\/v2\/posts\/2068","targetHints":{"allow":["GET"]}}],"collection":[{"href":"https:\/\/www.presseinvestigation.com\/index.php\/wp-json\/wp\/v2\/posts"}],"about":[{"href":"https:\/\/www.presseinvestigation.com\/index.php\/wp-json\/wp\/v2\/types\/post"}],"author":[{"embeddable":true,"href":"https:\/\/www.presseinvestigation.com\/index.php\/wp-json\/wp\/v2\/users\/2"}],"replies":[{"embeddable":true,"href":"https:\/\/www.presseinvestigation.com\/index.php\/wp-json\/wp\/v2\/comments?post=2068"}],"version-history":[{"count":1,"href":"https:\/\/www.presseinvestigation.com\/index.php\/wp-json\/wp\/v2\/posts\/2068\/revisions"}],"predecessor-version":[{"id":2069,"href":"https:\/\/www.presseinvestigation.com\/index.php\/wp-json\/wp\/v2\/posts\/2068\/revisions\/2069"}],"wp:featuredmedia":[{"embeddable":true,"href":"https:\/\/www.presseinvestigation.com\/index.php\/wp-json\/wp\/v2\/media\/2065"}],"wp:attachment":[{"href":"https:\/\/www.presseinvestigation.com\/index.php\/wp-json\/wp\/v2\/media?parent=2068"}],"wp:term":[{"taxonomy":"category","embeddable":true,"href":"https:\/\/www.presseinvestigation.com\/index.php\/wp-json\/wp\/v2\/categories?post=2068"},{"taxonomy":"post_tag","embeddable":true,"href":"https:\/\/www.presseinvestigation.com\/index.php\/wp-json\/wp\/v2\/tags?post=2068"}],"curies":[{"name":"wp","href":"https:\/\/api.w.org\/{rel}","templated":true}]}}