{"id":2090,"date":"2025-02-07T11:22:56","date_gmt":"2025-02-07T10:22:56","guid":{"rendered":"https:\/\/www.presseinvestigation.com\/index.php\/2025\/02\/07\/parc-national-du-haut-niger-reintroduction-despeces-protegees\/"},"modified":"2025-02-07T15:57:14","modified_gmt":"2025-02-07T14:57:14","slug":"parc-national-du-haut-niger-reintroduction-despeces-protegees","status":"publish","type":"post","link":"https:\/\/www.presseinvestigation.com\/index.php\/2025\/02\/07\/parc-national-du-haut-niger-reintroduction-despeces-protegees\/","title":{"rendered":"Parc National du Haut Niger\u00a0: R\u00e9introduction d\u2019esp\u00e8ces prot\u00e9g\u00e9es"},"content":{"rendered":"<p><strong>La brigade Nationale de lutte contre la criminalit\u00e9 sur la Faune en collaboration avec le Fonds de l\u2019Environnement et du capital Naturel (FECAN), ont proc\u00e9d\u00e9 \u00e0 la r\u00e9introduction d\u2019esp\u00e8ces partiellement et int\u00e9gralement prot\u00e9g\u00e9es dans le Parc National du Haut Niger(PNHN).L\u2019acte s\u2019est pass\u00e9 le Samedi 1er f\u00e9vrier 2025 et c\u2019est FECAN qui a publi\u00e9 , 5 jours plus tard, l\u2019information sur sa page Facebook.<\/strong><\/p>\n<p><a href=\"https:\/\/www.presseinvestigation.com\/wp-content\/uploads\/2025\/02\/FB_IMG_1738891854590.jpg\"><img decoding=\"async\" class=\"attachment-full size-full\" src=\"https:\/\/www.presseinvestigation.com\/wp-content\/uploads\/2025\/02\/FB_IMG_1738891854590.jpg\" alt=\"\" \/><\/a><\/p>\n<p>Selon le FECAN, cette op\u00e9ration a permis de rel\u00e2cher trois babouins-adultes et deux crocodiles au bord du fleuve Niger, en pleine zone int\u00e9gralement prot\u00e9g\u00e9e du Parc National du Haut Niger(PNHN).<\/p>\n<p>Une source a indiqu\u00e9 \u00e0 un journaliste de presseinvestigatio.com que ces esp\u00e8ces fauniques ont \u00e9t\u00e9 r\u00e9introduites pr\u00e9cis\u00e9ment du c\u00f4t\u00e9 Faranah dudit parc o\u00f9 les animaux pourront y vivre sans risque d\u2019\u00eatre tu\u00e9s. Pour ne pas les relaxer n\u2019importe o\u00f9, cet endroit est plus id\u00e9al, dit-elle.<\/p>\n<p>Expliquant la provenance de Ces animaux, le FECAN fait savoir qu\u2019ils ont \u00e9t\u00e9 confisqu\u00e9s par la brigade anti criminalit\u00e9 sur la faune, lors des patrouilles contre le trafic des esp\u00e8ces sauvages et d\u2019autres ont \u00e9t\u00e9 r\u00e9cup\u00e9r\u00e9s dans les mains des particuliers qui les d\u00e9tenaient ill\u00e9galement.<\/p>\n<p>Un sp\u00e9cialiste de la faune qui travaille avec les structures du Minist\u00e8re de l\u2019Environnement et du D\u00e9veloppement Durable a confirm\u00e9 cette information.<\/p>\n<p>\u00ab <em>Ces animaux r\u00e9introduits dans le parc National du Haut Niger de Faranah \u00e9taient pour la plupart \u00e0 la voli\u00e8re de la Brigade Nationale, un centre de transit. C\u2019est animaux ont \u00e9t\u00e9 en majorit\u00e9, confisqu\u00e9s des mains des personnes dans la zone de Conakry et p\u00e9riph\u00e9riques. Le plus souvent, certaines personnes capturent les animaux sans intention de les commercialiser. Et nous observons souvent cela autour des v\u00e9hicules o\u00f9 quelques singes sont accroch\u00e9s. Donc, ce ne sont pas des trafiquants, mais plut\u00f4t des personnes qui ignorent la loi<\/em> \u00bb a-t-il confi\u00e9.<\/p>\n<p><a href=\"https:\/\/www.presseinvestigation.com\/wp-content\/uploads\/2025\/02\/FB_IMG_1738891863603.jpg\"><img decoding=\"async\" class=\"attachment-full size-full\" src=\"https:\/\/www.presseinvestigation.com\/wp-content\/uploads\/2025\/02\/FB_IMG_1738891863603.jpg\" alt=\"\" \/><\/a><\/p>\n<p>Afin de dissuader les trafiquants d&#8217;animaux sauvages, le FECAN a profit\u00e9 de cette occasion pour rappeler sur sa page du r\u00e9seau social, certaines dispositions de la l\u00e9gislation guin\u00e9enne en mati\u00e8re de lutte contre la criminalit\u00e9 faunique.<\/p>\n<p>Selon l\u2019article 52 du code de protection de la Faune et de la R\u00e8glementation de la chasse, la d\u00e9tention d\u2019animaux sauvages vivants est strictement interdite sur l\u2019ensemble du territoire national<\/p>\n<p>De plus, selon l\u2019article 166 de la loi, toute personne d\u00e9tenant ill\u00e9galement des animaux sauvages risque une peine de 6 mois \u00e0 2 ans de prison et une amende de 5.000.000 \u00e0 50.000.000 GNF. Lorsque les Animaux concern\u00e9s sont int\u00e9gralement prot\u00e9g\u00e9s, la peine d\u2019emprisonnement devient obligatoire.<\/p>\n<p><a href=\"https:\/\/www.presseinvestigation.com\/wp-content\/uploads\/2025\/02\/FB_IMG_1738891871005.jpg\"><img decoding=\"async\" class=\"attachment-full size-full\" src=\"https:\/\/www.presseinvestigation.com\/wp-content\/uploads\/2025\/02\/FB_IMG_1738891871005.jpg\" alt=\"\" \/><\/a><\/p>\n<p>A not\u00e9 que le parc National du Haut Niger est inclus dans le r\u00e9seau mondial des r\u00e9serves de biosph\u00e8re de l\u2019UNESCO .Il est l\u2019un des plus importantes r\u00e9serves en Guin\u00e9e. Il touche cinq pr\u00e9fectures : Faranah, Dabola, Kouroussa, Kankan et kissidougou et le fleuve Niger qui y traverse couvre plusieurs pays de l\u2019Afrique de l\u2019ouest.<\/p>\n<p><strong>Toumany CAMARA<\/strong><\/p>\n<p><strong> Pour Presseinvestigation.com<\/strong><\/p>\n","protected":false},"excerpt":{"rendered":"<p>La brigade Nationale de lutte contre la criminalit\u00e9 sur la Faune en collaboration avec le Fonds de l\u2019Environnement et du capital Naturel (FECAN), ont proc\u00e9d\u00e9 \u00e0 la r\u00e9introduction d\u2019esp\u00e8ces partiellement et int\u00e9gralement prot\u00e9g\u00e9es dans le Parc National du Haut Niger(PNHN).L\u2019acte s\u2019est pass\u00e9 le Samedi 1er f\u00e9vrier 2025 et c\u2019est FECAN qui a publi\u00e9 , 5 [&hellip;]<\/p>\n","protected":false},"author":2,"featured_media":2089,"comment_status":"open","ping_status":"open","sticky":false,"template":"","format":"standard","meta":{"jnews-multi-image_gallery":[],"jnews_single_post":{"source_name":"","source_url":"","via_name":"","via_url":"","override_template":"0","override":[{"template":"1","single_blog_custom":"","parallax":"1","fullscreen":"1","layout":"right-sidebar","sidebar":"default-sidebar","second_sidebar":"default-sidebar","sticky_sidebar":"1","share_position":"bottom","share_float_style":"share-monocrhome","show_share_counter":"1","show_view_counter":"1","show_featured":"1","show_post_meta":"1","show_post_author":"1","show_post_author_image":"1","show_post_date":"1","post_date_format":"default","post_date_format_custom":"Y\/m\/d","show_post_category":"1","show_post_reading_time":"0","post_reading_time_wpm":"300","show_zoom_button":"0","zoom_button_out_step":"2","zoom_button_in_step":"3","show_post_tag":"1","show_prev_next_post":"1","show_popup_post":"1","number_popup_post":"1","show_author_box":"0","show_post_related":"0","show_inline_post_related":"0"}],"override_image_size":"0","image_override":[{"single_post_thumbnail_size":"crop-500","single_post_gallery_size":"crop-500"}],"trending_post":"0","trending_post_position":"meta","trending_post_label":"Trending","sponsored_post":"0","sponsored_post_label":"Sponsored by","sponsored_post_name":"","sponsored_post_url":"","sponsored_post_logo_enable":"0","sponsored_post_logo":"","sponsored_post_desc":"","disable_ad":"0"},"jnews_primary_category":{"id":"","hide":""},"footnotes":""},"categories":[87],"tags":[],"class_list":["post-2090","post","type-post","status-publish","format-standard","has-post-thumbnail","hentry","category-pole-actualite-evironnement"],"yoast_head":"<!-- This site is optimized with the Yoast SEO plugin v27.3 - https:\/\/yoast.com\/product\/yoast-seo-wordpress\/ -->\n<title>Parc National du Haut Niger\u00a0: R\u00e9introduction d\u2019esp\u00e8ces prot\u00e9g\u00e9es - Presseinvestigation<\/title>\n<meta name=\"robots\" content=\"index, follow, max-snippet:-1, max-image-preview:large, max-video-preview:-1\" \/>\n<link rel=\"canonical\" href=\"https:\/\/www.presseinvestigation.com\/index.php\/2025\/02\/07\/parc-national-du-haut-niger-reintroduction-despeces-protegees\/\" \/>\n<meta property=\"og:locale\" content=\"fr_FR\" \/>\n<meta property=\"og:type\" content=\"article\" \/>\n<meta property=\"og:title\" content=\"Parc National du Haut Niger\u00a0: R\u00e9introduction d\u2019esp\u00e8ces prot\u00e9g\u00e9es - Presseinvestigation\" \/>\n<meta property=\"og:description\" content=\"La brigade Nationale de lutte contre la criminalit\u00e9 sur la Faune en collaboration avec le Fonds de l\u2019Environnement et du capital Naturel (FECAN), ont proc\u00e9d\u00e9 \u00e0 la r\u00e9introduction d\u2019esp\u00e8ces partiellement et int\u00e9gralement prot\u00e9g\u00e9es dans le Parc National du Haut Niger(PNHN).L\u2019acte s\u2019est pass\u00e9 le Samedi 1er f\u00e9vrier 2025 et c\u2019est FECAN qui a publi\u00e9 , 5 [&hellip;]\" \/>\n<meta property=\"og:url\" content=\"https:\/\/www.presseinvestigation.com\/index.php\/2025\/02\/07\/parc-national-du-haut-niger-reintroduction-despeces-protegees\/\" \/>\n<meta property=\"og:site_name\" content=\"Presseinvestigation\" \/>\n<meta property=\"article:published_time\" content=\"2025-02-07T10:22:56+00:00\" \/>\n<meta property=\"article:modified_time\" content=\"2025-02-07T14:57:14+00:00\" \/>\n<meta property=\"og:image\" content=\"https:\/\/www.presseinvestigation.com\/wp-content\/uploads\/2025\/02\/FB_IMG_1738891886939.jpg\" \/>\n\t<meta property=\"og:image:width\" content=\"1080\" \/>\n\t<meta property=\"og:image:height\" content=\"492\" \/>\n\t<meta property=\"og:image:type\" content=\"image\/jpeg\" \/>\n<meta name=\"author\" content=\"Presseinvestigation.com\" \/>\n<meta name=\"twitter:card\" content=\"summary_large_image\" \/>\n<meta name=\"twitter:label1\" content=\"\u00c9crit par\" \/>\n\t<meta name=\"twitter:data1\" content=\"Presseinvestigation.com\" \/>\n\t<meta name=\"twitter:label2\" content=\"Dur\u00e9e de lecture estim\u00e9e\" \/>\n\t<meta name=\"twitter:data2\" content=\"3 minutes\" \/>\n<script type=\"application\/ld+json\" class=\"yoast-schema-graph\">{\"@context\":\"https:\\\/\\\/schema.org\",\"@graph\":[{\"@type\":\"Article\",\"@id\":\"https:\\\/\\\/www.presseinvestigation.com\\\/index.php\\\/2025\\\/02\\\/07\\\/parc-national-du-haut-niger-reintroduction-despeces-protegees\\\/#article\",\"isPartOf\":{\"@id\":\"https:\\\/\\\/www.presseinvestigation.com\\\/index.php\\\/2025\\\/02\\\/07\\\/parc-national-du-haut-niger-reintroduction-despeces-protegees\\\/\"},\"author\":{\"name\":\"Presseinvestigation.com\",\"@id\":\"https:\\\/\\\/www.presseinvestigation.com\\\/#\\\/schema\\\/person\\\/32d023733a4a9d7c3bd6883619b8f116\"},\"headline\":\"Parc National du Haut Niger\u00a0: R\u00e9introduction d\u2019esp\u00e8ces prot\u00e9g\u00e9es\",\"datePublished\":\"2025-02-07T10:22:56+00:00\",\"dateModified\":\"2025-02-07T14:57:14+00:00\",\"mainEntityOfPage\":{\"@id\":\"https:\\\/\\\/www.presseinvestigation.com\\\/index.php\\\/2025\\\/02\\\/07\\\/parc-national-du-haut-niger-reintroduction-despeces-protegees\\\/\"},\"wordCount\":544,\"commentCount\":0,\"image\":{\"@id\":\"https:\\\/\\\/www.presseinvestigation.com\\\/index.php\\\/2025\\\/02\\\/07\\\/parc-national-du-haut-niger-reintroduction-despeces-protegees\\\/#primaryimage\"},\"thumbnailUrl\":\"https:\\\/\\\/www.presseinvestigation.com\\\/wp-content\\\/uploads\\\/2025\\\/02\\\/FB_IMG_1738891886939.jpg\",\"articleSection\":[\"P\u00f4le Actualit\u00e9-Evironnement\"],\"inLanguage\":\"fr-FR\",\"potentialAction\":[{\"@type\":\"CommentAction\",\"name\":\"Comment\",\"target\":[\"https:\\\/\\\/www.presseinvestigation.com\\\/index.php\\\/2025\\\/02\\\/07\\\/parc-national-du-haut-niger-reintroduction-despeces-protegees\\\/#respond\"]}]},{\"@type\":\"WebPage\",\"@id\":\"https:\\\/\\\/www.presseinvestigation.com\\\/index.php\\\/2025\\\/02\\\/07\\\/parc-national-du-haut-niger-reintroduction-despeces-protegees\\\/\",\"url\":\"https:\\\/\\\/www.presseinvestigation.com\\\/index.php\\\/2025\\\/02\\\/07\\\/parc-national-du-haut-niger-reintroduction-despeces-protegees\\\/\",\"name\":\"Parc National du Haut Niger\u00a0: R\u00e9introduction d\u2019esp\u00e8ces prot\u00e9g\u00e9es - Presseinvestigation\",\"isPartOf\":{\"@id\":\"https:\\\/\\\/www.presseinvestigation.com\\\/#website\"},\"primaryImageOfPage\":{\"@id\":\"https:\\\/\\\/www.presseinvestigation.com\\\/index.php\\\/2025\\\/02\\\/07\\\/parc-national-du-haut-niger-reintroduction-despeces-protegees\\\/#primaryimage\"},\"image\":{\"@id\":\"https:\\\/\\\/www.presseinvestigation.com\\\/index.php\\\/2025\\\/02\\\/07\\\/parc-national-du-haut-niger-reintroduction-despeces-protegees\\\/#primaryimage\"},\"thumbnailUrl\":\"https:\\\/\\\/www.presseinvestigation.com\\\/wp-content\\\/uploads\\\/2025\\\/02\\\/FB_IMG_1738891886939.jpg\",\"datePublished\":\"2025-02-07T10:22:56+00:00\",\"dateModified\":\"2025-02-07T14:57:14+00:00\",\"author\":{\"@id\":\"https:\\\/\\\/www.presseinvestigation.com\\\/#\\\/schema\\\/person\\\/32d023733a4a9d7c3bd6883619b8f116\"},\"breadcrumb\":{\"@id\":\"https:\\\/\\\/www.presseinvestigation.com\\\/index.php\\\/2025\\\/02\\\/07\\\/parc-national-du-haut-niger-reintroduction-despeces-protegees\\\/#breadcrumb\"},\"inLanguage\":\"fr-FR\",\"potentialAction\":[{\"@type\":\"ReadAction\",\"target\":[\"https:\\\/\\\/www.presseinvestigation.com\\\/index.php\\\/2025\\\/02\\\/07\\\/parc-national-du-haut-niger-reintroduction-despeces-protegees\\\/\"]}]},{\"@type\":\"ImageObject\",\"inLanguage\":\"fr-FR\",\"@id\":\"https:\\\/\\\/www.presseinvestigation.com\\\/index.php\\\/2025\\\/02\\\/07\\\/parc-national-du-haut-niger-reintroduction-despeces-protegees\\\/#primaryimage\",\"url\":\"https:\\\/\\\/www.presseinvestigation.com\\\/wp-content\\\/uploads\\\/2025\\\/02\\\/FB_IMG_1738891886939.jpg\",\"contentUrl\":\"https:\\\/\\\/www.presseinvestigation.com\\\/wp-content\\\/uploads\\\/2025\\\/02\\\/FB_IMG_1738891886939.jpg\",\"width\":1080,\"height\":492},{\"@type\":\"BreadcrumbList\",\"@id\":\"https:\\\/\\\/www.presseinvestigation.com\\\/index.php\\\/2025\\\/02\\\/07\\\/parc-national-du-haut-niger-reintroduction-despeces-protegees\\\/#breadcrumb\",\"itemListElement\":[{\"@type\":\"ListItem\",\"position\":1,\"name\":\"Accueil\",\"item\":\"https:\\\/\\\/www.presseinvestigation.com\\\/\"},{\"@type\":\"ListItem\",\"position\":2,\"name\":\"Parc National du Haut Niger\u00a0: R\u00e9introduction d\u2019esp\u00e8ces prot\u00e9g\u00e9es\"}]},{\"@type\":\"WebSite\",\"@id\":\"https:\\\/\\\/www.presseinvestigation.com\\\/#website\",\"url\":\"https:\\\/\\\/www.presseinvestigation.com\\\/\",\"name\":\"Presseinvestigation\",\"description\":\"Informer dans l&#039;impartialit\u00e9\",\"potentialAction\":[{\"@type\":\"SearchAction\",\"target\":{\"@type\":\"EntryPoint\",\"urlTemplate\":\"https:\\\/\\\/www.presseinvestigation.com\\\/?s={search_term_string}\"},\"query-input\":{\"@type\":\"PropertyValueSpecification\",\"valueRequired\":true,\"valueName\":\"search_term_string\"}}],\"inLanguage\":\"fr-FR\"},{\"@type\":\"Person\",\"@id\":\"https:\\\/\\\/www.presseinvestigation.com\\\/#\\\/schema\\\/person\\\/32d023733a4a9d7c3bd6883619b8f116\",\"name\":\"Presseinvestigation.com\",\"image\":{\"@type\":\"ImageObject\",\"inLanguage\":\"fr-FR\",\"@id\":\"https:\\\/\\\/secure.gravatar.com\\\/avatar\\\/26f9c9e95424b0bde739ba0af37ee39a9e4a9e809967422c5b8e8573a34fbbe0?s=96&d=mm&r=g\",\"url\":\"https:\\\/\\\/secure.gravatar.com\\\/avatar\\\/26f9c9e95424b0bde739ba0af37ee39a9e4a9e809967422c5b8e8573a34fbbe0?s=96&d=mm&r=g\",\"contentUrl\":\"https:\\\/\\\/secure.gravatar.com\\\/avatar\\\/26f9c9e95424b0bde739ba0af37ee39a9e4a9e809967422c5b8e8573a34fbbe0?s=96&d=mm&r=g\",\"caption\":\"Presseinvestigation.com\"},\"url\":\"https:\\\/\\\/www.presseinvestigation.com\\\/index.php\\\/author\\\/toumany\\\/\"}]}<\/script>\n<!-- \/ Yoast SEO plugin. -->","yoast_head_json":{"title":"Parc National du Haut Niger\u00a0: R\u00e9introduction d\u2019esp\u00e8ces prot\u00e9g\u00e9es - Presseinvestigation","robots":{"index":"index","follow":"follow","max-snippet":"max-snippet:-1","max-image-preview":"max-image-preview:large","max-video-preview":"max-video-preview:-1"},"canonical":"https:\/\/www.presseinvestigation.com\/index.php\/2025\/02\/07\/parc-national-du-haut-niger-reintroduction-despeces-protegees\/","og_locale":"fr_FR","og_type":"article","og_title":"Parc National du Haut Niger\u00a0: R\u00e9introduction d\u2019esp\u00e8ces prot\u00e9g\u00e9es - Presseinvestigation","og_description":"La brigade Nationale de lutte contre la criminalit\u00e9 sur la Faune en collaboration avec le Fonds de l\u2019Environnement et du capital Naturel (FECAN), ont proc\u00e9d\u00e9 \u00e0 la r\u00e9introduction d\u2019esp\u00e8ces partiellement et int\u00e9gralement prot\u00e9g\u00e9es dans le Parc National du Haut Niger(PNHN).L\u2019acte s\u2019est pass\u00e9 le Samedi 1er f\u00e9vrier 2025 et c\u2019est FECAN qui a publi\u00e9 , 5 [&hellip;]","og_url":"https:\/\/www.presseinvestigation.com\/index.php\/2025\/02\/07\/parc-national-du-haut-niger-reintroduction-despeces-protegees\/","og_site_name":"Presseinvestigation","article_published_time":"2025-02-07T10:22:56+00:00","article_modified_time":"2025-02-07T14:57:14+00:00","og_image":[{"width":1080,"height":492,"url":"https:\/\/www.presseinvestigation.com\/wp-content\/uploads\/2025\/02\/FB_IMG_1738891886939.jpg","type":"image\/jpeg"}],"author":"Presseinvestigation.com","twitter_card":"summary_large_image","twitter_misc":{"\u00c9crit par":"Presseinvestigation.com","Dur\u00e9e de lecture estim\u00e9e":"3 minutes"},"schema":{"@context":"https:\/\/schema.org","@graph":[{"@type":"Article","@id":"https:\/\/www.presseinvestigation.com\/index.php\/2025\/02\/07\/parc-national-du-haut-niger-reintroduction-despeces-protegees\/#article","isPartOf":{"@id":"https:\/\/www.presseinvestigation.com\/index.php\/2025\/02\/07\/parc-national-du-haut-niger-reintroduction-despeces-protegees\/"},"author":{"name":"Presseinvestigation.com","@id":"https:\/\/www.presseinvestigation.com\/#\/schema\/person\/32d023733a4a9d7c3bd6883619b8f116"},"headline":"Parc National du Haut Niger\u00a0: R\u00e9introduction d\u2019esp\u00e8ces prot\u00e9g\u00e9es","datePublished":"2025-02-07T10:22:56+00:00","dateModified":"2025-02-07T14:57:14+00:00","mainEntityOfPage":{"@id":"https:\/\/www.presseinvestigation.com\/index.php\/2025\/02\/07\/parc-national-du-haut-niger-reintroduction-despeces-protegees\/"},"wordCount":544,"commentCount":0,"image":{"@id":"https:\/\/www.presseinvestigation.com\/index.php\/2025\/02\/07\/parc-national-du-haut-niger-reintroduction-despeces-protegees\/#primaryimage"},"thumbnailUrl":"https:\/\/www.presseinvestigation.com\/wp-content\/uploads\/2025\/02\/FB_IMG_1738891886939.jpg","articleSection":["P\u00f4le Actualit\u00e9-Evironnement"],"inLanguage":"fr-FR","potentialAction":[{"@type":"CommentAction","name":"Comment","target":["https:\/\/www.presseinvestigation.com\/index.php\/2025\/02\/07\/parc-national-du-haut-niger-reintroduction-despeces-protegees\/#respond"]}]},{"@type":"WebPage","@id":"https:\/\/www.presseinvestigation.com\/index.php\/2025\/02\/07\/parc-national-du-haut-niger-reintroduction-despeces-protegees\/","url":"https:\/\/www.presseinvestigation.com\/index.php\/2025\/02\/07\/parc-national-du-haut-niger-reintroduction-despeces-protegees\/","name":"Parc National du Haut Niger\u00a0: R\u00e9introduction d\u2019esp\u00e8ces prot\u00e9g\u00e9es - Presseinvestigation","isPartOf":{"@id":"https:\/\/www.presseinvestigation.com\/#website"},"primaryImageOfPage":{"@id":"https:\/\/www.presseinvestigation.com\/index.php\/2025\/02\/07\/parc-national-du-haut-niger-reintroduction-despeces-protegees\/#primaryimage"},"image":{"@id":"https:\/\/www.presseinvestigation.com\/index.php\/2025\/02\/07\/parc-national-du-haut-niger-reintroduction-despeces-protegees\/#primaryimage"},"thumbnailUrl":"https:\/\/www.presseinvestigation.com\/wp-content\/uploads\/2025\/02\/FB_IMG_1738891886939.jpg","datePublished":"2025-02-07T10:22:56+00:00","dateModified":"2025-02-07T14:57:14+00:00","author":{"@id":"https:\/\/www.presseinvestigation.com\/#\/schema\/person\/32d023733a4a9d7c3bd6883619b8f116"},"breadcrumb":{"@id":"https:\/\/www.presseinvestigation.com\/index.php\/2025\/02\/07\/parc-national-du-haut-niger-reintroduction-despeces-protegees\/#breadcrumb"},"inLanguage":"fr-FR","potentialAction":[{"@type":"ReadAction","target":["https:\/\/www.presseinvestigation.com\/index.php\/2025\/02\/07\/parc-national-du-haut-niger-reintroduction-despeces-protegees\/"]}]},{"@type":"ImageObject","inLanguage":"fr-FR","@id":"https:\/\/www.presseinvestigation.com\/index.php\/2025\/02\/07\/parc-national-du-haut-niger-reintroduction-despeces-protegees\/#primaryimage","url":"https:\/\/www.presseinvestigation.com\/wp-content\/uploads\/2025\/02\/FB_IMG_1738891886939.jpg","contentUrl":"https:\/\/www.presseinvestigation.com\/wp-content\/uploads\/2025\/02\/FB_IMG_1738891886939.jpg","width":1080,"height":492},{"@type":"BreadcrumbList","@id":"https:\/\/www.presseinvestigation.com\/index.php\/2025\/02\/07\/parc-national-du-haut-niger-reintroduction-despeces-protegees\/#breadcrumb","itemListElement":[{"@type":"ListItem","position":1,"name":"Accueil","item":"https:\/\/www.presseinvestigation.com\/"},{"@type":"ListItem","position":2,"name":"Parc National du Haut Niger\u00a0: R\u00e9introduction d\u2019esp\u00e8ces prot\u00e9g\u00e9es"}]},{"@type":"WebSite","@id":"https:\/\/www.presseinvestigation.com\/#website","url":"https:\/\/www.presseinvestigation.com\/","name":"Presseinvestigation","description":"Informer dans l&#039;impartialit\u00e9","potentialAction":[{"@type":"SearchAction","target":{"@type":"EntryPoint","urlTemplate":"https:\/\/www.presseinvestigation.com\/?s={search_term_string}"},"query-input":{"@type":"PropertyValueSpecification","valueRequired":true,"valueName":"search_term_string"}}],"inLanguage":"fr-FR"},{"@type":"Person","@id":"https:\/\/www.presseinvestigation.com\/#\/schema\/person\/32d023733a4a9d7c3bd6883619b8f116","name":"Presseinvestigation.com","image":{"@type":"ImageObject","inLanguage":"fr-FR","@id":"https:\/\/secure.gravatar.com\/avatar\/26f9c9e95424b0bde739ba0af37ee39a9e4a9e809967422c5b8e8573a34fbbe0?s=96&d=mm&r=g","url":"https:\/\/secure.gravatar.com\/avatar\/26f9c9e95424b0bde739ba0af37ee39a9e4a9e809967422c5b8e8573a34fbbe0?s=96&d=mm&r=g","contentUrl":"https:\/\/secure.gravatar.com\/avatar\/26f9c9e95424b0bde739ba0af37ee39a9e4a9e809967422c5b8e8573a34fbbe0?s=96&d=mm&r=g","caption":"Presseinvestigation.com"},"url":"https:\/\/www.presseinvestigation.com\/index.php\/author\/toumany\/"}]}},"_links":{"self":[{"href":"https:\/\/www.presseinvestigation.com\/index.php\/wp-json\/wp\/v2\/posts\/2090","targetHints":{"allow":["GET"]}}],"collection":[{"href":"https:\/\/www.presseinvestigation.com\/index.php\/wp-json\/wp\/v2\/posts"}],"about":[{"href":"https:\/\/www.presseinvestigation.com\/index.php\/wp-json\/wp\/v2\/types\/post"}],"author":[{"embeddable":true,"href":"https:\/\/www.presseinvestigation.com\/index.php\/wp-json\/wp\/v2\/users\/2"}],"replies":[{"embeddable":true,"href":"https:\/\/www.presseinvestigation.com\/index.php\/wp-json\/wp\/v2\/comments?post=2090"}],"version-history":[{"count":2,"href":"https:\/\/www.presseinvestigation.com\/index.php\/wp-json\/wp\/v2\/posts\/2090\/revisions"}],"predecessor-version":[{"id":2092,"href":"https:\/\/www.presseinvestigation.com\/index.php\/wp-json\/wp\/v2\/posts\/2090\/revisions\/2092"}],"wp:featuredmedia":[{"embeddable":true,"href":"https:\/\/www.presseinvestigation.com\/index.php\/wp-json\/wp\/v2\/media\/2089"}],"wp:attachment":[{"href":"https:\/\/www.presseinvestigation.com\/index.php\/wp-json\/wp\/v2\/media?parent=2090"}],"wp:term":[{"taxonomy":"category","embeddable":true,"href":"https:\/\/www.presseinvestigation.com\/index.php\/wp-json\/wp\/v2\/categories?post=2090"},{"taxonomy":"post_tag","embeddable":true,"href":"https:\/\/www.presseinvestigation.com\/index.php\/wp-json\/wp\/v2\/tags?post=2090"}],"curies":[{"name":"wp","href":"https:\/\/api.w.org\/{rel}","templated":true}]}}