{"id":2114,"date":"2025-02-21T11:27:40","date_gmt":"2025-02-21T10:27:40","guid":{"rendered":"https:\/\/www.presseinvestigation.com\/index.php\/2025\/02\/21\/role-de-lanaim-dans-le-projet-simandou-ibrahima-diallo-repond-aux-questions-au-forum-demergence-magazine\/"},"modified":"2025-02-21T11:27:40","modified_gmt":"2025-02-21T10:27:40","slug":"role-de-lanaim-dans-le-projet-simandou-ibrahima-diallo-repond-aux-questions-au-forum-demergence-magazine","status":"publish","type":"post","link":"https:\/\/www.presseinvestigation.com\/index.php\/2025\/02\/21\/role-de-lanaim-dans-le-projet-simandou-ibrahima-diallo-repond-aux-questions-au-forum-demergence-magazine\/","title":{"rendered":"R\u00f4le de l\u2019ANAIM dans le projet Simandou\u00a0: Ibrahima DIALLO r\u00e9pond aux questions au forum d\u2019\u00e9mergence Magazine"},"content":{"rendered":"<p><strong>La 3\u00e8me \u00e9dition du Forum \u00e9mergence Magazine s\u2019est ouverte ce jeudi 20 f\u00e9vrier 2025 dans un h\u00f4tel \u00e0 Conakry, sous le th\u00e8me Simandou 2040.Les organisateurs ont pr\u00e9vu dans les panels une intervention sur le r\u00f4le de l\u2019Agence Nationale d\u2019Am\u00e9nagement des Infrastructures Mini\u00e8res(ANAIM).Le Directeur des Affaires Juridiques de cette Soci\u00e9t\u00e9 d\u2019Etat, Dr Ibrahima DIALLO a repr\u00e9sent\u00e9 son Directeur G\u00e9n\u00e9ral dans cet \u00e9v\u00e9nement. Il a r\u00e9pondu aux questions qui lui ont \u00e9t\u00e9 pos\u00e9es.<\/strong><\/p>\n<p><a href=\"https:\/\/www.presseinvestigation.com\/wp-content\/uploads\/2025\/02\/Screenshot_20250221_100750_Photos.jpg\"><img decoding=\"async\" class=\"attachment-full size-full\" src=\"https:\/\/www.presseinvestigation.com\/wp-content\/uploads\/2025\/02\/Screenshot_20250221_100750_Photos.jpg\" alt=\"\" \/><\/a><\/p>\n<p>\u00ab\u00a0<em>Je voudrai vous informer pour des raisons d\u2019indisponibilit\u00e9, mon Directeur G\u00e9n\u00e9ral m\u2019a demand\u00e9 de le repr\u00e9sent\u00e9 ici, pour prendre la parole en son Nom et au Nom de l\u2019ensemble de la Direction G\u00e9n\u00e9rale de l\u2019ANAIM. Et permettez-moi tout d\u2019abord de remercier les initiateurs. Parce que c\u2019est une bonne initiative qui permet au moins d\u2019\u00e9changer au tour du D\u00e9veloppement du secteur minier ou du D\u00e9veloppement de la R\u00e9publique de Guin\u00e9e\u00a0\u00bb<\/em> a exprim\u00e9 Ibrahima DIALLO d\u2019entr\u00e9e de son discours de circonstance.<\/p>\n<p><a href=\"https:\/\/www.presseinvestigation.com\/wp-content\/uploads\/2025\/02\/20250220_112648-scaled.jpg\"><img decoding=\"async\" class=\"attachment-full size-full\" src=\"https:\/\/www.presseinvestigation.com\/wp-content\/uploads\/2025\/02\/20250220_112648-scaled.jpg\" alt=\"\" \/><\/a><\/p>\n<p>Interrog\u00e9 sur l\u2019implication de la Guin\u00e9e dans le co-developpement \u00e0 travers la Compagnie du Transguin\u00e9en (CTG) qui g\u00e8re les infrastructures du projet Simandou, le Directeur des Affaires Juridiques de l\u2019ANAIM est revenu sur les acquis dans ce domaine.<\/p>\n<p>\u00ab\u00a0<em>Il y a eu des progr\u00e8s immenses qui ont \u00e9t\u00e9 r\u00e9alis\u00e9s dans le cadre du projet Simandou mine. Avant, les 15% de participation non contributive de l\u2019Etat se situait au niveau de la Mine. Mais dor\u00e9navant avec le projet Simandou, il y a 15% sur le chemin de fer, c\u2019est-\u00e0-dire sur les infrastructures, qui n\u2019ont rien n\u2019avoir avec les 15% au niveau des concessions mini\u00e8res au niveau des Mines. Cela est extr\u00eamement important. C\u2019est le lieu de le dire Ensuite, en ce qui concerne l\u2019ANAIM, c\u2019est l\u2019organe comme vous le savez tous, qui est charge de la gestion de toute infrastructure d\u00e9di\u00e9e \u00e0 l\u2019\u00e9vacuation des minerais. Pour l\u2019instant, dans le cadre du projet Simandou c\u2019est la Compagnie du Transguin\u00e9en (CTG) qui s\u2019occupe de ce projet. Mais l\u2019ANAIM est bien repr\u00e9sent\u00e9e par son Directeur G\u00e9n\u00e9ral au Comit\u00e9 technique. Donc, c\u2019est extr\u00eamement important que l\u2019ANAIM soit impliqu\u00e9e en amont pour au moins apr\u00e8s l\u2019amortissement que la R\u00e9publique de Guin\u00e9e \u00e0 Travers l\u2019ANAIM puisse s\u2019approprier de l\u2019outil\u00a0<\/em>\u00bb explique-t-il.<\/p>\n<p><a href=\"https:\/\/www.presseinvestigation.com\/wp-content\/uploads\/2025\/02\/20250220_132802-scaled.jpg\"><img decoding=\"async\" class=\"attachment-full size-full\" src=\"https:\/\/www.presseinvestigation.com\/wp-content\/uploads\/2025\/02\/20250220_132802-scaled.jpg\" alt=\"\" \/><\/a><\/p>\n<p>L\u2019ANAIM \u00e9tant, en vertu du d\u00e9cret du chef de l\u2019Etat, une Autorit\u00e9 de gestion de toutes les Infrastructures Mini\u00e8res en R\u00e9publique de Guin\u00e9e comment compte-elle exercer cette pr\u00e9rogative dans le projet Simandou\u00a0? Dr DIALLO r\u00e9pond en ces termes\u00a0:<\/p>\n<p>\u00ab\u00a0<em>Je voudrai juste attir\u00e9 votre attention sur le fait que l\u2019ANAIM est sous l\u2019autorit\u00e9 de la Pr\u00e9sidence de la R\u00e9publique et c\u2019est le Ministre Directeur de Cabinet du chef de l\u2019Etat qui est le pr\u00e9sident du Comit\u00e9 strat\u00e9gique du Projet Simandou. Aussi, le Directeur G\u00e9n\u00e9ral de l\u2019ANAIM est Membre du comit\u00e9 technique. Pour vous tout simplement que l\u2019ANAIM suit le projet de pr\u00e8s. Le moment venu, forc\u00e9ment, en vertu du d\u00e9cret portant statuts de l\u2019ANAIM, elle aura son r\u00f4le \u00e0 jouer pour assurer le suivi et le droit de contr\u00f4ler l\u2019utilisation desdites infrastructures\u00a0<\/em>\u00bb<\/p>\n<p><strong>Toumany CAMARA<\/strong><\/p>\n<p><strong> Pour Presseinvestigation.com<\/strong><\/p>\n","protected":false},"excerpt":{"rendered":"<p>La 3\u00e8me \u00e9dition du Forum \u00e9mergence Magazine s\u2019est ouverte ce jeudi 20 f\u00e9vrier 2025 dans un h\u00f4tel \u00e0 Conakry, sous le th\u00e8me Simandou 2040.Les organisateurs ont pr\u00e9vu dans les panels une intervention sur le r\u00f4le de l\u2019Agence Nationale d\u2019Am\u00e9nagement des Infrastructures Mini\u00e8res(ANAIM).Le Directeur des Affaires Juridiques de cette Soci\u00e9t\u00e9 d\u2019Etat, Dr Ibrahima DIALLO a repr\u00e9sent\u00e9 [&hellip;]<\/p>\n","protected":false},"author":1,"featured_media":2113,"comment_status":"open","ping_status":"open","sticky":false,"template":"","format":"standard","meta":{"jnews-multi-image_gallery":[],"jnews_single_post":[],"jnews_primary_category":[],"footnotes":""},"categories":[105],"tags":[],"class_list":["post-2114","post","type-post","status-publish","format-standard","has-post-thumbnail","hentry","category-pole-actualite-mines"],"yoast_head":"<!-- This site is optimized with the Yoast SEO plugin v27.3 - https:\/\/yoast.com\/product\/yoast-seo-wordpress\/ -->\n<title>R\u00f4le de l\u2019ANAIM dans le projet Simandou\u00a0: Ibrahima DIALLO r\u00e9pond aux questions au forum d\u2019\u00e9mergence Magazine - Presseinvestigation<\/title>\n<meta name=\"robots\" content=\"index, follow, max-snippet:-1, max-image-preview:large, max-video-preview:-1\" \/>\n<link rel=\"canonical\" href=\"https:\/\/www.presseinvestigation.com\/index.php\/2025\/02\/21\/role-de-lanaim-dans-le-projet-simandou-ibrahima-diallo-repond-aux-questions-au-forum-demergence-magazine\/\" \/>\n<meta property=\"og:locale\" content=\"fr_FR\" \/>\n<meta property=\"og:type\" content=\"article\" \/>\n<meta property=\"og:title\" content=\"R\u00f4le de l\u2019ANAIM dans le projet Simandou\u00a0: Ibrahima DIALLO r\u00e9pond aux questions au forum d\u2019\u00e9mergence Magazine - Presseinvestigation\" \/>\n<meta property=\"og:description\" content=\"La 3\u00e8me \u00e9dition du Forum \u00e9mergence Magazine s\u2019est ouverte ce jeudi 20 f\u00e9vrier 2025 dans un h\u00f4tel \u00e0 Conakry, sous le th\u00e8me Simandou 2040.Les organisateurs ont pr\u00e9vu dans les panels une intervention sur le r\u00f4le de l\u2019Agence Nationale d\u2019Am\u00e9nagement des Infrastructures Mini\u00e8res(ANAIM).Le Directeur des Affaires Juridiques de cette Soci\u00e9t\u00e9 d\u2019Etat, Dr Ibrahima DIALLO a repr\u00e9sent\u00e9 [&hellip;]\" \/>\n<meta property=\"og:url\" content=\"https:\/\/www.presseinvestigation.com\/index.php\/2025\/02\/21\/role-de-lanaim-dans-le-projet-simandou-ibrahima-diallo-repond-aux-questions-au-forum-demergence-magazine\/\" \/>\n<meta property=\"og:site_name\" content=\"Presseinvestigation\" \/>\n<meta property=\"article:published_time\" content=\"2025-02-21T10:27:40+00:00\" \/>\n<meta property=\"og:image\" content=\"https:\/\/www.presseinvestigation.com\/wp-content\/uploads\/2025\/02\/IMG-20250221-WA0002.jpg\" \/>\n\t<meta property=\"og:image:width\" content=\"613\" \/>\n\t<meta property=\"og:image:height\" content=\"552\" \/>\n\t<meta property=\"og:image:type\" content=\"image\/jpeg\" \/>\n<meta name=\"author\" content=\"Presseinvestigation.com\" \/>\n<meta name=\"twitter:card\" content=\"summary_large_image\" \/>\n<meta name=\"twitter:label1\" content=\"\u00c9crit par\" \/>\n\t<meta name=\"twitter:data1\" content=\"Presseinvestigation.com\" \/>\n\t<meta name=\"twitter:label2\" content=\"Dur\u00e9e de lecture estim\u00e9e\" \/>\n\t<meta name=\"twitter:data2\" content=\"3 minutes\" \/>\n<script type=\"application\/ld+json\" class=\"yoast-schema-graph\">{\"@context\":\"https:\\\/\\\/schema.org\",\"@graph\":[{\"@type\":\"Article\",\"@id\":\"https:\\\/\\\/www.presseinvestigation.com\\\/index.php\\\/2025\\\/02\\\/21\\\/role-de-lanaim-dans-le-projet-simandou-ibrahima-diallo-repond-aux-questions-au-forum-demergence-magazine\\\/#article\",\"isPartOf\":{\"@id\":\"https:\\\/\\\/www.presseinvestigation.com\\\/index.php\\\/2025\\\/02\\\/21\\\/role-de-lanaim-dans-le-projet-simandou-ibrahima-diallo-repond-aux-questions-au-forum-demergence-magazine\\\/\"},\"author\":{\"name\":\"Presseinvestigation.com\",\"@id\":\"https:\\\/\\\/www.presseinvestigation.com\\\/#\\\/schema\\\/person\\\/a1029d031d336f4e888009a1d2c4740a\"},\"headline\":\"R\u00f4le de l\u2019ANAIM dans le projet Simandou\u00a0: Ibrahima DIALLO r\u00e9pond aux questions au forum d\u2019\u00e9mergence Magazine\",\"datePublished\":\"2025-02-21T10:27:40+00:00\",\"mainEntityOfPage\":{\"@id\":\"https:\\\/\\\/www.presseinvestigation.com\\\/index.php\\\/2025\\\/02\\\/21\\\/role-de-lanaim-dans-le-projet-simandou-ibrahima-diallo-repond-aux-questions-au-forum-demergence-magazine\\\/\"},\"wordCount\":607,\"commentCount\":1,\"image\":{\"@id\":\"https:\\\/\\\/www.presseinvestigation.com\\\/index.php\\\/2025\\\/02\\\/21\\\/role-de-lanaim-dans-le-projet-simandou-ibrahima-diallo-repond-aux-questions-au-forum-demergence-magazine\\\/#primaryimage\"},\"thumbnailUrl\":\"https:\\\/\\\/www.presseinvestigation.com\\\/wp-content\\\/uploads\\\/2025\\\/02\\\/IMG-20250221-WA0002.jpg\",\"articleSection\":[\"P\u00f4le Actualit\u00e9-Mines\"],\"inLanguage\":\"fr-FR\",\"potentialAction\":[{\"@type\":\"CommentAction\",\"name\":\"Comment\",\"target\":[\"https:\\\/\\\/www.presseinvestigation.com\\\/index.php\\\/2025\\\/02\\\/21\\\/role-de-lanaim-dans-le-projet-simandou-ibrahima-diallo-repond-aux-questions-au-forum-demergence-magazine\\\/#respond\"]}]},{\"@type\":\"WebPage\",\"@id\":\"https:\\\/\\\/www.presseinvestigation.com\\\/index.php\\\/2025\\\/02\\\/21\\\/role-de-lanaim-dans-le-projet-simandou-ibrahima-diallo-repond-aux-questions-au-forum-demergence-magazine\\\/\",\"url\":\"https:\\\/\\\/www.presseinvestigation.com\\\/index.php\\\/2025\\\/02\\\/21\\\/role-de-lanaim-dans-le-projet-simandou-ibrahima-diallo-repond-aux-questions-au-forum-demergence-magazine\\\/\",\"name\":\"R\u00f4le de l\u2019ANAIM dans le projet Simandou\u00a0: Ibrahima DIALLO r\u00e9pond aux questions au forum d\u2019\u00e9mergence Magazine - Presseinvestigation\",\"isPartOf\":{\"@id\":\"https:\\\/\\\/www.presseinvestigation.com\\\/#website\"},\"primaryImageOfPage\":{\"@id\":\"https:\\\/\\\/www.presseinvestigation.com\\\/index.php\\\/2025\\\/02\\\/21\\\/role-de-lanaim-dans-le-projet-simandou-ibrahima-diallo-repond-aux-questions-au-forum-demergence-magazine\\\/#primaryimage\"},\"image\":{\"@id\":\"https:\\\/\\\/www.presseinvestigation.com\\\/index.php\\\/2025\\\/02\\\/21\\\/role-de-lanaim-dans-le-projet-simandou-ibrahima-diallo-repond-aux-questions-au-forum-demergence-magazine\\\/#primaryimage\"},\"thumbnailUrl\":\"https:\\\/\\\/www.presseinvestigation.com\\\/wp-content\\\/uploads\\\/2025\\\/02\\\/IMG-20250221-WA0002.jpg\",\"datePublished\":\"2025-02-21T10:27:40+00:00\",\"author\":{\"@id\":\"https:\\\/\\\/www.presseinvestigation.com\\\/#\\\/schema\\\/person\\\/a1029d031d336f4e888009a1d2c4740a\"},\"breadcrumb\":{\"@id\":\"https:\\\/\\\/www.presseinvestigation.com\\\/index.php\\\/2025\\\/02\\\/21\\\/role-de-lanaim-dans-le-projet-simandou-ibrahima-diallo-repond-aux-questions-au-forum-demergence-magazine\\\/#breadcrumb\"},\"inLanguage\":\"fr-FR\",\"potentialAction\":[{\"@type\":\"ReadAction\",\"target\":[\"https:\\\/\\\/www.presseinvestigation.com\\\/index.php\\\/2025\\\/02\\\/21\\\/role-de-lanaim-dans-le-projet-simandou-ibrahima-diallo-repond-aux-questions-au-forum-demergence-magazine\\\/\"]}]},{\"@type\":\"ImageObject\",\"inLanguage\":\"fr-FR\",\"@id\":\"https:\\\/\\\/www.presseinvestigation.com\\\/index.php\\\/2025\\\/02\\\/21\\\/role-de-lanaim-dans-le-projet-simandou-ibrahima-diallo-repond-aux-questions-au-forum-demergence-magazine\\\/#primaryimage\",\"url\":\"https:\\\/\\\/www.presseinvestigation.com\\\/wp-content\\\/uploads\\\/2025\\\/02\\\/IMG-20250221-WA0002.jpg\",\"contentUrl\":\"https:\\\/\\\/www.presseinvestigation.com\\\/wp-content\\\/uploads\\\/2025\\\/02\\\/IMG-20250221-WA0002.jpg\",\"width\":613,\"height\":552},{\"@type\":\"BreadcrumbList\",\"@id\":\"https:\\\/\\\/www.presseinvestigation.com\\\/index.php\\\/2025\\\/02\\\/21\\\/role-de-lanaim-dans-le-projet-simandou-ibrahima-diallo-repond-aux-questions-au-forum-demergence-magazine\\\/#breadcrumb\",\"itemListElement\":[{\"@type\":\"ListItem\",\"position\":1,\"name\":\"Accueil\",\"item\":\"https:\\\/\\\/www.presseinvestigation.com\\\/\"},{\"@type\":\"ListItem\",\"position\":2,\"name\":\"R\u00f4le de l\u2019ANAIM dans le projet Simandou\u00a0: Ibrahima DIALLO r\u00e9pond aux questions au forum d\u2019\u00e9mergence Magazine\"}]},{\"@type\":\"WebSite\",\"@id\":\"https:\\\/\\\/www.presseinvestigation.com\\\/#website\",\"url\":\"https:\\\/\\\/www.presseinvestigation.com\\\/\",\"name\":\"Presseinvestigation\",\"description\":\"Informer dans l&#039;impartialit\u00e9\",\"potentialAction\":[{\"@type\":\"SearchAction\",\"target\":{\"@type\":\"EntryPoint\",\"urlTemplate\":\"https:\\\/\\\/www.presseinvestigation.com\\\/?s={search_term_string}\"},\"query-input\":{\"@type\":\"PropertyValueSpecification\",\"valueRequired\":true,\"valueName\":\"search_term_string\"}}],\"inLanguage\":\"fr-FR\"},{\"@type\":\"Person\",\"@id\":\"https:\\\/\\\/www.presseinvestigation.com\\\/#\\\/schema\\\/person\\\/a1029d031d336f4e888009a1d2c4740a\",\"name\":\"Presseinvestigation.com\",\"image\":{\"@type\":\"ImageObject\",\"inLanguage\":\"fr-FR\",\"@id\":\"https:\\\/\\\/secure.gravatar.com\\\/avatar\\\/c0faa0f472c43eff99fecb0bd2a1c6782e80a162c9fcb7ed2d48bb42ea619f30?s=96&d=mm&r=g\",\"url\":\"https:\\\/\\\/secure.gravatar.com\\\/avatar\\\/c0faa0f472c43eff99fecb0bd2a1c6782e80a162c9fcb7ed2d48bb42ea619f30?s=96&d=mm&r=g\",\"contentUrl\":\"https:\\\/\\\/secure.gravatar.com\\\/avatar\\\/c0faa0f472c43eff99fecb0bd2a1c6782e80a162c9fcb7ed2d48bb42ea619f30?s=96&d=mm&r=g\",\"caption\":\"Presseinvestigation.com\"},\"sameAs\":[\"https:\\\/\\\/www.presseinvestigation.com\"],\"url\":\"https:\\\/\\\/www.presseinvestigation.com\\\/index.php\\\/author\\\/medbi2011\\\/\"}]}<\/script>\n<!-- \/ Yoast SEO plugin. -->","yoast_head_json":{"title":"R\u00f4le de l\u2019ANAIM dans le projet Simandou\u00a0: Ibrahima DIALLO r\u00e9pond aux questions au forum d\u2019\u00e9mergence Magazine - Presseinvestigation","robots":{"index":"index","follow":"follow","max-snippet":"max-snippet:-1","max-image-preview":"max-image-preview:large","max-video-preview":"max-video-preview:-1"},"canonical":"https:\/\/www.presseinvestigation.com\/index.php\/2025\/02\/21\/role-de-lanaim-dans-le-projet-simandou-ibrahima-diallo-repond-aux-questions-au-forum-demergence-magazine\/","og_locale":"fr_FR","og_type":"article","og_title":"R\u00f4le de l\u2019ANAIM dans le projet Simandou\u00a0: Ibrahima DIALLO r\u00e9pond aux questions au forum d\u2019\u00e9mergence Magazine - Presseinvestigation","og_description":"La 3\u00e8me \u00e9dition du Forum \u00e9mergence Magazine s\u2019est ouverte ce jeudi 20 f\u00e9vrier 2025 dans un h\u00f4tel \u00e0 Conakry, sous le th\u00e8me Simandou 2040.Les organisateurs ont pr\u00e9vu dans les panels une intervention sur le r\u00f4le de l\u2019Agence Nationale d\u2019Am\u00e9nagement des Infrastructures Mini\u00e8res(ANAIM).Le Directeur des Affaires Juridiques de cette Soci\u00e9t\u00e9 d\u2019Etat, Dr Ibrahima DIALLO a repr\u00e9sent\u00e9 [&hellip;]","og_url":"https:\/\/www.presseinvestigation.com\/index.php\/2025\/02\/21\/role-de-lanaim-dans-le-projet-simandou-ibrahima-diallo-repond-aux-questions-au-forum-demergence-magazine\/","og_site_name":"Presseinvestigation","article_published_time":"2025-02-21T10:27:40+00:00","og_image":[{"width":613,"height":552,"url":"https:\/\/www.presseinvestigation.com\/wp-content\/uploads\/2025\/02\/IMG-20250221-WA0002.jpg","type":"image\/jpeg"}],"author":"Presseinvestigation.com","twitter_card":"summary_large_image","twitter_misc":{"\u00c9crit par":"Presseinvestigation.com","Dur\u00e9e de lecture estim\u00e9e":"3 minutes"},"schema":{"@context":"https:\/\/schema.org","@graph":[{"@type":"Article","@id":"https:\/\/www.presseinvestigation.com\/index.php\/2025\/02\/21\/role-de-lanaim-dans-le-projet-simandou-ibrahima-diallo-repond-aux-questions-au-forum-demergence-magazine\/#article","isPartOf":{"@id":"https:\/\/www.presseinvestigation.com\/index.php\/2025\/02\/21\/role-de-lanaim-dans-le-projet-simandou-ibrahima-diallo-repond-aux-questions-au-forum-demergence-magazine\/"},"author":{"name":"Presseinvestigation.com","@id":"https:\/\/www.presseinvestigation.com\/#\/schema\/person\/a1029d031d336f4e888009a1d2c4740a"},"headline":"R\u00f4le de l\u2019ANAIM dans le projet Simandou\u00a0: Ibrahima DIALLO r\u00e9pond aux questions au forum d\u2019\u00e9mergence Magazine","datePublished":"2025-02-21T10:27:40+00:00","mainEntityOfPage":{"@id":"https:\/\/www.presseinvestigation.com\/index.php\/2025\/02\/21\/role-de-lanaim-dans-le-projet-simandou-ibrahima-diallo-repond-aux-questions-au-forum-demergence-magazine\/"},"wordCount":607,"commentCount":1,"image":{"@id":"https:\/\/www.presseinvestigation.com\/index.php\/2025\/02\/21\/role-de-lanaim-dans-le-projet-simandou-ibrahima-diallo-repond-aux-questions-au-forum-demergence-magazine\/#primaryimage"},"thumbnailUrl":"https:\/\/www.presseinvestigation.com\/wp-content\/uploads\/2025\/02\/IMG-20250221-WA0002.jpg","articleSection":["P\u00f4le Actualit\u00e9-Mines"],"inLanguage":"fr-FR","potentialAction":[{"@type":"CommentAction","name":"Comment","target":["https:\/\/www.presseinvestigation.com\/index.php\/2025\/02\/21\/role-de-lanaim-dans-le-projet-simandou-ibrahima-diallo-repond-aux-questions-au-forum-demergence-magazine\/#respond"]}]},{"@type":"WebPage","@id":"https:\/\/www.presseinvestigation.com\/index.php\/2025\/02\/21\/role-de-lanaim-dans-le-projet-simandou-ibrahima-diallo-repond-aux-questions-au-forum-demergence-magazine\/","url":"https:\/\/www.presseinvestigation.com\/index.php\/2025\/02\/21\/role-de-lanaim-dans-le-projet-simandou-ibrahima-diallo-repond-aux-questions-au-forum-demergence-magazine\/","name":"R\u00f4le de l\u2019ANAIM dans le projet Simandou\u00a0: Ibrahima DIALLO r\u00e9pond aux questions au forum d\u2019\u00e9mergence Magazine - Presseinvestigation","isPartOf":{"@id":"https:\/\/www.presseinvestigation.com\/#website"},"primaryImageOfPage":{"@id":"https:\/\/www.presseinvestigation.com\/index.php\/2025\/02\/21\/role-de-lanaim-dans-le-projet-simandou-ibrahima-diallo-repond-aux-questions-au-forum-demergence-magazine\/#primaryimage"},"image":{"@id":"https:\/\/www.presseinvestigation.com\/index.php\/2025\/02\/21\/role-de-lanaim-dans-le-projet-simandou-ibrahima-diallo-repond-aux-questions-au-forum-demergence-magazine\/#primaryimage"},"thumbnailUrl":"https:\/\/www.presseinvestigation.com\/wp-content\/uploads\/2025\/02\/IMG-20250221-WA0002.jpg","datePublished":"2025-02-21T10:27:40+00:00","author":{"@id":"https:\/\/www.presseinvestigation.com\/#\/schema\/person\/a1029d031d336f4e888009a1d2c4740a"},"breadcrumb":{"@id":"https:\/\/www.presseinvestigation.com\/index.php\/2025\/02\/21\/role-de-lanaim-dans-le-projet-simandou-ibrahima-diallo-repond-aux-questions-au-forum-demergence-magazine\/#breadcrumb"},"inLanguage":"fr-FR","potentialAction":[{"@type":"ReadAction","target":["https:\/\/www.presseinvestigation.com\/index.php\/2025\/02\/21\/role-de-lanaim-dans-le-projet-simandou-ibrahima-diallo-repond-aux-questions-au-forum-demergence-magazine\/"]}]},{"@type":"ImageObject","inLanguage":"fr-FR","@id":"https:\/\/www.presseinvestigation.com\/index.php\/2025\/02\/21\/role-de-lanaim-dans-le-projet-simandou-ibrahima-diallo-repond-aux-questions-au-forum-demergence-magazine\/#primaryimage","url":"https:\/\/www.presseinvestigation.com\/wp-content\/uploads\/2025\/02\/IMG-20250221-WA0002.jpg","contentUrl":"https:\/\/www.presseinvestigation.com\/wp-content\/uploads\/2025\/02\/IMG-20250221-WA0002.jpg","width":613,"height":552},{"@type":"BreadcrumbList","@id":"https:\/\/www.presseinvestigation.com\/index.php\/2025\/02\/21\/role-de-lanaim-dans-le-projet-simandou-ibrahima-diallo-repond-aux-questions-au-forum-demergence-magazine\/#breadcrumb","itemListElement":[{"@type":"ListItem","position":1,"name":"Accueil","item":"https:\/\/www.presseinvestigation.com\/"},{"@type":"ListItem","position":2,"name":"R\u00f4le de l\u2019ANAIM dans le projet Simandou\u00a0: Ibrahima DIALLO r\u00e9pond aux questions au forum d\u2019\u00e9mergence Magazine"}]},{"@type":"WebSite","@id":"https:\/\/www.presseinvestigation.com\/#website","url":"https:\/\/www.presseinvestigation.com\/","name":"Presseinvestigation","description":"Informer dans l&#039;impartialit\u00e9","potentialAction":[{"@type":"SearchAction","target":{"@type":"EntryPoint","urlTemplate":"https:\/\/www.presseinvestigation.com\/?s={search_term_string}"},"query-input":{"@type":"PropertyValueSpecification","valueRequired":true,"valueName":"search_term_string"}}],"inLanguage":"fr-FR"},{"@type":"Person","@id":"https:\/\/www.presseinvestigation.com\/#\/schema\/person\/a1029d031d336f4e888009a1d2c4740a","name":"Presseinvestigation.com","image":{"@type":"ImageObject","inLanguage":"fr-FR","@id":"https:\/\/secure.gravatar.com\/avatar\/c0faa0f472c43eff99fecb0bd2a1c6782e80a162c9fcb7ed2d48bb42ea619f30?s=96&d=mm&r=g","url":"https:\/\/secure.gravatar.com\/avatar\/c0faa0f472c43eff99fecb0bd2a1c6782e80a162c9fcb7ed2d48bb42ea619f30?s=96&d=mm&r=g","contentUrl":"https:\/\/secure.gravatar.com\/avatar\/c0faa0f472c43eff99fecb0bd2a1c6782e80a162c9fcb7ed2d48bb42ea619f30?s=96&d=mm&r=g","caption":"Presseinvestigation.com"},"sameAs":["https:\/\/www.presseinvestigation.com"],"url":"https:\/\/www.presseinvestigation.com\/index.php\/author\/medbi2011\/"}]}},"_links":{"self":[{"href":"https:\/\/www.presseinvestigation.com\/index.php\/wp-json\/wp\/v2\/posts\/2114","targetHints":{"allow":["GET"]}}],"collection":[{"href":"https:\/\/www.presseinvestigation.com\/index.php\/wp-json\/wp\/v2\/posts"}],"about":[{"href":"https:\/\/www.presseinvestigation.com\/index.php\/wp-json\/wp\/v2\/types\/post"}],"author":[{"embeddable":true,"href":"https:\/\/www.presseinvestigation.com\/index.php\/wp-json\/wp\/v2\/users\/1"}],"replies":[{"embeddable":true,"href":"https:\/\/www.presseinvestigation.com\/index.php\/wp-json\/wp\/v2\/comments?post=2114"}],"version-history":[{"count":1,"href":"https:\/\/www.presseinvestigation.com\/index.php\/wp-json\/wp\/v2\/posts\/2114\/revisions"}],"predecessor-version":[{"id":2115,"href":"https:\/\/www.presseinvestigation.com\/index.php\/wp-json\/wp\/v2\/posts\/2114\/revisions\/2115"}],"wp:featuredmedia":[{"embeddable":true,"href":"https:\/\/www.presseinvestigation.com\/index.php\/wp-json\/wp\/v2\/media\/2113"}],"wp:attachment":[{"href":"https:\/\/www.presseinvestigation.com\/index.php\/wp-json\/wp\/v2\/media?parent=2114"}],"wp:term":[{"taxonomy":"category","embeddable":true,"href":"https:\/\/www.presseinvestigation.com\/index.php\/wp-json\/wp\/v2\/categories?post=2114"},{"taxonomy":"post_tag","embeddable":true,"href":"https:\/\/www.presseinvestigation.com\/index.php\/wp-json\/wp\/v2\/tags?post=2114"}],"curies":[{"name":"wp","href":"https:\/\/api.w.org\/{rel}","templated":true}]}}