{"id":2127,"date":"2025-02-24T12:54:03","date_gmt":"2025-02-24T11:54:03","guid":{"rendered":"https:\/\/www.presseinvestigation.com\/index.php\/2025\/02\/24\/projet-simandou-lex-pm-kabinet-komara-sinquietude-50-000-personnes-vont-perdre-leurs-emplois-apres-la-construction-du-projet\/"},"modified":"2025-02-24T13:08:15","modified_gmt":"2025-02-24T12:08:15","slug":"projet-simandou-lex-pm-kabinet-komara-sinquietude-50-000-personnes-vont-perdre-leurs-emplois-apres-la-construction-du-projet","status":"publish","type":"post","link":"https:\/\/www.presseinvestigation.com\/index.php\/2025\/02\/24\/projet-simandou-lex-pm-kabinet-komara-sinquietude-50-000-personnes-vont-perdre-leurs-emplois-apres-la-construction-du-projet\/","title":{"rendered":"Projet Simandou l\u2019ex PM Kabin\u00e9 KOMARA s\u2019inqui\u00e8te:\u00a0\u00ab\u00a050.000 personnes vont perdre leurs emplois apr\u00e8s la construction du projet\u00a0\u00bb"},"content":{"rendered":"<p><strong>L\u2019ex premier Guin\u00e9en, Kabin\u00e9 KOMARA a \u00e9t\u00e9 parmi les panelistes \u00e0 l\u2019ouverture de la troisi\u00e8me \u00e9dition du Forum Economique d\u2019Emergence Magazine le 20 f\u00e9vrier 2025 \u00e0 Conakry. Dans la foul\u00e9e de ses interventions, il a fait savoir son inqui\u00e9tude par rapport aux Cinquante mille emplois qui seront perdus apr\u00e8s la phase de construction, avec les 60.000 personnes qui travaillent actuellement dans le projet Simandou.<\/strong><\/p>\n<p><a href=\"https:\/\/www.presseinvestigation.com\/wp-content\/uploads\/2025\/02\/IMG-20250220-WA0045.jpg\"><img decoding=\"async\" class=\"attachment-full size-full\" src=\"https:\/\/www.presseinvestigation.com\/wp-content\/uploads\/2025\/02\/IMG-20250220-WA0045.jpg\" alt=\"\" \/><\/a><\/p>\n<p>\u00ab\u00a0<em>J\u2019ai une inqui\u00e9tude. Simandou 2040, c\u2019est dans 15 ans. A peu pr\u00e8s, il y a 60.000 personnes qui travaillent actuellement dans Simandou. Ces 60.000 personnes l\u00e0 travaillent dans la construction. Mais d\u2019ici 1 an, Quand la construction aura fini, Simandou va garder peut \u00eatre 5000 \u00e0 10000 personnes. Que faire de ces 50.000 personnes. Elles n\u2019auront plus rien \u00e0 faire.Il faut commencer \u00e0 les recycler \u00e0 les pr\u00e9parer \u00e0 des projets le long des corridors. C\u2019est l\u00e0 le secteur priv\u00e9 doit fondamentalement travailler avec l\u2019Etat pour concevoir d\u00e8s maintenant des activit\u00e9s pour occuper ces gens-l\u00e0.Sinon dans 5 \u00e0 6 ans ce sont ces gens qui vont se lever pour aller bloquer les rails pour dire que ce sont eux qui ont construit Simandou, maintenant, ils n\u2019ont plus de boulot. Il faut\u00a0 anticiper <\/em>\u00bb a interpell\u00e9 l\u2019ex PM Kabin\u00e9 KOMARA.<\/p>\n<p><strong>Toumany CAMARA pour Presseinvestigation.com<\/strong><\/p>\n","protected":false},"excerpt":{"rendered":"<p>L\u2019ex premier Guin\u00e9en, Kabin\u00e9 KOMARA a \u00e9t\u00e9 parmi les panelistes \u00e0 l\u2019ouverture de la troisi\u00e8me \u00e9dition du Forum Economique d\u2019Emergence Magazine le 20 f\u00e9vrier 2025 \u00e0 Conakry. Dans la foul\u00e9e de ses interventions, il a fait savoir son inqui\u00e9tude par rapport aux Cinquante mille emplois qui seront perdus apr\u00e8s la phase de construction, avec les [&hellip;]<\/p>\n","protected":false},"author":2,"featured_media":2126,"comment_status":"open","ping_status":"open","sticky":false,"template":"","format":"standard","meta":{"jnews-multi-image_gallery":[],"jnews_single_post":{"source_name":"","source_url":"","via_name":"","via_url":"","override_template":"0","override":[{"template":"1","single_blog_custom":"","parallax":"1","fullscreen":"1","layout":"right-sidebar","sidebar":"default-sidebar","second_sidebar":"default-sidebar","sticky_sidebar":"1","share_position":"bottom","share_float_style":"share-monocrhome","show_share_counter":"1","show_view_counter":"1","show_featured":"1","show_post_meta":"1","show_post_author":"1","show_post_author_image":"1","show_post_date":"1","post_date_format":"default","post_date_format_custom":"Y\/m\/d","show_post_category":"1","show_post_reading_time":"0","post_reading_time_wpm":"300","show_zoom_button":"0","zoom_button_out_step":"2","zoom_button_in_step":"3","show_post_tag":"1","show_prev_next_post":"1","show_popup_post":"1","number_popup_post":"1","show_author_box":"0","show_post_related":"0","show_inline_post_related":"0"}],"override_image_size":"0","image_override":[{"single_post_thumbnail_size":"crop-500","single_post_gallery_size":"crop-500"}],"trending_post":"0","trending_post_position":"meta","trending_post_label":"Trending","sponsored_post":"0","sponsored_post_label":"Sponsored by","sponsored_post_name":"","sponsored_post_url":"","sponsored_post_logo_enable":"0","sponsored_post_logo":"","sponsored_post_desc":"","disable_ad":"0"},"jnews_primary_category":{"id":"","hide":""},"footnotes":""},"categories":[105],"tags":[],"class_list":["post-2127","post","type-post","status-publish","format-standard","has-post-thumbnail","hentry","category-pole-actualite-mines"],"yoast_head":"<!-- This site is optimized with the Yoast SEO plugin v27.3 - https:\/\/yoast.com\/product\/yoast-seo-wordpress\/ -->\n<title>Projet Simandou l\u2019ex PM Kabin\u00e9 KOMARA s\u2019inqui\u00e8te:\u00a0\u00ab\u00a050.000 personnes vont perdre leurs emplois apr\u00e8s la construction du projet\u00a0\u00bb - Presseinvestigation<\/title>\n<meta name=\"robots\" content=\"index, follow, max-snippet:-1, max-image-preview:large, max-video-preview:-1\" \/>\n<link rel=\"canonical\" href=\"https:\/\/www.presseinvestigation.com\/index.php\/2025\/02\/24\/projet-simandou-lex-pm-kabinet-komara-sinquietude-50-000-personnes-vont-perdre-leurs-emplois-apres-la-construction-du-projet\/\" \/>\n<meta property=\"og:locale\" content=\"fr_FR\" \/>\n<meta property=\"og:type\" content=\"article\" \/>\n<meta property=\"og:title\" content=\"Projet Simandou l\u2019ex PM Kabin\u00e9 KOMARA s\u2019inqui\u00e8te:\u00a0\u00ab\u00a050.000 personnes vont perdre leurs emplois apr\u00e8s la construction du projet\u00a0\u00bb - Presseinvestigation\" \/>\n<meta property=\"og:description\" content=\"L\u2019ex premier Guin\u00e9en, Kabin\u00e9 KOMARA a \u00e9t\u00e9 parmi les panelistes \u00e0 l\u2019ouverture de la troisi\u00e8me \u00e9dition du Forum Economique d\u2019Emergence Magazine le 20 f\u00e9vrier 2025 \u00e0 Conakry. Dans la foul\u00e9e de ses interventions, il a fait savoir son inqui\u00e9tude par rapport aux Cinquante mille emplois qui seront perdus apr\u00e8s la phase de construction, avec les [&hellip;]\" \/>\n<meta property=\"og:url\" content=\"https:\/\/www.presseinvestigation.com\/index.php\/2025\/02\/24\/projet-simandou-lex-pm-kabinet-komara-sinquietude-50-000-personnes-vont-perdre-leurs-emplois-apres-la-construction-du-projet\/\" \/>\n<meta property=\"og:site_name\" content=\"Presseinvestigation\" \/>\n<meta property=\"article:published_time\" content=\"2025-02-24T11:54:03+00:00\" \/>\n<meta property=\"article:modified_time\" content=\"2025-02-24T12:08:15+00:00\" \/>\n<meta property=\"og:image\" content=\"https:\/\/www.presseinvestigation.com\/wp-content\/uploads\/2025\/02\/IMG-20250220-WA0046.jpg\" \/>\n\t<meta property=\"og:image:width\" content=\"424\" \/>\n\t<meta property=\"og:image:height\" content=\"438\" \/>\n\t<meta property=\"og:image:type\" content=\"image\/jpeg\" \/>\n<meta name=\"author\" content=\"Presseinvestigation.com\" \/>\n<meta name=\"twitter:card\" content=\"summary_large_image\" \/>\n<meta name=\"twitter:label1\" content=\"\u00c9crit par\" \/>\n\t<meta name=\"twitter:data1\" content=\"Presseinvestigation.com\" \/>\n\t<meta name=\"twitter:label2\" content=\"Dur\u00e9e de lecture estim\u00e9e\" \/>\n\t<meta name=\"twitter:data2\" content=\"2 minutes\" \/>\n<script type=\"application\/ld+json\" class=\"yoast-schema-graph\">{\"@context\":\"https:\\\/\\\/schema.org\",\"@graph\":[{\"@type\":\"Article\",\"@id\":\"https:\\\/\\\/www.presseinvestigation.com\\\/index.php\\\/2025\\\/02\\\/24\\\/projet-simandou-lex-pm-kabinet-komara-sinquietude-50-000-personnes-vont-perdre-leurs-emplois-apres-la-construction-du-projet\\\/#article\",\"isPartOf\":{\"@id\":\"https:\\\/\\\/www.presseinvestigation.com\\\/index.php\\\/2025\\\/02\\\/24\\\/projet-simandou-lex-pm-kabinet-komara-sinquietude-50-000-personnes-vont-perdre-leurs-emplois-apres-la-construction-du-projet\\\/\"},\"author\":{\"name\":\"Presseinvestigation.com\",\"@id\":\"https:\\\/\\\/www.presseinvestigation.com\\\/#\\\/schema\\\/person\\\/32d023733a4a9d7c3bd6883619b8f116\"},\"headline\":\"Projet Simandou l\u2019ex PM Kabin\u00e9 KOMARA s\u2019inqui\u00e8te:\u00a0\u00ab\u00a050.000 personnes vont perdre leurs emplois apr\u00e8s la construction du projet\u00a0\u00bb\",\"datePublished\":\"2025-02-24T11:54:03+00:00\",\"dateModified\":\"2025-02-24T12:08:15+00:00\",\"mainEntityOfPage\":{\"@id\":\"https:\\\/\\\/www.presseinvestigation.com\\\/index.php\\\/2025\\\/02\\\/24\\\/projet-simandou-lex-pm-kabinet-komara-sinquietude-50-000-personnes-vont-perdre-leurs-emplois-apres-la-construction-du-projet\\\/\"},\"wordCount\":231,\"commentCount\":0,\"image\":{\"@id\":\"https:\\\/\\\/www.presseinvestigation.com\\\/index.php\\\/2025\\\/02\\\/24\\\/projet-simandou-lex-pm-kabinet-komara-sinquietude-50-000-personnes-vont-perdre-leurs-emplois-apres-la-construction-du-projet\\\/#primaryimage\"},\"thumbnailUrl\":\"https:\\\/\\\/www.presseinvestigation.com\\\/wp-content\\\/uploads\\\/2025\\\/02\\\/IMG-20250220-WA0046.jpg\",\"articleSection\":[\"P\u00f4le Actualit\u00e9-Mines\"],\"inLanguage\":\"fr-FR\",\"potentialAction\":[{\"@type\":\"CommentAction\",\"name\":\"Comment\",\"target\":[\"https:\\\/\\\/www.presseinvestigation.com\\\/index.php\\\/2025\\\/02\\\/24\\\/projet-simandou-lex-pm-kabinet-komara-sinquietude-50-000-personnes-vont-perdre-leurs-emplois-apres-la-construction-du-projet\\\/#respond\"]}]},{\"@type\":\"WebPage\",\"@id\":\"https:\\\/\\\/www.presseinvestigation.com\\\/index.php\\\/2025\\\/02\\\/24\\\/projet-simandou-lex-pm-kabinet-komara-sinquietude-50-000-personnes-vont-perdre-leurs-emplois-apres-la-construction-du-projet\\\/\",\"url\":\"https:\\\/\\\/www.presseinvestigation.com\\\/index.php\\\/2025\\\/02\\\/24\\\/projet-simandou-lex-pm-kabinet-komara-sinquietude-50-000-personnes-vont-perdre-leurs-emplois-apres-la-construction-du-projet\\\/\",\"name\":\"Projet Simandou l\u2019ex PM Kabin\u00e9 KOMARA s\u2019inqui\u00e8te:\u00a0\u00ab\u00a050.000 personnes vont perdre leurs emplois apr\u00e8s la construction du projet\u00a0\u00bb - Presseinvestigation\",\"isPartOf\":{\"@id\":\"https:\\\/\\\/www.presseinvestigation.com\\\/#website\"},\"primaryImageOfPage\":{\"@id\":\"https:\\\/\\\/www.presseinvestigation.com\\\/index.php\\\/2025\\\/02\\\/24\\\/projet-simandou-lex-pm-kabinet-komara-sinquietude-50-000-personnes-vont-perdre-leurs-emplois-apres-la-construction-du-projet\\\/#primaryimage\"},\"image\":{\"@id\":\"https:\\\/\\\/www.presseinvestigation.com\\\/index.php\\\/2025\\\/02\\\/24\\\/projet-simandou-lex-pm-kabinet-komara-sinquietude-50-000-personnes-vont-perdre-leurs-emplois-apres-la-construction-du-projet\\\/#primaryimage\"},\"thumbnailUrl\":\"https:\\\/\\\/www.presseinvestigation.com\\\/wp-content\\\/uploads\\\/2025\\\/02\\\/IMG-20250220-WA0046.jpg\",\"datePublished\":\"2025-02-24T11:54:03+00:00\",\"dateModified\":\"2025-02-24T12:08:15+00:00\",\"author\":{\"@id\":\"https:\\\/\\\/www.presseinvestigation.com\\\/#\\\/schema\\\/person\\\/32d023733a4a9d7c3bd6883619b8f116\"},\"breadcrumb\":{\"@id\":\"https:\\\/\\\/www.presseinvestigation.com\\\/index.php\\\/2025\\\/02\\\/24\\\/projet-simandou-lex-pm-kabinet-komara-sinquietude-50-000-personnes-vont-perdre-leurs-emplois-apres-la-construction-du-projet\\\/#breadcrumb\"},\"inLanguage\":\"fr-FR\",\"potentialAction\":[{\"@type\":\"ReadAction\",\"target\":[\"https:\\\/\\\/www.presseinvestigation.com\\\/index.php\\\/2025\\\/02\\\/24\\\/projet-simandou-lex-pm-kabinet-komara-sinquietude-50-000-personnes-vont-perdre-leurs-emplois-apres-la-construction-du-projet\\\/\"]}]},{\"@type\":\"ImageObject\",\"inLanguage\":\"fr-FR\",\"@id\":\"https:\\\/\\\/www.presseinvestigation.com\\\/index.php\\\/2025\\\/02\\\/24\\\/projet-simandou-lex-pm-kabinet-komara-sinquietude-50-000-personnes-vont-perdre-leurs-emplois-apres-la-construction-du-projet\\\/#primaryimage\",\"url\":\"https:\\\/\\\/www.presseinvestigation.com\\\/wp-content\\\/uploads\\\/2025\\\/02\\\/IMG-20250220-WA0046.jpg\",\"contentUrl\":\"https:\\\/\\\/www.presseinvestigation.com\\\/wp-content\\\/uploads\\\/2025\\\/02\\\/IMG-20250220-WA0046.jpg\",\"width\":424,\"height\":438},{\"@type\":\"BreadcrumbList\",\"@id\":\"https:\\\/\\\/www.presseinvestigation.com\\\/index.php\\\/2025\\\/02\\\/24\\\/projet-simandou-lex-pm-kabinet-komara-sinquietude-50-000-personnes-vont-perdre-leurs-emplois-apres-la-construction-du-projet\\\/#breadcrumb\",\"itemListElement\":[{\"@type\":\"ListItem\",\"position\":1,\"name\":\"Accueil\",\"item\":\"https:\\\/\\\/www.presseinvestigation.com\\\/\"},{\"@type\":\"ListItem\",\"position\":2,\"name\":\"Projet Simandou l\u2019ex PM Kabin\u00e9 KOMARA s\u2019inqui\u00e8te:\u00a0\u00ab\u00a050.000 personnes vont perdre leurs emplois apr\u00e8s la construction du projet\u00a0\u00bb\"}]},{\"@type\":\"WebSite\",\"@id\":\"https:\\\/\\\/www.presseinvestigation.com\\\/#website\",\"url\":\"https:\\\/\\\/www.presseinvestigation.com\\\/\",\"name\":\"Presseinvestigation\",\"description\":\"Informer dans l&#039;impartialit\u00e9\",\"potentialAction\":[{\"@type\":\"SearchAction\",\"target\":{\"@type\":\"EntryPoint\",\"urlTemplate\":\"https:\\\/\\\/www.presseinvestigation.com\\\/?s={search_term_string}\"},\"query-input\":{\"@type\":\"PropertyValueSpecification\",\"valueRequired\":true,\"valueName\":\"search_term_string\"}}],\"inLanguage\":\"fr-FR\"},{\"@type\":\"Person\",\"@id\":\"https:\\\/\\\/www.presseinvestigation.com\\\/#\\\/schema\\\/person\\\/32d023733a4a9d7c3bd6883619b8f116\",\"name\":\"Presseinvestigation.com\",\"image\":{\"@type\":\"ImageObject\",\"inLanguage\":\"fr-FR\",\"@id\":\"https:\\\/\\\/secure.gravatar.com\\\/avatar\\\/26f9c9e95424b0bde739ba0af37ee39a9e4a9e809967422c5b8e8573a34fbbe0?s=96&d=mm&r=g\",\"url\":\"https:\\\/\\\/secure.gravatar.com\\\/avatar\\\/26f9c9e95424b0bde739ba0af37ee39a9e4a9e809967422c5b8e8573a34fbbe0?s=96&d=mm&r=g\",\"contentUrl\":\"https:\\\/\\\/secure.gravatar.com\\\/avatar\\\/26f9c9e95424b0bde739ba0af37ee39a9e4a9e809967422c5b8e8573a34fbbe0?s=96&d=mm&r=g\",\"caption\":\"Presseinvestigation.com\"},\"url\":\"https:\\\/\\\/www.presseinvestigation.com\\\/index.php\\\/author\\\/toumany\\\/\"}]}<\/script>\n<!-- \/ Yoast SEO plugin. -->","yoast_head_json":{"title":"Projet Simandou l\u2019ex PM Kabin\u00e9 KOMARA s\u2019inqui\u00e8te:\u00a0\u00ab\u00a050.000 personnes vont perdre leurs emplois apr\u00e8s la construction du projet\u00a0\u00bb - Presseinvestigation","robots":{"index":"index","follow":"follow","max-snippet":"max-snippet:-1","max-image-preview":"max-image-preview:large","max-video-preview":"max-video-preview:-1"},"canonical":"https:\/\/www.presseinvestigation.com\/index.php\/2025\/02\/24\/projet-simandou-lex-pm-kabinet-komara-sinquietude-50-000-personnes-vont-perdre-leurs-emplois-apres-la-construction-du-projet\/","og_locale":"fr_FR","og_type":"article","og_title":"Projet Simandou l\u2019ex PM Kabin\u00e9 KOMARA s\u2019inqui\u00e8te:\u00a0\u00ab\u00a050.000 personnes vont perdre leurs emplois apr\u00e8s la construction du projet\u00a0\u00bb - Presseinvestigation","og_description":"L\u2019ex premier Guin\u00e9en, Kabin\u00e9 KOMARA a \u00e9t\u00e9 parmi les panelistes \u00e0 l\u2019ouverture de la troisi\u00e8me \u00e9dition du Forum Economique d\u2019Emergence Magazine le 20 f\u00e9vrier 2025 \u00e0 Conakry. Dans la foul\u00e9e de ses interventions, il a fait savoir son inqui\u00e9tude par rapport aux Cinquante mille emplois qui seront perdus apr\u00e8s la phase de construction, avec les [&hellip;]","og_url":"https:\/\/www.presseinvestigation.com\/index.php\/2025\/02\/24\/projet-simandou-lex-pm-kabinet-komara-sinquietude-50-000-personnes-vont-perdre-leurs-emplois-apres-la-construction-du-projet\/","og_site_name":"Presseinvestigation","article_published_time":"2025-02-24T11:54:03+00:00","article_modified_time":"2025-02-24T12:08:15+00:00","og_image":[{"width":424,"height":438,"url":"https:\/\/www.presseinvestigation.com\/wp-content\/uploads\/2025\/02\/IMG-20250220-WA0046.jpg","type":"image\/jpeg"}],"author":"Presseinvestigation.com","twitter_card":"summary_large_image","twitter_misc":{"\u00c9crit par":"Presseinvestigation.com","Dur\u00e9e de lecture estim\u00e9e":"2 minutes"},"schema":{"@context":"https:\/\/schema.org","@graph":[{"@type":"Article","@id":"https:\/\/www.presseinvestigation.com\/index.php\/2025\/02\/24\/projet-simandou-lex-pm-kabinet-komara-sinquietude-50-000-personnes-vont-perdre-leurs-emplois-apres-la-construction-du-projet\/#article","isPartOf":{"@id":"https:\/\/www.presseinvestigation.com\/index.php\/2025\/02\/24\/projet-simandou-lex-pm-kabinet-komara-sinquietude-50-000-personnes-vont-perdre-leurs-emplois-apres-la-construction-du-projet\/"},"author":{"name":"Presseinvestigation.com","@id":"https:\/\/www.presseinvestigation.com\/#\/schema\/person\/32d023733a4a9d7c3bd6883619b8f116"},"headline":"Projet Simandou l\u2019ex PM Kabin\u00e9 KOMARA s\u2019inqui\u00e8te:\u00a0\u00ab\u00a050.000 personnes vont perdre leurs emplois apr\u00e8s la construction du projet\u00a0\u00bb","datePublished":"2025-02-24T11:54:03+00:00","dateModified":"2025-02-24T12:08:15+00:00","mainEntityOfPage":{"@id":"https:\/\/www.presseinvestigation.com\/index.php\/2025\/02\/24\/projet-simandou-lex-pm-kabinet-komara-sinquietude-50-000-personnes-vont-perdre-leurs-emplois-apres-la-construction-du-projet\/"},"wordCount":231,"commentCount":0,"image":{"@id":"https:\/\/www.presseinvestigation.com\/index.php\/2025\/02\/24\/projet-simandou-lex-pm-kabinet-komara-sinquietude-50-000-personnes-vont-perdre-leurs-emplois-apres-la-construction-du-projet\/#primaryimage"},"thumbnailUrl":"https:\/\/www.presseinvestigation.com\/wp-content\/uploads\/2025\/02\/IMG-20250220-WA0046.jpg","articleSection":["P\u00f4le Actualit\u00e9-Mines"],"inLanguage":"fr-FR","potentialAction":[{"@type":"CommentAction","name":"Comment","target":["https:\/\/www.presseinvestigation.com\/index.php\/2025\/02\/24\/projet-simandou-lex-pm-kabinet-komara-sinquietude-50-000-personnes-vont-perdre-leurs-emplois-apres-la-construction-du-projet\/#respond"]}]},{"@type":"WebPage","@id":"https:\/\/www.presseinvestigation.com\/index.php\/2025\/02\/24\/projet-simandou-lex-pm-kabinet-komara-sinquietude-50-000-personnes-vont-perdre-leurs-emplois-apres-la-construction-du-projet\/","url":"https:\/\/www.presseinvestigation.com\/index.php\/2025\/02\/24\/projet-simandou-lex-pm-kabinet-komara-sinquietude-50-000-personnes-vont-perdre-leurs-emplois-apres-la-construction-du-projet\/","name":"Projet Simandou l\u2019ex PM Kabin\u00e9 KOMARA s\u2019inqui\u00e8te:\u00a0\u00ab\u00a050.000 personnes vont perdre leurs emplois apr\u00e8s la construction du projet\u00a0\u00bb - Presseinvestigation","isPartOf":{"@id":"https:\/\/www.presseinvestigation.com\/#website"},"primaryImageOfPage":{"@id":"https:\/\/www.presseinvestigation.com\/index.php\/2025\/02\/24\/projet-simandou-lex-pm-kabinet-komara-sinquietude-50-000-personnes-vont-perdre-leurs-emplois-apres-la-construction-du-projet\/#primaryimage"},"image":{"@id":"https:\/\/www.presseinvestigation.com\/index.php\/2025\/02\/24\/projet-simandou-lex-pm-kabinet-komara-sinquietude-50-000-personnes-vont-perdre-leurs-emplois-apres-la-construction-du-projet\/#primaryimage"},"thumbnailUrl":"https:\/\/www.presseinvestigation.com\/wp-content\/uploads\/2025\/02\/IMG-20250220-WA0046.jpg","datePublished":"2025-02-24T11:54:03+00:00","dateModified":"2025-02-24T12:08:15+00:00","author":{"@id":"https:\/\/www.presseinvestigation.com\/#\/schema\/person\/32d023733a4a9d7c3bd6883619b8f116"},"breadcrumb":{"@id":"https:\/\/www.presseinvestigation.com\/index.php\/2025\/02\/24\/projet-simandou-lex-pm-kabinet-komara-sinquietude-50-000-personnes-vont-perdre-leurs-emplois-apres-la-construction-du-projet\/#breadcrumb"},"inLanguage":"fr-FR","potentialAction":[{"@type":"ReadAction","target":["https:\/\/www.presseinvestigation.com\/index.php\/2025\/02\/24\/projet-simandou-lex-pm-kabinet-komara-sinquietude-50-000-personnes-vont-perdre-leurs-emplois-apres-la-construction-du-projet\/"]}]},{"@type":"ImageObject","inLanguage":"fr-FR","@id":"https:\/\/www.presseinvestigation.com\/index.php\/2025\/02\/24\/projet-simandou-lex-pm-kabinet-komara-sinquietude-50-000-personnes-vont-perdre-leurs-emplois-apres-la-construction-du-projet\/#primaryimage","url":"https:\/\/www.presseinvestigation.com\/wp-content\/uploads\/2025\/02\/IMG-20250220-WA0046.jpg","contentUrl":"https:\/\/www.presseinvestigation.com\/wp-content\/uploads\/2025\/02\/IMG-20250220-WA0046.jpg","width":424,"height":438},{"@type":"BreadcrumbList","@id":"https:\/\/www.presseinvestigation.com\/index.php\/2025\/02\/24\/projet-simandou-lex-pm-kabinet-komara-sinquietude-50-000-personnes-vont-perdre-leurs-emplois-apres-la-construction-du-projet\/#breadcrumb","itemListElement":[{"@type":"ListItem","position":1,"name":"Accueil","item":"https:\/\/www.presseinvestigation.com\/"},{"@type":"ListItem","position":2,"name":"Projet Simandou l\u2019ex PM Kabin\u00e9 KOMARA s\u2019inqui\u00e8te:\u00a0\u00ab\u00a050.000 personnes vont perdre leurs emplois apr\u00e8s la construction du projet\u00a0\u00bb"}]},{"@type":"WebSite","@id":"https:\/\/www.presseinvestigation.com\/#website","url":"https:\/\/www.presseinvestigation.com\/","name":"Presseinvestigation","description":"Informer dans l&#039;impartialit\u00e9","potentialAction":[{"@type":"SearchAction","target":{"@type":"EntryPoint","urlTemplate":"https:\/\/www.presseinvestigation.com\/?s={search_term_string}"},"query-input":{"@type":"PropertyValueSpecification","valueRequired":true,"valueName":"search_term_string"}}],"inLanguage":"fr-FR"},{"@type":"Person","@id":"https:\/\/www.presseinvestigation.com\/#\/schema\/person\/32d023733a4a9d7c3bd6883619b8f116","name":"Presseinvestigation.com","image":{"@type":"ImageObject","inLanguage":"fr-FR","@id":"https:\/\/secure.gravatar.com\/avatar\/26f9c9e95424b0bde739ba0af37ee39a9e4a9e809967422c5b8e8573a34fbbe0?s=96&d=mm&r=g","url":"https:\/\/secure.gravatar.com\/avatar\/26f9c9e95424b0bde739ba0af37ee39a9e4a9e809967422c5b8e8573a34fbbe0?s=96&d=mm&r=g","contentUrl":"https:\/\/secure.gravatar.com\/avatar\/26f9c9e95424b0bde739ba0af37ee39a9e4a9e809967422c5b8e8573a34fbbe0?s=96&d=mm&r=g","caption":"Presseinvestigation.com"},"url":"https:\/\/www.presseinvestigation.com\/index.php\/author\/toumany\/"}]}},"_links":{"self":[{"href":"https:\/\/www.presseinvestigation.com\/index.php\/wp-json\/wp\/v2\/posts\/2127","targetHints":{"allow":["GET"]}}],"collection":[{"href":"https:\/\/www.presseinvestigation.com\/index.php\/wp-json\/wp\/v2\/posts"}],"about":[{"href":"https:\/\/www.presseinvestigation.com\/index.php\/wp-json\/wp\/v2\/types\/post"}],"author":[{"embeddable":true,"href":"https:\/\/www.presseinvestigation.com\/index.php\/wp-json\/wp\/v2\/users\/2"}],"replies":[{"embeddable":true,"href":"https:\/\/www.presseinvestigation.com\/index.php\/wp-json\/wp\/v2\/comments?post=2127"}],"version-history":[{"count":4,"href":"https:\/\/www.presseinvestigation.com\/index.php\/wp-json\/wp\/v2\/posts\/2127\/revisions"}],"predecessor-version":[{"id":2131,"href":"https:\/\/www.presseinvestigation.com\/index.php\/wp-json\/wp\/v2\/posts\/2127\/revisions\/2131"}],"wp:featuredmedia":[{"embeddable":true,"href":"https:\/\/www.presseinvestigation.com\/index.php\/wp-json\/wp\/v2\/media\/2126"}],"wp:attachment":[{"href":"https:\/\/www.presseinvestigation.com\/index.php\/wp-json\/wp\/v2\/media?parent=2127"}],"wp:term":[{"taxonomy":"category","embeddable":true,"href":"https:\/\/www.presseinvestigation.com\/index.php\/wp-json\/wp\/v2\/categories?post=2127"},{"taxonomy":"post_tag","embeddable":true,"href":"https:\/\/www.presseinvestigation.com\/index.php\/wp-json\/wp\/v2\/tags?post=2127"}],"curies":[{"name":"wp","href":"https:\/\/api.w.org\/{rel}","templated":true}]}}