{"id":2138,"date":"2025-03-01T16:13:25","date_gmt":"2025-03-01T15:13:25","guid":{"rendered":"https:\/\/www.presseinvestigation.com\/index.php\/2025\/03\/01\/lambagny-wareyah-la-jeunesse-sactive-dans-lassainissement\/"},"modified":"2025-03-01T16:13:25","modified_gmt":"2025-03-01T15:13:25","slug":"lambagny-wareyah-la-jeunesse-sactive-dans-lassainissement","status":"publish","type":"post","link":"https:\/\/www.presseinvestigation.com\/index.php\/2025\/03\/01\/lambagny-wareyah-la-jeunesse-sactive-dans-lassainissement\/","title":{"rendered":"Lambagny\/War\u00e9yah : la jeunesse s\u2019active dans l\u2019assainissement !"},"content":{"rendered":"<p><strong>En pr\u00e9lude au d\u00e9but du mois saint de Ramadan et \u00e0 la journ\u00e9e assainissement pr\u00f4n\u00e9e par les autorit\u00e9s de la transition, les jeunes de secteur Mamadou Aliou BAH du quartier War\u00e9yah, commune de Lambagny,ont proc\u00e9d\u00e9 \u00e0 l\u2019assainissement de leur zone ce vendredi 28 f\u00e9vrier 2025 .<\/strong><\/p>\n<p><a href=\"https:\/\/www.presseinvestigation.com\/wp-content\/uploads\/2025\/03\/IMG-20250301-WA0007.jpg\"><img decoding=\"async\" class=\"attachment-full size-full\" src=\"https:\/\/www.presseinvestigation.com\/wp-content\/uploads\/2025\/03\/IMG-20250301-WA0007.jpg\" alt=\"\" \/><\/a><\/p>\n<p>C\u2019est une initiative du groupe de r\u00e9flexion et d\u2019actions pour le secteur El Mamadou Aliou BAH ( GRAMAB) , un groupe r\u00e9sident au quartier War\u00e9yah dans la nouvelle commune de Lambagny. <\/p>\n<p>Selon les initiateurs, cette op\u00e9ration d\u2019assainissement concerne , le long des rails de Rusal Friguia, notamment aux feux rouges de la Transversale 4 au PK23 (Plaque 23) . Sur le terrain ,le constat r\u00e9v\u00e8le que les bordures des rails sont envahies par des d\u00e9chets m\u00e9nagers. Lors des pr\u00e9paratifs de cette journ\u00e9e de nettoyage, trois gros points noirs ont \u00e9t\u00e9 identifi\u00e9s et plus de 07(sept) autres sont en formation. Si aucune action imm\u00e9diate n&#8217;est entreprise, ces points noirs risquent de devenir des montagnes d&#8217;ordures.<\/p>\n<p><a href=\"https:\/\/www.presseinvestigation.com\/wp-content\/uploads\/2025\/03\/IMG-20250301-WA0005.jpg\"><img decoding=\"async\" class=\"attachment-full size-full\" src=\"https:\/\/www.presseinvestigation.com\/wp-content\/uploads\/2025\/03\/IMG-20250301-WA0005.jpg\" alt=\"\" \/><\/a><\/p>\n<p>L\u2019objectif vis\u00e9 est donc d\u2019\u00e9liminer les d\u00e9charges sauvages le long des rails et sensibiliser les populations \u00e0 une gestion responsable des d\u00e9chets. Mais aussi mobiliser environ 100 m\u00e9nages et divers acteurs \u00e9conomiques (boutiquiers, \u00e9talagistes, garagistes, menuisiers, tapissiers, briquetiers, groupements de moto-taxis). Pour parvenir \u00e0 ses objectifs, les acteurs de cette campagne d\u2019assainissement entendent encourager l&#8217;abonnement aux PME de ramassage d&#8217;ordures via une campagne de porte-\u00e0-porte . L\u2019autre strat\u00e9gie envisageable , c\u2019est l\u2019installation des plaques d&#8217;interdiction de d\u00e9versement d&#8217;ordures pour assurer la p\u00e9rennit\u00e9 de l&#8217;action , le tout couronner par une bonne collaboration avec les autorit\u00e9s locales et la brigade de salubrit\u00e9 pour adopter des mesures dissuasives. Ayant un poids important dans la soci\u00e9t\u00e9 guin\u00e9enne , les autorit\u00e9s religieuses seront associ\u00e9es \u00e0 la sensibilisation citoyenne sur l&#8217;importance de la propret\u00e9 de l&#8217;environnement.<\/p>\n<p>\u00ab<em>Nous sommes l\u00e0 ce matin dans le cadre d\u2019une activit\u00e9 d\u2019assainissement . L\u2019initiative est d\u2019une association locale d\u00e9nomm\u00e9e GRAMAB,entendez par l\u00e0, groupe de r\u00e9flexion et d\u2019actions pour le secteur El Mamadou Aliou . Nous avons des points noirs dans notre secteur, ce matin nous avons d\u00e9cid\u00e9 de nous d\u00e9barrasser de ces points et de mettre des mesures dissuasives et des mesures de suivi. Pourquoi cela ? C\u2019est Juste parce qu\u2019on peut pas attendre tout de l\u2019\u00c9tat . Pour le moment, nous savons que la collectivit\u00e9 de Lambagny fait beaucoup d\u2019efforts , donc nous sommes venus nous aligner pour apporter notre pierre \u00e0 la construction de l\u2019\u00e9difice national<\/em> \u00bb, a d\u00e9clar\u00e9 Ousmane BALD\u00c9, l\u2019un des organisateurs de ladite campagne.<\/p>\n<p>\u00ab <em>Une vieille a \u00e9t\u00e9 percut\u00e9 par deux motos \u00e0 cause de la fum\u00e9e des ordures. Nous nous sommes dit que si nous ne faisons rien, \u00e7a sera de plus en plus compliquer. \u00c7a c\u2019est sur l\u2019aspect s\u00e9curitaire, maintenant, sur l\u2019aspect environnemental, nous absorbons plus de gaz carbonique issu de l\u2019incin\u00e9ration de ces ordures. Donc , c\u2019est une inqui\u00e9tude au niveau sanitaire et environnemental qui a envoy\u00e9 ce d\u00e9clic de nous lever afin de se d\u00e9barrasser de ces diff\u00e9rents points noirs de notre secteur<\/em>&gt;&gt; a-t-il ajout\u00e9.<\/p>\n<p><a href=\"https:\/\/www.presseinvestigation.com\/wp-content\/uploads\/2025\/03\/IMG-20250301-WA0006.jpg\"><img decoding=\"async\" class=\"attachment-full size-full\" src=\"https:\/\/www.presseinvestigation.com\/wp-content\/uploads\/2025\/03\/IMG-20250301-WA0006.jpg\" alt=\"\" \/><\/a><\/p>\n<p>Massivement Mobilis\u00e9s et voulant \u00eatre des acteurs du d\u00e9veloppement de leur localit\u00e9, les citoyens du secteur se retrouvent avec des moyens tr\u00e8s limit\u00e9s . Mama Aissata CAMARA, Femme leader du secteur El Hadj Mamadou Aliou BAH , sollicite des mains des autorit\u00e9s de la transition un appui n\u00e9cessaire.<\/p>\n<p>\u00ab <em>Ce quartier est le quartier du g\u00e9n\u00e9ral Amara Camara, Ministre secr\u00e9taire g\u00e9n\u00e9ral \u00e0 la pr\u00e9sidence. Nous lui demandons de nous venir en aide. Cette aide va consister \u00e0 nous aider \u00e0 avoir le mat\u00e9riel d\u00e9dier \u00e0 l\u2019assainissement . A savoir des brouettes, pelles ,des bottes, des gants, des r\u00e2teaux, etc,etc . G\u00e9n\u00e9ral Amara nous voulons travailler mais nous n&#8217;avons pas de moyens . Nous vous prions de nous venir en aide \u00bb <\/em>a-t-elle demand\u00e9.\u00a0<\/p>\n<p><a href=\"https:\/\/www.presseinvestigation.com\/wp-content\/uploads\/2025\/03\/IMG-20250301-WA00091.jpg\"><img decoding=\"async\" class=\"attachment-full size-full\" src=\"https:\/\/www.presseinvestigation.com\/wp-content\/uploads\/2025\/03\/IMG-20250301-WA00091.jpg\" alt=\"\" \/><\/a><br \/>Fascinet CAMARA est pr\u00e9sident de la commission assainissement, hygi\u00e8ne et salubrit\u00e9 \u00e0 la commune de Lambagny. Il assiste \u00e0 cette campagne initi\u00e9e par les citoyens de sa commune au nom du maire . Il invite les citoyens \u00e0 s\u2019abonner <br \/>\u00ab <em>Ce que je peux leur dire , c\u2019est de doubler d\u2019effort , ne pas reculer. Tout ce qu\u2019on fait chez soi, on le fait pour soi-m\u00eame. Quand c\u2019est propre, c\u2019est eux , si c\u2019est sale aussi, c\u2019est eux . Il sont l\u00e0 depuis 8h et il est 12 pass\u00e9e et mais nous sommes toujours l\u00e0. Donc j\u2019invite la population, notamment dans les quartiers, secteur \u00e0 s\u2019abonner aux PME de collecte d\u2019ordures . Regardez les rails, si on les transforme en un d\u00e9potoir, \u00e7a peut causer un d\u00e9g\u00e2t \u00e9norme<\/em> \u00bb a-t-il confi\u00e9.<\/p>\n<p><a href=\"https:\/\/www.presseinvestigation.com\/wp-content\/uploads\/2025\/03\/IMG-20250301-WA0010.jpg\"><img decoding=\"async\" class=\"attachment-full size-full\" src=\"https:\/\/www.presseinvestigation.com\/wp-content\/uploads\/2025\/03\/IMG-20250301-WA0010.jpg\" alt=\"\" \/><\/a><br \/>Le repr\u00e9sentant du Maire de la commune de Lambagny s\u2019est engag\u00e9 \u00e0 rendre compte \u00e0 qui de droit.<\/p>\n<p>\u00ab <em>Au nom de mon Maire , je d\u00e9clare haut et fort que je nous sommes pr\u00eats \u00e0 les accompagner pour que la Commune de Lambagny soit une commune exemplaire dans la capitale guin\u00e9enne. D\u00e9j\u00e0 les images sont pr\u00eates . Je dois lui transmettre un rapport et les images pour lui faire part de ce que j\u2019ai vu ici et l\u00e0 motivation de ces citoyens pour le d\u00e9veloppement de leur localit\u00e9<\/em> \u00bb a promis pr\u00e9sident de la commission assainissement, hygi\u00e8ne et salubrit\u00e9 \u00e0 la commune de Lambagny.<\/p>\n<p>Cette journ\u00e9e d&#8217;assainissement constitue une action phare du GRAMAB en mati\u00e8re de citoyennet\u00e9 active et de d\u00e9veloppement local. Son succ\u00e8s d\u00e9pendra de la mobilisation effective des acteurs locaux et de l&#8217;engagement des populations pour un environnement plus propre et plus s\u00fbr.<\/p>\n<p><strong>Mamoudou DIALLO<\/strong><\/p>\n","protected":false},"excerpt":{"rendered":"<p>En pr\u00e9lude au d\u00e9but du mois saint de Ramadan et \u00e0 la journ\u00e9e assainissement pr\u00f4n\u00e9e par les autorit\u00e9s de la transition, les jeunes de secteur Mamadou Aliou BAH du quartier War\u00e9yah, commune de Lambagny,ont proc\u00e9d\u00e9 \u00e0 l\u2019assainissement de leur zone ce vendredi 28 f\u00e9vrier 2025 . C\u2019est une initiative du groupe de r\u00e9flexion et d\u2019actions [&hellip;]<\/p>\n","protected":false},"author":2,"featured_media":2137,"comment_status":"open","ping_status":"open","sticky":false,"template":"","format":"standard","meta":{"jnews-multi-image_gallery":[],"jnews_single_post":[],"jnews_primary_category":[],"footnotes":""},"categories":[88],"tags":[],"class_list":["post-2138","post","type-post","status-publish","format-standard","has-post-thumbnail","hentry","category-pole-actualite-societe"],"yoast_head":"<!-- This site is optimized with the Yoast SEO plugin v27.3 - https:\/\/yoast.com\/product\/yoast-seo-wordpress\/ -->\n<title>Lambagny\/War\u00e9yah : la jeunesse s\u2019active dans l\u2019assainissement ! - Presseinvestigation<\/title>\n<meta name=\"robots\" content=\"index, follow, max-snippet:-1, max-image-preview:large, max-video-preview:-1\" \/>\n<link rel=\"canonical\" href=\"https:\/\/www.presseinvestigation.com\/index.php\/2025\/03\/01\/lambagny-wareyah-la-jeunesse-sactive-dans-lassainissement\/\" \/>\n<meta property=\"og:locale\" content=\"fr_FR\" \/>\n<meta property=\"og:type\" content=\"article\" \/>\n<meta property=\"og:title\" content=\"Lambagny\/War\u00e9yah : la jeunesse s\u2019active dans l\u2019assainissement ! - Presseinvestigation\" \/>\n<meta property=\"og:description\" content=\"En pr\u00e9lude au d\u00e9but du mois saint de Ramadan et \u00e0 la journ\u00e9e assainissement pr\u00f4n\u00e9e par les autorit\u00e9s de la transition, les jeunes de secteur Mamadou Aliou BAH du quartier War\u00e9yah, commune de Lambagny,ont proc\u00e9d\u00e9 \u00e0 l\u2019assainissement de leur zone ce vendredi 28 f\u00e9vrier 2025 . C\u2019est une initiative du groupe de r\u00e9flexion et d\u2019actions [&hellip;]\" \/>\n<meta property=\"og:url\" content=\"https:\/\/www.presseinvestigation.com\/index.php\/2025\/03\/01\/lambagny-wareyah-la-jeunesse-sactive-dans-lassainissement\/\" \/>\n<meta property=\"og:site_name\" content=\"Presseinvestigation\" \/>\n<meta property=\"article:published_time\" content=\"2025-03-01T15:13:25+00:00\" \/>\n<meta property=\"og:image\" content=\"https:\/\/www.presseinvestigation.com\/wp-content\/uploads\/2025\/03\/IMG-20250301-WA0008.jpg\" \/>\n\t<meta property=\"og:image:width\" content=\"936\" \/>\n\t<meta property=\"og:image:height\" content=\"450\" \/>\n\t<meta property=\"og:image:type\" content=\"image\/jpeg\" \/>\n<meta name=\"author\" content=\"Presseinvestigation.com\" \/>\n<meta name=\"twitter:card\" content=\"summary_large_image\" \/>\n<meta name=\"twitter:label1\" content=\"\u00c9crit par\" \/>\n\t<meta name=\"twitter:data1\" content=\"Presseinvestigation.com\" \/>\n\t<meta name=\"twitter:label2\" content=\"Dur\u00e9e de lecture estim\u00e9e\" \/>\n\t<meta name=\"twitter:data2\" content=\"5 minutes\" \/>\n<script type=\"application\/ld+json\" class=\"yoast-schema-graph\">{\"@context\":\"https:\\\/\\\/schema.org\",\"@graph\":[{\"@type\":\"Article\",\"@id\":\"https:\\\/\\\/www.presseinvestigation.com\\\/index.php\\\/2025\\\/03\\\/01\\\/lambagny-wareyah-la-jeunesse-sactive-dans-lassainissement\\\/#article\",\"isPartOf\":{\"@id\":\"https:\\\/\\\/www.presseinvestigation.com\\\/index.php\\\/2025\\\/03\\\/01\\\/lambagny-wareyah-la-jeunesse-sactive-dans-lassainissement\\\/\"},\"author\":{\"name\":\"Presseinvestigation.com\",\"@id\":\"https:\\\/\\\/www.presseinvestigation.com\\\/#\\\/schema\\\/person\\\/32d023733a4a9d7c3bd6883619b8f116\"},\"headline\":\"Lambagny\\\/War\u00e9yah : la jeunesse s\u2019active dans l\u2019assainissement !\",\"datePublished\":\"2025-03-01T15:13:25+00:00\",\"mainEntityOfPage\":{\"@id\":\"https:\\\/\\\/www.presseinvestigation.com\\\/index.php\\\/2025\\\/03\\\/01\\\/lambagny-wareyah-la-jeunesse-sactive-dans-lassainissement\\\/\"},\"wordCount\":989,\"commentCount\":0,\"image\":{\"@id\":\"https:\\\/\\\/www.presseinvestigation.com\\\/index.php\\\/2025\\\/03\\\/01\\\/lambagny-wareyah-la-jeunesse-sactive-dans-lassainissement\\\/#primaryimage\"},\"thumbnailUrl\":\"https:\\\/\\\/www.presseinvestigation.com\\\/wp-content\\\/uploads\\\/2025\\\/03\\\/IMG-20250301-WA0008.jpg\",\"articleSection\":[\"P\u00f4le Actualit\u00e9-Soci\u00e9t\u00e9\"],\"inLanguage\":\"fr-FR\",\"potentialAction\":[{\"@type\":\"CommentAction\",\"name\":\"Comment\",\"target\":[\"https:\\\/\\\/www.presseinvestigation.com\\\/index.php\\\/2025\\\/03\\\/01\\\/lambagny-wareyah-la-jeunesse-sactive-dans-lassainissement\\\/#respond\"]}]},{\"@type\":\"WebPage\",\"@id\":\"https:\\\/\\\/www.presseinvestigation.com\\\/index.php\\\/2025\\\/03\\\/01\\\/lambagny-wareyah-la-jeunesse-sactive-dans-lassainissement\\\/\",\"url\":\"https:\\\/\\\/www.presseinvestigation.com\\\/index.php\\\/2025\\\/03\\\/01\\\/lambagny-wareyah-la-jeunesse-sactive-dans-lassainissement\\\/\",\"name\":\"Lambagny\\\/War\u00e9yah : la jeunesse s\u2019active dans l\u2019assainissement ! - Presseinvestigation\",\"isPartOf\":{\"@id\":\"https:\\\/\\\/www.presseinvestigation.com\\\/#website\"},\"primaryImageOfPage\":{\"@id\":\"https:\\\/\\\/www.presseinvestigation.com\\\/index.php\\\/2025\\\/03\\\/01\\\/lambagny-wareyah-la-jeunesse-sactive-dans-lassainissement\\\/#primaryimage\"},\"image\":{\"@id\":\"https:\\\/\\\/www.presseinvestigation.com\\\/index.php\\\/2025\\\/03\\\/01\\\/lambagny-wareyah-la-jeunesse-sactive-dans-lassainissement\\\/#primaryimage\"},\"thumbnailUrl\":\"https:\\\/\\\/www.presseinvestigation.com\\\/wp-content\\\/uploads\\\/2025\\\/03\\\/IMG-20250301-WA0008.jpg\",\"datePublished\":\"2025-03-01T15:13:25+00:00\",\"author\":{\"@id\":\"https:\\\/\\\/www.presseinvestigation.com\\\/#\\\/schema\\\/person\\\/32d023733a4a9d7c3bd6883619b8f116\"},\"breadcrumb\":{\"@id\":\"https:\\\/\\\/www.presseinvestigation.com\\\/index.php\\\/2025\\\/03\\\/01\\\/lambagny-wareyah-la-jeunesse-sactive-dans-lassainissement\\\/#breadcrumb\"},\"inLanguage\":\"fr-FR\",\"potentialAction\":[{\"@type\":\"ReadAction\",\"target\":[\"https:\\\/\\\/www.presseinvestigation.com\\\/index.php\\\/2025\\\/03\\\/01\\\/lambagny-wareyah-la-jeunesse-sactive-dans-lassainissement\\\/\"]}]},{\"@type\":\"ImageObject\",\"inLanguage\":\"fr-FR\",\"@id\":\"https:\\\/\\\/www.presseinvestigation.com\\\/index.php\\\/2025\\\/03\\\/01\\\/lambagny-wareyah-la-jeunesse-sactive-dans-lassainissement\\\/#primaryimage\",\"url\":\"https:\\\/\\\/www.presseinvestigation.com\\\/wp-content\\\/uploads\\\/2025\\\/03\\\/IMG-20250301-WA0008.jpg\",\"contentUrl\":\"https:\\\/\\\/www.presseinvestigation.com\\\/wp-content\\\/uploads\\\/2025\\\/03\\\/IMG-20250301-WA0008.jpg\",\"width\":936,\"height\":450},{\"@type\":\"BreadcrumbList\",\"@id\":\"https:\\\/\\\/www.presseinvestigation.com\\\/index.php\\\/2025\\\/03\\\/01\\\/lambagny-wareyah-la-jeunesse-sactive-dans-lassainissement\\\/#breadcrumb\",\"itemListElement\":[{\"@type\":\"ListItem\",\"position\":1,\"name\":\"Accueil\",\"item\":\"https:\\\/\\\/www.presseinvestigation.com\\\/\"},{\"@type\":\"ListItem\",\"position\":2,\"name\":\"Lambagny\\\/War\u00e9yah : la jeunesse s\u2019active dans l\u2019assainissement !\"}]},{\"@type\":\"WebSite\",\"@id\":\"https:\\\/\\\/www.presseinvestigation.com\\\/#website\",\"url\":\"https:\\\/\\\/www.presseinvestigation.com\\\/\",\"name\":\"Presseinvestigation\",\"description\":\"Informer dans l&#039;impartialit\u00e9\",\"potentialAction\":[{\"@type\":\"SearchAction\",\"target\":{\"@type\":\"EntryPoint\",\"urlTemplate\":\"https:\\\/\\\/www.presseinvestigation.com\\\/?s={search_term_string}\"},\"query-input\":{\"@type\":\"PropertyValueSpecification\",\"valueRequired\":true,\"valueName\":\"search_term_string\"}}],\"inLanguage\":\"fr-FR\"},{\"@type\":\"Person\",\"@id\":\"https:\\\/\\\/www.presseinvestigation.com\\\/#\\\/schema\\\/person\\\/32d023733a4a9d7c3bd6883619b8f116\",\"name\":\"Presseinvestigation.com\",\"image\":{\"@type\":\"ImageObject\",\"inLanguage\":\"fr-FR\",\"@id\":\"https:\\\/\\\/secure.gravatar.com\\\/avatar\\\/26f9c9e95424b0bde739ba0af37ee39a9e4a9e809967422c5b8e8573a34fbbe0?s=96&d=mm&r=g\",\"url\":\"https:\\\/\\\/secure.gravatar.com\\\/avatar\\\/26f9c9e95424b0bde739ba0af37ee39a9e4a9e809967422c5b8e8573a34fbbe0?s=96&d=mm&r=g\",\"contentUrl\":\"https:\\\/\\\/secure.gravatar.com\\\/avatar\\\/26f9c9e95424b0bde739ba0af37ee39a9e4a9e809967422c5b8e8573a34fbbe0?s=96&d=mm&r=g\",\"caption\":\"Presseinvestigation.com\"},\"url\":\"https:\\\/\\\/www.presseinvestigation.com\\\/index.php\\\/author\\\/toumany\\\/\"}]}<\/script>\n<!-- \/ Yoast SEO plugin. -->","yoast_head_json":{"title":"Lambagny\/War\u00e9yah : la jeunesse s\u2019active dans l\u2019assainissement ! - Presseinvestigation","robots":{"index":"index","follow":"follow","max-snippet":"max-snippet:-1","max-image-preview":"max-image-preview:large","max-video-preview":"max-video-preview:-1"},"canonical":"https:\/\/www.presseinvestigation.com\/index.php\/2025\/03\/01\/lambagny-wareyah-la-jeunesse-sactive-dans-lassainissement\/","og_locale":"fr_FR","og_type":"article","og_title":"Lambagny\/War\u00e9yah : la jeunesse s\u2019active dans l\u2019assainissement ! - Presseinvestigation","og_description":"En pr\u00e9lude au d\u00e9but du mois saint de Ramadan et \u00e0 la journ\u00e9e assainissement pr\u00f4n\u00e9e par les autorit\u00e9s de la transition, les jeunes de secteur Mamadou Aliou BAH du quartier War\u00e9yah, commune de Lambagny,ont proc\u00e9d\u00e9 \u00e0 l\u2019assainissement de leur zone ce vendredi 28 f\u00e9vrier 2025 . C\u2019est une initiative du groupe de r\u00e9flexion et d\u2019actions [&hellip;]","og_url":"https:\/\/www.presseinvestigation.com\/index.php\/2025\/03\/01\/lambagny-wareyah-la-jeunesse-sactive-dans-lassainissement\/","og_site_name":"Presseinvestigation","article_published_time":"2025-03-01T15:13:25+00:00","og_image":[{"width":936,"height":450,"url":"https:\/\/www.presseinvestigation.com\/wp-content\/uploads\/2025\/03\/IMG-20250301-WA0008.jpg","type":"image\/jpeg"}],"author":"Presseinvestigation.com","twitter_card":"summary_large_image","twitter_misc":{"\u00c9crit par":"Presseinvestigation.com","Dur\u00e9e de lecture estim\u00e9e":"5 minutes"},"schema":{"@context":"https:\/\/schema.org","@graph":[{"@type":"Article","@id":"https:\/\/www.presseinvestigation.com\/index.php\/2025\/03\/01\/lambagny-wareyah-la-jeunesse-sactive-dans-lassainissement\/#article","isPartOf":{"@id":"https:\/\/www.presseinvestigation.com\/index.php\/2025\/03\/01\/lambagny-wareyah-la-jeunesse-sactive-dans-lassainissement\/"},"author":{"name":"Presseinvestigation.com","@id":"https:\/\/www.presseinvestigation.com\/#\/schema\/person\/32d023733a4a9d7c3bd6883619b8f116"},"headline":"Lambagny\/War\u00e9yah : la jeunesse s\u2019active dans l\u2019assainissement !","datePublished":"2025-03-01T15:13:25+00:00","mainEntityOfPage":{"@id":"https:\/\/www.presseinvestigation.com\/index.php\/2025\/03\/01\/lambagny-wareyah-la-jeunesse-sactive-dans-lassainissement\/"},"wordCount":989,"commentCount":0,"image":{"@id":"https:\/\/www.presseinvestigation.com\/index.php\/2025\/03\/01\/lambagny-wareyah-la-jeunesse-sactive-dans-lassainissement\/#primaryimage"},"thumbnailUrl":"https:\/\/www.presseinvestigation.com\/wp-content\/uploads\/2025\/03\/IMG-20250301-WA0008.jpg","articleSection":["P\u00f4le Actualit\u00e9-Soci\u00e9t\u00e9"],"inLanguage":"fr-FR","potentialAction":[{"@type":"CommentAction","name":"Comment","target":["https:\/\/www.presseinvestigation.com\/index.php\/2025\/03\/01\/lambagny-wareyah-la-jeunesse-sactive-dans-lassainissement\/#respond"]}]},{"@type":"WebPage","@id":"https:\/\/www.presseinvestigation.com\/index.php\/2025\/03\/01\/lambagny-wareyah-la-jeunesse-sactive-dans-lassainissement\/","url":"https:\/\/www.presseinvestigation.com\/index.php\/2025\/03\/01\/lambagny-wareyah-la-jeunesse-sactive-dans-lassainissement\/","name":"Lambagny\/War\u00e9yah : la jeunesse s\u2019active dans l\u2019assainissement ! - Presseinvestigation","isPartOf":{"@id":"https:\/\/www.presseinvestigation.com\/#website"},"primaryImageOfPage":{"@id":"https:\/\/www.presseinvestigation.com\/index.php\/2025\/03\/01\/lambagny-wareyah-la-jeunesse-sactive-dans-lassainissement\/#primaryimage"},"image":{"@id":"https:\/\/www.presseinvestigation.com\/index.php\/2025\/03\/01\/lambagny-wareyah-la-jeunesse-sactive-dans-lassainissement\/#primaryimage"},"thumbnailUrl":"https:\/\/www.presseinvestigation.com\/wp-content\/uploads\/2025\/03\/IMG-20250301-WA0008.jpg","datePublished":"2025-03-01T15:13:25+00:00","author":{"@id":"https:\/\/www.presseinvestigation.com\/#\/schema\/person\/32d023733a4a9d7c3bd6883619b8f116"},"breadcrumb":{"@id":"https:\/\/www.presseinvestigation.com\/index.php\/2025\/03\/01\/lambagny-wareyah-la-jeunesse-sactive-dans-lassainissement\/#breadcrumb"},"inLanguage":"fr-FR","potentialAction":[{"@type":"ReadAction","target":["https:\/\/www.presseinvestigation.com\/index.php\/2025\/03\/01\/lambagny-wareyah-la-jeunesse-sactive-dans-lassainissement\/"]}]},{"@type":"ImageObject","inLanguage":"fr-FR","@id":"https:\/\/www.presseinvestigation.com\/index.php\/2025\/03\/01\/lambagny-wareyah-la-jeunesse-sactive-dans-lassainissement\/#primaryimage","url":"https:\/\/www.presseinvestigation.com\/wp-content\/uploads\/2025\/03\/IMG-20250301-WA0008.jpg","contentUrl":"https:\/\/www.presseinvestigation.com\/wp-content\/uploads\/2025\/03\/IMG-20250301-WA0008.jpg","width":936,"height":450},{"@type":"BreadcrumbList","@id":"https:\/\/www.presseinvestigation.com\/index.php\/2025\/03\/01\/lambagny-wareyah-la-jeunesse-sactive-dans-lassainissement\/#breadcrumb","itemListElement":[{"@type":"ListItem","position":1,"name":"Accueil","item":"https:\/\/www.presseinvestigation.com\/"},{"@type":"ListItem","position":2,"name":"Lambagny\/War\u00e9yah : la jeunesse s\u2019active dans l\u2019assainissement !"}]},{"@type":"WebSite","@id":"https:\/\/www.presseinvestigation.com\/#website","url":"https:\/\/www.presseinvestigation.com\/","name":"Presseinvestigation","description":"Informer dans l&#039;impartialit\u00e9","potentialAction":[{"@type":"SearchAction","target":{"@type":"EntryPoint","urlTemplate":"https:\/\/www.presseinvestigation.com\/?s={search_term_string}"},"query-input":{"@type":"PropertyValueSpecification","valueRequired":true,"valueName":"search_term_string"}}],"inLanguage":"fr-FR"},{"@type":"Person","@id":"https:\/\/www.presseinvestigation.com\/#\/schema\/person\/32d023733a4a9d7c3bd6883619b8f116","name":"Presseinvestigation.com","image":{"@type":"ImageObject","inLanguage":"fr-FR","@id":"https:\/\/secure.gravatar.com\/avatar\/26f9c9e95424b0bde739ba0af37ee39a9e4a9e809967422c5b8e8573a34fbbe0?s=96&d=mm&r=g","url":"https:\/\/secure.gravatar.com\/avatar\/26f9c9e95424b0bde739ba0af37ee39a9e4a9e809967422c5b8e8573a34fbbe0?s=96&d=mm&r=g","contentUrl":"https:\/\/secure.gravatar.com\/avatar\/26f9c9e95424b0bde739ba0af37ee39a9e4a9e809967422c5b8e8573a34fbbe0?s=96&d=mm&r=g","caption":"Presseinvestigation.com"},"url":"https:\/\/www.presseinvestigation.com\/index.php\/author\/toumany\/"}]}},"_links":{"self":[{"href":"https:\/\/www.presseinvestigation.com\/index.php\/wp-json\/wp\/v2\/posts\/2138","targetHints":{"allow":["GET"]}}],"collection":[{"href":"https:\/\/www.presseinvestigation.com\/index.php\/wp-json\/wp\/v2\/posts"}],"about":[{"href":"https:\/\/www.presseinvestigation.com\/index.php\/wp-json\/wp\/v2\/types\/post"}],"author":[{"embeddable":true,"href":"https:\/\/www.presseinvestigation.com\/index.php\/wp-json\/wp\/v2\/users\/2"}],"replies":[{"embeddable":true,"href":"https:\/\/www.presseinvestigation.com\/index.php\/wp-json\/wp\/v2\/comments?post=2138"}],"version-history":[{"count":1,"href":"https:\/\/www.presseinvestigation.com\/index.php\/wp-json\/wp\/v2\/posts\/2138\/revisions"}],"predecessor-version":[{"id":2139,"href":"https:\/\/www.presseinvestigation.com\/index.php\/wp-json\/wp\/v2\/posts\/2138\/revisions\/2139"}],"wp:featuredmedia":[{"embeddable":true,"href":"https:\/\/www.presseinvestigation.com\/index.php\/wp-json\/wp\/v2\/media\/2137"}],"wp:attachment":[{"href":"https:\/\/www.presseinvestigation.com\/index.php\/wp-json\/wp\/v2\/media?parent=2138"}],"wp:term":[{"taxonomy":"category","embeddable":true,"href":"https:\/\/www.presseinvestigation.com\/index.php\/wp-json\/wp\/v2\/categories?post=2138"},{"taxonomy":"post_tag","embeddable":true,"href":"https:\/\/www.presseinvestigation.com\/index.php\/wp-json\/wp\/v2\/tags?post=2138"}],"curies":[{"name":"wp","href":"https:\/\/api.w.org\/{rel}","templated":true}]}}