{"id":2186,"date":"2025-03-18T14:25:17","date_gmt":"2025-03-18T13:25:17","guid":{"rendered":"https:\/\/www.presseinvestigation.com\/index.php\/2025\/03\/18\/kaloum-fe-cest-notre-facon-daccompagner-le-general-mamadi-doumbouya-dans-ses-ambitions-du-developpement-de-notre-pays-dixit-naby-youla-responsable-de-ladite-as\/"},"modified":"2025-03-18T15:22:47","modified_gmt":"2025-03-18T14:22:47","slug":"kaloum-fe-cest-notre-facon-daccompagner-le-general-mamadi-doumbouya-dans-ses-ambitions-du-developpement-de-notre-pays-dixit-naby-youla-responsable-de-ladite-as","status":"publish","type":"post","link":"https:\/\/www.presseinvestigation.com\/index.php\/2025\/03\/18\/kaloum-fe-cest-notre-facon-daccompagner-le-general-mamadi-doumbouya-dans-ses-ambitions-du-developpement-de-notre-pays-dixit-naby-youla-responsable-de-ladite-as\/","title":{"rendered":"Kaloum F\u00e9 : &lt;&lt;C\u2019est notre fa\u00e7on d\u2019accompagner le G\u00e9n\u00e9ral Mamadi DOUMBOUYA dans ses ambitions du d\u00e9veloppement de notre pays\u00a0\u00bb. Dixit Naby Youla responsable de ladite Association"},"content":{"rendered":"<p><strong>Aujourd\u2019hui, chaque week-end, il y&#8217;a des routes de Kaloum qui sont nettoy\u00e9s par certains jeunes et\u00a0 femmes regroup\u00e9s dans l&#8217;Association &#8220;Kaloum F\u00e9&#8221;, dirig\u00e9e par Naby YOULA. Le dimanche 16 mars 2025, un journaliste de pressinvestigation.com a remarqu\u00e9\u00a0 la propret\u00e9 impressionnante d\u2019une ruelle du quartier Sandervaliyah dans la commune de Kaloum. Il a \u00e9t\u00e9 constat\u00e9 que c\u2019est l\u2019\u0153uvre de Kaloum F\u00e9. Sur le coup , une interview a \u00e9t\u00e9 demand\u00e9e au premier responsable\u00a0 de cette Association et il a r\u00e9pondu aux questions.<\/strong><\/p>\n<p><a href=\"https:\/\/www.presseinvestigation.com\/wp-content\/uploads\/2025\/03\/IMG-20250318-WA0001.jpg\"><img decoding=\"async\" class=\"attachment-full size-full\" src=\"https:\/\/www.presseinvestigation.com\/wp-content\/uploads\/2025\/03\/IMG-20250318-WA0001.jpg\" alt=\"\" \/><\/a><\/p>\n<p><strong>Dites-nous le r\u00f4le de votre association \u00e0 Kaloum\u00a0?<\/strong><\/p>\n<p>Notre priorit\u00e9 c\u2019est de rendre Kaloum, ville propre, parce que c\u2019est notre capitale. Et l\u2019id\u00e9ologie de notre Pr\u00e9sident de la R\u00e9publique G\u00e9n\u00e9ral Mamadi DOUMBOUYA, c&#8217;est de voir la ville de Kaloum d\u00e9barrasser de toutes les ordures dans les rues. Le chef de l\u2019Etat souhaite que toute l\u2019\u00e9tendue du territoire national de la Guin\u00e9e soit tr\u00e8s propre.C&#8217;est l&#8217;objectif que &#8220;Kaloum F\u00e9&#8221; s&#8217;est fix\u00e9.<\/p>\n<p><a href=\"https:\/\/www.presseinvestigation.com\/wp-content\/uploads\/2025\/03\/IMG-20250318-WA0002.jpg\"><img decoding=\"async\" class=\"attachment-full size-full\" src=\"https:\/\/www.presseinvestigation.com\/wp-content\/uploads\/2025\/03\/IMG-20250318-WA0002.jpg\" alt=\"\" \/><\/a><\/p>\n<p><strong>Il y a combien d&#8217;ann\u00e9es votre association existe\u00a0 et quels sont les moyens \u00e0 sa disposition pour mener les activit\u00e9s sur le terrain ?<\/strong><\/p>\n<p>Cela fait 3 ans que nous avons commenc\u00e9 l\u2019Association Kaloum F\u00e9 avec les braves femmes et les jeunes sans aucun moyen financier et mat\u00e9riels. Quand on fait nos activit\u00e9s, chaque membre donne sa contribution pour la r\u00e9alisation de nos projets. Il y a aussi des personnes de bonne volont\u00e9 qui nous font des appuis mat\u00e9riels.<\/p>\n<p><strong>Vous avez \u00e9t\u00e9 r\u00e9cemment d\u00e9sign\u00e9 par une d\u00e9cision officielle comme le coordinateur des mobilisations \u00e0 Kaloum, parlez-nous de quoi s\u2019agit cet acte\u00a0?<\/strong><\/p>\n<p>Je remercie Monsieur K\u00e9l\u00e9tigui DOUMBOUYA, le coordinateur national des Mouvements, Associations et les s\u00e9r\u00e9s pour les acquis du CNRD. Il a choisi ma modeste personne d\u2019\u00eatre le coordinateur communal de Kaloum, de toutes les associations, des mouvements et des s\u00e9r\u00e9s\u00a0 qui soutiennent les activit\u00e9s\u00a0 du CNRD.<\/p>\n<p><a href=\"https:\/\/www.presseinvestigation.com\/wp-content\/uploads\/2025\/03\/IMG-20250318-WA0003.jpg\"><img decoding=\"async\" class=\"attachment-full size-full\" src=\"https:\/\/www.presseinvestigation.com\/wp-content\/uploads\/2025\/03\/IMG-20250318-WA0003.jpg\" alt=\"\" \/><\/a><\/p>\n<p><strong>Comment cette d\u00e9cision est accueillie au sein de l\u2019Association Kaloum F\u00e9\u00a0?<\/strong><\/p>\n<p>C\u2019est la joie et la fiert\u00e9 de tous les membres de l\u2019Association Kaloum F\u00e9. C\u2019est surtout la confiance et la reconnaissance de notre travail pour le b\u00e9n\u00e9fice des habitants de Kaloum. Et je vous dit l\u2019honneur revient aux femmes et jeunes toujours pr\u00e9sents pour assainir notre cit\u00e9. Nous allons travailler pour regrouper tous les citoyens de Kaloum dans le sens de l\u2019int\u00e9r\u00eat public en accompagnant les actions du CNRD.<\/p>\n<p><strong>Quels messages avez-vous\u00a0 \u00e0 adresser \u00e0 la population de Kaloum par rapport \u00e0 votre association Kaloum F\u00e9 et par rapport \u00e0 vos activit\u00e9s d\u2019assainissement ? <\/strong><\/p>\n<p>Aujourd\u2019hui on m\u2019a mis \u00e0 la t\u00eate de la coordination communale des Associations et des Mouvements \u00e0 Kaloum.je tends les mains \u00e0 tout le monde, \u00e0 toutes les associations qui sont l\u00e0 pour le soutient du CNRD.Nous devons aller dans\u00a0 le m\u00eame sens, rendre Kaloum propre et accompagner le G\u00e9n\u00e9ral Mamadi DOUMBOUYA dans ses ambitions du d\u00e9veloppement de notre pays.<\/p>\n<p><strong>Merci Monsieur le pr\u00e9sident de l\u2019Association Kaloum F\u00e9<\/strong><\/p>\n<p>C\u2019est \u00e0 moi de vous remercier<\/p>\n<p><strong>Propos recueillis par Toumany CAMARA<\/strong><\/p>\n","protected":false},"excerpt":{"rendered":"<p>Aujourd\u2019hui, chaque week-end, il y&#8217;a des routes de Kaloum qui sont nettoy\u00e9s par certains jeunes et\u00a0 femmes regroup\u00e9s dans l&#8217;Association &#8220;Kaloum F\u00e9&#8221;, dirig\u00e9e par Naby YOULA. Le dimanche 16 mars 2025, un journaliste de pressinvestigation.com a remarqu\u00e9\u00a0 la propret\u00e9 impressionnante d\u2019une ruelle du quartier Sandervaliyah dans la commune de Kaloum. Il a \u00e9t\u00e9 constat\u00e9 que [&hellip;]<\/p>\n","protected":false},"author":2,"featured_media":2188,"comment_status":"open","ping_status":"open","sticky":false,"template":"","format":"standard","meta":{"jnews-multi-image_gallery":[],"jnews_single_post":{"source_name":"","source_url":"","via_name":"","via_url":"","override_template":"0","override":[{"template":"1","single_blog_custom":"","parallax":"1","fullscreen":"1","layout":"right-sidebar","sidebar":"default-sidebar","second_sidebar":"default-sidebar","sticky_sidebar":"1","share_position":"bottom","share_float_style":"share-monocrhome","show_share_counter":"1","show_view_counter":"1","show_featured":"1","show_post_meta":"1","show_post_author":"1","show_post_author_image":"1","show_post_date":"1","post_date_format":"default","post_date_format_custom":"Y\/m\/d","show_post_category":"1","show_post_reading_time":"0","post_reading_time_wpm":"300","show_zoom_button":"0","zoom_button_out_step":"2","zoom_button_in_step":"3","show_post_tag":"1","show_prev_next_post":"1","show_popup_post":"1","number_popup_post":"1","show_author_box":"0","show_post_related":"0","show_inline_post_related":"0"}],"override_image_size":"0","image_override":[{"single_post_thumbnail_size":"crop-500","single_post_gallery_size":"crop-500"}],"trending_post":"0","trending_post_position":"meta","trending_post_label":"Trending","sponsored_post":"0","sponsored_post_label":"Sponsored by","sponsored_post_name":"","sponsored_post_url":"","sponsored_post_logo_enable":"0","sponsored_post_logo":"","sponsored_post_desc":"","disable_ad":"0"},"jnews_primary_category":{"id":"","hide":""},"footnotes":""},"categories":[88],"tags":[],"class_list":["post-2186","post","type-post","status-publish","format-standard","has-post-thumbnail","hentry","category-pole-actualite-societe"],"yoast_head":"<!-- This site is optimized with the Yoast SEO plugin v27.3 - https:\/\/yoast.com\/product\/yoast-seo-wordpress\/ -->\n<title>Kaloum F\u00e9 : &lt;&lt;C\u2019est notre fa\u00e7on d\u2019accompagner le G\u00e9n\u00e9ral Mamadi DOUMBOUYA dans ses ambitions du d\u00e9veloppement de notre pays\u00a0\u00bb. Dixit Naby Youla responsable de ladite Association - Presseinvestigation<\/title>\n<meta name=\"robots\" content=\"index, follow, max-snippet:-1, max-image-preview:large, max-video-preview:-1\" \/>\n<link rel=\"canonical\" href=\"https:\/\/www.presseinvestigation.com\/index.php\/2025\/03\/18\/kaloum-fe-cest-notre-facon-daccompagner-le-general-mamadi-doumbouya-dans-ses-ambitions-du-developpement-de-notre-pays-dixit-naby-youla-responsable-de-ladite-as\/\" \/>\n<meta property=\"og:locale\" content=\"fr_FR\" \/>\n<meta property=\"og:type\" content=\"article\" \/>\n<meta property=\"og:title\" content=\"Kaloum F\u00e9 : &lt;&lt;C\u2019est notre fa\u00e7on d\u2019accompagner le G\u00e9n\u00e9ral Mamadi DOUMBOUYA dans ses ambitions du d\u00e9veloppement de notre pays\u00a0\u00bb. Dixit Naby Youla responsable de ladite Association - Presseinvestigation\" \/>\n<meta property=\"og:description\" content=\"Aujourd\u2019hui, chaque week-end, il y&#8217;a des routes de Kaloum qui sont nettoy\u00e9s par certains jeunes et\u00a0 femmes regroup\u00e9s dans l&#8217;Association &#8220;Kaloum F\u00e9&#8221;, dirig\u00e9e par Naby YOULA. Le dimanche 16 mars 2025, un journaliste de pressinvestigation.com a remarqu\u00e9\u00a0 la propret\u00e9 impressionnante d\u2019une ruelle du quartier Sandervaliyah dans la commune de Kaloum. Il a \u00e9t\u00e9 constat\u00e9 que [&hellip;]\" \/>\n<meta property=\"og:url\" content=\"https:\/\/www.presseinvestigation.com\/index.php\/2025\/03\/18\/kaloum-fe-cest-notre-facon-daccompagner-le-general-mamadi-doumbouya-dans-ses-ambitions-du-developpement-de-notre-pays-dixit-naby-youla-responsable-de-ladite-as\/\" \/>\n<meta property=\"og:site_name\" content=\"Presseinvestigation\" \/>\n<meta property=\"article:published_time\" content=\"2025-03-18T13:25:17+00:00\" \/>\n<meta property=\"article:modified_time\" content=\"2025-03-18T14:22:47+00:00\" \/>\n<meta property=\"og:image\" content=\"https:\/\/www.presseinvestigation.com\/wp-content\/uploads\/2025\/03\/IMG-20250318-WA0006.jpg\" \/>\n\t<meta property=\"og:image:width\" content=\"1020\" \/>\n\t<meta property=\"og:image:height\" content=\"471\" \/>\n\t<meta property=\"og:image:type\" content=\"image\/jpeg\" \/>\n<meta name=\"author\" content=\"Presseinvestigation.com\" \/>\n<meta name=\"twitter:card\" content=\"summary_large_image\" \/>\n<meta name=\"twitter:label1\" content=\"\u00c9crit par\" \/>\n\t<meta name=\"twitter:data1\" content=\"Presseinvestigation.com\" \/>\n\t<meta name=\"twitter:label2\" content=\"Dur\u00e9e de lecture estim\u00e9e\" \/>\n\t<meta name=\"twitter:data2\" content=\"4 minutes\" \/>\n<script type=\"application\/ld+json\" class=\"yoast-schema-graph\">{\"@context\":\"https:\\\/\\\/schema.org\",\"@graph\":[{\"@type\":\"Article\",\"@id\":\"https:\\\/\\\/www.presseinvestigation.com\\\/index.php\\\/2025\\\/03\\\/18\\\/kaloum-fe-cest-notre-facon-daccompagner-le-general-mamadi-doumbouya-dans-ses-ambitions-du-developpement-de-notre-pays-dixit-naby-youla-responsable-de-ladite-as\\\/#article\",\"isPartOf\":{\"@id\":\"https:\\\/\\\/www.presseinvestigation.com\\\/index.php\\\/2025\\\/03\\\/18\\\/kaloum-fe-cest-notre-facon-daccompagner-le-general-mamadi-doumbouya-dans-ses-ambitions-du-developpement-de-notre-pays-dixit-naby-youla-responsable-de-ladite-as\\\/\"},\"author\":{\"name\":\"Presseinvestigation.com\",\"@id\":\"https:\\\/\\\/www.presseinvestigation.com\\\/#\\\/schema\\\/person\\\/32d023733a4a9d7c3bd6883619b8f116\"},\"headline\":\"Kaloum F\u00e9 : &lt;&lt;C\u2019est notre fa\u00e7on d\u2019accompagner le G\u00e9n\u00e9ral Mamadi DOUMBOUYA dans ses ambitions du d\u00e9veloppement de notre pays\u00a0\u00bb. Dixit Naby Youla responsable de ladite Association\",\"datePublished\":\"2025-03-18T13:25:17+00:00\",\"dateModified\":\"2025-03-18T14:22:47+00:00\",\"mainEntityOfPage\":{\"@id\":\"https:\\\/\\\/www.presseinvestigation.com\\\/index.php\\\/2025\\\/03\\\/18\\\/kaloum-fe-cest-notre-facon-daccompagner-le-general-mamadi-doumbouya-dans-ses-ambitions-du-developpement-de-notre-pays-dixit-naby-youla-responsable-de-ladite-as\\\/\"},\"wordCount\":574,\"commentCount\":0,\"image\":{\"@id\":\"https:\\\/\\\/www.presseinvestigation.com\\\/index.php\\\/2025\\\/03\\\/18\\\/kaloum-fe-cest-notre-facon-daccompagner-le-general-mamadi-doumbouya-dans-ses-ambitions-du-developpement-de-notre-pays-dixit-naby-youla-responsable-de-ladite-as\\\/#primaryimage\"},\"thumbnailUrl\":\"https:\\\/\\\/www.presseinvestigation.com\\\/wp-content\\\/uploads\\\/2025\\\/03\\\/IMG-20250318-WA0006.jpg\",\"articleSection\":[\"P\u00f4le Actualit\u00e9-Soci\u00e9t\u00e9\"],\"inLanguage\":\"fr-FR\",\"potentialAction\":[{\"@type\":\"CommentAction\",\"name\":\"Comment\",\"target\":[\"https:\\\/\\\/www.presseinvestigation.com\\\/index.php\\\/2025\\\/03\\\/18\\\/kaloum-fe-cest-notre-facon-daccompagner-le-general-mamadi-doumbouya-dans-ses-ambitions-du-developpement-de-notre-pays-dixit-naby-youla-responsable-de-ladite-as\\\/#respond\"]}]},{\"@type\":\"WebPage\",\"@id\":\"https:\\\/\\\/www.presseinvestigation.com\\\/index.php\\\/2025\\\/03\\\/18\\\/kaloum-fe-cest-notre-facon-daccompagner-le-general-mamadi-doumbouya-dans-ses-ambitions-du-developpement-de-notre-pays-dixit-naby-youla-responsable-de-ladite-as\\\/\",\"url\":\"https:\\\/\\\/www.presseinvestigation.com\\\/index.php\\\/2025\\\/03\\\/18\\\/kaloum-fe-cest-notre-facon-daccompagner-le-general-mamadi-doumbouya-dans-ses-ambitions-du-developpement-de-notre-pays-dixit-naby-youla-responsable-de-ladite-as\\\/\",\"name\":\"Kaloum F\u00e9 : &lt;&lt;C\u2019est notre fa\u00e7on d\u2019accompagner le G\u00e9n\u00e9ral Mamadi DOUMBOUYA dans ses ambitions du d\u00e9veloppement de notre pays\u00a0\u00bb. Dixit Naby Youla responsable de ladite Association - Presseinvestigation\",\"isPartOf\":{\"@id\":\"https:\\\/\\\/www.presseinvestigation.com\\\/#website\"},\"primaryImageOfPage\":{\"@id\":\"https:\\\/\\\/www.presseinvestigation.com\\\/index.php\\\/2025\\\/03\\\/18\\\/kaloum-fe-cest-notre-facon-daccompagner-le-general-mamadi-doumbouya-dans-ses-ambitions-du-developpement-de-notre-pays-dixit-naby-youla-responsable-de-ladite-as\\\/#primaryimage\"},\"image\":{\"@id\":\"https:\\\/\\\/www.presseinvestigation.com\\\/index.php\\\/2025\\\/03\\\/18\\\/kaloum-fe-cest-notre-facon-daccompagner-le-general-mamadi-doumbouya-dans-ses-ambitions-du-developpement-de-notre-pays-dixit-naby-youla-responsable-de-ladite-as\\\/#primaryimage\"},\"thumbnailUrl\":\"https:\\\/\\\/www.presseinvestigation.com\\\/wp-content\\\/uploads\\\/2025\\\/03\\\/IMG-20250318-WA0006.jpg\",\"datePublished\":\"2025-03-18T13:25:17+00:00\",\"dateModified\":\"2025-03-18T14:22:47+00:00\",\"author\":{\"@id\":\"https:\\\/\\\/www.presseinvestigation.com\\\/#\\\/schema\\\/person\\\/32d023733a4a9d7c3bd6883619b8f116\"},\"breadcrumb\":{\"@id\":\"https:\\\/\\\/www.presseinvestigation.com\\\/index.php\\\/2025\\\/03\\\/18\\\/kaloum-fe-cest-notre-facon-daccompagner-le-general-mamadi-doumbouya-dans-ses-ambitions-du-developpement-de-notre-pays-dixit-naby-youla-responsable-de-ladite-as\\\/#breadcrumb\"},\"inLanguage\":\"fr-FR\",\"potentialAction\":[{\"@type\":\"ReadAction\",\"target\":[\"https:\\\/\\\/www.presseinvestigation.com\\\/index.php\\\/2025\\\/03\\\/18\\\/kaloum-fe-cest-notre-facon-daccompagner-le-general-mamadi-doumbouya-dans-ses-ambitions-du-developpement-de-notre-pays-dixit-naby-youla-responsable-de-ladite-as\\\/\"]}]},{\"@type\":\"ImageObject\",\"inLanguage\":\"fr-FR\",\"@id\":\"https:\\\/\\\/www.presseinvestigation.com\\\/index.php\\\/2025\\\/03\\\/18\\\/kaloum-fe-cest-notre-facon-daccompagner-le-general-mamadi-doumbouya-dans-ses-ambitions-du-developpement-de-notre-pays-dixit-naby-youla-responsable-de-ladite-as\\\/#primaryimage\",\"url\":\"https:\\\/\\\/www.presseinvestigation.com\\\/wp-content\\\/uploads\\\/2025\\\/03\\\/IMG-20250318-WA0006.jpg\",\"contentUrl\":\"https:\\\/\\\/www.presseinvestigation.com\\\/wp-content\\\/uploads\\\/2025\\\/03\\\/IMG-20250318-WA0006.jpg\",\"width\":1020,\"height\":471},{\"@type\":\"BreadcrumbList\",\"@id\":\"https:\\\/\\\/www.presseinvestigation.com\\\/index.php\\\/2025\\\/03\\\/18\\\/kaloum-fe-cest-notre-facon-daccompagner-le-general-mamadi-doumbouya-dans-ses-ambitions-du-developpement-de-notre-pays-dixit-naby-youla-responsable-de-ladite-as\\\/#breadcrumb\",\"itemListElement\":[{\"@type\":\"ListItem\",\"position\":1,\"name\":\"Accueil\",\"item\":\"https:\\\/\\\/www.presseinvestigation.com\\\/\"},{\"@type\":\"ListItem\",\"position\":2,\"name\":\"Kaloum F\u00e9 : &lt;&lt;C\u2019est notre fa\u00e7on d\u2019accompagner le G\u00e9n\u00e9ral Mamadi DOUMBOUYA dans ses ambitions du d\u00e9veloppement de notre pays\u00a0\u00bb. Dixit Naby Youla responsable de ladite Association\"}]},{\"@type\":\"WebSite\",\"@id\":\"https:\\\/\\\/www.presseinvestigation.com\\\/#website\",\"url\":\"https:\\\/\\\/www.presseinvestigation.com\\\/\",\"name\":\"Presseinvestigation\",\"description\":\"Informer dans l&#039;impartialit\u00e9\",\"potentialAction\":[{\"@type\":\"SearchAction\",\"target\":{\"@type\":\"EntryPoint\",\"urlTemplate\":\"https:\\\/\\\/www.presseinvestigation.com\\\/?s={search_term_string}\"},\"query-input\":{\"@type\":\"PropertyValueSpecification\",\"valueRequired\":true,\"valueName\":\"search_term_string\"}}],\"inLanguage\":\"fr-FR\"},{\"@type\":\"Person\",\"@id\":\"https:\\\/\\\/www.presseinvestigation.com\\\/#\\\/schema\\\/person\\\/32d023733a4a9d7c3bd6883619b8f116\",\"name\":\"Presseinvestigation.com\",\"image\":{\"@type\":\"ImageObject\",\"inLanguage\":\"fr-FR\",\"@id\":\"https:\\\/\\\/secure.gravatar.com\\\/avatar\\\/26f9c9e95424b0bde739ba0af37ee39a9e4a9e809967422c5b8e8573a34fbbe0?s=96&d=mm&r=g\",\"url\":\"https:\\\/\\\/secure.gravatar.com\\\/avatar\\\/26f9c9e95424b0bde739ba0af37ee39a9e4a9e809967422c5b8e8573a34fbbe0?s=96&d=mm&r=g\",\"contentUrl\":\"https:\\\/\\\/secure.gravatar.com\\\/avatar\\\/26f9c9e95424b0bde739ba0af37ee39a9e4a9e809967422c5b8e8573a34fbbe0?s=96&d=mm&r=g\",\"caption\":\"Presseinvestigation.com\"},\"url\":\"https:\\\/\\\/www.presseinvestigation.com\\\/index.php\\\/author\\\/toumany\\\/\"}]}<\/script>\n<!-- \/ Yoast SEO plugin. -->","yoast_head_json":{"title":"Kaloum F\u00e9 : &lt;&lt;C\u2019est notre fa\u00e7on d\u2019accompagner le G\u00e9n\u00e9ral Mamadi DOUMBOUYA dans ses ambitions du d\u00e9veloppement de notre pays\u00a0\u00bb. Dixit Naby Youla responsable de ladite Association - Presseinvestigation","robots":{"index":"index","follow":"follow","max-snippet":"max-snippet:-1","max-image-preview":"max-image-preview:large","max-video-preview":"max-video-preview:-1"},"canonical":"https:\/\/www.presseinvestigation.com\/index.php\/2025\/03\/18\/kaloum-fe-cest-notre-facon-daccompagner-le-general-mamadi-doumbouya-dans-ses-ambitions-du-developpement-de-notre-pays-dixit-naby-youla-responsable-de-ladite-as\/","og_locale":"fr_FR","og_type":"article","og_title":"Kaloum F\u00e9 : &lt;&lt;C\u2019est notre fa\u00e7on d\u2019accompagner le G\u00e9n\u00e9ral Mamadi DOUMBOUYA dans ses ambitions du d\u00e9veloppement de notre pays\u00a0\u00bb. Dixit Naby Youla responsable de ladite Association - Presseinvestigation","og_description":"Aujourd\u2019hui, chaque week-end, il y&#8217;a des routes de Kaloum qui sont nettoy\u00e9s par certains jeunes et\u00a0 femmes regroup\u00e9s dans l&#8217;Association &#8220;Kaloum F\u00e9&#8221;, dirig\u00e9e par Naby YOULA. Le dimanche 16 mars 2025, un journaliste de pressinvestigation.com a remarqu\u00e9\u00a0 la propret\u00e9 impressionnante d\u2019une ruelle du quartier Sandervaliyah dans la commune de Kaloum. Il a \u00e9t\u00e9 constat\u00e9 que [&hellip;]","og_url":"https:\/\/www.presseinvestigation.com\/index.php\/2025\/03\/18\/kaloum-fe-cest-notre-facon-daccompagner-le-general-mamadi-doumbouya-dans-ses-ambitions-du-developpement-de-notre-pays-dixit-naby-youla-responsable-de-ladite-as\/","og_site_name":"Presseinvestigation","article_published_time":"2025-03-18T13:25:17+00:00","article_modified_time":"2025-03-18T14:22:47+00:00","og_image":[{"width":1020,"height":471,"url":"https:\/\/www.presseinvestigation.com\/wp-content\/uploads\/2025\/03\/IMG-20250318-WA0006.jpg","type":"image\/jpeg"}],"author":"Presseinvestigation.com","twitter_card":"summary_large_image","twitter_misc":{"\u00c9crit par":"Presseinvestigation.com","Dur\u00e9e de lecture estim\u00e9e":"4 minutes"},"schema":{"@context":"https:\/\/schema.org","@graph":[{"@type":"Article","@id":"https:\/\/www.presseinvestigation.com\/index.php\/2025\/03\/18\/kaloum-fe-cest-notre-facon-daccompagner-le-general-mamadi-doumbouya-dans-ses-ambitions-du-developpement-de-notre-pays-dixit-naby-youla-responsable-de-ladite-as\/#article","isPartOf":{"@id":"https:\/\/www.presseinvestigation.com\/index.php\/2025\/03\/18\/kaloum-fe-cest-notre-facon-daccompagner-le-general-mamadi-doumbouya-dans-ses-ambitions-du-developpement-de-notre-pays-dixit-naby-youla-responsable-de-ladite-as\/"},"author":{"name":"Presseinvestigation.com","@id":"https:\/\/www.presseinvestigation.com\/#\/schema\/person\/32d023733a4a9d7c3bd6883619b8f116"},"headline":"Kaloum F\u00e9 : &lt;&lt;C\u2019est notre fa\u00e7on d\u2019accompagner le G\u00e9n\u00e9ral Mamadi DOUMBOUYA dans ses ambitions du d\u00e9veloppement de notre pays\u00a0\u00bb. Dixit Naby Youla responsable de ladite Association","datePublished":"2025-03-18T13:25:17+00:00","dateModified":"2025-03-18T14:22:47+00:00","mainEntityOfPage":{"@id":"https:\/\/www.presseinvestigation.com\/index.php\/2025\/03\/18\/kaloum-fe-cest-notre-facon-daccompagner-le-general-mamadi-doumbouya-dans-ses-ambitions-du-developpement-de-notre-pays-dixit-naby-youla-responsable-de-ladite-as\/"},"wordCount":574,"commentCount":0,"image":{"@id":"https:\/\/www.presseinvestigation.com\/index.php\/2025\/03\/18\/kaloum-fe-cest-notre-facon-daccompagner-le-general-mamadi-doumbouya-dans-ses-ambitions-du-developpement-de-notre-pays-dixit-naby-youla-responsable-de-ladite-as\/#primaryimage"},"thumbnailUrl":"https:\/\/www.presseinvestigation.com\/wp-content\/uploads\/2025\/03\/IMG-20250318-WA0006.jpg","articleSection":["P\u00f4le Actualit\u00e9-Soci\u00e9t\u00e9"],"inLanguage":"fr-FR","potentialAction":[{"@type":"CommentAction","name":"Comment","target":["https:\/\/www.presseinvestigation.com\/index.php\/2025\/03\/18\/kaloum-fe-cest-notre-facon-daccompagner-le-general-mamadi-doumbouya-dans-ses-ambitions-du-developpement-de-notre-pays-dixit-naby-youla-responsable-de-ladite-as\/#respond"]}]},{"@type":"WebPage","@id":"https:\/\/www.presseinvestigation.com\/index.php\/2025\/03\/18\/kaloum-fe-cest-notre-facon-daccompagner-le-general-mamadi-doumbouya-dans-ses-ambitions-du-developpement-de-notre-pays-dixit-naby-youla-responsable-de-ladite-as\/","url":"https:\/\/www.presseinvestigation.com\/index.php\/2025\/03\/18\/kaloum-fe-cest-notre-facon-daccompagner-le-general-mamadi-doumbouya-dans-ses-ambitions-du-developpement-de-notre-pays-dixit-naby-youla-responsable-de-ladite-as\/","name":"Kaloum F\u00e9 : &lt;&lt;C\u2019est notre fa\u00e7on d\u2019accompagner le G\u00e9n\u00e9ral Mamadi DOUMBOUYA dans ses ambitions du d\u00e9veloppement de notre pays\u00a0\u00bb. Dixit Naby Youla responsable de ladite Association - Presseinvestigation","isPartOf":{"@id":"https:\/\/www.presseinvestigation.com\/#website"},"primaryImageOfPage":{"@id":"https:\/\/www.presseinvestigation.com\/index.php\/2025\/03\/18\/kaloum-fe-cest-notre-facon-daccompagner-le-general-mamadi-doumbouya-dans-ses-ambitions-du-developpement-de-notre-pays-dixit-naby-youla-responsable-de-ladite-as\/#primaryimage"},"image":{"@id":"https:\/\/www.presseinvestigation.com\/index.php\/2025\/03\/18\/kaloum-fe-cest-notre-facon-daccompagner-le-general-mamadi-doumbouya-dans-ses-ambitions-du-developpement-de-notre-pays-dixit-naby-youla-responsable-de-ladite-as\/#primaryimage"},"thumbnailUrl":"https:\/\/www.presseinvestigation.com\/wp-content\/uploads\/2025\/03\/IMG-20250318-WA0006.jpg","datePublished":"2025-03-18T13:25:17+00:00","dateModified":"2025-03-18T14:22:47+00:00","author":{"@id":"https:\/\/www.presseinvestigation.com\/#\/schema\/person\/32d023733a4a9d7c3bd6883619b8f116"},"breadcrumb":{"@id":"https:\/\/www.presseinvestigation.com\/index.php\/2025\/03\/18\/kaloum-fe-cest-notre-facon-daccompagner-le-general-mamadi-doumbouya-dans-ses-ambitions-du-developpement-de-notre-pays-dixit-naby-youla-responsable-de-ladite-as\/#breadcrumb"},"inLanguage":"fr-FR","potentialAction":[{"@type":"ReadAction","target":["https:\/\/www.presseinvestigation.com\/index.php\/2025\/03\/18\/kaloum-fe-cest-notre-facon-daccompagner-le-general-mamadi-doumbouya-dans-ses-ambitions-du-developpement-de-notre-pays-dixit-naby-youla-responsable-de-ladite-as\/"]}]},{"@type":"ImageObject","inLanguage":"fr-FR","@id":"https:\/\/www.presseinvestigation.com\/index.php\/2025\/03\/18\/kaloum-fe-cest-notre-facon-daccompagner-le-general-mamadi-doumbouya-dans-ses-ambitions-du-developpement-de-notre-pays-dixit-naby-youla-responsable-de-ladite-as\/#primaryimage","url":"https:\/\/www.presseinvestigation.com\/wp-content\/uploads\/2025\/03\/IMG-20250318-WA0006.jpg","contentUrl":"https:\/\/www.presseinvestigation.com\/wp-content\/uploads\/2025\/03\/IMG-20250318-WA0006.jpg","width":1020,"height":471},{"@type":"BreadcrumbList","@id":"https:\/\/www.presseinvestigation.com\/index.php\/2025\/03\/18\/kaloum-fe-cest-notre-facon-daccompagner-le-general-mamadi-doumbouya-dans-ses-ambitions-du-developpement-de-notre-pays-dixit-naby-youla-responsable-de-ladite-as\/#breadcrumb","itemListElement":[{"@type":"ListItem","position":1,"name":"Accueil","item":"https:\/\/www.presseinvestigation.com\/"},{"@type":"ListItem","position":2,"name":"Kaloum F\u00e9 : &lt;&lt;C\u2019est notre fa\u00e7on d\u2019accompagner le G\u00e9n\u00e9ral Mamadi DOUMBOUYA dans ses ambitions du d\u00e9veloppement de notre pays\u00a0\u00bb. Dixit Naby Youla responsable de ladite Association"}]},{"@type":"WebSite","@id":"https:\/\/www.presseinvestigation.com\/#website","url":"https:\/\/www.presseinvestigation.com\/","name":"Presseinvestigation","description":"Informer dans l&#039;impartialit\u00e9","potentialAction":[{"@type":"SearchAction","target":{"@type":"EntryPoint","urlTemplate":"https:\/\/www.presseinvestigation.com\/?s={search_term_string}"},"query-input":{"@type":"PropertyValueSpecification","valueRequired":true,"valueName":"search_term_string"}}],"inLanguage":"fr-FR"},{"@type":"Person","@id":"https:\/\/www.presseinvestigation.com\/#\/schema\/person\/32d023733a4a9d7c3bd6883619b8f116","name":"Presseinvestigation.com","image":{"@type":"ImageObject","inLanguage":"fr-FR","@id":"https:\/\/secure.gravatar.com\/avatar\/26f9c9e95424b0bde739ba0af37ee39a9e4a9e809967422c5b8e8573a34fbbe0?s=96&d=mm&r=g","url":"https:\/\/secure.gravatar.com\/avatar\/26f9c9e95424b0bde739ba0af37ee39a9e4a9e809967422c5b8e8573a34fbbe0?s=96&d=mm&r=g","contentUrl":"https:\/\/secure.gravatar.com\/avatar\/26f9c9e95424b0bde739ba0af37ee39a9e4a9e809967422c5b8e8573a34fbbe0?s=96&d=mm&r=g","caption":"Presseinvestigation.com"},"url":"https:\/\/www.presseinvestigation.com\/index.php\/author\/toumany\/"}]}},"_links":{"self":[{"href":"https:\/\/www.presseinvestigation.com\/index.php\/wp-json\/wp\/v2\/posts\/2186","targetHints":{"allow":["GET"]}}],"collection":[{"href":"https:\/\/www.presseinvestigation.com\/index.php\/wp-json\/wp\/v2\/posts"}],"about":[{"href":"https:\/\/www.presseinvestigation.com\/index.php\/wp-json\/wp\/v2\/types\/post"}],"author":[{"embeddable":true,"href":"https:\/\/www.presseinvestigation.com\/index.php\/wp-json\/wp\/v2\/users\/2"}],"replies":[{"embeddable":true,"href":"https:\/\/www.presseinvestigation.com\/index.php\/wp-json\/wp\/v2\/comments?post=2186"}],"version-history":[{"count":2,"href":"https:\/\/www.presseinvestigation.com\/index.php\/wp-json\/wp\/v2\/posts\/2186\/revisions"}],"predecessor-version":[{"id":2189,"href":"https:\/\/www.presseinvestigation.com\/index.php\/wp-json\/wp\/v2\/posts\/2186\/revisions\/2189"}],"wp:featuredmedia":[{"embeddable":true,"href":"https:\/\/www.presseinvestigation.com\/index.php\/wp-json\/wp\/v2\/media\/2188"}],"wp:attachment":[{"href":"https:\/\/www.presseinvestigation.com\/index.php\/wp-json\/wp\/v2\/media?parent=2186"}],"wp:term":[{"taxonomy":"category","embeddable":true,"href":"https:\/\/www.presseinvestigation.com\/index.php\/wp-json\/wp\/v2\/categories?post=2186"},{"taxonomy":"post_tag","embeddable":true,"href":"https:\/\/www.presseinvestigation.com\/index.php\/wp-json\/wp\/v2\/tags?post=2186"}],"curies":[{"name":"wp","href":"https:\/\/api.w.org\/{rel}","templated":true}]}}