{"id":2202,"date":"2025-03-21T08:31:38","date_gmt":"2025-03-21T07:31:38","guid":{"rendered":"https:\/\/www.presseinvestigation.com\/index.php\/2025\/03\/21\/cnss-la-direction-generale-anticipe-la-paie-des-pensions-pour-la-fete-de-ramadan-2025-communique\/"},"modified":"2025-03-21T08:31:38","modified_gmt":"2025-03-21T07:31:38","slug":"cnss-la-direction-generale-anticipe-la-paie-des-pensions-pour-la-fete-de-ramadan-2025-communique","status":"publish","type":"post","link":"https:\/\/www.presseinvestigation.com\/index.php\/2025\/03\/21\/cnss-la-direction-generale-anticipe-la-paie-des-pensions-pour-la-fete-de-ramadan-2025-communique\/","title":{"rendered":"CNSS\u00a0: La Direction G\u00e9n\u00e9rale anticipe la paie des pensions pour la f\u00eate de ramadan 2025 (communiqu\u00e9))"},"content":{"rendered":"<p>La Direction G\u00e9n\u00e9rale de la Caisse Nationale de S\u00e9curit\u00e9 Sociale(CNSS) informe les pensionn\u00e9s qu\u2019en raison de la f\u00eate du Ramadan 2025,les pensions de retraite et de r\u00e9version de l\u2019\u00e9ch\u00e9ance d\u2019avril 2025 seront vers\u00e9es de mani\u00e8re anticip\u00e9.<\/p>\n<p>Le paiement commencera le mardi 25 mars \u00e0 partir de 8h00 sur toute l\u2019\u00e9tendue du territoire national.<\/p>\n<p>Les paiements se d\u00e9rouleront selon le calendrier \u00e9tabli dans le communiquet ci-dessous et les op\u00e9rations de paie se tiendront au si\u00e8ge de la Direction G\u00e9n\u00e9rale \u00e0 Koul\u00e9wondi, Kaloum<\/p>\n<p>Voici une copie du communiqu\u00e9:<\/p>\n<p><a href=\"https:\/\/www.presseinvestigation.com\/wp-content\/uploads\/2025\/03\/Screenshot_20250321_061841_Facebook.jpg\"><img decoding=\"async\" class=\"attachment-full size-full\" src=\"https:\/\/www.presseinvestigation.com\/wp-content\/uploads\/2025\/03\/Screenshot_20250321_061841_Facebook.jpg\" alt=\"\" \/><\/a><\/p>\n","protected":false},"excerpt":{"rendered":"<p>La Direction G\u00e9n\u00e9rale de la Caisse Nationale de S\u00e9curit\u00e9 Sociale(CNSS) informe les pensionn\u00e9s qu\u2019en raison de la f\u00eate du Ramadan 2025,les pensions de retraite et de r\u00e9version de l\u2019\u00e9ch\u00e9ance d\u2019avril 2025 seront vers\u00e9es de mani\u00e8re anticip\u00e9. Le paiement commencera le mardi 25 mars \u00e0 partir de 8h00 sur toute l\u2019\u00e9tendue du territoire national. Les paiements [&hellip;]<\/p>\n","protected":false},"author":2,"featured_media":2201,"comment_status":"open","ping_status":"open","sticky":false,"template":"","format":"standard","meta":{"jnews-multi-image_gallery":[],"jnews_single_post":[],"jnews_primary_category":[],"footnotes":""},"categories":[88],"tags":[],"class_list":["post-2202","post","type-post","status-publish","format-standard","has-post-thumbnail","hentry","category-pole-actualite-societe"],"yoast_head":"<!-- This site is optimized with the Yoast SEO plugin v27.3 - https:\/\/yoast.com\/product\/yoast-seo-wordpress\/ -->\n<title>CNSS\u00a0: La Direction G\u00e9n\u00e9rale anticipe la paie des pensions pour la f\u00eate de ramadan 2025 (communiqu\u00e9)) - Presseinvestigation<\/title>\n<meta name=\"robots\" content=\"index, follow, max-snippet:-1, max-image-preview:large, max-video-preview:-1\" \/>\n<link rel=\"canonical\" href=\"https:\/\/www.presseinvestigation.com\/index.php\/2025\/03\/21\/cnss-la-direction-generale-anticipe-la-paie-des-pensions-pour-la-fete-de-ramadan-2025-communique\/\" \/>\n<meta property=\"og:locale\" content=\"fr_FR\" \/>\n<meta property=\"og:type\" content=\"article\" \/>\n<meta property=\"og:title\" content=\"CNSS\u00a0: La Direction G\u00e9n\u00e9rale anticipe la paie des pensions pour la f\u00eate de ramadan 2025 (communiqu\u00e9)) - Presseinvestigation\" \/>\n<meta property=\"og:description\" content=\"La Direction G\u00e9n\u00e9rale de la Caisse Nationale de S\u00e9curit\u00e9 Sociale(CNSS) informe les pensionn\u00e9s qu\u2019en raison de la f\u00eate du Ramadan 2025,les pensions de retraite et de r\u00e9version de l\u2019\u00e9ch\u00e9ance d\u2019avril 2025 seront vers\u00e9es de mani\u00e8re anticip\u00e9. Le paiement commencera le mardi 25 mars \u00e0 partir de 8h00 sur toute l\u2019\u00e9tendue du territoire national. Les paiements [&hellip;]\" \/>\n<meta property=\"og:url\" content=\"https:\/\/www.presseinvestigation.com\/index.php\/2025\/03\/21\/cnss-la-direction-generale-anticipe-la-paie-des-pensions-pour-la-fete-de-ramadan-2025-communique\/\" \/>\n<meta property=\"og:site_name\" content=\"Presseinvestigation\" \/>\n<meta property=\"article:published_time\" content=\"2025-03-21T07:31:38+00:00\" \/>\n<meta property=\"og:image\" content=\"https:\/\/www.presseinvestigation.com\/wp-content\/uploads\/2025\/03\/CNSS20220803-696x471-1.jpg\" \/>\n\t<meta property=\"og:image:width\" content=\"696\" \/>\n\t<meta property=\"og:image:height\" content=\"471\" \/>\n\t<meta property=\"og:image:type\" content=\"image\/jpeg\" \/>\n<meta name=\"author\" content=\"Presseinvestigation.com\" \/>\n<meta name=\"twitter:card\" content=\"summary_large_image\" \/>\n<meta name=\"twitter:label1\" content=\"\u00c9crit par\" \/>\n\t<meta name=\"twitter:data1\" content=\"Presseinvestigation.com\" \/>\n\t<meta name=\"twitter:label2\" content=\"Dur\u00e9e de lecture estim\u00e9e\" \/>\n\t<meta name=\"twitter:data2\" content=\"1 minute\" \/>\n<script type=\"application\/ld+json\" class=\"yoast-schema-graph\">{\"@context\":\"https:\\\/\\\/schema.org\",\"@graph\":[{\"@type\":\"Article\",\"@id\":\"https:\\\/\\\/www.presseinvestigation.com\\\/index.php\\\/2025\\\/03\\\/21\\\/cnss-la-direction-generale-anticipe-la-paie-des-pensions-pour-la-fete-de-ramadan-2025-communique\\\/#article\",\"isPartOf\":{\"@id\":\"https:\\\/\\\/www.presseinvestigation.com\\\/index.php\\\/2025\\\/03\\\/21\\\/cnss-la-direction-generale-anticipe-la-paie-des-pensions-pour-la-fete-de-ramadan-2025-communique\\\/\"},\"author\":{\"name\":\"Presseinvestigation.com\",\"@id\":\"https:\\\/\\\/www.presseinvestigation.com\\\/#\\\/schema\\\/person\\\/32d023733a4a9d7c3bd6883619b8f116\"},\"headline\":\"CNSS\u00a0: La Direction G\u00e9n\u00e9rale anticipe la paie des pensions pour la f\u00eate de ramadan 2025 (communiqu\u00e9))\",\"datePublished\":\"2025-03-21T07:31:38+00:00\",\"mainEntityOfPage\":{\"@id\":\"https:\\\/\\\/www.presseinvestigation.com\\\/index.php\\\/2025\\\/03\\\/21\\\/cnss-la-direction-generale-anticipe-la-paie-des-pensions-pour-la-fete-de-ramadan-2025-communique\\\/\"},\"wordCount\":120,\"commentCount\":0,\"image\":{\"@id\":\"https:\\\/\\\/www.presseinvestigation.com\\\/index.php\\\/2025\\\/03\\\/21\\\/cnss-la-direction-generale-anticipe-la-paie-des-pensions-pour-la-fete-de-ramadan-2025-communique\\\/#primaryimage\"},\"thumbnailUrl\":\"https:\\\/\\\/www.presseinvestigation.com\\\/wp-content\\\/uploads\\\/2025\\\/03\\\/CNSS20220803-696x471-1.jpg\",\"articleSection\":[\"P\u00f4le Actualit\u00e9-Soci\u00e9t\u00e9\"],\"inLanguage\":\"fr-FR\",\"potentialAction\":[{\"@type\":\"CommentAction\",\"name\":\"Comment\",\"target\":[\"https:\\\/\\\/www.presseinvestigation.com\\\/index.php\\\/2025\\\/03\\\/21\\\/cnss-la-direction-generale-anticipe-la-paie-des-pensions-pour-la-fete-de-ramadan-2025-communique\\\/#respond\"]}]},{\"@type\":\"WebPage\",\"@id\":\"https:\\\/\\\/www.presseinvestigation.com\\\/index.php\\\/2025\\\/03\\\/21\\\/cnss-la-direction-generale-anticipe-la-paie-des-pensions-pour-la-fete-de-ramadan-2025-communique\\\/\",\"url\":\"https:\\\/\\\/www.presseinvestigation.com\\\/index.php\\\/2025\\\/03\\\/21\\\/cnss-la-direction-generale-anticipe-la-paie-des-pensions-pour-la-fete-de-ramadan-2025-communique\\\/\",\"name\":\"CNSS\u00a0: La Direction G\u00e9n\u00e9rale anticipe la paie des pensions pour la f\u00eate de ramadan 2025 (communiqu\u00e9)) - Presseinvestigation\",\"isPartOf\":{\"@id\":\"https:\\\/\\\/www.presseinvestigation.com\\\/#website\"},\"primaryImageOfPage\":{\"@id\":\"https:\\\/\\\/www.presseinvestigation.com\\\/index.php\\\/2025\\\/03\\\/21\\\/cnss-la-direction-generale-anticipe-la-paie-des-pensions-pour-la-fete-de-ramadan-2025-communique\\\/#primaryimage\"},\"image\":{\"@id\":\"https:\\\/\\\/www.presseinvestigation.com\\\/index.php\\\/2025\\\/03\\\/21\\\/cnss-la-direction-generale-anticipe-la-paie-des-pensions-pour-la-fete-de-ramadan-2025-communique\\\/#primaryimage\"},\"thumbnailUrl\":\"https:\\\/\\\/www.presseinvestigation.com\\\/wp-content\\\/uploads\\\/2025\\\/03\\\/CNSS20220803-696x471-1.jpg\",\"datePublished\":\"2025-03-21T07:31:38+00:00\",\"author\":{\"@id\":\"https:\\\/\\\/www.presseinvestigation.com\\\/#\\\/schema\\\/person\\\/32d023733a4a9d7c3bd6883619b8f116\"},\"breadcrumb\":{\"@id\":\"https:\\\/\\\/www.presseinvestigation.com\\\/index.php\\\/2025\\\/03\\\/21\\\/cnss-la-direction-generale-anticipe-la-paie-des-pensions-pour-la-fete-de-ramadan-2025-communique\\\/#breadcrumb\"},\"inLanguage\":\"fr-FR\",\"potentialAction\":[{\"@type\":\"ReadAction\",\"target\":[\"https:\\\/\\\/www.presseinvestigation.com\\\/index.php\\\/2025\\\/03\\\/21\\\/cnss-la-direction-generale-anticipe-la-paie-des-pensions-pour-la-fete-de-ramadan-2025-communique\\\/\"]}]},{\"@type\":\"ImageObject\",\"inLanguage\":\"fr-FR\",\"@id\":\"https:\\\/\\\/www.presseinvestigation.com\\\/index.php\\\/2025\\\/03\\\/21\\\/cnss-la-direction-generale-anticipe-la-paie-des-pensions-pour-la-fete-de-ramadan-2025-communique\\\/#primaryimage\",\"url\":\"https:\\\/\\\/www.presseinvestigation.com\\\/wp-content\\\/uploads\\\/2025\\\/03\\\/CNSS20220803-696x471-1.jpg\",\"contentUrl\":\"https:\\\/\\\/www.presseinvestigation.com\\\/wp-content\\\/uploads\\\/2025\\\/03\\\/CNSS20220803-696x471-1.jpg\",\"width\":696,\"height\":471},{\"@type\":\"BreadcrumbList\",\"@id\":\"https:\\\/\\\/www.presseinvestigation.com\\\/index.php\\\/2025\\\/03\\\/21\\\/cnss-la-direction-generale-anticipe-la-paie-des-pensions-pour-la-fete-de-ramadan-2025-communique\\\/#breadcrumb\",\"itemListElement\":[{\"@type\":\"ListItem\",\"position\":1,\"name\":\"Accueil\",\"item\":\"https:\\\/\\\/www.presseinvestigation.com\\\/\"},{\"@type\":\"ListItem\",\"position\":2,\"name\":\"CNSS\u00a0: La Direction G\u00e9n\u00e9rale anticipe la paie des pensions pour la f\u00eate de ramadan 2025 (communiqu\u00e9))\"}]},{\"@type\":\"WebSite\",\"@id\":\"https:\\\/\\\/www.presseinvestigation.com\\\/#website\",\"url\":\"https:\\\/\\\/www.presseinvestigation.com\\\/\",\"name\":\"Presseinvestigation\",\"description\":\"Informer dans l&#039;impartialit\u00e9\",\"potentialAction\":[{\"@type\":\"SearchAction\",\"target\":{\"@type\":\"EntryPoint\",\"urlTemplate\":\"https:\\\/\\\/www.presseinvestigation.com\\\/?s={search_term_string}\"},\"query-input\":{\"@type\":\"PropertyValueSpecification\",\"valueRequired\":true,\"valueName\":\"search_term_string\"}}],\"inLanguage\":\"fr-FR\"},{\"@type\":\"Person\",\"@id\":\"https:\\\/\\\/www.presseinvestigation.com\\\/#\\\/schema\\\/person\\\/32d023733a4a9d7c3bd6883619b8f116\",\"name\":\"Presseinvestigation.com\",\"image\":{\"@type\":\"ImageObject\",\"inLanguage\":\"fr-FR\",\"@id\":\"https:\\\/\\\/secure.gravatar.com\\\/avatar\\\/26f9c9e95424b0bde739ba0af37ee39a9e4a9e809967422c5b8e8573a34fbbe0?s=96&d=mm&r=g\",\"url\":\"https:\\\/\\\/secure.gravatar.com\\\/avatar\\\/26f9c9e95424b0bde739ba0af37ee39a9e4a9e809967422c5b8e8573a34fbbe0?s=96&d=mm&r=g\",\"contentUrl\":\"https:\\\/\\\/secure.gravatar.com\\\/avatar\\\/26f9c9e95424b0bde739ba0af37ee39a9e4a9e809967422c5b8e8573a34fbbe0?s=96&d=mm&r=g\",\"caption\":\"Presseinvestigation.com\"},\"url\":\"https:\\\/\\\/www.presseinvestigation.com\\\/index.php\\\/author\\\/toumany\\\/\"}]}<\/script>\n<!-- \/ Yoast SEO plugin. -->","yoast_head_json":{"title":"CNSS\u00a0: La Direction G\u00e9n\u00e9rale anticipe la paie des pensions pour la f\u00eate de ramadan 2025 (communiqu\u00e9)) - Presseinvestigation","robots":{"index":"index","follow":"follow","max-snippet":"max-snippet:-1","max-image-preview":"max-image-preview:large","max-video-preview":"max-video-preview:-1"},"canonical":"https:\/\/www.presseinvestigation.com\/index.php\/2025\/03\/21\/cnss-la-direction-generale-anticipe-la-paie-des-pensions-pour-la-fete-de-ramadan-2025-communique\/","og_locale":"fr_FR","og_type":"article","og_title":"CNSS\u00a0: La Direction G\u00e9n\u00e9rale anticipe la paie des pensions pour la f\u00eate de ramadan 2025 (communiqu\u00e9)) - Presseinvestigation","og_description":"La Direction G\u00e9n\u00e9rale de la Caisse Nationale de S\u00e9curit\u00e9 Sociale(CNSS) informe les pensionn\u00e9s qu\u2019en raison de la f\u00eate du Ramadan 2025,les pensions de retraite et de r\u00e9version de l\u2019\u00e9ch\u00e9ance d\u2019avril 2025 seront vers\u00e9es de mani\u00e8re anticip\u00e9. Le paiement commencera le mardi 25 mars \u00e0 partir de 8h00 sur toute l\u2019\u00e9tendue du territoire national. Les paiements [&hellip;]","og_url":"https:\/\/www.presseinvestigation.com\/index.php\/2025\/03\/21\/cnss-la-direction-generale-anticipe-la-paie-des-pensions-pour-la-fete-de-ramadan-2025-communique\/","og_site_name":"Presseinvestigation","article_published_time":"2025-03-21T07:31:38+00:00","og_image":[{"width":696,"height":471,"url":"https:\/\/www.presseinvestigation.com\/wp-content\/uploads\/2025\/03\/CNSS20220803-696x471-1.jpg","type":"image\/jpeg"}],"author":"Presseinvestigation.com","twitter_card":"summary_large_image","twitter_misc":{"\u00c9crit par":"Presseinvestigation.com","Dur\u00e9e de lecture estim\u00e9e":"1 minute"},"schema":{"@context":"https:\/\/schema.org","@graph":[{"@type":"Article","@id":"https:\/\/www.presseinvestigation.com\/index.php\/2025\/03\/21\/cnss-la-direction-generale-anticipe-la-paie-des-pensions-pour-la-fete-de-ramadan-2025-communique\/#article","isPartOf":{"@id":"https:\/\/www.presseinvestigation.com\/index.php\/2025\/03\/21\/cnss-la-direction-generale-anticipe-la-paie-des-pensions-pour-la-fete-de-ramadan-2025-communique\/"},"author":{"name":"Presseinvestigation.com","@id":"https:\/\/www.presseinvestigation.com\/#\/schema\/person\/32d023733a4a9d7c3bd6883619b8f116"},"headline":"CNSS\u00a0: La Direction G\u00e9n\u00e9rale anticipe la paie des pensions pour la f\u00eate de ramadan 2025 (communiqu\u00e9))","datePublished":"2025-03-21T07:31:38+00:00","mainEntityOfPage":{"@id":"https:\/\/www.presseinvestigation.com\/index.php\/2025\/03\/21\/cnss-la-direction-generale-anticipe-la-paie-des-pensions-pour-la-fete-de-ramadan-2025-communique\/"},"wordCount":120,"commentCount":0,"image":{"@id":"https:\/\/www.presseinvestigation.com\/index.php\/2025\/03\/21\/cnss-la-direction-generale-anticipe-la-paie-des-pensions-pour-la-fete-de-ramadan-2025-communique\/#primaryimage"},"thumbnailUrl":"https:\/\/www.presseinvestigation.com\/wp-content\/uploads\/2025\/03\/CNSS20220803-696x471-1.jpg","articleSection":["P\u00f4le Actualit\u00e9-Soci\u00e9t\u00e9"],"inLanguage":"fr-FR","potentialAction":[{"@type":"CommentAction","name":"Comment","target":["https:\/\/www.presseinvestigation.com\/index.php\/2025\/03\/21\/cnss-la-direction-generale-anticipe-la-paie-des-pensions-pour-la-fete-de-ramadan-2025-communique\/#respond"]}]},{"@type":"WebPage","@id":"https:\/\/www.presseinvestigation.com\/index.php\/2025\/03\/21\/cnss-la-direction-generale-anticipe-la-paie-des-pensions-pour-la-fete-de-ramadan-2025-communique\/","url":"https:\/\/www.presseinvestigation.com\/index.php\/2025\/03\/21\/cnss-la-direction-generale-anticipe-la-paie-des-pensions-pour-la-fete-de-ramadan-2025-communique\/","name":"CNSS\u00a0: La Direction G\u00e9n\u00e9rale anticipe la paie des pensions pour la f\u00eate de ramadan 2025 (communiqu\u00e9)) - Presseinvestigation","isPartOf":{"@id":"https:\/\/www.presseinvestigation.com\/#website"},"primaryImageOfPage":{"@id":"https:\/\/www.presseinvestigation.com\/index.php\/2025\/03\/21\/cnss-la-direction-generale-anticipe-la-paie-des-pensions-pour-la-fete-de-ramadan-2025-communique\/#primaryimage"},"image":{"@id":"https:\/\/www.presseinvestigation.com\/index.php\/2025\/03\/21\/cnss-la-direction-generale-anticipe-la-paie-des-pensions-pour-la-fete-de-ramadan-2025-communique\/#primaryimage"},"thumbnailUrl":"https:\/\/www.presseinvestigation.com\/wp-content\/uploads\/2025\/03\/CNSS20220803-696x471-1.jpg","datePublished":"2025-03-21T07:31:38+00:00","author":{"@id":"https:\/\/www.presseinvestigation.com\/#\/schema\/person\/32d023733a4a9d7c3bd6883619b8f116"},"breadcrumb":{"@id":"https:\/\/www.presseinvestigation.com\/index.php\/2025\/03\/21\/cnss-la-direction-generale-anticipe-la-paie-des-pensions-pour-la-fete-de-ramadan-2025-communique\/#breadcrumb"},"inLanguage":"fr-FR","potentialAction":[{"@type":"ReadAction","target":["https:\/\/www.presseinvestigation.com\/index.php\/2025\/03\/21\/cnss-la-direction-generale-anticipe-la-paie-des-pensions-pour-la-fete-de-ramadan-2025-communique\/"]}]},{"@type":"ImageObject","inLanguage":"fr-FR","@id":"https:\/\/www.presseinvestigation.com\/index.php\/2025\/03\/21\/cnss-la-direction-generale-anticipe-la-paie-des-pensions-pour-la-fete-de-ramadan-2025-communique\/#primaryimage","url":"https:\/\/www.presseinvestigation.com\/wp-content\/uploads\/2025\/03\/CNSS20220803-696x471-1.jpg","contentUrl":"https:\/\/www.presseinvestigation.com\/wp-content\/uploads\/2025\/03\/CNSS20220803-696x471-1.jpg","width":696,"height":471},{"@type":"BreadcrumbList","@id":"https:\/\/www.presseinvestigation.com\/index.php\/2025\/03\/21\/cnss-la-direction-generale-anticipe-la-paie-des-pensions-pour-la-fete-de-ramadan-2025-communique\/#breadcrumb","itemListElement":[{"@type":"ListItem","position":1,"name":"Accueil","item":"https:\/\/www.presseinvestigation.com\/"},{"@type":"ListItem","position":2,"name":"CNSS\u00a0: La Direction G\u00e9n\u00e9rale anticipe la paie des pensions pour la f\u00eate de ramadan 2025 (communiqu\u00e9))"}]},{"@type":"WebSite","@id":"https:\/\/www.presseinvestigation.com\/#website","url":"https:\/\/www.presseinvestigation.com\/","name":"Presseinvestigation","description":"Informer dans l&#039;impartialit\u00e9","potentialAction":[{"@type":"SearchAction","target":{"@type":"EntryPoint","urlTemplate":"https:\/\/www.presseinvestigation.com\/?s={search_term_string}"},"query-input":{"@type":"PropertyValueSpecification","valueRequired":true,"valueName":"search_term_string"}}],"inLanguage":"fr-FR"},{"@type":"Person","@id":"https:\/\/www.presseinvestigation.com\/#\/schema\/person\/32d023733a4a9d7c3bd6883619b8f116","name":"Presseinvestigation.com","image":{"@type":"ImageObject","inLanguage":"fr-FR","@id":"https:\/\/secure.gravatar.com\/avatar\/26f9c9e95424b0bde739ba0af37ee39a9e4a9e809967422c5b8e8573a34fbbe0?s=96&d=mm&r=g","url":"https:\/\/secure.gravatar.com\/avatar\/26f9c9e95424b0bde739ba0af37ee39a9e4a9e809967422c5b8e8573a34fbbe0?s=96&d=mm&r=g","contentUrl":"https:\/\/secure.gravatar.com\/avatar\/26f9c9e95424b0bde739ba0af37ee39a9e4a9e809967422c5b8e8573a34fbbe0?s=96&d=mm&r=g","caption":"Presseinvestigation.com"},"url":"https:\/\/www.presseinvestigation.com\/index.php\/author\/toumany\/"}]}},"_links":{"self":[{"href":"https:\/\/www.presseinvestigation.com\/index.php\/wp-json\/wp\/v2\/posts\/2202","targetHints":{"allow":["GET"]}}],"collection":[{"href":"https:\/\/www.presseinvestigation.com\/index.php\/wp-json\/wp\/v2\/posts"}],"about":[{"href":"https:\/\/www.presseinvestigation.com\/index.php\/wp-json\/wp\/v2\/types\/post"}],"author":[{"embeddable":true,"href":"https:\/\/www.presseinvestigation.com\/index.php\/wp-json\/wp\/v2\/users\/2"}],"replies":[{"embeddable":true,"href":"https:\/\/www.presseinvestigation.com\/index.php\/wp-json\/wp\/v2\/comments?post=2202"}],"version-history":[{"count":1,"href":"https:\/\/www.presseinvestigation.com\/index.php\/wp-json\/wp\/v2\/posts\/2202\/revisions"}],"predecessor-version":[{"id":2203,"href":"https:\/\/www.presseinvestigation.com\/index.php\/wp-json\/wp\/v2\/posts\/2202\/revisions\/2203"}],"wp:featuredmedia":[{"embeddable":true,"href":"https:\/\/www.presseinvestigation.com\/index.php\/wp-json\/wp\/v2\/media\/2201"}],"wp:attachment":[{"href":"https:\/\/www.presseinvestigation.com\/index.php\/wp-json\/wp\/v2\/media?parent=2202"}],"wp:term":[{"taxonomy":"category","embeddable":true,"href":"https:\/\/www.presseinvestigation.com\/index.php\/wp-json\/wp\/v2\/categories?post=2202"},{"taxonomy":"post_tag","embeddable":true,"href":"https:\/\/www.presseinvestigation.com\/index.php\/wp-json\/wp\/v2\/tags?post=2202"}],"curies":[{"name":"wp","href":"https:\/\/api.w.org\/{rel}","templated":true}]}}