{"id":2223,"date":"2025-04-14T02:58:16","date_gmt":"2025-04-14T00:58:16","guid":{"rendered":"https:\/\/www.presseinvestigation.com\/index.php\/2025\/04\/14\/boke-lanaim-au-coeur-de-la-celebration-des-acquis-du-cnrd\/"},"modified":"2025-04-14T02:58:16","modified_gmt":"2025-04-14T00:58:16","slug":"boke-lanaim-au-coeur-de-la-celebration-des-acquis-du-cnrd","status":"publish","type":"post","link":"https:\/\/www.presseinvestigation.com\/index.php\/2025\/04\/14\/boke-lanaim-au-coeur-de-la-celebration-des-acquis-du-cnrd\/","title":{"rendered":"Bok\u00e9\u00a0: l\u2019ANAIM au c\u0153ur de la c\u00e9l\u00e9bration des acquis du CNRD"},"content":{"rendered":"<p><strong>En pr\u00e9lude de la Grande marche des fils de la Guin\u00e9e Maritime, organis\u00e9e \u00e0 Bok\u00e9 le 11 et 12 avril 2025, pour le soutien au chef de l\u2019Etat, le G\u00e9n\u00e9ral d\u2019arm\u00e9es Mamadi DOUMBOUYA, la Direction G\u00e9n\u00e9rale de l\u2019Agence Nationale d\u2019Am\u00e9nagement des Infrastructures Mini\u00e8res(ANAIM) a \u00e9t\u00e9 au c\u0153ur de cet \u00e9v\u00e9nement pour donner plus de visibilit\u00e9 \u00e0 ses r\u00e9alisations sous le CNRD dans la R\u00e9gion.<\/strong><\/p>\n<p>Bok\u00e9,cette zone \u00e9conomique sp\u00e9ciale, est aujourd\u2019hui la principale r\u00e9gion d\u2019activit\u00e9 de l\u2019ANAIM o\u00f9 cette soci\u00e9t\u00e9 d&#8217;Etat g\u00e8re plusieurs infrastructures mini\u00e8res.<\/p>\n<p>A l\u2019occasion de cette marche des fils de la Guin\u00e9e maritime, la Direction G\u00e9n\u00e9rale de l\u2019ANAIM, sous la conduite de son Directeur G\u00e9n\u00e9ral, Aly Damalaye COND\u00c9, s\u2019est rendue dans la sous-pr\u00e9fecture de Kolaboui, pour voir l\u2019\u00e9tat d\u2019avancement des travaux de la cit\u00e9 mini\u00e8re de plus de 300 logements que l\u2019ANAIM est en train de construire et qui constitue son premier projet sous le CNRD.<\/p>\n<p><a href=\"https:\/\/www.presseinvestigation.com\/wp-content\/uploads\/2025\/04\/IMG-20250413-WA0039.jpg\"><img decoding=\"async\" class=\"attachment-full size-full\" src=\"https:\/\/www.presseinvestigation.com\/wp-content\/uploads\/2025\/04\/IMG-20250413-WA0039.jpg\" alt=\"\" \/><\/a><\/p>\n<p>Il faut rappeler que l\u2019ANAIM g\u00e8re plusieurs infrastructures mini\u00e8res dans la R\u00e9gion de Bok\u00e9. A savoir: le port min\u00e9ralier de Kamsar, le chemin de fer Kamsar-Sangar\u00e9di, l\u2019h\u00f4pital ANAIM-Kamsar et les cit\u00e9s ouvri\u00e8res \u00e0 Kamsar et \u00e0 Sangar\u00e9di.<\/p>\n<p>Aussi, elle est pr\u00e9sente \u00e0 Boffa dans les ports min\u00e9raliers.En plus des logements sociaux qu\u2019elle construit \u00e0 Kolaboui, l\u2019ANAIM poursuit les chantiers du centre de DIALYSE \u00e0 l\u2019h\u00f4pital ANAIM Kamsar et le centre de sant\u00e9 communautaire pour cette ville industrielle.<\/p>\n<p><strong>Toumany CAMARA pour presseinvestigation.com<\/strong><\/p>\n","protected":false},"excerpt":{"rendered":"<p>En pr\u00e9lude de la Grande marche des fils de la Guin\u00e9e Maritime, organis\u00e9e \u00e0 Bok\u00e9 le 11 et 12 avril 2025, pour le soutien au chef de l\u2019Etat, le G\u00e9n\u00e9ral d\u2019arm\u00e9es Mamadi DOUMBOUYA, la Direction G\u00e9n\u00e9rale de l\u2019Agence Nationale d\u2019Am\u00e9nagement des Infrastructures Mini\u00e8res(ANAIM) a \u00e9t\u00e9 au c\u0153ur de cet \u00e9v\u00e9nement pour donner plus de visibilit\u00e9 [&hellip;]<\/p>\n","protected":false},"author":1,"featured_media":2221,"comment_status":"open","ping_status":"open","sticky":false,"template":"","format":"standard","meta":{"jnews-multi-image_gallery":[],"jnews_single_post":[],"jnews_primary_category":[],"footnotes":""},"categories":[105],"tags":[],"class_list":["post-2223","post","type-post","status-publish","format-standard","has-post-thumbnail","hentry","category-pole-actualite-mines"],"yoast_head":"<!-- This site is optimized with the Yoast SEO plugin v27.3 - https:\/\/yoast.com\/product\/yoast-seo-wordpress\/ -->\n<title>Bok\u00e9\u00a0: l\u2019ANAIM au c\u0153ur de la c\u00e9l\u00e9bration des acquis du CNRD - Presseinvestigation<\/title>\n<meta name=\"robots\" content=\"index, follow, max-snippet:-1, max-image-preview:large, max-video-preview:-1\" \/>\n<link rel=\"canonical\" href=\"https:\/\/www.presseinvestigation.com\/index.php\/2025\/04\/14\/boke-lanaim-au-coeur-de-la-celebration-des-acquis-du-cnrd\/\" \/>\n<meta property=\"og:locale\" content=\"fr_FR\" \/>\n<meta property=\"og:type\" content=\"article\" \/>\n<meta property=\"og:title\" content=\"Bok\u00e9\u00a0: l\u2019ANAIM au c\u0153ur de la c\u00e9l\u00e9bration des acquis du CNRD - Presseinvestigation\" \/>\n<meta property=\"og:description\" content=\"En pr\u00e9lude de la Grande marche des fils de la Guin\u00e9e Maritime, organis\u00e9e \u00e0 Bok\u00e9 le 11 et 12 avril 2025, pour le soutien au chef de l\u2019Etat, le G\u00e9n\u00e9ral d\u2019arm\u00e9es Mamadi DOUMBOUYA, la Direction G\u00e9n\u00e9rale de l\u2019Agence Nationale d\u2019Am\u00e9nagement des Infrastructures Mini\u00e8res(ANAIM) a \u00e9t\u00e9 au c\u0153ur de cet \u00e9v\u00e9nement pour donner plus de visibilit\u00e9 [&hellip;]\" \/>\n<meta property=\"og:url\" content=\"https:\/\/www.presseinvestigation.com\/index.php\/2025\/04\/14\/boke-lanaim-au-coeur-de-la-celebration-des-acquis-du-cnrd\/\" \/>\n<meta property=\"og:site_name\" content=\"Presseinvestigation\" \/>\n<meta property=\"article:published_time\" content=\"2025-04-14T00:58:16+00:00\" \/>\n<meta property=\"og:image\" content=\"https:\/\/www.presseinvestigation.com\/wp-content\/uploads\/2025\/04\/IMG-20250413-WA00431.jpg\" \/>\n\t<meta property=\"og:image:width\" content=\"877\" \/>\n\t<meta property=\"og:image:height\" content=\"781\" \/>\n\t<meta property=\"og:image:type\" content=\"image\/jpeg\" \/>\n<meta name=\"author\" content=\"Presseinvestigation.com\" \/>\n<meta name=\"twitter:card\" content=\"summary_large_image\" \/>\n<meta name=\"twitter:label1\" content=\"\u00c9crit par\" \/>\n\t<meta name=\"twitter:data1\" content=\"Presseinvestigation.com\" \/>\n\t<meta name=\"twitter:label2\" content=\"Dur\u00e9e de lecture estim\u00e9e\" \/>\n\t<meta name=\"twitter:data2\" content=\"1 minute\" \/>\n<script type=\"application\/ld+json\" class=\"yoast-schema-graph\">{\"@context\":\"https:\\\/\\\/schema.org\",\"@graph\":[{\"@type\":\"Article\",\"@id\":\"https:\\\/\\\/www.presseinvestigation.com\\\/index.php\\\/2025\\\/04\\\/14\\\/boke-lanaim-au-coeur-de-la-celebration-des-acquis-du-cnrd\\\/#article\",\"isPartOf\":{\"@id\":\"https:\\\/\\\/www.presseinvestigation.com\\\/index.php\\\/2025\\\/04\\\/14\\\/boke-lanaim-au-coeur-de-la-celebration-des-acquis-du-cnrd\\\/\"},\"author\":{\"name\":\"Presseinvestigation.com\",\"@id\":\"https:\\\/\\\/www.presseinvestigation.com\\\/#\\\/schema\\\/person\\\/a1029d031d336f4e888009a1d2c4740a\"},\"headline\":\"Bok\u00e9\u00a0: l\u2019ANAIM au c\u0153ur de la c\u00e9l\u00e9bration des acquis du CNRD\",\"datePublished\":\"2025-04-14T00:58:16+00:00\",\"mainEntityOfPage\":{\"@id\":\"https:\\\/\\\/www.presseinvestigation.com\\\/index.php\\\/2025\\\/04\\\/14\\\/boke-lanaim-au-coeur-de-la-celebration-des-acquis-du-cnrd\\\/\"},\"wordCount\":294,\"commentCount\":0,\"image\":{\"@id\":\"https:\\\/\\\/www.presseinvestigation.com\\\/index.php\\\/2025\\\/04\\\/14\\\/boke-lanaim-au-coeur-de-la-celebration-des-acquis-du-cnrd\\\/#primaryimage\"},\"thumbnailUrl\":\"https:\\\/\\\/www.presseinvestigation.com\\\/wp-content\\\/uploads\\\/2025\\\/04\\\/IMG-20250413-WA00431.jpg\",\"articleSection\":[\"P\u00f4le Actualit\u00e9-Mines\"],\"inLanguage\":\"fr-FR\",\"potentialAction\":[{\"@type\":\"CommentAction\",\"name\":\"Comment\",\"target\":[\"https:\\\/\\\/www.presseinvestigation.com\\\/index.php\\\/2025\\\/04\\\/14\\\/boke-lanaim-au-coeur-de-la-celebration-des-acquis-du-cnrd\\\/#respond\"]}]},{\"@type\":\"WebPage\",\"@id\":\"https:\\\/\\\/www.presseinvestigation.com\\\/index.php\\\/2025\\\/04\\\/14\\\/boke-lanaim-au-coeur-de-la-celebration-des-acquis-du-cnrd\\\/\",\"url\":\"https:\\\/\\\/www.presseinvestigation.com\\\/index.php\\\/2025\\\/04\\\/14\\\/boke-lanaim-au-coeur-de-la-celebration-des-acquis-du-cnrd\\\/\",\"name\":\"Bok\u00e9\u00a0: l\u2019ANAIM au c\u0153ur de la c\u00e9l\u00e9bration des acquis du CNRD - Presseinvestigation\",\"isPartOf\":{\"@id\":\"https:\\\/\\\/www.presseinvestigation.com\\\/#website\"},\"primaryImageOfPage\":{\"@id\":\"https:\\\/\\\/www.presseinvestigation.com\\\/index.php\\\/2025\\\/04\\\/14\\\/boke-lanaim-au-coeur-de-la-celebration-des-acquis-du-cnrd\\\/#primaryimage\"},\"image\":{\"@id\":\"https:\\\/\\\/www.presseinvestigation.com\\\/index.php\\\/2025\\\/04\\\/14\\\/boke-lanaim-au-coeur-de-la-celebration-des-acquis-du-cnrd\\\/#primaryimage\"},\"thumbnailUrl\":\"https:\\\/\\\/www.presseinvestigation.com\\\/wp-content\\\/uploads\\\/2025\\\/04\\\/IMG-20250413-WA00431.jpg\",\"datePublished\":\"2025-04-14T00:58:16+00:00\",\"author\":{\"@id\":\"https:\\\/\\\/www.presseinvestigation.com\\\/#\\\/schema\\\/person\\\/a1029d031d336f4e888009a1d2c4740a\"},\"breadcrumb\":{\"@id\":\"https:\\\/\\\/www.presseinvestigation.com\\\/index.php\\\/2025\\\/04\\\/14\\\/boke-lanaim-au-coeur-de-la-celebration-des-acquis-du-cnrd\\\/#breadcrumb\"},\"inLanguage\":\"fr-FR\",\"potentialAction\":[{\"@type\":\"ReadAction\",\"target\":[\"https:\\\/\\\/www.presseinvestigation.com\\\/index.php\\\/2025\\\/04\\\/14\\\/boke-lanaim-au-coeur-de-la-celebration-des-acquis-du-cnrd\\\/\"]}]},{\"@type\":\"ImageObject\",\"inLanguage\":\"fr-FR\",\"@id\":\"https:\\\/\\\/www.presseinvestigation.com\\\/index.php\\\/2025\\\/04\\\/14\\\/boke-lanaim-au-coeur-de-la-celebration-des-acquis-du-cnrd\\\/#primaryimage\",\"url\":\"https:\\\/\\\/www.presseinvestigation.com\\\/wp-content\\\/uploads\\\/2025\\\/04\\\/IMG-20250413-WA00431.jpg\",\"contentUrl\":\"https:\\\/\\\/www.presseinvestigation.com\\\/wp-content\\\/uploads\\\/2025\\\/04\\\/IMG-20250413-WA00431.jpg\",\"width\":877,\"height\":781},{\"@type\":\"BreadcrumbList\",\"@id\":\"https:\\\/\\\/www.presseinvestigation.com\\\/index.php\\\/2025\\\/04\\\/14\\\/boke-lanaim-au-coeur-de-la-celebration-des-acquis-du-cnrd\\\/#breadcrumb\",\"itemListElement\":[{\"@type\":\"ListItem\",\"position\":1,\"name\":\"Accueil\",\"item\":\"https:\\\/\\\/www.presseinvestigation.com\\\/\"},{\"@type\":\"ListItem\",\"position\":2,\"name\":\"Bok\u00e9\u00a0: l\u2019ANAIM au c\u0153ur de la c\u00e9l\u00e9bration des acquis du CNRD\"}]},{\"@type\":\"WebSite\",\"@id\":\"https:\\\/\\\/www.presseinvestigation.com\\\/#website\",\"url\":\"https:\\\/\\\/www.presseinvestigation.com\\\/\",\"name\":\"Presseinvestigation\",\"description\":\"Informer dans l&#039;impartialit\u00e9\",\"potentialAction\":[{\"@type\":\"SearchAction\",\"target\":{\"@type\":\"EntryPoint\",\"urlTemplate\":\"https:\\\/\\\/www.presseinvestigation.com\\\/?s={search_term_string}\"},\"query-input\":{\"@type\":\"PropertyValueSpecification\",\"valueRequired\":true,\"valueName\":\"search_term_string\"}}],\"inLanguage\":\"fr-FR\"},{\"@type\":\"Person\",\"@id\":\"https:\\\/\\\/www.presseinvestigation.com\\\/#\\\/schema\\\/person\\\/a1029d031d336f4e888009a1d2c4740a\",\"name\":\"Presseinvestigation.com\",\"image\":{\"@type\":\"ImageObject\",\"inLanguage\":\"fr-FR\",\"@id\":\"https:\\\/\\\/secure.gravatar.com\\\/avatar\\\/c0faa0f472c43eff99fecb0bd2a1c6782e80a162c9fcb7ed2d48bb42ea619f30?s=96&d=mm&r=g\",\"url\":\"https:\\\/\\\/secure.gravatar.com\\\/avatar\\\/c0faa0f472c43eff99fecb0bd2a1c6782e80a162c9fcb7ed2d48bb42ea619f30?s=96&d=mm&r=g\",\"contentUrl\":\"https:\\\/\\\/secure.gravatar.com\\\/avatar\\\/c0faa0f472c43eff99fecb0bd2a1c6782e80a162c9fcb7ed2d48bb42ea619f30?s=96&d=mm&r=g\",\"caption\":\"Presseinvestigation.com\"},\"sameAs\":[\"https:\\\/\\\/www.presseinvestigation.com\"],\"url\":\"https:\\\/\\\/www.presseinvestigation.com\\\/index.php\\\/author\\\/medbi2011\\\/\"}]}<\/script>\n<!-- \/ Yoast SEO plugin. -->","yoast_head_json":{"title":"Bok\u00e9\u00a0: l\u2019ANAIM au c\u0153ur de la c\u00e9l\u00e9bration des acquis du CNRD - Presseinvestigation","robots":{"index":"index","follow":"follow","max-snippet":"max-snippet:-1","max-image-preview":"max-image-preview:large","max-video-preview":"max-video-preview:-1"},"canonical":"https:\/\/www.presseinvestigation.com\/index.php\/2025\/04\/14\/boke-lanaim-au-coeur-de-la-celebration-des-acquis-du-cnrd\/","og_locale":"fr_FR","og_type":"article","og_title":"Bok\u00e9\u00a0: l\u2019ANAIM au c\u0153ur de la c\u00e9l\u00e9bration des acquis du CNRD - Presseinvestigation","og_description":"En pr\u00e9lude de la Grande marche des fils de la Guin\u00e9e Maritime, organis\u00e9e \u00e0 Bok\u00e9 le 11 et 12 avril 2025, pour le soutien au chef de l\u2019Etat, le G\u00e9n\u00e9ral d\u2019arm\u00e9es Mamadi DOUMBOUYA, la Direction G\u00e9n\u00e9rale de l\u2019Agence Nationale d\u2019Am\u00e9nagement des Infrastructures Mini\u00e8res(ANAIM) a \u00e9t\u00e9 au c\u0153ur de cet \u00e9v\u00e9nement pour donner plus de visibilit\u00e9 [&hellip;]","og_url":"https:\/\/www.presseinvestigation.com\/index.php\/2025\/04\/14\/boke-lanaim-au-coeur-de-la-celebration-des-acquis-du-cnrd\/","og_site_name":"Presseinvestigation","article_published_time":"2025-04-14T00:58:16+00:00","og_image":[{"width":877,"height":781,"url":"https:\/\/www.presseinvestigation.com\/wp-content\/uploads\/2025\/04\/IMG-20250413-WA00431.jpg","type":"image\/jpeg"}],"author":"Presseinvestigation.com","twitter_card":"summary_large_image","twitter_misc":{"\u00c9crit par":"Presseinvestigation.com","Dur\u00e9e de lecture estim\u00e9e":"1 minute"},"schema":{"@context":"https:\/\/schema.org","@graph":[{"@type":"Article","@id":"https:\/\/www.presseinvestigation.com\/index.php\/2025\/04\/14\/boke-lanaim-au-coeur-de-la-celebration-des-acquis-du-cnrd\/#article","isPartOf":{"@id":"https:\/\/www.presseinvestigation.com\/index.php\/2025\/04\/14\/boke-lanaim-au-coeur-de-la-celebration-des-acquis-du-cnrd\/"},"author":{"name":"Presseinvestigation.com","@id":"https:\/\/www.presseinvestigation.com\/#\/schema\/person\/a1029d031d336f4e888009a1d2c4740a"},"headline":"Bok\u00e9\u00a0: l\u2019ANAIM au c\u0153ur de la c\u00e9l\u00e9bration des acquis du CNRD","datePublished":"2025-04-14T00:58:16+00:00","mainEntityOfPage":{"@id":"https:\/\/www.presseinvestigation.com\/index.php\/2025\/04\/14\/boke-lanaim-au-coeur-de-la-celebration-des-acquis-du-cnrd\/"},"wordCount":294,"commentCount":0,"image":{"@id":"https:\/\/www.presseinvestigation.com\/index.php\/2025\/04\/14\/boke-lanaim-au-coeur-de-la-celebration-des-acquis-du-cnrd\/#primaryimage"},"thumbnailUrl":"https:\/\/www.presseinvestigation.com\/wp-content\/uploads\/2025\/04\/IMG-20250413-WA00431.jpg","articleSection":["P\u00f4le Actualit\u00e9-Mines"],"inLanguage":"fr-FR","potentialAction":[{"@type":"CommentAction","name":"Comment","target":["https:\/\/www.presseinvestigation.com\/index.php\/2025\/04\/14\/boke-lanaim-au-coeur-de-la-celebration-des-acquis-du-cnrd\/#respond"]}]},{"@type":"WebPage","@id":"https:\/\/www.presseinvestigation.com\/index.php\/2025\/04\/14\/boke-lanaim-au-coeur-de-la-celebration-des-acquis-du-cnrd\/","url":"https:\/\/www.presseinvestigation.com\/index.php\/2025\/04\/14\/boke-lanaim-au-coeur-de-la-celebration-des-acquis-du-cnrd\/","name":"Bok\u00e9\u00a0: l\u2019ANAIM au c\u0153ur de la c\u00e9l\u00e9bration des acquis du CNRD - Presseinvestigation","isPartOf":{"@id":"https:\/\/www.presseinvestigation.com\/#website"},"primaryImageOfPage":{"@id":"https:\/\/www.presseinvestigation.com\/index.php\/2025\/04\/14\/boke-lanaim-au-coeur-de-la-celebration-des-acquis-du-cnrd\/#primaryimage"},"image":{"@id":"https:\/\/www.presseinvestigation.com\/index.php\/2025\/04\/14\/boke-lanaim-au-coeur-de-la-celebration-des-acquis-du-cnrd\/#primaryimage"},"thumbnailUrl":"https:\/\/www.presseinvestigation.com\/wp-content\/uploads\/2025\/04\/IMG-20250413-WA00431.jpg","datePublished":"2025-04-14T00:58:16+00:00","author":{"@id":"https:\/\/www.presseinvestigation.com\/#\/schema\/person\/a1029d031d336f4e888009a1d2c4740a"},"breadcrumb":{"@id":"https:\/\/www.presseinvestigation.com\/index.php\/2025\/04\/14\/boke-lanaim-au-coeur-de-la-celebration-des-acquis-du-cnrd\/#breadcrumb"},"inLanguage":"fr-FR","potentialAction":[{"@type":"ReadAction","target":["https:\/\/www.presseinvestigation.com\/index.php\/2025\/04\/14\/boke-lanaim-au-coeur-de-la-celebration-des-acquis-du-cnrd\/"]}]},{"@type":"ImageObject","inLanguage":"fr-FR","@id":"https:\/\/www.presseinvestigation.com\/index.php\/2025\/04\/14\/boke-lanaim-au-coeur-de-la-celebration-des-acquis-du-cnrd\/#primaryimage","url":"https:\/\/www.presseinvestigation.com\/wp-content\/uploads\/2025\/04\/IMG-20250413-WA00431.jpg","contentUrl":"https:\/\/www.presseinvestigation.com\/wp-content\/uploads\/2025\/04\/IMG-20250413-WA00431.jpg","width":877,"height":781},{"@type":"BreadcrumbList","@id":"https:\/\/www.presseinvestigation.com\/index.php\/2025\/04\/14\/boke-lanaim-au-coeur-de-la-celebration-des-acquis-du-cnrd\/#breadcrumb","itemListElement":[{"@type":"ListItem","position":1,"name":"Accueil","item":"https:\/\/www.presseinvestigation.com\/"},{"@type":"ListItem","position":2,"name":"Bok\u00e9\u00a0: l\u2019ANAIM au c\u0153ur de la c\u00e9l\u00e9bration des acquis du CNRD"}]},{"@type":"WebSite","@id":"https:\/\/www.presseinvestigation.com\/#website","url":"https:\/\/www.presseinvestigation.com\/","name":"Presseinvestigation","description":"Informer dans l&#039;impartialit\u00e9","potentialAction":[{"@type":"SearchAction","target":{"@type":"EntryPoint","urlTemplate":"https:\/\/www.presseinvestigation.com\/?s={search_term_string}"},"query-input":{"@type":"PropertyValueSpecification","valueRequired":true,"valueName":"search_term_string"}}],"inLanguage":"fr-FR"},{"@type":"Person","@id":"https:\/\/www.presseinvestigation.com\/#\/schema\/person\/a1029d031d336f4e888009a1d2c4740a","name":"Presseinvestigation.com","image":{"@type":"ImageObject","inLanguage":"fr-FR","@id":"https:\/\/secure.gravatar.com\/avatar\/c0faa0f472c43eff99fecb0bd2a1c6782e80a162c9fcb7ed2d48bb42ea619f30?s=96&d=mm&r=g","url":"https:\/\/secure.gravatar.com\/avatar\/c0faa0f472c43eff99fecb0bd2a1c6782e80a162c9fcb7ed2d48bb42ea619f30?s=96&d=mm&r=g","contentUrl":"https:\/\/secure.gravatar.com\/avatar\/c0faa0f472c43eff99fecb0bd2a1c6782e80a162c9fcb7ed2d48bb42ea619f30?s=96&d=mm&r=g","caption":"Presseinvestigation.com"},"sameAs":["https:\/\/www.presseinvestigation.com"],"url":"https:\/\/www.presseinvestigation.com\/index.php\/author\/medbi2011\/"}]}},"_links":{"self":[{"href":"https:\/\/www.presseinvestigation.com\/index.php\/wp-json\/wp\/v2\/posts\/2223","targetHints":{"allow":["GET"]}}],"collection":[{"href":"https:\/\/www.presseinvestigation.com\/index.php\/wp-json\/wp\/v2\/posts"}],"about":[{"href":"https:\/\/www.presseinvestigation.com\/index.php\/wp-json\/wp\/v2\/types\/post"}],"author":[{"embeddable":true,"href":"https:\/\/www.presseinvestigation.com\/index.php\/wp-json\/wp\/v2\/users\/1"}],"replies":[{"embeddable":true,"href":"https:\/\/www.presseinvestigation.com\/index.php\/wp-json\/wp\/v2\/comments?post=2223"}],"version-history":[{"count":1,"href":"https:\/\/www.presseinvestigation.com\/index.php\/wp-json\/wp\/v2\/posts\/2223\/revisions"}],"predecessor-version":[{"id":2224,"href":"https:\/\/www.presseinvestigation.com\/index.php\/wp-json\/wp\/v2\/posts\/2223\/revisions\/2224"}],"wp:featuredmedia":[{"embeddable":true,"href":"https:\/\/www.presseinvestigation.com\/index.php\/wp-json\/wp\/v2\/media\/2221"}],"wp:attachment":[{"href":"https:\/\/www.presseinvestigation.com\/index.php\/wp-json\/wp\/v2\/media?parent=2223"}],"wp:term":[{"taxonomy":"category","embeddable":true,"href":"https:\/\/www.presseinvestigation.com\/index.php\/wp-json\/wp\/v2\/categories?post=2223"},{"taxonomy":"post_tag","embeddable":true,"href":"https:\/\/www.presseinvestigation.com\/index.php\/wp-json\/wp\/v2\/tags?post=2223"}],"curies":[{"name":"wp","href":"https:\/\/api.w.org\/{rel}","templated":true}]}}