{"id":2240,"date":"2025-04-18T15:29:02","date_gmt":"2025-04-18T13:29:02","guid":{"rendered":"https:\/\/www.presseinvestigation.com\/index.php\/2025\/04\/18\/lan-un-du-dg-de-lanaim-damalaye-conde-un-bilan-de-la-transformation-19-avril-2024-19-avril-2025\/"},"modified":"2025-04-18T15:29:02","modified_gmt":"2025-04-18T13:29:02","slug":"lan-un-du-dg-de-lanaim-damalaye-conde-un-bilan-de-la-transformation-19-avril-2024-19-avril-2025","status":"publish","type":"post","link":"https:\/\/www.presseinvestigation.com\/index.php\/2025\/04\/18\/lan-un-du-dg-de-lanaim-damalaye-conde-un-bilan-de-la-transformation-19-avril-2024-19-avril-2025\/","title":{"rendered":"L\u2019an un du DG de l\u2019ANAIM, Damalaye CONDE\u00a0: Un bilan de la Transformation (19 avril 2024-19 avril 2025)"},"content":{"rendered":"<p><strong>D\u00e8s sa prise de fonction en avril 2024 \u00e0 la t\u00eate de l\u2019Agence Nationale d\u2019Am\u00e9nagement des Infrastructures Mini\u00e8res (ANAIM), Aly Damalaye COND\u00c9, second\u00e9 par son Adjoint Bachir DIALLO, a entrepris une transformation ambitieuse de l&#8217;Agence, \u00e0 travers une s\u00e9rie d\u2019initiatives majeures visant \u00e0 rendre efficace et efficient la gestion et le d\u00e9veloppement des infrastructures d\u00e9di\u00e9es \u00e0 l\u2019\u00e9vacuation des substances min\u00e9rales.<\/strong><\/p>\n<p><a href=\"https:\/\/www.presseinvestigation.com\/wp-content\/uploads\/2025\/04\/IMG-20250418-WA0012.jpg\"><img decoding=\"async\" class=\"attachment-full size-full\" src=\"https:\/\/www.presseinvestigation.com\/wp-content\/uploads\/2025\/04\/IMG-20250418-WA0012.jpg\" alt=\"\" \/><\/a><\/p>\n<p><strong>UNE GOUVERNANCE AM\u00c9LIOR\u00c9E <\/strong><\/p>\n<p>Au chapitre du management, plusieurs actions ont \u00e9t\u00e9 r\u00e9alis\u00e9es parmi lesquelles l\u2019adoption d\u2019un manuel de proc\u00e9dures inexistant depuis la cr\u00e9ation de l\u2019entit\u00e9, la mise en place d\u2019un plan de performance et le diagnostic strat\u00e9gique et op\u00e9rationnel de l\u2019Agence. L\u2019objectif de cette r\u00e9forme manag\u00e9riale vise \u00e0 optimiser la gestion des infrastructures, diversifier les sources de revenus et renforcer la confiance des partenaires.<\/p>\n<p>Afin de faciliter l\u2019acc\u00e8s aux informations cl\u00e9s et donner plus de visibilit\u00e9 aux activit\u00e9s de l\u2019Agence, la Direction G\u00e9n\u00e9rale a proc\u00e9d\u00e9 au lancement officiel de son site Web, une premi\u00e8re.<\/p>\n<p><a href=\"https:\/\/www.presseinvestigation.com\/wp-content\/uploads\/2025\/04\/IMG_7710-scaled.jpg\"><img decoding=\"async\" class=\"attachment-full size-full\" src=\"https:\/\/www.presseinvestigation.com\/wp-content\/uploads\/2025\/04\/IMG_7710-scaled.jpg\" alt=\"\" \/><\/a><\/p>\n<p>\u00a0<\/p>\n<p><strong>PR\u00c9SENCE EFFECTIVE DE L\u2019ANAIM <\/strong><\/p>\n<p>L\u2019une des grandes r\u00e9alisations a \u00e9t\u00e9 la cr\u00e9ation de deux nouvelles coordinations r\u00e9gionales pour renforcer la pr\u00e9sence de l\u2019ANAIM \u00e0 l\u2019int\u00e9rieur du pays. Une Coordination a \u00e9t\u00e9 \u00e9tablie \u00e0 Kankan pour couvrir la Haute-Guin\u00e9e et une autre \u00e0 Bok\u00e9. Dans cette dynamique, la Direction G\u00e9n\u00e9rale a dot\u00e9 chaque coordination en v\u00e9hicules neufs tout terrain en janvier 2025 ceci dans le but de faciliter l\u2019accomplissement de leurs missions de suivi et de contr\u00f4le dans le cadre de la gestion des infrastructures mini\u00e8res.<\/p>\n<p><strong>R\u00c9ALISATION D\u2019INFRASTRUCTURES SOCIALES ET SANITAIRES<\/strong><\/p>\n<p><a href=\"https:\/\/www.presseinvestigation.com\/wp-content\/uploads\/2025\/04\/SEB_9775-scaled.jpg\"><img decoding=\"async\" class=\"attachment-full size-full\" src=\"https:\/\/www.presseinvestigation.com\/wp-content\/uploads\/2025\/04\/SEB_9775-scaled.jpg\" alt=\"\" \/><\/a><\/p>\n<p>L\u2019am\u00e9lioration des conditions de vie et de travail des employ\u00e9s et des populations riveraines constitue un des pans des actions mises en \u0153uvre. Parmi les chantiers figurent :<\/p>\n<p>\u2022 La construction du centre d\u2019h\u00e9modialyse de l\u2019h\u00f4pital ANAIM Kamsar ;<\/p>\n<p>\u2022 La poursuite de la construction d\u2019une cit\u00e9 moderne de 320 logements \u00e0 Kolaboui ;<\/p>\n<p>\u2022 L\u2019ach\u00e8vement des travaux du Centre de Sant\u00e9 Am\u00e9lior\u00e9 de Filima, \u00e0 Kamsar ;<\/p>\n<p>\u2022 La r\u00e9novation de l\u2019h\u00f4pital ANAIM Kamsar.<\/p>\n<p><strong>RENFORCEMENT DES RELATIONS AVEC LES SOCI\u00c9T\u00c9S MINI\u00c8RES<\/strong><\/p>\n<p><a href=\"https:\/\/www.presseinvestigation.com\/wp-content\/uploads\/2025\/04\/IMG-20250418-WA0011.jpg\"><img decoding=\"async\" class=\"attachment-full size-full\" src=\"https:\/\/www.presseinvestigation.com\/wp-content\/uploads\/2025\/04\/IMG-20250418-WA0011.jpg\" alt=\"\" \/><\/a><\/p>\n<p>D\u00e8s le d\u00e9but de son magist\u00e8re, le Directeur G\u00e9n\u00e9ral et son \u00e9quipe ont multipli\u00e9 les rencontres et visites de terrain dans les diff\u00e9rentes zones mini\u00e8res, afin d\u2019\u00e9tablir une \u00e9troite collaboration avec les partenaires. Au terme de ces tourn\u00e9es, plusieurs actions ont \u00e9t\u00e9 r\u00e9alis\u00e9es ou envisag\u00e9es. Il s\u2019agit entre autres :<\/p>\n<p>\u2022 Du d\u00e9but de normalisation des activit\u00e9s des soci\u00e9t\u00e9s mini\u00e8res exploitant sur le Chenal de la Fatala ;<\/p>\n<p>\u2022 De la Convention portuaire avec CDM\/Henan-Chine dans le cadre de la r\u00e9alisation d\u2019un port min\u00e9ralier multi-utilisateurs \u00e0 Gu\u00e8m\u00e8 Saint-Jean (Bok\u00e9) ;<\/p>\n<p>\u2022 De l\u2019Accord de mutualisation de la route mini\u00e8re Dapilon ;<\/p>\n<p>\u2022 Du lancement du processus d\u2019exploitation du port de Konta par un op\u00e9rateur ind\u00e9pendant non minier ;<\/p>\n<p>\u2022 Du lancement du processus d\u2019extension et de d\u00e9veloppement du port de Konta ;<\/p>\n<p>\u2022 Du contr\u00f4le des installations et du suivi de l\u2019exp\u00e9dition du minerai (Bauxite) sur le quai Rusal au Port Autonome de Conakry : cette d\u00e9marche est la toute premi\u00e8re depuis la cr\u00e9ation de la Coordination ANAIM-CBK ;<\/p>\n<p>\u2022 Lancement du processus d\u2019inventaire en vue d\u2019\u00e9tablir une cartographie des actifs miniers de l\u2019ANAIM sur l\u2019ensemble du territoire national ;<\/p>\n<p>\u2022 Une participation remarqu\u00e9e au Forum African Mining Indaba 2025 en Afrique du Sud. Le Directeur a pris part au panel sous le th\u00e8me de \u00ab Evolving african policy and value \u2013 developing a mutualy beneficial mineral blueprint \u00bb.<\/p>\n<p><strong>PRIORIT\u00c9S AFFICHEES <\/strong><\/p>\n<p>En un an, sous le leadership de Mr Aly Damalaye CONDE, l\u2019ANAIM s\u2019est inscrit comme un acteur majeur dans la mise en \u0153uvre de la politique mini\u00e8re exprim\u00e9e par le Pr\u00e9sident de la R\u00e9publique, Chef de l\u2019Etat, Chef Supr\u00eame des Arm\u00e9es, le G\u00e9n\u00e9ral Mamadi DOUMBOUYA, visant \u00e0 mettre le secteur minier au service des pr\u00e9occupations sociales et \u00e9conomiques de la Guin\u00e9e.<\/p>\n<p><a href=\"https:\/\/www.presseinvestigation.com\/wp-content\/uploads\/2025\/04\/IMG_7665-scaled.jpg\"><img decoding=\"async\" class=\"attachment-full size-full\" src=\"https:\/\/www.presseinvestigation.com\/wp-content\/uploads\/2025\/04\/IMG_7665-scaled.jpg\" alt=\"\" \/><\/a><\/p>\n<p>Dans cette optique, l\u2019ANAIM place la mutualisation des infrastructures mini\u00e8res au c\u0153ur de sa r\u00e9forme. Le principe est que toutes les infrastructures mini\u00e8res d\u00e9di\u00e9es \u00e0 l\u2019\u00e9vacuation des substances min\u00e9rales aient vocation \u00e0 \u00eatre mutualis\u00e9es.<\/p>\n<p>Pour illustration, gr\u00e2ce aux efforts d\u00e9ploy\u00e9s par l\u2019ANAIM, la soci\u00e9t\u00e9 G.E.M.I.C du groupe TEBEA a rejoint CBG, GAC et COBAD, pour l\u2019utilisation du chemin de fer Kamsar-Sangar\u00e9di et ce, conform\u00e9ment au contrat d\u2019op\u00e9ration Multi-utilisateurs sign\u00e9 en juin 2015.<\/p>\n<p>Sur le plan routier, un Accord de mutualisation est en cours de finalisation pour permettre \u00e0 plusieurs acteurs miniers d\u2019utiliser la route mini\u00e8re Dapilon.<\/p>\n<p>Dans le domaine portuaire, l\u2019ANAIM s\u2019est engag\u00e9e dans un partenariat pour la r\u00e9alisation d\u2019un port en eaux profondes dans la R\u00e9gion Nord-Ouest, plus pr\u00e9cis\u00e9ment \u00e0 Koufin (une \u00eele situ\u00e9e \u00e0 18 km de la Sous-pr\u00e9fecture de Kamsar) pour accueillir les navires de grandes capacit\u00e9s de type cape size.<\/p>\n<p>La r\u00e9alisation de ce port constitue un outil strat\u00e9gique pour la Guin\u00e9e en raison de sa position g\u00e9ographique. Plusieurs facteurs dont le positionnement pourraient faire de ce port en Afrique de l\u2019ouest un hub logistique portuaire et maritime capable de r\u00e9pondre aux besoins des investisseurs.<\/p>\n<p>L\u2019ANAIM fait aussi du renforcement des capacit\u00e9s techniques notamment portuaire et ferroviaire comme une de ses priorit\u00e9s. Plusieurs projets sont en cours d\u2019analyse avec nos partenaires pour permettre \u00e0 l\u2019ANAIM de disposer des techniciens dans le domaine portuaire et ferroviaire en vue d\u2019une meilleure efficacit\u00e9 op\u00e9rationnelle.<\/p>\n<p>Aujourd\u2019hui, gr\u00e2ce aux r\u00e9alisations accomplies et envisag\u00e9es dans le domaine des Infrastructures, l\u2019ANAIM se positionne plus que jamais comme un acteur incontournable du d\u00e9veloppement des infrastructures mini\u00e8res pour un avenir prometteur.<\/p>\n<p><strong>D\u00e9partement Communication et Relations Publiques de l&#8217;ANAIM\u00a0<\/strong><\/p>\n","protected":false},"excerpt":{"rendered":"<p>D\u00e8s sa prise de fonction en avril 2024 \u00e0 la t\u00eate de l\u2019Agence Nationale d\u2019Am\u00e9nagement des Infrastructures Mini\u00e8res (ANAIM), Aly Damalaye COND\u00c9, second\u00e9 par son Adjoint Bachir DIALLO, a entrepris une transformation ambitieuse de l&#8217;Agence, \u00e0 travers une s\u00e9rie d\u2019initiatives majeures visant \u00e0 rendre efficace et efficient la gestion et le d\u00e9veloppement des infrastructures d\u00e9di\u00e9es [&hellip;]<\/p>\n","protected":false},"author":2,"featured_media":2239,"comment_status":"open","ping_status":"open","sticky":false,"template":"","format":"standard","meta":{"jnews-multi-image_gallery":[],"jnews_single_post":[],"jnews_primary_category":[],"footnotes":""},"categories":[93],"tags":[],"class_list":["post-2240","post","type-post","status-publish","format-standard","has-post-thumbnail","hentry","category-pole-actualite-fait-divers"],"yoast_head":"<!-- This site is optimized with the Yoast SEO plugin v27.3 - https:\/\/yoast.com\/product\/yoast-seo-wordpress\/ -->\n<title>L\u2019an un du DG de l\u2019ANAIM, Damalaye CONDE\u00a0: Un bilan de la Transformation (19 avril 2024-19 avril 2025) - Presseinvestigation<\/title>\n<meta name=\"robots\" content=\"index, follow, max-snippet:-1, max-image-preview:large, max-video-preview:-1\" \/>\n<link rel=\"canonical\" href=\"https:\/\/www.presseinvestigation.com\/index.php\/2025\/04\/18\/lan-un-du-dg-de-lanaim-damalaye-conde-un-bilan-de-la-transformation-19-avril-2024-19-avril-2025\/\" \/>\n<meta property=\"og:locale\" content=\"fr_FR\" \/>\n<meta property=\"og:type\" content=\"article\" \/>\n<meta property=\"og:title\" content=\"L\u2019an un du DG de l\u2019ANAIM, Damalaye CONDE\u00a0: Un bilan de la Transformation (19 avril 2024-19 avril 2025) - Presseinvestigation\" \/>\n<meta property=\"og:description\" content=\"D\u00e8s sa prise de fonction en avril 2024 \u00e0 la t\u00eate de l\u2019Agence Nationale d\u2019Am\u00e9nagement des Infrastructures Mini\u00e8res (ANAIM), Aly Damalaye COND\u00c9, second\u00e9 par son Adjoint Bachir DIALLO, a entrepris une transformation ambitieuse de l&#8217;Agence, \u00e0 travers une s\u00e9rie d\u2019initiatives majeures visant \u00e0 rendre efficace et efficient la gestion et le d\u00e9veloppement des infrastructures d\u00e9di\u00e9es [&hellip;]\" \/>\n<meta property=\"og:url\" content=\"https:\/\/www.presseinvestigation.com\/index.php\/2025\/04\/18\/lan-un-du-dg-de-lanaim-damalaye-conde-un-bilan-de-la-transformation-19-avril-2024-19-avril-2025\/\" \/>\n<meta property=\"og:site_name\" content=\"Presseinvestigation\" \/>\n<meta property=\"article:published_time\" content=\"2025-04-18T13:29:02+00:00\" \/>\n<meta property=\"og:image\" content=\"https:\/\/www.presseinvestigation.com\/wp-content\/uploads\/2025\/04\/Screenshot_20250418_132636_Photos.jpg\" \/>\n\t<meta property=\"og:image:width\" content=\"1050\" \/>\n\t<meta property=\"og:image:height\" content=\"750\" \/>\n\t<meta property=\"og:image:type\" content=\"image\/jpeg\" \/>\n<meta name=\"author\" content=\"Presseinvestigation.com\" \/>\n<meta name=\"twitter:card\" content=\"summary_large_image\" \/>\n<meta name=\"twitter:label1\" content=\"\u00c9crit par\" \/>\n\t<meta name=\"twitter:data1\" content=\"Presseinvestigation.com\" \/>\n\t<meta name=\"twitter:label2\" content=\"Dur\u00e9e de lecture estim\u00e9e\" \/>\n\t<meta name=\"twitter:data2\" content=\"5 minutes\" \/>\n<script type=\"application\/ld+json\" class=\"yoast-schema-graph\">{\"@context\":\"https:\\\/\\\/schema.org\",\"@graph\":[{\"@type\":\"Article\",\"@id\":\"https:\\\/\\\/www.presseinvestigation.com\\\/index.php\\\/2025\\\/04\\\/18\\\/lan-un-du-dg-de-lanaim-damalaye-conde-un-bilan-de-la-transformation-19-avril-2024-19-avril-2025\\\/#article\",\"isPartOf\":{\"@id\":\"https:\\\/\\\/www.presseinvestigation.com\\\/index.php\\\/2025\\\/04\\\/18\\\/lan-un-du-dg-de-lanaim-damalaye-conde-un-bilan-de-la-transformation-19-avril-2024-19-avril-2025\\\/\"},\"author\":{\"name\":\"Presseinvestigation.com\",\"@id\":\"https:\\\/\\\/www.presseinvestigation.com\\\/#\\\/schema\\\/person\\\/32d023733a4a9d7c3bd6883619b8f116\"},\"headline\":\"L\u2019an un du DG de l\u2019ANAIM, Damalaye CONDE\u00a0: Un bilan de la Transformation (19 avril 2024-19 avril 2025)\",\"datePublished\":\"2025-04-18T13:29:02+00:00\",\"mainEntityOfPage\":{\"@id\":\"https:\\\/\\\/www.presseinvestigation.com\\\/index.php\\\/2025\\\/04\\\/18\\\/lan-un-du-dg-de-lanaim-damalaye-conde-un-bilan-de-la-transformation-19-avril-2024-19-avril-2025\\\/\"},\"wordCount\":1047,\"commentCount\":0,\"image\":{\"@id\":\"https:\\\/\\\/www.presseinvestigation.com\\\/index.php\\\/2025\\\/04\\\/18\\\/lan-un-du-dg-de-lanaim-damalaye-conde-un-bilan-de-la-transformation-19-avril-2024-19-avril-2025\\\/#primaryimage\"},\"thumbnailUrl\":\"https:\\\/\\\/www.presseinvestigation.com\\\/wp-content\\\/uploads\\\/2025\\\/04\\\/Screenshot_20250418_132636_Photos.jpg\",\"articleSection\":[\"P\u00f4le Actualit\u00e9-Analyse\"],\"inLanguage\":\"fr-FR\",\"potentialAction\":[{\"@type\":\"CommentAction\",\"name\":\"Comment\",\"target\":[\"https:\\\/\\\/www.presseinvestigation.com\\\/index.php\\\/2025\\\/04\\\/18\\\/lan-un-du-dg-de-lanaim-damalaye-conde-un-bilan-de-la-transformation-19-avril-2024-19-avril-2025\\\/#respond\"]}]},{\"@type\":\"WebPage\",\"@id\":\"https:\\\/\\\/www.presseinvestigation.com\\\/index.php\\\/2025\\\/04\\\/18\\\/lan-un-du-dg-de-lanaim-damalaye-conde-un-bilan-de-la-transformation-19-avril-2024-19-avril-2025\\\/\",\"url\":\"https:\\\/\\\/www.presseinvestigation.com\\\/index.php\\\/2025\\\/04\\\/18\\\/lan-un-du-dg-de-lanaim-damalaye-conde-un-bilan-de-la-transformation-19-avril-2024-19-avril-2025\\\/\",\"name\":\"L\u2019an un du DG de l\u2019ANAIM, Damalaye CONDE\u00a0: Un bilan de la Transformation (19 avril 2024-19 avril 2025) - Presseinvestigation\",\"isPartOf\":{\"@id\":\"https:\\\/\\\/www.presseinvestigation.com\\\/#website\"},\"primaryImageOfPage\":{\"@id\":\"https:\\\/\\\/www.presseinvestigation.com\\\/index.php\\\/2025\\\/04\\\/18\\\/lan-un-du-dg-de-lanaim-damalaye-conde-un-bilan-de-la-transformation-19-avril-2024-19-avril-2025\\\/#primaryimage\"},\"image\":{\"@id\":\"https:\\\/\\\/www.presseinvestigation.com\\\/index.php\\\/2025\\\/04\\\/18\\\/lan-un-du-dg-de-lanaim-damalaye-conde-un-bilan-de-la-transformation-19-avril-2024-19-avril-2025\\\/#primaryimage\"},\"thumbnailUrl\":\"https:\\\/\\\/www.presseinvestigation.com\\\/wp-content\\\/uploads\\\/2025\\\/04\\\/Screenshot_20250418_132636_Photos.jpg\",\"datePublished\":\"2025-04-18T13:29:02+00:00\",\"author\":{\"@id\":\"https:\\\/\\\/www.presseinvestigation.com\\\/#\\\/schema\\\/person\\\/32d023733a4a9d7c3bd6883619b8f116\"},\"breadcrumb\":{\"@id\":\"https:\\\/\\\/www.presseinvestigation.com\\\/index.php\\\/2025\\\/04\\\/18\\\/lan-un-du-dg-de-lanaim-damalaye-conde-un-bilan-de-la-transformation-19-avril-2024-19-avril-2025\\\/#breadcrumb\"},\"inLanguage\":\"fr-FR\",\"potentialAction\":[{\"@type\":\"ReadAction\",\"target\":[\"https:\\\/\\\/www.presseinvestigation.com\\\/index.php\\\/2025\\\/04\\\/18\\\/lan-un-du-dg-de-lanaim-damalaye-conde-un-bilan-de-la-transformation-19-avril-2024-19-avril-2025\\\/\"]}]},{\"@type\":\"ImageObject\",\"inLanguage\":\"fr-FR\",\"@id\":\"https:\\\/\\\/www.presseinvestigation.com\\\/index.php\\\/2025\\\/04\\\/18\\\/lan-un-du-dg-de-lanaim-damalaye-conde-un-bilan-de-la-transformation-19-avril-2024-19-avril-2025\\\/#primaryimage\",\"url\":\"https:\\\/\\\/www.presseinvestigation.com\\\/wp-content\\\/uploads\\\/2025\\\/04\\\/Screenshot_20250418_132636_Photos.jpg\",\"contentUrl\":\"https:\\\/\\\/www.presseinvestigation.com\\\/wp-content\\\/uploads\\\/2025\\\/04\\\/Screenshot_20250418_132636_Photos.jpg\",\"width\":1050,\"height\":750},{\"@type\":\"BreadcrumbList\",\"@id\":\"https:\\\/\\\/www.presseinvestigation.com\\\/index.php\\\/2025\\\/04\\\/18\\\/lan-un-du-dg-de-lanaim-damalaye-conde-un-bilan-de-la-transformation-19-avril-2024-19-avril-2025\\\/#breadcrumb\",\"itemListElement\":[{\"@type\":\"ListItem\",\"position\":1,\"name\":\"Accueil\",\"item\":\"https:\\\/\\\/www.presseinvestigation.com\\\/\"},{\"@type\":\"ListItem\",\"position\":2,\"name\":\"L\u2019an un du DG de l\u2019ANAIM, Damalaye CONDE\u00a0: Un bilan de la Transformation (19 avril 2024-19 avril 2025)\"}]},{\"@type\":\"WebSite\",\"@id\":\"https:\\\/\\\/www.presseinvestigation.com\\\/#website\",\"url\":\"https:\\\/\\\/www.presseinvestigation.com\\\/\",\"name\":\"Presseinvestigation\",\"description\":\"Informer dans l&#039;impartialit\u00e9\",\"potentialAction\":[{\"@type\":\"SearchAction\",\"target\":{\"@type\":\"EntryPoint\",\"urlTemplate\":\"https:\\\/\\\/www.presseinvestigation.com\\\/?s={search_term_string}\"},\"query-input\":{\"@type\":\"PropertyValueSpecification\",\"valueRequired\":true,\"valueName\":\"search_term_string\"}}],\"inLanguage\":\"fr-FR\"},{\"@type\":\"Person\",\"@id\":\"https:\\\/\\\/www.presseinvestigation.com\\\/#\\\/schema\\\/person\\\/32d023733a4a9d7c3bd6883619b8f116\",\"name\":\"Presseinvestigation.com\",\"image\":{\"@type\":\"ImageObject\",\"inLanguage\":\"fr-FR\",\"@id\":\"https:\\\/\\\/secure.gravatar.com\\\/avatar\\\/26f9c9e95424b0bde739ba0af37ee39a9e4a9e809967422c5b8e8573a34fbbe0?s=96&d=mm&r=g\",\"url\":\"https:\\\/\\\/secure.gravatar.com\\\/avatar\\\/26f9c9e95424b0bde739ba0af37ee39a9e4a9e809967422c5b8e8573a34fbbe0?s=96&d=mm&r=g\",\"contentUrl\":\"https:\\\/\\\/secure.gravatar.com\\\/avatar\\\/26f9c9e95424b0bde739ba0af37ee39a9e4a9e809967422c5b8e8573a34fbbe0?s=96&d=mm&r=g\",\"caption\":\"Presseinvestigation.com\"},\"url\":\"https:\\\/\\\/www.presseinvestigation.com\\\/index.php\\\/author\\\/toumany\\\/\"}]}<\/script>\n<!-- \/ Yoast SEO plugin. -->","yoast_head_json":{"title":"L\u2019an un du DG de l\u2019ANAIM, Damalaye CONDE\u00a0: Un bilan de la Transformation (19 avril 2024-19 avril 2025) - Presseinvestigation","robots":{"index":"index","follow":"follow","max-snippet":"max-snippet:-1","max-image-preview":"max-image-preview:large","max-video-preview":"max-video-preview:-1"},"canonical":"https:\/\/www.presseinvestigation.com\/index.php\/2025\/04\/18\/lan-un-du-dg-de-lanaim-damalaye-conde-un-bilan-de-la-transformation-19-avril-2024-19-avril-2025\/","og_locale":"fr_FR","og_type":"article","og_title":"L\u2019an un du DG de l\u2019ANAIM, Damalaye CONDE\u00a0: Un bilan de la Transformation (19 avril 2024-19 avril 2025) - Presseinvestigation","og_description":"D\u00e8s sa prise de fonction en avril 2024 \u00e0 la t\u00eate de l\u2019Agence Nationale d\u2019Am\u00e9nagement des Infrastructures Mini\u00e8res (ANAIM), Aly Damalaye COND\u00c9, second\u00e9 par son Adjoint Bachir DIALLO, a entrepris une transformation ambitieuse de l&#8217;Agence, \u00e0 travers une s\u00e9rie d\u2019initiatives majeures visant \u00e0 rendre efficace et efficient la gestion et le d\u00e9veloppement des infrastructures d\u00e9di\u00e9es [&hellip;]","og_url":"https:\/\/www.presseinvestigation.com\/index.php\/2025\/04\/18\/lan-un-du-dg-de-lanaim-damalaye-conde-un-bilan-de-la-transformation-19-avril-2024-19-avril-2025\/","og_site_name":"Presseinvestigation","article_published_time":"2025-04-18T13:29:02+00:00","og_image":[{"width":1050,"height":750,"url":"https:\/\/www.presseinvestigation.com\/wp-content\/uploads\/2025\/04\/Screenshot_20250418_132636_Photos.jpg","type":"image\/jpeg"}],"author":"Presseinvestigation.com","twitter_card":"summary_large_image","twitter_misc":{"\u00c9crit par":"Presseinvestigation.com","Dur\u00e9e de lecture estim\u00e9e":"5 minutes"},"schema":{"@context":"https:\/\/schema.org","@graph":[{"@type":"Article","@id":"https:\/\/www.presseinvestigation.com\/index.php\/2025\/04\/18\/lan-un-du-dg-de-lanaim-damalaye-conde-un-bilan-de-la-transformation-19-avril-2024-19-avril-2025\/#article","isPartOf":{"@id":"https:\/\/www.presseinvestigation.com\/index.php\/2025\/04\/18\/lan-un-du-dg-de-lanaim-damalaye-conde-un-bilan-de-la-transformation-19-avril-2024-19-avril-2025\/"},"author":{"name":"Presseinvestigation.com","@id":"https:\/\/www.presseinvestigation.com\/#\/schema\/person\/32d023733a4a9d7c3bd6883619b8f116"},"headline":"L\u2019an un du DG de l\u2019ANAIM, Damalaye CONDE\u00a0: Un bilan de la Transformation (19 avril 2024-19 avril 2025)","datePublished":"2025-04-18T13:29:02+00:00","mainEntityOfPage":{"@id":"https:\/\/www.presseinvestigation.com\/index.php\/2025\/04\/18\/lan-un-du-dg-de-lanaim-damalaye-conde-un-bilan-de-la-transformation-19-avril-2024-19-avril-2025\/"},"wordCount":1047,"commentCount":0,"image":{"@id":"https:\/\/www.presseinvestigation.com\/index.php\/2025\/04\/18\/lan-un-du-dg-de-lanaim-damalaye-conde-un-bilan-de-la-transformation-19-avril-2024-19-avril-2025\/#primaryimage"},"thumbnailUrl":"https:\/\/www.presseinvestigation.com\/wp-content\/uploads\/2025\/04\/Screenshot_20250418_132636_Photos.jpg","articleSection":["P\u00f4le Actualit\u00e9-Analyse"],"inLanguage":"fr-FR","potentialAction":[{"@type":"CommentAction","name":"Comment","target":["https:\/\/www.presseinvestigation.com\/index.php\/2025\/04\/18\/lan-un-du-dg-de-lanaim-damalaye-conde-un-bilan-de-la-transformation-19-avril-2024-19-avril-2025\/#respond"]}]},{"@type":"WebPage","@id":"https:\/\/www.presseinvestigation.com\/index.php\/2025\/04\/18\/lan-un-du-dg-de-lanaim-damalaye-conde-un-bilan-de-la-transformation-19-avril-2024-19-avril-2025\/","url":"https:\/\/www.presseinvestigation.com\/index.php\/2025\/04\/18\/lan-un-du-dg-de-lanaim-damalaye-conde-un-bilan-de-la-transformation-19-avril-2024-19-avril-2025\/","name":"L\u2019an un du DG de l\u2019ANAIM, Damalaye CONDE\u00a0: Un bilan de la Transformation (19 avril 2024-19 avril 2025) - Presseinvestigation","isPartOf":{"@id":"https:\/\/www.presseinvestigation.com\/#website"},"primaryImageOfPage":{"@id":"https:\/\/www.presseinvestigation.com\/index.php\/2025\/04\/18\/lan-un-du-dg-de-lanaim-damalaye-conde-un-bilan-de-la-transformation-19-avril-2024-19-avril-2025\/#primaryimage"},"image":{"@id":"https:\/\/www.presseinvestigation.com\/index.php\/2025\/04\/18\/lan-un-du-dg-de-lanaim-damalaye-conde-un-bilan-de-la-transformation-19-avril-2024-19-avril-2025\/#primaryimage"},"thumbnailUrl":"https:\/\/www.presseinvestigation.com\/wp-content\/uploads\/2025\/04\/Screenshot_20250418_132636_Photos.jpg","datePublished":"2025-04-18T13:29:02+00:00","author":{"@id":"https:\/\/www.presseinvestigation.com\/#\/schema\/person\/32d023733a4a9d7c3bd6883619b8f116"},"breadcrumb":{"@id":"https:\/\/www.presseinvestigation.com\/index.php\/2025\/04\/18\/lan-un-du-dg-de-lanaim-damalaye-conde-un-bilan-de-la-transformation-19-avril-2024-19-avril-2025\/#breadcrumb"},"inLanguage":"fr-FR","potentialAction":[{"@type":"ReadAction","target":["https:\/\/www.presseinvestigation.com\/index.php\/2025\/04\/18\/lan-un-du-dg-de-lanaim-damalaye-conde-un-bilan-de-la-transformation-19-avril-2024-19-avril-2025\/"]}]},{"@type":"ImageObject","inLanguage":"fr-FR","@id":"https:\/\/www.presseinvestigation.com\/index.php\/2025\/04\/18\/lan-un-du-dg-de-lanaim-damalaye-conde-un-bilan-de-la-transformation-19-avril-2024-19-avril-2025\/#primaryimage","url":"https:\/\/www.presseinvestigation.com\/wp-content\/uploads\/2025\/04\/Screenshot_20250418_132636_Photos.jpg","contentUrl":"https:\/\/www.presseinvestigation.com\/wp-content\/uploads\/2025\/04\/Screenshot_20250418_132636_Photos.jpg","width":1050,"height":750},{"@type":"BreadcrumbList","@id":"https:\/\/www.presseinvestigation.com\/index.php\/2025\/04\/18\/lan-un-du-dg-de-lanaim-damalaye-conde-un-bilan-de-la-transformation-19-avril-2024-19-avril-2025\/#breadcrumb","itemListElement":[{"@type":"ListItem","position":1,"name":"Accueil","item":"https:\/\/www.presseinvestigation.com\/"},{"@type":"ListItem","position":2,"name":"L\u2019an un du DG de l\u2019ANAIM, Damalaye CONDE\u00a0: Un bilan de la Transformation (19 avril 2024-19 avril 2025)"}]},{"@type":"WebSite","@id":"https:\/\/www.presseinvestigation.com\/#website","url":"https:\/\/www.presseinvestigation.com\/","name":"Presseinvestigation","description":"Informer dans l&#039;impartialit\u00e9","potentialAction":[{"@type":"SearchAction","target":{"@type":"EntryPoint","urlTemplate":"https:\/\/www.presseinvestigation.com\/?s={search_term_string}"},"query-input":{"@type":"PropertyValueSpecification","valueRequired":true,"valueName":"search_term_string"}}],"inLanguage":"fr-FR"},{"@type":"Person","@id":"https:\/\/www.presseinvestigation.com\/#\/schema\/person\/32d023733a4a9d7c3bd6883619b8f116","name":"Presseinvestigation.com","image":{"@type":"ImageObject","inLanguage":"fr-FR","@id":"https:\/\/secure.gravatar.com\/avatar\/26f9c9e95424b0bde739ba0af37ee39a9e4a9e809967422c5b8e8573a34fbbe0?s=96&d=mm&r=g","url":"https:\/\/secure.gravatar.com\/avatar\/26f9c9e95424b0bde739ba0af37ee39a9e4a9e809967422c5b8e8573a34fbbe0?s=96&d=mm&r=g","contentUrl":"https:\/\/secure.gravatar.com\/avatar\/26f9c9e95424b0bde739ba0af37ee39a9e4a9e809967422c5b8e8573a34fbbe0?s=96&d=mm&r=g","caption":"Presseinvestigation.com"},"url":"https:\/\/www.presseinvestigation.com\/index.php\/author\/toumany\/"}]}},"_links":{"self":[{"href":"https:\/\/www.presseinvestigation.com\/index.php\/wp-json\/wp\/v2\/posts\/2240","targetHints":{"allow":["GET"]}}],"collection":[{"href":"https:\/\/www.presseinvestigation.com\/index.php\/wp-json\/wp\/v2\/posts"}],"about":[{"href":"https:\/\/www.presseinvestigation.com\/index.php\/wp-json\/wp\/v2\/types\/post"}],"author":[{"embeddable":true,"href":"https:\/\/www.presseinvestigation.com\/index.php\/wp-json\/wp\/v2\/users\/2"}],"replies":[{"embeddable":true,"href":"https:\/\/www.presseinvestigation.com\/index.php\/wp-json\/wp\/v2\/comments?post=2240"}],"version-history":[{"count":1,"href":"https:\/\/www.presseinvestigation.com\/index.php\/wp-json\/wp\/v2\/posts\/2240\/revisions"}],"predecessor-version":[{"id":2241,"href":"https:\/\/www.presseinvestigation.com\/index.php\/wp-json\/wp\/v2\/posts\/2240\/revisions\/2241"}],"wp:featuredmedia":[{"embeddable":true,"href":"https:\/\/www.presseinvestigation.com\/index.php\/wp-json\/wp\/v2\/media\/2239"}],"wp:attachment":[{"href":"https:\/\/www.presseinvestigation.com\/index.php\/wp-json\/wp\/v2\/media?parent=2240"}],"wp:term":[{"taxonomy":"category","embeddable":true,"href":"https:\/\/www.presseinvestigation.com\/index.php\/wp-json\/wp\/v2\/categories?post=2240"},{"taxonomy":"post_tag","embeddable":true,"href":"https:\/\/www.presseinvestigation.com\/index.php\/wp-json\/wp\/v2\/tags?post=2240"}],"curies":[{"name":"wp","href":"https:\/\/api.w.org\/{rel}","templated":true}]}}