{"id":2258,"date":"2025-04-27T13:19:51","date_gmt":"2025-04-27T11:19:51","guid":{"rendered":"https:\/\/www.presseinvestigation.com\/index.php\/2025\/04\/27\/soutien-au-cnrd-et-celebration-de-ses-acquis-a-mamou-presence-active-de-moussa-nimaga-du-ministere-des-mines\/"},"modified":"2025-04-27T13:29:39","modified_gmt":"2025-04-27T11:29:39","slug":"soutien-au-cnrd-et-celebration-de-ses-acquis-a-mamou-presence-active-de-moussa-nimaga-du-ministere-des-mines","status":"publish","type":"post","link":"https:\/\/www.presseinvestigation.com\/index.php\/2025\/04\/27\/soutien-au-cnrd-et-celebration-de-ses-acquis-a-mamou-presence-active-de-moussa-nimaga-du-ministere-des-mines\/","title":{"rendered":"Soutien au CNRD et c\u00e9l\u00e9bration de ses acquis \u00e0 Mamou\u00a0: Pr\u00e9sence Active de Moussa NIMAGA du Minist\u00e8re des Mines"},"content":{"rendered":"<p><strong>Comme les cadres des autres D\u00e9partements de l\u2019Administration Publique, ceux du secteur minier ont \u00e9t\u00e9 fortement repr\u00e9sent\u00e9s \u00e0 Mamou le 25 et 26 avril 2025, pour soutenir le chef de l\u2019Etat G\u00e9n\u00e9ral Mamadi DOUMBOUYA et c\u00e9l\u00e9brer les acquis du CNRD dans cette ville carrefour. Monsieur Moussa NIMAGA, Directeur G\u00e9n\u00e9ral du Bureau d\u2019Evaluation Qualit\u00e9 et Quantit\u00e9(BEQQ) , a \u00e9t\u00e9 activement remarqu\u00e9 dans les diff\u00e9rentes \u00e9tapes de cet \u00e9v\u00e9nement.<\/strong><\/p>\n<p><a href=\"https:\/\/www.presseinvestigation.com\/wp-content\/uploads\/2025\/04\/IMG-20250426-WA0026.jpg\"><img decoding=\"async\" class=\"attachment-full size-full\" src=\"https:\/\/www.presseinvestigation.com\/wp-content\/uploads\/2025\/04\/IMG-20250426-WA0026.jpg\" alt=\"\" \/><\/a><\/p>\n<p>D\u2019abord \u00e0 la c\u00e9r\u00e9monie de lancement officiel des travaux de reconstruction de la route nationale RN2,Mamou-Faranah,longue de 187 Km qui a eu lieu le vendredi 25 avril, le DG du BEQQ a effectivement assist\u00e9 \u00e0 la partie.<\/p>\n<p><a href=\"https:\/\/www.presseinvestigation.com\/wp-content\/uploads\/2025\/04\/IMG-20250426-WA0040.jpg\"><img decoding=\"async\" class=\"attachment-full size-full\" src=\"https:\/\/www.presseinvestigation.com\/wp-content\/uploads\/2025\/04\/IMG-20250426-WA0040.jpg\" alt=\"\" \/><\/a><\/p>\n<p>Ensuite, la marche de la paix et de l\u2019unit\u00e9 du samedi 26 avril qui s\u2019est d\u00e9roul\u00e9e entre le Kilom\u00e8tres sept ( km7)\u00a0 et la Maison des jeunes, Monsieur Moussa NIMAGA a \u00e9t\u00e9 activement aper\u00e7u dans les Mouvements.<a href=\"https:\/\/www.presseinvestigation.com\/wp-content\/uploads\/2025\/04\/IMG-20250426-WA0041.jpg\"><img decoding=\"async\" class=\"attachment-full size-full\" src=\"https:\/\/www.presseinvestigation.com\/wp-content\/uploads\/2025\/04\/IMG-20250426-WA0041.jpg\" alt=\"\" \/><\/a><\/p>\n<p>Il faut rappeler qu\u2019avec son \u00e9quipe, il est le cadre qui permet aujourd\u2019hui\u00a0 \u00e0 l\u2019Etat Guin\u00e9en de savoir, le nombre de quantit\u00e9 et la qualit\u00e9 des bauxites que les soci\u00e9t\u00e9s mini\u00e8res exportent.<\/p>\n<p><a href=\"https:\/\/www.presseinvestigation.com\/wp-content\/uploads\/2025\/04\/IMG-20250426-WA0039.jpg\"><img decoding=\"async\" class=\"attachment-full size-full\" src=\"https:\/\/www.presseinvestigation.com\/wp-content\/uploads\/2025\/04\/IMG-20250426-WA0039.jpg\" alt=\"\" \/><\/a><\/p>\n<p>Etant Directeur G\u00e9n\u00e9ral du BEQQ,avec l&#8217;appui de son Ministre de tutelle et du Chef de l&#8217;Etat, l&#8217;expertise de Monsieur Moussa NIMAGA doit \u00eatre sollicit\u00e9e dans le m\u00e9gaprojet du Simandou, un autre acquis du CNRD, qui doit entamer sa phase d\u2019exploitation, pr\u00e9vue en fin de cette ann\u00e9e.<\/p>\n<p><strong>Toumany CAMARA envoy\u00e9 sp\u00e9cial \u00e0 Mamou Pour presseinvestigation.com<\/strong><\/p>\n","protected":false},"excerpt":{"rendered":"<p>Comme les cadres des autres D\u00e9partements de l\u2019Administration Publique, ceux du secteur minier ont \u00e9t\u00e9 fortement repr\u00e9sent\u00e9s \u00e0 Mamou le 25 et 26 avril 2025, pour soutenir le chef de l\u2019Etat G\u00e9n\u00e9ral Mamadi DOUMBOUYA et c\u00e9l\u00e9brer les acquis du CNRD dans cette ville carrefour. Monsieur Moussa NIMAGA, Directeur G\u00e9n\u00e9ral du Bureau d\u2019Evaluation Qualit\u00e9 et Quantit\u00e9(BEQQ) [&hellip;]<\/p>\n","protected":false},"author":2,"featured_media":2257,"comment_status":"open","ping_status":"open","sticky":false,"template":"","format":"standard","meta":{"jnews-multi-image_gallery":[],"jnews_single_post":{"source_name":"","source_url":"","via_name":"","via_url":"","override_template":"0","override":[{"template":"1","single_blog_custom":"","parallax":"1","fullscreen":"1","layout":"right-sidebar","sidebar":"default-sidebar","second_sidebar":"default-sidebar","sticky_sidebar":"1","share_position":"bottom","share_float_style":"share-monocrhome","show_share_counter":"1","show_view_counter":"1","show_featured":"1","show_post_meta":"1","show_post_author":"1","show_post_author_image":"1","show_post_date":"1","post_date_format":"default","post_date_format_custom":"Y\/m\/d","show_post_category":"1","show_post_reading_time":"0","post_reading_time_wpm":"300","show_zoom_button":"0","zoom_button_out_step":"2","zoom_button_in_step":"3","show_post_tag":"1","show_prev_next_post":"1","show_popup_post":"1","number_popup_post":"1","show_author_box":"0","show_post_related":"0","show_inline_post_related":"0"}],"override_image_size":"0","image_override":[{"single_post_thumbnail_size":"crop-500","single_post_gallery_size":"crop-500"}],"trending_post":"0","trending_post_position":"meta","trending_post_label":"Trending","sponsored_post":"0","sponsored_post_label":"Sponsored by","sponsored_post_name":"","sponsored_post_url":"","sponsored_post_logo_enable":"0","sponsored_post_logo":"","sponsored_post_desc":"","disable_ad":"0"},"jnews_primary_category":{"id":"","hide":""},"footnotes":""},"categories":[77],"tags":[],"class_list":["post-2258","post","type-post","status-publish","format-standard","has-post-thumbnail","hentry","category-publi-reportage"],"yoast_head":"<!-- This site is optimized with the Yoast SEO plugin v27.3 - https:\/\/yoast.com\/product\/yoast-seo-wordpress\/ -->\n<title>Soutien au CNRD et c\u00e9l\u00e9bration de ses acquis \u00e0 Mamou\u00a0: Pr\u00e9sence Active de Moussa NIMAGA du Minist\u00e8re des Mines - Presseinvestigation<\/title>\n<meta name=\"robots\" content=\"index, follow, max-snippet:-1, max-image-preview:large, max-video-preview:-1\" \/>\n<link rel=\"canonical\" href=\"https:\/\/www.presseinvestigation.com\/index.php\/2025\/04\/27\/soutien-au-cnrd-et-celebration-de-ses-acquis-a-mamou-presence-active-de-moussa-nimaga-du-ministere-des-mines\/\" \/>\n<meta property=\"og:locale\" content=\"fr_FR\" \/>\n<meta property=\"og:type\" content=\"article\" \/>\n<meta property=\"og:title\" content=\"Soutien au CNRD et c\u00e9l\u00e9bration de ses acquis \u00e0 Mamou\u00a0: Pr\u00e9sence Active de Moussa NIMAGA du Minist\u00e8re des Mines - Presseinvestigation\" \/>\n<meta property=\"og:description\" content=\"Comme les cadres des autres D\u00e9partements de l\u2019Administration Publique, ceux du secteur minier ont \u00e9t\u00e9 fortement repr\u00e9sent\u00e9s \u00e0 Mamou le 25 et 26 avril 2025, pour soutenir le chef de l\u2019Etat G\u00e9n\u00e9ral Mamadi DOUMBOUYA et c\u00e9l\u00e9brer les acquis du CNRD dans cette ville carrefour. Monsieur Moussa NIMAGA, Directeur G\u00e9n\u00e9ral du Bureau d\u2019Evaluation Qualit\u00e9 et Quantit\u00e9(BEQQ) [&hellip;]\" \/>\n<meta property=\"og:url\" content=\"https:\/\/www.presseinvestigation.com\/index.php\/2025\/04\/27\/soutien-au-cnrd-et-celebration-de-ses-acquis-a-mamou-presence-active-de-moussa-nimaga-du-ministere-des-mines\/\" \/>\n<meta property=\"og:site_name\" content=\"Presseinvestigation\" \/>\n<meta property=\"article:published_time\" content=\"2025-04-27T11:19:51+00:00\" \/>\n<meta property=\"article:modified_time\" content=\"2025-04-27T11:29:39+00:00\" \/>\n<meta property=\"og:image\" content=\"https:\/\/www.presseinvestigation.com\/wp-content\/uploads\/2025\/04\/IMG-20250427-WA0000.jpg\" \/>\n\t<meta property=\"og:image:width\" content=\"486\" \/>\n\t<meta property=\"og:image:height\" content=\"460\" \/>\n\t<meta property=\"og:image:type\" content=\"image\/jpeg\" \/>\n<meta name=\"author\" content=\"Presseinvestigation.com\" \/>\n<meta name=\"twitter:card\" content=\"summary_large_image\" \/>\n<meta name=\"twitter:label1\" content=\"\u00c9crit par\" \/>\n\t<meta name=\"twitter:data1\" content=\"Presseinvestigation.com\" \/>\n\t<meta name=\"twitter:label2\" content=\"Dur\u00e9e de lecture estim\u00e9e\" \/>\n\t<meta name=\"twitter:data2\" content=\"2 minutes\" \/>\n<script type=\"application\/ld+json\" class=\"yoast-schema-graph\">{\"@context\":\"https:\\\/\\\/schema.org\",\"@graph\":[{\"@type\":\"Article\",\"@id\":\"https:\\\/\\\/www.presseinvestigation.com\\\/index.php\\\/2025\\\/04\\\/27\\\/soutien-au-cnrd-et-celebration-de-ses-acquis-a-mamou-presence-active-de-moussa-nimaga-du-ministere-des-mines\\\/#article\",\"isPartOf\":{\"@id\":\"https:\\\/\\\/www.presseinvestigation.com\\\/index.php\\\/2025\\\/04\\\/27\\\/soutien-au-cnrd-et-celebration-de-ses-acquis-a-mamou-presence-active-de-moussa-nimaga-du-ministere-des-mines\\\/\"},\"author\":{\"name\":\"Presseinvestigation.com\",\"@id\":\"https:\\\/\\\/www.presseinvestigation.com\\\/#\\\/schema\\\/person\\\/32d023733a4a9d7c3bd6883619b8f116\"},\"headline\":\"Soutien au CNRD et c\u00e9l\u00e9bration de ses acquis \u00e0 Mamou\u00a0: Pr\u00e9sence Active de Moussa NIMAGA du Minist\u00e8re des Mines\",\"datePublished\":\"2025-04-27T11:19:51+00:00\",\"dateModified\":\"2025-04-27T11:29:39+00:00\",\"mainEntityOfPage\":{\"@id\":\"https:\\\/\\\/www.presseinvestigation.com\\\/index.php\\\/2025\\\/04\\\/27\\\/soutien-au-cnrd-et-celebration-de-ses-acquis-a-mamou-presence-active-de-moussa-nimaga-du-ministere-des-mines\\\/\"},\"wordCount\":282,\"commentCount\":0,\"image\":{\"@id\":\"https:\\\/\\\/www.presseinvestigation.com\\\/index.php\\\/2025\\\/04\\\/27\\\/soutien-au-cnrd-et-celebration-de-ses-acquis-a-mamou-presence-active-de-moussa-nimaga-du-ministere-des-mines\\\/#primaryimage\"},\"thumbnailUrl\":\"https:\\\/\\\/www.presseinvestigation.com\\\/wp-content\\\/uploads\\\/2025\\\/04\\\/IMG-20250427-WA0000.jpg\",\"articleSection\":[\"publi-reportage\"],\"inLanguage\":\"fr-FR\",\"potentialAction\":[{\"@type\":\"CommentAction\",\"name\":\"Comment\",\"target\":[\"https:\\\/\\\/www.presseinvestigation.com\\\/index.php\\\/2025\\\/04\\\/27\\\/soutien-au-cnrd-et-celebration-de-ses-acquis-a-mamou-presence-active-de-moussa-nimaga-du-ministere-des-mines\\\/#respond\"]}]},{\"@type\":\"WebPage\",\"@id\":\"https:\\\/\\\/www.presseinvestigation.com\\\/index.php\\\/2025\\\/04\\\/27\\\/soutien-au-cnrd-et-celebration-de-ses-acquis-a-mamou-presence-active-de-moussa-nimaga-du-ministere-des-mines\\\/\",\"url\":\"https:\\\/\\\/www.presseinvestigation.com\\\/index.php\\\/2025\\\/04\\\/27\\\/soutien-au-cnrd-et-celebration-de-ses-acquis-a-mamou-presence-active-de-moussa-nimaga-du-ministere-des-mines\\\/\",\"name\":\"Soutien au CNRD et c\u00e9l\u00e9bration de ses acquis \u00e0 Mamou\u00a0: Pr\u00e9sence Active de Moussa NIMAGA du Minist\u00e8re des Mines - Presseinvestigation\",\"isPartOf\":{\"@id\":\"https:\\\/\\\/www.presseinvestigation.com\\\/#website\"},\"primaryImageOfPage\":{\"@id\":\"https:\\\/\\\/www.presseinvestigation.com\\\/index.php\\\/2025\\\/04\\\/27\\\/soutien-au-cnrd-et-celebration-de-ses-acquis-a-mamou-presence-active-de-moussa-nimaga-du-ministere-des-mines\\\/#primaryimage\"},\"image\":{\"@id\":\"https:\\\/\\\/www.presseinvestigation.com\\\/index.php\\\/2025\\\/04\\\/27\\\/soutien-au-cnrd-et-celebration-de-ses-acquis-a-mamou-presence-active-de-moussa-nimaga-du-ministere-des-mines\\\/#primaryimage\"},\"thumbnailUrl\":\"https:\\\/\\\/www.presseinvestigation.com\\\/wp-content\\\/uploads\\\/2025\\\/04\\\/IMG-20250427-WA0000.jpg\",\"datePublished\":\"2025-04-27T11:19:51+00:00\",\"dateModified\":\"2025-04-27T11:29:39+00:00\",\"author\":{\"@id\":\"https:\\\/\\\/www.presseinvestigation.com\\\/#\\\/schema\\\/person\\\/32d023733a4a9d7c3bd6883619b8f116\"},\"breadcrumb\":{\"@id\":\"https:\\\/\\\/www.presseinvestigation.com\\\/index.php\\\/2025\\\/04\\\/27\\\/soutien-au-cnrd-et-celebration-de-ses-acquis-a-mamou-presence-active-de-moussa-nimaga-du-ministere-des-mines\\\/#breadcrumb\"},\"inLanguage\":\"fr-FR\",\"potentialAction\":[{\"@type\":\"ReadAction\",\"target\":[\"https:\\\/\\\/www.presseinvestigation.com\\\/index.php\\\/2025\\\/04\\\/27\\\/soutien-au-cnrd-et-celebration-de-ses-acquis-a-mamou-presence-active-de-moussa-nimaga-du-ministere-des-mines\\\/\"]}]},{\"@type\":\"ImageObject\",\"inLanguage\":\"fr-FR\",\"@id\":\"https:\\\/\\\/www.presseinvestigation.com\\\/index.php\\\/2025\\\/04\\\/27\\\/soutien-au-cnrd-et-celebration-de-ses-acquis-a-mamou-presence-active-de-moussa-nimaga-du-ministere-des-mines\\\/#primaryimage\",\"url\":\"https:\\\/\\\/www.presseinvestigation.com\\\/wp-content\\\/uploads\\\/2025\\\/04\\\/IMG-20250427-WA0000.jpg\",\"contentUrl\":\"https:\\\/\\\/www.presseinvestigation.com\\\/wp-content\\\/uploads\\\/2025\\\/04\\\/IMG-20250427-WA0000.jpg\",\"width\":486,\"height\":460},{\"@type\":\"BreadcrumbList\",\"@id\":\"https:\\\/\\\/www.presseinvestigation.com\\\/index.php\\\/2025\\\/04\\\/27\\\/soutien-au-cnrd-et-celebration-de-ses-acquis-a-mamou-presence-active-de-moussa-nimaga-du-ministere-des-mines\\\/#breadcrumb\",\"itemListElement\":[{\"@type\":\"ListItem\",\"position\":1,\"name\":\"Accueil\",\"item\":\"https:\\\/\\\/www.presseinvestigation.com\\\/\"},{\"@type\":\"ListItem\",\"position\":2,\"name\":\"Soutien au CNRD et c\u00e9l\u00e9bration de ses acquis \u00e0 Mamou\u00a0: Pr\u00e9sence Active de Moussa NIMAGA du Minist\u00e8re des Mines\"}]},{\"@type\":\"WebSite\",\"@id\":\"https:\\\/\\\/www.presseinvestigation.com\\\/#website\",\"url\":\"https:\\\/\\\/www.presseinvestigation.com\\\/\",\"name\":\"Presseinvestigation\",\"description\":\"Informer dans l&#039;impartialit\u00e9\",\"potentialAction\":[{\"@type\":\"SearchAction\",\"target\":{\"@type\":\"EntryPoint\",\"urlTemplate\":\"https:\\\/\\\/www.presseinvestigation.com\\\/?s={search_term_string}\"},\"query-input\":{\"@type\":\"PropertyValueSpecification\",\"valueRequired\":true,\"valueName\":\"search_term_string\"}}],\"inLanguage\":\"fr-FR\"},{\"@type\":\"Person\",\"@id\":\"https:\\\/\\\/www.presseinvestigation.com\\\/#\\\/schema\\\/person\\\/32d023733a4a9d7c3bd6883619b8f116\",\"name\":\"Presseinvestigation.com\",\"image\":{\"@type\":\"ImageObject\",\"inLanguage\":\"fr-FR\",\"@id\":\"https:\\\/\\\/secure.gravatar.com\\\/avatar\\\/26f9c9e95424b0bde739ba0af37ee39a9e4a9e809967422c5b8e8573a34fbbe0?s=96&d=mm&r=g\",\"url\":\"https:\\\/\\\/secure.gravatar.com\\\/avatar\\\/26f9c9e95424b0bde739ba0af37ee39a9e4a9e809967422c5b8e8573a34fbbe0?s=96&d=mm&r=g\",\"contentUrl\":\"https:\\\/\\\/secure.gravatar.com\\\/avatar\\\/26f9c9e95424b0bde739ba0af37ee39a9e4a9e809967422c5b8e8573a34fbbe0?s=96&d=mm&r=g\",\"caption\":\"Presseinvestigation.com\"},\"url\":\"https:\\\/\\\/www.presseinvestigation.com\\\/index.php\\\/author\\\/toumany\\\/\"}]}<\/script>\n<!-- \/ Yoast SEO plugin. -->","yoast_head_json":{"title":"Soutien au CNRD et c\u00e9l\u00e9bration de ses acquis \u00e0 Mamou\u00a0: Pr\u00e9sence Active de Moussa NIMAGA du Minist\u00e8re des Mines - Presseinvestigation","robots":{"index":"index","follow":"follow","max-snippet":"max-snippet:-1","max-image-preview":"max-image-preview:large","max-video-preview":"max-video-preview:-1"},"canonical":"https:\/\/www.presseinvestigation.com\/index.php\/2025\/04\/27\/soutien-au-cnrd-et-celebration-de-ses-acquis-a-mamou-presence-active-de-moussa-nimaga-du-ministere-des-mines\/","og_locale":"fr_FR","og_type":"article","og_title":"Soutien au CNRD et c\u00e9l\u00e9bration de ses acquis \u00e0 Mamou\u00a0: Pr\u00e9sence Active de Moussa NIMAGA du Minist\u00e8re des Mines - Presseinvestigation","og_description":"Comme les cadres des autres D\u00e9partements de l\u2019Administration Publique, ceux du secteur minier ont \u00e9t\u00e9 fortement repr\u00e9sent\u00e9s \u00e0 Mamou le 25 et 26 avril 2025, pour soutenir le chef de l\u2019Etat G\u00e9n\u00e9ral Mamadi DOUMBOUYA et c\u00e9l\u00e9brer les acquis du CNRD dans cette ville carrefour. Monsieur Moussa NIMAGA, Directeur G\u00e9n\u00e9ral du Bureau d\u2019Evaluation Qualit\u00e9 et Quantit\u00e9(BEQQ) [&hellip;]","og_url":"https:\/\/www.presseinvestigation.com\/index.php\/2025\/04\/27\/soutien-au-cnrd-et-celebration-de-ses-acquis-a-mamou-presence-active-de-moussa-nimaga-du-ministere-des-mines\/","og_site_name":"Presseinvestigation","article_published_time":"2025-04-27T11:19:51+00:00","article_modified_time":"2025-04-27T11:29:39+00:00","og_image":[{"width":486,"height":460,"url":"https:\/\/www.presseinvestigation.com\/wp-content\/uploads\/2025\/04\/IMG-20250427-WA0000.jpg","type":"image\/jpeg"}],"author":"Presseinvestigation.com","twitter_card":"summary_large_image","twitter_misc":{"\u00c9crit par":"Presseinvestigation.com","Dur\u00e9e de lecture estim\u00e9e":"2 minutes"},"schema":{"@context":"https:\/\/schema.org","@graph":[{"@type":"Article","@id":"https:\/\/www.presseinvestigation.com\/index.php\/2025\/04\/27\/soutien-au-cnrd-et-celebration-de-ses-acquis-a-mamou-presence-active-de-moussa-nimaga-du-ministere-des-mines\/#article","isPartOf":{"@id":"https:\/\/www.presseinvestigation.com\/index.php\/2025\/04\/27\/soutien-au-cnrd-et-celebration-de-ses-acquis-a-mamou-presence-active-de-moussa-nimaga-du-ministere-des-mines\/"},"author":{"name":"Presseinvestigation.com","@id":"https:\/\/www.presseinvestigation.com\/#\/schema\/person\/32d023733a4a9d7c3bd6883619b8f116"},"headline":"Soutien au CNRD et c\u00e9l\u00e9bration de ses acquis \u00e0 Mamou\u00a0: Pr\u00e9sence Active de Moussa NIMAGA du Minist\u00e8re des Mines","datePublished":"2025-04-27T11:19:51+00:00","dateModified":"2025-04-27T11:29:39+00:00","mainEntityOfPage":{"@id":"https:\/\/www.presseinvestigation.com\/index.php\/2025\/04\/27\/soutien-au-cnrd-et-celebration-de-ses-acquis-a-mamou-presence-active-de-moussa-nimaga-du-ministere-des-mines\/"},"wordCount":282,"commentCount":0,"image":{"@id":"https:\/\/www.presseinvestigation.com\/index.php\/2025\/04\/27\/soutien-au-cnrd-et-celebration-de-ses-acquis-a-mamou-presence-active-de-moussa-nimaga-du-ministere-des-mines\/#primaryimage"},"thumbnailUrl":"https:\/\/www.presseinvestigation.com\/wp-content\/uploads\/2025\/04\/IMG-20250427-WA0000.jpg","articleSection":["publi-reportage"],"inLanguage":"fr-FR","potentialAction":[{"@type":"CommentAction","name":"Comment","target":["https:\/\/www.presseinvestigation.com\/index.php\/2025\/04\/27\/soutien-au-cnrd-et-celebration-de-ses-acquis-a-mamou-presence-active-de-moussa-nimaga-du-ministere-des-mines\/#respond"]}]},{"@type":"WebPage","@id":"https:\/\/www.presseinvestigation.com\/index.php\/2025\/04\/27\/soutien-au-cnrd-et-celebration-de-ses-acquis-a-mamou-presence-active-de-moussa-nimaga-du-ministere-des-mines\/","url":"https:\/\/www.presseinvestigation.com\/index.php\/2025\/04\/27\/soutien-au-cnrd-et-celebration-de-ses-acquis-a-mamou-presence-active-de-moussa-nimaga-du-ministere-des-mines\/","name":"Soutien au CNRD et c\u00e9l\u00e9bration de ses acquis \u00e0 Mamou\u00a0: Pr\u00e9sence Active de Moussa NIMAGA du Minist\u00e8re des Mines - Presseinvestigation","isPartOf":{"@id":"https:\/\/www.presseinvestigation.com\/#website"},"primaryImageOfPage":{"@id":"https:\/\/www.presseinvestigation.com\/index.php\/2025\/04\/27\/soutien-au-cnrd-et-celebration-de-ses-acquis-a-mamou-presence-active-de-moussa-nimaga-du-ministere-des-mines\/#primaryimage"},"image":{"@id":"https:\/\/www.presseinvestigation.com\/index.php\/2025\/04\/27\/soutien-au-cnrd-et-celebration-de-ses-acquis-a-mamou-presence-active-de-moussa-nimaga-du-ministere-des-mines\/#primaryimage"},"thumbnailUrl":"https:\/\/www.presseinvestigation.com\/wp-content\/uploads\/2025\/04\/IMG-20250427-WA0000.jpg","datePublished":"2025-04-27T11:19:51+00:00","dateModified":"2025-04-27T11:29:39+00:00","author":{"@id":"https:\/\/www.presseinvestigation.com\/#\/schema\/person\/32d023733a4a9d7c3bd6883619b8f116"},"breadcrumb":{"@id":"https:\/\/www.presseinvestigation.com\/index.php\/2025\/04\/27\/soutien-au-cnrd-et-celebration-de-ses-acquis-a-mamou-presence-active-de-moussa-nimaga-du-ministere-des-mines\/#breadcrumb"},"inLanguage":"fr-FR","potentialAction":[{"@type":"ReadAction","target":["https:\/\/www.presseinvestigation.com\/index.php\/2025\/04\/27\/soutien-au-cnrd-et-celebration-de-ses-acquis-a-mamou-presence-active-de-moussa-nimaga-du-ministere-des-mines\/"]}]},{"@type":"ImageObject","inLanguage":"fr-FR","@id":"https:\/\/www.presseinvestigation.com\/index.php\/2025\/04\/27\/soutien-au-cnrd-et-celebration-de-ses-acquis-a-mamou-presence-active-de-moussa-nimaga-du-ministere-des-mines\/#primaryimage","url":"https:\/\/www.presseinvestigation.com\/wp-content\/uploads\/2025\/04\/IMG-20250427-WA0000.jpg","contentUrl":"https:\/\/www.presseinvestigation.com\/wp-content\/uploads\/2025\/04\/IMG-20250427-WA0000.jpg","width":486,"height":460},{"@type":"BreadcrumbList","@id":"https:\/\/www.presseinvestigation.com\/index.php\/2025\/04\/27\/soutien-au-cnrd-et-celebration-de-ses-acquis-a-mamou-presence-active-de-moussa-nimaga-du-ministere-des-mines\/#breadcrumb","itemListElement":[{"@type":"ListItem","position":1,"name":"Accueil","item":"https:\/\/www.presseinvestigation.com\/"},{"@type":"ListItem","position":2,"name":"Soutien au CNRD et c\u00e9l\u00e9bration de ses acquis \u00e0 Mamou\u00a0: Pr\u00e9sence Active de Moussa NIMAGA du Minist\u00e8re des Mines"}]},{"@type":"WebSite","@id":"https:\/\/www.presseinvestigation.com\/#website","url":"https:\/\/www.presseinvestigation.com\/","name":"Presseinvestigation","description":"Informer dans l&#039;impartialit\u00e9","potentialAction":[{"@type":"SearchAction","target":{"@type":"EntryPoint","urlTemplate":"https:\/\/www.presseinvestigation.com\/?s={search_term_string}"},"query-input":{"@type":"PropertyValueSpecification","valueRequired":true,"valueName":"search_term_string"}}],"inLanguage":"fr-FR"},{"@type":"Person","@id":"https:\/\/www.presseinvestigation.com\/#\/schema\/person\/32d023733a4a9d7c3bd6883619b8f116","name":"Presseinvestigation.com","image":{"@type":"ImageObject","inLanguage":"fr-FR","@id":"https:\/\/secure.gravatar.com\/avatar\/26f9c9e95424b0bde739ba0af37ee39a9e4a9e809967422c5b8e8573a34fbbe0?s=96&d=mm&r=g","url":"https:\/\/secure.gravatar.com\/avatar\/26f9c9e95424b0bde739ba0af37ee39a9e4a9e809967422c5b8e8573a34fbbe0?s=96&d=mm&r=g","contentUrl":"https:\/\/secure.gravatar.com\/avatar\/26f9c9e95424b0bde739ba0af37ee39a9e4a9e809967422c5b8e8573a34fbbe0?s=96&d=mm&r=g","caption":"Presseinvestigation.com"},"url":"https:\/\/www.presseinvestigation.com\/index.php\/author\/toumany\/"}]}},"_links":{"self":[{"href":"https:\/\/www.presseinvestigation.com\/index.php\/wp-json\/wp\/v2\/posts\/2258","targetHints":{"allow":["GET"]}}],"collection":[{"href":"https:\/\/www.presseinvestigation.com\/index.php\/wp-json\/wp\/v2\/posts"}],"about":[{"href":"https:\/\/www.presseinvestigation.com\/index.php\/wp-json\/wp\/v2\/types\/post"}],"author":[{"embeddable":true,"href":"https:\/\/www.presseinvestigation.com\/index.php\/wp-json\/wp\/v2\/users\/2"}],"replies":[{"embeddable":true,"href":"https:\/\/www.presseinvestigation.com\/index.php\/wp-json\/wp\/v2\/comments?post=2258"}],"version-history":[{"count":3,"href":"https:\/\/www.presseinvestigation.com\/index.php\/wp-json\/wp\/v2\/posts\/2258\/revisions"}],"predecessor-version":[{"id":2262,"href":"https:\/\/www.presseinvestigation.com\/index.php\/wp-json\/wp\/v2\/posts\/2258\/revisions\/2262"}],"wp:featuredmedia":[{"embeddable":true,"href":"https:\/\/www.presseinvestigation.com\/index.php\/wp-json\/wp\/v2\/media\/2257"}],"wp:attachment":[{"href":"https:\/\/www.presseinvestigation.com\/index.php\/wp-json\/wp\/v2\/media?parent=2258"}],"wp:term":[{"taxonomy":"category","embeddable":true,"href":"https:\/\/www.presseinvestigation.com\/index.php\/wp-json\/wp\/v2\/categories?post=2258"},{"taxonomy":"post_tag","embeddable":true,"href":"https:\/\/www.presseinvestigation.com\/index.php\/wp-json\/wp\/v2\/tags?post=2258"}],"curies":[{"name":"wp","href":"https:\/\/api.w.org\/{rel}","templated":true}]}}