{"id":438,"date":"2023-09-03T12:34:15","date_gmt":"2023-09-03T10:34:15","guid":{"rendered":"https:\/\/www.presseinvestigation.com\/?p=438"},"modified":"2023-09-03T12:34:54","modified_gmt":"2023-09-03T10:34:54","slug":"alphonse-charles-wright-ce-ministre-de-la-justice-doit-rester-pour-longtemps-a-son-poste-opinion","status":"publish","type":"post","link":"https:\/\/www.presseinvestigation.com\/index.php\/2023\/09\/03\/alphonse-charles-wright-ce-ministre-de-la-justice-doit-rester-pour-longtemps-a-son-poste-opinion\/","title":{"rendered":"Alphonse Charles WRIGHT\u00a0: Ce Ministre de la justice doit rester pour longtemps \u00e0 son poste. (Opinion)"},"content":{"rendered":"\n<p>Loin de prendre position dans la situation tendue, entre le Juge Mohamed DIAWARA, Pr\u00e9sident de l\u2019Association des Magistrats de Guin\u00e9e(AMG) et Alphonse Charle WRIGHT, Garde des Sceaux, Ministre de la Justice et des Droits de l\u2019Homme. Sur l\u2019affaire de suspension du juge du Tribunal de Lab\u00e9.<\/p>\n\n\n\n<p>A mettre de c\u00f4t\u00e9 les querelles intestines, les guerres de r\u00e8glement de comptes, et les conflits d\u2019int\u00e9r\u00eat, Il faut reconna\u00eetre que Monsieur Charle WRIGHT est le Ministre de la Justice qui manquait \u00e0 la Guin\u00e9e.<\/p>\n\n\n\n<p>Apr\u00e8s plus de soixante(60) ans d\u2019Ind\u00e9pendance, notre pays reste toujours malade de l\u2019application de la loi et peine \u00e0 se faire remarquer sur la liste des Etats de Droit de l\u2019Homme. Pourtant la l\u00e9gislation de la R\u00e9publique de Guin\u00e9e est prise pour mod\u00e8le dans la sous-r\u00e9gion, ouest africaine. Mais l\u2019appareil judiciaire du pays se porte mal. <\/p>\n\n\n\n<p>De l\u2019avis de nombreux observateurs, c\u2019est contre ce mal que Monsieur Charles WRITHG est d\u00e9termin\u00e9 \u00e0 \u00e9radiquer. Et il est sur le droit chemin. Il est en train de travailler conform\u00e9ment \u00e0 son manteau de garde des Sceaux, Ministre de la Justice, et des droits de l\u2019Homme.Charles WRIGHT prouve souvent qu\u2019il est un Ministre de la justice qui \u0153uvre pour redonner aux citoyens la confiance en leur justice. Il montre cela par les actes qu\u2019il pose.Il ne faudrait pas qu\u2019on donne l\u2019impression, qu\u2019en Guin\u00e9e, le droit est fait contre les autres, les citoyens. Mais, ceux qui exercent dans les cours et tribunaux, ne sont pas justifiable. Cela n\u2019honore pas notre pays.<\/p>\n\n\n\n<p>Facilitons donc la t\u00e2che \u00e0 Monsieur Alphonse Charle WRIGHT. Qu\u2019on le permette de faire son boulot, dans l\u2019int\u00e9r\u00eat de tout le peuple de Guin\u00e9e. C\u2019est un Ministre de la Justice et des Droit de l\u2019Homme, qui ne doit \u00eatre ni d\u00e9stabiliser ni destituer. Il doit rester aux affaires,pour longtemps!<\/p>\n\n\n\n<p>Toumany CAMARA, pour Presse Investigation.Com<\/p>\n\n\n\n<p>T\u00e9l\u00a0: 623-63-33-54<\/p>\n\n\n\n<figure class=\"wp-block-video\"><\/figure>\n\n\n\n<figure class=\"wp-block-image size-large\"><img fetchpriority=\"high\" decoding=\"async\" width=\"1024\" height=\"683\" src=\"https:\/\/www.presseinvestigation.com\/wp-content\/uploads\/2023\/09\/Charles-Wright-1.webp\" alt=\"\" class=\"wp-image-436\" srcset=\"https:\/\/www.presseinvestigation.com\/wp-content\/uploads\/2023\/09\/Charles-Wright-1.webp 1024w, https:\/\/www.presseinvestigation.com\/wp-content\/uploads\/2023\/09\/Charles-Wright-1-300x200.webp 300w, https:\/\/www.presseinvestigation.com\/wp-content\/uploads\/2023\/09\/Charles-Wright-1-768x512.webp 768w, https:\/\/www.presseinvestigation.com\/wp-content\/uploads\/2023\/09\/Charles-Wright-1-600x400.webp 600w, https:\/\/www.presseinvestigation.com\/wp-content\/uploads\/2023\/09\/Charles-Wright-1-750x500.webp 750w\" sizes=\"(max-width: 1024px) 100vw, 1024px\" \/><\/figure>\n","protected":false},"excerpt":{"rendered":"<p>Loin de prendre position dans la situation tendue, entre le Juge Mohamed DIAWARA, Pr\u00e9sident de l\u2019Association des Magistrats de Guin\u00e9e(AMG) et Alphonse Charle WRIGHT, Garde des Sceaux, Ministre de la Justice et des Droits de l\u2019Homme. Sur l\u2019affaire de suspension du juge du Tribunal de Lab\u00e9. A mettre de c\u00f4t\u00e9 les querelles intestines, les guerres [&hellip;]<\/p>\n","protected":false},"author":2,"featured_media":437,"comment_status":"open","ping_status":"open","sticky":false,"template":"","format":"standard","meta":{"jnews-multi-image_gallery":[],"jnews_single_post":[],"jnews_primary_category":[],"footnotes":""},"categories":[48],"tags":[],"class_list":["post-438","post","type-post","status-publish","format-standard","has-post-thumbnail","hentry","category-opinion"],"yoast_head":"<!-- This site is optimized with the Yoast SEO plugin v27.3 - https:\/\/yoast.com\/product\/yoast-seo-wordpress\/ -->\n<title>Alphonse Charles WRIGHT\u00a0: Ce Ministre de la justice doit rester pour longtemps \u00e0 son poste. (Opinion) - Presseinvestigation<\/title>\n<meta name=\"robots\" content=\"index, follow, max-snippet:-1, max-image-preview:large, max-video-preview:-1\" \/>\n<link rel=\"canonical\" href=\"https:\/\/www.presseinvestigation.com\/index.php\/2023\/09\/03\/alphonse-charles-wright-ce-ministre-de-la-justice-doit-rester-pour-longtemps-a-son-poste-opinion\/\" \/>\n<meta property=\"og:locale\" content=\"fr_FR\" \/>\n<meta property=\"og:type\" content=\"article\" \/>\n<meta property=\"og:title\" content=\"Alphonse Charles WRIGHT\u00a0: Ce Ministre de la justice doit rester pour longtemps \u00e0 son poste. (Opinion) - Presseinvestigation\" \/>\n<meta property=\"og:description\" content=\"Loin de prendre position dans la situation tendue, entre le Juge Mohamed DIAWARA, Pr\u00e9sident de l\u2019Association des Magistrats de Guin\u00e9e(AMG) et Alphonse Charle WRIGHT, Garde des Sceaux, Ministre de la Justice et des Droits de l\u2019Homme. Sur l\u2019affaire de suspension du juge du Tribunal de Lab\u00e9. A mettre de c\u00f4t\u00e9 les querelles intestines, les guerres [&hellip;]\" \/>\n<meta property=\"og:url\" content=\"https:\/\/www.presseinvestigation.com\/index.php\/2023\/09\/03\/alphonse-charles-wright-ce-ministre-de-la-justice-doit-rester-pour-longtemps-a-son-poste-opinion\/\" \/>\n<meta property=\"og:site_name\" content=\"Presseinvestigation\" \/>\n<meta property=\"article:published_time\" content=\"2023-09-03T10:34:15+00:00\" \/>\n<meta property=\"article:modified_time\" content=\"2023-09-03T10:34:54+00:00\" \/>\n<meta property=\"og:image\" content=\"https:\/\/www.presseinvestigation.com\/wp-content\/uploads\/2023\/09\/photo-Charles.jpg\" \/>\n\t<meta property=\"og:image:width\" content=\"958\" \/>\n\t<meta property=\"og:image:height\" content=\"1280\" \/>\n\t<meta property=\"og:image:type\" content=\"image\/jpeg\" \/>\n<meta name=\"author\" content=\"Presseinvestigation.com\" \/>\n<meta name=\"twitter:card\" content=\"summary_large_image\" \/>\n<meta name=\"twitter:label1\" content=\"\u00c9crit par\" \/>\n\t<meta name=\"twitter:data1\" content=\"Presseinvestigation.com\" \/>\n\t<meta name=\"twitter:label2\" content=\"Dur\u00e9e de lecture estim\u00e9e\" \/>\n\t<meta name=\"twitter:data2\" content=\"2 minutes\" \/>\n<script type=\"application\/ld+json\" class=\"yoast-schema-graph\">{\"@context\":\"https:\\\/\\\/schema.org\",\"@graph\":[{\"@type\":\"Article\",\"@id\":\"https:\\\/\\\/www.presseinvestigation.com\\\/index.php\\\/2023\\\/09\\\/03\\\/alphonse-charles-wright-ce-ministre-de-la-justice-doit-rester-pour-longtemps-a-son-poste-opinion\\\/#article\",\"isPartOf\":{\"@id\":\"https:\\\/\\\/www.presseinvestigation.com\\\/index.php\\\/2023\\\/09\\\/03\\\/alphonse-charles-wright-ce-ministre-de-la-justice-doit-rester-pour-longtemps-a-son-poste-opinion\\\/\"},\"author\":{\"name\":\"Presseinvestigation.com\",\"@id\":\"https:\\\/\\\/www.presseinvestigation.com\\\/#\\\/schema\\\/person\\\/32d023733a4a9d7c3bd6883619b8f116\"},\"headline\":\"Alphonse Charles WRIGHT\u00a0: Ce Ministre de la justice doit rester pour longtemps \u00e0 son poste. (Opinion)\",\"datePublished\":\"2023-09-03T10:34:15+00:00\",\"dateModified\":\"2023-09-03T10:34:54+00:00\",\"mainEntityOfPage\":{\"@id\":\"https:\\\/\\\/www.presseinvestigation.com\\\/index.php\\\/2023\\\/09\\\/03\\\/alphonse-charles-wright-ce-ministre-de-la-justice-doit-rester-pour-longtemps-a-son-poste-opinion\\\/\"},\"wordCount\":366,\"commentCount\":0,\"image\":{\"@id\":\"https:\\\/\\\/www.presseinvestigation.com\\\/index.php\\\/2023\\\/09\\\/03\\\/alphonse-charles-wright-ce-ministre-de-la-justice-doit-rester-pour-longtemps-a-son-poste-opinion\\\/#primaryimage\"},\"thumbnailUrl\":\"https:\\\/\\\/www.presseinvestigation.com\\\/wp-content\\\/uploads\\\/2023\\\/09\\\/photo-Charles.jpg\",\"articleSection\":[\"Opinion\"],\"inLanguage\":\"fr-FR\",\"potentialAction\":[{\"@type\":\"CommentAction\",\"name\":\"Comment\",\"target\":[\"https:\\\/\\\/www.presseinvestigation.com\\\/index.php\\\/2023\\\/09\\\/03\\\/alphonse-charles-wright-ce-ministre-de-la-justice-doit-rester-pour-longtemps-a-son-poste-opinion\\\/#respond\"]}]},{\"@type\":\"WebPage\",\"@id\":\"https:\\\/\\\/www.presseinvestigation.com\\\/index.php\\\/2023\\\/09\\\/03\\\/alphonse-charles-wright-ce-ministre-de-la-justice-doit-rester-pour-longtemps-a-son-poste-opinion\\\/\",\"url\":\"https:\\\/\\\/www.presseinvestigation.com\\\/index.php\\\/2023\\\/09\\\/03\\\/alphonse-charles-wright-ce-ministre-de-la-justice-doit-rester-pour-longtemps-a-son-poste-opinion\\\/\",\"name\":\"Alphonse Charles WRIGHT\u00a0: Ce Ministre de la justice doit rester pour longtemps \u00e0 son poste. (Opinion) - Presseinvestigation\",\"isPartOf\":{\"@id\":\"https:\\\/\\\/www.presseinvestigation.com\\\/#website\"},\"primaryImageOfPage\":{\"@id\":\"https:\\\/\\\/www.presseinvestigation.com\\\/index.php\\\/2023\\\/09\\\/03\\\/alphonse-charles-wright-ce-ministre-de-la-justice-doit-rester-pour-longtemps-a-son-poste-opinion\\\/#primaryimage\"},\"image\":{\"@id\":\"https:\\\/\\\/www.presseinvestigation.com\\\/index.php\\\/2023\\\/09\\\/03\\\/alphonse-charles-wright-ce-ministre-de-la-justice-doit-rester-pour-longtemps-a-son-poste-opinion\\\/#primaryimage\"},\"thumbnailUrl\":\"https:\\\/\\\/www.presseinvestigation.com\\\/wp-content\\\/uploads\\\/2023\\\/09\\\/photo-Charles.jpg\",\"datePublished\":\"2023-09-03T10:34:15+00:00\",\"dateModified\":\"2023-09-03T10:34:54+00:00\",\"author\":{\"@id\":\"https:\\\/\\\/www.presseinvestigation.com\\\/#\\\/schema\\\/person\\\/32d023733a4a9d7c3bd6883619b8f116\"},\"breadcrumb\":{\"@id\":\"https:\\\/\\\/www.presseinvestigation.com\\\/index.php\\\/2023\\\/09\\\/03\\\/alphonse-charles-wright-ce-ministre-de-la-justice-doit-rester-pour-longtemps-a-son-poste-opinion\\\/#breadcrumb\"},\"inLanguage\":\"fr-FR\",\"potentialAction\":[{\"@type\":\"ReadAction\",\"target\":[\"https:\\\/\\\/www.presseinvestigation.com\\\/index.php\\\/2023\\\/09\\\/03\\\/alphonse-charles-wright-ce-ministre-de-la-justice-doit-rester-pour-longtemps-a-son-poste-opinion\\\/\"]}]},{\"@type\":\"ImageObject\",\"inLanguage\":\"fr-FR\",\"@id\":\"https:\\\/\\\/www.presseinvestigation.com\\\/index.php\\\/2023\\\/09\\\/03\\\/alphonse-charles-wright-ce-ministre-de-la-justice-doit-rester-pour-longtemps-a-son-poste-opinion\\\/#primaryimage\",\"url\":\"https:\\\/\\\/www.presseinvestigation.com\\\/wp-content\\\/uploads\\\/2023\\\/09\\\/photo-Charles.jpg\",\"contentUrl\":\"https:\\\/\\\/www.presseinvestigation.com\\\/wp-content\\\/uploads\\\/2023\\\/09\\\/photo-Charles.jpg\",\"width\":958,\"height\":1280},{\"@type\":\"BreadcrumbList\",\"@id\":\"https:\\\/\\\/www.presseinvestigation.com\\\/index.php\\\/2023\\\/09\\\/03\\\/alphonse-charles-wright-ce-ministre-de-la-justice-doit-rester-pour-longtemps-a-son-poste-opinion\\\/#breadcrumb\",\"itemListElement\":[{\"@type\":\"ListItem\",\"position\":1,\"name\":\"Accueil\",\"item\":\"https:\\\/\\\/www.presseinvestigation.com\\\/\"},{\"@type\":\"ListItem\",\"position\":2,\"name\":\"Alphonse Charles WRIGHT\u00a0: Ce Ministre de la justice doit rester pour longtemps \u00e0 son poste. (Opinion)\"}]},{\"@type\":\"WebSite\",\"@id\":\"https:\\\/\\\/www.presseinvestigation.com\\\/#website\",\"url\":\"https:\\\/\\\/www.presseinvestigation.com\\\/\",\"name\":\"Presseinvestigation\",\"description\":\"Informer dans l&#039;impartialit\u00e9\",\"potentialAction\":[{\"@type\":\"SearchAction\",\"target\":{\"@type\":\"EntryPoint\",\"urlTemplate\":\"https:\\\/\\\/www.presseinvestigation.com\\\/?s={search_term_string}\"},\"query-input\":{\"@type\":\"PropertyValueSpecification\",\"valueRequired\":true,\"valueName\":\"search_term_string\"}}],\"inLanguage\":\"fr-FR\"},{\"@type\":\"Person\",\"@id\":\"https:\\\/\\\/www.presseinvestigation.com\\\/#\\\/schema\\\/person\\\/32d023733a4a9d7c3bd6883619b8f116\",\"name\":\"Presseinvestigation.com\",\"image\":{\"@type\":\"ImageObject\",\"inLanguage\":\"fr-FR\",\"@id\":\"https:\\\/\\\/secure.gravatar.com\\\/avatar\\\/26f9c9e95424b0bde739ba0af37ee39a9e4a9e809967422c5b8e8573a34fbbe0?s=96&d=mm&r=g\",\"url\":\"https:\\\/\\\/secure.gravatar.com\\\/avatar\\\/26f9c9e95424b0bde739ba0af37ee39a9e4a9e809967422c5b8e8573a34fbbe0?s=96&d=mm&r=g\",\"contentUrl\":\"https:\\\/\\\/secure.gravatar.com\\\/avatar\\\/26f9c9e95424b0bde739ba0af37ee39a9e4a9e809967422c5b8e8573a34fbbe0?s=96&d=mm&r=g\",\"caption\":\"Presseinvestigation.com\"},\"url\":\"https:\\\/\\\/www.presseinvestigation.com\\\/index.php\\\/author\\\/toumany\\\/\"}]}<\/script>\n<!-- \/ Yoast SEO plugin. -->","yoast_head_json":{"title":"Alphonse Charles WRIGHT\u00a0: Ce Ministre de la justice doit rester pour longtemps \u00e0 son poste. (Opinion) - Presseinvestigation","robots":{"index":"index","follow":"follow","max-snippet":"max-snippet:-1","max-image-preview":"max-image-preview:large","max-video-preview":"max-video-preview:-1"},"canonical":"https:\/\/www.presseinvestigation.com\/index.php\/2023\/09\/03\/alphonse-charles-wright-ce-ministre-de-la-justice-doit-rester-pour-longtemps-a-son-poste-opinion\/","og_locale":"fr_FR","og_type":"article","og_title":"Alphonse Charles WRIGHT\u00a0: Ce Ministre de la justice doit rester pour longtemps \u00e0 son poste. (Opinion) - Presseinvestigation","og_description":"Loin de prendre position dans la situation tendue, entre le Juge Mohamed DIAWARA, Pr\u00e9sident de l\u2019Association des Magistrats de Guin\u00e9e(AMG) et Alphonse Charle WRIGHT, Garde des Sceaux, Ministre de la Justice et des Droits de l\u2019Homme. Sur l\u2019affaire de suspension du juge du Tribunal de Lab\u00e9. A mettre de c\u00f4t\u00e9 les querelles intestines, les guerres [&hellip;]","og_url":"https:\/\/www.presseinvestigation.com\/index.php\/2023\/09\/03\/alphonse-charles-wright-ce-ministre-de-la-justice-doit-rester-pour-longtemps-a-son-poste-opinion\/","og_site_name":"Presseinvestigation","article_published_time":"2023-09-03T10:34:15+00:00","article_modified_time":"2023-09-03T10:34:54+00:00","og_image":[{"width":958,"height":1280,"url":"https:\/\/www.presseinvestigation.com\/wp-content\/uploads\/2023\/09\/photo-Charles.jpg","type":"image\/jpeg"}],"author":"Presseinvestigation.com","twitter_card":"summary_large_image","twitter_misc":{"\u00c9crit par":"Presseinvestigation.com","Dur\u00e9e de lecture estim\u00e9e":"2 minutes"},"schema":{"@context":"https:\/\/schema.org","@graph":[{"@type":"Article","@id":"https:\/\/www.presseinvestigation.com\/index.php\/2023\/09\/03\/alphonse-charles-wright-ce-ministre-de-la-justice-doit-rester-pour-longtemps-a-son-poste-opinion\/#article","isPartOf":{"@id":"https:\/\/www.presseinvestigation.com\/index.php\/2023\/09\/03\/alphonse-charles-wright-ce-ministre-de-la-justice-doit-rester-pour-longtemps-a-son-poste-opinion\/"},"author":{"name":"Presseinvestigation.com","@id":"https:\/\/www.presseinvestigation.com\/#\/schema\/person\/32d023733a4a9d7c3bd6883619b8f116"},"headline":"Alphonse Charles WRIGHT\u00a0: Ce Ministre de la justice doit rester pour longtemps \u00e0 son poste. (Opinion)","datePublished":"2023-09-03T10:34:15+00:00","dateModified":"2023-09-03T10:34:54+00:00","mainEntityOfPage":{"@id":"https:\/\/www.presseinvestigation.com\/index.php\/2023\/09\/03\/alphonse-charles-wright-ce-ministre-de-la-justice-doit-rester-pour-longtemps-a-son-poste-opinion\/"},"wordCount":366,"commentCount":0,"image":{"@id":"https:\/\/www.presseinvestigation.com\/index.php\/2023\/09\/03\/alphonse-charles-wright-ce-ministre-de-la-justice-doit-rester-pour-longtemps-a-son-poste-opinion\/#primaryimage"},"thumbnailUrl":"https:\/\/www.presseinvestigation.com\/wp-content\/uploads\/2023\/09\/photo-Charles.jpg","articleSection":["Opinion"],"inLanguage":"fr-FR","potentialAction":[{"@type":"CommentAction","name":"Comment","target":["https:\/\/www.presseinvestigation.com\/index.php\/2023\/09\/03\/alphonse-charles-wright-ce-ministre-de-la-justice-doit-rester-pour-longtemps-a-son-poste-opinion\/#respond"]}]},{"@type":"WebPage","@id":"https:\/\/www.presseinvestigation.com\/index.php\/2023\/09\/03\/alphonse-charles-wright-ce-ministre-de-la-justice-doit-rester-pour-longtemps-a-son-poste-opinion\/","url":"https:\/\/www.presseinvestigation.com\/index.php\/2023\/09\/03\/alphonse-charles-wright-ce-ministre-de-la-justice-doit-rester-pour-longtemps-a-son-poste-opinion\/","name":"Alphonse Charles WRIGHT\u00a0: Ce Ministre de la justice doit rester pour longtemps \u00e0 son poste. (Opinion) - Presseinvestigation","isPartOf":{"@id":"https:\/\/www.presseinvestigation.com\/#website"},"primaryImageOfPage":{"@id":"https:\/\/www.presseinvestigation.com\/index.php\/2023\/09\/03\/alphonse-charles-wright-ce-ministre-de-la-justice-doit-rester-pour-longtemps-a-son-poste-opinion\/#primaryimage"},"image":{"@id":"https:\/\/www.presseinvestigation.com\/index.php\/2023\/09\/03\/alphonse-charles-wright-ce-ministre-de-la-justice-doit-rester-pour-longtemps-a-son-poste-opinion\/#primaryimage"},"thumbnailUrl":"https:\/\/www.presseinvestigation.com\/wp-content\/uploads\/2023\/09\/photo-Charles.jpg","datePublished":"2023-09-03T10:34:15+00:00","dateModified":"2023-09-03T10:34:54+00:00","author":{"@id":"https:\/\/www.presseinvestigation.com\/#\/schema\/person\/32d023733a4a9d7c3bd6883619b8f116"},"breadcrumb":{"@id":"https:\/\/www.presseinvestigation.com\/index.php\/2023\/09\/03\/alphonse-charles-wright-ce-ministre-de-la-justice-doit-rester-pour-longtemps-a-son-poste-opinion\/#breadcrumb"},"inLanguage":"fr-FR","potentialAction":[{"@type":"ReadAction","target":["https:\/\/www.presseinvestigation.com\/index.php\/2023\/09\/03\/alphonse-charles-wright-ce-ministre-de-la-justice-doit-rester-pour-longtemps-a-son-poste-opinion\/"]}]},{"@type":"ImageObject","inLanguage":"fr-FR","@id":"https:\/\/www.presseinvestigation.com\/index.php\/2023\/09\/03\/alphonse-charles-wright-ce-ministre-de-la-justice-doit-rester-pour-longtemps-a-son-poste-opinion\/#primaryimage","url":"https:\/\/www.presseinvestigation.com\/wp-content\/uploads\/2023\/09\/photo-Charles.jpg","contentUrl":"https:\/\/www.presseinvestigation.com\/wp-content\/uploads\/2023\/09\/photo-Charles.jpg","width":958,"height":1280},{"@type":"BreadcrumbList","@id":"https:\/\/www.presseinvestigation.com\/index.php\/2023\/09\/03\/alphonse-charles-wright-ce-ministre-de-la-justice-doit-rester-pour-longtemps-a-son-poste-opinion\/#breadcrumb","itemListElement":[{"@type":"ListItem","position":1,"name":"Accueil","item":"https:\/\/www.presseinvestigation.com\/"},{"@type":"ListItem","position":2,"name":"Alphonse Charles WRIGHT\u00a0: Ce Ministre de la justice doit rester pour longtemps \u00e0 son poste. (Opinion)"}]},{"@type":"WebSite","@id":"https:\/\/www.presseinvestigation.com\/#website","url":"https:\/\/www.presseinvestigation.com\/","name":"Presseinvestigation","description":"Informer dans l&#039;impartialit\u00e9","potentialAction":[{"@type":"SearchAction","target":{"@type":"EntryPoint","urlTemplate":"https:\/\/www.presseinvestigation.com\/?s={search_term_string}"},"query-input":{"@type":"PropertyValueSpecification","valueRequired":true,"valueName":"search_term_string"}}],"inLanguage":"fr-FR"},{"@type":"Person","@id":"https:\/\/www.presseinvestigation.com\/#\/schema\/person\/32d023733a4a9d7c3bd6883619b8f116","name":"Presseinvestigation.com","image":{"@type":"ImageObject","inLanguage":"fr-FR","@id":"https:\/\/secure.gravatar.com\/avatar\/26f9c9e95424b0bde739ba0af37ee39a9e4a9e809967422c5b8e8573a34fbbe0?s=96&d=mm&r=g","url":"https:\/\/secure.gravatar.com\/avatar\/26f9c9e95424b0bde739ba0af37ee39a9e4a9e809967422c5b8e8573a34fbbe0?s=96&d=mm&r=g","contentUrl":"https:\/\/secure.gravatar.com\/avatar\/26f9c9e95424b0bde739ba0af37ee39a9e4a9e809967422c5b8e8573a34fbbe0?s=96&d=mm&r=g","caption":"Presseinvestigation.com"},"url":"https:\/\/www.presseinvestigation.com\/index.php\/author\/toumany\/"}]}},"_links":{"self":[{"href":"https:\/\/www.presseinvestigation.com\/index.php\/wp-json\/wp\/v2\/posts\/438","targetHints":{"allow":["GET"]}}],"collection":[{"href":"https:\/\/www.presseinvestigation.com\/index.php\/wp-json\/wp\/v2\/posts"}],"about":[{"href":"https:\/\/www.presseinvestigation.com\/index.php\/wp-json\/wp\/v2\/types\/post"}],"author":[{"embeddable":true,"href":"https:\/\/www.presseinvestigation.com\/index.php\/wp-json\/wp\/v2\/users\/2"}],"replies":[{"embeddable":true,"href":"https:\/\/www.presseinvestigation.com\/index.php\/wp-json\/wp\/v2\/comments?post=438"}],"version-history":[{"count":1,"href":"https:\/\/www.presseinvestigation.com\/index.php\/wp-json\/wp\/v2\/posts\/438\/revisions"}],"predecessor-version":[{"id":439,"href":"https:\/\/www.presseinvestigation.com\/index.php\/wp-json\/wp\/v2\/posts\/438\/revisions\/439"}],"wp:featuredmedia":[{"embeddable":true,"href":"https:\/\/www.presseinvestigation.com\/index.php\/wp-json\/wp\/v2\/media\/437"}],"wp:attachment":[{"href":"https:\/\/www.presseinvestigation.com\/index.php\/wp-json\/wp\/v2\/media?parent=438"}],"wp:term":[{"taxonomy":"category","embeddable":true,"href":"https:\/\/www.presseinvestigation.com\/index.php\/wp-json\/wp\/v2\/categories?post=438"},{"taxonomy":"post_tag","embeddable":true,"href":"https:\/\/www.presseinvestigation.com\/index.php\/wp-json\/wp\/v2\/tags?post=438"}],"curies":[{"name":"wp","href":"https:\/\/api.w.org\/{rel}","templated":true}]}}