{"id":445,"date":"2023-09-05T13:09:19","date_gmt":"2023-09-05T11:09:19","guid":{"rendered":"https:\/\/www.presseinvestigation.com\/?p=445"},"modified":"2023-09-05T13:10:09","modified_gmt":"2023-09-05T11:10:09","slug":"manifestations-du-05-septembre-mory-conde-met-en-garde-les-organisateurs","status":"publish","type":"post","link":"https:\/\/www.presseinvestigation.com\/index.php\/2023\/09\/05\/manifestations-du-05-septembre-mory-conde-met-en-garde-les-organisateurs\/","title":{"rendered":"Manifestations du 05 septembre\u00a0: Mory Cond\u00e9 met en garde les organisateurs\u2026"},"content":{"rendered":"\n<figure class=\"wp-block-image\"><a class=\"top_logo-mobile navbar_brand mobile\" href=\"https:\/\/www.africaguinee.com\/\"><img decoding=\"async\" src=\"https:\/\/www.africaguinee.com\/app\/themes\/understrap\/img\/logo.png\" alt=\"Home\" title=\"Home\"\/><\/a><\/figure>\n\n\n\n<p><ins class=\"adsbygoogle\">https:\/\/googleads.g.doubleclick.net\/pagead\/ads?client=ca-pub-3296166907956863&amp;output=html&amp;h=300&amp;slotname=7361801848&amp;adk=829307884&amp;adf=683863926&amp;pi=t.ma~as.7361801848&amp;w=360&amp;lmt=1693911759&amp;rafmt=1&amp;format=360&#215;300&amp;url=https%3A%2F%2Fwww.africaguinee.com%2Fmanifestations-du-05-septembre-cnrd-mory-conde-met-en-garde-les-organisateurs%2F&amp;fwr=1&amp;fwrattr=true&amp;rpe=1&amp;resp_fmts=3&amp;sfro=1&amp;wgl=1&amp;dt=1693911758897&amp;bpp=13&amp;bdt=1746&amp;idt=877&amp;shv=r20230830&amp;mjsv=m202308290101&amp;ptt=9&amp;saldr=aa&amp;abxe=1&amp;cookie=ID%3Dda34fd33467c6cb9-229b693d4ae00036%3AT%3D1691829989%3ART%3D1693911604%3AS%3DALNI_MZjnBoAWdPtRGlE44Xd68rp8oduYQ&amp;gpic=UID%3D00000c7c5b275bac%3AT%3D1691829989%3ART%3D1693911604%3AS%3DALNI_Mb9IvYxbglHuri5kvVTPFD6CsmqiQ&amp;prev_fmts=0x0&amp;nras=1&amp;correlator=8205498800922&amp;frm=20&amp;pv=1&amp;ga_vid=1765605996.1691829955&amp;ga_sid=1693911760&amp;ga_hid=2078670709&amp;ga_fc=1&amp;ga_cid=1269972055.1693911173&amp;u_tz=0&amp;u_his=5&amp;u_h=800&amp;u_w=360&amp;u_ah=800&amp;u_aw=360&amp;u_cd=24&amp;u_sd=2&amp;dmc=2&amp;adx=0&amp;ady=58&amp;biw=360&amp;bih=600&amp;scr_x=0&amp;scr_y=0&amp;eid=44759875%2C44759926%2C44759842%2C31077370%2C31077372%2C31077559%2C31077407%2C31061690&amp;oid=2&amp;pvsid=64136406420945&amp;tmod=1752216721&amp;uas=0&amp;nvt=1&amp;ref=https%3A%2F%2Fwww.africaguinee.com%2F&amp;fc=1920&amp;brdim=0%2C0%2C0%2C0%2C360%2C0%2C360%2C600%2C375%2C625&amp;vis=1&amp;rsz=%7C%7CeE%7C&amp;abl=CS&amp;pfx=0&amp;fu=1152&amp;bc=31&amp;ifi=2&amp;uci=a!2&amp;fsb=1&amp;xpc=F5Gn1JY7ri&amp;p=https%3A\/\/www.africaguinee.com&amp;dtd=936<\/ins><\/p>\n\n\n\n<h1 class=\"wp-block-heading\">Manifestations du 05 septembre&nbsp;: Mory Cond\u00e9 met en garde les organisateurs\u2026<\/h1>\n\n\n\n<figure class=\"wp-block-image\"><img decoding=\"async\" src=\"https:\/\/www.africaguinee.com\/app\/uploads\/2023\/07\/Mory-Conde.jpg\" alt=\"\" title=\"Feature image\"\/><\/figure>\n\n\n\n<p>CONAKRY- En Guin\u00e9e, ce 05 septembre marque le deuxi\u00e8me anniversaire de l\u2019arriv\u00e9e du Comit\u00e9 National du Rassemblement pour le D\u00e9veloppement ( CNRD) au Pouvoir.<\/p>\n\n\n\n<p><ins class=\"adsbygoogle\">https:\/\/googleads.g.doubleclick.net\/pagead\/ads?client=ca-pub-3296166907956863&amp;output=html&amp;h=300&amp;slotname=7361801848&amp;adk=1989997806&amp;adf=2602420324&amp;pi=t.ma~as.7361801848&amp;w=360&amp;lmt=1693911759&amp;rafmt=1&amp;format=360&#215;300&amp;url=https%3A%2F%2Fwww.africaguinee.com%2Fmanifestations-du-05-septembre-cnrd-mory-conde-met-en-garde-les-organisateurs%2F&amp;fwr=1&amp;rpe=1&amp;resp_fmts=3&amp;sfro=1&amp;wgl=1&amp;dt=1693911758910&amp;bpp=13&amp;bdt=1758&amp;idt=1005&amp;shv=r20230830&amp;mjsv=m202308290101&amp;ptt=9&amp;saldr=aa&amp;abxe=1&amp;cookie=ID%3Dda34fd33467c6cb9-229b693d4ae00036%3AT%3D1691829989%3ART%3D1693911604%3AS%3DALNI_MZjnBoAWdPtRGlE44Xd68rp8oduYQ&amp;gpic=UID%3D00000c7c5b275bac%3AT%3D1691829989%3ART%3D1693911604%3AS%3DALNI_Mb9IvYxbglHuri5kvVTPFD6CsmqiQ&amp;prev_fmts=0x0%2C360x300&amp;nras=1&amp;correlator=8205498800922&amp;frm=20&amp;pv=1&amp;ga_vid=1765605996.1691829955&amp;ga_sid=1693911760&amp;ga_hid=2078670709&amp;ga_fc=1&amp;ga_cid=1269972055.1693911173&amp;u_tz=0&amp;u_his=5&amp;u_h=800&amp;u_w=360&amp;u_ah=800&amp;u_aw=360&amp;u_cd=24&amp;u_sd=2&amp;dmc=2&amp;adx=0&amp;ady=969&amp;biw=360&amp;bih=600&amp;scr_x=0&amp;scr_y=0&amp;eid=44759875%2C44759926%2C44759842%2C31077370%2C31077372%2C31077559%2C31077407%2C31061690&amp;oid=2&amp;pvsid=64136406420945&amp;tmod=1752216721&amp;uas=0&amp;nvt=1&amp;ref=https%3A%2F%2Fwww.africaguinee.com%2F&amp;fc=1920&amp;brdim=0%2C0%2C0%2C0%2C360%2C0%2C360%2C600%2C375%2C625&amp;vis=1&amp;rsz=%7C%7CeEbr%7C&amp;abl=CS&amp;pfx=0&amp;fu=1152&amp;bc=31&amp;ifi=3&amp;uci=a!3&amp;btvi=1&amp;fsb=1&amp;xpc=oBk7OYuvd5&amp;p=https%3A\/\/www.africaguinee.com&amp;dtd=1051<\/ins><\/p>\n\n\n\n<p>A Conakry, les forces vives de Guin\u00e9e appellent \u00e0 une marche pacifique pour exiger le retour \u00e0 l\u2019ordre constitutionnel. Pendant ce temps, des soutiens \u00e0 la junte annoncent un concert g\u00e9ant \u00e0 l\u2019esplanade du palais du peuple.<\/p>\n\n\n\n<p>\u00c0 la veille de cette journ\u00e9e d\u00e9j\u00e0 sous tension, le ministre de l\u2019administration du territoire et de la d\u00e9centralisation a mis en garde les organisateurs de ces manifestations. Mory Cond\u00e9 rappelle l\u2019interdiction formelle des manifestations sur la voie publique.<\/p>\n\n\n\n<p>\u00ab&nbsp;<em>Nous comprenons l\u2019esprit patriotique de nos populations \u00e0 comm\u00e9morer nos forces de d\u00e9fense et de s\u00e9curit\u00e9. Cependant, le Minist\u00e8re de l\u2019Administration du Territoire et de la D\u00e9centralisation constate avec regret l\u2019existence d\u2019un grand nombre d\u2019annonces relatives \u00e0 de pr\u00e9tendues festivit\u00e9s de c\u00e9l\u00e9bration du 05 septembre, date marquant la prise de responsabilit\u00e9 du Comit\u00e9 National du Rassemblement pour le D\u00e9veloppement (CNRD) \u00e0 Conakry et dans tout le pays&nbsp;<\/em>\u00bb, a indiqu\u00e9 M. Mory Cond\u00e9.<\/p>\n\n\n\n<figure class=\"wp-block-image\"><img decoding=\"async\" src=\"https:\/\/www.africaguinee.com\/app\/uploads\/2023\/09\/IMG-20230904-WA0062.jpg\" alt=\"\" class=\"wp-image-224677\"\/><\/figure>\n\n\n\n<p>Dans son communiqu\u00e9, le ministre a r\u00e9it\u00e9r\u00e9 l\u2019interdiction formelle des mouvements de soutien et des manifestations sur la voie publique.<\/p>\n\n\n\n<p>Il met en garde toutes les \u00ab&nbsp;<em>personnes qui enfreindraient cette mesure, prise dans le but essentiel de pr\u00e9server la tranquillit\u00e9 publique et d\u2019assurer aux citoyens le droit de vaquer \u00e0 leurs occupations sans entrave&nbsp;\u00bb<\/em>.<\/p>\n\n\n\n<p>Mory Cond\u00e9 appelle chacun \u00e0 respecter cette interdiction et \u00e0 faire preuve de responsabilit\u00e9 civique. Il exhorte \u00e9galement les citoyens \u00e0 se conformer au communiqu\u00e9 N\u00b0012\/CNRD\/2022 du CNRD en date du 24 d\u00e9cembre 2022.<\/p>\n\n\n\n<p><ins class=\"adsbygoogle\">https:\/\/googleads.g.doubleclick.net\/pagead\/ads?client=ca-pub-3296166907956863&amp;output=html&amp;h=300&amp;slotname=7361801848&amp;adk=2548179803&amp;adf=3211155516&amp;pi=t.ma~as.7361801848&amp;w=360&amp;lmt=1693911760&amp;rafmt=1&amp;format=360&#215;300&amp;url=https%3A%2F%2Fwww.africaguinee.com%2Fmanifestations-du-05-septembre-cnrd-mory-conde-met-en-garde-les-organisateurs%2F&amp;fwr=1&amp;rpe=1&amp;resp_fmts=3&amp;sfro=1&amp;wgl=1&amp;dt=1693911758923&amp;bpp=12&amp;bdt=1771&amp;idt=1294&amp;shv=r20230830&amp;mjsv=m202308290101&amp;ptt=9&amp;saldr=aa&amp;abxe=1&amp;cookie=ID%3Dda34fd33467c6cb9-229b693d4ae00036%3AT%3D1691829989%3ART%3D1693911604%3AS%3DALNI_MZjnBoAWdPtRGlE44Xd68rp8oduYQ&amp;gpic=UID%3D00000c7c5b275bac%3AT%3D1691829989%3ART%3D1693911604%3AS%3DALNI_Mb9IvYxbglHuri5kvVTPFD6CsmqiQ&amp;prev_fmts=0x0%2C360x300%2C360x300&amp;nras=1&amp;correlator=8205498800922&amp;frm=20&amp;pv=1&amp;ga_vid=1765605996.1691829955&amp;ga_sid=1693911760&amp;ga_hid=2078670709&amp;ga_fc=1&amp;ga_cid=1269972055.1693911173&amp;u_tz=0&amp;u_his=5&amp;u_h=800&amp;u_w=360&amp;u_ah=800&amp;u_aw=360&amp;u_cd=24&amp;u_sd=2&amp;dmc=2&amp;adx=0&amp;ady=2860&amp;biw=360&amp;bih=668&amp;scr_x=0&amp;scr_y=253&amp;eid=44759875%2C44759926%2C44759842%2C31077370%2C31077372%2C31077559%2C31077407%2C31061690&amp;oid=2&amp;pvsid=64136406420945&amp;tmod=1752216721&amp;uas=0&amp;nvt=1&amp;ref=https%3A%2F%2Fwww.africaguinee.com%2F&amp;fc=1920&amp;brdim=0%2C0%2C0%2C0%2C360%2C0%2C360%2C600%2C375%2C696&amp;vis=1&amp;rsz=%7C%7CeEbr%7C&amp;abl=CS&amp;pfx=0&amp;fu=1152&amp;bc=31&amp;ifi=4&amp;uci=a!4&amp;btvi=2&amp;fsb=1&amp;xpc=L4dbcj9W9c&amp;p=https%3A\/\/www.africaguinee.com&amp;dtd=1331<\/ins><\/p>\n\n\n\n<p>\u00ab&nbsp;<em>J\u2019invite les gouverneurs, pr\u00e9fets, sous-pr\u00e9fets et Maires \u00e0 faire respecter de fa\u00e7on stricte le contenu du pr\u00e9sent communiqu\u00e9&nbsp;<\/em>\u00bb, a indiqu\u00e9 le ministre de l\u2019administration du territoire et de la d\u00e9centralisation.<\/p>\n\n\n\n<p>Au moment o\u00f9 nous r\u00e9digions cet article (19H 50), des \u00e9chauffour\u00e9es ont \u00e9clat\u00e9 dans certains quartiers de la capitale guin\u00e9enne.<\/p>\n\n\n\n<p>Sur la route le Prince, au niveau des quartiers Sonfonia, Cimenterie, des accrochages ont \u00e9t\u00e9 constat\u00e9s entre jeunes manifestants et agents des forces de l\u2019ordre.<\/p>\n\n\n\n<p>A Koloma jusqu\u2019\u00e0 Nassouroulaye, des coups de feu nourris ont \u00e9t\u00e9 entendus peu avant 21h.<\/p>\n\n\n\n<p><strong>Africaguinee.com<\/strong><\/p>\n\n\n\n<p><\/p>\n","protected":false},"excerpt":{"rendered":"<p>https:\/\/googleads.g.doubleclick.net\/pagead\/ads?client=ca-pub-3296166907956863&amp;output=html&amp;h=300&amp;slotname=7361801848&amp;adk=829307884&amp;adf=683863926&amp;pi=t.ma~as.7361801848&amp;w=360&amp;lmt=1693911759&amp;rafmt=1&amp;format=360&#215;300&amp;url=https%3A%2F%2Fwww.africaguinee.com%2Fmanifestations-du-05-septembre-cnrd-mory-conde-met-en-garde-les-organisateurs%2F&amp;fwr=1&amp;fwrattr=true&amp;rpe=1&amp;resp_fmts=3&amp;sfro=1&amp;wgl=1&amp;dt=1693911758897&amp;bpp=13&amp;bdt=1746&amp;idt=877&amp;shv=r20230830&amp;mjsv=m202308290101&amp;ptt=9&amp;saldr=aa&amp;abxe=1&amp;cookie=ID%3Dda34fd33467c6cb9-229b693d4ae00036%3AT%3D1691829989%3ART%3D1693911604%3AS%3DALNI_MZjnBoAWdPtRGlE44Xd68rp8oduYQ&amp;gpic=UID%3D00000c7c5b275bac%3AT%3D1691829989%3ART%3D1693911604%3AS%3DALNI_Mb9IvYxbglHuri5kvVTPFD6CsmqiQ&amp;prev_fmts=0x0&amp;nras=1&amp;correlator=8205498800922&amp;frm=20&amp;pv=1&amp;ga_vid=1765605996.1691829955&amp;ga_sid=1693911760&amp;ga_hid=2078670709&amp;ga_fc=1&amp;ga_cid=1269972055.1693911173&amp;u_tz=0&amp;u_his=5&amp;u_h=800&amp;u_w=360&amp;u_ah=800&amp;u_aw=360&amp;u_cd=24&amp;u_sd=2&amp;dmc=2&amp;adx=0&amp;ady=58&amp;biw=360&amp;bih=600&amp;scr_x=0&amp;scr_y=0&amp;eid=44759875%2C44759926%2C44759842%2C31077370%2C31077372%2C31077559%2C31077407%2C31061690&amp;oid=2&amp;pvsid=64136406420945&amp;tmod=1752216721&amp;uas=0&amp;nvt=1&amp;ref=https%3A%2F%2Fwww.africaguinee.com%2F&amp;fc=1920&amp;brdim=0%2C0%2C0%2C0%2C360%2C0%2C360%2C600%2C375%2C625&amp;vis=1&amp;rsz=%7C%7CeE%7C&amp;abl=CS&amp;pfx=0&amp;fu=1152&amp;bc=31&amp;ifi=2&amp;uci=a!2&amp;fsb=1&amp;xpc=F5Gn1JY7ri&amp;p=https%3A\/\/www.africaguinee.com&amp;dtd=936 Manifestations du 05 septembre&nbsp;: Mory Cond\u00e9 met en garde les organisateurs\u2026 CONAKRY- En Guin\u00e9e, ce 05 septembre marque le deuxi\u00e8me anniversaire de l\u2019arriv\u00e9e du Comit\u00e9 National du Rassemblement pour le D\u00e9veloppement ( CNRD) au Pouvoir. https:\/\/googleads.g.doubleclick.net\/pagead\/ads?client=ca-pub-3296166907956863&amp;output=html&amp;h=300&amp;slotname=7361801848&amp;adk=1989997806&amp;adf=2602420324&amp;pi=t.ma~as.7361801848&amp;w=360&amp;lmt=1693911759&amp;rafmt=1&amp;format=360&#215;300&amp;url=https%3A%2F%2Fwww.africaguinee.com%2Fmanifestations-du-05-septembre-cnrd-mory-conde-met-en-garde-les-organisateurs%2F&amp;fwr=1&amp;rpe=1&amp;resp_fmts=3&amp;sfro=1&amp;wgl=1&amp;dt=1693911758910&amp;bpp=13&amp;bdt=1758&amp;idt=1005&amp;shv=r20230830&amp;mjsv=m202308290101&amp;ptt=9&amp;saldr=aa&amp;abxe=1&amp;cookie=ID%3Dda34fd33467c6cb9-229b693d4ae00036%3AT%3D1691829989%3ART%3D1693911604%3AS%3DALNI_MZjnBoAWdPtRGlE44Xd68rp8oduYQ&amp;gpic=UID%3D00000c7c5b275bac%3AT%3D1691829989%3ART%3D1693911604%3AS%3DALNI_Mb9IvYxbglHuri5kvVTPFD6CsmqiQ&amp;prev_fmts=0x0%2C360x300&amp;nras=1&amp;correlator=8205498800922&amp;frm=20&amp;pv=1&amp;ga_vid=1765605996.1691829955&amp;ga_sid=1693911760&amp;ga_hid=2078670709&amp;ga_fc=1&amp;ga_cid=1269972055.1693911173&amp;u_tz=0&amp;u_his=5&amp;u_h=800&amp;u_w=360&amp;u_ah=800&amp;u_aw=360&amp;u_cd=24&amp;u_sd=2&amp;dmc=2&amp;adx=0&amp;ady=969&amp;biw=360&amp;bih=600&amp;scr_x=0&amp;scr_y=0&amp;eid=44759875%2C44759926%2C44759842%2C31077370%2C31077372%2C31077559%2C31077407%2C31061690&amp;oid=2&amp;pvsid=64136406420945&amp;tmod=1752216721&amp;uas=0&amp;nvt=1&amp;ref=https%3A%2F%2Fwww.africaguinee.com%2F&amp;fc=1920&amp;brdim=0%2C0%2C0%2C0%2C360%2C0%2C360%2C600%2C375%2C625&amp;vis=1&amp;rsz=%7C%7CeEbr%7C&amp;abl=CS&amp;pfx=0&amp;fu=1152&amp;bc=31&amp;ifi=3&amp;uci=a!3&amp;btvi=1&amp;fsb=1&amp;xpc=oBk7OYuvd5&amp;p=https%3A\/\/www.africaguinee.com&amp;dtd=1051 A Conakry, les forces vives de Guin\u00e9e appellent \u00e0 une marche pacifique pour exiger le retour \u00e0 l\u2019ordre [&hellip;]<\/p>\n","protected":false},"author":2,"featured_media":444,"comment_status":"open","ping_status":"open","sticky":false,"template":"","format":"standard","meta":{"jnews-multi-image_gallery":[],"jnews_single_post":[],"jnews_primary_category":[],"footnotes":""},"categories":[3],"tags":[],"class_list":["post-445","post","type-post","status-publish","format-standard","has-post-thumbnail","hentry","category-politique"],"yoast_head":"<!-- This site is optimized with the Yoast SEO plugin v27.3 - https:\/\/yoast.com\/product\/yoast-seo-wordpress\/ -->\n<title>Manifestations du 05 septembre\u00a0: Mory Cond\u00e9 met en garde les organisateurs\u2026 - Presseinvestigation<\/title>\n<meta name=\"robots\" content=\"index, follow, max-snippet:-1, max-image-preview:large, max-video-preview:-1\" \/>\n<link rel=\"canonical\" href=\"https:\/\/www.presseinvestigation.com\/index.php\/2023\/09\/05\/manifestations-du-05-septembre-mory-conde-met-en-garde-les-organisateurs\/\" \/>\n<meta property=\"og:locale\" content=\"fr_FR\" \/>\n<meta property=\"og:type\" content=\"article\" \/>\n<meta property=\"og:title\" content=\"Manifestations du 05 septembre\u00a0: Mory Cond\u00e9 met en garde les organisateurs\u2026 - Presseinvestigation\" \/>\n<meta property=\"og:description\" content=\"https:\/\/googleads.g.doubleclick.net\/pagead\/ads?client=ca-pub-3296166907956863&amp;output=html&amp;h=300&amp;slotname=7361801848&amp;adk=829307884&amp;adf=683863926&amp;pi=t.ma~as.7361801848&amp;w=360&amp;lmt=1693911759&amp;rafmt=1&amp;format=360&#215;300&amp;url=https%3A%2F%2Fwww.africaguinee.com%2Fmanifestations-du-05-septembre-cnrd-mory-conde-met-en-garde-les-organisateurs%2F&amp;fwr=1&amp;fwrattr=true&amp;rpe=1&amp;resp_fmts=3&amp;sfro=1&amp;wgl=1&amp;dt=1693911758897&amp;bpp=13&amp;bdt=1746&amp;idt=877&amp;shv=r20230830&amp;mjsv=m202308290101&amp;ptt=9&amp;saldr=aa&amp;abxe=1&amp;cookie=ID%3Dda34fd33467c6cb9-229b693d4ae00036%3AT%3D1691829989%3ART%3D1693911604%3AS%3DALNI_MZjnBoAWdPtRGlE44Xd68rp8oduYQ&amp;gpic=UID%3D00000c7c5b275bac%3AT%3D1691829989%3ART%3D1693911604%3AS%3DALNI_Mb9IvYxbglHuri5kvVTPFD6CsmqiQ&amp;prev_fmts=0x0&amp;nras=1&amp;correlator=8205498800922&amp;frm=20&amp;pv=1&amp;ga_vid=1765605996.1691829955&amp;ga_sid=1693911760&amp;ga_hid=2078670709&amp;ga_fc=1&amp;ga_cid=1269972055.1693911173&amp;u_tz=0&amp;u_his=5&amp;u_h=800&amp;u_w=360&amp;u_ah=800&amp;u_aw=360&amp;u_cd=24&amp;u_sd=2&amp;dmc=2&amp;adx=0&amp;ady=58&amp;biw=360&amp;bih=600&amp;scr_x=0&amp;scr_y=0&amp;eid=44759875%2C44759926%2C44759842%2C31077370%2C31077372%2C31077559%2C31077407%2C31061690&amp;oid=2&amp;pvsid=64136406420945&amp;tmod=1752216721&amp;uas=0&amp;nvt=1&amp;ref=https%3A%2F%2Fwww.africaguinee.com%2F&amp;fc=1920&amp;brdim=0%2C0%2C0%2C0%2C360%2C0%2C360%2C600%2C375%2C625&amp;vis=1&amp;rsz=%7C%7CeE%7C&amp;abl=CS&amp;pfx=0&amp;fu=1152&amp;bc=31&amp;ifi=2&amp;uci=a!2&amp;fsb=1&amp;xpc=F5Gn1JY7ri&amp;p=https%3A\/\/www.africaguinee.com&amp;dtd=936 Manifestations du 05 septembre&nbsp;: Mory Cond\u00e9 met en garde les organisateurs\u2026 CONAKRY- En Guin\u00e9e, ce 05 septembre marque le deuxi\u00e8me anniversaire de l\u2019arriv\u00e9e du Comit\u00e9 National du Rassemblement pour le D\u00e9veloppement ( CNRD) au Pouvoir. https:\/\/googleads.g.doubleclick.net\/pagead\/ads?client=ca-pub-3296166907956863&amp;output=html&amp;h=300&amp;slotname=7361801848&amp;adk=1989997806&amp;adf=2602420324&amp;pi=t.ma~as.7361801848&amp;w=360&amp;lmt=1693911759&amp;rafmt=1&amp;format=360&#215;300&amp;url=https%3A%2F%2Fwww.africaguinee.com%2Fmanifestations-du-05-septembre-cnrd-mory-conde-met-en-garde-les-organisateurs%2F&amp;fwr=1&amp;rpe=1&amp;resp_fmts=3&amp;sfro=1&amp;wgl=1&amp;dt=1693911758910&amp;bpp=13&amp;bdt=1758&amp;idt=1005&amp;shv=r20230830&amp;mjsv=m202308290101&amp;ptt=9&amp;saldr=aa&amp;abxe=1&amp;cookie=ID%3Dda34fd33467c6cb9-229b693d4ae00036%3AT%3D1691829989%3ART%3D1693911604%3AS%3DALNI_MZjnBoAWdPtRGlE44Xd68rp8oduYQ&amp;gpic=UID%3D00000c7c5b275bac%3AT%3D1691829989%3ART%3D1693911604%3AS%3DALNI_Mb9IvYxbglHuri5kvVTPFD6CsmqiQ&amp;prev_fmts=0x0%2C360x300&amp;nras=1&amp;correlator=8205498800922&amp;frm=20&amp;pv=1&amp;ga_vid=1765605996.1691829955&amp;ga_sid=1693911760&amp;ga_hid=2078670709&amp;ga_fc=1&amp;ga_cid=1269972055.1693911173&amp;u_tz=0&amp;u_his=5&amp;u_h=800&amp;u_w=360&amp;u_ah=800&amp;u_aw=360&amp;u_cd=24&amp;u_sd=2&amp;dmc=2&amp;adx=0&amp;ady=969&amp;biw=360&amp;bih=600&amp;scr_x=0&amp;scr_y=0&amp;eid=44759875%2C44759926%2C44759842%2C31077370%2C31077372%2C31077559%2C31077407%2C31061690&amp;oid=2&amp;pvsid=64136406420945&amp;tmod=1752216721&amp;uas=0&amp;nvt=1&amp;ref=https%3A%2F%2Fwww.africaguinee.com%2F&amp;fc=1920&amp;brdim=0%2C0%2C0%2C0%2C360%2C0%2C360%2C600%2C375%2C625&amp;vis=1&amp;rsz=%7C%7CeEbr%7C&amp;abl=CS&amp;pfx=0&amp;fu=1152&amp;bc=31&amp;ifi=3&amp;uci=a!3&amp;btvi=1&amp;fsb=1&amp;xpc=oBk7OYuvd5&amp;p=https%3A\/\/www.africaguinee.com&amp;dtd=1051 A Conakry, les forces vives de Guin\u00e9e appellent \u00e0 une marche pacifique pour exiger le retour \u00e0 l\u2019ordre [&hellip;]\" \/>\n<meta property=\"og:url\" content=\"https:\/\/www.presseinvestigation.com\/index.php\/2023\/09\/05\/manifestations-du-05-septembre-mory-conde-met-en-garde-les-organisateurs\/\" \/>\n<meta property=\"og:site_name\" content=\"Presseinvestigation\" \/>\n<meta property=\"article:published_time\" content=\"2023-09-05T11:09:19+00:00\" \/>\n<meta property=\"article:modified_time\" content=\"2023-09-05T11:10:09+00:00\" \/>\n<meta property=\"og:image\" content=\"https:\/\/www.presseinvestigation.com\/wp-content\/uploads\/2023\/09\/Mory-Conde-768x512-1.jpg\" \/>\n\t<meta property=\"og:image:width\" content=\"768\" \/>\n\t<meta property=\"og:image:height\" content=\"512\" \/>\n\t<meta property=\"og:image:type\" content=\"image\/jpeg\" \/>\n<meta name=\"author\" content=\"Presseinvestigation.com\" \/>\n<meta name=\"twitter:card\" content=\"summary_large_image\" \/>\n<meta name=\"twitter:label1\" content=\"\u00c9crit par\" \/>\n\t<meta name=\"twitter:data1\" content=\"Presseinvestigation.com\" \/>\n\t<meta name=\"twitter:label2\" content=\"Dur\u00e9e de lecture estim\u00e9e\" \/>\n\t<meta name=\"twitter:data2\" content=\"6 minutes\" \/>\n<script type=\"application\/ld+json\" class=\"yoast-schema-graph\">{\"@context\":\"https:\\\/\\\/schema.org\",\"@graph\":[{\"@type\":\"Article\",\"@id\":\"https:\\\/\\\/www.presseinvestigation.com\\\/index.php\\\/2023\\\/09\\\/05\\\/manifestations-du-05-septembre-mory-conde-met-en-garde-les-organisateurs\\\/#article\",\"isPartOf\":{\"@id\":\"https:\\\/\\\/www.presseinvestigation.com\\\/index.php\\\/2023\\\/09\\\/05\\\/manifestations-du-05-septembre-mory-conde-met-en-garde-les-organisateurs\\\/\"},\"author\":{\"name\":\"Presseinvestigation.com\",\"@id\":\"https:\\\/\\\/www.presseinvestigation.com\\\/#\\\/schema\\\/person\\\/32d023733a4a9d7c3bd6883619b8f116\"},\"headline\":\"Manifestations du 05 septembre\u00a0: Mory Cond\u00e9 met en garde les organisateurs\u2026\",\"datePublished\":\"2023-09-05T11:09:19+00:00\",\"dateModified\":\"2023-09-05T11:10:09+00:00\",\"mainEntityOfPage\":{\"@id\":\"https:\\\/\\\/www.presseinvestigation.com\\\/index.php\\\/2023\\\/09\\\/05\\\/manifestations-du-05-septembre-mory-conde-met-en-garde-les-organisateurs\\\/\"},\"wordCount\":1205,\"commentCount\":0,\"image\":{\"@id\":\"https:\\\/\\\/www.presseinvestigation.com\\\/index.php\\\/2023\\\/09\\\/05\\\/manifestations-du-05-septembre-mory-conde-met-en-garde-les-organisateurs\\\/#primaryimage\"},\"thumbnailUrl\":\"https:\\\/\\\/www.presseinvestigation.com\\\/wp-content\\\/uploads\\\/2023\\\/09\\\/Mory-Conde-768x512-1.jpg\",\"articleSection\":[\"Politique\"],\"inLanguage\":\"fr-FR\",\"potentialAction\":[{\"@type\":\"CommentAction\",\"name\":\"Comment\",\"target\":[\"https:\\\/\\\/www.presseinvestigation.com\\\/index.php\\\/2023\\\/09\\\/05\\\/manifestations-du-05-septembre-mory-conde-met-en-garde-les-organisateurs\\\/#respond\"]}]},{\"@type\":\"WebPage\",\"@id\":\"https:\\\/\\\/www.presseinvestigation.com\\\/index.php\\\/2023\\\/09\\\/05\\\/manifestations-du-05-septembre-mory-conde-met-en-garde-les-organisateurs\\\/\",\"url\":\"https:\\\/\\\/www.presseinvestigation.com\\\/index.php\\\/2023\\\/09\\\/05\\\/manifestations-du-05-septembre-mory-conde-met-en-garde-les-organisateurs\\\/\",\"name\":\"Manifestations du 05 septembre\u00a0: Mory Cond\u00e9 met en garde les organisateurs\u2026 - Presseinvestigation\",\"isPartOf\":{\"@id\":\"https:\\\/\\\/www.presseinvestigation.com\\\/#website\"},\"primaryImageOfPage\":{\"@id\":\"https:\\\/\\\/www.presseinvestigation.com\\\/index.php\\\/2023\\\/09\\\/05\\\/manifestations-du-05-septembre-mory-conde-met-en-garde-les-organisateurs\\\/#primaryimage\"},\"image\":{\"@id\":\"https:\\\/\\\/www.presseinvestigation.com\\\/index.php\\\/2023\\\/09\\\/05\\\/manifestations-du-05-septembre-mory-conde-met-en-garde-les-organisateurs\\\/#primaryimage\"},\"thumbnailUrl\":\"https:\\\/\\\/www.presseinvestigation.com\\\/wp-content\\\/uploads\\\/2023\\\/09\\\/Mory-Conde-768x512-1.jpg\",\"datePublished\":\"2023-09-05T11:09:19+00:00\",\"dateModified\":\"2023-09-05T11:10:09+00:00\",\"author\":{\"@id\":\"https:\\\/\\\/www.presseinvestigation.com\\\/#\\\/schema\\\/person\\\/32d023733a4a9d7c3bd6883619b8f116\"},\"breadcrumb\":{\"@id\":\"https:\\\/\\\/www.presseinvestigation.com\\\/index.php\\\/2023\\\/09\\\/05\\\/manifestations-du-05-septembre-mory-conde-met-en-garde-les-organisateurs\\\/#breadcrumb\"},\"inLanguage\":\"fr-FR\",\"potentialAction\":[{\"@type\":\"ReadAction\",\"target\":[\"https:\\\/\\\/www.presseinvestigation.com\\\/index.php\\\/2023\\\/09\\\/05\\\/manifestations-du-05-septembre-mory-conde-met-en-garde-les-organisateurs\\\/\"]}]},{\"@type\":\"ImageObject\",\"inLanguage\":\"fr-FR\",\"@id\":\"https:\\\/\\\/www.presseinvestigation.com\\\/index.php\\\/2023\\\/09\\\/05\\\/manifestations-du-05-septembre-mory-conde-met-en-garde-les-organisateurs\\\/#primaryimage\",\"url\":\"https:\\\/\\\/www.presseinvestigation.com\\\/wp-content\\\/uploads\\\/2023\\\/09\\\/Mory-Conde-768x512-1.jpg\",\"contentUrl\":\"https:\\\/\\\/www.presseinvestigation.com\\\/wp-content\\\/uploads\\\/2023\\\/09\\\/Mory-Conde-768x512-1.jpg\",\"width\":768,\"height\":512},{\"@type\":\"BreadcrumbList\",\"@id\":\"https:\\\/\\\/www.presseinvestigation.com\\\/index.php\\\/2023\\\/09\\\/05\\\/manifestations-du-05-septembre-mory-conde-met-en-garde-les-organisateurs\\\/#breadcrumb\",\"itemListElement\":[{\"@type\":\"ListItem\",\"position\":1,\"name\":\"Accueil\",\"item\":\"https:\\\/\\\/www.presseinvestigation.com\\\/\"},{\"@type\":\"ListItem\",\"position\":2,\"name\":\"Manifestations du 05 septembre\u00a0: Mory Cond\u00e9 met en garde les organisateurs\u2026\"}]},{\"@type\":\"WebSite\",\"@id\":\"https:\\\/\\\/www.presseinvestigation.com\\\/#website\",\"url\":\"https:\\\/\\\/www.presseinvestigation.com\\\/\",\"name\":\"Presseinvestigation\",\"description\":\"Informer dans l&#039;impartialit\u00e9\",\"potentialAction\":[{\"@type\":\"SearchAction\",\"target\":{\"@type\":\"EntryPoint\",\"urlTemplate\":\"https:\\\/\\\/www.presseinvestigation.com\\\/?s={search_term_string}\"},\"query-input\":{\"@type\":\"PropertyValueSpecification\",\"valueRequired\":true,\"valueName\":\"search_term_string\"}}],\"inLanguage\":\"fr-FR\"},{\"@type\":\"Person\",\"@id\":\"https:\\\/\\\/www.presseinvestigation.com\\\/#\\\/schema\\\/person\\\/32d023733a4a9d7c3bd6883619b8f116\",\"name\":\"Presseinvestigation.com\",\"image\":{\"@type\":\"ImageObject\",\"inLanguage\":\"fr-FR\",\"@id\":\"https:\\\/\\\/secure.gravatar.com\\\/avatar\\\/26f9c9e95424b0bde739ba0af37ee39a9e4a9e809967422c5b8e8573a34fbbe0?s=96&d=mm&r=g\",\"url\":\"https:\\\/\\\/secure.gravatar.com\\\/avatar\\\/26f9c9e95424b0bde739ba0af37ee39a9e4a9e809967422c5b8e8573a34fbbe0?s=96&d=mm&r=g\",\"contentUrl\":\"https:\\\/\\\/secure.gravatar.com\\\/avatar\\\/26f9c9e95424b0bde739ba0af37ee39a9e4a9e809967422c5b8e8573a34fbbe0?s=96&d=mm&r=g\",\"caption\":\"Presseinvestigation.com\"},\"url\":\"https:\\\/\\\/www.presseinvestigation.com\\\/index.php\\\/author\\\/toumany\\\/\"}]}<\/script>\n<!-- \/ Yoast SEO plugin. -->","yoast_head_json":{"title":"Manifestations du 05 septembre\u00a0: Mory Cond\u00e9 met en garde les organisateurs\u2026 - Presseinvestigation","robots":{"index":"index","follow":"follow","max-snippet":"max-snippet:-1","max-image-preview":"max-image-preview:large","max-video-preview":"max-video-preview:-1"},"canonical":"https:\/\/www.presseinvestigation.com\/index.php\/2023\/09\/05\/manifestations-du-05-septembre-mory-conde-met-en-garde-les-organisateurs\/","og_locale":"fr_FR","og_type":"article","og_title":"Manifestations du 05 septembre\u00a0: Mory Cond\u00e9 met en garde les organisateurs\u2026 - Presseinvestigation","og_description":"https:\/\/googleads.g.doubleclick.net\/pagead\/ads?client=ca-pub-3296166907956863&amp;output=html&amp;h=300&amp;slotname=7361801848&amp;adk=829307884&amp;adf=683863926&amp;pi=t.ma~as.7361801848&amp;w=360&amp;lmt=1693911759&amp;rafmt=1&amp;format=360&#215;300&amp;url=https%3A%2F%2Fwww.africaguinee.com%2Fmanifestations-du-05-septembre-cnrd-mory-conde-met-en-garde-les-organisateurs%2F&amp;fwr=1&amp;fwrattr=true&amp;rpe=1&amp;resp_fmts=3&amp;sfro=1&amp;wgl=1&amp;dt=1693911758897&amp;bpp=13&amp;bdt=1746&amp;idt=877&amp;shv=r20230830&amp;mjsv=m202308290101&amp;ptt=9&amp;saldr=aa&amp;abxe=1&amp;cookie=ID%3Dda34fd33467c6cb9-229b693d4ae00036%3AT%3D1691829989%3ART%3D1693911604%3AS%3DALNI_MZjnBoAWdPtRGlE44Xd68rp8oduYQ&amp;gpic=UID%3D00000c7c5b275bac%3AT%3D1691829989%3ART%3D1693911604%3AS%3DALNI_Mb9IvYxbglHuri5kvVTPFD6CsmqiQ&amp;prev_fmts=0x0&amp;nras=1&amp;correlator=8205498800922&amp;frm=20&amp;pv=1&amp;ga_vid=1765605996.1691829955&amp;ga_sid=1693911760&amp;ga_hid=2078670709&amp;ga_fc=1&amp;ga_cid=1269972055.1693911173&amp;u_tz=0&amp;u_his=5&amp;u_h=800&amp;u_w=360&amp;u_ah=800&amp;u_aw=360&amp;u_cd=24&amp;u_sd=2&amp;dmc=2&amp;adx=0&amp;ady=58&amp;biw=360&amp;bih=600&amp;scr_x=0&amp;scr_y=0&amp;eid=44759875%2C44759926%2C44759842%2C31077370%2C31077372%2C31077559%2C31077407%2C31061690&amp;oid=2&amp;pvsid=64136406420945&amp;tmod=1752216721&amp;uas=0&amp;nvt=1&amp;ref=https%3A%2F%2Fwww.africaguinee.com%2F&amp;fc=1920&amp;brdim=0%2C0%2C0%2C0%2C360%2C0%2C360%2C600%2C375%2C625&amp;vis=1&amp;rsz=%7C%7CeE%7C&amp;abl=CS&amp;pfx=0&amp;fu=1152&amp;bc=31&amp;ifi=2&amp;uci=a!2&amp;fsb=1&amp;xpc=F5Gn1JY7ri&amp;p=https%3A\/\/www.africaguinee.com&amp;dtd=936 Manifestations du 05 septembre&nbsp;: Mory Cond\u00e9 met en garde les organisateurs\u2026 CONAKRY- En Guin\u00e9e, ce 05 septembre marque le deuxi\u00e8me anniversaire de l\u2019arriv\u00e9e du Comit\u00e9 National du Rassemblement pour le D\u00e9veloppement ( CNRD) au Pouvoir. https:\/\/googleads.g.doubleclick.net\/pagead\/ads?client=ca-pub-3296166907956863&amp;output=html&amp;h=300&amp;slotname=7361801848&amp;adk=1989997806&amp;adf=2602420324&amp;pi=t.ma~as.7361801848&amp;w=360&amp;lmt=1693911759&amp;rafmt=1&amp;format=360&#215;300&amp;url=https%3A%2F%2Fwww.africaguinee.com%2Fmanifestations-du-05-septembre-cnrd-mory-conde-met-en-garde-les-organisateurs%2F&amp;fwr=1&amp;rpe=1&amp;resp_fmts=3&amp;sfro=1&amp;wgl=1&amp;dt=1693911758910&amp;bpp=13&amp;bdt=1758&amp;idt=1005&amp;shv=r20230830&amp;mjsv=m202308290101&amp;ptt=9&amp;saldr=aa&amp;abxe=1&amp;cookie=ID%3Dda34fd33467c6cb9-229b693d4ae00036%3AT%3D1691829989%3ART%3D1693911604%3AS%3DALNI_MZjnBoAWdPtRGlE44Xd68rp8oduYQ&amp;gpic=UID%3D00000c7c5b275bac%3AT%3D1691829989%3ART%3D1693911604%3AS%3DALNI_Mb9IvYxbglHuri5kvVTPFD6CsmqiQ&amp;prev_fmts=0x0%2C360x300&amp;nras=1&amp;correlator=8205498800922&amp;frm=20&amp;pv=1&amp;ga_vid=1765605996.1691829955&amp;ga_sid=1693911760&amp;ga_hid=2078670709&amp;ga_fc=1&amp;ga_cid=1269972055.1693911173&amp;u_tz=0&amp;u_his=5&amp;u_h=800&amp;u_w=360&amp;u_ah=800&amp;u_aw=360&amp;u_cd=24&amp;u_sd=2&amp;dmc=2&amp;adx=0&amp;ady=969&amp;biw=360&amp;bih=600&amp;scr_x=0&amp;scr_y=0&amp;eid=44759875%2C44759926%2C44759842%2C31077370%2C31077372%2C31077559%2C31077407%2C31061690&amp;oid=2&amp;pvsid=64136406420945&amp;tmod=1752216721&amp;uas=0&amp;nvt=1&amp;ref=https%3A%2F%2Fwww.africaguinee.com%2F&amp;fc=1920&amp;brdim=0%2C0%2C0%2C0%2C360%2C0%2C360%2C600%2C375%2C625&amp;vis=1&amp;rsz=%7C%7CeEbr%7C&amp;abl=CS&amp;pfx=0&amp;fu=1152&amp;bc=31&amp;ifi=3&amp;uci=a!3&amp;btvi=1&amp;fsb=1&amp;xpc=oBk7OYuvd5&amp;p=https%3A\/\/www.africaguinee.com&amp;dtd=1051 A Conakry, les forces vives de Guin\u00e9e appellent \u00e0 une marche pacifique pour exiger le retour \u00e0 l\u2019ordre [&hellip;]","og_url":"https:\/\/www.presseinvestigation.com\/index.php\/2023\/09\/05\/manifestations-du-05-septembre-mory-conde-met-en-garde-les-organisateurs\/","og_site_name":"Presseinvestigation","article_published_time":"2023-09-05T11:09:19+00:00","article_modified_time":"2023-09-05T11:10:09+00:00","og_image":[{"width":768,"height":512,"url":"https:\/\/www.presseinvestigation.com\/wp-content\/uploads\/2023\/09\/Mory-Conde-768x512-1.jpg","type":"image\/jpeg"}],"author":"Presseinvestigation.com","twitter_card":"summary_large_image","twitter_misc":{"\u00c9crit par":"Presseinvestigation.com","Dur\u00e9e de lecture estim\u00e9e":"6 minutes"},"schema":{"@context":"https:\/\/schema.org","@graph":[{"@type":"Article","@id":"https:\/\/www.presseinvestigation.com\/index.php\/2023\/09\/05\/manifestations-du-05-septembre-mory-conde-met-en-garde-les-organisateurs\/#article","isPartOf":{"@id":"https:\/\/www.presseinvestigation.com\/index.php\/2023\/09\/05\/manifestations-du-05-septembre-mory-conde-met-en-garde-les-organisateurs\/"},"author":{"name":"Presseinvestigation.com","@id":"https:\/\/www.presseinvestigation.com\/#\/schema\/person\/32d023733a4a9d7c3bd6883619b8f116"},"headline":"Manifestations du 05 septembre\u00a0: Mory Cond\u00e9 met en garde les organisateurs\u2026","datePublished":"2023-09-05T11:09:19+00:00","dateModified":"2023-09-05T11:10:09+00:00","mainEntityOfPage":{"@id":"https:\/\/www.presseinvestigation.com\/index.php\/2023\/09\/05\/manifestations-du-05-septembre-mory-conde-met-en-garde-les-organisateurs\/"},"wordCount":1205,"commentCount":0,"image":{"@id":"https:\/\/www.presseinvestigation.com\/index.php\/2023\/09\/05\/manifestations-du-05-septembre-mory-conde-met-en-garde-les-organisateurs\/#primaryimage"},"thumbnailUrl":"https:\/\/www.presseinvestigation.com\/wp-content\/uploads\/2023\/09\/Mory-Conde-768x512-1.jpg","articleSection":["Politique"],"inLanguage":"fr-FR","potentialAction":[{"@type":"CommentAction","name":"Comment","target":["https:\/\/www.presseinvestigation.com\/index.php\/2023\/09\/05\/manifestations-du-05-septembre-mory-conde-met-en-garde-les-organisateurs\/#respond"]}]},{"@type":"WebPage","@id":"https:\/\/www.presseinvestigation.com\/index.php\/2023\/09\/05\/manifestations-du-05-septembre-mory-conde-met-en-garde-les-organisateurs\/","url":"https:\/\/www.presseinvestigation.com\/index.php\/2023\/09\/05\/manifestations-du-05-septembre-mory-conde-met-en-garde-les-organisateurs\/","name":"Manifestations du 05 septembre\u00a0: Mory Cond\u00e9 met en garde les organisateurs\u2026 - Presseinvestigation","isPartOf":{"@id":"https:\/\/www.presseinvestigation.com\/#website"},"primaryImageOfPage":{"@id":"https:\/\/www.presseinvestigation.com\/index.php\/2023\/09\/05\/manifestations-du-05-septembre-mory-conde-met-en-garde-les-organisateurs\/#primaryimage"},"image":{"@id":"https:\/\/www.presseinvestigation.com\/index.php\/2023\/09\/05\/manifestations-du-05-septembre-mory-conde-met-en-garde-les-organisateurs\/#primaryimage"},"thumbnailUrl":"https:\/\/www.presseinvestigation.com\/wp-content\/uploads\/2023\/09\/Mory-Conde-768x512-1.jpg","datePublished":"2023-09-05T11:09:19+00:00","dateModified":"2023-09-05T11:10:09+00:00","author":{"@id":"https:\/\/www.presseinvestigation.com\/#\/schema\/person\/32d023733a4a9d7c3bd6883619b8f116"},"breadcrumb":{"@id":"https:\/\/www.presseinvestigation.com\/index.php\/2023\/09\/05\/manifestations-du-05-septembre-mory-conde-met-en-garde-les-organisateurs\/#breadcrumb"},"inLanguage":"fr-FR","potentialAction":[{"@type":"ReadAction","target":["https:\/\/www.presseinvestigation.com\/index.php\/2023\/09\/05\/manifestations-du-05-septembre-mory-conde-met-en-garde-les-organisateurs\/"]}]},{"@type":"ImageObject","inLanguage":"fr-FR","@id":"https:\/\/www.presseinvestigation.com\/index.php\/2023\/09\/05\/manifestations-du-05-septembre-mory-conde-met-en-garde-les-organisateurs\/#primaryimage","url":"https:\/\/www.presseinvestigation.com\/wp-content\/uploads\/2023\/09\/Mory-Conde-768x512-1.jpg","contentUrl":"https:\/\/www.presseinvestigation.com\/wp-content\/uploads\/2023\/09\/Mory-Conde-768x512-1.jpg","width":768,"height":512},{"@type":"BreadcrumbList","@id":"https:\/\/www.presseinvestigation.com\/index.php\/2023\/09\/05\/manifestations-du-05-septembre-mory-conde-met-en-garde-les-organisateurs\/#breadcrumb","itemListElement":[{"@type":"ListItem","position":1,"name":"Accueil","item":"https:\/\/www.presseinvestigation.com\/"},{"@type":"ListItem","position":2,"name":"Manifestations du 05 septembre\u00a0: Mory Cond\u00e9 met en garde les organisateurs\u2026"}]},{"@type":"WebSite","@id":"https:\/\/www.presseinvestigation.com\/#website","url":"https:\/\/www.presseinvestigation.com\/","name":"Presseinvestigation","description":"Informer dans l&#039;impartialit\u00e9","potentialAction":[{"@type":"SearchAction","target":{"@type":"EntryPoint","urlTemplate":"https:\/\/www.presseinvestigation.com\/?s={search_term_string}"},"query-input":{"@type":"PropertyValueSpecification","valueRequired":true,"valueName":"search_term_string"}}],"inLanguage":"fr-FR"},{"@type":"Person","@id":"https:\/\/www.presseinvestigation.com\/#\/schema\/person\/32d023733a4a9d7c3bd6883619b8f116","name":"Presseinvestigation.com","image":{"@type":"ImageObject","inLanguage":"fr-FR","@id":"https:\/\/secure.gravatar.com\/avatar\/26f9c9e95424b0bde739ba0af37ee39a9e4a9e809967422c5b8e8573a34fbbe0?s=96&d=mm&r=g","url":"https:\/\/secure.gravatar.com\/avatar\/26f9c9e95424b0bde739ba0af37ee39a9e4a9e809967422c5b8e8573a34fbbe0?s=96&d=mm&r=g","contentUrl":"https:\/\/secure.gravatar.com\/avatar\/26f9c9e95424b0bde739ba0af37ee39a9e4a9e809967422c5b8e8573a34fbbe0?s=96&d=mm&r=g","caption":"Presseinvestigation.com"},"url":"https:\/\/www.presseinvestigation.com\/index.php\/author\/toumany\/"}]}},"_links":{"self":[{"href":"https:\/\/www.presseinvestigation.com\/index.php\/wp-json\/wp\/v2\/posts\/445","targetHints":{"allow":["GET"]}}],"collection":[{"href":"https:\/\/www.presseinvestigation.com\/index.php\/wp-json\/wp\/v2\/posts"}],"about":[{"href":"https:\/\/www.presseinvestigation.com\/index.php\/wp-json\/wp\/v2\/types\/post"}],"author":[{"embeddable":true,"href":"https:\/\/www.presseinvestigation.com\/index.php\/wp-json\/wp\/v2\/users\/2"}],"replies":[{"embeddable":true,"href":"https:\/\/www.presseinvestigation.com\/index.php\/wp-json\/wp\/v2\/comments?post=445"}],"version-history":[{"count":1,"href":"https:\/\/www.presseinvestigation.com\/index.php\/wp-json\/wp\/v2\/posts\/445\/revisions"}],"predecessor-version":[{"id":446,"href":"https:\/\/www.presseinvestigation.com\/index.php\/wp-json\/wp\/v2\/posts\/445\/revisions\/446"}],"wp:featuredmedia":[{"embeddable":true,"href":"https:\/\/www.presseinvestigation.com\/index.php\/wp-json\/wp\/v2\/media\/444"}],"wp:attachment":[{"href":"https:\/\/www.presseinvestigation.com\/index.php\/wp-json\/wp\/v2\/media?parent=445"}],"wp:term":[{"taxonomy":"category","embeddable":true,"href":"https:\/\/www.presseinvestigation.com\/index.php\/wp-json\/wp\/v2\/categories?post=445"},{"taxonomy":"post_tag","embeddable":true,"href":"https:\/\/www.presseinvestigation.com\/index.php\/wp-json\/wp\/v2\/tags?post=445"}],"curies":[{"name":"wp","href":"https:\/\/api.w.org\/{rel}","templated":true}]}}