{"id":494,"date":"2023-09-13T13:30:55","date_gmt":"2023-09-13T11:30:55","guid":{"rendered":"https:\/\/www.presseinvestigation.com\/?p=494"},"modified":"2023-09-13T13:31:47","modified_gmt":"2023-09-13T11:31:47","slug":"mali-les-hostilites-reprennent-entre-larmee-et-des-groupes-armes-du-nord","status":"publish","type":"post","link":"https:\/\/www.presseinvestigation.com\/index.php\/2023\/09\/13\/mali-les-hostilites-reprennent-entre-larmee-et-des-groupes-armes-du-nord\/","title":{"rendered":"Mali : Les hostilit\u00e9s reprennent entre l\u2019arm\u00e9e et des groupes arm\u00e9s du nord\u2026"},"content":{"rendered":"\n<figure class=\"wp-block-image size-large\"><img fetchpriority=\"high\" decoding=\"async\" width=\"732\" height=\"419\" src=\"https:\/\/www.presseinvestigation.com\/wp-content\/uploads\/2023\/09\/CMA-MALI.webp\" alt=\"\" class=\"wp-image-496\" title=\"Home\" srcset=\"https:\/\/www.presseinvestigation.com\/wp-content\/uploads\/2023\/09\/CMA-MALI.webp 732w, https:\/\/www.presseinvestigation.com\/wp-content\/uploads\/2023\/09\/CMA-MALI-300x172.webp 300w, https:\/\/www.presseinvestigation.com\/wp-content\/uploads\/2023\/09\/CMA-MALI-600x343.webp 600w\" sizes=\"(max-width: 732px) 100vw, 732px\" \/><\/figure>\n\n\n\n<figure class=\"wp-block-image size-large\"><img decoding=\"async\" width=\"732\" height=\"419\" src=\"https:\/\/www.presseinvestigation.com\/wp-content\/uploads\/2023\/09\/CMA-MALI-1.webp\" alt=\"\" class=\"wp-image-497\" srcset=\"https:\/\/www.presseinvestigation.com\/wp-content\/uploads\/2023\/09\/CMA-MALI-1.webp 732w, https:\/\/www.presseinvestigation.com\/wp-content\/uploads\/2023\/09\/CMA-MALI-1-300x172.webp 300w, https:\/\/www.presseinvestigation.com\/wp-content\/uploads\/2023\/09\/CMA-MALI-1-600x343.webp 600w\" sizes=\"(max-width: 732px) 100vw, 732px\" \/><\/figure>\n\n\n\n<p><ins class=\"adsbygoogle\">https:\/\/googleads.g.doubleclick.net\/pagead\/ads?client=ca-pub-3296166907956863&amp;output=html&amp;h=343&amp;slotname=7361801848&amp;adk=3658379495&amp;adf=683863926&amp;pi=t.ma~as.7361801848&amp;w=412&amp;lmt=1694604219&amp;rafmt=1&amp;format=412&#215;343&amp;url=https%3A%2F%2Fwww.africaguinee.com%2Fnterview%2F&amp;fwr=1&amp;fwrattr=true&amp;rpe=1&amp;resp_fmts=3&amp;sfro=1&amp;wgl=1&amp;dt=1694604218584&amp;bpp=11&amp;bdt=650&amp;idt=1164&amp;shv=r20230911&amp;mjsv=m202309060101&amp;ptt=9&amp;saldr=aa&amp;abxe=1&amp;cookie=ID%3D2eac7830fc90650b-222903a128d70071%3AT%3D1661033512%3ART%3D1694604179%3AS%3DALNI_MaF6Yttl5CJiCxvRxzfdS1ytS3ESA&amp;gpic=UID%3D00000c3fd9c6209f%3AT%3D1686317941%3ART%3D1694604179%3AS%3DALNI_MYqJHDKpWlGdLo1L4e4bVLymh3idA&amp;prev_fmts=0x0&amp;nras=1&amp;correlator=6847239133344&amp;frm=20&amp;pv=1&amp;ga_vid=2081671748.1624378012&amp;ga_sid=1694604220&amp;ga_hid=662584233&amp;ga_fc=1&amp;ga_cid=1645057597.1694081863&amp;u_tz=0&amp;u_his=5&amp;u_h=846&amp;u_w=412&amp;u_ah=846&amp;u_aw=412&amp;u_cd=24&amp;u_sd=2.625&amp;dmc=4&amp;adx=0&amp;ady=66&amp;biw=412&amp;bih=658&amp;scr_x=0&amp;scr_y=0&amp;eid=44759926%2C44759837%2C44759875%2C31077698%2C42532402%2C31077719&amp;oid=2&amp;pvsid=707140020839217&amp;tmod=959018194&amp;uas=0&amp;nvt=1&amp;ref=https%3A%2F%2Fwww.africaguinee.com%2F&amp;fc=1920&amp;brdim=0%2C0%2C0%2C0%2C412%2C0%2C412%2C658%2C427%2C682&amp;vis=1&amp;rsz=%7C%7CeE%7C&amp;abl=CS&amp;pfx=0&amp;fu=1152&amp;bc=31&amp;ifi=2&amp;uci=a!2&amp;fsb=1&amp;xpc=PJLp8viwqO&amp;p=https%3A\/\/www.africaguinee.com&amp;dtd=1262<\/ins><\/p>\n\n\n\n<h1 class=\"wp-block-heading\">Mali : Les hostilit\u00e9s reprennent entre l\u2019arm\u00e9e et des groupes arm\u00e9s du nord\u2026<\/h1>\n\n\n\n<figure class=\"wp-block-image\"><img decoding=\"async\" src=\"https:\/\/www.africaguinee.com\/app\/uploads\/2023\/09\/CMA-MALI.webp\" alt=\"\" title=\"Feature image\"\/><\/figure>\n\n\n\n<p>Des groupes arm\u00e9s du nord du Mali ont attaqu\u00e9 mardi l\u2019arm\u00e9e dans la ville clef de Bourem, confortant les craintes de reprise des hostilit\u00e9s avec l\u2019Etat central et de fin de l\u2019accord de paix sign\u00e9 en 2015.&nbsp;Les groupes arm\u00e9s ont indiqu\u00e9 avoir pris puis abandonn\u00e9 le contr\u00f4le du camp de l\u2019arm\u00e9e.<\/p>\n\n\n\n<p><ins class=\"adsbygoogle\">https:\/\/googleads.g.doubleclick.net\/pagead\/ads?client=ca-pub-3296166907956863&amp;output=html&amp;h=343&amp;slotname=7361801848&amp;adk=35518093&amp;adf=607680171&amp;pi=t.ma~as.7361801848&amp;w=412&amp;lmt=1694604220&amp;rafmt=1&amp;format=412&#215;343&amp;url=https%3A%2F%2Fwww.africaguinee.com%2Fnterview%2F&amp;fwr=1&amp;rpe=1&amp;resp_fmts=3&amp;sfro=1&amp;wgl=1&amp;dt=1694604218595&amp;bpp=12&amp;bdt=660&amp;idt=1387&amp;shv=r20230911&amp;mjsv=m202309060101&amp;ptt=9&amp;saldr=aa&amp;abxe=1&amp;cookie=ID%3D2eac7830fc90650b-222903a128d70071%3AT%3D1661033512%3ART%3D1694604179%3AS%3DALNI_MaF6Yttl5CJiCxvRxzfdS1ytS3ESA&amp;gpic=UID%3D00000c3fd9c6209f%3AT%3D1686317941%3ART%3D1694604179%3AS%3DALNI_MYqJHDKpWlGdLo1L4e4bVLymh3idA&amp;prev_fmts=0x0%2C412x343&amp;nras=1&amp;correlator=6847239133344&amp;frm=20&amp;pv=1&amp;ga_vid=2081671748.1624378012&amp;ga_sid=1694604220&amp;ga_hid=662584233&amp;ga_fc=1&amp;ga_cid=1645057597.1694081863&amp;u_tz=0&amp;u_his=5&amp;u_h=846&amp;u_w=412&amp;u_ah=846&amp;u_aw=412&amp;u_cd=24&amp;u_sd=2.625&amp;dmc=4&amp;adx=0&amp;ady=1042&amp;biw=412&amp;bih=658&amp;scr_x=0&amp;scr_y=0&amp;eid=44759926%2C44759837%2C44759875%2C31077698%2C42532402%2C31077719&amp;oid=2&amp;pvsid=707140020839217&amp;tmod=959018194&amp;uas=0&amp;nvt=1&amp;ref=https%3A%2F%2Fwww.africaguinee.com%2F&amp;fc=1920&amp;brdim=0%2C0%2C0%2C0%2C412%2C0%2C412%2C658%2C427%2C682&amp;vis=1&amp;rsz=%7C%7CeEbr%7C&amp;abl=CS&amp;pfx=0&amp;fu=1152&amp;bc=31&amp;ifi=3&amp;uci=a!3&amp;btvi=1&amp;fsb=1&amp;xpc=bnFCsRDGbJ&amp;p=https%3A\/\/www.africaguinee.com&amp;dtd=1431<\/ins><\/p>\n\n\n\n<p>Dans un communiqu\u00e9 publi\u00e9 mardi soir, l\u2019arm\u00e9e malienne a assur\u00e9 avoir repouss\u00e9 une attaque complexe impliquant des voitures pi\u00e9g\u00e9es qui a fait dix morts et treize bless\u00e9s parmi les soldats, tandis que 46&nbsp;\u00ab&nbsp;terroristes&nbsp;\u00bb&nbsp;ont \u00e9t\u00e9 tu\u00e9s. Un haut responsable de l\u2019arm\u00e9e avait auparavant d\u00e9clar\u00e9 \u00e0 l\u2019AFP que les troupes avaient repris le contr\u00f4le de leurs positions \u00e0 Bourem avec l\u2019aide de l\u2019aviation.<\/p>\n\n\n\n<p>Le Cadre strat\u00e9gique permanent (CSP), alliance de groupes arm\u00e9s qui ont sign\u00e9 un accord de paix avec l\u2019Etat malien en 2015, a indiqu\u00e9 avoir men\u00e9 une op\u00e9ration sur la ville garnison de Bourem qui&nbsp;\u00ab&nbsp;s\u2019est sold\u00e9e par le contr\u00f4le du camp et des diff\u00e9rents postes avanc\u00e9s&nbsp;\u00bb&nbsp;des forces arm\u00e9es maliennes et de leur alli\u00e9 du groupe paramilitaire russe Wagner.<\/p>\n\n\n\n<p>Il y a eu&nbsp;\u00ab&nbsp;d\u2019intenses combats&nbsp;\u00bb, a dit le porte-parole du CSP, Mohamed El Maouloud Ramadane. Puis les hommes se sont retir\u00e9s, a-t-il dit.&nbsp;\u00ab&nbsp;Notre objectif n\u2019est pas de rester dans les villes&nbsp;\u00bb, a-t-il expliqu\u00e9.<\/p>\n\n\n\n<p>\u00ab&nbsp;Nous avons repris le contr\u00f4le du camp et des alentours de Bourem apr\u00e8s intervention de l\u2019aviation et ratissage&nbsp;\u00bb, a dit un commandant local sous couvert de l\u2019anonymat.&nbsp;\u00ab&nbsp;Les groupes arm\u00e9s non-identifi\u00e9s avaient encercl\u00e9 le camp, et tournaient en ville, mais les avions ont r\u00e9agi contre eux. On n\u2019entend plus de tirs, les FAMA (Forces arm\u00e9es maliennes) sont dans la ville partout en nombre&nbsp;\u00bb, a dit un habitant joint par t\u00e9l\u00e9phone, Mahamoud Ould Mety.<\/p>\n\n\n\n<p>Bourem est un n\u0153ud pr\u00e8s du fleuve Niger et sur la route entre Tombouctou et Gao et vers Kidal, fief touareg, plus au nord. Une telle op\u00e9ration de la part des groupes arm\u00e9s confirme la faillite de l\u2019accord de paix sign\u00e9 en 2015 par une alliance de groupes arm\u00e9s \u00e0 dominante touareg entr\u00e9s en r\u00e9bellion contre l\u2019Etat central en 2012, par le gouvernement et par des groupes arm\u00e9s loyalistes.<\/p>\n\n\n\n<p>Apr\u00e8s des semaines de tensions grandissantes, un des signataires de l\u2019accord dit d\u2019Alger, la Coordination des mouvements de l\u2019Azawad (CMA), a indiqu\u00e9 lundi soir se consid\u00e9rer dor\u00e9navant en&nbsp;\u00ab&nbsp;guerre&nbsp;\u00bb&nbsp;avec la junte qui a pris le pouvoir par la force \u00e0 Bamako en 2020.<\/p>\n\n\n\n<p>Escalade<\/p>\n\n\n\n<p><ins class=\"adsbygoogle\">https:\/\/googleads.g.doubleclick.net\/pagead\/ads?client=ca-pub-3296166907956863&amp;output=html&amp;h=343&amp;slotname=7361801848&amp;adk=1407993261&amp;adf=173333648&amp;pi=t.ma~as.7361801848&amp;w=412&amp;lmt=1694604220&amp;rafmt=1&amp;format=412&#215;343&amp;url=https%3A%2F%2Fwww.africaguinee.com%2Fnterview%2F&amp;fwr=1&amp;rpe=1&amp;resp_fmts=3&amp;sfro=1&amp;wgl=1&amp;dt=1694604218607&amp;bpp=9&amp;bdt=673&amp;idt=1540&amp;shv=r20230911&amp;mjsv=m202309060101&amp;ptt=9&amp;saldr=aa&amp;abxe=1&amp;cookie=ID%3D2eac7830fc90650b-222903a128d70071%3AT%3D1661033512%3ART%3D1694604179%3AS%3DALNI_MaF6Yttl5CJiCxvRxzfdS1ytS3ESA&amp;gpic=UID%3D00000c3fd9c6209f%3AT%3D1686317941%3ART%3D1694604179%3AS%3DALNI_MYqJHDKpWlGdLo1L4e4bVLymh3idA&amp;prev_fmts=0x0%2C412x343%2C412x343&amp;nras=1&amp;correlator=6847239133344&amp;frm=20&amp;pv=1&amp;ga_vid=2081671748.1624378012&amp;ga_sid=1694604220&amp;ga_hid=662584233&amp;ga_fc=1&amp;ga_cid=1645057597.1694081863&amp;u_tz=0&amp;u_his=5&amp;u_h=846&amp;u_w=412&amp;u_ah=846&amp;u_aw=412&amp;u_cd=24&amp;u_sd=2.625&amp;dmc=4&amp;adx=0&amp;ady=2949&amp;biw=412&amp;bih=658&amp;scr_x=0&amp;scr_y=0&amp;eid=44759926%2C44759837%2C44759875%2C31077698%2C42532402%2C31077719&amp;oid=2&amp;pvsid=707140020839217&amp;tmod=959018194&amp;uas=0&amp;nvt=1&amp;ref=https%3A%2F%2Fwww.africaguinee.com%2F&amp;fc=1920&amp;brdim=0%2C0%2C0%2C0%2C412%2C0%2C412%2C658%2C427%2C682&amp;vis=1&amp;rsz=%7C%7CeEbr%7C&amp;abl=CS&amp;pfx=0&amp;fu=1152&amp;bc=31&amp;ifi=4&amp;uci=a!4&amp;btvi=2&amp;fsb=1&amp;xpc=pfPofX2xpH&amp;p=https%3A\/\/www.africaguinee.com&amp;dtd=1569<\/ins><\/p>\n\n\n\n<p>Les tensions n\u2019ont cess\u00e9 de cro\u00eetre depuis des mois entre le CSP et la CMA d\u2019une part et la junte de l\u2019autre, faisant redouter la reprise des hostilit\u00e9s engag\u00e9es en 2012. Des insurrections ind\u00e9pendantiste et salafiste avaient alors plong\u00e9 ce pays pauvre et enclav\u00e9 dans une profonde crise s\u00e9curitaire, politique et humanitaire dont il n\u2019est toujours pas sorti.<\/p>\n\n\n\n<p>Si les groupes \u00e0 dominante touareg ont accept\u00e9 un cessez-le-feu en 2014, les jihadistes ont poursuivi le combat contre l\u2019Etat central et toute pr\u00e9sence \u00e9trang\u00e8re sous la banni\u00e8re d\u2019Al-Qa\u00efda et de l\u2019organisation Etat islamique. La propagation jihadiste a gagn\u00e9 le centre du pays, le Burkina Faso et le Niger voisins.<\/p>\n\n\n\n<p>Dans les vastes \u00e9tendues d\u00e9sertiques ou semi-d\u00e9sertiques du nord, notamment dans les r\u00e9gions de Tombouctou et Gao, les rivalit\u00e9s se sont intensifi\u00e9es ces derni\u00e8res semaines entre la multitude d\u2019acteurs arm\u00e9s se disputant le contr\u00f4le du territoire: groupes jihadistes contre arm\u00e9e malienne, groupes jihadistes entre eux, groupes arm\u00e9s touareg contre jihadistes, et groupes touareg face \u00e0 l\u2019arm\u00e9e malienne.<\/p>\n\n\n\n<p>Cette escalade co\u00efncide avec une reconfiguration s\u00e9curitaire dans le nord apr\u00e8s le d\u00e9part de la force antijihadiste fran\u00e7aise en 2022 et celui, en cours, de la mission de l\u2019ONU (Minusma), toutes deux pouss\u00e9es vers la sortie par la junte. La remise du camp de Ber, pr\u00e8s de Tombouctou, par la mission de l\u2019ONU \u00e0 l\u2019arm\u00e9e mi-ao\u00fbt a donn\u00e9 lieu \u00e0 des combats entre soldats et jihadistes, mais aussi \u00e0 des accrochages entre arm\u00e9e et CMA.<\/p>\n\n\n\n<p>La CMA n\u2019entend pas que la Minusma r\u00e9troc\u00e8de ses camps aux autorit\u00e9s maliennes. Elle estime qu\u2019en vertu des arrangements de 2014 et 2015, ces zones devraient revenir sous son contr\u00f4le. En m\u00eame temps, une double attaque jihadiste a tu\u00e9 au moins 64 civils et militaires jeudi entre Tombouctou et Gao. Une autre attaque aux voitures pi\u00e9g\u00e9es contre un camp \u00e0 Gao a tu\u00e9 une dizaine de soldats vendredi, a admis l\u2019arm\u00e9e lundi. Les jihadistes soumettent Tombouctou \u00e0 un blocus.<\/p>\n\n\n\n<p>La junte a fait du r\u00e9tablissement de la souverainet\u00e9 un de ses mantras, un objectif qui se heurte aux diff\u00e9rents groupes arm\u00e9s, qui contr\u00f4lent de vastes \u00e9tendues de territoire.<\/p>\n\n\n\n<p><strong>AFP<\/strong><\/p>\n","protected":false},"excerpt":{"rendered":"<p>https:\/\/googleads.g.doubleclick.net\/pagead\/ads?client=ca-pub-3296166907956863&amp;output=html&amp;h=343&amp;slotname=7361801848&amp;adk=3658379495&amp;adf=683863926&amp;pi=t.ma~as.7361801848&amp;w=412&amp;lmt=1694604219&amp;rafmt=1&amp;format=412&#215;343&amp;url=https%3A%2F%2Fwww.africaguinee.com%2Fnterview%2F&amp;fwr=1&amp;fwrattr=true&amp;rpe=1&amp;resp_fmts=3&amp;sfro=1&amp;wgl=1&amp;dt=1694604218584&amp;bpp=11&amp;bdt=650&amp;idt=1164&amp;shv=r20230911&amp;mjsv=m202309060101&amp;ptt=9&amp;saldr=aa&amp;abxe=1&amp;cookie=ID%3D2eac7830fc90650b-222903a128d70071%3AT%3D1661033512%3ART%3D1694604179%3AS%3DALNI_MaF6Yttl5CJiCxvRxzfdS1ytS3ESA&amp;gpic=UID%3D00000c3fd9c6209f%3AT%3D1686317941%3ART%3D1694604179%3AS%3DALNI_MYqJHDKpWlGdLo1L4e4bVLymh3idA&amp;prev_fmts=0x0&amp;nras=1&amp;correlator=6847239133344&amp;frm=20&amp;pv=1&amp;ga_vid=2081671748.1624378012&amp;ga_sid=1694604220&amp;ga_hid=662584233&amp;ga_fc=1&amp;ga_cid=1645057597.1694081863&amp;u_tz=0&amp;u_his=5&amp;u_h=846&amp;u_w=412&amp;u_ah=846&amp;u_aw=412&amp;u_cd=24&amp;u_sd=2.625&amp;dmc=4&amp;adx=0&amp;ady=66&amp;biw=412&amp;bih=658&amp;scr_x=0&amp;scr_y=0&amp;eid=44759926%2C44759837%2C44759875%2C31077698%2C42532402%2C31077719&amp;oid=2&amp;pvsid=707140020839217&amp;tmod=959018194&amp;uas=0&amp;nvt=1&amp;ref=https%3A%2F%2Fwww.africaguinee.com%2F&amp;fc=1920&amp;brdim=0%2C0%2C0%2C0%2C412%2C0%2C412%2C658%2C427%2C682&amp;vis=1&amp;rsz=%7C%7CeE%7C&amp;abl=CS&amp;pfx=0&amp;fu=1152&amp;bc=31&amp;ifi=2&amp;uci=a!2&amp;fsb=1&amp;xpc=PJLp8viwqO&amp;p=https%3A\/\/www.africaguinee.com&amp;dtd=1262 Mali : Les hostilit\u00e9s reprennent entre l\u2019arm\u00e9e et des groupes arm\u00e9s du nord\u2026 Des groupes arm\u00e9s du nord du Mali ont attaqu\u00e9 mardi l\u2019arm\u00e9e dans la ville clef de Bourem, confortant les craintes de reprise des hostilit\u00e9s avec l\u2019Etat central et de fin de l\u2019accord de paix sign\u00e9 en 2015.&nbsp;Les groupes arm\u00e9s ont indiqu\u00e9 [&hellip;]<\/p>\n","protected":false},"author":2,"featured_media":498,"comment_status":"open","ping_status":"open","sticky":false,"template":"","format":"standard","meta":{"jnews-multi-image_gallery":[],"jnews_single_post":[],"jnews_primary_category":[],"footnotes":""},"categories":[4],"tags":[],"class_list":["post-494","post","type-post","status-publish","format-standard","has-post-thumbnail","hentry","category-afrique"],"yoast_head":"<!-- This site is optimized with the Yoast SEO plugin v27.3 - https:\/\/yoast.com\/product\/yoast-seo-wordpress\/ -->\n<title>Mali : Les hostilit\u00e9s reprennent entre l\u2019arm\u00e9e et des groupes arm\u00e9s du nord\u2026 - Presseinvestigation<\/title>\n<meta name=\"robots\" content=\"index, follow, max-snippet:-1, max-image-preview:large, max-video-preview:-1\" \/>\n<link rel=\"canonical\" href=\"https:\/\/www.presseinvestigation.com\/index.php\/2023\/09\/13\/mali-les-hostilites-reprennent-entre-larmee-et-des-groupes-armes-du-nord\/\" \/>\n<meta property=\"og:locale\" content=\"fr_FR\" \/>\n<meta property=\"og:type\" content=\"article\" \/>\n<meta property=\"og:title\" content=\"Mali : Les hostilit\u00e9s reprennent entre l\u2019arm\u00e9e et des groupes arm\u00e9s du nord\u2026 - Presseinvestigation\" \/>\n<meta property=\"og:description\" content=\"https:\/\/googleads.g.doubleclick.net\/pagead\/ads?client=ca-pub-3296166907956863&amp;output=html&amp;h=343&amp;slotname=7361801848&amp;adk=3658379495&amp;adf=683863926&amp;pi=t.ma~as.7361801848&amp;w=412&amp;lmt=1694604219&amp;rafmt=1&amp;format=412&#215;343&amp;url=https%3A%2F%2Fwww.africaguinee.com%2Fnterview%2F&amp;fwr=1&amp;fwrattr=true&amp;rpe=1&amp;resp_fmts=3&amp;sfro=1&amp;wgl=1&amp;dt=1694604218584&amp;bpp=11&amp;bdt=650&amp;idt=1164&amp;shv=r20230911&amp;mjsv=m202309060101&amp;ptt=9&amp;saldr=aa&amp;abxe=1&amp;cookie=ID%3D2eac7830fc90650b-222903a128d70071%3AT%3D1661033512%3ART%3D1694604179%3AS%3DALNI_MaF6Yttl5CJiCxvRxzfdS1ytS3ESA&amp;gpic=UID%3D00000c3fd9c6209f%3AT%3D1686317941%3ART%3D1694604179%3AS%3DALNI_MYqJHDKpWlGdLo1L4e4bVLymh3idA&amp;prev_fmts=0x0&amp;nras=1&amp;correlator=6847239133344&amp;frm=20&amp;pv=1&amp;ga_vid=2081671748.1624378012&amp;ga_sid=1694604220&amp;ga_hid=662584233&amp;ga_fc=1&amp;ga_cid=1645057597.1694081863&amp;u_tz=0&amp;u_his=5&amp;u_h=846&amp;u_w=412&amp;u_ah=846&amp;u_aw=412&amp;u_cd=24&amp;u_sd=2.625&amp;dmc=4&amp;adx=0&amp;ady=66&amp;biw=412&amp;bih=658&amp;scr_x=0&amp;scr_y=0&amp;eid=44759926%2C44759837%2C44759875%2C31077698%2C42532402%2C31077719&amp;oid=2&amp;pvsid=707140020839217&amp;tmod=959018194&amp;uas=0&amp;nvt=1&amp;ref=https%3A%2F%2Fwww.africaguinee.com%2F&amp;fc=1920&amp;brdim=0%2C0%2C0%2C0%2C412%2C0%2C412%2C658%2C427%2C682&amp;vis=1&amp;rsz=%7C%7CeE%7C&amp;abl=CS&amp;pfx=0&amp;fu=1152&amp;bc=31&amp;ifi=2&amp;uci=a!2&amp;fsb=1&amp;xpc=PJLp8viwqO&amp;p=https%3A\/\/www.africaguinee.com&amp;dtd=1262 Mali : Les hostilit\u00e9s reprennent entre l\u2019arm\u00e9e et des groupes arm\u00e9s du nord\u2026 Des groupes arm\u00e9s du nord du Mali ont attaqu\u00e9 mardi l\u2019arm\u00e9e dans la ville clef de Bourem, confortant les craintes de reprise des hostilit\u00e9s avec l\u2019Etat central et de fin de l\u2019accord de paix sign\u00e9 en 2015.&nbsp;Les groupes arm\u00e9s ont indiqu\u00e9 [&hellip;]\" \/>\n<meta property=\"og:url\" content=\"https:\/\/www.presseinvestigation.com\/index.php\/2023\/09\/13\/mali-les-hostilites-reprennent-entre-larmee-et-des-groupes-armes-du-nord\/\" \/>\n<meta property=\"og:site_name\" content=\"Presseinvestigation\" \/>\n<meta property=\"article:published_time\" content=\"2023-09-13T11:30:55+00:00\" \/>\n<meta property=\"article:modified_time\" content=\"2023-09-13T11:31:47+00:00\" \/>\n<meta property=\"og:image\" content=\"https:\/\/www.presseinvestigation.com\/wp-content\/uploads\/2023\/09\/CMA-MALI-2.webp\" \/>\n\t<meta property=\"og:image:width\" content=\"732\" \/>\n\t<meta property=\"og:image:height\" content=\"419\" \/>\n\t<meta property=\"og:image:type\" content=\"image\/webp\" \/>\n<meta name=\"author\" content=\"Presseinvestigation.com\" \/>\n<meta name=\"twitter:card\" content=\"summary_large_image\" \/>\n<meta name=\"twitter:label1\" content=\"\u00c9crit par\" \/>\n\t<meta name=\"twitter:data1\" content=\"Presseinvestigation.com\" \/>\n\t<meta name=\"twitter:label2\" content=\"Dur\u00e9e de lecture estim\u00e9e\" \/>\n\t<meta name=\"twitter:data2\" content=\"8 minutes\" \/>\n<script type=\"application\/ld+json\" class=\"yoast-schema-graph\">{\"@context\":\"https:\\\/\\\/schema.org\",\"@graph\":[{\"@type\":\"Article\",\"@id\":\"https:\\\/\\\/www.presseinvestigation.com\\\/index.php\\\/2023\\\/09\\\/13\\\/mali-les-hostilites-reprennent-entre-larmee-et-des-groupes-armes-du-nord\\\/#article\",\"isPartOf\":{\"@id\":\"https:\\\/\\\/www.presseinvestigation.com\\\/index.php\\\/2023\\\/09\\\/13\\\/mali-les-hostilites-reprennent-entre-larmee-et-des-groupes-armes-du-nord\\\/\"},\"author\":{\"name\":\"Presseinvestigation.com\",\"@id\":\"https:\\\/\\\/www.presseinvestigation.com\\\/#\\\/schema\\\/person\\\/32d023733a4a9d7c3bd6883619b8f116\"},\"headline\":\"Mali : Les hostilit\u00e9s reprennent entre l\u2019arm\u00e9e et des groupes arm\u00e9s du nord\u2026\",\"datePublished\":\"2023-09-13T11:30:55+00:00\",\"dateModified\":\"2023-09-13T11:31:47+00:00\",\"mainEntityOfPage\":{\"@id\":\"https:\\\/\\\/www.presseinvestigation.com\\\/index.php\\\/2023\\\/09\\\/13\\\/mali-les-hostilites-reprennent-entre-larmee-et-des-groupes-armes-du-nord\\\/\"},\"wordCount\":1681,\"commentCount\":0,\"image\":{\"@id\":\"https:\\\/\\\/www.presseinvestigation.com\\\/index.php\\\/2023\\\/09\\\/13\\\/mali-les-hostilites-reprennent-entre-larmee-et-des-groupes-armes-du-nord\\\/#primaryimage\"},\"thumbnailUrl\":\"https:\\\/\\\/www.presseinvestigation.com\\\/wp-content\\\/uploads\\\/2023\\\/09\\\/CMA-MALI-2.webp\",\"articleSection\":[\"Afrique\"],\"inLanguage\":\"fr-FR\",\"potentialAction\":[{\"@type\":\"CommentAction\",\"name\":\"Comment\",\"target\":[\"https:\\\/\\\/www.presseinvestigation.com\\\/index.php\\\/2023\\\/09\\\/13\\\/mali-les-hostilites-reprennent-entre-larmee-et-des-groupes-armes-du-nord\\\/#respond\"]}]},{\"@type\":\"WebPage\",\"@id\":\"https:\\\/\\\/www.presseinvestigation.com\\\/index.php\\\/2023\\\/09\\\/13\\\/mali-les-hostilites-reprennent-entre-larmee-et-des-groupes-armes-du-nord\\\/\",\"url\":\"https:\\\/\\\/www.presseinvestigation.com\\\/index.php\\\/2023\\\/09\\\/13\\\/mali-les-hostilites-reprennent-entre-larmee-et-des-groupes-armes-du-nord\\\/\",\"name\":\"Mali : Les hostilit\u00e9s reprennent entre l\u2019arm\u00e9e et des groupes arm\u00e9s du nord\u2026 - Presseinvestigation\",\"isPartOf\":{\"@id\":\"https:\\\/\\\/www.presseinvestigation.com\\\/#website\"},\"primaryImageOfPage\":{\"@id\":\"https:\\\/\\\/www.presseinvestigation.com\\\/index.php\\\/2023\\\/09\\\/13\\\/mali-les-hostilites-reprennent-entre-larmee-et-des-groupes-armes-du-nord\\\/#primaryimage\"},\"image\":{\"@id\":\"https:\\\/\\\/www.presseinvestigation.com\\\/index.php\\\/2023\\\/09\\\/13\\\/mali-les-hostilites-reprennent-entre-larmee-et-des-groupes-armes-du-nord\\\/#primaryimage\"},\"thumbnailUrl\":\"https:\\\/\\\/www.presseinvestigation.com\\\/wp-content\\\/uploads\\\/2023\\\/09\\\/CMA-MALI-2.webp\",\"datePublished\":\"2023-09-13T11:30:55+00:00\",\"dateModified\":\"2023-09-13T11:31:47+00:00\",\"author\":{\"@id\":\"https:\\\/\\\/www.presseinvestigation.com\\\/#\\\/schema\\\/person\\\/32d023733a4a9d7c3bd6883619b8f116\"},\"breadcrumb\":{\"@id\":\"https:\\\/\\\/www.presseinvestigation.com\\\/index.php\\\/2023\\\/09\\\/13\\\/mali-les-hostilites-reprennent-entre-larmee-et-des-groupes-armes-du-nord\\\/#breadcrumb\"},\"inLanguage\":\"fr-FR\",\"potentialAction\":[{\"@type\":\"ReadAction\",\"target\":[\"https:\\\/\\\/www.presseinvestigation.com\\\/index.php\\\/2023\\\/09\\\/13\\\/mali-les-hostilites-reprennent-entre-larmee-et-des-groupes-armes-du-nord\\\/\"]}]},{\"@type\":\"ImageObject\",\"inLanguage\":\"fr-FR\",\"@id\":\"https:\\\/\\\/www.presseinvestigation.com\\\/index.php\\\/2023\\\/09\\\/13\\\/mali-les-hostilites-reprennent-entre-larmee-et-des-groupes-armes-du-nord\\\/#primaryimage\",\"url\":\"https:\\\/\\\/www.presseinvestigation.com\\\/wp-content\\\/uploads\\\/2023\\\/09\\\/CMA-MALI-2.webp\",\"contentUrl\":\"https:\\\/\\\/www.presseinvestigation.com\\\/wp-content\\\/uploads\\\/2023\\\/09\\\/CMA-MALI-2.webp\",\"width\":732,\"height\":419},{\"@type\":\"BreadcrumbList\",\"@id\":\"https:\\\/\\\/www.presseinvestigation.com\\\/index.php\\\/2023\\\/09\\\/13\\\/mali-les-hostilites-reprennent-entre-larmee-et-des-groupes-armes-du-nord\\\/#breadcrumb\",\"itemListElement\":[{\"@type\":\"ListItem\",\"position\":1,\"name\":\"Accueil\",\"item\":\"https:\\\/\\\/www.presseinvestigation.com\\\/\"},{\"@type\":\"ListItem\",\"position\":2,\"name\":\"Mali : Les hostilit\u00e9s reprennent entre l\u2019arm\u00e9e et des groupes arm\u00e9s du nord\u2026\"}]},{\"@type\":\"WebSite\",\"@id\":\"https:\\\/\\\/www.presseinvestigation.com\\\/#website\",\"url\":\"https:\\\/\\\/www.presseinvestigation.com\\\/\",\"name\":\"Presseinvestigation\",\"description\":\"Informer dans l&#039;impartialit\u00e9\",\"potentialAction\":[{\"@type\":\"SearchAction\",\"target\":{\"@type\":\"EntryPoint\",\"urlTemplate\":\"https:\\\/\\\/www.presseinvestigation.com\\\/?s={search_term_string}\"},\"query-input\":{\"@type\":\"PropertyValueSpecification\",\"valueRequired\":true,\"valueName\":\"search_term_string\"}}],\"inLanguage\":\"fr-FR\"},{\"@type\":\"Person\",\"@id\":\"https:\\\/\\\/www.presseinvestigation.com\\\/#\\\/schema\\\/person\\\/32d023733a4a9d7c3bd6883619b8f116\",\"name\":\"Presseinvestigation.com\",\"image\":{\"@type\":\"ImageObject\",\"inLanguage\":\"fr-FR\",\"@id\":\"https:\\\/\\\/secure.gravatar.com\\\/avatar\\\/26f9c9e95424b0bde739ba0af37ee39a9e4a9e809967422c5b8e8573a34fbbe0?s=96&d=mm&r=g\",\"url\":\"https:\\\/\\\/secure.gravatar.com\\\/avatar\\\/26f9c9e95424b0bde739ba0af37ee39a9e4a9e809967422c5b8e8573a34fbbe0?s=96&d=mm&r=g\",\"contentUrl\":\"https:\\\/\\\/secure.gravatar.com\\\/avatar\\\/26f9c9e95424b0bde739ba0af37ee39a9e4a9e809967422c5b8e8573a34fbbe0?s=96&d=mm&r=g\",\"caption\":\"Presseinvestigation.com\"},\"url\":\"https:\\\/\\\/www.presseinvestigation.com\\\/index.php\\\/author\\\/toumany\\\/\"}]}<\/script>\n<!-- \/ Yoast SEO plugin. -->","yoast_head_json":{"title":"Mali : Les hostilit\u00e9s reprennent entre l\u2019arm\u00e9e et des groupes arm\u00e9s du nord\u2026 - Presseinvestigation","robots":{"index":"index","follow":"follow","max-snippet":"max-snippet:-1","max-image-preview":"max-image-preview:large","max-video-preview":"max-video-preview:-1"},"canonical":"https:\/\/www.presseinvestigation.com\/index.php\/2023\/09\/13\/mali-les-hostilites-reprennent-entre-larmee-et-des-groupes-armes-du-nord\/","og_locale":"fr_FR","og_type":"article","og_title":"Mali : Les hostilit\u00e9s reprennent entre l\u2019arm\u00e9e et des groupes arm\u00e9s du nord\u2026 - Presseinvestigation","og_description":"https:\/\/googleads.g.doubleclick.net\/pagead\/ads?client=ca-pub-3296166907956863&amp;output=html&amp;h=343&amp;slotname=7361801848&amp;adk=3658379495&amp;adf=683863926&amp;pi=t.ma~as.7361801848&amp;w=412&amp;lmt=1694604219&amp;rafmt=1&amp;format=412&#215;343&amp;url=https%3A%2F%2Fwww.africaguinee.com%2Fnterview%2F&amp;fwr=1&amp;fwrattr=true&amp;rpe=1&amp;resp_fmts=3&amp;sfro=1&amp;wgl=1&amp;dt=1694604218584&amp;bpp=11&amp;bdt=650&amp;idt=1164&amp;shv=r20230911&amp;mjsv=m202309060101&amp;ptt=9&amp;saldr=aa&amp;abxe=1&amp;cookie=ID%3D2eac7830fc90650b-222903a128d70071%3AT%3D1661033512%3ART%3D1694604179%3AS%3DALNI_MaF6Yttl5CJiCxvRxzfdS1ytS3ESA&amp;gpic=UID%3D00000c3fd9c6209f%3AT%3D1686317941%3ART%3D1694604179%3AS%3DALNI_MYqJHDKpWlGdLo1L4e4bVLymh3idA&amp;prev_fmts=0x0&amp;nras=1&amp;correlator=6847239133344&amp;frm=20&amp;pv=1&amp;ga_vid=2081671748.1624378012&amp;ga_sid=1694604220&amp;ga_hid=662584233&amp;ga_fc=1&amp;ga_cid=1645057597.1694081863&amp;u_tz=0&amp;u_his=5&amp;u_h=846&amp;u_w=412&amp;u_ah=846&amp;u_aw=412&amp;u_cd=24&amp;u_sd=2.625&amp;dmc=4&amp;adx=0&amp;ady=66&amp;biw=412&amp;bih=658&amp;scr_x=0&amp;scr_y=0&amp;eid=44759926%2C44759837%2C44759875%2C31077698%2C42532402%2C31077719&amp;oid=2&amp;pvsid=707140020839217&amp;tmod=959018194&amp;uas=0&amp;nvt=1&amp;ref=https%3A%2F%2Fwww.africaguinee.com%2F&amp;fc=1920&amp;brdim=0%2C0%2C0%2C0%2C412%2C0%2C412%2C658%2C427%2C682&amp;vis=1&amp;rsz=%7C%7CeE%7C&amp;abl=CS&amp;pfx=0&amp;fu=1152&amp;bc=31&amp;ifi=2&amp;uci=a!2&amp;fsb=1&amp;xpc=PJLp8viwqO&amp;p=https%3A\/\/www.africaguinee.com&amp;dtd=1262 Mali : Les hostilit\u00e9s reprennent entre l\u2019arm\u00e9e et des groupes arm\u00e9s du nord\u2026 Des groupes arm\u00e9s du nord du Mali ont attaqu\u00e9 mardi l\u2019arm\u00e9e dans la ville clef de Bourem, confortant les craintes de reprise des hostilit\u00e9s avec l\u2019Etat central et de fin de l\u2019accord de paix sign\u00e9 en 2015.&nbsp;Les groupes arm\u00e9s ont indiqu\u00e9 [&hellip;]","og_url":"https:\/\/www.presseinvestigation.com\/index.php\/2023\/09\/13\/mali-les-hostilites-reprennent-entre-larmee-et-des-groupes-armes-du-nord\/","og_site_name":"Presseinvestigation","article_published_time":"2023-09-13T11:30:55+00:00","article_modified_time":"2023-09-13T11:31:47+00:00","og_image":[{"width":732,"height":419,"url":"https:\/\/www.presseinvestigation.com\/wp-content\/uploads\/2023\/09\/CMA-MALI-2.webp","type":"image\/webp"}],"author":"Presseinvestigation.com","twitter_card":"summary_large_image","twitter_misc":{"\u00c9crit par":"Presseinvestigation.com","Dur\u00e9e de lecture estim\u00e9e":"8 minutes"},"schema":{"@context":"https:\/\/schema.org","@graph":[{"@type":"Article","@id":"https:\/\/www.presseinvestigation.com\/index.php\/2023\/09\/13\/mali-les-hostilites-reprennent-entre-larmee-et-des-groupes-armes-du-nord\/#article","isPartOf":{"@id":"https:\/\/www.presseinvestigation.com\/index.php\/2023\/09\/13\/mali-les-hostilites-reprennent-entre-larmee-et-des-groupes-armes-du-nord\/"},"author":{"name":"Presseinvestigation.com","@id":"https:\/\/www.presseinvestigation.com\/#\/schema\/person\/32d023733a4a9d7c3bd6883619b8f116"},"headline":"Mali : Les hostilit\u00e9s reprennent entre l\u2019arm\u00e9e et des groupes arm\u00e9s du nord\u2026","datePublished":"2023-09-13T11:30:55+00:00","dateModified":"2023-09-13T11:31:47+00:00","mainEntityOfPage":{"@id":"https:\/\/www.presseinvestigation.com\/index.php\/2023\/09\/13\/mali-les-hostilites-reprennent-entre-larmee-et-des-groupes-armes-du-nord\/"},"wordCount":1681,"commentCount":0,"image":{"@id":"https:\/\/www.presseinvestigation.com\/index.php\/2023\/09\/13\/mali-les-hostilites-reprennent-entre-larmee-et-des-groupes-armes-du-nord\/#primaryimage"},"thumbnailUrl":"https:\/\/www.presseinvestigation.com\/wp-content\/uploads\/2023\/09\/CMA-MALI-2.webp","articleSection":["Afrique"],"inLanguage":"fr-FR","potentialAction":[{"@type":"CommentAction","name":"Comment","target":["https:\/\/www.presseinvestigation.com\/index.php\/2023\/09\/13\/mali-les-hostilites-reprennent-entre-larmee-et-des-groupes-armes-du-nord\/#respond"]}]},{"@type":"WebPage","@id":"https:\/\/www.presseinvestigation.com\/index.php\/2023\/09\/13\/mali-les-hostilites-reprennent-entre-larmee-et-des-groupes-armes-du-nord\/","url":"https:\/\/www.presseinvestigation.com\/index.php\/2023\/09\/13\/mali-les-hostilites-reprennent-entre-larmee-et-des-groupes-armes-du-nord\/","name":"Mali : Les hostilit\u00e9s reprennent entre l\u2019arm\u00e9e et des groupes arm\u00e9s du nord\u2026 - Presseinvestigation","isPartOf":{"@id":"https:\/\/www.presseinvestigation.com\/#website"},"primaryImageOfPage":{"@id":"https:\/\/www.presseinvestigation.com\/index.php\/2023\/09\/13\/mali-les-hostilites-reprennent-entre-larmee-et-des-groupes-armes-du-nord\/#primaryimage"},"image":{"@id":"https:\/\/www.presseinvestigation.com\/index.php\/2023\/09\/13\/mali-les-hostilites-reprennent-entre-larmee-et-des-groupes-armes-du-nord\/#primaryimage"},"thumbnailUrl":"https:\/\/www.presseinvestigation.com\/wp-content\/uploads\/2023\/09\/CMA-MALI-2.webp","datePublished":"2023-09-13T11:30:55+00:00","dateModified":"2023-09-13T11:31:47+00:00","author":{"@id":"https:\/\/www.presseinvestigation.com\/#\/schema\/person\/32d023733a4a9d7c3bd6883619b8f116"},"breadcrumb":{"@id":"https:\/\/www.presseinvestigation.com\/index.php\/2023\/09\/13\/mali-les-hostilites-reprennent-entre-larmee-et-des-groupes-armes-du-nord\/#breadcrumb"},"inLanguage":"fr-FR","potentialAction":[{"@type":"ReadAction","target":["https:\/\/www.presseinvestigation.com\/index.php\/2023\/09\/13\/mali-les-hostilites-reprennent-entre-larmee-et-des-groupes-armes-du-nord\/"]}]},{"@type":"ImageObject","inLanguage":"fr-FR","@id":"https:\/\/www.presseinvestigation.com\/index.php\/2023\/09\/13\/mali-les-hostilites-reprennent-entre-larmee-et-des-groupes-armes-du-nord\/#primaryimage","url":"https:\/\/www.presseinvestigation.com\/wp-content\/uploads\/2023\/09\/CMA-MALI-2.webp","contentUrl":"https:\/\/www.presseinvestigation.com\/wp-content\/uploads\/2023\/09\/CMA-MALI-2.webp","width":732,"height":419},{"@type":"BreadcrumbList","@id":"https:\/\/www.presseinvestigation.com\/index.php\/2023\/09\/13\/mali-les-hostilites-reprennent-entre-larmee-et-des-groupes-armes-du-nord\/#breadcrumb","itemListElement":[{"@type":"ListItem","position":1,"name":"Accueil","item":"https:\/\/www.presseinvestigation.com\/"},{"@type":"ListItem","position":2,"name":"Mali : Les hostilit\u00e9s reprennent entre l\u2019arm\u00e9e et des groupes arm\u00e9s du nord\u2026"}]},{"@type":"WebSite","@id":"https:\/\/www.presseinvestigation.com\/#website","url":"https:\/\/www.presseinvestigation.com\/","name":"Presseinvestigation","description":"Informer dans l&#039;impartialit\u00e9","potentialAction":[{"@type":"SearchAction","target":{"@type":"EntryPoint","urlTemplate":"https:\/\/www.presseinvestigation.com\/?s={search_term_string}"},"query-input":{"@type":"PropertyValueSpecification","valueRequired":true,"valueName":"search_term_string"}}],"inLanguage":"fr-FR"},{"@type":"Person","@id":"https:\/\/www.presseinvestigation.com\/#\/schema\/person\/32d023733a4a9d7c3bd6883619b8f116","name":"Presseinvestigation.com","image":{"@type":"ImageObject","inLanguage":"fr-FR","@id":"https:\/\/secure.gravatar.com\/avatar\/26f9c9e95424b0bde739ba0af37ee39a9e4a9e809967422c5b8e8573a34fbbe0?s=96&d=mm&r=g","url":"https:\/\/secure.gravatar.com\/avatar\/26f9c9e95424b0bde739ba0af37ee39a9e4a9e809967422c5b8e8573a34fbbe0?s=96&d=mm&r=g","contentUrl":"https:\/\/secure.gravatar.com\/avatar\/26f9c9e95424b0bde739ba0af37ee39a9e4a9e809967422c5b8e8573a34fbbe0?s=96&d=mm&r=g","caption":"Presseinvestigation.com"},"url":"https:\/\/www.presseinvestigation.com\/index.php\/author\/toumany\/"}]}},"_links":{"self":[{"href":"https:\/\/www.presseinvestigation.com\/index.php\/wp-json\/wp\/v2\/posts\/494","targetHints":{"allow":["GET"]}}],"collection":[{"href":"https:\/\/www.presseinvestigation.com\/index.php\/wp-json\/wp\/v2\/posts"}],"about":[{"href":"https:\/\/www.presseinvestigation.com\/index.php\/wp-json\/wp\/v2\/types\/post"}],"author":[{"embeddable":true,"href":"https:\/\/www.presseinvestigation.com\/index.php\/wp-json\/wp\/v2\/users\/2"}],"replies":[{"embeddable":true,"href":"https:\/\/www.presseinvestigation.com\/index.php\/wp-json\/wp\/v2\/comments?post=494"}],"version-history":[{"count":2,"href":"https:\/\/www.presseinvestigation.com\/index.php\/wp-json\/wp\/v2\/posts\/494\/revisions"}],"predecessor-version":[{"id":499,"href":"https:\/\/www.presseinvestigation.com\/index.php\/wp-json\/wp\/v2\/posts\/494\/revisions\/499"}],"wp:featuredmedia":[{"embeddable":true,"href":"https:\/\/www.presseinvestigation.com\/index.php\/wp-json\/wp\/v2\/media\/498"}],"wp:attachment":[{"href":"https:\/\/www.presseinvestigation.com\/index.php\/wp-json\/wp\/v2\/media?parent=494"}],"wp:term":[{"taxonomy":"category","embeddable":true,"href":"https:\/\/www.presseinvestigation.com\/index.php\/wp-json\/wp\/v2\/categories?post=494"},{"taxonomy":"post_tag","embeddable":true,"href":"https:\/\/www.presseinvestigation.com\/index.php\/wp-json\/wp\/v2\/tags?post=494"}],"curies":[{"name":"wp","href":"https:\/\/api.w.org\/{rel}","templated":true}]}}