{"id":504,"date":"2023-09-15T12:43:47","date_gmt":"2023-09-15T10:43:47","guid":{"rendered":"https:\/\/www.presseinvestigation.com\/?p=504"},"modified":"2023-09-15T12:44:35","modified_gmt":"2023-09-15T10:44:35","slug":"hopital-ignace-deen-mafac-fait-un-don-a-la-maternite","status":"publish","type":"post","link":"https:\/\/www.presseinvestigation.com\/index.php\/2023\/09\/15\/hopital-ignace-deen-mafac-fait-un-don-a-la-maternite\/","title":{"rendered":"H\u00f4pital Ignace Deen\u00a0: MAFAC fait un don \u00e0 la Maternit\u00e9"},"content":{"rendered":"\n<p>La Fondation Makongo Family Charlity(MAFAC) a fait un don ce jeudi 14 septembre 2023 \u00e0 la maternit\u00e9 de l\u2019h\u00f4pital Ignace Deen de Conakry. <\/p>\n\n\n\n<p>Ce don essentiellement destin\u00e9 aux hospitalis\u00e9s dans cette maternit\u00e9, est compos\u00e9 de vivres pour les b\u00e9b\u00e9s (lait, ovaltine, c\u00e9r\u00e9lac\u2026),de coton hygi\u00e9nique, des panpesses des b\u00e9b\u00e9s, des bidons d\u2019eau min\u00e9rale, de quelques poubelles pour la maternit\u00e9,entre autres.<\/p>\n\n\n\n<figure class=\"wp-block-image size-large\"><img fetchpriority=\"high\" decoding=\"async\" width=\"800\" height=\"426\" src=\"https:\/\/www.presseinvestigation.com\/wp-content\/uploads\/2023\/09\/hopital-maternite-IGNACE-DEEN_5caf7a90abe65.jpg\" alt=\"\" class=\"wp-image-501\" srcset=\"https:\/\/www.presseinvestigation.com\/wp-content\/uploads\/2023\/09\/hopital-maternite-IGNACE-DEEN_5caf7a90abe65.jpg 800w, https:\/\/www.presseinvestigation.com\/wp-content\/uploads\/2023\/09\/hopital-maternite-IGNACE-DEEN_5caf7a90abe65-300x160.jpg 300w, https:\/\/www.presseinvestigation.com\/wp-content\/uploads\/2023\/09\/hopital-maternite-IGNACE-DEEN_5caf7a90abe65-768x409.jpg 768w, https:\/\/www.presseinvestigation.com\/wp-content\/uploads\/2023\/09\/hopital-maternite-IGNACE-DEEN_5caf7a90abe65-600x320.jpg 600w, https:\/\/www.presseinvestigation.com\/wp-content\/uploads\/2023\/09\/hopital-maternite-IGNACE-DEEN_5caf7a90abe65-750x399.jpg 750w\" sizes=\"(max-width: 800px) 100vw, 800px\" \/><figcaption class=\"wp-element-caption\">Image d&#8217;archives<\/figcaption><\/figure>\n\n\n\n<p>Accompagn\u00e9 de son equipe,pr\u00e9sident de la Fondation MAFAC, Dr David MAKONGO a proc\u00e9d\u00e9 \u00e0 la remise de ce don aux b\u00e9n\u00e9ficiaires dans les locaux de la maternit\u00e9. <\/p>\n\n\n\n<p>Selon le PDG de de la Fondation MAFAC, ce geste s\u2019inscrit dans le cadre du partenariat qu\u2019il a nou\u00e9 avec cet H\u00f4pital, dans le but d\u2019Encourager les m\u00e9decins et les malades.<\/p>\n\n\n\n<p>\u00ab\u00a0On a d\u00e9cid\u00e9 aujourd\u2019hui de venir \u00e0 l\u2019h\u00f4pital Ignace Deen, pour encourager les m\u00e9decins et encourager aussi les malades.Ce geste humanitaire est symbolique mais, il faut l\u2019accepter avec votre c\u0153ur. Et si on avait mieux, on pouvait faire mieux. La fondation va continuer \u00e0 penser \u00e0 vous, pour vous soutenir et encourager.Que Dieu nous b\u00e9nisse et nous prot\u00e8ge tous\u00a0\u00bb a d\u00e9clar\u00e9 Dr David MAKONGO<\/p>\n\n\n\n<p>Les responsables de l\u2019h\u00f4pital Ignace Deen ainsi que tous les malades b\u00e9n\u00e9ficiaires ont manifest\u00e9 leur satisfaction, du soutien de la Fondation MAFAC \u00e0 leur endroit. Tous ont fait des b\u00e9n\u00e9dictions pour que Dieu accorde la r\u00e9ussite totale \u00e0 tous les projets que Dr David MAKONGO entereprenne en Guin\u00e9e.<\/p>\n\n\n\n<p>Toumany CAMARA, pour presseinvestigation.com<\/p>\n\n\n\n<p>T\u00e9l\u00a0: 623-63-33-54<\/p>\n\n\n\n<figure class=\"wp-block-image size-large\"><img decoding=\"async\" width=\"300\" height=\"168\" src=\"https:\/\/www.presseinvestigation.com\/wp-content\/uploads\/2023\/09\/images-9-2.jpg\" alt=\"\" class=\"wp-image-503\"><\/figure>\n\n\n\n<figure class=\"wp-block-image size-large\"><img decoding=\"async\" width=\"300\" height=\"168\" src=\"https:\/\/www.presseinvestigation.com\/wp-content\/uploads\/2023\/09\/images-9-1.jpg\" alt=\"\" class=\"wp-image-502\"\/><\/figure>\n","protected":false},"excerpt":{"rendered":"<p>La Fondation Makongo Family Charlity(MAFAC) a fait un don ce jeudi 14 septembre 2023 \u00e0 la maternit\u00e9 de l\u2019h\u00f4pital Ignace Deen de Conakry. Ce don essentiellement destin\u00e9 aux hospitalis\u00e9s dans cette maternit\u00e9, est compos\u00e9 de vivres pour les b\u00e9b\u00e9s (lait, ovaltine, c\u00e9r\u00e9lac\u2026),de coton hygi\u00e9nique, des panpesses des b\u00e9b\u00e9s, des bidons d\u2019eau min\u00e9rale, de quelques poubelles [&hellip;]<\/p>\n","protected":false},"author":2,"featured_media":500,"comment_status":"open","ping_status":"open","sticky":false,"template":"","format":"standard","meta":{"jnews-multi-image_gallery":[],"jnews_single_post":[],"jnews_primary_category":[],"footnotes":""},"categories":[64],"tags":[],"class_list":["post-504","post","type-post","status-publish","format-standard","has-post-thumbnail","hentry","category-societe"],"yoast_head":"<!-- This site is optimized with the Yoast SEO plugin v27.3 - https:\/\/yoast.com\/product\/yoast-seo-wordpress\/ -->\n<title>H\u00f4pital Ignace Deen\u00a0: MAFAC fait un don \u00e0 la Maternit\u00e9 - Presseinvestigation<\/title>\n<meta name=\"robots\" content=\"index, follow, max-snippet:-1, max-image-preview:large, max-video-preview:-1\" \/>\n<link rel=\"canonical\" href=\"https:\/\/www.presseinvestigation.com\/index.php\/2023\/09\/15\/hopital-ignace-deen-mafac-fait-un-don-a-la-maternite\/\" \/>\n<meta property=\"og:locale\" content=\"fr_FR\" \/>\n<meta property=\"og:type\" content=\"article\" \/>\n<meta property=\"og:title\" content=\"H\u00f4pital Ignace Deen\u00a0: MAFAC fait un don \u00e0 la Maternit\u00e9 - Presseinvestigation\" \/>\n<meta property=\"og:description\" content=\"La Fondation Makongo Family Charlity(MAFAC) a fait un don ce jeudi 14 septembre 2023 \u00e0 la maternit\u00e9 de l\u2019h\u00f4pital Ignace Deen de Conakry. Ce don essentiellement destin\u00e9 aux hospitalis\u00e9s dans cette maternit\u00e9, est compos\u00e9 de vivres pour les b\u00e9b\u00e9s (lait, ovaltine, c\u00e9r\u00e9lac\u2026),de coton hygi\u00e9nique, des panpesses des b\u00e9b\u00e9s, des bidons d\u2019eau min\u00e9rale, de quelques poubelles [&hellip;]\" \/>\n<meta property=\"og:url\" content=\"https:\/\/www.presseinvestigation.com\/index.php\/2023\/09\/15\/hopital-ignace-deen-mafac-fait-un-don-a-la-maternite\/\" \/>\n<meta property=\"og:site_name\" content=\"Presseinvestigation\" \/>\n<meta property=\"article:published_time\" content=\"2023-09-15T10:43:47+00:00\" \/>\n<meta property=\"article:modified_time\" content=\"2023-09-15T10:44:35+00:00\" \/>\n<meta property=\"og:image\" content=\"https:\/\/www.presseinvestigation.com\/wp-content\/uploads\/2023\/09\/images-9.jpg\" \/>\n\t<meta property=\"og:image:width\" content=\"300\" \/>\n\t<meta property=\"og:image:height\" content=\"168\" \/>\n\t<meta property=\"og:image:type\" content=\"image\/jpeg\" \/>\n<meta name=\"author\" content=\"Presseinvestigation.com\" \/>\n<meta name=\"twitter:card\" content=\"summary_large_image\" \/>\n<meta name=\"twitter:label1\" content=\"\u00c9crit par\" \/>\n\t<meta name=\"twitter:data1\" content=\"Presseinvestigation.com\" \/>\n\t<meta name=\"twitter:label2\" content=\"Dur\u00e9e de lecture estim\u00e9e\" \/>\n\t<meta name=\"twitter:data2\" content=\"1 minute\" \/>\n<script type=\"application\/ld+json\" class=\"yoast-schema-graph\">{\"@context\":\"https:\\\/\\\/schema.org\",\"@graph\":[{\"@type\":\"Article\",\"@id\":\"https:\\\/\\\/www.presseinvestigation.com\\\/index.php\\\/2023\\\/09\\\/15\\\/hopital-ignace-deen-mafac-fait-un-don-a-la-maternite\\\/#article\",\"isPartOf\":{\"@id\":\"https:\\\/\\\/www.presseinvestigation.com\\\/index.php\\\/2023\\\/09\\\/15\\\/hopital-ignace-deen-mafac-fait-un-don-a-la-maternite\\\/\"},\"author\":{\"name\":\"Presseinvestigation.com\",\"@id\":\"https:\\\/\\\/www.presseinvestigation.com\\\/#\\\/schema\\\/person\\\/32d023733a4a9d7c3bd6883619b8f116\"},\"headline\":\"H\u00f4pital Ignace Deen\u00a0: MAFAC fait un don \u00e0 la Maternit\u00e9\",\"datePublished\":\"2023-09-15T10:43:47+00:00\",\"dateModified\":\"2023-09-15T10:44:35+00:00\",\"mainEntityOfPage\":{\"@id\":\"https:\\\/\\\/www.presseinvestigation.com\\\/index.php\\\/2023\\\/09\\\/15\\\/hopital-ignace-deen-mafac-fait-un-don-a-la-maternite\\\/\"},\"wordCount\":288,\"commentCount\":0,\"image\":{\"@id\":\"https:\\\/\\\/www.presseinvestigation.com\\\/index.php\\\/2023\\\/09\\\/15\\\/hopital-ignace-deen-mafac-fait-un-don-a-la-maternite\\\/#primaryimage\"},\"thumbnailUrl\":\"https:\\\/\\\/www.presseinvestigation.com\\\/wp-content\\\/uploads\\\/2023\\\/09\\\/images-9.jpg\",\"articleSection\":[\"Soci\u00e9t\u00e9\"],\"inLanguage\":\"fr-FR\",\"potentialAction\":[{\"@type\":\"CommentAction\",\"name\":\"Comment\",\"target\":[\"https:\\\/\\\/www.presseinvestigation.com\\\/index.php\\\/2023\\\/09\\\/15\\\/hopital-ignace-deen-mafac-fait-un-don-a-la-maternite\\\/#respond\"]}]},{\"@type\":\"WebPage\",\"@id\":\"https:\\\/\\\/www.presseinvestigation.com\\\/index.php\\\/2023\\\/09\\\/15\\\/hopital-ignace-deen-mafac-fait-un-don-a-la-maternite\\\/\",\"url\":\"https:\\\/\\\/www.presseinvestigation.com\\\/index.php\\\/2023\\\/09\\\/15\\\/hopital-ignace-deen-mafac-fait-un-don-a-la-maternite\\\/\",\"name\":\"H\u00f4pital Ignace Deen\u00a0: MAFAC fait un don \u00e0 la Maternit\u00e9 - Presseinvestigation\",\"isPartOf\":{\"@id\":\"https:\\\/\\\/www.presseinvestigation.com\\\/#website\"},\"primaryImageOfPage\":{\"@id\":\"https:\\\/\\\/www.presseinvestigation.com\\\/index.php\\\/2023\\\/09\\\/15\\\/hopital-ignace-deen-mafac-fait-un-don-a-la-maternite\\\/#primaryimage\"},\"image\":{\"@id\":\"https:\\\/\\\/www.presseinvestigation.com\\\/index.php\\\/2023\\\/09\\\/15\\\/hopital-ignace-deen-mafac-fait-un-don-a-la-maternite\\\/#primaryimage\"},\"thumbnailUrl\":\"https:\\\/\\\/www.presseinvestigation.com\\\/wp-content\\\/uploads\\\/2023\\\/09\\\/images-9.jpg\",\"datePublished\":\"2023-09-15T10:43:47+00:00\",\"dateModified\":\"2023-09-15T10:44:35+00:00\",\"author\":{\"@id\":\"https:\\\/\\\/www.presseinvestigation.com\\\/#\\\/schema\\\/person\\\/32d023733a4a9d7c3bd6883619b8f116\"},\"breadcrumb\":{\"@id\":\"https:\\\/\\\/www.presseinvestigation.com\\\/index.php\\\/2023\\\/09\\\/15\\\/hopital-ignace-deen-mafac-fait-un-don-a-la-maternite\\\/#breadcrumb\"},\"inLanguage\":\"fr-FR\",\"potentialAction\":[{\"@type\":\"ReadAction\",\"target\":[\"https:\\\/\\\/www.presseinvestigation.com\\\/index.php\\\/2023\\\/09\\\/15\\\/hopital-ignace-deen-mafac-fait-un-don-a-la-maternite\\\/\"]}]},{\"@type\":\"ImageObject\",\"inLanguage\":\"fr-FR\",\"@id\":\"https:\\\/\\\/www.presseinvestigation.com\\\/index.php\\\/2023\\\/09\\\/15\\\/hopital-ignace-deen-mafac-fait-un-don-a-la-maternite\\\/#primaryimage\",\"url\":\"https:\\\/\\\/www.presseinvestigation.com\\\/wp-content\\\/uploads\\\/2023\\\/09\\\/images-9.jpg\",\"contentUrl\":\"https:\\\/\\\/www.presseinvestigation.com\\\/wp-content\\\/uploads\\\/2023\\\/09\\\/images-9.jpg\",\"width\":300,\"height\":168},{\"@type\":\"BreadcrumbList\",\"@id\":\"https:\\\/\\\/www.presseinvestigation.com\\\/index.php\\\/2023\\\/09\\\/15\\\/hopital-ignace-deen-mafac-fait-un-don-a-la-maternite\\\/#breadcrumb\",\"itemListElement\":[{\"@type\":\"ListItem\",\"position\":1,\"name\":\"Accueil\",\"item\":\"https:\\\/\\\/www.presseinvestigation.com\\\/\"},{\"@type\":\"ListItem\",\"position\":2,\"name\":\"H\u00f4pital Ignace Deen\u00a0: MAFAC fait un don \u00e0 la Maternit\u00e9\"}]},{\"@type\":\"WebSite\",\"@id\":\"https:\\\/\\\/www.presseinvestigation.com\\\/#website\",\"url\":\"https:\\\/\\\/www.presseinvestigation.com\\\/\",\"name\":\"Presseinvestigation\",\"description\":\"Informer dans l&#039;impartialit\u00e9\",\"potentialAction\":[{\"@type\":\"SearchAction\",\"target\":{\"@type\":\"EntryPoint\",\"urlTemplate\":\"https:\\\/\\\/www.presseinvestigation.com\\\/?s={search_term_string}\"},\"query-input\":{\"@type\":\"PropertyValueSpecification\",\"valueRequired\":true,\"valueName\":\"search_term_string\"}}],\"inLanguage\":\"fr-FR\"},{\"@type\":\"Person\",\"@id\":\"https:\\\/\\\/www.presseinvestigation.com\\\/#\\\/schema\\\/person\\\/32d023733a4a9d7c3bd6883619b8f116\",\"name\":\"Presseinvestigation.com\",\"image\":{\"@type\":\"ImageObject\",\"inLanguage\":\"fr-FR\",\"@id\":\"https:\\\/\\\/secure.gravatar.com\\\/avatar\\\/26f9c9e95424b0bde739ba0af37ee39a9e4a9e809967422c5b8e8573a34fbbe0?s=96&d=mm&r=g\",\"url\":\"https:\\\/\\\/secure.gravatar.com\\\/avatar\\\/26f9c9e95424b0bde739ba0af37ee39a9e4a9e809967422c5b8e8573a34fbbe0?s=96&d=mm&r=g\",\"contentUrl\":\"https:\\\/\\\/secure.gravatar.com\\\/avatar\\\/26f9c9e95424b0bde739ba0af37ee39a9e4a9e809967422c5b8e8573a34fbbe0?s=96&d=mm&r=g\",\"caption\":\"Presseinvestigation.com\"},\"url\":\"https:\\\/\\\/www.presseinvestigation.com\\\/index.php\\\/author\\\/toumany\\\/\"}]}<\/script>\n<!-- \/ Yoast SEO plugin. -->","yoast_head_json":{"title":"H\u00f4pital Ignace Deen\u00a0: MAFAC fait un don \u00e0 la Maternit\u00e9 - Presseinvestigation","robots":{"index":"index","follow":"follow","max-snippet":"max-snippet:-1","max-image-preview":"max-image-preview:large","max-video-preview":"max-video-preview:-1"},"canonical":"https:\/\/www.presseinvestigation.com\/index.php\/2023\/09\/15\/hopital-ignace-deen-mafac-fait-un-don-a-la-maternite\/","og_locale":"fr_FR","og_type":"article","og_title":"H\u00f4pital Ignace Deen\u00a0: MAFAC fait un don \u00e0 la Maternit\u00e9 - Presseinvestigation","og_description":"La Fondation Makongo Family Charlity(MAFAC) a fait un don ce jeudi 14 septembre 2023 \u00e0 la maternit\u00e9 de l\u2019h\u00f4pital Ignace Deen de Conakry. Ce don essentiellement destin\u00e9 aux hospitalis\u00e9s dans cette maternit\u00e9, est compos\u00e9 de vivres pour les b\u00e9b\u00e9s (lait, ovaltine, c\u00e9r\u00e9lac\u2026),de coton hygi\u00e9nique, des panpesses des b\u00e9b\u00e9s, des bidons d\u2019eau min\u00e9rale, de quelques poubelles [&hellip;]","og_url":"https:\/\/www.presseinvestigation.com\/index.php\/2023\/09\/15\/hopital-ignace-deen-mafac-fait-un-don-a-la-maternite\/","og_site_name":"Presseinvestigation","article_published_time":"2023-09-15T10:43:47+00:00","article_modified_time":"2023-09-15T10:44:35+00:00","og_image":[{"width":300,"height":168,"url":"https:\/\/www.presseinvestigation.com\/wp-content\/uploads\/2023\/09\/images-9.jpg","type":"image\/jpeg"}],"author":"Presseinvestigation.com","twitter_card":"summary_large_image","twitter_misc":{"\u00c9crit par":"Presseinvestigation.com","Dur\u00e9e de lecture estim\u00e9e":"1 minute"},"schema":{"@context":"https:\/\/schema.org","@graph":[{"@type":"Article","@id":"https:\/\/www.presseinvestigation.com\/index.php\/2023\/09\/15\/hopital-ignace-deen-mafac-fait-un-don-a-la-maternite\/#article","isPartOf":{"@id":"https:\/\/www.presseinvestigation.com\/index.php\/2023\/09\/15\/hopital-ignace-deen-mafac-fait-un-don-a-la-maternite\/"},"author":{"name":"Presseinvestigation.com","@id":"https:\/\/www.presseinvestigation.com\/#\/schema\/person\/32d023733a4a9d7c3bd6883619b8f116"},"headline":"H\u00f4pital Ignace Deen\u00a0: MAFAC fait un don \u00e0 la Maternit\u00e9","datePublished":"2023-09-15T10:43:47+00:00","dateModified":"2023-09-15T10:44:35+00:00","mainEntityOfPage":{"@id":"https:\/\/www.presseinvestigation.com\/index.php\/2023\/09\/15\/hopital-ignace-deen-mafac-fait-un-don-a-la-maternite\/"},"wordCount":288,"commentCount":0,"image":{"@id":"https:\/\/www.presseinvestigation.com\/index.php\/2023\/09\/15\/hopital-ignace-deen-mafac-fait-un-don-a-la-maternite\/#primaryimage"},"thumbnailUrl":"https:\/\/www.presseinvestigation.com\/wp-content\/uploads\/2023\/09\/images-9.jpg","articleSection":["Soci\u00e9t\u00e9"],"inLanguage":"fr-FR","potentialAction":[{"@type":"CommentAction","name":"Comment","target":["https:\/\/www.presseinvestigation.com\/index.php\/2023\/09\/15\/hopital-ignace-deen-mafac-fait-un-don-a-la-maternite\/#respond"]}]},{"@type":"WebPage","@id":"https:\/\/www.presseinvestigation.com\/index.php\/2023\/09\/15\/hopital-ignace-deen-mafac-fait-un-don-a-la-maternite\/","url":"https:\/\/www.presseinvestigation.com\/index.php\/2023\/09\/15\/hopital-ignace-deen-mafac-fait-un-don-a-la-maternite\/","name":"H\u00f4pital Ignace Deen\u00a0: MAFAC fait un don \u00e0 la Maternit\u00e9 - Presseinvestigation","isPartOf":{"@id":"https:\/\/www.presseinvestigation.com\/#website"},"primaryImageOfPage":{"@id":"https:\/\/www.presseinvestigation.com\/index.php\/2023\/09\/15\/hopital-ignace-deen-mafac-fait-un-don-a-la-maternite\/#primaryimage"},"image":{"@id":"https:\/\/www.presseinvestigation.com\/index.php\/2023\/09\/15\/hopital-ignace-deen-mafac-fait-un-don-a-la-maternite\/#primaryimage"},"thumbnailUrl":"https:\/\/www.presseinvestigation.com\/wp-content\/uploads\/2023\/09\/images-9.jpg","datePublished":"2023-09-15T10:43:47+00:00","dateModified":"2023-09-15T10:44:35+00:00","author":{"@id":"https:\/\/www.presseinvestigation.com\/#\/schema\/person\/32d023733a4a9d7c3bd6883619b8f116"},"breadcrumb":{"@id":"https:\/\/www.presseinvestigation.com\/index.php\/2023\/09\/15\/hopital-ignace-deen-mafac-fait-un-don-a-la-maternite\/#breadcrumb"},"inLanguage":"fr-FR","potentialAction":[{"@type":"ReadAction","target":["https:\/\/www.presseinvestigation.com\/index.php\/2023\/09\/15\/hopital-ignace-deen-mafac-fait-un-don-a-la-maternite\/"]}]},{"@type":"ImageObject","inLanguage":"fr-FR","@id":"https:\/\/www.presseinvestigation.com\/index.php\/2023\/09\/15\/hopital-ignace-deen-mafac-fait-un-don-a-la-maternite\/#primaryimage","url":"https:\/\/www.presseinvestigation.com\/wp-content\/uploads\/2023\/09\/images-9.jpg","contentUrl":"https:\/\/www.presseinvestigation.com\/wp-content\/uploads\/2023\/09\/images-9.jpg","width":300,"height":168},{"@type":"BreadcrumbList","@id":"https:\/\/www.presseinvestigation.com\/index.php\/2023\/09\/15\/hopital-ignace-deen-mafac-fait-un-don-a-la-maternite\/#breadcrumb","itemListElement":[{"@type":"ListItem","position":1,"name":"Accueil","item":"https:\/\/www.presseinvestigation.com\/"},{"@type":"ListItem","position":2,"name":"H\u00f4pital Ignace Deen\u00a0: MAFAC fait un don \u00e0 la Maternit\u00e9"}]},{"@type":"WebSite","@id":"https:\/\/www.presseinvestigation.com\/#website","url":"https:\/\/www.presseinvestigation.com\/","name":"Presseinvestigation","description":"Informer dans l&#039;impartialit\u00e9","potentialAction":[{"@type":"SearchAction","target":{"@type":"EntryPoint","urlTemplate":"https:\/\/www.presseinvestigation.com\/?s={search_term_string}"},"query-input":{"@type":"PropertyValueSpecification","valueRequired":true,"valueName":"search_term_string"}}],"inLanguage":"fr-FR"},{"@type":"Person","@id":"https:\/\/www.presseinvestigation.com\/#\/schema\/person\/32d023733a4a9d7c3bd6883619b8f116","name":"Presseinvestigation.com","image":{"@type":"ImageObject","inLanguage":"fr-FR","@id":"https:\/\/secure.gravatar.com\/avatar\/26f9c9e95424b0bde739ba0af37ee39a9e4a9e809967422c5b8e8573a34fbbe0?s=96&d=mm&r=g","url":"https:\/\/secure.gravatar.com\/avatar\/26f9c9e95424b0bde739ba0af37ee39a9e4a9e809967422c5b8e8573a34fbbe0?s=96&d=mm&r=g","contentUrl":"https:\/\/secure.gravatar.com\/avatar\/26f9c9e95424b0bde739ba0af37ee39a9e4a9e809967422c5b8e8573a34fbbe0?s=96&d=mm&r=g","caption":"Presseinvestigation.com"},"url":"https:\/\/www.presseinvestigation.com\/index.php\/author\/toumany\/"}]}},"_links":{"self":[{"href":"https:\/\/www.presseinvestigation.com\/index.php\/wp-json\/wp\/v2\/posts\/504","targetHints":{"allow":["GET"]}}],"collection":[{"href":"https:\/\/www.presseinvestigation.com\/index.php\/wp-json\/wp\/v2\/posts"}],"about":[{"href":"https:\/\/www.presseinvestigation.com\/index.php\/wp-json\/wp\/v2\/types\/post"}],"author":[{"embeddable":true,"href":"https:\/\/www.presseinvestigation.com\/index.php\/wp-json\/wp\/v2\/users\/2"}],"replies":[{"embeddable":true,"href":"https:\/\/www.presseinvestigation.com\/index.php\/wp-json\/wp\/v2\/comments?post=504"}],"version-history":[{"count":1,"href":"https:\/\/www.presseinvestigation.com\/index.php\/wp-json\/wp\/v2\/posts\/504\/revisions"}],"predecessor-version":[{"id":505,"href":"https:\/\/www.presseinvestigation.com\/index.php\/wp-json\/wp\/v2\/posts\/504\/revisions\/505"}],"wp:featuredmedia":[{"embeddable":true,"href":"https:\/\/www.presseinvestigation.com\/index.php\/wp-json\/wp\/v2\/media\/500"}],"wp:attachment":[{"href":"https:\/\/www.presseinvestigation.com\/index.php\/wp-json\/wp\/v2\/media?parent=504"}],"wp:term":[{"taxonomy":"category","embeddable":true,"href":"https:\/\/www.presseinvestigation.com\/index.php\/wp-json\/wp\/v2\/categories?post=504"},{"taxonomy":"post_tag","embeddable":true,"href":"https:\/\/www.presseinvestigation.com\/index.php\/wp-json\/wp\/v2\/tags?post=504"}],"curies":[{"name":"wp","href":"https:\/\/api.w.org\/{rel}","templated":true}]}}