{"id":515,"date":"2023-09-16T16:18:14","date_gmt":"2023-09-16T14:18:14","guid":{"rendered":"https:\/\/www.presseinvestigation.com\/?p=515"},"modified":"2023-09-16T16:18:56","modified_gmt":"2023-09-16T14:18:56","slug":"le-general-de-brigade-balla-samoura-aux-prefets-et-gouverneurs-des-quon-est-en-requisition-on-est-en-guerre","status":"publish","type":"post","link":"https:\/\/www.presseinvestigation.com\/index.php\/2023\/09\/16\/le-general-de-brigade-balla-samoura-aux-prefets-et-gouverneurs-des-quon-est-en-requisition-on-est-en-guerre\/","title":{"rendered":"Le g\u00e9n\u00e9ral de brigade Balla Samoura aux pr\u00e9fets et gouverneurs\u00a0: \u2018\u2019D\u00e8s qu\u2019on est en r\u00e9quisition, on est en guerre\u2019\u2019"},"content":{"rendered":"\n<figure class=\"wp-block-image size-large\"><img fetchpriority=\"high\" decoding=\"async\" width=\"700\" height=\"380\" src=\"https:\/\/www.presseinvestigation.com\/wp-content\/uploads\/2023\/09\/IMG_20230422_150017_700_x_380_pixel-jpg.webp\" alt=\"\" class=\"wp-image-513\" srcset=\"https:\/\/www.presseinvestigation.com\/wp-content\/uploads\/2023\/09\/IMG_20230422_150017_700_x_380_pixel-jpg.webp 700w, https:\/\/www.presseinvestigation.com\/wp-content\/uploads\/2023\/09\/IMG_20230422_150017_700_x_380_pixel-jpg-300x163.webp 300w, https:\/\/www.presseinvestigation.com\/wp-content\/uploads\/2023\/09\/IMG_20230422_150017_700_x_380_pixel-jpg-600x326.webp 600w\" sizes=\"(max-width: 700px) 100vw, 700px\" \/><\/figure>\n\n\n\n<p><strong>Le g\u00e9n\u00e9ral de Brigade Balla\u00a0Samoura, haut commandant de la gendarmerie\u00a0nationale et\u00a0directeur de la\u00a0justice\u00a0militaire\u00a0a \u00e9chang\u00e9 au cours de la semaine avec les pr\u00e9fets et gouverneurs sur les notions\u00a0du r\u00e9tablissement de l\u2019ordre public,\u00a0des demandes de concours, r\u00e9quisitions et les exceptions.\u00a0<\/strong><\/p>\n\n\n\n<p>\u2018\u2019L\u2019histoire la plus douloureuse dans nos archives, c\u2019est le d\u00e9guerpissement de Kaporo-rails o\u00f9 un de nos coll\u00e8gues a \u00e9t\u00e9 crucifi\u00e9. On s\u2019\u00e9tait engag\u00e9s dans cette op\u00e9ration sans r\u00e9quisition. On a connu tellement de pertes. Quand on dit qu\u2019un v\u00e9hicule peut rouler sans pneus, avec les jantes, en temps normal, personne ne peut croire. Mais en temps de crise, \u00e7a peut se faire. On a roul\u00e9 \u00e0 plusieurs kilom\u00e8tres sans pneus. C\u2019est \u00e0 destination qu\u2019on a su que ceux qui sont bless\u00e9s l\u2019\u00e9taient\u2019\u2019, se souvient le haut commandant de la gendarmerie nationale et directeur de la justice militaire.<\/p>\n\n\n\n<p>Lors du proc\u00e8s, poursuit-il, \u2018\u2019la premi\u00e8re question que le magistrat a pos\u00e9, c\u2019est de demander aux forces de s\u00e9curit\u00e9 o\u00f9 est la r\u00e9quisition que vous aviez ce jour. A l\u2019\u00e9poque, les grands chefs ne pouvaient plus que se regarder entre eux, \u00e7a b\u00e9guait et le pr\u00e9sident de la cour a dit que la s\u00e9ance est lev\u00e9e. Tous les d\u00e9linquants interpell\u00e9s \u00e0 l\u2019\u00e9poque ont \u00e9t\u00e9 lib\u00e9r\u00e9s. Pour les bless\u00e9s et nos cadavres, on n\u2019avait que les yeux pour pleurer. Il n\u2019y a eu aucune r\u00e9paration et c\u2019\u00e9tait la honte\u2019\u2019.<\/p>\n\n\n\n<p>Aux administrateurs territoriaux, le g\u00e9n\u00e9ral de brigade Balla Samoura indique que \u2018\u2019vous devez savoir quel type de r\u00e9quisition d\u00e9livr\u00e9e par rapport \u00e0 l\u2019\u00e9v\u00e8nement en face. Tentez la m\u00e9diation, int\u00e9grez-vous pour vous rendre forts. Vous pouvez g\u00e9rer beaucoup de choses sans r\u00e9quisition. D\u00e8s qu\u2019on est en r\u00e9quisition, on est en guerre. Refusez d\u2019\u00eatre dans une situation o\u00f9 vous \u00eates oblig\u00e9s d\u2019engager la force (\u2026). D\u00e8s que vous passez \u00e0 la r\u00e9quisition, c\u2019est que vous avez perdu la p\u00e9dale. Et \u00e7a peut aller dans tous les sens. Pour \u00e9viter des jets de gaz lacrymog\u00e8ne, des v\u00e9hicules caillass\u00e9s, travaillez dans la pr\u00e9vention\u2019\u2019.<\/p>\n\n\n\n<p>Il les encourage \u00e0 \u2018\u2019travailler pmus dans la pr\u00e9vention au lieu de demander des boucliers, des armes. Car, d\u00e8s qu\u2019on est dans cette posture, c\u2019est qu\u2019on est dans une position de faiblesse. On prie Dieu que vous ne vous retrouverez pas dans la faiblesse\u2019\u2019.<\/p>\n\n\n\n<p><strong> VisionGuinee.In<\/strong>fo<\/p>\n","protected":false},"excerpt":{"rendered":"<p>Le g\u00e9n\u00e9ral de Brigade Balla\u00a0Samoura, haut commandant de la gendarmerie\u00a0nationale et\u00a0directeur de la\u00a0justice\u00a0militaire\u00a0a \u00e9chang\u00e9 au cours de la semaine avec les pr\u00e9fets et gouverneurs sur les notions\u00a0du r\u00e9tablissement de l\u2019ordre public,\u00a0des demandes de concours, r\u00e9quisitions et les exceptions.\u00a0 \u2018\u2019L\u2019histoire la plus douloureuse dans nos archives, c\u2019est le d\u00e9guerpissement de Kaporo-rails o\u00f9 un de nos coll\u00e8gues [&hellip;]<\/p>\n","protected":false},"author":2,"featured_media":514,"comment_status":"open","ping_status":"open","sticky":false,"template":"","format":"standard","meta":{"jnews-multi-image_gallery":[],"jnews_single_post":[],"jnews_primary_category":[],"footnotes":""},"categories":[64],"tags":[],"class_list":["post-515","post","type-post","status-publish","format-standard","has-post-thumbnail","hentry","category-societe"],"yoast_head":"<!-- This site is optimized with the Yoast SEO plugin v27.3 - https:\/\/yoast.com\/product\/yoast-seo-wordpress\/ -->\n<title>Le g\u00e9n\u00e9ral de brigade Balla Samoura aux pr\u00e9fets et gouverneurs\u00a0: \u2018\u2019D\u00e8s qu\u2019on est en r\u00e9quisition, on est en guerre\u2019\u2019 - Presseinvestigation<\/title>\n<meta name=\"robots\" content=\"index, follow, max-snippet:-1, max-image-preview:large, max-video-preview:-1\" \/>\n<link rel=\"canonical\" href=\"https:\/\/www.presseinvestigation.com\/index.php\/2023\/09\/16\/le-general-de-brigade-balla-samoura-aux-prefets-et-gouverneurs-des-quon-est-en-requisition-on-est-en-guerre\/\" \/>\n<meta property=\"og:locale\" content=\"fr_FR\" \/>\n<meta property=\"og:type\" content=\"article\" \/>\n<meta property=\"og:title\" content=\"Le g\u00e9n\u00e9ral de brigade Balla Samoura aux pr\u00e9fets et gouverneurs\u00a0: \u2018\u2019D\u00e8s qu\u2019on est en r\u00e9quisition, on est en guerre\u2019\u2019 - Presseinvestigation\" \/>\n<meta property=\"og:description\" content=\"Le g\u00e9n\u00e9ral de Brigade Balla\u00a0Samoura, haut commandant de la gendarmerie\u00a0nationale et\u00a0directeur de la\u00a0justice\u00a0militaire\u00a0a \u00e9chang\u00e9 au cours de la semaine avec les pr\u00e9fets et gouverneurs sur les notions\u00a0du r\u00e9tablissement de l\u2019ordre public,\u00a0des demandes de concours, r\u00e9quisitions et les exceptions.\u00a0 \u2018\u2019L\u2019histoire la plus douloureuse dans nos archives, c\u2019est le d\u00e9guerpissement de Kaporo-rails o\u00f9 un de nos coll\u00e8gues [&hellip;]\" \/>\n<meta property=\"og:url\" content=\"https:\/\/www.presseinvestigation.com\/index.php\/2023\/09\/16\/le-general-de-brigade-balla-samoura-aux-prefets-et-gouverneurs-des-quon-est-en-requisition-on-est-en-guerre\/\" \/>\n<meta property=\"og:site_name\" content=\"Presseinvestigation\" \/>\n<meta property=\"article:published_time\" content=\"2023-09-16T14:18:14+00:00\" \/>\n<meta property=\"article:modified_time\" content=\"2023-09-16T14:18:56+00:00\" \/>\n<meta property=\"og:image\" content=\"https:\/\/www.presseinvestigation.com\/wp-content\/uploads\/2023\/09\/IMG_20230422_150017_700_x_380_pixel-jpg-1.webp\" \/>\n\t<meta property=\"og:image:width\" content=\"700\" \/>\n\t<meta property=\"og:image:height\" content=\"380\" \/>\n\t<meta property=\"og:image:type\" content=\"image\/webp\" \/>\n<meta name=\"author\" content=\"Presseinvestigation.com\" \/>\n<meta name=\"twitter:card\" content=\"summary_large_image\" \/>\n<meta name=\"twitter:label1\" content=\"\u00c9crit par\" \/>\n\t<meta name=\"twitter:data1\" content=\"Presseinvestigation.com\" \/>\n\t<meta name=\"twitter:label2\" content=\"Dur\u00e9e de lecture estim\u00e9e\" \/>\n\t<meta name=\"twitter:data2\" content=\"2 minutes\" \/>\n<script type=\"application\/ld+json\" class=\"yoast-schema-graph\">{\"@context\":\"https:\\\/\\\/schema.org\",\"@graph\":[{\"@type\":\"Article\",\"@id\":\"https:\\\/\\\/www.presseinvestigation.com\\\/index.php\\\/2023\\\/09\\\/16\\\/le-general-de-brigade-balla-samoura-aux-prefets-et-gouverneurs-des-quon-est-en-requisition-on-est-en-guerre\\\/#article\",\"isPartOf\":{\"@id\":\"https:\\\/\\\/www.presseinvestigation.com\\\/index.php\\\/2023\\\/09\\\/16\\\/le-general-de-brigade-balla-samoura-aux-prefets-et-gouverneurs-des-quon-est-en-requisition-on-est-en-guerre\\\/\"},\"author\":{\"name\":\"Presseinvestigation.com\",\"@id\":\"https:\\\/\\\/www.presseinvestigation.com\\\/#\\\/schema\\\/person\\\/32d023733a4a9d7c3bd6883619b8f116\"},\"headline\":\"Le g\u00e9n\u00e9ral de brigade Balla Samoura aux pr\u00e9fets et gouverneurs\u00a0: \u2018\u2019D\u00e8s qu\u2019on est en r\u00e9quisition, on est en guerre\u2019\u2019\",\"datePublished\":\"2023-09-16T14:18:14+00:00\",\"dateModified\":\"2023-09-16T14:18:56+00:00\",\"mainEntityOfPage\":{\"@id\":\"https:\\\/\\\/www.presseinvestigation.com\\\/index.php\\\/2023\\\/09\\\/16\\\/le-general-de-brigade-balla-samoura-aux-prefets-et-gouverneurs-des-quon-est-en-requisition-on-est-en-guerre\\\/\"},\"wordCount\":465,\"commentCount\":0,\"image\":{\"@id\":\"https:\\\/\\\/www.presseinvestigation.com\\\/index.php\\\/2023\\\/09\\\/16\\\/le-general-de-brigade-balla-samoura-aux-prefets-et-gouverneurs-des-quon-est-en-requisition-on-est-en-guerre\\\/#primaryimage\"},\"thumbnailUrl\":\"https:\\\/\\\/www.presseinvestigation.com\\\/wp-content\\\/uploads\\\/2023\\\/09\\\/IMG_20230422_150017_700_x_380_pixel-jpg-1.webp\",\"articleSection\":[\"Soci\u00e9t\u00e9\"],\"inLanguage\":\"fr-FR\",\"potentialAction\":[{\"@type\":\"CommentAction\",\"name\":\"Comment\",\"target\":[\"https:\\\/\\\/www.presseinvestigation.com\\\/index.php\\\/2023\\\/09\\\/16\\\/le-general-de-brigade-balla-samoura-aux-prefets-et-gouverneurs-des-quon-est-en-requisition-on-est-en-guerre\\\/#respond\"]}]},{\"@type\":\"WebPage\",\"@id\":\"https:\\\/\\\/www.presseinvestigation.com\\\/index.php\\\/2023\\\/09\\\/16\\\/le-general-de-brigade-balla-samoura-aux-prefets-et-gouverneurs-des-quon-est-en-requisition-on-est-en-guerre\\\/\",\"url\":\"https:\\\/\\\/www.presseinvestigation.com\\\/index.php\\\/2023\\\/09\\\/16\\\/le-general-de-brigade-balla-samoura-aux-prefets-et-gouverneurs-des-quon-est-en-requisition-on-est-en-guerre\\\/\",\"name\":\"Le g\u00e9n\u00e9ral de brigade Balla Samoura aux pr\u00e9fets et gouverneurs\u00a0: \u2018\u2019D\u00e8s qu\u2019on est en r\u00e9quisition, on est en guerre\u2019\u2019 - Presseinvestigation\",\"isPartOf\":{\"@id\":\"https:\\\/\\\/www.presseinvestigation.com\\\/#website\"},\"primaryImageOfPage\":{\"@id\":\"https:\\\/\\\/www.presseinvestigation.com\\\/index.php\\\/2023\\\/09\\\/16\\\/le-general-de-brigade-balla-samoura-aux-prefets-et-gouverneurs-des-quon-est-en-requisition-on-est-en-guerre\\\/#primaryimage\"},\"image\":{\"@id\":\"https:\\\/\\\/www.presseinvestigation.com\\\/index.php\\\/2023\\\/09\\\/16\\\/le-general-de-brigade-balla-samoura-aux-prefets-et-gouverneurs-des-quon-est-en-requisition-on-est-en-guerre\\\/#primaryimage\"},\"thumbnailUrl\":\"https:\\\/\\\/www.presseinvestigation.com\\\/wp-content\\\/uploads\\\/2023\\\/09\\\/IMG_20230422_150017_700_x_380_pixel-jpg-1.webp\",\"datePublished\":\"2023-09-16T14:18:14+00:00\",\"dateModified\":\"2023-09-16T14:18:56+00:00\",\"author\":{\"@id\":\"https:\\\/\\\/www.presseinvestigation.com\\\/#\\\/schema\\\/person\\\/32d023733a4a9d7c3bd6883619b8f116\"},\"breadcrumb\":{\"@id\":\"https:\\\/\\\/www.presseinvestigation.com\\\/index.php\\\/2023\\\/09\\\/16\\\/le-general-de-brigade-balla-samoura-aux-prefets-et-gouverneurs-des-quon-est-en-requisition-on-est-en-guerre\\\/#breadcrumb\"},\"inLanguage\":\"fr-FR\",\"potentialAction\":[{\"@type\":\"ReadAction\",\"target\":[\"https:\\\/\\\/www.presseinvestigation.com\\\/index.php\\\/2023\\\/09\\\/16\\\/le-general-de-brigade-balla-samoura-aux-prefets-et-gouverneurs-des-quon-est-en-requisition-on-est-en-guerre\\\/\"]}]},{\"@type\":\"ImageObject\",\"inLanguage\":\"fr-FR\",\"@id\":\"https:\\\/\\\/www.presseinvestigation.com\\\/index.php\\\/2023\\\/09\\\/16\\\/le-general-de-brigade-balla-samoura-aux-prefets-et-gouverneurs-des-quon-est-en-requisition-on-est-en-guerre\\\/#primaryimage\",\"url\":\"https:\\\/\\\/www.presseinvestigation.com\\\/wp-content\\\/uploads\\\/2023\\\/09\\\/IMG_20230422_150017_700_x_380_pixel-jpg-1.webp\",\"contentUrl\":\"https:\\\/\\\/www.presseinvestigation.com\\\/wp-content\\\/uploads\\\/2023\\\/09\\\/IMG_20230422_150017_700_x_380_pixel-jpg-1.webp\",\"width\":700,\"height\":380},{\"@type\":\"BreadcrumbList\",\"@id\":\"https:\\\/\\\/www.presseinvestigation.com\\\/index.php\\\/2023\\\/09\\\/16\\\/le-general-de-brigade-balla-samoura-aux-prefets-et-gouverneurs-des-quon-est-en-requisition-on-est-en-guerre\\\/#breadcrumb\",\"itemListElement\":[{\"@type\":\"ListItem\",\"position\":1,\"name\":\"Accueil\",\"item\":\"https:\\\/\\\/www.presseinvestigation.com\\\/\"},{\"@type\":\"ListItem\",\"position\":2,\"name\":\"Le g\u00e9n\u00e9ral de brigade Balla Samoura aux pr\u00e9fets et gouverneurs\u00a0: \u2018\u2019D\u00e8s qu\u2019on est en r\u00e9quisition, on est en guerre\u2019\u2019\"}]},{\"@type\":\"WebSite\",\"@id\":\"https:\\\/\\\/www.presseinvestigation.com\\\/#website\",\"url\":\"https:\\\/\\\/www.presseinvestigation.com\\\/\",\"name\":\"Presseinvestigation\",\"description\":\"Informer dans l&#039;impartialit\u00e9\",\"potentialAction\":[{\"@type\":\"SearchAction\",\"target\":{\"@type\":\"EntryPoint\",\"urlTemplate\":\"https:\\\/\\\/www.presseinvestigation.com\\\/?s={search_term_string}\"},\"query-input\":{\"@type\":\"PropertyValueSpecification\",\"valueRequired\":true,\"valueName\":\"search_term_string\"}}],\"inLanguage\":\"fr-FR\"},{\"@type\":\"Person\",\"@id\":\"https:\\\/\\\/www.presseinvestigation.com\\\/#\\\/schema\\\/person\\\/32d023733a4a9d7c3bd6883619b8f116\",\"name\":\"Presseinvestigation.com\",\"image\":{\"@type\":\"ImageObject\",\"inLanguage\":\"fr-FR\",\"@id\":\"https:\\\/\\\/secure.gravatar.com\\\/avatar\\\/26f9c9e95424b0bde739ba0af37ee39a9e4a9e809967422c5b8e8573a34fbbe0?s=96&d=mm&r=g\",\"url\":\"https:\\\/\\\/secure.gravatar.com\\\/avatar\\\/26f9c9e95424b0bde739ba0af37ee39a9e4a9e809967422c5b8e8573a34fbbe0?s=96&d=mm&r=g\",\"contentUrl\":\"https:\\\/\\\/secure.gravatar.com\\\/avatar\\\/26f9c9e95424b0bde739ba0af37ee39a9e4a9e809967422c5b8e8573a34fbbe0?s=96&d=mm&r=g\",\"caption\":\"Presseinvestigation.com\"},\"url\":\"https:\\\/\\\/www.presseinvestigation.com\\\/index.php\\\/author\\\/toumany\\\/\"}]}<\/script>\n<!-- \/ Yoast SEO plugin. -->","yoast_head_json":{"title":"Le g\u00e9n\u00e9ral de brigade Balla Samoura aux pr\u00e9fets et gouverneurs\u00a0: \u2018\u2019D\u00e8s qu\u2019on est en r\u00e9quisition, on est en guerre\u2019\u2019 - Presseinvestigation","robots":{"index":"index","follow":"follow","max-snippet":"max-snippet:-1","max-image-preview":"max-image-preview:large","max-video-preview":"max-video-preview:-1"},"canonical":"https:\/\/www.presseinvestigation.com\/index.php\/2023\/09\/16\/le-general-de-brigade-balla-samoura-aux-prefets-et-gouverneurs-des-quon-est-en-requisition-on-est-en-guerre\/","og_locale":"fr_FR","og_type":"article","og_title":"Le g\u00e9n\u00e9ral de brigade Balla Samoura aux pr\u00e9fets et gouverneurs\u00a0: \u2018\u2019D\u00e8s qu\u2019on est en r\u00e9quisition, on est en guerre\u2019\u2019 - Presseinvestigation","og_description":"Le g\u00e9n\u00e9ral de Brigade Balla\u00a0Samoura, haut commandant de la gendarmerie\u00a0nationale et\u00a0directeur de la\u00a0justice\u00a0militaire\u00a0a \u00e9chang\u00e9 au cours de la semaine avec les pr\u00e9fets et gouverneurs sur les notions\u00a0du r\u00e9tablissement de l\u2019ordre public,\u00a0des demandes de concours, r\u00e9quisitions et les exceptions.\u00a0 \u2018\u2019L\u2019histoire la plus douloureuse dans nos archives, c\u2019est le d\u00e9guerpissement de Kaporo-rails o\u00f9 un de nos coll\u00e8gues [&hellip;]","og_url":"https:\/\/www.presseinvestigation.com\/index.php\/2023\/09\/16\/le-general-de-brigade-balla-samoura-aux-prefets-et-gouverneurs-des-quon-est-en-requisition-on-est-en-guerre\/","og_site_name":"Presseinvestigation","article_published_time":"2023-09-16T14:18:14+00:00","article_modified_time":"2023-09-16T14:18:56+00:00","og_image":[{"width":700,"height":380,"url":"https:\/\/www.presseinvestigation.com\/wp-content\/uploads\/2023\/09\/IMG_20230422_150017_700_x_380_pixel-jpg-1.webp","type":"image\/webp"}],"author":"Presseinvestigation.com","twitter_card":"summary_large_image","twitter_misc":{"\u00c9crit par":"Presseinvestigation.com","Dur\u00e9e de lecture estim\u00e9e":"2 minutes"},"schema":{"@context":"https:\/\/schema.org","@graph":[{"@type":"Article","@id":"https:\/\/www.presseinvestigation.com\/index.php\/2023\/09\/16\/le-general-de-brigade-balla-samoura-aux-prefets-et-gouverneurs-des-quon-est-en-requisition-on-est-en-guerre\/#article","isPartOf":{"@id":"https:\/\/www.presseinvestigation.com\/index.php\/2023\/09\/16\/le-general-de-brigade-balla-samoura-aux-prefets-et-gouverneurs-des-quon-est-en-requisition-on-est-en-guerre\/"},"author":{"name":"Presseinvestigation.com","@id":"https:\/\/www.presseinvestigation.com\/#\/schema\/person\/32d023733a4a9d7c3bd6883619b8f116"},"headline":"Le g\u00e9n\u00e9ral de brigade Balla Samoura aux pr\u00e9fets et gouverneurs\u00a0: \u2018\u2019D\u00e8s qu\u2019on est en r\u00e9quisition, on est en guerre\u2019\u2019","datePublished":"2023-09-16T14:18:14+00:00","dateModified":"2023-09-16T14:18:56+00:00","mainEntityOfPage":{"@id":"https:\/\/www.presseinvestigation.com\/index.php\/2023\/09\/16\/le-general-de-brigade-balla-samoura-aux-prefets-et-gouverneurs-des-quon-est-en-requisition-on-est-en-guerre\/"},"wordCount":465,"commentCount":0,"image":{"@id":"https:\/\/www.presseinvestigation.com\/index.php\/2023\/09\/16\/le-general-de-brigade-balla-samoura-aux-prefets-et-gouverneurs-des-quon-est-en-requisition-on-est-en-guerre\/#primaryimage"},"thumbnailUrl":"https:\/\/www.presseinvestigation.com\/wp-content\/uploads\/2023\/09\/IMG_20230422_150017_700_x_380_pixel-jpg-1.webp","articleSection":["Soci\u00e9t\u00e9"],"inLanguage":"fr-FR","potentialAction":[{"@type":"CommentAction","name":"Comment","target":["https:\/\/www.presseinvestigation.com\/index.php\/2023\/09\/16\/le-general-de-brigade-balla-samoura-aux-prefets-et-gouverneurs-des-quon-est-en-requisition-on-est-en-guerre\/#respond"]}]},{"@type":"WebPage","@id":"https:\/\/www.presseinvestigation.com\/index.php\/2023\/09\/16\/le-general-de-brigade-balla-samoura-aux-prefets-et-gouverneurs-des-quon-est-en-requisition-on-est-en-guerre\/","url":"https:\/\/www.presseinvestigation.com\/index.php\/2023\/09\/16\/le-general-de-brigade-balla-samoura-aux-prefets-et-gouverneurs-des-quon-est-en-requisition-on-est-en-guerre\/","name":"Le g\u00e9n\u00e9ral de brigade Balla Samoura aux pr\u00e9fets et gouverneurs\u00a0: \u2018\u2019D\u00e8s qu\u2019on est en r\u00e9quisition, on est en guerre\u2019\u2019 - Presseinvestigation","isPartOf":{"@id":"https:\/\/www.presseinvestigation.com\/#website"},"primaryImageOfPage":{"@id":"https:\/\/www.presseinvestigation.com\/index.php\/2023\/09\/16\/le-general-de-brigade-balla-samoura-aux-prefets-et-gouverneurs-des-quon-est-en-requisition-on-est-en-guerre\/#primaryimage"},"image":{"@id":"https:\/\/www.presseinvestigation.com\/index.php\/2023\/09\/16\/le-general-de-brigade-balla-samoura-aux-prefets-et-gouverneurs-des-quon-est-en-requisition-on-est-en-guerre\/#primaryimage"},"thumbnailUrl":"https:\/\/www.presseinvestigation.com\/wp-content\/uploads\/2023\/09\/IMG_20230422_150017_700_x_380_pixel-jpg-1.webp","datePublished":"2023-09-16T14:18:14+00:00","dateModified":"2023-09-16T14:18:56+00:00","author":{"@id":"https:\/\/www.presseinvestigation.com\/#\/schema\/person\/32d023733a4a9d7c3bd6883619b8f116"},"breadcrumb":{"@id":"https:\/\/www.presseinvestigation.com\/index.php\/2023\/09\/16\/le-general-de-brigade-balla-samoura-aux-prefets-et-gouverneurs-des-quon-est-en-requisition-on-est-en-guerre\/#breadcrumb"},"inLanguage":"fr-FR","potentialAction":[{"@type":"ReadAction","target":["https:\/\/www.presseinvestigation.com\/index.php\/2023\/09\/16\/le-general-de-brigade-balla-samoura-aux-prefets-et-gouverneurs-des-quon-est-en-requisition-on-est-en-guerre\/"]}]},{"@type":"ImageObject","inLanguage":"fr-FR","@id":"https:\/\/www.presseinvestigation.com\/index.php\/2023\/09\/16\/le-general-de-brigade-balla-samoura-aux-prefets-et-gouverneurs-des-quon-est-en-requisition-on-est-en-guerre\/#primaryimage","url":"https:\/\/www.presseinvestigation.com\/wp-content\/uploads\/2023\/09\/IMG_20230422_150017_700_x_380_pixel-jpg-1.webp","contentUrl":"https:\/\/www.presseinvestigation.com\/wp-content\/uploads\/2023\/09\/IMG_20230422_150017_700_x_380_pixel-jpg-1.webp","width":700,"height":380},{"@type":"BreadcrumbList","@id":"https:\/\/www.presseinvestigation.com\/index.php\/2023\/09\/16\/le-general-de-brigade-balla-samoura-aux-prefets-et-gouverneurs-des-quon-est-en-requisition-on-est-en-guerre\/#breadcrumb","itemListElement":[{"@type":"ListItem","position":1,"name":"Accueil","item":"https:\/\/www.presseinvestigation.com\/"},{"@type":"ListItem","position":2,"name":"Le g\u00e9n\u00e9ral de brigade Balla Samoura aux pr\u00e9fets et gouverneurs\u00a0: \u2018\u2019D\u00e8s qu\u2019on est en r\u00e9quisition, on est en guerre\u2019\u2019"}]},{"@type":"WebSite","@id":"https:\/\/www.presseinvestigation.com\/#website","url":"https:\/\/www.presseinvestigation.com\/","name":"Presseinvestigation","description":"Informer dans l&#039;impartialit\u00e9","potentialAction":[{"@type":"SearchAction","target":{"@type":"EntryPoint","urlTemplate":"https:\/\/www.presseinvestigation.com\/?s={search_term_string}"},"query-input":{"@type":"PropertyValueSpecification","valueRequired":true,"valueName":"search_term_string"}}],"inLanguage":"fr-FR"},{"@type":"Person","@id":"https:\/\/www.presseinvestigation.com\/#\/schema\/person\/32d023733a4a9d7c3bd6883619b8f116","name":"Presseinvestigation.com","image":{"@type":"ImageObject","inLanguage":"fr-FR","@id":"https:\/\/secure.gravatar.com\/avatar\/26f9c9e95424b0bde739ba0af37ee39a9e4a9e809967422c5b8e8573a34fbbe0?s=96&d=mm&r=g","url":"https:\/\/secure.gravatar.com\/avatar\/26f9c9e95424b0bde739ba0af37ee39a9e4a9e809967422c5b8e8573a34fbbe0?s=96&d=mm&r=g","contentUrl":"https:\/\/secure.gravatar.com\/avatar\/26f9c9e95424b0bde739ba0af37ee39a9e4a9e809967422c5b8e8573a34fbbe0?s=96&d=mm&r=g","caption":"Presseinvestigation.com"},"url":"https:\/\/www.presseinvestigation.com\/index.php\/author\/toumany\/"}]}},"_links":{"self":[{"href":"https:\/\/www.presseinvestigation.com\/index.php\/wp-json\/wp\/v2\/posts\/515","targetHints":{"allow":["GET"]}}],"collection":[{"href":"https:\/\/www.presseinvestigation.com\/index.php\/wp-json\/wp\/v2\/posts"}],"about":[{"href":"https:\/\/www.presseinvestigation.com\/index.php\/wp-json\/wp\/v2\/types\/post"}],"author":[{"embeddable":true,"href":"https:\/\/www.presseinvestigation.com\/index.php\/wp-json\/wp\/v2\/users\/2"}],"replies":[{"embeddable":true,"href":"https:\/\/www.presseinvestigation.com\/index.php\/wp-json\/wp\/v2\/comments?post=515"}],"version-history":[{"count":1,"href":"https:\/\/www.presseinvestigation.com\/index.php\/wp-json\/wp\/v2\/posts\/515\/revisions"}],"predecessor-version":[{"id":516,"href":"https:\/\/www.presseinvestigation.com\/index.php\/wp-json\/wp\/v2\/posts\/515\/revisions\/516"}],"wp:featuredmedia":[{"embeddable":true,"href":"https:\/\/www.presseinvestigation.com\/index.php\/wp-json\/wp\/v2\/media\/514"}],"wp:attachment":[{"href":"https:\/\/www.presseinvestigation.com\/index.php\/wp-json\/wp\/v2\/media?parent=515"}],"wp:term":[{"taxonomy":"category","embeddable":true,"href":"https:\/\/www.presseinvestigation.com\/index.php\/wp-json\/wp\/v2\/categories?post=515"},{"taxonomy":"post_tag","embeddable":true,"href":"https:\/\/www.presseinvestigation.com\/index.php\/wp-json\/wp\/v2\/tags?post=515"}],"curies":[{"name":"wp","href":"https:\/\/api.w.org\/{rel}","templated":true}]}}