{"id":529,"date":"2023-09-19T16:00:46","date_gmt":"2023-09-19T14:00:46","guid":{"rendered":"https:\/\/www.presseinvestigation.com\/?p=529"},"modified":"2023-09-19T16:02:48","modified_gmt":"2023-09-19T14:02:48","slug":"des-dizaines-de-dirigeants-a-lonu-pour-relancer-les-objectifs-sur-le-bien-etre-de-lhumanite","status":"publish","type":"post","link":"https:\/\/www.presseinvestigation.com\/index.php\/2023\/09\/19\/des-dizaines-de-dirigeants-a-lonu-pour-relancer-les-objectifs-sur-le-bien-etre-de-lhumanite\/","title":{"rendered":"Des dizaines de dirigeants \u00e0 l&#8217;ONU pour relancer les objectifs sur le bien-\u00eatre de l&#8217;humanit\u00e9"},"content":{"rendered":"\n<figure class=\"wp-block-image size-large\"><img fetchpriority=\"high\" decoding=\"async\" width=\"864\" height=\"486\" src=\"https:\/\/www.presseinvestigation.com\/wp-content\/uploads\/2023\/09\/thumbs_b_c_376fd67fa63959b70eada06a3b27c889.jpg\" alt=\"\" class=\"wp-image-531\" srcset=\"https:\/\/www.presseinvestigation.com\/wp-content\/uploads\/2023\/09\/thumbs_b_c_376fd67fa63959b70eada06a3b27c889.jpg 864w, https:\/\/www.presseinvestigation.com\/wp-content\/uploads\/2023\/09\/thumbs_b_c_376fd67fa63959b70eada06a3b27c889-300x169.jpg 300w, https:\/\/www.presseinvestigation.com\/wp-content\/uploads\/2023\/09\/thumbs_b_c_376fd67fa63959b70eada06a3b27c889-768x432.jpg 768w, https:\/\/www.presseinvestigation.com\/wp-content\/uploads\/2023\/09\/thumbs_b_c_376fd67fa63959b70eada06a3b27c889-600x338.jpg 600w, https:\/\/www.presseinvestigation.com\/wp-content\/uploads\/2023\/09\/thumbs_b_c_376fd67fa63959b70eada06a3b27c889-750x422.jpg 750w\" sizes=\"(max-width: 864px) 100vw, 864px\" \/><\/figure>\n\n\n\n<p>Le sommet sur le d\u00e9veloppement s&#8217;ouvre lundi, \u00e0 l&#8217;ONU, l&#8217;occasion de relancer les promesses visant \u00e0 construire un avenir meilleur et plus durable d&#8217;ici \u00e0 2030. Ce sommet pourrait cependant \u00eatre \u00e9clips\u00e9 par la pr\u00e9sence du pr\u00e9sident ukrainien Volodymyr Zelensky.<\/p>\n\n\n\n<p>Alors que les pays les plus vuln\u00e9rables sont frapp\u00e9s de plein fouet par une avalanche de crises, des dizaines de dirigeants se retrouvent, lundi 18 septembre, \u00e0 l&#8217;<a class=\"gtm-add-suggested-tag\" href=\"https:\/\/www.france24.com\/fr\/tag\/onu\/\">ONU,&nbsp;<\/a>pour relancer les promesses d\u00e9\u00e7ues d&#8217;am\u00e9liorer radicalement le sort de l&#8217;humanit\u00e9.<\/p>\n\n\n\n<p>Dans un contexte de tensions g\u00e9opolitiques sans pr\u00e9c\u00e9dent depuis des d\u00e9cennies, ce sommet sur le d\u00e9veloppement, qui ouvre la semaine de haut niveau de l&#8217;Assembl\u00e9e g\u00e9n\u00e9rale des Nations unies, risque d&#8217;\u00eatre rapidement \u00e9clips\u00e9 par la pr\u00e9sence du pr\u00e9sident ukrainien,&nbsp;<a class=\"gtm-add-suggested-tag\" href=\"https:\/\/www.france24.com\/fr\/tag\/volodymyr-zelensky\/\">Volodymyr Zelensky<\/a>.<\/p>\n\n\n\n<p>Le sort des 17 Objectifs de d\u00e9veloppement durable (ODD) adopt\u00e9s par les \u00c9tats membres de l&#8217;ONU en 2015 pour construire un avenir meilleur et plus durable d&#8217;ici 2030 est pourtant capital pour &#8220;plus de la moiti\u00e9 du monde&#8221; laiss\u00e9e-pour-compte, y compris ceux qui subissent les retomb\u00e9es de la guerre en&nbsp;<a class=\"gtm-add-suggested-tag\" href=\"https:\/\/www.france24.com\/fr\/tag\/ukraine\/\">Ukraine<\/a>. Ces objectifs &#8220;concernent les espoirs, les r\u00eaves, les droits et les attentes des populations, et la bonne sant\u00e9 de notre environnement naturel&#8221;, a insist\u00e9 ce week-end le secr\u00e9taire g\u00e9n\u00e9ral de l&#8217;ONU,&nbsp;<a class=\"gtm-add-suggested-tag\" href=\"https:\/\/www.france24.com\/fr\/tag\/antonio-guterres\/\">Antonio Guterres<\/a>.<\/p>\n\n\n\n<p>&#8220;Il s&#8217;agit de r\u00e9parer des injustices historiques, de panser les divisions mondiales, et de mettre notre monde sur la voie d&#8217;une paix durable&#8221;, a-t-il ajout\u00e9, appelant \u00e0 un &#8220;plan de sauvetage&#8221;. En effet, \u00e0 mi-parcours, seulement 15&nbsp;% de ces ODD sont en bonne voie, beaucoup stagnent et d&#8217;autres r\u00e9gressent. Comme l&#8217;espoir que plus un seul des 8 milliards d&#8217;humains ne souffre de la faim.<\/p>\n\n\n\n<h2 class=\"wp-block-heading\">Financement<\/h2>\n\n\n\n<p>Sortir de la pauvret\u00e9, avoir acc\u00e8s \u00e0 l&#8217;\u00e9ducation, \u00e0 l&#8217;eau potable ou \u00e0 une \u00e9nergie propre, \u00eatre en bonne sant\u00e9, lutter contre le changement climatique ou parvenir \u00e0 des soci\u00e9t\u00e9s en paix, tous ces objectifs de d\u00e9veloppement sont largement interd\u00e9pendants.<\/p>\n\n\n\n<p>Et tous sap\u00e9s par les multiples crises qui ont d\u00e9ferl\u00e9 sur le monde ces derni\u00e8res ann\u00e9es, de la pand\u00e9mie de Covid-19 aux catastrophes climatiques, sans oublier la guerre en Ukraine et ses impacts en cascade sur le co\u00fbt de la vie.<\/p>\n\n\n\n<p>Alors ce sommet est &#8220;un espace vital pour faire des changements&#8221;, a comment\u00e9 Abby Maxman, de l&#8217;ONG Oxfam, appelant les dirigeants \u00e0 prendre des &#8220;engagements significatifs, suivis de v\u00e9ritables actions&#8221;.<\/p>\n\n\n\n<p>Selon le projet de d\u00e9claration qui doit \u00eatre adopt\u00e9 lundi, les \u00c9tats membres vont s&#8217;engager \u00e0 &#8220;agir avec urgence&#8221; pour rendre r\u00e9el ce &#8220;plan d&#8217;action pour les gens, la plan\u00e8te, la prosp\u00e9rit\u00e9, la paix et le partenariat, et ne laisser personne sur le bord de la route&#8221;. Dans cette optique, ils devraient notamment &#8220;soutenir&#8221; une r\u00e9forme de l&#8217;architecture financi\u00e8re internationale, alors que de nombreux pays en d\u00e9veloppement sont paralys\u00e9s par le poids de leur dette.<\/p>\n\n\n\n<p>Mais &#8220;est-ce que ce sommet sur les ODD ravivera un sentiment d&#8221;espoir, d&#8217;optimisme et d&#8217;enthousiasme'&#8221;, comme il a \u00e9t\u00e9 pr\u00e9sent\u00e9&nbsp;? Je suis plut\u00f4t sceptique&#8221;, a estim\u00e9 Noam Unger, du cercle de r\u00e9flexion am\u00e9ricain Center for Strategic and International Studies (CSIS), qui craint que cela ne se r\u00e9duise \u00e0 &#8220;une s\u00e9ance photo chic de haut niveau&#8221;.<\/p>\n\n\n\n<h2 class=\"wp-block-heading\">&#8220;Les plus vuln\u00e9rables nous regardent&#8221;<\/h2>\n\n\n\n<p>Mais les pays du Sud, dont les dirigeants seront pr\u00e9sents en masse lundi, esp\u00e8rent davantage. Face \u00e0 leurs revendications et ressentiment, les diplomates occidentaux ont d&#8217;ailleurs pris soin d&#8217;insister sur le fait que le d\u00e9veloppement est leur priorit\u00e9 pour cette grand-messe annuelle.<\/p>\n\n\n\n<p>&#8220;Les plus vuln\u00e9rables dans le monde nous regardent, comme cette jeune femme que j&#8217;ai rencontr\u00e9e au Tchad la semaine derni\u00e8re, qui a fui la violence impensable au Soudan&#8221;, a d\u00e9clar\u00e9 l&#8217;ambassadrice am\u00e9ricaine \u00e0 l&#8217;ONU, Linda Thomas-Greenfield. &#8220;Cette jeune femme compte sur nous&#8221;.<\/p>\n\n\n\n<p><a class=\"a-home-link\" href=\"https:\/\/www.france24.com\/fr\/\">France 24 &#8211; Infos, news &amp; actualit\u00e9s &#8211; L&#8217;information internationale en direct<\/a><\/p>\n\n\n\n<ol class=\"wp-block-list\">\n<li><a href=\"https:\/\/www.france24.com\/fr\/\" class=\"m-breadcrumb__list__item__link a-svg a-svg--picto-home\">Retour \u00e0 l&#8217;accueil<\/a><\/li>\n\n\n\n<li>\/&nbsp;<a href=\"https:\/\/www.france24.com\/fr\/environnement\/\" class=\"m-breadcrumb__list__item__link\">Environnement<\/a><\/li>\n<\/ol>\n\n\n\n<h1 class=\"wp-block-heading\">Des dizaines de dirigeants \u00e0 l&#8217;ONU pour relancer les objectifs sur le bien-\u00eatre de l&#8217;humanit\u00e9<\/h1>\n\n\n\n<p>Le sommet sur le d\u00e9veloppement s&#8217;ouvre lundi, \u00e0 l&#8217;ONU, l&#8217;occasion de relancer les promesses visant \u00e0 construire un avenir meilleur et plus durable d&#8217;ici \u00e0 2030. Ce sommet pourrait cependant \u00eatre \u00e9clips\u00e9 par la pr\u00e9sence du pr\u00e9sident ukrainien Volodymyr Zelensky.<\/p>\n\n\n\n<p>Publi\u00e9 le :&nbsp;18\/09\/2023 &#8211; 04:15Modifi\u00e9 le :&nbsp;18\/09\/2023 &#8211; 04:13<\/p>\n\n\n\n<p>5 mn<\/p>\n\n\n\n<figure class=\"wp-block-image\"><img decoding=\"async\" src=\"https:\/\/s.france24.com\/media\/display\/35217fa2-55c9-11ee-81e0-005056bf30b7\/w:980\/p:16x9\/e85e798b0f3417aa21398c627fb9344809e8a59d.jpg\" alt=\"Dans un contexte de tensions g\u00e9opolitiques sans pr\u00e9c\u00e9dent depuis des d\u00e9cennies, ce sommet sur le d\u00e9veloppement, qui s'ouvre le 18 septembre \u00e0 l'ONU, risque d'\u00eatre rapidement \u00e9clips\u00e9 par la pr\u00e9sence du pr\u00e9sident ukrainien.\"\/><\/figure>\n\n\n\n<p>Dans un contexte de tensions g\u00e9opolitiques sans pr\u00e9c\u00e9dent depuis des d\u00e9cennies, ce sommet sur le d\u00e9veloppement, qui s&#8217;ouvre le 18 septembre \u00e0 l&#8217;ONU, risque d&#8217;\u00eatre rapidement \u00e9clips\u00e9 par la pr\u00e9sence du pr\u00e9sident ukrainien.&nbsp;\u00a9 Angela Weiss, AFP<\/p>\n\n\n\n<p>Par :<a href=\"https:\/\/www.france24.com\/fr\/auteur\/france-24\/\" class=\"m-from-author__name\">FRANCE 24<\/a><a class=\"a-twitter-follow-button\" href=\"https:\/\/twitter.com\/intent\/follow?screen_name=France24_fr\" target=\"_blank\" rel=\"noreferrer noopener\">Suivre<\/a><\/p>\n\n\n\n<p>PUBLICIT\u00c9<\/p>\n\n\n\n<p>Alors que les pays les plus vuln\u00e9rables sont frapp\u00e9s de plein fouet par une avalanche de crises, des dizaines de dirigeants se retrouvent, lundi 18 septembre, \u00e0 l&#8217;<a href=\"https:\/\/www.france24.com\/fr\/tag\/onu\/\" class=\"gtm-add-suggested-tag\">ONU,&nbsp;<\/a>pour relancer les promesses d\u00e9\u00e7ues d&#8217;am\u00e9liorer radicalement le sort de l&#8217;humanit\u00e9.<\/p>\n\n\n\n<p>Dans un contexte de tensions g\u00e9opolitiques sans pr\u00e9c\u00e9dent depuis des d\u00e9cennies, ce sommet sur le d\u00e9veloppement, qui ouvre la semaine de haut niveau de l&#8217;Assembl\u00e9e g\u00e9n\u00e9rale des Nations unies, risque d&#8217;\u00eatre rapidement \u00e9clips\u00e9 par la pr\u00e9sence du pr\u00e9sident ukrainien,&nbsp;<a href=\"https:\/\/www.france24.com\/fr\/tag\/volodymyr-zelensky\/\" class=\"gtm-add-suggested-tag\">Volodymyr Zelensky<\/a>.<\/p>\n\n\n\n<p>Le sort des 17 Objectifs de d\u00e9veloppement durable (ODD) adopt\u00e9s par les \u00c9tats membres de l&#8217;ONU en 2015 pour construire un avenir meilleur et plus durable d&#8217;ici 2030 est pourtant capital pour &#8220;plus de la moiti\u00e9 du monde&#8221; laiss\u00e9e-pour-compte, y compris ceux qui subissent les retomb\u00e9es de la guerre en&nbsp;<a href=\"https:\/\/www.france24.com\/fr\/tag\/ukraine\/\" class=\"gtm-add-suggested-tag\">Ukraine<\/a>. Ces objectifs &#8220;concernent les espoirs, les r\u00eaves, les droits et les attentes des populations, et la bonne sant\u00e9 de notre environnement naturel&#8221;, a insist\u00e9 ce week-end le secr\u00e9taire g\u00e9n\u00e9ral de l&#8217;ONU,&nbsp;<a href=\"https:\/\/www.france24.com\/fr\/tag\/antonio-guterres\/\" class=\"gtm-add-suggested-tag\">Antonio Guterres<\/a>.<\/p>\n\n\n\n<figure class=\"wp-block-image\"><img decoding=\"async\" src=\"https:\/\/s.france24.com\/media\/display\/32d0b646-55c9-11ee-8a5a-005056a90321\/5d37b46ca60ff3d2aed5d70735690c57fb982ea1.jpg\" alt=\"Le secr\u00e9taire g\u00e9n\u00e9ral de l'ONU, Antonio Guterres, \u00e0 Nairobi, au Kenya, le 3 mai 2023.\"\/><\/figure>\n\n\n\n<p>Le secr\u00e9taire g\u00e9n\u00e9ral de l&#8217;ONU, Antonio Guterres, \u00e0 Nairobi, au Kenya, le 3 mai 2023.&nbsp;\u00a9 Tony Karumba, AFP<\/p>\n\n\n\n<p>&#8220;Il s&#8217;agit de r\u00e9parer des injustices historiques, de panser les divisions mondiales, et de mettre notre monde sur la voie d&#8217;une paix durable&#8221;, a-t-il ajout\u00e9, appelant \u00e0 un &#8220;plan de sauvetage&#8221;. En effet, \u00e0 mi-parcours, seulement 15&nbsp;% de ces ODD sont en bonne voie, beaucoup stagnent et d&#8217;autres r\u00e9gressent. Comme l&#8217;espoir que plus un seul des 8 milliards d&#8217;humains ne souffre de la faim.<\/p>\n\n\n\n<h2 class=\"wp-block-heading\">Financement<\/h2>\n\n\n\n<p>Sortir de la pauvret\u00e9, avoir acc\u00e8s \u00e0 l&#8217;\u00e9ducation, \u00e0 l&#8217;eau potable ou \u00e0 une \u00e9nergie propre, \u00eatre en bonne sant\u00e9, lutter contre le changement climatique ou parvenir \u00e0 des soci\u00e9t\u00e9s en paix, tous ces objectifs de d\u00e9veloppement sont largement interd\u00e9pendants.<\/p>\n\n\n\n<p>Et tous sap\u00e9s par les multiples crises qui ont d\u00e9ferl\u00e9 sur le monde ces derni\u00e8res ann\u00e9es, de la pand\u00e9mie de Covid-19 aux catastrophes climatiques, sans oublier la guerre en Ukraine et ses impacts en cascade sur le co\u00fbt de la vie.<\/p>\n\n\n\n<figure class=\"wp-block-image\"><img decoding=\"async\" src=\"https:\/\/s.france24.com\/media\/display\/33ff8ac4-55c9-11ee-b496-005056a90284\/c2d5ea21b2fe0b59a676acc59ad2aa0f5df2bb3d.jpg\" alt=\"Alors que les pays les plus vuln\u00e9rables sont frapp\u00e9s par une avalanche de crises, des dizaines de dirigeants se retrouvent \u00e0 l'ONU pour relancer les promesses d\u00e9\u00e7ues d'am\u00e9liorer radicalement le sort de l'humanit\u00e9\"\/><\/figure>\n\n\n\n<p>Alors que les pays les plus vuln\u00e9rables sont frapp\u00e9s par une avalanche de crises, des dizaines de dirigeants se retrouvent \u00e0 l&#8217;ONU pour relancer les promesses d\u00e9\u00e7ues d&#8217;am\u00e9liorer radicalement le sort de l&#8217;humanit\u00e9&nbsp;\u00a9 Hussein Faleh \/ AFP<\/p>\n\n\n\n<p>Alors ce sommet est &#8220;un espace vital pour faire des changements&#8221;, a comment\u00e9 Abby Maxman, de l&#8217;ONG Oxfam, appelant les dirigeants \u00e0 prendre des &#8220;engagements significatifs, suivis de v\u00e9ritables actions&#8221;.<\/p>\n\n\n\n<p>Selon le projet de d\u00e9claration qui doit \u00eatre adopt\u00e9 lundi, les \u00c9tats membres vont s&#8217;engager \u00e0 &#8220;agir avec urgence&#8221; pour rendre r\u00e9el ce &#8220;plan d&#8217;action pour les gens, la plan\u00e8te, la prosp\u00e9rit\u00e9, la paix et le partenariat, et ne laisser personne sur le bord de la route&#8221;. Dans cette optique, ils devraient notamment &#8220;soutenir&#8221; une r\u00e9forme de l&#8217;architecture financi\u00e8re internationale, alors que de nombreux pays en d\u00e9veloppement sont paralys\u00e9s par le poids de leur dette.<\/p>\n\n\n\n<p>Mais &#8220;est-ce que ce sommet sur les ODD ravivera un sentiment d&#8221;espoir, d&#8217;optimisme et d&#8217;enthousiasme'&#8221;, comme il a \u00e9t\u00e9 pr\u00e9sent\u00e9&nbsp;? Je suis plut\u00f4t sceptique&#8221;, a estim\u00e9 Noam Unger, du cercle de r\u00e9flexion am\u00e9ricain Center for Strategic and International Studies (CSIS), qui craint que cela ne se r\u00e9duise \u00e0 &#8220;une s\u00e9ance photo chic de haut niveau&#8221;.<\/p>\n\n\n\n<h2 class=\"wp-block-heading\">&#8220;Les plus vuln\u00e9rables nous regardent&#8221;<\/h2>\n\n\n\n<p>Mais les pays du Sud, dont les dirigeants seront pr\u00e9sents en masse lundi, esp\u00e8rent davantage. Face \u00e0 leurs revendications et ressentiment, les diplomates occidentaux ont d&#8217;ailleurs pris soin d&#8217;insister sur le fait que le d\u00e9veloppement est leur priorit\u00e9 pour cette grand-messe annuelle.<\/p>\n\n\n\n<p>&#8220;Les plus vuln\u00e9rables dans le monde nous regardent, comme cette jeune femme que j&#8217;ai rencontr\u00e9e au Tchad la semaine derni\u00e8re, qui a fui la violence impensable au Soudan&#8221;, a d\u00e9clar\u00e9 l&#8217;ambassadrice am\u00e9ricaine \u00e0 l&#8217;ONU, Linda Thomas-Greenfield. &#8220;Cette jeune femme compte sur nous&#8221;.<\/p>\n\n\n\n<figure class=\"wp-block-image\"><img decoding=\"async\" src=\"https:\/\/s.france24.com\/media\/display\/349168b8-55c9-11ee-b0a8-005056a90321\/b24830b82083c086fd6d99f76da8db11c61c21ad.jpg\" alt=\"L'ambassadrice am\u00e9ricaine \u00e0 l'ONU, Linda Thomas-Greenfield, s'exprime lors d'une conf\u00e9rence de presse au si\u00e8ge des Nations unies, \u00e0 New York, le 24 ao\u00fbt 2023\"\/><\/figure>\n\n\n\n<p>L&#8217;ambassadrice am\u00e9ricaine \u00e0 l&#8217;ONU, Linda Thomas-Greenfield, s&#8217;exprime lors d&#8217;une conf\u00e9rence de presse au si\u00e8ge des Nations unies, \u00e0 New York, le 24 ao\u00fbt 2023&nbsp;\u00a9 Yuki Iwamura, AFP<\/p>\n\n\n\n<p>Emportez l&#8217;actualit\u00e9 internationale partout avec vous ! T\u00e9l\u00e9chargez l&#8217;application France 24<a href=\"https:\/\/play.google.com\/store\/apps\/details?id=com.france24.androidapp\" target=\"_blank\" rel=\"noreferrer noopener\" class=\"o-self-promo__link o-self-promo__link--app o-self-promo__link--android\"><\/a><\/p>\n\n\n\n<p>&#8220;Il y a un foss\u00e9 grandissant entre le monde en d\u00e9veloppement et le monde d\u00e9velopp\u00e9&#8221;, a not\u00e9 de son c\u00f4t\u00e9 un haut diplomate europ\u00e9en. Et il faut &#8220;s&#8217;assurer que ce foss\u00e9 ne se creuse pas encore plus&#8221;, a-t-il ajout\u00e9, reconnaissant que la guerre en Ukraine &#8220;vole l&#8217;attention politique et \u00e9conomique \u00e0 des probl\u00e8mes mondiaux urgents comme la s\u00e9curit\u00e9 alimentaire, les catastrophes climatiques, les in\u00e9galit\u00e9s, l&#8217;acc\u00e8s aux financements&#8221;.<\/p>\n\n\n\n<p>Ces questions existentielles, en particulier pour les pays les plus pauvres, risquent de c\u00e9der le devant de la sc\u00e8ne cette semaine au pr\u00e9sident ukrainien qui montera pour la premi\u00e8re fois \u00e0 la tribune de l&#8217;ONU, avant un Conseil de s\u00e9curit\u00e9 sur l&#8217;Ukraine mercredi.<\/p>\n\n\n\n<p>Une visite qui pourrait encore plus contrarier les pays du Sud s&#8217;il adopte une &#8220;ligne dure&#8221; r\u00e9clamant encore des armes \u00e0 ses alli\u00e9s, met en garde Richard Gowan, de l&#8217;International Crisis Group.<\/p>\n\n\n\n<p>France24 <\/p>\n\n\n\n\n","protected":false},"excerpt":{"rendered":"<p>Le sommet sur le d\u00e9veloppement s&#8217;ouvre lundi, \u00e0 l&#8217;ONU, l&#8217;occasion de relancer les promesses visant \u00e0 construire un avenir meilleur et plus durable d&#8217;ici \u00e0 2030. Ce sommet pourrait cependant \u00eatre \u00e9clips\u00e9 par la pr\u00e9sence du pr\u00e9sident ukrainien Volodymyr Zelensky. Alors que les pays les plus vuln\u00e9rables sont frapp\u00e9s de plein fouet par une avalanche [&hellip;]<\/p>\n","protected":false},"author":2,"featured_media":532,"comment_status":"open","ping_status":"open","sticky":false,"template":"","format":"standard","meta":{"jnews-multi-image_gallery":[],"jnews_single_post":[],"jnews_primary_category":[],"footnotes":""},"categories":[1,65],"tags":[],"class_list":["post-529","post","type-post","status-publish","format-standard","has-post-thumbnail","hentry","category-blog","category-monde"],"yoast_head":"<!-- This site is optimized with the Yoast SEO plugin v27.3 - https:\/\/yoast.com\/product\/yoast-seo-wordpress\/ -->\n<title>Des dizaines de dirigeants \u00e0 l&#039;ONU pour relancer les objectifs sur le bien-\u00eatre de l&#039;humanit\u00e9 - Presseinvestigation<\/title>\n<meta name=\"robots\" content=\"index, follow, max-snippet:-1, max-image-preview:large, max-video-preview:-1\" \/>\n<link rel=\"canonical\" href=\"https:\/\/www.presseinvestigation.com\/index.php\/2023\/09\/19\/des-dizaines-de-dirigeants-a-lonu-pour-relancer-les-objectifs-sur-le-bien-etre-de-lhumanite\/\" \/>\n<meta property=\"og:locale\" content=\"fr_FR\" \/>\n<meta property=\"og:type\" content=\"article\" \/>\n<meta property=\"og:title\" content=\"Des dizaines de dirigeants \u00e0 l&#039;ONU pour relancer les objectifs sur le bien-\u00eatre de l&#039;humanit\u00e9 - Presseinvestigation\" \/>\n<meta property=\"og:description\" content=\"Le sommet sur le d\u00e9veloppement s&#8217;ouvre lundi, \u00e0 l&#8217;ONU, l&#8217;occasion de relancer les promesses visant \u00e0 construire un avenir meilleur et plus durable d&#8217;ici \u00e0 2030. Ce sommet pourrait cependant \u00eatre \u00e9clips\u00e9 par la pr\u00e9sence du pr\u00e9sident ukrainien Volodymyr Zelensky. Alors que les pays les plus vuln\u00e9rables sont frapp\u00e9s de plein fouet par une avalanche [&hellip;]\" \/>\n<meta property=\"og:url\" content=\"https:\/\/www.presseinvestigation.com\/index.php\/2023\/09\/19\/des-dizaines-de-dirigeants-a-lonu-pour-relancer-les-objectifs-sur-le-bien-etre-de-lhumanite\/\" \/>\n<meta property=\"og:site_name\" content=\"Presseinvestigation\" \/>\n<meta property=\"article:published_time\" content=\"2023-09-19T14:00:46+00:00\" \/>\n<meta property=\"article:modified_time\" content=\"2023-09-19T14:02:48+00:00\" \/>\n<meta property=\"og:image\" content=\"https:\/\/www.presseinvestigation.com\/wp-content\/uploads\/2023\/09\/thumbs_b_c_376fd67fa63959b70eada06a3b27c889-1.jpg\" \/>\n\t<meta property=\"og:image:width\" content=\"864\" \/>\n\t<meta property=\"og:image:height\" content=\"486\" \/>\n\t<meta property=\"og:image:type\" content=\"image\/jpeg\" \/>\n<meta name=\"author\" content=\"Presseinvestigation.com\" \/>\n<meta name=\"twitter:card\" content=\"summary_large_image\" \/>\n<meta name=\"twitter:label1\" content=\"\u00c9crit par\" \/>\n\t<meta name=\"twitter:data1\" content=\"Presseinvestigation.com\" \/>\n\t<meta name=\"twitter:label2\" content=\"Dur\u00e9e de lecture estim\u00e9e\" \/>\n\t<meta name=\"twitter:data2\" content=\"8 minutes\" \/>\n<script type=\"application\/ld+json\" class=\"yoast-schema-graph\">{\"@context\":\"https:\\\/\\\/schema.org\",\"@graph\":[{\"@type\":\"Article\",\"@id\":\"https:\\\/\\\/www.presseinvestigation.com\\\/index.php\\\/2023\\\/09\\\/19\\\/des-dizaines-de-dirigeants-a-lonu-pour-relancer-les-objectifs-sur-le-bien-etre-de-lhumanite\\\/#article\",\"isPartOf\":{\"@id\":\"https:\\\/\\\/www.presseinvestigation.com\\\/index.php\\\/2023\\\/09\\\/19\\\/des-dizaines-de-dirigeants-a-lonu-pour-relancer-les-objectifs-sur-le-bien-etre-de-lhumanite\\\/\"},\"author\":{\"name\":\"Presseinvestigation.com\",\"@id\":\"https:\\\/\\\/www.presseinvestigation.com\\\/#\\\/schema\\\/person\\\/32d023733a4a9d7c3bd6883619b8f116\"},\"headline\":\"Des dizaines de dirigeants \u00e0 l&#8217;ONU pour relancer les objectifs sur le bien-\u00eatre de l&#8217;humanit\u00e9\",\"datePublished\":\"2023-09-19T14:00:46+00:00\",\"dateModified\":\"2023-09-19T14:02:48+00:00\",\"mainEntityOfPage\":{\"@id\":\"https:\\\/\\\/www.presseinvestigation.com\\\/index.php\\\/2023\\\/09\\\/19\\\/des-dizaines-de-dirigeants-a-lonu-pour-relancer-les-objectifs-sur-le-bien-etre-de-lhumanite\\\/\"},\"wordCount\":1733,\"commentCount\":0,\"image\":{\"@id\":\"https:\\\/\\\/www.presseinvestigation.com\\\/index.php\\\/2023\\\/09\\\/19\\\/des-dizaines-de-dirigeants-a-lonu-pour-relancer-les-objectifs-sur-le-bien-etre-de-lhumanite\\\/#primaryimage\"},\"thumbnailUrl\":\"https:\\\/\\\/www.presseinvestigation.com\\\/wp-content\\\/uploads\\\/2023\\\/09\\\/thumbs_b_c_376fd67fa63959b70eada06a3b27c889-1.jpg\",\"articleSection\":[\"Blog\",\"Monde\"],\"inLanguage\":\"fr-FR\",\"potentialAction\":[{\"@type\":\"CommentAction\",\"name\":\"Comment\",\"target\":[\"https:\\\/\\\/www.presseinvestigation.com\\\/index.php\\\/2023\\\/09\\\/19\\\/des-dizaines-de-dirigeants-a-lonu-pour-relancer-les-objectifs-sur-le-bien-etre-de-lhumanite\\\/#respond\"]}]},{\"@type\":\"WebPage\",\"@id\":\"https:\\\/\\\/www.presseinvestigation.com\\\/index.php\\\/2023\\\/09\\\/19\\\/des-dizaines-de-dirigeants-a-lonu-pour-relancer-les-objectifs-sur-le-bien-etre-de-lhumanite\\\/\",\"url\":\"https:\\\/\\\/www.presseinvestigation.com\\\/index.php\\\/2023\\\/09\\\/19\\\/des-dizaines-de-dirigeants-a-lonu-pour-relancer-les-objectifs-sur-le-bien-etre-de-lhumanite\\\/\",\"name\":\"Des dizaines de dirigeants \u00e0 l'ONU pour relancer les objectifs sur le bien-\u00eatre de l'humanit\u00e9 - Presseinvestigation\",\"isPartOf\":{\"@id\":\"https:\\\/\\\/www.presseinvestigation.com\\\/#website\"},\"primaryImageOfPage\":{\"@id\":\"https:\\\/\\\/www.presseinvestigation.com\\\/index.php\\\/2023\\\/09\\\/19\\\/des-dizaines-de-dirigeants-a-lonu-pour-relancer-les-objectifs-sur-le-bien-etre-de-lhumanite\\\/#primaryimage\"},\"image\":{\"@id\":\"https:\\\/\\\/www.presseinvestigation.com\\\/index.php\\\/2023\\\/09\\\/19\\\/des-dizaines-de-dirigeants-a-lonu-pour-relancer-les-objectifs-sur-le-bien-etre-de-lhumanite\\\/#primaryimage\"},\"thumbnailUrl\":\"https:\\\/\\\/www.presseinvestigation.com\\\/wp-content\\\/uploads\\\/2023\\\/09\\\/thumbs_b_c_376fd67fa63959b70eada06a3b27c889-1.jpg\",\"datePublished\":\"2023-09-19T14:00:46+00:00\",\"dateModified\":\"2023-09-19T14:02:48+00:00\",\"author\":{\"@id\":\"https:\\\/\\\/www.presseinvestigation.com\\\/#\\\/schema\\\/person\\\/32d023733a4a9d7c3bd6883619b8f116\"},\"breadcrumb\":{\"@id\":\"https:\\\/\\\/www.presseinvestigation.com\\\/index.php\\\/2023\\\/09\\\/19\\\/des-dizaines-de-dirigeants-a-lonu-pour-relancer-les-objectifs-sur-le-bien-etre-de-lhumanite\\\/#breadcrumb\"},\"inLanguage\":\"fr-FR\",\"potentialAction\":[{\"@type\":\"ReadAction\",\"target\":[\"https:\\\/\\\/www.presseinvestigation.com\\\/index.php\\\/2023\\\/09\\\/19\\\/des-dizaines-de-dirigeants-a-lonu-pour-relancer-les-objectifs-sur-le-bien-etre-de-lhumanite\\\/\"]}]},{\"@type\":\"ImageObject\",\"inLanguage\":\"fr-FR\",\"@id\":\"https:\\\/\\\/www.presseinvestigation.com\\\/index.php\\\/2023\\\/09\\\/19\\\/des-dizaines-de-dirigeants-a-lonu-pour-relancer-les-objectifs-sur-le-bien-etre-de-lhumanite\\\/#primaryimage\",\"url\":\"https:\\\/\\\/www.presseinvestigation.com\\\/wp-content\\\/uploads\\\/2023\\\/09\\\/thumbs_b_c_376fd67fa63959b70eada06a3b27c889-1.jpg\",\"contentUrl\":\"https:\\\/\\\/www.presseinvestigation.com\\\/wp-content\\\/uploads\\\/2023\\\/09\\\/thumbs_b_c_376fd67fa63959b70eada06a3b27c889-1.jpg\",\"width\":864,\"height\":486},{\"@type\":\"BreadcrumbList\",\"@id\":\"https:\\\/\\\/www.presseinvestigation.com\\\/index.php\\\/2023\\\/09\\\/19\\\/des-dizaines-de-dirigeants-a-lonu-pour-relancer-les-objectifs-sur-le-bien-etre-de-lhumanite\\\/#breadcrumb\",\"itemListElement\":[{\"@type\":\"ListItem\",\"position\":1,\"name\":\"Accueil\",\"item\":\"https:\\\/\\\/www.presseinvestigation.com\\\/\"},{\"@type\":\"ListItem\",\"position\":2,\"name\":\"Des dizaines de dirigeants \u00e0 l&rsquo;ONU pour relancer les objectifs sur le bien-\u00eatre de l&rsquo;humanit\u00e9\"}]},{\"@type\":\"WebSite\",\"@id\":\"https:\\\/\\\/www.presseinvestigation.com\\\/#website\",\"url\":\"https:\\\/\\\/www.presseinvestigation.com\\\/\",\"name\":\"Presseinvestigation\",\"description\":\"Informer dans l&#039;impartialit\u00e9\",\"potentialAction\":[{\"@type\":\"SearchAction\",\"target\":{\"@type\":\"EntryPoint\",\"urlTemplate\":\"https:\\\/\\\/www.presseinvestigation.com\\\/?s={search_term_string}\"},\"query-input\":{\"@type\":\"PropertyValueSpecification\",\"valueRequired\":true,\"valueName\":\"search_term_string\"}}],\"inLanguage\":\"fr-FR\"},{\"@type\":\"Person\",\"@id\":\"https:\\\/\\\/www.presseinvestigation.com\\\/#\\\/schema\\\/person\\\/32d023733a4a9d7c3bd6883619b8f116\",\"name\":\"Presseinvestigation.com\",\"image\":{\"@type\":\"ImageObject\",\"inLanguage\":\"fr-FR\",\"@id\":\"https:\\\/\\\/secure.gravatar.com\\\/avatar\\\/26f9c9e95424b0bde739ba0af37ee39a9e4a9e809967422c5b8e8573a34fbbe0?s=96&d=mm&r=g\",\"url\":\"https:\\\/\\\/secure.gravatar.com\\\/avatar\\\/26f9c9e95424b0bde739ba0af37ee39a9e4a9e809967422c5b8e8573a34fbbe0?s=96&d=mm&r=g\",\"contentUrl\":\"https:\\\/\\\/secure.gravatar.com\\\/avatar\\\/26f9c9e95424b0bde739ba0af37ee39a9e4a9e809967422c5b8e8573a34fbbe0?s=96&d=mm&r=g\",\"caption\":\"Presseinvestigation.com\"},\"url\":\"https:\\\/\\\/www.presseinvestigation.com\\\/index.php\\\/author\\\/toumany\\\/\"}]}<\/script>\n<!-- \/ Yoast SEO plugin. -->","yoast_head_json":{"title":"Des dizaines de dirigeants \u00e0 l'ONU pour relancer les objectifs sur le bien-\u00eatre de l'humanit\u00e9 - Presseinvestigation","robots":{"index":"index","follow":"follow","max-snippet":"max-snippet:-1","max-image-preview":"max-image-preview:large","max-video-preview":"max-video-preview:-1"},"canonical":"https:\/\/www.presseinvestigation.com\/index.php\/2023\/09\/19\/des-dizaines-de-dirigeants-a-lonu-pour-relancer-les-objectifs-sur-le-bien-etre-de-lhumanite\/","og_locale":"fr_FR","og_type":"article","og_title":"Des dizaines de dirigeants \u00e0 l'ONU pour relancer les objectifs sur le bien-\u00eatre de l'humanit\u00e9 - Presseinvestigation","og_description":"Le sommet sur le d\u00e9veloppement s&#8217;ouvre lundi, \u00e0 l&#8217;ONU, l&#8217;occasion de relancer les promesses visant \u00e0 construire un avenir meilleur et plus durable d&#8217;ici \u00e0 2030. Ce sommet pourrait cependant \u00eatre \u00e9clips\u00e9 par la pr\u00e9sence du pr\u00e9sident ukrainien Volodymyr Zelensky. Alors que les pays les plus vuln\u00e9rables sont frapp\u00e9s de plein fouet par une avalanche [&hellip;]","og_url":"https:\/\/www.presseinvestigation.com\/index.php\/2023\/09\/19\/des-dizaines-de-dirigeants-a-lonu-pour-relancer-les-objectifs-sur-le-bien-etre-de-lhumanite\/","og_site_name":"Presseinvestigation","article_published_time":"2023-09-19T14:00:46+00:00","article_modified_time":"2023-09-19T14:02:48+00:00","og_image":[{"width":864,"height":486,"url":"https:\/\/www.presseinvestigation.com\/wp-content\/uploads\/2023\/09\/thumbs_b_c_376fd67fa63959b70eada06a3b27c889-1.jpg","type":"image\/jpeg"}],"author":"Presseinvestigation.com","twitter_card":"summary_large_image","twitter_misc":{"\u00c9crit par":"Presseinvestigation.com","Dur\u00e9e de lecture estim\u00e9e":"8 minutes"},"schema":{"@context":"https:\/\/schema.org","@graph":[{"@type":"Article","@id":"https:\/\/www.presseinvestigation.com\/index.php\/2023\/09\/19\/des-dizaines-de-dirigeants-a-lonu-pour-relancer-les-objectifs-sur-le-bien-etre-de-lhumanite\/#article","isPartOf":{"@id":"https:\/\/www.presseinvestigation.com\/index.php\/2023\/09\/19\/des-dizaines-de-dirigeants-a-lonu-pour-relancer-les-objectifs-sur-le-bien-etre-de-lhumanite\/"},"author":{"name":"Presseinvestigation.com","@id":"https:\/\/www.presseinvestigation.com\/#\/schema\/person\/32d023733a4a9d7c3bd6883619b8f116"},"headline":"Des dizaines de dirigeants \u00e0 l&#8217;ONU pour relancer les objectifs sur le bien-\u00eatre de l&#8217;humanit\u00e9","datePublished":"2023-09-19T14:00:46+00:00","dateModified":"2023-09-19T14:02:48+00:00","mainEntityOfPage":{"@id":"https:\/\/www.presseinvestigation.com\/index.php\/2023\/09\/19\/des-dizaines-de-dirigeants-a-lonu-pour-relancer-les-objectifs-sur-le-bien-etre-de-lhumanite\/"},"wordCount":1733,"commentCount":0,"image":{"@id":"https:\/\/www.presseinvestigation.com\/index.php\/2023\/09\/19\/des-dizaines-de-dirigeants-a-lonu-pour-relancer-les-objectifs-sur-le-bien-etre-de-lhumanite\/#primaryimage"},"thumbnailUrl":"https:\/\/www.presseinvestigation.com\/wp-content\/uploads\/2023\/09\/thumbs_b_c_376fd67fa63959b70eada06a3b27c889-1.jpg","articleSection":["Blog","Monde"],"inLanguage":"fr-FR","potentialAction":[{"@type":"CommentAction","name":"Comment","target":["https:\/\/www.presseinvestigation.com\/index.php\/2023\/09\/19\/des-dizaines-de-dirigeants-a-lonu-pour-relancer-les-objectifs-sur-le-bien-etre-de-lhumanite\/#respond"]}]},{"@type":"WebPage","@id":"https:\/\/www.presseinvestigation.com\/index.php\/2023\/09\/19\/des-dizaines-de-dirigeants-a-lonu-pour-relancer-les-objectifs-sur-le-bien-etre-de-lhumanite\/","url":"https:\/\/www.presseinvestigation.com\/index.php\/2023\/09\/19\/des-dizaines-de-dirigeants-a-lonu-pour-relancer-les-objectifs-sur-le-bien-etre-de-lhumanite\/","name":"Des dizaines de dirigeants \u00e0 l'ONU pour relancer les objectifs sur le bien-\u00eatre de l'humanit\u00e9 - Presseinvestigation","isPartOf":{"@id":"https:\/\/www.presseinvestigation.com\/#website"},"primaryImageOfPage":{"@id":"https:\/\/www.presseinvestigation.com\/index.php\/2023\/09\/19\/des-dizaines-de-dirigeants-a-lonu-pour-relancer-les-objectifs-sur-le-bien-etre-de-lhumanite\/#primaryimage"},"image":{"@id":"https:\/\/www.presseinvestigation.com\/index.php\/2023\/09\/19\/des-dizaines-de-dirigeants-a-lonu-pour-relancer-les-objectifs-sur-le-bien-etre-de-lhumanite\/#primaryimage"},"thumbnailUrl":"https:\/\/www.presseinvestigation.com\/wp-content\/uploads\/2023\/09\/thumbs_b_c_376fd67fa63959b70eada06a3b27c889-1.jpg","datePublished":"2023-09-19T14:00:46+00:00","dateModified":"2023-09-19T14:02:48+00:00","author":{"@id":"https:\/\/www.presseinvestigation.com\/#\/schema\/person\/32d023733a4a9d7c3bd6883619b8f116"},"breadcrumb":{"@id":"https:\/\/www.presseinvestigation.com\/index.php\/2023\/09\/19\/des-dizaines-de-dirigeants-a-lonu-pour-relancer-les-objectifs-sur-le-bien-etre-de-lhumanite\/#breadcrumb"},"inLanguage":"fr-FR","potentialAction":[{"@type":"ReadAction","target":["https:\/\/www.presseinvestigation.com\/index.php\/2023\/09\/19\/des-dizaines-de-dirigeants-a-lonu-pour-relancer-les-objectifs-sur-le-bien-etre-de-lhumanite\/"]}]},{"@type":"ImageObject","inLanguage":"fr-FR","@id":"https:\/\/www.presseinvestigation.com\/index.php\/2023\/09\/19\/des-dizaines-de-dirigeants-a-lonu-pour-relancer-les-objectifs-sur-le-bien-etre-de-lhumanite\/#primaryimage","url":"https:\/\/www.presseinvestigation.com\/wp-content\/uploads\/2023\/09\/thumbs_b_c_376fd67fa63959b70eada06a3b27c889-1.jpg","contentUrl":"https:\/\/www.presseinvestigation.com\/wp-content\/uploads\/2023\/09\/thumbs_b_c_376fd67fa63959b70eada06a3b27c889-1.jpg","width":864,"height":486},{"@type":"BreadcrumbList","@id":"https:\/\/www.presseinvestigation.com\/index.php\/2023\/09\/19\/des-dizaines-de-dirigeants-a-lonu-pour-relancer-les-objectifs-sur-le-bien-etre-de-lhumanite\/#breadcrumb","itemListElement":[{"@type":"ListItem","position":1,"name":"Accueil","item":"https:\/\/www.presseinvestigation.com\/"},{"@type":"ListItem","position":2,"name":"Des dizaines de dirigeants \u00e0 l&rsquo;ONU pour relancer les objectifs sur le bien-\u00eatre de l&rsquo;humanit\u00e9"}]},{"@type":"WebSite","@id":"https:\/\/www.presseinvestigation.com\/#website","url":"https:\/\/www.presseinvestigation.com\/","name":"Presseinvestigation","description":"Informer dans l&#039;impartialit\u00e9","potentialAction":[{"@type":"SearchAction","target":{"@type":"EntryPoint","urlTemplate":"https:\/\/www.presseinvestigation.com\/?s={search_term_string}"},"query-input":{"@type":"PropertyValueSpecification","valueRequired":true,"valueName":"search_term_string"}}],"inLanguage":"fr-FR"},{"@type":"Person","@id":"https:\/\/www.presseinvestigation.com\/#\/schema\/person\/32d023733a4a9d7c3bd6883619b8f116","name":"Presseinvestigation.com","image":{"@type":"ImageObject","inLanguage":"fr-FR","@id":"https:\/\/secure.gravatar.com\/avatar\/26f9c9e95424b0bde739ba0af37ee39a9e4a9e809967422c5b8e8573a34fbbe0?s=96&d=mm&r=g","url":"https:\/\/secure.gravatar.com\/avatar\/26f9c9e95424b0bde739ba0af37ee39a9e4a9e809967422c5b8e8573a34fbbe0?s=96&d=mm&r=g","contentUrl":"https:\/\/secure.gravatar.com\/avatar\/26f9c9e95424b0bde739ba0af37ee39a9e4a9e809967422c5b8e8573a34fbbe0?s=96&d=mm&r=g","caption":"Presseinvestigation.com"},"url":"https:\/\/www.presseinvestigation.com\/index.php\/author\/toumany\/"}]}},"_links":{"self":[{"href":"https:\/\/www.presseinvestigation.com\/index.php\/wp-json\/wp\/v2\/posts\/529","targetHints":{"allow":["GET"]}}],"collection":[{"href":"https:\/\/www.presseinvestigation.com\/index.php\/wp-json\/wp\/v2\/posts"}],"about":[{"href":"https:\/\/www.presseinvestigation.com\/index.php\/wp-json\/wp\/v2\/types\/post"}],"author":[{"embeddable":true,"href":"https:\/\/www.presseinvestigation.com\/index.php\/wp-json\/wp\/v2\/users\/2"}],"replies":[{"embeddable":true,"href":"https:\/\/www.presseinvestigation.com\/index.php\/wp-json\/wp\/v2\/comments?post=529"}],"version-history":[{"count":3,"href":"https:\/\/www.presseinvestigation.com\/index.php\/wp-json\/wp\/v2\/posts\/529\/revisions"}],"predecessor-version":[{"id":534,"href":"https:\/\/www.presseinvestigation.com\/index.php\/wp-json\/wp\/v2\/posts\/529\/revisions\/534"}],"wp:featuredmedia":[{"embeddable":true,"href":"https:\/\/www.presseinvestigation.com\/index.php\/wp-json\/wp\/v2\/media\/532"}],"wp:attachment":[{"href":"https:\/\/www.presseinvestigation.com\/index.php\/wp-json\/wp\/v2\/media?parent=529"}],"wp:term":[{"taxonomy":"category","embeddable":true,"href":"https:\/\/www.presseinvestigation.com\/index.php\/wp-json\/wp\/v2\/categories?post=529"},{"taxonomy":"post_tag","embeddable":true,"href":"https:\/\/www.presseinvestigation.com\/index.php\/wp-json\/wp\/v2\/tags?post=529"}],"curies":[{"name":"wp","href":"https:\/\/api.w.org\/{rel}","templated":true}]}}