{"id":538,"date":"2023-09-19T19:12:05","date_gmt":"2023-09-19T17:12:05","guid":{"rendered":"https:\/\/www.presseinvestigation.com\/?p=538"},"modified":"2023-09-19T19:12:27","modified_gmt":"2023-09-19T17:12:27","slug":"niger-emmanuel-macron-affirme-que-lambassadeur-de-france-est-pris-en-otage","status":"publish","type":"post","link":"https:\/\/www.presseinvestigation.com\/index.php\/2023\/09\/19\/niger-emmanuel-macron-affirme-que-lambassadeur-de-france-est-pris-en-otage\/","title":{"rendered":"Niger: Emmanuel Macron affirme que l\u2019ambassadeur de France est \u00abpris en otage\u00bb"},"content":{"rendered":"\n<p>Le pr\u00e9sident fran\u00e7ais Emmanuel Macron a d\u00e9clar\u00e9 vendredi que l\u2019ambassadeur de France au Niger, Sylvain Itt\u00e9, \u00e9tait pris en \u00ab otage \u00bb \u00e0 l\u2019int\u00e9rieur de l\u2019ambassade par les militaires au pouvoir et ne se nourrissait plus que de \u00ab rations militaires \u00bb.<\/p>\n\n\n\n<p>\u00ab Au Niger, au moment o\u00f9 je vous parle, nous avons un ambassadeur et des membres diplomatiques qui sont pris en otage litt\u00e9ralement \u00e0 l\u2019ambassade de France \u00bb, a d\u00e9clar\u00e9 vendredi 15 septembre le chef de l\u2019\u00c9tat fran\u00e7ais lors d\u2019un d\u00e9placement \u00e0 Semur-en-Auxois, dans le centre-est de la France. \u00ab On emp\u00eache de livrer la nourriture. Il mange avec des rations militaires \u00bb, a ajout\u00e9 Emmanuel Macron, dans une allusion aux militaires qui ont renvers\u00e9 le pr\u00e9sident. L\u2019ambassadeur Sylvain Itt\u00e9 n\u2019a \u00ab plus la possibilit\u00e9 de sortir, il est persona non grata et on refuse qu\u2019il puisse s\u2019alimenter \u00bb, a-t-il martel\u00e9.<\/p>\n\n\n\n<p>Les militaires, qui ont renvers\u00e9 le pr\u00e9sident Mohamed Bazoum et pris le pouvoir le 26 juillet, avaient ordonn\u00e9 fin ao\u00fbt l\u2019expulsion de l\u2019ambassadeur de France, apr\u00e8s le refus de Paris de se conformer \u00e0 un ultimatum exigeant son d\u00e9part. La France continue depuis de s\u2019opposer \u00e0 ce d\u00e9part, arguant que ce gouvernement n\u2019a aucune autorit\u00e9 pour fonder une telle requ\u00eate.<\/p>\n\n\n\n<p>Interrog\u00e9 sur un \u00e9ventuel rapatriement de l\u2019ambassadeur \u00e0 Paris, le chef de l\u2019\u00c9tat a r\u00e9it\u00e9r\u00e9 : \u00ab Je ferai ce que nous conviendrons avec le pr\u00e9sident Bazoum parce que c\u2019est lui l\u2019autorit\u00e9 l\u00e9gitime et je lui parle chaque jour \u00bb. Mohamed Bazoum est toujours consid\u00e9r\u00e9 par la France comme le chef de l\u2019\u00c9tat l\u00e9gitime du Niger.<\/p>\n\n\n\n<p>Sylvain Itt\u00e9 \u00ab travaille \u00bb et restera \u00e0 son poste tant que le pr\u00e9sident Macron le souhaite, a d\u00e9clar\u00e9 pour sa part la ministre des Affaires \u00e9trang\u00e8res Catherine Colonna. \u00ab Il nous est tr\u00e8s utile par ses contacts, par ceux de son \u00e9quipe, il y a encore une petite \u00e9quipe autour de lui \u00bb, a-t-elle dit sur LCI vendredi soir. \u00ab Il reste tant que nous souhaitons qu\u2019il reste. C\u2019est une d\u00e9cision qui appartient au pr\u00e9sident de la R\u00e9publique \u00bb, a-t-elle martel\u00e9.<\/p>\n\n\n\n<p>La France \u00ab continuera d\u2019accueillir, \u00e9videmment \u00bb des artistes<br \/>Le nouveau pouvoir en place a d\u00e9nonc\u00e9 les accords de coop\u00e9ration militaire avec la France et mise sur \u00ab un d\u00e9part rapide \u00bb des quelque 1 500 militaires fran\u00e7ais pr\u00e9sents dans le pays. Le 10 septembre, Emmanuel Macron avait d\u00e9j\u00e0 soulign\u00e9 qu\u2019un \u00e9ventuel red\u00e9ploiement des forces fran\u00e7aises stationn\u00e9es au Niger ne serait d\u00e9cid\u00e9 qu\u2019\u00e0 la demande du pr\u00e9sident Bazoum.<\/p>\n\n\n\n<p>Emmanuel Macron a par ailleurs confirm\u00e9 que la France \u00ab continuera d\u2019accueillir, \u00e9videmment \u00bb des artistes venus du Sahel alors que des voix se sont \u00e9lev\u00e9es dans le monde de la culture contre une directive de l\u2019administration demandant la suspension de toute collaboration avec des artistes du Niger, du Mali et du Burkina Faso. Il a toutefois conc\u00e9d\u00e9 que pour les artistes nig\u00e9riens n\u2019ayant pas encore leur visa, la situation s\u2019annon\u00e7ait compliqu\u00e9e car l\u2019acc\u00e8s aux services consulaires fran\u00e7ais n\u2019est plus possible. \u00ab C\u2019est pas qu\u2019on l\u2019interdit, c\u2019est qu\u2019on ne peut pas la donner [la possibilit\u00e9 d\u2019acc\u00e9der \u00e0 l\u2019ambassade, ndlr] \u00e0 cause des putschistes et pour des raisons de s\u00e9curit\u00e9 \u00bb, a affirm\u00e9 le pr\u00e9sident.<\/p>\n\n\n\n<p>(Avec AFP)<\/p>\n\n\n\n<figure class=\"wp-block-image size-large\"><img decoding=\"async\" src=\"https:\/\/www.presseinvestigation.com\/wp-content\/uploads\/2023\/09\/000-33tu7uz-65056b9dadb24805091208.jpg\" alt=\"\" class=\"wp-image-535\"\/><\/figure>\n\n\n\n\n\n\n\n<figure class=\"wp-block-image size-large\"><img decoding=\"async\" width=\"225\" height=\"128\" src=\"https:\/\/www.presseinvestigation.com\/wp-content\/uploads\/2023\/09\/download-10-2.jpg\" alt=\"\" class=\"wp-image-536\"\/><\/figure>\n","protected":false},"excerpt":{"rendered":"<p>Le pr\u00e9sident fran\u00e7ais Emmanuel Macron a d\u00e9clar\u00e9 vendredi que l\u2019ambassadeur de France au Niger, Sylvain Itt\u00e9, \u00e9tait pris en \u00ab otage \u00bb \u00e0 l\u2019int\u00e9rieur de l\u2019ambassade par les militaires au pouvoir et ne se nourrissait plus que de \u00ab rations militaires \u00bb. \u00ab Au Niger, au moment o\u00f9 je vous parle, nous avons un ambassadeur [&hellip;]<\/p>\n","protected":false},"author":2,"featured_media":537,"comment_status":"open","ping_status":"open","sticky":false,"template":"","format":"standard","meta":{"jnews-multi-image_gallery":[],"jnews_single_post":[],"jnews_primary_category":[],"footnotes":""},"categories":[4],"tags":[],"class_list":["post-538","post","type-post","status-publish","format-standard","has-post-thumbnail","hentry","category-afrique"],"yoast_head":"<!-- This site is optimized with the Yoast SEO plugin v27.3 - https:\/\/yoast.com\/product\/yoast-seo-wordpress\/ -->\n<title>Niger: Emmanuel Macron affirme que l\u2019ambassadeur de France est \u00abpris en otage\u00bb - Presseinvestigation<\/title>\n<meta name=\"robots\" content=\"index, follow, max-snippet:-1, max-image-preview:large, max-video-preview:-1\" \/>\n<link rel=\"canonical\" href=\"https:\/\/www.presseinvestigation.com\/index.php\/2023\/09\/19\/niger-emmanuel-macron-affirme-que-lambassadeur-de-france-est-pris-en-otage\/\" \/>\n<meta property=\"og:locale\" content=\"fr_FR\" \/>\n<meta property=\"og:type\" content=\"article\" \/>\n<meta property=\"og:title\" content=\"Niger: Emmanuel Macron affirme que l\u2019ambassadeur de France est \u00abpris en otage\u00bb - Presseinvestigation\" \/>\n<meta property=\"og:description\" content=\"Le pr\u00e9sident fran\u00e7ais Emmanuel Macron a d\u00e9clar\u00e9 vendredi que l\u2019ambassadeur de France au Niger, Sylvain Itt\u00e9, \u00e9tait pris en \u00ab otage \u00bb \u00e0 l\u2019int\u00e9rieur de l\u2019ambassade par les militaires au pouvoir et ne se nourrissait plus que de \u00ab rations militaires \u00bb. \u00ab Au Niger, au moment o\u00f9 je vous parle, nous avons un ambassadeur [&hellip;]\" \/>\n<meta property=\"og:url\" content=\"https:\/\/www.presseinvestigation.com\/index.php\/2023\/09\/19\/niger-emmanuel-macron-affirme-que-lambassadeur-de-france-est-pris-en-otage\/\" \/>\n<meta property=\"og:site_name\" content=\"Presseinvestigation\" \/>\n<meta property=\"article:published_time\" content=\"2023-09-19T17:12:05+00:00\" \/>\n<meta property=\"article:modified_time\" content=\"2023-09-19T17:12:27+00:00\" \/>\n<meta property=\"og:image\" content=\"https:\/\/www.presseinvestigation.com\/wp-content\/uploads\/2023\/09\/download-10-3.jpg\" \/>\n\t<meta property=\"og:image:width\" content=\"225\" \/>\n\t<meta property=\"og:image:height\" content=\"128\" \/>\n\t<meta property=\"og:image:type\" content=\"image\/jpeg\" \/>\n<meta name=\"author\" content=\"Presseinvestigation.com\" \/>\n<meta name=\"twitter:card\" content=\"summary_large_image\" \/>\n<meta name=\"twitter:label1\" content=\"\u00c9crit par\" \/>\n\t<meta name=\"twitter:data1\" content=\"Presseinvestigation.com\" \/>\n\t<meta name=\"twitter:label2\" content=\"Dur\u00e9e de lecture estim\u00e9e\" \/>\n\t<meta name=\"twitter:data2\" content=\"3 minutes\" \/>\n<script type=\"application\/ld+json\" class=\"yoast-schema-graph\">{\"@context\":\"https:\\\/\\\/schema.org\",\"@graph\":[{\"@type\":\"Article\",\"@id\":\"https:\\\/\\\/www.presseinvestigation.com\\\/index.php\\\/2023\\\/09\\\/19\\\/niger-emmanuel-macron-affirme-que-lambassadeur-de-france-est-pris-en-otage\\\/#article\",\"isPartOf\":{\"@id\":\"https:\\\/\\\/www.presseinvestigation.com\\\/index.php\\\/2023\\\/09\\\/19\\\/niger-emmanuel-macron-affirme-que-lambassadeur-de-france-est-pris-en-otage\\\/\"},\"author\":{\"name\":\"Presseinvestigation.com\",\"@id\":\"https:\\\/\\\/www.presseinvestigation.com\\\/#\\\/schema\\\/person\\\/32d023733a4a9d7c3bd6883619b8f116\"},\"headline\":\"Niger: Emmanuel Macron affirme que l\u2019ambassadeur de France est \u00abpris en otage\u00bb\",\"datePublished\":\"2023-09-19T17:12:05+00:00\",\"dateModified\":\"2023-09-19T17:12:27+00:00\",\"mainEntityOfPage\":{\"@id\":\"https:\\\/\\\/www.presseinvestigation.com\\\/index.php\\\/2023\\\/09\\\/19\\\/niger-emmanuel-macron-affirme-que-lambassadeur-de-france-est-pris-en-otage\\\/\"},\"wordCount\":582,\"commentCount\":0,\"image\":{\"@id\":\"https:\\\/\\\/www.presseinvestigation.com\\\/index.php\\\/2023\\\/09\\\/19\\\/niger-emmanuel-macron-affirme-que-lambassadeur-de-france-est-pris-en-otage\\\/#primaryimage\"},\"thumbnailUrl\":\"https:\\\/\\\/www.presseinvestigation.com\\\/wp-content\\\/uploads\\\/2023\\\/09\\\/download-10-3.jpg\",\"articleSection\":[\"Afrique\"],\"inLanguage\":\"fr-FR\",\"potentialAction\":[{\"@type\":\"CommentAction\",\"name\":\"Comment\",\"target\":[\"https:\\\/\\\/www.presseinvestigation.com\\\/index.php\\\/2023\\\/09\\\/19\\\/niger-emmanuel-macron-affirme-que-lambassadeur-de-france-est-pris-en-otage\\\/#respond\"]}]},{\"@type\":\"WebPage\",\"@id\":\"https:\\\/\\\/www.presseinvestigation.com\\\/index.php\\\/2023\\\/09\\\/19\\\/niger-emmanuel-macron-affirme-que-lambassadeur-de-france-est-pris-en-otage\\\/\",\"url\":\"https:\\\/\\\/www.presseinvestigation.com\\\/index.php\\\/2023\\\/09\\\/19\\\/niger-emmanuel-macron-affirme-que-lambassadeur-de-france-est-pris-en-otage\\\/\",\"name\":\"Niger: Emmanuel Macron affirme que l\u2019ambassadeur de France est \u00abpris en otage\u00bb - Presseinvestigation\",\"isPartOf\":{\"@id\":\"https:\\\/\\\/www.presseinvestigation.com\\\/#website\"},\"primaryImageOfPage\":{\"@id\":\"https:\\\/\\\/www.presseinvestigation.com\\\/index.php\\\/2023\\\/09\\\/19\\\/niger-emmanuel-macron-affirme-que-lambassadeur-de-france-est-pris-en-otage\\\/#primaryimage\"},\"image\":{\"@id\":\"https:\\\/\\\/www.presseinvestigation.com\\\/index.php\\\/2023\\\/09\\\/19\\\/niger-emmanuel-macron-affirme-que-lambassadeur-de-france-est-pris-en-otage\\\/#primaryimage\"},\"thumbnailUrl\":\"https:\\\/\\\/www.presseinvestigation.com\\\/wp-content\\\/uploads\\\/2023\\\/09\\\/download-10-3.jpg\",\"datePublished\":\"2023-09-19T17:12:05+00:00\",\"dateModified\":\"2023-09-19T17:12:27+00:00\",\"author\":{\"@id\":\"https:\\\/\\\/www.presseinvestigation.com\\\/#\\\/schema\\\/person\\\/32d023733a4a9d7c3bd6883619b8f116\"},\"breadcrumb\":{\"@id\":\"https:\\\/\\\/www.presseinvestigation.com\\\/index.php\\\/2023\\\/09\\\/19\\\/niger-emmanuel-macron-affirme-que-lambassadeur-de-france-est-pris-en-otage\\\/#breadcrumb\"},\"inLanguage\":\"fr-FR\",\"potentialAction\":[{\"@type\":\"ReadAction\",\"target\":[\"https:\\\/\\\/www.presseinvestigation.com\\\/index.php\\\/2023\\\/09\\\/19\\\/niger-emmanuel-macron-affirme-que-lambassadeur-de-france-est-pris-en-otage\\\/\"]}]},{\"@type\":\"ImageObject\",\"inLanguage\":\"fr-FR\",\"@id\":\"https:\\\/\\\/www.presseinvestigation.com\\\/index.php\\\/2023\\\/09\\\/19\\\/niger-emmanuel-macron-affirme-que-lambassadeur-de-france-est-pris-en-otage\\\/#primaryimage\",\"url\":\"https:\\\/\\\/www.presseinvestigation.com\\\/wp-content\\\/uploads\\\/2023\\\/09\\\/download-10-3.jpg\",\"contentUrl\":\"https:\\\/\\\/www.presseinvestigation.com\\\/wp-content\\\/uploads\\\/2023\\\/09\\\/download-10-3.jpg\",\"width\":225,\"height\":128},{\"@type\":\"BreadcrumbList\",\"@id\":\"https:\\\/\\\/www.presseinvestigation.com\\\/index.php\\\/2023\\\/09\\\/19\\\/niger-emmanuel-macron-affirme-que-lambassadeur-de-france-est-pris-en-otage\\\/#breadcrumb\",\"itemListElement\":[{\"@type\":\"ListItem\",\"position\":1,\"name\":\"Accueil\",\"item\":\"https:\\\/\\\/www.presseinvestigation.com\\\/\"},{\"@type\":\"ListItem\",\"position\":2,\"name\":\"Niger: Emmanuel Macron affirme que l\u2019ambassadeur de France est \u00abpris en otage\u00bb\"}]},{\"@type\":\"WebSite\",\"@id\":\"https:\\\/\\\/www.presseinvestigation.com\\\/#website\",\"url\":\"https:\\\/\\\/www.presseinvestigation.com\\\/\",\"name\":\"Presseinvestigation\",\"description\":\"Informer dans l&#039;impartialit\u00e9\",\"potentialAction\":[{\"@type\":\"SearchAction\",\"target\":{\"@type\":\"EntryPoint\",\"urlTemplate\":\"https:\\\/\\\/www.presseinvestigation.com\\\/?s={search_term_string}\"},\"query-input\":{\"@type\":\"PropertyValueSpecification\",\"valueRequired\":true,\"valueName\":\"search_term_string\"}}],\"inLanguage\":\"fr-FR\"},{\"@type\":\"Person\",\"@id\":\"https:\\\/\\\/www.presseinvestigation.com\\\/#\\\/schema\\\/person\\\/32d023733a4a9d7c3bd6883619b8f116\",\"name\":\"Presseinvestigation.com\",\"image\":{\"@type\":\"ImageObject\",\"inLanguage\":\"fr-FR\",\"@id\":\"https:\\\/\\\/secure.gravatar.com\\\/avatar\\\/26f9c9e95424b0bde739ba0af37ee39a9e4a9e809967422c5b8e8573a34fbbe0?s=96&d=mm&r=g\",\"url\":\"https:\\\/\\\/secure.gravatar.com\\\/avatar\\\/26f9c9e95424b0bde739ba0af37ee39a9e4a9e809967422c5b8e8573a34fbbe0?s=96&d=mm&r=g\",\"contentUrl\":\"https:\\\/\\\/secure.gravatar.com\\\/avatar\\\/26f9c9e95424b0bde739ba0af37ee39a9e4a9e809967422c5b8e8573a34fbbe0?s=96&d=mm&r=g\",\"caption\":\"Presseinvestigation.com\"},\"url\":\"https:\\\/\\\/www.presseinvestigation.com\\\/index.php\\\/author\\\/toumany\\\/\"}]}<\/script>\n<!-- \/ Yoast SEO plugin. -->","yoast_head_json":{"title":"Niger: Emmanuel Macron affirme que l\u2019ambassadeur de France est \u00abpris en otage\u00bb - Presseinvestigation","robots":{"index":"index","follow":"follow","max-snippet":"max-snippet:-1","max-image-preview":"max-image-preview:large","max-video-preview":"max-video-preview:-1"},"canonical":"https:\/\/www.presseinvestigation.com\/index.php\/2023\/09\/19\/niger-emmanuel-macron-affirme-que-lambassadeur-de-france-est-pris-en-otage\/","og_locale":"fr_FR","og_type":"article","og_title":"Niger: Emmanuel Macron affirme que l\u2019ambassadeur de France est \u00abpris en otage\u00bb - Presseinvestigation","og_description":"Le pr\u00e9sident fran\u00e7ais Emmanuel Macron a d\u00e9clar\u00e9 vendredi que l\u2019ambassadeur de France au Niger, Sylvain Itt\u00e9, \u00e9tait pris en \u00ab otage \u00bb \u00e0 l\u2019int\u00e9rieur de l\u2019ambassade par les militaires au pouvoir et ne se nourrissait plus que de \u00ab rations militaires \u00bb. \u00ab Au Niger, au moment o\u00f9 je vous parle, nous avons un ambassadeur [&hellip;]","og_url":"https:\/\/www.presseinvestigation.com\/index.php\/2023\/09\/19\/niger-emmanuel-macron-affirme-que-lambassadeur-de-france-est-pris-en-otage\/","og_site_name":"Presseinvestigation","article_published_time":"2023-09-19T17:12:05+00:00","article_modified_time":"2023-09-19T17:12:27+00:00","og_image":[{"width":225,"height":128,"url":"https:\/\/www.presseinvestigation.com\/wp-content\/uploads\/2023\/09\/download-10-3.jpg","type":"image\/jpeg"}],"author":"Presseinvestigation.com","twitter_card":"summary_large_image","twitter_misc":{"\u00c9crit par":"Presseinvestigation.com","Dur\u00e9e de lecture estim\u00e9e":"3 minutes"},"schema":{"@context":"https:\/\/schema.org","@graph":[{"@type":"Article","@id":"https:\/\/www.presseinvestigation.com\/index.php\/2023\/09\/19\/niger-emmanuel-macron-affirme-que-lambassadeur-de-france-est-pris-en-otage\/#article","isPartOf":{"@id":"https:\/\/www.presseinvestigation.com\/index.php\/2023\/09\/19\/niger-emmanuel-macron-affirme-que-lambassadeur-de-france-est-pris-en-otage\/"},"author":{"name":"Presseinvestigation.com","@id":"https:\/\/www.presseinvestigation.com\/#\/schema\/person\/32d023733a4a9d7c3bd6883619b8f116"},"headline":"Niger: Emmanuel Macron affirme que l\u2019ambassadeur de France est \u00abpris en otage\u00bb","datePublished":"2023-09-19T17:12:05+00:00","dateModified":"2023-09-19T17:12:27+00:00","mainEntityOfPage":{"@id":"https:\/\/www.presseinvestigation.com\/index.php\/2023\/09\/19\/niger-emmanuel-macron-affirme-que-lambassadeur-de-france-est-pris-en-otage\/"},"wordCount":582,"commentCount":0,"image":{"@id":"https:\/\/www.presseinvestigation.com\/index.php\/2023\/09\/19\/niger-emmanuel-macron-affirme-que-lambassadeur-de-france-est-pris-en-otage\/#primaryimage"},"thumbnailUrl":"https:\/\/www.presseinvestigation.com\/wp-content\/uploads\/2023\/09\/download-10-3.jpg","articleSection":["Afrique"],"inLanguage":"fr-FR","potentialAction":[{"@type":"CommentAction","name":"Comment","target":["https:\/\/www.presseinvestigation.com\/index.php\/2023\/09\/19\/niger-emmanuel-macron-affirme-que-lambassadeur-de-france-est-pris-en-otage\/#respond"]}]},{"@type":"WebPage","@id":"https:\/\/www.presseinvestigation.com\/index.php\/2023\/09\/19\/niger-emmanuel-macron-affirme-que-lambassadeur-de-france-est-pris-en-otage\/","url":"https:\/\/www.presseinvestigation.com\/index.php\/2023\/09\/19\/niger-emmanuel-macron-affirme-que-lambassadeur-de-france-est-pris-en-otage\/","name":"Niger: Emmanuel Macron affirme que l\u2019ambassadeur de France est \u00abpris en otage\u00bb - Presseinvestigation","isPartOf":{"@id":"https:\/\/www.presseinvestigation.com\/#website"},"primaryImageOfPage":{"@id":"https:\/\/www.presseinvestigation.com\/index.php\/2023\/09\/19\/niger-emmanuel-macron-affirme-que-lambassadeur-de-france-est-pris-en-otage\/#primaryimage"},"image":{"@id":"https:\/\/www.presseinvestigation.com\/index.php\/2023\/09\/19\/niger-emmanuel-macron-affirme-que-lambassadeur-de-france-est-pris-en-otage\/#primaryimage"},"thumbnailUrl":"https:\/\/www.presseinvestigation.com\/wp-content\/uploads\/2023\/09\/download-10-3.jpg","datePublished":"2023-09-19T17:12:05+00:00","dateModified":"2023-09-19T17:12:27+00:00","author":{"@id":"https:\/\/www.presseinvestigation.com\/#\/schema\/person\/32d023733a4a9d7c3bd6883619b8f116"},"breadcrumb":{"@id":"https:\/\/www.presseinvestigation.com\/index.php\/2023\/09\/19\/niger-emmanuel-macron-affirme-que-lambassadeur-de-france-est-pris-en-otage\/#breadcrumb"},"inLanguage":"fr-FR","potentialAction":[{"@type":"ReadAction","target":["https:\/\/www.presseinvestigation.com\/index.php\/2023\/09\/19\/niger-emmanuel-macron-affirme-que-lambassadeur-de-france-est-pris-en-otage\/"]}]},{"@type":"ImageObject","inLanguage":"fr-FR","@id":"https:\/\/www.presseinvestigation.com\/index.php\/2023\/09\/19\/niger-emmanuel-macron-affirme-que-lambassadeur-de-france-est-pris-en-otage\/#primaryimage","url":"https:\/\/www.presseinvestigation.com\/wp-content\/uploads\/2023\/09\/download-10-3.jpg","contentUrl":"https:\/\/www.presseinvestigation.com\/wp-content\/uploads\/2023\/09\/download-10-3.jpg","width":225,"height":128},{"@type":"BreadcrumbList","@id":"https:\/\/www.presseinvestigation.com\/index.php\/2023\/09\/19\/niger-emmanuel-macron-affirme-que-lambassadeur-de-france-est-pris-en-otage\/#breadcrumb","itemListElement":[{"@type":"ListItem","position":1,"name":"Accueil","item":"https:\/\/www.presseinvestigation.com\/"},{"@type":"ListItem","position":2,"name":"Niger: Emmanuel Macron affirme que l\u2019ambassadeur de France est \u00abpris en otage\u00bb"}]},{"@type":"WebSite","@id":"https:\/\/www.presseinvestigation.com\/#website","url":"https:\/\/www.presseinvestigation.com\/","name":"Presseinvestigation","description":"Informer dans l&#039;impartialit\u00e9","potentialAction":[{"@type":"SearchAction","target":{"@type":"EntryPoint","urlTemplate":"https:\/\/www.presseinvestigation.com\/?s={search_term_string}"},"query-input":{"@type":"PropertyValueSpecification","valueRequired":true,"valueName":"search_term_string"}}],"inLanguage":"fr-FR"},{"@type":"Person","@id":"https:\/\/www.presseinvestigation.com\/#\/schema\/person\/32d023733a4a9d7c3bd6883619b8f116","name":"Presseinvestigation.com","image":{"@type":"ImageObject","inLanguage":"fr-FR","@id":"https:\/\/secure.gravatar.com\/avatar\/26f9c9e95424b0bde739ba0af37ee39a9e4a9e809967422c5b8e8573a34fbbe0?s=96&d=mm&r=g","url":"https:\/\/secure.gravatar.com\/avatar\/26f9c9e95424b0bde739ba0af37ee39a9e4a9e809967422c5b8e8573a34fbbe0?s=96&d=mm&r=g","contentUrl":"https:\/\/secure.gravatar.com\/avatar\/26f9c9e95424b0bde739ba0af37ee39a9e4a9e809967422c5b8e8573a34fbbe0?s=96&d=mm&r=g","caption":"Presseinvestigation.com"},"url":"https:\/\/www.presseinvestigation.com\/index.php\/author\/toumany\/"}]}},"_links":{"self":[{"href":"https:\/\/www.presseinvestigation.com\/index.php\/wp-json\/wp\/v2\/posts\/538","targetHints":{"allow":["GET"]}}],"collection":[{"href":"https:\/\/www.presseinvestigation.com\/index.php\/wp-json\/wp\/v2\/posts"}],"about":[{"href":"https:\/\/www.presseinvestigation.com\/index.php\/wp-json\/wp\/v2\/types\/post"}],"author":[{"embeddable":true,"href":"https:\/\/www.presseinvestigation.com\/index.php\/wp-json\/wp\/v2\/users\/2"}],"replies":[{"embeddable":true,"href":"https:\/\/www.presseinvestigation.com\/index.php\/wp-json\/wp\/v2\/comments?post=538"}],"version-history":[{"count":1,"href":"https:\/\/www.presseinvestigation.com\/index.php\/wp-json\/wp\/v2\/posts\/538\/revisions"}],"predecessor-version":[{"id":539,"href":"https:\/\/www.presseinvestigation.com\/index.php\/wp-json\/wp\/v2\/posts\/538\/revisions\/539"}],"wp:featuredmedia":[{"embeddable":true,"href":"https:\/\/www.presseinvestigation.com\/index.php\/wp-json\/wp\/v2\/media\/537"}],"wp:attachment":[{"href":"https:\/\/www.presseinvestigation.com\/index.php\/wp-json\/wp\/v2\/media?parent=538"}],"wp:term":[{"taxonomy":"category","embeddable":true,"href":"https:\/\/www.presseinvestigation.com\/index.php\/wp-json\/wp\/v2\/categories?post=538"},{"taxonomy":"post_tag","embeddable":true,"href":"https:\/\/www.presseinvestigation.com\/index.php\/wp-json\/wp\/v2\/tags?post=538"}],"curies":[{"name":"wp","href":"https:\/\/api.w.org\/{rel}","templated":true}]}}