{"id":549,"date":"2023-09-21T22:21:00","date_gmt":"2023-09-21T20:21:00","guid":{"rendered":"https:\/\/www.presseinvestigation.com\/?p=549"},"modified":"2023-09-21T22:22:54","modified_gmt":"2023-09-21T20:22:54","slug":"tribune-de-lonu-voici-le-discours-integral-du-colonel-mamadi-doumbouya","status":"publish","type":"post","link":"https:\/\/www.presseinvestigation.com\/index.php\/2023\/09\/21\/tribune-de-lonu-voici-le-discours-integral-du-colonel-mamadi-doumbouya\/","title":{"rendered":"Tribune de l\u2019ONU : voici le discours int\u00e9gral du colonel Mamadi Doumbouya"},"content":{"rendered":"\n<figure class=\"wp-block-image size-large\"><img fetchpriority=\"high\" decoding=\"async\" width=\"1024\" height=\"573\" src=\"https:\/\/www.presseinvestigation.com\/wp-content\/uploads\/2023\/09\/IMG_5606-1024x573.jpeg\" alt=\"\" class=\"wp-image-548\" srcset=\"https:\/\/www.presseinvestigation.com\/wp-content\/uploads\/2023\/09\/IMG_5606-1024x573.jpeg 1024w, https:\/\/www.presseinvestigation.com\/wp-content\/uploads\/2023\/09\/IMG_5606-300x168.jpeg 300w, https:\/\/www.presseinvestigation.com\/wp-content\/uploads\/2023\/09\/IMG_5606-768x430.jpeg 768w, https:\/\/www.presseinvestigation.com\/wp-content\/uploads\/2023\/09\/IMG_5606-1536x859.jpeg 1536w, https:\/\/www.presseinvestigation.com\/wp-content\/uploads\/2023\/09\/IMG_5606-600x336.jpeg 600w, https:\/\/www.presseinvestigation.com\/wp-content\/uploads\/2023\/09\/IMG_5606-750x420.jpeg 750w, https:\/\/www.presseinvestigation.com\/wp-content\/uploads\/2023\/09\/IMG_5606-1140x638.jpeg 1140w, https:\/\/www.presseinvestigation.com\/wp-content\/uploads\/2023\/09\/IMG_5606.jpeg 1920w\" sizes=\"(max-width: 1024px) 100vw, 1024px\" \/><\/figure>\n\n\n\n<p>A la tribune de l\u2019Organisation des Nations Unies ce jeudi 21 septembre 2023, le pr\u00e9sident de la transition, le colonel Mamadi Doumbouya, a livr\u00e9 un discours qui a certes retenu l\u2019attention de nombreux observateurs.<\/p>\n\n\n\n<p><strong>Ci-dessous discours int\u00e9gral<\/strong><\/p>\n\n\n\n<p>Monsieur le Pr\u00e9sident,<\/p>\n\n\n\n<p>Excellences Mesdames et Messieurs les Chefs de d\u00e9l\u00e9gation,<\/p>\n\n\n\n<p>Monsieur le Secr\u00e9taire g\u00e9n\u00e9ral,<\/p>\n\n\n\n<p>Je voudrais avant de commencer, Monsieur le Pr\u00e9sident, vous adresser les chaleureuses f\u00e9licitations de la d\u00e9l\u00e9gation guin\u00e9enne pour votre brillante \u00e9lection \u00e0 la pr\u00e9sidence de la 78\u00e8me session ordinaire de l\u2019Assembl\u00e9e g\u00e9n\u00e9rale des Nations Unies.<\/p>\n\n\n\n<p>Je voudrais \u00e9galement devant cette auguste assembl\u00e9e, vous assurer du soutien de mon pays.<\/p>\n\n\n\n<p>Je souhaite par la m\u00eame occasion rendre un hommage m\u00e9rit\u00e9 \u00e0 votre pr\u00e9d\u00e9cesseur, Monsieur CSaba K\u0151r\u00f6si de la Hongrie.<\/p>\n\n\n\n<p>\u00c0 Monsieur le Secr\u00e9taire g\u00e9n\u00e9ral, Monsieur Antonio GUTERRESS, je le remercie pour le d\u00e9vouement avec lequel il dirige notre organisation.<\/p>\n\n\n\n<p>Monsieur le Pr\u00e9sident,<\/p>\n\n\n\n<p>Mesdames et Messieurs,<\/p>\n\n\n\n<p>En venant prendre part aux travaux de la 78\u00e8me session ordinaire de notre Assembl\u00e9e, je voudrais m\u2019acquitter d\u2019un devoir, celui de vous transmettre les chaleureuses salutations du peuple souverain de Guin\u00e9e.<\/p>\n\n\n\n<p>Mon pays qui continue de fonder un espoir en l\u2019Organisation des Nations Unies pour trouver des solutions idoines aux questions auxquelles notre monde continue d\u2019\u00eatre confront\u00e9. Dans ce cadre, nous pensons que les fondamentaux qui ont sous-tendu \u00e0 la cr\u00e9ation de notre organisation doivent s\u2019adapter aux mutations profondes de notre soci\u00e9t\u00e9.<\/p>\n\n\n\n<p>L\u2019objectif du th\u00e8me de la pr\u00e9sente session \u00ab Paix, prosp\u00e9rit\u00e9, progr\u00e8s et durabilit\u00e9 \u00bb, est d\u2019actualit\u00e9, \u00e9vocateur et m\u00e9rite une attention particuli\u00e8re de notre part.<\/p>\n\n\n\n<p>Epid\u00e9mie de coup d\u2019\u00e9tat en Afrique. Apr\u00e8s celle de la Covid-19, le continent est frapp\u00e9 par celle des putschs militaires. Notamment dans les pays francophones du sud du Sahara. C\u2019est tout le monde qui les condamne. Qui les sanctionne. Qui s\u2019\u00e9meut de la r\u00e9apparition brusque de cette pratique que l\u2019on croyait r\u00e9volu. A juste titre.<\/p>\n\n\n\n<p>Mais j\u2019ai envie de dire que la communaut\u00e9 internationale doit avoir l\u2019honn\u00eatet\u00e9 et la correction de ne pas se contenter de d\u00e9noncer les seules cons\u00e9quences, mais de s\u2019int\u00e9resser et de traiter les causes.<\/p>\n\n\n\n<p>Les coups d\u2019Etat, s\u2019ils se sont multipli\u00e9s ces derni\u00e8res ann\u00e9es en Afrique, c\u2019est bien parce qu\u2019il y a de raisons tr\u00e8s profondes. Et pour traiter le mal, il faut s\u2019int\u00e9resser aux causes racines. Le putschiste n\u2019est pas seulement celui qui prend les armes pour renverser un r\u00e9gime. Je souhaite que l\u2019on retienne bien que les vrais putschistes, les plus nombreux, qui ne font l\u2019objet d\u2019aucune condamnation, c\u2019est aussi ceux qui manigancent,<\/p>\n\n\n\n<p>qui utilisent la fourberie, qui trichent pour manipuler les textes de la constitution afin de se maintenir \u00e9ternellement au pouvoir. C\u2019est ceux en col blanc qui modifient les r\u00e8gles du jeu pendant la partie pour conserver les r\u00eanes du pays. Voil\u00e0 les putschistes les plus nombreux.<\/p>\n\n\n\n<p>Monsieur le Pr\u00e9sident,<\/p>\n\n\n\n<p>Mesdames et Messieurs,<\/p>\n\n\n\n<p>Je fais partie de ceux qui, un matin, ont d\u00e9cid\u00e9 de prendre nos responsabilit\u00e9s pour \u00e9viter \u00e0 notre pays un chaos complet. Une situation insurrectionnelle. Aucune force politique, toutes compl\u00e8tement neutralis\u00e9es \u00e0 l\u2019\u00e9poque, n\u2019avait le courage et les moyens de mettre un terme \u00e0 l\u2019imposture que nous vivions. La rectification institutionnelle \u00e0 laquelle mes fr\u00e8res d\u2019armes et moi avons pris nos responsabilit\u00e9s le 5 septembre 2021 n\u2019\u00e9tait qu\u2019une cons\u00e9quence de cette situation de chaos qui avait finit par fissurer le tissu social et mettre \u00e0 mal le vivre ensemble.<\/p>\n\n\n\n<p>En Afrique, notamment en Afrique de l\u2019Ouest, nous assistons avec l\u2019\u00e9volution de nos soci\u00e9t\u00e9s \u00e0 des prises de responsabilit\u00e9s par les Forces de D\u00e9fense et de S\u00e9curit\u00e9 qui suscitent interrogations, r\u00e9flexions et actions de la Communaut\u00e9 internationale. La question que nous devons nous poser face \u00e0 cette situation est la suivante : pourquoi les transitions militaires maintenant ? Je ne pr\u00e9tends pas avoir toutes les r\u00e9ponses \u00e0 cette question. Mais, je voudrais donner des \u00e9l\u00e9ments de r\u00e9ponse \u00e0 partir de l\u2019exp\u00e9rience v\u00e9cue dans mon pays par le peuple de Guin\u00e9e et par-del\u00e0 d\u2019autres pays de l\u2019Afrique de l\u2019ouest confront\u00e9s aux m\u00eames r\u00e9alit\u00e9s.<\/p>\n\n\n\n<p><ins class=\"adsbygoogle\">https:\/\/googleads.g.doubleclick.net\/pagead\/ads?client=ca-pub-1870189416508001&amp;output=html&amp;h=343&amp;slotname=4596184177&amp;adk=3908851680&amp;adf=3244871121&amp;pi=t.ma~as.4596184177&amp;w=412&amp;lmt=1695322241&amp;rafmt=1&amp;format=412&#215;343&amp;url=https%3A%2F%2Fmediaguinee.com%2Ftribune-de-lonu-voici-le-discours-integral-du-colonel-mamadi-doumbouya%2F&amp;fwr=1&amp;fwrattr=true&amp;rpe=1&amp;resp_fmts=3&amp;sfro=1&amp;wgl=1&amp;dt=1695325138953&amp;bpp=11&amp;bdt=3197&amp;idt=3768&amp;shv=r20230920&amp;mjsv=m202309140101&amp;ptt=9&amp;saldr=aa&amp;abxe=1&amp;cookie=ID%3D7b018e42e4a2d133-2232c70223e0009e%3AT%3D1685472221%3ART%3D1695324969%3AS%3DALNI_MaUYXkqsyzSGJCHe-M5uO_MjFV-vQ&amp;gpic=UID%3D00000c3839dc4669%3AT%3D1685472221%3ART%3D1695324969%3AS%3DALNI_MYa9U1eFxisCiPN7ZzMmXyHJreuSQ&amp;prev_fmts=412&#215;343&amp;correlator=8048291800739&amp;frm=20&amp;pv=1&amp;ga_vid=1547936806.1685472212&amp;ga_sid=1695325142&amp;ga_hid=517932500&amp;ga_fc=1&amp;ga_cid=123675900.1695321927&amp;u_tz=0&amp;u_his=7&amp;u_h=846&amp;u_w=412&amp;u_ah=846&amp;u_aw=412&amp;u_cd=24&amp;u_sd=2.625&amp;dmc=4&amp;adx=0&amp;ady=5284&amp;biw=412&amp;bih=726&amp;scr_x=0&amp;scr_y=1016&amp;eid=44759876%2C44759927%2C44759837%2C31077222%2C31077328%2C31077970&amp;oid=2&amp;pvsid=111261309178634&amp;tmod=798476080&amp;uas=1&amp;nvt=1&amp;ref=https%3A%2F%2Fmediaguinee.com%2F&amp;fc=640&amp;brdim=0%2C0%2C0%2C0%2C412%2C0%2C412%2C726%2C412%2C726&amp;vis=1&amp;rsz=%7C%7CeEbr%7C&amp;abl=CS&amp;pfx=0&amp;fu=128&amp;bc=31&amp;ifi=2&amp;uci=a!2&amp;btvi=1&amp;fsb=1&amp;xpc=YIAUQG0gxl&amp;p=https%3A\/\/mediaguinee.com&amp;dtd=3793<\/ins><\/p>\n\n\n\n<p>Sans \u00eatre exhaustif, nous pensons que les transitions qui sont en cours en Afrique sont dues \u00e0 plusieurs facteurs parmi lesquels on peut citer les promesses non tenues,<\/p>\n\n\n\n<p>l\u2019endormissement du peuple, le tripatouillage des constitutions par des dirigeants qui ont pour seul souci de se maintenir ind\u00e9finiment au pouvoir au d\u00e9triment du bien-\u00eatre collectif. Aujourd\u2019hui les peuples africains sont plus que jamais \u00e9veill\u00e9s et d\u00e9cident de prendre leur destin en main.<\/p>\n\n\n\n<p>La mauvaise r\u00e9partition des richesses cr\u00e9e des in\u00e9galit\u00e9s sans fin, la famine, la mis\u00e8re qui rendent le quotidien de nos populations de plus en plus difficiles. Ces in\u00e9galit\u00e9s font partie des causes des \u00e9v\u00e9nements qui mettent en p\u00e9ril le vivre-ensemble. Quand les richesses d\u2019un pays sont dans les mains d\u2019une \u00e9lite alors que des nouveau-n\u00e9s meurent dans des h\u00f4pitaux par manque de couveuse, il n\u2019est pas surprenant que dans de telles conditions nous assistons \u00e0 des transitions pour r\u00e9pondre aux aspirations profondes du peuple.<\/p>\n\n\n\n<p>L\u2019Afrique souffre d\u2019un mod\u00e8le de gouvernance qui lui a \u00e9t\u00e9 impos\u00e9. Un mod\u00e8le certes bon et efficace pour l\u2019occident qui l\u2019a con\u00e7u au fil de son histoire, mais qui a du mal \u00e0 s\u2019adapter \u00e0 nos r\u00e9alit\u00e9s, \u00e0 nos coutumes, \u00e0 notre environnement. H\u00e9las la greffe n\u2019a pas pris\u2026, Je sais que lorsque je dis cela, tout de suite ils sont nombreux \u00e0 se dire \u00ab encore un bidasse qui veut tordre le cou \u00e0 la d\u00e9mocratie \u00bb \u00ab encore un soldat qui veut imposer sa dictature \u00bb.<\/p>\n\n\n\n<p>Cependant, de fa\u00e7on tr\u00e8s claire, sans hypocrisie, sans faux semblant, les yeux dans les yeux, Nous sommes tous conscients que ce mod\u00e8le d\u00e9mocratique que vous nous avez si insidieusement et savamment impos\u00e9 apr\u00e8s le sommet de la Baule en France, presque de fa\u00e7on religieuse, elle ne marche pas. Les diff\u00e9rents indices \u00e9conomiques et sociaux sont l\u00e0 pour le d\u00e9montrer. Ce n\u2019est pas un jugement de valeur sur la d\u00e9mocratie en elle-m\u00eame. Croyez-moi. C\u2019est un bilan. Un constat sur plusieurs d\u00e9cennies d\u2019exp\u00e9rimentation chaotique de ce mod\u00e8le dans notre environnement. Une p\u00e9riode o\u00f9 il n\u2019a \u00e9t\u00e9 question que de joutes politiques. Au d\u00e9triment de l\u2019essentiel. L\u2019\u00e9conomie.<\/p>\n\n\n\n<p>Permettez-moi de pousser l\u2019exercice de v\u00e9rit\u00e9 un peu plus loin. Avec ma courte mais intense exp\u00e9rience de gestion d\u2019un Etat, la Guin\u00e9e, j\u2019ai mieux mesur\u00e9 \u00e0 quel point ce mod\u00e8le a surtout contribu\u00e9 \u00e0 entretenir un syst\u00e8me d\u2019exploitation et de pillage de nos ressources par les autres. Et une corruption tr\u00e8s active de nos \u00e9lites. Des leaders nationaux \u00e0 qui on a souvent accord\u00e9 des certificats de d\u00e9mocrate en fonction de leur docilit\u00e9 ou de leur aptitude \u00e0 brader les ressources et les biens de leurs peuples. Ou encore de leur facilit\u00e9 \u00e0 c\u00e9der aux pseudo recommandations et injonctions de certaines institutions internationales au service des grandes puissances.<\/p>\n\n\n\n<p>Je dois d\u2019ailleurs dans ce sens confesser que tout ce \u00e0 quoi je fais face d\u00e9passe toute imagination. Se sont les m\u00eames qui professent la d\u00e9mocratie, la transparence, la bonne gouvernance, qui d\u00e9noncent la corruption, qui dictent les r\u00e8gles. C\u2019est eux qui en off, tr\u00e8s discr\u00e8tement et sournoisement redoublent de pression pour nous faire c\u00e9der notre patrimoine dans des contrats l\u00e9onins.<\/p>\n\n\n\n<p>Je comprends aujourd\u2019hui certains dirigeants, quelques-uns de mes pr\u00e9d\u00e9cesseurs qui, parce qu\u2019ils avaient des fragilit\u00e9s, parce qu\u2019ils \u00e9taient sous pression, ou parce qu\u2019ils trainent des casseroles ou surtout parce qu\u2019ils avaient un agenda politique ont c\u00e9d\u00e9 \u00e0 ce qu\u2019on leur demandait. Je les comprends sans les approuver. Certains m\u2019ont m\u00eame rappel\u00e9 que si j\u2019avais un agenda politique je serais moins \u00e0 l\u2019aise pour mener \u00e0 bien les r\u00e9formes auxquels mon gouvernement et moi nous nous sommes attaqu\u00e9s.<\/p>\n\n\n\n<p>Une chose est certaine, nous n\u2019avons qu\u2019une seule pr\u00e9occupation. Le bien-\u00eatre du peuple et le vivre ensemble. C\u2019est cela notre priorit\u00e9. C\u2019est pourquoi la transition que je dirige a choisi de se consacrer avec m\u00e9thode en fixant des objectifs clairs dans un ordre pr\u00e9cis. Le social, l\u2019\u00e9conomie et le politique.<\/p>\n\n\n\n<p>Monsieur le Pr\u00e9sident,<\/p>\n\n\n\n<p>Mesdames et Messieurs,<\/p>\n\n\n\n<p>Mon uniforme je l\u2019ai mise au service de mon peuple. Je vous serais reconnaissant de respecter ce serment. De nous tenir \u00e0 distance respectable des divisions de toute sorte que beaucoup essaient de nourrir dans nos pays. Le sahel traverse l\u2019une des crises les plus graves de sa tr\u00e8s vieille histoire.<\/p>\n\n\n\n<p>Mais elle a les ressorts n\u00e9cessaires pour y faire face. Son sens l\u00e9gendaire de la diplomatie doit \u00eatre lib\u00e9r\u00e9 afin qu\u2019ensemble nous nous parlions sans interf\u00e9rence. C\u2019est pour cela que la CEDEAO dont la vocation \u00e9tait \u00e9conomique doit cesser de se m\u00ealer de politique et privil\u00e9gier le dialogue.<\/p>\n\n\n\n<p>Nous africains sommes fatigu\u00e9s, \u00e9puis\u00e9s des cat\u00e9gorisations dans lesquelles les uns et les autres veulent nous cantonner. La population de l\u2019Afrique est jeune. Elle n\u2019a pas connu la guerre froide. Elle n\u2019a pas connu les guerres id\u00e9ologiques qui ont fa\u00e7onn\u00e9 le monde des 70 derni\u00e8res ann\u00e9es.<\/p>\n\n\n\n<p>C\u2019est pourquoi nous trouvons insultant les cases, les classements qui tant\u00f4t nous placent sous l\u2019influence des am\u00e9ricains, tant\u00f4t sous celle des anglais, des fran\u00e7ais, des chinois, des russes et m\u00eame des turcs.<\/p>\n\n\n\n<p>Nous ne sommes ni pros ni anti am\u00e9ricains, ni pro ni anti chinois, ni pro ni anti fran\u00e7ais, ni pro ni anti russes, ni pro ni anti turcs. Nous sommes tout simplement pro africains. C\u2019est tout. Nous mettre sous la coupe de telle ou telle puissance est une insulte, du m\u00e9pris, du racisme vis-\u00e0-vis d\u2019un continent de plus d\u2019un milliard trois cent millions de personnes.<\/p>\n\n\n\n<p>Il est important dans cette prestigieuse et influente assembl\u00e9e que l\u2019on comprenne clairement, d\u00e9finitivement que l\u2019Afrique de papa, la vieille Afrique, c\u2019est termin\u00e9. Avec une population de plus d\u2019un milliard d\u2019africains dont environ 70% de jeunes totalement d\u00e9complex\u00e9s, des jeunes ouverts sur le monde et d\u00e9cid\u00e9s \u00e0 prendre leur destin en main, il est venu le moment de prendre conscience que les structures, les r\u00e8gles issues de l\u2019apr\u00e8s seconde mondiale, en l\u2019absence de nos Etats qui n\u2019existaient pas encore sont obsol\u00e8tes. C\u2019est la fin d\u2019une \u00e9poque d\u00e9s\u00e9quilibr\u00e9e, injuste o\u00f9 nous n\u2019avions pas droit au chapitre.<\/p>\n\n\n\n<p>C\u2019est le moment de prendre en compte nos droits, de nous donner notre place. Mais aussi et surtout le moment d\u2019arr\u00eater de nous faire la le\u00e7on, d\u2019arr\u00eater de nous traiter comme des enfants. Rassurez-vous nous sommes suffisamment grands pour savoir ce qui est bien pour nous.<\/p>\n\n\n\n<p>Nous sommes suffisamment matures pour d\u00e9finir nos priorit\u00e9s, pour concevoir notre propre mod\u00e8le qui corresponde \u00e0 notre identit\u00e9, \u00e0 la r\u00e9alit\u00e9 de nos populations, \u00e0 ce que nous sommes tout simplement. Nous vous serions fort reconnaissant de nous faire confiance et de nous laisser mener notre barque comme vous l\u2019avez permis dans certaines r\u00e9gions du monde. En Asie, au Proche et Moyen Orient. Pour ne citer que ceux-l\u00e0. Cette infantilisation est du plus mauvais effet pour une jeunesse africaine qui s\u2019est \u00e9mancip\u00e9e.<\/p>\n\n\n\n<p>Je ne saurai terminer mon propos sans souligner les menaces qui hantent la sous-r\u00e9gion de l\u2019Afrique de l\u2019ouest, gravement expos\u00e9e, aujourd\u2019hui, \u00e0 des questions de s\u00e9curit\u00e9 de tous ordres, de d\u00e9veloppement et de stabilit\u00e9. Les populations de la sous-r\u00e9gion n\u2019aspirent qu\u2019\u00e0 une vie meilleure, au regard des le\u00e7ons qu\u2019elles ont tir\u00e9es de leur histoire et de leur d\u00e9sir de vivre dans un espace et dans un monde de paix et de concorde avec les autres peuples du monde.<\/p>\n\n\n\n<p>Dans ce contexte, nous sommes tous interpell\u00e9s et appel\u00e9s \u00e0 proc\u00e9der \u00e0 une meilleure analyse de la situation, en vue d\u2019initier et de poursuivre de nouvelles politiques au b\u00e9n\u00e9fice de tous. La communaut\u00e9 internationale doit regarder l\u2019Afrique avec des yeux neufs. Elle doit entreprendre avec elle d\u00e9sormais une coop\u00e9ration franche dans un esprit de partenariat Gagnant-Gagnant.<\/p>\n\n\n\n<p>Je vous remercie de votre aimable attention.<\/p>\n\n\n\n<p><strong>\ud835\udc02\ud835\udc28\ud835\udc25\ud835\udc28\ud835\udc27\ud835\udc1e\ud835\udc25 \ud835\udc0c\ud835\udc1a\ud835\udc26\ud835\udc1a\ud835\udc1d\ud835\udc22 \ud835\udc03\ud835\udc0e\ud835\udc14\ud835\udc0c\ud835\udc01\ud835\udc0e\ud835\udc14\ud835\udc18\ud835\udc00, \ud835\udc02\ud835\udc21\ud835\udc1e\ud835\udc1f \ud835\udc1d\ud835\udc1e \ud835\udc25\u2019\ud835\udc04\u0301\ud835\udc2d\ud835\udc1a\ud835\udc2d, \ud835\udc02\ud835\udc21\ud835\udc1e\ud835\udc1f \ud835\udc12\ud835\udc2e\ud835\udc29\ud835\udc2b\ud835\udc1e\u0302\ud835\udc26\ud835\udc1e \ud835\udc1d\ud835\udc1e\ud835\udc2c \ud835\udc1a\ud835\udc2b\ud835\udc26\ud835\udc1e\u0301\ud835\udc1e\ud835\udc2c<\/strong><\/p>\n\n\n\n<p><\/p>\n\n\n\n\n\n\n","protected":false},"excerpt":{"rendered":"<p>A la tribune de l\u2019Organisation des Nations Unies ce jeudi 21 septembre 2023, le pr\u00e9sident de la transition, le colonel Mamadi Doumbouya, a livr\u00e9 un discours qui a certes retenu l\u2019attention de nombreux observateurs. Ci-dessous discours int\u00e9gral Monsieur le Pr\u00e9sident, Excellences Mesdames et Messieurs les Chefs de d\u00e9l\u00e9gation, Monsieur le Secr\u00e9taire g\u00e9n\u00e9ral, Je voudrais avant [&hellip;]<\/p>\n","protected":false},"author":2,"featured_media":547,"comment_status":"open","ping_status":"open","sticky":false,"template":"","format":"standard","meta":{"jnews-multi-image_gallery":[],"jnews_single_post":[],"jnews_primary_category":[],"footnotes":""},"categories":[73],"tags":[],"class_list":["post-549","post","type-post","status-publish","format-standard","has-post-thumbnail","hentry","category-a-la-une"],"yoast_head":"<!-- This site is optimized with the Yoast SEO plugin v27.3 - https:\/\/yoast.com\/product\/yoast-seo-wordpress\/ -->\n<title>Tribune de l\u2019ONU : voici le discours int\u00e9gral du colonel Mamadi Doumbouya - Presseinvestigation<\/title>\n<meta name=\"robots\" content=\"index, follow, max-snippet:-1, max-image-preview:large, max-video-preview:-1\" \/>\n<link rel=\"canonical\" href=\"https:\/\/www.presseinvestigation.com\/index.php\/2023\/09\/21\/tribune-de-lonu-voici-le-discours-integral-du-colonel-mamadi-doumbouya\/\" \/>\n<meta property=\"og:locale\" content=\"fr_FR\" \/>\n<meta property=\"og:type\" content=\"article\" \/>\n<meta property=\"og:title\" content=\"Tribune de l\u2019ONU : voici le discours int\u00e9gral du colonel Mamadi Doumbouya - Presseinvestigation\" \/>\n<meta property=\"og:description\" content=\"A la tribune de l\u2019Organisation des Nations Unies ce jeudi 21 septembre 2023, le pr\u00e9sident de la transition, le colonel Mamadi Doumbouya, a livr\u00e9 un discours qui a certes retenu l\u2019attention de nombreux observateurs. Ci-dessous discours int\u00e9gral Monsieur le Pr\u00e9sident, Excellences Mesdames et Messieurs les Chefs de d\u00e9l\u00e9gation, Monsieur le Secr\u00e9taire g\u00e9n\u00e9ral, Je voudrais avant [&hellip;]\" \/>\n<meta property=\"og:url\" content=\"https:\/\/www.presseinvestigation.com\/index.php\/2023\/09\/21\/tribune-de-lonu-voici-le-discours-integral-du-colonel-mamadi-doumbouya\/\" \/>\n<meta property=\"og:site_name\" content=\"Presseinvestigation\" \/>\n<meta property=\"article:published_time\" content=\"2023-09-21T20:21:00+00:00\" \/>\n<meta property=\"article:modified_time\" content=\"2023-09-21T20:22:54+00:00\" \/>\n<meta property=\"og:image\" content=\"https:\/\/www.presseinvestigation.com\/wp-content\/uploads\/2023\/09\/FB_IMG_1695309906633.jpg\" \/>\n\t<meta property=\"og:image:width\" content=\"586\" \/>\n\t<meta property=\"og:image:height\" content=\"398\" \/>\n\t<meta property=\"og:image:type\" content=\"image\/jpeg\" \/>\n<meta name=\"author\" content=\"Presseinvestigation.com\" \/>\n<meta name=\"twitter:card\" content=\"summary_large_image\" \/>\n<meta name=\"twitter:label1\" content=\"\u00c9crit par\" \/>\n\t<meta name=\"twitter:data1\" content=\"Presseinvestigation.com\" \/>\n\t<meta name=\"twitter:label2\" content=\"Dur\u00e9e de lecture estim\u00e9e\" \/>\n\t<meta name=\"twitter:data2\" content=\"12 minutes\" \/>\n<script type=\"application\/ld+json\" class=\"yoast-schema-graph\">{\"@context\":\"https:\\\/\\\/schema.org\",\"@graph\":[{\"@type\":\"Article\",\"@id\":\"https:\\\/\\\/www.presseinvestigation.com\\\/index.php\\\/2023\\\/09\\\/21\\\/tribune-de-lonu-voici-le-discours-integral-du-colonel-mamadi-doumbouya\\\/#article\",\"isPartOf\":{\"@id\":\"https:\\\/\\\/www.presseinvestigation.com\\\/index.php\\\/2023\\\/09\\\/21\\\/tribune-de-lonu-voici-le-discours-integral-du-colonel-mamadi-doumbouya\\\/\"},\"author\":{\"name\":\"Presseinvestigation.com\",\"@id\":\"https:\\\/\\\/www.presseinvestigation.com\\\/#\\\/schema\\\/person\\\/32d023733a4a9d7c3bd6883619b8f116\"},\"headline\":\"Tribune de l\u2019ONU : voici le discours int\u00e9gral du colonel Mamadi Doumbouya\",\"datePublished\":\"2023-09-21T20:21:00+00:00\",\"dateModified\":\"2023-09-21T20:22:54+00:00\",\"mainEntityOfPage\":{\"@id\":\"https:\\\/\\\/www.presseinvestigation.com\\\/index.php\\\/2023\\\/09\\\/21\\\/tribune-de-lonu-voici-le-discours-integral-du-colonel-mamadi-doumbouya\\\/\"},\"wordCount\":2446,\"commentCount\":0,\"image\":{\"@id\":\"https:\\\/\\\/www.presseinvestigation.com\\\/index.php\\\/2023\\\/09\\\/21\\\/tribune-de-lonu-voici-le-discours-integral-du-colonel-mamadi-doumbouya\\\/#primaryimage\"},\"thumbnailUrl\":\"https:\\\/\\\/www.presseinvestigation.com\\\/wp-content\\\/uploads\\\/2023\\\/09\\\/FB_IMG_1695309906633.jpg\",\"articleSection\":[\"A la Une\"],\"inLanguage\":\"fr-FR\",\"potentialAction\":[{\"@type\":\"CommentAction\",\"name\":\"Comment\",\"target\":[\"https:\\\/\\\/www.presseinvestigation.com\\\/index.php\\\/2023\\\/09\\\/21\\\/tribune-de-lonu-voici-le-discours-integral-du-colonel-mamadi-doumbouya\\\/#respond\"]}]},{\"@type\":\"WebPage\",\"@id\":\"https:\\\/\\\/www.presseinvestigation.com\\\/index.php\\\/2023\\\/09\\\/21\\\/tribune-de-lonu-voici-le-discours-integral-du-colonel-mamadi-doumbouya\\\/\",\"url\":\"https:\\\/\\\/www.presseinvestigation.com\\\/index.php\\\/2023\\\/09\\\/21\\\/tribune-de-lonu-voici-le-discours-integral-du-colonel-mamadi-doumbouya\\\/\",\"name\":\"Tribune de l\u2019ONU : voici le discours int\u00e9gral du colonel Mamadi Doumbouya - Presseinvestigation\",\"isPartOf\":{\"@id\":\"https:\\\/\\\/www.presseinvestigation.com\\\/#website\"},\"primaryImageOfPage\":{\"@id\":\"https:\\\/\\\/www.presseinvestigation.com\\\/index.php\\\/2023\\\/09\\\/21\\\/tribune-de-lonu-voici-le-discours-integral-du-colonel-mamadi-doumbouya\\\/#primaryimage\"},\"image\":{\"@id\":\"https:\\\/\\\/www.presseinvestigation.com\\\/index.php\\\/2023\\\/09\\\/21\\\/tribune-de-lonu-voici-le-discours-integral-du-colonel-mamadi-doumbouya\\\/#primaryimage\"},\"thumbnailUrl\":\"https:\\\/\\\/www.presseinvestigation.com\\\/wp-content\\\/uploads\\\/2023\\\/09\\\/FB_IMG_1695309906633.jpg\",\"datePublished\":\"2023-09-21T20:21:00+00:00\",\"dateModified\":\"2023-09-21T20:22:54+00:00\",\"author\":{\"@id\":\"https:\\\/\\\/www.presseinvestigation.com\\\/#\\\/schema\\\/person\\\/32d023733a4a9d7c3bd6883619b8f116\"},\"breadcrumb\":{\"@id\":\"https:\\\/\\\/www.presseinvestigation.com\\\/index.php\\\/2023\\\/09\\\/21\\\/tribune-de-lonu-voici-le-discours-integral-du-colonel-mamadi-doumbouya\\\/#breadcrumb\"},\"inLanguage\":\"fr-FR\",\"potentialAction\":[{\"@type\":\"ReadAction\",\"target\":[\"https:\\\/\\\/www.presseinvestigation.com\\\/index.php\\\/2023\\\/09\\\/21\\\/tribune-de-lonu-voici-le-discours-integral-du-colonel-mamadi-doumbouya\\\/\"]}]},{\"@type\":\"ImageObject\",\"inLanguage\":\"fr-FR\",\"@id\":\"https:\\\/\\\/www.presseinvestigation.com\\\/index.php\\\/2023\\\/09\\\/21\\\/tribune-de-lonu-voici-le-discours-integral-du-colonel-mamadi-doumbouya\\\/#primaryimage\",\"url\":\"https:\\\/\\\/www.presseinvestigation.com\\\/wp-content\\\/uploads\\\/2023\\\/09\\\/FB_IMG_1695309906633.jpg\",\"contentUrl\":\"https:\\\/\\\/www.presseinvestigation.com\\\/wp-content\\\/uploads\\\/2023\\\/09\\\/FB_IMG_1695309906633.jpg\",\"width\":586,\"height\":398},{\"@type\":\"BreadcrumbList\",\"@id\":\"https:\\\/\\\/www.presseinvestigation.com\\\/index.php\\\/2023\\\/09\\\/21\\\/tribune-de-lonu-voici-le-discours-integral-du-colonel-mamadi-doumbouya\\\/#breadcrumb\",\"itemListElement\":[{\"@type\":\"ListItem\",\"position\":1,\"name\":\"Accueil\",\"item\":\"https:\\\/\\\/www.presseinvestigation.com\\\/\"},{\"@type\":\"ListItem\",\"position\":2,\"name\":\"Tribune de l\u2019ONU : voici le discours int\u00e9gral du colonel Mamadi Doumbouya\"}]},{\"@type\":\"WebSite\",\"@id\":\"https:\\\/\\\/www.presseinvestigation.com\\\/#website\",\"url\":\"https:\\\/\\\/www.presseinvestigation.com\\\/\",\"name\":\"Presseinvestigation\",\"description\":\"Informer dans l&#039;impartialit\u00e9\",\"potentialAction\":[{\"@type\":\"SearchAction\",\"target\":{\"@type\":\"EntryPoint\",\"urlTemplate\":\"https:\\\/\\\/www.presseinvestigation.com\\\/?s={search_term_string}\"},\"query-input\":{\"@type\":\"PropertyValueSpecification\",\"valueRequired\":true,\"valueName\":\"search_term_string\"}}],\"inLanguage\":\"fr-FR\"},{\"@type\":\"Person\",\"@id\":\"https:\\\/\\\/www.presseinvestigation.com\\\/#\\\/schema\\\/person\\\/32d023733a4a9d7c3bd6883619b8f116\",\"name\":\"Presseinvestigation.com\",\"image\":{\"@type\":\"ImageObject\",\"inLanguage\":\"fr-FR\",\"@id\":\"https:\\\/\\\/secure.gravatar.com\\\/avatar\\\/26f9c9e95424b0bde739ba0af37ee39a9e4a9e809967422c5b8e8573a34fbbe0?s=96&d=mm&r=g\",\"url\":\"https:\\\/\\\/secure.gravatar.com\\\/avatar\\\/26f9c9e95424b0bde739ba0af37ee39a9e4a9e809967422c5b8e8573a34fbbe0?s=96&d=mm&r=g\",\"contentUrl\":\"https:\\\/\\\/secure.gravatar.com\\\/avatar\\\/26f9c9e95424b0bde739ba0af37ee39a9e4a9e809967422c5b8e8573a34fbbe0?s=96&d=mm&r=g\",\"caption\":\"Presseinvestigation.com\"},\"url\":\"https:\\\/\\\/www.presseinvestigation.com\\\/index.php\\\/author\\\/toumany\\\/\"}]}<\/script>\n<!-- \/ Yoast SEO plugin. -->","yoast_head_json":{"title":"Tribune de l\u2019ONU : voici le discours int\u00e9gral du colonel Mamadi Doumbouya - Presseinvestigation","robots":{"index":"index","follow":"follow","max-snippet":"max-snippet:-1","max-image-preview":"max-image-preview:large","max-video-preview":"max-video-preview:-1"},"canonical":"https:\/\/www.presseinvestigation.com\/index.php\/2023\/09\/21\/tribune-de-lonu-voici-le-discours-integral-du-colonel-mamadi-doumbouya\/","og_locale":"fr_FR","og_type":"article","og_title":"Tribune de l\u2019ONU : voici le discours int\u00e9gral du colonel Mamadi Doumbouya - Presseinvestigation","og_description":"A la tribune de l\u2019Organisation des Nations Unies ce jeudi 21 septembre 2023, le pr\u00e9sident de la transition, le colonel Mamadi Doumbouya, a livr\u00e9 un discours qui a certes retenu l\u2019attention de nombreux observateurs. Ci-dessous discours int\u00e9gral Monsieur le Pr\u00e9sident, Excellences Mesdames et Messieurs les Chefs de d\u00e9l\u00e9gation, Monsieur le Secr\u00e9taire g\u00e9n\u00e9ral, Je voudrais avant [&hellip;]","og_url":"https:\/\/www.presseinvestigation.com\/index.php\/2023\/09\/21\/tribune-de-lonu-voici-le-discours-integral-du-colonel-mamadi-doumbouya\/","og_site_name":"Presseinvestigation","article_published_time":"2023-09-21T20:21:00+00:00","article_modified_time":"2023-09-21T20:22:54+00:00","og_image":[{"width":586,"height":398,"url":"https:\/\/www.presseinvestigation.com\/wp-content\/uploads\/2023\/09\/FB_IMG_1695309906633.jpg","type":"image\/jpeg"}],"author":"Presseinvestigation.com","twitter_card":"summary_large_image","twitter_misc":{"\u00c9crit par":"Presseinvestigation.com","Dur\u00e9e de lecture estim\u00e9e":"12 minutes"},"schema":{"@context":"https:\/\/schema.org","@graph":[{"@type":"Article","@id":"https:\/\/www.presseinvestigation.com\/index.php\/2023\/09\/21\/tribune-de-lonu-voici-le-discours-integral-du-colonel-mamadi-doumbouya\/#article","isPartOf":{"@id":"https:\/\/www.presseinvestigation.com\/index.php\/2023\/09\/21\/tribune-de-lonu-voici-le-discours-integral-du-colonel-mamadi-doumbouya\/"},"author":{"name":"Presseinvestigation.com","@id":"https:\/\/www.presseinvestigation.com\/#\/schema\/person\/32d023733a4a9d7c3bd6883619b8f116"},"headline":"Tribune de l\u2019ONU : voici le discours int\u00e9gral du colonel Mamadi Doumbouya","datePublished":"2023-09-21T20:21:00+00:00","dateModified":"2023-09-21T20:22:54+00:00","mainEntityOfPage":{"@id":"https:\/\/www.presseinvestigation.com\/index.php\/2023\/09\/21\/tribune-de-lonu-voici-le-discours-integral-du-colonel-mamadi-doumbouya\/"},"wordCount":2446,"commentCount":0,"image":{"@id":"https:\/\/www.presseinvestigation.com\/index.php\/2023\/09\/21\/tribune-de-lonu-voici-le-discours-integral-du-colonel-mamadi-doumbouya\/#primaryimage"},"thumbnailUrl":"https:\/\/www.presseinvestigation.com\/wp-content\/uploads\/2023\/09\/FB_IMG_1695309906633.jpg","articleSection":["A la Une"],"inLanguage":"fr-FR","potentialAction":[{"@type":"CommentAction","name":"Comment","target":["https:\/\/www.presseinvestigation.com\/index.php\/2023\/09\/21\/tribune-de-lonu-voici-le-discours-integral-du-colonel-mamadi-doumbouya\/#respond"]}]},{"@type":"WebPage","@id":"https:\/\/www.presseinvestigation.com\/index.php\/2023\/09\/21\/tribune-de-lonu-voici-le-discours-integral-du-colonel-mamadi-doumbouya\/","url":"https:\/\/www.presseinvestigation.com\/index.php\/2023\/09\/21\/tribune-de-lonu-voici-le-discours-integral-du-colonel-mamadi-doumbouya\/","name":"Tribune de l\u2019ONU : voici le discours int\u00e9gral du colonel Mamadi Doumbouya - Presseinvestigation","isPartOf":{"@id":"https:\/\/www.presseinvestigation.com\/#website"},"primaryImageOfPage":{"@id":"https:\/\/www.presseinvestigation.com\/index.php\/2023\/09\/21\/tribune-de-lonu-voici-le-discours-integral-du-colonel-mamadi-doumbouya\/#primaryimage"},"image":{"@id":"https:\/\/www.presseinvestigation.com\/index.php\/2023\/09\/21\/tribune-de-lonu-voici-le-discours-integral-du-colonel-mamadi-doumbouya\/#primaryimage"},"thumbnailUrl":"https:\/\/www.presseinvestigation.com\/wp-content\/uploads\/2023\/09\/FB_IMG_1695309906633.jpg","datePublished":"2023-09-21T20:21:00+00:00","dateModified":"2023-09-21T20:22:54+00:00","author":{"@id":"https:\/\/www.presseinvestigation.com\/#\/schema\/person\/32d023733a4a9d7c3bd6883619b8f116"},"breadcrumb":{"@id":"https:\/\/www.presseinvestigation.com\/index.php\/2023\/09\/21\/tribune-de-lonu-voici-le-discours-integral-du-colonel-mamadi-doumbouya\/#breadcrumb"},"inLanguage":"fr-FR","potentialAction":[{"@type":"ReadAction","target":["https:\/\/www.presseinvestigation.com\/index.php\/2023\/09\/21\/tribune-de-lonu-voici-le-discours-integral-du-colonel-mamadi-doumbouya\/"]}]},{"@type":"ImageObject","inLanguage":"fr-FR","@id":"https:\/\/www.presseinvestigation.com\/index.php\/2023\/09\/21\/tribune-de-lonu-voici-le-discours-integral-du-colonel-mamadi-doumbouya\/#primaryimage","url":"https:\/\/www.presseinvestigation.com\/wp-content\/uploads\/2023\/09\/FB_IMG_1695309906633.jpg","contentUrl":"https:\/\/www.presseinvestigation.com\/wp-content\/uploads\/2023\/09\/FB_IMG_1695309906633.jpg","width":586,"height":398},{"@type":"BreadcrumbList","@id":"https:\/\/www.presseinvestigation.com\/index.php\/2023\/09\/21\/tribune-de-lonu-voici-le-discours-integral-du-colonel-mamadi-doumbouya\/#breadcrumb","itemListElement":[{"@type":"ListItem","position":1,"name":"Accueil","item":"https:\/\/www.presseinvestigation.com\/"},{"@type":"ListItem","position":2,"name":"Tribune de l\u2019ONU : voici le discours int\u00e9gral du colonel Mamadi Doumbouya"}]},{"@type":"WebSite","@id":"https:\/\/www.presseinvestigation.com\/#website","url":"https:\/\/www.presseinvestigation.com\/","name":"Presseinvestigation","description":"Informer dans l&#039;impartialit\u00e9","potentialAction":[{"@type":"SearchAction","target":{"@type":"EntryPoint","urlTemplate":"https:\/\/www.presseinvestigation.com\/?s={search_term_string}"},"query-input":{"@type":"PropertyValueSpecification","valueRequired":true,"valueName":"search_term_string"}}],"inLanguage":"fr-FR"},{"@type":"Person","@id":"https:\/\/www.presseinvestigation.com\/#\/schema\/person\/32d023733a4a9d7c3bd6883619b8f116","name":"Presseinvestigation.com","image":{"@type":"ImageObject","inLanguage":"fr-FR","@id":"https:\/\/secure.gravatar.com\/avatar\/26f9c9e95424b0bde739ba0af37ee39a9e4a9e809967422c5b8e8573a34fbbe0?s=96&d=mm&r=g","url":"https:\/\/secure.gravatar.com\/avatar\/26f9c9e95424b0bde739ba0af37ee39a9e4a9e809967422c5b8e8573a34fbbe0?s=96&d=mm&r=g","contentUrl":"https:\/\/secure.gravatar.com\/avatar\/26f9c9e95424b0bde739ba0af37ee39a9e4a9e809967422c5b8e8573a34fbbe0?s=96&d=mm&r=g","caption":"Presseinvestigation.com"},"url":"https:\/\/www.presseinvestigation.com\/index.php\/author\/toumany\/"}]}},"_links":{"self":[{"href":"https:\/\/www.presseinvestigation.com\/index.php\/wp-json\/wp\/v2\/posts\/549","targetHints":{"allow":["GET"]}}],"collection":[{"href":"https:\/\/www.presseinvestigation.com\/index.php\/wp-json\/wp\/v2\/posts"}],"about":[{"href":"https:\/\/www.presseinvestigation.com\/index.php\/wp-json\/wp\/v2\/types\/post"}],"author":[{"embeddable":true,"href":"https:\/\/www.presseinvestigation.com\/index.php\/wp-json\/wp\/v2\/users\/2"}],"replies":[{"embeddable":true,"href":"https:\/\/www.presseinvestigation.com\/index.php\/wp-json\/wp\/v2\/comments?post=549"}],"version-history":[{"count":1,"href":"https:\/\/www.presseinvestigation.com\/index.php\/wp-json\/wp\/v2\/posts\/549\/revisions"}],"predecessor-version":[{"id":550,"href":"https:\/\/www.presseinvestigation.com\/index.php\/wp-json\/wp\/v2\/posts\/549\/revisions\/550"}],"wp:featuredmedia":[{"embeddable":true,"href":"https:\/\/www.presseinvestigation.com\/index.php\/wp-json\/wp\/v2\/media\/547"}],"wp:attachment":[{"href":"https:\/\/www.presseinvestigation.com\/index.php\/wp-json\/wp\/v2\/media?parent=549"}],"wp:term":[{"taxonomy":"category","embeddable":true,"href":"https:\/\/www.presseinvestigation.com\/index.php\/wp-json\/wp\/v2\/categories?post=549"},{"taxonomy":"post_tag","embeddable":true,"href":"https:\/\/www.presseinvestigation.com\/index.php\/wp-json\/wp\/v2\/tags?post=549"}],"curies":[{"name":"wp","href":"https:\/\/api.w.org\/{rel}","templated":true}]}}