{"id":571,"date":"2023-09-23T16:46:39","date_gmt":"2023-09-23T14:46:39","guid":{"rendered":"https:\/\/www.presseinvestigation.com\/?p=571"},"modified":"2023-09-23T16:47:12","modified_gmt":"2023-09-23T14:47:12","slug":"france-un-reseau-de-trafiquants-de-vehicules-suv-a-destination-de-lafrique-demantele","status":"publish","type":"post","link":"https:\/\/www.presseinvestigation.com\/index.php\/2023\/09\/23\/france-un-reseau-de-trafiquants-de-vehicules-suv-a-destination-de-lafrique-demantele\/","title":{"rendered":"France: un r\u00e9seau de trafiquants de v\u00e9hicules SUV \u00e0 destination de l&#8217;Afrique d\u00e9mantel\u00e9"},"content":{"rendered":"\n<figure class=\"wp-block-image size-large\"><img fetchpriority=\"high\" decoding=\"async\" width=\"980\" height=\"551\" src=\"https:\/\/www.presseinvestigation.com\/wp-content\/uploads\/2023\/09\/msg-789774078-4368.webp\" alt=\"\" class=\"wp-image-569\" srcset=\"https:\/\/www.presseinvestigation.com\/wp-content\/uploads\/2023\/09\/msg-789774078-4368.webp 980w, https:\/\/www.presseinvestigation.com\/wp-content\/uploads\/2023\/09\/msg-789774078-4368-300x169.webp 300w, https:\/\/www.presseinvestigation.com\/wp-content\/uploads\/2023\/09\/msg-789774078-4368-768x432.webp 768w, https:\/\/www.presseinvestigation.com\/wp-content\/uploads\/2023\/09\/msg-789774078-4368-600x337.webp 600w, https:\/\/www.presseinvestigation.com\/wp-content\/uploads\/2023\/09\/msg-789774078-4368-750x422.webp 750w\" sizes=\"(max-width: 980px) 100vw, 980px\" \/><\/figure>\n\n\n\n<p>En France, un coup de filet de la police a permis l&#8217;arrestation de 13 suspects li\u00e9s \u00e0 un groupe criminel organis\u00e9 qui volait et transportait vers l&#8217;Afrique de l&#8217;Ouest des SUV, de co\u00fbteux v\u00e9hicules de sport au croisement du monospace et du 4&#215;4.<\/p>\n\n\n\n<p>Apr\u00e8s deux ans d&#8217;enqu\u00eate impliquant six pays europ\u00e9ens, Interpol et Europol, la police a mis la main sur ce groupe criminel sp\u00e9cialis\u00e9 dans le vol de SUV.\u00a0<\/p>\n\n\n\n<p>De nationalit\u00e9s fran\u00e7aise, gambienne et s\u00e9n\u00e9galaise, les malfrats auraient vol\u00e9 et transport\u00e9 plus de 170 v\u00e9hicules, avec un mode op\u00e9ratoire bien rod\u00e9, comme l&#8217;explique\u00a0Guillaume Maniglier, chef adjoint de l&#8217;Office central de lutte contre le crime organis\u00e9 au micro de Pierre Olivier de RFI. \u00ab\u00a0<em>Des ports fran\u00e7ais comme Le Havre notamment \u00e9taient utilis\u00e9s. Parfois les v\u00e9hicules arrivaient au port d\u00e9j\u00e0 mis en conteneur ; d&#8217;autres v\u00e9hicules \u00e9taient convoy\u00e9s en Belgique et en Allemagne, o\u00f9 ils \u00e9taient stock\u00e9s et plac\u00e9s en conteneurs, puis partaient ensuite en Afrique de l&#8217;Ouest.<\/em>\u00a0<em>\u00bb<\/em><\/p>\n\n\n\n<p>Trois conteneurs, qui transportaient au total neuf voitures vol\u00e9es, ont ainsi \u00e9t\u00e9 intercept\u00e9s aux ports du Havre et de Las Palmas, en Espagne.&nbsp;C&#8217;est en recoupant les itin\u00e9raires emprunt\u00e9s par les voleurs que les polices de ces diff\u00e9rents pays ont pu remonter le fil jusqu&#8217;aux suspects.&nbsp;<\/p>\n\n\n\n<p>En 2022, pr\u00e8s de 280.000 v\u00e9hicules dans le monde ont \u00e9t\u00e9 identifi\u00e9s comme vol\u00e9s par Interpol.<\/p>\n\n\n\n<p>RFI<\/p>\n","protected":false},"excerpt":{"rendered":"<p>En France, un coup de filet de la police a permis l&#8217;arrestation de 13 suspects li\u00e9s \u00e0 un groupe criminel organis\u00e9 qui volait et transportait vers l&#8217;Afrique de l&#8217;Ouest des SUV, de co\u00fbteux v\u00e9hicules de sport au croisement du monospace et du 4&#215;4. Apr\u00e8s deux ans d&#8217;enqu\u00eate impliquant six pays europ\u00e9ens, Interpol et Europol, la [&hellip;]<\/p>\n","protected":false},"author":2,"featured_media":570,"comment_status":"open","ping_status":"open","sticky":false,"template":"","format":"standard","meta":{"jnews-multi-image_gallery":[],"jnews_single_post":[],"jnews_primary_category":[],"footnotes":""},"categories":[65],"tags":[],"class_list":["post-571","post","type-post","status-publish","format-standard","has-post-thumbnail","hentry","category-monde"],"yoast_head":"<!-- This site is optimized with the Yoast SEO plugin v27.3 - https:\/\/yoast.com\/product\/yoast-seo-wordpress\/ -->\n<title>France: un r\u00e9seau de trafiquants de v\u00e9hicules SUV \u00e0 destination de l&#039;Afrique d\u00e9mantel\u00e9 - Presseinvestigation<\/title>\n<meta name=\"robots\" content=\"index, follow, max-snippet:-1, max-image-preview:large, max-video-preview:-1\" \/>\n<link rel=\"canonical\" href=\"https:\/\/www.presseinvestigation.com\/index.php\/2023\/09\/23\/france-un-reseau-de-trafiquants-de-vehicules-suv-a-destination-de-lafrique-demantele\/\" \/>\n<meta property=\"og:locale\" content=\"fr_FR\" \/>\n<meta property=\"og:type\" content=\"article\" \/>\n<meta property=\"og:title\" content=\"France: un r\u00e9seau de trafiquants de v\u00e9hicules SUV \u00e0 destination de l&#039;Afrique d\u00e9mantel\u00e9 - Presseinvestigation\" \/>\n<meta property=\"og:description\" content=\"En France, un coup de filet de la police a permis l&#8217;arrestation de 13 suspects li\u00e9s \u00e0 un groupe criminel organis\u00e9 qui volait et transportait vers l&#8217;Afrique de l&#8217;Ouest des SUV, de co\u00fbteux v\u00e9hicules de sport au croisement du monospace et du 4&#215;4. Apr\u00e8s deux ans d&#8217;enqu\u00eate impliquant six pays europ\u00e9ens, Interpol et Europol, la [&hellip;]\" \/>\n<meta property=\"og:url\" content=\"https:\/\/www.presseinvestigation.com\/index.php\/2023\/09\/23\/france-un-reseau-de-trafiquants-de-vehicules-suv-a-destination-de-lafrique-demantele\/\" \/>\n<meta property=\"og:site_name\" content=\"Presseinvestigation\" \/>\n<meta property=\"article:published_time\" content=\"2023-09-23T14:46:39+00:00\" \/>\n<meta property=\"article:modified_time\" content=\"2023-09-23T14:47:12+00:00\" \/>\n<meta property=\"og:image\" content=\"https:\/\/www.presseinvestigation.com\/wp-content\/uploads\/2023\/09\/msg-789774078-4368-1.webp\" \/>\n\t<meta property=\"og:image:width\" content=\"980\" \/>\n\t<meta property=\"og:image:height\" content=\"551\" \/>\n\t<meta property=\"og:image:type\" content=\"image\/webp\" \/>\n<meta name=\"author\" content=\"Presseinvestigation.com\" \/>\n<meta name=\"twitter:card\" content=\"summary_large_image\" \/>\n<meta name=\"twitter:label1\" content=\"\u00c9crit par\" \/>\n\t<meta name=\"twitter:data1\" content=\"Presseinvestigation.com\" \/>\n\t<meta name=\"twitter:label2\" content=\"Dur\u00e9e de lecture estim\u00e9e\" \/>\n\t<meta name=\"twitter:data2\" content=\"1 minute\" \/>\n<script type=\"application\/ld+json\" class=\"yoast-schema-graph\">{\"@context\":\"https:\\\/\\\/schema.org\",\"@graph\":[{\"@type\":\"Article\",\"@id\":\"https:\\\/\\\/www.presseinvestigation.com\\\/index.php\\\/2023\\\/09\\\/23\\\/france-un-reseau-de-trafiquants-de-vehicules-suv-a-destination-de-lafrique-demantele\\\/#article\",\"isPartOf\":{\"@id\":\"https:\\\/\\\/www.presseinvestigation.com\\\/index.php\\\/2023\\\/09\\\/23\\\/france-un-reseau-de-trafiquants-de-vehicules-suv-a-destination-de-lafrique-demantele\\\/\"},\"author\":{\"name\":\"Presseinvestigation.com\",\"@id\":\"https:\\\/\\\/www.presseinvestigation.com\\\/#\\\/schema\\\/person\\\/32d023733a4a9d7c3bd6883619b8f116\"},\"headline\":\"France: un r\u00e9seau de trafiquants de v\u00e9hicules SUV \u00e0 destination de l&#8217;Afrique d\u00e9mantel\u00e9\",\"datePublished\":\"2023-09-23T14:46:39+00:00\",\"dateModified\":\"2023-09-23T14:47:12+00:00\",\"mainEntityOfPage\":{\"@id\":\"https:\\\/\\\/www.presseinvestigation.com\\\/index.php\\\/2023\\\/09\\\/23\\\/france-un-reseau-de-trafiquants-de-vehicules-suv-a-destination-de-lafrique-demantele\\\/\"},\"wordCount\":273,\"commentCount\":0,\"image\":{\"@id\":\"https:\\\/\\\/www.presseinvestigation.com\\\/index.php\\\/2023\\\/09\\\/23\\\/france-un-reseau-de-trafiquants-de-vehicules-suv-a-destination-de-lafrique-demantele\\\/#primaryimage\"},\"thumbnailUrl\":\"https:\\\/\\\/www.presseinvestigation.com\\\/wp-content\\\/uploads\\\/2023\\\/09\\\/msg-789774078-4368-1.webp\",\"articleSection\":[\"Monde\"],\"inLanguage\":\"fr-FR\",\"potentialAction\":[{\"@type\":\"CommentAction\",\"name\":\"Comment\",\"target\":[\"https:\\\/\\\/www.presseinvestigation.com\\\/index.php\\\/2023\\\/09\\\/23\\\/france-un-reseau-de-trafiquants-de-vehicules-suv-a-destination-de-lafrique-demantele\\\/#respond\"]}]},{\"@type\":\"WebPage\",\"@id\":\"https:\\\/\\\/www.presseinvestigation.com\\\/index.php\\\/2023\\\/09\\\/23\\\/france-un-reseau-de-trafiquants-de-vehicules-suv-a-destination-de-lafrique-demantele\\\/\",\"url\":\"https:\\\/\\\/www.presseinvestigation.com\\\/index.php\\\/2023\\\/09\\\/23\\\/france-un-reseau-de-trafiquants-de-vehicules-suv-a-destination-de-lafrique-demantele\\\/\",\"name\":\"France: un r\u00e9seau de trafiquants de v\u00e9hicules SUV \u00e0 destination de l'Afrique d\u00e9mantel\u00e9 - Presseinvestigation\",\"isPartOf\":{\"@id\":\"https:\\\/\\\/www.presseinvestigation.com\\\/#website\"},\"primaryImageOfPage\":{\"@id\":\"https:\\\/\\\/www.presseinvestigation.com\\\/index.php\\\/2023\\\/09\\\/23\\\/france-un-reseau-de-trafiquants-de-vehicules-suv-a-destination-de-lafrique-demantele\\\/#primaryimage\"},\"image\":{\"@id\":\"https:\\\/\\\/www.presseinvestigation.com\\\/index.php\\\/2023\\\/09\\\/23\\\/france-un-reseau-de-trafiquants-de-vehicules-suv-a-destination-de-lafrique-demantele\\\/#primaryimage\"},\"thumbnailUrl\":\"https:\\\/\\\/www.presseinvestigation.com\\\/wp-content\\\/uploads\\\/2023\\\/09\\\/msg-789774078-4368-1.webp\",\"datePublished\":\"2023-09-23T14:46:39+00:00\",\"dateModified\":\"2023-09-23T14:47:12+00:00\",\"author\":{\"@id\":\"https:\\\/\\\/www.presseinvestigation.com\\\/#\\\/schema\\\/person\\\/32d023733a4a9d7c3bd6883619b8f116\"},\"breadcrumb\":{\"@id\":\"https:\\\/\\\/www.presseinvestigation.com\\\/index.php\\\/2023\\\/09\\\/23\\\/france-un-reseau-de-trafiquants-de-vehicules-suv-a-destination-de-lafrique-demantele\\\/#breadcrumb\"},\"inLanguage\":\"fr-FR\",\"potentialAction\":[{\"@type\":\"ReadAction\",\"target\":[\"https:\\\/\\\/www.presseinvestigation.com\\\/index.php\\\/2023\\\/09\\\/23\\\/france-un-reseau-de-trafiquants-de-vehicules-suv-a-destination-de-lafrique-demantele\\\/\"]}]},{\"@type\":\"ImageObject\",\"inLanguage\":\"fr-FR\",\"@id\":\"https:\\\/\\\/www.presseinvestigation.com\\\/index.php\\\/2023\\\/09\\\/23\\\/france-un-reseau-de-trafiquants-de-vehicules-suv-a-destination-de-lafrique-demantele\\\/#primaryimage\",\"url\":\"https:\\\/\\\/www.presseinvestigation.com\\\/wp-content\\\/uploads\\\/2023\\\/09\\\/msg-789774078-4368-1.webp\",\"contentUrl\":\"https:\\\/\\\/www.presseinvestigation.com\\\/wp-content\\\/uploads\\\/2023\\\/09\\\/msg-789774078-4368-1.webp\",\"width\":980,\"height\":551},{\"@type\":\"BreadcrumbList\",\"@id\":\"https:\\\/\\\/www.presseinvestigation.com\\\/index.php\\\/2023\\\/09\\\/23\\\/france-un-reseau-de-trafiquants-de-vehicules-suv-a-destination-de-lafrique-demantele\\\/#breadcrumb\",\"itemListElement\":[{\"@type\":\"ListItem\",\"position\":1,\"name\":\"Accueil\",\"item\":\"https:\\\/\\\/www.presseinvestigation.com\\\/\"},{\"@type\":\"ListItem\",\"position\":2,\"name\":\"France: un r\u00e9seau de trafiquants de v\u00e9hicules SUV \u00e0 destination de l&rsquo;Afrique d\u00e9mantel\u00e9\"}]},{\"@type\":\"WebSite\",\"@id\":\"https:\\\/\\\/www.presseinvestigation.com\\\/#website\",\"url\":\"https:\\\/\\\/www.presseinvestigation.com\\\/\",\"name\":\"Presseinvestigation\",\"description\":\"Informer dans l&#039;impartialit\u00e9\",\"potentialAction\":[{\"@type\":\"SearchAction\",\"target\":{\"@type\":\"EntryPoint\",\"urlTemplate\":\"https:\\\/\\\/www.presseinvestigation.com\\\/?s={search_term_string}\"},\"query-input\":{\"@type\":\"PropertyValueSpecification\",\"valueRequired\":true,\"valueName\":\"search_term_string\"}}],\"inLanguage\":\"fr-FR\"},{\"@type\":\"Person\",\"@id\":\"https:\\\/\\\/www.presseinvestigation.com\\\/#\\\/schema\\\/person\\\/32d023733a4a9d7c3bd6883619b8f116\",\"name\":\"Presseinvestigation.com\",\"image\":{\"@type\":\"ImageObject\",\"inLanguage\":\"fr-FR\",\"@id\":\"https:\\\/\\\/secure.gravatar.com\\\/avatar\\\/26f9c9e95424b0bde739ba0af37ee39a9e4a9e809967422c5b8e8573a34fbbe0?s=96&d=mm&r=g\",\"url\":\"https:\\\/\\\/secure.gravatar.com\\\/avatar\\\/26f9c9e95424b0bde739ba0af37ee39a9e4a9e809967422c5b8e8573a34fbbe0?s=96&d=mm&r=g\",\"contentUrl\":\"https:\\\/\\\/secure.gravatar.com\\\/avatar\\\/26f9c9e95424b0bde739ba0af37ee39a9e4a9e809967422c5b8e8573a34fbbe0?s=96&d=mm&r=g\",\"caption\":\"Presseinvestigation.com\"},\"url\":\"https:\\\/\\\/www.presseinvestigation.com\\\/index.php\\\/author\\\/toumany\\\/\"}]}<\/script>\n<!-- \/ Yoast SEO plugin. -->","yoast_head_json":{"title":"France: un r\u00e9seau de trafiquants de v\u00e9hicules SUV \u00e0 destination de l'Afrique d\u00e9mantel\u00e9 - Presseinvestigation","robots":{"index":"index","follow":"follow","max-snippet":"max-snippet:-1","max-image-preview":"max-image-preview:large","max-video-preview":"max-video-preview:-1"},"canonical":"https:\/\/www.presseinvestigation.com\/index.php\/2023\/09\/23\/france-un-reseau-de-trafiquants-de-vehicules-suv-a-destination-de-lafrique-demantele\/","og_locale":"fr_FR","og_type":"article","og_title":"France: un r\u00e9seau de trafiquants de v\u00e9hicules SUV \u00e0 destination de l'Afrique d\u00e9mantel\u00e9 - Presseinvestigation","og_description":"En France, un coup de filet de la police a permis l&#8217;arrestation de 13 suspects li\u00e9s \u00e0 un groupe criminel organis\u00e9 qui volait et transportait vers l&#8217;Afrique de l&#8217;Ouest des SUV, de co\u00fbteux v\u00e9hicules de sport au croisement du monospace et du 4&#215;4. Apr\u00e8s deux ans d&#8217;enqu\u00eate impliquant six pays europ\u00e9ens, Interpol et Europol, la [&hellip;]","og_url":"https:\/\/www.presseinvestigation.com\/index.php\/2023\/09\/23\/france-un-reseau-de-trafiquants-de-vehicules-suv-a-destination-de-lafrique-demantele\/","og_site_name":"Presseinvestigation","article_published_time":"2023-09-23T14:46:39+00:00","article_modified_time":"2023-09-23T14:47:12+00:00","og_image":[{"width":980,"height":551,"url":"https:\/\/www.presseinvestigation.com\/wp-content\/uploads\/2023\/09\/msg-789774078-4368-1.webp","type":"image\/webp"}],"author":"Presseinvestigation.com","twitter_card":"summary_large_image","twitter_misc":{"\u00c9crit par":"Presseinvestigation.com","Dur\u00e9e de lecture estim\u00e9e":"1 minute"},"schema":{"@context":"https:\/\/schema.org","@graph":[{"@type":"Article","@id":"https:\/\/www.presseinvestigation.com\/index.php\/2023\/09\/23\/france-un-reseau-de-trafiquants-de-vehicules-suv-a-destination-de-lafrique-demantele\/#article","isPartOf":{"@id":"https:\/\/www.presseinvestigation.com\/index.php\/2023\/09\/23\/france-un-reseau-de-trafiquants-de-vehicules-suv-a-destination-de-lafrique-demantele\/"},"author":{"name":"Presseinvestigation.com","@id":"https:\/\/www.presseinvestigation.com\/#\/schema\/person\/32d023733a4a9d7c3bd6883619b8f116"},"headline":"France: un r\u00e9seau de trafiquants de v\u00e9hicules SUV \u00e0 destination de l&#8217;Afrique d\u00e9mantel\u00e9","datePublished":"2023-09-23T14:46:39+00:00","dateModified":"2023-09-23T14:47:12+00:00","mainEntityOfPage":{"@id":"https:\/\/www.presseinvestigation.com\/index.php\/2023\/09\/23\/france-un-reseau-de-trafiquants-de-vehicules-suv-a-destination-de-lafrique-demantele\/"},"wordCount":273,"commentCount":0,"image":{"@id":"https:\/\/www.presseinvestigation.com\/index.php\/2023\/09\/23\/france-un-reseau-de-trafiquants-de-vehicules-suv-a-destination-de-lafrique-demantele\/#primaryimage"},"thumbnailUrl":"https:\/\/www.presseinvestigation.com\/wp-content\/uploads\/2023\/09\/msg-789774078-4368-1.webp","articleSection":["Monde"],"inLanguage":"fr-FR","potentialAction":[{"@type":"CommentAction","name":"Comment","target":["https:\/\/www.presseinvestigation.com\/index.php\/2023\/09\/23\/france-un-reseau-de-trafiquants-de-vehicules-suv-a-destination-de-lafrique-demantele\/#respond"]}]},{"@type":"WebPage","@id":"https:\/\/www.presseinvestigation.com\/index.php\/2023\/09\/23\/france-un-reseau-de-trafiquants-de-vehicules-suv-a-destination-de-lafrique-demantele\/","url":"https:\/\/www.presseinvestigation.com\/index.php\/2023\/09\/23\/france-un-reseau-de-trafiquants-de-vehicules-suv-a-destination-de-lafrique-demantele\/","name":"France: un r\u00e9seau de trafiquants de v\u00e9hicules SUV \u00e0 destination de l'Afrique d\u00e9mantel\u00e9 - Presseinvestigation","isPartOf":{"@id":"https:\/\/www.presseinvestigation.com\/#website"},"primaryImageOfPage":{"@id":"https:\/\/www.presseinvestigation.com\/index.php\/2023\/09\/23\/france-un-reseau-de-trafiquants-de-vehicules-suv-a-destination-de-lafrique-demantele\/#primaryimage"},"image":{"@id":"https:\/\/www.presseinvestigation.com\/index.php\/2023\/09\/23\/france-un-reseau-de-trafiquants-de-vehicules-suv-a-destination-de-lafrique-demantele\/#primaryimage"},"thumbnailUrl":"https:\/\/www.presseinvestigation.com\/wp-content\/uploads\/2023\/09\/msg-789774078-4368-1.webp","datePublished":"2023-09-23T14:46:39+00:00","dateModified":"2023-09-23T14:47:12+00:00","author":{"@id":"https:\/\/www.presseinvestigation.com\/#\/schema\/person\/32d023733a4a9d7c3bd6883619b8f116"},"breadcrumb":{"@id":"https:\/\/www.presseinvestigation.com\/index.php\/2023\/09\/23\/france-un-reseau-de-trafiquants-de-vehicules-suv-a-destination-de-lafrique-demantele\/#breadcrumb"},"inLanguage":"fr-FR","potentialAction":[{"@type":"ReadAction","target":["https:\/\/www.presseinvestigation.com\/index.php\/2023\/09\/23\/france-un-reseau-de-trafiquants-de-vehicules-suv-a-destination-de-lafrique-demantele\/"]}]},{"@type":"ImageObject","inLanguage":"fr-FR","@id":"https:\/\/www.presseinvestigation.com\/index.php\/2023\/09\/23\/france-un-reseau-de-trafiquants-de-vehicules-suv-a-destination-de-lafrique-demantele\/#primaryimage","url":"https:\/\/www.presseinvestigation.com\/wp-content\/uploads\/2023\/09\/msg-789774078-4368-1.webp","contentUrl":"https:\/\/www.presseinvestigation.com\/wp-content\/uploads\/2023\/09\/msg-789774078-4368-1.webp","width":980,"height":551},{"@type":"BreadcrumbList","@id":"https:\/\/www.presseinvestigation.com\/index.php\/2023\/09\/23\/france-un-reseau-de-trafiquants-de-vehicules-suv-a-destination-de-lafrique-demantele\/#breadcrumb","itemListElement":[{"@type":"ListItem","position":1,"name":"Accueil","item":"https:\/\/www.presseinvestigation.com\/"},{"@type":"ListItem","position":2,"name":"France: un r\u00e9seau de trafiquants de v\u00e9hicules SUV \u00e0 destination de l&rsquo;Afrique d\u00e9mantel\u00e9"}]},{"@type":"WebSite","@id":"https:\/\/www.presseinvestigation.com\/#website","url":"https:\/\/www.presseinvestigation.com\/","name":"Presseinvestigation","description":"Informer dans l&#039;impartialit\u00e9","potentialAction":[{"@type":"SearchAction","target":{"@type":"EntryPoint","urlTemplate":"https:\/\/www.presseinvestigation.com\/?s={search_term_string}"},"query-input":{"@type":"PropertyValueSpecification","valueRequired":true,"valueName":"search_term_string"}}],"inLanguage":"fr-FR"},{"@type":"Person","@id":"https:\/\/www.presseinvestigation.com\/#\/schema\/person\/32d023733a4a9d7c3bd6883619b8f116","name":"Presseinvestigation.com","image":{"@type":"ImageObject","inLanguage":"fr-FR","@id":"https:\/\/secure.gravatar.com\/avatar\/26f9c9e95424b0bde739ba0af37ee39a9e4a9e809967422c5b8e8573a34fbbe0?s=96&d=mm&r=g","url":"https:\/\/secure.gravatar.com\/avatar\/26f9c9e95424b0bde739ba0af37ee39a9e4a9e809967422c5b8e8573a34fbbe0?s=96&d=mm&r=g","contentUrl":"https:\/\/secure.gravatar.com\/avatar\/26f9c9e95424b0bde739ba0af37ee39a9e4a9e809967422c5b8e8573a34fbbe0?s=96&d=mm&r=g","caption":"Presseinvestigation.com"},"url":"https:\/\/www.presseinvestigation.com\/index.php\/author\/toumany\/"}]}},"_links":{"self":[{"href":"https:\/\/www.presseinvestigation.com\/index.php\/wp-json\/wp\/v2\/posts\/571","targetHints":{"allow":["GET"]}}],"collection":[{"href":"https:\/\/www.presseinvestigation.com\/index.php\/wp-json\/wp\/v2\/posts"}],"about":[{"href":"https:\/\/www.presseinvestigation.com\/index.php\/wp-json\/wp\/v2\/types\/post"}],"author":[{"embeddable":true,"href":"https:\/\/www.presseinvestigation.com\/index.php\/wp-json\/wp\/v2\/users\/2"}],"replies":[{"embeddable":true,"href":"https:\/\/www.presseinvestigation.com\/index.php\/wp-json\/wp\/v2\/comments?post=571"}],"version-history":[{"count":1,"href":"https:\/\/www.presseinvestigation.com\/index.php\/wp-json\/wp\/v2\/posts\/571\/revisions"}],"predecessor-version":[{"id":572,"href":"https:\/\/www.presseinvestigation.com\/index.php\/wp-json\/wp\/v2\/posts\/571\/revisions\/572"}],"wp:featuredmedia":[{"embeddable":true,"href":"https:\/\/www.presseinvestigation.com\/index.php\/wp-json\/wp\/v2\/media\/570"}],"wp:attachment":[{"href":"https:\/\/www.presseinvestigation.com\/index.php\/wp-json\/wp\/v2\/media?parent=571"}],"wp:term":[{"taxonomy":"category","embeddable":true,"href":"https:\/\/www.presseinvestigation.com\/index.php\/wp-json\/wp\/v2\/categories?post=571"},{"taxonomy":"post_tag","embeddable":true,"href":"https:\/\/www.presseinvestigation.com\/index.php\/wp-json\/wp\/v2\/tags?post=571"}],"curies":[{"name":"wp","href":"https:\/\/api.w.org\/{rel}","templated":true}]}}