{"id":588,"date":"2023-10-02T10:17:47","date_gmt":"2023-10-02T08:17:47","guid":{"rendered":"https:\/\/www.presseinvestigation.com\/?p=588"},"modified":"2023-10-02T12:05:46","modified_gmt":"2023-10-02T10:05:46","slug":"letat-des-pnrf-a-lan-65-ans-de-la-guinee-des-concervateurs-formesdes-equipements-pour-logpnrfdes-projets-en-financement-et-des-fefis-a-relever-dixit-commandant-aboubacar","status":"publish","type":"post","link":"https:\/\/www.presseinvestigation.com\/index.php\/2023\/10\/02\/letat-des-pnrf-a-lan-65-ans-de-la-guinee-des-concervateurs-formesdes-equipements-pour-logpnrfdes-projets-en-financement-et-des-fefis-a-relever-dixit-commandant-aboubacar\/","title":{"rendered":"L&#8217;\u00e9tat des PNRF \u00e0 l&#8217;an 65 ans de la Guin\u00e9e\u00a0:&lt;&lt; Des conservateurs form\u00e9s,des \u00e9quipements pour l&#8217;OGPNRF,des projets en financement et des d\u00e9fis \u00e0 relever&gt;&gt; dixit commandant Aboubacar SAMOURA DG de L&#8217;OGPNRF"},"content":{"rendered":"\n<p>La Guin\u00e9e c\u00e9l\u00e8bre ce lundi 02 octobre 2023, les 65 ans de son accession \u00e0 l\u2019ind\u00e9pendance. A cette occasion, la r\u00e9daction de votre site d\u2019informations presseinvestigation.com cherche \u00e0 comprendre \u00e0 tous les niveaux de la gouvernance, qu\u2019est ce qui se fait pour que le pays avance?<\/p>\n\n\n\n<p>C\u2019est dans ce cadre que nous avons contact\u00e9, ce dimanche 1er octobre 2023, le Commandant Aboubacar SAMOURA, Directeur G\u00e9n\u00e9ral de l\u2019Office Guin\u00e9enne des Parcs Nationaux et Reserve de Faune(OGPNRF), pour comprendre la situation actuelle de nos Parcs Nationaux et R\u00e9serve de Faune.<\/p>\n\n\n\n<p>Il s\u2019est pr\u00eat\u00e9 \u00e0 nos questions. Et voici l\u2019int\u00e9gralit\u00e9 de l\u2019entretien qu\u2019il nous a accord\u00e9 par t\u00e9l\u00e9phone.<\/p>\n\n\n\n<p><strong>Presseinvestigation.com&nbsp;: Commandant Aboubacar SAMOURA, vous \u00eates ing\u00e9nieur des Eaux et Foret Environnement, sortant de l\u2019Institut Sup\u00e9rieur Agronomique et V\u00e9t\u00e9rinaire de Faranah, de la 43 promotion. Aujourd\u2019hui, vous \u00eates le Directeur G\u00e9n\u00e9ral de l\u2019OGPNRF. Vous \u00eates \u00e9galement le point focal de la convention sur la diversit\u00e9 biologique Guin\u00e9e. Dites \u00e0 nos lecteurs, quel est le r\u00f4le primordial de l\u2019Office Guin\u00e9en des Parcs Nationaux et Reserve de Faune&nbsp;?<\/strong><\/p>\n\n\n\n<p><strong>Commandant Aboubacar SAMOURA&nbsp;:<\/strong><\/p>\n\n\n\n<p>L&#8217;Office Guin\u00e9en des Parcs Nationaux et Reserve de Faune, en abr\u00e9g\u00e9 OGPNRF est un Etablissement Public \u00e0 Caract\u00e8re Administratif, dot\u00e9 d\u2019une Autonomie financi\u00e8re. L\u2019Office a \u00e9t\u00e9 \u00e9rig\u00e9 en EPA par d\u00e9cret du pr\u00e9sident de la Transition Colonel Mamadi DOUMBOUYA, au mois de juillet 2022.<\/p>\n\n\n\n<p>Nous avons pour mission, la mise en \u0153uvre de la politique du Gouvernement en mati\u00e8re de conservation et de valorisation de la biodiversit\u00e9 dans les aires prot\u00e9g\u00e9es nationales et transfrontali\u00e8res. Et d\u2019en assurer le suivi.<\/p>\n\n\n\n<p><strong>Notre pays la Guin\u00e9e c\u00e9l\u00e8bre la 65\u00e8me ann\u00e9e de sa souverainet\u00e9, ce lundi 02 octobre 2023.A ce jour, dans quel \u00e9tat se trouve les Parcs et R\u00e9serve de faune de notre pays&nbsp;? <\/strong>\u2070<\/p>\n\n\n\n<p>En pr\u00e9lude \u00e0 la c\u00e9l\u00e9bration de l\u2019An 65 de l\u2019accession de notre pays \u00e0 l\u2019Ind\u00e9pendance&nbsp;; \u00e0 l\u2019instar des autres services du Gouvernement et du Minist\u00e8re de l\u2019Environnement et du D\u00e9veloppement Durable, l\u2019Office Guin\u00e9en des Parcs Nationaux et R\u00e9serve de Faune n\u2019est pas rest\u00e9 en marge. <\/p>\n\n\n\n<p>Depuis l\u2019av\u00e8nement au pouvoir en 2021 du Comit\u00e9 National pour le Rassemblement et pour la D\u00e9mocratie(CNRD), nous avons lanc\u00e9 de vastes r\u00e9formes. Parmi lesquelles nous avons fait la refonte du syst\u00e8me du r\u00e9seau des Aires prot\u00e9g\u00e9es autour de 17 Parcs Nationaux. Nous avons \u00e9galement lanc\u00e9 le processus de cr\u00e9ation d\u2019un m\u00e9canisme de financement durable du R\u00e9seau des Aires prot\u00e9g\u00e9es de la Guin\u00e9e. Et ce m\u00e9canisme de financement, une fois mis en place, il va \u00eatre chapeaut\u00e9 par un fonds fiduciaire. Ce fonds va servir \u00e0 financer les actions de conservation de la Biodiversit\u00e9. <\/p>\n\n\n\n<p>En plus,nous avons engag\u00e9 une vaste formation de plus de 120 conservateurs de la nature sur l\u2019Utilisation des outils de collecte des donn\u00e9es sur le terrain dans nos aires prot\u00e9g\u00e9es. Nous sommes en train de pr\u00e9parer le lancement des activit\u00e9s g\u00e9n\u00e9ratrices de revenus, autour et dans nos aires prot\u00e9g\u00e9es. Parce que, quand il y a restriction d\u2019acc\u00e8s dans les Parcs Nationaux et Reserve de Faune,vis \u00e0 vis des communaut\u00e9s, il faut trouver des mesures alternatives pour les permettre de vivre sans d\u00e9pendre des ressources naturelles. <\/p>\n\n\n\n<p>C\u2019est dans cette optique que le Minist\u00e8re de l\u2019Environnement appuie la mise en \u0153uvre des activit\u00e9s g\u00e9n\u00e9ratrice de revenus pour les populations riveraines des PNRF \u00e0 travers le projet de gestion des ressources naturelles, mini\u00e8res et de l\u2019environnement, financ\u00e9 par la Banque Mondiale.<\/p>\n\n\n\n<p>Cela va diminuer un peu la pauvret\u00e9 autour de nos Aires prot\u00e9g\u00e9es. En plus, nous comptons appuyer, nos conservateurs de la Nature en logistique. Les premiers engins commencent d\u00e9j\u00e0 \u00e0 arriver. Aujourd\u2019hui, il y a 24 v\u00e9hicules, tout terrain, qui sont arriv\u00e9s. Les motos et les \u00e9quipements de patrouille sont \u00e9galement en routes. Et j\u2019esp\u00e8re bien que d\u2019ici \u00e0 2024,nos sites couverts par le projet de gestion des ressources naturelles mini\u00e8res et de l\u2019environnement, vont fonctionner \u00e0 merveille.<\/p>\n\n\n\n<p>Aussi, pour assurer l\u2019autonomie de nos aires prot\u00e9g\u00e9es, nous avons \u00e9galement engag\u00e9 le recrutement de 11 comptables. Et ses 11 comptables vont \u00eatre red\u00e9ploy\u00e9s sur l\u2019ensemble des sites du R\u00e9seau, couvert par ce projet de la Banque Mondiale. Ces comptables vont g\u00e9rer les fonds que le projet va mettre \u00e0 disposition des sites, pour leur fonctionnement. Et \u00e0 date, nous avons engag\u00e9 une \u00e9quipe sur le terrain, pour l\u2019identification des infrastructures existantes dans nos Aires prot\u00e9g\u00e9es, afin de les \u00e9valuer et de lancer les travaux de r\u00e9novation, de construction et d\u2019am\u00e9nagement de nos parcs couvert par le projet de la Banque Mondiale. Donc en gros, ce sont ces quelques actions phares que nous avons d\u00e9j\u00e0 engag\u00e9es et que nous esp\u00e9rons d\u2019ici \u00e0 la fin 2023, ces actions vont \u00eatre r\u00e9alis\u00e9es \u00e0 100%. <\/p>\n\n\n\n<p><strong>Quelles sont les difficult\u00e9s majeurs auxquelles les parcs nationaux et R\u00e9serve de Faune sont confront\u00e9es aujourd\u2019hui en Guin\u00e9e&nbsp;?  <\/strong><\/p>\n\n\n\n<p>Nous g\u00e9rons 53 Aires prot\u00e9g\u00e9es. Parmi lesquelles, il y a seulement 11 sites qui sont couverts par le projet de gestion des ressources naturelles, mini\u00e8res et de l\u2019environnement, financ\u00e9 par la Banque Mondiale. Les autres Aires Prot\u00e9g\u00e9es ne sont pas couvertes encore. C\u2019est l\u00e0 o\u00f9 se situent les difficult\u00e9s. Il y a non seulement un manque de financement, pour assurer le fonctionnement de tout le reste de ces Aires prot\u00e9g\u00e9es. Mais aussi un manque de personnel qualifi\u00e9, pour assurer leur gestion efficiente. Donc de fa\u00e7on globale se sont ces deux principales difficult\u00e9s que nous avons.<\/p>\n\n\n\n<p><strong>Quelles solutions proposez-vous pour rem\u00e9dier \u00e0 ces probl\u00e8mes&nbsp;?<\/strong><\/p>\n\n\n\n<p> C\u2019est attirer l\u2019attention du Gouvernement. Puis que le Chef de l\u2019Etat son excellence Colonel Mamadi DOUMBOUYA, pr\u00e9sident de la Transition chef supr\u00eame des arm\u00e9es, a pris comme cheval de bataille, la protection de l\u2019environnement de fa\u00e7on g\u00e9n\u00e9rale.Il s\u2019agit maintenant de mettre un focus sur les Aires prot\u00e9g\u00e9es qui sont les r\u00e9servoirs de la biodiversit\u00e9. <\/p>\n\n\n\n<p>Au Minist\u00e8re de l\u2019Environnement et du D\u00e9veloppement durable, de continuer son appui \u00e0 l\u2019Office Guin\u00e9en des Parcs Nationaux et R\u00e9serve de Faune, en le dotant d\u2019un personnel qualifi\u00e9, pour la mise en \u0153uvre de sa politique en mati\u00e8re de conservation et de gestion de la biodiversit\u00e9,surtout pour les PNRF non encore couverts par le projet de la Banque Mondiale. Et, aider l\u2019Office \u00e0 obtenir une subvention de l\u2019Etat pour financer certaines de ses activit\u00e9s courantes.<\/p>\n\n\n\n<p><strong>Pour boucler cette interview,quels messages avez-vous a pass\u00e9 en tant que DG qui s\u2019occupe des Parcs Nationaux de R\u00e9serve et Faune<\/strong>&nbsp;? <\/p>\n\n\n\n<p>C\u2019est d\u2019abord remercier les autorit\u00e9s \u00e0 tous les niveaux, pour les efforts qu\u2019elles ne cessent de d\u00e9ployer, pour nous accompagner dans le cadre de la gestion de la biodiversit\u00e9 dans nos Aires Prot\u00e9g\u00e9es.Nous profitons aussi de votre entreprise de presse, Informer la population  que la conservation, n&#8217;est pas seulement l&#8217;affaire des des agents de l&#8217;OGPNRF.<\/p>\n\n\n\n<p>Mais, il faudrait que les communaut\u00e9s riveraines nous appuient \u00e0 conserver la biodiversit\u00e9.Et ensuite leur dire que, nous sommes en train de nous battre pour vraiment essayer de d\u00e9velopper les activit\u00e9s g\u00e9n\u00e9ratrices de revenus qui va leur permettre de diminuer les pressions sur les ressources naturelles.<\/p>\n\n\n\n<p>C&#8217;est le lieu aussi de saisir l&#8217;opportunit\u00e9 d&#8217;inviter les communaut\u00e9s riveraines des PNRF, \u00e0 prendre soins de nos agents conservateurs qui vivent avec elles.ces conservateurs de la nature sont l\u00e0 pour les aider \u00e0 sauvergarder notre environnement.Ce ne sont pas leurs \u00e9nn\u00e9mis.Ce sont des agents qui sont l\u00e0, pour les conseillers, comment faire la gestion rationnelle des ressources naturelles?<\/p>\n\n\n\n<p><strong>Merci Monsieur le Directeur G\u00e9n\u00e9ral de l&#8217;OGPNRF, Commandant Aboubacar SAMOURA de nous avoir accord\u00e9 cette interview<\/strong><\/p>\n\n\n\n<p>C\u2019est \u00e0 moi de vous remercier, pour tout ce que vous faites pour la visibilit\u00e9 de nos actions de conservation.<\/p>\n\n\n\n<p><strong>Entretien r\u00e9alis\u00e9 par Toumany CAMARA, pour Presseinvestigation.com<\/strong><\/p>\n\n\n\n<p><strong>T\u00e9l&nbsp;: 623-63-33-54<\/strong><\/p>\n\n\n\n<p><\/p>\n\n\n\n<figure class=\"wp-block-image size-large\"><img fetchpriority=\"high\" decoding=\"async\" width=\"720\" height=\"532\" src=\"https:\/\/www.presseinvestigation.com\/wp-content\/uploads\/2023\/10\/IMG-20231001-WA0002.jpg\" alt=\"\" class=\"wp-image-586\" srcset=\"https:\/\/www.presseinvestigation.com\/wp-content\/uploads\/2023\/10\/IMG-20231001-WA0002.jpg 720w, https:\/\/www.presseinvestigation.com\/wp-content\/uploads\/2023\/10\/IMG-20231001-WA0002-300x222.jpg 300w, https:\/\/www.presseinvestigation.com\/wp-content\/uploads\/2023\/10\/IMG-20231001-WA0002-600x443.jpg 600w\" sizes=\"(max-width: 720px) 100vw, 720px\" \/><\/figure>\n","protected":false},"excerpt":{"rendered":"<p>La Guin\u00e9e c\u00e9l\u00e8bre ce lundi 02 octobre 2023, les 65 ans de son accession \u00e0 l\u2019ind\u00e9pendance. A cette occasion, la r\u00e9daction de votre site d\u2019informations presseinvestigation.com cherche \u00e0 comprendre \u00e0 tous les niveaux de la gouvernance, qu\u2019est ce qui se fait pour que le pays avance? C\u2019est dans ce cadre que nous avons contact\u00e9, ce [&hellip;]<\/p>\n","protected":false},"author":2,"featured_media":587,"comment_status":"open","ping_status":"open","sticky":false,"template":"","format":"standard","meta":{"jnews-multi-image_gallery":[],"jnews_single_post":[],"jnews_primary_category":[],"footnotes":""},"categories":[73],"tags":[],"class_list":["post-588","post","type-post","status-publish","format-standard","has-post-thumbnail","hentry","category-a-la-une"],"yoast_head":"<!-- This site is optimized with the Yoast SEO plugin v27.3 - https:\/\/yoast.com\/product\/yoast-seo-wordpress\/ -->\n<title>L&#039;\u00e9tat des PNRF \u00e0 l&#039;an 65 ans de la Guin\u00e9e\u00a0:&lt;&lt; Des conservateurs form\u00e9s,des \u00e9quipements pour l&#039;OGPNRF,des projets en financement et des d\u00e9fis \u00e0 relever&gt;&gt; dixit commandant Aboubacar SAMOURA DG de L&#039;OGPNRF - Presseinvestigation<\/title>\n<meta name=\"robots\" content=\"index, follow, max-snippet:-1, max-image-preview:large, max-video-preview:-1\" \/>\n<link rel=\"canonical\" href=\"https:\/\/www.presseinvestigation.com\/index.php\/2023\/10\/02\/letat-des-pnrf-a-lan-65-ans-de-la-guinee-des-concervateurs-formesdes-equipements-pour-logpnrfdes-projets-en-financement-et-des-fefis-a-relever-dixit-commandant-aboubacar\/\" \/>\n<meta property=\"og:locale\" content=\"fr_FR\" \/>\n<meta property=\"og:type\" content=\"article\" \/>\n<meta property=\"og:title\" content=\"L&#039;\u00e9tat des PNRF \u00e0 l&#039;an 65 ans de la Guin\u00e9e\u00a0:&lt;&lt; Des conservateurs form\u00e9s,des \u00e9quipements pour l&#039;OGPNRF,des projets en financement et des d\u00e9fis \u00e0 relever&gt;&gt; dixit commandant Aboubacar SAMOURA DG de L&#039;OGPNRF - Presseinvestigation\" \/>\n<meta property=\"og:description\" content=\"La Guin\u00e9e c\u00e9l\u00e8bre ce lundi 02 octobre 2023, les 65 ans de son accession \u00e0 l\u2019ind\u00e9pendance. A cette occasion, la r\u00e9daction de votre site d\u2019informations presseinvestigation.com cherche \u00e0 comprendre \u00e0 tous les niveaux de la gouvernance, qu\u2019est ce qui se fait pour que le pays avance? C\u2019est dans ce cadre que nous avons contact\u00e9, ce [&hellip;]\" \/>\n<meta property=\"og:url\" content=\"https:\/\/www.presseinvestigation.com\/index.php\/2023\/10\/02\/letat-des-pnrf-a-lan-65-ans-de-la-guinee-des-concervateurs-formesdes-equipements-pour-logpnrfdes-projets-en-financement-et-des-fefis-a-relever-dixit-commandant-aboubacar\/\" \/>\n<meta property=\"og:site_name\" content=\"Presseinvestigation\" \/>\n<meta property=\"article:published_time\" content=\"2023-10-02T08:17:47+00:00\" \/>\n<meta property=\"article:modified_time\" content=\"2023-10-02T10:05:46+00:00\" \/>\n<meta property=\"og:image\" content=\"https:\/\/www.presseinvestigation.com\/wp-content\/uploads\/2023\/10\/IMG-20231001-WA0002-1.jpg\" \/>\n\t<meta property=\"og:image:width\" content=\"720\" \/>\n\t<meta property=\"og:image:height\" content=\"532\" \/>\n\t<meta property=\"og:image:type\" content=\"image\/jpeg\" \/>\n<meta name=\"author\" content=\"Presseinvestigation.com\" \/>\n<meta name=\"twitter:card\" content=\"summary_large_image\" \/>\n<meta name=\"twitter:label1\" content=\"\u00c9crit par\" \/>\n\t<meta name=\"twitter:data1\" content=\"Presseinvestigation.com\" \/>\n\t<meta name=\"twitter:label2\" content=\"Dur\u00e9e de lecture estim\u00e9e\" \/>\n\t<meta name=\"twitter:data2\" content=\"7 minutes\" \/>\n<script type=\"application\/ld+json\" class=\"yoast-schema-graph\">{\"@context\":\"https:\\\/\\\/schema.org\",\"@graph\":[{\"@type\":\"Article\",\"@id\":\"https:\\\/\\\/www.presseinvestigation.com\\\/index.php\\\/2023\\\/10\\\/02\\\/letat-des-pnrf-a-lan-65-ans-de-la-guinee-des-concervateurs-formesdes-equipements-pour-logpnrfdes-projets-en-financement-et-des-fefis-a-relever-dixit-commandant-aboubacar\\\/#article\",\"isPartOf\":{\"@id\":\"https:\\\/\\\/www.presseinvestigation.com\\\/index.php\\\/2023\\\/10\\\/02\\\/letat-des-pnrf-a-lan-65-ans-de-la-guinee-des-concervateurs-formesdes-equipements-pour-logpnrfdes-projets-en-financement-et-des-fefis-a-relever-dixit-commandant-aboubacar\\\/\"},\"author\":{\"name\":\"Presseinvestigation.com\",\"@id\":\"https:\\\/\\\/www.presseinvestigation.com\\\/#\\\/schema\\\/person\\\/32d023733a4a9d7c3bd6883619b8f116\"},\"headline\":\"L&#8217;\u00e9tat des PNRF \u00e0 l&#8217;an 65 ans de la Guin\u00e9e\u00a0:&lt;&lt; Des conservateurs form\u00e9s,des \u00e9quipements pour l&#8217;OGPNRF,des projets en financement et des d\u00e9fis \u00e0 relever&gt;&gt; dixit commandant Aboubacar SAMOURA DG de L&#8217;OGPNRF\",\"datePublished\":\"2023-10-02T08:17:47+00:00\",\"dateModified\":\"2023-10-02T10:05:46+00:00\",\"mainEntityOfPage\":{\"@id\":\"https:\\\/\\\/www.presseinvestigation.com\\\/index.php\\\/2023\\\/10\\\/02\\\/letat-des-pnrf-a-lan-65-ans-de-la-guinee-des-concervateurs-formesdes-equipements-pour-logpnrfdes-projets-en-financement-et-des-fefis-a-relever-dixit-commandant-aboubacar\\\/\"},\"wordCount\":1470,\"commentCount\":0,\"image\":{\"@id\":\"https:\\\/\\\/www.presseinvestigation.com\\\/index.php\\\/2023\\\/10\\\/02\\\/letat-des-pnrf-a-lan-65-ans-de-la-guinee-des-concervateurs-formesdes-equipements-pour-logpnrfdes-projets-en-financement-et-des-fefis-a-relever-dixit-commandant-aboubacar\\\/#primaryimage\"},\"thumbnailUrl\":\"https:\\\/\\\/www.presseinvestigation.com\\\/wp-content\\\/uploads\\\/2023\\\/10\\\/IMG-20231001-WA0002-1.jpg\",\"articleSection\":[\"A la Une\"],\"inLanguage\":\"fr-FR\",\"potentialAction\":[{\"@type\":\"CommentAction\",\"name\":\"Comment\",\"target\":[\"https:\\\/\\\/www.presseinvestigation.com\\\/index.php\\\/2023\\\/10\\\/02\\\/letat-des-pnrf-a-lan-65-ans-de-la-guinee-des-concervateurs-formesdes-equipements-pour-logpnrfdes-projets-en-financement-et-des-fefis-a-relever-dixit-commandant-aboubacar\\\/#respond\"]}]},{\"@type\":\"WebPage\",\"@id\":\"https:\\\/\\\/www.presseinvestigation.com\\\/index.php\\\/2023\\\/10\\\/02\\\/letat-des-pnrf-a-lan-65-ans-de-la-guinee-des-concervateurs-formesdes-equipements-pour-logpnrfdes-projets-en-financement-et-des-fefis-a-relever-dixit-commandant-aboubacar\\\/\",\"url\":\"https:\\\/\\\/www.presseinvestigation.com\\\/index.php\\\/2023\\\/10\\\/02\\\/letat-des-pnrf-a-lan-65-ans-de-la-guinee-des-concervateurs-formesdes-equipements-pour-logpnrfdes-projets-en-financement-et-des-fefis-a-relever-dixit-commandant-aboubacar\\\/\",\"name\":\"L'\u00e9tat des PNRF \u00e0 l'an 65 ans de la Guin\u00e9e\u00a0:&lt;&lt; Des conservateurs form\u00e9s,des \u00e9quipements pour l'OGPNRF,des projets en financement et des d\u00e9fis \u00e0 relever&gt;&gt; dixit commandant Aboubacar SAMOURA DG de L'OGPNRF - Presseinvestigation\",\"isPartOf\":{\"@id\":\"https:\\\/\\\/www.presseinvestigation.com\\\/#website\"},\"primaryImageOfPage\":{\"@id\":\"https:\\\/\\\/www.presseinvestigation.com\\\/index.php\\\/2023\\\/10\\\/02\\\/letat-des-pnrf-a-lan-65-ans-de-la-guinee-des-concervateurs-formesdes-equipements-pour-logpnrfdes-projets-en-financement-et-des-fefis-a-relever-dixit-commandant-aboubacar\\\/#primaryimage\"},\"image\":{\"@id\":\"https:\\\/\\\/www.presseinvestigation.com\\\/index.php\\\/2023\\\/10\\\/02\\\/letat-des-pnrf-a-lan-65-ans-de-la-guinee-des-concervateurs-formesdes-equipements-pour-logpnrfdes-projets-en-financement-et-des-fefis-a-relever-dixit-commandant-aboubacar\\\/#primaryimage\"},\"thumbnailUrl\":\"https:\\\/\\\/www.presseinvestigation.com\\\/wp-content\\\/uploads\\\/2023\\\/10\\\/IMG-20231001-WA0002-1.jpg\",\"datePublished\":\"2023-10-02T08:17:47+00:00\",\"dateModified\":\"2023-10-02T10:05:46+00:00\",\"author\":{\"@id\":\"https:\\\/\\\/www.presseinvestigation.com\\\/#\\\/schema\\\/person\\\/32d023733a4a9d7c3bd6883619b8f116\"},\"breadcrumb\":{\"@id\":\"https:\\\/\\\/www.presseinvestigation.com\\\/index.php\\\/2023\\\/10\\\/02\\\/letat-des-pnrf-a-lan-65-ans-de-la-guinee-des-concervateurs-formesdes-equipements-pour-logpnrfdes-projets-en-financement-et-des-fefis-a-relever-dixit-commandant-aboubacar\\\/#breadcrumb\"},\"inLanguage\":\"fr-FR\",\"potentialAction\":[{\"@type\":\"ReadAction\",\"target\":[\"https:\\\/\\\/www.presseinvestigation.com\\\/index.php\\\/2023\\\/10\\\/02\\\/letat-des-pnrf-a-lan-65-ans-de-la-guinee-des-concervateurs-formesdes-equipements-pour-logpnrfdes-projets-en-financement-et-des-fefis-a-relever-dixit-commandant-aboubacar\\\/\"]}]},{\"@type\":\"ImageObject\",\"inLanguage\":\"fr-FR\",\"@id\":\"https:\\\/\\\/www.presseinvestigation.com\\\/index.php\\\/2023\\\/10\\\/02\\\/letat-des-pnrf-a-lan-65-ans-de-la-guinee-des-concervateurs-formesdes-equipements-pour-logpnrfdes-projets-en-financement-et-des-fefis-a-relever-dixit-commandant-aboubacar\\\/#primaryimage\",\"url\":\"https:\\\/\\\/www.presseinvestigation.com\\\/wp-content\\\/uploads\\\/2023\\\/10\\\/IMG-20231001-WA0002-1.jpg\",\"contentUrl\":\"https:\\\/\\\/www.presseinvestigation.com\\\/wp-content\\\/uploads\\\/2023\\\/10\\\/IMG-20231001-WA0002-1.jpg\",\"width\":720,\"height\":532},{\"@type\":\"BreadcrumbList\",\"@id\":\"https:\\\/\\\/www.presseinvestigation.com\\\/index.php\\\/2023\\\/10\\\/02\\\/letat-des-pnrf-a-lan-65-ans-de-la-guinee-des-concervateurs-formesdes-equipements-pour-logpnrfdes-projets-en-financement-et-des-fefis-a-relever-dixit-commandant-aboubacar\\\/#breadcrumb\",\"itemListElement\":[{\"@type\":\"ListItem\",\"position\":1,\"name\":\"Accueil\",\"item\":\"https:\\\/\\\/www.presseinvestigation.com\\\/\"},{\"@type\":\"ListItem\",\"position\":2,\"name\":\"L&rsquo;\u00e9tat des PNRF \u00e0 l&rsquo;an 65 ans de la Guin\u00e9e\u00a0:&lt;&lt; Des conservateurs form\u00e9s,des \u00e9quipements pour l&rsquo;OGPNRF,des projets en financement et des d\u00e9fis \u00e0 relever&gt;&gt; dixit commandant Aboubacar SAMOURA DG de L&rsquo;OGPNRF\"}]},{\"@type\":\"WebSite\",\"@id\":\"https:\\\/\\\/www.presseinvestigation.com\\\/#website\",\"url\":\"https:\\\/\\\/www.presseinvestigation.com\\\/\",\"name\":\"Presseinvestigation\",\"description\":\"Informer dans l&#039;impartialit\u00e9\",\"potentialAction\":[{\"@type\":\"SearchAction\",\"target\":{\"@type\":\"EntryPoint\",\"urlTemplate\":\"https:\\\/\\\/www.presseinvestigation.com\\\/?s={search_term_string}\"},\"query-input\":{\"@type\":\"PropertyValueSpecification\",\"valueRequired\":true,\"valueName\":\"search_term_string\"}}],\"inLanguage\":\"fr-FR\"},{\"@type\":\"Person\",\"@id\":\"https:\\\/\\\/www.presseinvestigation.com\\\/#\\\/schema\\\/person\\\/32d023733a4a9d7c3bd6883619b8f116\",\"name\":\"Presseinvestigation.com\",\"image\":{\"@type\":\"ImageObject\",\"inLanguage\":\"fr-FR\",\"@id\":\"https:\\\/\\\/secure.gravatar.com\\\/avatar\\\/26f9c9e95424b0bde739ba0af37ee39a9e4a9e809967422c5b8e8573a34fbbe0?s=96&d=mm&r=g\",\"url\":\"https:\\\/\\\/secure.gravatar.com\\\/avatar\\\/26f9c9e95424b0bde739ba0af37ee39a9e4a9e809967422c5b8e8573a34fbbe0?s=96&d=mm&r=g\",\"contentUrl\":\"https:\\\/\\\/secure.gravatar.com\\\/avatar\\\/26f9c9e95424b0bde739ba0af37ee39a9e4a9e809967422c5b8e8573a34fbbe0?s=96&d=mm&r=g\",\"caption\":\"Presseinvestigation.com\"},\"url\":\"https:\\\/\\\/www.presseinvestigation.com\\\/index.php\\\/author\\\/toumany\\\/\"}]}<\/script>\n<!-- \/ Yoast SEO plugin. -->","yoast_head_json":{"title":"L'\u00e9tat des PNRF \u00e0 l'an 65 ans de la Guin\u00e9e\u00a0:&lt;&lt; Des conservateurs form\u00e9s,des \u00e9quipements pour l'OGPNRF,des projets en financement et des d\u00e9fis \u00e0 relever&gt;&gt; dixit commandant Aboubacar SAMOURA DG de L'OGPNRF - Presseinvestigation","robots":{"index":"index","follow":"follow","max-snippet":"max-snippet:-1","max-image-preview":"max-image-preview:large","max-video-preview":"max-video-preview:-1"},"canonical":"https:\/\/www.presseinvestigation.com\/index.php\/2023\/10\/02\/letat-des-pnrf-a-lan-65-ans-de-la-guinee-des-concervateurs-formesdes-equipements-pour-logpnrfdes-projets-en-financement-et-des-fefis-a-relever-dixit-commandant-aboubacar\/","og_locale":"fr_FR","og_type":"article","og_title":"L'\u00e9tat des PNRF \u00e0 l'an 65 ans de la Guin\u00e9e\u00a0:&lt;&lt; Des conservateurs form\u00e9s,des \u00e9quipements pour l'OGPNRF,des projets en financement et des d\u00e9fis \u00e0 relever&gt;&gt; dixit commandant Aboubacar SAMOURA DG de L'OGPNRF - Presseinvestigation","og_description":"La Guin\u00e9e c\u00e9l\u00e8bre ce lundi 02 octobre 2023, les 65 ans de son accession \u00e0 l\u2019ind\u00e9pendance. A cette occasion, la r\u00e9daction de votre site d\u2019informations presseinvestigation.com cherche \u00e0 comprendre \u00e0 tous les niveaux de la gouvernance, qu\u2019est ce qui se fait pour que le pays avance? C\u2019est dans ce cadre que nous avons contact\u00e9, ce [&hellip;]","og_url":"https:\/\/www.presseinvestigation.com\/index.php\/2023\/10\/02\/letat-des-pnrf-a-lan-65-ans-de-la-guinee-des-concervateurs-formesdes-equipements-pour-logpnrfdes-projets-en-financement-et-des-fefis-a-relever-dixit-commandant-aboubacar\/","og_site_name":"Presseinvestigation","article_published_time":"2023-10-02T08:17:47+00:00","article_modified_time":"2023-10-02T10:05:46+00:00","og_image":[{"width":720,"height":532,"url":"https:\/\/www.presseinvestigation.com\/wp-content\/uploads\/2023\/10\/IMG-20231001-WA0002-1.jpg","type":"image\/jpeg"}],"author":"Presseinvestigation.com","twitter_card":"summary_large_image","twitter_misc":{"\u00c9crit par":"Presseinvestigation.com","Dur\u00e9e de lecture estim\u00e9e":"7 minutes"},"schema":{"@context":"https:\/\/schema.org","@graph":[{"@type":"Article","@id":"https:\/\/www.presseinvestigation.com\/index.php\/2023\/10\/02\/letat-des-pnrf-a-lan-65-ans-de-la-guinee-des-concervateurs-formesdes-equipements-pour-logpnrfdes-projets-en-financement-et-des-fefis-a-relever-dixit-commandant-aboubacar\/#article","isPartOf":{"@id":"https:\/\/www.presseinvestigation.com\/index.php\/2023\/10\/02\/letat-des-pnrf-a-lan-65-ans-de-la-guinee-des-concervateurs-formesdes-equipements-pour-logpnrfdes-projets-en-financement-et-des-fefis-a-relever-dixit-commandant-aboubacar\/"},"author":{"name":"Presseinvestigation.com","@id":"https:\/\/www.presseinvestigation.com\/#\/schema\/person\/32d023733a4a9d7c3bd6883619b8f116"},"headline":"L&#8217;\u00e9tat des PNRF \u00e0 l&#8217;an 65 ans de la Guin\u00e9e\u00a0:&lt;&lt; Des conservateurs form\u00e9s,des \u00e9quipements pour l&#8217;OGPNRF,des projets en financement et des d\u00e9fis \u00e0 relever&gt;&gt; dixit commandant Aboubacar SAMOURA DG de L&#8217;OGPNRF","datePublished":"2023-10-02T08:17:47+00:00","dateModified":"2023-10-02T10:05:46+00:00","mainEntityOfPage":{"@id":"https:\/\/www.presseinvestigation.com\/index.php\/2023\/10\/02\/letat-des-pnrf-a-lan-65-ans-de-la-guinee-des-concervateurs-formesdes-equipements-pour-logpnrfdes-projets-en-financement-et-des-fefis-a-relever-dixit-commandant-aboubacar\/"},"wordCount":1470,"commentCount":0,"image":{"@id":"https:\/\/www.presseinvestigation.com\/index.php\/2023\/10\/02\/letat-des-pnrf-a-lan-65-ans-de-la-guinee-des-concervateurs-formesdes-equipements-pour-logpnrfdes-projets-en-financement-et-des-fefis-a-relever-dixit-commandant-aboubacar\/#primaryimage"},"thumbnailUrl":"https:\/\/www.presseinvestigation.com\/wp-content\/uploads\/2023\/10\/IMG-20231001-WA0002-1.jpg","articleSection":["A la Une"],"inLanguage":"fr-FR","potentialAction":[{"@type":"CommentAction","name":"Comment","target":["https:\/\/www.presseinvestigation.com\/index.php\/2023\/10\/02\/letat-des-pnrf-a-lan-65-ans-de-la-guinee-des-concervateurs-formesdes-equipements-pour-logpnrfdes-projets-en-financement-et-des-fefis-a-relever-dixit-commandant-aboubacar\/#respond"]}]},{"@type":"WebPage","@id":"https:\/\/www.presseinvestigation.com\/index.php\/2023\/10\/02\/letat-des-pnrf-a-lan-65-ans-de-la-guinee-des-concervateurs-formesdes-equipements-pour-logpnrfdes-projets-en-financement-et-des-fefis-a-relever-dixit-commandant-aboubacar\/","url":"https:\/\/www.presseinvestigation.com\/index.php\/2023\/10\/02\/letat-des-pnrf-a-lan-65-ans-de-la-guinee-des-concervateurs-formesdes-equipements-pour-logpnrfdes-projets-en-financement-et-des-fefis-a-relever-dixit-commandant-aboubacar\/","name":"L'\u00e9tat des PNRF \u00e0 l'an 65 ans de la Guin\u00e9e\u00a0:&lt;&lt; Des conservateurs form\u00e9s,des \u00e9quipements pour l'OGPNRF,des projets en financement et des d\u00e9fis \u00e0 relever&gt;&gt; dixit commandant Aboubacar SAMOURA DG de L'OGPNRF - Presseinvestigation","isPartOf":{"@id":"https:\/\/www.presseinvestigation.com\/#website"},"primaryImageOfPage":{"@id":"https:\/\/www.presseinvestigation.com\/index.php\/2023\/10\/02\/letat-des-pnrf-a-lan-65-ans-de-la-guinee-des-concervateurs-formesdes-equipements-pour-logpnrfdes-projets-en-financement-et-des-fefis-a-relever-dixit-commandant-aboubacar\/#primaryimage"},"image":{"@id":"https:\/\/www.presseinvestigation.com\/index.php\/2023\/10\/02\/letat-des-pnrf-a-lan-65-ans-de-la-guinee-des-concervateurs-formesdes-equipements-pour-logpnrfdes-projets-en-financement-et-des-fefis-a-relever-dixit-commandant-aboubacar\/#primaryimage"},"thumbnailUrl":"https:\/\/www.presseinvestigation.com\/wp-content\/uploads\/2023\/10\/IMG-20231001-WA0002-1.jpg","datePublished":"2023-10-02T08:17:47+00:00","dateModified":"2023-10-02T10:05:46+00:00","author":{"@id":"https:\/\/www.presseinvestigation.com\/#\/schema\/person\/32d023733a4a9d7c3bd6883619b8f116"},"breadcrumb":{"@id":"https:\/\/www.presseinvestigation.com\/index.php\/2023\/10\/02\/letat-des-pnrf-a-lan-65-ans-de-la-guinee-des-concervateurs-formesdes-equipements-pour-logpnrfdes-projets-en-financement-et-des-fefis-a-relever-dixit-commandant-aboubacar\/#breadcrumb"},"inLanguage":"fr-FR","potentialAction":[{"@type":"ReadAction","target":["https:\/\/www.presseinvestigation.com\/index.php\/2023\/10\/02\/letat-des-pnrf-a-lan-65-ans-de-la-guinee-des-concervateurs-formesdes-equipements-pour-logpnrfdes-projets-en-financement-et-des-fefis-a-relever-dixit-commandant-aboubacar\/"]}]},{"@type":"ImageObject","inLanguage":"fr-FR","@id":"https:\/\/www.presseinvestigation.com\/index.php\/2023\/10\/02\/letat-des-pnrf-a-lan-65-ans-de-la-guinee-des-concervateurs-formesdes-equipements-pour-logpnrfdes-projets-en-financement-et-des-fefis-a-relever-dixit-commandant-aboubacar\/#primaryimage","url":"https:\/\/www.presseinvestigation.com\/wp-content\/uploads\/2023\/10\/IMG-20231001-WA0002-1.jpg","contentUrl":"https:\/\/www.presseinvestigation.com\/wp-content\/uploads\/2023\/10\/IMG-20231001-WA0002-1.jpg","width":720,"height":532},{"@type":"BreadcrumbList","@id":"https:\/\/www.presseinvestigation.com\/index.php\/2023\/10\/02\/letat-des-pnrf-a-lan-65-ans-de-la-guinee-des-concervateurs-formesdes-equipements-pour-logpnrfdes-projets-en-financement-et-des-fefis-a-relever-dixit-commandant-aboubacar\/#breadcrumb","itemListElement":[{"@type":"ListItem","position":1,"name":"Accueil","item":"https:\/\/www.presseinvestigation.com\/"},{"@type":"ListItem","position":2,"name":"L&rsquo;\u00e9tat des PNRF \u00e0 l&rsquo;an 65 ans de la Guin\u00e9e\u00a0:&lt;&lt; Des conservateurs form\u00e9s,des \u00e9quipements pour l&rsquo;OGPNRF,des projets en financement et des d\u00e9fis \u00e0 relever&gt;&gt; dixit commandant Aboubacar SAMOURA DG de L&rsquo;OGPNRF"}]},{"@type":"WebSite","@id":"https:\/\/www.presseinvestigation.com\/#website","url":"https:\/\/www.presseinvestigation.com\/","name":"Presseinvestigation","description":"Informer dans l&#039;impartialit\u00e9","potentialAction":[{"@type":"SearchAction","target":{"@type":"EntryPoint","urlTemplate":"https:\/\/www.presseinvestigation.com\/?s={search_term_string}"},"query-input":{"@type":"PropertyValueSpecification","valueRequired":true,"valueName":"search_term_string"}}],"inLanguage":"fr-FR"},{"@type":"Person","@id":"https:\/\/www.presseinvestigation.com\/#\/schema\/person\/32d023733a4a9d7c3bd6883619b8f116","name":"Presseinvestigation.com","image":{"@type":"ImageObject","inLanguage":"fr-FR","@id":"https:\/\/secure.gravatar.com\/avatar\/26f9c9e95424b0bde739ba0af37ee39a9e4a9e809967422c5b8e8573a34fbbe0?s=96&d=mm&r=g","url":"https:\/\/secure.gravatar.com\/avatar\/26f9c9e95424b0bde739ba0af37ee39a9e4a9e809967422c5b8e8573a34fbbe0?s=96&d=mm&r=g","contentUrl":"https:\/\/secure.gravatar.com\/avatar\/26f9c9e95424b0bde739ba0af37ee39a9e4a9e809967422c5b8e8573a34fbbe0?s=96&d=mm&r=g","caption":"Presseinvestigation.com"},"url":"https:\/\/www.presseinvestigation.com\/index.php\/author\/toumany\/"}]}},"_links":{"self":[{"href":"https:\/\/www.presseinvestigation.com\/index.php\/wp-json\/wp\/v2\/posts\/588","targetHints":{"allow":["GET"]}}],"collection":[{"href":"https:\/\/www.presseinvestigation.com\/index.php\/wp-json\/wp\/v2\/posts"}],"about":[{"href":"https:\/\/www.presseinvestigation.com\/index.php\/wp-json\/wp\/v2\/types\/post"}],"author":[{"embeddable":true,"href":"https:\/\/www.presseinvestigation.com\/index.php\/wp-json\/wp\/v2\/users\/2"}],"replies":[{"embeddable":true,"href":"https:\/\/www.presseinvestigation.com\/index.php\/wp-json\/wp\/v2\/comments?post=588"}],"version-history":[{"count":2,"href":"https:\/\/www.presseinvestigation.com\/index.php\/wp-json\/wp\/v2\/posts\/588\/revisions"}],"predecessor-version":[{"id":590,"href":"https:\/\/www.presseinvestigation.com\/index.php\/wp-json\/wp\/v2\/posts\/588\/revisions\/590"}],"wp:featuredmedia":[{"embeddable":true,"href":"https:\/\/www.presseinvestigation.com\/index.php\/wp-json\/wp\/v2\/media\/587"}],"wp:attachment":[{"href":"https:\/\/www.presseinvestigation.com\/index.php\/wp-json\/wp\/v2\/media?parent=588"}],"wp:term":[{"taxonomy":"category","embeddable":true,"href":"https:\/\/www.presseinvestigation.com\/index.php\/wp-json\/wp\/v2\/categories?post=588"},{"taxonomy":"post_tag","embeddable":true,"href":"https:\/\/www.presseinvestigation.com\/index.php\/wp-json\/wp\/v2\/tags?post=588"}],"curies":[{"name":"wp","href":"https:\/\/api.w.org\/{rel}","templated":true}]}}