{"id":725,"date":"2023-11-04T17:48:37","date_gmt":"2023-11-04T16:48:37","guid":{"rendered":"https:\/\/www.presseinvestigation.com\/?p=725"},"modified":"2023-11-04T17:48:54","modified_gmt":"2023-11-04T16:48:54","slug":"mines-awards-guinee-levenemment-prevu-ce-samedi-est-reporte-a-une-date-ulterieure-communique","status":"publish","type":"post","link":"https:\/\/www.presseinvestigation.com\/index.php\/2023\/11\/04\/mines-awards-guinee-levenemment-prevu-ce-samedi-est-reporte-a-une-date-ulterieure-communique\/","title":{"rendered":"Mines Awards Guin\u00e9e: l&#8217;\u00e9v\u00e9nemment pr\u00e9vu ce samedi est report\u00e9 \u00e0 une date ult\u00e9rieure (communiqu\u00e9)"},"content":{"rendered":"\n<figure class=\"wp-block-image size-large\"><img fetchpriority=\"high\" decoding=\"async\" width=\"620\" height=\"877\" src=\"https:\/\/www.presseinvestigation.com\/wp-content\/uploads\/2023\/11\/IMG-20231104-WA0005.jpg\" alt=\"\" class=\"wp-image-723\" srcset=\"https:\/\/www.presseinvestigation.com\/wp-content\/uploads\/2023\/11\/IMG-20231104-WA0005.jpg 620w, https:\/\/www.presseinvestigation.com\/wp-content\/uploads\/2023\/11\/IMG-20231104-WA0005-212x300.jpg 212w, https:\/\/www.presseinvestigation.com\/wp-content\/uploads\/2023\/11\/IMG-20231104-WA0005-600x849.jpg 600w\" sizes=\"(max-width: 620px) 100vw, 620px\" \/><\/figure>\n\n\n\n<p><\/p>\n\n\n\n<p>Communiqu\u00e9 No1<\/p>\n\n\n\n<p>Suite au mouvement de turbulence qui s\u00e9vit depuis 04 heures du matin \u00e0 Kaloum, la commune qui abrite les si\u00e8ges de la Pr\u00e9sidence de la R\u00e9publique, du Gouvernement, des Institutions R\u00e9publicaines, le QG de l\u2019arm\u00e9e\u2026<\/p>\n\n\n\n<p>Cependant, la Direction G\u00e9n\u00e9rale du Comit\u00e9 d&#8217;Organisation des Mines Awards Guin\u00e9e (COMAG), tient \u00e0 informer l&#8217;ensemble des laur\u00e9ats, pan\u00e9listes, invit\u00e9s et m\u00e9dias, d&#8217;un report dans l&#8217;optique de pr\u00e9server la vie de nos concitoyens.<\/p>\n\n\n\n<p>Une date ult\u00e9rieure vous sera communiqu\u00e9e pour l&#8217;organisation de la deuxi\u00e8me \u00c9dition.<\/p>\n\n\n\n<p>Ousmane Grec CAMARA, Pr\u00e9sident du Comit\u00e9 d&#8217;Organisation<\/p>\n","protected":false},"excerpt":{"rendered":"<p>Communiqu\u00e9 No1 Suite au mouvement de turbulence qui s\u00e9vit depuis 04 heures du matin \u00e0 Kaloum, la commune qui abrite les si\u00e8ges de la Pr\u00e9sidence de la R\u00e9publique, du Gouvernement, des Institutions R\u00e9publicaines, le QG de l\u2019arm\u00e9e\u2026 Cependant, la Direction G\u00e9n\u00e9rale du Comit\u00e9 d&#8217;Organisation des Mines Awards Guin\u00e9e (COMAG), tient \u00e0 informer l&#8217;ensemble des laur\u00e9ats, [&hellip;]<\/p>\n","protected":false},"author":2,"featured_media":724,"comment_status":"open","ping_status":"open","sticky":false,"template":"","format":"standard","meta":{"jnews-multi-image_gallery":[],"jnews_single_post":[],"jnews_primary_category":[],"footnotes":""},"categories":[72],"tags":[],"class_list":["post-725","post","type-post","status-publish","format-standard","has-post-thumbnail","hentry","category-dernieres-minutes"],"yoast_head":"<!-- This site is optimized with the Yoast SEO plugin v27.3 - https:\/\/yoast.com\/product\/yoast-seo-wordpress\/ -->\n<title>Mines Awards Guin\u00e9e: l&#039;\u00e9v\u00e9nemment pr\u00e9vu ce samedi est report\u00e9 \u00e0 une date ult\u00e9rieure (communiqu\u00e9) - Presseinvestigation<\/title>\n<meta name=\"robots\" content=\"index, follow, max-snippet:-1, max-image-preview:large, max-video-preview:-1\" \/>\n<link rel=\"canonical\" href=\"https:\/\/www.presseinvestigation.com\/index.php\/2023\/11\/04\/mines-awards-guinee-levenemment-prevu-ce-samedi-est-reporte-a-une-date-ulterieure-communique\/\" \/>\n<meta property=\"og:locale\" content=\"fr_FR\" \/>\n<meta property=\"og:type\" content=\"article\" \/>\n<meta property=\"og:title\" content=\"Mines Awards Guin\u00e9e: l&#039;\u00e9v\u00e9nemment pr\u00e9vu ce samedi est report\u00e9 \u00e0 une date ult\u00e9rieure (communiqu\u00e9) - Presseinvestigation\" \/>\n<meta property=\"og:description\" content=\"Communiqu\u00e9 No1 Suite au mouvement de turbulence qui s\u00e9vit depuis 04 heures du matin \u00e0 Kaloum, la commune qui abrite les si\u00e8ges de la Pr\u00e9sidence de la R\u00e9publique, du Gouvernement, des Institutions R\u00e9publicaines, le QG de l\u2019arm\u00e9e\u2026 Cependant, la Direction G\u00e9n\u00e9rale du Comit\u00e9 d&#8217;Organisation des Mines Awards Guin\u00e9e (COMAG), tient \u00e0 informer l&#8217;ensemble des laur\u00e9ats, [&hellip;]\" \/>\n<meta property=\"og:url\" content=\"https:\/\/www.presseinvestigation.com\/index.php\/2023\/11\/04\/mines-awards-guinee-levenemment-prevu-ce-samedi-est-reporte-a-une-date-ulterieure-communique\/\" \/>\n<meta property=\"og:site_name\" content=\"Presseinvestigation\" \/>\n<meta property=\"article:published_time\" content=\"2023-11-04T16:48:37+00:00\" \/>\n<meta property=\"article:modified_time\" content=\"2023-11-04T16:48:54+00:00\" \/>\n<meta property=\"og:image\" content=\"https:\/\/www.presseinvestigation.com\/wp-content\/uploads\/2023\/11\/IMG-20231104-WA0005-1.jpg\" \/>\n\t<meta property=\"og:image:width\" content=\"620\" \/>\n\t<meta property=\"og:image:height\" content=\"877\" \/>\n\t<meta property=\"og:image:type\" content=\"image\/jpeg\" \/>\n<meta name=\"author\" content=\"Presseinvestigation.com\" \/>\n<meta name=\"twitter:card\" content=\"summary_large_image\" \/>\n<meta name=\"twitter:label1\" content=\"\u00c9crit par\" \/>\n\t<meta name=\"twitter:data1\" content=\"Presseinvestigation.com\" \/>\n\t<meta name=\"twitter:label2\" content=\"Dur\u00e9e de lecture estim\u00e9e\" \/>\n\t<meta name=\"twitter:data2\" content=\"1 minute\" \/>\n<script type=\"application\/ld+json\" class=\"yoast-schema-graph\">{\"@context\":\"https:\\\/\\\/schema.org\",\"@graph\":[{\"@type\":\"Article\",\"@id\":\"https:\\\/\\\/www.presseinvestigation.com\\\/index.php\\\/2023\\\/11\\\/04\\\/mines-awards-guinee-levenemment-prevu-ce-samedi-est-reporte-a-une-date-ulterieure-communique\\\/#article\",\"isPartOf\":{\"@id\":\"https:\\\/\\\/www.presseinvestigation.com\\\/index.php\\\/2023\\\/11\\\/04\\\/mines-awards-guinee-levenemment-prevu-ce-samedi-est-reporte-a-une-date-ulterieure-communique\\\/\"},\"author\":{\"name\":\"Presseinvestigation.com\",\"@id\":\"https:\\\/\\\/www.presseinvestigation.com\\\/#\\\/schema\\\/person\\\/32d023733a4a9d7c3bd6883619b8f116\"},\"headline\":\"Mines Awards Guin\u00e9e: l&#8217;\u00e9v\u00e9nemment pr\u00e9vu ce samedi est report\u00e9 \u00e0 une date ult\u00e9rieure (communiqu\u00e9)\",\"datePublished\":\"2023-11-04T16:48:37+00:00\",\"dateModified\":\"2023-11-04T16:48:54+00:00\",\"mainEntityOfPage\":{\"@id\":\"https:\\\/\\\/www.presseinvestigation.com\\\/index.php\\\/2023\\\/11\\\/04\\\/mines-awards-guinee-levenemment-prevu-ce-samedi-est-reporte-a-une-date-ulterieure-communique\\\/\"},\"wordCount\":129,\"commentCount\":0,\"image\":{\"@id\":\"https:\\\/\\\/www.presseinvestigation.com\\\/index.php\\\/2023\\\/11\\\/04\\\/mines-awards-guinee-levenemment-prevu-ce-samedi-est-reporte-a-une-date-ulterieure-communique\\\/#primaryimage\"},\"thumbnailUrl\":\"https:\\\/\\\/www.presseinvestigation.com\\\/wp-content\\\/uploads\\\/2023\\\/11\\\/IMG-20231104-WA0005-1.jpg\",\"articleSection\":[\"Derni\u00e8res minutes\"],\"inLanguage\":\"fr-FR\",\"potentialAction\":[{\"@type\":\"CommentAction\",\"name\":\"Comment\",\"target\":[\"https:\\\/\\\/www.presseinvestigation.com\\\/index.php\\\/2023\\\/11\\\/04\\\/mines-awards-guinee-levenemment-prevu-ce-samedi-est-reporte-a-une-date-ulterieure-communique\\\/#respond\"]}]},{\"@type\":\"WebPage\",\"@id\":\"https:\\\/\\\/www.presseinvestigation.com\\\/index.php\\\/2023\\\/11\\\/04\\\/mines-awards-guinee-levenemment-prevu-ce-samedi-est-reporte-a-une-date-ulterieure-communique\\\/\",\"url\":\"https:\\\/\\\/www.presseinvestigation.com\\\/index.php\\\/2023\\\/11\\\/04\\\/mines-awards-guinee-levenemment-prevu-ce-samedi-est-reporte-a-une-date-ulterieure-communique\\\/\",\"name\":\"Mines Awards Guin\u00e9e: l'\u00e9v\u00e9nemment pr\u00e9vu ce samedi est report\u00e9 \u00e0 une date ult\u00e9rieure (communiqu\u00e9) - Presseinvestigation\",\"isPartOf\":{\"@id\":\"https:\\\/\\\/www.presseinvestigation.com\\\/#website\"},\"primaryImageOfPage\":{\"@id\":\"https:\\\/\\\/www.presseinvestigation.com\\\/index.php\\\/2023\\\/11\\\/04\\\/mines-awards-guinee-levenemment-prevu-ce-samedi-est-reporte-a-une-date-ulterieure-communique\\\/#primaryimage\"},\"image\":{\"@id\":\"https:\\\/\\\/www.presseinvestigation.com\\\/index.php\\\/2023\\\/11\\\/04\\\/mines-awards-guinee-levenemment-prevu-ce-samedi-est-reporte-a-une-date-ulterieure-communique\\\/#primaryimage\"},\"thumbnailUrl\":\"https:\\\/\\\/www.presseinvestigation.com\\\/wp-content\\\/uploads\\\/2023\\\/11\\\/IMG-20231104-WA0005-1.jpg\",\"datePublished\":\"2023-11-04T16:48:37+00:00\",\"dateModified\":\"2023-11-04T16:48:54+00:00\",\"author\":{\"@id\":\"https:\\\/\\\/www.presseinvestigation.com\\\/#\\\/schema\\\/person\\\/32d023733a4a9d7c3bd6883619b8f116\"},\"breadcrumb\":{\"@id\":\"https:\\\/\\\/www.presseinvestigation.com\\\/index.php\\\/2023\\\/11\\\/04\\\/mines-awards-guinee-levenemment-prevu-ce-samedi-est-reporte-a-une-date-ulterieure-communique\\\/#breadcrumb\"},\"inLanguage\":\"fr-FR\",\"potentialAction\":[{\"@type\":\"ReadAction\",\"target\":[\"https:\\\/\\\/www.presseinvestigation.com\\\/index.php\\\/2023\\\/11\\\/04\\\/mines-awards-guinee-levenemment-prevu-ce-samedi-est-reporte-a-une-date-ulterieure-communique\\\/\"]}]},{\"@type\":\"ImageObject\",\"inLanguage\":\"fr-FR\",\"@id\":\"https:\\\/\\\/www.presseinvestigation.com\\\/index.php\\\/2023\\\/11\\\/04\\\/mines-awards-guinee-levenemment-prevu-ce-samedi-est-reporte-a-une-date-ulterieure-communique\\\/#primaryimage\",\"url\":\"https:\\\/\\\/www.presseinvestigation.com\\\/wp-content\\\/uploads\\\/2023\\\/11\\\/IMG-20231104-WA0005-1.jpg\",\"contentUrl\":\"https:\\\/\\\/www.presseinvestigation.com\\\/wp-content\\\/uploads\\\/2023\\\/11\\\/IMG-20231104-WA0005-1.jpg\",\"width\":620,\"height\":877},{\"@type\":\"BreadcrumbList\",\"@id\":\"https:\\\/\\\/www.presseinvestigation.com\\\/index.php\\\/2023\\\/11\\\/04\\\/mines-awards-guinee-levenemment-prevu-ce-samedi-est-reporte-a-une-date-ulterieure-communique\\\/#breadcrumb\",\"itemListElement\":[{\"@type\":\"ListItem\",\"position\":1,\"name\":\"Accueil\",\"item\":\"https:\\\/\\\/www.presseinvestigation.com\\\/\"},{\"@type\":\"ListItem\",\"position\":2,\"name\":\"Mines Awards Guin\u00e9e: l&rsquo;\u00e9v\u00e9nemment pr\u00e9vu ce samedi est report\u00e9 \u00e0 une date ult\u00e9rieure (communiqu\u00e9)\"}]},{\"@type\":\"WebSite\",\"@id\":\"https:\\\/\\\/www.presseinvestigation.com\\\/#website\",\"url\":\"https:\\\/\\\/www.presseinvestigation.com\\\/\",\"name\":\"Presseinvestigation\",\"description\":\"Informer dans l&#039;impartialit\u00e9\",\"potentialAction\":[{\"@type\":\"SearchAction\",\"target\":{\"@type\":\"EntryPoint\",\"urlTemplate\":\"https:\\\/\\\/www.presseinvestigation.com\\\/?s={search_term_string}\"},\"query-input\":{\"@type\":\"PropertyValueSpecification\",\"valueRequired\":true,\"valueName\":\"search_term_string\"}}],\"inLanguage\":\"fr-FR\"},{\"@type\":\"Person\",\"@id\":\"https:\\\/\\\/www.presseinvestigation.com\\\/#\\\/schema\\\/person\\\/32d023733a4a9d7c3bd6883619b8f116\",\"name\":\"Presseinvestigation.com\",\"image\":{\"@type\":\"ImageObject\",\"inLanguage\":\"fr-FR\",\"@id\":\"https:\\\/\\\/secure.gravatar.com\\\/avatar\\\/26f9c9e95424b0bde739ba0af37ee39a9e4a9e809967422c5b8e8573a34fbbe0?s=96&d=mm&r=g\",\"url\":\"https:\\\/\\\/secure.gravatar.com\\\/avatar\\\/26f9c9e95424b0bde739ba0af37ee39a9e4a9e809967422c5b8e8573a34fbbe0?s=96&d=mm&r=g\",\"contentUrl\":\"https:\\\/\\\/secure.gravatar.com\\\/avatar\\\/26f9c9e95424b0bde739ba0af37ee39a9e4a9e809967422c5b8e8573a34fbbe0?s=96&d=mm&r=g\",\"caption\":\"Presseinvestigation.com\"},\"url\":\"https:\\\/\\\/www.presseinvestigation.com\\\/index.php\\\/author\\\/toumany\\\/\"}]}<\/script>\n<!-- \/ Yoast SEO plugin. -->","yoast_head_json":{"title":"Mines Awards Guin\u00e9e: l'\u00e9v\u00e9nemment pr\u00e9vu ce samedi est report\u00e9 \u00e0 une date ult\u00e9rieure (communiqu\u00e9) - Presseinvestigation","robots":{"index":"index","follow":"follow","max-snippet":"max-snippet:-1","max-image-preview":"max-image-preview:large","max-video-preview":"max-video-preview:-1"},"canonical":"https:\/\/www.presseinvestigation.com\/index.php\/2023\/11\/04\/mines-awards-guinee-levenemment-prevu-ce-samedi-est-reporte-a-une-date-ulterieure-communique\/","og_locale":"fr_FR","og_type":"article","og_title":"Mines Awards Guin\u00e9e: l'\u00e9v\u00e9nemment pr\u00e9vu ce samedi est report\u00e9 \u00e0 une date ult\u00e9rieure (communiqu\u00e9) - Presseinvestigation","og_description":"Communiqu\u00e9 No1 Suite au mouvement de turbulence qui s\u00e9vit depuis 04 heures du matin \u00e0 Kaloum, la commune qui abrite les si\u00e8ges de la Pr\u00e9sidence de la R\u00e9publique, du Gouvernement, des Institutions R\u00e9publicaines, le QG de l\u2019arm\u00e9e\u2026 Cependant, la Direction G\u00e9n\u00e9rale du Comit\u00e9 d&#8217;Organisation des Mines Awards Guin\u00e9e (COMAG), tient \u00e0 informer l&#8217;ensemble des laur\u00e9ats, [&hellip;]","og_url":"https:\/\/www.presseinvestigation.com\/index.php\/2023\/11\/04\/mines-awards-guinee-levenemment-prevu-ce-samedi-est-reporte-a-une-date-ulterieure-communique\/","og_site_name":"Presseinvestigation","article_published_time":"2023-11-04T16:48:37+00:00","article_modified_time":"2023-11-04T16:48:54+00:00","og_image":[{"width":620,"height":877,"url":"https:\/\/www.presseinvestigation.com\/wp-content\/uploads\/2023\/11\/IMG-20231104-WA0005-1.jpg","type":"image\/jpeg"}],"author":"Presseinvestigation.com","twitter_card":"summary_large_image","twitter_misc":{"\u00c9crit par":"Presseinvestigation.com","Dur\u00e9e de lecture estim\u00e9e":"1 minute"},"schema":{"@context":"https:\/\/schema.org","@graph":[{"@type":"Article","@id":"https:\/\/www.presseinvestigation.com\/index.php\/2023\/11\/04\/mines-awards-guinee-levenemment-prevu-ce-samedi-est-reporte-a-une-date-ulterieure-communique\/#article","isPartOf":{"@id":"https:\/\/www.presseinvestigation.com\/index.php\/2023\/11\/04\/mines-awards-guinee-levenemment-prevu-ce-samedi-est-reporte-a-une-date-ulterieure-communique\/"},"author":{"name":"Presseinvestigation.com","@id":"https:\/\/www.presseinvestigation.com\/#\/schema\/person\/32d023733a4a9d7c3bd6883619b8f116"},"headline":"Mines Awards Guin\u00e9e: l&#8217;\u00e9v\u00e9nemment pr\u00e9vu ce samedi est report\u00e9 \u00e0 une date ult\u00e9rieure (communiqu\u00e9)","datePublished":"2023-11-04T16:48:37+00:00","dateModified":"2023-11-04T16:48:54+00:00","mainEntityOfPage":{"@id":"https:\/\/www.presseinvestigation.com\/index.php\/2023\/11\/04\/mines-awards-guinee-levenemment-prevu-ce-samedi-est-reporte-a-une-date-ulterieure-communique\/"},"wordCount":129,"commentCount":0,"image":{"@id":"https:\/\/www.presseinvestigation.com\/index.php\/2023\/11\/04\/mines-awards-guinee-levenemment-prevu-ce-samedi-est-reporte-a-une-date-ulterieure-communique\/#primaryimage"},"thumbnailUrl":"https:\/\/www.presseinvestigation.com\/wp-content\/uploads\/2023\/11\/IMG-20231104-WA0005-1.jpg","articleSection":["Derni\u00e8res minutes"],"inLanguage":"fr-FR","potentialAction":[{"@type":"CommentAction","name":"Comment","target":["https:\/\/www.presseinvestigation.com\/index.php\/2023\/11\/04\/mines-awards-guinee-levenemment-prevu-ce-samedi-est-reporte-a-une-date-ulterieure-communique\/#respond"]}]},{"@type":"WebPage","@id":"https:\/\/www.presseinvestigation.com\/index.php\/2023\/11\/04\/mines-awards-guinee-levenemment-prevu-ce-samedi-est-reporte-a-une-date-ulterieure-communique\/","url":"https:\/\/www.presseinvestigation.com\/index.php\/2023\/11\/04\/mines-awards-guinee-levenemment-prevu-ce-samedi-est-reporte-a-une-date-ulterieure-communique\/","name":"Mines Awards Guin\u00e9e: l'\u00e9v\u00e9nemment pr\u00e9vu ce samedi est report\u00e9 \u00e0 une date ult\u00e9rieure (communiqu\u00e9) - Presseinvestigation","isPartOf":{"@id":"https:\/\/www.presseinvestigation.com\/#website"},"primaryImageOfPage":{"@id":"https:\/\/www.presseinvestigation.com\/index.php\/2023\/11\/04\/mines-awards-guinee-levenemment-prevu-ce-samedi-est-reporte-a-une-date-ulterieure-communique\/#primaryimage"},"image":{"@id":"https:\/\/www.presseinvestigation.com\/index.php\/2023\/11\/04\/mines-awards-guinee-levenemment-prevu-ce-samedi-est-reporte-a-une-date-ulterieure-communique\/#primaryimage"},"thumbnailUrl":"https:\/\/www.presseinvestigation.com\/wp-content\/uploads\/2023\/11\/IMG-20231104-WA0005-1.jpg","datePublished":"2023-11-04T16:48:37+00:00","dateModified":"2023-11-04T16:48:54+00:00","author":{"@id":"https:\/\/www.presseinvestigation.com\/#\/schema\/person\/32d023733a4a9d7c3bd6883619b8f116"},"breadcrumb":{"@id":"https:\/\/www.presseinvestigation.com\/index.php\/2023\/11\/04\/mines-awards-guinee-levenemment-prevu-ce-samedi-est-reporte-a-une-date-ulterieure-communique\/#breadcrumb"},"inLanguage":"fr-FR","potentialAction":[{"@type":"ReadAction","target":["https:\/\/www.presseinvestigation.com\/index.php\/2023\/11\/04\/mines-awards-guinee-levenemment-prevu-ce-samedi-est-reporte-a-une-date-ulterieure-communique\/"]}]},{"@type":"ImageObject","inLanguage":"fr-FR","@id":"https:\/\/www.presseinvestigation.com\/index.php\/2023\/11\/04\/mines-awards-guinee-levenemment-prevu-ce-samedi-est-reporte-a-une-date-ulterieure-communique\/#primaryimage","url":"https:\/\/www.presseinvestigation.com\/wp-content\/uploads\/2023\/11\/IMG-20231104-WA0005-1.jpg","contentUrl":"https:\/\/www.presseinvestigation.com\/wp-content\/uploads\/2023\/11\/IMG-20231104-WA0005-1.jpg","width":620,"height":877},{"@type":"BreadcrumbList","@id":"https:\/\/www.presseinvestigation.com\/index.php\/2023\/11\/04\/mines-awards-guinee-levenemment-prevu-ce-samedi-est-reporte-a-une-date-ulterieure-communique\/#breadcrumb","itemListElement":[{"@type":"ListItem","position":1,"name":"Accueil","item":"https:\/\/www.presseinvestigation.com\/"},{"@type":"ListItem","position":2,"name":"Mines Awards Guin\u00e9e: l&rsquo;\u00e9v\u00e9nemment pr\u00e9vu ce samedi est report\u00e9 \u00e0 une date ult\u00e9rieure (communiqu\u00e9)"}]},{"@type":"WebSite","@id":"https:\/\/www.presseinvestigation.com\/#website","url":"https:\/\/www.presseinvestigation.com\/","name":"Presseinvestigation","description":"Informer dans l&#039;impartialit\u00e9","potentialAction":[{"@type":"SearchAction","target":{"@type":"EntryPoint","urlTemplate":"https:\/\/www.presseinvestigation.com\/?s={search_term_string}"},"query-input":{"@type":"PropertyValueSpecification","valueRequired":true,"valueName":"search_term_string"}}],"inLanguage":"fr-FR"},{"@type":"Person","@id":"https:\/\/www.presseinvestigation.com\/#\/schema\/person\/32d023733a4a9d7c3bd6883619b8f116","name":"Presseinvestigation.com","image":{"@type":"ImageObject","inLanguage":"fr-FR","@id":"https:\/\/secure.gravatar.com\/avatar\/26f9c9e95424b0bde739ba0af37ee39a9e4a9e809967422c5b8e8573a34fbbe0?s=96&d=mm&r=g","url":"https:\/\/secure.gravatar.com\/avatar\/26f9c9e95424b0bde739ba0af37ee39a9e4a9e809967422c5b8e8573a34fbbe0?s=96&d=mm&r=g","contentUrl":"https:\/\/secure.gravatar.com\/avatar\/26f9c9e95424b0bde739ba0af37ee39a9e4a9e809967422c5b8e8573a34fbbe0?s=96&d=mm&r=g","caption":"Presseinvestigation.com"},"url":"https:\/\/www.presseinvestigation.com\/index.php\/author\/toumany\/"}]}},"_links":{"self":[{"href":"https:\/\/www.presseinvestigation.com\/index.php\/wp-json\/wp\/v2\/posts\/725","targetHints":{"allow":["GET"]}}],"collection":[{"href":"https:\/\/www.presseinvestigation.com\/index.php\/wp-json\/wp\/v2\/posts"}],"about":[{"href":"https:\/\/www.presseinvestigation.com\/index.php\/wp-json\/wp\/v2\/types\/post"}],"author":[{"embeddable":true,"href":"https:\/\/www.presseinvestigation.com\/index.php\/wp-json\/wp\/v2\/users\/2"}],"replies":[{"embeddable":true,"href":"https:\/\/www.presseinvestigation.com\/index.php\/wp-json\/wp\/v2\/comments?post=725"}],"version-history":[{"count":1,"href":"https:\/\/www.presseinvestigation.com\/index.php\/wp-json\/wp\/v2\/posts\/725\/revisions"}],"predecessor-version":[{"id":726,"href":"https:\/\/www.presseinvestigation.com\/index.php\/wp-json\/wp\/v2\/posts\/725\/revisions\/726"}],"wp:featuredmedia":[{"embeddable":true,"href":"https:\/\/www.presseinvestigation.com\/index.php\/wp-json\/wp\/v2\/media\/724"}],"wp:attachment":[{"href":"https:\/\/www.presseinvestigation.com\/index.php\/wp-json\/wp\/v2\/media?parent=725"}],"wp:term":[{"taxonomy":"category","embeddable":true,"href":"https:\/\/www.presseinvestigation.com\/index.php\/wp-json\/wp\/v2\/categories?post=725"},{"taxonomy":"post_tag","embeddable":true,"href":"https:\/\/www.presseinvestigation.com\/index.php\/wp-json\/wp\/v2\/tags?post=725"}],"curies":[{"name":"wp","href":"https:\/\/api.w.org\/{rel}","templated":true}]}}