{"id":786,"date":"2023-11-22T17:40:39","date_gmt":"2023-11-22T16:40:39","guid":{"rendered":"https:\/\/www.presseinvestigation.com\/?p=786"},"modified":"2023-11-22T17:41:37","modified_gmt":"2023-11-22T16:41:37","slug":"19eme-conference-du-journalisme-dinvestigation-lenqueter-sur-le-secteur-extractif-en-afrique-au-coeur-dune-communication","status":"publish","type":"post","link":"https:\/\/www.presseinvestigation.com\/index.php\/2023\/11\/22\/19eme-conference-du-journalisme-dinvestigation-lenqueter-sur-le-secteur-extractif-en-afrique-au-coeur-dune-communication\/","title":{"rendered":"19eme conf\u00e9rence du journalisme d\u2019investigation\u00a0: L\u2019enqu\u00eater sur le secteur extractif en Afrique au c\u0153ur d\u2019une communication"},"content":{"rendered":"\n<figure class=\"wp-block-image size-large\"><img fetchpriority=\"high\" decoding=\"async\" width=\"579\" height=\"408\" src=\"https:\/\/www.presseinvestigation.com\/wp-content\/uploads\/2023\/11\/Johannesbourg.jpg\" alt=\"\" class=\"wp-image-785\" srcset=\"https:\/\/www.presseinvestigation.com\/wp-content\/uploads\/2023\/11\/Johannesbourg.jpg 579w, https:\/\/www.presseinvestigation.com\/wp-content\/uploads\/2023\/11\/Johannesbourg-300x211.jpg 300w, https:\/\/www.presseinvestigation.com\/wp-content\/uploads\/2023\/11\/Johannesbourg-120x86.jpg 120w\" sizes=\"(max-width: 579px) 100vw, 579px\" \/><\/figure>\n\n\n\n<p>La ville de Johannesburg abrite du 20 au 23 novembre 2023, la 19eme Conf\u00e9rence africaine sur le Journalisme d\u2019investigation (#AIJC2023). Environ 140 intervenants ont pr\u00e9sent\u00e9 des communications au cours de 80 sessions.<\/p>\n\n\n\n<p>Les principaux th\u00e8mes de 2023 ont concern\u00e9 l\u2019intelligence artificielle, la sant\u00e9, le journalisme de donn\u00e9es, la s\u00e9curit\u00e9 des journalistes, l\u2019avenir et la durabilit\u00e9 du journalisme d\u2019investigation, les enqu\u00eates sur les crimes organis\u00e9es, etc. Elie Kabor\u00e9, Directeur de Publication de Minesactu.info a pr\u00e9sent\u00e9 une communication sur&nbsp;<em>\u00ab&nbsp;: Enqu\u00eater sur le secteur extractif en Afrique&nbsp;\u00bb.<\/em><\/p>\n\n\n\n<p>Pour lui, le d\u00e9veloppement de l\u2019humanit\u00e9 est en partie li\u00e9 \u00e0 la maitrise dans l\u2019utilisation des ressources min\u00e9rales. Les pays d\u2019africains poss\u00e8dent<a href=\"https:\/\/resourcegovernance.org\/news\/le-secteur-des-ressources-naturelles-en-afrique\">\u00a030 % des r\u00e9serves mondiales<\/a>\u00a0en p\u00e9trole, en gaz et en min\u00e9raux de transition mais sont cit\u00e9s parmi les plus pauvres du monde. Des pays dont plus de la moiti\u00e9 des exportations provient des ressources extractives avec une part importante dans les recettes de ces Etats. Il a invit\u00e9 les journalistes africains \u00e0 s\u2019int\u00e9resser au secteur extractif parce que les entreprises exploitent des ressources non renouvelables \u00e0 l\u2019\u00e9chelle humaine, avec une dur\u00e9e de vie naturellement limit\u00e9e. Une exploitation mini\u00e8re qui a un impact important sur les communaut\u00e9s riveraines et sur l\u2019environnement et qui est largement tributaire des cours des m\u00e9taux fluctuants, fix\u00e9s de fa\u00e7on ind\u00e9pendante au niveau mondial.<\/p>\n\n\n\n<p>\u00ab&nbsp;Le secteur extractif est celui de la haute corruption&nbsp;\u00bb, a-t-il indiqu\u00e9. Pour preuve, un rapport de&nbsp;<a href=\"https:\/\/read.oecd-ilibrary.org\/governance\/rapport-de-l-ocde-sur-la-corruption-transnationale_9789264226623-fr\">l\u2019OCDE<\/a>&nbsp;affirme que 19% des cas de corruption dans le monde se passent dans le secteur extractif sous la forme de pots de vin vers\u00e9s \u00e0 des agents publics. Global Financial Integrity (GFI) enfonce le clou en r\u00e9v\u00e9lant que la fausse facturation commerciale entre les \u00c9tats fait perdre 288,267 milliards de dollars chaque ann\u00e9e \u00e0 l\u2019Afrique. Le secteur extractif se trouve \u00e0 une bonne place dans la fausse facturation commerciale entre Etat (Machines, combustibles min\u00e9raux).<\/p>\n\n\n\n<p>Le secteur minier est aussi source de conflits. Cette th\u00e8se est confirm\u00e9e par les\u00a0<a href=\"https:\/\/www.un.org\/fr\/land-natural-resources-conflict\/resource-rich-economies.shtml\">Nations-Unies<\/a>: \u00ab<em>\u00a0Les pays essentiellement tributaires de leurs ressources naturelles sont plus expos\u00e9s au risque d\u2019un conflit violent, en raison de la hausse du taux de ch\u00f4mage, des in\u00e9galit\u00e9s et du manque de services sociaux, notamment, l\u2019\u00e9ducation\u00a0\u00bb<\/em>. Les plus brutales et meurtri\u00e8res guerre en Afrique ind\u00e9pendante ont un lien avec les ressources extractives. Au Sahel, l\u2019exploitation des ressources naturelles (l\u2019or) alimente le terrorisme. Mais comment les journalistes peuvent-ils investiguer dans ce secteur\u00a0? S\u2019est-il interrog\u00e9\u00a0? Pour lui, un pays comme le Nigeria a perdu 16 milliards de dollars de 1979 \u00e0 1983, soit 20 % de ses revenus p\u00e9troliers, essentiellement du fait de la fraude, de la surfacturation des contrats et du vol de brut.<\/p>\n\n\n\n<p>\u00ab<em>&nbsp;L\u2019investigation concerne toutes les \u00e9tapes de la cha\u00eene des valeurs d\u2019un projet extractif, c\u2019est-\u00e0-dire la phase de recherche\/exploration, de construction, de l\u2019exploitation et celle de de la fermeture et la r\u00e9habilitation&nbsp;\u00bb<\/em>, a-t-il ajout\u00e9. L\u2019investigation peut porter entres autres sur la transparence dans l\u2019acc\u00e8s aux contrats miniers (corruption; conflit d\u2019int\u00e9r\u00eat dans la n\u00e9gociation des contrats), le respect des droits des communaut\u00e9s (indemnisation juste), le respect du cahier de charges par les entreprises, le r\u00f4le de l\u2019Etat dans le suivi-contr\u00f4le des entreprisses extractives, le respect des droits du travailleurs, la d\u00e9gradation de l\u2019environnement, le r\u00e9gime fiscal (exon\u00e9ration fantaisistes), la fraude, l\u2019\u00e9vasion fiscale, la fausse facturation, le non-paiement de revenus), la mauvaise collecte, gestion et partage des revenus, la fausse d\u00e9claration de la production, la cr\u00e9ation de valeur ajout\u00e9e (transformation), l\u2019acc\u00e8s des nationaux aux emplois et aux achats de biens et services, les questions de la corruption des dirigeants et des agents, la non-alimentation du fonds de la r\u00e9habilitation et la non-r\u00e9habilitation des sites apr\u00e8s exploitation, le blanchiment des capitaux, la session ou transfert de permis, etc.<\/p>\n\n\n\n<p>O\u00f9 trouver les informations sur le secteur extractif&nbsp;? Dans les textes aux niveaux r\u00e9gional et sous-r\u00e9gional :<a href=\"https:\/\/au.int\/sites\/default\/files\/documents\/30995-doc-africaminingvisionfrench.pdf\">Vision mini\u00e8re africaine<\/a>, le<a href=\"https:\/\/www.kimberleyprocess.com\/\">&nbsp;processus de Kimberley<\/a>, CEDEAO, CAMAC, etc. Au niveau national : Codes (minier, p\u00e9trolier, gazi\u00e8re, environnement, imp\u00f4t, douane, etc.). Les textes d\u2019application de ces diff\u00e9rents codes, au niveau national, les<a href=\"https:\/\/eiti.org\/countries\">&nbsp;rapports ITIE<\/a>&nbsp;des pays qui adh\u00e8rent \u00e0 ce processus, les publications p\u00e9riodiquement des entreprises extractives, des publications sur des sites sp\u00e9cialis\u00e9s comme<a href=\"http:\/\/www.sedar.com\/\">&nbsp;www.sedar.com<\/a>, les rapports des structures internationales,&nbsp;<a href=\"https:\/\/ato.ataftax.org\/atafdatabank\/\">&nbsp;<\/a><a href=\"https:\/\/ato.ataftax.org\/atafdatabank\/\">African<\/a><a href=\"https:\/\/ato.ataftax.org\/atafdatabank\/\">&nbsp;<\/a><a href=\"https:\/\/ato.ataftax.org\/atafdatabank\/\">Tax<\/a><a href=\"https:\/\/ato.ataftax.org\/atafdatabank\/\">&nbsp;Administration Forum<\/a>,&nbsp;<a href=\"https:\/\/taxjusticeafrica.net\/tag\/justice\/\">Tax<\/a><a href=\"https:\/\/taxjusticeafrica.net\/tag\/justice\/\">&nbsp;Justice Network&nbsp;<\/a><a href=\"https:\/\/taxjusticeafrica.net\/tag\/justice\/\">Africa<\/a>,<a href=\"https:\/\/gfintegrity.org\/report\/the-gold-standard-addressing-illicit-financial-flows-in-the-colombian-gold-sector-through-greater-transparency\/\">&nbsp;Global Financial&nbsp;<\/a><a href=\"https:\/\/gfintegrity.org\/report\/the-gold-standard-addressing-illicit-financial-flows-in-the-colombian-gold-sector-through-greater-transparency\/\">Integrity<\/a>,<a href=\"https:\/\/www.oecd.org\/fr\/fiscalite\/transparence\/\">&nbsp;Forum mondial sur la transparence et l\u2019\u00e9change de renseignements \u00e0 des fins fiscales de l\u2019OCDE<\/a>,&nbsp;<a href=\"https:\/\/resourcegovernance.org\/news\/nrgi-statement-on-guinea-and-mining-governance\">NRGI<\/a>,&nbsp;<a href=\"https:\/\/www.pwyp.org\/fr\/pwyp-resources\/les-nombreuses-facons-de-perdre-des-milliards\/\">PCQVP<\/a>,<a href=\"https:\/\/www.oxfam.org\/fr\/taxonomy\/term\/1749nn\">&nbsp;OXFAM<\/a>, etc. les publications des structures publiques nationales, les publications des m\u00e9dias, etc.<\/p>\n\n\n\n<p>Elie Kabor\u00e9 a reconnu que les journalistes ont des difficult\u00e9s d\u2019acc\u00e8s \u00e0 des informations. Les informations disponibles sont souvent tr\u00e8s techniques et difficiles \u00e0 comprendre. \u00ab&nbsp;<em>Tout le monde ne comprend pas le langage fiscale, juridique, environnemental. Tout le monde ne peut pas lire et comprendre une \u00e9tude de faisabilit\u00e9, une \u00e9tude d\u2019impact environnementale et sociale, un contrat minier, etc.<\/em>\u00bb. Il a not\u00e9 que le secteur minier est un milieu ferm\u00e9 o\u00f9 les entreprises et l\u2019administrations publiques communiquent peu. Comme conseil, il a recommand\u00e9 aux journalistes d\u2019avoir recours aux sp\u00e9cialistes dans les ONG, la soci\u00e9t\u00e9 civile, les syndicats. Il a fortement recommand\u00e9 aux journalistes et aux m\u00e9dias de se sp\u00e9cialiser.<\/p>\n\n\n\n<p>#Mines_Actu_Burkina<\/p>\n\n\n\n<p>#AIJC2023<\/p>\n","protected":false},"excerpt":{"rendered":"<p>La ville de Johannesburg abrite du 20 au 23 novembre 2023, la 19eme Conf\u00e9rence africaine sur le Journalisme d\u2019investigation (#AIJC2023). Environ 140 intervenants ont pr\u00e9sent\u00e9 des communications au cours de 80 sessions. Les principaux th\u00e8mes de 2023 ont concern\u00e9 l\u2019intelligence artificielle, la sant\u00e9, le journalisme de donn\u00e9es, la s\u00e9curit\u00e9 des journalistes, l\u2019avenir et la durabilit\u00e9 [&hellip;]<\/p>\n","protected":false},"author":2,"featured_media":788,"comment_status":"open","ping_status":"open","sticky":false,"template":"","format":"standard","meta":{"jnews-multi-image_gallery":[],"jnews_single_post":[],"jnews_primary_category":[],"footnotes":""},"categories":[4],"tags":[],"class_list":["post-786","post","type-post","status-publish","format-standard","has-post-thumbnail","hentry","category-afrique"],"yoast_head":"<!-- This site is optimized with the Yoast SEO plugin v27.3 - https:\/\/yoast.com\/product\/yoast-seo-wordpress\/ -->\n<title>19eme conf\u00e9rence du journalisme d\u2019investigation\u00a0: L\u2019enqu\u00eater sur le secteur extractif en Afrique au c\u0153ur d\u2019une communication - Presseinvestigation<\/title>\n<meta name=\"robots\" content=\"index, follow, max-snippet:-1, max-image-preview:large, max-video-preview:-1\" \/>\n<link rel=\"canonical\" href=\"https:\/\/www.presseinvestigation.com\/index.php\/2023\/11\/22\/19eme-conference-du-journalisme-dinvestigation-lenqueter-sur-le-secteur-extractif-en-afrique-au-coeur-dune-communication\/\" \/>\n<meta property=\"og:locale\" content=\"fr_FR\" \/>\n<meta property=\"og:type\" content=\"article\" \/>\n<meta property=\"og:title\" content=\"19eme conf\u00e9rence du journalisme d\u2019investigation\u00a0: L\u2019enqu\u00eater sur le secteur extractif en Afrique au c\u0153ur d\u2019une communication - Presseinvestigation\" \/>\n<meta property=\"og:description\" content=\"La ville de Johannesburg abrite du 20 au 23 novembre 2023, la 19eme Conf\u00e9rence africaine sur le Journalisme d\u2019investigation (#AIJC2023). Environ 140 intervenants ont pr\u00e9sent\u00e9 des communications au cours de 80 sessions. Les principaux th\u00e8mes de 2023 ont concern\u00e9 l\u2019intelligence artificielle, la sant\u00e9, le journalisme de donn\u00e9es, la s\u00e9curit\u00e9 des journalistes, l\u2019avenir et la durabilit\u00e9 [&hellip;]\" \/>\n<meta property=\"og:url\" content=\"https:\/\/www.presseinvestigation.com\/index.php\/2023\/11\/22\/19eme-conference-du-journalisme-dinvestigation-lenqueter-sur-le-secteur-extractif-en-afrique-au-coeur-dune-communication\/\" \/>\n<meta property=\"og:site_name\" content=\"Presseinvestigation\" \/>\n<meta property=\"article:published_time\" content=\"2023-11-22T16:40:39+00:00\" \/>\n<meta property=\"article:modified_time\" content=\"2023-11-22T16:41:37+00:00\" \/>\n<meta property=\"og:image\" content=\"https:\/\/www.presseinvestigation.com\/wp-content\/uploads\/2023\/11\/Johannesbourg-1.jpg\" \/>\n\t<meta property=\"og:image:width\" content=\"579\" \/>\n\t<meta property=\"og:image:height\" content=\"408\" \/>\n\t<meta property=\"og:image:type\" content=\"image\/jpeg\" \/>\n<meta name=\"author\" content=\"Presseinvestigation.com\" \/>\n<meta name=\"twitter:card\" content=\"summary_large_image\" \/>\n<meta name=\"twitter:label1\" content=\"\u00c9crit par\" \/>\n\t<meta name=\"twitter:data1\" content=\"Presseinvestigation.com\" \/>\n\t<meta name=\"twitter:label2\" content=\"Dur\u00e9e de lecture estim\u00e9e\" \/>\n\t<meta name=\"twitter:data2\" content=\"5 minutes\" \/>\n<script type=\"application\/ld+json\" class=\"yoast-schema-graph\">{\"@context\":\"https:\\\/\\\/schema.org\",\"@graph\":[{\"@type\":\"Article\",\"@id\":\"https:\\\/\\\/www.presseinvestigation.com\\\/index.php\\\/2023\\\/11\\\/22\\\/19eme-conference-du-journalisme-dinvestigation-lenqueter-sur-le-secteur-extractif-en-afrique-au-coeur-dune-communication\\\/#article\",\"isPartOf\":{\"@id\":\"https:\\\/\\\/www.presseinvestigation.com\\\/index.php\\\/2023\\\/11\\\/22\\\/19eme-conference-du-journalisme-dinvestigation-lenqueter-sur-le-secteur-extractif-en-afrique-au-coeur-dune-communication\\\/\"},\"author\":{\"name\":\"Presseinvestigation.com\",\"@id\":\"https:\\\/\\\/www.presseinvestigation.com\\\/#\\\/schema\\\/person\\\/32d023733a4a9d7c3bd6883619b8f116\"},\"headline\":\"19eme conf\u00e9rence du journalisme d\u2019investigation\u00a0: L\u2019enqu\u00eater sur le secteur extractif en Afrique au c\u0153ur d\u2019une communication\",\"datePublished\":\"2023-11-22T16:40:39+00:00\",\"dateModified\":\"2023-11-22T16:41:37+00:00\",\"mainEntityOfPage\":{\"@id\":\"https:\\\/\\\/www.presseinvestigation.com\\\/index.php\\\/2023\\\/11\\\/22\\\/19eme-conference-du-journalisme-dinvestigation-lenqueter-sur-le-secteur-extractif-en-afrique-au-coeur-dune-communication\\\/\"},\"wordCount\":977,\"commentCount\":0,\"image\":{\"@id\":\"https:\\\/\\\/www.presseinvestigation.com\\\/index.php\\\/2023\\\/11\\\/22\\\/19eme-conference-du-journalisme-dinvestigation-lenqueter-sur-le-secteur-extractif-en-afrique-au-coeur-dune-communication\\\/#primaryimage\"},\"thumbnailUrl\":\"https:\\\/\\\/www.presseinvestigation.com\\\/wp-content\\\/uploads\\\/2023\\\/11\\\/Johannesbourg-1.jpg\",\"articleSection\":[\"Afrique\"],\"inLanguage\":\"fr-FR\",\"potentialAction\":[{\"@type\":\"CommentAction\",\"name\":\"Comment\",\"target\":[\"https:\\\/\\\/www.presseinvestigation.com\\\/index.php\\\/2023\\\/11\\\/22\\\/19eme-conference-du-journalisme-dinvestigation-lenqueter-sur-le-secteur-extractif-en-afrique-au-coeur-dune-communication\\\/#respond\"]}]},{\"@type\":\"WebPage\",\"@id\":\"https:\\\/\\\/www.presseinvestigation.com\\\/index.php\\\/2023\\\/11\\\/22\\\/19eme-conference-du-journalisme-dinvestigation-lenqueter-sur-le-secteur-extractif-en-afrique-au-coeur-dune-communication\\\/\",\"url\":\"https:\\\/\\\/www.presseinvestigation.com\\\/index.php\\\/2023\\\/11\\\/22\\\/19eme-conference-du-journalisme-dinvestigation-lenqueter-sur-le-secteur-extractif-en-afrique-au-coeur-dune-communication\\\/\",\"name\":\"19eme conf\u00e9rence du journalisme d\u2019investigation\u00a0: L\u2019enqu\u00eater sur le secteur extractif en Afrique au c\u0153ur d\u2019une communication - Presseinvestigation\",\"isPartOf\":{\"@id\":\"https:\\\/\\\/www.presseinvestigation.com\\\/#website\"},\"primaryImageOfPage\":{\"@id\":\"https:\\\/\\\/www.presseinvestigation.com\\\/index.php\\\/2023\\\/11\\\/22\\\/19eme-conference-du-journalisme-dinvestigation-lenqueter-sur-le-secteur-extractif-en-afrique-au-coeur-dune-communication\\\/#primaryimage\"},\"image\":{\"@id\":\"https:\\\/\\\/www.presseinvestigation.com\\\/index.php\\\/2023\\\/11\\\/22\\\/19eme-conference-du-journalisme-dinvestigation-lenqueter-sur-le-secteur-extractif-en-afrique-au-coeur-dune-communication\\\/#primaryimage\"},\"thumbnailUrl\":\"https:\\\/\\\/www.presseinvestigation.com\\\/wp-content\\\/uploads\\\/2023\\\/11\\\/Johannesbourg-1.jpg\",\"datePublished\":\"2023-11-22T16:40:39+00:00\",\"dateModified\":\"2023-11-22T16:41:37+00:00\",\"author\":{\"@id\":\"https:\\\/\\\/www.presseinvestigation.com\\\/#\\\/schema\\\/person\\\/32d023733a4a9d7c3bd6883619b8f116\"},\"breadcrumb\":{\"@id\":\"https:\\\/\\\/www.presseinvestigation.com\\\/index.php\\\/2023\\\/11\\\/22\\\/19eme-conference-du-journalisme-dinvestigation-lenqueter-sur-le-secteur-extractif-en-afrique-au-coeur-dune-communication\\\/#breadcrumb\"},\"inLanguage\":\"fr-FR\",\"potentialAction\":[{\"@type\":\"ReadAction\",\"target\":[\"https:\\\/\\\/www.presseinvestigation.com\\\/index.php\\\/2023\\\/11\\\/22\\\/19eme-conference-du-journalisme-dinvestigation-lenqueter-sur-le-secteur-extractif-en-afrique-au-coeur-dune-communication\\\/\"]}]},{\"@type\":\"ImageObject\",\"inLanguage\":\"fr-FR\",\"@id\":\"https:\\\/\\\/www.presseinvestigation.com\\\/index.php\\\/2023\\\/11\\\/22\\\/19eme-conference-du-journalisme-dinvestigation-lenqueter-sur-le-secteur-extractif-en-afrique-au-coeur-dune-communication\\\/#primaryimage\",\"url\":\"https:\\\/\\\/www.presseinvestigation.com\\\/wp-content\\\/uploads\\\/2023\\\/11\\\/Johannesbourg-1.jpg\",\"contentUrl\":\"https:\\\/\\\/www.presseinvestigation.com\\\/wp-content\\\/uploads\\\/2023\\\/11\\\/Johannesbourg-1.jpg\",\"width\":579,\"height\":408},{\"@type\":\"BreadcrumbList\",\"@id\":\"https:\\\/\\\/www.presseinvestigation.com\\\/index.php\\\/2023\\\/11\\\/22\\\/19eme-conference-du-journalisme-dinvestigation-lenqueter-sur-le-secteur-extractif-en-afrique-au-coeur-dune-communication\\\/#breadcrumb\",\"itemListElement\":[{\"@type\":\"ListItem\",\"position\":1,\"name\":\"Accueil\",\"item\":\"https:\\\/\\\/www.presseinvestigation.com\\\/\"},{\"@type\":\"ListItem\",\"position\":2,\"name\":\"19eme conf\u00e9rence du journalisme d\u2019investigation\u00a0: L\u2019enqu\u00eater sur le secteur extractif en Afrique au c\u0153ur d\u2019une communication\"}]},{\"@type\":\"WebSite\",\"@id\":\"https:\\\/\\\/www.presseinvestigation.com\\\/#website\",\"url\":\"https:\\\/\\\/www.presseinvestigation.com\\\/\",\"name\":\"Presseinvestigation\",\"description\":\"Informer dans l&#039;impartialit\u00e9\",\"potentialAction\":[{\"@type\":\"SearchAction\",\"target\":{\"@type\":\"EntryPoint\",\"urlTemplate\":\"https:\\\/\\\/www.presseinvestigation.com\\\/?s={search_term_string}\"},\"query-input\":{\"@type\":\"PropertyValueSpecification\",\"valueRequired\":true,\"valueName\":\"search_term_string\"}}],\"inLanguage\":\"fr-FR\"},{\"@type\":\"Person\",\"@id\":\"https:\\\/\\\/www.presseinvestigation.com\\\/#\\\/schema\\\/person\\\/32d023733a4a9d7c3bd6883619b8f116\",\"name\":\"Presseinvestigation.com\",\"image\":{\"@type\":\"ImageObject\",\"inLanguage\":\"fr-FR\",\"@id\":\"https:\\\/\\\/secure.gravatar.com\\\/avatar\\\/26f9c9e95424b0bde739ba0af37ee39a9e4a9e809967422c5b8e8573a34fbbe0?s=96&d=mm&r=g\",\"url\":\"https:\\\/\\\/secure.gravatar.com\\\/avatar\\\/26f9c9e95424b0bde739ba0af37ee39a9e4a9e809967422c5b8e8573a34fbbe0?s=96&d=mm&r=g\",\"contentUrl\":\"https:\\\/\\\/secure.gravatar.com\\\/avatar\\\/26f9c9e95424b0bde739ba0af37ee39a9e4a9e809967422c5b8e8573a34fbbe0?s=96&d=mm&r=g\",\"caption\":\"Presseinvestigation.com\"},\"url\":\"https:\\\/\\\/www.presseinvestigation.com\\\/index.php\\\/author\\\/toumany\\\/\"}]}<\/script>\n<!-- \/ Yoast SEO plugin. -->","yoast_head_json":{"title":"19eme conf\u00e9rence du journalisme d\u2019investigation\u00a0: L\u2019enqu\u00eater sur le secteur extractif en Afrique au c\u0153ur d\u2019une communication - Presseinvestigation","robots":{"index":"index","follow":"follow","max-snippet":"max-snippet:-1","max-image-preview":"max-image-preview:large","max-video-preview":"max-video-preview:-1"},"canonical":"https:\/\/www.presseinvestigation.com\/index.php\/2023\/11\/22\/19eme-conference-du-journalisme-dinvestigation-lenqueter-sur-le-secteur-extractif-en-afrique-au-coeur-dune-communication\/","og_locale":"fr_FR","og_type":"article","og_title":"19eme conf\u00e9rence du journalisme d\u2019investigation\u00a0: L\u2019enqu\u00eater sur le secteur extractif en Afrique au c\u0153ur d\u2019une communication - Presseinvestigation","og_description":"La ville de Johannesburg abrite du 20 au 23 novembre 2023, la 19eme Conf\u00e9rence africaine sur le Journalisme d\u2019investigation (#AIJC2023). Environ 140 intervenants ont pr\u00e9sent\u00e9 des communications au cours de 80 sessions. Les principaux th\u00e8mes de 2023 ont concern\u00e9 l\u2019intelligence artificielle, la sant\u00e9, le journalisme de donn\u00e9es, la s\u00e9curit\u00e9 des journalistes, l\u2019avenir et la durabilit\u00e9 [&hellip;]","og_url":"https:\/\/www.presseinvestigation.com\/index.php\/2023\/11\/22\/19eme-conference-du-journalisme-dinvestigation-lenqueter-sur-le-secteur-extractif-en-afrique-au-coeur-dune-communication\/","og_site_name":"Presseinvestigation","article_published_time":"2023-11-22T16:40:39+00:00","article_modified_time":"2023-11-22T16:41:37+00:00","og_image":[{"width":579,"height":408,"url":"https:\/\/www.presseinvestigation.com\/wp-content\/uploads\/2023\/11\/Johannesbourg-1.jpg","type":"image\/jpeg"}],"author":"Presseinvestigation.com","twitter_card":"summary_large_image","twitter_misc":{"\u00c9crit par":"Presseinvestigation.com","Dur\u00e9e de lecture estim\u00e9e":"5 minutes"},"schema":{"@context":"https:\/\/schema.org","@graph":[{"@type":"Article","@id":"https:\/\/www.presseinvestigation.com\/index.php\/2023\/11\/22\/19eme-conference-du-journalisme-dinvestigation-lenqueter-sur-le-secteur-extractif-en-afrique-au-coeur-dune-communication\/#article","isPartOf":{"@id":"https:\/\/www.presseinvestigation.com\/index.php\/2023\/11\/22\/19eme-conference-du-journalisme-dinvestigation-lenqueter-sur-le-secteur-extractif-en-afrique-au-coeur-dune-communication\/"},"author":{"name":"Presseinvestigation.com","@id":"https:\/\/www.presseinvestigation.com\/#\/schema\/person\/32d023733a4a9d7c3bd6883619b8f116"},"headline":"19eme conf\u00e9rence du journalisme d\u2019investigation\u00a0: L\u2019enqu\u00eater sur le secteur extractif en Afrique au c\u0153ur d\u2019une communication","datePublished":"2023-11-22T16:40:39+00:00","dateModified":"2023-11-22T16:41:37+00:00","mainEntityOfPage":{"@id":"https:\/\/www.presseinvestigation.com\/index.php\/2023\/11\/22\/19eme-conference-du-journalisme-dinvestigation-lenqueter-sur-le-secteur-extractif-en-afrique-au-coeur-dune-communication\/"},"wordCount":977,"commentCount":0,"image":{"@id":"https:\/\/www.presseinvestigation.com\/index.php\/2023\/11\/22\/19eme-conference-du-journalisme-dinvestigation-lenqueter-sur-le-secteur-extractif-en-afrique-au-coeur-dune-communication\/#primaryimage"},"thumbnailUrl":"https:\/\/www.presseinvestigation.com\/wp-content\/uploads\/2023\/11\/Johannesbourg-1.jpg","articleSection":["Afrique"],"inLanguage":"fr-FR","potentialAction":[{"@type":"CommentAction","name":"Comment","target":["https:\/\/www.presseinvestigation.com\/index.php\/2023\/11\/22\/19eme-conference-du-journalisme-dinvestigation-lenqueter-sur-le-secteur-extractif-en-afrique-au-coeur-dune-communication\/#respond"]}]},{"@type":"WebPage","@id":"https:\/\/www.presseinvestigation.com\/index.php\/2023\/11\/22\/19eme-conference-du-journalisme-dinvestigation-lenqueter-sur-le-secteur-extractif-en-afrique-au-coeur-dune-communication\/","url":"https:\/\/www.presseinvestigation.com\/index.php\/2023\/11\/22\/19eme-conference-du-journalisme-dinvestigation-lenqueter-sur-le-secteur-extractif-en-afrique-au-coeur-dune-communication\/","name":"19eme conf\u00e9rence du journalisme d\u2019investigation\u00a0: L\u2019enqu\u00eater sur le secteur extractif en Afrique au c\u0153ur d\u2019une communication - Presseinvestigation","isPartOf":{"@id":"https:\/\/www.presseinvestigation.com\/#website"},"primaryImageOfPage":{"@id":"https:\/\/www.presseinvestigation.com\/index.php\/2023\/11\/22\/19eme-conference-du-journalisme-dinvestigation-lenqueter-sur-le-secteur-extractif-en-afrique-au-coeur-dune-communication\/#primaryimage"},"image":{"@id":"https:\/\/www.presseinvestigation.com\/index.php\/2023\/11\/22\/19eme-conference-du-journalisme-dinvestigation-lenqueter-sur-le-secteur-extractif-en-afrique-au-coeur-dune-communication\/#primaryimage"},"thumbnailUrl":"https:\/\/www.presseinvestigation.com\/wp-content\/uploads\/2023\/11\/Johannesbourg-1.jpg","datePublished":"2023-11-22T16:40:39+00:00","dateModified":"2023-11-22T16:41:37+00:00","author":{"@id":"https:\/\/www.presseinvestigation.com\/#\/schema\/person\/32d023733a4a9d7c3bd6883619b8f116"},"breadcrumb":{"@id":"https:\/\/www.presseinvestigation.com\/index.php\/2023\/11\/22\/19eme-conference-du-journalisme-dinvestigation-lenqueter-sur-le-secteur-extractif-en-afrique-au-coeur-dune-communication\/#breadcrumb"},"inLanguage":"fr-FR","potentialAction":[{"@type":"ReadAction","target":["https:\/\/www.presseinvestigation.com\/index.php\/2023\/11\/22\/19eme-conference-du-journalisme-dinvestigation-lenqueter-sur-le-secteur-extractif-en-afrique-au-coeur-dune-communication\/"]}]},{"@type":"ImageObject","inLanguage":"fr-FR","@id":"https:\/\/www.presseinvestigation.com\/index.php\/2023\/11\/22\/19eme-conference-du-journalisme-dinvestigation-lenqueter-sur-le-secteur-extractif-en-afrique-au-coeur-dune-communication\/#primaryimage","url":"https:\/\/www.presseinvestigation.com\/wp-content\/uploads\/2023\/11\/Johannesbourg-1.jpg","contentUrl":"https:\/\/www.presseinvestigation.com\/wp-content\/uploads\/2023\/11\/Johannesbourg-1.jpg","width":579,"height":408},{"@type":"BreadcrumbList","@id":"https:\/\/www.presseinvestigation.com\/index.php\/2023\/11\/22\/19eme-conference-du-journalisme-dinvestigation-lenqueter-sur-le-secteur-extractif-en-afrique-au-coeur-dune-communication\/#breadcrumb","itemListElement":[{"@type":"ListItem","position":1,"name":"Accueil","item":"https:\/\/www.presseinvestigation.com\/"},{"@type":"ListItem","position":2,"name":"19eme conf\u00e9rence du journalisme d\u2019investigation\u00a0: L\u2019enqu\u00eater sur le secteur extractif en Afrique au c\u0153ur d\u2019une communication"}]},{"@type":"WebSite","@id":"https:\/\/www.presseinvestigation.com\/#website","url":"https:\/\/www.presseinvestigation.com\/","name":"Presseinvestigation","description":"Informer dans l&#039;impartialit\u00e9","potentialAction":[{"@type":"SearchAction","target":{"@type":"EntryPoint","urlTemplate":"https:\/\/www.presseinvestigation.com\/?s={search_term_string}"},"query-input":{"@type":"PropertyValueSpecification","valueRequired":true,"valueName":"search_term_string"}}],"inLanguage":"fr-FR"},{"@type":"Person","@id":"https:\/\/www.presseinvestigation.com\/#\/schema\/person\/32d023733a4a9d7c3bd6883619b8f116","name":"Presseinvestigation.com","image":{"@type":"ImageObject","inLanguage":"fr-FR","@id":"https:\/\/secure.gravatar.com\/avatar\/26f9c9e95424b0bde739ba0af37ee39a9e4a9e809967422c5b8e8573a34fbbe0?s=96&d=mm&r=g","url":"https:\/\/secure.gravatar.com\/avatar\/26f9c9e95424b0bde739ba0af37ee39a9e4a9e809967422c5b8e8573a34fbbe0?s=96&d=mm&r=g","contentUrl":"https:\/\/secure.gravatar.com\/avatar\/26f9c9e95424b0bde739ba0af37ee39a9e4a9e809967422c5b8e8573a34fbbe0?s=96&d=mm&r=g","caption":"Presseinvestigation.com"},"url":"https:\/\/www.presseinvestigation.com\/index.php\/author\/toumany\/"}]}},"_links":{"self":[{"href":"https:\/\/www.presseinvestigation.com\/index.php\/wp-json\/wp\/v2\/posts\/786","targetHints":{"allow":["GET"]}}],"collection":[{"href":"https:\/\/www.presseinvestigation.com\/index.php\/wp-json\/wp\/v2\/posts"}],"about":[{"href":"https:\/\/www.presseinvestigation.com\/index.php\/wp-json\/wp\/v2\/types\/post"}],"author":[{"embeddable":true,"href":"https:\/\/www.presseinvestigation.com\/index.php\/wp-json\/wp\/v2\/users\/2"}],"replies":[{"embeddable":true,"href":"https:\/\/www.presseinvestigation.com\/index.php\/wp-json\/wp\/v2\/comments?post=786"}],"version-history":[{"count":1,"href":"https:\/\/www.presseinvestigation.com\/index.php\/wp-json\/wp\/v2\/posts\/786\/revisions"}],"predecessor-version":[{"id":787,"href":"https:\/\/www.presseinvestigation.com\/index.php\/wp-json\/wp\/v2\/posts\/786\/revisions\/787"}],"wp:featuredmedia":[{"embeddable":true,"href":"https:\/\/www.presseinvestigation.com\/index.php\/wp-json\/wp\/v2\/media\/788"}],"wp:attachment":[{"href":"https:\/\/www.presseinvestigation.com\/index.php\/wp-json\/wp\/v2\/media?parent=786"}],"wp:term":[{"taxonomy":"category","embeddable":true,"href":"https:\/\/www.presseinvestigation.com\/index.php\/wp-json\/wp\/v2\/categories?post=786"},{"taxonomy":"post_tag","embeddable":true,"href":"https:\/\/www.presseinvestigation.com\/index.php\/wp-json\/wp\/v2\/tags?post=786"}],"curies":[{"name":"wp","href":"https:\/\/api.w.org\/{rel}","templated":true}]}}