{"id":791,"date":"2023-11-22T17:52:06","date_gmt":"2023-11-22T16:52:06","guid":{"rendered":"https:\/\/www.presseinvestigation.com\/?p=791"},"modified":"2023-11-22T17:52:30","modified_gmt":"2023-11-22T16:52:30","slug":"journees-du-fournisseur-minier-la-cote-divoire-le-ghana-la-guinee-et-le-mali-invites-a-ledition-2023","status":"publish","type":"post","link":"https:\/\/www.presseinvestigation.com\/index.php\/2023\/11\/22\/journees-du-fournisseur-minier-la-cote-divoire-le-ghana-la-guinee-et-le-mali-invites-a-ledition-2023\/","title":{"rendered":"Journ\u00e9es du fournisseur minier : la C\u00f4te d\u2019Ivoire, le Ghana, la Guin\u00e9e et le Mali invit\u00e9s \u00e0 l\u2019\u00e9dition 2023"},"content":{"rendered":"\n<figure class=\"wp-block-image size-large\"><img fetchpriority=\"high\" decoding=\"async\" width=\"1024\" height=\"498\" src=\"https:\/\/www.presseinvestigation.com\/wp-content\/uploads\/2023\/11\/unnamed-file-1024x498-1.jpg\" alt=\"\" class=\"wp-image-789\" srcset=\"https:\/\/www.presseinvestigation.com\/wp-content\/uploads\/2023\/11\/unnamed-file-1024x498-1.jpg 1024w, https:\/\/www.presseinvestigation.com\/wp-content\/uploads\/2023\/11\/unnamed-file-1024x498-1-300x146.jpg 300w, https:\/\/www.presseinvestigation.com\/wp-content\/uploads\/2023\/11\/unnamed-file-1024x498-1-768x374.jpg 768w, https:\/\/www.presseinvestigation.com\/wp-content\/uploads\/2023\/11\/unnamed-file-1024x498-1-600x292.jpg 600w, https:\/\/www.presseinvestigation.com\/wp-content\/uploads\/2023\/11\/unnamed-file-1024x498-1-750x365.jpg 750w\" sizes=\"(max-width: 1024px) 100vw, 1024px\" \/><\/figure>\n\n\n\n<p><strong>La 4eme \u00e9dition des journ\u00e9es du fournisseur minier (JFM) se tiendra du 06 et 07 d\u00e9cembre 2023 sous le th\u00e8me\u00a0: \u00ab Enjeux et d\u00e9fis de la gouvernance du contenu local dans le secteur minier au Burkina Faso ?\u00bb La structure organisatrice, l\u2019Alliance Burkinab\u00e9 des Fournisseurs de Biens et Services miniers (ABSM) a anim\u00e9 un point de presse le 18 novembre 2023 afin de tenir inform\u00e9 l\u2019opinion de l\u2019\u00e9tat d\u2019avancement des pr\u00e9paratifs. Au cours de ce point de presse, l\u2019ABSM a abord\u00e9 le chronogramme et les innovations majeures de l\u2019\u00e9dition 2023 de la JFM.<\/strong><\/p>\n\n\n\n<p>Les 06 et 07 d\u00e9cembre 2023, Ouagadougou va abriter l\u2019\u00e9dition 2023 des Journ\u00e9es du fournisseur minier (JFM), organis\u00e9e par l\u2019Alliance des Fournisseurs Burkinab\u00e9 de biens et services miniers (ABSM). En croire, au contenu de la d\u00e9claration liminaire livr\u00e9 par le charg\u00e9 de communication de l\u2019ABSM, No\u00ebl Ou\u00e9draogo, durant les 48 heures de la pr\u00e9sente \u00e9dition, d\u2019importantes activit\u00e9s sont inscrites \u00e0 l\u2019ordre du jour afin de rendre l\u2019\u00e9dition meilleure en contenu. Au titre des activit\u00e9s, il note des panels sur des sous-th\u00e8mes de la th\u00e9matique central \u00ab Enjeux et d\u00e9fis de la gouvernance du contenu local dans le secteur minier au Burkina Faso ?\u00bb, des rencontre B to B et des expositions des biens et services miniers. \u00c0 l\u2019entendre cette panoplie d\u2019activit\u00e9s pr\u00e9vues pour cette \u00e9dition devrait permettre aux acteurs de toucher du doigt les r\u00e9alit\u00e9s du secteur.<\/p>\n\n\n\n<p>En termes d\u2019objectif g\u00e9n\u00e9rale de cette nouvelle \u00e9dition est de permettre de trouver des solutions qui permettront aux fournisseurs burkinab\u00e8 d\u2019obtenir des contrats avec les industries extractives qui exploitent au Burkina Faso.<\/p>\n\n\n\n<p>Il sera l\u2019occasion \u00e9galement pour les premiers responsables de l\u2019ABSM, de mettre en revue l\u2019\u00e9tat des lieux de la mise en \u0153uvre du contenu local dans le secteur minier apr\u00e8s l\u2019adoption des textes, de pr\u00e9senter les difficult\u00e9s rencontr\u00e9es par les soci\u00e9t\u00e9s mini\u00e8res dans la fourniture des biens et services avec les fournisseurs nationaux et d\u2019en trouver des perspectives.<\/p>\n\n\n\n<p>Cette activit\u00e9 r\u00e9unira environ 500 participants.<\/p>\n\n\n\n<p>En termes d\u2019innovation au compte de l\u2019\u00e9dition 2023 des JFM, le pr\u00e9sident de l\u2019ABSM, Yves Zongo fait noter une s\u00e9ance de mentorat au profit des \u00e9tudiants afin de les aider \u00e0 faire de meilleurs choix de fili\u00e8res qui devraient faciliter leurs insertions professionnelles. Il note aussi des r\u00e9compenses au cours d\u2019une soir\u00e9e de cl\u00f4ture, \u00e0 l\u2019endroit de la mine mod\u00e8le en mati\u00e8re de consommation locale de biens et services, de la meilleure banque en termes d\u2019accompagnement et de produits adapt\u00e9s et de deux champions nationaux en mati\u00e8re de fourniture de biens et de services.<\/p>\n\n\n\n<p>Yves Zongo renseigne que pour cette \u00e9dition, l\u2019Alliance des Fournisseurs Burkinab\u00e9 de biens et services miniers (ABSM) a invit\u00e9 la C\u00f4te d\u2019Ivoire, le Ghana, la Guin\u00e9e et le Mali pour des partages d\u2019exp\u00e9rience sur leurs mod\u00e8les de contenu local de ses pays. Il indique par la m\u00eame occasion que l\u2019organisation des journ\u00e9es sous r\u00e9gionale des fournisseurs de biens et services miniers est en projet.<\/p>\n\n\n\n<p>En rappel l\u2019Alliance des Fournisseurs Burkinab\u00e8 de Bien et Service (ABSM) est une Association apolitique de professionnels de la fourniture mini\u00e8re, fut le chef de file pour permettre \u00e0 toute la population Burkinab\u00e8 de profiter au maximum de cette manne d\u2019opportunit\u00e9s qu\u2019offre ces industries mini\u00e8res.<\/p>\n\n\n\n<p><strong>Tiba Kassamse OUEDRAOGO et&nbsp;<\/strong><strong>BANDE Moniratou<\/strong><\/p>\n\n\n\n<p><strong>#Mines_Actu_Burkina<\/strong><\/p>\n\n\n\n<p><a class=\"td-social-sharing-button td-social-sharing-button-js td-social-network td-social-facebook\" href=\"https:\/\/www.facebook.com\/sharer.php?u=https%3A%2F%2Fminesactu.info%2F2023%2F11%2F20%2Fjournees-du-fournisseur-minier-la-cote-divoire-le-ghana-la-guinee-et-le-mali-invites-a-ledition-2023%2F\"><\/a><\/p>\n","protected":false},"excerpt":{"rendered":"<p>La 4eme \u00e9dition des journ\u00e9es du fournisseur minier (JFM) se tiendra du 06 et 07 d\u00e9cembre 2023 sous le th\u00e8me\u00a0: \u00ab Enjeux et d\u00e9fis de la gouvernance du contenu local dans le secteur minier au Burkina Faso ?\u00bb La structure organisatrice, l\u2019Alliance Burkinab\u00e9 des Fournisseurs de Biens et Services miniers (ABSM) a anim\u00e9 un point [&hellip;]<\/p>\n","protected":false},"author":2,"featured_media":790,"comment_status":"open","ping_status":"open","sticky":false,"template":"","format":"standard","meta":{"jnews-multi-image_gallery":[],"jnews_single_post":[],"jnews_primary_category":[],"footnotes":""},"categories":[4],"tags":[],"class_list":["post-791","post","type-post","status-publish","format-standard","has-post-thumbnail","hentry","category-afrique"],"yoast_head":"<!-- This site is optimized with the Yoast SEO plugin v27.3 - https:\/\/yoast.com\/product\/yoast-seo-wordpress\/ -->\n<title>Journ\u00e9es du fournisseur minier : la C\u00f4te d\u2019Ivoire, le Ghana, la Guin\u00e9e et le Mali invit\u00e9s \u00e0 l\u2019\u00e9dition 2023 - Presseinvestigation<\/title>\n<meta name=\"robots\" content=\"index, follow, max-snippet:-1, max-image-preview:large, max-video-preview:-1\" \/>\n<link rel=\"canonical\" href=\"https:\/\/www.presseinvestigation.com\/index.php\/2023\/11\/22\/journees-du-fournisseur-minier-la-cote-divoire-le-ghana-la-guinee-et-le-mali-invites-a-ledition-2023\/\" \/>\n<meta property=\"og:locale\" content=\"fr_FR\" \/>\n<meta property=\"og:type\" content=\"article\" \/>\n<meta property=\"og:title\" content=\"Journ\u00e9es du fournisseur minier : la C\u00f4te d\u2019Ivoire, le Ghana, la Guin\u00e9e et le Mali invit\u00e9s \u00e0 l\u2019\u00e9dition 2023 - Presseinvestigation\" \/>\n<meta property=\"og:description\" content=\"La 4eme \u00e9dition des journ\u00e9es du fournisseur minier (JFM) se tiendra du 06 et 07 d\u00e9cembre 2023 sous le th\u00e8me\u00a0: \u00ab Enjeux et d\u00e9fis de la gouvernance du contenu local dans le secteur minier au Burkina Faso ?\u00bb La structure organisatrice, l\u2019Alliance Burkinab\u00e9 des Fournisseurs de Biens et Services miniers (ABSM) a anim\u00e9 un point [&hellip;]\" \/>\n<meta property=\"og:url\" content=\"https:\/\/www.presseinvestigation.com\/index.php\/2023\/11\/22\/journees-du-fournisseur-minier-la-cote-divoire-le-ghana-la-guinee-et-le-mali-invites-a-ledition-2023\/\" \/>\n<meta property=\"og:site_name\" content=\"Presseinvestigation\" \/>\n<meta property=\"article:published_time\" content=\"2023-11-22T16:52:06+00:00\" \/>\n<meta property=\"article:modified_time\" content=\"2023-11-22T16:52:30+00:00\" \/>\n<meta property=\"og:image\" content=\"https:\/\/www.presseinvestigation.com\/wp-content\/uploads\/2023\/11\/unnamed-file-1024x498-2.jpg\" \/>\n\t<meta property=\"og:image:width\" content=\"1024\" \/>\n\t<meta property=\"og:image:height\" content=\"498\" \/>\n\t<meta property=\"og:image:type\" content=\"image\/jpeg\" \/>\n<meta name=\"author\" content=\"Presseinvestigation.com\" \/>\n<meta name=\"twitter:card\" content=\"summary_large_image\" \/>\n<meta name=\"twitter:label1\" content=\"\u00c9crit par\" \/>\n\t<meta name=\"twitter:data1\" content=\"Presseinvestigation.com\" \/>\n\t<meta name=\"twitter:label2\" content=\"Dur\u00e9e de lecture estim\u00e9e\" \/>\n\t<meta name=\"twitter:data2\" content=\"3 minutes\" \/>\n<script type=\"application\/ld+json\" class=\"yoast-schema-graph\">{\"@context\":\"https:\\\/\\\/schema.org\",\"@graph\":[{\"@type\":\"Article\",\"@id\":\"https:\\\/\\\/www.presseinvestigation.com\\\/index.php\\\/2023\\\/11\\\/22\\\/journees-du-fournisseur-minier-la-cote-divoire-le-ghana-la-guinee-et-le-mali-invites-a-ledition-2023\\\/#article\",\"isPartOf\":{\"@id\":\"https:\\\/\\\/www.presseinvestigation.com\\\/index.php\\\/2023\\\/11\\\/22\\\/journees-du-fournisseur-minier-la-cote-divoire-le-ghana-la-guinee-et-le-mali-invites-a-ledition-2023\\\/\"},\"author\":{\"name\":\"Presseinvestigation.com\",\"@id\":\"https:\\\/\\\/www.presseinvestigation.com\\\/#\\\/schema\\\/person\\\/32d023733a4a9d7c3bd6883619b8f116\"},\"headline\":\"Journ\u00e9es du fournisseur minier : la C\u00f4te d\u2019Ivoire, le Ghana, la Guin\u00e9e et le Mali invit\u00e9s \u00e0 l\u2019\u00e9dition 2023\",\"datePublished\":\"2023-11-22T16:52:06+00:00\",\"dateModified\":\"2023-11-22T16:52:30+00:00\",\"mainEntityOfPage\":{\"@id\":\"https:\\\/\\\/www.presseinvestigation.com\\\/index.php\\\/2023\\\/11\\\/22\\\/journees-du-fournisseur-minier-la-cote-divoire-le-ghana-la-guinee-et-le-mali-invites-a-ledition-2023\\\/\"},\"wordCount\":624,\"commentCount\":0,\"image\":{\"@id\":\"https:\\\/\\\/www.presseinvestigation.com\\\/index.php\\\/2023\\\/11\\\/22\\\/journees-du-fournisseur-minier-la-cote-divoire-le-ghana-la-guinee-et-le-mali-invites-a-ledition-2023\\\/#primaryimage\"},\"thumbnailUrl\":\"https:\\\/\\\/www.presseinvestigation.com\\\/wp-content\\\/uploads\\\/2023\\\/11\\\/unnamed-file-1024x498-2.jpg\",\"articleSection\":[\"Afrique\"],\"inLanguage\":\"fr-FR\",\"potentialAction\":[{\"@type\":\"CommentAction\",\"name\":\"Comment\",\"target\":[\"https:\\\/\\\/www.presseinvestigation.com\\\/index.php\\\/2023\\\/11\\\/22\\\/journees-du-fournisseur-minier-la-cote-divoire-le-ghana-la-guinee-et-le-mali-invites-a-ledition-2023\\\/#respond\"]}]},{\"@type\":\"WebPage\",\"@id\":\"https:\\\/\\\/www.presseinvestigation.com\\\/index.php\\\/2023\\\/11\\\/22\\\/journees-du-fournisseur-minier-la-cote-divoire-le-ghana-la-guinee-et-le-mali-invites-a-ledition-2023\\\/\",\"url\":\"https:\\\/\\\/www.presseinvestigation.com\\\/index.php\\\/2023\\\/11\\\/22\\\/journees-du-fournisseur-minier-la-cote-divoire-le-ghana-la-guinee-et-le-mali-invites-a-ledition-2023\\\/\",\"name\":\"Journ\u00e9es du fournisseur minier : la C\u00f4te d\u2019Ivoire, le Ghana, la Guin\u00e9e et le Mali invit\u00e9s \u00e0 l\u2019\u00e9dition 2023 - Presseinvestigation\",\"isPartOf\":{\"@id\":\"https:\\\/\\\/www.presseinvestigation.com\\\/#website\"},\"primaryImageOfPage\":{\"@id\":\"https:\\\/\\\/www.presseinvestigation.com\\\/index.php\\\/2023\\\/11\\\/22\\\/journees-du-fournisseur-minier-la-cote-divoire-le-ghana-la-guinee-et-le-mali-invites-a-ledition-2023\\\/#primaryimage\"},\"image\":{\"@id\":\"https:\\\/\\\/www.presseinvestigation.com\\\/index.php\\\/2023\\\/11\\\/22\\\/journees-du-fournisseur-minier-la-cote-divoire-le-ghana-la-guinee-et-le-mali-invites-a-ledition-2023\\\/#primaryimage\"},\"thumbnailUrl\":\"https:\\\/\\\/www.presseinvestigation.com\\\/wp-content\\\/uploads\\\/2023\\\/11\\\/unnamed-file-1024x498-2.jpg\",\"datePublished\":\"2023-11-22T16:52:06+00:00\",\"dateModified\":\"2023-11-22T16:52:30+00:00\",\"author\":{\"@id\":\"https:\\\/\\\/www.presseinvestigation.com\\\/#\\\/schema\\\/person\\\/32d023733a4a9d7c3bd6883619b8f116\"},\"breadcrumb\":{\"@id\":\"https:\\\/\\\/www.presseinvestigation.com\\\/index.php\\\/2023\\\/11\\\/22\\\/journees-du-fournisseur-minier-la-cote-divoire-le-ghana-la-guinee-et-le-mali-invites-a-ledition-2023\\\/#breadcrumb\"},\"inLanguage\":\"fr-FR\",\"potentialAction\":[{\"@type\":\"ReadAction\",\"target\":[\"https:\\\/\\\/www.presseinvestigation.com\\\/index.php\\\/2023\\\/11\\\/22\\\/journees-du-fournisseur-minier-la-cote-divoire-le-ghana-la-guinee-et-le-mali-invites-a-ledition-2023\\\/\"]}]},{\"@type\":\"ImageObject\",\"inLanguage\":\"fr-FR\",\"@id\":\"https:\\\/\\\/www.presseinvestigation.com\\\/index.php\\\/2023\\\/11\\\/22\\\/journees-du-fournisseur-minier-la-cote-divoire-le-ghana-la-guinee-et-le-mali-invites-a-ledition-2023\\\/#primaryimage\",\"url\":\"https:\\\/\\\/www.presseinvestigation.com\\\/wp-content\\\/uploads\\\/2023\\\/11\\\/unnamed-file-1024x498-2.jpg\",\"contentUrl\":\"https:\\\/\\\/www.presseinvestigation.com\\\/wp-content\\\/uploads\\\/2023\\\/11\\\/unnamed-file-1024x498-2.jpg\",\"width\":1024,\"height\":498},{\"@type\":\"BreadcrumbList\",\"@id\":\"https:\\\/\\\/www.presseinvestigation.com\\\/index.php\\\/2023\\\/11\\\/22\\\/journees-du-fournisseur-minier-la-cote-divoire-le-ghana-la-guinee-et-le-mali-invites-a-ledition-2023\\\/#breadcrumb\",\"itemListElement\":[{\"@type\":\"ListItem\",\"position\":1,\"name\":\"Accueil\",\"item\":\"https:\\\/\\\/www.presseinvestigation.com\\\/\"},{\"@type\":\"ListItem\",\"position\":2,\"name\":\"Journ\u00e9es du fournisseur minier : la C\u00f4te d\u2019Ivoire, le Ghana, la Guin\u00e9e et le Mali invit\u00e9s \u00e0 l\u2019\u00e9dition 2023\"}]},{\"@type\":\"WebSite\",\"@id\":\"https:\\\/\\\/www.presseinvestigation.com\\\/#website\",\"url\":\"https:\\\/\\\/www.presseinvestigation.com\\\/\",\"name\":\"Presseinvestigation\",\"description\":\"Informer dans l&#039;impartialit\u00e9\",\"potentialAction\":[{\"@type\":\"SearchAction\",\"target\":{\"@type\":\"EntryPoint\",\"urlTemplate\":\"https:\\\/\\\/www.presseinvestigation.com\\\/?s={search_term_string}\"},\"query-input\":{\"@type\":\"PropertyValueSpecification\",\"valueRequired\":true,\"valueName\":\"search_term_string\"}}],\"inLanguage\":\"fr-FR\"},{\"@type\":\"Person\",\"@id\":\"https:\\\/\\\/www.presseinvestigation.com\\\/#\\\/schema\\\/person\\\/32d023733a4a9d7c3bd6883619b8f116\",\"name\":\"Presseinvestigation.com\",\"image\":{\"@type\":\"ImageObject\",\"inLanguage\":\"fr-FR\",\"@id\":\"https:\\\/\\\/secure.gravatar.com\\\/avatar\\\/26f9c9e95424b0bde739ba0af37ee39a9e4a9e809967422c5b8e8573a34fbbe0?s=96&d=mm&r=g\",\"url\":\"https:\\\/\\\/secure.gravatar.com\\\/avatar\\\/26f9c9e95424b0bde739ba0af37ee39a9e4a9e809967422c5b8e8573a34fbbe0?s=96&d=mm&r=g\",\"contentUrl\":\"https:\\\/\\\/secure.gravatar.com\\\/avatar\\\/26f9c9e95424b0bde739ba0af37ee39a9e4a9e809967422c5b8e8573a34fbbe0?s=96&d=mm&r=g\",\"caption\":\"Presseinvestigation.com\"},\"url\":\"https:\\\/\\\/www.presseinvestigation.com\\\/index.php\\\/author\\\/toumany\\\/\"}]}<\/script>\n<!-- \/ Yoast SEO plugin. -->","yoast_head_json":{"title":"Journ\u00e9es du fournisseur minier : la C\u00f4te d\u2019Ivoire, le Ghana, la Guin\u00e9e et le Mali invit\u00e9s \u00e0 l\u2019\u00e9dition 2023 - Presseinvestigation","robots":{"index":"index","follow":"follow","max-snippet":"max-snippet:-1","max-image-preview":"max-image-preview:large","max-video-preview":"max-video-preview:-1"},"canonical":"https:\/\/www.presseinvestigation.com\/index.php\/2023\/11\/22\/journees-du-fournisseur-minier-la-cote-divoire-le-ghana-la-guinee-et-le-mali-invites-a-ledition-2023\/","og_locale":"fr_FR","og_type":"article","og_title":"Journ\u00e9es du fournisseur minier : la C\u00f4te d\u2019Ivoire, le Ghana, la Guin\u00e9e et le Mali invit\u00e9s \u00e0 l\u2019\u00e9dition 2023 - Presseinvestigation","og_description":"La 4eme \u00e9dition des journ\u00e9es du fournisseur minier (JFM) se tiendra du 06 et 07 d\u00e9cembre 2023 sous le th\u00e8me\u00a0: \u00ab Enjeux et d\u00e9fis de la gouvernance du contenu local dans le secteur minier au Burkina Faso ?\u00bb La structure organisatrice, l\u2019Alliance Burkinab\u00e9 des Fournisseurs de Biens et Services miniers (ABSM) a anim\u00e9 un point [&hellip;]","og_url":"https:\/\/www.presseinvestigation.com\/index.php\/2023\/11\/22\/journees-du-fournisseur-minier-la-cote-divoire-le-ghana-la-guinee-et-le-mali-invites-a-ledition-2023\/","og_site_name":"Presseinvestigation","article_published_time":"2023-11-22T16:52:06+00:00","article_modified_time":"2023-11-22T16:52:30+00:00","og_image":[{"width":1024,"height":498,"url":"https:\/\/www.presseinvestigation.com\/wp-content\/uploads\/2023\/11\/unnamed-file-1024x498-2.jpg","type":"image\/jpeg"}],"author":"Presseinvestigation.com","twitter_card":"summary_large_image","twitter_misc":{"\u00c9crit par":"Presseinvestigation.com","Dur\u00e9e de lecture estim\u00e9e":"3 minutes"},"schema":{"@context":"https:\/\/schema.org","@graph":[{"@type":"Article","@id":"https:\/\/www.presseinvestigation.com\/index.php\/2023\/11\/22\/journees-du-fournisseur-minier-la-cote-divoire-le-ghana-la-guinee-et-le-mali-invites-a-ledition-2023\/#article","isPartOf":{"@id":"https:\/\/www.presseinvestigation.com\/index.php\/2023\/11\/22\/journees-du-fournisseur-minier-la-cote-divoire-le-ghana-la-guinee-et-le-mali-invites-a-ledition-2023\/"},"author":{"name":"Presseinvestigation.com","@id":"https:\/\/www.presseinvestigation.com\/#\/schema\/person\/32d023733a4a9d7c3bd6883619b8f116"},"headline":"Journ\u00e9es du fournisseur minier : la C\u00f4te d\u2019Ivoire, le Ghana, la Guin\u00e9e et le Mali invit\u00e9s \u00e0 l\u2019\u00e9dition 2023","datePublished":"2023-11-22T16:52:06+00:00","dateModified":"2023-11-22T16:52:30+00:00","mainEntityOfPage":{"@id":"https:\/\/www.presseinvestigation.com\/index.php\/2023\/11\/22\/journees-du-fournisseur-minier-la-cote-divoire-le-ghana-la-guinee-et-le-mali-invites-a-ledition-2023\/"},"wordCount":624,"commentCount":0,"image":{"@id":"https:\/\/www.presseinvestigation.com\/index.php\/2023\/11\/22\/journees-du-fournisseur-minier-la-cote-divoire-le-ghana-la-guinee-et-le-mali-invites-a-ledition-2023\/#primaryimage"},"thumbnailUrl":"https:\/\/www.presseinvestigation.com\/wp-content\/uploads\/2023\/11\/unnamed-file-1024x498-2.jpg","articleSection":["Afrique"],"inLanguage":"fr-FR","potentialAction":[{"@type":"CommentAction","name":"Comment","target":["https:\/\/www.presseinvestigation.com\/index.php\/2023\/11\/22\/journees-du-fournisseur-minier-la-cote-divoire-le-ghana-la-guinee-et-le-mali-invites-a-ledition-2023\/#respond"]}]},{"@type":"WebPage","@id":"https:\/\/www.presseinvestigation.com\/index.php\/2023\/11\/22\/journees-du-fournisseur-minier-la-cote-divoire-le-ghana-la-guinee-et-le-mali-invites-a-ledition-2023\/","url":"https:\/\/www.presseinvestigation.com\/index.php\/2023\/11\/22\/journees-du-fournisseur-minier-la-cote-divoire-le-ghana-la-guinee-et-le-mali-invites-a-ledition-2023\/","name":"Journ\u00e9es du fournisseur minier : la C\u00f4te d\u2019Ivoire, le Ghana, la Guin\u00e9e et le Mali invit\u00e9s \u00e0 l\u2019\u00e9dition 2023 - Presseinvestigation","isPartOf":{"@id":"https:\/\/www.presseinvestigation.com\/#website"},"primaryImageOfPage":{"@id":"https:\/\/www.presseinvestigation.com\/index.php\/2023\/11\/22\/journees-du-fournisseur-minier-la-cote-divoire-le-ghana-la-guinee-et-le-mali-invites-a-ledition-2023\/#primaryimage"},"image":{"@id":"https:\/\/www.presseinvestigation.com\/index.php\/2023\/11\/22\/journees-du-fournisseur-minier-la-cote-divoire-le-ghana-la-guinee-et-le-mali-invites-a-ledition-2023\/#primaryimage"},"thumbnailUrl":"https:\/\/www.presseinvestigation.com\/wp-content\/uploads\/2023\/11\/unnamed-file-1024x498-2.jpg","datePublished":"2023-11-22T16:52:06+00:00","dateModified":"2023-11-22T16:52:30+00:00","author":{"@id":"https:\/\/www.presseinvestigation.com\/#\/schema\/person\/32d023733a4a9d7c3bd6883619b8f116"},"breadcrumb":{"@id":"https:\/\/www.presseinvestigation.com\/index.php\/2023\/11\/22\/journees-du-fournisseur-minier-la-cote-divoire-le-ghana-la-guinee-et-le-mali-invites-a-ledition-2023\/#breadcrumb"},"inLanguage":"fr-FR","potentialAction":[{"@type":"ReadAction","target":["https:\/\/www.presseinvestigation.com\/index.php\/2023\/11\/22\/journees-du-fournisseur-minier-la-cote-divoire-le-ghana-la-guinee-et-le-mali-invites-a-ledition-2023\/"]}]},{"@type":"ImageObject","inLanguage":"fr-FR","@id":"https:\/\/www.presseinvestigation.com\/index.php\/2023\/11\/22\/journees-du-fournisseur-minier-la-cote-divoire-le-ghana-la-guinee-et-le-mali-invites-a-ledition-2023\/#primaryimage","url":"https:\/\/www.presseinvestigation.com\/wp-content\/uploads\/2023\/11\/unnamed-file-1024x498-2.jpg","contentUrl":"https:\/\/www.presseinvestigation.com\/wp-content\/uploads\/2023\/11\/unnamed-file-1024x498-2.jpg","width":1024,"height":498},{"@type":"BreadcrumbList","@id":"https:\/\/www.presseinvestigation.com\/index.php\/2023\/11\/22\/journees-du-fournisseur-minier-la-cote-divoire-le-ghana-la-guinee-et-le-mali-invites-a-ledition-2023\/#breadcrumb","itemListElement":[{"@type":"ListItem","position":1,"name":"Accueil","item":"https:\/\/www.presseinvestigation.com\/"},{"@type":"ListItem","position":2,"name":"Journ\u00e9es du fournisseur minier : la C\u00f4te d\u2019Ivoire, le Ghana, la Guin\u00e9e et le Mali invit\u00e9s \u00e0 l\u2019\u00e9dition 2023"}]},{"@type":"WebSite","@id":"https:\/\/www.presseinvestigation.com\/#website","url":"https:\/\/www.presseinvestigation.com\/","name":"Presseinvestigation","description":"Informer dans l&#039;impartialit\u00e9","potentialAction":[{"@type":"SearchAction","target":{"@type":"EntryPoint","urlTemplate":"https:\/\/www.presseinvestigation.com\/?s={search_term_string}"},"query-input":{"@type":"PropertyValueSpecification","valueRequired":true,"valueName":"search_term_string"}}],"inLanguage":"fr-FR"},{"@type":"Person","@id":"https:\/\/www.presseinvestigation.com\/#\/schema\/person\/32d023733a4a9d7c3bd6883619b8f116","name":"Presseinvestigation.com","image":{"@type":"ImageObject","inLanguage":"fr-FR","@id":"https:\/\/secure.gravatar.com\/avatar\/26f9c9e95424b0bde739ba0af37ee39a9e4a9e809967422c5b8e8573a34fbbe0?s=96&d=mm&r=g","url":"https:\/\/secure.gravatar.com\/avatar\/26f9c9e95424b0bde739ba0af37ee39a9e4a9e809967422c5b8e8573a34fbbe0?s=96&d=mm&r=g","contentUrl":"https:\/\/secure.gravatar.com\/avatar\/26f9c9e95424b0bde739ba0af37ee39a9e4a9e809967422c5b8e8573a34fbbe0?s=96&d=mm&r=g","caption":"Presseinvestigation.com"},"url":"https:\/\/www.presseinvestigation.com\/index.php\/author\/toumany\/"}]}},"_links":{"self":[{"href":"https:\/\/www.presseinvestigation.com\/index.php\/wp-json\/wp\/v2\/posts\/791","targetHints":{"allow":["GET"]}}],"collection":[{"href":"https:\/\/www.presseinvestigation.com\/index.php\/wp-json\/wp\/v2\/posts"}],"about":[{"href":"https:\/\/www.presseinvestigation.com\/index.php\/wp-json\/wp\/v2\/types\/post"}],"author":[{"embeddable":true,"href":"https:\/\/www.presseinvestigation.com\/index.php\/wp-json\/wp\/v2\/users\/2"}],"replies":[{"embeddable":true,"href":"https:\/\/www.presseinvestigation.com\/index.php\/wp-json\/wp\/v2\/comments?post=791"}],"version-history":[{"count":1,"href":"https:\/\/www.presseinvestigation.com\/index.php\/wp-json\/wp\/v2\/posts\/791\/revisions"}],"predecessor-version":[{"id":792,"href":"https:\/\/www.presseinvestigation.com\/index.php\/wp-json\/wp\/v2\/posts\/791\/revisions\/792"}],"wp:featuredmedia":[{"embeddable":true,"href":"https:\/\/www.presseinvestigation.com\/index.php\/wp-json\/wp\/v2\/media\/790"}],"wp:attachment":[{"href":"https:\/\/www.presseinvestigation.com\/index.php\/wp-json\/wp\/v2\/media?parent=791"}],"wp:term":[{"taxonomy":"category","embeddable":true,"href":"https:\/\/www.presseinvestigation.com\/index.php\/wp-json\/wp\/v2\/categories?post=791"},{"taxonomy":"post_tag","embeddable":true,"href":"https:\/\/www.presseinvestigation.com\/index.php\/wp-json\/wp\/v2\/tags?post=791"}],"curies":[{"name":"wp","href":"https:\/\/api.w.org\/{rel}","templated":true}]}}