{"id":9351,"date":"2025-05-25T23:03:06","date_gmt":"2025-05-25T21:03:06","guid":{"rendered":"https:\/\/www.presseinvestigation.com\/index.php\/2025\/05\/25\/communique-apres-la-levee-des-suspensions-presseinvestigation-com-adresse-les-remerciements-et-annonce-la-reprises-de-ses-activites\/"},"modified":"2025-05-25T23:03:06","modified_gmt":"2025-05-25T21:03:06","slug":"communique-apres-la-levee-des-suspensions-presseinvestigation-com-adresse-les-remerciements-et-annonce-la-reprises-de-ses-activites","status":"publish","type":"post","link":"https:\/\/www.presseinvestigation.com\/index.php\/2025\/05\/25\/communique-apres-la-levee-des-suspensions-presseinvestigation-com-adresse-les-remerciements-et-annonce-la-reprises-de-ses-activites\/","title":{"rendered":"Communiqu\u00e9: Apr\u00e8s la lev\u00e9e des suspensions, presseinvestigation.com adresse les remerciements et annonce la reprises de ses activit\u00e9s !"},"content":{"rendered":"<p>Apr\u00e8s la lev\u00e9e des suspensions sur Pressinvestigation.com et sur son\u00a0 journaliste Toumany\u00a0 CAMARA, l&#8217;Administration G\u00e9n\u00e9rale du m\u00e9dia en ligne, adresse les remerciements au Syndicat des professionnels de la presse de Guin\u00e9e ( SPPG), \u00e0 la Haute Autorit\u00e9 de la Communication (HAC) , \u00e0 la presse Guin\u00e9enne, Africaine et internationale, ainsi qu&#8217;aux organisations internationales des journalistes.\u00a0<\/p>\n<p>Lisez le contenu du communiqu\u00e9 ci-dessous !<\/p>\n<p><a href=\"https:\/\/www.presseinvestigation.com\/wp-content\/uploads\/2025\/05\/Screenshot_20250525_153310_Phoenix2.jpg\"><img decoding=\"async\" class=\"attachment-full size-full\" src=\"https:\/\/www.presseinvestigation.com\/wp-content\/uploads\/2025\/05\/Screenshot_20250525_153310_Phoenix2.jpg\" alt=\"\" \/><\/a><\/p>\n<p>\u00a0<\/p>\n","protected":false},"excerpt":{"rendered":"<p>Apr\u00e8s la lev\u00e9e des suspensions sur Pressinvestigation.com et sur son\u00a0 journaliste Toumany\u00a0 CAMARA, l&#8217;Administration G\u00e9n\u00e9rale du m\u00e9dia en ligne, adresse les remerciements au Syndicat des professionnels de la presse de Guin\u00e9e ( SPPG), \u00e0 la Haute Autorit\u00e9 de la Communication (HAC) , \u00e0 la presse Guin\u00e9enne, Africaine et internationale, ainsi qu&#8217;aux organisations internationales des journalistes.\u00a0 [&hellip;]<\/p>\n","protected":false},"author":1,"featured_media":9350,"comment_status":"open","ping_status":"open","sticky":false,"template":"","format":"standard","meta":{"jnews-multi-image_gallery":[],"jnews_single_post":[],"jnews_primary_category":[],"footnotes":""},"categories":[84],"tags":[],"class_list":["post-9351","post","type-post","status-publish","format-standard","has-post-thumbnail","hentry","category-urgent"],"yoast_head":"<!-- This site is optimized with the Yoast SEO plugin v27.3 - https:\/\/yoast.com\/product\/yoast-seo-wordpress\/ -->\n<title>Communiqu\u00e9: Apr\u00e8s la lev\u00e9e des suspensions, presseinvestigation.com adresse les remerciements et annonce la reprises de ses activit\u00e9s ! - Presseinvestigation<\/title>\n<meta name=\"robots\" content=\"index, follow, max-snippet:-1, max-image-preview:large, max-video-preview:-1\" \/>\n<link rel=\"canonical\" href=\"https:\/\/www.presseinvestigation.com\/index.php\/2025\/05\/25\/communique-apres-la-levee-des-suspensions-presseinvestigation-com-adresse-les-remerciements-et-annonce-la-reprises-de-ses-activites\/\" \/>\n<meta property=\"og:locale\" content=\"fr_FR\" \/>\n<meta property=\"og:type\" content=\"article\" \/>\n<meta property=\"og:title\" content=\"Communiqu\u00e9: Apr\u00e8s la lev\u00e9e des suspensions, presseinvestigation.com adresse les remerciements et annonce la reprises de ses activit\u00e9s ! - Presseinvestigation\" \/>\n<meta property=\"og:description\" content=\"Apr\u00e8s la lev\u00e9e des suspensions sur Pressinvestigation.com et sur son\u00a0 journaliste Toumany\u00a0 CAMARA, l&#8217;Administration G\u00e9n\u00e9rale du m\u00e9dia en ligne, adresse les remerciements au Syndicat des professionnels de la presse de Guin\u00e9e ( SPPG), \u00e0 la Haute Autorit\u00e9 de la Communication (HAC) , \u00e0 la presse Guin\u00e9enne, Africaine et internationale, ainsi qu&#8217;aux organisations internationales des journalistes.\u00a0 [&hellip;]\" \/>\n<meta property=\"og:url\" content=\"https:\/\/www.presseinvestigation.com\/index.php\/2025\/05\/25\/communique-apres-la-levee-des-suspensions-presseinvestigation-com-adresse-les-remerciements-et-annonce-la-reprises-de-ses-activites\/\" \/>\n<meta property=\"og:site_name\" content=\"Presseinvestigation\" \/>\n<meta property=\"article:published_time\" content=\"2025-05-25T21:03:06+00:00\" \/>\n<meta property=\"og:image\" content=\"https:\/\/www.presseinvestigation.com\/wp-content\/uploads\/2025\/05\/Maison-de-la-presse.jpg\" \/>\n\t<meta property=\"og:image:width\" content=\"800\" \/>\n\t<meta property=\"og:image:height\" content=\"360\" \/>\n\t<meta property=\"og:image:type\" content=\"image\/jpeg\" \/>\n<meta name=\"author\" content=\"Presseinvestigation.com\" \/>\n<meta name=\"twitter:card\" content=\"summary_large_image\" \/>\n<meta name=\"twitter:label1\" content=\"\u00c9crit par\" \/>\n\t<meta name=\"twitter:data1\" content=\"Presseinvestigation.com\" \/>\n<script type=\"application\/ld+json\" class=\"yoast-schema-graph\">{\"@context\":\"https:\\\/\\\/schema.org\",\"@graph\":[{\"@type\":\"Article\",\"@id\":\"https:\\\/\\\/www.presseinvestigation.com\\\/index.php\\\/2025\\\/05\\\/25\\\/communique-apres-la-levee-des-suspensions-presseinvestigation-com-adresse-les-remerciements-et-annonce-la-reprises-de-ses-activites\\\/#article\",\"isPartOf\":{\"@id\":\"https:\\\/\\\/www.presseinvestigation.com\\\/index.php\\\/2025\\\/05\\\/25\\\/communique-apres-la-levee-des-suspensions-presseinvestigation-com-adresse-les-remerciements-et-annonce-la-reprises-de-ses-activites\\\/\"},\"author\":{\"name\":\"Presseinvestigation.com\",\"@id\":\"https:\\\/\\\/www.presseinvestigation.com\\\/#\\\/schema\\\/person\\\/a1029d031d336f4e888009a1d2c4740a\"},\"headline\":\"Communiqu\u00e9: Apr\u00e8s la lev\u00e9e des suspensions, presseinvestigation.com adresse les remerciements et annonce la reprises de ses activit\u00e9s !\",\"datePublished\":\"2025-05-25T21:03:06+00:00\",\"mainEntityOfPage\":{\"@id\":\"https:\\\/\\\/www.presseinvestigation.com\\\/index.php\\\/2025\\\/05\\\/25\\\/communique-apres-la-levee-des-suspensions-presseinvestigation-com-adresse-les-remerciements-et-annonce-la-reprises-de-ses-activites\\\/\"},\"wordCount\":88,\"commentCount\":0,\"image\":{\"@id\":\"https:\\\/\\\/www.presseinvestigation.com\\\/index.php\\\/2025\\\/05\\\/25\\\/communique-apres-la-levee-des-suspensions-presseinvestigation-com-adresse-les-remerciements-et-annonce-la-reprises-de-ses-activites\\\/#primaryimage\"},\"thumbnailUrl\":\"https:\\\/\\\/www.presseinvestigation.com\\\/wp-content\\\/uploads\\\/2025\\\/05\\\/Maison-de-la-presse.jpg\",\"articleSection\":[\"Urgent\"],\"inLanguage\":\"fr-FR\",\"potentialAction\":[{\"@type\":\"CommentAction\",\"name\":\"Comment\",\"target\":[\"https:\\\/\\\/www.presseinvestigation.com\\\/index.php\\\/2025\\\/05\\\/25\\\/communique-apres-la-levee-des-suspensions-presseinvestigation-com-adresse-les-remerciements-et-annonce-la-reprises-de-ses-activites\\\/#respond\"]}]},{\"@type\":\"WebPage\",\"@id\":\"https:\\\/\\\/www.presseinvestigation.com\\\/index.php\\\/2025\\\/05\\\/25\\\/communique-apres-la-levee-des-suspensions-presseinvestigation-com-adresse-les-remerciements-et-annonce-la-reprises-de-ses-activites\\\/\",\"url\":\"https:\\\/\\\/www.presseinvestigation.com\\\/index.php\\\/2025\\\/05\\\/25\\\/communique-apres-la-levee-des-suspensions-presseinvestigation-com-adresse-les-remerciements-et-annonce-la-reprises-de-ses-activites\\\/\",\"name\":\"Communiqu\u00e9: Apr\u00e8s la lev\u00e9e des suspensions, presseinvestigation.com adresse les remerciements et annonce la reprises de ses activit\u00e9s ! - Presseinvestigation\",\"isPartOf\":{\"@id\":\"https:\\\/\\\/www.presseinvestigation.com\\\/#website\"},\"primaryImageOfPage\":{\"@id\":\"https:\\\/\\\/www.presseinvestigation.com\\\/index.php\\\/2025\\\/05\\\/25\\\/communique-apres-la-levee-des-suspensions-presseinvestigation-com-adresse-les-remerciements-et-annonce-la-reprises-de-ses-activites\\\/#primaryimage\"},\"image\":{\"@id\":\"https:\\\/\\\/www.presseinvestigation.com\\\/index.php\\\/2025\\\/05\\\/25\\\/communique-apres-la-levee-des-suspensions-presseinvestigation-com-adresse-les-remerciements-et-annonce-la-reprises-de-ses-activites\\\/#primaryimage\"},\"thumbnailUrl\":\"https:\\\/\\\/www.presseinvestigation.com\\\/wp-content\\\/uploads\\\/2025\\\/05\\\/Maison-de-la-presse.jpg\",\"datePublished\":\"2025-05-25T21:03:06+00:00\",\"author\":{\"@id\":\"https:\\\/\\\/www.presseinvestigation.com\\\/#\\\/schema\\\/person\\\/a1029d031d336f4e888009a1d2c4740a\"},\"breadcrumb\":{\"@id\":\"https:\\\/\\\/www.presseinvestigation.com\\\/index.php\\\/2025\\\/05\\\/25\\\/communique-apres-la-levee-des-suspensions-presseinvestigation-com-adresse-les-remerciements-et-annonce-la-reprises-de-ses-activites\\\/#breadcrumb\"},\"inLanguage\":\"fr-FR\",\"potentialAction\":[{\"@type\":\"ReadAction\",\"target\":[\"https:\\\/\\\/www.presseinvestigation.com\\\/index.php\\\/2025\\\/05\\\/25\\\/communique-apres-la-levee-des-suspensions-presseinvestigation-com-adresse-les-remerciements-et-annonce-la-reprises-de-ses-activites\\\/\"]}]},{\"@type\":\"ImageObject\",\"inLanguage\":\"fr-FR\",\"@id\":\"https:\\\/\\\/www.presseinvestigation.com\\\/index.php\\\/2025\\\/05\\\/25\\\/communique-apres-la-levee-des-suspensions-presseinvestigation-com-adresse-les-remerciements-et-annonce-la-reprises-de-ses-activites\\\/#primaryimage\",\"url\":\"https:\\\/\\\/www.presseinvestigation.com\\\/wp-content\\\/uploads\\\/2025\\\/05\\\/Maison-de-la-presse.jpg\",\"contentUrl\":\"https:\\\/\\\/www.presseinvestigation.com\\\/wp-content\\\/uploads\\\/2025\\\/05\\\/Maison-de-la-presse.jpg\",\"width\":800,\"height\":360},{\"@type\":\"BreadcrumbList\",\"@id\":\"https:\\\/\\\/www.presseinvestigation.com\\\/index.php\\\/2025\\\/05\\\/25\\\/communique-apres-la-levee-des-suspensions-presseinvestigation-com-adresse-les-remerciements-et-annonce-la-reprises-de-ses-activites\\\/#breadcrumb\",\"itemListElement\":[{\"@type\":\"ListItem\",\"position\":1,\"name\":\"Accueil\",\"item\":\"https:\\\/\\\/www.presseinvestigation.com\\\/\"},{\"@type\":\"ListItem\",\"position\":2,\"name\":\"Communiqu\u00e9: Apr\u00e8s la lev\u00e9e des suspensions, presseinvestigation.com adresse les remerciements et annonce la reprises de ses activit\u00e9s !\"}]},{\"@type\":\"WebSite\",\"@id\":\"https:\\\/\\\/www.presseinvestigation.com\\\/#website\",\"url\":\"https:\\\/\\\/www.presseinvestigation.com\\\/\",\"name\":\"Presseinvestigation\",\"description\":\"Informer dans l&#039;impartialit\u00e9\",\"potentialAction\":[{\"@type\":\"SearchAction\",\"target\":{\"@type\":\"EntryPoint\",\"urlTemplate\":\"https:\\\/\\\/www.presseinvestigation.com\\\/?s={search_term_string}\"},\"query-input\":{\"@type\":\"PropertyValueSpecification\",\"valueRequired\":true,\"valueName\":\"search_term_string\"}}],\"inLanguage\":\"fr-FR\"},{\"@type\":\"Person\",\"@id\":\"https:\\\/\\\/www.presseinvestigation.com\\\/#\\\/schema\\\/person\\\/a1029d031d336f4e888009a1d2c4740a\",\"name\":\"Presseinvestigation.com\",\"image\":{\"@type\":\"ImageObject\",\"inLanguage\":\"fr-FR\",\"@id\":\"https:\\\/\\\/secure.gravatar.com\\\/avatar\\\/c0faa0f472c43eff99fecb0bd2a1c6782e80a162c9fcb7ed2d48bb42ea619f30?s=96&d=mm&r=g\",\"url\":\"https:\\\/\\\/secure.gravatar.com\\\/avatar\\\/c0faa0f472c43eff99fecb0bd2a1c6782e80a162c9fcb7ed2d48bb42ea619f30?s=96&d=mm&r=g\",\"contentUrl\":\"https:\\\/\\\/secure.gravatar.com\\\/avatar\\\/c0faa0f472c43eff99fecb0bd2a1c6782e80a162c9fcb7ed2d48bb42ea619f30?s=96&d=mm&r=g\",\"caption\":\"Presseinvestigation.com\"},\"sameAs\":[\"https:\\\/\\\/www.presseinvestigation.com\"],\"url\":\"https:\\\/\\\/www.presseinvestigation.com\\\/index.php\\\/author\\\/medbi2011\\\/\"}]}<\/script>\n<!-- \/ Yoast SEO plugin. -->","yoast_head_json":{"title":"Communiqu\u00e9: Apr\u00e8s la lev\u00e9e des suspensions, presseinvestigation.com adresse les remerciements et annonce la reprises de ses activit\u00e9s ! - Presseinvestigation","robots":{"index":"index","follow":"follow","max-snippet":"max-snippet:-1","max-image-preview":"max-image-preview:large","max-video-preview":"max-video-preview:-1"},"canonical":"https:\/\/www.presseinvestigation.com\/index.php\/2025\/05\/25\/communique-apres-la-levee-des-suspensions-presseinvestigation-com-adresse-les-remerciements-et-annonce-la-reprises-de-ses-activites\/","og_locale":"fr_FR","og_type":"article","og_title":"Communiqu\u00e9: Apr\u00e8s la lev\u00e9e des suspensions, presseinvestigation.com adresse les remerciements et annonce la reprises de ses activit\u00e9s ! - Presseinvestigation","og_description":"Apr\u00e8s la lev\u00e9e des suspensions sur Pressinvestigation.com et sur son\u00a0 journaliste Toumany\u00a0 CAMARA, l&#8217;Administration G\u00e9n\u00e9rale du m\u00e9dia en ligne, adresse les remerciements au Syndicat des professionnels de la presse de Guin\u00e9e ( SPPG), \u00e0 la Haute Autorit\u00e9 de la Communication (HAC) , \u00e0 la presse Guin\u00e9enne, Africaine et internationale, ainsi qu&#8217;aux organisations internationales des journalistes.\u00a0 [&hellip;]","og_url":"https:\/\/www.presseinvestigation.com\/index.php\/2025\/05\/25\/communique-apres-la-levee-des-suspensions-presseinvestigation-com-adresse-les-remerciements-et-annonce-la-reprises-de-ses-activites\/","og_site_name":"Presseinvestigation","article_published_time":"2025-05-25T21:03:06+00:00","og_image":[{"width":800,"height":360,"url":"https:\/\/www.presseinvestigation.com\/wp-content\/uploads\/2025\/05\/Maison-de-la-presse.jpg","type":"image\/jpeg"}],"author":"Presseinvestigation.com","twitter_card":"summary_large_image","twitter_misc":{"\u00c9crit par":"Presseinvestigation.com"},"schema":{"@context":"https:\/\/schema.org","@graph":[{"@type":"Article","@id":"https:\/\/www.presseinvestigation.com\/index.php\/2025\/05\/25\/communique-apres-la-levee-des-suspensions-presseinvestigation-com-adresse-les-remerciements-et-annonce-la-reprises-de-ses-activites\/#article","isPartOf":{"@id":"https:\/\/www.presseinvestigation.com\/index.php\/2025\/05\/25\/communique-apres-la-levee-des-suspensions-presseinvestigation-com-adresse-les-remerciements-et-annonce-la-reprises-de-ses-activites\/"},"author":{"name":"Presseinvestigation.com","@id":"https:\/\/www.presseinvestigation.com\/#\/schema\/person\/a1029d031d336f4e888009a1d2c4740a"},"headline":"Communiqu\u00e9: Apr\u00e8s la lev\u00e9e des suspensions, presseinvestigation.com adresse les remerciements et annonce la reprises de ses activit\u00e9s !","datePublished":"2025-05-25T21:03:06+00:00","mainEntityOfPage":{"@id":"https:\/\/www.presseinvestigation.com\/index.php\/2025\/05\/25\/communique-apres-la-levee-des-suspensions-presseinvestigation-com-adresse-les-remerciements-et-annonce-la-reprises-de-ses-activites\/"},"wordCount":88,"commentCount":0,"image":{"@id":"https:\/\/www.presseinvestigation.com\/index.php\/2025\/05\/25\/communique-apres-la-levee-des-suspensions-presseinvestigation-com-adresse-les-remerciements-et-annonce-la-reprises-de-ses-activites\/#primaryimage"},"thumbnailUrl":"https:\/\/www.presseinvestigation.com\/wp-content\/uploads\/2025\/05\/Maison-de-la-presse.jpg","articleSection":["Urgent"],"inLanguage":"fr-FR","potentialAction":[{"@type":"CommentAction","name":"Comment","target":["https:\/\/www.presseinvestigation.com\/index.php\/2025\/05\/25\/communique-apres-la-levee-des-suspensions-presseinvestigation-com-adresse-les-remerciements-et-annonce-la-reprises-de-ses-activites\/#respond"]}]},{"@type":"WebPage","@id":"https:\/\/www.presseinvestigation.com\/index.php\/2025\/05\/25\/communique-apres-la-levee-des-suspensions-presseinvestigation-com-adresse-les-remerciements-et-annonce-la-reprises-de-ses-activites\/","url":"https:\/\/www.presseinvestigation.com\/index.php\/2025\/05\/25\/communique-apres-la-levee-des-suspensions-presseinvestigation-com-adresse-les-remerciements-et-annonce-la-reprises-de-ses-activites\/","name":"Communiqu\u00e9: Apr\u00e8s la lev\u00e9e des suspensions, presseinvestigation.com adresse les remerciements et annonce la reprises de ses activit\u00e9s ! - Presseinvestigation","isPartOf":{"@id":"https:\/\/www.presseinvestigation.com\/#website"},"primaryImageOfPage":{"@id":"https:\/\/www.presseinvestigation.com\/index.php\/2025\/05\/25\/communique-apres-la-levee-des-suspensions-presseinvestigation-com-adresse-les-remerciements-et-annonce-la-reprises-de-ses-activites\/#primaryimage"},"image":{"@id":"https:\/\/www.presseinvestigation.com\/index.php\/2025\/05\/25\/communique-apres-la-levee-des-suspensions-presseinvestigation-com-adresse-les-remerciements-et-annonce-la-reprises-de-ses-activites\/#primaryimage"},"thumbnailUrl":"https:\/\/www.presseinvestigation.com\/wp-content\/uploads\/2025\/05\/Maison-de-la-presse.jpg","datePublished":"2025-05-25T21:03:06+00:00","author":{"@id":"https:\/\/www.presseinvestigation.com\/#\/schema\/person\/a1029d031d336f4e888009a1d2c4740a"},"breadcrumb":{"@id":"https:\/\/www.presseinvestigation.com\/index.php\/2025\/05\/25\/communique-apres-la-levee-des-suspensions-presseinvestigation-com-adresse-les-remerciements-et-annonce-la-reprises-de-ses-activites\/#breadcrumb"},"inLanguage":"fr-FR","potentialAction":[{"@type":"ReadAction","target":["https:\/\/www.presseinvestigation.com\/index.php\/2025\/05\/25\/communique-apres-la-levee-des-suspensions-presseinvestigation-com-adresse-les-remerciements-et-annonce-la-reprises-de-ses-activites\/"]}]},{"@type":"ImageObject","inLanguage":"fr-FR","@id":"https:\/\/www.presseinvestigation.com\/index.php\/2025\/05\/25\/communique-apres-la-levee-des-suspensions-presseinvestigation-com-adresse-les-remerciements-et-annonce-la-reprises-de-ses-activites\/#primaryimage","url":"https:\/\/www.presseinvestigation.com\/wp-content\/uploads\/2025\/05\/Maison-de-la-presse.jpg","contentUrl":"https:\/\/www.presseinvestigation.com\/wp-content\/uploads\/2025\/05\/Maison-de-la-presse.jpg","width":800,"height":360},{"@type":"BreadcrumbList","@id":"https:\/\/www.presseinvestigation.com\/index.php\/2025\/05\/25\/communique-apres-la-levee-des-suspensions-presseinvestigation-com-adresse-les-remerciements-et-annonce-la-reprises-de-ses-activites\/#breadcrumb","itemListElement":[{"@type":"ListItem","position":1,"name":"Accueil","item":"https:\/\/www.presseinvestigation.com\/"},{"@type":"ListItem","position":2,"name":"Communiqu\u00e9: Apr\u00e8s la lev\u00e9e des suspensions, presseinvestigation.com adresse les remerciements et annonce la reprises de ses activit\u00e9s !"}]},{"@type":"WebSite","@id":"https:\/\/www.presseinvestigation.com\/#website","url":"https:\/\/www.presseinvestigation.com\/","name":"Presseinvestigation","description":"Informer dans l&#039;impartialit\u00e9","potentialAction":[{"@type":"SearchAction","target":{"@type":"EntryPoint","urlTemplate":"https:\/\/www.presseinvestigation.com\/?s={search_term_string}"},"query-input":{"@type":"PropertyValueSpecification","valueRequired":true,"valueName":"search_term_string"}}],"inLanguage":"fr-FR"},{"@type":"Person","@id":"https:\/\/www.presseinvestigation.com\/#\/schema\/person\/a1029d031d336f4e888009a1d2c4740a","name":"Presseinvestigation.com","image":{"@type":"ImageObject","inLanguage":"fr-FR","@id":"https:\/\/secure.gravatar.com\/avatar\/c0faa0f472c43eff99fecb0bd2a1c6782e80a162c9fcb7ed2d48bb42ea619f30?s=96&d=mm&r=g","url":"https:\/\/secure.gravatar.com\/avatar\/c0faa0f472c43eff99fecb0bd2a1c6782e80a162c9fcb7ed2d48bb42ea619f30?s=96&d=mm&r=g","contentUrl":"https:\/\/secure.gravatar.com\/avatar\/c0faa0f472c43eff99fecb0bd2a1c6782e80a162c9fcb7ed2d48bb42ea619f30?s=96&d=mm&r=g","caption":"Presseinvestigation.com"},"sameAs":["https:\/\/www.presseinvestigation.com"],"url":"https:\/\/www.presseinvestigation.com\/index.php\/author\/medbi2011\/"}]}},"_links":{"self":[{"href":"https:\/\/www.presseinvestigation.com\/index.php\/wp-json\/wp\/v2\/posts\/9351","targetHints":{"allow":["GET"]}}],"collection":[{"href":"https:\/\/www.presseinvestigation.com\/index.php\/wp-json\/wp\/v2\/posts"}],"about":[{"href":"https:\/\/www.presseinvestigation.com\/index.php\/wp-json\/wp\/v2\/types\/post"}],"author":[{"embeddable":true,"href":"https:\/\/www.presseinvestigation.com\/index.php\/wp-json\/wp\/v2\/users\/1"}],"replies":[{"embeddable":true,"href":"https:\/\/www.presseinvestigation.com\/index.php\/wp-json\/wp\/v2\/comments?post=9351"}],"version-history":[{"count":1,"href":"https:\/\/www.presseinvestigation.com\/index.php\/wp-json\/wp\/v2\/posts\/9351\/revisions"}],"predecessor-version":[{"id":9352,"href":"https:\/\/www.presseinvestigation.com\/index.php\/wp-json\/wp\/v2\/posts\/9351\/revisions\/9352"}],"wp:featuredmedia":[{"embeddable":true,"href":"https:\/\/www.presseinvestigation.com\/index.php\/wp-json\/wp\/v2\/media\/9350"}],"wp:attachment":[{"href":"https:\/\/www.presseinvestigation.com\/index.php\/wp-json\/wp\/v2\/media?parent=9351"}],"wp:term":[{"taxonomy":"category","embeddable":true,"href":"https:\/\/www.presseinvestigation.com\/index.php\/wp-json\/wp\/v2\/categories?post=9351"},{"taxonomy":"post_tag","embeddable":true,"href":"https:\/\/www.presseinvestigation.com\/index.php\/wp-json\/wp\/v2\/tags?post=9351"}],"curies":[{"name":"wp","href":"https:\/\/api.w.org\/{rel}","templated":true}]}}