{"id":9367,"date":"2025-05-30T17:24:16","date_gmt":"2025-05-30T15:24:16","guid":{"rendered":"https:\/\/www.presseinvestigation.com\/index.php\/2025\/05\/30\/cloture-de-la-78-assemblee-generale-la-nutrition-placee-au-premier-plan-de-lagenda-international-de-la-sante-et-du-developpement\/"},"modified":"2025-05-30T17:27:25","modified_gmt":"2025-05-30T15:27:25","slug":"cloture-de-la-78-assemblee-generale-la-nutrition-placee-au-premier-plan-de-lagenda-international-de-la-sante-et-du-developpement","status":"publish","type":"post","link":"https:\/\/www.presseinvestigation.com\/index.php\/2025\/05\/30\/cloture-de-la-78-assemblee-generale-la-nutrition-placee-au-premier-plan-de-lagenda-international-de-la-sante-et-du-developpement\/","title":{"rendered":"Cl\u00f4ture de la 78 Assembl\u00e9e Mondiale de la Sant\u00e9: La Nutrition plac\u00e9e au premier plan de l&#8217;agenda international de la sant\u00e9 et du D\u00e9veloppement"},"content":{"rendered":"<p style=\"font-weight: 400;\"><strong>La 78e Assembl\u00e9e mondiale de la Sant\u00e9 (WHA78) s\u2019est achev\u00e9e le mardi 27 mai 2025, avec l\u2019adoption de deux r\u00e9solutions pla\u00e7ant la nutrition au premier plan de l\u2019agenda international de la sant\u00e9 et du d\u00e9veloppement.<\/strong><\/p>\n<p><a href=\"https:\/\/www.presseinvestigation.com\/wp-content\/uploads\/2025\/05\/delegates-meeting-at-the-72nd-world-health-assembly2c214c1e-26de-49a9-99bf-fc763dd037ba.tmb-1200v.jpg\"><img decoding=\"async\" class=\"attachment-full size-full\" src=\"https:\/\/www.presseinvestigation.com\/wp-content\/uploads\/2025\/05\/delegates-meeting-at-the-72nd-world-health-assembly2c214c1e-26de-49a9-99bf-fc763dd037ba.tmb-1200v.jpg\" alt=\"\" \/><\/a><\/p>\n<p style=\"font-weight: 400;\">Les \u00c9tats membres de l\u2019Organisation mondiale de la sant\u00e9 (OMS) ont adopt\u00e9 des r\u00e9solutions sur la prolongation du\u00a0<a href=\"https:\/\/www.who.int\/publications\/i\/item\/WHO-NMH-NHD-14.1\" data-saferedirecturl=\"https:\/\/www.google.com\/url?q=https:\/\/www.who.int\/publications\/i\/item\/WHO-NMH-NHD-14.1&amp;source=gmail&amp;ust=1748693321419000&amp;usg=AOvVaw1Zr9uEyT4ufzl14X6F99k2\">Plan de mise en \u0153uvre global sur la nutrition des m\u00e8res, des nourrissons et des jeunes enfants<\/a>, y compris les Objectifs mondiaux de nutrition de l&#8217;AMS et les\u00a0<a href=\"https:\/\/apps.who.int\/gb\/ebwha\/pdf_files\/EB156\/B156_CONF16Rev1-en.pdf\" data-saferedirecturl=\"https:\/\/www.google.com\/url?q=https:\/\/apps.who.int\/gb\/ebwha\/pdf_files\/EB156\/B156_CONF16Rev1-en.pdf&amp;source=gmail&amp;ust=1748693321419000&amp;usg=AOvVaw3IFSLB7Om5VVlAivGDYGWo\">r\u00e9glementation du marketing num\u00e9rique des substituts du lait maternel<\/a>.<\/p>\n<p style=\"font-weight: 400;\"><strong>\u00a0<\/strong><\/p>\n<ol style=\"font-weight: 400;\">\n<li><strong>Prolongation des objectifs nutritionnels de l&#8217;Assembl\u00e9e mondiale de la sant\u00e9<\/strong><\/li>\n<\/ol>\n<p style=\"font-weight: 400;\">Les objectifs de l&#8217;AMS guident l&#8217;action internationale pour lutter contre la malnutrition depuis 2012. En approuvant la r\u00e9solution, les pays se sont r\u00e9engag\u00e9s \u00e0 lutter contre la malnutrition chez les m\u00e8res, les nourrissons et les jeunes enfants, contre la hausse du surpoids chez les enfants et ont convenu de nouveaux indicateurs pour progresser dans des domaines essentiels comme la diversification alimentaire et l&#8217;allaitement maternel. La r\u00e9solution a \u00e9galement prolong\u00e9 l&#8217;\u00e9ch\u00e9ance pour atteindre les objectifs jusqu&#8217;en 2030, une \u00e9tape importante qui permet aux pays de maintenir leur attention politique sur toutes les formes de malnutrition et de garantir des niveaux de financement ad\u00e9quats pour soutenir les progr\u00e8s.<\/p>\n<p style=\"font-weight: 400;\">Depuis l\u2019adoption des objectifs, des progr\u00e8s notables ont \u00e9t\u00e9 r\u00e9alis\u00e9s, notamment :\u00a0<a href=\"https:\/\/data.unicef.org\/topic\/nutrition\/malnutrition\/\" data-saferedirecturl=\"https:\/\/www.google.com\/url?q=https:\/\/data.unicef.org\/topic\/nutrition\/malnutrition\/&amp;source=gmail&amp;ust=1748693321419000&amp;usg=AOvVaw2fJKf3pr0h4dVW9f-xatDb\">baisse de la pr\u00e9valence du retard de croissance<\/a>\u00a0\u00c0 l\u2019\u00e9chelle mondiale, le taux d\u2019allaitement maternel exclusif est pass\u00e9 de 33 % \u00e0 22.3 % et, dans une moindre mesure, celui de l\u2019\u00e9maciation, tandis que celui de l\u2019allaitement maternel exclusif a augment\u00e9 pour atteindre pr\u00e8s de 48 %, contre 37 % en 2012. N\u00e9anmoins, peu de progr\u00e8s ont \u00e9t\u00e9 r\u00e9alis\u00e9s en ce qui concerne les objectifs de r\u00e9duction du faible poids \u00e0 la naissance et de l\u2019an\u00e9mie chez les femmes.<\/p>\n<p style=\"font-weight: 400;\">Les nouveaux objectifs pour 2030 comprennent une r\u00e9duction de 40 % des retards de croissance, de 50 % de l&#8217;an\u00e9mie chez les femmes, de 30 % de l&#8217;insuffisance pond\u00e9rale \u00e0 la naissance et le maintien des taux de surpoids et d&#8217;\u00e9maciation chez les enfants en dessous de 5 %. La r\u00e9solution rel\u00e8ve \u00e9galement l&#8217;objectif d&#8217;allaitement maternel exclusif \u00e0 au moins 60 % au cours des six premiers mois. Ces objectifs renouvel\u00e9s et \u00e9largis offrent aux pays une orientation claire et unifi\u00e9e pour relever les d\u00e9fis nutritionnels persistants, tout en s&#8217;alignant sur des objectifs de d\u00e9veloppement plus larges.<\/p>\n<p style=\"font-weight: 400;\"><strong>\u00a0<\/strong><\/p>\n<ol start=\"2\">\n<li style=\"font-weight: 400;\"><strong> R\u00e9glementation du marketing num\u00e9rique des laits maternis\u00e9s et des aliments pour b\u00e9b\u00e9s<\/strong><\/li>\n<\/ol>\n<p style=\"font-weight: 400;\">La deuxi\u00e8me r\u00e9solution adopt\u00e9e a \u00e9largi la\u00a0<a href=\"https:\/\/iris.who.int\/bitstream\/handle\/10665\/254911\/WHO-NMH-NHD-17.1-eng.pdf\" data-saferedirecturl=\"https:\/\/www.google.com\/url?q=https:\/\/iris.who.int\/bitstream\/handle\/10665\/254911\/WHO-NMH-NHD-17.1-eng.pdf&amp;source=gmail&amp;ust=1748693321419000&amp;usg=AOvVaw28BULVldpGGQLpircODskY\">Code international de commercialisation des substituts du lait maternel<\/a>\u00a0pour faire face \u00e0 la mont\u00e9e des tactiques agressives de marketing num\u00e9rique. Les \u00c9tats membres se sont engag\u00e9s \u00e0 r\u00e9glementer les promotions num\u00e9riques qui\u00a0<a href=\"https:\/\/www.who.int\/news\/item\/22-02-2022-more-than-half-of-parents-and-pregnant-women-exposed-to-aggressive-formula-milk-marketing-who-unicef\" data-saferedirecturl=\"https:\/\/www.google.com\/url?q=https:\/\/www.who.int\/news\/item\/22-02-2022-more-than-half-of-parents-and-pregnant-women-exposed-to-aggressive-formula-milk-marketing-who-unicef&amp;source=gmail&amp;ust=1748693321419000&amp;usg=AOvVaw1HZ83t1V9XZjv0nJvPdGBO\">tromper les parents<\/a>\u00a0et qui compromettent l&#8217;allaitement maternel, notamment par le biais de soutiens d&#8217;influenceurs, de parrainages non divulgu\u00e9s et de publicit\u00e9s cibl\u00e9es sur les r\u00e9seaux sociaux. La r\u00e9solution appelle les pays \u00e0 d\u00e9velopper et \u00e0 appliquer des syst\u00e8mes de surveillance efficaces pour prot\u00e9ger les parents de toute influence commerciale et garantir que tous les soignants re\u00e7oivent des informations claires et fond\u00e9es sur des donn\u00e9es probantes.<\/p>\n<p style=\"font-weight: 400;\">\u00ab La r\u00e9solution sur le marketing num\u00e9rique des substituts du lait maternel est essentielle pour garantir aux parents des informations claires, fond\u00e9es sur des donn\u00e9es probantes et exemptes de toute influence commerciale \u00bb, a d\u00e9clar\u00e9 Afshan Khan. La Sierra Leone a fait passer son taux d&#8217;allaitement maternel exclusif de 10 % \u00e0 plus de 50 % gr\u00e2ce \u00e0 une r\u00e9glementation stricte, et le Vietnam utilise l&#8217;intelligence artificielle pour surveiller et signaler les pratiques de marketing num\u00e9rique agressives en mati\u00e8re de substituts du lait maternel.<\/p>\n<p><strong><em>D<sub>r<\/sub>\u00a0DRAMOU Bernadette, MD, MPH.<\/em><\/strong><\/p>\n<p><strong>Administratrice Nationale en Charge<\/strong><\/p>\n<p><strong>de la Sant\u00e9 de la Reproduction, de la M\u00e8re,<\/strong><\/p>\n<p><strong>du Nouveau-N\u00e9, de l\u2019Enfant, de l\u2019Adolescent-Jeune,<\/strong><\/p>\n<p><strong>des Personnes Ag\u00e9es et de la Nutrition<\/strong><\/p>\n<p><strong>(SRMNIA-NUT)<\/strong><\/p>\n<p><b><i><span lang=\"FR\">(Source\u00a0: Mouvement SUN).<\/span><\/i><\/b><\/p>\n","protected":false},"excerpt":{"rendered":"<p>La 78e Assembl\u00e9e mondiale de la Sant\u00e9 (WHA78) s\u2019est achev\u00e9e le mardi 27 mai 2025, avec l\u2019adoption de deux r\u00e9solutions pla\u00e7ant la nutrition au premier plan de l\u2019agenda international de la sant\u00e9 et du d\u00e9veloppement. Les \u00c9tats membres de l\u2019Organisation mondiale de la sant\u00e9 (OMS) ont adopt\u00e9 des r\u00e9solutions sur la prolongation du\u00a0Plan de mise [&hellip;]<\/p>\n","protected":false},"author":1,"featured_media":9365,"comment_status":"open","ping_status":"open","sticky":false,"template":"","format":"standard","meta":{"jnews-multi-image_gallery":[],"jnews_single_post":{"source_name":"","source_url":"","via_name":"","via_url":"","override_template":"0","override":[{"template":"1","single_blog_custom":"","parallax":"1","fullscreen":"1","layout":"right-sidebar","sidebar":"default-sidebar","second_sidebar":"default-sidebar","sticky_sidebar":"1","share_position":"bottom","share_float_style":"share-monocrhome","show_share_counter":"1","show_view_counter":"1","show_featured":"1","show_post_meta":"1","show_post_author":"1","show_post_author_image":"1","show_post_date":"1","post_date_format":"default","post_date_format_custom":"Y\/m\/d","show_post_category":"1","show_post_reading_time":"0","post_reading_time_wpm":"300","show_zoom_button":"0","zoom_button_out_step":"2","zoom_button_in_step":"3","show_post_tag":"1","show_prev_next_post":"1","show_popup_post":"1","number_popup_post":"1","show_author_box":"0","show_post_related":"0","show_inline_post_related":"0"}],"override_image_size":"0","image_override":[{"single_post_thumbnail_size":"crop-500","single_post_gallery_size":"crop-500"}],"trending_post":"0","trending_post_position":"meta","trending_post_label":"Trending","sponsored_post":"0","sponsored_post_label":"Sponsored by","sponsored_post_name":"","sponsored_post_url":"","sponsored_post_logo_enable":"0","sponsored_post_logo":"","sponsored_post_desc":"","disable_ad":"0"},"jnews_primary_category":{"id":"","hide":""},"footnotes":""},"categories":[89],"tags":[],"class_list":["post-9367","post","type-post","status-publish","format-standard","has-post-thumbnail","hentry","category-pole-actualite-nutrition"],"yoast_head":"<!-- This site is optimized with the Yoast SEO plugin v27.3 - https:\/\/yoast.com\/product\/yoast-seo-wordpress\/ -->\n<title>Cl\u00f4ture de la 78 Assembl\u00e9e Mondiale de la Sant\u00e9: La Nutrition plac\u00e9e au premier plan de l&#039;agenda international de la sant\u00e9 et du D\u00e9veloppement - Presseinvestigation<\/title>\n<meta name=\"robots\" content=\"index, follow, max-snippet:-1, max-image-preview:large, max-video-preview:-1\" \/>\n<link rel=\"canonical\" href=\"https:\/\/www.presseinvestigation.com\/index.php\/2025\/05\/30\/cloture-de-la-78-assemblee-generale-la-nutrition-placee-au-premier-plan-de-lagenda-international-de-la-sante-et-du-developpement\/\" \/>\n<meta property=\"og:locale\" content=\"fr_FR\" \/>\n<meta property=\"og:type\" content=\"article\" \/>\n<meta property=\"og:title\" content=\"Cl\u00f4ture de la 78 Assembl\u00e9e Mondiale de la Sant\u00e9: La Nutrition plac\u00e9e au premier plan de l&#039;agenda international de la sant\u00e9 et du D\u00e9veloppement - Presseinvestigation\" \/>\n<meta property=\"og:description\" content=\"La 78e Assembl\u00e9e mondiale de la Sant\u00e9 (WHA78) s\u2019est achev\u00e9e le mardi 27 mai 2025, avec l\u2019adoption de deux r\u00e9solutions pla\u00e7ant la nutrition au premier plan de l\u2019agenda international de la sant\u00e9 et du d\u00e9veloppement. Les \u00c9tats membres de l\u2019Organisation mondiale de la sant\u00e9 (OMS) ont adopt\u00e9 des r\u00e9solutions sur la prolongation du\u00a0Plan de mise [&hellip;]\" \/>\n<meta property=\"og:url\" content=\"https:\/\/www.presseinvestigation.com\/index.php\/2025\/05\/30\/cloture-de-la-78-assemblee-generale-la-nutrition-placee-au-premier-plan-de-lagenda-international-de-la-sante-et-du-developpement\/\" \/>\n<meta property=\"og:site_name\" content=\"Presseinvestigation\" \/>\n<meta property=\"article:published_time\" content=\"2025-05-30T15:24:16+00:00\" \/>\n<meta property=\"article:modified_time\" content=\"2025-05-30T15:27:25+00:00\" \/>\n<meta property=\"og:image\" content=\"https:\/\/www.presseinvestigation.com\/wp-content\/uploads\/2025\/05\/105836-vna_potal_cac_nuoc_thanh_vien_who_ung_ho_thoa_thuan_toan_cau_chong_dai_dich_8042888.jpg\" \/>\n\t<meta property=\"og:image:width\" content=\"1024\" \/>\n\t<meta property=\"og:image:height\" content=\"683\" \/>\n\t<meta property=\"og:image:type\" content=\"image\/jpeg\" \/>\n<meta name=\"author\" content=\"Presseinvestigation.com\" \/>\n<meta name=\"twitter:card\" content=\"summary_large_image\" \/>\n<meta name=\"twitter:label1\" content=\"\u00c9crit par\" \/>\n\t<meta name=\"twitter:data1\" content=\"Presseinvestigation.com\" \/>\n\t<meta name=\"twitter:label2\" content=\"Dur\u00e9e de lecture estim\u00e9e\" \/>\n\t<meta name=\"twitter:data2\" content=\"4 minutes\" \/>\n<script type=\"application\/ld+json\" class=\"yoast-schema-graph\">{\"@context\":\"https:\\\/\\\/schema.org\",\"@graph\":[{\"@type\":\"Article\",\"@id\":\"https:\\\/\\\/www.presseinvestigation.com\\\/index.php\\\/2025\\\/05\\\/30\\\/cloture-de-la-78-assemblee-generale-la-nutrition-placee-au-premier-plan-de-lagenda-international-de-la-sante-et-du-developpement\\\/#article\",\"isPartOf\":{\"@id\":\"https:\\\/\\\/www.presseinvestigation.com\\\/index.php\\\/2025\\\/05\\\/30\\\/cloture-de-la-78-assemblee-generale-la-nutrition-placee-au-premier-plan-de-lagenda-international-de-la-sante-et-du-developpement\\\/\"},\"author\":{\"name\":\"Presseinvestigation.com\",\"@id\":\"https:\\\/\\\/www.presseinvestigation.com\\\/#\\\/schema\\\/person\\\/a1029d031d336f4e888009a1d2c4740a\"},\"headline\":\"Cl\u00f4ture de la 78 Assembl\u00e9e Mondiale de la Sant\u00e9: La Nutrition plac\u00e9e au premier plan de l&#8217;agenda international de la sant\u00e9 et du D\u00e9veloppement\",\"datePublished\":\"2025-05-30T15:24:16+00:00\",\"dateModified\":\"2025-05-30T15:27:25+00:00\",\"mainEntityOfPage\":{\"@id\":\"https:\\\/\\\/www.presseinvestigation.com\\\/index.php\\\/2025\\\/05\\\/30\\\/cloture-de-la-78-assemblee-generale-la-nutrition-placee-au-premier-plan-de-lagenda-international-de-la-sante-et-du-developpement\\\/\"},\"wordCount\":718,\"commentCount\":0,\"image\":{\"@id\":\"https:\\\/\\\/www.presseinvestigation.com\\\/index.php\\\/2025\\\/05\\\/30\\\/cloture-de-la-78-assemblee-generale-la-nutrition-placee-au-premier-plan-de-lagenda-international-de-la-sante-et-du-developpement\\\/#primaryimage\"},\"thumbnailUrl\":\"https:\\\/\\\/www.presseinvestigation.com\\\/wp-content\\\/uploads\\\/2025\\\/05\\\/105836-vna_potal_cac_nuoc_thanh_vien_who_ung_ho_thoa_thuan_toan_cau_chong_dai_dich_8042888.jpg\",\"articleSection\":[\"P\u00f4le Actualit\u00e9-Nutrition\"],\"inLanguage\":\"fr-FR\",\"potentialAction\":[{\"@type\":\"CommentAction\",\"name\":\"Comment\",\"target\":[\"https:\\\/\\\/www.presseinvestigation.com\\\/index.php\\\/2025\\\/05\\\/30\\\/cloture-de-la-78-assemblee-generale-la-nutrition-placee-au-premier-plan-de-lagenda-international-de-la-sante-et-du-developpement\\\/#respond\"]}]},{\"@type\":\"WebPage\",\"@id\":\"https:\\\/\\\/www.presseinvestigation.com\\\/index.php\\\/2025\\\/05\\\/30\\\/cloture-de-la-78-assemblee-generale-la-nutrition-placee-au-premier-plan-de-lagenda-international-de-la-sante-et-du-developpement\\\/\",\"url\":\"https:\\\/\\\/www.presseinvestigation.com\\\/index.php\\\/2025\\\/05\\\/30\\\/cloture-de-la-78-assemblee-generale-la-nutrition-placee-au-premier-plan-de-lagenda-international-de-la-sante-et-du-developpement\\\/\",\"name\":\"Cl\u00f4ture de la 78 Assembl\u00e9e Mondiale de la Sant\u00e9: La Nutrition plac\u00e9e au premier plan de l'agenda international de la sant\u00e9 et du D\u00e9veloppement - Presseinvestigation\",\"isPartOf\":{\"@id\":\"https:\\\/\\\/www.presseinvestigation.com\\\/#website\"},\"primaryImageOfPage\":{\"@id\":\"https:\\\/\\\/www.presseinvestigation.com\\\/index.php\\\/2025\\\/05\\\/30\\\/cloture-de-la-78-assemblee-generale-la-nutrition-placee-au-premier-plan-de-lagenda-international-de-la-sante-et-du-developpement\\\/#primaryimage\"},\"image\":{\"@id\":\"https:\\\/\\\/www.presseinvestigation.com\\\/index.php\\\/2025\\\/05\\\/30\\\/cloture-de-la-78-assemblee-generale-la-nutrition-placee-au-premier-plan-de-lagenda-international-de-la-sante-et-du-developpement\\\/#primaryimage\"},\"thumbnailUrl\":\"https:\\\/\\\/www.presseinvestigation.com\\\/wp-content\\\/uploads\\\/2025\\\/05\\\/105836-vna_potal_cac_nuoc_thanh_vien_who_ung_ho_thoa_thuan_toan_cau_chong_dai_dich_8042888.jpg\",\"datePublished\":\"2025-05-30T15:24:16+00:00\",\"dateModified\":\"2025-05-30T15:27:25+00:00\",\"author\":{\"@id\":\"https:\\\/\\\/www.presseinvestigation.com\\\/#\\\/schema\\\/person\\\/a1029d031d336f4e888009a1d2c4740a\"},\"breadcrumb\":{\"@id\":\"https:\\\/\\\/www.presseinvestigation.com\\\/index.php\\\/2025\\\/05\\\/30\\\/cloture-de-la-78-assemblee-generale-la-nutrition-placee-au-premier-plan-de-lagenda-international-de-la-sante-et-du-developpement\\\/#breadcrumb\"},\"inLanguage\":\"fr-FR\",\"potentialAction\":[{\"@type\":\"ReadAction\",\"target\":[\"https:\\\/\\\/www.presseinvestigation.com\\\/index.php\\\/2025\\\/05\\\/30\\\/cloture-de-la-78-assemblee-generale-la-nutrition-placee-au-premier-plan-de-lagenda-international-de-la-sante-et-du-developpement\\\/\"]}]},{\"@type\":\"ImageObject\",\"inLanguage\":\"fr-FR\",\"@id\":\"https:\\\/\\\/www.presseinvestigation.com\\\/index.php\\\/2025\\\/05\\\/30\\\/cloture-de-la-78-assemblee-generale-la-nutrition-placee-au-premier-plan-de-lagenda-international-de-la-sante-et-du-developpement\\\/#primaryimage\",\"url\":\"https:\\\/\\\/www.presseinvestigation.com\\\/wp-content\\\/uploads\\\/2025\\\/05\\\/105836-vna_potal_cac_nuoc_thanh_vien_who_ung_ho_thoa_thuan_toan_cau_chong_dai_dich_8042888.jpg\",\"contentUrl\":\"https:\\\/\\\/www.presseinvestigation.com\\\/wp-content\\\/uploads\\\/2025\\\/05\\\/105836-vna_potal_cac_nuoc_thanh_vien_who_ung_ho_thoa_thuan_toan_cau_chong_dai_dich_8042888.jpg\",\"width\":1024,\"height\":683},{\"@type\":\"BreadcrumbList\",\"@id\":\"https:\\\/\\\/www.presseinvestigation.com\\\/index.php\\\/2025\\\/05\\\/30\\\/cloture-de-la-78-assemblee-generale-la-nutrition-placee-au-premier-plan-de-lagenda-international-de-la-sante-et-du-developpement\\\/#breadcrumb\",\"itemListElement\":[{\"@type\":\"ListItem\",\"position\":1,\"name\":\"Accueil\",\"item\":\"https:\\\/\\\/www.presseinvestigation.com\\\/\"},{\"@type\":\"ListItem\",\"position\":2,\"name\":\"Cl\u00f4ture de la 78 Assembl\u00e9e Mondiale de la Sant\u00e9: La Nutrition plac\u00e9e au premier plan de l&#8217;agenda international de la sant\u00e9 et du D\u00e9veloppement\"}]},{\"@type\":\"WebSite\",\"@id\":\"https:\\\/\\\/www.presseinvestigation.com\\\/#website\",\"url\":\"https:\\\/\\\/www.presseinvestigation.com\\\/\",\"name\":\"Presseinvestigation\",\"description\":\"Informer dans l&#039;impartialit\u00e9\",\"potentialAction\":[{\"@type\":\"SearchAction\",\"target\":{\"@type\":\"EntryPoint\",\"urlTemplate\":\"https:\\\/\\\/www.presseinvestigation.com\\\/?s={search_term_string}\"},\"query-input\":{\"@type\":\"PropertyValueSpecification\",\"valueRequired\":true,\"valueName\":\"search_term_string\"}}],\"inLanguage\":\"fr-FR\"},{\"@type\":\"Person\",\"@id\":\"https:\\\/\\\/www.presseinvestigation.com\\\/#\\\/schema\\\/person\\\/a1029d031d336f4e888009a1d2c4740a\",\"name\":\"Presseinvestigation.com\",\"image\":{\"@type\":\"ImageObject\",\"inLanguage\":\"fr-FR\",\"@id\":\"https:\\\/\\\/secure.gravatar.com\\\/avatar\\\/c0faa0f472c43eff99fecb0bd2a1c6782e80a162c9fcb7ed2d48bb42ea619f30?s=96&d=mm&r=g\",\"url\":\"https:\\\/\\\/secure.gravatar.com\\\/avatar\\\/c0faa0f472c43eff99fecb0bd2a1c6782e80a162c9fcb7ed2d48bb42ea619f30?s=96&d=mm&r=g\",\"contentUrl\":\"https:\\\/\\\/secure.gravatar.com\\\/avatar\\\/c0faa0f472c43eff99fecb0bd2a1c6782e80a162c9fcb7ed2d48bb42ea619f30?s=96&d=mm&r=g\",\"caption\":\"Presseinvestigation.com\"},\"sameAs\":[\"https:\\\/\\\/www.presseinvestigation.com\"],\"url\":\"https:\\\/\\\/www.presseinvestigation.com\\\/index.php\\\/author\\\/medbi2011\\\/\"}]}<\/script>\n<!-- \/ Yoast SEO plugin. -->","yoast_head_json":{"title":"Cl\u00f4ture de la 78 Assembl\u00e9e Mondiale de la Sant\u00e9: La Nutrition plac\u00e9e au premier plan de l'agenda international de la sant\u00e9 et du D\u00e9veloppement - Presseinvestigation","robots":{"index":"index","follow":"follow","max-snippet":"max-snippet:-1","max-image-preview":"max-image-preview:large","max-video-preview":"max-video-preview:-1"},"canonical":"https:\/\/www.presseinvestigation.com\/index.php\/2025\/05\/30\/cloture-de-la-78-assemblee-generale-la-nutrition-placee-au-premier-plan-de-lagenda-international-de-la-sante-et-du-developpement\/","og_locale":"fr_FR","og_type":"article","og_title":"Cl\u00f4ture de la 78 Assembl\u00e9e Mondiale de la Sant\u00e9: La Nutrition plac\u00e9e au premier plan de l'agenda international de la sant\u00e9 et du D\u00e9veloppement - Presseinvestigation","og_description":"La 78e Assembl\u00e9e mondiale de la Sant\u00e9 (WHA78) s\u2019est achev\u00e9e le mardi 27 mai 2025, avec l\u2019adoption de deux r\u00e9solutions pla\u00e7ant la nutrition au premier plan de l\u2019agenda international de la sant\u00e9 et du d\u00e9veloppement. Les \u00c9tats membres de l\u2019Organisation mondiale de la sant\u00e9 (OMS) ont adopt\u00e9 des r\u00e9solutions sur la prolongation du\u00a0Plan de mise [&hellip;]","og_url":"https:\/\/www.presseinvestigation.com\/index.php\/2025\/05\/30\/cloture-de-la-78-assemblee-generale-la-nutrition-placee-au-premier-plan-de-lagenda-international-de-la-sante-et-du-developpement\/","og_site_name":"Presseinvestigation","article_published_time":"2025-05-30T15:24:16+00:00","article_modified_time":"2025-05-30T15:27:25+00:00","og_image":[{"width":1024,"height":683,"url":"https:\/\/www.presseinvestigation.com\/wp-content\/uploads\/2025\/05\/105836-vna_potal_cac_nuoc_thanh_vien_who_ung_ho_thoa_thuan_toan_cau_chong_dai_dich_8042888.jpg","type":"image\/jpeg"}],"author":"Presseinvestigation.com","twitter_card":"summary_large_image","twitter_misc":{"\u00c9crit par":"Presseinvestigation.com","Dur\u00e9e de lecture estim\u00e9e":"4 minutes"},"schema":{"@context":"https:\/\/schema.org","@graph":[{"@type":"Article","@id":"https:\/\/www.presseinvestigation.com\/index.php\/2025\/05\/30\/cloture-de-la-78-assemblee-generale-la-nutrition-placee-au-premier-plan-de-lagenda-international-de-la-sante-et-du-developpement\/#article","isPartOf":{"@id":"https:\/\/www.presseinvestigation.com\/index.php\/2025\/05\/30\/cloture-de-la-78-assemblee-generale-la-nutrition-placee-au-premier-plan-de-lagenda-international-de-la-sante-et-du-developpement\/"},"author":{"name":"Presseinvestigation.com","@id":"https:\/\/www.presseinvestigation.com\/#\/schema\/person\/a1029d031d336f4e888009a1d2c4740a"},"headline":"Cl\u00f4ture de la 78 Assembl\u00e9e Mondiale de la Sant\u00e9: La Nutrition plac\u00e9e au premier plan de l&#8217;agenda international de la sant\u00e9 et du D\u00e9veloppement","datePublished":"2025-05-30T15:24:16+00:00","dateModified":"2025-05-30T15:27:25+00:00","mainEntityOfPage":{"@id":"https:\/\/www.presseinvestigation.com\/index.php\/2025\/05\/30\/cloture-de-la-78-assemblee-generale-la-nutrition-placee-au-premier-plan-de-lagenda-international-de-la-sante-et-du-developpement\/"},"wordCount":718,"commentCount":0,"image":{"@id":"https:\/\/www.presseinvestigation.com\/index.php\/2025\/05\/30\/cloture-de-la-78-assemblee-generale-la-nutrition-placee-au-premier-plan-de-lagenda-international-de-la-sante-et-du-developpement\/#primaryimage"},"thumbnailUrl":"https:\/\/www.presseinvestigation.com\/wp-content\/uploads\/2025\/05\/105836-vna_potal_cac_nuoc_thanh_vien_who_ung_ho_thoa_thuan_toan_cau_chong_dai_dich_8042888.jpg","articleSection":["P\u00f4le Actualit\u00e9-Nutrition"],"inLanguage":"fr-FR","potentialAction":[{"@type":"CommentAction","name":"Comment","target":["https:\/\/www.presseinvestigation.com\/index.php\/2025\/05\/30\/cloture-de-la-78-assemblee-generale-la-nutrition-placee-au-premier-plan-de-lagenda-international-de-la-sante-et-du-developpement\/#respond"]}]},{"@type":"WebPage","@id":"https:\/\/www.presseinvestigation.com\/index.php\/2025\/05\/30\/cloture-de-la-78-assemblee-generale-la-nutrition-placee-au-premier-plan-de-lagenda-international-de-la-sante-et-du-developpement\/","url":"https:\/\/www.presseinvestigation.com\/index.php\/2025\/05\/30\/cloture-de-la-78-assemblee-generale-la-nutrition-placee-au-premier-plan-de-lagenda-international-de-la-sante-et-du-developpement\/","name":"Cl\u00f4ture de la 78 Assembl\u00e9e Mondiale de la Sant\u00e9: La Nutrition plac\u00e9e au premier plan de l'agenda international de la sant\u00e9 et du D\u00e9veloppement - Presseinvestigation","isPartOf":{"@id":"https:\/\/www.presseinvestigation.com\/#website"},"primaryImageOfPage":{"@id":"https:\/\/www.presseinvestigation.com\/index.php\/2025\/05\/30\/cloture-de-la-78-assemblee-generale-la-nutrition-placee-au-premier-plan-de-lagenda-international-de-la-sante-et-du-developpement\/#primaryimage"},"image":{"@id":"https:\/\/www.presseinvestigation.com\/index.php\/2025\/05\/30\/cloture-de-la-78-assemblee-generale-la-nutrition-placee-au-premier-plan-de-lagenda-international-de-la-sante-et-du-developpement\/#primaryimage"},"thumbnailUrl":"https:\/\/www.presseinvestigation.com\/wp-content\/uploads\/2025\/05\/105836-vna_potal_cac_nuoc_thanh_vien_who_ung_ho_thoa_thuan_toan_cau_chong_dai_dich_8042888.jpg","datePublished":"2025-05-30T15:24:16+00:00","dateModified":"2025-05-30T15:27:25+00:00","author":{"@id":"https:\/\/www.presseinvestigation.com\/#\/schema\/person\/a1029d031d336f4e888009a1d2c4740a"},"breadcrumb":{"@id":"https:\/\/www.presseinvestigation.com\/index.php\/2025\/05\/30\/cloture-de-la-78-assemblee-generale-la-nutrition-placee-au-premier-plan-de-lagenda-international-de-la-sante-et-du-developpement\/#breadcrumb"},"inLanguage":"fr-FR","potentialAction":[{"@type":"ReadAction","target":["https:\/\/www.presseinvestigation.com\/index.php\/2025\/05\/30\/cloture-de-la-78-assemblee-generale-la-nutrition-placee-au-premier-plan-de-lagenda-international-de-la-sante-et-du-developpement\/"]}]},{"@type":"ImageObject","inLanguage":"fr-FR","@id":"https:\/\/www.presseinvestigation.com\/index.php\/2025\/05\/30\/cloture-de-la-78-assemblee-generale-la-nutrition-placee-au-premier-plan-de-lagenda-international-de-la-sante-et-du-developpement\/#primaryimage","url":"https:\/\/www.presseinvestigation.com\/wp-content\/uploads\/2025\/05\/105836-vna_potal_cac_nuoc_thanh_vien_who_ung_ho_thoa_thuan_toan_cau_chong_dai_dich_8042888.jpg","contentUrl":"https:\/\/www.presseinvestigation.com\/wp-content\/uploads\/2025\/05\/105836-vna_potal_cac_nuoc_thanh_vien_who_ung_ho_thoa_thuan_toan_cau_chong_dai_dich_8042888.jpg","width":1024,"height":683},{"@type":"BreadcrumbList","@id":"https:\/\/www.presseinvestigation.com\/index.php\/2025\/05\/30\/cloture-de-la-78-assemblee-generale-la-nutrition-placee-au-premier-plan-de-lagenda-international-de-la-sante-et-du-developpement\/#breadcrumb","itemListElement":[{"@type":"ListItem","position":1,"name":"Accueil","item":"https:\/\/www.presseinvestigation.com\/"},{"@type":"ListItem","position":2,"name":"Cl\u00f4ture de la 78 Assembl\u00e9e Mondiale de la Sant\u00e9: La Nutrition plac\u00e9e au premier plan de l&#8217;agenda international de la sant\u00e9 et du D\u00e9veloppement"}]},{"@type":"WebSite","@id":"https:\/\/www.presseinvestigation.com\/#website","url":"https:\/\/www.presseinvestigation.com\/","name":"Presseinvestigation","description":"Informer dans l&#039;impartialit\u00e9","potentialAction":[{"@type":"SearchAction","target":{"@type":"EntryPoint","urlTemplate":"https:\/\/www.presseinvestigation.com\/?s={search_term_string}"},"query-input":{"@type":"PropertyValueSpecification","valueRequired":true,"valueName":"search_term_string"}}],"inLanguage":"fr-FR"},{"@type":"Person","@id":"https:\/\/www.presseinvestigation.com\/#\/schema\/person\/a1029d031d336f4e888009a1d2c4740a","name":"Presseinvestigation.com","image":{"@type":"ImageObject","inLanguage":"fr-FR","@id":"https:\/\/secure.gravatar.com\/avatar\/c0faa0f472c43eff99fecb0bd2a1c6782e80a162c9fcb7ed2d48bb42ea619f30?s=96&d=mm&r=g","url":"https:\/\/secure.gravatar.com\/avatar\/c0faa0f472c43eff99fecb0bd2a1c6782e80a162c9fcb7ed2d48bb42ea619f30?s=96&d=mm&r=g","contentUrl":"https:\/\/secure.gravatar.com\/avatar\/c0faa0f472c43eff99fecb0bd2a1c6782e80a162c9fcb7ed2d48bb42ea619f30?s=96&d=mm&r=g","caption":"Presseinvestigation.com"},"sameAs":["https:\/\/www.presseinvestigation.com"],"url":"https:\/\/www.presseinvestigation.com\/index.php\/author\/medbi2011\/"}]}},"_links":{"self":[{"href":"https:\/\/www.presseinvestigation.com\/index.php\/wp-json\/wp\/v2\/posts\/9367","targetHints":{"allow":["GET"]}}],"collection":[{"href":"https:\/\/www.presseinvestigation.com\/index.php\/wp-json\/wp\/v2\/posts"}],"about":[{"href":"https:\/\/www.presseinvestigation.com\/index.php\/wp-json\/wp\/v2\/types\/post"}],"author":[{"embeddable":true,"href":"https:\/\/www.presseinvestigation.com\/index.php\/wp-json\/wp\/v2\/users\/1"}],"replies":[{"embeddable":true,"href":"https:\/\/www.presseinvestigation.com\/index.php\/wp-json\/wp\/v2\/comments?post=9367"}],"version-history":[{"count":2,"href":"https:\/\/www.presseinvestigation.com\/index.php\/wp-json\/wp\/v2\/posts\/9367\/revisions"}],"predecessor-version":[{"id":9369,"href":"https:\/\/www.presseinvestigation.com\/index.php\/wp-json\/wp\/v2\/posts\/9367\/revisions\/9369"}],"wp:featuredmedia":[{"embeddable":true,"href":"https:\/\/www.presseinvestigation.com\/index.php\/wp-json\/wp\/v2\/media\/9365"}],"wp:attachment":[{"href":"https:\/\/www.presseinvestigation.com\/index.php\/wp-json\/wp\/v2\/media?parent=9367"}],"wp:term":[{"taxonomy":"category","embeddable":true,"href":"https:\/\/www.presseinvestigation.com\/index.php\/wp-json\/wp\/v2\/categories?post=9367"},{"taxonomy":"post_tag","embeddable":true,"href":"https:\/\/www.presseinvestigation.com\/index.php\/wp-json\/wp\/v2\/tags?post=9367"}],"curies":[{"name":"wp","href":"https:\/\/api.w.org\/{rel}","templated":true}]}}