{"id":9398,"date":"2025-06-17T16:49:54","date_gmt":"2025-06-17T14:49:54","guid":{"rendered":"https:\/\/www.presseinvestigation.com\/index.php\/2025\/06\/17\/0rpaillage-la-sombre-reorganisation-de-la-filiere-sous-le-ministre-bouna-sylla\/"},"modified":"2025-06-17T20:46:40","modified_gmt":"2025-06-17T18:46:40","slug":"0rpaillage-la-sombre-reorganisation-de-la-filiere-sous-le-ministre-bouna-sylla","status":"publish","type":"post","link":"https:\/\/www.presseinvestigation.com\/index.php\/2025\/06\/17\/0rpaillage-la-sombre-reorganisation-de-la-filiere-sous-le-ministre-bouna-sylla\/","title":{"rendered":"0rpaillage\u00a0: La sombre r\u00e9organisation de la fili\u00e8re sous le Ministre Bouna SYLLA"},"content":{"rendered":"<p><strong>En Guin\u00e9e, le Minist\u00e8re des Mines et de la G\u00e9ologie a proc\u00e9d\u00e9 \u00e0 la r\u00e9organisation de l\u2019exploitation artisanale de l\u2019Or. Parall\u00e8lement \u00e0 l\u2019artisanat classique, l\u2019orpaillage m\u00e9canis\u00e9 a \u00e9t\u00e9 instaur\u00e9 avec assez de zones d&#8217;ombre aux yeux du grand public. <\/strong><\/p>\n<p>Nombreux observateurs du secteur minier guin\u00e9en, estiment que le D\u00e9partement dirig\u00e9 aujourd\u2019hui par Bouna SYLLA, a livr\u00e9\u00a0 l&#8217;exploitation artisanale de l&#8217;or aux lobbys. Et ce, au d\u00e9triment de l\u2019Etat et au grand dam des communaut\u00e9s \u00e0 la base pour lesquelles l\u2019activit\u00e9 est prioritairement r\u00e9serv\u00e9e.<\/p>\n<p>Cet orpaillage m\u00e9canis\u00e9 consiste \u00e0 utiliser des gros moyens, des grosses machines d\u2019extraction et des laveries dans les mines d\u00e9di\u00e9es \u00e0 l\u2019artisanat. C\u2019est une forme taill\u00e9e sur mesure des hommes riches. Les orpailleurs classiques qui n\u2019ont pas une \u00e9conomie consistante finiront par dispara\u00eetre de la fili\u00e8re.<\/p>\n<p>Quant aux conditions d&#8217;acquisition d&#8217;une autorisation ,les frais frais globaux ont \u00e9t\u00e9 revus \u00e0 la hausse.Ils \u00e9taient\u00a0 \u00e0 55 millions de franc guin\u00e9en jusqu&#8217;en 2021 au moment o\u00f9 le Gouvernement suspendait toute activit\u00e9 artisanale de l&#8217;or, pour des raisons de\u00a0 r\u00e9glementation. Mais avec la r\u00e9organisation, le co\u00fbt total\u00a0 est pass\u00e9 \u00e0 55 millions de franc guin\u00e9en pour obtenir une parcelle. En plus, avant d&#8217;obtenir le titre minier, l&#8217;orpailleur finance 80 millions de franc guin\u00e9en au minimum pour une \u00e9tude environnementale par un cabinet ind\u00e9pendant.<\/p>\n<p>\u00c0 cela s&#8217;ajoutent des vell\u00e9it\u00e9s de pratiques de corruption signal\u00e9es par certaines sources prochent de la fili\u00e8re . Des indiscr\u00e9tions \u00e9voquent la cr\u00e9ation des lobbys, des groupements occultes compos\u00e9s de nantis, sous la protection des cadres tapis dans l\u2019ombre qui commenceraient \u00e0 percevoir des pots-de-vin, 20 \u00e0 30 mille dollars au minimum, en contrepartie des parcelles sens\u00e9s \u00eatre plus juteuses.<\/p>\n<p>A cette allure, les groupements des communaut\u00e9s \u00e0 la base, se verront d\u00e9poss\u00e9der de cette activit\u00e9 qui constitue leur travail de subsistance. Parce qu\u2019elles sont non seulement d\u00e9pourvus de moyens financier, pour supporter les nouveaux frais exorbitants qui sont fix\u00e9s.Mais aussi par les plus nantis qui useront de la magouille.<\/p>\n<p>Autre fait remarquable qui attire les attentions dans cette affaire, c&#8217;est que, administrativement ,des r\u00e9formes structurelles incompr\u00e9hensibles ont \u00e9t\u00e9 realis\u00e9es.Notamment, un Service National de l\u2019artisanat et des petites Mines a \u00e9t\u00e9 cr\u00e9\u00e9 et rattach\u00e9 au Minist\u00e8re des Mines et de la G\u00e9ologie. Alors que le code minier guin\u00e9en a pr\u00e9vu la gestion de toute exploitation artisanale de l&#8217;or au sein de la Direction Nationale des Mines.<\/p>\n<p>La mise en place de ce nouveau service\u00a0 suscite une interrogation. S&#8217;agit-il d&#8217;harmoniser toutes les strat\u00e9gies orchestr\u00e9es dans l\u2019orpaillage m\u00e9canis\u00e9? De toute les fa\u00e7ons, on apprend que, dans ces derniers temps, tout ce qui a \u00e9t\u00e9 \u00e9tabli officiellement\u00a0 par rapport \u00e0 la fili\u00e8re, serait planifi\u00e9 par le Ministre des Mines et de la G\u00e9ologie avec un groupe restreint proche de lui.<\/p>\n<p>\u00c0 rappeler que, avant ce nouveau service,\u00a0 une mission conduite par Moussa BERETE, Directeur G\u00e9n\u00e9ral du Centre de Service de Coop\u00e9ration et d\u2019Investissement dans le secteur Minier(CSCIM) aurait pass\u00e9 pr\u00e8s de 5 mois de pr\u00e9paratif de terrain dans la r\u00e9gion de Kankan, pr\u00e9cis\u00e9ment entre Siguiri et Mandiana.Plusieurs promoteurs des Mines artisanales qui ont confirm\u00e9 cette information ont aussi manifest\u00e9 leur surprise de la pr\u00e9sence de Moussa BERETE aupr\u00e8s d\u2019eux pour parler de l\u2019orpaillage. Encore une fois, au vu du code minier guin\u00e9en, cette pr\u00e9rogative rel\u00e8ve de la Direction Nationale des Mines.<\/p>\n<p>Au regard de tous ces faits, il y a un besoin d&#8217;information au niveau du grand public. L&#8217;opinion publique \u00e0 droit de savoir. Les contenus des nouveaux textes de r\u00e9glementation d&#8217;orpaillage doivent \u00eatre accessibles au peuple.<\/p>\n<p>Et Puisque l&#8217;orpaillage m\u00e9canis\u00e9 se fait \u00e0 l&#8217;image de l&#8217;exploitation semi-industrielle de l\u2019or, quelles sont les taxes que l&#8217;Etat va gagner dedans? Les investisseurs chinois ne viendront-ils pas prendre d\u2019assaut la fili\u00e8re au d\u00e9triment des communaut\u00e9s \u00e0 la base, en se cachant derri\u00e8re certains guin\u00e9ens?L&#8217;orpaillage m\u00e9canis\u00e9\u00a0 tel qu&#8217;il est r\u00e9alis\u00e9 sur le terrain aujourd&#8217;hui, est assez sombre.<\/p>\n<p>D&#8217;alleurs, comme \u00e0 l&#8217;arriv\u00e9e du CNRD au pouvoir le 05 septembre 2021,les mois qui ont suivis, les nouvelles autorit\u00e9s ont suspendu toutes les activit\u00e9s artisanales de l&#8217;or. En principe, pour la reprise de la fili\u00e8re, il est n\u00e9cessaire de tenir une conf\u00e9rence de presse pour porter \u00e0 la connaissance de tout le monde, les r\u00e9formes qui ont \u00e9t\u00e9\u00a0 entreprises.Et permettre aux journalistes de poser des questions sur les zones d&#8217;ombre.<\/p>\n<p>Sinon, l\u2019Etat doit\u00a0 passer au crible\u00a0 tous les param\u00e8tres\u00a0 de l&#8217;orpaillage m\u00e9canis\u00e9\u00a0 !<\/p>\n<p><strong>Toumany CAMARA pour presseinvestigation.com<\/strong><\/p>\n","protected":false},"excerpt":{"rendered":"<p>En Guin\u00e9e, le Minist\u00e8re des Mines et de la G\u00e9ologie a proc\u00e9d\u00e9 \u00e0 la r\u00e9organisation de l\u2019exploitation artisanale de l\u2019Or. Parall\u00e8lement \u00e0 l\u2019artisanat classique, l\u2019orpaillage m\u00e9canis\u00e9 a \u00e9t\u00e9 instaur\u00e9 avec assez de zones d&#8217;ombre aux yeux du grand public. Nombreux observateurs du secteur minier guin\u00e9en, estiment que le D\u00e9partement dirig\u00e9 aujourd\u2019hui par Bouna SYLLA, a [&hellip;]<\/p>\n","protected":false},"author":1,"featured_media":9400,"comment_status":"open","ping_status":"open","sticky":false,"template":"","format":"standard","meta":{"jnews-multi-image_gallery":[],"jnews_single_post":{"source_name":"","source_url":"","via_name":"","via_url":"","override_template":"0","override":[{"template":"1","single_blog_custom":"","parallax":"1","fullscreen":"1","layout":"right-sidebar","sidebar":"default-sidebar","second_sidebar":"default-sidebar","sticky_sidebar":"1","share_position":"bottom","share_float_style":"share-monocrhome","show_share_counter":"1","show_view_counter":"1","show_featured":"1","show_post_meta":"1","show_post_author":"1","show_post_author_image":"1","show_post_date":"1","post_date_format":"default","post_date_format_custom":"Y\/m\/d","show_post_category":"1","show_post_reading_time":"0","post_reading_time_wpm":"300","show_zoom_button":"0","zoom_button_out_step":"2","zoom_button_in_step":"3","show_post_tag":"1","show_prev_next_post":"1","show_popup_post":"1","number_popup_post":"1","show_author_box":"0","show_post_related":"0","show_inline_post_related":"0"}],"override_image_size":"0","image_override":[{"single_post_thumbnail_size":"crop-500","single_post_gallery_size":"crop-500"}],"trending_post":"0","trending_post_position":"meta","trending_post_label":"Trending","sponsored_post":"0","sponsored_post_label":"Sponsored by","sponsored_post_name":"","sponsored_post_url":"","sponsored_post_logo_enable":"0","sponsored_post_logo":"","sponsored_post_desc":"","disable_ad":"0"},"jnews_primary_category":{"id":"","hide":""},"footnotes":""},"categories":[93],"tags":[],"class_list":["post-9398","post","type-post","status-publish","format-standard","has-post-thumbnail","hentry","category-pole-actualite-fait-divers"],"yoast_head":"<!-- This site is optimized with the Yoast SEO plugin v27.3 - https:\/\/yoast.com\/product\/yoast-seo-wordpress\/ -->\n<title>0rpaillage\u00a0: La sombre r\u00e9organisation de la fili\u00e8re sous le Ministre Bouna SYLLA - Presseinvestigation<\/title>\n<meta name=\"robots\" content=\"index, follow, max-snippet:-1, max-image-preview:large, max-video-preview:-1\" \/>\n<link rel=\"canonical\" href=\"https:\/\/www.presseinvestigation.com\/index.php\/2025\/06\/17\/0rpaillage-la-sombre-reorganisation-de-la-filiere-sous-le-ministre-bouna-sylla\/\" \/>\n<meta property=\"og:locale\" content=\"fr_FR\" \/>\n<meta property=\"og:type\" content=\"article\" \/>\n<meta property=\"og:title\" content=\"0rpaillage\u00a0: La sombre r\u00e9organisation de la fili\u00e8re sous le Ministre Bouna SYLLA - Presseinvestigation\" \/>\n<meta property=\"og:description\" content=\"En Guin\u00e9e, le Minist\u00e8re des Mines et de la G\u00e9ologie a proc\u00e9d\u00e9 \u00e0 la r\u00e9organisation de l\u2019exploitation artisanale de l\u2019Or. Parall\u00e8lement \u00e0 l\u2019artisanat classique, l\u2019orpaillage m\u00e9canis\u00e9 a \u00e9t\u00e9 instaur\u00e9 avec assez de zones d&#8217;ombre aux yeux du grand public. Nombreux observateurs du secteur minier guin\u00e9en, estiment que le D\u00e9partement dirig\u00e9 aujourd\u2019hui par Bouna SYLLA, a [&hellip;]\" \/>\n<meta property=\"og:url\" content=\"https:\/\/www.presseinvestigation.com\/index.php\/2025\/06\/17\/0rpaillage-la-sombre-reorganisation-de-la-filiere-sous-le-ministre-bouna-sylla\/\" \/>\n<meta property=\"og:site_name\" content=\"Presseinvestigation\" \/>\n<meta property=\"article:published_time\" content=\"2025-06-17T14:49:54+00:00\" \/>\n<meta property=\"article:modified_time\" content=\"2025-06-17T18:46:40+00:00\" \/>\n<meta property=\"og:image\" content=\"https:\/\/www.presseinvestigation.com\/wp-content\/uploads\/2025\/06\/FB_IMG_17501729144143.jpg\" \/>\n\t<meta property=\"og:image:width\" content=\"518\" \/>\n\t<meta property=\"og:image:height\" content=\"484\" \/>\n\t<meta property=\"og:image:type\" content=\"image\/jpeg\" \/>\n<meta name=\"author\" content=\"Presseinvestigation.com\" \/>\n<meta name=\"twitter:card\" content=\"summary_large_image\" \/>\n<meta name=\"twitter:label1\" content=\"\u00c9crit par\" \/>\n\t<meta name=\"twitter:data1\" content=\"Presseinvestigation.com\" \/>\n\t<meta name=\"twitter:label2\" content=\"Dur\u00e9e de lecture estim\u00e9e\" \/>\n\t<meta name=\"twitter:data2\" content=\"4 minutes\" \/>\n<script type=\"application\/ld+json\" class=\"yoast-schema-graph\">{\"@context\":\"https:\\\/\\\/schema.org\",\"@graph\":[{\"@type\":\"Article\",\"@id\":\"https:\\\/\\\/www.presseinvestigation.com\\\/index.php\\\/2025\\\/06\\\/17\\\/0rpaillage-la-sombre-reorganisation-de-la-filiere-sous-le-ministre-bouna-sylla\\\/#article\",\"isPartOf\":{\"@id\":\"https:\\\/\\\/www.presseinvestigation.com\\\/index.php\\\/2025\\\/06\\\/17\\\/0rpaillage-la-sombre-reorganisation-de-la-filiere-sous-le-ministre-bouna-sylla\\\/\"},\"author\":{\"name\":\"Presseinvestigation.com\",\"@id\":\"https:\\\/\\\/www.presseinvestigation.com\\\/#\\\/schema\\\/person\\\/a1029d031d336f4e888009a1d2c4740a\"},\"headline\":\"0rpaillage\u00a0: La sombre r\u00e9organisation de la fili\u00e8re sous le Ministre Bouna SYLLA\",\"datePublished\":\"2025-06-17T14:49:54+00:00\",\"dateModified\":\"2025-06-17T18:46:40+00:00\",\"mainEntityOfPage\":{\"@id\":\"https:\\\/\\\/www.presseinvestigation.com\\\/index.php\\\/2025\\\/06\\\/17\\\/0rpaillage-la-sombre-reorganisation-de-la-filiere-sous-le-ministre-bouna-sylla\\\/\"},\"wordCount\":847,\"commentCount\":0,\"image\":{\"@id\":\"https:\\\/\\\/www.presseinvestigation.com\\\/index.php\\\/2025\\\/06\\\/17\\\/0rpaillage-la-sombre-reorganisation-de-la-filiere-sous-le-ministre-bouna-sylla\\\/#primaryimage\"},\"thumbnailUrl\":\"https:\\\/\\\/www.presseinvestigation.com\\\/wp-content\\\/uploads\\\/2025\\\/06\\\/FB_IMG_17501729144143.jpg\",\"articleSection\":[\"P\u00f4le Actualit\u00e9-Analyse\"],\"inLanguage\":\"fr-FR\",\"potentialAction\":[{\"@type\":\"CommentAction\",\"name\":\"Comment\",\"target\":[\"https:\\\/\\\/www.presseinvestigation.com\\\/index.php\\\/2025\\\/06\\\/17\\\/0rpaillage-la-sombre-reorganisation-de-la-filiere-sous-le-ministre-bouna-sylla\\\/#respond\"]}]},{\"@type\":\"WebPage\",\"@id\":\"https:\\\/\\\/www.presseinvestigation.com\\\/index.php\\\/2025\\\/06\\\/17\\\/0rpaillage-la-sombre-reorganisation-de-la-filiere-sous-le-ministre-bouna-sylla\\\/\",\"url\":\"https:\\\/\\\/www.presseinvestigation.com\\\/index.php\\\/2025\\\/06\\\/17\\\/0rpaillage-la-sombre-reorganisation-de-la-filiere-sous-le-ministre-bouna-sylla\\\/\",\"name\":\"0rpaillage\u00a0: La sombre r\u00e9organisation de la fili\u00e8re sous le Ministre Bouna SYLLA - Presseinvestigation\",\"isPartOf\":{\"@id\":\"https:\\\/\\\/www.presseinvestigation.com\\\/#website\"},\"primaryImageOfPage\":{\"@id\":\"https:\\\/\\\/www.presseinvestigation.com\\\/index.php\\\/2025\\\/06\\\/17\\\/0rpaillage-la-sombre-reorganisation-de-la-filiere-sous-le-ministre-bouna-sylla\\\/#primaryimage\"},\"image\":{\"@id\":\"https:\\\/\\\/www.presseinvestigation.com\\\/index.php\\\/2025\\\/06\\\/17\\\/0rpaillage-la-sombre-reorganisation-de-la-filiere-sous-le-ministre-bouna-sylla\\\/#primaryimage\"},\"thumbnailUrl\":\"https:\\\/\\\/www.presseinvestigation.com\\\/wp-content\\\/uploads\\\/2025\\\/06\\\/FB_IMG_17501729144143.jpg\",\"datePublished\":\"2025-06-17T14:49:54+00:00\",\"dateModified\":\"2025-06-17T18:46:40+00:00\",\"author\":{\"@id\":\"https:\\\/\\\/www.presseinvestigation.com\\\/#\\\/schema\\\/person\\\/a1029d031d336f4e888009a1d2c4740a\"},\"breadcrumb\":{\"@id\":\"https:\\\/\\\/www.presseinvestigation.com\\\/index.php\\\/2025\\\/06\\\/17\\\/0rpaillage-la-sombre-reorganisation-de-la-filiere-sous-le-ministre-bouna-sylla\\\/#breadcrumb\"},\"inLanguage\":\"fr-FR\",\"potentialAction\":[{\"@type\":\"ReadAction\",\"target\":[\"https:\\\/\\\/www.presseinvestigation.com\\\/index.php\\\/2025\\\/06\\\/17\\\/0rpaillage-la-sombre-reorganisation-de-la-filiere-sous-le-ministre-bouna-sylla\\\/\"]}]},{\"@type\":\"ImageObject\",\"inLanguage\":\"fr-FR\",\"@id\":\"https:\\\/\\\/www.presseinvestigation.com\\\/index.php\\\/2025\\\/06\\\/17\\\/0rpaillage-la-sombre-reorganisation-de-la-filiere-sous-le-ministre-bouna-sylla\\\/#primaryimage\",\"url\":\"https:\\\/\\\/www.presseinvestigation.com\\\/wp-content\\\/uploads\\\/2025\\\/06\\\/FB_IMG_17501729144143.jpg\",\"contentUrl\":\"https:\\\/\\\/www.presseinvestigation.com\\\/wp-content\\\/uploads\\\/2025\\\/06\\\/FB_IMG_17501729144143.jpg\",\"width\":518,\"height\":484},{\"@type\":\"BreadcrumbList\",\"@id\":\"https:\\\/\\\/www.presseinvestigation.com\\\/index.php\\\/2025\\\/06\\\/17\\\/0rpaillage-la-sombre-reorganisation-de-la-filiere-sous-le-ministre-bouna-sylla\\\/#breadcrumb\",\"itemListElement\":[{\"@type\":\"ListItem\",\"position\":1,\"name\":\"Accueil\",\"item\":\"https:\\\/\\\/www.presseinvestigation.com\\\/\"},{\"@type\":\"ListItem\",\"position\":2,\"name\":\"0rpaillage\u00a0: La sombre r\u00e9organisation de la fili\u00e8re sous le Ministre Bouna SYLLA\"}]},{\"@type\":\"WebSite\",\"@id\":\"https:\\\/\\\/www.presseinvestigation.com\\\/#website\",\"url\":\"https:\\\/\\\/www.presseinvestigation.com\\\/\",\"name\":\"Presseinvestigation\",\"description\":\"Informer dans l&#039;impartialit\u00e9\",\"potentialAction\":[{\"@type\":\"SearchAction\",\"target\":{\"@type\":\"EntryPoint\",\"urlTemplate\":\"https:\\\/\\\/www.presseinvestigation.com\\\/?s={search_term_string}\"},\"query-input\":{\"@type\":\"PropertyValueSpecification\",\"valueRequired\":true,\"valueName\":\"search_term_string\"}}],\"inLanguage\":\"fr-FR\"},{\"@type\":\"Person\",\"@id\":\"https:\\\/\\\/www.presseinvestigation.com\\\/#\\\/schema\\\/person\\\/a1029d031d336f4e888009a1d2c4740a\",\"name\":\"Presseinvestigation.com\",\"image\":{\"@type\":\"ImageObject\",\"inLanguage\":\"fr-FR\",\"@id\":\"https:\\\/\\\/secure.gravatar.com\\\/avatar\\\/c0faa0f472c43eff99fecb0bd2a1c6782e80a162c9fcb7ed2d48bb42ea619f30?s=96&d=mm&r=g\",\"url\":\"https:\\\/\\\/secure.gravatar.com\\\/avatar\\\/c0faa0f472c43eff99fecb0bd2a1c6782e80a162c9fcb7ed2d48bb42ea619f30?s=96&d=mm&r=g\",\"contentUrl\":\"https:\\\/\\\/secure.gravatar.com\\\/avatar\\\/c0faa0f472c43eff99fecb0bd2a1c6782e80a162c9fcb7ed2d48bb42ea619f30?s=96&d=mm&r=g\",\"caption\":\"Presseinvestigation.com\"},\"sameAs\":[\"https:\\\/\\\/www.presseinvestigation.com\"],\"url\":\"https:\\\/\\\/www.presseinvestigation.com\\\/index.php\\\/author\\\/medbi2011\\\/\"}]}<\/script>\n<!-- \/ Yoast SEO plugin. -->","yoast_head_json":{"title":"0rpaillage\u00a0: La sombre r\u00e9organisation de la fili\u00e8re sous le Ministre Bouna SYLLA - Presseinvestigation","robots":{"index":"index","follow":"follow","max-snippet":"max-snippet:-1","max-image-preview":"max-image-preview:large","max-video-preview":"max-video-preview:-1"},"canonical":"https:\/\/www.presseinvestigation.com\/index.php\/2025\/06\/17\/0rpaillage-la-sombre-reorganisation-de-la-filiere-sous-le-ministre-bouna-sylla\/","og_locale":"fr_FR","og_type":"article","og_title":"0rpaillage\u00a0: La sombre r\u00e9organisation de la fili\u00e8re sous le Ministre Bouna SYLLA - Presseinvestigation","og_description":"En Guin\u00e9e, le Minist\u00e8re des Mines et de la G\u00e9ologie a proc\u00e9d\u00e9 \u00e0 la r\u00e9organisation de l\u2019exploitation artisanale de l\u2019Or. Parall\u00e8lement \u00e0 l\u2019artisanat classique, l\u2019orpaillage m\u00e9canis\u00e9 a \u00e9t\u00e9 instaur\u00e9 avec assez de zones d&#8217;ombre aux yeux du grand public. Nombreux observateurs du secteur minier guin\u00e9en, estiment que le D\u00e9partement dirig\u00e9 aujourd\u2019hui par Bouna SYLLA, a [&hellip;]","og_url":"https:\/\/www.presseinvestigation.com\/index.php\/2025\/06\/17\/0rpaillage-la-sombre-reorganisation-de-la-filiere-sous-le-ministre-bouna-sylla\/","og_site_name":"Presseinvestigation","article_published_time":"2025-06-17T14:49:54+00:00","article_modified_time":"2025-06-17T18:46:40+00:00","og_image":[{"width":518,"height":484,"url":"https:\/\/www.presseinvestigation.com\/wp-content\/uploads\/2025\/06\/FB_IMG_17501729144143.jpg","type":"image\/jpeg"}],"author":"Presseinvestigation.com","twitter_card":"summary_large_image","twitter_misc":{"\u00c9crit par":"Presseinvestigation.com","Dur\u00e9e de lecture estim\u00e9e":"4 minutes"},"schema":{"@context":"https:\/\/schema.org","@graph":[{"@type":"Article","@id":"https:\/\/www.presseinvestigation.com\/index.php\/2025\/06\/17\/0rpaillage-la-sombre-reorganisation-de-la-filiere-sous-le-ministre-bouna-sylla\/#article","isPartOf":{"@id":"https:\/\/www.presseinvestigation.com\/index.php\/2025\/06\/17\/0rpaillage-la-sombre-reorganisation-de-la-filiere-sous-le-ministre-bouna-sylla\/"},"author":{"name":"Presseinvestigation.com","@id":"https:\/\/www.presseinvestigation.com\/#\/schema\/person\/a1029d031d336f4e888009a1d2c4740a"},"headline":"0rpaillage\u00a0: La sombre r\u00e9organisation de la fili\u00e8re sous le Ministre Bouna SYLLA","datePublished":"2025-06-17T14:49:54+00:00","dateModified":"2025-06-17T18:46:40+00:00","mainEntityOfPage":{"@id":"https:\/\/www.presseinvestigation.com\/index.php\/2025\/06\/17\/0rpaillage-la-sombre-reorganisation-de-la-filiere-sous-le-ministre-bouna-sylla\/"},"wordCount":847,"commentCount":0,"image":{"@id":"https:\/\/www.presseinvestigation.com\/index.php\/2025\/06\/17\/0rpaillage-la-sombre-reorganisation-de-la-filiere-sous-le-ministre-bouna-sylla\/#primaryimage"},"thumbnailUrl":"https:\/\/www.presseinvestigation.com\/wp-content\/uploads\/2025\/06\/FB_IMG_17501729144143.jpg","articleSection":["P\u00f4le Actualit\u00e9-Analyse"],"inLanguage":"fr-FR","potentialAction":[{"@type":"CommentAction","name":"Comment","target":["https:\/\/www.presseinvestigation.com\/index.php\/2025\/06\/17\/0rpaillage-la-sombre-reorganisation-de-la-filiere-sous-le-ministre-bouna-sylla\/#respond"]}]},{"@type":"WebPage","@id":"https:\/\/www.presseinvestigation.com\/index.php\/2025\/06\/17\/0rpaillage-la-sombre-reorganisation-de-la-filiere-sous-le-ministre-bouna-sylla\/","url":"https:\/\/www.presseinvestigation.com\/index.php\/2025\/06\/17\/0rpaillage-la-sombre-reorganisation-de-la-filiere-sous-le-ministre-bouna-sylla\/","name":"0rpaillage\u00a0: La sombre r\u00e9organisation de la fili\u00e8re sous le Ministre Bouna SYLLA - Presseinvestigation","isPartOf":{"@id":"https:\/\/www.presseinvestigation.com\/#website"},"primaryImageOfPage":{"@id":"https:\/\/www.presseinvestigation.com\/index.php\/2025\/06\/17\/0rpaillage-la-sombre-reorganisation-de-la-filiere-sous-le-ministre-bouna-sylla\/#primaryimage"},"image":{"@id":"https:\/\/www.presseinvestigation.com\/index.php\/2025\/06\/17\/0rpaillage-la-sombre-reorganisation-de-la-filiere-sous-le-ministre-bouna-sylla\/#primaryimage"},"thumbnailUrl":"https:\/\/www.presseinvestigation.com\/wp-content\/uploads\/2025\/06\/FB_IMG_17501729144143.jpg","datePublished":"2025-06-17T14:49:54+00:00","dateModified":"2025-06-17T18:46:40+00:00","author":{"@id":"https:\/\/www.presseinvestigation.com\/#\/schema\/person\/a1029d031d336f4e888009a1d2c4740a"},"breadcrumb":{"@id":"https:\/\/www.presseinvestigation.com\/index.php\/2025\/06\/17\/0rpaillage-la-sombre-reorganisation-de-la-filiere-sous-le-ministre-bouna-sylla\/#breadcrumb"},"inLanguage":"fr-FR","potentialAction":[{"@type":"ReadAction","target":["https:\/\/www.presseinvestigation.com\/index.php\/2025\/06\/17\/0rpaillage-la-sombre-reorganisation-de-la-filiere-sous-le-ministre-bouna-sylla\/"]}]},{"@type":"ImageObject","inLanguage":"fr-FR","@id":"https:\/\/www.presseinvestigation.com\/index.php\/2025\/06\/17\/0rpaillage-la-sombre-reorganisation-de-la-filiere-sous-le-ministre-bouna-sylla\/#primaryimage","url":"https:\/\/www.presseinvestigation.com\/wp-content\/uploads\/2025\/06\/FB_IMG_17501729144143.jpg","contentUrl":"https:\/\/www.presseinvestigation.com\/wp-content\/uploads\/2025\/06\/FB_IMG_17501729144143.jpg","width":518,"height":484},{"@type":"BreadcrumbList","@id":"https:\/\/www.presseinvestigation.com\/index.php\/2025\/06\/17\/0rpaillage-la-sombre-reorganisation-de-la-filiere-sous-le-ministre-bouna-sylla\/#breadcrumb","itemListElement":[{"@type":"ListItem","position":1,"name":"Accueil","item":"https:\/\/www.presseinvestigation.com\/"},{"@type":"ListItem","position":2,"name":"0rpaillage\u00a0: La sombre r\u00e9organisation de la fili\u00e8re sous le Ministre Bouna SYLLA"}]},{"@type":"WebSite","@id":"https:\/\/www.presseinvestigation.com\/#website","url":"https:\/\/www.presseinvestigation.com\/","name":"Presseinvestigation","description":"Informer dans l&#039;impartialit\u00e9","potentialAction":[{"@type":"SearchAction","target":{"@type":"EntryPoint","urlTemplate":"https:\/\/www.presseinvestigation.com\/?s={search_term_string}"},"query-input":{"@type":"PropertyValueSpecification","valueRequired":true,"valueName":"search_term_string"}}],"inLanguage":"fr-FR"},{"@type":"Person","@id":"https:\/\/www.presseinvestigation.com\/#\/schema\/person\/a1029d031d336f4e888009a1d2c4740a","name":"Presseinvestigation.com","image":{"@type":"ImageObject","inLanguage":"fr-FR","@id":"https:\/\/secure.gravatar.com\/avatar\/c0faa0f472c43eff99fecb0bd2a1c6782e80a162c9fcb7ed2d48bb42ea619f30?s=96&d=mm&r=g","url":"https:\/\/secure.gravatar.com\/avatar\/c0faa0f472c43eff99fecb0bd2a1c6782e80a162c9fcb7ed2d48bb42ea619f30?s=96&d=mm&r=g","contentUrl":"https:\/\/secure.gravatar.com\/avatar\/c0faa0f472c43eff99fecb0bd2a1c6782e80a162c9fcb7ed2d48bb42ea619f30?s=96&d=mm&r=g","caption":"Presseinvestigation.com"},"sameAs":["https:\/\/www.presseinvestigation.com"],"url":"https:\/\/www.presseinvestigation.com\/index.php\/author\/medbi2011\/"}]}},"_links":{"self":[{"href":"https:\/\/www.presseinvestigation.com\/index.php\/wp-json\/wp\/v2\/posts\/9398","targetHints":{"allow":["GET"]}}],"collection":[{"href":"https:\/\/www.presseinvestigation.com\/index.php\/wp-json\/wp\/v2\/posts"}],"about":[{"href":"https:\/\/www.presseinvestigation.com\/index.php\/wp-json\/wp\/v2\/types\/post"}],"author":[{"embeddable":true,"href":"https:\/\/www.presseinvestigation.com\/index.php\/wp-json\/wp\/v2\/users\/1"}],"replies":[{"embeddable":true,"href":"https:\/\/www.presseinvestigation.com\/index.php\/wp-json\/wp\/v2\/comments?post=9398"}],"version-history":[{"count":7,"href":"https:\/\/www.presseinvestigation.com\/index.php\/wp-json\/wp\/v2\/posts\/9398\/revisions"}],"predecessor-version":[{"id":9406,"href":"https:\/\/www.presseinvestigation.com\/index.php\/wp-json\/wp\/v2\/posts\/9398\/revisions\/9406"}],"wp:featuredmedia":[{"embeddable":true,"href":"https:\/\/www.presseinvestigation.com\/index.php\/wp-json\/wp\/v2\/media\/9400"}],"wp:attachment":[{"href":"https:\/\/www.presseinvestigation.com\/index.php\/wp-json\/wp\/v2\/media?parent=9398"}],"wp:term":[{"taxonomy":"category","embeddable":true,"href":"https:\/\/www.presseinvestigation.com\/index.php\/wp-json\/wp\/v2\/categories?post=9398"},{"taxonomy":"post_tag","embeddable":true,"href":"https:\/\/www.presseinvestigation.com\/index.php\/wp-json\/wp\/v2\/tags?post=9398"}],"curies":[{"name":"wp","href":"https:\/\/api.w.org\/{rel}","templated":true}]}}