{"id":9409,"date":"2025-06-17T23:04:23","date_gmt":"2025-06-17T21:04:23","guid":{"rendered":"https:\/\/www.presseinvestigation.com\/index.php\/2025\/06\/17\/dr-ibrahima-diallo-de-lanaim-dans-son-adresse-a-la-population-de-pita-la-premiere-action-cest-pour-aller-dabord-se-recenser-pour-etre-un-citoyen-normal\/"},"modified":"2025-06-17T23:41:38","modified_gmt":"2025-06-17T21:41:38","slug":"dr-ibrahima-diallo-de-lanaim-dans-son-adresse-a-la-population-de-pita-la-premiere-action-cest-pour-aller-dabord-se-recenser-pour-etre-un-citoyen-normal","status":"publish","type":"post","link":"https:\/\/www.presseinvestigation.com\/index.php\/2025\/06\/17\/dr-ibrahima-diallo-de-lanaim-dans-son-adresse-a-la-population-de-pita-la-premiere-action-cest-pour-aller-dabord-se-recenser-pour-etre-un-citoyen-normal\/","title":{"rendered":"Dr Ibrahima DIALLO de l&#8217;ANAIM dans son adresse \u00e0 la population de Pita : &lt;< La premi\u00e8re action, c\u2019est pour aller d\u2019abord se recenser, pour \u00eatre un citoyen normal >>"},"content":{"rendered":"<p><strong>Les ressortissants et r\u00e9sidents de Pita se sont r\u00e9unis le dimanche 08 juin 2025 dans la dite pr\u00e9fecture. C&#8217;\u00e9tait l&#8217;initiative de la Conf\u00e9d\u00e9ration des Natifs de Pita ( CNP).Cette rencontre avait pour vocation d&#8217;inaugurer l&#8217;Arcade de Bienvenue \u00e0 Pita. Dr Ibrahima DIALLO, Directeur des Affaires Juridiques de l&#8217;ANAIM, fils de la localit\u00e9 et choisi pr\u00e9sident d&#8217;honneur de cette c\u00e9r\u00e9monie, a mis l&#8217;occasion \u00e0 profit pour faire la sensibilisation dans le but de la r\u00e9ussite du Programme Nationale de Recensement Administratif \u00e0 Vocation d\u2019Etat Civil (PN-RAVEC) en cours dans le pays.<\/strong><\/p>\n<p><a href=\"https:\/\/www.presseinvestigation.com\/wp-content\/uploads\/2025\/06\/Screenshot_20250617_194348_WhatsApp.jpg\"><img decoding=\"async\" class=\"attachment-full size-full\" src=\"https:\/\/www.presseinvestigation.com\/wp-content\/uploads\/2025\/06\/Screenshot_20250617_194348_WhatsApp.jpg\" alt=\"\" \/><\/a><\/p>\n<p>Au cours de cette mobilisation, l&#8217;importance du recensement des citoyens a \u00e9t\u00e9 expliqu\u00e9 \u00e0 la population de Pita.<\/p>\n<p><img fetchpriority=\"high\" decoding=\"async\" class=\"alignnone size-medium wp-image-9412\" src=\"https:\/\/www.presseinvestigation.com\/wp-content\/uploads\/2025\/06\/Screenshot_20250617_194959_WhatsApp-300x167.jpg\" alt=\"\" width=\"300\" height=\"167\" srcset=\"https:\/\/www.presseinvestigation.com\/wp-content\/uploads\/2025\/06\/Screenshot_20250617_194959_WhatsApp-300x167.jpg 300w, https:\/\/www.presseinvestigation.com\/wp-content\/uploads\/2025\/06\/Screenshot_20250617_194959_WhatsApp-1024x570.jpg 1024w, https:\/\/www.presseinvestigation.com\/wp-content\/uploads\/2025\/06\/Screenshot_20250617_194959_WhatsApp-768x427.jpg 768w, https:\/\/www.presseinvestigation.com\/wp-content\/uploads\/2025\/06\/Screenshot_20250617_194959_WhatsApp-600x334.jpg 600w, https:\/\/www.presseinvestigation.com\/wp-content\/uploads\/2025\/06\/Screenshot_20250617_194959_WhatsApp-750x417.jpg 750w, https:\/\/www.presseinvestigation.com\/wp-content\/uploads\/2025\/06\/Screenshot_20250617_194959_WhatsApp.jpg 1069w\" sizes=\"(max-width: 300px) 100vw, 300px\" \/><\/p>\n<p>Dans son discours, Dr Ibrahima DIALLO a tout d\u2019abord convaincu la population des actions de D\u00e9veloppement pr\u00f4n\u00e9 par les autorit\u00e9s du pays \u00e0 travers le chef de l\u2019Etat le G\u00e9n\u00e9ral Mamadi DOUMBOUYA. Selon lui pour n\u2019est pas \u00eatre en marge de ce progr\u00e8s , Pita doit se mobiliser en allant se recenser.<\/p>\n<p>\u00ab <em>Depuis le 05 septembre une vision s\u2019est enclench\u00e9e, Pita ne doit pas \u00eatre en marge. Et pour ce faire, j\u2019appelle \u00e0 toute la jeunesse, les femmes, les jeunes \u00e0 se mettre dans la formation. La premi\u00e8re action, c\u2019est pour aller d\u2019abord se recenser, pour \u00eatre un citoyen normal, un citoyen r\u00e9publicain \u00bb<\/em> a-t-il ajout\u00e9 dans son intervention.<\/p>\n<p>Quant aux organisateurs, cette c\u00e9r\u00e9monie est aussi l&#8217;occasion de regrouper les ressortissants, les jeunes leaders, les notables de Pita au tour d\u2019un id\u00e9al commun pour l\u2019int\u00e9r\u00eat de la Nation.<\/p>\n<p><img decoding=\"async\" class=\"alignnone size-medium wp-image-9413\" src=\"https:\/\/www.presseinvestigation.com\/wp-content\/uploads\/2025\/06\/Screenshot_20250617_194411_WhatsApp-300x168.jpg\" alt=\"\" width=\"300\" height=\"168\" srcset=\"https:\/\/www.presseinvestigation.com\/wp-content\/uploads\/2025\/06\/Screenshot_20250617_194411_WhatsApp-300x168.jpg 300w, https:\/\/www.presseinvestigation.com\/wp-content\/uploads\/2025\/06\/Screenshot_20250617_194411_WhatsApp-1024x573.jpg 1024w, https:\/\/www.presseinvestigation.com\/wp-content\/uploads\/2025\/06\/Screenshot_20250617_194411_WhatsApp-768x430.jpg 768w, https:\/\/www.presseinvestigation.com\/wp-content\/uploads\/2025\/06\/Screenshot_20250617_194411_WhatsApp-600x336.jpg 600w, https:\/\/www.presseinvestigation.com\/wp-content\/uploads\/2025\/06\/Screenshot_20250617_194411_WhatsApp-750x419.jpg 750w, https:\/\/www.presseinvestigation.com\/wp-content\/uploads\/2025\/06\/Screenshot_20250617_194411_WhatsApp.jpg 1080w\" sizes=\"(max-width: 300px) 100vw, 300px\" \/><\/p>\n<p>\u00ab <em>Cette Arcade est bien plus qu\u2019une infrastructure. C\u2019est la porte d\u2019entr\u00e9e d\u2019un Pita Nouveau, fier de son pass\u00e9, conscient de ses d\u00e9fis et r\u00e9solument tourner vers l\u2019avenir. Nous avons encore du chemin \u00e0 parcourir, certes. Mais aujourd\u2019hui nous d\u00e9montrons que Rien n\u2019est impossible quand l\u2019amour de la patrie nous guide<\/em> \u00bb a fait savoir, Alpha BAH, le pr\u00e9sident de la Conf\u00e9d\u00e9ration des Natifs de Pita(CNP).<\/p>\n<p><img decoding=\"async\" class=\"alignnone size-medium wp-image-9414\" src=\"https:\/\/www.presseinvestigation.com\/wp-content\/uploads\/2025\/06\/Screenshot_20250617_194443_WhatsApp-300x179.jpg\" alt=\"\" width=\"300\" height=\"179\" srcset=\"https:\/\/www.presseinvestigation.com\/wp-content\/uploads\/2025\/06\/Screenshot_20250617_194443_WhatsApp-300x179.jpg 300w, https:\/\/www.presseinvestigation.com\/wp-content\/uploads\/2025\/06\/Screenshot_20250617_194443_WhatsApp-768x457.jpg 768w, https:\/\/www.presseinvestigation.com\/wp-content\/uploads\/2025\/06\/Screenshot_20250617_194443_WhatsApp-600x357.jpg 600w, https:\/\/www.presseinvestigation.com\/wp-content\/uploads\/2025\/06\/Screenshot_20250617_194443_WhatsApp-750x447.jpg 750w, https:\/\/www.presseinvestigation.com\/wp-content\/uploads\/2025\/06\/Screenshot_20250617_194443_WhatsApp.jpg 1021w\" sizes=\"(max-width: 300px) 100vw, 300px\" \/><\/p>\n<p>La c\u00e9r\u00e9monie a \u00e9t\u00e9 cl\u00f4tur\u00e9e par la reconnaissance des efforts de celles et de ceux qui ont contribu\u00e9 \u00e0 la r\u00e9ussite du projet de l\u2019Arcade.<\/p>\n<p><strong>Toumany CAMARA <\/strong><\/p>\n<p><strong>pour presseinvestion.com<\/strong><\/p>\n","protected":false},"excerpt":{"rendered":"<p>Les ressortissants et r\u00e9sidents de Pita se sont r\u00e9unis le dimanche 08 juin 2025 dans la dite pr\u00e9fecture. C&#8217;\u00e9tait l&#8217;initiative de la Conf\u00e9d\u00e9ration des Natifs de Pita ( CNP).Cette rencontre avait pour vocation d&#8217;inaugurer l&#8217;Arcade de Bienvenue \u00e0 Pita. Dr Ibrahima DIALLO, Directeur des Affaires Juridiques de l&#8217;ANAIM, fils de la localit\u00e9 et choisi pr\u00e9sident [&hellip;]<\/p>\n","protected":false},"author":2,"featured_media":9407,"comment_status":"open","ping_status":"open","sticky":false,"template":"","format":"standard","meta":{"jnews-multi-image_gallery":[],"jnews_single_post":{"source_name":"","source_url":"","via_name":"","via_url":"","override_template":"0","override":[{"template":"1","single_blog_custom":"","parallax":"1","fullscreen":"1","layout":"right-sidebar","sidebar":"default-sidebar","second_sidebar":"default-sidebar","sticky_sidebar":"1","share_position":"bottom","share_float_style":"share-monocrhome","show_share_counter":"1","show_view_counter":"1","show_featured":"1","show_post_meta":"1","show_post_author":"1","show_post_author_image":"1","show_post_date":"1","post_date_format":"default","post_date_format_custom":"Y\/m\/d","show_post_category":"1","show_post_reading_time":"0","post_reading_time_wpm":"300","show_zoom_button":"0","zoom_button_out_step":"2","zoom_button_in_step":"3","show_post_tag":"1","show_prev_next_post":"1","show_popup_post":"1","number_popup_post":"1","show_author_box":"0","show_post_related":"0","show_inline_post_related":"0"}],"override_image_size":"0","image_override":[{"single_post_thumbnail_size":"crop-500","single_post_gallery_size":"crop-500"}],"trending_post":"0","trending_post_position":"meta","trending_post_label":"Trending","sponsored_post":"0","sponsored_post_label":"Sponsored by","sponsored_post_name":"","sponsored_post_url":"","sponsored_post_logo_enable":"0","sponsored_post_logo":"","sponsored_post_desc":"","disable_ad":"0"},"jnews_primary_category":{"id":"","hide":""},"footnotes":""},"categories":[88],"tags":[],"class_list":["post-9409","post","type-post","status-publish","format-standard","has-post-thumbnail","hentry","category-pole-actualite-societe"],"yoast_head":"<!-- This site is optimized with the Yoast SEO plugin v27.3 - https:\/\/yoast.com\/product\/yoast-seo-wordpress\/ -->\n<title>Dr Ibrahima DIALLO de l&#039;ANAIM dans son adresse \u00e0 la population de Pita : &lt;&lt; La premi\u00e8re action, c\u2019est pour aller d\u2019abord se recenser, pour \u00eatre un citoyen normal &gt;&gt; - Presseinvestigation<\/title>\n<meta name=\"robots\" content=\"index, follow, max-snippet:-1, max-image-preview:large, max-video-preview:-1\" \/>\n<link rel=\"canonical\" href=\"https:\/\/www.presseinvestigation.com\/index.php\/2025\/06\/17\/dr-ibrahima-diallo-de-lanaim-dans-son-adresse-a-la-population-de-pita-la-premiere-action-cest-pour-aller-dabord-se-recenser-pour-etre-un-citoyen-normal\/\" \/>\n<meta property=\"og:locale\" content=\"fr_FR\" \/>\n<meta property=\"og:type\" content=\"article\" \/>\n<meta property=\"og:title\" content=\"Dr Ibrahima DIALLO de l&#039;ANAIM dans son adresse \u00e0 la population de Pita : &lt;&lt; La premi\u00e8re action, c\u2019est pour aller d\u2019abord se recenser, pour \u00eatre un citoyen normal &gt;&gt; - Presseinvestigation\" \/>\n<meta property=\"og:description\" content=\"Les ressortissants et r\u00e9sidents de Pita se sont r\u00e9unis le dimanche 08 juin 2025 dans la dite pr\u00e9fecture. C&#8217;\u00e9tait l&#8217;initiative de la Conf\u00e9d\u00e9ration des Natifs de Pita ( CNP).Cette rencontre avait pour vocation d&#8217;inaugurer l&#8217;Arcade de Bienvenue \u00e0 Pita. Dr Ibrahima DIALLO, Directeur des Affaires Juridiques de l&#8217;ANAIM, fils de la localit\u00e9 et choisi pr\u00e9sident [&hellip;]\" \/>\n<meta property=\"og:url\" content=\"https:\/\/www.presseinvestigation.com\/index.php\/2025\/06\/17\/dr-ibrahima-diallo-de-lanaim-dans-son-adresse-a-la-population-de-pita-la-premiere-action-cest-pour-aller-dabord-se-recenser-pour-etre-un-citoyen-normal\/\" \/>\n<meta property=\"og:site_name\" content=\"Presseinvestigation\" \/>\n<meta property=\"article:published_time\" content=\"2025-06-17T21:04:23+00:00\" \/>\n<meta property=\"article:modified_time\" content=\"2025-06-17T21:41:38+00:00\" \/>\n<meta property=\"og:image\" content=\"https:\/\/www.presseinvestigation.com\/wp-content\/uploads\/2025\/06\/Screenshot_20250617_194353_WhatsApp.jpg\" \/>\n\t<meta property=\"og:image:width\" content=\"1080\" \/>\n\t<meta property=\"og:image:height\" content=\"585\" \/>\n\t<meta property=\"og:image:type\" content=\"image\/jpeg\" \/>\n<meta name=\"author\" content=\"Presseinvestigation.com\" \/>\n<meta name=\"twitter:card\" content=\"summary_large_image\" \/>\n<meta name=\"twitter:label1\" content=\"\u00c9crit par\" \/>\n\t<meta name=\"twitter:data1\" content=\"Presseinvestigation.com\" \/>\n\t<meta name=\"twitter:label2\" content=\"Dur\u00e9e de lecture estim\u00e9e\" \/>\n\t<meta name=\"twitter:data2\" content=\"3 minutes\" \/>\n<script type=\"application\/ld+json\" class=\"yoast-schema-graph\">{\"@context\":\"https:\\\/\\\/schema.org\",\"@graph\":[{\"@type\":\"Article\",\"@id\":\"https:\\\/\\\/www.presseinvestigation.com\\\/index.php\\\/2025\\\/06\\\/17\\\/dr-ibrahima-diallo-de-lanaim-dans-son-adresse-a-la-population-de-pita-la-premiere-action-cest-pour-aller-dabord-se-recenser-pour-etre-un-citoyen-normal\\\/#article\",\"isPartOf\":{\"@id\":\"https:\\\/\\\/www.presseinvestigation.com\\\/index.php\\\/2025\\\/06\\\/17\\\/dr-ibrahima-diallo-de-lanaim-dans-son-adresse-a-la-population-de-pita-la-premiere-action-cest-pour-aller-dabord-se-recenser-pour-etre-un-citoyen-normal\\\/\"},\"author\":{\"name\":\"Presseinvestigation.com\",\"@id\":\"https:\\\/\\\/www.presseinvestigation.com\\\/#\\\/schema\\\/person\\\/32d023733a4a9d7c3bd6883619b8f116\"},\"headline\":\"Dr Ibrahima DIALLO de l&#8217;ANAIM dans son adresse \u00e0 la population de Pita : &lt;< La premi\u00e8re action, c\u2019est pour aller d\u2019abord se recenser, pour \u00eatre un citoyen normal >>\",\"datePublished\":\"2025-06-17T21:04:23+00:00\",\"dateModified\":\"2025-06-17T21:41:38+00:00\",\"mainEntityOfPage\":{\"@id\":\"https:\\\/\\\/www.presseinvestigation.com\\\/index.php\\\/2025\\\/06\\\/17\\\/dr-ibrahima-diallo-de-lanaim-dans-son-adresse-a-la-population-de-pita-la-premiere-action-cest-pour-aller-dabord-se-recenser-pour-etre-un-citoyen-normal\\\/\"},\"wordCount\":421,\"commentCount\":0,\"image\":{\"@id\":\"https:\\\/\\\/www.presseinvestigation.com\\\/index.php\\\/2025\\\/06\\\/17\\\/dr-ibrahima-diallo-de-lanaim-dans-son-adresse-a-la-population-de-pita-la-premiere-action-cest-pour-aller-dabord-se-recenser-pour-etre-un-citoyen-normal\\\/#primaryimage\"},\"thumbnailUrl\":\"https:\\\/\\\/www.presseinvestigation.com\\\/wp-content\\\/uploads\\\/2025\\\/06\\\/Screenshot_20250617_194353_WhatsApp.jpg\",\"articleSection\":[\"P\u00f4le Actualit\u00e9-Soci\u00e9t\u00e9\"],\"inLanguage\":\"fr-FR\",\"potentialAction\":[{\"@type\":\"CommentAction\",\"name\":\"Comment\",\"target\":[\"https:\\\/\\\/www.presseinvestigation.com\\\/index.php\\\/2025\\\/06\\\/17\\\/dr-ibrahima-diallo-de-lanaim-dans-son-adresse-a-la-population-de-pita-la-premiere-action-cest-pour-aller-dabord-se-recenser-pour-etre-un-citoyen-normal\\\/#respond\"]}]},{\"@type\":\"WebPage\",\"@id\":\"https:\\\/\\\/www.presseinvestigation.com\\\/index.php\\\/2025\\\/06\\\/17\\\/dr-ibrahima-diallo-de-lanaim-dans-son-adresse-a-la-population-de-pita-la-premiere-action-cest-pour-aller-dabord-se-recenser-pour-etre-un-citoyen-normal\\\/\",\"url\":\"https:\\\/\\\/www.presseinvestigation.com\\\/index.php\\\/2025\\\/06\\\/17\\\/dr-ibrahima-diallo-de-lanaim-dans-son-adresse-a-la-population-de-pita-la-premiere-action-cest-pour-aller-dabord-se-recenser-pour-etre-un-citoyen-normal\\\/\",\"name\":\"Dr Ibrahima DIALLO de l'ANAIM dans son adresse \u00e0 la population de Pita : &lt;< La premi\u00e8re action, c\u2019est pour aller d\u2019abord se recenser, pour \u00eatre un citoyen normal >> - Presseinvestigation\",\"isPartOf\":{\"@id\":\"https:\\\/\\\/www.presseinvestigation.com\\\/#website\"},\"primaryImageOfPage\":{\"@id\":\"https:\\\/\\\/www.presseinvestigation.com\\\/index.php\\\/2025\\\/06\\\/17\\\/dr-ibrahima-diallo-de-lanaim-dans-son-adresse-a-la-population-de-pita-la-premiere-action-cest-pour-aller-dabord-se-recenser-pour-etre-un-citoyen-normal\\\/#primaryimage\"},\"image\":{\"@id\":\"https:\\\/\\\/www.presseinvestigation.com\\\/index.php\\\/2025\\\/06\\\/17\\\/dr-ibrahima-diallo-de-lanaim-dans-son-adresse-a-la-population-de-pita-la-premiere-action-cest-pour-aller-dabord-se-recenser-pour-etre-un-citoyen-normal\\\/#primaryimage\"},\"thumbnailUrl\":\"https:\\\/\\\/www.presseinvestigation.com\\\/wp-content\\\/uploads\\\/2025\\\/06\\\/Screenshot_20250617_194353_WhatsApp.jpg\",\"datePublished\":\"2025-06-17T21:04:23+00:00\",\"dateModified\":\"2025-06-17T21:41:38+00:00\",\"author\":{\"@id\":\"https:\\\/\\\/www.presseinvestigation.com\\\/#\\\/schema\\\/person\\\/32d023733a4a9d7c3bd6883619b8f116\"},\"breadcrumb\":{\"@id\":\"https:\\\/\\\/www.presseinvestigation.com\\\/index.php\\\/2025\\\/06\\\/17\\\/dr-ibrahima-diallo-de-lanaim-dans-son-adresse-a-la-population-de-pita-la-premiere-action-cest-pour-aller-dabord-se-recenser-pour-etre-un-citoyen-normal\\\/#breadcrumb\"},\"inLanguage\":\"fr-FR\",\"potentialAction\":[{\"@type\":\"ReadAction\",\"target\":[\"https:\\\/\\\/www.presseinvestigation.com\\\/index.php\\\/2025\\\/06\\\/17\\\/dr-ibrahima-diallo-de-lanaim-dans-son-adresse-a-la-population-de-pita-la-premiere-action-cest-pour-aller-dabord-se-recenser-pour-etre-un-citoyen-normal\\\/\"]}]},{\"@type\":\"ImageObject\",\"inLanguage\":\"fr-FR\",\"@id\":\"https:\\\/\\\/www.presseinvestigation.com\\\/index.php\\\/2025\\\/06\\\/17\\\/dr-ibrahima-diallo-de-lanaim-dans-son-adresse-a-la-population-de-pita-la-premiere-action-cest-pour-aller-dabord-se-recenser-pour-etre-un-citoyen-normal\\\/#primaryimage\",\"url\":\"https:\\\/\\\/www.presseinvestigation.com\\\/wp-content\\\/uploads\\\/2025\\\/06\\\/Screenshot_20250617_194353_WhatsApp.jpg\",\"contentUrl\":\"https:\\\/\\\/www.presseinvestigation.com\\\/wp-content\\\/uploads\\\/2025\\\/06\\\/Screenshot_20250617_194353_WhatsApp.jpg\",\"width\":1080,\"height\":585},{\"@type\":\"BreadcrumbList\",\"@id\":\"https:\\\/\\\/www.presseinvestigation.com\\\/index.php\\\/2025\\\/06\\\/17\\\/dr-ibrahima-diallo-de-lanaim-dans-son-adresse-a-la-population-de-pita-la-premiere-action-cest-pour-aller-dabord-se-recenser-pour-etre-un-citoyen-normal\\\/#breadcrumb\",\"itemListElement\":[{\"@type\":\"ListItem\",\"position\":1,\"name\":\"Accueil\",\"item\":\"https:\\\/\\\/www.presseinvestigation.com\\\/\"},{\"@type\":\"ListItem\",\"position\":2,\"name\":\"Dr Ibrahima DIALLO de l&#8217;ANAIM dans son adresse \u00e0 la population de Pita : &lt;< La premi\u00e8re action, c\u2019est pour aller d\u2019abord se recenser, pour \u00eatre un citoyen normal >>\"}]},{\"@type\":\"WebSite\",\"@id\":\"https:\\\/\\\/www.presseinvestigation.com\\\/#website\",\"url\":\"https:\\\/\\\/www.presseinvestigation.com\\\/\",\"name\":\"Presseinvestigation\",\"description\":\"Informer dans l&#039;impartialit\u00e9\",\"potentialAction\":[{\"@type\":\"SearchAction\",\"target\":{\"@type\":\"EntryPoint\",\"urlTemplate\":\"https:\\\/\\\/www.presseinvestigation.com\\\/?s={search_term_string}\"},\"query-input\":{\"@type\":\"PropertyValueSpecification\",\"valueRequired\":true,\"valueName\":\"search_term_string\"}}],\"inLanguage\":\"fr-FR\"},{\"@type\":\"Person\",\"@id\":\"https:\\\/\\\/www.presseinvestigation.com\\\/#\\\/schema\\\/person\\\/32d023733a4a9d7c3bd6883619b8f116\",\"name\":\"Presseinvestigation.com\",\"image\":{\"@type\":\"ImageObject\",\"inLanguage\":\"fr-FR\",\"@id\":\"https:\\\/\\\/secure.gravatar.com\\\/avatar\\\/26f9c9e95424b0bde739ba0af37ee39a9e4a9e809967422c5b8e8573a34fbbe0?s=96&d=mm&r=g\",\"url\":\"https:\\\/\\\/secure.gravatar.com\\\/avatar\\\/26f9c9e95424b0bde739ba0af37ee39a9e4a9e809967422c5b8e8573a34fbbe0?s=96&d=mm&r=g\",\"contentUrl\":\"https:\\\/\\\/secure.gravatar.com\\\/avatar\\\/26f9c9e95424b0bde739ba0af37ee39a9e4a9e809967422c5b8e8573a34fbbe0?s=96&d=mm&r=g\",\"caption\":\"Presseinvestigation.com\"},\"url\":\"https:\\\/\\\/www.presseinvestigation.com\\\/index.php\\\/author\\\/toumany\\\/\"}]}<\/script>\n<!-- \/ Yoast SEO plugin. -->","yoast_head_json":{"title":"Dr Ibrahima DIALLO de l'ANAIM dans son adresse \u00e0 la population de Pita : &lt;< La premi\u00e8re action, c\u2019est pour aller d\u2019abord se recenser, pour \u00eatre un citoyen normal >> - Presseinvestigation","robots":{"index":"index","follow":"follow","max-snippet":"max-snippet:-1","max-image-preview":"max-image-preview:large","max-video-preview":"max-video-preview:-1"},"canonical":"https:\/\/www.presseinvestigation.com\/index.php\/2025\/06\/17\/dr-ibrahima-diallo-de-lanaim-dans-son-adresse-a-la-population-de-pita-la-premiere-action-cest-pour-aller-dabord-se-recenser-pour-etre-un-citoyen-normal\/","og_locale":"fr_FR","og_type":"article","og_title":"Dr Ibrahima DIALLO de l'ANAIM dans son adresse \u00e0 la population de Pita : &lt;< La premi\u00e8re action, c\u2019est pour aller d\u2019abord se recenser, pour \u00eatre un citoyen normal >> - Presseinvestigation","og_description":"Les ressortissants et r\u00e9sidents de Pita se sont r\u00e9unis le dimanche 08 juin 2025 dans la dite pr\u00e9fecture. C&#8217;\u00e9tait l&#8217;initiative de la Conf\u00e9d\u00e9ration des Natifs de Pita ( CNP).Cette rencontre avait pour vocation d&#8217;inaugurer l&#8217;Arcade de Bienvenue \u00e0 Pita. Dr Ibrahima DIALLO, Directeur des Affaires Juridiques de l&#8217;ANAIM, fils de la localit\u00e9 et choisi pr\u00e9sident [&hellip;]","og_url":"https:\/\/www.presseinvestigation.com\/index.php\/2025\/06\/17\/dr-ibrahima-diallo-de-lanaim-dans-son-adresse-a-la-population-de-pita-la-premiere-action-cest-pour-aller-dabord-se-recenser-pour-etre-un-citoyen-normal\/","og_site_name":"Presseinvestigation","article_published_time":"2025-06-17T21:04:23+00:00","article_modified_time":"2025-06-17T21:41:38+00:00","og_image":[{"width":1080,"height":585,"url":"https:\/\/www.presseinvestigation.com\/wp-content\/uploads\/2025\/06\/Screenshot_20250617_194353_WhatsApp.jpg","type":"image\/jpeg"}],"author":"Presseinvestigation.com","twitter_card":"summary_large_image","twitter_misc":{"\u00c9crit par":"Presseinvestigation.com","Dur\u00e9e de lecture estim\u00e9e":"3 minutes"},"schema":{"@context":"https:\/\/schema.org","@graph":[{"@type":"Article","@id":"https:\/\/www.presseinvestigation.com\/index.php\/2025\/06\/17\/dr-ibrahima-diallo-de-lanaim-dans-son-adresse-a-la-population-de-pita-la-premiere-action-cest-pour-aller-dabord-se-recenser-pour-etre-un-citoyen-normal\/#article","isPartOf":{"@id":"https:\/\/www.presseinvestigation.com\/index.php\/2025\/06\/17\/dr-ibrahima-diallo-de-lanaim-dans-son-adresse-a-la-population-de-pita-la-premiere-action-cest-pour-aller-dabord-se-recenser-pour-etre-un-citoyen-normal\/"},"author":{"name":"Presseinvestigation.com","@id":"https:\/\/www.presseinvestigation.com\/#\/schema\/person\/32d023733a4a9d7c3bd6883619b8f116"},"headline":"Dr Ibrahima DIALLO de l&#8217;ANAIM dans son adresse \u00e0 la population de Pita : &lt;< La premi\u00e8re action, c\u2019est pour aller d\u2019abord se recenser, pour \u00eatre un citoyen normal >>","datePublished":"2025-06-17T21:04:23+00:00","dateModified":"2025-06-17T21:41:38+00:00","mainEntityOfPage":{"@id":"https:\/\/www.presseinvestigation.com\/index.php\/2025\/06\/17\/dr-ibrahima-diallo-de-lanaim-dans-son-adresse-a-la-population-de-pita-la-premiere-action-cest-pour-aller-dabord-se-recenser-pour-etre-un-citoyen-normal\/"},"wordCount":421,"commentCount":0,"image":{"@id":"https:\/\/www.presseinvestigation.com\/index.php\/2025\/06\/17\/dr-ibrahima-diallo-de-lanaim-dans-son-adresse-a-la-population-de-pita-la-premiere-action-cest-pour-aller-dabord-se-recenser-pour-etre-un-citoyen-normal\/#primaryimage"},"thumbnailUrl":"https:\/\/www.presseinvestigation.com\/wp-content\/uploads\/2025\/06\/Screenshot_20250617_194353_WhatsApp.jpg","articleSection":["P\u00f4le Actualit\u00e9-Soci\u00e9t\u00e9"],"inLanguage":"fr-FR","potentialAction":[{"@type":"CommentAction","name":"Comment","target":["https:\/\/www.presseinvestigation.com\/index.php\/2025\/06\/17\/dr-ibrahima-diallo-de-lanaim-dans-son-adresse-a-la-population-de-pita-la-premiere-action-cest-pour-aller-dabord-se-recenser-pour-etre-un-citoyen-normal\/#respond"]}]},{"@type":"WebPage","@id":"https:\/\/www.presseinvestigation.com\/index.php\/2025\/06\/17\/dr-ibrahima-diallo-de-lanaim-dans-son-adresse-a-la-population-de-pita-la-premiere-action-cest-pour-aller-dabord-se-recenser-pour-etre-un-citoyen-normal\/","url":"https:\/\/www.presseinvestigation.com\/index.php\/2025\/06\/17\/dr-ibrahima-diallo-de-lanaim-dans-son-adresse-a-la-population-de-pita-la-premiere-action-cest-pour-aller-dabord-se-recenser-pour-etre-un-citoyen-normal\/","name":"Dr Ibrahima DIALLO de l'ANAIM dans son adresse \u00e0 la population de Pita : &lt;< La premi\u00e8re action, c\u2019est pour aller d\u2019abord se recenser, pour \u00eatre un citoyen normal >> - Presseinvestigation","isPartOf":{"@id":"https:\/\/www.presseinvestigation.com\/#website"},"primaryImageOfPage":{"@id":"https:\/\/www.presseinvestigation.com\/index.php\/2025\/06\/17\/dr-ibrahima-diallo-de-lanaim-dans-son-adresse-a-la-population-de-pita-la-premiere-action-cest-pour-aller-dabord-se-recenser-pour-etre-un-citoyen-normal\/#primaryimage"},"image":{"@id":"https:\/\/www.presseinvestigation.com\/index.php\/2025\/06\/17\/dr-ibrahima-diallo-de-lanaim-dans-son-adresse-a-la-population-de-pita-la-premiere-action-cest-pour-aller-dabord-se-recenser-pour-etre-un-citoyen-normal\/#primaryimage"},"thumbnailUrl":"https:\/\/www.presseinvestigation.com\/wp-content\/uploads\/2025\/06\/Screenshot_20250617_194353_WhatsApp.jpg","datePublished":"2025-06-17T21:04:23+00:00","dateModified":"2025-06-17T21:41:38+00:00","author":{"@id":"https:\/\/www.presseinvestigation.com\/#\/schema\/person\/32d023733a4a9d7c3bd6883619b8f116"},"breadcrumb":{"@id":"https:\/\/www.presseinvestigation.com\/index.php\/2025\/06\/17\/dr-ibrahima-diallo-de-lanaim-dans-son-adresse-a-la-population-de-pita-la-premiere-action-cest-pour-aller-dabord-se-recenser-pour-etre-un-citoyen-normal\/#breadcrumb"},"inLanguage":"fr-FR","potentialAction":[{"@type":"ReadAction","target":["https:\/\/www.presseinvestigation.com\/index.php\/2025\/06\/17\/dr-ibrahima-diallo-de-lanaim-dans-son-adresse-a-la-population-de-pita-la-premiere-action-cest-pour-aller-dabord-se-recenser-pour-etre-un-citoyen-normal\/"]}]},{"@type":"ImageObject","inLanguage":"fr-FR","@id":"https:\/\/www.presseinvestigation.com\/index.php\/2025\/06\/17\/dr-ibrahima-diallo-de-lanaim-dans-son-adresse-a-la-population-de-pita-la-premiere-action-cest-pour-aller-dabord-se-recenser-pour-etre-un-citoyen-normal\/#primaryimage","url":"https:\/\/www.presseinvestigation.com\/wp-content\/uploads\/2025\/06\/Screenshot_20250617_194353_WhatsApp.jpg","contentUrl":"https:\/\/www.presseinvestigation.com\/wp-content\/uploads\/2025\/06\/Screenshot_20250617_194353_WhatsApp.jpg","width":1080,"height":585},{"@type":"BreadcrumbList","@id":"https:\/\/www.presseinvestigation.com\/index.php\/2025\/06\/17\/dr-ibrahima-diallo-de-lanaim-dans-son-adresse-a-la-population-de-pita-la-premiere-action-cest-pour-aller-dabord-se-recenser-pour-etre-un-citoyen-normal\/#breadcrumb","itemListElement":[{"@type":"ListItem","position":1,"name":"Accueil","item":"https:\/\/www.presseinvestigation.com\/"},{"@type":"ListItem","position":2,"name":"Dr Ibrahima DIALLO de l&#8217;ANAIM dans son adresse \u00e0 la population de Pita : &lt;< La premi\u00e8re action, c\u2019est pour aller d\u2019abord se recenser, pour \u00eatre un citoyen normal >>"}]},{"@type":"WebSite","@id":"https:\/\/www.presseinvestigation.com\/#website","url":"https:\/\/www.presseinvestigation.com\/","name":"Presseinvestigation","description":"Informer dans l&#039;impartialit\u00e9","potentialAction":[{"@type":"SearchAction","target":{"@type":"EntryPoint","urlTemplate":"https:\/\/www.presseinvestigation.com\/?s={search_term_string}"},"query-input":{"@type":"PropertyValueSpecification","valueRequired":true,"valueName":"search_term_string"}}],"inLanguage":"fr-FR"},{"@type":"Person","@id":"https:\/\/www.presseinvestigation.com\/#\/schema\/person\/32d023733a4a9d7c3bd6883619b8f116","name":"Presseinvestigation.com","image":{"@type":"ImageObject","inLanguage":"fr-FR","@id":"https:\/\/secure.gravatar.com\/avatar\/26f9c9e95424b0bde739ba0af37ee39a9e4a9e809967422c5b8e8573a34fbbe0?s=96&d=mm&r=g","url":"https:\/\/secure.gravatar.com\/avatar\/26f9c9e95424b0bde739ba0af37ee39a9e4a9e809967422c5b8e8573a34fbbe0?s=96&d=mm&r=g","contentUrl":"https:\/\/secure.gravatar.com\/avatar\/26f9c9e95424b0bde739ba0af37ee39a9e4a9e809967422c5b8e8573a34fbbe0?s=96&d=mm&r=g","caption":"Presseinvestigation.com"},"url":"https:\/\/www.presseinvestigation.com\/index.php\/author\/toumany\/"}]}},"_links":{"self":[{"href":"https:\/\/www.presseinvestigation.com\/index.php\/wp-json\/wp\/v2\/posts\/9409","targetHints":{"allow":["GET"]}}],"collection":[{"href":"https:\/\/www.presseinvestigation.com\/index.php\/wp-json\/wp\/v2\/posts"}],"about":[{"href":"https:\/\/www.presseinvestigation.com\/index.php\/wp-json\/wp\/v2\/types\/post"}],"author":[{"embeddable":true,"href":"https:\/\/www.presseinvestigation.com\/index.php\/wp-json\/wp\/v2\/users\/2"}],"replies":[{"embeddable":true,"href":"https:\/\/www.presseinvestigation.com\/index.php\/wp-json\/wp\/v2\/comments?post=9409"}],"version-history":[{"count":3,"href":"https:\/\/www.presseinvestigation.com\/index.php\/wp-json\/wp\/v2\/posts\/9409\/revisions"}],"predecessor-version":[{"id":9415,"href":"https:\/\/www.presseinvestigation.com\/index.php\/wp-json\/wp\/v2\/posts\/9409\/revisions\/9415"}],"wp:featuredmedia":[{"embeddable":true,"href":"https:\/\/www.presseinvestigation.com\/index.php\/wp-json\/wp\/v2\/media\/9407"}],"wp:attachment":[{"href":"https:\/\/www.presseinvestigation.com\/index.php\/wp-json\/wp\/v2\/media?parent=9409"}],"wp:term":[{"taxonomy":"category","embeddable":true,"href":"https:\/\/www.presseinvestigation.com\/index.php\/wp-json\/wp\/v2\/categories?post=9409"},{"taxonomy":"post_tag","embeddable":true,"href":"https:\/\/www.presseinvestigation.com\/index.php\/wp-json\/wp\/v2\/tags?post=9409"}],"curies":[{"name":"wp","href":"https:\/\/api.w.org\/{rel}","templated":true}]}}