{"id":9419,"date":"2025-06-24T13:12:43","date_gmt":"2025-06-24T11:12:43","guid":{"rendered":"https:\/\/www.presseinvestigation.com\/index.php\/2025\/06\/24\/vision-omvs-2050-a-diama-le-bassin-du-fleuve-senegal-saffirme-comme-moteur-regional-de-resilience-climatique-demploi-et-dinnovation\/"},"modified":"2025-06-24T13:12:43","modified_gmt":"2025-06-24T11:12:43","slug":"vision-omvs-2050-a-diama-le-bassin-du-fleuve-senegal-saffirme-comme-moteur-regional-de-resilience-climatique-demploi-et-dinnovation","status":"publish","type":"post","link":"https:\/\/www.presseinvestigation.com\/index.php\/2025\/06\/24\/vision-omvs-2050-a-diama-le-bassin-du-fleuve-senegal-saffirme-comme-moteur-regional-de-resilience-climatique-demploi-et-dinnovation\/","title":{"rendered":"Vision OMVS 2050 : \u00c0 Diama, le bassin du fleuve S\u00e9n\u00e9gal s\u2019affirme comme moteur r\u00e9gional de r\u00e9silience climatique, d\u2019emploi et d\u2019innovation"},"content":{"rendered":"<p>Diama, 19 juin 2025 \u2014 Durant deux jours, les rives du fleuve S\u00e9n\u00e9gal, \u00e0 Diama, ont \u00e9t\u00e9 le th\u00e9\u00e2tre d\u2019une intense mobilisation r\u00e9gionale en faveur du climat, de l\u2019emploi et de l\u2019innovation. Organis\u00e9e les 17 et 18 juin par l\u2019Organisation pour la Mise en Valeur du fleuve S\u00e9n\u00e9gal (OMVS), en partenariat avec le P\u00f4le mondial d\u2019innovation de la Convention-cadre des Nations Unies sur les changements climatiques (CCNUCC), la rencontre r\u00e9gionale a r\u00e9uni des acteurs cl\u00e9s des quatre pays membres du bassin : la Guin\u00e9e, le Mali, la Mauritanie et le S\u00e9n\u00e9gal.<\/p>\n<p><a href=\"https:\/\/www.presseinvestigation.com\/wp-content\/uploads\/2025\/06\/IMG-20250624-WA00011.jpg\"><img decoding=\"async\" class=\"attachment-full size-full\" src=\"https:\/\/www.presseinvestigation.com\/wp-content\/uploads\/2025\/06\/IMG-20250624-WA00011.jpg\" alt=\"\" \/><\/a><\/p>\n<p>Plac\u00e9e sous le th\u00e8me : \u00ab Bassin du fleuve S\u00e9n\u00e9gal : Espace d\u2019opportunit\u00e9 pour la r\u00e9silience climatique, l\u2019emploi et l\u2019innovation \u00bb, cette rencontre s\u2019inscrit dans la dynamique de la Vision OMVS 2050, avec pour ambition de faire du bassin un mod\u00e8le d\u2019int\u00e9gration r\u00e9gionale face aux d\u00e9fis environnementaux et socio-\u00e9conomiques.<\/p>\n<p>\u00a0<\/p>\n<p>\u25cf Une mobilisation multisectorielle pour une ambition commune<\/p>\n<p>\u00a0<\/p>\n<p>Pr\u00e9sid\u00e9e par le Haut-commissaire de l\u2019OMVS, S.E.M. Mohamed Abdel Vetah, la c\u00e9r\u00e9monie d\u2019ouverture a rassembl\u00e9 un large panel d\u2019acteurs institutionnels. Parmi eux : le Gouverneur de Saint-Louis, M. Al Hassan Sall, M. Massamba Thioye, Chef du P\u00f4le mondial de l\u2019innovation au Secr\u00e9tariat de la CCNUCC, ainsi que les Directeurs g\u00e9n\u00e9raux des soci\u00e9t\u00e9s de gestion de l\u2019OMVS (SOGED, SOGEM, SOGENAV et SOGEOH), accompagn\u00e9s de leurs Pr\u00e9sidents des Conseils d\u2019Administration (PCA) respectifs.<\/p>\n<p>\u00a0<\/p>\n<p>\u00c9taient \u00e9galement pr\u00e9sents les Coordinateurs Nationaux de l\u2019OMVS, des experts techniques, ainsi que le personnel local bas\u00e9 au si\u00e8ge r\u00e9gional de l\u2019OMVS \u00e0 Saint-Louis, dont l\u2019engagement sur le terrain a \u00e9t\u00e9 salu\u00e9. La rencontre a aussi vu la participation remarqu\u00e9e d\u2019universitaires, de chercheurs et d\u2019\u00e9tudiants, confirmant la volont\u00e9 de l\u2019OMVS d\u2019impliquer la communaut\u00e9 scientifique et acad\u00e9mique dans la co-construction de solutions durables.<\/p>\n<p>\u00a0<\/p>\n<p>\u25cfTrois grandes th\u00e9matiques pour construire l\u2019avenir du bassin<\/p>\n<p>\u00a0<\/p>\n<p>La premi\u00e8re journ\u00e9e a \u00e9t\u00e9 marqu\u00e9e par trois sessions structurantes. La premi\u00e8re a port\u00e9 sur la r\u00e9silience climatique et la pr\u00e9vention des inondations, soulignant l\u2019urgence de renforcer les capacit\u00e9s d\u2019adaptation face \u00e0 l\u2019accroissement des risques naturels dans le bassin.<\/p>\n<p><a href=\"https:\/\/www.presseinvestigation.com\/wp-content\/uploads\/2025\/06\/IMG-20250624-WA00001.jpg\"><img decoding=\"async\" class=\"attachment-full size-full\" src=\"https:\/\/www.presseinvestigation.com\/wp-content\/uploads\/2025\/06\/IMG-20250624-WA00001.jpg\" alt=\"\" \/><\/a><\/p>\n<p>La deuxi\u00e8me session s\u2019est int\u00e9ress\u00e9e aux solutions technologiques et sociales innovantes, adapt\u00e9es au contexte du bassin, en mettant en lumi\u00e8re des initiatives prometteuses dans les domaines de l\u2019agriculture intelligente, des \u00e9nergies renouvelables et de la gestion des ressources en eau.<\/p>\n<p>\u00a0<\/p>\n<p>Enfin, la troisi\u00e8me session a \u00e9t\u00e9 d\u00e9di\u00e9e aux partenariats pour le financement climatique et \u00e0 la coop\u00e9ration r\u00e9gionale, en explorant de nouveaux leviers financiers et des cadres de collaboration transfrontali\u00e8re.<\/p>\n<p>\u00a0<\/p>\n<p>\u25cf L\u2019inclusion au c\u0153ur de la strat\u00e9gie r\u00e9gionale<\/p>\n<p>\u00a0<\/p>\n<p>Le deuxi\u00e8me et dernier jour, mercredi 18 juin, a \u00e9t\u00e9 consacr\u00e9 \u00e0 l\u2019examen de projets pilotes d\u2019envergure et \u00e0 la gouvernance climatique inclusive. Une place de choix a \u00e9t\u00e9 accord\u00e9e \u00e0 l\u2019implication des jeunes et des femmes, avec des \u00e9changes concrets sur leur r\u00f4le dans les cha\u00eenes de valeur durables et la planification climatique au niveau local.<\/p>\n<p>\u00a0<\/p>\n<p>Dans un souci d\u2019\u00e9quit\u00e9 dans la prise de parole, le Secr\u00e9taire G\u00e9n\u00e9ral de l\u2019OMVS, M. Niokhor N\u2019dour, a prononc\u00e9 le mot de la fin au nom du Haut-commissaire, en mission \u00e0 l\u2019\u00e9tranger. Il a pris soin de donner la parole, tour \u00e0 tour, aux personnalit\u00e9s qui avaient jusqu\u2019alors peu contribu\u00e9 aux d\u00e9bats, dans un geste salu\u00e9 comme un symbole fort de l\u2019esprit participatif de l\u2019OMVS.<\/p>\n<p>\u00a0<\/p>\n<p>\u25cfUne \u00e9tape d\u00e9cisive dans la Vision OMVS 2050<\/p>\n<p>\u00a0<\/p>\n<p>La rencontre de Diama prolonge la dynamique enclench\u00e9e \u00e0 Mamou (Guin\u00e9e) et \u00e0Kayes (Mali), et marque une \u00e9tape d\u00e9terminante dans la concr\u00e9tisation de la Vision OMVS 2050. En transformant le bassin du fleuve S\u00e9n\u00e9gal en espace de r\u00e9silience, d\u2019innovation et de solidarit\u00e9 r\u00e9gionale, l\u2019OMVS r\u00e9affirme sa vocation : faire du fleuve un vecteur de paix, de prosp\u00e9rit\u00e9 partag\u00e9e et de souverainet\u00e9 climatique.<\/p>\n<p>\u00a0<\/p>\n<p>Aboubacar SAKHO<\/p>\n<p>Expert en communication aupr\u00e8s de l\u2019OMVS \u2013 Dakar<\/p>\n","protected":false},"excerpt":{"rendered":"<p>Diama, 19 juin 2025 \u2014 Durant deux jours, les rives du fleuve S\u00e9n\u00e9gal, \u00e0 Diama, ont \u00e9t\u00e9 le th\u00e9\u00e2tre d\u2019une intense mobilisation r\u00e9gionale en faveur du climat, de l\u2019emploi et de l\u2019innovation. Organis\u00e9e les 17 et 18 juin par l\u2019Organisation pour la Mise en Valeur du fleuve S\u00e9n\u00e9gal (OMVS), en partenariat avec le P\u00f4le mondial [&hellip;]<\/p>\n","protected":false},"author":2,"featured_media":9416,"comment_status":"open","ping_status":"open","sticky":false,"template":"","format":"standard","meta":{"jnews-multi-image_gallery":[],"jnews_single_post":[],"jnews_primary_category":[],"footnotes":""},"categories":[88],"tags":[],"class_list":["post-9419","post","type-post","status-publish","format-standard","has-post-thumbnail","hentry","category-pole-actualite-societe"],"yoast_head":"<!-- This site is optimized with the Yoast SEO plugin v27.3 - https:\/\/yoast.com\/product\/yoast-seo-wordpress\/ -->\n<title>Vision OMVS 2050 : \u00c0 Diama, le bassin du fleuve S\u00e9n\u00e9gal s\u2019affirme comme moteur r\u00e9gional de r\u00e9silience climatique, d\u2019emploi et d\u2019innovation - Presseinvestigation<\/title>\n<meta name=\"robots\" content=\"index, follow, max-snippet:-1, max-image-preview:large, max-video-preview:-1\" \/>\n<link rel=\"canonical\" href=\"https:\/\/www.presseinvestigation.com\/index.php\/2025\/06\/24\/vision-omvs-2050-a-diama-le-bassin-du-fleuve-senegal-saffirme-comme-moteur-regional-de-resilience-climatique-demploi-et-dinnovation\/\" \/>\n<meta property=\"og:locale\" content=\"fr_FR\" \/>\n<meta property=\"og:type\" content=\"article\" \/>\n<meta property=\"og:title\" content=\"Vision OMVS 2050 : \u00c0 Diama, le bassin du fleuve S\u00e9n\u00e9gal s\u2019affirme comme moteur r\u00e9gional de r\u00e9silience climatique, d\u2019emploi et d\u2019innovation - Presseinvestigation\" \/>\n<meta property=\"og:description\" content=\"Diama, 19 juin 2025 \u2014 Durant deux jours, les rives du fleuve S\u00e9n\u00e9gal, \u00e0 Diama, ont \u00e9t\u00e9 le th\u00e9\u00e2tre d\u2019une intense mobilisation r\u00e9gionale en faveur du climat, de l\u2019emploi et de l\u2019innovation. Organis\u00e9e les 17 et 18 juin par l\u2019Organisation pour la Mise en Valeur du fleuve S\u00e9n\u00e9gal (OMVS), en partenariat avec le P\u00f4le mondial [&hellip;]\" \/>\n<meta property=\"og:url\" content=\"https:\/\/www.presseinvestigation.com\/index.php\/2025\/06\/24\/vision-omvs-2050-a-diama-le-bassin-du-fleuve-senegal-saffirme-comme-moteur-regional-de-resilience-climatique-demploi-et-dinnovation\/\" \/>\n<meta property=\"og:site_name\" content=\"Presseinvestigation\" \/>\n<meta property=\"article:published_time\" content=\"2025-06-24T11:12:43+00:00\" \/>\n<meta property=\"og:image\" content=\"https:\/\/www.presseinvestigation.com\/wp-content\/uploads\/2025\/06\/IMG-20250624-WA00021.jpg\" \/>\n\t<meta property=\"og:image:width\" content=\"1080\" \/>\n\t<meta property=\"og:image:height\" content=\"719\" \/>\n\t<meta property=\"og:image:type\" content=\"image\/jpeg\" \/>\n<meta name=\"author\" content=\"Presseinvestigation.com\" \/>\n<meta name=\"twitter:card\" content=\"summary_large_image\" \/>\n<meta name=\"twitter:label1\" content=\"\u00c9crit par\" \/>\n\t<meta name=\"twitter:data1\" content=\"Presseinvestigation.com\" \/>\n\t<meta name=\"twitter:label2\" content=\"Dur\u00e9e de lecture estim\u00e9e\" \/>\n\t<meta name=\"twitter:data2\" content=\"4 minutes\" \/>\n<script type=\"application\/ld+json\" class=\"yoast-schema-graph\">{\"@context\":\"https:\\\/\\\/schema.org\",\"@graph\":[{\"@type\":\"Article\",\"@id\":\"https:\\\/\\\/www.presseinvestigation.com\\\/index.php\\\/2025\\\/06\\\/24\\\/vision-omvs-2050-a-diama-le-bassin-du-fleuve-senegal-saffirme-comme-moteur-regional-de-resilience-climatique-demploi-et-dinnovation\\\/#article\",\"isPartOf\":{\"@id\":\"https:\\\/\\\/www.presseinvestigation.com\\\/index.php\\\/2025\\\/06\\\/24\\\/vision-omvs-2050-a-diama-le-bassin-du-fleuve-senegal-saffirme-comme-moteur-regional-de-resilience-climatique-demploi-et-dinnovation\\\/\"},\"author\":{\"name\":\"Presseinvestigation.com\",\"@id\":\"https:\\\/\\\/www.presseinvestigation.com\\\/#\\\/schema\\\/person\\\/32d023733a4a9d7c3bd6883619b8f116\"},\"headline\":\"Vision OMVS 2050 : \u00c0 Diama, le bassin du fleuve S\u00e9n\u00e9gal s\u2019affirme comme moteur r\u00e9gional de r\u00e9silience climatique, d\u2019emploi et d\u2019innovation\",\"datePublished\":\"2025-06-24T11:12:43+00:00\",\"mainEntityOfPage\":{\"@id\":\"https:\\\/\\\/www.presseinvestigation.com\\\/index.php\\\/2025\\\/06\\\/24\\\/vision-omvs-2050-a-diama-le-bassin-du-fleuve-senegal-saffirme-comme-moteur-regional-de-resilience-climatique-demploi-et-dinnovation\\\/\"},\"wordCount\":733,\"commentCount\":0,\"image\":{\"@id\":\"https:\\\/\\\/www.presseinvestigation.com\\\/index.php\\\/2025\\\/06\\\/24\\\/vision-omvs-2050-a-diama-le-bassin-du-fleuve-senegal-saffirme-comme-moteur-regional-de-resilience-climatique-demploi-et-dinnovation\\\/#primaryimage\"},\"thumbnailUrl\":\"https:\\\/\\\/www.presseinvestigation.com\\\/wp-content\\\/uploads\\\/2025\\\/06\\\/IMG-20250624-WA00021.jpg\",\"articleSection\":[\"P\u00f4le Actualit\u00e9-Soci\u00e9t\u00e9\"],\"inLanguage\":\"fr-FR\",\"potentialAction\":[{\"@type\":\"CommentAction\",\"name\":\"Comment\",\"target\":[\"https:\\\/\\\/www.presseinvestigation.com\\\/index.php\\\/2025\\\/06\\\/24\\\/vision-omvs-2050-a-diama-le-bassin-du-fleuve-senegal-saffirme-comme-moteur-regional-de-resilience-climatique-demploi-et-dinnovation\\\/#respond\"]}]},{\"@type\":\"WebPage\",\"@id\":\"https:\\\/\\\/www.presseinvestigation.com\\\/index.php\\\/2025\\\/06\\\/24\\\/vision-omvs-2050-a-diama-le-bassin-du-fleuve-senegal-saffirme-comme-moteur-regional-de-resilience-climatique-demploi-et-dinnovation\\\/\",\"url\":\"https:\\\/\\\/www.presseinvestigation.com\\\/index.php\\\/2025\\\/06\\\/24\\\/vision-omvs-2050-a-diama-le-bassin-du-fleuve-senegal-saffirme-comme-moteur-regional-de-resilience-climatique-demploi-et-dinnovation\\\/\",\"name\":\"Vision OMVS 2050 : \u00c0 Diama, le bassin du fleuve S\u00e9n\u00e9gal s\u2019affirme comme moteur r\u00e9gional de r\u00e9silience climatique, d\u2019emploi et d\u2019innovation - Presseinvestigation\",\"isPartOf\":{\"@id\":\"https:\\\/\\\/www.presseinvestigation.com\\\/#website\"},\"primaryImageOfPage\":{\"@id\":\"https:\\\/\\\/www.presseinvestigation.com\\\/index.php\\\/2025\\\/06\\\/24\\\/vision-omvs-2050-a-diama-le-bassin-du-fleuve-senegal-saffirme-comme-moteur-regional-de-resilience-climatique-demploi-et-dinnovation\\\/#primaryimage\"},\"image\":{\"@id\":\"https:\\\/\\\/www.presseinvestigation.com\\\/index.php\\\/2025\\\/06\\\/24\\\/vision-omvs-2050-a-diama-le-bassin-du-fleuve-senegal-saffirme-comme-moteur-regional-de-resilience-climatique-demploi-et-dinnovation\\\/#primaryimage\"},\"thumbnailUrl\":\"https:\\\/\\\/www.presseinvestigation.com\\\/wp-content\\\/uploads\\\/2025\\\/06\\\/IMG-20250624-WA00021.jpg\",\"datePublished\":\"2025-06-24T11:12:43+00:00\",\"author\":{\"@id\":\"https:\\\/\\\/www.presseinvestigation.com\\\/#\\\/schema\\\/person\\\/32d023733a4a9d7c3bd6883619b8f116\"},\"breadcrumb\":{\"@id\":\"https:\\\/\\\/www.presseinvestigation.com\\\/index.php\\\/2025\\\/06\\\/24\\\/vision-omvs-2050-a-diama-le-bassin-du-fleuve-senegal-saffirme-comme-moteur-regional-de-resilience-climatique-demploi-et-dinnovation\\\/#breadcrumb\"},\"inLanguage\":\"fr-FR\",\"potentialAction\":[{\"@type\":\"ReadAction\",\"target\":[\"https:\\\/\\\/www.presseinvestigation.com\\\/index.php\\\/2025\\\/06\\\/24\\\/vision-omvs-2050-a-diama-le-bassin-du-fleuve-senegal-saffirme-comme-moteur-regional-de-resilience-climatique-demploi-et-dinnovation\\\/\"]}]},{\"@type\":\"ImageObject\",\"inLanguage\":\"fr-FR\",\"@id\":\"https:\\\/\\\/www.presseinvestigation.com\\\/index.php\\\/2025\\\/06\\\/24\\\/vision-omvs-2050-a-diama-le-bassin-du-fleuve-senegal-saffirme-comme-moteur-regional-de-resilience-climatique-demploi-et-dinnovation\\\/#primaryimage\",\"url\":\"https:\\\/\\\/www.presseinvestigation.com\\\/wp-content\\\/uploads\\\/2025\\\/06\\\/IMG-20250624-WA00021.jpg\",\"contentUrl\":\"https:\\\/\\\/www.presseinvestigation.com\\\/wp-content\\\/uploads\\\/2025\\\/06\\\/IMG-20250624-WA00021.jpg\",\"width\":1080,\"height\":719},{\"@type\":\"BreadcrumbList\",\"@id\":\"https:\\\/\\\/www.presseinvestigation.com\\\/index.php\\\/2025\\\/06\\\/24\\\/vision-omvs-2050-a-diama-le-bassin-du-fleuve-senegal-saffirme-comme-moteur-regional-de-resilience-climatique-demploi-et-dinnovation\\\/#breadcrumb\",\"itemListElement\":[{\"@type\":\"ListItem\",\"position\":1,\"name\":\"Accueil\",\"item\":\"https:\\\/\\\/www.presseinvestigation.com\\\/\"},{\"@type\":\"ListItem\",\"position\":2,\"name\":\"Vision OMVS 2050 : \u00c0 Diama, le bassin du fleuve S\u00e9n\u00e9gal s\u2019affirme comme moteur r\u00e9gional de r\u00e9silience climatique, d\u2019emploi et d\u2019innovation\"}]},{\"@type\":\"WebSite\",\"@id\":\"https:\\\/\\\/www.presseinvestigation.com\\\/#website\",\"url\":\"https:\\\/\\\/www.presseinvestigation.com\\\/\",\"name\":\"Presseinvestigation\",\"description\":\"Informer dans l&#039;impartialit\u00e9\",\"potentialAction\":[{\"@type\":\"SearchAction\",\"target\":{\"@type\":\"EntryPoint\",\"urlTemplate\":\"https:\\\/\\\/www.presseinvestigation.com\\\/?s={search_term_string}\"},\"query-input\":{\"@type\":\"PropertyValueSpecification\",\"valueRequired\":true,\"valueName\":\"search_term_string\"}}],\"inLanguage\":\"fr-FR\"},{\"@type\":\"Person\",\"@id\":\"https:\\\/\\\/www.presseinvestigation.com\\\/#\\\/schema\\\/person\\\/32d023733a4a9d7c3bd6883619b8f116\",\"name\":\"Presseinvestigation.com\",\"image\":{\"@type\":\"ImageObject\",\"inLanguage\":\"fr-FR\",\"@id\":\"https:\\\/\\\/secure.gravatar.com\\\/avatar\\\/26f9c9e95424b0bde739ba0af37ee39a9e4a9e809967422c5b8e8573a34fbbe0?s=96&d=mm&r=g\",\"url\":\"https:\\\/\\\/secure.gravatar.com\\\/avatar\\\/26f9c9e95424b0bde739ba0af37ee39a9e4a9e809967422c5b8e8573a34fbbe0?s=96&d=mm&r=g\",\"contentUrl\":\"https:\\\/\\\/secure.gravatar.com\\\/avatar\\\/26f9c9e95424b0bde739ba0af37ee39a9e4a9e809967422c5b8e8573a34fbbe0?s=96&d=mm&r=g\",\"caption\":\"Presseinvestigation.com\"},\"url\":\"https:\\\/\\\/www.presseinvestigation.com\\\/index.php\\\/author\\\/toumany\\\/\"}]}<\/script>\n<!-- \/ Yoast SEO plugin. -->","yoast_head_json":{"title":"Vision OMVS 2050 : \u00c0 Diama, le bassin du fleuve S\u00e9n\u00e9gal s\u2019affirme comme moteur r\u00e9gional de r\u00e9silience climatique, d\u2019emploi et d\u2019innovation - Presseinvestigation","robots":{"index":"index","follow":"follow","max-snippet":"max-snippet:-1","max-image-preview":"max-image-preview:large","max-video-preview":"max-video-preview:-1"},"canonical":"https:\/\/www.presseinvestigation.com\/index.php\/2025\/06\/24\/vision-omvs-2050-a-diama-le-bassin-du-fleuve-senegal-saffirme-comme-moteur-regional-de-resilience-climatique-demploi-et-dinnovation\/","og_locale":"fr_FR","og_type":"article","og_title":"Vision OMVS 2050 : \u00c0 Diama, le bassin du fleuve S\u00e9n\u00e9gal s\u2019affirme comme moteur r\u00e9gional de r\u00e9silience climatique, d\u2019emploi et d\u2019innovation - Presseinvestigation","og_description":"Diama, 19 juin 2025 \u2014 Durant deux jours, les rives du fleuve S\u00e9n\u00e9gal, \u00e0 Diama, ont \u00e9t\u00e9 le th\u00e9\u00e2tre d\u2019une intense mobilisation r\u00e9gionale en faveur du climat, de l\u2019emploi et de l\u2019innovation. Organis\u00e9e les 17 et 18 juin par l\u2019Organisation pour la Mise en Valeur du fleuve S\u00e9n\u00e9gal (OMVS), en partenariat avec le P\u00f4le mondial [&hellip;]","og_url":"https:\/\/www.presseinvestigation.com\/index.php\/2025\/06\/24\/vision-omvs-2050-a-diama-le-bassin-du-fleuve-senegal-saffirme-comme-moteur-regional-de-resilience-climatique-demploi-et-dinnovation\/","og_site_name":"Presseinvestigation","article_published_time":"2025-06-24T11:12:43+00:00","og_image":[{"width":1080,"height":719,"url":"https:\/\/www.presseinvestigation.com\/wp-content\/uploads\/2025\/06\/IMG-20250624-WA00021.jpg","type":"image\/jpeg"}],"author":"Presseinvestigation.com","twitter_card":"summary_large_image","twitter_misc":{"\u00c9crit par":"Presseinvestigation.com","Dur\u00e9e de lecture estim\u00e9e":"4 minutes"},"schema":{"@context":"https:\/\/schema.org","@graph":[{"@type":"Article","@id":"https:\/\/www.presseinvestigation.com\/index.php\/2025\/06\/24\/vision-omvs-2050-a-diama-le-bassin-du-fleuve-senegal-saffirme-comme-moteur-regional-de-resilience-climatique-demploi-et-dinnovation\/#article","isPartOf":{"@id":"https:\/\/www.presseinvestigation.com\/index.php\/2025\/06\/24\/vision-omvs-2050-a-diama-le-bassin-du-fleuve-senegal-saffirme-comme-moteur-regional-de-resilience-climatique-demploi-et-dinnovation\/"},"author":{"name":"Presseinvestigation.com","@id":"https:\/\/www.presseinvestigation.com\/#\/schema\/person\/32d023733a4a9d7c3bd6883619b8f116"},"headline":"Vision OMVS 2050 : \u00c0 Diama, le bassin du fleuve S\u00e9n\u00e9gal s\u2019affirme comme moteur r\u00e9gional de r\u00e9silience climatique, d\u2019emploi et d\u2019innovation","datePublished":"2025-06-24T11:12:43+00:00","mainEntityOfPage":{"@id":"https:\/\/www.presseinvestigation.com\/index.php\/2025\/06\/24\/vision-omvs-2050-a-diama-le-bassin-du-fleuve-senegal-saffirme-comme-moteur-regional-de-resilience-climatique-demploi-et-dinnovation\/"},"wordCount":733,"commentCount":0,"image":{"@id":"https:\/\/www.presseinvestigation.com\/index.php\/2025\/06\/24\/vision-omvs-2050-a-diama-le-bassin-du-fleuve-senegal-saffirme-comme-moteur-regional-de-resilience-climatique-demploi-et-dinnovation\/#primaryimage"},"thumbnailUrl":"https:\/\/www.presseinvestigation.com\/wp-content\/uploads\/2025\/06\/IMG-20250624-WA00021.jpg","articleSection":["P\u00f4le Actualit\u00e9-Soci\u00e9t\u00e9"],"inLanguage":"fr-FR","potentialAction":[{"@type":"CommentAction","name":"Comment","target":["https:\/\/www.presseinvestigation.com\/index.php\/2025\/06\/24\/vision-omvs-2050-a-diama-le-bassin-du-fleuve-senegal-saffirme-comme-moteur-regional-de-resilience-climatique-demploi-et-dinnovation\/#respond"]}]},{"@type":"WebPage","@id":"https:\/\/www.presseinvestigation.com\/index.php\/2025\/06\/24\/vision-omvs-2050-a-diama-le-bassin-du-fleuve-senegal-saffirme-comme-moteur-regional-de-resilience-climatique-demploi-et-dinnovation\/","url":"https:\/\/www.presseinvestigation.com\/index.php\/2025\/06\/24\/vision-omvs-2050-a-diama-le-bassin-du-fleuve-senegal-saffirme-comme-moteur-regional-de-resilience-climatique-demploi-et-dinnovation\/","name":"Vision OMVS 2050 : \u00c0 Diama, le bassin du fleuve S\u00e9n\u00e9gal s\u2019affirme comme moteur r\u00e9gional de r\u00e9silience climatique, d\u2019emploi et d\u2019innovation - Presseinvestigation","isPartOf":{"@id":"https:\/\/www.presseinvestigation.com\/#website"},"primaryImageOfPage":{"@id":"https:\/\/www.presseinvestigation.com\/index.php\/2025\/06\/24\/vision-omvs-2050-a-diama-le-bassin-du-fleuve-senegal-saffirme-comme-moteur-regional-de-resilience-climatique-demploi-et-dinnovation\/#primaryimage"},"image":{"@id":"https:\/\/www.presseinvestigation.com\/index.php\/2025\/06\/24\/vision-omvs-2050-a-diama-le-bassin-du-fleuve-senegal-saffirme-comme-moteur-regional-de-resilience-climatique-demploi-et-dinnovation\/#primaryimage"},"thumbnailUrl":"https:\/\/www.presseinvestigation.com\/wp-content\/uploads\/2025\/06\/IMG-20250624-WA00021.jpg","datePublished":"2025-06-24T11:12:43+00:00","author":{"@id":"https:\/\/www.presseinvestigation.com\/#\/schema\/person\/32d023733a4a9d7c3bd6883619b8f116"},"breadcrumb":{"@id":"https:\/\/www.presseinvestigation.com\/index.php\/2025\/06\/24\/vision-omvs-2050-a-diama-le-bassin-du-fleuve-senegal-saffirme-comme-moteur-regional-de-resilience-climatique-demploi-et-dinnovation\/#breadcrumb"},"inLanguage":"fr-FR","potentialAction":[{"@type":"ReadAction","target":["https:\/\/www.presseinvestigation.com\/index.php\/2025\/06\/24\/vision-omvs-2050-a-diama-le-bassin-du-fleuve-senegal-saffirme-comme-moteur-regional-de-resilience-climatique-demploi-et-dinnovation\/"]}]},{"@type":"ImageObject","inLanguage":"fr-FR","@id":"https:\/\/www.presseinvestigation.com\/index.php\/2025\/06\/24\/vision-omvs-2050-a-diama-le-bassin-du-fleuve-senegal-saffirme-comme-moteur-regional-de-resilience-climatique-demploi-et-dinnovation\/#primaryimage","url":"https:\/\/www.presseinvestigation.com\/wp-content\/uploads\/2025\/06\/IMG-20250624-WA00021.jpg","contentUrl":"https:\/\/www.presseinvestigation.com\/wp-content\/uploads\/2025\/06\/IMG-20250624-WA00021.jpg","width":1080,"height":719},{"@type":"BreadcrumbList","@id":"https:\/\/www.presseinvestigation.com\/index.php\/2025\/06\/24\/vision-omvs-2050-a-diama-le-bassin-du-fleuve-senegal-saffirme-comme-moteur-regional-de-resilience-climatique-demploi-et-dinnovation\/#breadcrumb","itemListElement":[{"@type":"ListItem","position":1,"name":"Accueil","item":"https:\/\/www.presseinvestigation.com\/"},{"@type":"ListItem","position":2,"name":"Vision OMVS 2050 : \u00c0 Diama, le bassin du fleuve S\u00e9n\u00e9gal s\u2019affirme comme moteur r\u00e9gional de r\u00e9silience climatique, d\u2019emploi et d\u2019innovation"}]},{"@type":"WebSite","@id":"https:\/\/www.presseinvestigation.com\/#website","url":"https:\/\/www.presseinvestigation.com\/","name":"Presseinvestigation","description":"Informer dans l&#039;impartialit\u00e9","potentialAction":[{"@type":"SearchAction","target":{"@type":"EntryPoint","urlTemplate":"https:\/\/www.presseinvestigation.com\/?s={search_term_string}"},"query-input":{"@type":"PropertyValueSpecification","valueRequired":true,"valueName":"search_term_string"}}],"inLanguage":"fr-FR"},{"@type":"Person","@id":"https:\/\/www.presseinvestigation.com\/#\/schema\/person\/32d023733a4a9d7c3bd6883619b8f116","name":"Presseinvestigation.com","image":{"@type":"ImageObject","inLanguage":"fr-FR","@id":"https:\/\/secure.gravatar.com\/avatar\/26f9c9e95424b0bde739ba0af37ee39a9e4a9e809967422c5b8e8573a34fbbe0?s=96&d=mm&r=g","url":"https:\/\/secure.gravatar.com\/avatar\/26f9c9e95424b0bde739ba0af37ee39a9e4a9e809967422c5b8e8573a34fbbe0?s=96&d=mm&r=g","contentUrl":"https:\/\/secure.gravatar.com\/avatar\/26f9c9e95424b0bde739ba0af37ee39a9e4a9e809967422c5b8e8573a34fbbe0?s=96&d=mm&r=g","caption":"Presseinvestigation.com"},"url":"https:\/\/www.presseinvestigation.com\/index.php\/author\/toumany\/"}]}},"_links":{"self":[{"href":"https:\/\/www.presseinvestigation.com\/index.php\/wp-json\/wp\/v2\/posts\/9419","targetHints":{"allow":["GET"]}}],"collection":[{"href":"https:\/\/www.presseinvestigation.com\/index.php\/wp-json\/wp\/v2\/posts"}],"about":[{"href":"https:\/\/www.presseinvestigation.com\/index.php\/wp-json\/wp\/v2\/types\/post"}],"author":[{"embeddable":true,"href":"https:\/\/www.presseinvestigation.com\/index.php\/wp-json\/wp\/v2\/users\/2"}],"replies":[{"embeddable":true,"href":"https:\/\/www.presseinvestigation.com\/index.php\/wp-json\/wp\/v2\/comments?post=9419"}],"version-history":[{"count":1,"href":"https:\/\/www.presseinvestigation.com\/index.php\/wp-json\/wp\/v2\/posts\/9419\/revisions"}],"predecessor-version":[{"id":9420,"href":"https:\/\/www.presseinvestigation.com\/index.php\/wp-json\/wp\/v2\/posts\/9419\/revisions\/9420"}],"wp:featuredmedia":[{"embeddable":true,"href":"https:\/\/www.presseinvestigation.com\/index.php\/wp-json\/wp\/v2\/media\/9416"}],"wp:attachment":[{"href":"https:\/\/www.presseinvestigation.com\/index.php\/wp-json\/wp\/v2\/media?parent=9419"}],"wp:term":[{"taxonomy":"category","embeddable":true,"href":"https:\/\/www.presseinvestigation.com\/index.php\/wp-json\/wp\/v2\/categories?post=9419"},{"taxonomy":"post_tag","embeddable":true,"href":"https:\/\/www.presseinvestigation.com\/index.php\/wp-json\/wp\/v2\/tags?post=9419"}],"curies":[{"name":"wp","href":"https:\/\/api.w.org\/{rel}","templated":true}]}}