{"id":9506,"date":"2025-07-27T17:03:53","date_gmt":"2025-07-27T15:03:53","guid":{"rendered":"https:\/\/www.presseinvestigation.com\/index.php\/2025\/07\/27\/lanaim-en-mission-de-vulgarisation-du-projet-de-nouvelle-constitution-a-forecariah-une-etape-marquee-par-lechange-et-la-cohesion\/"},"modified":"2025-07-27T17:03:53","modified_gmt":"2025-07-27T15:03:53","slug":"lanaim-en-mission-de-vulgarisation-du-projet-de-nouvelle-constitution-a-forecariah-une-etape-marquee-par-lechange-et-la-cohesion","status":"publish","type":"post","link":"https:\/\/www.presseinvestigation.com\/index.php\/2025\/07\/27\/lanaim-en-mission-de-vulgarisation-du-projet-de-nouvelle-constitution-a-forecariah-une-etape-marquee-par-lechange-et-la-cohesion\/","title":{"rendered":"L\u2019ANAIM en mission de vulgarisation du projet de Nouvelle Constitution \u00e0 For\u00e9cariah : une \u00e9tape marqu\u00e9e par l\u2019\u00e9change et la coh\u00e9sion"},"content":{"rendered":"<p>Une forte d\u00e9l\u00e9gation de la Direction G\u00e9n\u00e9rale de l\u2019ANAIM, conduite par son Directeur G\u00e9n\u00e9ral M. Aly Damalaye COND\u00c9, a effectu\u00e9, ce vendredi 25 juillet 2025, une mission de vulgarisation et de sensibilisation du projet de la nouvelle Constitution dans la pr\u00e9fecture de For\u00e9cariah.<\/p>\n<p><a href=\"https:\/\/www.presseinvestigation.com\/wp-content\/uploads\/2025\/07\/WhatsApp-Image-2025-07-25-at-12.16.081.jpeg\"><img decoding=\"async\" class=\"attachment-full size-full\" src=\"https:\/\/www.presseinvestigation.com\/wp-content\/uploads\/2025\/07\/WhatsApp-Image-2025-07-25-at-12.16.081.jpeg\" alt=\"\" \/><\/a><\/p>\n<p>D\u00e8s les premi\u00e8res heures de la matin\u00e9e, la d\u00e9l\u00e9gation a \u00e9t\u00e9 accueillie par la Cellule ANAIM de Konta, avant d\u2019\u00eatre re\u00e7ue par les autorit\u00e9s locales. Le Pr\u00e9fet de For\u00e9cariah, le Maire ainsi que les autorit\u00e9s morales ont salu\u00e9 l\u2019initiative citoyenne port\u00e9e par l\u2019ANAIM, qui s\u2019inscrit pleinement dans l\u2019effort national d\u2019information et de vulgarisation du texte constitutionnel .<\/p>\n<p><a href=\"https:\/\/www.presseinvestigation.com\/wp-content\/uploads\/2025\/07\/WhatsApp-Image-2025-07-25-at-12.16.072-e1753446243953.jpeg\"><img decoding=\"async\" class=\"attachment-full size-full\" src=\"https:\/\/www.presseinvestigation.com\/wp-content\/uploads\/2025\/07\/WhatsApp-Image-2025-07-25-at-12.16.072-e1753446243953.jpeg\" alt=\"\" \/><\/a><\/p>\n<p>La rencontre a permis de pr\u00e9senter le journal Horoya, sponsoris\u00e9 par l\u2019ANAIM, contenant l\u2019int\u00e9gralit\u00e9 du projet de Nouvelle Constitution. Outre la distribution du projet \u00e0 toutes les \u00e9tapes de la tourn\u00e9e, le Directeur G\u00e9n\u00e9ral, Aly Damalaye COND\u00c9 a mis l\u2019accent sur l\u2019importance des grandes innovations contenues dans le projet Constitutionnel pour l\u2019avenir institutionnel du pays.<\/p>\n<p><a href=\"https:\/\/www.presseinvestigation.com\/wp-content\/uploads\/2025\/07\/WhatsApp-Image-2025-07-25-at-12.16.08.jpeg\"><img decoding=\"async\" class=\"attachment-full size-full\" src=\"https:\/\/www.presseinvestigation.com\/wp-content\/uploads\/2025\/07\/WhatsApp-Image-2025-07-25-at-12.16.08.jpeg\" alt=\"\" \/><\/a><\/p>\n<p>Le moment fort de cette mission fut la rencontre avec la communaut\u00e9 de Konta, o\u00f9 la d\u00e9l\u00e9gation a \u00e9chang\u00e9 avec les habitants, dans une ambiance conviviale et respectueuse. Les sages, les jeunes, les femmes et autres repr\u00e9sentants communautaires ont manifest\u00e9 leur reconnaissance pour cette d\u00e9marche citoyenne et inclusive.<\/p>\n<p><a href=\"https:\/\/www.presseinvestigation.com\/wp-content\/uploads\/2025\/07\/WhatsApp-Image-2025-07-25-at-12.16.09.jpeg\"><img decoding=\"async\" class=\"attachment-full size-full\" src=\"https:\/\/www.presseinvestigation.com\/wp-content\/uploads\/2025\/07\/WhatsApp-Image-2025-07-25-at-12.16.09.jpeg\" alt=\"\" \/><\/a><\/p>\n<p>\u00c0 travers cette tourn\u00e9e, l\u2019ANAIM r\u00e9affirme son engagement aux c\u00f4t\u00e9s de l\u2019\u00c9tat pour accompagner les initiatives r\u00e9publicaines et renforcer la coh\u00e9sion nationale \u00e0 travers une communication de proximit\u00e9.<\/p>\n<p><strong>D\u00e9partement Communication et Relations Publiques<\/strong><\/p>\n","protected":false},"excerpt":{"rendered":"<p>Une forte d\u00e9l\u00e9gation de la Direction G\u00e9n\u00e9rale de l\u2019ANAIM, conduite par son Directeur G\u00e9n\u00e9ral M. Aly Damalaye COND\u00c9, a effectu\u00e9, ce vendredi 25 juillet 2025, une mission de vulgarisation et de sensibilisation du projet de la nouvelle Constitution dans la pr\u00e9fecture de For\u00e9cariah. D\u00e8s les premi\u00e8res heures de la matin\u00e9e, la d\u00e9l\u00e9gation a \u00e9t\u00e9 accueillie [&hellip;]<\/p>\n","protected":false},"author":1,"featured_media":9501,"comment_status":"open","ping_status":"open","sticky":false,"template":"","format":"standard","meta":{"jnews-multi-image_gallery":[],"jnews_single_post":[],"jnews_primary_category":[],"footnotes":""},"categories":[77],"tags":[],"class_list":["post-9506","post","type-post","status-publish","format-standard","has-post-thumbnail","hentry","category-publi-reportage"],"yoast_head":"<!-- This site is optimized with the Yoast SEO plugin v27.3 - https:\/\/yoast.com\/product\/yoast-seo-wordpress\/ -->\n<title>L\u2019ANAIM en mission de vulgarisation du projet de Nouvelle Constitution \u00e0 For\u00e9cariah : une \u00e9tape marqu\u00e9e par l\u2019\u00e9change et la coh\u00e9sion - Presseinvestigation<\/title>\n<meta name=\"robots\" content=\"index, follow, max-snippet:-1, max-image-preview:large, max-video-preview:-1\" \/>\n<link rel=\"canonical\" href=\"https:\/\/www.presseinvestigation.com\/index.php\/2025\/07\/27\/lanaim-en-mission-de-vulgarisation-du-projet-de-nouvelle-constitution-a-forecariah-une-etape-marquee-par-lechange-et-la-cohesion\/\" \/>\n<meta property=\"og:locale\" content=\"fr_FR\" \/>\n<meta property=\"og:type\" content=\"article\" \/>\n<meta property=\"og:title\" content=\"L\u2019ANAIM en mission de vulgarisation du projet de Nouvelle Constitution \u00e0 For\u00e9cariah : une \u00e9tape marqu\u00e9e par l\u2019\u00e9change et la coh\u00e9sion - Presseinvestigation\" \/>\n<meta property=\"og:description\" content=\"Une forte d\u00e9l\u00e9gation de la Direction G\u00e9n\u00e9rale de l\u2019ANAIM, conduite par son Directeur G\u00e9n\u00e9ral M. Aly Damalaye COND\u00c9, a effectu\u00e9, ce vendredi 25 juillet 2025, une mission de vulgarisation et de sensibilisation du projet de la nouvelle Constitution dans la pr\u00e9fecture de For\u00e9cariah. D\u00e8s les premi\u00e8res heures de la matin\u00e9e, la d\u00e9l\u00e9gation a \u00e9t\u00e9 accueillie [&hellip;]\" \/>\n<meta property=\"og:url\" content=\"https:\/\/www.presseinvestigation.com\/index.php\/2025\/07\/27\/lanaim-en-mission-de-vulgarisation-du-projet-de-nouvelle-constitution-a-forecariah-une-etape-marquee-par-lechange-et-la-cohesion\/\" \/>\n<meta property=\"og:site_name\" content=\"Presseinvestigation\" \/>\n<meta property=\"article:published_time\" content=\"2025-07-27T15:03:53+00:00\" \/>\n<meta property=\"og:image\" content=\"https:\/\/www.presseinvestigation.com\/wp-content\/uploads\/2025\/07\/WhatsApp-Image-2025-07-25-at-12.16.091.jpeg\" \/>\n\t<meta property=\"og:image:width\" content=\"1000\" \/>\n\t<meta property=\"og:image:height\" content=\"750\" \/>\n\t<meta property=\"og:image:type\" content=\"image\/jpeg\" \/>\n<meta name=\"author\" content=\"Presseinvestigation.com\" \/>\n<meta name=\"twitter:card\" content=\"summary_large_image\" \/>\n<meta name=\"twitter:label1\" content=\"\u00c9crit par\" \/>\n\t<meta name=\"twitter:data1\" content=\"Presseinvestigation.com\" \/>\n\t<meta name=\"twitter:label2\" content=\"Dur\u00e9e de lecture estim\u00e9e\" \/>\n\t<meta name=\"twitter:data2\" content=\"1 minute\" \/>\n<script type=\"application\/ld+json\" class=\"yoast-schema-graph\">{\"@context\":\"https:\\\/\\\/schema.org\",\"@graph\":[{\"@type\":\"Article\",\"@id\":\"https:\\\/\\\/www.presseinvestigation.com\\\/index.php\\\/2025\\\/07\\\/27\\\/lanaim-en-mission-de-vulgarisation-du-projet-de-nouvelle-constitution-a-forecariah-une-etape-marquee-par-lechange-et-la-cohesion\\\/#article\",\"isPartOf\":{\"@id\":\"https:\\\/\\\/www.presseinvestigation.com\\\/index.php\\\/2025\\\/07\\\/27\\\/lanaim-en-mission-de-vulgarisation-du-projet-de-nouvelle-constitution-a-forecariah-une-etape-marquee-par-lechange-et-la-cohesion\\\/\"},\"author\":{\"name\":\"Presseinvestigation.com\",\"@id\":\"https:\\\/\\\/www.presseinvestigation.com\\\/#\\\/schema\\\/person\\\/a1029d031d336f4e888009a1d2c4740a\"},\"headline\":\"L\u2019ANAIM en mission de vulgarisation du projet de Nouvelle Constitution \u00e0 For\u00e9cariah : une \u00e9tape marqu\u00e9e par l\u2019\u00e9change et la coh\u00e9sion\",\"datePublished\":\"2025-07-27T15:03:53+00:00\",\"mainEntityOfPage\":{\"@id\":\"https:\\\/\\\/www.presseinvestigation.com\\\/index.php\\\/2025\\\/07\\\/27\\\/lanaim-en-mission-de-vulgarisation-du-projet-de-nouvelle-constitution-a-forecariah-une-etape-marquee-par-lechange-et-la-cohesion\\\/\"},\"wordCount\":303,\"commentCount\":0,\"image\":{\"@id\":\"https:\\\/\\\/www.presseinvestigation.com\\\/index.php\\\/2025\\\/07\\\/27\\\/lanaim-en-mission-de-vulgarisation-du-projet-de-nouvelle-constitution-a-forecariah-une-etape-marquee-par-lechange-et-la-cohesion\\\/#primaryimage\"},\"thumbnailUrl\":\"https:\\\/\\\/www.presseinvestigation.com\\\/wp-content\\\/uploads\\\/2025\\\/07\\\/WhatsApp-Image-2025-07-25-at-12.16.091.jpeg\",\"articleSection\":[\"publi-reportage\"],\"inLanguage\":\"fr-FR\",\"potentialAction\":[{\"@type\":\"CommentAction\",\"name\":\"Comment\",\"target\":[\"https:\\\/\\\/www.presseinvestigation.com\\\/index.php\\\/2025\\\/07\\\/27\\\/lanaim-en-mission-de-vulgarisation-du-projet-de-nouvelle-constitution-a-forecariah-une-etape-marquee-par-lechange-et-la-cohesion\\\/#respond\"]}]},{\"@type\":\"WebPage\",\"@id\":\"https:\\\/\\\/www.presseinvestigation.com\\\/index.php\\\/2025\\\/07\\\/27\\\/lanaim-en-mission-de-vulgarisation-du-projet-de-nouvelle-constitution-a-forecariah-une-etape-marquee-par-lechange-et-la-cohesion\\\/\",\"url\":\"https:\\\/\\\/www.presseinvestigation.com\\\/index.php\\\/2025\\\/07\\\/27\\\/lanaim-en-mission-de-vulgarisation-du-projet-de-nouvelle-constitution-a-forecariah-une-etape-marquee-par-lechange-et-la-cohesion\\\/\",\"name\":\"L\u2019ANAIM en mission de vulgarisation du projet de Nouvelle Constitution \u00e0 For\u00e9cariah : une \u00e9tape marqu\u00e9e par l\u2019\u00e9change et la coh\u00e9sion - Presseinvestigation\",\"isPartOf\":{\"@id\":\"https:\\\/\\\/www.presseinvestigation.com\\\/#website\"},\"primaryImageOfPage\":{\"@id\":\"https:\\\/\\\/www.presseinvestigation.com\\\/index.php\\\/2025\\\/07\\\/27\\\/lanaim-en-mission-de-vulgarisation-du-projet-de-nouvelle-constitution-a-forecariah-une-etape-marquee-par-lechange-et-la-cohesion\\\/#primaryimage\"},\"image\":{\"@id\":\"https:\\\/\\\/www.presseinvestigation.com\\\/index.php\\\/2025\\\/07\\\/27\\\/lanaim-en-mission-de-vulgarisation-du-projet-de-nouvelle-constitution-a-forecariah-une-etape-marquee-par-lechange-et-la-cohesion\\\/#primaryimage\"},\"thumbnailUrl\":\"https:\\\/\\\/www.presseinvestigation.com\\\/wp-content\\\/uploads\\\/2025\\\/07\\\/WhatsApp-Image-2025-07-25-at-12.16.091.jpeg\",\"datePublished\":\"2025-07-27T15:03:53+00:00\",\"author\":{\"@id\":\"https:\\\/\\\/www.presseinvestigation.com\\\/#\\\/schema\\\/person\\\/a1029d031d336f4e888009a1d2c4740a\"},\"breadcrumb\":{\"@id\":\"https:\\\/\\\/www.presseinvestigation.com\\\/index.php\\\/2025\\\/07\\\/27\\\/lanaim-en-mission-de-vulgarisation-du-projet-de-nouvelle-constitution-a-forecariah-une-etape-marquee-par-lechange-et-la-cohesion\\\/#breadcrumb\"},\"inLanguage\":\"fr-FR\",\"potentialAction\":[{\"@type\":\"ReadAction\",\"target\":[\"https:\\\/\\\/www.presseinvestigation.com\\\/index.php\\\/2025\\\/07\\\/27\\\/lanaim-en-mission-de-vulgarisation-du-projet-de-nouvelle-constitution-a-forecariah-une-etape-marquee-par-lechange-et-la-cohesion\\\/\"]}]},{\"@type\":\"ImageObject\",\"inLanguage\":\"fr-FR\",\"@id\":\"https:\\\/\\\/www.presseinvestigation.com\\\/index.php\\\/2025\\\/07\\\/27\\\/lanaim-en-mission-de-vulgarisation-du-projet-de-nouvelle-constitution-a-forecariah-une-etape-marquee-par-lechange-et-la-cohesion\\\/#primaryimage\",\"url\":\"https:\\\/\\\/www.presseinvestigation.com\\\/wp-content\\\/uploads\\\/2025\\\/07\\\/WhatsApp-Image-2025-07-25-at-12.16.091.jpeg\",\"contentUrl\":\"https:\\\/\\\/www.presseinvestigation.com\\\/wp-content\\\/uploads\\\/2025\\\/07\\\/WhatsApp-Image-2025-07-25-at-12.16.091.jpeg\",\"width\":1000,\"height\":750},{\"@type\":\"BreadcrumbList\",\"@id\":\"https:\\\/\\\/www.presseinvestigation.com\\\/index.php\\\/2025\\\/07\\\/27\\\/lanaim-en-mission-de-vulgarisation-du-projet-de-nouvelle-constitution-a-forecariah-une-etape-marquee-par-lechange-et-la-cohesion\\\/#breadcrumb\",\"itemListElement\":[{\"@type\":\"ListItem\",\"position\":1,\"name\":\"Accueil\",\"item\":\"https:\\\/\\\/www.presseinvestigation.com\\\/\"},{\"@type\":\"ListItem\",\"position\":2,\"name\":\"L\u2019ANAIM en mission de vulgarisation du projet de Nouvelle Constitution \u00e0 For\u00e9cariah : une \u00e9tape marqu\u00e9e par l\u2019\u00e9change et la coh\u00e9sion\"}]},{\"@type\":\"WebSite\",\"@id\":\"https:\\\/\\\/www.presseinvestigation.com\\\/#website\",\"url\":\"https:\\\/\\\/www.presseinvestigation.com\\\/\",\"name\":\"Presseinvestigation\",\"description\":\"Informer dans l&#039;impartialit\u00e9\",\"potentialAction\":[{\"@type\":\"SearchAction\",\"target\":{\"@type\":\"EntryPoint\",\"urlTemplate\":\"https:\\\/\\\/www.presseinvestigation.com\\\/?s={search_term_string}\"},\"query-input\":{\"@type\":\"PropertyValueSpecification\",\"valueRequired\":true,\"valueName\":\"search_term_string\"}}],\"inLanguage\":\"fr-FR\"},{\"@type\":\"Person\",\"@id\":\"https:\\\/\\\/www.presseinvestigation.com\\\/#\\\/schema\\\/person\\\/a1029d031d336f4e888009a1d2c4740a\",\"name\":\"Presseinvestigation.com\",\"image\":{\"@type\":\"ImageObject\",\"inLanguage\":\"fr-FR\",\"@id\":\"https:\\\/\\\/secure.gravatar.com\\\/avatar\\\/c0faa0f472c43eff99fecb0bd2a1c6782e80a162c9fcb7ed2d48bb42ea619f30?s=96&d=mm&r=g\",\"url\":\"https:\\\/\\\/secure.gravatar.com\\\/avatar\\\/c0faa0f472c43eff99fecb0bd2a1c6782e80a162c9fcb7ed2d48bb42ea619f30?s=96&d=mm&r=g\",\"contentUrl\":\"https:\\\/\\\/secure.gravatar.com\\\/avatar\\\/c0faa0f472c43eff99fecb0bd2a1c6782e80a162c9fcb7ed2d48bb42ea619f30?s=96&d=mm&r=g\",\"caption\":\"Presseinvestigation.com\"},\"sameAs\":[\"https:\\\/\\\/www.presseinvestigation.com\"],\"url\":\"https:\\\/\\\/www.presseinvestigation.com\\\/index.php\\\/author\\\/medbi2011\\\/\"}]}<\/script>\n<!-- \/ Yoast SEO plugin. -->","yoast_head_json":{"title":"L\u2019ANAIM en mission de vulgarisation du projet de Nouvelle Constitution \u00e0 For\u00e9cariah : une \u00e9tape marqu\u00e9e par l\u2019\u00e9change et la coh\u00e9sion - Presseinvestigation","robots":{"index":"index","follow":"follow","max-snippet":"max-snippet:-1","max-image-preview":"max-image-preview:large","max-video-preview":"max-video-preview:-1"},"canonical":"https:\/\/www.presseinvestigation.com\/index.php\/2025\/07\/27\/lanaim-en-mission-de-vulgarisation-du-projet-de-nouvelle-constitution-a-forecariah-une-etape-marquee-par-lechange-et-la-cohesion\/","og_locale":"fr_FR","og_type":"article","og_title":"L\u2019ANAIM en mission de vulgarisation du projet de Nouvelle Constitution \u00e0 For\u00e9cariah : une \u00e9tape marqu\u00e9e par l\u2019\u00e9change et la coh\u00e9sion - Presseinvestigation","og_description":"Une forte d\u00e9l\u00e9gation de la Direction G\u00e9n\u00e9rale de l\u2019ANAIM, conduite par son Directeur G\u00e9n\u00e9ral M. Aly Damalaye COND\u00c9, a effectu\u00e9, ce vendredi 25 juillet 2025, une mission de vulgarisation et de sensibilisation du projet de la nouvelle Constitution dans la pr\u00e9fecture de For\u00e9cariah. D\u00e8s les premi\u00e8res heures de la matin\u00e9e, la d\u00e9l\u00e9gation a \u00e9t\u00e9 accueillie [&hellip;]","og_url":"https:\/\/www.presseinvestigation.com\/index.php\/2025\/07\/27\/lanaim-en-mission-de-vulgarisation-du-projet-de-nouvelle-constitution-a-forecariah-une-etape-marquee-par-lechange-et-la-cohesion\/","og_site_name":"Presseinvestigation","article_published_time":"2025-07-27T15:03:53+00:00","og_image":[{"width":1000,"height":750,"url":"https:\/\/www.presseinvestigation.com\/wp-content\/uploads\/2025\/07\/WhatsApp-Image-2025-07-25-at-12.16.091.jpeg","type":"image\/jpeg"}],"author":"Presseinvestigation.com","twitter_card":"summary_large_image","twitter_misc":{"\u00c9crit par":"Presseinvestigation.com","Dur\u00e9e de lecture estim\u00e9e":"1 minute"},"schema":{"@context":"https:\/\/schema.org","@graph":[{"@type":"Article","@id":"https:\/\/www.presseinvestigation.com\/index.php\/2025\/07\/27\/lanaim-en-mission-de-vulgarisation-du-projet-de-nouvelle-constitution-a-forecariah-une-etape-marquee-par-lechange-et-la-cohesion\/#article","isPartOf":{"@id":"https:\/\/www.presseinvestigation.com\/index.php\/2025\/07\/27\/lanaim-en-mission-de-vulgarisation-du-projet-de-nouvelle-constitution-a-forecariah-une-etape-marquee-par-lechange-et-la-cohesion\/"},"author":{"name":"Presseinvestigation.com","@id":"https:\/\/www.presseinvestigation.com\/#\/schema\/person\/a1029d031d336f4e888009a1d2c4740a"},"headline":"L\u2019ANAIM en mission de vulgarisation du projet de Nouvelle Constitution \u00e0 For\u00e9cariah : une \u00e9tape marqu\u00e9e par l\u2019\u00e9change et la coh\u00e9sion","datePublished":"2025-07-27T15:03:53+00:00","mainEntityOfPage":{"@id":"https:\/\/www.presseinvestigation.com\/index.php\/2025\/07\/27\/lanaim-en-mission-de-vulgarisation-du-projet-de-nouvelle-constitution-a-forecariah-une-etape-marquee-par-lechange-et-la-cohesion\/"},"wordCount":303,"commentCount":0,"image":{"@id":"https:\/\/www.presseinvestigation.com\/index.php\/2025\/07\/27\/lanaim-en-mission-de-vulgarisation-du-projet-de-nouvelle-constitution-a-forecariah-une-etape-marquee-par-lechange-et-la-cohesion\/#primaryimage"},"thumbnailUrl":"https:\/\/www.presseinvestigation.com\/wp-content\/uploads\/2025\/07\/WhatsApp-Image-2025-07-25-at-12.16.091.jpeg","articleSection":["publi-reportage"],"inLanguage":"fr-FR","potentialAction":[{"@type":"CommentAction","name":"Comment","target":["https:\/\/www.presseinvestigation.com\/index.php\/2025\/07\/27\/lanaim-en-mission-de-vulgarisation-du-projet-de-nouvelle-constitution-a-forecariah-une-etape-marquee-par-lechange-et-la-cohesion\/#respond"]}]},{"@type":"WebPage","@id":"https:\/\/www.presseinvestigation.com\/index.php\/2025\/07\/27\/lanaim-en-mission-de-vulgarisation-du-projet-de-nouvelle-constitution-a-forecariah-une-etape-marquee-par-lechange-et-la-cohesion\/","url":"https:\/\/www.presseinvestigation.com\/index.php\/2025\/07\/27\/lanaim-en-mission-de-vulgarisation-du-projet-de-nouvelle-constitution-a-forecariah-une-etape-marquee-par-lechange-et-la-cohesion\/","name":"L\u2019ANAIM en mission de vulgarisation du projet de Nouvelle Constitution \u00e0 For\u00e9cariah : une \u00e9tape marqu\u00e9e par l\u2019\u00e9change et la coh\u00e9sion - Presseinvestigation","isPartOf":{"@id":"https:\/\/www.presseinvestigation.com\/#website"},"primaryImageOfPage":{"@id":"https:\/\/www.presseinvestigation.com\/index.php\/2025\/07\/27\/lanaim-en-mission-de-vulgarisation-du-projet-de-nouvelle-constitution-a-forecariah-une-etape-marquee-par-lechange-et-la-cohesion\/#primaryimage"},"image":{"@id":"https:\/\/www.presseinvestigation.com\/index.php\/2025\/07\/27\/lanaim-en-mission-de-vulgarisation-du-projet-de-nouvelle-constitution-a-forecariah-une-etape-marquee-par-lechange-et-la-cohesion\/#primaryimage"},"thumbnailUrl":"https:\/\/www.presseinvestigation.com\/wp-content\/uploads\/2025\/07\/WhatsApp-Image-2025-07-25-at-12.16.091.jpeg","datePublished":"2025-07-27T15:03:53+00:00","author":{"@id":"https:\/\/www.presseinvestigation.com\/#\/schema\/person\/a1029d031d336f4e888009a1d2c4740a"},"breadcrumb":{"@id":"https:\/\/www.presseinvestigation.com\/index.php\/2025\/07\/27\/lanaim-en-mission-de-vulgarisation-du-projet-de-nouvelle-constitution-a-forecariah-une-etape-marquee-par-lechange-et-la-cohesion\/#breadcrumb"},"inLanguage":"fr-FR","potentialAction":[{"@type":"ReadAction","target":["https:\/\/www.presseinvestigation.com\/index.php\/2025\/07\/27\/lanaim-en-mission-de-vulgarisation-du-projet-de-nouvelle-constitution-a-forecariah-une-etape-marquee-par-lechange-et-la-cohesion\/"]}]},{"@type":"ImageObject","inLanguage":"fr-FR","@id":"https:\/\/www.presseinvestigation.com\/index.php\/2025\/07\/27\/lanaim-en-mission-de-vulgarisation-du-projet-de-nouvelle-constitution-a-forecariah-une-etape-marquee-par-lechange-et-la-cohesion\/#primaryimage","url":"https:\/\/www.presseinvestigation.com\/wp-content\/uploads\/2025\/07\/WhatsApp-Image-2025-07-25-at-12.16.091.jpeg","contentUrl":"https:\/\/www.presseinvestigation.com\/wp-content\/uploads\/2025\/07\/WhatsApp-Image-2025-07-25-at-12.16.091.jpeg","width":1000,"height":750},{"@type":"BreadcrumbList","@id":"https:\/\/www.presseinvestigation.com\/index.php\/2025\/07\/27\/lanaim-en-mission-de-vulgarisation-du-projet-de-nouvelle-constitution-a-forecariah-une-etape-marquee-par-lechange-et-la-cohesion\/#breadcrumb","itemListElement":[{"@type":"ListItem","position":1,"name":"Accueil","item":"https:\/\/www.presseinvestigation.com\/"},{"@type":"ListItem","position":2,"name":"L\u2019ANAIM en mission de vulgarisation du projet de Nouvelle Constitution \u00e0 For\u00e9cariah : une \u00e9tape marqu\u00e9e par l\u2019\u00e9change et la coh\u00e9sion"}]},{"@type":"WebSite","@id":"https:\/\/www.presseinvestigation.com\/#website","url":"https:\/\/www.presseinvestigation.com\/","name":"Presseinvestigation","description":"Informer dans l&#039;impartialit\u00e9","potentialAction":[{"@type":"SearchAction","target":{"@type":"EntryPoint","urlTemplate":"https:\/\/www.presseinvestigation.com\/?s={search_term_string}"},"query-input":{"@type":"PropertyValueSpecification","valueRequired":true,"valueName":"search_term_string"}}],"inLanguage":"fr-FR"},{"@type":"Person","@id":"https:\/\/www.presseinvestigation.com\/#\/schema\/person\/a1029d031d336f4e888009a1d2c4740a","name":"Presseinvestigation.com","image":{"@type":"ImageObject","inLanguage":"fr-FR","@id":"https:\/\/secure.gravatar.com\/avatar\/c0faa0f472c43eff99fecb0bd2a1c6782e80a162c9fcb7ed2d48bb42ea619f30?s=96&d=mm&r=g","url":"https:\/\/secure.gravatar.com\/avatar\/c0faa0f472c43eff99fecb0bd2a1c6782e80a162c9fcb7ed2d48bb42ea619f30?s=96&d=mm&r=g","contentUrl":"https:\/\/secure.gravatar.com\/avatar\/c0faa0f472c43eff99fecb0bd2a1c6782e80a162c9fcb7ed2d48bb42ea619f30?s=96&d=mm&r=g","caption":"Presseinvestigation.com"},"sameAs":["https:\/\/www.presseinvestigation.com"],"url":"https:\/\/www.presseinvestigation.com\/index.php\/author\/medbi2011\/"}]}},"_links":{"self":[{"href":"https:\/\/www.presseinvestigation.com\/index.php\/wp-json\/wp\/v2\/posts\/9506","targetHints":{"allow":["GET"]}}],"collection":[{"href":"https:\/\/www.presseinvestigation.com\/index.php\/wp-json\/wp\/v2\/posts"}],"about":[{"href":"https:\/\/www.presseinvestigation.com\/index.php\/wp-json\/wp\/v2\/types\/post"}],"author":[{"embeddable":true,"href":"https:\/\/www.presseinvestigation.com\/index.php\/wp-json\/wp\/v2\/users\/1"}],"replies":[{"embeddable":true,"href":"https:\/\/www.presseinvestigation.com\/index.php\/wp-json\/wp\/v2\/comments?post=9506"}],"version-history":[{"count":1,"href":"https:\/\/www.presseinvestigation.com\/index.php\/wp-json\/wp\/v2\/posts\/9506\/revisions"}],"predecessor-version":[{"id":9507,"href":"https:\/\/www.presseinvestigation.com\/index.php\/wp-json\/wp\/v2\/posts\/9506\/revisions\/9507"}],"wp:featuredmedia":[{"embeddable":true,"href":"https:\/\/www.presseinvestigation.com\/index.php\/wp-json\/wp\/v2\/media\/9501"}],"wp:attachment":[{"href":"https:\/\/www.presseinvestigation.com\/index.php\/wp-json\/wp\/v2\/media?parent=9506"}],"wp:term":[{"taxonomy":"category","embeddable":true,"href":"https:\/\/www.presseinvestigation.com\/index.php\/wp-json\/wp\/v2\/categories?post=9506"},{"taxonomy":"post_tag","embeddable":true,"href":"https:\/\/www.presseinvestigation.com\/index.php\/wp-json\/wp\/v2\/tags?post=9506"}],"curies":[{"name":"wp","href":"https:\/\/api.w.org\/{rel}","templated":true}]}}