{"id":9519,"date":"2025-08-06T13:49:30","date_gmt":"2025-08-06T11:49:30","guid":{"rendered":"https:\/\/www.presseinvestigation.com\/index.php\/2025\/08\/06\/visite-de-travail-du-directeur-general-de-lanaim-a-la-cbg-renforcer-les-synergies-pour-une-meillevisite-de-travail-du-directeur-general-de-lanaim-a-la-cbg-renforcer-les-synergies\/"},"modified":"2025-08-06T13:57:32","modified_gmt":"2025-08-06T11:57:32","slug":"visite-de-travail-du-directeur-general-de-lanaim-a-la-cbg-renforcer-les-synergies-pour-une-meillevisite-de-travail-du-directeur-general-de-lanaim-a-la-cbg-renforcer-les-synergies","status":"publish","type":"post","link":"https:\/\/www.presseinvestigation.com\/index.php\/2025\/08\/06\/visite-de-travail-du-directeur-general-de-lanaim-a-la-cbg-renforcer-les-synergies-pour-une-meillevisite-de-travail-du-directeur-general-de-lanaim-a-la-cbg-renforcer-les-synergies\/","title":{"rendered":"Visite de travail du Directeur G\u00e9n\u00e9ral de l\u2019ANAIM \u00e0 la CBG : renforcer les synergies pour une meilleure gouvernance des infrastructures mini\u00e8res"},"content":{"rendered":"<p>Dans le cadre du renforcement de la coop\u00e9ration entre l\u2019Agence Nationale d\u2019Am\u00e9nagement des Infrastructures Mini\u00e8res (ANAIM) et la Compagnie des Bauxites de Guin\u00e9e (CBG), une rencontre de haut niveau s\u2019est tenue ce jeudi 31 juillet 2025 \u00e0 Kamsar. Conduite par son Directeur G\u00e9n\u00e9ral, M. Aly Damalaye Cond\u00e9, la d\u00e9l\u00e9gation de l\u2019ANAIM a \u00e9t\u00e9 re\u00e7ue par la direction de la CBG au si\u00e8ge de l\u2019entreprise.<\/p>\n<p><a href=\"https:\/\/www.presseinvestigation.com\/wp-content\/uploads\/2025\/08\/Screenshot_20250806_094330_Facebook2.jpg\"><img decoding=\"async\" class=\"attachment-full size-full\" src=\"https:\/\/www.presseinvestigation.com\/wp-content\/uploads\/2025\/08\/Screenshot_20250806_094330_Facebook2.jpg\" alt=\"\" \/><\/a><\/p>\n<p>Cette visite de courtoisie et de travail avait pour objectif d\u2019approfondir les \u00e9changes sur les enjeux li\u00e9s \u00e0 la gestion des infrastructures conc\u00e9d\u00e9es, tout en renfor\u00e7ant les bases d\u2019un partenariat fond\u00e9 sur la transparence, la compl\u00e9mentarit\u00e9 institutionnelle et la performance op\u00e9rationnelle.<\/p>\n<p>La rencontre a \u00e9galement permis de pr\u00e9senter officiellement la nouvelle \u00e9quipe de la cellule de coordination de l\u2019ANAIM \u00e0 Kamsar, d\u00e9sormais charg\u00e9e d\u2019assurer le suivi rapproch\u00e9 des op\u00e9rations et d\u2019optimiser la qualit\u00e9 des interventions sur le terrain.<\/p>\n<p><a href=\"https:\/\/www.presseinvestigation.com\/wp-content\/uploads\/2025\/08\/Screenshot_20250806_094350_Facebook2.jpg\"><img decoding=\"async\" class=\"attachment-full size-full\" src=\"https:\/\/www.presseinvestigation.com\/wp-content\/uploads\/2025\/08\/Screenshot_20250806_094350_Facebook2.jpg\" alt=\"\" \/><\/a><\/p>\n<p>Dans une atmosph\u00e8re de collaboration fluide et constructive, les deux directions g\u00e9n\u00e9rales ont partag\u00e9 leur vision commune d\u2019un d\u00e9veloppement minier responsable, dans le respect des engagements contractuels, avec un accent particulier sur la durabilit\u00e9, l\u2019efficience et l\u2019inclusion des communaut\u00e9s riveraines.<\/p>\n<p><a href=\"https:\/\/www.presseinvestigation.com\/wp-content\/uploads\/2025\/08\/Screenshot_20250806_094312_Facebook2.jpg\"><img decoding=\"async\" class=\"attachment-full size-full\" src=\"https:\/\/www.presseinvestigation.com\/wp-content\/uploads\/2025\/08\/Screenshot_20250806_094312_Facebook2.jpg\" alt=\"\" \/><\/a><\/p>\n<p>Au-del\u00e0 des aspects techniques, cette rencontre a mis en avant l\u2019importance du dialogue r\u00e9gulier entre conc\u00e9dant et concessionnaire, dans un contexte o\u00f9 les infrastructures mini\u00e8res jouent un r\u00f4le central dans la croissance \u00e9conomique de la Guin\u00e9e.<\/p>\n<p><strong>Direction de la communication et des affaires ext\u00e9rieures\u00a0<\/strong><\/p>\n","protected":false},"excerpt":{"rendered":"<p>Dans le cadre du renforcement de la coop\u00e9ration entre l\u2019Agence Nationale d\u2019Am\u00e9nagement des Infrastructures Mini\u00e8res (ANAIM) et la Compagnie des Bauxites de Guin\u00e9e (CBG), une rencontre de haut niveau s\u2019est tenue ce jeudi 31 juillet 2025 \u00e0 Kamsar. Conduite par son Directeur G\u00e9n\u00e9ral, M. Aly Damalaye Cond\u00e9, la d\u00e9l\u00e9gation de l\u2019ANAIM a \u00e9t\u00e9 re\u00e7ue par [&hellip;]<\/p>\n","protected":false},"author":1,"featured_media":9518,"comment_status":"open","ping_status":"open","sticky":false,"template":"","format":"standard","meta":{"jnews-multi-image_gallery":[],"jnews_single_post":{"source_name":"","source_url":"","via_name":"","via_url":"","override_template":"0","override":[{"template":"1","single_blog_custom":"","parallax":"1","fullscreen":"1","layout":"right-sidebar","sidebar":"default-sidebar","second_sidebar":"default-sidebar","sticky_sidebar":"1","share_position":"bottom","share_float_style":"share-monocrhome","show_share_counter":"1","show_view_counter":"1","show_featured":"1","show_post_meta":"1","show_post_author":"1","show_post_author_image":"1","show_post_date":"1","post_date_format":"default","post_date_format_custom":"Y\/m\/d","show_post_category":"1","show_post_reading_time":"0","post_reading_time_wpm":"300","show_zoom_button":"0","zoom_button_out_step":"2","zoom_button_in_step":"3","show_post_tag":"1","show_prev_next_post":"1","show_popup_post":"1","number_popup_post":"1","show_author_box":"0","show_post_related":"0","show_inline_post_related":"0"}],"override_image_size":"0","image_override":[{"single_post_thumbnail_size":"crop-500","single_post_gallery_size":"crop-500"}],"trending_post":"0","trending_post_position":"meta","trending_post_label":"Trending","sponsored_post":"0","sponsored_post_label":"Sponsored by","sponsored_post_name":"","sponsored_post_url":"","sponsored_post_logo_enable":"0","sponsored_post_logo":"","sponsored_post_desc":"","disable_ad":"0"},"jnews_primary_category":{"id":"","hide":""},"footnotes":""},"categories":[77],"tags":[],"class_list":["post-9519","post","type-post","status-publish","format-standard","has-post-thumbnail","hentry","category-publi-reportage"],"yoast_head":"<!-- This site is optimized with the Yoast SEO plugin v27.3 - https:\/\/yoast.com\/product\/yoast-seo-wordpress\/ -->\n<title>Visite de travail du Directeur G\u00e9n\u00e9ral de l\u2019ANAIM \u00e0 la CBG : renforcer les synergies pour une meilleure gouvernance des infrastructures mini\u00e8res - Presseinvestigation<\/title>\n<meta name=\"robots\" content=\"index, follow, max-snippet:-1, max-image-preview:large, max-video-preview:-1\" \/>\n<link rel=\"canonical\" href=\"https:\/\/www.presseinvestigation.com\/index.php\/2025\/08\/06\/visite-de-travail-du-directeur-general-de-lanaim-a-la-cbg-renforcer-les-synergies-pour-une-meillevisite-de-travail-du-directeur-general-de-lanaim-a-la-cbg-renforcer-les-synergies\/\" \/>\n<meta property=\"og:locale\" content=\"fr_FR\" \/>\n<meta property=\"og:type\" content=\"article\" \/>\n<meta property=\"og:title\" content=\"Visite de travail du Directeur G\u00e9n\u00e9ral de l\u2019ANAIM \u00e0 la CBG : renforcer les synergies pour une meilleure gouvernance des infrastructures mini\u00e8res - Presseinvestigation\" \/>\n<meta property=\"og:description\" content=\"Dans le cadre du renforcement de la coop\u00e9ration entre l\u2019Agence Nationale d\u2019Am\u00e9nagement des Infrastructures Mini\u00e8res (ANAIM) et la Compagnie des Bauxites de Guin\u00e9e (CBG), une rencontre de haut niveau s\u2019est tenue ce jeudi 31 juillet 2025 \u00e0 Kamsar. Conduite par son Directeur G\u00e9n\u00e9ral, M. Aly Damalaye Cond\u00e9, la d\u00e9l\u00e9gation de l\u2019ANAIM a \u00e9t\u00e9 re\u00e7ue par [&hellip;]\" \/>\n<meta property=\"og:url\" content=\"https:\/\/www.presseinvestigation.com\/index.php\/2025\/08\/06\/visite-de-travail-du-directeur-general-de-lanaim-a-la-cbg-renforcer-les-synergies-pour-une-meillevisite-de-travail-du-directeur-general-de-lanaim-a-la-cbg-renforcer-les-synergies\/\" \/>\n<meta property=\"og:site_name\" content=\"Presseinvestigation\" \/>\n<meta property=\"article:published_time\" content=\"2025-08-06T11:49:30+00:00\" \/>\n<meta property=\"article:modified_time\" content=\"2025-08-06T11:57:32+00:00\" \/>\n<meta property=\"og:image\" content=\"https:\/\/www.presseinvestigation.com\/wp-content\/uploads\/2025\/08\/Screenshot_20250806_094321_Facebook3.jpg\" \/>\n\t<meta property=\"og:image:width\" content=\"1016\" \/>\n\t<meta property=\"og:image:height\" content=\"688\" \/>\n\t<meta property=\"og:image:type\" content=\"image\/jpeg\" \/>\n<meta name=\"author\" content=\"Presseinvestigation.com\" \/>\n<meta name=\"twitter:card\" content=\"summary_large_image\" \/>\n<meta name=\"twitter:label1\" content=\"\u00c9crit par\" \/>\n\t<meta name=\"twitter:data1\" content=\"Presseinvestigation.com\" \/>\n\t<meta name=\"twitter:label2\" content=\"Dur\u00e9e de lecture estim\u00e9e\" \/>\n\t<meta name=\"twitter:data2\" content=\"2 minutes\" \/>\n<script type=\"application\/ld+json\" class=\"yoast-schema-graph\">{\"@context\":\"https:\\\/\\\/schema.org\",\"@graph\":[{\"@type\":\"Article\",\"@id\":\"https:\\\/\\\/www.presseinvestigation.com\\\/index.php\\\/2025\\\/08\\\/06\\\/visite-de-travail-du-directeur-general-de-lanaim-a-la-cbg-renforcer-les-synergies-pour-une-meillevisite-de-travail-du-directeur-general-de-lanaim-a-la-cbg-renforcer-les-synergies\\\/#article\",\"isPartOf\":{\"@id\":\"https:\\\/\\\/www.presseinvestigation.com\\\/index.php\\\/2025\\\/08\\\/06\\\/visite-de-travail-du-directeur-general-de-lanaim-a-la-cbg-renforcer-les-synergies-pour-une-meillevisite-de-travail-du-directeur-general-de-lanaim-a-la-cbg-renforcer-les-synergies\\\/\"},\"author\":{\"name\":\"Presseinvestigation.com\",\"@id\":\"https:\\\/\\\/www.presseinvestigation.com\\\/#\\\/schema\\\/person\\\/a1029d031d336f4e888009a1d2c4740a\"},\"headline\":\"Visite de travail du Directeur G\u00e9n\u00e9ral de l\u2019ANAIM \u00e0 la CBG : renforcer les synergies pour une meilleure gouvernance des infrastructures mini\u00e8res\",\"datePublished\":\"2025-08-06T11:49:30+00:00\",\"dateModified\":\"2025-08-06T11:57:32+00:00\",\"mainEntityOfPage\":{\"@id\":\"https:\\\/\\\/www.presseinvestigation.com\\\/index.php\\\/2025\\\/08\\\/06\\\/visite-de-travail-du-directeur-general-de-lanaim-a-la-cbg-renforcer-les-synergies-pour-une-meillevisite-de-travail-du-directeur-general-de-lanaim-a-la-cbg-renforcer-les-synergies\\\/\"},\"wordCount\":290,\"commentCount\":0,\"image\":{\"@id\":\"https:\\\/\\\/www.presseinvestigation.com\\\/index.php\\\/2025\\\/08\\\/06\\\/visite-de-travail-du-directeur-general-de-lanaim-a-la-cbg-renforcer-les-synergies-pour-une-meillevisite-de-travail-du-directeur-general-de-lanaim-a-la-cbg-renforcer-les-synergies\\\/#primaryimage\"},\"thumbnailUrl\":\"https:\\\/\\\/www.presseinvestigation.com\\\/wp-content\\\/uploads\\\/2025\\\/08\\\/Screenshot_20250806_094321_Facebook3.jpg\",\"articleSection\":[\"publi-reportage\"],\"inLanguage\":\"fr-FR\",\"potentialAction\":[{\"@type\":\"CommentAction\",\"name\":\"Comment\",\"target\":[\"https:\\\/\\\/www.presseinvestigation.com\\\/index.php\\\/2025\\\/08\\\/06\\\/visite-de-travail-du-directeur-general-de-lanaim-a-la-cbg-renforcer-les-synergies-pour-une-meillevisite-de-travail-du-directeur-general-de-lanaim-a-la-cbg-renforcer-les-synergies\\\/#respond\"]}]},{\"@type\":\"WebPage\",\"@id\":\"https:\\\/\\\/www.presseinvestigation.com\\\/index.php\\\/2025\\\/08\\\/06\\\/visite-de-travail-du-directeur-general-de-lanaim-a-la-cbg-renforcer-les-synergies-pour-une-meillevisite-de-travail-du-directeur-general-de-lanaim-a-la-cbg-renforcer-les-synergies\\\/\",\"url\":\"https:\\\/\\\/www.presseinvestigation.com\\\/index.php\\\/2025\\\/08\\\/06\\\/visite-de-travail-du-directeur-general-de-lanaim-a-la-cbg-renforcer-les-synergies-pour-une-meillevisite-de-travail-du-directeur-general-de-lanaim-a-la-cbg-renforcer-les-synergies\\\/\",\"name\":\"Visite de travail du Directeur G\u00e9n\u00e9ral de l\u2019ANAIM \u00e0 la CBG : renforcer les synergies pour une meilleure gouvernance des infrastructures mini\u00e8res - Presseinvestigation\",\"isPartOf\":{\"@id\":\"https:\\\/\\\/www.presseinvestigation.com\\\/#website\"},\"primaryImageOfPage\":{\"@id\":\"https:\\\/\\\/www.presseinvestigation.com\\\/index.php\\\/2025\\\/08\\\/06\\\/visite-de-travail-du-directeur-general-de-lanaim-a-la-cbg-renforcer-les-synergies-pour-une-meillevisite-de-travail-du-directeur-general-de-lanaim-a-la-cbg-renforcer-les-synergies\\\/#primaryimage\"},\"image\":{\"@id\":\"https:\\\/\\\/www.presseinvestigation.com\\\/index.php\\\/2025\\\/08\\\/06\\\/visite-de-travail-du-directeur-general-de-lanaim-a-la-cbg-renforcer-les-synergies-pour-une-meillevisite-de-travail-du-directeur-general-de-lanaim-a-la-cbg-renforcer-les-synergies\\\/#primaryimage\"},\"thumbnailUrl\":\"https:\\\/\\\/www.presseinvestigation.com\\\/wp-content\\\/uploads\\\/2025\\\/08\\\/Screenshot_20250806_094321_Facebook3.jpg\",\"datePublished\":\"2025-08-06T11:49:30+00:00\",\"dateModified\":\"2025-08-06T11:57:32+00:00\",\"author\":{\"@id\":\"https:\\\/\\\/www.presseinvestigation.com\\\/#\\\/schema\\\/person\\\/a1029d031d336f4e888009a1d2c4740a\"},\"breadcrumb\":{\"@id\":\"https:\\\/\\\/www.presseinvestigation.com\\\/index.php\\\/2025\\\/08\\\/06\\\/visite-de-travail-du-directeur-general-de-lanaim-a-la-cbg-renforcer-les-synergies-pour-une-meillevisite-de-travail-du-directeur-general-de-lanaim-a-la-cbg-renforcer-les-synergies\\\/#breadcrumb\"},\"inLanguage\":\"fr-FR\",\"potentialAction\":[{\"@type\":\"ReadAction\",\"target\":[\"https:\\\/\\\/www.presseinvestigation.com\\\/index.php\\\/2025\\\/08\\\/06\\\/visite-de-travail-du-directeur-general-de-lanaim-a-la-cbg-renforcer-les-synergies-pour-une-meillevisite-de-travail-du-directeur-general-de-lanaim-a-la-cbg-renforcer-les-synergies\\\/\"]}]},{\"@type\":\"ImageObject\",\"inLanguage\":\"fr-FR\",\"@id\":\"https:\\\/\\\/www.presseinvestigation.com\\\/index.php\\\/2025\\\/08\\\/06\\\/visite-de-travail-du-directeur-general-de-lanaim-a-la-cbg-renforcer-les-synergies-pour-une-meillevisite-de-travail-du-directeur-general-de-lanaim-a-la-cbg-renforcer-les-synergies\\\/#primaryimage\",\"url\":\"https:\\\/\\\/www.presseinvestigation.com\\\/wp-content\\\/uploads\\\/2025\\\/08\\\/Screenshot_20250806_094321_Facebook3.jpg\",\"contentUrl\":\"https:\\\/\\\/www.presseinvestigation.com\\\/wp-content\\\/uploads\\\/2025\\\/08\\\/Screenshot_20250806_094321_Facebook3.jpg\",\"width\":1016,\"height\":688},{\"@type\":\"BreadcrumbList\",\"@id\":\"https:\\\/\\\/www.presseinvestigation.com\\\/index.php\\\/2025\\\/08\\\/06\\\/visite-de-travail-du-directeur-general-de-lanaim-a-la-cbg-renforcer-les-synergies-pour-une-meillevisite-de-travail-du-directeur-general-de-lanaim-a-la-cbg-renforcer-les-synergies\\\/#breadcrumb\",\"itemListElement\":[{\"@type\":\"ListItem\",\"position\":1,\"name\":\"Accueil\",\"item\":\"https:\\\/\\\/www.presseinvestigation.com\\\/\"},{\"@type\":\"ListItem\",\"position\":2,\"name\":\"Visite de travail du Directeur G\u00e9n\u00e9ral de l\u2019ANAIM \u00e0 la CBG : renforcer les synergies pour une meilleure gouvernance des infrastructures mini\u00e8res\"}]},{\"@type\":\"WebSite\",\"@id\":\"https:\\\/\\\/www.presseinvestigation.com\\\/#website\",\"url\":\"https:\\\/\\\/www.presseinvestigation.com\\\/\",\"name\":\"Presseinvestigation\",\"description\":\"Informer dans l&#039;impartialit\u00e9\",\"potentialAction\":[{\"@type\":\"SearchAction\",\"target\":{\"@type\":\"EntryPoint\",\"urlTemplate\":\"https:\\\/\\\/www.presseinvestigation.com\\\/?s={search_term_string}\"},\"query-input\":{\"@type\":\"PropertyValueSpecification\",\"valueRequired\":true,\"valueName\":\"search_term_string\"}}],\"inLanguage\":\"fr-FR\"},{\"@type\":\"Person\",\"@id\":\"https:\\\/\\\/www.presseinvestigation.com\\\/#\\\/schema\\\/person\\\/a1029d031d336f4e888009a1d2c4740a\",\"name\":\"Presseinvestigation.com\",\"image\":{\"@type\":\"ImageObject\",\"inLanguage\":\"fr-FR\",\"@id\":\"https:\\\/\\\/secure.gravatar.com\\\/avatar\\\/c0faa0f472c43eff99fecb0bd2a1c6782e80a162c9fcb7ed2d48bb42ea619f30?s=96&d=mm&r=g\",\"url\":\"https:\\\/\\\/secure.gravatar.com\\\/avatar\\\/c0faa0f472c43eff99fecb0bd2a1c6782e80a162c9fcb7ed2d48bb42ea619f30?s=96&d=mm&r=g\",\"contentUrl\":\"https:\\\/\\\/secure.gravatar.com\\\/avatar\\\/c0faa0f472c43eff99fecb0bd2a1c6782e80a162c9fcb7ed2d48bb42ea619f30?s=96&d=mm&r=g\",\"caption\":\"Presseinvestigation.com\"},\"sameAs\":[\"https:\\\/\\\/www.presseinvestigation.com\"],\"url\":\"https:\\\/\\\/www.presseinvestigation.com\\\/index.php\\\/author\\\/medbi2011\\\/\"}]}<\/script>\n<!-- \/ Yoast SEO plugin. -->","yoast_head_json":{"title":"Visite de travail du Directeur G\u00e9n\u00e9ral de l\u2019ANAIM \u00e0 la CBG : renforcer les synergies pour une meilleure gouvernance des infrastructures mini\u00e8res - Presseinvestigation","robots":{"index":"index","follow":"follow","max-snippet":"max-snippet:-1","max-image-preview":"max-image-preview:large","max-video-preview":"max-video-preview:-1"},"canonical":"https:\/\/www.presseinvestigation.com\/index.php\/2025\/08\/06\/visite-de-travail-du-directeur-general-de-lanaim-a-la-cbg-renforcer-les-synergies-pour-une-meillevisite-de-travail-du-directeur-general-de-lanaim-a-la-cbg-renforcer-les-synergies\/","og_locale":"fr_FR","og_type":"article","og_title":"Visite de travail du Directeur G\u00e9n\u00e9ral de l\u2019ANAIM \u00e0 la CBG : renforcer les synergies pour une meilleure gouvernance des infrastructures mini\u00e8res - Presseinvestigation","og_description":"Dans le cadre du renforcement de la coop\u00e9ration entre l\u2019Agence Nationale d\u2019Am\u00e9nagement des Infrastructures Mini\u00e8res (ANAIM) et la Compagnie des Bauxites de Guin\u00e9e (CBG), une rencontre de haut niveau s\u2019est tenue ce jeudi 31 juillet 2025 \u00e0 Kamsar. Conduite par son Directeur G\u00e9n\u00e9ral, M. Aly Damalaye Cond\u00e9, la d\u00e9l\u00e9gation de l\u2019ANAIM a \u00e9t\u00e9 re\u00e7ue par [&hellip;]","og_url":"https:\/\/www.presseinvestigation.com\/index.php\/2025\/08\/06\/visite-de-travail-du-directeur-general-de-lanaim-a-la-cbg-renforcer-les-synergies-pour-une-meillevisite-de-travail-du-directeur-general-de-lanaim-a-la-cbg-renforcer-les-synergies\/","og_site_name":"Presseinvestigation","article_published_time":"2025-08-06T11:49:30+00:00","article_modified_time":"2025-08-06T11:57:32+00:00","og_image":[{"width":1016,"height":688,"url":"https:\/\/www.presseinvestigation.com\/wp-content\/uploads\/2025\/08\/Screenshot_20250806_094321_Facebook3.jpg","type":"image\/jpeg"}],"author":"Presseinvestigation.com","twitter_card":"summary_large_image","twitter_misc":{"\u00c9crit par":"Presseinvestigation.com","Dur\u00e9e de lecture estim\u00e9e":"2 minutes"},"schema":{"@context":"https:\/\/schema.org","@graph":[{"@type":"Article","@id":"https:\/\/www.presseinvestigation.com\/index.php\/2025\/08\/06\/visite-de-travail-du-directeur-general-de-lanaim-a-la-cbg-renforcer-les-synergies-pour-une-meillevisite-de-travail-du-directeur-general-de-lanaim-a-la-cbg-renforcer-les-synergies\/#article","isPartOf":{"@id":"https:\/\/www.presseinvestigation.com\/index.php\/2025\/08\/06\/visite-de-travail-du-directeur-general-de-lanaim-a-la-cbg-renforcer-les-synergies-pour-une-meillevisite-de-travail-du-directeur-general-de-lanaim-a-la-cbg-renforcer-les-synergies\/"},"author":{"name":"Presseinvestigation.com","@id":"https:\/\/www.presseinvestigation.com\/#\/schema\/person\/a1029d031d336f4e888009a1d2c4740a"},"headline":"Visite de travail du Directeur G\u00e9n\u00e9ral de l\u2019ANAIM \u00e0 la CBG : renforcer les synergies pour une meilleure gouvernance des infrastructures mini\u00e8res","datePublished":"2025-08-06T11:49:30+00:00","dateModified":"2025-08-06T11:57:32+00:00","mainEntityOfPage":{"@id":"https:\/\/www.presseinvestigation.com\/index.php\/2025\/08\/06\/visite-de-travail-du-directeur-general-de-lanaim-a-la-cbg-renforcer-les-synergies-pour-une-meillevisite-de-travail-du-directeur-general-de-lanaim-a-la-cbg-renforcer-les-synergies\/"},"wordCount":290,"commentCount":0,"image":{"@id":"https:\/\/www.presseinvestigation.com\/index.php\/2025\/08\/06\/visite-de-travail-du-directeur-general-de-lanaim-a-la-cbg-renforcer-les-synergies-pour-une-meillevisite-de-travail-du-directeur-general-de-lanaim-a-la-cbg-renforcer-les-synergies\/#primaryimage"},"thumbnailUrl":"https:\/\/www.presseinvestigation.com\/wp-content\/uploads\/2025\/08\/Screenshot_20250806_094321_Facebook3.jpg","articleSection":["publi-reportage"],"inLanguage":"fr-FR","potentialAction":[{"@type":"CommentAction","name":"Comment","target":["https:\/\/www.presseinvestigation.com\/index.php\/2025\/08\/06\/visite-de-travail-du-directeur-general-de-lanaim-a-la-cbg-renforcer-les-synergies-pour-une-meillevisite-de-travail-du-directeur-general-de-lanaim-a-la-cbg-renforcer-les-synergies\/#respond"]}]},{"@type":"WebPage","@id":"https:\/\/www.presseinvestigation.com\/index.php\/2025\/08\/06\/visite-de-travail-du-directeur-general-de-lanaim-a-la-cbg-renforcer-les-synergies-pour-une-meillevisite-de-travail-du-directeur-general-de-lanaim-a-la-cbg-renforcer-les-synergies\/","url":"https:\/\/www.presseinvestigation.com\/index.php\/2025\/08\/06\/visite-de-travail-du-directeur-general-de-lanaim-a-la-cbg-renforcer-les-synergies-pour-une-meillevisite-de-travail-du-directeur-general-de-lanaim-a-la-cbg-renforcer-les-synergies\/","name":"Visite de travail du Directeur G\u00e9n\u00e9ral de l\u2019ANAIM \u00e0 la CBG : renforcer les synergies pour une meilleure gouvernance des infrastructures mini\u00e8res - Presseinvestigation","isPartOf":{"@id":"https:\/\/www.presseinvestigation.com\/#website"},"primaryImageOfPage":{"@id":"https:\/\/www.presseinvestigation.com\/index.php\/2025\/08\/06\/visite-de-travail-du-directeur-general-de-lanaim-a-la-cbg-renforcer-les-synergies-pour-une-meillevisite-de-travail-du-directeur-general-de-lanaim-a-la-cbg-renforcer-les-synergies\/#primaryimage"},"image":{"@id":"https:\/\/www.presseinvestigation.com\/index.php\/2025\/08\/06\/visite-de-travail-du-directeur-general-de-lanaim-a-la-cbg-renforcer-les-synergies-pour-une-meillevisite-de-travail-du-directeur-general-de-lanaim-a-la-cbg-renforcer-les-synergies\/#primaryimage"},"thumbnailUrl":"https:\/\/www.presseinvestigation.com\/wp-content\/uploads\/2025\/08\/Screenshot_20250806_094321_Facebook3.jpg","datePublished":"2025-08-06T11:49:30+00:00","dateModified":"2025-08-06T11:57:32+00:00","author":{"@id":"https:\/\/www.presseinvestigation.com\/#\/schema\/person\/a1029d031d336f4e888009a1d2c4740a"},"breadcrumb":{"@id":"https:\/\/www.presseinvestigation.com\/index.php\/2025\/08\/06\/visite-de-travail-du-directeur-general-de-lanaim-a-la-cbg-renforcer-les-synergies-pour-une-meillevisite-de-travail-du-directeur-general-de-lanaim-a-la-cbg-renforcer-les-synergies\/#breadcrumb"},"inLanguage":"fr-FR","potentialAction":[{"@type":"ReadAction","target":["https:\/\/www.presseinvestigation.com\/index.php\/2025\/08\/06\/visite-de-travail-du-directeur-general-de-lanaim-a-la-cbg-renforcer-les-synergies-pour-une-meillevisite-de-travail-du-directeur-general-de-lanaim-a-la-cbg-renforcer-les-synergies\/"]}]},{"@type":"ImageObject","inLanguage":"fr-FR","@id":"https:\/\/www.presseinvestigation.com\/index.php\/2025\/08\/06\/visite-de-travail-du-directeur-general-de-lanaim-a-la-cbg-renforcer-les-synergies-pour-une-meillevisite-de-travail-du-directeur-general-de-lanaim-a-la-cbg-renforcer-les-synergies\/#primaryimage","url":"https:\/\/www.presseinvestigation.com\/wp-content\/uploads\/2025\/08\/Screenshot_20250806_094321_Facebook3.jpg","contentUrl":"https:\/\/www.presseinvestigation.com\/wp-content\/uploads\/2025\/08\/Screenshot_20250806_094321_Facebook3.jpg","width":1016,"height":688},{"@type":"BreadcrumbList","@id":"https:\/\/www.presseinvestigation.com\/index.php\/2025\/08\/06\/visite-de-travail-du-directeur-general-de-lanaim-a-la-cbg-renforcer-les-synergies-pour-une-meillevisite-de-travail-du-directeur-general-de-lanaim-a-la-cbg-renforcer-les-synergies\/#breadcrumb","itemListElement":[{"@type":"ListItem","position":1,"name":"Accueil","item":"https:\/\/www.presseinvestigation.com\/"},{"@type":"ListItem","position":2,"name":"Visite de travail du Directeur G\u00e9n\u00e9ral de l\u2019ANAIM \u00e0 la CBG : renforcer les synergies pour une meilleure gouvernance des infrastructures mini\u00e8res"}]},{"@type":"WebSite","@id":"https:\/\/www.presseinvestigation.com\/#website","url":"https:\/\/www.presseinvestigation.com\/","name":"Presseinvestigation","description":"Informer dans l&#039;impartialit\u00e9","potentialAction":[{"@type":"SearchAction","target":{"@type":"EntryPoint","urlTemplate":"https:\/\/www.presseinvestigation.com\/?s={search_term_string}"},"query-input":{"@type":"PropertyValueSpecification","valueRequired":true,"valueName":"search_term_string"}}],"inLanguage":"fr-FR"},{"@type":"Person","@id":"https:\/\/www.presseinvestigation.com\/#\/schema\/person\/a1029d031d336f4e888009a1d2c4740a","name":"Presseinvestigation.com","image":{"@type":"ImageObject","inLanguage":"fr-FR","@id":"https:\/\/secure.gravatar.com\/avatar\/c0faa0f472c43eff99fecb0bd2a1c6782e80a162c9fcb7ed2d48bb42ea619f30?s=96&d=mm&r=g","url":"https:\/\/secure.gravatar.com\/avatar\/c0faa0f472c43eff99fecb0bd2a1c6782e80a162c9fcb7ed2d48bb42ea619f30?s=96&d=mm&r=g","contentUrl":"https:\/\/secure.gravatar.com\/avatar\/c0faa0f472c43eff99fecb0bd2a1c6782e80a162c9fcb7ed2d48bb42ea619f30?s=96&d=mm&r=g","caption":"Presseinvestigation.com"},"sameAs":["https:\/\/www.presseinvestigation.com"],"url":"https:\/\/www.presseinvestigation.com\/index.php\/author\/medbi2011\/"}]}},"_links":{"self":[{"href":"https:\/\/www.presseinvestigation.com\/index.php\/wp-json\/wp\/v2\/posts\/9519","targetHints":{"allow":["GET"]}}],"collection":[{"href":"https:\/\/www.presseinvestigation.com\/index.php\/wp-json\/wp\/v2\/posts"}],"about":[{"href":"https:\/\/www.presseinvestigation.com\/index.php\/wp-json\/wp\/v2\/types\/post"}],"author":[{"embeddable":true,"href":"https:\/\/www.presseinvestigation.com\/index.php\/wp-json\/wp\/v2\/users\/1"}],"replies":[{"embeddable":true,"href":"https:\/\/www.presseinvestigation.com\/index.php\/wp-json\/wp\/v2\/comments?post=9519"}],"version-history":[{"count":3,"href":"https:\/\/www.presseinvestigation.com\/index.php\/wp-json\/wp\/v2\/posts\/9519\/revisions"}],"predecessor-version":[{"id":9524,"href":"https:\/\/www.presseinvestigation.com\/index.php\/wp-json\/wp\/v2\/posts\/9519\/revisions\/9524"}],"wp:featuredmedia":[{"embeddable":true,"href":"https:\/\/www.presseinvestigation.com\/index.php\/wp-json\/wp\/v2\/media\/9518"}],"wp:attachment":[{"href":"https:\/\/www.presseinvestigation.com\/index.php\/wp-json\/wp\/v2\/media?parent=9519"}],"wp:term":[{"taxonomy":"category","embeddable":true,"href":"https:\/\/www.presseinvestigation.com\/index.php\/wp-json\/wp\/v2\/categories?post=9519"},{"taxonomy":"post_tag","embeddable":true,"href":"https:\/\/www.presseinvestigation.com\/index.php\/wp-json\/wp\/v2\/tags?post=9519"}],"curies":[{"name":"wp","href":"https:\/\/api.w.org\/{rel}","templated":true}]}}