{"id":9542,"date":"2025-08-15T14:41:00","date_gmt":"2025-08-15T12:41:00","guid":{"rendered":"https:\/\/www.presseinvestigation.com\/index.php\/2025\/08\/15\/journalisme-au-service-de-la-cohesion-sociale-une-sensibilisation-du-dg-de-lanaim-aly-damalaye-conde-au-lancement-du-cjrr\/"},"modified":"2025-08-15T14:59:34","modified_gmt":"2025-08-15T12:59:34","slug":"journalisme-au-service-de-la-cohesion-sociale-une-sensibilisation-du-dg-de-lanaim-aly-damalaye-conde-au-lancement-du-cjrr","status":"publish","type":"post","link":"https:\/\/www.presseinvestigation.com\/index.php\/2025\/08\/15\/journalisme-au-service-de-la-cohesion-sociale-une-sensibilisation-du-dg-de-lanaim-aly-damalaye-conde-au-lancement-du-cjrr\/","title":{"rendered":"Journalisme au service de la coh\u00e9sion sociale: Telle est la sensibilisation faite par  DG de l\u2019ANAIM Aly Damalaye CONDE au lancement du CJRR"},"content":{"rendered":"<p><strong>Dans le cadre de son partenariat d\u2019accompagnement des structures sociales, inscrit dans ses pr\u00e9rogatives, la Direction G\u00e9n\u00e9rale de l\u2019Agence Nationale d\u2019Am\u00e9nagement des Infrastructures Mini\u00e8res(ANAIM) a pris part, ce jeudi 14 aout 2025, au lancement officiel du Collectif des Journalistes pour la R\u00e9ussite de la Refondation(CJRR).C\u2019est suite \u00e0 l\u2019invitation des organisateurs, qui ont choisi le Directeur G\u00e9n\u00e9ral Aly Damalaye CONDE, parrain de l\u2019\u00e9v\u00e8nement.<\/strong><\/p>\n<p><a href=\"https:\/\/www.presseinvestigation.com\/wp-content\/uploads\/2025\/08\/IMG-20250814-WA0066.jpg\"><img decoding=\"async\" class=\"attachment-full size-full\" src=\"https:\/\/www.presseinvestigation.com\/wp-content\/uploads\/2025\/08\/IMG-20250814-WA0066.jpg\" alt=\"\" \/><\/a><\/p>\n<p>La rencontre s\u2019est d\u00e9roul\u00e9e \u00e0 la villa 6, si\u00e8ge de la cellule de communication du Gouvernement \u00e0 Conakry. Elle a regroup\u00e9 devant des invit\u00e9s, les cadres du Minist\u00e8re de l\u2019information et de la communication, notamment Souleymane BAH Secr\u00e9taire G\u00e9n\u00e9ral dudit Minist\u00e8re (repr\u00e9sentant de son Ministre,) de Madame KONE Ad\u00e8le CAMARA, Chef de cabinet du D\u00e9partement en question ; ainsi que les responsables des Medias d\u2019Etat qui sont initiateurs de ce collectif dont le coordinateur Ibrahima KONE, Directeur G\u00e9n\u00e9ral du quotidien national, le journal \u2018\u2019Le Horoyah\u2019\u2019.<\/p>\n<p><a href=\"https:\/\/www.presseinvestigation.com\/wp-content\/uploads\/2025\/08\/IMG-20250814-WA0083.jpg\"><img decoding=\"async\" class=\"attachment-full size-full\" src=\"https:\/\/www.presseinvestigation.com\/wp-content\/uploads\/2025\/08\/IMG-20250814-WA0083.jpg\" alt=\"\" \/><\/a><\/p>\n<p>Dans son discours de circonstance, le parrain de l\u2019\u00e9v\u00e9nement, a tout d\u2019abord, rappeler le devoir primordial des journalistes au sein de la soci\u00e9t\u00e9.\u00ab <em><strong>Dans votre mission d\u2019information, vous pouvez \u2013 et vous devez \u2013 \u00eatre un maillon essentiel de la r\u00e9gulation de la soci\u00e9t\u00e9<\/strong><\/em> \u00bb d\u00e9clare-t-il.<\/p>\n<p>Poursuivant son intervention, le Directeur G\u00e9n\u00e9ral de l\u2019ANAIM, a invit\u00e9 les journalistes \u00e0 privil\u00e9gier dans l\u2019exerce de leur m\u00e9tier, le maintien d\u2019un climat social harmonieux entre les diff\u00e9rentes couches de la population.\u00ab <em><strong>Les m\u00e9dias, par leur capacit\u00e9 \u00e0 informer, \u00e0 \u00e9duquer et \u00e0 orienter, jouent un r\u00f4le pr\u00e9pond\u00e9rant dans la vie des hommes et des nations. Votre travail ne se limite pas \u00e0 relater des faits : il fa\u00e7onne les opinions, influence les d\u00e9cisions, et contribue \u00e0 pr\u00e9server la coh\u00e9sion sociale<\/strong><\/em> \u00bb souligne-t-il.<\/p>\n<p><a href=\"https:\/\/www.presseinvestigation.com\/wp-content\/uploads\/2025\/08\/IMG-20250814-WA0080.jpg\"><img decoding=\"async\" class=\"attachment-full size-full\" src=\"https:\/\/www.presseinvestigation.com\/wp-content\/uploads\/2025\/08\/IMG-20250814-WA0080.jpg\" alt=\"\" \/><\/a><\/p>\n<p>Pour Monsieur CONDE, la Guin\u00e9e continuera \u00e0 conna\u00eetre le progr\u00e8s \u00e0 travers un journalisme respectueux de l\u2019\u00e9thique et la d\u00e9ontologie du m\u00e9tier, bas\u00e9 sur la qui\u00e9tude sociale.\u00ab <em><strong>Je vous exhorte \u00e0 exercer votre mission avec professionnalisme, impartialit\u00e9 et un sens \u00e9lev\u00e9 de responsabilit\u00e9. Le devoir de la presse est aussi de rendre compte fid\u00e8lement des r\u00e9alit\u00e9s, tout en restant un acteur de paix et de d\u00e9veloppement<\/strong><\/em> \u00bb convie-t-il.<\/p>\n<p><a href=\"https:\/\/www.presseinvestigation.com\/wp-content\/uploads\/2025\/08\/IMG-20250814-WA0067.jpg\"><img decoding=\"async\" class=\"attachment-full size-full\" src=\"https:\/\/www.presseinvestigation.com\/wp-content\/uploads\/2025\/08\/IMG-20250814-WA0067.jpg\" alt=\"\" \/><\/a><\/p>\n<p>Concernant le th\u00e8me de ce lancement : la vulgarisation du projet de\u00a0 nouvelle Constitution et la promotion des actions du CNRD et son Pr\u00e9sident G\u00e9n\u00e9ral Mamadi DOUMBOUYA. Monsieur CONDE invite la mobilisation des uns et des autres pour atteindre l\u2019objectif, avant de terminer ses propos par des b\u00e9n\u00e9dictions pour le pays et pour le chef de l\u2019Etat.\u00ab <em><strong>S\u2019agissant du projet de nouvelle constitution, il est de notre responsabilit\u00e9 collective d\u2019en assurer une bonne compr\u00e9hension par nos concitoyens. Chacun doit pouvoir en conna\u00eetre le contenu, dans nos langues nationales, et par tous les canaux possibles, afin que chaque citoyen soit inform\u00e9 et en mesure de se prononcer en toute connaissance de cause. Pour ma part, je reste pleinement disponible \u00e0 vos c\u00f4t\u00e9s, pour toutes les initiatives allant dans le sens d\u2019une Guin\u00e9e unie, prosp\u00e8re et apais\u00e9e. Que Dieu b\u00e9nisse la Guin\u00e9e et son Pr\u00e9sident de la R\u00e9publique, le G\u00e9n\u00e9ral Mamadi Doumbouya \u00bb<\/strong><\/em> conclu-il.<\/p>\n<p>A pr\u00e9ciser que le DG Aly Damalaye CONDE \u00e9tait accompagn\u00e9 \u00e0 cette c\u00e9r\u00e9monie par le Directeur G\u00e9n\u00e9ral Adjoint Bachir DIALLO, le Directeur des Affaires juridiques Ibrahima DIALLO et du Directeur de la Communication et des Affaires Publiques de l\u2019ANAIM,\u00a0 entre autres.<\/p>\n<p><strong>Toumany CAMARA pour presseinvestigation.com<\/strong><\/p>\n","protected":false},"excerpt":{"rendered":"<p>Dans le cadre de son partenariat d\u2019accompagnement des structures sociales, inscrit dans ses pr\u00e9rogatives, la Direction G\u00e9n\u00e9rale de l\u2019Agence Nationale d\u2019Am\u00e9nagement des Infrastructures Mini\u00e8res(ANAIM) a pris part, ce jeudi 14 aout 2025, au lancement officiel du Collectif des Journalistes pour la R\u00e9ussite de la Refondation(CJRR).C\u2019est suite \u00e0 l\u2019invitation des organisateurs, qui ont choisi le Directeur [&hellip;]<\/p>\n","protected":false},"author":2,"featured_media":9547,"comment_status":"open","ping_status":"open","sticky":false,"template":"","format":"standard","meta":{"jnews-multi-image_gallery":[],"jnews_single_post":{"source_name":"","source_url":"","via_name":"","via_url":"","override_template":"0","override":[{"template":"1","single_blog_custom":"","parallax":"1","fullscreen":"1","layout":"right-sidebar","sidebar":"default-sidebar","second_sidebar":"default-sidebar","sticky_sidebar":"1","share_position":"bottom","share_float_style":"share-monocrhome","show_share_counter":"1","show_view_counter":"1","show_featured":"1","show_post_meta":"1","show_post_author":"1","show_post_author_image":"1","show_post_date":"1","post_date_format":"default","post_date_format_custom":"Y\/m\/d","show_post_category":"1","show_post_reading_time":"0","post_reading_time_wpm":"300","show_zoom_button":"0","zoom_button_out_step":"2","zoom_button_in_step":"3","show_post_tag":"1","show_prev_next_post":"1","show_popup_post":"1","number_popup_post":"1","show_author_box":"0","show_post_related":"0","show_inline_post_related":"0"}],"override_image_size":"0","image_override":[{"single_post_thumbnail_size":"crop-500","single_post_gallery_size":"crop-500"}],"trending_post":"0","trending_post_position":"meta","trending_post_label":"Trending","sponsored_post":"0","sponsored_post_label":"Sponsored by","sponsored_post_name":"","sponsored_post_url":"","sponsored_post_logo_enable":"0","sponsored_post_logo":"","sponsored_post_desc":"","disable_ad":"0"},"jnews_primary_category":{"id":"","hide":""},"footnotes":""},"categories":[88],"tags":[],"class_list":["post-9542","post","type-post","status-publish","format-standard","has-post-thumbnail","hentry","category-pole-actualite-societe"],"yoast_head":"<!-- This site is optimized with the Yoast SEO plugin v27.3 - https:\/\/yoast.com\/product\/yoast-seo-wordpress\/ -->\n<title>Journalisme au service de la coh\u00e9sion sociale: Telle est la sensibilisation faite par DG de l\u2019ANAIM Aly Damalaye CONDE au lancement du CJRR - Presseinvestigation<\/title>\n<meta name=\"robots\" content=\"index, follow, max-snippet:-1, max-image-preview:large, max-video-preview:-1\" \/>\n<link rel=\"canonical\" href=\"https:\/\/www.presseinvestigation.com\/index.php\/2025\/08\/15\/journalisme-au-service-de-la-cohesion-sociale-une-sensibilisation-du-dg-de-lanaim-aly-damalaye-conde-au-lancement-du-cjrr\/\" \/>\n<meta property=\"og:locale\" content=\"fr_FR\" \/>\n<meta property=\"og:type\" content=\"article\" \/>\n<meta property=\"og:title\" content=\"Journalisme au service de la coh\u00e9sion sociale: Telle est la sensibilisation faite par DG de l\u2019ANAIM Aly Damalaye CONDE au lancement du CJRR - Presseinvestigation\" \/>\n<meta property=\"og:description\" content=\"Dans le cadre de son partenariat d\u2019accompagnement des structures sociales, inscrit dans ses pr\u00e9rogatives, la Direction G\u00e9n\u00e9rale de l\u2019Agence Nationale d\u2019Am\u00e9nagement des Infrastructures Mini\u00e8res(ANAIM) a pris part, ce jeudi 14 aout 2025, au lancement officiel du Collectif des Journalistes pour la R\u00e9ussite de la Refondation(CJRR).C\u2019est suite \u00e0 l\u2019invitation des organisateurs, qui ont choisi le Directeur [&hellip;]\" \/>\n<meta property=\"og:url\" content=\"https:\/\/www.presseinvestigation.com\/index.php\/2025\/08\/15\/journalisme-au-service-de-la-cohesion-sociale-une-sensibilisation-du-dg-de-lanaim-aly-damalaye-conde-au-lancement-du-cjrr\/\" \/>\n<meta property=\"og:site_name\" content=\"Presseinvestigation\" \/>\n<meta property=\"article:published_time\" content=\"2025-08-15T12:41:00+00:00\" \/>\n<meta property=\"article:modified_time\" content=\"2025-08-15T12:59:34+00:00\" \/>\n<meta property=\"og:image\" content=\"https:\/\/www.presseinvestigation.com\/wp-content\/uploads\/2025\/08\/IMG-20250814-WA0066-2.jpg\" \/>\n\t<meta property=\"og:image:width\" content=\"701\" \/>\n\t<meta property=\"og:image:height\" content=\"728\" \/>\n\t<meta property=\"og:image:type\" content=\"image\/jpeg\" \/>\n<meta name=\"author\" content=\"Presseinvestigation.com\" \/>\n<meta name=\"twitter:card\" content=\"summary_large_image\" \/>\n<meta name=\"twitter:label1\" content=\"\u00c9crit par\" \/>\n\t<meta name=\"twitter:data1\" content=\"Presseinvestigation.com\" \/>\n\t<meta name=\"twitter:label2\" content=\"Dur\u00e9e de lecture estim\u00e9e\" \/>\n\t<meta name=\"twitter:data2\" content=\"4 minutes\" \/>\n<script type=\"application\/ld+json\" class=\"yoast-schema-graph\">{\"@context\":\"https:\\\/\\\/schema.org\",\"@graph\":[{\"@type\":\"Article\",\"@id\":\"https:\\\/\\\/www.presseinvestigation.com\\\/index.php\\\/2025\\\/08\\\/15\\\/journalisme-au-service-de-la-cohesion-sociale-une-sensibilisation-du-dg-de-lanaim-aly-damalaye-conde-au-lancement-du-cjrr\\\/#article\",\"isPartOf\":{\"@id\":\"https:\\\/\\\/www.presseinvestigation.com\\\/index.php\\\/2025\\\/08\\\/15\\\/journalisme-au-service-de-la-cohesion-sociale-une-sensibilisation-du-dg-de-lanaim-aly-damalaye-conde-au-lancement-du-cjrr\\\/\"},\"author\":{\"name\":\"Presseinvestigation.com\",\"@id\":\"https:\\\/\\\/www.presseinvestigation.com\\\/#\\\/schema\\\/person\\\/32d023733a4a9d7c3bd6883619b8f116\"},\"headline\":\"Journalisme au service de la coh\u00e9sion sociale: Telle est la sensibilisation faite par DG de l\u2019ANAIM Aly Damalaye CONDE au lancement du CJRR\",\"datePublished\":\"2025-08-15T12:41:00+00:00\",\"dateModified\":\"2025-08-15T12:59:34+00:00\",\"mainEntityOfPage\":{\"@id\":\"https:\\\/\\\/www.presseinvestigation.com\\\/index.php\\\/2025\\\/08\\\/15\\\/journalisme-au-service-de-la-cohesion-sociale-une-sensibilisation-du-dg-de-lanaim-aly-damalaye-conde-au-lancement-du-cjrr\\\/\"},\"wordCount\":641,\"commentCount\":0,\"image\":{\"@id\":\"https:\\\/\\\/www.presseinvestigation.com\\\/index.php\\\/2025\\\/08\\\/15\\\/journalisme-au-service-de-la-cohesion-sociale-une-sensibilisation-du-dg-de-lanaim-aly-damalaye-conde-au-lancement-du-cjrr\\\/#primaryimage\"},\"thumbnailUrl\":\"https:\\\/\\\/www.presseinvestigation.com\\\/wp-content\\\/uploads\\\/2025\\\/08\\\/IMG-20250814-WA0066-2.jpg\",\"articleSection\":[\"P\u00f4le Actualit\u00e9-Soci\u00e9t\u00e9\"],\"inLanguage\":\"fr-FR\",\"potentialAction\":[{\"@type\":\"CommentAction\",\"name\":\"Comment\",\"target\":[\"https:\\\/\\\/www.presseinvestigation.com\\\/index.php\\\/2025\\\/08\\\/15\\\/journalisme-au-service-de-la-cohesion-sociale-une-sensibilisation-du-dg-de-lanaim-aly-damalaye-conde-au-lancement-du-cjrr\\\/#respond\"]}]},{\"@type\":\"WebPage\",\"@id\":\"https:\\\/\\\/www.presseinvestigation.com\\\/index.php\\\/2025\\\/08\\\/15\\\/journalisme-au-service-de-la-cohesion-sociale-une-sensibilisation-du-dg-de-lanaim-aly-damalaye-conde-au-lancement-du-cjrr\\\/\",\"url\":\"https:\\\/\\\/www.presseinvestigation.com\\\/index.php\\\/2025\\\/08\\\/15\\\/journalisme-au-service-de-la-cohesion-sociale-une-sensibilisation-du-dg-de-lanaim-aly-damalaye-conde-au-lancement-du-cjrr\\\/\",\"name\":\"Journalisme au service de la coh\u00e9sion sociale: Telle est la sensibilisation faite par DG de l\u2019ANAIM Aly Damalaye CONDE au lancement du CJRR - Presseinvestigation\",\"isPartOf\":{\"@id\":\"https:\\\/\\\/www.presseinvestigation.com\\\/#website\"},\"primaryImageOfPage\":{\"@id\":\"https:\\\/\\\/www.presseinvestigation.com\\\/index.php\\\/2025\\\/08\\\/15\\\/journalisme-au-service-de-la-cohesion-sociale-une-sensibilisation-du-dg-de-lanaim-aly-damalaye-conde-au-lancement-du-cjrr\\\/#primaryimage\"},\"image\":{\"@id\":\"https:\\\/\\\/www.presseinvestigation.com\\\/index.php\\\/2025\\\/08\\\/15\\\/journalisme-au-service-de-la-cohesion-sociale-une-sensibilisation-du-dg-de-lanaim-aly-damalaye-conde-au-lancement-du-cjrr\\\/#primaryimage\"},\"thumbnailUrl\":\"https:\\\/\\\/www.presseinvestigation.com\\\/wp-content\\\/uploads\\\/2025\\\/08\\\/IMG-20250814-WA0066-2.jpg\",\"datePublished\":\"2025-08-15T12:41:00+00:00\",\"dateModified\":\"2025-08-15T12:59:34+00:00\",\"author\":{\"@id\":\"https:\\\/\\\/www.presseinvestigation.com\\\/#\\\/schema\\\/person\\\/32d023733a4a9d7c3bd6883619b8f116\"},\"breadcrumb\":{\"@id\":\"https:\\\/\\\/www.presseinvestigation.com\\\/index.php\\\/2025\\\/08\\\/15\\\/journalisme-au-service-de-la-cohesion-sociale-une-sensibilisation-du-dg-de-lanaim-aly-damalaye-conde-au-lancement-du-cjrr\\\/#breadcrumb\"},\"inLanguage\":\"fr-FR\",\"potentialAction\":[{\"@type\":\"ReadAction\",\"target\":[\"https:\\\/\\\/www.presseinvestigation.com\\\/index.php\\\/2025\\\/08\\\/15\\\/journalisme-au-service-de-la-cohesion-sociale-une-sensibilisation-du-dg-de-lanaim-aly-damalaye-conde-au-lancement-du-cjrr\\\/\"]}]},{\"@type\":\"ImageObject\",\"inLanguage\":\"fr-FR\",\"@id\":\"https:\\\/\\\/www.presseinvestigation.com\\\/index.php\\\/2025\\\/08\\\/15\\\/journalisme-au-service-de-la-cohesion-sociale-une-sensibilisation-du-dg-de-lanaim-aly-damalaye-conde-au-lancement-du-cjrr\\\/#primaryimage\",\"url\":\"https:\\\/\\\/www.presseinvestigation.com\\\/wp-content\\\/uploads\\\/2025\\\/08\\\/IMG-20250814-WA0066-2.jpg\",\"contentUrl\":\"https:\\\/\\\/www.presseinvestigation.com\\\/wp-content\\\/uploads\\\/2025\\\/08\\\/IMG-20250814-WA0066-2.jpg\",\"width\":701,\"height\":728},{\"@type\":\"BreadcrumbList\",\"@id\":\"https:\\\/\\\/www.presseinvestigation.com\\\/index.php\\\/2025\\\/08\\\/15\\\/journalisme-au-service-de-la-cohesion-sociale-une-sensibilisation-du-dg-de-lanaim-aly-damalaye-conde-au-lancement-du-cjrr\\\/#breadcrumb\",\"itemListElement\":[{\"@type\":\"ListItem\",\"position\":1,\"name\":\"Accueil\",\"item\":\"https:\\\/\\\/www.presseinvestigation.com\\\/\"},{\"@type\":\"ListItem\",\"position\":2,\"name\":\"Journalisme au service de la coh\u00e9sion sociale: Telle est la sensibilisation faite par DG de l\u2019ANAIM Aly Damalaye CONDE au lancement du CJRR\"}]},{\"@type\":\"WebSite\",\"@id\":\"https:\\\/\\\/www.presseinvestigation.com\\\/#website\",\"url\":\"https:\\\/\\\/www.presseinvestigation.com\\\/\",\"name\":\"Presseinvestigation\",\"description\":\"Informer dans l&#039;impartialit\u00e9\",\"potentialAction\":[{\"@type\":\"SearchAction\",\"target\":{\"@type\":\"EntryPoint\",\"urlTemplate\":\"https:\\\/\\\/www.presseinvestigation.com\\\/?s={search_term_string}\"},\"query-input\":{\"@type\":\"PropertyValueSpecification\",\"valueRequired\":true,\"valueName\":\"search_term_string\"}}],\"inLanguage\":\"fr-FR\"},{\"@type\":\"Person\",\"@id\":\"https:\\\/\\\/www.presseinvestigation.com\\\/#\\\/schema\\\/person\\\/32d023733a4a9d7c3bd6883619b8f116\",\"name\":\"Presseinvestigation.com\",\"image\":{\"@type\":\"ImageObject\",\"inLanguage\":\"fr-FR\",\"@id\":\"https:\\\/\\\/secure.gravatar.com\\\/avatar\\\/26f9c9e95424b0bde739ba0af37ee39a9e4a9e809967422c5b8e8573a34fbbe0?s=96&d=mm&r=g\",\"url\":\"https:\\\/\\\/secure.gravatar.com\\\/avatar\\\/26f9c9e95424b0bde739ba0af37ee39a9e4a9e809967422c5b8e8573a34fbbe0?s=96&d=mm&r=g\",\"contentUrl\":\"https:\\\/\\\/secure.gravatar.com\\\/avatar\\\/26f9c9e95424b0bde739ba0af37ee39a9e4a9e809967422c5b8e8573a34fbbe0?s=96&d=mm&r=g\",\"caption\":\"Presseinvestigation.com\"},\"url\":\"https:\\\/\\\/www.presseinvestigation.com\\\/index.php\\\/author\\\/toumany\\\/\"}]}<\/script>\n<!-- \/ Yoast SEO plugin. -->","yoast_head_json":{"title":"Journalisme au service de la coh\u00e9sion sociale: Telle est la sensibilisation faite par DG de l\u2019ANAIM Aly Damalaye CONDE au lancement du CJRR - Presseinvestigation","robots":{"index":"index","follow":"follow","max-snippet":"max-snippet:-1","max-image-preview":"max-image-preview:large","max-video-preview":"max-video-preview:-1"},"canonical":"https:\/\/www.presseinvestigation.com\/index.php\/2025\/08\/15\/journalisme-au-service-de-la-cohesion-sociale-une-sensibilisation-du-dg-de-lanaim-aly-damalaye-conde-au-lancement-du-cjrr\/","og_locale":"fr_FR","og_type":"article","og_title":"Journalisme au service de la coh\u00e9sion sociale: Telle est la sensibilisation faite par DG de l\u2019ANAIM Aly Damalaye CONDE au lancement du CJRR - Presseinvestigation","og_description":"Dans le cadre de son partenariat d\u2019accompagnement des structures sociales, inscrit dans ses pr\u00e9rogatives, la Direction G\u00e9n\u00e9rale de l\u2019Agence Nationale d\u2019Am\u00e9nagement des Infrastructures Mini\u00e8res(ANAIM) a pris part, ce jeudi 14 aout 2025, au lancement officiel du Collectif des Journalistes pour la R\u00e9ussite de la Refondation(CJRR).C\u2019est suite \u00e0 l\u2019invitation des organisateurs, qui ont choisi le Directeur [&hellip;]","og_url":"https:\/\/www.presseinvestigation.com\/index.php\/2025\/08\/15\/journalisme-au-service-de-la-cohesion-sociale-une-sensibilisation-du-dg-de-lanaim-aly-damalaye-conde-au-lancement-du-cjrr\/","og_site_name":"Presseinvestigation","article_published_time":"2025-08-15T12:41:00+00:00","article_modified_time":"2025-08-15T12:59:34+00:00","og_image":[{"width":701,"height":728,"url":"https:\/\/www.presseinvestigation.com\/wp-content\/uploads\/2025\/08\/IMG-20250814-WA0066-2.jpg","type":"image\/jpeg"}],"author":"Presseinvestigation.com","twitter_card":"summary_large_image","twitter_misc":{"\u00c9crit par":"Presseinvestigation.com","Dur\u00e9e de lecture estim\u00e9e":"4 minutes"},"schema":{"@context":"https:\/\/schema.org","@graph":[{"@type":"Article","@id":"https:\/\/www.presseinvestigation.com\/index.php\/2025\/08\/15\/journalisme-au-service-de-la-cohesion-sociale-une-sensibilisation-du-dg-de-lanaim-aly-damalaye-conde-au-lancement-du-cjrr\/#article","isPartOf":{"@id":"https:\/\/www.presseinvestigation.com\/index.php\/2025\/08\/15\/journalisme-au-service-de-la-cohesion-sociale-une-sensibilisation-du-dg-de-lanaim-aly-damalaye-conde-au-lancement-du-cjrr\/"},"author":{"name":"Presseinvestigation.com","@id":"https:\/\/www.presseinvestigation.com\/#\/schema\/person\/32d023733a4a9d7c3bd6883619b8f116"},"headline":"Journalisme au service de la coh\u00e9sion sociale: Telle est la sensibilisation faite par DG de l\u2019ANAIM Aly Damalaye CONDE au lancement du CJRR","datePublished":"2025-08-15T12:41:00+00:00","dateModified":"2025-08-15T12:59:34+00:00","mainEntityOfPage":{"@id":"https:\/\/www.presseinvestigation.com\/index.php\/2025\/08\/15\/journalisme-au-service-de-la-cohesion-sociale-une-sensibilisation-du-dg-de-lanaim-aly-damalaye-conde-au-lancement-du-cjrr\/"},"wordCount":641,"commentCount":0,"image":{"@id":"https:\/\/www.presseinvestigation.com\/index.php\/2025\/08\/15\/journalisme-au-service-de-la-cohesion-sociale-une-sensibilisation-du-dg-de-lanaim-aly-damalaye-conde-au-lancement-du-cjrr\/#primaryimage"},"thumbnailUrl":"https:\/\/www.presseinvestigation.com\/wp-content\/uploads\/2025\/08\/IMG-20250814-WA0066-2.jpg","articleSection":["P\u00f4le Actualit\u00e9-Soci\u00e9t\u00e9"],"inLanguage":"fr-FR","potentialAction":[{"@type":"CommentAction","name":"Comment","target":["https:\/\/www.presseinvestigation.com\/index.php\/2025\/08\/15\/journalisme-au-service-de-la-cohesion-sociale-une-sensibilisation-du-dg-de-lanaim-aly-damalaye-conde-au-lancement-du-cjrr\/#respond"]}]},{"@type":"WebPage","@id":"https:\/\/www.presseinvestigation.com\/index.php\/2025\/08\/15\/journalisme-au-service-de-la-cohesion-sociale-une-sensibilisation-du-dg-de-lanaim-aly-damalaye-conde-au-lancement-du-cjrr\/","url":"https:\/\/www.presseinvestigation.com\/index.php\/2025\/08\/15\/journalisme-au-service-de-la-cohesion-sociale-une-sensibilisation-du-dg-de-lanaim-aly-damalaye-conde-au-lancement-du-cjrr\/","name":"Journalisme au service de la coh\u00e9sion sociale: Telle est la sensibilisation faite par DG de l\u2019ANAIM Aly Damalaye CONDE au lancement du CJRR - Presseinvestigation","isPartOf":{"@id":"https:\/\/www.presseinvestigation.com\/#website"},"primaryImageOfPage":{"@id":"https:\/\/www.presseinvestigation.com\/index.php\/2025\/08\/15\/journalisme-au-service-de-la-cohesion-sociale-une-sensibilisation-du-dg-de-lanaim-aly-damalaye-conde-au-lancement-du-cjrr\/#primaryimage"},"image":{"@id":"https:\/\/www.presseinvestigation.com\/index.php\/2025\/08\/15\/journalisme-au-service-de-la-cohesion-sociale-une-sensibilisation-du-dg-de-lanaim-aly-damalaye-conde-au-lancement-du-cjrr\/#primaryimage"},"thumbnailUrl":"https:\/\/www.presseinvestigation.com\/wp-content\/uploads\/2025\/08\/IMG-20250814-WA0066-2.jpg","datePublished":"2025-08-15T12:41:00+00:00","dateModified":"2025-08-15T12:59:34+00:00","author":{"@id":"https:\/\/www.presseinvestigation.com\/#\/schema\/person\/32d023733a4a9d7c3bd6883619b8f116"},"breadcrumb":{"@id":"https:\/\/www.presseinvestigation.com\/index.php\/2025\/08\/15\/journalisme-au-service-de-la-cohesion-sociale-une-sensibilisation-du-dg-de-lanaim-aly-damalaye-conde-au-lancement-du-cjrr\/#breadcrumb"},"inLanguage":"fr-FR","potentialAction":[{"@type":"ReadAction","target":["https:\/\/www.presseinvestigation.com\/index.php\/2025\/08\/15\/journalisme-au-service-de-la-cohesion-sociale-une-sensibilisation-du-dg-de-lanaim-aly-damalaye-conde-au-lancement-du-cjrr\/"]}]},{"@type":"ImageObject","inLanguage":"fr-FR","@id":"https:\/\/www.presseinvestigation.com\/index.php\/2025\/08\/15\/journalisme-au-service-de-la-cohesion-sociale-une-sensibilisation-du-dg-de-lanaim-aly-damalaye-conde-au-lancement-du-cjrr\/#primaryimage","url":"https:\/\/www.presseinvestigation.com\/wp-content\/uploads\/2025\/08\/IMG-20250814-WA0066-2.jpg","contentUrl":"https:\/\/www.presseinvestigation.com\/wp-content\/uploads\/2025\/08\/IMG-20250814-WA0066-2.jpg","width":701,"height":728},{"@type":"BreadcrumbList","@id":"https:\/\/www.presseinvestigation.com\/index.php\/2025\/08\/15\/journalisme-au-service-de-la-cohesion-sociale-une-sensibilisation-du-dg-de-lanaim-aly-damalaye-conde-au-lancement-du-cjrr\/#breadcrumb","itemListElement":[{"@type":"ListItem","position":1,"name":"Accueil","item":"https:\/\/www.presseinvestigation.com\/"},{"@type":"ListItem","position":2,"name":"Journalisme au service de la coh\u00e9sion sociale: Telle est la sensibilisation faite par DG de l\u2019ANAIM Aly Damalaye CONDE au lancement du CJRR"}]},{"@type":"WebSite","@id":"https:\/\/www.presseinvestigation.com\/#website","url":"https:\/\/www.presseinvestigation.com\/","name":"Presseinvestigation","description":"Informer dans l&#039;impartialit\u00e9","potentialAction":[{"@type":"SearchAction","target":{"@type":"EntryPoint","urlTemplate":"https:\/\/www.presseinvestigation.com\/?s={search_term_string}"},"query-input":{"@type":"PropertyValueSpecification","valueRequired":true,"valueName":"search_term_string"}}],"inLanguage":"fr-FR"},{"@type":"Person","@id":"https:\/\/www.presseinvestigation.com\/#\/schema\/person\/32d023733a4a9d7c3bd6883619b8f116","name":"Presseinvestigation.com","image":{"@type":"ImageObject","inLanguage":"fr-FR","@id":"https:\/\/secure.gravatar.com\/avatar\/26f9c9e95424b0bde739ba0af37ee39a9e4a9e809967422c5b8e8573a34fbbe0?s=96&d=mm&r=g","url":"https:\/\/secure.gravatar.com\/avatar\/26f9c9e95424b0bde739ba0af37ee39a9e4a9e809967422c5b8e8573a34fbbe0?s=96&d=mm&r=g","contentUrl":"https:\/\/secure.gravatar.com\/avatar\/26f9c9e95424b0bde739ba0af37ee39a9e4a9e809967422c5b8e8573a34fbbe0?s=96&d=mm&r=g","caption":"Presseinvestigation.com"},"url":"https:\/\/www.presseinvestigation.com\/index.php\/author\/toumany\/"}]}},"_links":{"self":[{"href":"https:\/\/www.presseinvestigation.com\/index.php\/wp-json\/wp\/v2\/posts\/9542","targetHints":{"allow":["GET"]}}],"collection":[{"href":"https:\/\/www.presseinvestigation.com\/index.php\/wp-json\/wp\/v2\/posts"}],"about":[{"href":"https:\/\/www.presseinvestigation.com\/index.php\/wp-json\/wp\/v2\/types\/post"}],"author":[{"embeddable":true,"href":"https:\/\/www.presseinvestigation.com\/index.php\/wp-json\/wp\/v2\/users\/2"}],"replies":[{"embeddable":true,"href":"https:\/\/www.presseinvestigation.com\/index.php\/wp-json\/wp\/v2\/comments?post=9542"}],"version-history":[{"count":3,"href":"https:\/\/www.presseinvestigation.com\/index.php\/wp-json\/wp\/v2\/posts\/9542\/revisions"}],"predecessor-version":[{"id":9548,"href":"https:\/\/www.presseinvestigation.com\/index.php\/wp-json\/wp\/v2\/posts\/9542\/revisions\/9548"}],"wp:featuredmedia":[{"embeddable":true,"href":"https:\/\/www.presseinvestigation.com\/index.php\/wp-json\/wp\/v2\/media\/9547"}],"wp:attachment":[{"href":"https:\/\/www.presseinvestigation.com\/index.php\/wp-json\/wp\/v2\/media?parent=9542"}],"wp:term":[{"taxonomy":"category","embeddable":true,"href":"https:\/\/www.presseinvestigation.com\/index.php\/wp-json\/wp\/v2\/categories?post=9542"},{"taxonomy":"post_tag","embeddable":true,"href":"https:\/\/www.presseinvestigation.com\/index.php\/wp-json\/wp\/v2\/tags?post=9542"}],"curies":[{"name":"wp","href":"https:\/\/api.w.org\/{rel}","templated":true}]}}