{"id":9583,"date":"2025-09-08T16:33:17","date_gmt":"2025-09-08T14:33:17","guid":{"rendered":"https:\/\/www.presseinvestigation.com\/index.php\/2025\/09\/08\/lancement-officiel-de-la-campagne-referendaire-a-boke-lanaim-fortement-mobilisee\/"},"modified":"2025-09-08T16:38:40","modified_gmt":"2025-09-08T14:38:40","slug":"lancement-officiel-de-la-campagne-referendaire-a-boke-lanaim-fortement-mobilisee","status":"publish","type":"post","link":"https:\/\/www.presseinvestigation.com\/index.php\/2025\/09\/08\/lancement-officiel-de-la-campagne-referendaire-a-boke-lanaim-fortement-mobilisee\/","title":{"rendered":"Lancement officiel de la campagne r\u00e9f\u00e9rendaire \u00e0 Bok\u00e9 : l\u2019ANAIM fortement mobilis\u00e9e"},"content":{"rendered":"<p><strong>Ce lundi\u00a0 08 septembre 2025, la ville de Bok\u00e9 a abrit\u00e9, \u00e0 la maison des jeunes, la c\u00e9r\u00e9monie officielle de lancement de la campagne r\u00e9f\u00e9rendaire.\u00c0 cette occasion, le Directeur G\u00e9n\u00e9ral, M. Aly Damalaye Cond\u00e9, \u00e9tait accompagn\u00e9 d\u2019une forte d\u00e9l\u00e9gation de la Direction G\u00e9n\u00e9rale de l\u2019ANAIM et de ses coordinations de Kamsar et Bok\u00e9.<\/strong><\/p>\n<p><a href=\"https:\/\/www.presseinvestigation.com\/wp-content\/uploads\/2025\/09\/Screenshot_20250908_142324_Phoenix.jpg\"><img decoding=\"async\" class=\"attachment-full size-full\" src=\"https:\/\/www.presseinvestigation.com\/wp-content\/uploads\/2025\/09\/Screenshot_20250908_142324_Phoenix.jpg\" alt=\"\" \/><\/a><\/p>\n<p>\u00c0 ses c\u00f4t\u00e9s, on notait \u00e9galement la pr\u00e9sence du Ministre de l\u2019Information et de la Communication, du Ministre Directeur de Cabinet de la Primature, du Gouverneur de la r\u00e9gion administrative de Bok\u00e9, de plusieurs cadres, ainsi que de nombreux ressortissants venus soutenir l\u2019\u00e9v\u00e9nement.<\/p>\n<p>Dans leurs diff\u00e9rentes interventions, les responsables ont insist\u00e9 sur l\u2019importance de ce moment historique et exhort\u00e9 les populations \u00e0 aller r\u00e9cup\u00e9rer leurs cartes d\u2019\u00e9lecteur et \u00e0 se mobiliser massivement pour voter OUI au projet de nouvelle Constitution.Un texte pr\u00e9sent\u00e9 comme une Constitution qui rassemble, qui unit et qui ouvre la voie \u00e0 un avenir meilleur pour la Guin\u00e9e.<a href=\"https:\/\/www.presseinvestigation.com\/wp-content\/uploads\/2025\/09\/Screenshot_20250908_142334_Phoenix.jpg\"><img decoding=\"async\" class=\"attachment-full size-full\" src=\"https:\/\/www.presseinvestigation.com\/wp-content\/uploads\/2025\/09\/Screenshot_20250908_142334_Phoenix.jpg\" alt=\"\" \/><\/a><\/p>\n<p>La c\u00e9r\u00e9monie, marqu\u00e9e par une forte affluence, s\u2019inscrit dans la dynamique nationale visant \u00e0 renforcer la coh\u00e9sion sociale et \u00e0 consolider la refondation de l\u2019\u00c9tat.<\/p>\n<p><strong>D\u00e9partement de la Communication et des Relations Publiques\u00a0<\/strong><\/p>\n","protected":false},"excerpt":{"rendered":"<p>Ce lundi\u00a0 08 septembre 2025, la ville de Bok\u00e9 a abrit\u00e9, \u00e0 la maison des jeunes, la c\u00e9r\u00e9monie officielle de lancement de la campagne r\u00e9f\u00e9rendaire.\u00c0 cette occasion, le Directeur G\u00e9n\u00e9ral, M. Aly Damalaye Cond\u00e9, \u00e9tait accompagn\u00e9 d\u2019une forte d\u00e9l\u00e9gation de la Direction G\u00e9n\u00e9rale de l\u2019ANAIM et de ses coordinations de Kamsar et Bok\u00e9. \u00c0 ses [&hellip;]<\/p>\n","protected":false},"author":2,"featured_media":9580,"comment_status":"open","ping_status":"open","sticky":false,"template":"","format":"standard","meta":{"jnews-multi-image_gallery":[],"jnews_single_post":{"source_name":"","source_url":"","via_name":"","via_url":"","override_template":"0","override":[{"template":"1","single_blog_custom":"","parallax":"1","fullscreen":"1","layout":"right-sidebar","sidebar":"default-sidebar","second_sidebar":"default-sidebar","sticky_sidebar":"1","share_position":"bottom","share_float_style":"share-monocrhome","show_share_counter":"1","show_view_counter":"1","show_featured":"1","show_post_meta":"1","show_post_author":"1","show_post_author_image":"1","show_post_date":"1","post_date_format":"default","post_date_format_custom":"Y\/m\/d","show_post_category":"1","show_post_reading_time":"0","post_reading_time_wpm":"300","show_zoom_button":"0","zoom_button_out_step":"2","zoom_button_in_step":"3","show_post_tag":"1","show_prev_next_post":"1","show_popup_post":"1","number_popup_post":"1","show_author_box":"0","show_post_related":"0","show_inline_post_related":"0"}],"override_image_size":"0","image_override":[{"single_post_thumbnail_size":"crop-500","single_post_gallery_size":"crop-500"}],"trending_post":"0","trending_post_position":"meta","trending_post_label":"Trending","sponsored_post":"0","sponsored_post_label":"Sponsored by","sponsored_post_name":"","sponsored_post_url":"","sponsored_post_logo_enable":"0","sponsored_post_logo":"","sponsored_post_desc":"","disable_ad":"0"},"jnews_primary_category":{"id":"","hide":""},"footnotes":""},"categories":[77],"tags":[],"class_list":["post-9583","post","type-post","status-publish","format-standard","has-post-thumbnail","hentry","category-publi-reportage"],"yoast_head":"<!-- This site is optimized with the Yoast SEO plugin v27.3 - https:\/\/yoast.com\/product\/yoast-seo-wordpress\/ -->\n<title>Lancement officiel de la campagne r\u00e9f\u00e9rendaire \u00e0 Bok\u00e9 : l\u2019ANAIM fortement mobilis\u00e9e - Presseinvestigation<\/title>\n<meta name=\"robots\" content=\"index, follow, max-snippet:-1, max-image-preview:large, max-video-preview:-1\" \/>\n<link rel=\"canonical\" href=\"https:\/\/www.presseinvestigation.com\/index.php\/2025\/09\/08\/lancement-officiel-de-la-campagne-referendaire-a-boke-lanaim-fortement-mobilisee\/\" \/>\n<meta property=\"og:locale\" content=\"fr_FR\" \/>\n<meta property=\"og:type\" content=\"article\" \/>\n<meta property=\"og:title\" content=\"Lancement officiel de la campagne r\u00e9f\u00e9rendaire \u00e0 Bok\u00e9 : l\u2019ANAIM fortement mobilis\u00e9e - Presseinvestigation\" \/>\n<meta property=\"og:description\" content=\"Ce lundi\u00a0 08 septembre 2025, la ville de Bok\u00e9 a abrit\u00e9, \u00e0 la maison des jeunes, la c\u00e9r\u00e9monie officielle de lancement de la campagne r\u00e9f\u00e9rendaire.\u00c0 cette occasion, le Directeur G\u00e9n\u00e9ral, M. Aly Damalaye Cond\u00e9, \u00e9tait accompagn\u00e9 d\u2019une forte d\u00e9l\u00e9gation de la Direction G\u00e9n\u00e9rale de l\u2019ANAIM et de ses coordinations de Kamsar et Bok\u00e9. \u00c0 ses [&hellip;]\" \/>\n<meta property=\"og:url\" content=\"https:\/\/www.presseinvestigation.com\/index.php\/2025\/09\/08\/lancement-officiel-de-la-campagne-referendaire-a-boke-lanaim-fortement-mobilisee\/\" \/>\n<meta property=\"og:site_name\" content=\"Presseinvestigation\" \/>\n<meta property=\"article:published_time\" content=\"2025-09-08T14:33:17+00:00\" \/>\n<meta property=\"article:modified_time\" content=\"2025-09-08T14:38:40+00:00\" \/>\n<meta property=\"og:image\" content=\"https:\/\/www.presseinvestigation.com\/wp-content\/uploads\/2025\/09\/Screenshot_20250908_142312_Phoenix.jpg\" \/>\n\t<meta property=\"og:image:width\" content=\"988\" \/>\n\t<meta property=\"og:image:height\" content=\"738\" \/>\n\t<meta property=\"og:image:type\" content=\"image\/jpeg\" \/>\n<meta name=\"author\" content=\"Presseinvestigation.com\" \/>\n<meta name=\"twitter:card\" content=\"summary_large_image\" \/>\n<meta name=\"twitter:label1\" content=\"\u00c9crit par\" \/>\n\t<meta name=\"twitter:data1\" content=\"Presseinvestigation.com\" \/>\n\t<meta name=\"twitter:label2\" content=\"Dur\u00e9e de lecture estim\u00e9e\" \/>\n\t<meta name=\"twitter:data2\" content=\"2 minutes\" \/>\n<script type=\"application\/ld+json\" class=\"yoast-schema-graph\">{\"@context\":\"https:\\\/\\\/schema.org\",\"@graph\":[{\"@type\":\"Article\",\"@id\":\"https:\\\/\\\/www.presseinvestigation.com\\\/index.php\\\/2025\\\/09\\\/08\\\/lancement-officiel-de-la-campagne-referendaire-a-boke-lanaim-fortement-mobilisee\\\/#article\",\"isPartOf\":{\"@id\":\"https:\\\/\\\/www.presseinvestigation.com\\\/index.php\\\/2025\\\/09\\\/08\\\/lancement-officiel-de-la-campagne-referendaire-a-boke-lanaim-fortement-mobilisee\\\/\"},\"author\":{\"name\":\"Presseinvestigation.com\",\"@id\":\"https:\\\/\\\/www.presseinvestigation.com\\\/#\\\/schema\\\/person\\\/32d023733a4a9d7c3bd6883619b8f116\"},\"headline\":\"Lancement officiel de la campagne r\u00e9f\u00e9rendaire \u00e0 Bok\u00e9 : l\u2019ANAIM fortement mobilis\u00e9e\",\"datePublished\":\"2025-09-08T14:33:17+00:00\",\"dateModified\":\"2025-09-08T14:38:40+00:00\",\"mainEntityOfPage\":{\"@id\":\"https:\\\/\\\/www.presseinvestigation.com\\\/index.php\\\/2025\\\/09\\\/08\\\/lancement-officiel-de-la-campagne-referendaire-a-boke-lanaim-fortement-mobilisee\\\/\"},\"wordCount\":226,\"commentCount\":0,\"image\":{\"@id\":\"https:\\\/\\\/www.presseinvestigation.com\\\/index.php\\\/2025\\\/09\\\/08\\\/lancement-officiel-de-la-campagne-referendaire-a-boke-lanaim-fortement-mobilisee\\\/#primaryimage\"},\"thumbnailUrl\":\"https:\\\/\\\/www.presseinvestigation.com\\\/wp-content\\\/uploads\\\/2025\\\/09\\\/Screenshot_20250908_142312_Phoenix.jpg\",\"articleSection\":[\"publi-reportage\"],\"inLanguage\":\"fr-FR\",\"potentialAction\":[{\"@type\":\"CommentAction\",\"name\":\"Comment\",\"target\":[\"https:\\\/\\\/www.presseinvestigation.com\\\/index.php\\\/2025\\\/09\\\/08\\\/lancement-officiel-de-la-campagne-referendaire-a-boke-lanaim-fortement-mobilisee\\\/#respond\"]}]},{\"@type\":\"WebPage\",\"@id\":\"https:\\\/\\\/www.presseinvestigation.com\\\/index.php\\\/2025\\\/09\\\/08\\\/lancement-officiel-de-la-campagne-referendaire-a-boke-lanaim-fortement-mobilisee\\\/\",\"url\":\"https:\\\/\\\/www.presseinvestigation.com\\\/index.php\\\/2025\\\/09\\\/08\\\/lancement-officiel-de-la-campagne-referendaire-a-boke-lanaim-fortement-mobilisee\\\/\",\"name\":\"Lancement officiel de la campagne r\u00e9f\u00e9rendaire \u00e0 Bok\u00e9 : l\u2019ANAIM fortement mobilis\u00e9e - Presseinvestigation\",\"isPartOf\":{\"@id\":\"https:\\\/\\\/www.presseinvestigation.com\\\/#website\"},\"primaryImageOfPage\":{\"@id\":\"https:\\\/\\\/www.presseinvestigation.com\\\/index.php\\\/2025\\\/09\\\/08\\\/lancement-officiel-de-la-campagne-referendaire-a-boke-lanaim-fortement-mobilisee\\\/#primaryimage\"},\"image\":{\"@id\":\"https:\\\/\\\/www.presseinvestigation.com\\\/index.php\\\/2025\\\/09\\\/08\\\/lancement-officiel-de-la-campagne-referendaire-a-boke-lanaim-fortement-mobilisee\\\/#primaryimage\"},\"thumbnailUrl\":\"https:\\\/\\\/www.presseinvestigation.com\\\/wp-content\\\/uploads\\\/2025\\\/09\\\/Screenshot_20250908_142312_Phoenix.jpg\",\"datePublished\":\"2025-09-08T14:33:17+00:00\",\"dateModified\":\"2025-09-08T14:38:40+00:00\",\"author\":{\"@id\":\"https:\\\/\\\/www.presseinvestigation.com\\\/#\\\/schema\\\/person\\\/32d023733a4a9d7c3bd6883619b8f116\"},\"breadcrumb\":{\"@id\":\"https:\\\/\\\/www.presseinvestigation.com\\\/index.php\\\/2025\\\/09\\\/08\\\/lancement-officiel-de-la-campagne-referendaire-a-boke-lanaim-fortement-mobilisee\\\/#breadcrumb\"},\"inLanguage\":\"fr-FR\",\"potentialAction\":[{\"@type\":\"ReadAction\",\"target\":[\"https:\\\/\\\/www.presseinvestigation.com\\\/index.php\\\/2025\\\/09\\\/08\\\/lancement-officiel-de-la-campagne-referendaire-a-boke-lanaim-fortement-mobilisee\\\/\"]}]},{\"@type\":\"ImageObject\",\"inLanguage\":\"fr-FR\",\"@id\":\"https:\\\/\\\/www.presseinvestigation.com\\\/index.php\\\/2025\\\/09\\\/08\\\/lancement-officiel-de-la-campagne-referendaire-a-boke-lanaim-fortement-mobilisee\\\/#primaryimage\",\"url\":\"https:\\\/\\\/www.presseinvestigation.com\\\/wp-content\\\/uploads\\\/2025\\\/09\\\/Screenshot_20250908_142312_Phoenix.jpg\",\"contentUrl\":\"https:\\\/\\\/www.presseinvestigation.com\\\/wp-content\\\/uploads\\\/2025\\\/09\\\/Screenshot_20250908_142312_Phoenix.jpg\",\"width\":988,\"height\":738},{\"@type\":\"BreadcrumbList\",\"@id\":\"https:\\\/\\\/www.presseinvestigation.com\\\/index.php\\\/2025\\\/09\\\/08\\\/lancement-officiel-de-la-campagne-referendaire-a-boke-lanaim-fortement-mobilisee\\\/#breadcrumb\",\"itemListElement\":[{\"@type\":\"ListItem\",\"position\":1,\"name\":\"Accueil\",\"item\":\"https:\\\/\\\/www.presseinvestigation.com\\\/\"},{\"@type\":\"ListItem\",\"position\":2,\"name\":\"Lancement officiel de la campagne r\u00e9f\u00e9rendaire \u00e0 Bok\u00e9 : l\u2019ANAIM fortement mobilis\u00e9e\"}]},{\"@type\":\"WebSite\",\"@id\":\"https:\\\/\\\/www.presseinvestigation.com\\\/#website\",\"url\":\"https:\\\/\\\/www.presseinvestigation.com\\\/\",\"name\":\"Presseinvestigation\",\"description\":\"Informer dans l&#039;impartialit\u00e9\",\"potentialAction\":[{\"@type\":\"SearchAction\",\"target\":{\"@type\":\"EntryPoint\",\"urlTemplate\":\"https:\\\/\\\/www.presseinvestigation.com\\\/?s={search_term_string}\"},\"query-input\":{\"@type\":\"PropertyValueSpecification\",\"valueRequired\":true,\"valueName\":\"search_term_string\"}}],\"inLanguage\":\"fr-FR\"},{\"@type\":\"Person\",\"@id\":\"https:\\\/\\\/www.presseinvestigation.com\\\/#\\\/schema\\\/person\\\/32d023733a4a9d7c3bd6883619b8f116\",\"name\":\"Presseinvestigation.com\",\"image\":{\"@type\":\"ImageObject\",\"inLanguage\":\"fr-FR\",\"@id\":\"https:\\\/\\\/secure.gravatar.com\\\/avatar\\\/26f9c9e95424b0bde739ba0af37ee39a9e4a9e809967422c5b8e8573a34fbbe0?s=96&d=mm&r=g\",\"url\":\"https:\\\/\\\/secure.gravatar.com\\\/avatar\\\/26f9c9e95424b0bde739ba0af37ee39a9e4a9e809967422c5b8e8573a34fbbe0?s=96&d=mm&r=g\",\"contentUrl\":\"https:\\\/\\\/secure.gravatar.com\\\/avatar\\\/26f9c9e95424b0bde739ba0af37ee39a9e4a9e809967422c5b8e8573a34fbbe0?s=96&d=mm&r=g\",\"caption\":\"Presseinvestigation.com\"},\"url\":\"https:\\\/\\\/www.presseinvestigation.com\\\/index.php\\\/author\\\/toumany\\\/\"}]}<\/script>\n<!-- \/ Yoast SEO plugin. -->","yoast_head_json":{"title":"Lancement officiel de la campagne r\u00e9f\u00e9rendaire \u00e0 Bok\u00e9 : l\u2019ANAIM fortement mobilis\u00e9e - Presseinvestigation","robots":{"index":"index","follow":"follow","max-snippet":"max-snippet:-1","max-image-preview":"max-image-preview:large","max-video-preview":"max-video-preview:-1"},"canonical":"https:\/\/www.presseinvestigation.com\/index.php\/2025\/09\/08\/lancement-officiel-de-la-campagne-referendaire-a-boke-lanaim-fortement-mobilisee\/","og_locale":"fr_FR","og_type":"article","og_title":"Lancement officiel de la campagne r\u00e9f\u00e9rendaire \u00e0 Bok\u00e9 : l\u2019ANAIM fortement mobilis\u00e9e - Presseinvestigation","og_description":"Ce lundi\u00a0 08 septembre 2025, la ville de Bok\u00e9 a abrit\u00e9, \u00e0 la maison des jeunes, la c\u00e9r\u00e9monie officielle de lancement de la campagne r\u00e9f\u00e9rendaire.\u00c0 cette occasion, le Directeur G\u00e9n\u00e9ral, M. Aly Damalaye Cond\u00e9, \u00e9tait accompagn\u00e9 d\u2019une forte d\u00e9l\u00e9gation de la Direction G\u00e9n\u00e9rale de l\u2019ANAIM et de ses coordinations de Kamsar et Bok\u00e9. \u00c0 ses [&hellip;]","og_url":"https:\/\/www.presseinvestigation.com\/index.php\/2025\/09\/08\/lancement-officiel-de-la-campagne-referendaire-a-boke-lanaim-fortement-mobilisee\/","og_site_name":"Presseinvestigation","article_published_time":"2025-09-08T14:33:17+00:00","article_modified_time":"2025-09-08T14:38:40+00:00","og_image":[{"width":988,"height":738,"url":"https:\/\/www.presseinvestigation.com\/wp-content\/uploads\/2025\/09\/Screenshot_20250908_142312_Phoenix.jpg","type":"image\/jpeg"}],"author":"Presseinvestigation.com","twitter_card":"summary_large_image","twitter_misc":{"\u00c9crit par":"Presseinvestigation.com","Dur\u00e9e de lecture estim\u00e9e":"2 minutes"},"schema":{"@context":"https:\/\/schema.org","@graph":[{"@type":"Article","@id":"https:\/\/www.presseinvestigation.com\/index.php\/2025\/09\/08\/lancement-officiel-de-la-campagne-referendaire-a-boke-lanaim-fortement-mobilisee\/#article","isPartOf":{"@id":"https:\/\/www.presseinvestigation.com\/index.php\/2025\/09\/08\/lancement-officiel-de-la-campagne-referendaire-a-boke-lanaim-fortement-mobilisee\/"},"author":{"name":"Presseinvestigation.com","@id":"https:\/\/www.presseinvestigation.com\/#\/schema\/person\/32d023733a4a9d7c3bd6883619b8f116"},"headline":"Lancement officiel de la campagne r\u00e9f\u00e9rendaire \u00e0 Bok\u00e9 : l\u2019ANAIM fortement mobilis\u00e9e","datePublished":"2025-09-08T14:33:17+00:00","dateModified":"2025-09-08T14:38:40+00:00","mainEntityOfPage":{"@id":"https:\/\/www.presseinvestigation.com\/index.php\/2025\/09\/08\/lancement-officiel-de-la-campagne-referendaire-a-boke-lanaim-fortement-mobilisee\/"},"wordCount":226,"commentCount":0,"image":{"@id":"https:\/\/www.presseinvestigation.com\/index.php\/2025\/09\/08\/lancement-officiel-de-la-campagne-referendaire-a-boke-lanaim-fortement-mobilisee\/#primaryimage"},"thumbnailUrl":"https:\/\/www.presseinvestigation.com\/wp-content\/uploads\/2025\/09\/Screenshot_20250908_142312_Phoenix.jpg","articleSection":["publi-reportage"],"inLanguage":"fr-FR","potentialAction":[{"@type":"CommentAction","name":"Comment","target":["https:\/\/www.presseinvestigation.com\/index.php\/2025\/09\/08\/lancement-officiel-de-la-campagne-referendaire-a-boke-lanaim-fortement-mobilisee\/#respond"]}]},{"@type":"WebPage","@id":"https:\/\/www.presseinvestigation.com\/index.php\/2025\/09\/08\/lancement-officiel-de-la-campagne-referendaire-a-boke-lanaim-fortement-mobilisee\/","url":"https:\/\/www.presseinvestigation.com\/index.php\/2025\/09\/08\/lancement-officiel-de-la-campagne-referendaire-a-boke-lanaim-fortement-mobilisee\/","name":"Lancement officiel de la campagne r\u00e9f\u00e9rendaire \u00e0 Bok\u00e9 : l\u2019ANAIM fortement mobilis\u00e9e - Presseinvestigation","isPartOf":{"@id":"https:\/\/www.presseinvestigation.com\/#website"},"primaryImageOfPage":{"@id":"https:\/\/www.presseinvestigation.com\/index.php\/2025\/09\/08\/lancement-officiel-de-la-campagne-referendaire-a-boke-lanaim-fortement-mobilisee\/#primaryimage"},"image":{"@id":"https:\/\/www.presseinvestigation.com\/index.php\/2025\/09\/08\/lancement-officiel-de-la-campagne-referendaire-a-boke-lanaim-fortement-mobilisee\/#primaryimage"},"thumbnailUrl":"https:\/\/www.presseinvestigation.com\/wp-content\/uploads\/2025\/09\/Screenshot_20250908_142312_Phoenix.jpg","datePublished":"2025-09-08T14:33:17+00:00","dateModified":"2025-09-08T14:38:40+00:00","author":{"@id":"https:\/\/www.presseinvestigation.com\/#\/schema\/person\/32d023733a4a9d7c3bd6883619b8f116"},"breadcrumb":{"@id":"https:\/\/www.presseinvestigation.com\/index.php\/2025\/09\/08\/lancement-officiel-de-la-campagne-referendaire-a-boke-lanaim-fortement-mobilisee\/#breadcrumb"},"inLanguage":"fr-FR","potentialAction":[{"@type":"ReadAction","target":["https:\/\/www.presseinvestigation.com\/index.php\/2025\/09\/08\/lancement-officiel-de-la-campagne-referendaire-a-boke-lanaim-fortement-mobilisee\/"]}]},{"@type":"ImageObject","inLanguage":"fr-FR","@id":"https:\/\/www.presseinvestigation.com\/index.php\/2025\/09\/08\/lancement-officiel-de-la-campagne-referendaire-a-boke-lanaim-fortement-mobilisee\/#primaryimage","url":"https:\/\/www.presseinvestigation.com\/wp-content\/uploads\/2025\/09\/Screenshot_20250908_142312_Phoenix.jpg","contentUrl":"https:\/\/www.presseinvestigation.com\/wp-content\/uploads\/2025\/09\/Screenshot_20250908_142312_Phoenix.jpg","width":988,"height":738},{"@type":"BreadcrumbList","@id":"https:\/\/www.presseinvestigation.com\/index.php\/2025\/09\/08\/lancement-officiel-de-la-campagne-referendaire-a-boke-lanaim-fortement-mobilisee\/#breadcrumb","itemListElement":[{"@type":"ListItem","position":1,"name":"Accueil","item":"https:\/\/www.presseinvestigation.com\/"},{"@type":"ListItem","position":2,"name":"Lancement officiel de la campagne r\u00e9f\u00e9rendaire \u00e0 Bok\u00e9 : l\u2019ANAIM fortement mobilis\u00e9e"}]},{"@type":"WebSite","@id":"https:\/\/www.presseinvestigation.com\/#website","url":"https:\/\/www.presseinvestigation.com\/","name":"Presseinvestigation","description":"Informer dans l&#039;impartialit\u00e9","potentialAction":[{"@type":"SearchAction","target":{"@type":"EntryPoint","urlTemplate":"https:\/\/www.presseinvestigation.com\/?s={search_term_string}"},"query-input":{"@type":"PropertyValueSpecification","valueRequired":true,"valueName":"search_term_string"}}],"inLanguage":"fr-FR"},{"@type":"Person","@id":"https:\/\/www.presseinvestigation.com\/#\/schema\/person\/32d023733a4a9d7c3bd6883619b8f116","name":"Presseinvestigation.com","image":{"@type":"ImageObject","inLanguage":"fr-FR","@id":"https:\/\/secure.gravatar.com\/avatar\/26f9c9e95424b0bde739ba0af37ee39a9e4a9e809967422c5b8e8573a34fbbe0?s=96&d=mm&r=g","url":"https:\/\/secure.gravatar.com\/avatar\/26f9c9e95424b0bde739ba0af37ee39a9e4a9e809967422c5b8e8573a34fbbe0?s=96&d=mm&r=g","contentUrl":"https:\/\/secure.gravatar.com\/avatar\/26f9c9e95424b0bde739ba0af37ee39a9e4a9e809967422c5b8e8573a34fbbe0?s=96&d=mm&r=g","caption":"Presseinvestigation.com"},"url":"https:\/\/www.presseinvestigation.com\/index.php\/author\/toumany\/"}]}},"_links":{"self":[{"href":"https:\/\/www.presseinvestigation.com\/index.php\/wp-json\/wp\/v2\/posts\/9583","targetHints":{"allow":["GET"]}}],"collection":[{"href":"https:\/\/www.presseinvestigation.com\/index.php\/wp-json\/wp\/v2\/posts"}],"about":[{"href":"https:\/\/www.presseinvestigation.com\/index.php\/wp-json\/wp\/v2\/types\/post"}],"author":[{"embeddable":true,"href":"https:\/\/www.presseinvestigation.com\/index.php\/wp-json\/wp\/v2\/users\/2"}],"replies":[{"embeddable":true,"href":"https:\/\/www.presseinvestigation.com\/index.php\/wp-json\/wp\/v2\/comments?post=9583"}],"version-history":[{"count":2,"href":"https:\/\/www.presseinvestigation.com\/index.php\/wp-json\/wp\/v2\/posts\/9583\/revisions"}],"predecessor-version":[{"id":9586,"href":"https:\/\/www.presseinvestigation.com\/index.php\/wp-json\/wp\/v2\/posts\/9583\/revisions\/9586"}],"wp:featuredmedia":[{"embeddable":true,"href":"https:\/\/www.presseinvestigation.com\/index.php\/wp-json\/wp\/v2\/media\/9580"}],"wp:attachment":[{"href":"https:\/\/www.presseinvestigation.com\/index.php\/wp-json\/wp\/v2\/media?parent=9583"}],"wp:term":[{"taxonomy":"category","embeddable":true,"href":"https:\/\/www.presseinvestigation.com\/index.php\/wp-json\/wp\/v2\/categories?post=9583"},{"taxonomy":"post_tag","embeddable":true,"href":"https:\/\/www.presseinvestigation.com\/index.php\/wp-json\/wp\/v2\/tags?post=9583"}],"curies":[{"name":"wp","href":"https:\/\/api.w.org\/{rel}","templated":true}]}}