{"id":9601,"date":"2025-09-14T16:47:06","date_gmt":"2025-09-14T14:47:06","guid":{"rendered":"https:\/\/www.presseinvestigation.com\/index.php\/2025\/09\/14\/referendum-du-21-septembre-dr-ibrahima-diallo-de-lanaim-parmi-les-mobilisateurs-a-pita\/"},"modified":"2025-09-14T16:47:06","modified_gmt":"2025-09-14T14:47:06","slug":"referendum-du-21-septembre-dr-ibrahima-diallo-de-lanaim-parmi-les-mobilisateurs-a-pita","status":"publish","type":"post","link":"https:\/\/www.presseinvestigation.com\/index.php\/2025\/09\/14\/referendum-du-21-septembre-dr-ibrahima-diallo-de-lanaim-parmi-les-mobilisateurs-a-pita\/","title":{"rendered":"R\u00e9f\u00e9rendum du 21 septembre\u00a0: Dr Ibrahima DIALLO de l\u2019ANAIM parmi les mobilisateurs \u00e0 PITA\u00a0!"},"content":{"rendered":"<p><strong>Originaire de Palaga (Maci), une localit\u00e9 de la pr\u00e9fecture de Pita, Dr Ibrahima DIALLO, Directeur des Affaires Juridiques de l\u2019Agence Nationale d\u2019Am\u00e9nagement des Infrastructures Mini\u00e8res (ANAIM), contribue en cette p\u00e9riode de campagne, \u00e0 la forte mobilisation des citoyens de sa pr\u00e9fecture natale, pour le r\u00e9f\u00e9rendum du 21 septembre 2025.<a href=\"https:\/\/www.presseinvestigation.com\/wp-content\/uploads\/2025\/09\/IMG-20250914-WA00033.jpg\"><img decoding=\"async\" class=\"attachment-full size-full\" src=\"https:\/\/www.presseinvestigation.com\/wp-content\/uploads\/2025\/09\/IMG-20250914-WA00033.jpg\" alt=\"\" \/><\/a><\/strong><\/p>\n<p>En compagnie de Madame Diami DIALLO, la Ministre de l\u2019Environnement et du D\u00e9veloppement Durable, aussi, Ressortissante de Pita et Marraine de cette campagne r\u00e9f\u00e9rendaire pour la R\u00e9gion de Mamou, Docteur DIALLO et toute l\u2019\u00e9quipe ont donn\u00e9 un seul consigne de vote.<a href=\"https:\/\/www.presseinvestigation.com\/wp-content\/uploads\/2025\/09\/Screenshot_20250914_100255_WhatsApp.jpg\"><img decoding=\"async\" class=\"attachment-full size-full\" src=\"https:\/\/www.presseinvestigation.com\/wp-content\/uploads\/2025\/09\/Screenshot_20250914_100255_WhatsApp.jpg\" alt=\"\" \/><\/a><\/p>\n<p>Voter le OUI, massivement, le jour du scrutin r\u00e9f\u00e9rendaire du 21 septembre 2025, est le mot d\u2019ordre sur lequel les \u00e9lecteurs de la Pr\u00e9fecture de Pita et ceux de l\u2019ensemble de la R\u00e9gion de Mamou sont invit\u00e9s \u00e0 observer, par Dr Ibrahima DIALLO de l\u2019ANAIM et toute l\u2019\u00e9quipe de campagne de cette zone du Fouta.<a href=\"https:\/\/www.presseinvestigation.com\/wp-content\/uploads\/2025\/09\/IMG-20250914-WA00012.jpg\"><img decoding=\"async\" class=\"attachment-full size-full\" src=\"https:\/\/www.presseinvestigation.com\/wp-content\/uploads\/2025\/09\/IMG-20250914-WA00012.jpg\" alt=\"\" \/><\/a><\/p>\n<p>La d\u00e9l\u00e9gation s\u2019est rendue dans plusieurs localit\u00e9s entres autres : Timbi Madina, Ningueland\u00e9, Sintaly ; Sangar\u00e9ya leymiro ; Dongol Touma, Timbi Touni . Partout, les populations ont \u00e9t\u00e9 sensibilis\u00e9es \u00e0 aller retirer leurs cartes d\u2019\u00e9lecteurs et d\u2019aller voter le &lt;&lt;oui &gt;&gt;au projet de nouvelle constitution de la R\u00e9publique de Guin\u00e9e.<\/p>\n<p><strong>P\u00f4le Actualit\u00e9 de presseinvestigation.com<\/strong><\/p>\n","protected":false},"excerpt":{"rendered":"<p>Originaire de Palaga (Maci), une localit\u00e9 de la pr\u00e9fecture de Pita, Dr Ibrahima DIALLO, Directeur des Affaires Juridiques de l\u2019Agence Nationale d\u2019Am\u00e9nagement des Infrastructures Mini\u00e8res (ANAIM), contribue en cette p\u00e9riode de campagne, \u00e0 la forte mobilisation des citoyens de sa pr\u00e9fecture natale, pour le r\u00e9f\u00e9rendum du 21 septembre 2025. En compagnie de Madame Diami DIALLO, [&hellip;]<\/p>\n","protected":false},"author":2,"featured_media":9596,"comment_status":"open","ping_status":"open","sticky":false,"template":"","format":"standard","meta":{"jnews-multi-image_gallery":[],"jnews_single_post":[],"jnews_primary_category":[],"footnotes":""},"categories":[91],"tags":[],"class_list":["post-9601","post","type-post","status-publish","format-standard","has-post-thumbnail","hentry","category-pole-actualite-politique"],"yoast_head":"<!-- This site is optimized with the Yoast SEO plugin v27.3 - https:\/\/yoast.com\/product\/yoast-seo-wordpress\/ -->\n<title>R\u00e9f\u00e9rendum du 21 septembre\u00a0: Dr Ibrahima DIALLO de l\u2019ANAIM parmi les mobilisateurs \u00e0 PITA\u00a0! - Presseinvestigation<\/title>\n<meta name=\"robots\" content=\"index, follow, max-snippet:-1, max-image-preview:large, max-video-preview:-1\" \/>\n<link rel=\"canonical\" href=\"https:\/\/www.presseinvestigation.com\/index.php\/2025\/09\/14\/referendum-du-21-septembre-dr-ibrahima-diallo-de-lanaim-parmi-les-mobilisateurs-a-pita\/\" \/>\n<meta property=\"og:locale\" content=\"fr_FR\" \/>\n<meta property=\"og:type\" content=\"article\" \/>\n<meta property=\"og:title\" content=\"R\u00e9f\u00e9rendum du 21 septembre\u00a0: Dr Ibrahima DIALLO de l\u2019ANAIM parmi les mobilisateurs \u00e0 PITA\u00a0! - Presseinvestigation\" \/>\n<meta property=\"og:description\" content=\"Originaire de Palaga (Maci), une localit\u00e9 de la pr\u00e9fecture de Pita, Dr Ibrahima DIALLO, Directeur des Affaires Juridiques de l\u2019Agence Nationale d\u2019Am\u00e9nagement des Infrastructures Mini\u00e8res (ANAIM), contribue en cette p\u00e9riode de campagne, \u00e0 la forte mobilisation des citoyens de sa pr\u00e9fecture natale, pour le r\u00e9f\u00e9rendum du 21 septembre 2025. En compagnie de Madame Diami DIALLO, [&hellip;]\" \/>\n<meta property=\"og:url\" content=\"https:\/\/www.presseinvestigation.com\/index.php\/2025\/09\/14\/referendum-du-21-septembre-dr-ibrahima-diallo-de-lanaim-parmi-les-mobilisateurs-a-pita\/\" \/>\n<meta property=\"og:site_name\" content=\"Presseinvestigation\" \/>\n<meta property=\"article:published_time\" content=\"2025-09-14T14:47:06+00:00\" \/>\n<meta property=\"og:image\" content=\"https:\/\/www.presseinvestigation.com\/wp-content\/uploads\/2025\/09\/Screenshot_20250914_141603_Gallery.jpg\" \/>\n\t<meta property=\"og:image:width\" content=\"1079\" \/>\n\t<meta property=\"og:image:height\" content=\"801\" \/>\n\t<meta property=\"og:image:type\" content=\"image\/jpeg\" \/>\n<meta name=\"author\" content=\"Presseinvestigation.com\" \/>\n<meta name=\"twitter:card\" content=\"summary_large_image\" \/>\n<meta name=\"twitter:label1\" content=\"\u00c9crit par\" \/>\n\t<meta name=\"twitter:data1\" content=\"Presseinvestigation.com\" \/>\n\t<meta name=\"twitter:label2\" content=\"Dur\u00e9e de lecture estim\u00e9e\" \/>\n\t<meta name=\"twitter:data2\" content=\"1 minute\" \/>\n<script type=\"application\/ld+json\" class=\"yoast-schema-graph\">{\"@context\":\"https:\\\/\\\/schema.org\",\"@graph\":[{\"@type\":\"Article\",\"@id\":\"https:\\\/\\\/www.presseinvestigation.com\\\/index.php\\\/2025\\\/09\\\/14\\\/referendum-du-21-septembre-dr-ibrahima-diallo-de-lanaim-parmi-les-mobilisateurs-a-pita\\\/#article\",\"isPartOf\":{\"@id\":\"https:\\\/\\\/www.presseinvestigation.com\\\/index.php\\\/2025\\\/09\\\/14\\\/referendum-du-21-septembre-dr-ibrahima-diallo-de-lanaim-parmi-les-mobilisateurs-a-pita\\\/\"},\"author\":{\"name\":\"Presseinvestigation.com\",\"@id\":\"https:\\\/\\\/www.presseinvestigation.com\\\/#\\\/schema\\\/person\\\/32d023733a4a9d7c3bd6883619b8f116\"},\"headline\":\"R\u00e9f\u00e9rendum du 21 septembre\u00a0: Dr Ibrahima DIALLO de l\u2019ANAIM parmi les mobilisateurs \u00e0 PITA\u00a0!\",\"datePublished\":\"2025-09-14T14:47:06+00:00\",\"mainEntityOfPage\":{\"@id\":\"https:\\\/\\\/www.presseinvestigation.com\\\/index.php\\\/2025\\\/09\\\/14\\\/referendum-du-21-septembre-dr-ibrahima-diallo-de-lanaim-parmi-les-mobilisateurs-a-pita\\\/\"},\"wordCount\":243,\"commentCount\":0,\"image\":{\"@id\":\"https:\\\/\\\/www.presseinvestigation.com\\\/index.php\\\/2025\\\/09\\\/14\\\/referendum-du-21-septembre-dr-ibrahima-diallo-de-lanaim-parmi-les-mobilisateurs-a-pita\\\/#primaryimage\"},\"thumbnailUrl\":\"https:\\\/\\\/www.presseinvestigation.com\\\/wp-content\\\/uploads\\\/2025\\\/09\\\/Screenshot_20250914_141603_Gallery.jpg\",\"articleSection\":[\"P\u00f4le Actualit\u00e9-Politique\"],\"inLanguage\":\"fr-FR\",\"potentialAction\":[{\"@type\":\"CommentAction\",\"name\":\"Comment\",\"target\":[\"https:\\\/\\\/www.presseinvestigation.com\\\/index.php\\\/2025\\\/09\\\/14\\\/referendum-du-21-septembre-dr-ibrahima-diallo-de-lanaim-parmi-les-mobilisateurs-a-pita\\\/#respond\"]}]},{\"@type\":\"WebPage\",\"@id\":\"https:\\\/\\\/www.presseinvestigation.com\\\/index.php\\\/2025\\\/09\\\/14\\\/referendum-du-21-septembre-dr-ibrahima-diallo-de-lanaim-parmi-les-mobilisateurs-a-pita\\\/\",\"url\":\"https:\\\/\\\/www.presseinvestigation.com\\\/index.php\\\/2025\\\/09\\\/14\\\/referendum-du-21-septembre-dr-ibrahima-diallo-de-lanaim-parmi-les-mobilisateurs-a-pita\\\/\",\"name\":\"R\u00e9f\u00e9rendum du 21 septembre\u00a0: Dr Ibrahima DIALLO de l\u2019ANAIM parmi les mobilisateurs \u00e0 PITA\u00a0! - Presseinvestigation\",\"isPartOf\":{\"@id\":\"https:\\\/\\\/www.presseinvestigation.com\\\/#website\"},\"primaryImageOfPage\":{\"@id\":\"https:\\\/\\\/www.presseinvestigation.com\\\/index.php\\\/2025\\\/09\\\/14\\\/referendum-du-21-septembre-dr-ibrahima-diallo-de-lanaim-parmi-les-mobilisateurs-a-pita\\\/#primaryimage\"},\"image\":{\"@id\":\"https:\\\/\\\/www.presseinvestigation.com\\\/index.php\\\/2025\\\/09\\\/14\\\/referendum-du-21-septembre-dr-ibrahima-diallo-de-lanaim-parmi-les-mobilisateurs-a-pita\\\/#primaryimage\"},\"thumbnailUrl\":\"https:\\\/\\\/www.presseinvestigation.com\\\/wp-content\\\/uploads\\\/2025\\\/09\\\/Screenshot_20250914_141603_Gallery.jpg\",\"datePublished\":\"2025-09-14T14:47:06+00:00\",\"author\":{\"@id\":\"https:\\\/\\\/www.presseinvestigation.com\\\/#\\\/schema\\\/person\\\/32d023733a4a9d7c3bd6883619b8f116\"},\"breadcrumb\":{\"@id\":\"https:\\\/\\\/www.presseinvestigation.com\\\/index.php\\\/2025\\\/09\\\/14\\\/referendum-du-21-septembre-dr-ibrahima-diallo-de-lanaim-parmi-les-mobilisateurs-a-pita\\\/#breadcrumb\"},\"inLanguage\":\"fr-FR\",\"potentialAction\":[{\"@type\":\"ReadAction\",\"target\":[\"https:\\\/\\\/www.presseinvestigation.com\\\/index.php\\\/2025\\\/09\\\/14\\\/referendum-du-21-septembre-dr-ibrahima-diallo-de-lanaim-parmi-les-mobilisateurs-a-pita\\\/\"]}]},{\"@type\":\"ImageObject\",\"inLanguage\":\"fr-FR\",\"@id\":\"https:\\\/\\\/www.presseinvestigation.com\\\/index.php\\\/2025\\\/09\\\/14\\\/referendum-du-21-septembre-dr-ibrahima-diallo-de-lanaim-parmi-les-mobilisateurs-a-pita\\\/#primaryimage\",\"url\":\"https:\\\/\\\/www.presseinvestigation.com\\\/wp-content\\\/uploads\\\/2025\\\/09\\\/Screenshot_20250914_141603_Gallery.jpg\",\"contentUrl\":\"https:\\\/\\\/www.presseinvestigation.com\\\/wp-content\\\/uploads\\\/2025\\\/09\\\/Screenshot_20250914_141603_Gallery.jpg\",\"width\":1079,\"height\":801},{\"@type\":\"BreadcrumbList\",\"@id\":\"https:\\\/\\\/www.presseinvestigation.com\\\/index.php\\\/2025\\\/09\\\/14\\\/referendum-du-21-septembre-dr-ibrahima-diallo-de-lanaim-parmi-les-mobilisateurs-a-pita\\\/#breadcrumb\",\"itemListElement\":[{\"@type\":\"ListItem\",\"position\":1,\"name\":\"Accueil\",\"item\":\"https:\\\/\\\/www.presseinvestigation.com\\\/\"},{\"@type\":\"ListItem\",\"position\":2,\"name\":\"R\u00e9f\u00e9rendum du 21 septembre\u00a0: Dr Ibrahima DIALLO de l\u2019ANAIM parmi les mobilisateurs \u00e0 PITA\u00a0!\"}]},{\"@type\":\"WebSite\",\"@id\":\"https:\\\/\\\/www.presseinvestigation.com\\\/#website\",\"url\":\"https:\\\/\\\/www.presseinvestigation.com\\\/\",\"name\":\"Presseinvestigation\",\"description\":\"Informer dans l&#039;impartialit\u00e9\",\"potentialAction\":[{\"@type\":\"SearchAction\",\"target\":{\"@type\":\"EntryPoint\",\"urlTemplate\":\"https:\\\/\\\/www.presseinvestigation.com\\\/?s={search_term_string}\"},\"query-input\":{\"@type\":\"PropertyValueSpecification\",\"valueRequired\":true,\"valueName\":\"search_term_string\"}}],\"inLanguage\":\"fr-FR\"},{\"@type\":\"Person\",\"@id\":\"https:\\\/\\\/www.presseinvestigation.com\\\/#\\\/schema\\\/person\\\/32d023733a4a9d7c3bd6883619b8f116\",\"name\":\"Presseinvestigation.com\",\"image\":{\"@type\":\"ImageObject\",\"inLanguage\":\"fr-FR\",\"@id\":\"https:\\\/\\\/secure.gravatar.com\\\/avatar\\\/26f9c9e95424b0bde739ba0af37ee39a9e4a9e809967422c5b8e8573a34fbbe0?s=96&d=mm&r=g\",\"url\":\"https:\\\/\\\/secure.gravatar.com\\\/avatar\\\/26f9c9e95424b0bde739ba0af37ee39a9e4a9e809967422c5b8e8573a34fbbe0?s=96&d=mm&r=g\",\"contentUrl\":\"https:\\\/\\\/secure.gravatar.com\\\/avatar\\\/26f9c9e95424b0bde739ba0af37ee39a9e4a9e809967422c5b8e8573a34fbbe0?s=96&d=mm&r=g\",\"caption\":\"Presseinvestigation.com\"},\"url\":\"https:\\\/\\\/www.presseinvestigation.com\\\/index.php\\\/author\\\/toumany\\\/\"}]}<\/script>\n<!-- \/ Yoast SEO plugin. -->","yoast_head_json":{"title":"R\u00e9f\u00e9rendum du 21 septembre\u00a0: Dr Ibrahima DIALLO de l\u2019ANAIM parmi les mobilisateurs \u00e0 PITA\u00a0! - Presseinvestigation","robots":{"index":"index","follow":"follow","max-snippet":"max-snippet:-1","max-image-preview":"max-image-preview:large","max-video-preview":"max-video-preview:-1"},"canonical":"https:\/\/www.presseinvestigation.com\/index.php\/2025\/09\/14\/referendum-du-21-septembre-dr-ibrahima-diallo-de-lanaim-parmi-les-mobilisateurs-a-pita\/","og_locale":"fr_FR","og_type":"article","og_title":"R\u00e9f\u00e9rendum du 21 septembre\u00a0: Dr Ibrahima DIALLO de l\u2019ANAIM parmi les mobilisateurs \u00e0 PITA\u00a0! - Presseinvestigation","og_description":"Originaire de Palaga (Maci), une localit\u00e9 de la pr\u00e9fecture de Pita, Dr Ibrahima DIALLO, Directeur des Affaires Juridiques de l\u2019Agence Nationale d\u2019Am\u00e9nagement des Infrastructures Mini\u00e8res (ANAIM), contribue en cette p\u00e9riode de campagne, \u00e0 la forte mobilisation des citoyens de sa pr\u00e9fecture natale, pour le r\u00e9f\u00e9rendum du 21 septembre 2025. En compagnie de Madame Diami DIALLO, [&hellip;]","og_url":"https:\/\/www.presseinvestigation.com\/index.php\/2025\/09\/14\/referendum-du-21-septembre-dr-ibrahima-diallo-de-lanaim-parmi-les-mobilisateurs-a-pita\/","og_site_name":"Presseinvestigation","article_published_time":"2025-09-14T14:47:06+00:00","og_image":[{"width":1079,"height":801,"url":"https:\/\/www.presseinvestigation.com\/wp-content\/uploads\/2025\/09\/Screenshot_20250914_141603_Gallery.jpg","type":"image\/jpeg"}],"author":"Presseinvestigation.com","twitter_card":"summary_large_image","twitter_misc":{"\u00c9crit par":"Presseinvestigation.com","Dur\u00e9e de lecture estim\u00e9e":"1 minute"},"schema":{"@context":"https:\/\/schema.org","@graph":[{"@type":"Article","@id":"https:\/\/www.presseinvestigation.com\/index.php\/2025\/09\/14\/referendum-du-21-septembre-dr-ibrahima-diallo-de-lanaim-parmi-les-mobilisateurs-a-pita\/#article","isPartOf":{"@id":"https:\/\/www.presseinvestigation.com\/index.php\/2025\/09\/14\/referendum-du-21-septembre-dr-ibrahima-diallo-de-lanaim-parmi-les-mobilisateurs-a-pita\/"},"author":{"name":"Presseinvestigation.com","@id":"https:\/\/www.presseinvestigation.com\/#\/schema\/person\/32d023733a4a9d7c3bd6883619b8f116"},"headline":"R\u00e9f\u00e9rendum du 21 septembre\u00a0: Dr Ibrahima DIALLO de l\u2019ANAIM parmi les mobilisateurs \u00e0 PITA\u00a0!","datePublished":"2025-09-14T14:47:06+00:00","mainEntityOfPage":{"@id":"https:\/\/www.presseinvestigation.com\/index.php\/2025\/09\/14\/referendum-du-21-septembre-dr-ibrahima-diallo-de-lanaim-parmi-les-mobilisateurs-a-pita\/"},"wordCount":243,"commentCount":0,"image":{"@id":"https:\/\/www.presseinvestigation.com\/index.php\/2025\/09\/14\/referendum-du-21-septembre-dr-ibrahima-diallo-de-lanaim-parmi-les-mobilisateurs-a-pita\/#primaryimage"},"thumbnailUrl":"https:\/\/www.presseinvestigation.com\/wp-content\/uploads\/2025\/09\/Screenshot_20250914_141603_Gallery.jpg","articleSection":["P\u00f4le Actualit\u00e9-Politique"],"inLanguage":"fr-FR","potentialAction":[{"@type":"CommentAction","name":"Comment","target":["https:\/\/www.presseinvestigation.com\/index.php\/2025\/09\/14\/referendum-du-21-septembre-dr-ibrahima-diallo-de-lanaim-parmi-les-mobilisateurs-a-pita\/#respond"]}]},{"@type":"WebPage","@id":"https:\/\/www.presseinvestigation.com\/index.php\/2025\/09\/14\/referendum-du-21-septembre-dr-ibrahima-diallo-de-lanaim-parmi-les-mobilisateurs-a-pita\/","url":"https:\/\/www.presseinvestigation.com\/index.php\/2025\/09\/14\/referendum-du-21-septembre-dr-ibrahima-diallo-de-lanaim-parmi-les-mobilisateurs-a-pita\/","name":"R\u00e9f\u00e9rendum du 21 septembre\u00a0: Dr Ibrahima DIALLO de l\u2019ANAIM parmi les mobilisateurs \u00e0 PITA\u00a0! - Presseinvestigation","isPartOf":{"@id":"https:\/\/www.presseinvestigation.com\/#website"},"primaryImageOfPage":{"@id":"https:\/\/www.presseinvestigation.com\/index.php\/2025\/09\/14\/referendum-du-21-septembre-dr-ibrahima-diallo-de-lanaim-parmi-les-mobilisateurs-a-pita\/#primaryimage"},"image":{"@id":"https:\/\/www.presseinvestigation.com\/index.php\/2025\/09\/14\/referendum-du-21-septembre-dr-ibrahima-diallo-de-lanaim-parmi-les-mobilisateurs-a-pita\/#primaryimage"},"thumbnailUrl":"https:\/\/www.presseinvestigation.com\/wp-content\/uploads\/2025\/09\/Screenshot_20250914_141603_Gallery.jpg","datePublished":"2025-09-14T14:47:06+00:00","author":{"@id":"https:\/\/www.presseinvestigation.com\/#\/schema\/person\/32d023733a4a9d7c3bd6883619b8f116"},"breadcrumb":{"@id":"https:\/\/www.presseinvestigation.com\/index.php\/2025\/09\/14\/referendum-du-21-septembre-dr-ibrahima-diallo-de-lanaim-parmi-les-mobilisateurs-a-pita\/#breadcrumb"},"inLanguage":"fr-FR","potentialAction":[{"@type":"ReadAction","target":["https:\/\/www.presseinvestigation.com\/index.php\/2025\/09\/14\/referendum-du-21-septembre-dr-ibrahima-diallo-de-lanaim-parmi-les-mobilisateurs-a-pita\/"]}]},{"@type":"ImageObject","inLanguage":"fr-FR","@id":"https:\/\/www.presseinvestigation.com\/index.php\/2025\/09\/14\/referendum-du-21-septembre-dr-ibrahima-diallo-de-lanaim-parmi-les-mobilisateurs-a-pita\/#primaryimage","url":"https:\/\/www.presseinvestigation.com\/wp-content\/uploads\/2025\/09\/Screenshot_20250914_141603_Gallery.jpg","contentUrl":"https:\/\/www.presseinvestigation.com\/wp-content\/uploads\/2025\/09\/Screenshot_20250914_141603_Gallery.jpg","width":1079,"height":801},{"@type":"BreadcrumbList","@id":"https:\/\/www.presseinvestigation.com\/index.php\/2025\/09\/14\/referendum-du-21-septembre-dr-ibrahima-diallo-de-lanaim-parmi-les-mobilisateurs-a-pita\/#breadcrumb","itemListElement":[{"@type":"ListItem","position":1,"name":"Accueil","item":"https:\/\/www.presseinvestigation.com\/"},{"@type":"ListItem","position":2,"name":"R\u00e9f\u00e9rendum du 21 septembre\u00a0: Dr Ibrahima DIALLO de l\u2019ANAIM parmi les mobilisateurs \u00e0 PITA\u00a0!"}]},{"@type":"WebSite","@id":"https:\/\/www.presseinvestigation.com\/#website","url":"https:\/\/www.presseinvestigation.com\/","name":"Presseinvestigation","description":"Informer dans l&#039;impartialit\u00e9","potentialAction":[{"@type":"SearchAction","target":{"@type":"EntryPoint","urlTemplate":"https:\/\/www.presseinvestigation.com\/?s={search_term_string}"},"query-input":{"@type":"PropertyValueSpecification","valueRequired":true,"valueName":"search_term_string"}}],"inLanguage":"fr-FR"},{"@type":"Person","@id":"https:\/\/www.presseinvestigation.com\/#\/schema\/person\/32d023733a4a9d7c3bd6883619b8f116","name":"Presseinvestigation.com","image":{"@type":"ImageObject","inLanguage":"fr-FR","@id":"https:\/\/secure.gravatar.com\/avatar\/26f9c9e95424b0bde739ba0af37ee39a9e4a9e809967422c5b8e8573a34fbbe0?s=96&d=mm&r=g","url":"https:\/\/secure.gravatar.com\/avatar\/26f9c9e95424b0bde739ba0af37ee39a9e4a9e809967422c5b8e8573a34fbbe0?s=96&d=mm&r=g","contentUrl":"https:\/\/secure.gravatar.com\/avatar\/26f9c9e95424b0bde739ba0af37ee39a9e4a9e809967422c5b8e8573a34fbbe0?s=96&d=mm&r=g","caption":"Presseinvestigation.com"},"url":"https:\/\/www.presseinvestigation.com\/index.php\/author\/toumany\/"}]}},"_links":{"self":[{"href":"https:\/\/www.presseinvestigation.com\/index.php\/wp-json\/wp\/v2\/posts\/9601","targetHints":{"allow":["GET"]}}],"collection":[{"href":"https:\/\/www.presseinvestigation.com\/index.php\/wp-json\/wp\/v2\/posts"}],"about":[{"href":"https:\/\/www.presseinvestigation.com\/index.php\/wp-json\/wp\/v2\/types\/post"}],"author":[{"embeddable":true,"href":"https:\/\/www.presseinvestigation.com\/index.php\/wp-json\/wp\/v2\/users\/2"}],"replies":[{"embeddable":true,"href":"https:\/\/www.presseinvestigation.com\/index.php\/wp-json\/wp\/v2\/comments?post=9601"}],"version-history":[{"count":1,"href":"https:\/\/www.presseinvestigation.com\/index.php\/wp-json\/wp\/v2\/posts\/9601\/revisions"}],"predecessor-version":[{"id":9602,"href":"https:\/\/www.presseinvestigation.com\/index.php\/wp-json\/wp\/v2\/posts\/9601\/revisions\/9602"}],"wp:featuredmedia":[{"embeddable":true,"href":"https:\/\/www.presseinvestigation.com\/index.php\/wp-json\/wp\/v2\/media\/9596"}],"wp:attachment":[{"href":"https:\/\/www.presseinvestigation.com\/index.php\/wp-json\/wp\/v2\/media?parent=9601"}],"wp:term":[{"taxonomy":"category","embeddable":true,"href":"https:\/\/www.presseinvestigation.com\/index.php\/wp-json\/wp\/v2\/categories?post=9601"},{"taxonomy":"post_tag","embeddable":true,"href":"https:\/\/www.presseinvestigation.com\/index.php\/wp-json\/wp\/v2\/tags?post=9601"}],"curies":[{"name":"wp","href":"https:\/\/api.w.org\/{rel}","templated":true}]}}