{"id":9650,"date":"2025-10-21T08:50:04","date_gmt":"2025-10-21T06:50:04","guid":{"rendered":"https:\/\/www.presseinvestigation.com\/index.php\/2025\/10\/21\/renforcement-de-capacite-des-cadres-de-luceg-et-ses-partenaires-en-observation-electorale\/"},"modified":"2025-10-21T08:59:59","modified_gmt":"2025-10-21T06:59:59","slug":"renforcement-de-capacite-des-cadres-de-luceg-et-ses-partenaires-en-observation-electorale","status":"publish","type":"post","link":"https:\/\/www.presseinvestigation.com\/index.php\/2025\/10\/21\/renforcement-de-capacite-des-cadres-de-luceg-et-ses-partenaires-en-observation-electorale\/","title":{"rendered":"Renforcement de capacit\u00e9 des cadres de l&#8217;UCEG et ses partenaires en observation \u00e9lectorale"},"content":{"rendered":"<p><strong>Ce dimanche 19 octobre 2025, Monsieur Amadou Barry Pr\u00e9sident de la plateforme de la soci\u00e9t\u00e9 civile : Union Citoyenne pour l&#8217;Emergence de la Guin\u00e9e &#8220;UCEG&#8221; a organis\u00e9 une formation de renforcement de capacit\u00e9 de ses cadres et partenaires en observation \u00e9lectorale.Voici le compte rendu\u00a0 cette session. <a href=\"https:\/\/www.presseinvestigation.com\/wp-content\/uploads\/2025\/10\/u2-IMG-20251020-WA00041.jpg\"><img decoding=\"async\" class=\"attachment-full size-full\" src=\"https:\/\/www.presseinvestigation.com\/wp-content\/uploads\/2025\/10\/u2-IMG-20251020-WA00041.jpg\" alt=\"\" \/><\/a><\/strong><\/p>\n<p>La formation s&#8217;est tenue au si\u00e8ge de l institution \u00e0 Nongo au carrefour Cosa. Avant le lancement de la formation, un satisfecit avait \u00e9t\u00e9 d\u00e9cern\u00e9 \u00e0 Monsieur Amadou Barry Pr\u00e9sident de l&#8217;UCEG\u00a0 par le Forum des Jeunes des partis Politiques de Guin\u00e9e. Ceci, pour son d\u00e9vouement, son courage et sa contribution pour le d\u00e9veloppement de notre pays. Il faut noter que le FONAJEP a \u00e9t\u00e9 repr\u00e9sent\u00e9 par le President du nouveau Bureau Monsieur Lamine 1 Kamano. Le r\u00e9cipiendaire a remerci\u00e9 le bureau de FONAJEP de sa reconnaissance et a affirm\u00e9 que cet honneur revient \u00e0 l&#8217;UCEG. Cette remise a suscit\u00e9 une vive \u00e9motion au niveau de tous les membres de l&#8217;UCEG ainsi que ses partenaires pr\u00e9sents dans la salle. Apr\u00e8s cette c\u00e9r\u00e9monie de remise, la formation a d\u00e9but\u00e9 par la pr\u00e9sentation et le mot de bienvenue du formateur Monsieur Tamba Fod\u00e9 Tolno un \u00e9minent professeur d&#8217;universit\u00e9 et expert en observation \u00e9lectorale. <a href=\"https:\/\/www.presseinvestigation.com\/wp-content\/uploads\/2025\/10\/u2-IMG-20251020-WA0006.jpg\"><img decoding=\"async\" class=\"attachment-full size-full\" src=\"https:\/\/www.presseinvestigation.com\/wp-content\/uploads\/2025\/10\/u2-IMG-20251020-WA0006.jpg\" alt=\"\" \/><\/a><\/p>\n<p>Cette formation a connu plus de cinquante participants compos\u00e9s des cadres de l&#8217;UCEG et de certains membres de ses partenaires comme : CEPU (Collectif des Enseignants pour la Paix et l&#8217;Unit\u00e9), L&#8217;OJVG\u00a0 ( l&#8217;organisation des jeunes Visionnaires de Guin\u00e9e) qui ont envoy\u00e9s certains membres pour prendre part \u00e0 cette importante formation. Gr\u00e2ce \u00e0 l&#8217;expertise du formateur, tous les participants ont pris du go\u00fbt \u00e0 la formation exprimant ainsi leur r\u00e9elle satisfaction et avoir compris tous les modules d\u00e9velopp\u00e9s au cours de cette formation.\u00a0 La suite est prevue pour le week-end prochain \u00e0 la m\u00eame heure et au m\u00eame lieu.<a href=\"https:\/\/www.presseinvestigation.com\/wp-content\/uploads\/2025\/10\/u2-IMG-20251020-WA0001.jpg\"><img decoding=\"async\" class=\"attachment-full size-full\" src=\"https:\/\/www.presseinvestigation.com\/wp-content\/uploads\/2025\/10\/u2-IMG-20251020-WA0001.jpg\" alt=\"\" \/><\/a><\/p>\n<p>\u00c0 noter que cette formation a une particularit\u00e9 les participants sont form\u00e9s en tant que formateur en mati\u00e8re d&#8217;observation \u00e9lectorale. <a href=\"https:\/\/www.presseinvestigation.com\/wp-content\/uploads\/2025\/10\/u2-IMG-20251020-WA0003.jpg\"><img decoding=\"async\" class=\"attachment-full size-full\" src=\"https:\/\/www.presseinvestigation.com\/wp-content\/uploads\/2025\/10\/u2-IMG-20251020-WA0003.jpg\" alt=\"\" \/><\/a><\/p>\n<p>Pour cl\u00f4turer, Monsieur Amadou Barry a remerci\u00e9 le formateur pour sa disponibilit\u00e9 et surtout pour la qualit\u00e9 de ses prestations. Ensuite, il a remerci\u00e9 tous les participants pour l&#8217;int\u00e9r\u00eat accord\u00e9 \u00e0 cette formation.<\/p>\n<p><strong>Abdoulaye Salim Camara\u00a0<\/strong><\/p>\n<p><strong>Historien et \u00c9crivain<\/strong><\/p>\n","protected":false},"excerpt":{"rendered":"<p>Ce dimanche 19 octobre 2025, Monsieur Amadou Barry Pr\u00e9sident de la plateforme de la soci\u00e9t\u00e9 civile : Union Citoyenne pour l&#8217;Emergence de la Guin\u00e9e &#8220;UCEG&#8221; a organis\u00e9 une formation de renforcement de capacit\u00e9 de ses cadres et partenaires en observation \u00e9lectorale.Voici le compte rendu\u00a0 cette session. La formation s&#8217;est tenue au si\u00e8ge de l institution [&hellip;]<\/p>\n","protected":false},"author":2,"featured_media":9654,"comment_status":"open","ping_status":"open","sticky":false,"template":"","format":"standard","meta":{"jnews-multi-image_gallery":[],"jnews_single_post":[],"jnews_primary_category":[],"footnotes":""},"categories":[80],"tags":[],"class_list":["post-9650","post","type-post","status-publish","format-standard","has-post-thumbnail","hentry","category-actualite"],"yoast_head":"<!-- This site is optimized with the Yoast SEO plugin v27.3 - https:\/\/yoast.com\/product\/yoast-seo-wordpress\/ -->\n<title>Renforcement de capacit\u00e9 des cadres de l&#039;UCEG et ses partenaires en observation \u00e9lectorale - Presseinvestigation<\/title>\n<meta name=\"robots\" content=\"index, follow, max-snippet:-1, max-image-preview:large, max-video-preview:-1\" \/>\n<link rel=\"canonical\" href=\"https:\/\/www.presseinvestigation.com\/index.php\/2025\/10\/21\/renforcement-de-capacite-des-cadres-de-luceg-et-ses-partenaires-en-observation-electorale\/\" \/>\n<meta property=\"og:locale\" content=\"fr_FR\" \/>\n<meta property=\"og:type\" content=\"article\" \/>\n<meta property=\"og:title\" content=\"Renforcement de capacit\u00e9 des cadres de l&#039;UCEG et ses partenaires en observation \u00e9lectorale - Presseinvestigation\" \/>\n<meta property=\"og:description\" content=\"Ce dimanche 19 octobre 2025, Monsieur Amadou Barry Pr\u00e9sident de la plateforme de la soci\u00e9t\u00e9 civile : Union Citoyenne pour l&#8217;Emergence de la Guin\u00e9e &#8220;UCEG&#8221; a organis\u00e9 une formation de renforcement de capacit\u00e9 de ses cadres et partenaires en observation \u00e9lectorale.Voici le compte rendu\u00a0 cette session. La formation s&#8217;est tenue au si\u00e8ge de l institution [&hellip;]\" \/>\n<meta property=\"og:url\" content=\"https:\/\/www.presseinvestigation.com\/index.php\/2025\/10\/21\/renforcement-de-capacite-des-cadres-de-luceg-et-ses-partenaires-en-observation-electorale\/\" \/>\n<meta property=\"og:site_name\" content=\"Presseinvestigation\" \/>\n<meta property=\"article:published_time\" content=\"2025-10-21T06:50:04+00:00\" \/>\n<meta property=\"article:modified_time\" content=\"2025-10-21T06:59:59+00:00\" \/>\n<meta property=\"og:image\" content=\"https:\/\/www.presseinvestigation.com\/wp-content\/uploads\/2025\/10\/IMG-20251020-WA0005-1.jpg\" \/>\n\t<meta property=\"og:image:width\" content=\"1036\" \/>\n\t<meta property=\"og:image:height\" content=\"711\" \/>\n\t<meta property=\"og:image:type\" content=\"image\/jpeg\" \/>\n<meta name=\"author\" content=\"Presseinvestigation.com\" \/>\n<meta name=\"twitter:card\" content=\"summary_large_image\" \/>\n<meta name=\"twitter:label1\" content=\"\u00c9crit par\" \/>\n\t<meta name=\"twitter:data1\" content=\"Presseinvestigation.com\" \/>\n\t<meta name=\"twitter:label2\" content=\"Dur\u00e9e de lecture estim\u00e9e\" \/>\n\t<meta name=\"twitter:data2\" content=\"3 minutes\" \/>\n<script type=\"application\/ld+json\" class=\"yoast-schema-graph\">{\"@context\":\"https:\\\/\\\/schema.org\",\"@graph\":[{\"@type\":\"Article\",\"@id\":\"https:\\\/\\\/www.presseinvestigation.com\\\/index.php\\\/2025\\\/10\\\/21\\\/renforcement-de-capacite-des-cadres-de-luceg-et-ses-partenaires-en-observation-electorale\\\/#article\",\"isPartOf\":{\"@id\":\"https:\\\/\\\/www.presseinvestigation.com\\\/index.php\\\/2025\\\/10\\\/21\\\/renforcement-de-capacite-des-cadres-de-luceg-et-ses-partenaires-en-observation-electorale\\\/\"},\"author\":{\"name\":\"Presseinvestigation.com\",\"@id\":\"https:\\\/\\\/www.presseinvestigation.com\\\/#\\\/schema\\\/person\\\/32d023733a4a9d7c3bd6883619b8f116\"},\"headline\":\"Renforcement de capacit\u00e9 des cadres de l&#8217;UCEG et ses partenaires en observation \u00e9lectorale\",\"datePublished\":\"2025-10-21T06:50:04+00:00\",\"dateModified\":\"2025-10-21T06:59:59+00:00\",\"mainEntityOfPage\":{\"@id\":\"https:\\\/\\\/www.presseinvestigation.com\\\/index.php\\\/2025\\\/10\\\/21\\\/renforcement-de-capacite-des-cadres-de-luceg-et-ses-partenaires-en-observation-electorale\\\/\"},\"wordCount\":400,\"commentCount\":0,\"image\":{\"@id\":\"https:\\\/\\\/www.presseinvestigation.com\\\/index.php\\\/2025\\\/10\\\/21\\\/renforcement-de-capacite-des-cadres-de-luceg-et-ses-partenaires-en-observation-electorale\\\/#primaryimage\"},\"thumbnailUrl\":\"https:\\\/\\\/www.presseinvestigation.com\\\/wp-content\\\/uploads\\\/2025\\\/10\\\/IMG-20251020-WA0005-1.jpg\",\"articleSection\":[\"Actualit\u00e9\"],\"inLanguage\":\"fr-FR\",\"potentialAction\":[{\"@type\":\"CommentAction\",\"name\":\"Comment\",\"target\":[\"https:\\\/\\\/www.presseinvestigation.com\\\/index.php\\\/2025\\\/10\\\/21\\\/renforcement-de-capacite-des-cadres-de-luceg-et-ses-partenaires-en-observation-electorale\\\/#respond\"]}]},{\"@type\":\"WebPage\",\"@id\":\"https:\\\/\\\/www.presseinvestigation.com\\\/index.php\\\/2025\\\/10\\\/21\\\/renforcement-de-capacite-des-cadres-de-luceg-et-ses-partenaires-en-observation-electorale\\\/\",\"url\":\"https:\\\/\\\/www.presseinvestigation.com\\\/index.php\\\/2025\\\/10\\\/21\\\/renforcement-de-capacite-des-cadres-de-luceg-et-ses-partenaires-en-observation-electorale\\\/\",\"name\":\"Renforcement de capacit\u00e9 des cadres de l'UCEG et ses partenaires en observation \u00e9lectorale - Presseinvestigation\",\"isPartOf\":{\"@id\":\"https:\\\/\\\/www.presseinvestigation.com\\\/#website\"},\"primaryImageOfPage\":{\"@id\":\"https:\\\/\\\/www.presseinvestigation.com\\\/index.php\\\/2025\\\/10\\\/21\\\/renforcement-de-capacite-des-cadres-de-luceg-et-ses-partenaires-en-observation-electorale\\\/#primaryimage\"},\"image\":{\"@id\":\"https:\\\/\\\/www.presseinvestigation.com\\\/index.php\\\/2025\\\/10\\\/21\\\/renforcement-de-capacite-des-cadres-de-luceg-et-ses-partenaires-en-observation-electorale\\\/#primaryimage\"},\"thumbnailUrl\":\"https:\\\/\\\/www.presseinvestigation.com\\\/wp-content\\\/uploads\\\/2025\\\/10\\\/IMG-20251020-WA0005-1.jpg\",\"datePublished\":\"2025-10-21T06:50:04+00:00\",\"dateModified\":\"2025-10-21T06:59:59+00:00\",\"author\":{\"@id\":\"https:\\\/\\\/www.presseinvestigation.com\\\/#\\\/schema\\\/person\\\/32d023733a4a9d7c3bd6883619b8f116\"},\"breadcrumb\":{\"@id\":\"https:\\\/\\\/www.presseinvestigation.com\\\/index.php\\\/2025\\\/10\\\/21\\\/renforcement-de-capacite-des-cadres-de-luceg-et-ses-partenaires-en-observation-electorale\\\/#breadcrumb\"},\"inLanguage\":\"fr-FR\",\"potentialAction\":[{\"@type\":\"ReadAction\",\"target\":[\"https:\\\/\\\/www.presseinvestigation.com\\\/index.php\\\/2025\\\/10\\\/21\\\/renforcement-de-capacite-des-cadres-de-luceg-et-ses-partenaires-en-observation-electorale\\\/\"]}]},{\"@type\":\"ImageObject\",\"inLanguage\":\"fr-FR\",\"@id\":\"https:\\\/\\\/www.presseinvestigation.com\\\/index.php\\\/2025\\\/10\\\/21\\\/renforcement-de-capacite-des-cadres-de-luceg-et-ses-partenaires-en-observation-electorale\\\/#primaryimage\",\"url\":\"https:\\\/\\\/www.presseinvestigation.com\\\/wp-content\\\/uploads\\\/2025\\\/10\\\/IMG-20251020-WA0005-1.jpg\",\"contentUrl\":\"https:\\\/\\\/www.presseinvestigation.com\\\/wp-content\\\/uploads\\\/2025\\\/10\\\/IMG-20251020-WA0005-1.jpg\",\"width\":1036,\"height\":711},{\"@type\":\"BreadcrumbList\",\"@id\":\"https:\\\/\\\/www.presseinvestigation.com\\\/index.php\\\/2025\\\/10\\\/21\\\/renforcement-de-capacite-des-cadres-de-luceg-et-ses-partenaires-en-observation-electorale\\\/#breadcrumb\",\"itemListElement\":[{\"@type\":\"ListItem\",\"position\":1,\"name\":\"Accueil\",\"item\":\"https:\\\/\\\/www.presseinvestigation.com\\\/\"},{\"@type\":\"ListItem\",\"position\":2,\"name\":\"Renforcement de capacit\u00e9 des cadres de l&#8217;UCEG et ses partenaires en observation \u00e9lectorale\"}]},{\"@type\":\"WebSite\",\"@id\":\"https:\\\/\\\/www.presseinvestigation.com\\\/#website\",\"url\":\"https:\\\/\\\/www.presseinvestigation.com\\\/\",\"name\":\"Presseinvestigation\",\"description\":\"Informer dans l&#039;impartialit\u00e9\",\"potentialAction\":[{\"@type\":\"SearchAction\",\"target\":{\"@type\":\"EntryPoint\",\"urlTemplate\":\"https:\\\/\\\/www.presseinvestigation.com\\\/?s={search_term_string}\"},\"query-input\":{\"@type\":\"PropertyValueSpecification\",\"valueRequired\":true,\"valueName\":\"search_term_string\"}}],\"inLanguage\":\"fr-FR\"},{\"@type\":\"Person\",\"@id\":\"https:\\\/\\\/www.presseinvestigation.com\\\/#\\\/schema\\\/person\\\/32d023733a4a9d7c3bd6883619b8f116\",\"name\":\"Presseinvestigation.com\",\"image\":{\"@type\":\"ImageObject\",\"inLanguage\":\"fr-FR\",\"@id\":\"https:\\\/\\\/secure.gravatar.com\\\/avatar\\\/26f9c9e95424b0bde739ba0af37ee39a9e4a9e809967422c5b8e8573a34fbbe0?s=96&d=mm&r=g\",\"url\":\"https:\\\/\\\/secure.gravatar.com\\\/avatar\\\/26f9c9e95424b0bde739ba0af37ee39a9e4a9e809967422c5b8e8573a34fbbe0?s=96&d=mm&r=g\",\"contentUrl\":\"https:\\\/\\\/secure.gravatar.com\\\/avatar\\\/26f9c9e95424b0bde739ba0af37ee39a9e4a9e809967422c5b8e8573a34fbbe0?s=96&d=mm&r=g\",\"caption\":\"Presseinvestigation.com\"},\"url\":\"https:\\\/\\\/www.presseinvestigation.com\\\/index.php\\\/author\\\/toumany\\\/\"}]}<\/script>\n<!-- \/ Yoast SEO plugin. -->","yoast_head_json":{"title":"Renforcement de capacit\u00e9 des cadres de l'UCEG et ses partenaires en observation \u00e9lectorale - Presseinvestigation","robots":{"index":"index","follow":"follow","max-snippet":"max-snippet:-1","max-image-preview":"max-image-preview:large","max-video-preview":"max-video-preview:-1"},"canonical":"https:\/\/www.presseinvestigation.com\/index.php\/2025\/10\/21\/renforcement-de-capacite-des-cadres-de-luceg-et-ses-partenaires-en-observation-electorale\/","og_locale":"fr_FR","og_type":"article","og_title":"Renforcement de capacit\u00e9 des cadres de l'UCEG et ses partenaires en observation \u00e9lectorale - Presseinvestigation","og_description":"Ce dimanche 19 octobre 2025, Monsieur Amadou Barry Pr\u00e9sident de la plateforme de la soci\u00e9t\u00e9 civile : Union Citoyenne pour l&#8217;Emergence de la Guin\u00e9e &#8220;UCEG&#8221; a organis\u00e9 une formation de renforcement de capacit\u00e9 de ses cadres et partenaires en observation \u00e9lectorale.Voici le compte rendu\u00a0 cette session. La formation s&#8217;est tenue au si\u00e8ge de l institution [&hellip;]","og_url":"https:\/\/www.presseinvestigation.com\/index.php\/2025\/10\/21\/renforcement-de-capacite-des-cadres-de-luceg-et-ses-partenaires-en-observation-electorale\/","og_site_name":"Presseinvestigation","article_published_time":"2025-10-21T06:50:04+00:00","article_modified_time":"2025-10-21T06:59:59+00:00","og_image":[{"width":1036,"height":711,"url":"https:\/\/www.presseinvestigation.com\/wp-content\/uploads\/2025\/10\/IMG-20251020-WA0005-1.jpg","type":"image\/jpeg"}],"author":"Presseinvestigation.com","twitter_card":"summary_large_image","twitter_misc":{"\u00c9crit par":"Presseinvestigation.com","Dur\u00e9e de lecture estim\u00e9e":"3 minutes"},"schema":{"@context":"https:\/\/schema.org","@graph":[{"@type":"Article","@id":"https:\/\/www.presseinvestigation.com\/index.php\/2025\/10\/21\/renforcement-de-capacite-des-cadres-de-luceg-et-ses-partenaires-en-observation-electorale\/#article","isPartOf":{"@id":"https:\/\/www.presseinvestigation.com\/index.php\/2025\/10\/21\/renforcement-de-capacite-des-cadres-de-luceg-et-ses-partenaires-en-observation-electorale\/"},"author":{"name":"Presseinvestigation.com","@id":"https:\/\/www.presseinvestigation.com\/#\/schema\/person\/32d023733a4a9d7c3bd6883619b8f116"},"headline":"Renforcement de capacit\u00e9 des cadres de l&#8217;UCEG et ses partenaires en observation \u00e9lectorale","datePublished":"2025-10-21T06:50:04+00:00","dateModified":"2025-10-21T06:59:59+00:00","mainEntityOfPage":{"@id":"https:\/\/www.presseinvestigation.com\/index.php\/2025\/10\/21\/renforcement-de-capacite-des-cadres-de-luceg-et-ses-partenaires-en-observation-electorale\/"},"wordCount":400,"commentCount":0,"image":{"@id":"https:\/\/www.presseinvestigation.com\/index.php\/2025\/10\/21\/renforcement-de-capacite-des-cadres-de-luceg-et-ses-partenaires-en-observation-electorale\/#primaryimage"},"thumbnailUrl":"https:\/\/www.presseinvestigation.com\/wp-content\/uploads\/2025\/10\/IMG-20251020-WA0005-1.jpg","articleSection":["Actualit\u00e9"],"inLanguage":"fr-FR","potentialAction":[{"@type":"CommentAction","name":"Comment","target":["https:\/\/www.presseinvestigation.com\/index.php\/2025\/10\/21\/renforcement-de-capacite-des-cadres-de-luceg-et-ses-partenaires-en-observation-electorale\/#respond"]}]},{"@type":"WebPage","@id":"https:\/\/www.presseinvestigation.com\/index.php\/2025\/10\/21\/renforcement-de-capacite-des-cadres-de-luceg-et-ses-partenaires-en-observation-electorale\/","url":"https:\/\/www.presseinvestigation.com\/index.php\/2025\/10\/21\/renforcement-de-capacite-des-cadres-de-luceg-et-ses-partenaires-en-observation-electorale\/","name":"Renforcement de capacit\u00e9 des cadres de l'UCEG et ses partenaires en observation \u00e9lectorale - Presseinvestigation","isPartOf":{"@id":"https:\/\/www.presseinvestigation.com\/#website"},"primaryImageOfPage":{"@id":"https:\/\/www.presseinvestigation.com\/index.php\/2025\/10\/21\/renforcement-de-capacite-des-cadres-de-luceg-et-ses-partenaires-en-observation-electorale\/#primaryimage"},"image":{"@id":"https:\/\/www.presseinvestigation.com\/index.php\/2025\/10\/21\/renforcement-de-capacite-des-cadres-de-luceg-et-ses-partenaires-en-observation-electorale\/#primaryimage"},"thumbnailUrl":"https:\/\/www.presseinvestigation.com\/wp-content\/uploads\/2025\/10\/IMG-20251020-WA0005-1.jpg","datePublished":"2025-10-21T06:50:04+00:00","dateModified":"2025-10-21T06:59:59+00:00","author":{"@id":"https:\/\/www.presseinvestigation.com\/#\/schema\/person\/32d023733a4a9d7c3bd6883619b8f116"},"breadcrumb":{"@id":"https:\/\/www.presseinvestigation.com\/index.php\/2025\/10\/21\/renforcement-de-capacite-des-cadres-de-luceg-et-ses-partenaires-en-observation-electorale\/#breadcrumb"},"inLanguage":"fr-FR","potentialAction":[{"@type":"ReadAction","target":["https:\/\/www.presseinvestigation.com\/index.php\/2025\/10\/21\/renforcement-de-capacite-des-cadres-de-luceg-et-ses-partenaires-en-observation-electorale\/"]}]},{"@type":"ImageObject","inLanguage":"fr-FR","@id":"https:\/\/www.presseinvestigation.com\/index.php\/2025\/10\/21\/renforcement-de-capacite-des-cadres-de-luceg-et-ses-partenaires-en-observation-electorale\/#primaryimage","url":"https:\/\/www.presseinvestigation.com\/wp-content\/uploads\/2025\/10\/IMG-20251020-WA0005-1.jpg","contentUrl":"https:\/\/www.presseinvestigation.com\/wp-content\/uploads\/2025\/10\/IMG-20251020-WA0005-1.jpg","width":1036,"height":711},{"@type":"BreadcrumbList","@id":"https:\/\/www.presseinvestigation.com\/index.php\/2025\/10\/21\/renforcement-de-capacite-des-cadres-de-luceg-et-ses-partenaires-en-observation-electorale\/#breadcrumb","itemListElement":[{"@type":"ListItem","position":1,"name":"Accueil","item":"https:\/\/www.presseinvestigation.com\/"},{"@type":"ListItem","position":2,"name":"Renforcement de capacit\u00e9 des cadres de l&#8217;UCEG et ses partenaires en observation \u00e9lectorale"}]},{"@type":"WebSite","@id":"https:\/\/www.presseinvestigation.com\/#website","url":"https:\/\/www.presseinvestigation.com\/","name":"Presseinvestigation","description":"Informer dans l&#039;impartialit\u00e9","potentialAction":[{"@type":"SearchAction","target":{"@type":"EntryPoint","urlTemplate":"https:\/\/www.presseinvestigation.com\/?s={search_term_string}"},"query-input":{"@type":"PropertyValueSpecification","valueRequired":true,"valueName":"search_term_string"}}],"inLanguage":"fr-FR"},{"@type":"Person","@id":"https:\/\/www.presseinvestigation.com\/#\/schema\/person\/32d023733a4a9d7c3bd6883619b8f116","name":"Presseinvestigation.com","image":{"@type":"ImageObject","inLanguage":"fr-FR","@id":"https:\/\/secure.gravatar.com\/avatar\/26f9c9e95424b0bde739ba0af37ee39a9e4a9e809967422c5b8e8573a34fbbe0?s=96&d=mm&r=g","url":"https:\/\/secure.gravatar.com\/avatar\/26f9c9e95424b0bde739ba0af37ee39a9e4a9e809967422c5b8e8573a34fbbe0?s=96&d=mm&r=g","contentUrl":"https:\/\/secure.gravatar.com\/avatar\/26f9c9e95424b0bde739ba0af37ee39a9e4a9e809967422c5b8e8573a34fbbe0?s=96&d=mm&r=g","caption":"Presseinvestigation.com"},"url":"https:\/\/www.presseinvestigation.com\/index.php\/author\/toumany\/"}]}},"_links":{"self":[{"href":"https:\/\/www.presseinvestigation.com\/index.php\/wp-json\/wp\/v2\/posts\/9650","targetHints":{"allow":["GET"]}}],"collection":[{"href":"https:\/\/www.presseinvestigation.com\/index.php\/wp-json\/wp\/v2\/posts"}],"about":[{"href":"https:\/\/www.presseinvestigation.com\/index.php\/wp-json\/wp\/v2\/types\/post"}],"author":[{"embeddable":true,"href":"https:\/\/www.presseinvestigation.com\/index.php\/wp-json\/wp\/v2\/users\/2"}],"replies":[{"embeddable":true,"href":"https:\/\/www.presseinvestigation.com\/index.php\/wp-json\/wp\/v2\/comments?post=9650"}],"version-history":[{"count":2,"href":"https:\/\/www.presseinvestigation.com\/index.php\/wp-json\/wp\/v2\/posts\/9650\/revisions"}],"predecessor-version":[{"id":9653,"href":"https:\/\/www.presseinvestigation.com\/index.php\/wp-json\/wp\/v2\/posts\/9650\/revisions\/9653"}],"wp:featuredmedia":[{"embeddable":true,"href":"https:\/\/www.presseinvestigation.com\/index.php\/wp-json\/wp\/v2\/media\/9654"}],"wp:attachment":[{"href":"https:\/\/www.presseinvestigation.com\/index.php\/wp-json\/wp\/v2\/media?parent=9650"}],"wp:term":[{"taxonomy":"category","embeddable":true,"href":"https:\/\/www.presseinvestigation.com\/index.php\/wp-json\/wp\/v2\/categories?post=9650"},{"taxonomy":"post_tag","embeddable":true,"href":"https:\/\/www.presseinvestigation.com\/index.php\/wp-json\/wp\/v2\/tags?post=9650"}],"curies":[{"name":"wp","href":"https:\/\/api.w.org\/{rel}","templated":true}]}}