{"id":9656,"date":"2025-10-24T18:24:35","date_gmt":"2025-10-24T16:24:35","guid":{"rendered":"https:\/\/www.presseinvestigation.com\/index.php\/2025\/10\/24\/communique-de-lunion-des-journalistes-de-la-presse-libre-africaine-ujpla-relatif-aux-actes-de-vandalisme-repetes-contre-le-groupe-de-presse-lynx-lance-conakry-guinee\/"},"modified":"2025-10-24T18:24:35","modified_gmt":"2025-10-24T16:24:35","slug":"communique-de-lunion-des-journalistes-de-la-presse-libre-africaine-ujpla-relatif-aux-actes-de-vandalisme-repetes-contre-le-groupe-de-presse-lynx-lance-conakry-guinee","status":"publish","type":"post","link":"https:\/\/www.presseinvestigation.com\/index.php\/2025\/10\/24\/communique-de-lunion-des-journalistes-de-la-presse-libre-africaine-ujpla-relatif-aux-actes-de-vandalisme-repetes-contre-le-groupe-de-presse-lynx-lance-conakry-guinee\/","title":{"rendered":"Communiqu\u00e9 de l\u2019Union des Journalistes de la Presse Libre Africaine (UJPLA) relatif aux actes de vandalisme r\u00e9p\u00e9t\u00e9s contre le Groupe de presse Lynx-Lance Conakry ( Guin\u00e9e)."},"content":{"rendered":"<p>L\u2019Union des Journalistes de la Presse Libre Africaine (UJPLA) exprime sa profonde indignation et sa vive pr\u00e9occupation face aux actes de vandalisme perp\u00e9tr\u00e9s \u00e0 deux reprises, en l\u2019espace de deux semaines, contre les installations du Groupe de presse Lynx-Lance, notamment son imprimerie sise \u00e0 Koloma Soloprimo.<\/p>\n<p>En effet, dans la nuit du samedi 18 octobre 2025, peu avant 22 heures, des individus non identifi\u00e9s, ont fait irruption dans les locaux de l\u2019imprimerie, apr\u00e8s avoir escalad\u00e9 le mur de cl\u00f4ture et endommag\u00e9 la serrure d\u2019acc\u00e8s. Ce nouvel acte de sabotage a entra\u00een\u00e9 l\u2019arr\u00eat total des activit\u00e9s de l\u2019imprimerie, d\u00e9j\u00e0 fragilis\u00e9e par une premi\u00e8re attaque r\u00e9cente.<\/p>\n<p>Selon les informations recueillies par L\u2019UJPLA, le groupe disposait de quatre machines, dont deux \u00e9taient d\u00e9j\u00e0 \u00e0 l\u2019arr\u00eat faute de pi\u00e8ces de rechange. Les deux restantes, qui permettaient de maintenir la production, ont \u00e9t\u00e9 vandalis\u00e9es, paralysant ainsi compl\u00e8tement le fonctionnement de l\u2019imprimerie.<\/p>\n<p>L\u2019UJPLA condamne avec fermet\u00e9 ces attaques r\u00e9p\u00e9t\u00e9es contre un organe de presse qui \u0153uvre, depuis des d\u00e9cennies, pour une information libre et ind\u00e9pendante en Guin\u00e9e. Ces actes inqualifiables constituent une atteinte grave \u00e0 la libert\u00e9 de la presse, droit fondamental garanti par la Constitution et les conventions internationales ratifi\u00e9es par la Guin\u00e9e .<\/p>\n<p>L\u2019UJPLA invite instamment les autorit\u00e9s comp\u00e9tentes \u00e0 ouvrir une enqu\u00eate rigoureuse afin d\u2019identifier et traduire les auteurs de ces actes odieux devant la justice.<\/p>\n<p>L\u2019UJPLA appelle \u00e9galement \u00e0 renforcer la s\u00e9curit\u00e9 des installations des m\u00e9dias, souvent vuln\u00e9rables face \u00e0 ce type d\u2019agressions.<\/p>\n<p>L\u2019UJPLA exprime enfin sa solidarit\u00e9 totale au Groupe de presse Lynx-Lance, \u00e0 ses dirigeants, aux journalistes et techniciens , \u00e0 l\u2019ensemble de son personnel, et les encourage \u00e0 ne pas c\u00e9der face \u00e0 l\u2019intimidation et \u00e0 la violence.<\/p>\n<p>Fait \u00e0 Abidjan, le 21 octobre 2025<\/p>\n<p>Le Pr\u00e9sident de L\u2019UJPLA Yao No\u00ebl\u00a0<\/p>\n<p>+2250707658888<\/p>\n<p>noelyao2002@yahoo.fr<\/p>\n","protected":false},"excerpt":{"rendered":"<p>L\u2019Union des Journalistes de la Presse Libre Africaine (UJPLA) exprime sa profonde indignation et sa vive pr\u00e9occupation face aux actes de vandalisme perp\u00e9tr\u00e9s \u00e0 deux reprises, en l\u2019espace de deux semaines, contre les installations du Groupe de presse Lynx-Lance, notamment son imprimerie sise \u00e0 Koloma Soloprimo. En effet, dans la nuit du samedi 18 octobre [&hellip;]<\/p>\n","protected":false},"author":2,"featured_media":9655,"comment_status":"open","ping_status":"open","sticky":false,"template":"","format":"standard","meta":{"jnews-multi-image_gallery":[],"jnews_single_post":[],"jnews_primary_category":[],"footnotes":""},"categories":[4],"tags":[],"class_list":["post-9656","post","type-post","status-publish","format-standard","has-post-thumbnail","hentry","category-afrique"],"yoast_head":"<!-- This site is optimized with the Yoast SEO plugin v27.3 - https:\/\/yoast.com\/product\/yoast-seo-wordpress\/ -->\n<title>Communiqu\u00e9 de l\u2019Union des Journalistes de la Presse Libre Africaine (UJPLA) relatif aux actes de vandalisme r\u00e9p\u00e9t\u00e9s contre le Groupe de presse Lynx-Lance Conakry ( Guin\u00e9e). - Presseinvestigation<\/title>\n<meta name=\"robots\" content=\"index, follow, max-snippet:-1, max-image-preview:large, max-video-preview:-1\" \/>\n<link rel=\"canonical\" href=\"https:\/\/www.presseinvestigation.com\/index.php\/2025\/10\/24\/communique-de-lunion-des-journalistes-de-la-presse-libre-africaine-ujpla-relatif-aux-actes-de-vandalisme-repetes-contre-le-groupe-de-presse-lynx-lance-conakry-guinee\/\" \/>\n<meta property=\"og:locale\" content=\"fr_FR\" \/>\n<meta property=\"og:type\" content=\"article\" \/>\n<meta property=\"og:title\" content=\"Communiqu\u00e9 de l\u2019Union des Journalistes de la Presse Libre Africaine (UJPLA) relatif aux actes de vandalisme r\u00e9p\u00e9t\u00e9s contre le Groupe de presse Lynx-Lance Conakry ( Guin\u00e9e). - Presseinvestigation\" \/>\n<meta property=\"og:description\" content=\"L\u2019Union des Journalistes de la Presse Libre Africaine (UJPLA) exprime sa profonde indignation et sa vive pr\u00e9occupation face aux actes de vandalisme perp\u00e9tr\u00e9s \u00e0 deux reprises, en l\u2019espace de deux semaines, contre les installations du Groupe de presse Lynx-Lance, notamment son imprimerie sise \u00e0 Koloma Soloprimo. En effet, dans la nuit du samedi 18 octobre [&hellip;]\" \/>\n<meta property=\"og:url\" content=\"https:\/\/www.presseinvestigation.com\/index.php\/2025\/10\/24\/communique-de-lunion-des-journalistes-de-la-presse-libre-africaine-ujpla-relatif-aux-actes-de-vandalisme-repetes-contre-le-groupe-de-presse-lynx-lance-conakry-guinee\/\" \/>\n<meta property=\"og:site_name\" content=\"Presseinvestigation\" \/>\n<meta property=\"article:published_time\" content=\"2025-10-24T16:24:35+00:00\" \/>\n<meta property=\"og:image\" content=\"https:\/\/www.presseinvestigation.com\/wp-content\/uploads\/2025\/10\/u2-IMG-20251024-WA0004.jpg\" \/>\n\t<meta property=\"og:image:width\" content=\"606\" \/>\n\t<meta property=\"og:image:height\" content=\"570\" \/>\n\t<meta property=\"og:image:type\" content=\"image\/jpeg\" \/>\n<meta name=\"author\" content=\"Presseinvestigation.com\" \/>\n<meta name=\"twitter:card\" content=\"summary_large_image\" \/>\n<meta name=\"twitter:label1\" content=\"\u00c9crit par\" \/>\n\t<meta name=\"twitter:data1\" content=\"Presseinvestigation.com\" \/>\n\t<meta name=\"twitter:label2\" content=\"Dur\u00e9e de lecture estim\u00e9e\" \/>\n\t<meta name=\"twitter:data2\" content=\"2 minutes\" \/>\n<script type=\"application\/ld+json\" class=\"yoast-schema-graph\">{\"@context\":\"https:\\\/\\\/schema.org\",\"@graph\":[{\"@type\":\"Article\",\"@id\":\"https:\\\/\\\/www.presseinvestigation.com\\\/index.php\\\/2025\\\/10\\\/24\\\/communique-de-lunion-des-journalistes-de-la-presse-libre-africaine-ujpla-relatif-aux-actes-de-vandalisme-repetes-contre-le-groupe-de-presse-lynx-lance-conakry-guinee\\\/#article\",\"isPartOf\":{\"@id\":\"https:\\\/\\\/www.presseinvestigation.com\\\/index.php\\\/2025\\\/10\\\/24\\\/communique-de-lunion-des-journalistes-de-la-presse-libre-africaine-ujpla-relatif-aux-actes-de-vandalisme-repetes-contre-le-groupe-de-presse-lynx-lance-conakry-guinee\\\/\"},\"author\":{\"name\":\"Presseinvestigation.com\",\"@id\":\"https:\\\/\\\/www.presseinvestigation.com\\\/#\\\/schema\\\/person\\\/32d023733a4a9d7c3bd6883619b8f116\"},\"headline\":\"Communiqu\u00e9 de l\u2019Union des Journalistes de la Presse Libre Africaine (UJPLA) relatif aux actes de vandalisme r\u00e9p\u00e9t\u00e9s contre le Groupe de presse Lynx-Lance Conakry ( Guin\u00e9e).\",\"datePublished\":\"2025-10-24T16:24:35+00:00\",\"mainEntityOfPage\":{\"@id\":\"https:\\\/\\\/www.presseinvestigation.com\\\/index.php\\\/2025\\\/10\\\/24\\\/communique-de-lunion-des-journalistes-de-la-presse-libre-africaine-ujpla-relatif-aux-actes-de-vandalisme-repetes-contre-le-groupe-de-presse-lynx-lance-conakry-guinee\\\/\"},\"wordCount\":359,\"commentCount\":0,\"image\":{\"@id\":\"https:\\\/\\\/www.presseinvestigation.com\\\/index.php\\\/2025\\\/10\\\/24\\\/communique-de-lunion-des-journalistes-de-la-presse-libre-africaine-ujpla-relatif-aux-actes-de-vandalisme-repetes-contre-le-groupe-de-presse-lynx-lance-conakry-guinee\\\/#primaryimage\"},\"thumbnailUrl\":\"https:\\\/\\\/www.presseinvestigation.com\\\/wp-content\\\/uploads\\\/2025\\\/10\\\/u2-IMG-20251024-WA0004.jpg\",\"articleSection\":[\"Afrique\"],\"inLanguage\":\"fr-FR\",\"potentialAction\":[{\"@type\":\"CommentAction\",\"name\":\"Comment\",\"target\":[\"https:\\\/\\\/www.presseinvestigation.com\\\/index.php\\\/2025\\\/10\\\/24\\\/communique-de-lunion-des-journalistes-de-la-presse-libre-africaine-ujpla-relatif-aux-actes-de-vandalisme-repetes-contre-le-groupe-de-presse-lynx-lance-conakry-guinee\\\/#respond\"]}]},{\"@type\":\"WebPage\",\"@id\":\"https:\\\/\\\/www.presseinvestigation.com\\\/index.php\\\/2025\\\/10\\\/24\\\/communique-de-lunion-des-journalistes-de-la-presse-libre-africaine-ujpla-relatif-aux-actes-de-vandalisme-repetes-contre-le-groupe-de-presse-lynx-lance-conakry-guinee\\\/\",\"url\":\"https:\\\/\\\/www.presseinvestigation.com\\\/index.php\\\/2025\\\/10\\\/24\\\/communique-de-lunion-des-journalistes-de-la-presse-libre-africaine-ujpla-relatif-aux-actes-de-vandalisme-repetes-contre-le-groupe-de-presse-lynx-lance-conakry-guinee\\\/\",\"name\":\"Communiqu\u00e9 de l\u2019Union des Journalistes de la Presse Libre Africaine (UJPLA) relatif aux actes de vandalisme r\u00e9p\u00e9t\u00e9s contre le Groupe de presse Lynx-Lance Conakry ( Guin\u00e9e). - Presseinvestigation\",\"isPartOf\":{\"@id\":\"https:\\\/\\\/www.presseinvestigation.com\\\/#website\"},\"primaryImageOfPage\":{\"@id\":\"https:\\\/\\\/www.presseinvestigation.com\\\/index.php\\\/2025\\\/10\\\/24\\\/communique-de-lunion-des-journalistes-de-la-presse-libre-africaine-ujpla-relatif-aux-actes-de-vandalisme-repetes-contre-le-groupe-de-presse-lynx-lance-conakry-guinee\\\/#primaryimage\"},\"image\":{\"@id\":\"https:\\\/\\\/www.presseinvestigation.com\\\/index.php\\\/2025\\\/10\\\/24\\\/communique-de-lunion-des-journalistes-de-la-presse-libre-africaine-ujpla-relatif-aux-actes-de-vandalisme-repetes-contre-le-groupe-de-presse-lynx-lance-conakry-guinee\\\/#primaryimage\"},\"thumbnailUrl\":\"https:\\\/\\\/www.presseinvestigation.com\\\/wp-content\\\/uploads\\\/2025\\\/10\\\/u2-IMG-20251024-WA0004.jpg\",\"datePublished\":\"2025-10-24T16:24:35+00:00\",\"author\":{\"@id\":\"https:\\\/\\\/www.presseinvestigation.com\\\/#\\\/schema\\\/person\\\/32d023733a4a9d7c3bd6883619b8f116\"},\"breadcrumb\":{\"@id\":\"https:\\\/\\\/www.presseinvestigation.com\\\/index.php\\\/2025\\\/10\\\/24\\\/communique-de-lunion-des-journalistes-de-la-presse-libre-africaine-ujpla-relatif-aux-actes-de-vandalisme-repetes-contre-le-groupe-de-presse-lynx-lance-conakry-guinee\\\/#breadcrumb\"},\"inLanguage\":\"fr-FR\",\"potentialAction\":[{\"@type\":\"ReadAction\",\"target\":[\"https:\\\/\\\/www.presseinvestigation.com\\\/index.php\\\/2025\\\/10\\\/24\\\/communique-de-lunion-des-journalistes-de-la-presse-libre-africaine-ujpla-relatif-aux-actes-de-vandalisme-repetes-contre-le-groupe-de-presse-lynx-lance-conakry-guinee\\\/\"]}]},{\"@type\":\"ImageObject\",\"inLanguage\":\"fr-FR\",\"@id\":\"https:\\\/\\\/www.presseinvestigation.com\\\/index.php\\\/2025\\\/10\\\/24\\\/communique-de-lunion-des-journalistes-de-la-presse-libre-africaine-ujpla-relatif-aux-actes-de-vandalisme-repetes-contre-le-groupe-de-presse-lynx-lance-conakry-guinee\\\/#primaryimage\",\"url\":\"https:\\\/\\\/www.presseinvestigation.com\\\/wp-content\\\/uploads\\\/2025\\\/10\\\/u2-IMG-20251024-WA0004.jpg\",\"contentUrl\":\"https:\\\/\\\/www.presseinvestigation.com\\\/wp-content\\\/uploads\\\/2025\\\/10\\\/u2-IMG-20251024-WA0004.jpg\",\"width\":606,\"height\":570},{\"@type\":\"BreadcrumbList\",\"@id\":\"https:\\\/\\\/www.presseinvestigation.com\\\/index.php\\\/2025\\\/10\\\/24\\\/communique-de-lunion-des-journalistes-de-la-presse-libre-africaine-ujpla-relatif-aux-actes-de-vandalisme-repetes-contre-le-groupe-de-presse-lynx-lance-conakry-guinee\\\/#breadcrumb\",\"itemListElement\":[{\"@type\":\"ListItem\",\"position\":1,\"name\":\"Accueil\",\"item\":\"https:\\\/\\\/www.presseinvestigation.com\\\/\"},{\"@type\":\"ListItem\",\"position\":2,\"name\":\"Communiqu\u00e9 de l\u2019Union des Journalistes de la Presse Libre Africaine (UJPLA) relatif aux actes de vandalisme r\u00e9p\u00e9t\u00e9s contre le Groupe de presse Lynx-Lance Conakry ( Guin\u00e9e).\"}]},{\"@type\":\"WebSite\",\"@id\":\"https:\\\/\\\/www.presseinvestigation.com\\\/#website\",\"url\":\"https:\\\/\\\/www.presseinvestigation.com\\\/\",\"name\":\"Presseinvestigation\",\"description\":\"Informer dans l&#039;impartialit\u00e9\",\"potentialAction\":[{\"@type\":\"SearchAction\",\"target\":{\"@type\":\"EntryPoint\",\"urlTemplate\":\"https:\\\/\\\/www.presseinvestigation.com\\\/?s={search_term_string}\"},\"query-input\":{\"@type\":\"PropertyValueSpecification\",\"valueRequired\":true,\"valueName\":\"search_term_string\"}}],\"inLanguage\":\"fr-FR\"},{\"@type\":\"Person\",\"@id\":\"https:\\\/\\\/www.presseinvestigation.com\\\/#\\\/schema\\\/person\\\/32d023733a4a9d7c3bd6883619b8f116\",\"name\":\"Presseinvestigation.com\",\"image\":{\"@type\":\"ImageObject\",\"inLanguage\":\"fr-FR\",\"@id\":\"https:\\\/\\\/secure.gravatar.com\\\/avatar\\\/26f9c9e95424b0bde739ba0af37ee39a9e4a9e809967422c5b8e8573a34fbbe0?s=96&d=mm&r=g\",\"url\":\"https:\\\/\\\/secure.gravatar.com\\\/avatar\\\/26f9c9e95424b0bde739ba0af37ee39a9e4a9e809967422c5b8e8573a34fbbe0?s=96&d=mm&r=g\",\"contentUrl\":\"https:\\\/\\\/secure.gravatar.com\\\/avatar\\\/26f9c9e95424b0bde739ba0af37ee39a9e4a9e809967422c5b8e8573a34fbbe0?s=96&d=mm&r=g\",\"caption\":\"Presseinvestigation.com\"},\"url\":\"https:\\\/\\\/www.presseinvestigation.com\\\/index.php\\\/author\\\/toumany\\\/\"}]}<\/script>\n<!-- \/ Yoast SEO plugin. -->","yoast_head_json":{"title":"Communiqu\u00e9 de l\u2019Union des Journalistes de la Presse Libre Africaine (UJPLA) relatif aux actes de vandalisme r\u00e9p\u00e9t\u00e9s contre le Groupe de presse Lynx-Lance Conakry ( Guin\u00e9e). - Presseinvestigation","robots":{"index":"index","follow":"follow","max-snippet":"max-snippet:-1","max-image-preview":"max-image-preview:large","max-video-preview":"max-video-preview:-1"},"canonical":"https:\/\/www.presseinvestigation.com\/index.php\/2025\/10\/24\/communique-de-lunion-des-journalistes-de-la-presse-libre-africaine-ujpla-relatif-aux-actes-de-vandalisme-repetes-contre-le-groupe-de-presse-lynx-lance-conakry-guinee\/","og_locale":"fr_FR","og_type":"article","og_title":"Communiqu\u00e9 de l\u2019Union des Journalistes de la Presse Libre Africaine (UJPLA) relatif aux actes de vandalisme r\u00e9p\u00e9t\u00e9s contre le Groupe de presse Lynx-Lance Conakry ( Guin\u00e9e). - Presseinvestigation","og_description":"L\u2019Union des Journalistes de la Presse Libre Africaine (UJPLA) exprime sa profonde indignation et sa vive pr\u00e9occupation face aux actes de vandalisme perp\u00e9tr\u00e9s \u00e0 deux reprises, en l\u2019espace de deux semaines, contre les installations du Groupe de presse Lynx-Lance, notamment son imprimerie sise \u00e0 Koloma Soloprimo. En effet, dans la nuit du samedi 18 octobre [&hellip;]","og_url":"https:\/\/www.presseinvestigation.com\/index.php\/2025\/10\/24\/communique-de-lunion-des-journalistes-de-la-presse-libre-africaine-ujpla-relatif-aux-actes-de-vandalisme-repetes-contre-le-groupe-de-presse-lynx-lance-conakry-guinee\/","og_site_name":"Presseinvestigation","article_published_time":"2025-10-24T16:24:35+00:00","og_image":[{"width":606,"height":570,"url":"https:\/\/www.presseinvestigation.com\/wp-content\/uploads\/2025\/10\/u2-IMG-20251024-WA0004.jpg","type":"image\/jpeg"}],"author":"Presseinvestigation.com","twitter_card":"summary_large_image","twitter_misc":{"\u00c9crit par":"Presseinvestigation.com","Dur\u00e9e de lecture estim\u00e9e":"2 minutes"},"schema":{"@context":"https:\/\/schema.org","@graph":[{"@type":"Article","@id":"https:\/\/www.presseinvestigation.com\/index.php\/2025\/10\/24\/communique-de-lunion-des-journalistes-de-la-presse-libre-africaine-ujpla-relatif-aux-actes-de-vandalisme-repetes-contre-le-groupe-de-presse-lynx-lance-conakry-guinee\/#article","isPartOf":{"@id":"https:\/\/www.presseinvestigation.com\/index.php\/2025\/10\/24\/communique-de-lunion-des-journalistes-de-la-presse-libre-africaine-ujpla-relatif-aux-actes-de-vandalisme-repetes-contre-le-groupe-de-presse-lynx-lance-conakry-guinee\/"},"author":{"name":"Presseinvestigation.com","@id":"https:\/\/www.presseinvestigation.com\/#\/schema\/person\/32d023733a4a9d7c3bd6883619b8f116"},"headline":"Communiqu\u00e9 de l\u2019Union des Journalistes de la Presse Libre Africaine (UJPLA) relatif aux actes de vandalisme r\u00e9p\u00e9t\u00e9s contre le Groupe de presse Lynx-Lance Conakry ( Guin\u00e9e).","datePublished":"2025-10-24T16:24:35+00:00","mainEntityOfPage":{"@id":"https:\/\/www.presseinvestigation.com\/index.php\/2025\/10\/24\/communique-de-lunion-des-journalistes-de-la-presse-libre-africaine-ujpla-relatif-aux-actes-de-vandalisme-repetes-contre-le-groupe-de-presse-lynx-lance-conakry-guinee\/"},"wordCount":359,"commentCount":0,"image":{"@id":"https:\/\/www.presseinvestigation.com\/index.php\/2025\/10\/24\/communique-de-lunion-des-journalistes-de-la-presse-libre-africaine-ujpla-relatif-aux-actes-de-vandalisme-repetes-contre-le-groupe-de-presse-lynx-lance-conakry-guinee\/#primaryimage"},"thumbnailUrl":"https:\/\/www.presseinvestigation.com\/wp-content\/uploads\/2025\/10\/u2-IMG-20251024-WA0004.jpg","articleSection":["Afrique"],"inLanguage":"fr-FR","potentialAction":[{"@type":"CommentAction","name":"Comment","target":["https:\/\/www.presseinvestigation.com\/index.php\/2025\/10\/24\/communique-de-lunion-des-journalistes-de-la-presse-libre-africaine-ujpla-relatif-aux-actes-de-vandalisme-repetes-contre-le-groupe-de-presse-lynx-lance-conakry-guinee\/#respond"]}]},{"@type":"WebPage","@id":"https:\/\/www.presseinvestigation.com\/index.php\/2025\/10\/24\/communique-de-lunion-des-journalistes-de-la-presse-libre-africaine-ujpla-relatif-aux-actes-de-vandalisme-repetes-contre-le-groupe-de-presse-lynx-lance-conakry-guinee\/","url":"https:\/\/www.presseinvestigation.com\/index.php\/2025\/10\/24\/communique-de-lunion-des-journalistes-de-la-presse-libre-africaine-ujpla-relatif-aux-actes-de-vandalisme-repetes-contre-le-groupe-de-presse-lynx-lance-conakry-guinee\/","name":"Communiqu\u00e9 de l\u2019Union des Journalistes de la Presse Libre Africaine (UJPLA) relatif aux actes de vandalisme r\u00e9p\u00e9t\u00e9s contre le Groupe de presse Lynx-Lance Conakry ( Guin\u00e9e). - Presseinvestigation","isPartOf":{"@id":"https:\/\/www.presseinvestigation.com\/#website"},"primaryImageOfPage":{"@id":"https:\/\/www.presseinvestigation.com\/index.php\/2025\/10\/24\/communique-de-lunion-des-journalistes-de-la-presse-libre-africaine-ujpla-relatif-aux-actes-de-vandalisme-repetes-contre-le-groupe-de-presse-lynx-lance-conakry-guinee\/#primaryimage"},"image":{"@id":"https:\/\/www.presseinvestigation.com\/index.php\/2025\/10\/24\/communique-de-lunion-des-journalistes-de-la-presse-libre-africaine-ujpla-relatif-aux-actes-de-vandalisme-repetes-contre-le-groupe-de-presse-lynx-lance-conakry-guinee\/#primaryimage"},"thumbnailUrl":"https:\/\/www.presseinvestigation.com\/wp-content\/uploads\/2025\/10\/u2-IMG-20251024-WA0004.jpg","datePublished":"2025-10-24T16:24:35+00:00","author":{"@id":"https:\/\/www.presseinvestigation.com\/#\/schema\/person\/32d023733a4a9d7c3bd6883619b8f116"},"breadcrumb":{"@id":"https:\/\/www.presseinvestigation.com\/index.php\/2025\/10\/24\/communique-de-lunion-des-journalistes-de-la-presse-libre-africaine-ujpla-relatif-aux-actes-de-vandalisme-repetes-contre-le-groupe-de-presse-lynx-lance-conakry-guinee\/#breadcrumb"},"inLanguage":"fr-FR","potentialAction":[{"@type":"ReadAction","target":["https:\/\/www.presseinvestigation.com\/index.php\/2025\/10\/24\/communique-de-lunion-des-journalistes-de-la-presse-libre-africaine-ujpla-relatif-aux-actes-de-vandalisme-repetes-contre-le-groupe-de-presse-lynx-lance-conakry-guinee\/"]}]},{"@type":"ImageObject","inLanguage":"fr-FR","@id":"https:\/\/www.presseinvestigation.com\/index.php\/2025\/10\/24\/communique-de-lunion-des-journalistes-de-la-presse-libre-africaine-ujpla-relatif-aux-actes-de-vandalisme-repetes-contre-le-groupe-de-presse-lynx-lance-conakry-guinee\/#primaryimage","url":"https:\/\/www.presseinvestigation.com\/wp-content\/uploads\/2025\/10\/u2-IMG-20251024-WA0004.jpg","contentUrl":"https:\/\/www.presseinvestigation.com\/wp-content\/uploads\/2025\/10\/u2-IMG-20251024-WA0004.jpg","width":606,"height":570},{"@type":"BreadcrumbList","@id":"https:\/\/www.presseinvestigation.com\/index.php\/2025\/10\/24\/communique-de-lunion-des-journalistes-de-la-presse-libre-africaine-ujpla-relatif-aux-actes-de-vandalisme-repetes-contre-le-groupe-de-presse-lynx-lance-conakry-guinee\/#breadcrumb","itemListElement":[{"@type":"ListItem","position":1,"name":"Accueil","item":"https:\/\/www.presseinvestigation.com\/"},{"@type":"ListItem","position":2,"name":"Communiqu\u00e9 de l\u2019Union des Journalistes de la Presse Libre Africaine (UJPLA) relatif aux actes de vandalisme r\u00e9p\u00e9t\u00e9s contre le Groupe de presse Lynx-Lance Conakry ( Guin\u00e9e)."}]},{"@type":"WebSite","@id":"https:\/\/www.presseinvestigation.com\/#website","url":"https:\/\/www.presseinvestigation.com\/","name":"Presseinvestigation","description":"Informer dans l&#039;impartialit\u00e9","potentialAction":[{"@type":"SearchAction","target":{"@type":"EntryPoint","urlTemplate":"https:\/\/www.presseinvestigation.com\/?s={search_term_string}"},"query-input":{"@type":"PropertyValueSpecification","valueRequired":true,"valueName":"search_term_string"}}],"inLanguage":"fr-FR"},{"@type":"Person","@id":"https:\/\/www.presseinvestigation.com\/#\/schema\/person\/32d023733a4a9d7c3bd6883619b8f116","name":"Presseinvestigation.com","image":{"@type":"ImageObject","inLanguage":"fr-FR","@id":"https:\/\/secure.gravatar.com\/avatar\/26f9c9e95424b0bde739ba0af37ee39a9e4a9e809967422c5b8e8573a34fbbe0?s=96&d=mm&r=g","url":"https:\/\/secure.gravatar.com\/avatar\/26f9c9e95424b0bde739ba0af37ee39a9e4a9e809967422c5b8e8573a34fbbe0?s=96&d=mm&r=g","contentUrl":"https:\/\/secure.gravatar.com\/avatar\/26f9c9e95424b0bde739ba0af37ee39a9e4a9e809967422c5b8e8573a34fbbe0?s=96&d=mm&r=g","caption":"Presseinvestigation.com"},"url":"https:\/\/www.presseinvestigation.com\/index.php\/author\/toumany\/"}]}},"_links":{"self":[{"href":"https:\/\/www.presseinvestigation.com\/index.php\/wp-json\/wp\/v2\/posts\/9656","targetHints":{"allow":["GET"]}}],"collection":[{"href":"https:\/\/www.presseinvestigation.com\/index.php\/wp-json\/wp\/v2\/posts"}],"about":[{"href":"https:\/\/www.presseinvestigation.com\/index.php\/wp-json\/wp\/v2\/types\/post"}],"author":[{"embeddable":true,"href":"https:\/\/www.presseinvestigation.com\/index.php\/wp-json\/wp\/v2\/users\/2"}],"replies":[{"embeddable":true,"href":"https:\/\/www.presseinvestigation.com\/index.php\/wp-json\/wp\/v2\/comments?post=9656"}],"version-history":[{"count":1,"href":"https:\/\/www.presseinvestigation.com\/index.php\/wp-json\/wp\/v2\/posts\/9656\/revisions"}],"predecessor-version":[{"id":9657,"href":"https:\/\/www.presseinvestigation.com\/index.php\/wp-json\/wp\/v2\/posts\/9656\/revisions\/9657"}],"wp:featuredmedia":[{"embeddable":true,"href":"https:\/\/www.presseinvestigation.com\/index.php\/wp-json\/wp\/v2\/media\/9655"}],"wp:attachment":[{"href":"https:\/\/www.presseinvestigation.com\/index.php\/wp-json\/wp\/v2\/media?parent=9656"}],"wp:term":[{"taxonomy":"category","embeddable":true,"href":"https:\/\/www.presseinvestigation.com\/index.php\/wp-json\/wp\/v2\/categories?post=9656"},{"taxonomy":"post_tag","embeddable":true,"href":"https:\/\/www.presseinvestigation.com\/index.php\/wp-json\/wp\/v2\/tags?post=9656"}],"curies":[{"name":"wp","href":"https:\/\/api.w.org\/{rel}","templated":true}]}}