{"id":9669,"date":"2025-11-19T11:34:17","date_gmt":"2025-11-19T10:34:17","guid":{"rendered":"https:\/\/www.presseinvestigation.com\/index.php\/2025\/11\/19\/guinee-sante-deuxieme-phase-de-la-campagne-nationale-pour-la-vitame-a-et-de-vaccination-des-enfants-de-6-a-23-mois\/"},"modified":"2025-11-19T12:00:35","modified_gmt":"2025-11-19T11:00:35","slug":"guinee-sante-deuxieme-phase-de-la-campagne-nationale-pour-la-vitame-a-et-de-vaccination-des-enfants-de-6-a-23-mois","status":"publish","type":"post","link":"https:\/\/www.presseinvestigation.com\/index.php\/2025\/11\/19\/guinee-sante-deuxieme-phase-de-la-campagne-nationale-pour-la-vitame-a-et-de-vaccination-des-enfants-de-6-a-23-mois\/","title":{"rendered":"Guin\u00e9e\/ Sant\u00e9 \u00a0: Deuxi\u00e8me phase de la Campagne Nationale pour la vitame A et de vaccination des enfants de 6 \u00e0 23 mois"},"content":{"rendered":"<p><strong>Cette deuxi\u00e8me \u00e9tape est lanc\u00e9e le vendredi 15 novembre au Centre de sant\u00e9 amelior\u00e9, Madame Laurianne DOUMBOUYA\u00a0 sis au quartier kobayah \u00e0 Conakry et elle se poursuit jusqu\u2019au 19 novembre 2025. Il est pr\u00e9vu de couvrir 4 millions 500 mille enfants en vitamine A et en vaccination. Aussi, l\u2019op\u00e9ration est coupl\u00e9e de l\u2019enregistrement des naissances de 0 \u00e0 59 mois.<a href=\"https:\/\/www.presseinvestigation.com\/wp-content\/uploads\/2025\/11\/guest-1763547822-6b5d-Screenshot_20251119_092415_Photos.jpg\"><img decoding=\"async\" class=\"attachment-full size-full\" src=\"https:\/\/www.presseinvestigation.com\/wp-content\/uploads\/2025\/11\/guest-1763547822-6b5d-Screenshot_20251119_092415_Photos.jpg\" alt=\"\" \/><\/a><\/strong><\/p>\n<p>La c\u00e9r\u00e9monie de lancement de cette seconde phase de l\u2019exercice 2025, a regroup\u00e9 entre autres,\u00a0 les repr\u00e9sentants du Minist\u00e8re de la sant\u00e9 et de l\u2019hygi\u00e8me publique, du Minist\u00e8re de l&#8217;Administration du territoire dt de la D\u00e9centralisation, des organisations internationales, les leaders religieuses\u00a0 et la population riveraine de kobayah.<\/p>\n<p><a href=\"https:\/\/www.presseinvestigation.com\/wp-content\/uploads\/2025\/11\/guest-1763548284-accb-Screenshot_20251119_091819_Photos.jpg\"><img decoding=\"async\" class=\"attachment-full size-full\" src=\"https:\/\/www.presseinvestigation.com\/wp-content\/uploads\/2025\/11\/guest-1763548284-accb-Screenshot_20251119_091819_Photos.jpg\" alt=\"\" \/><\/a><\/p>\n<p>Selon Madame DRAME Aissatou TOURE, cheffe de la Division Alimentation et Nutrition au Minist\u00e8re de la Sant\u00e9 et de l\u2019hygi\u00e8ne publique , cette campagne de vaccination, de suppl\u00e9mentation en vitamine A, associ\u00e9e \u00e0 l\u2019enregistrement des nouveaux n\u00e9s, est un programme r\u00e9gulier dans la politique sanitaire du gouvernement guin\u00e9en. D&#8217;apr\u00e8s elle, la c\u00e9r\u00e9monie de lancement de cette activit\u00e9 constitue une occasion de grande mobilisation \u00e0 tous les niveaux pour atteindre les objectifs.<\/p>\n<p><a href=\"https:\/\/www.presseinvestigation.com\/wp-content\/uploads\/2025\/11\/guest-1763547872-a0db-Screenshot_20251119_091223_Photos.jpg\"><img decoding=\"async\" class=\"attachment-full size-full\" src=\"https:\/\/www.presseinvestigation.com\/wp-content\/uploads\/2025\/11\/guest-1763547872-a0db-Screenshot_20251119_091223_Photos.jpg\" alt=\"\" \/><\/a><\/p>\n<p>\u00ab <em>Cette c\u00e9r\u00e9monie de lancement , est une journ\u00e9e au cours de laquelle nous invitons tous les parents, tous les acteurs\u00a0 religieux, les autorit\u00e9s , tout le monde \u00e0 se mobiliser pour faire en sorte que, tous les enfants de moins de 5 ans b\u00e9n\u00e9ficient de ces trois interventions :\u00a0 la suppl\u00e9mentation en vitamine A, la vaccination et tous les moins de 6 mois soient enregistr\u00e9s \u00e0 l\u2019\u00e9tat civil, pour qu\u2019ils puissent avoir un extrait de naissance<\/em> \u00bb explique-t-elle.<\/p>\n<p><a href=\"https:\/\/www.presseinvestigation.com\/wp-content\/uploads\/2025\/11\/guest-1763548019-e899-Screenshot_20251119_091919_Photos.jpg\"><img decoding=\"async\" class=\"attachment-full size-full\" src=\"https:\/\/www.presseinvestigation.com\/wp-content\/uploads\/2025\/11\/guest-1763548019-e899-Screenshot_20251119_091919_Photos.jpg\" alt=\"\" \/><\/a><\/p>\n<p>Quant \u00e0 la repr\u00e9sentante adjointe de l\u2019UNICHEF, elle a ressorti le r\u00f4le protecteur de la vaccination, de la suppl\u00e9mentation en vitamine A\u00a0 chez un enfant. Elle a \u00e9galement mentionn\u00e9 l&#8217;importance de l&#8217;enregistrement des nourissons.<\/p>\n<p><a href=\"https:\/\/www.presseinvestigation.com\/wp-content\/uploads\/2025\/11\/guest-1763548070-497c-Screenshot_20251117_124652_Photos.jpg\"><img decoding=\"async\" class=\"attachment-full size-full\" src=\"https:\/\/www.presseinvestigation.com\/wp-content\/uploads\/2025\/11\/guest-1763548070-497c-Screenshot_20251117_124652_Photos.jpg\" alt=\"\" \/><\/a><\/p>\n<p>\u00ab\u00a0 <em>Permettez-moi de rappeler quelques \u00e9lements cl\u00e9s pour rassurer une vie de qualit\u00e9 \u00e0 chaques enfants de Guin\u00e9e.La vitamine A, renforce le syst\u00e8me immunitaire et reduit considerablement la mortalit\u00e9 infantile ; le deparasitage ameliore le developpement cognitive de l\u2019enfant ; la vaccination prot\u00e8ge contre les maladie potentiellement mort\u00e8lle comme la rougeole,la poliomy\u00e9lite ou la fi\u00e8vre jaune.Et en fin l\u2019enregistrement des naissance garantie \u00e0 chaque enfant, le droit d\u2019une identit\u00e9, \u00e0 la protection et \u00e0 l\u2019acc\u00e8s aux services sociaux de base.Cette approche int\u00e9gr\u00e9e illustre une vision claire,celle d\u2019un enfant prot\u00e9g\u00e9 et reconnu par son pays.Et incarne aussi la volont\u00e9 collective et de lederchip national \u00e0 placer l\u2019enfant au c\u0153ur des priorit\u00e9s de developpement en Guin\u00e9e. La monbilisation exemplaire du Minist\u00e8re de la sant\u00e9 et de l\u2019hygi\u00e8me publique,du Minist\u00e8re de\u00a0 de l\u2019administration du territoire et de la d\u00e9centralisation,ainsi que de tous les acteurs communautaires,agents de sant\u00e9,ledears religieux,autorit\u00e9s locales temoigne de cet engagement collectif. L\u2019UNICHEF est fi\u00e8re d\u2019accompagner cette initiative aux cot\u00e9s de l\u2019organisation mondiale de la sant\u00e9 de Gavi,du fonds mondial et de l\u2019ensemble des partenaires technique et financiers.Le succ\u00e8s de cette campagne se repose sur la mobilisation de tous, pourqu\u2019aucun enfant ne soit laiss\u00e9 de c\u00f4t\u00e9&gt;<\/em>&gt;\u00a0 exprime Madame Alicia TURCO.<\/p>\n<p><a href=\"https:\/\/www.presseinvestigation.com\/wp-content\/uploads\/2025\/11\/guest-1763548114-8b5f-Screenshot_20251119_091908_Photos.jpg\"><img decoding=\"async\" class=\"attachment-full size-full\" src=\"https:\/\/www.presseinvestigation.com\/wp-content\/uploads\/2025\/11\/guest-1763548114-8b5f-Screenshot_20251119_091908_Photos.jpg\" alt=\"\" \/><\/a><\/p>\n<p>Prenant la parole, Monsieur Biro cond\u00e9 coordinateur g\u00e9n\u00e9ral du\u00a0 Programme National de Recensement Administratif \u00e0 Vocation d&#8217;\u00c9tat Civil (PN-RAVEC) est revenu sur l&#8217;importance de l&#8217;enregistrement des naissance. Selon lui, c&#8217;est une politique qui s&#8217;inscrit dans les priorit\u00e9s de l&#8217;agenda du chef de l\u2019Etat.<\/p>\n<p><a href=\"https:\/\/www.presseinvestigation.com\/wp-content\/uploads\/2025\/11\/guest-1763548156-fe19-Screenshot_20251117_121909_Photos.jpg\"><img decoding=\"async\" class=\"attachment-full size-full\" src=\"https:\/\/www.presseinvestigation.com\/wp-content\/uploads\/2025\/11\/guest-1763548156-fe19-Screenshot_20251117_121909_Photos.jpg\" alt=\"\" \/><\/a><\/p>\n<p>\u00ab <em>l\u2019exercice que nous couplons aujourd\u2019hui \u00e0 travers la d\u00e9livrance d\u2019un document d\u2019\u00e9tat civil \u00e0 ces enfants ,d\u00e9coule de la vision de son excellence Monsieur le Pr\u00e9sident de la R\u00e9publique de Guin\u00e9e,Chef de l\u2019Etat,chef supr\u00eame des arm\u00e9es,le G\u00e9n\u00e9ral Mamadi DOUMBOUYA.Cette vision veut\u00a0 que tous les guin\u00e9ens o\u00f9 qu\u2019ils soient, b\u00e9n\u00e9ficient d\u2019une identit\u00e9 juridique,numerique et securis\u00e9e.Donner l&#8221;act de naissance \u00e0 ces enfants \u00e0 travers les officiers d\u2019etat civil, permettra \u00e0 tous les citoyens quelque soit leur \u00e2ge ,leur rang social, leur \u00e9loignement d\u2019avoir un acte d\u2019etat civil surtout d\u2019avoir acc\u00e8s aux services sociaux de base.Cela permettrait aussi d\u2019\u00e9viter \u00e0 nos citoyens \u00e0 ce qu\u2019on appelle l\u2019apatride.Vous savez dans les temps recul\u00e9, l\u2019apatride \u00e9tait consid\u00e9r\u00e9 comme quelqu un qui n\u2019aime pas son pays.C\u2019est pas cela la bonne definition.Un appatride c\u2019est quelqu\u2019un qui n\u2019a pas d\u2019identit\u00e9,qui n\u2019a pas de patrie et pour \u00e9viter cela \u00e0 un citoyen,il faudrait qu\u2019il ait une identit\u00e9 juridique et num\u00e9rique&gt;<\/em>&gt; d\u00e9clar\u00e9-t- il.<\/p>\n<p><a href=\"https:\/\/www.presseinvestigation.com\/wp-content\/uploads\/2025\/11\/guest-1763548206-49b3-Screenshot_20251119_091926_Photos.jpg\"><img decoding=\"async\" class=\"attachment-full size-full\" src=\"https:\/\/www.presseinvestigation.com\/wp-content\/uploads\/2025\/11\/guest-1763548206-49b3-Screenshot_20251119_091926_Photos.jpg\" alt=\"\" \/><\/a><\/p>\n<p>En fin, Madame LONAS Antoinette, la conseill\u00e8re charg\u00e9e de mission au Minist\u00e8re de la sant\u00e9 qui a r\u00e9presentant son Ministre de tutelle , a aussi renforc\u00e9 la sensibilisation sur l&#8217;implication de toutes les couches socio-professionnelles pour la r\u00e9ussite de cette campagne afin de garantir la sant\u00e9 des enfants.<\/p>\n<p><a href=\"https:\/\/www.presseinvestigation.com\/wp-content\/uploads\/2025\/11\/guest-1763548245-1b33-Screenshot_20251119_092445_Photos.jpg\"><img decoding=\"async\" class=\"attachment-full size-full\" src=\"https:\/\/www.presseinvestigation.com\/wp-content\/uploads\/2025\/11\/guest-1763548245-1b33-Screenshot_20251119_092445_Photos.jpg\" alt=\"\" \/><\/a><\/p>\n<p>\u00ab <em>je voudrais inviter les autorit\u00e9s administratives, sanitaires et religieuses des r\u00e9gions,des pr\u00e9fectures et des communes de notre pays \u00e0 redoubler d\u2019effort pour accompagner la mise en \u0153uvre de ces interventions \u00e0 haut impact de la survie de nos enfants.Je les exortes \u00e0 \u00eatre les ambassadeurs aupr\u00e8s des parents,des familles et des proches afin que cette campagne ne\u00a0 laisse aucun enfant de c\u00f4t\u00e9. J\u2019encourage nos braves populations \u00e0 tous les niveaux \u00e0 se mobiliser massivement pour la pleine reussite de cette activit\u00e9 en vue d\u2019ameliorer la sant\u00e9 de nos enfants<\/em> \u00bb recommande-t-elle.<\/p>\n<p><strong>Toumany CAMARA pour presseinvestigation.com\u00a0<\/strong><\/p>\n<p>.<\/p>\n","protected":false},"excerpt":{"rendered":"<p>Cette deuxi\u00e8me \u00e9tape est lanc\u00e9e le vendredi 15 novembre au Centre de sant\u00e9 amelior\u00e9, Madame Laurianne DOUMBOUYA\u00a0 sis au quartier kobayah \u00e0 Conakry et elle se poursuit jusqu\u2019au 19 novembre 2025. Il est pr\u00e9vu de couvrir 4 millions 500 mille enfants en vitamine A et en vaccination. Aussi, l\u2019op\u00e9ration est coupl\u00e9e de l\u2019enregistrement des naissances [&hellip;]<\/p>\n","protected":false},"author":3,"featured_media":9668,"comment_status":"open","ping_status":"open","sticky":false,"template":"","format":"standard","meta":{"jnews-multi-image_gallery":[],"jnews_single_post":[],"jnews_primary_category":[],"footnotes":""},"categories":[90],"tags":[],"class_list":["post-9669","post","type-post","status-publish","format-standard","has-post-thumbnail","hentry","category-pole-actualite-sante"],"yoast_head":"<!-- This site is optimized with the Yoast SEO plugin v27.3 - https:\/\/yoast.com\/product\/yoast-seo-wordpress\/ -->\n<title>Guin\u00e9e\/ Sant\u00e9 \u00a0: Deuxi\u00e8me phase de la Campagne Nationale pour la vitame A et de vaccination des enfants de 6 \u00e0 23 mois - Presseinvestigation<\/title>\n<meta name=\"robots\" content=\"index, follow, max-snippet:-1, max-image-preview:large, max-video-preview:-1\" \/>\n<link rel=\"canonical\" href=\"https:\/\/www.presseinvestigation.com\/index.php\/2025\/11\/19\/guinee-sante-deuxieme-phase-de-la-campagne-nationale-pour-la-vitame-a-et-de-vaccination-des-enfants-de-6-a-23-mois\/\" \/>\n<meta property=\"og:locale\" content=\"fr_FR\" \/>\n<meta property=\"og:type\" content=\"article\" \/>\n<meta property=\"og:title\" content=\"Guin\u00e9e\/ Sant\u00e9 \u00a0: Deuxi\u00e8me phase de la Campagne Nationale pour la vitame A et de vaccination des enfants de 6 \u00e0 23 mois - Presseinvestigation\" \/>\n<meta property=\"og:description\" content=\"Cette deuxi\u00e8me \u00e9tape est lanc\u00e9e le vendredi 15 novembre au Centre de sant\u00e9 amelior\u00e9, Madame Laurianne DOUMBOUYA\u00a0 sis au quartier kobayah \u00e0 Conakry et elle se poursuit jusqu\u2019au 19 novembre 2025. Il est pr\u00e9vu de couvrir 4 millions 500 mille enfants en vitamine A et en vaccination. Aussi, l\u2019op\u00e9ration est coupl\u00e9e de l\u2019enregistrement des naissances [&hellip;]\" \/>\n<meta property=\"og:url\" content=\"https:\/\/www.presseinvestigation.com\/index.php\/2025\/11\/19\/guinee-sante-deuxieme-phase-de-la-campagne-nationale-pour-la-vitame-a-et-de-vaccination-des-enfants-de-6-a-23-mois\/\" \/>\n<meta property=\"og:site_name\" content=\"Presseinvestigation\" \/>\n<meta property=\"article:published_time\" content=\"2025-11-19T10:34:17+00:00\" \/>\n<meta property=\"article:modified_time\" content=\"2025-11-19T11:00:35+00:00\" \/>\n<meta property=\"og:image\" content=\"https:\/\/www.presseinvestigation.com\/wp-content\/uploads\/2025\/11\/guest-1763548431-b569-Screenshot_20251119_092445_Photos.jpg\" \/>\n\t<meta property=\"og:image:width\" content=\"1080\" \/>\n\t<meta property=\"og:image:height\" content=\"594\" \/>\n\t<meta property=\"og:image:type\" content=\"image\/jpeg\" \/>\n<meta name=\"author\" content=\"Presseinvestigation.com\" \/>\n<meta name=\"twitter:card\" content=\"summary_large_image\" \/>\n<meta name=\"twitter:label1\" content=\"\u00c9crit par\" \/>\n\t<meta name=\"twitter:data1\" content=\"Presseinvestigation.com\" \/>\n\t<meta name=\"twitter:label2\" content=\"Dur\u00e9e de lecture estim\u00e9e\" \/>\n\t<meta name=\"twitter:data2\" content=\"7 minutes\" \/>\n<script type=\"application\/ld+json\" class=\"yoast-schema-graph\">{\"@context\":\"https:\\\/\\\/schema.org\",\"@graph\":[{\"@type\":\"Article\",\"@id\":\"https:\\\/\\\/www.presseinvestigation.com\\\/index.php\\\/2025\\\/11\\\/19\\\/guinee-sante-deuxieme-phase-de-la-campagne-nationale-pour-la-vitame-a-et-de-vaccination-des-enfants-de-6-a-23-mois\\\/#article\",\"isPartOf\":{\"@id\":\"https:\\\/\\\/www.presseinvestigation.com\\\/index.php\\\/2025\\\/11\\\/19\\\/guinee-sante-deuxieme-phase-de-la-campagne-nationale-pour-la-vitame-a-et-de-vaccination-des-enfants-de-6-a-23-mois\\\/\"},\"author\":{\"name\":\"Presseinvestigation.com\",\"@id\":\"https:\\\/\\\/www.presseinvestigation.com\\\/#\\\/schema\\\/person\\\/9eeee3740b98a364b2d60ad43edf321d\"},\"headline\":\"Guin\u00e9e\\\/ Sant\u00e9 \u00a0: Deuxi\u00e8me phase de la Campagne Nationale pour la vitame A et de vaccination des enfants de 6 \u00e0 23 mois\",\"datePublished\":\"2025-11-19T10:34:17+00:00\",\"dateModified\":\"2025-11-19T11:00:35+00:00\",\"mainEntityOfPage\":{\"@id\":\"https:\\\/\\\/www.presseinvestigation.com\\\/index.php\\\/2025\\\/11\\\/19\\\/guinee-sante-deuxieme-phase-de-la-campagne-nationale-pour-la-vitame-a-et-de-vaccination-des-enfants-de-6-a-23-mois\\\/\"},\"wordCount\":986,\"commentCount\":0,\"image\":{\"@id\":\"https:\\\/\\\/www.presseinvestigation.com\\\/index.php\\\/2025\\\/11\\\/19\\\/guinee-sante-deuxieme-phase-de-la-campagne-nationale-pour-la-vitame-a-et-de-vaccination-des-enfants-de-6-a-23-mois\\\/#primaryimage\"},\"thumbnailUrl\":\"https:\\\/\\\/www.presseinvestigation.com\\\/wp-content\\\/uploads\\\/2025\\\/11\\\/guest-1763548431-b569-Screenshot_20251119_092445_Photos.jpg\",\"articleSection\":[\"P\u00f4le Actualit\u00e9-Sant\u00e9\"],\"inLanguage\":\"fr-FR\",\"potentialAction\":[{\"@type\":\"CommentAction\",\"name\":\"Comment\",\"target\":[\"https:\\\/\\\/www.presseinvestigation.com\\\/index.php\\\/2025\\\/11\\\/19\\\/guinee-sante-deuxieme-phase-de-la-campagne-nationale-pour-la-vitame-a-et-de-vaccination-des-enfants-de-6-a-23-mois\\\/#respond\"]}]},{\"@type\":\"WebPage\",\"@id\":\"https:\\\/\\\/www.presseinvestigation.com\\\/index.php\\\/2025\\\/11\\\/19\\\/guinee-sante-deuxieme-phase-de-la-campagne-nationale-pour-la-vitame-a-et-de-vaccination-des-enfants-de-6-a-23-mois\\\/\",\"url\":\"https:\\\/\\\/www.presseinvestigation.com\\\/index.php\\\/2025\\\/11\\\/19\\\/guinee-sante-deuxieme-phase-de-la-campagne-nationale-pour-la-vitame-a-et-de-vaccination-des-enfants-de-6-a-23-mois\\\/\",\"name\":\"Guin\u00e9e\\\/ Sant\u00e9 \u00a0: Deuxi\u00e8me phase de la Campagne Nationale pour la vitame A et de vaccination des enfants de 6 \u00e0 23 mois - Presseinvestigation\",\"isPartOf\":{\"@id\":\"https:\\\/\\\/www.presseinvestigation.com\\\/#website\"},\"primaryImageOfPage\":{\"@id\":\"https:\\\/\\\/www.presseinvestigation.com\\\/index.php\\\/2025\\\/11\\\/19\\\/guinee-sante-deuxieme-phase-de-la-campagne-nationale-pour-la-vitame-a-et-de-vaccination-des-enfants-de-6-a-23-mois\\\/#primaryimage\"},\"image\":{\"@id\":\"https:\\\/\\\/www.presseinvestigation.com\\\/index.php\\\/2025\\\/11\\\/19\\\/guinee-sante-deuxieme-phase-de-la-campagne-nationale-pour-la-vitame-a-et-de-vaccination-des-enfants-de-6-a-23-mois\\\/#primaryimage\"},\"thumbnailUrl\":\"https:\\\/\\\/www.presseinvestigation.com\\\/wp-content\\\/uploads\\\/2025\\\/11\\\/guest-1763548431-b569-Screenshot_20251119_092445_Photos.jpg\",\"datePublished\":\"2025-11-19T10:34:17+00:00\",\"dateModified\":\"2025-11-19T11:00:35+00:00\",\"author\":{\"@id\":\"https:\\\/\\\/www.presseinvestigation.com\\\/#\\\/schema\\\/person\\\/9eeee3740b98a364b2d60ad43edf321d\"},\"breadcrumb\":{\"@id\":\"https:\\\/\\\/www.presseinvestigation.com\\\/index.php\\\/2025\\\/11\\\/19\\\/guinee-sante-deuxieme-phase-de-la-campagne-nationale-pour-la-vitame-a-et-de-vaccination-des-enfants-de-6-a-23-mois\\\/#breadcrumb\"},\"inLanguage\":\"fr-FR\",\"potentialAction\":[{\"@type\":\"ReadAction\",\"target\":[\"https:\\\/\\\/www.presseinvestigation.com\\\/index.php\\\/2025\\\/11\\\/19\\\/guinee-sante-deuxieme-phase-de-la-campagne-nationale-pour-la-vitame-a-et-de-vaccination-des-enfants-de-6-a-23-mois\\\/\"]}]},{\"@type\":\"ImageObject\",\"inLanguage\":\"fr-FR\",\"@id\":\"https:\\\/\\\/www.presseinvestigation.com\\\/index.php\\\/2025\\\/11\\\/19\\\/guinee-sante-deuxieme-phase-de-la-campagne-nationale-pour-la-vitame-a-et-de-vaccination-des-enfants-de-6-a-23-mois\\\/#primaryimage\",\"url\":\"https:\\\/\\\/www.presseinvestigation.com\\\/wp-content\\\/uploads\\\/2025\\\/11\\\/guest-1763548431-b569-Screenshot_20251119_092445_Photos.jpg\",\"contentUrl\":\"https:\\\/\\\/www.presseinvestigation.com\\\/wp-content\\\/uploads\\\/2025\\\/11\\\/guest-1763548431-b569-Screenshot_20251119_092445_Photos.jpg\",\"width\":1080,\"height\":594},{\"@type\":\"BreadcrumbList\",\"@id\":\"https:\\\/\\\/www.presseinvestigation.com\\\/index.php\\\/2025\\\/11\\\/19\\\/guinee-sante-deuxieme-phase-de-la-campagne-nationale-pour-la-vitame-a-et-de-vaccination-des-enfants-de-6-a-23-mois\\\/#breadcrumb\",\"itemListElement\":[{\"@type\":\"ListItem\",\"position\":1,\"name\":\"Accueil\",\"item\":\"https:\\\/\\\/www.presseinvestigation.com\\\/\"},{\"@type\":\"ListItem\",\"position\":2,\"name\":\"Guin\u00e9e\\\/ Sant\u00e9 \u00a0: Deuxi\u00e8me phase de la Campagne Nationale pour la vitame A et de vaccination des enfants de 6 \u00e0 23 mois\"}]},{\"@type\":\"WebSite\",\"@id\":\"https:\\\/\\\/www.presseinvestigation.com\\\/#website\",\"url\":\"https:\\\/\\\/www.presseinvestigation.com\\\/\",\"name\":\"Presseinvestigation\",\"description\":\"Informer dans l&#039;impartialit\u00e9\",\"potentialAction\":[{\"@type\":\"SearchAction\",\"target\":{\"@type\":\"EntryPoint\",\"urlTemplate\":\"https:\\\/\\\/www.presseinvestigation.com\\\/?s={search_term_string}\"},\"query-input\":{\"@type\":\"PropertyValueSpecification\",\"valueRequired\":true,\"valueName\":\"search_term_string\"}}],\"inLanguage\":\"fr-FR\"},{\"@type\":\"Person\",\"@id\":\"https:\\\/\\\/www.presseinvestigation.com\\\/#\\\/schema\\\/person\\\/9eeee3740b98a364b2d60ad43edf321d\",\"name\":\"Presseinvestigation.com\",\"image\":{\"@type\":\"ImageObject\",\"inLanguage\":\"fr-FR\",\"@id\":\"https:\\\/\\\/www.presseinvestigation.com\\\/wp-content\\\/uploads\\\/2025\\\/12\\\/cropped-Logo_investigation-02-1-96x96.png\",\"url\":\"https:\\\/\\\/www.presseinvestigation.com\\\/wp-content\\\/uploads\\\/2025\\\/12\\\/cropped-Logo_investigation-02-1-96x96.png\",\"contentUrl\":\"https:\\\/\\\/www.presseinvestigation.com\\\/wp-content\\\/uploads\\\/2025\\\/12\\\/cropped-Logo_investigation-02-1-96x96.png\",\"caption\":\"Presseinvestigation.com\"},\"sameAs\":[\"https:\\\/\\\/wordpress.com\"],\"url\":\"https:\\\/\\\/www.presseinvestigation.com\\\/index.php\\\/author\\\/blog_table\\\/\"}]}<\/script>\n<!-- \/ Yoast SEO plugin. -->","yoast_head_json":{"title":"Guin\u00e9e\/ Sant\u00e9 \u00a0: Deuxi\u00e8me phase de la Campagne Nationale pour la vitame A et de vaccination des enfants de 6 \u00e0 23 mois - Presseinvestigation","robots":{"index":"index","follow":"follow","max-snippet":"max-snippet:-1","max-image-preview":"max-image-preview:large","max-video-preview":"max-video-preview:-1"},"canonical":"https:\/\/www.presseinvestigation.com\/index.php\/2025\/11\/19\/guinee-sante-deuxieme-phase-de-la-campagne-nationale-pour-la-vitame-a-et-de-vaccination-des-enfants-de-6-a-23-mois\/","og_locale":"fr_FR","og_type":"article","og_title":"Guin\u00e9e\/ Sant\u00e9 \u00a0: Deuxi\u00e8me phase de la Campagne Nationale pour la vitame A et de vaccination des enfants de 6 \u00e0 23 mois - Presseinvestigation","og_description":"Cette deuxi\u00e8me \u00e9tape est lanc\u00e9e le vendredi 15 novembre au Centre de sant\u00e9 amelior\u00e9, Madame Laurianne DOUMBOUYA\u00a0 sis au quartier kobayah \u00e0 Conakry et elle se poursuit jusqu\u2019au 19 novembre 2025. Il est pr\u00e9vu de couvrir 4 millions 500 mille enfants en vitamine A et en vaccination. Aussi, l\u2019op\u00e9ration est coupl\u00e9e de l\u2019enregistrement des naissances [&hellip;]","og_url":"https:\/\/www.presseinvestigation.com\/index.php\/2025\/11\/19\/guinee-sante-deuxieme-phase-de-la-campagne-nationale-pour-la-vitame-a-et-de-vaccination-des-enfants-de-6-a-23-mois\/","og_site_name":"Presseinvestigation","article_published_time":"2025-11-19T10:34:17+00:00","article_modified_time":"2025-11-19T11:00:35+00:00","og_image":[{"width":1080,"height":594,"url":"https:\/\/www.presseinvestigation.com\/wp-content\/uploads\/2025\/11\/guest-1763548431-b569-Screenshot_20251119_092445_Photos.jpg","type":"image\/jpeg"}],"author":"Presseinvestigation.com","twitter_card":"summary_large_image","twitter_misc":{"\u00c9crit par":"Presseinvestigation.com","Dur\u00e9e de lecture estim\u00e9e":"7 minutes"},"schema":{"@context":"https:\/\/schema.org","@graph":[{"@type":"Article","@id":"https:\/\/www.presseinvestigation.com\/index.php\/2025\/11\/19\/guinee-sante-deuxieme-phase-de-la-campagne-nationale-pour-la-vitame-a-et-de-vaccination-des-enfants-de-6-a-23-mois\/#article","isPartOf":{"@id":"https:\/\/www.presseinvestigation.com\/index.php\/2025\/11\/19\/guinee-sante-deuxieme-phase-de-la-campagne-nationale-pour-la-vitame-a-et-de-vaccination-des-enfants-de-6-a-23-mois\/"},"author":{"name":"Presseinvestigation.com","@id":"https:\/\/www.presseinvestigation.com\/#\/schema\/person\/9eeee3740b98a364b2d60ad43edf321d"},"headline":"Guin\u00e9e\/ Sant\u00e9 \u00a0: Deuxi\u00e8me phase de la Campagne Nationale pour la vitame A et de vaccination des enfants de 6 \u00e0 23 mois","datePublished":"2025-11-19T10:34:17+00:00","dateModified":"2025-11-19T11:00:35+00:00","mainEntityOfPage":{"@id":"https:\/\/www.presseinvestigation.com\/index.php\/2025\/11\/19\/guinee-sante-deuxieme-phase-de-la-campagne-nationale-pour-la-vitame-a-et-de-vaccination-des-enfants-de-6-a-23-mois\/"},"wordCount":986,"commentCount":0,"image":{"@id":"https:\/\/www.presseinvestigation.com\/index.php\/2025\/11\/19\/guinee-sante-deuxieme-phase-de-la-campagne-nationale-pour-la-vitame-a-et-de-vaccination-des-enfants-de-6-a-23-mois\/#primaryimage"},"thumbnailUrl":"https:\/\/www.presseinvestigation.com\/wp-content\/uploads\/2025\/11\/guest-1763548431-b569-Screenshot_20251119_092445_Photos.jpg","articleSection":["P\u00f4le Actualit\u00e9-Sant\u00e9"],"inLanguage":"fr-FR","potentialAction":[{"@type":"CommentAction","name":"Comment","target":["https:\/\/www.presseinvestigation.com\/index.php\/2025\/11\/19\/guinee-sante-deuxieme-phase-de-la-campagne-nationale-pour-la-vitame-a-et-de-vaccination-des-enfants-de-6-a-23-mois\/#respond"]}]},{"@type":"WebPage","@id":"https:\/\/www.presseinvestigation.com\/index.php\/2025\/11\/19\/guinee-sante-deuxieme-phase-de-la-campagne-nationale-pour-la-vitame-a-et-de-vaccination-des-enfants-de-6-a-23-mois\/","url":"https:\/\/www.presseinvestigation.com\/index.php\/2025\/11\/19\/guinee-sante-deuxieme-phase-de-la-campagne-nationale-pour-la-vitame-a-et-de-vaccination-des-enfants-de-6-a-23-mois\/","name":"Guin\u00e9e\/ Sant\u00e9 \u00a0: Deuxi\u00e8me phase de la Campagne Nationale pour la vitame A et de vaccination des enfants de 6 \u00e0 23 mois - Presseinvestigation","isPartOf":{"@id":"https:\/\/www.presseinvestigation.com\/#website"},"primaryImageOfPage":{"@id":"https:\/\/www.presseinvestigation.com\/index.php\/2025\/11\/19\/guinee-sante-deuxieme-phase-de-la-campagne-nationale-pour-la-vitame-a-et-de-vaccination-des-enfants-de-6-a-23-mois\/#primaryimage"},"image":{"@id":"https:\/\/www.presseinvestigation.com\/index.php\/2025\/11\/19\/guinee-sante-deuxieme-phase-de-la-campagne-nationale-pour-la-vitame-a-et-de-vaccination-des-enfants-de-6-a-23-mois\/#primaryimage"},"thumbnailUrl":"https:\/\/www.presseinvestigation.com\/wp-content\/uploads\/2025\/11\/guest-1763548431-b569-Screenshot_20251119_092445_Photos.jpg","datePublished":"2025-11-19T10:34:17+00:00","dateModified":"2025-11-19T11:00:35+00:00","author":{"@id":"https:\/\/www.presseinvestigation.com\/#\/schema\/person\/9eeee3740b98a364b2d60ad43edf321d"},"breadcrumb":{"@id":"https:\/\/www.presseinvestigation.com\/index.php\/2025\/11\/19\/guinee-sante-deuxieme-phase-de-la-campagne-nationale-pour-la-vitame-a-et-de-vaccination-des-enfants-de-6-a-23-mois\/#breadcrumb"},"inLanguage":"fr-FR","potentialAction":[{"@type":"ReadAction","target":["https:\/\/www.presseinvestigation.com\/index.php\/2025\/11\/19\/guinee-sante-deuxieme-phase-de-la-campagne-nationale-pour-la-vitame-a-et-de-vaccination-des-enfants-de-6-a-23-mois\/"]}]},{"@type":"ImageObject","inLanguage":"fr-FR","@id":"https:\/\/www.presseinvestigation.com\/index.php\/2025\/11\/19\/guinee-sante-deuxieme-phase-de-la-campagne-nationale-pour-la-vitame-a-et-de-vaccination-des-enfants-de-6-a-23-mois\/#primaryimage","url":"https:\/\/www.presseinvestigation.com\/wp-content\/uploads\/2025\/11\/guest-1763548431-b569-Screenshot_20251119_092445_Photos.jpg","contentUrl":"https:\/\/www.presseinvestigation.com\/wp-content\/uploads\/2025\/11\/guest-1763548431-b569-Screenshot_20251119_092445_Photos.jpg","width":1080,"height":594},{"@type":"BreadcrumbList","@id":"https:\/\/www.presseinvestigation.com\/index.php\/2025\/11\/19\/guinee-sante-deuxieme-phase-de-la-campagne-nationale-pour-la-vitame-a-et-de-vaccination-des-enfants-de-6-a-23-mois\/#breadcrumb","itemListElement":[{"@type":"ListItem","position":1,"name":"Accueil","item":"https:\/\/www.presseinvestigation.com\/"},{"@type":"ListItem","position":2,"name":"Guin\u00e9e\/ Sant\u00e9 \u00a0: Deuxi\u00e8me phase de la Campagne Nationale pour la vitame A et de vaccination des enfants de 6 \u00e0 23 mois"}]},{"@type":"WebSite","@id":"https:\/\/www.presseinvestigation.com\/#website","url":"https:\/\/www.presseinvestigation.com\/","name":"Presseinvestigation","description":"Informer dans l&#039;impartialit\u00e9","potentialAction":[{"@type":"SearchAction","target":{"@type":"EntryPoint","urlTemplate":"https:\/\/www.presseinvestigation.com\/?s={search_term_string}"},"query-input":{"@type":"PropertyValueSpecification","valueRequired":true,"valueName":"search_term_string"}}],"inLanguage":"fr-FR"},{"@type":"Person","@id":"https:\/\/www.presseinvestigation.com\/#\/schema\/person\/9eeee3740b98a364b2d60ad43edf321d","name":"Presseinvestigation.com","image":{"@type":"ImageObject","inLanguage":"fr-FR","@id":"https:\/\/www.presseinvestigation.com\/wp-content\/uploads\/2025\/12\/cropped-Logo_investigation-02-1-96x96.png","url":"https:\/\/www.presseinvestigation.com\/wp-content\/uploads\/2025\/12\/cropped-Logo_investigation-02-1-96x96.png","contentUrl":"https:\/\/www.presseinvestigation.com\/wp-content\/uploads\/2025\/12\/cropped-Logo_investigation-02-1-96x96.png","caption":"Presseinvestigation.com"},"sameAs":["https:\/\/wordpress.com"],"url":"https:\/\/www.presseinvestigation.com\/index.php\/author\/blog_table\/"}]}},"_links":{"self":[{"href":"https:\/\/www.presseinvestigation.com\/index.php\/wp-json\/wp\/v2\/posts\/9669","targetHints":{"allow":["GET"]}}],"collection":[{"href":"https:\/\/www.presseinvestigation.com\/index.php\/wp-json\/wp\/v2\/posts"}],"about":[{"href":"https:\/\/www.presseinvestigation.com\/index.php\/wp-json\/wp\/v2\/types\/post"}],"author":[{"embeddable":true,"href":"https:\/\/www.presseinvestigation.com\/index.php\/wp-json\/wp\/v2\/users\/3"}],"replies":[{"embeddable":true,"href":"https:\/\/www.presseinvestigation.com\/index.php\/wp-json\/wp\/v2\/comments?post=9669"}],"version-history":[{"count":4,"href":"https:\/\/www.presseinvestigation.com\/index.php\/wp-json\/wp\/v2\/posts\/9669\/revisions"}],"predecessor-version":[{"id":9675,"href":"https:\/\/www.presseinvestigation.com\/index.php\/wp-json\/wp\/v2\/posts\/9669\/revisions\/9675"}],"wp:featuredmedia":[{"embeddable":true,"href":"https:\/\/www.presseinvestigation.com\/index.php\/wp-json\/wp\/v2\/media\/9668"}],"wp:attachment":[{"href":"https:\/\/www.presseinvestigation.com\/index.php\/wp-json\/wp\/v2\/media?parent=9669"}],"wp:term":[{"taxonomy":"category","embeddable":true,"href":"https:\/\/www.presseinvestigation.com\/index.php\/wp-json\/wp\/v2\/categories?post=9669"},{"taxonomy":"post_tag","embeddable":true,"href":"https:\/\/www.presseinvestigation.com\/index.php\/wp-json\/wp\/v2\/tags?post=9669"}],"curies":[{"name":"wp","href":"https:\/\/api.w.org\/{rel}","templated":true}]}}