{"id":968,"date":"2023-12-27T23:52:48","date_gmt":"2023-12-27T22:52:48","guid":{"rendered":"https:\/\/www.presseinvestigation.com\/?p=968"},"modified":"2023-12-28T11:27:15","modified_gmt":"2023-12-28T10:27:15","slug":"incendie-au-depot-petrolier-de-kaloum-loprogem-a-suivi-la-pris-en-charge-de-38-enfants-des-sinistres","status":"publish","type":"post","link":"https:\/\/www.presseinvestigation.com\/index.php\/2023\/12\/27\/incendie-au-depot-petrolier-de-kaloum-loprogem-a-suivi-la-pris-en-charge-de-38-enfants-des-sinistres\/","title":{"rendered":"Incendie au d\u00e9p\u00f4t p\u00e9trolier de kaloum : L&#8217;OPROGEM a suivi la pris en charge de 38 enfants des sinistr\u00e9s"},"content":{"rendered":"\n<p>L&#8217;incendie  au d\u00e9p\u00f4t central des hydrocarbures \u00e0 kaloum dans la nuit du dimanche \u00e0 lundi 18 d\u00e9cembre 2023 avait aussi boulvers\u00e9 le centre ville de la capitale sur le plan social.Parce que cet \u00e9v\u00e9nement douloureux est survenu tard la nuit, touchant plusieurs famille.<\/p>\n\n\n\n<figure class=\"wp-block-image size-large\"><img fetchpriority=\"high\" decoding=\"async\" width=\"923\" height=\"1024\" src=\"https:\/\/www.presseinvestigation.com\/wp-content\/uploads\/2023\/12\/FB_IMG_1703121479197-923x1024.jpg\" alt=\"\" class=\"wp-image-966\" srcset=\"https:\/\/www.presseinvestigation.com\/wp-content\/uploads\/2023\/12\/FB_IMG_1703121479197-923x1024.jpg 923w, https:\/\/www.presseinvestigation.com\/wp-content\/uploads\/2023\/12\/FB_IMG_1703121479197-270x300.jpg 270w, https:\/\/www.presseinvestigation.com\/wp-content\/uploads\/2023\/12\/FB_IMG_1703121479197-768x852.jpg 768w, https:\/\/www.presseinvestigation.com\/wp-content\/uploads\/2023\/12\/FB_IMG_1703121479197-600x666.jpg 600w, https:\/\/www.presseinvestigation.com\/wp-content\/uploads\/2023\/12\/FB_IMG_1703121479197-750x832.jpg 750w, https:\/\/www.presseinvestigation.com\/wp-content\/uploads\/2023\/12\/FB_IMG_1703121479197.jpg 1080w\" sizes=\"(max-width: 923px) 100vw, 923px\" \/><\/figure>\n\n\n\n<p>L&#8217;incident s&#8217;est produit dans les environs de 00 heure au moment o\u00f9 beaucoup de citoyens dormaient d\u00e9j\u00e0. C&#8217;est la forte d\u00e9tonation li\u00e9e \u00e0 ce drame que les gens se sont reveill\u00e9s en sursaut et dans une panique totale en prenant la destination de sortie de kaloum. <\/p>\n\n\n\n<p>L&#8217;\u00c9tat a aussit\u00f4t install\u00e9 un centre d&#8217;accueil des victimes,dans l&#8217;anceinte de la mosqu\u00e9 fay\u00e7al, avant de le d\u00e9localiser par la suite au stade du 28 septembre. Et un comit\u00e9 de crise g\u00e9r\u00e9 par le Minist\u00e8re  de la s\u00e9curit\u00e9 et de la protection civile a \u00e9t\u00e9 mis en pace \u00e0 cet effet. <\/p>\n\n\n\n<p>Jouant sa partition dans la gestion de cette crise,la Commisaire Marie GOMEZ,Directrice G\u00e9n\u00e9rale de l&#8217;Office de Protection du Genre,d&#8217;Enfants et des Moeurs(OPROGEM) et son \u00e9quipe ont enregistr\u00e9 38 Enfants dont 20 filles des familles sinistr\u00e9es.<\/p>\n\n\n\n<figure class=\"wp-block-image size-large\"><img decoding=\"async\" width=\"259\" height=\"194\" src=\"https:\/\/www.presseinvestigation.com\/wp-content\/uploads\/2023\/12\/images-13.jpg\" alt=\"\" class=\"wp-image-967\"\/><\/figure>\n\n\n\n<p>L&#8217;OPROGEM a  suivi de tr\u00e8s pr\u00e8s la prise en charge de tous ces enfants dont la plupart a \u00e9t\u00e9 mis \u00e0 la disposition de leurs parents aujourd&#8217;hui.<\/p>\n\n\n\n<p> Seulement 5 enfants de m\u00eame  m\u00e8re \u00e9taient rest\u00e9s sous couvert du Centre d&#8217;Autonomisation des Femmes (CAF) sis \u00e0 cameroun \u00e0 proximit\u00e9 de Donka. Leur Maman biologique se trouvait parmi les sinistr\u00e9s hospitalis\u00e9s \u00e0 Donka.En attendant qu&#8217;elle ne recouvre sa sant\u00e9 , l&#8217;OPROGEM en commun accord avec le Minist\u00e8re des actions sociales et l&#8217;UNICEF avaient confi\u00e9 provisoirement ces enfants  \u00e0 une famille d&#8217;accueil \u00e0 Conakry. <\/p>\n\n\n\n<p>Mais aux derni\u00e8res nouvelles,une source officielle de L&#8217;OPROGEM nous a contact\u00e9 pour nous faire savoir que finalement la m\u00e8re des 5 enfants en question,est sortie de l&#8217;h\u00f4pital.Et ses prog\u00e9nitures ont \u00e9t\u00e9 mises \u00e0 sa disposition.<\/p>\n\n\n\n<p><strong>Toumany CAMARA pour le p\u00f4le Actualit\u00e9 de presseinvestigation.com <\/strong><\/p>\n\n\n\n<p><strong>T\u00e9l: +224 623 63 33 54<\/strong><\/p>\n","protected":false},"excerpt":{"rendered":"<p>L&#8217;incendie au d\u00e9p\u00f4t central des hydrocarbures \u00e0 kaloum dans la nuit du dimanche \u00e0 lundi 18 d\u00e9cembre 2023 avait aussi boulvers\u00e9 le centre ville de la capitale sur le plan social.Parce que cet \u00e9v\u00e9nement douloureux est survenu tard la nuit, touchant plusieurs famille. L&#8217;incident s&#8217;est produit dans les environs de 00 heure au moment o\u00f9 [&hellip;]<\/p>\n","protected":false},"author":2,"featured_media":741,"comment_status":"open","ping_status":"open","sticky":false,"template":"","format":"standard","meta":{"jnews-multi-image_gallery":[],"jnews_single_post":[],"jnews_primary_category":[],"footnotes":""},"categories":[64],"tags":[],"class_list":["post-968","post","type-post","status-publish","format-standard","has-post-thumbnail","hentry","category-societe"],"yoast_head":"<!-- This site is optimized with the Yoast SEO plugin v27.3 - https:\/\/yoast.com\/product\/yoast-seo-wordpress\/ -->\n<title>Incendie au d\u00e9p\u00f4t p\u00e9trolier de kaloum : L&#039;OPROGEM a suivi la pris en charge de 38 enfants des sinistr\u00e9s - Presseinvestigation<\/title>\n<meta name=\"robots\" content=\"index, follow, max-snippet:-1, max-image-preview:large, max-video-preview:-1\" \/>\n<link rel=\"canonical\" href=\"https:\/\/www.presseinvestigation.com\/index.php\/2023\/12\/27\/incendie-au-depot-petrolier-de-kaloum-loprogem-a-suivi-la-pris-en-charge-de-38-enfants-des-sinistres\/\" \/>\n<meta property=\"og:locale\" content=\"fr_FR\" \/>\n<meta property=\"og:type\" content=\"article\" \/>\n<meta property=\"og:title\" content=\"Incendie au d\u00e9p\u00f4t p\u00e9trolier de kaloum : L&#039;OPROGEM a suivi la pris en charge de 38 enfants des sinistr\u00e9s - Presseinvestigation\" \/>\n<meta property=\"og:description\" content=\"L&#8217;incendie au d\u00e9p\u00f4t central des hydrocarbures \u00e0 kaloum dans la nuit du dimanche \u00e0 lundi 18 d\u00e9cembre 2023 avait aussi boulvers\u00e9 le centre ville de la capitale sur le plan social.Parce que cet \u00e9v\u00e9nement douloureux est survenu tard la nuit, touchant plusieurs famille. L&#8217;incident s&#8217;est produit dans les environs de 00 heure au moment o\u00f9 [&hellip;]\" \/>\n<meta property=\"og:url\" content=\"https:\/\/www.presseinvestigation.com\/index.php\/2023\/12\/27\/incendie-au-depot-petrolier-de-kaloum-loprogem-a-suivi-la-pris-en-charge-de-38-enfants-des-sinistres\/\" \/>\n<meta property=\"og:site_name\" content=\"Presseinvestigation\" \/>\n<meta property=\"article:published_time\" content=\"2023-12-27T22:52:48+00:00\" \/>\n<meta property=\"article:modified_time\" content=\"2023-12-28T10:27:15+00:00\" \/>\n<meta property=\"og:image\" content=\"https:\/\/www.presseinvestigation.com\/wp-content\/uploads\/2023\/11\/images-24.jpg\" \/>\n\t<meta property=\"og:image:width\" content=\"252\" \/>\n\t<meta property=\"og:image:height\" content=\"200\" \/>\n\t<meta property=\"og:image:type\" content=\"image\/jpeg\" \/>\n<meta name=\"author\" content=\"Presseinvestigation.com\" \/>\n<meta name=\"twitter:card\" content=\"summary_large_image\" \/>\n<meta name=\"twitter:label1\" content=\"\u00c9crit par\" \/>\n\t<meta name=\"twitter:data1\" content=\"Presseinvestigation.com\" \/>\n\t<meta name=\"twitter:label2\" content=\"Dur\u00e9e de lecture estim\u00e9e\" \/>\n\t<meta name=\"twitter:data2\" content=\"2 minutes\" \/>\n<script type=\"application\/ld+json\" class=\"yoast-schema-graph\">{\"@context\":\"https:\\\/\\\/schema.org\",\"@graph\":[{\"@type\":\"Article\",\"@id\":\"https:\\\/\\\/www.presseinvestigation.com\\\/index.php\\\/2023\\\/12\\\/27\\\/incendie-au-depot-petrolier-de-kaloum-loprogem-a-suivi-la-pris-en-charge-de-38-enfants-des-sinistres\\\/#article\",\"isPartOf\":{\"@id\":\"https:\\\/\\\/www.presseinvestigation.com\\\/index.php\\\/2023\\\/12\\\/27\\\/incendie-au-depot-petrolier-de-kaloum-loprogem-a-suivi-la-pris-en-charge-de-38-enfants-des-sinistres\\\/\"},\"author\":{\"name\":\"Presseinvestigation.com\",\"@id\":\"https:\\\/\\\/www.presseinvestigation.com\\\/#\\\/schema\\\/person\\\/32d023733a4a9d7c3bd6883619b8f116\"},\"headline\":\"Incendie au d\u00e9p\u00f4t p\u00e9trolier de kaloum : L&#8217;OPROGEM a suivi la pris en charge de 38 enfants des sinistr\u00e9s\",\"datePublished\":\"2023-12-27T22:52:48+00:00\",\"dateModified\":\"2023-12-28T10:27:15+00:00\",\"mainEntityOfPage\":{\"@id\":\"https:\\\/\\\/www.presseinvestigation.com\\\/index.php\\\/2023\\\/12\\\/27\\\/incendie-au-depot-petrolier-de-kaloum-loprogem-a-suivi-la-pris-en-charge-de-38-enfants-des-sinistres\\\/\"},\"wordCount\":372,\"commentCount\":0,\"image\":{\"@id\":\"https:\\\/\\\/www.presseinvestigation.com\\\/index.php\\\/2023\\\/12\\\/27\\\/incendie-au-depot-petrolier-de-kaloum-loprogem-a-suivi-la-pris-en-charge-de-38-enfants-des-sinistres\\\/#primaryimage\"},\"thumbnailUrl\":\"https:\\\/\\\/www.presseinvestigation.com\\\/wp-content\\\/uploads\\\/2023\\\/11\\\/images-24.jpg\",\"articleSection\":[\"Soci\u00e9t\u00e9\"],\"inLanguage\":\"fr-FR\",\"potentialAction\":[{\"@type\":\"CommentAction\",\"name\":\"Comment\",\"target\":[\"https:\\\/\\\/www.presseinvestigation.com\\\/index.php\\\/2023\\\/12\\\/27\\\/incendie-au-depot-petrolier-de-kaloum-loprogem-a-suivi-la-pris-en-charge-de-38-enfants-des-sinistres\\\/#respond\"]}]},{\"@type\":\"WebPage\",\"@id\":\"https:\\\/\\\/www.presseinvestigation.com\\\/index.php\\\/2023\\\/12\\\/27\\\/incendie-au-depot-petrolier-de-kaloum-loprogem-a-suivi-la-pris-en-charge-de-38-enfants-des-sinistres\\\/\",\"url\":\"https:\\\/\\\/www.presseinvestigation.com\\\/index.php\\\/2023\\\/12\\\/27\\\/incendie-au-depot-petrolier-de-kaloum-loprogem-a-suivi-la-pris-en-charge-de-38-enfants-des-sinistres\\\/\",\"name\":\"Incendie au d\u00e9p\u00f4t p\u00e9trolier de kaloum : L'OPROGEM a suivi la pris en charge de 38 enfants des sinistr\u00e9s - Presseinvestigation\",\"isPartOf\":{\"@id\":\"https:\\\/\\\/www.presseinvestigation.com\\\/#website\"},\"primaryImageOfPage\":{\"@id\":\"https:\\\/\\\/www.presseinvestigation.com\\\/index.php\\\/2023\\\/12\\\/27\\\/incendie-au-depot-petrolier-de-kaloum-loprogem-a-suivi-la-pris-en-charge-de-38-enfants-des-sinistres\\\/#primaryimage\"},\"image\":{\"@id\":\"https:\\\/\\\/www.presseinvestigation.com\\\/index.php\\\/2023\\\/12\\\/27\\\/incendie-au-depot-petrolier-de-kaloum-loprogem-a-suivi-la-pris-en-charge-de-38-enfants-des-sinistres\\\/#primaryimage\"},\"thumbnailUrl\":\"https:\\\/\\\/www.presseinvestigation.com\\\/wp-content\\\/uploads\\\/2023\\\/11\\\/images-24.jpg\",\"datePublished\":\"2023-12-27T22:52:48+00:00\",\"dateModified\":\"2023-12-28T10:27:15+00:00\",\"author\":{\"@id\":\"https:\\\/\\\/www.presseinvestigation.com\\\/#\\\/schema\\\/person\\\/32d023733a4a9d7c3bd6883619b8f116\"},\"breadcrumb\":{\"@id\":\"https:\\\/\\\/www.presseinvestigation.com\\\/index.php\\\/2023\\\/12\\\/27\\\/incendie-au-depot-petrolier-de-kaloum-loprogem-a-suivi-la-pris-en-charge-de-38-enfants-des-sinistres\\\/#breadcrumb\"},\"inLanguage\":\"fr-FR\",\"potentialAction\":[{\"@type\":\"ReadAction\",\"target\":[\"https:\\\/\\\/www.presseinvestigation.com\\\/index.php\\\/2023\\\/12\\\/27\\\/incendie-au-depot-petrolier-de-kaloum-loprogem-a-suivi-la-pris-en-charge-de-38-enfants-des-sinistres\\\/\"]}]},{\"@type\":\"ImageObject\",\"inLanguage\":\"fr-FR\",\"@id\":\"https:\\\/\\\/www.presseinvestigation.com\\\/index.php\\\/2023\\\/12\\\/27\\\/incendie-au-depot-petrolier-de-kaloum-loprogem-a-suivi-la-pris-en-charge-de-38-enfants-des-sinistres\\\/#primaryimage\",\"url\":\"https:\\\/\\\/www.presseinvestigation.com\\\/wp-content\\\/uploads\\\/2023\\\/11\\\/images-24.jpg\",\"contentUrl\":\"https:\\\/\\\/www.presseinvestigation.com\\\/wp-content\\\/uploads\\\/2023\\\/11\\\/images-24.jpg\",\"width\":252,\"height\":200},{\"@type\":\"BreadcrumbList\",\"@id\":\"https:\\\/\\\/www.presseinvestigation.com\\\/index.php\\\/2023\\\/12\\\/27\\\/incendie-au-depot-petrolier-de-kaloum-loprogem-a-suivi-la-pris-en-charge-de-38-enfants-des-sinistres\\\/#breadcrumb\",\"itemListElement\":[{\"@type\":\"ListItem\",\"position\":1,\"name\":\"Accueil\",\"item\":\"https:\\\/\\\/www.presseinvestigation.com\\\/\"},{\"@type\":\"ListItem\",\"position\":2,\"name\":\"Incendie au d\u00e9p\u00f4t p\u00e9trolier de kaloum : L&rsquo;OPROGEM a suivi la pris en charge de 38 enfants des sinistr\u00e9s\"}]},{\"@type\":\"WebSite\",\"@id\":\"https:\\\/\\\/www.presseinvestigation.com\\\/#website\",\"url\":\"https:\\\/\\\/www.presseinvestigation.com\\\/\",\"name\":\"Presseinvestigation\",\"description\":\"Informer dans l&#039;impartialit\u00e9\",\"potentialAction\":[{\"@type\":\"SearchAction\",\"target\":{\"@type\":\"EntryPoint\",\"urlTemplate\":\"https:\\\/\\\/www.presseinvestigation.com\\\/?s={search_term_string}\"},\"query-input\":{\"@type\":\"PropertyValueSpecification\",\"valueRequired\":true,\"valueName\":\"search_term_string\"}}],\"inLanguage\":\"fr-FR\"},{\"@type\":\"Person\",\"@id\":\"https:\\\/\\\/www.presseinvestigation.com\\\/#\\\/schema\\\/person\\\/32d023733a4a9d7c3bd6883619b8f116\",\"name\":\"Presseinvestigation.com\",\"image\":{\"@type\":\"ImageObject\",\"inLanguage\":\"fr-FR\",\"@id\":\"https:\\\/\\\/secure.gravatar.com\\\/avatar\\\/26f9c9e95424b0bde739ba0af37ee39a9e4a9e809967422c5b8e8573a34fbbe0?s=96&d=mm&r=g\",\"url\":\"https:\\\/\\\/secure.gravatar.com\\\/avatar\\\/26f9c9e95424b0bde739ba0af37ee39a9e4a9e809967422c5b8e8573a34fbbe0?s=96&d=mm&r=g\",\"contentUrl\":\"https:\\\/\\\/secure.gravatar.com\\\/avatar\\\/26f9c9e95424b0bde739ba0af37ee39a9e4a9e809967422c5b8e8573a34fbbe0?s=96&d=mm&r=g\",\"caption\":\"Presseinvestigation.com\"},\"url\":\"https:\\\/\\\/www.presseinvestigation.com\\\/index.php\\\/author\\\/toumany\\\/\"}]}<\/script>\n<!-- \/ Yoast SEO plugin. -->","yoast_head_json":{"title":"Incendie au d\u00e9p\u00f4t p\u00e9trolier de kaloum : L'OPROGEM a suivi la pris en charge de 38 enfants des sinistr\u00e9s - Presseinvestigation","robots":{"index":"index","follow":"follow","max-snippet":"max-snippet:-1","max-image-preview":"max-image-preview:large","max-video-preview":"max-video-preview:-1"},"canonical":"https:\/\/www.presseinvestigation.com\/index.php\/2023\/12\/27\/incendie-au-depot-petrolier-de-kaloum-loprogem-a-suivi-la-pris-en-charge-de-38-enfants-des-sinistres\/","og_locale":"fr_FR","og_type":"article","og_title":"Incendie au d\u00e9p\u00f4t p\u00e9trolier de kaloum : L'OPROGEM a suivi la pris en charge de 38 enfants des sinistr\u00e9s - Presseinvestigation","og_description":"L&#8217;incendie au d\u00e9p\u00f4t central des hydrocarbures \u00e0 kaloum dans la nuit du dimanche \u00e0 lundi 18 d\u00e9cembre 2023 avait aussi boulvers\u00e9 le centre ville de la capitale sur le plan social.Parce que cet \u00e9v\u00e9nement douloureux est survenu tard la nuit, touchant plusieurs famille. L&#8217;incident s&#8217;est produit dans les environs de 00 heure au moment o\u00f9 [&hellip;]","og_url":"https:\/\/www.presseinvestigation.com\/index.php\/2023\/12\/27\/incendie-au-depot-petrolier-de-kaloum-loprogem-a-suivi-la-pris-en-charge-de-38-enfants-des-sinistres\/","og_site_name":"Presseinvestigation","article_published_time":"2023-12-27T22:52:48+00:00","article_modified_time":"2023-12-28T10:27:15+00:00","og_image":[{"width":252,"height":200,"url":"https:\/\/www.presseinvestigation.com\/wp-content\/uploads\/2023\/11\/images-24.jpg","type":"image\/jpeg"}],"author":"Presseinvestigation.com","twitter_card":"summary_large_image","twitter_misc":{"\u00c9crit par":"Presseinvestigation.com","Dur\u00e9e de lecture estim\u00e9e":"2 minutes"},"schema":{"@context":"https:\/\/schema.org","@graph":[{"@type":"Article","@id":"https:\/\/www.presseinvestigation.com\/index.php\/2023\/12\/27\/incendie-au-depot-petrolier-de-kaloum-loprogem-a-suivi-la-pris-en-charge-de-38-enfants-des-sinistres\/#article","isPartOf":{"@id":"https:\/\/www.presseinvestigation.com\/index.php\/2023\/12\/27\/incendie-au-depot-petrolier-de-kaloum-loprogem-a-suivi-la-pris-en-charge-de-38-enfants-des-sinistres\/"},"author":{"name":"Presseinvestigation.com","@id":"https:\/\/www.presseinvestigation.com\/#\/schema\/person\/32d023733a4a9d7c3bd6883619b8f116"},"headline":"Incendie au d\u00e9p\u00f4t p\u00e9trolier de kaloum : L&#8217;OPROGEM a suivi la pris en charge de 38 enfants des sinistr\u00e9s","datePublished":"2023-12-27T22:52:48+00:00","dateModified":"2023-12-28T10:27:15+00:00","mainEntityOfPage":{"@id":"https:\/\/www.presseinvestigation.com\/index.php\/2023\/12\/27\/incendie-au-depot-petrolier-de-kaloum-loprogem-a-suivi-la-pris-en-charge-de-38-enfants-des-sinistres\/"},"wordCount":372,"commentCount":0,"image":{"@id":"https:\/\/www.presseinvestigation.com\/index.php\/2023\/12\/27\/incendie-au-depot-petrolier-de-kaloum-loprogem-a-suivi-la-pris-en-charge-de-38-enfants-des-sinistres\/#primaryimage"},"thumbnailUrl":"https:\/\/www.presseinvestigation.com\/wp-content\/uploads\/2023\/11\/images-24.jpg","articleSection":["Soci\u00e9t\u00e9"],"inLanguage":"fr-FR","potentialAction":[{"@type":"CommentAction","name":"Comment","target":["https:\/\/www.presseinvestigation.com\/index.php\/2023\/12\/27\/incendie-au-depot-petrolier-de-kaloum-loprogem-a-suivi-la-pris-en-charge-de-38-enfants-des-sinistres\/#respond"]}]},{"@type":"WebPage","@id":"https:\/\/www.presseinvestigation.com\/index.php\/2023\/12\/27\/incendie-au-depot-petrolier-de-kaloum-loprogem-a-suivi-la-pris-en-charge-de-38-enfants-des-sinistres\/","url":"https:\/\/www.presseinvestigation.com\/index.php\/2023\/12\/27\/incendie-au-depot-petrolier-de-kaloum-loprogem-a-suivi-la-pris-en-charge-de-38-enfants-des-sinistres\/","name":"Incendie au d\u00e9p\u00f4t p\u00e9trolier de kaloum : L'OPROGEM a suivi la pris en charge de 38 enfants des sinistr\u00e9s - Presseinvestigation","isPartOf":{"@id":"https:\/\/www.presseinvestigation.com\/#website"},"primaryImageOfPage":{"@id":"https:\/\/www.presseinvestigation.com\/index.php\/2023\/12\/27\/incendie-au-depot-petrolier-de-kaloum-loprogem-a-suivi-la-pris-en-charge-de-38-enfants-des-sinistres\/#primaryimage"},"image":{"@id":"https:\/\/www.presseinvestigation.com\/index.php\/2023\/12\/27\/incendie-au-depot-petrolier-de-kaloum-loprogem-a-suivi-la-pris-en-charge-de-38-enfants-des-sinistres\/#primaryimage"},"thumbnailUrl":"https:\/\/www.presseinvestigation.com\/wp-content\/uploads\/2023\/11\/images-24.jpg","datePublished":"2023-12-27T22:52:48+00:00","dateModified":"2023-12-28T10:27:15+00:00","author":{"@id":"https:\/\/www.presseinvestigation.com\/#\/schema\/person\/32d023733a4a9d7c3bd6883619b8f116"},"breadcrumb":{"@id":"https:\/\/www.presseinvestigation.com\/index.php\/2023\/12\/27\/incendie-au-depot-petrolier-de-kaloum-loprogem-a-suivi-la-pris-en-charge-de-38-enfants-des-sinistres\/#breadcrumb"},"inLanguage":"fr-FR","potentialAction":[{"@type":"ReadAction","target":["https:\/\/www.presseinvestigation.com\/index.php\/2023\/12\/27\/incendie-au-depot-petrolier-de-kaloum-loprogem-a-suivi-la-pris-en-charge-de-38-enfants-des-sinistres\/"]}]},{"@type":"ImageObject","inLanguage":"fr-FR","@id":"https:\/\/www.presseinvestigation.com\/index.php\/2023\/12\/27\/incendie-au-depot-petrolier-de-kaloum-loprogem-a-suivi-la-pris-en-charge-de-38-enfants-des-sinistres\/#primaryimage","url":"https:\/\/www.presseinvestigation.com\/wp-content\/uploads\/2023\/11\/images-24.jpg","contentUrl":"https:\/\/www.presseinvestigation.com\/wp-content\/uploads\/2023\/11\/images-24.jpg","width":252,"height":200},{"@type":"BreadcrumbList","@id":"https:\/\/www.presseinvestigation.com\/index.php\/2023\/12\/27\/incendie-au-depot-petrolier-de-kaloum-loprogem-a-suivi-la-pris-en-charge-de-38-enfants-des-sinistres\/#breadcrumb","itemListElement":[{"@type":"ListItem","position":1,"name":"Accueil","item":"https:\/\/www.presseinvestigation.com\/"},{"@type":"ListItem","position":2,"name":"Incendie au d\u00e9p\u00f4t p\u00e9trolier de kaloum : L&rsquo;OPROGEM a suivi la pris en charge de 38 enfants des sinistr\u00e9s"}]},{"@type":"WebSite","@id":"https:\/\/www.presseinvestigation.com\/#website","url":"https:\/\/www.presseinvestigation.com\/","name":"Presseinvestigation","description":"Informer dans l&#039;impartialit\u00e9","potentialAction":[{"@type":"SearchAction","target":{"@type":"EntryPoint","urlTemplate":"https:\/\/www.presseinvestigation.com\/?s={search_term_string}"},"query-input":{"@type":"PropertyValueSpecification","valueRequired":true,"valueName":"search_term_string"}}],"inLanguage":"fr-FR"},{"@type":"Person","@id":"https:\/\/www.presseinvestigation.com\/#\/schema\/person\/32d023733a4a9d7c3bd6883619b8f116","name":"Presseinvestigation.com","image":{"@type":"ImageObject","inLanguage":"fr-FR","@id":"https:\/\/secure.gravatar.com\/avatar\/26f9c9e95424b0bde739ba0af37ee39a9e4a9e809967422c5b8e8573a34fbbe0?s=96&d=mm&r=g","url":"https:\/\/secure.gravatar.com\/avatar\/26f9c9e95424b0bde739ba0af37ee39a9e4a9e809967422c5b8e8573a34fbbe0?s=96&d=mm&r=g","contentUrl":"https:\/\/secure.gravatar.com\/avatar\/26f9c9e95424b0bde739ba0af37ee39a9e4a9e809967422c5b8e8573a34fbbe0?s=96&d=mm&r=g","caption":"Presseinvestigation.com"},"url":"https:\/\/www.presseinvestigation.com\/index.php\/author\/toumany\/"}]}},"_links":{"self":[{"href":"https:\/\/www.presseinvestigation.com\/index.php\/wp-json\/wp\/v2\/posts\/968","targetHints":{"allow":["GET"]}}],"collection":[{"href":"https:\/\/www.presseinvestigation.com\/index.php\/wp-json\/wp\/v2\/posts"}],"about":[{"href":"https:\/\/www.presseinvestigation.com\/index.php\/wp-json\/wp\/v2\/types\/post"}],"author":[{"embeddable":true,"href":"https:\/\/www.presseinvestigation.com\/index.php\/wp-json\/wp\/v2\/users\/2"}],"replies":[{"embeddable":true,"href":"https:\/\/www.presseinvestigation.com\/index.php\/wp-json\/wp\/v2\/comments?post=968"}],"version-history":[{"count":5,"href":"https:\/\/www.presseinvestigation.com\/index.php\/wp-json\/wp\/v2\/posts\/968\/revisions"}],"predecessor-version":[{"id":973,"href":"https:\/\/www.presseinvestigation.com\/index.php\/wp-json\/wp\/v2\/posts\/968\/revisions\/973"}],"wp:featuredmedia":[{"embeddable":true,"href":"https:\/\/www.presseinvestigation.com\/index.php\/wp-json\/wp\/v2\/media\/741"}],"wp:attachment":[{"href":"https:\/\/www.presseinvestigation.com\/index.php\/wp-json\/wp\/v2\/media?parent=968"}],"wp:term":[{"taxonomy":"category","embeddable":true,"href":"https:\/\/www.presseinvestigation.com\/index.php\/wp-json\/wp\/v2\/categories?post=968"},{"taxonomy":"post_tag","embeddable":true,"href":"https:\/\/www.presseinvestigation.com\/index.php\/wp-json\/wp\/v2\/tags?post=968"}],"curies":[{"name":"wp","href":"https:\/\/api.w.org\/{rel}","templated":true}]}}